{"id":107415,"date":"2013-12-21T13:49:50","date_gmt":"2013-12-21T12:49:50","guid":{"rendered":"http:\/\/vincentiens.org\/?p=107415"},"modified":"2013-12-21T13:49:50","modified_gmt":"2013-12-21T12:49:50","slug":"homelie-du-4eme-dimanche-de-lavent","status":"publish","type":"post","link":"http:\/\/vincentians.com\/fr\/homelie-du-4eme-dimanche-de-lavent\/","title":{"rendered":"Hom\u00e9lie du 4\u00e8me Dimanche de l&rsquo;Avent"},"content":{"rendered":"<h2><i>El Mel i Mat<\/i><i>\u00f3<\/i><\/h2>\n<p><a href=\"https:\/\/i0.wp.com\/vincentiens.org\/wp-content\/uploads\/2013\/12\/parole-dieu-parole-vie-2.jpg\"><img data-recalc-dims=\"1\" loading=\"lazy\" decoding=\"async\" class=\"alignright size-medium wp-image-107416\" alt=\"parole-dieu-parole-vie-2\" src=\"https:\/\/i0.wp.com\/vincentiens.org\/wp-content\/uploads\/2013\/12\/parole-dieu-parole-vie-2-300x225.jpg?resize=300%2C225\" width=\"300\" height=\"225\" \/><\/a>Nous sommes aux portes de No\u00ebl. Nous voil\u00e0 arriv\u00e9s au Quatri\u00e8me Dimanche de l\u2019Avent. D\u00e9j\u00e0 depuis quelques jours, la liturgie s\u2019est elle-m\u00eame transform\u00e9e au rythme des Pr\u00e9faces, des oraisons mais aussi des Antiennes en \u00ab\u00a0<i>\u00d4\u00a0<\/i>\u00bb dans la Pri\u00e8re du temps Pr\u00e9sent (Br\u00e9viaire). C\u2019est tout notre \u00eatre qui est tourn\u00e9 vers Bethl\u00e9em, toute notre esp\u00e9rance, notre d\u00e9sir de monter nous-aussi \u00e0 la Montagne du Seigneur (Ps 23) pour b\u00e9n\u00e9ficier de ses b\u00e9n\u00e9dictions. Le Chemin pour Bethl\u00e9em passe tout d\u2019abord par <b><i>le<\/i><\/b> <b><i>Oui de Marie<\/i><\/b> <b><i>et l\u2019acquiescement de Joseph le Juste, l\u2019Epoux tendre et fid\u00e8le<\/i><\/b> dont le Pape Fran\u00e7ois a demand\u00e9 que, d\u00e9sormais, il soit associ\u00e9 \u00e0 la Vierge Marie dans la Pri\u00e8re Eucharistique. Le Chemin de Bethl\u00e9em passe par <b><i>le Oui de Joseph<\/i><\/b>. On s\u2019attarde si souvent sur Marie qu\u2019on en oublie presque son Epoux. Joseph, Fils de David, est bon et d\u00e9licat, plein de charit\u00e9, courageux au travail. La Tradition l\u2019a montr\u00e9 bien des fois \u00e2g\u00e9, \u00e0 l\u2019\u00e9cart, prostr\u00e9 et silencieux ou en plein travail \u00e0 son \u00e9tabli. L\u00e0 encore, comme sur des tympans de chapiteaux, des vitraux ou des tableaux, on le montre \u00e0 l\u2019instar des Mages dormant. Un ange s\u2019approche de lui et vient apaiser son c\u0153ur. Il en a bien besoin Joseph pour affronter le regard de ses beaux-parents, des gens de Nazareth, des autorit\u00e9s religieuses&#8230;, et de Marie. Elle ne dit rien. Elle dort. Elle ne sait pas exactement o\u00f9 tout cela va la mener mais dans son for int\u00e9rieur elle pressent que tout se fera selon la volont\u00e9 du Seigneur, et donc que ce ne peut \u00eatre qu\u2019heureux\u00a0!!! Il en faut de la force int\u00e9rieure et un c\u0153ur qui cherche \u00e0 faire la volont\u00e9 du Seigneur pour partir en Jud\u00e9e avec pour tout bagage un baluchon flanqu\u00e9 sur un \u00e2ne, et Marie d\u00e9j\u00e0 au ventre si arrondi. Oui, il faut de l\u2019Amour et de la d\u00e9licatesse&#8230; Le Cr\u00e9ateur veille sur l\u2019\u00e9quipage parce que le Monde, qui ne le sait pas encore, va accoucher d\u2019un petit \u00eatre de chair, un Prince de la paix, \u00ab\u00a0<i>un dieu avec nous<\/i>\u00a0\u00bb sans gloire apparente. \u00a0Les <i>Evangiles de l\u2019Enfance<\/i> sont faits de douceur non pas pour nous endormir ou nous anesth\u00e9sier. Il nous provoque au Bien et au Bon. Il dit quelque chose de Dieu qui ne pouvait se manifester que \u00ab\u00a0dans la l\u00e9g\u00e8ret\u00e9 d\u2019une brise\u00a0\u00bb, dans un silence \u00e0 peine habit\u00e9 par le souffle de la Vie, par l\u2019Esprit Cr\u00e9ateur qui est don, majest\u00e9 et puissance dans la simplicit\u00e9 et la tendresse d\u2019un dieu qui n\u2019est qu\u2019Amour.<\/p>\n<p>Les Bergers d\u2019Isra\u00ebl, dans la clart\u00e9 de la nuit, discutent entre eux de leur travail pastoral, des temps difficiles et singuliers \u00e0 vivre sous l\u2019occupation des Romains. Rien ne va\u00a0! Rien n\u2019a jamais \u00e9t\u00e9 pour eux\u00a0! Ce sont des Pauvres \u00ab\u00a0effectifs\u00a0\u00bb et \u00ab\u00a0affectifs\u00a0\u00bb, des <i>Pauvres de c\u0153ur<\/i>, mais <i>si riches par le c\u0153ur<\/i>. Il n\u2019y a pas meilleurs en Palestine. La Tradition hispanique, et surtout catalane, propose des chants pleins de cette douceur ineffable que chantent les Bergers des Champs de Bethl\u00e9em. Ils \u00e9coutent les anges de Dieu annoncer la Bonne Nouvelle qui doit venir \u00e0 eux, d\u2019abord et au Monde ensuite. Ils \u00a0marchent joyeusement et ils chantent. Ils pr\u00e9parent la venue o\u00f9 l\u2019Etoile les conduira. Et voil\u00e0 ce que les chants nous disent\u00a0: \u00ab\u00a0<i>Que donnerons-nous \u00e0 la m\u00e8re de l\u2019enfant\u00a0? Que lui donnerons-nous qui soit quelque chose de bon\u00a0? Des raisins et des figues, des noix et des olives vertes et du Mel i Mat<\/i><i>\u00f3<\/i><i> (du fromage Blanc \u00e0 la louche, sp\u00e9cialit\u00e9 catalane). Que donnerons-nous au petit fils de Marie\u00a0? Que donnerons-nous au bel enfant\u00a0?<\/i>\u00a0\u00bb<span id='easy-footnote-1-107415' class='easy-footnote-margin-adjust'><\/span><span class='easy-footnote'><a href='http:\/\/vincentians.com\/fr\/homelie-du-4eme-dimanche-de-lavent\/#easy-footnote-bottom-1-107415' title='&lt;i&gt;Qu\u00e8 li darem en el noi de la mare? Qu\u00e8 li darem que li s\u00e0piga bo? Panses i figues i nous i Qu\u00e8 li darem al fillet de Maria? Qu\u00e8 li darem a l&amp;rsquo;herm\u00f3s infant\u00f3.&lt;\/i&gt;'><sup>1<\/sup><\/a><\/span> Et dans un autre chant encore\u00a0: \u00ab\u00a0<i>Nous allons \u00e0 Bethl\u00e9em. Veux-tu venir Berger\u00a0? Je veux prendre le petit d\u00e9jeuner. A Bethl\u00e9em nous d\u00e9jeunerons et nous adorerons J\u00e9sus. Il y a beaucoup de neige sur le chemin mais la chaleur la fera fondre. Approche-toi. Fais du feu\u00a0! Tu sais peut-\u00eatre que \u00a0cette nuit un Dieu infini est n\u00e9\u00a0! Qui te l\u2019a dit, l\u2019autre lui r\u00e9pond. Un ange qui \u00e9tait en train de voler est en train de l\u2019annoncer au monde entier. On lui portera des petits biscuits tr\u00e8s fins, et des \u00ab\u00a0tourrons\u00a0\u00bb, et si tu ne veux pas alors on lui portera des saucisses et un pichet de vin&#8230;<\/i>\u00a0\u00bb<span id='easy-footnote-2-107415' class='easy-footnote-margin-adjust'><\/span><span class='easy-footnote'><a href='http:\/\/vincentians.com\/fr\/homelie-du-4eme-dimanche-de-lavent\/#easy-footnote-bottom-2-107415' title='&lt;i&gt;A Betlem me&amp;rsquo;n vull anar. &lt;\/i&gt;&lt;i&gt;Vols venir tu rabad\u00e0? Vull esmorzar!A Betlem esmorzarem, i a Jes\u00fas adorarem.Massa neu hi ha! La neu que pel cam\u00ed hi ha, la calor ja la fondr\u00e0. &lt;\/i&gt;&lt;i&gt;Aixeca&amp;rsquo;t, hissa, fes foc.&lt;br \/&gt;\nAixeca&amp;rsquo;t, hissa, fes foc. Sabr\u00e0s com aquesta nit, \u00e9s nat un D\u00e9u infinit. &amp;#8211; Qui t&amp;rsquo;ho ha dit? &lt;\/i&gt;&lt;i&gt;Un \u00e0ngel que va volant, pel m\u00f3n ho va predicant. (\u2026) la samarra portar\u00e0s, de neules l&amp;rsquo;omplir\u00e0s. Si de neules no en vols, l&amp;rsquo;omplir\u00e0s de bons torrons&amp;#8230; portar\u00e0 la botifarra, portar\u00e0 un porr\u00f3 de vi\u2026\u201d&lt;\/i&gt;'><sup>2<\/sup><\/a><\/span>. Ah, oui\u00a0! J\u2019imagine que, si l\u2019on donne du Mel i Mato avec du Miel \u00e0 cet Enfant-Roi, c\u2019est que ce doit \u00eatre bon. Ils ont tr\u00e8s peu, et pourtant ils pensent \u00e0 toute chose, au n\u00e9cessaire pour <i>la M\u00e8re<\/i> (<i>la Mare<\/i>), le Petit J\u00e9sus (<i>Jesuset<\/i>, <i>l&rsquo;herm\u00f3s infant\u00f3<\/i>), et pour <i>le P\u00e8re<\/i> (<i>Sant Josep<\/i>). Chacun aura droit \u00e0 quelque chose, car il fait si froid dehors, mais voil\u00e0 que le c\u0153ur de ces Bergers est pr\u00eat \u00e0 accueillir ce Nouveau-N\u00e9, le Sauveur, Dieu-fait-chair\u00a0!!!<\/p>\n<p>Et nous, sommes-nous pr\u00eats \u00e0 accueillir, comme cette semaine le Pape pour son anniversaire au Vatican, des Pauvres \u00e0 notre Table\u00a0? Dans nos Communaut\u00e9s paroissiales, religieuses, nos familles, aura-t-il une place pour le plus pauvre du quartier, \u00ab\u00a0<i>laisserons-nous une place \u00e0 l\u2019\u00e9tranger\u00a0?<\/i>\u00a0\u00bb. Monsieur Vincent dit \u00e0 Monsieur Portal d\u2019aller voir \u00ab\u00a0<i>son<\/i>\u00a0\u00bb\u00a0Pauvre. Cette nuit si sp\u00e9ciale, si \u00e0 part des autres nuits o\u00f9 l\u2019incroyable nous est donn\u00e9 \u00e0 croire, il y aura des gens dehors dans le d\u00e9nuement, dans la solitude d\u2019un lit d\u2019h\u00f4pital, dans l\u2019angoisse d\u2019une vie \u00e0 na\u00eetre, d\u2019un pain qui ne sera pas donn\u00e9 demain \u00e0 son enfant. Il y a ces hommes et ces femmes de la nuit de la <i>Communaut\u00e9 de Sant Egidio<\/i> \u00e0 la Paroisse Sant Just de Barcelone qui serviront les Pauvres, et ceux de Paris au Cirque d\u2019Hiver ou sur une P\u00e9niche, ceux de <i>la Barceloneta<\/i> de Barcelone, du Samu Social&#8230;, et d\u2019autres lieux. Et puis, chers Fr\u00e8res et S\u0153urs, ne l\u2019oublions pas, il y a ceux de Syrie en guerre et des pays environnants qui ploient sous le fardeau. 16 millions de r\u00e9fugi\u00e9s\u00a0!!! Ecoutons la pri\u00e8re de l\u2019Archev\u00eaque maronite de Damas, <b>Mgr Samir Nassar<\/b>\u00a0: \u00ab\u00a0<i>La Syrie en ce No\u00ebl ressemble le mieux \u00e0 une cr\u00e8che : \u00e9table ouverte sans porte, froide, d\u00e9munie et si pauvre\u2026 L\u2019Enfant J\u00e9sus ne manque pas de compagnons en Syrie\u2026<\/i> <i><br \/>\n<\/i><i>Des milliers d\u2019enfants qui ont perdu leurs maisons vivent sous des tentes aussi pauvres que la Cr\u00e8che de Bethl\u00e9em\u2026 <\/i><b><i>J\u00e9sus n\u2019est plus seul dans sa mis\u00e8re<\/i><\/b><b><i>.<\/i><\/b><i> <\/i><i>L\u2019enfance syrienne abandonn\u00e9e et marqu\u00e9e par les sc\u00e8nes de violences souhaite m\u00eame \u00eatre \u00e0 la place de J\u00e9sus qui a toujours ses parents qui l\u2019entourent et le ch\u00e9rissent\u2026 Ce sentiment d\u2019amertume est bien visible dans les yeux des enfants syriens, leurs larmes et leur silence\u2026 <b>Certains envient l\u2019Enfant divin <\/b>parce qu\u2019il a trouv\u00e9 cette \u00e9table pour naitre et s\u2019abriter alors que certains de ces malheureux enfants syriens sont n\u00e9s sous les bombes ou sur la route de l\u2019exode. <b>Marie dans ses difficult\u00e9s n\u2019est plus seule\u00a0;<\/b><\/i><b><i> <\/i><\/b><i>des malheureuses mamans moins chanceuses qui vivent dans l\u2019extr\u00eame pauvret\u00e9 et assument les responsabilit\u00e9s familiales seules sans leurs maris\u2026 La pr\u00e9carit\u00e9 de la cr\u00e8che de Bethl\u00e9em apporte une consolation \u00e0 ces pauvres mamans \u00e9cras\u00e9es par des probl\u00e8mes insolubles et le d\u00e9sespoir. <b>La pr\u00e9sence rassurante de Joseph aupr\u00e8s de la Sainte Famille est source de jalousie<\/b><\/i><b><i> <\/i><\/b><i>pour ces milliers de familles priv\u00e9es de papa, privation qui nourrit la peur, l\u2019angoisse et l\u2019inqui\u00e9tude. Nos ch\u00f4meurs envient Joseph menuisier qui \u00e9pargne \u00e0 sa famille le besoin. Les bergers et leurs troupeaux voisinant la cr\u00e8che, parlent beaucoup aux nombreux \u00e9leveurs syriens qui ont perdu 70% de leur cheptel dans cette guerre.<br \/>\nLa vie nomade sur cette terre biblique qui remonte \u00e0 Abraham et bien avant, dispara\u00eet brutalement avec ses vieilles coutumes d\u2019hospitalit\u00e9 et sa culture traditionnelle. <\/i><b><i><\/i><\/b><\/p>\n<p><i>Les chiens de ces bergers de No\u00ebl compatissent sur le sort des animaux domestiques en Syrie, ravag\u00e9s par la violence meurtri\u00e8re, ils errent dans les ruines et se nourrissent de cadavres. <b>Le bruit infernal de la guerre \u00e9touffe le Gloria des anges&#8230; <\/b>Cette symphonie de No\u00ebl pour la paix, c\u00e8de devant la haine, la division, et l\u2019atrocit\u00e9 cruelle\u2026 <\/i><\/p>\n<p><b><i>Puissent les Trois Mages apporter \u00e0 la Cr\u00e8che de Syrie les plus pr\u00e9cieux cadeaux de No\u00ebl: Paix, Pardon et r\u00e9conciliation; afin que brille \u00e0 nouveau l\u2019\u00c9TOILE DE NO\u00cbL dans nos sombres nuits.<\/i><\/b><i> <\/i><b><i>SEIGNEUR EXAUCE-NOUS <\/i><\/b>\u00bb.<\/p>\n<p>Chers Fr\u00e8res et S\u0153urs en cet Enfant de Bethl\u00e9em, ne nous imaginons pas que le Dieu le P\u00e8re \u00ab\u00a0<i>aurait invent\u00e9 No\u00ebl<\/i>\u00a0\u00bb en plein hiver pour qu\u2019il y ait du repos, de la magie, des cadeaux, de la f\u00eate dans nos soci\u00e9t\u00e9s repues de tout. Dieu ne nous donne pas ce temps pour d\u00e9penser mais pour accueillir et nous donner, pour adorer et aimer, pour \u00eatre regard\u00e9 par Dieu et \u00eatre aim\u00e9 de Lui. Il nous apporte la Paix et ce dont nous avons le plus besoin.<\/p>\n<p>Avec un peu de <i>Mel i Mat<\/i><i>\u00f3<\/i> pour la route, pour notre c\u0153ur, et surtout pour J\u00e9sus l\u2019Ami des Petits et des Pauvres, montons \u00e0 la Montagne du Seigneur, entrons dans la danse, et que ce jour b\u00e9ni de Dieu soit pour nous le d\u00e9but d\u2019une danse sans fin. Et d\u00e9j\u00e0 chantons\u00a0: \u00ab\u00a0<i>Gloria in excelsis Deo<\/i>\u00a0\u00bb\u00a0!!! Rendez-vous de Bethl\u00e9em en Jud\u00e9e. Ne nous trompons pas de chemin&#8230;<\/p>\n<p align=\"right\"><b>P\u00e8re<br \/>\n<\/b><\/p>\n<p align=\"right\"><i>Barcelona (Espagne), <\/i><\/p>\n<p align=\"right\"><i>20 d\u00e9cembre 2013 \u2013 Quatri\u00e8me Dimanche du temps de l\u2019Avent)<\/i><\/p>\n","protected":false},"excerpt":{"rendered":"<p>El Mel i Mat\u00f3 Nous sommes aux portes de No\u00ebl. Nous voil\u00e0 arriv\u00e9s au Quatri\u00e8me Dimanche de l\u2019Avent. D\u00e9j\u00e0 depuis quelques jours, la liturgie s\u2019est elle-m\u00eame transform\u00e9e au rythme des Pr\u00e9faces, des oraisons mais aussi &#8230; <a href=\"http:\/\/vincentians.com\/fr\/homelie-du-4eme-dimanche-de-lavent\/\" class=\"more-link\">Read More<\/a><\/p>\n","protected":false},"author":4,"featured_media":107515,"comment_status":"open","ping_status":"open","sticky":false,"template":"","format":"standard","meta":{"jetpack_post_was_ever_published":false,"_jetpack_newsletter_access":"","_jetpack_dont_email_post_to_subs":false,"_jetpack_newsletter_tier_id":0,"_jetpack_memberships_contains_paywalled_content":false,"_jetpack_memberships_contains_paid_content":false,"footnotes":"","jetpack_publicize_message":"","jetpack_publicize_feature_enabled":true,"jetpack_social_post_already_shared":true,"jetpack_social_options":{"image_generator_settings":{"template":"highway","default_image_id":0,"font":"","enabled":false},"version":2}},"categories":[141],"tags":[],"class_list":["post-107415","post","type-post","status-publish","format-standard","has-post-thumbnail","hentry","category-homelies-et-reflexions-annee-a"],"yoast_head":"<!-- This site is optimized with the Yoast SEO plugin v26.3 - https:\/\/yoast.com\/wordpress\/plugins\/seo\/ -->\n<title>Hom\u00e9lie du 4\u00e8me Dimanche de l&#039;Avent - Nous Sommes Vincentiens<\/title>\n<meta name=\"robots\" content=\"index, follow, max-snippet:-1, max-image-preview:large, max-video-preview:-1\" \/>\n<link rel=\"canonical\" href=\"https:\/\/vincentians.com\/fr\/homelie-du-4eme-dimanche-de-lavent\/\" \/>\n<meta property=\"og:locale\" content=\"fr_FR\" \/>\n<meta property=\"og:type\" content=\"article\" \/>\n<meta property=\"og:title\" content=\"Hom\u00e9lie du 4\u00e8me Dimanche de l&#039;Avent - Nous Sommes Vincentiens\" \/>\n<meta property=\"og:description\" content=\"El Mel i Mat\u00f3 Nous sommes aux portes de No\u00ebl. Nous voil\u00e0 arriv\u00e9s au Quatri\u00e8me Dimanche de l\u2019Avent. D\u00e9j\u00e0 depuis quelques jours, la liturgie s\u2019est elle-m\u00eame transform\u00e9e au rythme des Pr\u00e9faces, des oraisons mais aussi ... Read More\" \/>\n<meta property=\"og:url\" content=\"https:\/\/vincentians.com\/fr\/homelie-du-4eme-dimanche-de-lavent\/\" \/>\n<meta property=\"og:site_name\" content=\"Nous Sommes Vincentiens\" \/>\n<meta property=\"article:publisher\" content=\"https:\/\/www.facebook.com\/WeAreVincentians\/\" \/>\n<meta property=\"article:author\" content=\"https:\/\/www.facebook.com\/JavierChento\" \/>\n<meta property=\"article:published_time\" content=\"2013-12-21T12:49:50+00:00\" \/>\n<meta name=\"author\" content=\"Francisco Javier Fern\u00e1ndez Chento\" \/>\n<meta name=\"twitter:card\" content=\"summary_large_image\" \/>\n<meta name=\"twitter:creator\" content=\"@https:\/\/twitter.com\/javierchento\" \/>\n<meta name=\"twitter:site\" content=\"@WeVincentians\" \/>\n<meta name=\"twitter:label1\" content=\"\u00c9crit par\" \/>\n\t<meta name=\"twitter:data1\" content=\"Francisco Javier Fern\u00e1ndez Chento\" \/>\n\t<meta name=\"twitter:label2\" content=\"Dur\u00e9e de lecture estim\u00e9e\" \/>\n\t<meta name=\"twitter:data2\" content=\"9 minutes\" \/>\n<script type=\"application\/ld+json\" class=\"yoast-schema-graph\">{\"@context\":\"https:\/\/schema.org\",\"@graph\":[{\"@type\":\"WebPage\",\"@id\":\"https:\/\/vincentians.com\/fr\/homelie-du-4eme-dimanche-de-lavent\/\",\"url\":\"https:\/\/vincentians.com\/fr\/homelie-du-4eme-dimanche-de-lavent\/\",\"name\":\"Hom\u00e9lie du 4\u00e8me Dimanche de l'Avent - Nous Sommes Vincentiens\",\"isPartOf\":{\"@id\":\"http:\/\/vincentians.com\/fr\/#website\"},\"primaryImageOfPage\":{\"@id\":\"https:\/\/vincentians.com\/fr\/homelie-du-4eme-dimanche-de-lavent\/#primaryimage\"},\"image\":{\"@id\":\"https:\/\/vincentians.com\/fr\/homelie-du-4eme-dimanche-de-lavent\/#primaryimage\"},\"thumbnailUrl\":\"\",\"datePublished\":\"2013-12-21T12:49:50+00:00\",\"author\":{\"@id\":\"http:\/\/vincentians.com\/fr\/#\/schema\/person\/9623ef4d9aa3b2dfb8c061f1499288f2\"},\"breadcrumb\":{\"@id\":\"https:\/\/vincentians.com\/fr\/homelie-du-4eme-dimanche-de-lavent\/#breadcrumb\"},\"inLanguage\":\"fr-FR\",\"potentialAction\":[{\"@type\":\"ReadAction\",\"target\":[\"https:\/\/vincentians.com\/fr\/homelie-du-4eme-dimanche-de-lavent\/\"]}]},{\"@type\":\"ImageObject\",\"inLanguage\":\"fr-FR\",\"@id\":\"https:\/\/vincentians.com\/fr\/homelie-du-4eme-dimanche-de-lavent\/#primaryimage\",\"url\":\"\",\"contentUrl\":\"\"},{\"@type\":\"BreadcrumbList\",\"@id\":\"https:\/\/vincentians.com\/fr\/homelie-du-4eme-dimanche-de-lavent\/#breadcrumb\",\"itemListElement\":[{\"@type\":\"ListItem\",\"position\":1,\"name\":\"Portada\",\"item\":\"http:\/\/vincentians.com\/fr\/\"},{\"@type\":\"ListItem\",\"position\":2,\"name\":\"Hom\u00e9lie du 4\u00e8me Dimanche de l&rsquo;Avent\"}]},{\"@type\":\"WebSite\",\"@id\":\"http:\/\/vincentians.com\/fr\/#website\",\"url\":\"http:\/\/vincentians.com\/fr\/\",\"name\":\"Nous Sommes Vincentiens\",\"description\":\"Know more to serve more\",\"potentialAction\":[{\"@type\":\"SearchAction\",\"target\":{\"@type\":\"EntryPoint\",\"urlTemplate\":\"http:\/\/vincentians.com\/fr\/?s={search_term_string}\"},\"query-input\":{\"@type\":\"PropertyValueSpecification\",\"valueRequired\":true,\"valueName\":\"search_term_string\"}}],\"inLanguage\":\"fr-FR\"},{\"@type\":\"Person\",\"@id\":\"http:\/\/vincentians.com\/fr\/#\/schema\/person\/9623ef4d9aa3b2dfb8c061f1499288f2\",\"name\":\"Francisco Javier Fern\u00e1ndez Chento\",\"image\":{\"@type\":\"ImageObject\",\"inLanguage\":\"fr-FR\",\"@id\":\"http:\/\/vincentians.com\/fr\/#\/schema\/person\/image\/\",\"url\":\"https:\/\/secure.gravatar.com\/avatar\/497d5cde87b4c3d097d0315953521681ba2cd523ee66e5077c3711f7021e65de?s=96&d=mm&r=g\",\"contentUrl\":\"https:\/\/secure.gravatar.com\/avatar\/497d5cde87b4c3d097d0315953521681ba2cd523ee66e5077c3711f7021e65de?s=96&d=mm&r=g\",\"caption\":\"Francisco Javier Fern\u00e1ndez Chento\"},\"description\":\"Director General y cofundador de La Red de Formaci\u00f3n Vicenciana. Javier es laico vicenciano, afiliado a la Congregaci\u00f3n de la Misi\u00f3n y miembro del Equipo de Misiones Populares de la provincia can\u00f3nica de Zaragoza (Espa\u00f1a) de la Congregaci\u00f3n de la Misi\u00f3n. Graduado en la Universidad Oberta de Catalunya con cuatro grados (Asistente de direcci\u00f3n, Gesti\u00f3n Administrativa, Recursos Humanos y Contabilidad Avanzada). Bil\u00edng\u00fce Espa\u00f1ol\/Ingl\u00e9s. gestiona y mantiene varias p\u00e1ginas web cristianas y vicencianas, incluida including La Red de Formaci\u00f3n Vicenciana, de la que es cofundador. Actualmente es responsable del \u00e1rea de Espa\u00f1ol de .famvin, la Red de Noticias de la Familia Vicenciana. Tambi\u00e9n es m\u00fasico cat\u00f3lico y ha editado varios discos. Es Director General y cofundador de Trovador, una reconocida compa\u00f1\u00eda discogr\u00e1fica critiana de Espa\u00f1a. Trabaja en las Tecnolog\u00edas de la Informaci\u00f3n, ofreciendo servicios de alojamiento, dise\u00f1o y mantenimiento Web, as\u00ed como asesoramiento, formaci\u00f3n y soluciones inform\u00e1ticas, gesti\u00f3n documental y digitalizaci\u00f3n de textos, edici\u00f3n y maquetaci\u00f3n de libros, revistas, flyers, etc.\",\"sameAs\":[\"http:\/\/chento.org\",\"https:\/\/www.facebook.com\/JavierChento\",\"https:\/\/x.com\/https:\/\/twitter.com\/javierchento\"],\"url\":\"http:\/\/vincentians.com\/fr\/author\/chento\/\"}]}<\/script>\n<!-- \/ Yoast SEO plugin. -->","yoast_head_json":{"title":"Hom\u00e9lie du 4\u00e8me Dimanche de l'Avent - Nous Sommes Vincentiens","robots":{"index":"index","follow":"follow","max-snippet":"max-snippet:-1","max-image-preview":"max-image-preview:large","max-video-preview":"max-video-preview:-1"},"canonical":"https:\/\/vincentians.com\/fr\/homelie-du-4eme-dimanche-de-lavent\/","og_locale":"fr_FR","og_type":"article","og_title":"Hom\u00e9lie du 4\u00e8me Dimanche de l'Avent - Nous Sommes Vincentiens","og_description":"El Mel i Mat\u00f3 Nous sommes aux portes de No\u00ebl. Nous voil\u00e0 arriv\u00e9s au Quatri\u00e8me Dimanche de l\u2019Avent. D\u00e9j\u00e0 depuis quelques jours, la liturgie s\u2019est elle-m\u00eame transform\u00e9e au rythme des Pr\u00e9faces, des oraisons mais aussi ... Read More","og_url":"https:\/\/vincentians.com\/fr\/homelie-du-4eme-dimanche-de-lavent\/","og_site_name":"Nous Sommes Vincentiens","article_publisher":"https:\/\/www.facebook.com\/WeAreVincentians\/","article_author":"https:\/\/www.facebook.com\/JavierChento","article_published_time":"2013-12-21T12:49:50+00:00","author":"Francisco Javier Fern\u00e1ndez Chento","twitter_card":"summary_large_image","twitter_creator":"@https:\/\/twitter.com\/javierchento","twitter_site":"@WeVincentians","twitter_misc":{"\u00c9crit par":"Francisco Javier Fern\u00e1ndez Chento","Dur\u00e9e de lecture estim\u00e9e":"9 minutes"},"schema":{"@context":"https:\/\/schema.org","@graph":[{"@type":"WebPage","@id":"https:\/\/vincentians.com\/fr\/homelie-du-4eme-dimanche-de-lavent\/","url":"https:\/\/vincentians.com\/fr\/homelie-du-4eme-dimanche-de-lavent\/","name":"Hom\u00e9lie du 4\u00e8me Dimanche de l'Avent - Nous Sommes Vincentiens","isPartOf":{"@id":"http:\/\/vincentians.com\/fr\/#website"},"primaryImageOfPage":{"@id":"https:\/\/vincentians.com\/fr\/homelie-du-4eme-dimanche-de-lavent\/#primaryimage"},"image":{"@id":"https:\/\/vincentians.com\/fr\/homelie-du-4eme-dimanche-de-lavent\/#primaryimage"},"thumbnailUrl":"","datePublished":"2013-12-21T12:49:50+00:00","author":{"@id":"http:\/\/vincentians.com\/fr\/#\/schema\/person\/9623ef4d9aa3b2dfb8c061f1499288f2"},"breadcrumb":{"@id":"https:\/\/vincentians.com\/fr\/homelie-du-4eme-dimanche-de-lavent\/#breadcrumb"},"inLanguage":"fr-FR","potentialAction":[{"@type":"ReadAction","target":["https:\/\/vincentians.com\/fr\/homelie-du-4eme-dimanche-de-lavent\/"]}]},{"@type":"ImageObject","inLanguage":"fr-FR","@id":"https:\/\/vincentians.com\/fr\/homelie-du-4eme-dimanche-de-lavent\/#primaryimage","url":"","contentUrl":""},{"@type":"BreadcrumbList","@id":"https:\/\/vincentians.com\/fr\/homelie-du-4eme-dimanche-de-lavent\/#breadcrumb","itemListElement":[{"@type":"ListItem","position":1,"name":"Portada","item":"http:\/\/vincentians.com\/fr\/"},{"@type":"ListItem","position":2,"name":"Hom\u00e9lie du 4\u00e8me Dimanche de l&rsquo;Avent"}]},{"@type":"WebSite","@id":"http:\/\/vincentians.com\/fr\/#website","url":"http:\/\/vincentians.com\/fr\/","name":"Nous Sommes Vincentiens","description":"Know more to serve more","potentialAction":[{"@type":"SearchAction","target":{"@type":"EntryPoint","urlTemplate":"http:\/\/vincentians.com\/fr\/?s={search_term_string}"},"query-input":{"@type":"PropertyValueSpecification","valueRequired":true,"valueName":"search_term_string"}}],"inLanguage":"fr-FR"},{"@type":"Person","@id":"http:\/\/vincentians.com\/fr\/#\/schema\/person\/9623ef4d9aa3b2dfb8c061f1499288f2","name":"Francisco Javier Fern\u00e1ndez Chento","image":{"@type":"ImageObject","inLanguage":"fr-FR","@id":"http:\/\/vincentians.com\/fr\/#\/schema\/person\/image\/","url":"https:\/\/secure.gravatar.com\/avatar\/497d5cde87b4c3d097d0315953521681ba2cd523ee66e5077c3711f7021e65de?s=96&d=mm&r=g","contentUrl":"https:\/\/secure.gravatar.com\/avatar\/497d5cde87b4c3d097d0315953521681ba2cd523ee66e5077c3711f7021e65de?s=96&d=mm&r=g","caption":"Francisco Javier Fern\u00e1ndez Chento"},"description":"Director General y cofundador de La Red de Formaci\u00f3n Vicenciana. Javier es laico vicenciano, afiliado a la Congregaci\u00f3n de la Misi\u00f3n y miembro del Equipo de Misiones Populares de la provincia can\u00f3nica de Zaragoza (Espa\u00f1a) de la Congregaci\u00f3n de la Misi\u00f3n. Graduado en la Universidad Oberta de Catalunya con cuatro grados (Asistente de direcci\u00f3n, Gesti\u00f3n Administrativa, Recursos Humanos y Contabilidad Avanzada). Bil\u00edng\u00fce Espa\u00f1ol\/Ingl\u00e9s. gestiona y mantiene varias p\u00e1ginas web cristianas y vicencianas, incluida including La Red de Formaci\u00f3n Vicenciana, de la que es cofundador. Actualmente es responsable del \u00e1rea de Espa\u00f1ol de .famvin, la Red de Noticias de la Familia Vicenciana. Tambi\u00e9n es m\u00fasico cat\u00f3lico y ha editado varios discos. Es Director General y cofundador de Trovador, una reconocida compa\u00f1\u00eda discogr\u00e1fica critiana de Espa\u00f1a. Trabaja en las Tecnolog\u00edas de la Informaci\u00f3n, ofreciendo servicios de alojamiento, dise\u00f1o y mantenimiento Web, as\u00ed como asesoramiento, formaci\u00f3n y soluciones inform\u00e1ticas, gesti\u00f3n documental y digitalizaci\u00f3n de textos, edici\u00f3n y maquetaci\u00f3n de libros, revistas, flyers, etc.","sameAs":["http:\/\/chento.org","https:\/\/www.facebook.com\/JavierChento","https:\/\/x.com\/https:\/\/twitter.com\/javierchento"],"url":"http:\/\/vincentians.com\/fr\/author\/chento\/"}]}},"jetpack_publicize_connections":[],"jetpack_featured_media_url":"","jetpack_sharing_enabled":true,"jetpack_shortlink":"https:\/\/wp.me\/p7ETMP-rWv","jetpack-related-posts":[{"id":107470,"url":"http:\/\/vincentians.com\/fr\/homelie-de-noel\/","url_meta":{"origin":107415,"position":0},"title":"Hom\u00e9lie de No\u00ebl","author":"Francisco Javier Fern\u00e1ndez Chento","date":"24\/12\/2013","format":false,"excerpt":"Un cri Cela faisait longtemps qu\u2019on n\u2019avait pas entendu un tel tintamarre \u00e0 Bethl\u00e9em. Le jour n\u2019est pas banal. On s\u2019interpelle dans les rues, quand d\u2019autres boivent \u00e0 la sant\u00e9 des uns et des autres. On boit en se f\u00e9licitant des retrouvailles. Tous ceux qui ont un loin avec la\u2026","rel":"","context":"Dans &quot;Hom\u00e9lies et r\u00e9flexions, Ann\u00e9e A&quot;","block_context":{"text":"Hom\u00e9lies et r\u00e9flexions, Ann\u00e9e A","link":"http:\/\/vincentians.com\/fr\/category\/homelies-et-reflexions-annee-a\/"},"img":{"alt_text":"parole-dieu-parole-vie-2","src":"https:\/\/i0.wp.com\/vincentiens.org\/wp-content\/uploads\/2013\/12\/parole-dieu-parole-vie-2-300x225.jpg?resize=350%2C200","width":350,"height":200},"classes":[]},{"id":107517,"url":"http:\/\/vincentians.com\/fr\/homelie-pour-la-fete-de-la-sainte-famille\/","url_meta":{"origin":107415,"position":1},"title":"Hom\u00e9lie pour la F\u00eate de la Sainte Famille","author":"Francisco Javier Fern\u00e1ndez Chento","date":"28\/12\/2013","format":false,"excerpt":"\u00ab\u00a0L\u00e8ve-toi, Joseph et va\u00a0!!!\u00a0\u00bb En ce dernier dimanche de l\u2019ann\u00e9e 2013, nous nous retrouvons au c\u0153ur de la Sainte Famille. Rappelons-nous, il y a quelques jours c\u2019\u00e9tait la f\u00eate \u00e0 Bethl\u00e9em. Chacun se f\u00e9licitait de revoir parents et amis, et l\u00e0-bas un peu plus loin, et toujours un peu plus\u2026","rel":"","context":"Dans &quot;Hom\u00e9lies et r\u00e9flexions, Ann\u00e9e A&quot;","block_context":{"text":"Hom\u00e9lies et r\u00e9flexions, Ann\u00e9e A","link":"http:\/\/vincentians.com\/fr\/category\/homelies-et-reflexions-annee-a\/"},"img":{"alt_text":"parole-dieu-parole-vie-2","src":"https:\/\/i0.wp.com\/vincentiens.org\/wp-content\/uploads\/2013\/12\/parole-dieu-parole-vie-2-300x225.jpg?resize=350%2C200","width":350,"height":200},"classes":[]},{"id":132719,"url":"http:\/\/vincentians.com\/fr\/lavent-2014-un-temps-de-priere-de-paix-et-une-place-pour-les-pauvres\/","url_meta":{"origin":107415,"position":2},"title":"L\u2019Avent 2014, un temps de pri\u00e8re, de paix et une place pour les pauvres","author":"Francisco Javier Fern\u00e1ndez Chento","date":"30\/11\/2014","format":false,"excerpt":"Rome, le 30 Novembre 2014 Premier Dimanche de l\u2019Avent Chers fr\u00e8res et ch\u00e8res s\u0153urs en J\u00e9sus et St Vincent, Que la gr\u00e2ce et la paix de Notre Seigneur J\u00e9sus-Christ soit toujours dans nos c\u0153urs\u00a0! Le temps de l\u2019Avent est venu, un temps favorable pour m\u00e9diter les myst\u00e8res de notre foi.\u2026","rel":"","context":"Dans &quot;Sup\u00e9rieur G\u00e9n\u00e9ral&quot;","block_context":{"text":"Sup\u00e9rieur G\u00e9n\u00e9ral","link":"http:\/\/vincentians.com\/fr\/category\/superieur-general\/"},"img":{"alt_text":"Autel principal du sanctuaire de Notre Dame, Reine de la Paix, au Kazakhstan","src":"https:\/\/i0.wp.com\/vincentiens.org\/wp-content\/uploads\/2014\/12\/advent2014-300x195.jpg?resize=350%2C200","width":350,"height":200},"classes":[]},{"id":132736,"url":"http:\/\/vincentians.com\/fr\/3eme-dimanche-de-lavent-jose-antonio-pagola\/","url_meta":{"origin":107415,"position":3},"title":"3\u00e8me Dimanche de l&rsquo;Avent (Jos\u00e9 Antonio Pagola)","author":"Francisco Javier Fern\u00e1ndez Chento","date":"13\/12\/2014","format":false,"excerpt":"Aplanir le chemin vers J\u00e9sus \u00abIl y a parmi vous quelqu\u2019un que vous ne connaissez pas\u00bb. Ce sont des mots prononc\u00e9s par Jean \u2013 Baptiste se r\u00e9f\u00e9rant \u00e0 J\u00e9sus, qui marche d\u00e9j\u00e0 au milieu de ceux qui s\u2019approchent du Jourdain pour se faire baptiser, m\u00eame s\u2019il ne s\u2019est pas encore\u2026","rel":"","context":"Dans &quot;Hom\u00e9lies et r\u00e9flexions, Ann\u00e9e B&quot;","block_context":{"text":"Hom\u00e9lies et r\u00e9flexions, Ann\u00e9e B","link":"http:\/\/vincentians.com\/fr\/category\/homelies-et-reflexions-annee-b\/"},"img":{"alt_text":"pagola","src":"https:\/\/i0.wp.com\/vincentiens.org\/wp-content\/uploads\/2014\/12\/pagola-300x231.jpg?resize=350%2C200","width":350,"height":200},"classes":[]},{"id":132863,"url":"http:\/\/vincentians.com\/fr\/4eme-dimanche-de-lavent-jose-antonio-pagola\/","url_meta":{"origin":107415,"position":4},"title":"4\u00e8me Dimanche de l&rsquo;Avent (Jos\u00e9 Antonio Pagola)","author":"Francisco Javier Fern\u00e1ndez Chento","date":"17\/12\/2014","format":false,"excerpt":"Une annonce surprenante Luc d\u00e9crit l\u2019annonce de la naissance de J\u00e9sus de fa\u00e7on \u00e9troitement parall\u00e8le \u00e0 celle de Jean Baptiste. Le contraste entre les deux sc\u00e8nes est tellement surprenant qu\u2019il nous permet d\u2019entrevoir, avec de nouvelles lumi\u00e8res, le Myst\u00e8re du Dieu incarn\u00e9 en J\u00e9sus. L\u2019annonce de la naissance de Jean-Baptiste\u2026","rel":"","context":"Dans &quot;Hom\u00e9lies et r\u00e9flexions, Ann\u00e9e B&quot;","block_context":{"text":"Hom\u00e9lies et r\u00e9flexions, Ann\u00e9e B","link":"http:\/\/vincentians.com\/fr\/category\/homelies-et-reflexions-annee-b\/"},"img":{"alt_text":"pagola","src":"https:\/\/i0.wp.com\/vincentiens.org\/wp-content\/uploads\/2014\/12\/pagola-300x231.jpg?resize=350%2C200","width":350,"height":200},"classes":[]},{"id":108186,"url":"http:\/\/vincentians.com\/fr\/presentation-du-seigneur-a-jose-antonio-pagola\/","url_meta":{"origin":107415,"position":5},"title":"Pr\u00e9sentation du Seigneur (A) [Jos\u00e9 Antonio Pagola]","author":"Francisco Javier Fern\u00e1ndez Chento","date":"01\/02\/2014","format":false,"excerpt":"Une foi simple Le r\u00e9cit de la naissance de J\u00e9sus est d\u00e9concertant. D\u2019apr\u00e8s Luc, J\u00e9sus na\u00eet dans un village o\u00f9 il n\u2019y a pas d\u2019endroit pour l\u2019accueillir. Les bergers ont \u00e9t\u00e9 oblig\u00e9s de le chercher dans tout Bethl\u00e9em jusqu\u2019\u00e0 ce qu\u2019ils le trouvent dans un lieu \u00e9cart\u00e9, couch\u00e9 dans une\u2026","rel":"","context":"Dans &quot;Hom\u00e9lies et r\u00e9flexions, Ann\u00e9e A&quot;","block_context":{"text":"Hom\u00e9lies et r\u00e9flexions, Ann\u00e9e A","link":"http:\/\/vincentians.com\/fr\/category\/homelies-et-reflexions-annee-a\/"},"img":{"alt_text":"jose_antonio_pagola","src":"https:\/\/i0.wp.com\/vincentiens.org\/wp-content\/uploads\/2013\/11\/jose_antonio_pagola.jpg?resize=350%2C200","width":350,"height":200},"classes":[]}],"_links":{"self":[{"href":"http:\/\/vincentians.com\/fr\/wp-json\/wp\/v2\/posts\/107415","targetHints":{"allow":["GET"]}}],"collection":[{"href":"http:\/\/vincentians.com\/fr\/wp-json\/wp\/v2\/posts"}],"about":[{"href":"http:\/\/vincentians.com\/fr\/wp-json\/wp\/v2\/types\/post"}],"author":[{"embeddable":true,"href":"http:\/\/vincentians.com\/fr\/wp-json\/wp\/v2\/users\/4"}],"replies":[{"embeddable":true,"href":"http:\/\/vincentians.com\/fr\/wp-json\/wp\/v2\/comments?post=107415"}],"version-history":[{"count":0,"href":"http:\/\/vincentians.com\/fr\/wp-json\/wp\/v2\/posts\/107415\/revisions"}],"wp:featuredmedia":[{"embeddable":true,"href":"http:\/\/vincentians.com\/fr\/wp-json\/"}],"wp:attachment":[{"href":"http:\/\/vincentians.com\/fr\/wp-json\/wp\/v2\/media?parent=107415"}],"wp:term":[{"taxonomy":"category","embeddable":true,"href":"http:\/\/vincentians.com\/fr\/wp-json\/wp\/v2\/categories?post=107415"},{"taxonomy":"post_tag","embeddable":true,"href":"http:\/\/vincentians.com\/fr\/wp-json\/wp\/v2\/tags?post=107415"}],"curies":[{"name":"wp","href":"https:\/\/api.w.org\/{rel}","templated":true}]}}