{"id":107383,"date":"2016-07-29T08:30:15","date_gmt":"2016-07-29T06:30:15","guid":{"rendered":"http:\/\/vincentiens.org\/?p=107383"},"modified":"2016-07-29T08:30:50","modified_gmt":"2016-07-29T06:30:50","slug":"aumones-pour-notre-saint-pere-pape-pie-ix","status":"publish","type":"post","link":"http:\/\/vincentians.com\/fr\/aumones-pour-notre-saint-pere-pape-pie-ix\/","title":{"rendered":"Aum\u00f4nes pour notre Saint-P\u00e8re le Pape Pie IX"},"content":{"rendered":"<div>\n<p>Le signe que nous attendions est venu rompre un silence bien long pour nous, et nous permettre de r\u00e9p\u00e9ter un appel qui devait s\u2019\u00e9lever de tous c\u00f4t\u00e9s en m\u00eame temps, afin que personne n\u2019y reconn\u00fbt la voix des partis.<\/p>\n<p>Au moment o\u00f9 la France apprit l\u2019ingratitude de Rome et Fexil de Ga\u00ebte, tous les c\u0153urs s\u2019\u00e9murent, tous les yeux se tourn\u00e8rent vers le pontife dont l\u2019Europe, enti\u00e8re admirait la saintet\u00e9 et la sagesse ; et non-seulement ceux qui croient, mais beaucoup de ceux (pii ont le malheur de ne pas croire, tou\u00adch\u00e9s d\u2019une si auguste infortune, auraient voulu mettre \u00e0 ses pieds leurs biens et leurs vies.<\/p>\n<p>Les jours \u00e9coul\u00e9s n\u2019ont rien fait pour calmer l\u2019\u00e9motion des premiers moments : la grande injus\u00adtice dure encore, et les besoins se sont multipli\u00e9s. Pie IX, qui le lendemain de son av\u00e8nement avait fait vendre la moiti\u00e9 des chevaux de ses \u00e9curies, qui \u00e9puisait son patrimoine en charit\u00e9s, n\u2019avait pas attendu l\u2019heure de l\u2019\u00e9preuve pour se d\u00e9pouiller d\u2019un luxe d\u00e9sormais inutile. Tous ceux qui ont eu l\u2019honneur de l\u2019approcher savent combien il lui co\u00fb\u00adterait peu de retourner aux filets de saint Pierre ou \u00e0 l\u2019obscurit\u00e9 des catacombes; et il n\u2019y a pas longtemps qu\u2019on lui entendait dire \u00ab qu\u2019il remer- \u00ab cicrait Dieu, tant qu\u2019on lui laisserait une besace a et un b\u00e2ton avec la libert\u00e9 de parcourir la terre \u00ab en b\u00e9nissant les peuples sur son chemin. \u00bb Mais au-dessous du souverain pontife, il faut voir toutes les grandes administrations de l\u2019Eglise, le consis\u00adtoire, la propagande, la p\u00e9nitenccrieel tant d\u2019autres<\/p>\n<p>dont les actes sont gratuits, les charges immenses, les revenus taris, dont les ressources naturelles seraient perdues pour longtemps, lors m\u00eame que l\u2019autorit\u00e9 pontificale ne tarderait pas \u00e0 rentrer dans Rome, et qui, interrompues dans leur exercice, jetteraient le trouble dans toutes les affaires reli\u00adgieuses de la chr\u00e9tient\u00e9. D\u2019ailleurs, quand l\u2019Etat romain se trouve sous le poids de tant de difficult\u00e9s, il n\u2019est pas juste de lui laisser supporter tout ce qu\u2019a de dispendieux le gouvernement des con\u00adsciences par toute la terre.<\/p>\n<p>Sans doute l\u2019hospitalit\u00e9 de Naples et la bienfai\u00adsance de l\u2019Espagne ont pourvu aux premi\u00e8res n\u00e9\u00adcessit\u00e9s; mais il ne convient ni \u00e0 l\u2019honneur de la France, ni \u00e0 la dignit\u00e9 de la R\u00e9publique, de souf\u00adfrir que la papaut\u00e9 soit pensionnaire des couronnes \u00e9trang\u00e8res. La France, qui a pourvu depuis onze cents ans \u00e0 la libert\u00e9 du souverain pontificat, en lui donnant un domaine temporel, dont les rois allaient tenir l\u2019\u00e9trier d\u2019Alexandre III et d\u2019Inno- eent IV, quand ces grands proscrits fuyaient aussi devant les Gibelins de leur si\u00e8cle, la France ne peut oublier ni ses droits ni ses devoirs. Si le malheur des temps et les intrigues des factions ne permettent pas au pontife de venir nous demander un asile dont les passions politiques abuseraient ; si Pie IX , retenu d\u2019ailleurs par l\u2019espoir du prochain repentir de son peuple, ne vient pas \u00e0 nous, par nos aum\u00f4nes nous irons \u00e0 lui. Nous ferons voir au monde et \u00e0 l\u2019Italie, qui a besoin de cette le\u00e7on, que la passion de la libert\u00e9 n\u2019a \u00e9touff\u00e9 dans nos c\u0153urs ni la foi, ni la justice, ni la reconnaissance. Nous rendrons cet hommage au pontife lib\u00e9rateur, dont le malheur pr\u00e9sent n\u2019est pas moins l\u2019ouvrage des ennemis de ses r\u00e9formes que des ennemis de son autorit\u00e9. Surtout nous rendrons ce service \u00e0 l\u2019ind\u00e9\u00adpendance de l\u2019Eglise ; nous rendrons \u00e0 Pie IX cette libert\u00e9 \u00e0 laquelle il r\u00e9duit ses d\u00e9sirs, et que la diplomatie europ\u00e9enne ne lui reconna\u00eet pas, d\u2019aller o\u00f9 il lui pla\u00eet et de b\u00e9nir comme il veut. Les offrandes du monde catholique, qui rachet\u00e8rent autrefois tant de prisonniers, d\u00e9livreront le souve\u00adrain pontificat des partis qui voudraient en faire l\u2019instrument d\u2019une nationalit\u00e9, comme des rois qui voudraient en faire l\u2019\u00e9tai de leurs tr\u00f4nes. Nous au\u00adrons prouv\u00e9 qu\u2019il n\u2019y a pas une terre catholique, si calomni\u00e9e qu\u2019elle soit, qui ne puisse donner au vicaire de J\u00e9sus-Christ le pain et le vin du sacri\u00adfice, et que l\u2019\u00c9glise, ce pouvoir spirituel, se joue des entraves financi\u00e8res auxquelles une politique mat\u00e9rialiste assujettit les empires.<\/p>\n<p>Enfin nous ferons un acte de foi. Au temps des guerres saintes, quiconque prenait l\u2019\u00e9p\u00e9c pour la d\u00e9livrance de J\u00e9rusalem mettait la croix sur sa poitrine. Ceux qui veulent la mettre sur leur front s\u2019engageront dans cette croisade pacifique. Les jours o\u00f9 nous vivons sont difficiles, l\u2019avenir obscur, les questions politiques capables d\u2019armer toutes les passions et de troubler la pr\u00e9voyance des plus fermes esprits. Mais au milieu de cette lutte des opinions politiques, c\u2019est un fait consid\u00e9rable qu\u2019aucune doctrine philosophique, aucune doctrine religieuse n\u2019ait pr\u00e9tendu \u00e0 la conqu\u00eate des \u00e2mes, et que le Christianisme soit rest\u00e9 seul sans contra\u00addicteurs dans un temps qui a tout contredit. Jamais la foi ne s\u2019est montr\u00e9e plus forte qu\u2019au milieu des ruines de 1848, de m\u00eame que nos cath\u00e9drales pa\u00adraissent plus grandes que jamais quand on d\u00e9molit ces constructions, qui semblaient les soutenir et qui ne faisaient que cacher la solidit\u00e9 de leurs mu\u00adrailles. L\u2019exil\u00e9 de Ga\u00ebte a d\u00e9j\u00e0 re\u00e7u plus d\u2019hom\u00admages sur ce rocher solitaire que les plus glorieux de ses pr\u00e9d\u00e9cesseurs sous les vo\u00fbtes dor\u00e9es du Va\u00adtican. Nos offrandes sont comme autant d\u2019adh\u00e9\u00adsions, comme autant de pierres ajout\u00e9es \u00e0 ce fon\u00addement \u00e9ternel de la foi. Debout sur le pi\u00e9destal que nous aurons \u00e9largi, Pie IX para\u00eetra aux yeux de la post\u00e9rit\u00e9 comme la plus grande image de l\u2019in\u00e9branlable autorit\u00e9 du Christianisme, comme on voit dans les mosa\u00efques des vieilles \u00e9glises ro\u00admaines le Christ debout sur le rocher, et disant aux faibles : Ne craignez pas, j\u2019ai vaincu le monde.<\/p>\n<p style=\"padding-left: 30px;\">Ego vici munduni.<\/p>\n<p>A Dieu ne plaise que nous ayons l\u2019ambition de mesurer aux faibles sommes que nous recueillerons la pi\u00e9t\u00e9 de la France ! Le plus grand nombre des offrandes ira se cacher avec l\u2019obole de la veuve dans le tronc des.paroisses. Mais \u00e0 c\u00f4te de l\u2019obole secr\u00e8te que Dieu aime, il est bon qu\u2019on voie la protestation \u00e9clatanle qui instruit les hommes. Il est juste qu\u2019une r\u00e9paration solennelle efface la trace de l\u2019injure pu\u00adblique. Il est honorable que des fils veuillent \u00eatre nomm\u00e9s \u00e0 leur p\u00e8re et qu\u2019ils lui disent : \u00ab Tr\u00e8s- saint P\u00e8re, il y a plusieurs mois qu\u2019aux premiers nuages qui troubl\u00e8rent la s\u00e9r\u00e9nit\u00e9 de vos ann\u00e9es, nous ne voulions pas pr\u00e9voir vos douleurs futures, mais nous leur permettions d\u2019avance un adoucisse\u00adment dans le respect et l\u2019amour de tout l\u2019univers. Puisque Dieu a permis pour votre gloire et pour notre enseignement que les mauvais jours, soient venus, tr\u00e8s-saint P\u00e8re, recevez l\u2019aum\u00f4ne de la France ; recevez-la comme le Sauveur re\u00e7ut les cinq pains et les deux poissons du jeune homme sur la montagne ; b\u00e9nissez ce pain, rompez-le et qu\u2019il se multiplie comme les besoins de l\u2019Eglise. En tendant vers nous cette main que tant de l\u00e8vres ardentes ont bais\u00e9e, vous nous donnerez bien plus, saint P\u00e8re, que vous n\u2019aurez re\u00e7u. Yous donnerez un grand exemple \u00e0 cette soci\u00e9t\u00e9 \u00e0 laquelle on veut enseigner le m\u00e9pris de l\u2019aum\u00f4ne, l\u2019abolition de la charit\u00e9 et la fraternit\u00e9 par la spoliation. Quand le repr\u00e9sentant de N. S. J\u00e9sus-Cbrisl, et par cons\u00e9\u00adquent de tous les pauvres, dont J\u00e9sus-Christ est le chef, quand le lib\u00e9rateur des peuples, quand le glorieux Pie IX aura accept\u00e9 l\u2019aum\u00f4ne, qui donc la refusera? La bienfaisance catholique, r\u00e9habilit\u00e9e en la personne d\u2019un si grand Pontife, n\u2019humiliera plus les indigents; elle ne trouvera plus d\u00e9port\u00e9 qui lui soit ferm\u00e9e; elle fera le tour des nations malades, gu\u00e9rissant leurs mis\u00e8res, mais bien plus encore leurs col\u00e8res et leurs ressentiments. Et il se trouvera que Dieu, en vous conduisant peut-\u00eatre dans l\u2019exil pour renouveler la foi par le spectacle d\u2019une autorit\u00e9 sans appuis terrestres, vous y avait aussi men\u00e9, tr\u00e8s-saint P\u00e8re, pour renouveler la charit\u00e9, qui est le dernier secret de notre r\u00e9g\u00e9n\u00e9\u00adration. \u00bb<\/p>\n<\/div>\n","protected":false},"excerpt":{"rendered":"<p>Le signe que nous attendions est venu rompre un silence bien long pour nous, et nous permettre de r\u00e9p\u00e9ter un appel qui devait s\u2019\u00e9lever de tous c\u00f4t\u00e9s en m\u00eame temps, afin que personne n\u2019y reconn\u00fbt &#8230; <a href=\"http:\/\/vincentians.com\/fr\/aumones-pour-notre-saint-pere-pape-pie-ix\/\" class=\"more-link\">Read More<\/a><\/p>\n","protected":false},"author":4,"featured_media":189822,"comment_status":"open","ping_status":"open","sticky":false,"template":"","format":"standard","meta":{"jetpack_post_was_ever_published":false,"_jetpack_newsletter_access":"","_jetpack_dont_email_post_to_subs":false,"_jetpack_newsletter_tier_id":0,"_jetpack_memberships_contains_paywalled_content":false,"_jetpack_memberships_contains_paid_content":false,"footnotes":"","jetpack_publicize_message":"","jetpack_publicize_feature_enabled":true,"jetpack_social_post_already_shared":true,"jetpack_social_options":{"image_generator_settings":{"template":"highway","default_image_id":0,"font":"","enabled":false},"version":2}},"categories":[122],"tags":[],"class_list":["post-107383","post","type-post","status-publish","format-standard","has-post-thumbnail","hentry","category-articles-de-frederic-ozanam"],"yoast_head":"<!-- This site is optimized with the Yoast SEO plugin v26.3 - https:\/\/yoast.com\/wordpress\/plugins\/seo\/ -->\n<title>Aum\u00f4nes pour notre Saint-P\u00e8re le Pape Pie IX - Nous Sommes Vincentiens<\/title>\n<meta name=\"robots\" content=\"index, follow, max-snippet:-1, max-image-preview:large, max-video-preview:-1\" \/>\n<link rel=\"canonical\" href=\"http:\/\/vincentians.com\/fr\/aumones-pour-notre-saint-pere-pape-pie-ix\/\" \/>\n<meta property=\"og:locale\" content=\"fr_FR\" \/>\n<meta property=\"og:type\" content=\"article\" \/>\n<meta property=\"og:title\" content=\"Aum\u00f4nes pour notre Saint-P\u00e8re le Pape Pie IX - Nous Sommes Vincentiens\" \/>\n<meta property=\"og:description\" content=\"Le signe que nous attendions est venu rompre un silence bien long pour nous, et nous permettre de r\u00e9p\u00e9ter un appel qui devait s\u2019\u00e9lever de tous c\u00f4t\u00e9s en m\u00eame temps, afin que personne n\u2019y reconn\u00fbt ... Read More\" \/>\n<meta property=\"og:url\" content=\"http:\/\/vincentians.com\/fr\/aumones-pour-notre-saint-pere-pape-pie-ix\/\" \/>\n<meta property=\"og:site_name\" content=\"Nous Sommes Vincentiens\" \/>\n<meta property=\"article:publisher\" content=\"https:\/\/www.facebook.com\/WeAreVincentians\/\" \/>\n<meta property=\"article:author\" content=\"https:\/\/www.facebook.com\/JavierChento\" \/>\n<meta property=\"article:published_time\" content=\"2016-07-29T06:30:15+00:00\" \/>\n<meta property=\"article:modified_time\" content=\"2016-07-29T06:30:50+00:00\" \/>\n<meta property=\"og:image\" content=\"https:\/\/i0.wp.com\/vincentians.com\/fr\/wp-content\/uploads\/sites\/10\/2016\/07\/Pie-IX.jpg?fit=1200%2C630\" \/>\n\t<meta property=\"og:image:width\" content=\"1200\" \/>\n\t<meta property=\"og:image:height\" content=\"630\" \/>\n\t<meta property=\"og:image:type\" content=\"image\/jpeg\" \/>\n<meta name=\"author\" content=\"Francisco Javier Fern\u00e1ndez Chento\" \/>\n<meta name=\"twitter:card\" content=\"summary_large_image\" \/>\n<meta name=\"twitter:creator\" content=\"@https:\/\/twitter.com\/javierchento\" \/>\n<meta name=\"twitter:site\" content=\"@WeVincentians\" \/>\n<meta name=\"twitter:label1\" content=\"\u00c9crit par\" \/>\n\t<meta name=\"twitter:data1\" content=\"Francisco Javier Fern\u00e1ndez Chento\" \/>\n\t<meta name=\"twitter:label2\" content=\"Dur\u00e9e de lecture estim\u00e9e\" \/>\n\t<meta name=\"twitter:data2\" content=\"7 minutes\" \/>\n<script type=\"application\/ld+json\" class=\"yoast-schema-graph\">{\"@context\":\"https:\/\/schema.org\",\"@graph\":[{\"@type\":\"WebPage\",\"@id\":\"http:\/\/vincentians.com\/fr\/aumones-pour-notre-saint-pere-pape-pie-ix\/\",\"url\":\"http:\/\/vincentians.com\/fr\/aumones-pour-notre-saint-pere-pape-pie-ix\/\",\"name\":\"Aum\u00f4nes pour notre Saint-P\u00e8re le Pape Pie IX - Nous Sommes Vincentiens\",\"isPartOf\":{\"@id\":\"http:\/\/vincentians.com\/fr\/#website\"},\"primaryImageOfPage\":{\"@id\":\"http:\/\/vincentians.com\/fr\/aumones-pour-notre-saint-pere-pape-pie-ix\/#primaryimage\"},\"image\":{\"@id\":\"http:\/\/vincentians.com\/fr\/aumones-pour-notre-saint-pere-pape-pie-ix\/#primaryimage\"},\"thumbnailUrl\":\"https:\/\/i0.wp.com\/vincentians.com\/fr\/wp-content\/uploads\/sites\/10\/2016\/07\/Pie-IX.jpg?fit=1200%2C630\",\"datePublished\":\"2016-07-29T06:30:15+00:00\",\"dateModified\":\"2016-07-29T06:30:50+00:00\",\"author\":{\"@id\":\"http:\/\/vincentians.com\/fr\/#\/schema\/person\/9623ef4d9aa3b2dfb8c061f1499288f2\"},\"breadcrumb\":{\"@id\":\"http:\/\/vincentians.com\/fr\/aumones-pour-notre-saint-pere-pape-pie-ix\/#breadcrumb\"},\"inLanguage\":\"fr-FR\",\"potentialAction\":[{\"@type\":\"ReadAction\",\"target\":[\"http:\/\/vincentians.com\/fr\/aumones-pour-notre-saint-pere-pape-pie-ix\/\"]}]},{\"@type\":\"ImageObject\",\"inLanguage\":\"fr-FR\",\"@id\":\"http:\/\/vincentians.com\/fr\/aumones-pour-notre-saint-pere-pape-pie-ix\/#primaryimage\",\"url\":\"https:\/\/i0.wp.com\/vincentians.com\/fr\/wp-content\/uploads\/sites\/10\/2016\/07\/Pie-IX.jpg?fit=1200%2C630\",\"contentUrl\":\"https:\/\/i0.wp.com\/vincentians.com\/fr\/wp-content\/uploads\/sites\/10\/2016\/07\/Pie-IX.jpg?fit=1200%2C630\",\"width\":1200,\"height\":630},{\"@type\":\"BreadcrumbList\",\"@id\":\"http:\/\/vincentians.com\/fr\/aumones-pour-notre-saint-pere-pape-pie-ix\/#breadcrumb\",\"itemListElement\":[{\"@type\":\"ListItem\",\"position\":1,\"name\":\"Portada\",\"item\":\"http:\/\/vincentians.com\/fr\/\"},{\"@type\":\"ListItem\",\"position\":2,\"name\":\"Aum\u00f4nes pour notre Saint-P\u00e8re le Pape Pie IX\"}]},{\"@type\":\"WebSite\",\"@id\":\"http:\/\/vincentians.com\/fr\/#website\",\"url\":\"http:\/\/vincentians.com\/fr\/\",\"name\":\"Nous Sommes Vincentiens\",\"description\":\"Know more to serve more\",\"potentialAction\":[{\"@type\":\"SearchAction\",\"target\":{\"@type\":\"EntryPoint\",\"urlTemplate\":\"http:\/\/vincentians.com\/fr\/?s={search_term_string}\"},\"query-input\":{\"@type\":\"PropertyValueSpecification\",\"valueRequired\":true,\"valueName\":\"search_term_string\"}}],\"inLanguage\":\"fr-FR\"},{\"@type\":\"Person\",\"@id\":\"http:\/\/vincentians.com\/fr\/#\/schema\/person\/9623ef4d9aa3b2dfb8c061f1499288f2\",\"name\":\"Francisco Javier Fern\u00e1ndez Chento\",\"image\":{\"@type\":\"ImageObject\",\"inLanguage\":\"fr-FR\",\"@id\":\"http:\/\/vincentians.com\/fr\/#\/schema\/person\/image\/\",\"url\":\"https:\/\/secure.gravatar.com\/avatar\/497d5cde87b4c3d097d0315953521681ba2cd523ee66e5077c3711f7021e65de?s=96&d=mm&r=g\",\"contentUrl\":\"https:\/\/secure.gravatar.com\/avatar\/497d5cde87b4c3d097d0315953521681ba2cd523ee66e5077c3711f7021e65de?s=96&d=mm&r=g\",\"caption\":\"Francisco Javier Fern\u00e1ndez Chento\"},\"description\":\"Director General y cofundador de La Red de Formaci\u00f3n Vicenciana. Javier es laico vicenciano, afiliado a la Congregaci\u00f3n de la Misi\u00f3n y miembro del Equipo de Misiones Populares de la provincia can\u00f3nica de Zaragoza (Espa\u00f1a) de la Congregaci\u00f3n de la Misi\u00f3n. Graduado en la Universidad Oberta de Catalunya con cuatro grados (Asistente de direcci\u00f3n, Gesti\u00f3n Administrativa, Recursos Humanos y Contabilidad Avanzada). Bil\u00edng\u00fce Espa\u00f1ol\/Ingl\u00e9s. gestiona y mantiene varias p\u00e1ginas web cristianas y vicencianas, incluida including La Red de Formaci\u00f3n Vicenciana, de la que es cofundador. Actualmente es responsable del \u00e1rea de Espa\u00f1ol de .famvin, la Red de Noticias de la Familia Vicenciana. Tambi\u00e9n es m\u00fasico cat\u00f3lico y ha editado varios discos. Es Director General y cofundador de Trovador, una reconocida compa\u00f1\u00eda discogr\u00e1fica critiana de Espa\u00f1a. Trabaja en las Tecnolog\u00edas de la Informaci\u00f3n, ofreciendo servicios de alojamiento, dise\u00f1o y mantenimiento Web, as\u00ed como asesoramiento, formaci\u00f3n y soluciones inform\u00e1ticas, gesti\u00f3n documental y digitalizaci\u00f3n de textos, edici\u00f3n y maquetaci\u00f3n de libros, revistas, flyers, etc.\",\"sameAs\":[\"http:\/\/chento.org\",\"https:\/\/www.facebook.com\/JavierChento\",\"https:\/\/x.com\/https:\/\/twitter.com\/javierchento\"],\"url\":\"http:\/\/vincentians.com\/fr\/author\/chento\/\"}]}<\/script>\n<!-- \/ Yoast SEO plugin. -->","yoast_head_json":{"title":"Aum\u00f4nes pour notre Saint-P\u00e8re le Pape Pie IX - Nous Sommes Vincentiens","robots":{"index":"index","follow":"follow","max-snippet":"max-snippet:-1","max-image-preview":"max-image-preview:large","max-video-preview":"max-video-preview:-1"},"canonical":"http:\/\/vincentians.com\/fr\/aumones-pour-notre-saint-pere-pape-pie-ix\/","og_locale":"fr_FR","og_type":"article","og_title":"Aum\u00f4nes pour notre Saint-P\u00e8re le Pape Pie IX - Nous Sommes Vincentiens","og_description":"Le signe que nous attendions est venu rompre un silence bien long pour nous, et nous permettre de r\u00e9p\u00e9ter un appel qui devait s\u2019\u00e9lever de tous c\u00f4t\u00e9s en m\u00eame temps, afin que personne n\u2019y reconn\u00fbt ... Read More","og_url":"http:\/\/vincentians.com\/fr\/aumones-pour-notre-saint-pere-pape-pie-ix\/","og_site_name":"Nous Sommes Vincentiens","article_publisher":"https:\/\/www.facebook.com\/WeAreVincentians\/","article_author":"https:\/\/www.facebook.com\/JavierChento","article_published_time":"2016-07-29T06:30:15+00:00","article_modified_time":"2016-07-29T06:30:50+00:00","og_image":[{"width":1200,"height":630,"url":"https:\/\/i0.wp.com\/vincentians.com\/fr\/wp-content\/uploads\/sites\/10\/2016\/07\/Pie-IX.jpg?fit=1200%2C630","type":"image\/jpeg"}],"author":"Francisco Javier Fern\u00e1ndez Chento","twitter_card":"summary_large_image","twitter_creator":"@https:\/\/twitter.com\/javierchento","twitter_site":"@WeVincentians","twitter_misc":{"\u00c9crit par":"Francisco Javier Fern\u00e1ndez Chento","Dur\u00e9e de lecture estim\u00e9e":"7 minutes"},"schema":{"@context":"https:\/\/schema.org","@graph":[{"@type":"WebPage","@id":"http:\/\/vincentians.com\/fr\/aumones-pour-notre-saint-pere-pape-pie-ix\/","url":"http:\/\/vincentians.com\/fr\/aumones-pour-notre-saint-pere-pape-pie-ix\/","name":"Aum\u00f4nes pour notre Saint-P\u00e8re le Pape Pie IX - Nous Sommes Vincentiens","isPartOf":{"@id":"http:\/\/vincentians.com\/fr\/#website"},"primaryImageOfPage":{"@id":"http:\/\/vincentians.com\/fr\/aumones-pour-notre-saint-pere-pape-pie-ix\/#primaryimage"},"image":{"@id":"http:\/\/vincentians.com\/fr\/aumones-pour-notre-saint-pere-pape-pie-ix\/#primaryimage"},"thumbnailUrl":"https:\/\/i0.wp.com\/vincentians.com\/fr\/wp-content\/uploads\/sites\/10\/2016\/07\/Pie-IX.jpg?fit=1200%2C630","datePublished":"2016-07-29T06:30:15+00:00","dateModified":"2016-07-29T06:30:50+00:00","author":{"@id":"http:\/\/vincentians.com\/fr\/#\/schema\/person\/9623ef4d9aa3b2dfb8c061f1499288f2"},"breadcrumb":{"@id":"http:\/\/vincentians.com\/fr\/aumones-pour-notre-saint-pere-pape-pie-ix\/#breadcrumb"},"inLanguage":"fr-FR","potentialAction":[{"@type":"ReadAction","target":["http:\/\/vincentians.com\/fr\/aumones-pour-notre-saint-pere-pape-pie-ix\/"]}]},{"@type":"ImageObject","inLanguage":"fr-FR","@id":"http:\/\/vincentians.com\/fr\/aumones-pour-notre-saint-pere-pape-pie-ix\/#primaryimage","url":"https:\/\/i0.wp.com\/vincentians.com\/fr\/wp-content\/uploads\/sites\/10\/2016\/07\/Pie-IX.jpg?fit=1200%2C630","contentUrl":"https:\/\/i0.wp.com\/vincentians.com\/fr\/wp-content\/uploads\/sites\/10\/2016\/07\/Pie-IX.jpg?fit=1200%2C630","width":1200,"height":630},{"@type":"BreadcrumbList","@id":"http:\/\/vincentians.com\/fr\/aumones-pour-notre-saint-pere-pape-pie-ix\/#breadcrumb","itemListElement":[{"@type":"ListItem","position":1,"name":"Portada","item":"http:\/\/vincentians.com\/fr\/"},{"@type":"ListItem","position":2,"name":"Aum\u00f4nes pour notre Saint-P\u00e8re le Pape Pie IX"}]},{"@type":"WebSite","@id":"http:\/\/vincentians.com\/fr\/#website","url":"http:\/\/vincentians.com\/fr\/","name":"Nous Sommes Vincentiens","description":"Know more to serve more","potentialAction":[{"@type":"SearchAction","target":{"@type":"EntryPoint","urlTemplate":"http:\/\/vincentians.com\/fr\/?s={search_term_string}"},"query-input":{"@type":"PropertyValueSpecification","valueRequired":true,"valueName":"search_term_string"}}],"inLanguage":"fr-FR"},{"@type":"Person","@id":"http:\/\/vincentians.com\/fr\/#\/schema\/person\/9623ef4d9aa3b2dfb8c061f1499288f2","name":"Francisco Javier Fern\u00e1ndez Chento","image":{"@type":"ImageObject","inLanguage":"fr-FR","@id":"http:\/\/vincentians.com\/fr\/#\/schema\/person\/image\/","url":"https:\/\/secure.gravatar.com\/avatar\/497d5cde87b4c3d097d0315953521681ba2cd523ee66e5077c3711f7021e65de?s=96&d=mm&r=g","contentUrl":"https:\/\/secure.gravatar.com\/avatar\/497d5cde87b4c3d097d0315953521681ba2cd523ee66e5077c3711f7021e65de?s=96&d=mm&r=g","caption":"Francisco Javier Fern\u00e1ndez Chento"},"description":"Director General y cofundador de La Red de Formaci\u00f3n Vicenciana. Javier es laico vicenciano, afiliado a la Congregaci\u00f3n de la Misi\u00f3n y miembro del Equipo de Misiones Populares de la provincia can\u00f3nica de Zaragoza (Espa\u00f1a) de la Congregaci\u00f3n de la Misi\u00f3n. Graduado en la Universidad Oberta de Catalunya con cuatro grados (Asistente de direcci\u00f3n, Gesti\u00f3n Administrativa, Recursos Humanos y Contabilidad Avanzada). Bil\u00edng\u00fce Espa\u00f1ol\/Ingl\u00e9s. gestiona y mantiene varias p\u00e1ginas web cristianas y vicencianas, incluida including La Red de Formaci\u00f3n Vicenciana, de la que es cofundador. Actualmente es responsable del \u00e1rea de Espa\u00f1ol de .famvin, la Red de Noticias de la Familia Vicenciana. Tambi\u00e9n es m\u00fasico cat\u00f3lico y ha editado varios discos. Es Director General y cofundador de Trovador, una reconocida compa\u00f1\u00eda discogr\u00e1fica critiana de Espa\u00f1a. Trabaja en las Tecnolog\u00edas de la Informaci\u00f3n, ofreciendo servicios de alojamiento, dise\u00f1o y mantenimiento Web, as\u00ed como asesoramiento, formaci\u00f3n y soluciones inform\u00e1ticas, gesti\u00f3n documental y digitalizaci\u00f3n de textos, edici\u00f3n y maquetaci\u00f3n de libros, revistas, flyers, etc.","sameAs":["http:\/\/chento.org","https:\/\/www.facebook.com\/JavierChento","https:\/\/x.com\/https:\/\/twitter.com\/javierchento"],"url":"http:\/\/vincentians.com\/fr\/author\/chento\/"}]}},"jetpack_publicize_connections":[],"jetpack_featured_media_url":"https:\/\/i0.wp.com\/vincentians.com\/fr\/wp-content\/uploads\/sites\/10\/2016\/07\/Pie-IX.jpg?fit=1200%2C630","jetpack_sharing_enabled":true,"jetpack_shortlink":"https:\/\/wp.me\/p7ETMP-rVZ","jetpack-related-posts":[{"id":106659,"url":"http:\/\/vincentians.com\/fr\/la-vie-du-venerable-serviteur-de-dieu-vincent-de-paul-livre-second-chapitre-dernier-section-ix\/","url_meta":{"origin":107383,"position":0},"title":"La vie du v\u00e9n\u00e9rable serviteur de Dieu Vincent de Paul, Livre second, Chapitre Dernier, Section IX","author":"Francisco Javier Fern\u00e1ndez Chento","date":"21\/11\/2013","format":false,"excerpt":"Section IX\u00a0: Diverses autres affaires de pi\u00e9t\u00e9 auxquelles M. Vincent s'est employ\u00e9 dans le Conseil du Roi Le z\u00e8le de M. Vincent pour tout ce qui concernait les int\u00e9r\u00eats du service et de l'honneur de Dieu le tenait dans une attention continuelle sur toutes les occasions qui se pr\u00e9sentaient pour\u2026","rel":"","context":"Dans &quot;Vincent de Paul&quot;","block_context":{"text":"Vincent de Paul","link":"http:\/\/vincentians.com\/fr\/category\/the-vincentian-family\/founders\/vincent-de-paul\/"},"img":{"alt_text":"","src":"https:\/\/i0.wp.com\/vincentians.com\/fr\/wp-content\/uploads\/sites\/10\/2016\/07\/abelly-feat.jpg?fit=1200%2C630&resize=350%2C200","width":350,"height":200,"srcset":"https:\/\/i0.wp.com\/vincentians.com\/fr\/wp-content\/uploads\/sites\/10\/2016\/07\/abelly-feat.jpg?fit=1200%2C630&resize=350%2C200 1x, https:\/\/i0.wp.com\/vincentians.com\/fr\/wp-content\/uploads\/sites\/10\/2016\/07\/abelly-feat.jpg?fit=1200%2C630&resize=525%2C300 1.5x, https:\/\/i0.wp.com\/vincentians.com\/fr\/wp-content\/uploads\/sites\/10\/2016\/07\/abelly-feat.jpg?fit=1200%2C630&resize=700%2C400 2x, https:\/\/i0.wp.com\/vincentians.com\/fr\/wp-content\/uploads\/sites\/10\/2016\/07\/abelly-feat.jpg?fit=1200%2C630&resize=1050%2C600 3x"},"classes":[]},{"id":38257,"url":"http:\/\/vincentians.com\/fr\/elements-dunion-dans-la-famille-vincentienne\/","url_meta":{"origin":107383,"position":1},"title":"\u00c9l\u00e9ments d\u2019union dans la Famille Vincentienne","author":"Francisco Javier Fern\u00e1ndez Chento","date":"04\/08\/2016","format":false,"excerpt":"A. De quelle famille parlons-nous ? Lorsque nous parlons de la Famille Vincentienne nous faisons allusion \u00e0 tous ces groupes d\u2019associations ou \u00e0 des congr\u00e9gations qui, dans leur vie (style) et dans leur action (apostolat), s\u2019inspirent avec diverses nuances, de ce que nous appelons aujourd\u2019hui \u00ab charisme vincentien \u00bb. D\u2019autre\u2026","rel":"","context":"Dans &quot;La Famille Vincentienne&quot;","block_context":{"text":"La Famille Vincentienne","link":"http:\/\/vincentians.com\/fr\/category\/la-famille-vincentienne\/"},"img":{"alt_text":"","src":"https:\/\/i0.wp.com\/vincentians.com\/fr\/wp-content\/uploads\/sites\/10\/2014\/01\/Vincentian-Family-leaders-meeting-in-Paris.jpg?fit=1200%2C630&resize=350%2C200","width":350,"height":200,"srcset":"https:\/\/i0.wp.com\/vincentians.com\/fr\/wp-content\/uploads\/sites\/10\/2014\/01\/Vincentian-Family-leaders-meeting-in-Paris.jpg?fit=1200%2C630&resize=350%2C200 1x, https:\/\/i0.wp.com\/vincentians.com\/fr\/wp-content\/uploads\/sites\/10\/2014\/01\/Vincentian-Family-leaders-meeting-in-Paris.jpg?fit=1200%2C630&resize=525%2C300 1.5x, https:\/\/i0.wp.com\/vincentians.com\/fr\/wp-content\/uploads\/sites\/10\/2014\/01\/Vincentian-Family-leaders-meeting-in-Paris.jpg?fit=1200%2C630&resize=700%2C400 2x, https:\/\/i0.wp.com\/vincentians.com\/fr\/wp-content\/uploads\/sites\/10\/2014\/01\/Vincentian-Family-leaders-meeting-in-Paris.jpg?fit=1200%2C630&resize=1050%2C600 3x"},"classes":[]},{"id":105477,"url":"http:\/\/vincentians.com\/fr\/la-priere-vincentienne-ii\/","url_meta":{"origin":107383,"position":2},"title":"La Pri\u00e8re Vincentienne (II)","author":"Francisco Javier Fern\u00e1ndez Chento","date":"01\/02\/2013","format":false,"excerpt":"II. LA PRI\u00c8RE VINCENTIENNE S. Vincent n'a pas plus \u00e9crit un trait\u00e9 sur la pri\u00e8re que d'autres trait\u00e9s sur d'autres sujets. La \"l\u00e9gende\" de Vincent de Paul nous le montre beaucoup plus homme d'action qu'homme de pri\u00e8re. Elle nous le mon\u00adtre arpentant les rues de Paris \u00e0 la recherche de\u2026","rel":"","context":"Dans &quot;Spiritualit\u00e9&quot;","block_context":{"text":"Spiritualit\u00e9","link":"http:\/\/vincentians.com\/fr\/category\/spiritualite\/"},"img":{"alt_text":"Vincent_de_Paul_and_Virgin_Mary","src":"https:\/\/i0.wp.com\/vincentiens.org\/wp-content\/uploads\/2011\/10\/Vincent_de_Paul_and_Virgin_Mary-300x179.jpg?resize=350%2C200","width":350,"height":200},"classes":[]},{"id":43260,"url":"http:\/\/vincentians.com\/fr\/saint-vincent-de-paul-maitre-doraison-chapitre-v\/","url_meta":{"origin":107383,"position":3},"title":"Saint Vincent De Paul, Ma\u00eetre d\u2019Oraison. Chapitre V","author":"Francisco Javier Fern\u00e1ndez Chento","date":"16\/05\/2015","format":false,"excerpt":"Chapitre V L\u2019oraison accessible \u00e0 tous Apr\u00e8s les pages pr\u00e9c\u00e9dentes o\u00f9 l\u2019oraison mentale est reconnue n\u00e9cessaire pour toute \u00e2me \u00e9prise d\u2019amour de Dieu, le pr\u00e9sent chapitre sur la possibilit\u00e9 de cet exercice peut sembler inutile. Du moment qu\u2019un acte est n\u00e9cessaire aux Chr\u00e9tiens soucieux de perfection, il doit \u00eatre r\u00e9alisable\u2026","rel":"","context":"Dans &quot;Vincent de Paul&quot;","block_context":{"text":"Vincent de Paul","link":"http:\/\/vincentians.com\/fr\/category\/the-vincentian-family\/founders\/vincent-de-paul\/"},"img":{"alt_text":"","src":"https:\/\/i0.wp.com\/vincentians.com\/fr\/wp-content\/uploads\/sites\/10\/2016\/07\/vincent-maitre-d-oraison.jpg?fit=1200%2C630&resize=350%2C200","width":350,"height":200,"srcset":"https:\/\/i0.wp.com\/vincentians.com\/fr\/wp-content\/uploads\/sites\/10\/2016\/07\/vincent-maitre-d-oraison.jpg?fit=1200%2C630&resize=350%2C200 1x, https:\/\/i0.wp.com\/vincentians.com\/fr\/wp-content\/uploads\/sites\/10\/2016\/07\/vincent-maitre-d-oraison.jpg?fit=1200%2C630&resize=525%2C300 1.5x, https:\/\/i0.wp.com\/vincentians.com\/fr\/wp-content\/uploads\/sites\/10\/2016\/07\/vincent-maitre-d-oraison.jpg?fit=1200%2C630&resize=700%2C400 2x, https:\/\/i0.wp.com\/vincentians.com\/fr\/wp-content\/uploads\/sites\/10\/2016\/07\/vincent-maitre-d-oraison.jpg?fit=1200%2C630&resize=1050%2C600 3x"},"classes":[]},{"id":43995,"url":"http:\/\/vincentians.com\/fr\/saint-vincent-de-paul-maitre-doraison-chapitre-ix\/","url_meta":{"origin":107383,"position":4},"title":"Saint Vincent De Paul, Ma\u00eetre d\u2019Oraison. Chapitre IX","author":"Francisco Javier Fern\u00e1ndez Chento","date":"20\/05\/2015","format":false,"excerpt":"Chapitre IX Consid\u00e9rations et r\u00e9flexions : chois des sujets d\u2019oraison, Mani\u00e8res diverses de m\u00e9diter. Le c\u00f4t\u00e9 proprement psychique du r\u00f4le de l\u2019intelligence dans l\u2019oraison a t\u00e9t l\u2019objet du premier chapitre. Il est inutile de revenir sur ce qu\u2019est la concentration et sur ce qui la distingue d\u2019une connaissance superficielle. Les\u2026","rel":"","context":"Dans &quot;Vincent de Paul&quot;","block_context":{"text":"Vincent de Paul","link":"http:\/\/vincentians.com\/fr\/category\/the-vincentian-family\/founders\/vincent-de-paul\/"},"img":{"alt_text":"","src":"https:\/\/i0.wp.com\/vincentians.com\/fr\/wp-content\/uploads\/sites\/10\/2016\/07\/vincent-maitre-d-oraison.jpg?fit=1200%2C630&resize=350%2C200","width":350,"height":200,"srcset":"https:\/\/i0.wp.com\/vincentians.com\/fr\/wp-content\/uploads\/sites\/10\/2016\/07\/vincent-maitre-d-oraison.jpg?fit=1200%2C630&resize=350%2C200 1x, https:\/\/i0.wp.com\/vincentians.com\/fr\/wp-content\/uploads\/sites\/10\/2016\/07\/vincent-maitre-d-oraison.jpg?fit=1200%2C630&resize=525%2C300 1.5x, https:\/\/i0.wp.com\/vincentians.com\/fr\/wp-content\/uploads\/sites\/10\/2016\/07\/vincent-maitre-d-oraison.jpg?fit=1200%2C630&resize=700%2C400 2x, https:\/\/i0.wp.com\/vincentians.com\/fr\/wp-content\/uploads\/sites\/10\/2016\/07\/vincent-maitre-d-oraison.jpg?fit=1200%2C630&resize=1050%2C600 3x"},"classes":[]},{"id":190401,"url":"http:\/\/vincentians.com\/fr\/ephemerides-07-avril\/","url_meta":{"origin":107383,"position":5},"title":"Eph\u00e9m\u00e9rides : 07 avril","author":"Francisco Javier Fern\u00e1ndez Chento","date":"07\/04\/2017","format":false,"excerpt":"1655. L'accession d'Alexandre VII au tr\u00f4ne de saint Pierre donne \u00e0 saint Vincent l'id\u00e9e de soumettre au nouveau Pontife les R\u00e8gles remani\u00e9es de la Compagnie. Il d\u00e9l\u00e8gue, aupr\u00e8s du pape, Edme Jolly, mieux pr\u00e9par\u00e9 que ses pr\u00e9d\u00e9cesseurs \u00e0 cette mission diplomatique. Et, de fait, ses d\u00e9marches auront plein succ\u00e8s, car,\u2026","rel":"","context":"Dans &quot;\u00c9ph\u00e9m\u00e9rides vincentiens&quot;","block_context":{"text":"\u00c9ph\u00e9m\u00e9rides vincentiens","link":"http:\/\/vincentians.com\/fr\/category\/ephemerides-vincentiens\/"},"img":{"alt_text":"","src":"https:\/\/i0.wp.com\/vincentians.com\/fr\/wp-content\/uploads\/sites\/10\/2016\/07\/ephemerides-fb.jpg?fit=1200%2C630&resize=350%2C200","width":350,"height":200,"srcset":"https:\/\/i0.wp.com\/vincentians.com\/fr\/wp-content\/uploads\/sites\/10\/2016\/07\/ephemerides-fb.jpg?fit=1200%2C630&resize=350%2C200 1x, https:\/\/i0.wp.com\/vincentians.com\/fr\/wp-content\/uploads\/sites\/10\/2016\/07\/ephemerides-fb.jpg?fit=1200%2C630&resize=525%2C300 1.5x, https:\/\/i0.wp.com\/vincentians.com\/fr\/wp-content\/uploads\/sites\/10\/2016\/07\/ephemerides-fb.jpg?fit=1200%2C630&resize=700%2C400 2x, https:\/\/i0.wp.com\/vincentians.com\/fr\/wp-content\/uploads\/sites\/10\/2016\/07\/ephemerides-fb.jpg?fit=1200%2C630&resize=1050%2C600 3x"},"classes":[]}],"_links":{"self":[{"href":"http:\/\/vincentians.com\/fr\/wp-json\/wp\/v2\/posts\/107383","targetHints":{"allow":["GET"]}}],"collection":[{"href":"http:\/\/vincentians.com\/fr\/wp-json\/wp\/v2\/posts"}],"about":[{"href":"http:\/\/vincentians.com\/fr\/wp-json\/wp\/v2\/types\/post"}],"author":[{"embeddable":true,"href":"http:\/\/vincentians.com\/fr\/wp-json\/wp\/v2\/users\/4"}],"replies":[{"embeddable":true,"href":"http:\/\/vincentians.com\/fr\/wp-json\/wp\/v2\/comments?post=107383"}],"version-history":[{"count":0,"href":"http:\/\/vincentians.com\/fr\/wp-json\/wp\/v2\/posts\/107383\/revisions"}],"wp:featuredmedia":[{"embeddable":true,"href":"http:\/\/vincentians.com\/fr\/wp-json\/wp\/v2\/media\/189822"}],"wp:attachment":[{"href":"http:\/\/vincentians.com\/fr\/wp-json\/wp\/v2\/media?parent=107383"}],"wp:term":[{"taxonomy":"category","embeddable":true,"href":"http:\/\/vincentians.com\/fr\/wp-json\/wp\/v2\/categories?post=107383"},{"taxonomy":"post_tag","embeddable":true,"href":"http:\/\/vincentians.com\/fr\/wp-json\/wp\/v2\/tags?post=107383"}],"curies":[{"name":"wp","href":"https:\/\/api.w.org\/{rel}","templated":true}]}}