{"id":107358,"date":"2013-12-01T07:12:25","date_gmt":"2013-12-01T06:12:25","guid":{"rendered":"http:\/\/vincentiens.org\/?p=107358"},"modified":"2013-12-01T07:12:25","modified_gmt":"2013-12-01T06:12:25","slug":"1-avent-annee-a-jose-antonio-pagola","status":"publish","type":"post","link":"http:\/\/vincentians.com\/fr\/1-avent-annee-a-jose-antonio-pagola\/","title":{"rendered":"1 Avent (ann\u00e9e A) [Jos\u00e9 Antonio Pagola]"},"content":{"rendered":"<h2><b>Les yeux ouverts<\/b><\/h2>\n<p><a href=\"https:\/\/i0.wp.com\/vincentiens.org\/wp-content\/uploads\/2013\/11\/jose_antonio_pagola.jpg\"><img data-recalc-dims=\"1\" loading=\"lazy\" decoding=\"async\" class=\"alignright size-full wp-image-106934\" alt=\"jose_antonio_pagola\" src=\"https:\/\/i0.wp.com\/vincentiens.org\/wp-content\/uploads\/2013\/11\/jose_antonio_pagola.jpg?resize=257%2C264\" width=\"257\" height=\"264\" \/><\/a><\/p>\n<p>Les premi\u00e8res communaut\u00e9s chr\u00e9tiennes ont v\u00e9cu des ann\u00e9es difficiles. Perdus dans l\u2019immense Empire romain, au milieu de conflits et de pers\u00e9cutions, ces chr\u00e9tiens-l\u00e0 cherchaient\u00a0 force et courage, en attendant l\u2019imminente venue\u00a0 de J\u00e9sus et en rappelant ses paroles : Veillez ; Restez \u00e9veill\u00e9s. Ayez les yeux ouverts. Soyez vigilants.<\/p>\n<p>Ces appels de J\u00e9sus \u00e0 rester \u00e9veill\u00e9s, ont-ils encore une signification pour chacun de nous aujourd\u2019hui ? Que signifie pour nous, chr\u00e9tiens d\u2019aujourd\u2019hui, mettre notre esp\u00e9rance en Dieu tout en gardant les yeux ouverts ? Allons-nous permettre qu\u2019elle disparaisse d\u00e9finitivement de notre monde s\u00e9cularis\u00e9, l\u2019esp\u00e9rance en une ultime justice de Dieu \u00e0 l\u2019\u00e9gard de cette immense majorit\u00e9 de personnes victimes innocentes, qui sont en train de souffrir sans \u00eatre aucunement coupables?<\/p>\n<p>Justement, la mani\u00e8re la plus facile de fausser l\u2019esp\u00e9rance chr\u00e9tienne est d\u2019attendre notre salut \u00e9ternel de la part de Dieu tout en tournant le dos \u00e0 la souffrance que l\u2019on trouve aujourd\u2019hui dans le monde.\u00a0 Nous devrons un jour reconna\u00eetre notre c\u00e9cit\u00e9\u00a0 devant le Christ-Juge : Quand est-ce que nous t\u2019avons vu affam\u00e9, assoiff\u00e9, \u00e9tranger, nu, malade ou en prison et nous ne t\u2019avons pas assist\u00e9 ?\u00a0 Voil\u00e0 quel sera notre dialogue final avec lui si nous vivons les yeux ferm\u00e9s.<\/p>\n<p>Nous devons nous r\u00e9veiller et bien ouvrir les yeux. Etre vigilants pour regarder au-del\u00e0 de nos petits int\u00e9r\u00eats et pr\u00e9occupations. L\u2019esp\u00e9rance du chr\u00e9tien n\u2019est pas une attitude aveugle, car elle n\u2019oublie jamais ceux qui souffrent. La spiritualit\u00e9 chr\u00e9tienne ne consiste pas seulement en un regard vers l\u2019int\u00e9rieur, car le c\u0153ur du chr\u00e9tien doit \u00eatre toujours attentif \u00e0 ceux qui\u00a0 autour de lui vivent abandonn\u00e9s \u00e0 leur sort.<\/p>\n<p>Dans nos communaut\u00e9s chr\u00e9tiennes, il nous faut veiller de plus en plus \u00e0 ce que notre mani\u00e8re de vivre l\u2019esp\u00e9rance ne nous conduise \u00e0 l\u2019indiff\u00e9rence ou \u00e0 l\u2019oubli des pauvres. Dans la religion, nous ne pouvons pas nous isoler pour \u00e9viter d\u2019entendre la clameur de ceux qui meurent chaque jour de faim. Il n\u2019est pas permis de nourrir notre illusion d\u2019innocence pour pr\u00e9server ainsi\u00a0 notre tranquillit\u00e9.<\/p>\n<p>Une esp\u00e9rance en Dieu qui oublie ceux qui, habitant sur cette terre, ne peuvent rien esp\u00e9rer, ne peut-elle pas \u00eatre consid\u00e9r\u00e9e comme la version religieuse d\u2019un certain optimisme \u00e0 tout prix, v\u00e9cu sans lucidit\u00e9 ni responsabilit\u00e9 ? Une recherche de son propre salut \u00e9ternel tout en tournant le dos \u00e0 ceux qui souffrent, ne peut-elle pas \u00eatre accus\u00e9e de \u00ab subtil \u00e9go\u00efsme qui va jusqu\u2019\u00e0 l\u2019au-del\u00e0 \u00bb?<\/p>\n<p>Probablement, notre peu de sensibilit\u00e9 \u00e0 l\u2019\u00e9gard de la souffrance immense qui existe aujourd\u2019hui dans notre monde, est l\u2019un de plus graves sympt\u00f4mes du vieillissement du christianisme actuel. Quand le Pape Fran\u00e7ois r\u00e9clame \u00ab une Eglise plus pauvre et pour les pauvres \u00bb, il est en train de lancer son plus important message aux chr\u00e9tiens des pays du bien-\u00eatre.<\/p>\n","protected":false},"excerpt":{"rendered":"<p>Les yeux ouverts Les premi\u00e8res communaut\u00e9s chr\u00e9tiennes ont v\u00e9cu des ann\u00e9es difficiles. Perdus dans l\u2019immense Empire romain, au milieu de conflits et de pers\u00e9cutions, ces chr\u00e9tiens-l\u00e0 cherchaient\u00a0 force et courage, en attendant l\u2019imminente venue\u00a0 de &#8230; <a href=\"http:\/\/vincentians.com\/fr\/1-avent-annee-a-jose-antonio-pagola\/\" class=\"more-link\">Read More<\/a><\/p>\n","protected":false},"author":4,"featured_media":106934,"comment_status":"open","ping_status":"open","sticky":false,"template":"","format":"standard","meta":{"jetpack_post_was_ever_published":false,"_jetpack_newsletter_access":"","_jetpack_dont_email_post_to_subs":false,"_jetpack_newsletter_tier_id":0,"_jetpack_memberships_contains_paywalled_content":false,"_jetpack_memberships_contains_paid_content":false,"footnotes":"","jetpack_publicize_message":"","jetpack_publicize_feature_enabled":true,"jetpack_social_post_already_shared":true,"jetpack_social_options":{"image_generator_settings":{"template":"highway","default_image_id":0,"font":"","enabled":false},"version":2}},"categories":[141],"tags":[],"class_list":["post-107358","post","type-post","status-publish","format-standard","has-post-thumbnail","hentry","category-homelies-et-reflexions-annee-a"],"yoast_head":"<!-- This site is optimized with the Yoast SEO plugin v26.3 - https:\/\/yoast.com\/wordpress\/plugins\/seo\/ -->\n<title>1 Avent (ann\u00e9e A) [Jos\u00e9 Antonio Pagola] - Nous Sommes Vincentiens<\/title>\n<meta name=\"robots\" content=\"index, follow, max-snippet:-1, max-image-preview:large, max-video-preview:-1\" \/>\n<link rel=\"canonical\" href=\"http:\/\/vincentians.com\/fr\/1-avent-annee-a-jose-antonio-pagola\/\" \/>\n<meta property=\"og:locale\" content=\"fr_FR\" \/>\n<meta property=\"og:type\" content=\"article\" \/>\n<meta property=\"og:title\" content=\"1 Avent (ann\u00e9e A) [Jos\u00e9 Antonio Pagola] - Nous Sommes Vincentiens\" \/>\n<meta property=\"og:description\" content=\"Les yeux ouverts Les premi\u00e8res communaut\u00e9s chr\u00e9tiennes ont v\u00e9cu des ann\u00e9es difficiles. Perdus dans l\u2019immense Empire romain, au milieu de conflits et de pers\u00e9cutions, ces chr\u00e9tiens-l\u00e0 cherchaient\u00a0 force et courage, en attendant l\u2019imminente venue\u00a0 de ... Read More\" \/>\n<meta property=\"og:url\" content=\"http:\/\/vincentians.com\/fr\/1-avent-annee-a-jose-antonio-pagola\/\" \/>\n<meta property=\"og:site_name\" content=\"Nous Sommes Vincentiens\" \/>\n<meta property=\"article:publisher\" content=\"https:\/\/www.facebook.com\/WeAreVincentians\/\" \/>\n<meta property=\"article:author\" content=\"https:\/\/www.facebook.com\/JavierChento\" \/>\n<meta property=\"article:published_time\" content=\"2013-12-01T06:12:25+00:00\" \/>\n<meta name=\"author\" content=\"Francisco Javier Fern\u00e1ndez Chento\" \/>\n<meta name=\"twitter:card\" content=\"summary_large_image\" \/>\n<meta name=\"twitter:creator\" content=\"@https:\/\/twitter.com\/javierchento\" \/>\n<meta name=\"twitter:site\" content=\"@WeVincentians\" \/>\n<meta name=\"twitter:label1\" content=\"\u00c9crit par\" \/>\n\t<meta name=\"twitter:data1\" content=\"Francisco Javier Fern\u00e1ndez Chento\" \/>\n\t<meta name=\"twitter:label2\" content=\"Dur\u00e9e de lecture estim\u00e9e\" \/>\n\t<meta name=\"twitter:data2\" content=\"3 minutes\" \/>\n<script type=\"application\/ld+json\" class=\"yoast-schema-graph\">{\"@context\":\"https:\/\/schema.org\",\"@graph\":[{\"@type\":\"WebPage\",\"@id\":\"http:\/\/vincentians.com\/fr\/1-avent-annee-a-jose-antonio-pagola\/\",\"url\":\"http:\/\/vincentians.com\/fr\/1-avent-annee-a-jose-antonio-pagola\/\",\"name\":\"1 Avent (ann\u00e9e A) [Jos\u00e9 Antonio Pagola] - Nous Sommes Vincentiens\",\"isPartOf\":{\"@id\":\"http:\/\/vincentians.com\/fr\/#website\"},\"primaryImageOfPage\":{\"@id\":\"http:\/\/vincentians.com\/fr\/1-avent-annee-a-jose-antonio-pagola\/#primaryimage\"},\"image\":{\"@id\":\"http:\/\/vincentians.com\/fr\/1-avent-annee-a-jose-antonio-pagola\/#primaryimage\"},\"thumbnailUrl\":\"\",\"datePublished\":\"2013-12-01T06:12:25+00:00\",\"author\":{\"@id\":\"http:\/\/vincentians.com\/fr\/#\/schema\/person\/9623ef4d9aa3b2dfb8c061f1499288f2\"},\"breadcrumb\":{\"@id\":\"http:\/\/vincentians.com\/fr\/1-avent-annee-a-jose-antonio-pagola\/#breadcrumb\"},\"inLanguage\":\"fr-FR\",\"potentialAction\":[{\"@type\":\"ReadAction\",\"target\":[\"http:\/\/vincentians.com\/fr\/1-avent-annee-a-jose-antonio-pagola\/\"]}]},{\"@type\":\"ImageObject\",\"inLanguage\":\"fr-FR\",\"@id\":\"http:\/\/vincentians.com\/fr\/1-avent-annee-a-jose-antonio-pagola\/#primaryimage\",\"url\":\"\",\"contentUrl\":\"\"},{\"@type\":\"BreadcrumbList\",\"@id\":\"http:\/\/vincentians.com\/fr\/1-avent-annee-a-jose-antonio-pagola\/#breadcrumb\",\"itemListElement\":[{\"@type\":\"ListItem\",\"position\":1,\"name\":\"Portada\",\"item\":\"http:\/\/vincentians.com\/fr\/\"},{\"@type\":\"ListItem\",\"position\":2,\"name\":\"1 Avent (ann\u00e9e A) [Jos\u00e9 Antonio Pagola]\"}]},{\"@type\":\"WebSite\",\"@id\":\"http:\/\/vincentians.com\/fr\/#website\",\"url\":\"http:\/\/vincentians.com\/fr\/\",\"name\":\"Nous Sommes Vincentiens\",\"description\":\"Know more to serve more\",\"potentialAction\":[{\"@type\":\"SearchAction\",\"target\":{\"@type\":\"EntryPoint\",\"urlTemplate\":\"http:\/\/vincentians.com\/fr\/?s={search_term_string}\"},\"query-input\":{\"@type\":\"PropertyValueSpecification\",\"valueRequired\":true,\"valueName\":\"search_term_string\"}}],\"inLanguage\":\"fr-FR\"},{\"@type\":\"Person\",\"@id\":\"http:\/\/vincentians.com\/fr\/#\/schema\/person\/9623ef4d9aa3b2dfb8c061f1499288f2\",\"name\":\"Francisco Javier Fern\u00e1ndez Chento\",\"image\":{\"@type\":\"ImageObject\",\"inLanguage\":\"fr-FR\",\"@id\":\"http:\/\/vincentians.com\/fr\/#\/schema\/person\/image\/\",\"url\":\"https:\/\/secure.gravatar.com\/avatar\/497d5cde87b4c3d097d0315953521681ba2cd523ee66e5077c3711f7021e65de?s=96&d=mm&r=g\",\"contentUrl\":\"https:\/\/secure.gravatar.com\/avatar\/497d5cde87b4c3d097d0315953521681ba2cd523ee66e5077c3711f7021e65de?s=96&d=mm&r=g\",\"caption\":\"Francisco Javier Fern\u00e1ndez Chento\"},\"description\":\"Director General y cofundador de La Red de Formaci\u00f3n Vicenciana. Javier es laico vicenciano, afiliado a la Congregaci\u00f3n de la Misi\u00f3n y miembro del Equipo de Misiones Populares de la provincia can\u00f3nica de Zaragoza (Espa\u00f1a) de la Congregaci\u00f3n de la Misi\u00f3n. Graduado en la Universidad Oberta de Catalunya con cuatro grados (Asistente de direcci\u00f3n, Gesti\u00f3n Administrativa, Recursos Humanos y Contabilidad Avanzada). Bil\u00edng\u00fce Espa\u00f1ol\/Ingl\u00e9s. gestiona y mantiene varias p\u00e1ginas web cristianas y vicencianas, incluida including La Red de Formaci\u00f3n Vicenciana, de la que es cofundador. Actualmente es responsable del \u00e1rea de Espa\u00f1ol de .famvin, la Red de Noticias de la Familia Vicenciana. Tambi\u00e9n es m\u00fasico cat\u00f3lico y ha editado varios discos. Es Director General y cofundador de Trovador, una reconocida compa\u00f1\u00eda discogr\u00e1fica critiana de Espa\u00f1a. Trabaja en las Tecnolog\u00edas de la Informaci\u00f3n, ofreciendo servicios de alojamiento, dise\u00f1o y mantenimiento Web, as\u00ed como asesoramiento, formaci\u00f3n y soluciones inform\u00e1ticas, gesti\u00f3n documental y digitalizaci\u00f3n de textos, edici\u00f3n y maquetaci\u00f3n de libros, revistas, flyers, etc.\",\"sameAs\":[\"http:\/\/chento.org\",\"https:\/\/www.facebook.com\/JavierChento\",\"https:\/\/x.com\/https:\/\/twitter.com\/javierchento\"],\"url\":\"http:\/\/vincentians.com\/fr\/author\/chento\/\"}]}<\/script>\n<!-- \/ Yoast SEO plugin. -->","yoast_head_json":{"title":"1 Avent (ann\u00e9e A) [Jos\u00e9 Antonio Pagola] - Nous Sommes Vincentiens","robots":{"index":"index","follow":"follow","max-snippet":"max-snippet:-1","max-image-preview":"max-image-preview:large","max-video-preview":"max-video-preview:-1"},"canonical":"http:\/\/vincentians.com\/fr\/1-avent-annee-a-jose-antonio-pagola\/","og_locale":"fr_FR","og_type":"article","og_title":"1 Avent (ann\u00e9e A) [Jos\u00e9 Antonio Pagola] - Nous Sommes Vincentiens","og_description":"Les yeux ouverts Les premi\u00e8res communaut\u00e9s chr\u00e9tiennes ont v\u00e9cu des ann\u00e9es difficiles. Perdus dans l\u2019immense Empire romain, au milieu de conflits et de pers\u00e9cutions, ces chr\u00e9tiens-l\u00e0 cherchaient\u00a0 force et courage, en attendant l\u2019imminente venue\u00a0 de ... Read More","og_url":"http:\/\/vincentians.com\/fr\/1-avent-annee-a-jose-antonio-pagola\/","og_site_name":"Nous Sommes Vincentiens","article_publisher":"https:\/\/www.facebook.com\/WeAreVincentians\/","article_author":"https:\/\/www.facebook.com\/JavierChento","article_published_time":"2013-12-01T06:12:25+00:00","author":"Francisco Javier Fern\u00e1ndez Chento","twitter_card":"summary_large_image","twitter_creator":"@https:\/\/twitter.com\/javierchento","twitter_site":"@WeVincentians","twitter_misc":{"\u00c9crit par":"Francisco Javier Fern\u00e1ndez Chento","Dur\u00e9e de lecture estim\u00e9e":"3 minutes"},"schema":{"@context":"https:\/\/schema.org","@graph":[{"@type":"WebPage","@id":"http:\/\/vincentians.com\/fr\/1-avent-annee-a-jose-antonio-pagola\/","url":"http:\/\/vincentians.com\/fr\/1-avent-annee-a-jose-antonio-pagola\/","name":"1 Avent (ann\u00e9e A) [Jos\u00e9 Antonio Pagola] - Nous Sommes Vincentiens","isPartOf":{"@id":"http:\/\/vincentians.com\/fr\/#website"},"primaryImageOfPage":{"@id":"http:\/\/vincentians.com\/fr\/1-avent-annee-a-jose-antonio-pagola\/#primaryimage"},"image":{"@id":"http:\/\/vincentians.com\/fr\/1-avent-annee-a-jose-antonio-pagola\/#primaryimage"},"thumbnailUrl":"","datePublished":"2013-12-01T06:12:25+00:00","author":{"@id":"http:\/\/vincentians.com\/fr\/#\/schema\/person\/9623ef4d9aa3b2dfb8c061f1499288f2"},"breadcrumb":{"@id":"http:\/\/vincentians.com\/fr\/1-avent-annee-a-jose-antonio-pagola\/#breadcrumb"},"inLanguage":"fr-FR","potentialAction":[{"@type":"ReadAction","target":["http:\/\/vincentians.com\/fr\/1-avent-annee-a-jose-antonio-pagola\/"]}]},{"@type":"ImageObject","inLanguage":"fr-FR","@id":"http:\/\/vincentians.com\/fr\/1-avent-annee-a-jose-antonio-pagola\/#primaryimage","url":"","contentUrl":""},{"@type":"BreadcrumbList","@id":"http:\/\/vincentians.com\/fr\/1-avent-annee-a-jose-antonio-pagola\/#breadcrumb","itemListElement":[{"@type":"ListItem","position":1,"name":"Portada","item":"http:\/\/vincentians.com\/fr\/"},{"@type":"ListItem","position":2,"name":"1 Avent (ann\u00e9e A) [Jos\u00e9 Antonio Pagola]"}]},{"@type":"WebSite","@id":"http:\/\/vincentians.com\/fr\/#website","url":"http:\/\/vincentians.com\/fr\/","name":"Nous Sommes Vincentiens","description":"Know more to serve more","potentialAction":[{"@type":"SearchAction","target":{"@type":"EntryPoint","urlTemplate":"http:\/\/vincentians.com\/fr\/?s={search_term_string}"},"query-input":{"@type":"PropertyValueSpecification","valueRequired":true,"valueName":"search_term_string"}}],"inLanguage":"fr-FR"},{"@type":"Person","@id":"http:\/\/vincentians.com\/fr\/#\/schema\/person\/9623ef4d9aa3b2dfb8c061f1499288f2","name":"Francisco Javier Fern\u00e1ndez Chento","image":{"@type":"ImageObject","inLanguage":"fr-FR","@id":"http:\/\/vincentians.com\/fr\/#\/schema\/person\/image\/","url":"https:\/\/secure.gravatar.com\/avatar\/497d5cde87b4c3d097d0315953521681ba2cd523ee66e5077c3711f7021e65de?s=96&d=mm&r=g","contentUrl":"https:\/\/secure.gravatar.com\/avatar\/497d5cde87b4c3d097d0315953521681ba2cd523ee66e5077c3711f7021e65de?s=96&d=mm&r=g","caption":"Francisco Javier Fern\u00e1ndez Chento"},"description":"Director General y cofundador de La Red de Formaci\u00f3n Vicenciana. Javier es laico vicenciano, afiliado a la Congregaci\u00f3n de la Misi\u00f3n y miembro del Equipo de Misiones Populares de la provincia can\u00f3nica de Zaragoza (Espa\u00f1a) de la Congregaci\u00f3n de la Misi\u00f3n. Graduado en la Universidad Oberta de Catalunya con cuatro grados (Asistente de direcci\u00f3n, Gesti\u00f3n Administrativa, Recursos Humanos y Contabilidad Avanzada). Bil\u00edng\u00fce Espa\u00f1ol\/Ingl\u00e9s. gestiona y mantiene varias p\u00e1ginas web cristianas y vicencianas, incluida including La Red de Formaci\u00f3n Vicenciana, de la que es cofundador. Actualmente es responsable del \u00e1rea de Espa\u00f1ol de .famvin, la Red de Noticias de la Familia Vicenciana. Tambi\u00e9n es m\u00fasico cat\u00f3lico y ha editado varios discos. Es Director General y cofundador de Trovador, una reconocida compa\u00f1\u00eda discogr\u00e1fica critiana de Espa\u00f1a. Trabaja en las Tecnolog\u00edas de la Informaci\u00f3n, ofreciendo servicios de alojamiento, dise\u00f1o y mantenimiento Web, as\u00ed como asesoramiento, formaci\u00f3n y soluciones inform\u00e1ticas, gesti\u00f3n documental y digitalizaci\u00f3n de textos, edici\u00f3n y maquetaci\u00f3n de libros, revistas, flyers, etc.","sameAs":["http:\/\/chento.org","https:\/\/www.facebook.com\/JavierChento","https:\/\/x.com\/https:\/\/twitter.com\/javierchento"],"url":"http:\/\/vincentians.com\/fr\/author\/chento\/"}]}},"jetpack_publicize_connections":[],"jetpack_featured_media_url":"","jetpack_sharing_enabled":true,"jetpack_shortlink":"https:\/\/wp.me\/p7ETMP-rVA","jetpack-related-posts":[{"id":41345,"url":"http:\/\/vincentians.com\/fr\/la-spiritualite-de-la-fille-de-la-charite\/","url_meta":{"origin":107358,"position":0},"title":"La Spiritualit\u00e9 de la Fille de la Charit\u00e9","author":"Francisco Javier Fern\u00e1ndez Chento","date":"17\/11\/2013","format":false,"excerpt":"Il m\u2019a \u00e9t\u00e9 demand\u00e9 de pr\u00e9senter la spiritualit\u00e9 de la FdlC et comment vivre aujourd\u2019hui la spiritualit\u00e9 de la Compagnie? Je n\u2019ai pas la pr\u00e9tention de faire un expos\u00e9 fondamental sur la spiritualit\u00e9 de la FdlC. Je vais vous partager tout simplement ma mani\u00e8re de pr\u00e9senter notre spiritualit\u00e9 aux jeunes\u2026","rel":"","context":"Dans &quot;Filles de la Charit\u00e9&quot;","block_context":{"text":"Filles de la Charit\u00e9","link":"http:\/\/vincentians.com\/fr\/category\/filles-de-la-charite\/"},"img":{"alt_text":"","src":"https:\/\/i0.wp.com\/vincentiens.org\/wp-content\/uploads\/2011\/05\/cruz_sv-212x300.jpg?resize=350%2C200","width":350,"height":200},"classes":[]},{"id":132736,"url":"http:\/\/vincentians.com\/fr\/3eme-dimanche-de-lavent-jose-antonio-pagola\/","url_meta":{"origin":107358,"position":1},"title":"3\u00e8me Dimanche de l&rsquo;Avent (Jos\u00e9 Antonio Pagola)","author":"Francisco Javier Fern\u00e1ndez Chento","date":"13\/12\/2014","format":false,"excerpt":"Aplanir le chemin vers J\u00e9sus \u00abIl y a parmi vous quelqu\u2019un que vous ne connaissez pas\u00bb. Ce sont des mots prononc\u00e9s par Jean \u2013 Baptiste se r\u00e9f\u00e9rant \u00e0 J\u00e9sus, qui marche d\u00e9j\u00e0 au milieu de ceux qui s\u2019approchent du Jourdain pour se faire baptiser, m\u00eame s\u2019il ne s\u2019est pas encore\u2026","rel":"","context":"Dans &quot;Hom\u00e9lies et r\u00e9flexions, Ann\u00e9e B&quot;","block_context":{"text":"Hom\u00e9lies et r\u00e9flexions, Ann\u00e9e B","link":"http:\/\/vincentians.com\/fr\/category\/homelies-et-reflexions-annee-b\/"},"img":{"alt_text":"pagola","src":"https:\/\/i0.wp.com\/vincentiens.org\/wp-content\/uploads\/2014\/12\/pagola-300x231.jpg?resize=350%2C200","width":350,"height":200},"classes":[]},{"id":49618,"url":"http:\/\/vincentians.com\/fr\/la-priere-de-monsieur-vincent-de-paul\/","url_meta":{"origin":107358,"position":2},"title":"La pri\u00e8re de Monsieur Vincent de Paul","author":"Francisco Javier Fern\u00e1ndez Chento","date":"15\/12\/2014","format":false,"excerpt":"Summarium Ne suis-je pas imprudent en voulant traiter ce sujet? Les contemporains de Monsieur Vincent ne sont pas arriv\u00e9s \u00e1 caract\u00e9\u00adriser la pri\u00e8re de l'homme qu'ils avaient sous les yeux. Leur t\u00e9moignage est une accusation explicite de t\u00e9m\u00e9rit\u00e9. Voici ce qu'\u00e9crit L. Abelly, le premier biographe, au mois de septembre\u2026","rel":"","context":"Dans &quot;Vincent de Paul&quot;","block_context":{"text":"Vincent de Paul","link":"http:\/\/vincentians.com\/fr\/category\/the-vincentian-family\/founders\/vincent-de-paul\/"},"img":{"alt_text":"","src":"https:\/\/i0.wp.com\/vincentiens.org\/wp-content\/uploads\/2011\/09\/vincent_de_paul2-195x300.jpg?resize=350%2C200","width":350,"height":200},"classes":[]},{"id":52041,"url":"http:\/\/vincentians.com\/fr\/saint-vincent-de-paul-et-sa-mission-sociale-ii-les-oeuvres-4\/","url_meta":{"origin":107358,"position":3},"title":"Saint Vincent De Paul Et Sa Mission Sociale. II &#8211; Les \u0152uvres (4)","author":"Francisco Javier Fern\u00e1ndez Chento","date":"24\/12\/2014","format":false,"excerpt":"L\u2019H\u00d4PITAL. \u2014 La charit\u00e9 dans les premiers si\u00e8cles de l\u2019\u00c9glise. \u2014 Institutions hospitali\u00e8res du moyen \u00e2ge. \u2014 L\u2019antiquit\u00e9 et le christianisme. \u2014 L\u2019h\u00f4pital dans les temps modernes. \u2014 R\u00f4le de saint Vincent de Paul. \u2014 Diverses fondations du saint. \u2014 L\u2019h\u00f4pital du Nom-de-J\u00e9sus. \u2014 L\u2019H\u00f4pital g\u00e9n\u00e9ral. \u2014 La Madeleine. \u2014\u2026","rel":"","context":"Dans &quot;Vincent de Paul&quot;","block_context":{"text":"Vincent de Paul","link":"http:\/\/vincentians.com\/fr\/category\/the-vincentian-family\/founders\/vincent-de-paul\/"},"img":{"alt_text":"","src":"https:\/\/i0.wp.com\/vincentians.com\/fr\/wp-content\/uploads\/sites\/10\/2016\/07\/vincent-et-sa-action-sociale.jpg?fit=1160%2C630&resize=350%2C200","width":350,"height":200,"srcset":"https:\/\/i0.wp.com\/vincentians.com\/fr\/wp-content\/uploads\/sites\/10\/2016\/07\/vincent-et-sa-action-sociale.jpg?fit=1160%2C630&resize=350%2C200 1x, https:\/\/i0.wp.com\/vincentians.com\/fr\/wp-content\/uploads\/sites\/10\/2016\/07\/vincent-et-sa-action-sociale.jpg?fit=1160%2C630&resize=525%2C300 1.5x, https:\/\/i0.wp.com\/vincentians.com\/fr\/wp-content\/uploads\/sites\/10\/2016\/07\/vincent-et-sa-action-sociale.jpg?fit=1160%2C630&resize=700%2C400 2x, https:\/\/i0.wp.com\/vincentians.com\/fr\/wp-content\/uploads\/sites\/10\/2016\/07\/vincent-et-sa-action-sociale.jpg?fit=1160%2C630&resize=1050%2C600 3x"},"classes":[]},{"id":108188,"url":"http:\/\/vincentians.com\/fr\/fete-de-la-presentation-du-seigneur-a-patrice-sabater-pardo-cm\/","url_meta":{"origin":107358,"position":4},"title":"F\u00eate de la Pr\u00e9sentation du Seigneur (A) [Patrice Sabater Pardo, cm]","author":"Francisco Javier Fern\u00e1ndez Chento","date":"01\/02\/2014","format":false,"excerpt":"Remis dans les bras du Seigneur Selon l\u2019ancienne tradition, surtout en Provence, en Languedoc et sur le pourtour de la M\u00e9diterran\u00e9e chr\u00e9tienne, le Temps de No\u00ebl s\u2019arr\u00eate en ce dimanche de la Pr\u00e9sentation du Seigneur encore appel\u00e9 Chandeleur. Tant\u00f4t on a dit que le Cycle de No\u00ebl allait jusqu\u2019aux Noces\u2026","rel":"","context":"Dans &quot;Hom\u00e9lies et r\u00e9flexions, Ann\u00e9e A&quot;","block_context":{"text":"Hom\u00e9lies et r\u00e9flexions, Ann\u00e9e A","link":"http:\/\/vincentians.com\/fr\/category\/homelies-et-reflexions-annee-a\/"},"img":{"alt_text":"presentation01","src":"https:\/\/i0.wp.com\/vincentiens.org\/wp-content\/uploads\/2013\/12\/presentation01-263x300.jpg?resize=350%2C200","width":350,"height":200},"classes":[]},{"id":105936,"url":"http:\/\/vincentians.com\/fr\/message-de-careme-2013-g-gregory-gay-cm-superieur-general\/","url_meta":{"origin":107358,"position":5},"title":"Message de Car\u00eame 2013 (G. Gregory Gay, CM, Sup\u00e9rieur g\u00e9n\u00e9ral)","author":"Francisco Javier Fern\u00e1ndez Chento","date":"19\/02\/2013","format":false,"excerpt":"CONGREGAZIONE DELLA MISSIONE CURIA GENERALIZIA 2013 : Notre chemin de Car\u00eame du Calvaire \u00e0 la Caritas LE VOYAGE \u00a0DE \u00a0NOTRE \u00a0DAME Notre Dame, toi tu as port\u00e9 l\u2019enfant jusqu\u2019\u00e0 Bethl\u00e9hem, Non pas sur une voie rapide, mais sur une route de roches, de cailloux et de pierres m\u00eal\u00e9s. Porte-moi toujours\u2026","rel":"","context":"Dans &quot;Formation Vincentienne&quot;","block_context":{"text":"Formation Vincentienne","link":"http:\/\/vincentians.com\/fr\/category\/formation-vincentienne\/"},"img":{"alt_text":"our_lady","src":"https:\/\/i0.wp.com\/vincentiens.org\/wp-content\/uploads\/2013\/03\/our_lady.jpg?resize=350%2C200","width":350,"height":200},"classes":[]}],"_links":{"self":[{"href":"http:\/\/vincentians.com\/fr\/wp-json\/wp\/v2\/posts\/107358","targetHints":{"allow":["GET"]}}],"collection":[{"href":"http:\/\/vincentians.com\/fr\/wp-json\/wp\/v2\/posts"}],"about":[{"href":"http:\/\/vincentians.com\/fr\/wp-json\/wp\/v2\/types\/post"}],"author":[{"embeddable":true,"href":"http:\/\/vincentians.com\/fr\/wp-json\/wp\/v2\/users\/4"}],"replies":[{"embeddable":true,"href":"http:\/\/vincentians.com\/fr\/wp-json\/wp\/v2\/comments?post=107358"}],"version-history":[{"count":0,"href":"http:\/\/vincentians.com\/fr\/wp-json\/wp\/v2\/posts\/107358\/revisions"}],"wp:featuredmedia":[{"embeddable":true,"href":"http:\/\/vincentians.com\/fr\/wp-json\/"}],"wp:attachment":[{"href":"http:\/\/vincentians.com\/fr\/wp-json\/wp\/v2\/media?parent=107358"}],"wp:term":[{"taxonomy":"category","embeddable":true,"href":"http:\/\/vincentians.com\/fr\/wp-json\/wp\/v2\/categories?post=107358"},{"taxonomy":"post_tag","embeddable":true,"href":"http:\/\/vincentians.com\/fr\/wp-json\/wp\/v2\/tags?post=107358"}],"curies":[{"name":"wp","href":"https:\/\/api.w.org\/{rel}","templated":true}]}}