{"id":107346,"date":"2013-11-28T08:56:41","date_gmt":"2013-11-28T07:56:41","guid":{"rendered":"http:\/\/vincentiens.org\/?p=107346"},"modified":"2013-11-28T08:56:41","modified_gmt":"2013-11-28T07:56:41","slug":"catherine-laboure-un-temoin-pour-aujourdhui","status":"publish","type":"post","link":"http:\/\/vincentians.com\/fr\/catherine-laboure-un-temoin-pour-aujourdhui\/","title":{"rendered":"Catherine Labour\u00e9 : un t\u00e9moin pour aujourd\u2019hui !"},"content":{"rendered":"<h2>I. La saintet\u00e9 de Catherine Labour\u00e9<\/h2>\n<p>Une parole de Catherine, quelques mois avant sa mort, peut r\u00e9sumer sa vie et nous livrer le secret de sa saintet\u00e9.<\/p>\n<p>En effet, en 1876, Catherine se sent press\u00e9e par Marie de confier \u00e0 sa Soeur Servante, Soeur Duf\u00e8s, la r\u00e9alisation de la statue repr\u00e9sentant la premi\u00e8re phase de l&rsquo;apparition du 27 novembre 1830.<\/p>\n<p>Soeur Duf\u00e8s, \u00e9merveill\u00e9e par son r\u00e9cit, dit \u00e0 Catherine : <i>\u00abVous avez \u00e9t\u00e9 bien favoris\u00e9e ! &#8211; \u00ab\u00a0Oh, <\/i>r\u00e9pond Catherine, <i>je n&rsquo;ai \u00e9t\u00e9 qu&rsquo;un instrument ; ce n&rsquo;est pas pour moi que la Sainte Vierge est apparue ; si Elle m&rsquo;a choisie, ne sachant rien, c&rsquo;est afin qu&rsquo;on ne puisse pas douter d&rsquo;Elle\u00a0\u00bb\u00bb.<\/i><\/p>\n<p style=\"padding-left: 30px\"><strong><i>\u00abJe n&rsquo;ai \u00e9t\u00e9 qu&rsquo;un instrument ;<br \/>\nce n&rsquo;est pas pour moi que la Sainte Vierge est apparue ;<br \/>\nsi Elle m&rsquo;a choisie, ne sachant rien, c&rsquo;est afin qu&rsquo;on ne puisse pas douter d&rsquo;Elle\u00bb.<\/i><\/strong><\/p>\n<p>Tous les mots de cette phrase nous montrent que Catherine n&rsquo;est pas le centre.<\/p>\n<p>Comme Marie, elle est <i>\u00abtoute tendue vers le Seigneur\u00bb. <\/i>Elle est <i>\u00abtoute donn\u00e9e \u00e0 Dieu\u00bb <\/i>pour reprendre une de nos expressions de Fille de la Charit\u00e9.<\/p>\n<p>Arr\u00eatons-nous quelques instants sur les paroles de Catherine cit\u00e9es plus haut.<\/p>\n<h3>1. <i>\u00abJe n&rsquo;ai \u00e9t\u00e9 qu&rsquo;un instrument&#8230;\u00bb<\/i><\/h3>\n<dl class=\"wp-caption alignright\" id=\"attachment_107348\" style=\"width: 241px\">\n<dt class=\"wp-caption-dt\"><a href=\"https:\/\/i0.wp.com\/vincentiens.org\/wp-content\/uploads\/2013\/11\/Santa-Catalina1.jpg\"><img data-recalc-dims=\"1\" loading=\"lazy\" decoding=\"async\" class=\"size-medium wp-image-107348\" alt=\"Santa-Catalina1\" src=\"https:\/\/i0.wp.com\/vincentiens.org\/wp-content\/uploads\/2013\/11\/Santa-Catalina1-231x300.jpg?resize=231%2C300\" width=\"231\" height=\"300\" \/><\/a><\/dt>\n<dd class=\"wp-caption-dd\">Catherine en 1876, seule photo authentique prise de son vivant, l\u2019ann\u00e9e de sa mort.<\/dd>\n<\/dl>\n<p>Catherine, \u00e0 la suite de saint Vincent et de sainte Louise, se reconna\u00eet comme un instrument entre les mains de Dieu. Sa pr\u00e9tention n&rsquo;est autre que celle d&rsquo;\u00eatre un \u00abinstrument\u00bb.<\/p>\n<p><i>\u00abSaint Vincent et sainte Louise avaient la profonde conviction de n&rsquo;\u00eatre que des instruments entre les mains de Dieu qui, d&rsquo;une mani\u00e8re impr\u00e9vue et impr\u00e9visible, s&rsquo;est servi d&rsquo;eux pour instituer la Compagnie\u00bb <\/i>(Constitutions, p. VIII).<\/p>\n<p>A travers quelques-unes de ses qualit\u00e9s, Catherine nous apprend ce qu&rsquo;est un <i>\u00abun instrument au service de Dieu\u00bb. <\/i>En effet, sa pr\u00e9occupation constante a \u00e9t\u00e9 d&rsquo;\u00eatre au service du dessein d&rsquo;Amour de Dieu pour les hommes.<\/p>\n<ul>\n<li>Sa <strong>bont\u00e9<\/strong> et surtout son <strong>impartialit\u00e9 <\/strong>font r\u00e9gner un bon esprit dans son service de vieillards, r\u00e9put\u00e9 difficile. Elle respecte chacun, est \u00e9quitable et tient t\u00eate \u00e0 ceux qui tentent d&rsquo;exploiter sa bont\u00e9 au d\u00e9triment des autres.<br \/>\n<i>\u00abNul ne s&rsquo;est jamais plaint d&rsquo;elle dans son accueil\u00bb, <\/i>dit Soeur Combes.<br \/>\n<i>\u00abJe n&rsquo;ai jamais entendu dire qu&rsquo;elle ait m\u00e9content\u00e9 personne\u00bb, <\/i>dit Soeur Cantel.<\/li>\n<li>Sa <strong>compr\u00e9hension <\/strong>\u00e0 l&rsquo;\u00e9gard des jeunes Soeurs, nouvellement arriv\u00e9es, les aide \u00e0 d\u00e9passer leurs difficult\u00e9s.<br \/>\n<i>\u00abAllons ! C&rsquo;est le Bon Dieu qui permet cela. Ne vous d\u00e9couragez pas !\u00bb. \u00abAllons, mes petites, il faut faire quelque chose pour le Bon Dieu\u00bb.<\/i><\/li>\n<li>Sa <strong>vigilance <\/strong>\u00e0 couper court \u00e0 toute critique ou indiscr\u00e9tion favorise autour d&rsquo;elle un climat de charit\u00e9.<br \/>\n<i>\u00abS\u0153ur Catherine s&rsquo;abstenait de juger qui que ce soit, <\/i>dit Soeur Charvier. <i>Si on lui demandait de se prononcer sur les personnes, elle disait invariablement : \u00ab\u00a0Laissez-moi tranquille, cela ne me regarde pas\u00a0\u00bb\u00bb.<\/i><\/li>\n<li>Son <strong>souci du bien des pauvres <\/strong>lui donne cette intelligence du coeur qui fait appel aux riches pour susciter leur g\u00e9n\u00e9rosit\u00e9. Loin de monter les uns contre les autres, elle a le souci de permettre \u00e0 chacun de s&rsquo;ouvrir \u00e0 la souffrance des autres et de tout faire pour contribuer \u00e0 la soulager.<br \/>\n<i>\u00abSoeur Catherine racontait \u00e0 la Mar\u00e9chale de Mac Mahon qu&rsquo;elle avait \u00e9t\u00e9 obli\u00adg\u00e9e de renvoyer sans secours une femme qui sollicitait soixante francs pour payer son loyer. En voyant son chagrin, la Mar\u00e9chale donna la somme\u00bb.<\/i><\/li>\n<li>Sa <strong>compassion <\/strong>pour ceux qui souffrent d\u00e9joue la tendance au triomphalisme qui r\u00e8gne au d\u00e9but de la guerre de 1870. Elle ram\u00e8ne \u00e0 la r\u00e9alit\u00e9 l&rsquo;exaltation patriotique de certaines Soeurs. En voyant les soldats partir, elle dit :<br \/>\n<i>\u00abPauvres agneaux, on les conduit \u00e0 la boucherie\u00bb.<\/i><\/li>\n<li>Sa <strong>passion pour l&rsquo;unit\u00e9 fraternelle <\/strong>lui donne le courage de faire les premiers pas. Quand Soeur Duf\u00e8s, sa soeur Servante, lui fait des reproches injustifi\u00e9s, une fois l&rsquo;algarade pass\u00e9e, Catherine r\u00e9tablit elle-m\u00eame le contact en allant lui demander quelque permission anodine.<br \/>\n<i>\u00abC&rsquo;est autant pour le Bon Dieu !\u00bb, <\/i>dit Catherine.<\/li>\n<li>Ses <strong>remises en cause <\/strong>sont promptes et sans complaisance.<br \/>\n<i>\u00abUn jour, pendant la r\u00e9cr\u00e9ation, une jeune Soeur soutenait le contraire de ce que disait Soeur Catherine. Comme elle d\u00e9fendait son point de vue, la Sup\u00e9rieure intervient. \u00ab\u00a0Je vois que vous soutenez avec \u00e9nergie vos opinions\u00a0\u00bb.<br \/>\n<\/i><i>Soeur Catherine se mit \u00e0 genoux au milieu de la cour et demanda pardon&#8230; \u00ab\u00a0Je vois bien que je ne suis qu&rsquo;une orgueilleuse\u00a0\u00bb\u00bb.<\/i><\/li>\n<li>Son <strong>esprit de foi<\/strong> l&rsquo;entra\u00eene au printemps 1876 \u00e0 prendre Soeur Duf\u00e8s pour confidente, alors qu&rsquo;elle a \u00e9t\u00e9 si longtemps d\u00e9favorable \u00e0 son \u00e9gard. Catherine lui confie la r\u00e9alisation de la Vierge au globe que Marie avait demand\u00e9e.<\/li>\n<li>La <strong>transparence de sa vie<\/strong> lui fait souvent r\u00e9p\u00e9ter :<br \/>\n<i>\u00abIl ne faut mettre sa confiance qu&rsquo;en Dieu, et ne rien esp\u00e9rer que de Lui\u00bb.<\/i><\/li>\n<li>Sa pri\u00e8re humble refl\u00e8te \u00e9galement sa disponibilit\u00e9 \u00e0 Dieu :<br \/>\n<i>\u00abLorsque je vais \u00e0 la chapelle, je me mets l\u00e0 devant le Bon Dieu, et je Lui dis : \u00ab\u00a0Seigneur, me voici, donnez-moi ce que vous voulez\u00a0\u00bb. S&rsquo;il me donne quelque chose, je suis bien contente et je Le remercie. S&rsquo;il ne me donne rien, je Le remercie encore parce que je n&rsquo;en m\u00e9rite pas davantage. Et puis, je Lui dis alors tout ce qui me vient dans l&rsquo;esprit : je Lui raconte mes peines et mes joies et j&rsquo;\u00e9coute\u00bb.<\/i><\/li>\n<\/ul>\n<p>En disant : <i>\u00abJe n&rsquo;ai \u00e9t\u00e9 qu&rsquo;un instrument\u00bb, <\/i>Catherine chante \u00e0 sa fa\u00e7on le Magnificat : <i>\u00able Seigneur s&rsquo;est pench\u00e9 sur son humble servante\u00bb. <\/i>En effet, dans son action de gr\u00e2ce, Marie ne disait-elle pas d&rsquo;une mani\u00e8re implicite : <i>\u00abJe ne suis qu&rsquo;un instrument au service de Dieu\u00bb ?<\/i><\/p>\n<h3>2. <i>\u00abCe n&rsquo;est pas pour moi que&#8230;\u00bb<\/i><\/h3>\n<p>Durant toute sa vie Catherine n&rsquo;a jamais cherch\u00e9 \u00e0 r\u00e9cup\u00e9rer quelques com\u00adpliments ou honneurs pour elle-m\u00eame. Habit\u00e9e seulement par le souci des au\u00adtres, sans recherche de quelque int\u00e9r\u00eat personnel, elle sait tourner leur regard vers Dieu, vers Marie.<\/p>\n<ul>\n<li>Quand un vieillard revient ivre, elle le couche et attend le lendemain pour le raisonner. Quand il demande pardon, elle lui dit : <i>\u00abCe n&rsquo;est pas \u00e0 moi qu&rsquo;il faut demander pardon. C&rsquo;est au Bon Dieu I\u00bb. <\/i>Si Catherine r\u00e9agit, ce n&rsquo;est pas vis-\u00e0-vis d&rsquo;elle. Ce n&rsquo;est pas sur un plan affectif. Ce qui est important pour elle, c&rsquo;est que le vieillard se rende compte que Dieu veut qu&rsquo;il soit un homme debout.<\/li>\n<li>Au lieu d&rsquo;abonder \u00e0 son tour dans certaines critiques, Catherine dit simple\u00adment : <i>\u00abNe manquons pas \u00e0 la charit\u00e9. La Sainte Vierge ne serait pas contente ! Sachons voir les qualit\u00e9s !\u00bb.<\/i><\/li>\n<li>On peut remarquer la puret\u00e9 d&rsquo;intention de Catherine ; ses actions, ses r\u00e9ac\u00adtions, ses paroles ne sont pas orient\u00e9es vers elle, mais vers Dieu.<\/li>\n<li>Catherine sait d\u00e9couvrir Dieu dans les pauvres, dans les vieillards, y compris les plus d\u00e9sagr\u00e9ables. Quand on lui reprochait sa trop grande indulgence envers les vieillards ivrognes, elle r\u00e9pondait : <i>\u00abQue voulez-vous, je vois Notre Seigneur en eux\u00bb.<\/i><\/li>\n<li>Elle esp\u00e8re envers et contre tout la conversion des p\u00e9cheurs. Elle les voit comme des \u00abbless\u00e9s\u00bb, \u00e0 qui elle veut rendre courage et estime. <i>\u00abSiron, le chef des occupants, un ancien gal\u00e9rien, dira un jour : \u00ab\u00a0j&rsquo;en suis tout chang\u00e9\u00a0\u00bb\u00bb.<\/i><\/li>\n<li>Catherine voit aussi Dieu dans les pr\u00eatres et les Sup\u00e9rieurs et les consid\u00e8re comme les repr\u00e9sentants de Dieu :<br \/>\n<i>\u00abNe murmurez pas. Nos sup\u00e9rieures repr\u00e9sentent Dieu\u00bb !<br \/>\n\u00abNe regimbez pas ! La sup\u00e9rieure, c&rsquo;est le Bon Dieu\u00bb !<\/i><\/li>\n<\/ul>\n<p>Catherine regarde \u00e9galement les \u00e9v\u00e9nements avec ce regard de foi. Tout ce qui va dans le sens de Dieu retient son attention. Dans le cas contraire, elle fait tout ce qui est en son pouvoir pour que cela change. Elle \u00e9largit cette perspective aux \u00e9v\u00e9nements publics dont elle n&rsquo;a pas la ma\u00eetrise : <i>\u00abLaissez faire le Bon Dieu, il sait mieux que nous ce qu&rsquo;il nous faut\u00bb.<\/i><\/p>\n<h3>3. <i>\u00abSi la Sainte Vierge m&rsquo;a choisie, ne sachant rien&#8230;\u00bb<\/i><\/h3>\n<p>Quand Catherine dit : <i>\u00abla Sainte Vierge m&rsquo;a choisie\u00bb, <\/i>on dirait qu&rsquo;elle a entendu Marie lui dire : <i>\u00abTu ne m&rsquo;as pas choisie ; c&rsquo;est moi qui t&rsquo;ai choisie, pour que tu portes beaucoup de fruits\u00bb <\/i>(Cf. Jn 15).<\/p>\n<p>Dans le coeur de Catherine, il n&rsquo;y a aucun sentiment de complaisance en soi ou de vaine gloire. Catherine reconna\u00eet qu&rsquo;elle a \u00e9t\u00e9 choisie en raison de son ignorance : <i>\u00abSi Elle m&rsquo;a choisie, ne sachant rien, c&rsquo;est afin qu&rsquo;on ne puisse pas douter d&rsquo;Elle\u00bb.<\/i><\/p>\n<p>En r\u00e9alit\u00e9, ce n&rsquo;est pas \u00e0 l&rsquo;ignorance de Catherine que Marie a \u00e9t\u00e9 attentive, mais \u00e0 son humilit\u00e9. En effet, cette expression de Catherine, \u00e0 la fin de sa vie, est r\u00e9v\u00e9latrice du sentiment qui l&rsquo;a habit\u00e9e jour apr\u00e8s jour, \u00e0 savoir qu&rsquo;elle n&rsquo;a cess\u00e9 d&rsquo;apprendre de Dieu et des pauvres. <i>\u00abLes pauvres sont nos ma\u00eetres\u00bb, <\/i>cette expression de saint Vincent s&rsquo;est ancr\u00e9e dans sa vie. Rappelons-nous \u00e9galement son exp\u00e9rience spirituelle du 18 juillet 1830 o\u00f9 elle a d\u00fb accepter de se laisser guider par un petit enfant et d&rsquo;apprendre de lui \u00e0 \u00abvoir autrement\u00bb pour reconna\u00eetre Marie, <i>\u00abpuisqu&rsquo;elle doutait si c&rsquo;\u00e9tait la Sainte Vierge\u00bb.<\/i><\/p>\n<p>Catherine ne nous rappelle-t-elle pas que la saintet\u00e9, c&rsquo;est aussi emprunter l&rsquo;humble chemin d&rsquo;apprendre sans cesse des autres, particuli\u00e8rement des plus petits ?<\/p>\n<h2>II. Deux \u00absecrets\u00bb du message de 1830<\/h2>\n<p>Apr\u00e8s nous \u00eatre arr\u00eat\u00e9es sur quelques aspects de la saintet\u00e9 de Catherine, regardons ce qu&rsquo;elle a vu et d\u00e9couvert au cours de la premi\u00e8re apparition, celle du 18 juillet 1830. \u00c9coutons ce que le Seigneur nous dit par la voix de sa M\u00e8re.<\/p>\n<p>Retenons deux secrets de ce message qui rejoignent tout particuli\u00e8rement notre vie de Fille de la Charit\u00e9 :<\/p>\n<ul>\n<li>Marie, unique M\u00e8re de la Compagnie,<\/li>\n<li>Marie, M\u00e8re des pauvres.<\/li>\n<\/ul>\n<h3>1. Marie, unique M\u00e8re de la Compagnie<\/h3>\n<h4>Marie, tu \u00e9tais l\u00e0<\/h4>\n<p>Au cours de cette apparition du 18 juillet, il se passe quelque chose comme aux noces de Cana. <i>\u00abVoici que la M\u00e8re de J\u00e9sus \u00e9tait l\u00e0\u00bb. <\/i>Marie est l\u00e0, en son nom, pour nous. Car nous avons besoin d&rsquo;\u00eatre \u00e9duqu\u00e9es pour devenir plus attentives \u00e0 ce que Dieu nous donne pour accomplir notre vocation de Fille de la Charit\u00e9.<\/p>\n<p>Le fin mot de l&rsquo;action de Marie, c&rsquo;est de dire \u00e0 son Fils : <i>\u00abIls n&rsquo;ont plus de vin\u00bb. <\/i>Bien s\u00fbr, J\u00e9sus voit, entend et sait. Mais, nous, nous avons besoin d&rsquo;en\u00adtendre Marie lui parler de nous. Et surtout, Marie ajoute : <i>\u00abFaites tout ce qu&rsquo;il vous dira\u00bb.<\/i><\/p>\n<p>En disant : <i>\u00abJ&rsquo;aime \u00e0 r\u00e9pandre les gr\u00e2ces sur la communaut\u00e9\u00bb, <\/i>Marie redit sa pr\u00e9sence \u00e0 nos c\u00f4t\u00e9s et le pourquoi de cette pr\u00e9sence. Elle est l\u00e0 pour nous aider \u00e0 r\u00e9aliser notre mission aupr\u00e8s des pauvres. En parlant des gr\u00e2ces qu&rsquo;elle aime \u00e0 r\u00e9pandre, Marie nous rappelle que la Compagnie est bien l&rsquo;ceuvre de Dieu. Nous ne sommes pas seules pour accomplir notre service aupr\u00e8s des pauvres, Dieu nous donne sa tendresse pour la partager avec eux.<\/p>\n<h4>Marie, ma\u00eetresse de vie spirituelle<\/h4>\n<p><i>\u00abLa Communaut\u00e9, je l&rsquo;aime beaucoup, heureusement I\u00bb <\/i>Marie nous redit son amour pour chacune d&rsquo;entre nous. Cependant, tout de suite apr\u00e8s, elle ajoute : <i>\u00abpourtant, j&rsquo;ai de la peine ! ll y a de grands abus sur la r\u00e9gularit\u00e9. Les r\u00e8gles ne sont pas observ\u00e9es !\u00bb.<\/i><\/p>\n<p>Autrement dit, les Constitutions ne sont pas bien v\u00e9cues. Et pour cette raison, Marie a de la peine. Dieu a un dessein sur la Compagnie et celle-ci semble l&rsquo;oublier ! Heureusement, Dieu l&rsquo;aime beaucoup et veut l&rsquo;aider \u00e0 retrouver la ferveur et la vitalit\u00e9 de ses origines. Marie aussi<\/p>\n<p>A travers sa pr\u00e9sence agissante \u00e0 nos c\u00f4t\u00e9s, Marie ne nous enfante-t-elle pas \u00e0 nouveau dans notre vocation ? Ne nous invite-t-elle pas \u00e0 cette conversion permanente qui se trouve dans une d\u00e9marche humble d&rsquo;accueil de la gr\u00e2ce qui nous transforme ? Notre vocation n&rsquo;est-elle pas un don de Dieu \u00e0 accueillir chaque jour et une t\u00e2che \u00e0 accomplir avec sa gr\u00e2ce ?<\/p>\n<h3>2. Marie, M\u00e8re des pauvres<\/h3>\n<p>Marie fait d\u00e9filer devant Catherine les \u00e9v\u00e9nements douloureux qui vont se passer et entra\u00eener de multiples souffrances : <i>\u00abLes temps seront mauvais. Les malheurs viendront fondre sur la France&#8230; Le monde entier sera renvers\u00e9 par des malheurs de toutes sortes. <\/i>(La Sainte Vierge avait l&rsquo;air tr\u00e8s pein\u00e9e en disant cela)\u00bb.<\/p>\n<p>Ensuite, elle fait communier Catherine au myst\u00e8re d&rsquo;identification du Christ souffrant dans le Pauvre.<\/p>\n<p><i>\u00abLa Croix sera m\u00e9pris\u00e9e. On la mettra par terre. Le sang coulera. On ouvrira de nouveau le c\u00f4t\u00e9 de Notre Seigneur&#8230;\u00bb.<\/i><\/p>\n<ul>\n<li>A travers ses entretiens avec la Vierge, Catherine d\u00e9couvre la profondeur et l&rsquo;universalit\u00e9 du regard de Marie. Par ce regard, Catherine comprend la pers\u00adpective mondiale du message. N&rsquo;est-ce pas la m\u00eame invitation qui est rappel\u00e9e dans les Constitutions, celle de <strong>prier pour l&rsquo;humanit\u00e9 enti\u00e8re <\/strong>marqu\u00e9e par la violence et la souffrance ? <i>\u00abLa pri\u00e8re pour les pauvres et en leur nom reste leur premier devoir\u00bb <\/i>(C. 2, 9).<\/li>\n<li>Catherine est \u00e9galement interpell\u00e9e dans sa propre foi. Marie lui rappelle la n\u00e9cessit\u00e9 de d\u00e9velopper un <strong>regard de foi <\/strong>dans son service des pauvres. J\u00e9sus ne se donne plus \u00e0 voir, mais il nous donne de Le reconna\u00eetre dans les bless\u00e9s de la vie. <i>\u00ab&#8230;les pauvres leur repr\u00e9sentent le Christ&#8230; Le service des Filles de la Charit\u00e9 est, en m\u00eame temps que vision de foi, mise en oeuvre de l&rsquo;Amour, dont le Christ est la source et le mod\u00e8le\u00bb <\/i>(C. 2, 1).<\/li>\n<li>Enfin, Marie lui fait part d&rsquo;une autre pr\u00e9occupation qui habite son coeur : la <i>situation mis\u00e9rable de certains enfants.<\/i><\/li>\n<\/ul>\n<p>A Reuilly, Catherine constatera, comme les Soeurs de sa communaut\u00e9, com\u00adbien les jeunes sont d\u00e9laiss\u00e9s et livr\u00e9s \u00e0 eux-m\u00eames. Elle voit <i>\u00abrouler dans la rue des premiers communiants ivres morts. Ce sont des \u00ab\u00a0tireurs\u00a0\u00bb comme on les appelle : des enfants exploit\u00e9s par les fabriques de papier peint qui prosp\u00e8rent sur la mis\u00e8re de Reuilly. Les jeunes y sont trait\u00e9s comme des \u00ab\u00a0b\u00eates de somme\u00a0\u00bb. La plupart ne font m\u00eame pas la premi\u00e8re communion\u00bb.<\/i><\/p>\n<p>Marie ne fait pas un long discours au sujet de ces enfants, mais elle indique la mani\u00e8re de mettre en place quelque chose pour eux. Catherine dira au P\u00e8re Aladel : <i>\u00abLa Sainte Vierge veut de vous une mission&#8230; vous en serez le fonda\u00adteur et le directeur. C&rsquo;est une confr\u00e9rie d&rsquo;enfants de Marie&#8230;\u00bb.<\/i><\/p>\n<p>Marie va m\u00eame jusqu&rsquo;\u00e0 sugg\u00e9rer de f\u00eater certains jours pour aider ces en\u00adfants en difficult\u00e9 \u00e0 d\u00e9couvrir qui Elle est pour eux. Alors, ils pourront saisir \u00e0 travers Elle un chemin qui les conduira vers son Fils et vers des conditions de vie plus humaine.<\/p>\n<p>Apr\u00e8s avoir partag\u00e9 ses inqui\u00e9tudes, Marie invite Catherine \u00e0 se tourner vers son Fils, Lui qui a un coeur doux et humble.<\/p>\n<p style=\"padding-left: 30px\"><strong><i>\u00abVenez au pied de cet autel. L\u00e0, les gr\u00e2ces seront r\u00e9pandues&#8230;\u00bb.<\/i><\/strong><\/p>\n<p>Marie semble faire \u00e9cho \u00e0 une des paroles de J\u00e9sus : <i>\u00abVenez \u00e0 moi, vous tous qui peinez et ployez sous le fardeau, et moi je vous soulagerai. Chargez-vous de mon joug et mettez-vous \u00e0 mon \u00e9cole, car je suis doux et humble de coeur, et vous trouverez soulagement pour vos \u00e2mes. Oui, mon joug est ais\u00e9 et mon fardeau l\u00e9ger\u00bb (Mt <\/i>11, 28-30).<\/p>\n<p>Cette invitation n&rsquo;est-elle pas celle des Constitutions de venir puiser quoti\u00addiennement \u00e0 la Source les forces n\u00e9cessaires pour renouveler, affermir notre regard de foi et \u00e9largir notre coeur aux dimensions du monde ?<\/p>\n<p><i>\u00abDans la louange \u00e0 Dieu, l&rsquo;\u00e9coute de sa Parole, la supplication, elles n&rsquo;agissent pas seulement en leur nom, mais elles portent les joies et les espoirs, les tris\u00adtesses et les angoisses de toute l&rsquo;humanit\u00e9\u00bb <\/i>(C. 2, 12).<\/p>\n<h2>En conclusion<\/h2>\n<p>Par sa vie et par le message de Marie qu&rsquo;Elle nous a transmis, Catherine est un \u00absigne proph\u00e9tique\u00bb pour nous, Filles de la Charit\u00e9, et pour le monde d&rsquo;aujourd&rsquo;hui \u00e0 l&rsquo;aube de ce troisi\u00e8me mill\u00e9naire.<\/p>\n<p>Comme Catherine qui s&rsquo;est laiss\u00e9e \u00absubjuguer\u00bb par la beaut\u00e9 de Marie, particuli\u00e8rement le 27 novembre 1830, ne craignons pas de regarder longuement notre \u00abUnique M\u00e8re\u00bb. Elle est le chef-d&rsquo;oeuvre que Dieu nous donne pour nous entra\u00eener \u00e0 vivre de mieux en mieux notre vocation de Fille de la Charit\u00e9. <i>\u00abDans son service du Christ dans les pauvres, la Compagnie regarde \u00e0 juste titre vers Celle qui engendra le Christ&#8230; la Vierge a \u00e9t\u00e9 par sa vie le mod\u00e8le de cet amour maternel dont doivent \u00eatre anim\u00e9s tous ceux qui travaillent \u00e0 la r\u00e9g\u00e9n\u00e9ration des hommes\u00bb <\/i>(C. 2, 11).<\/p>\n<p style=\"text-align: right\"><i><\/i>Bibliographie : <i>Vie authentique de Catherine Labour\u00e9 &#8211; <\/i>(1. <i>R\u00e9cit ; <\/i>2. <i>Preuves) <\/i>R. Laurentin &#8211; DDB<\/p>\n","protected":false},"excerpt":{"rendered":"<p>I. La saintet\u00e9 de Catherine Labour\u00e9 Une parole de Catherine, quelques mois avant sa mort, peut r\u00e9sumer sa vie et nous livrer le secret de sa saintet\u00e9. En effet, en 1876, Catherine se sent press\u00e9e &#8230; <a href=\"http:\/\/vincentians.com\/fr\/catherine-laboure-un-temoin-pour-aujourdhui\/\" class=\"more-link\">Read More<\/a><\/p>\n","protected":false},"author":4,"featured_media":107348,"comment_status":"open","ping_status":"open","sticky":false,"template":"","format":"standard","meta":{"jetpack_post_was_ever_published":false,"_jetpack_newsletter_access":"","_jetpack_dont_email_post_to_subs":false,"_jetpack_newsletter_tier_id":0,"_jetpack_memberships_contains_paywalled_content":false,"_jetpack_memberships_contains_paid_content":false,"footnotes":"","jetpack_publicize_message":"","jetpack_publicize_feature_enabled":true,"jetpack_social_post_already_shared":true,"jetpack_social_options":{"image_generator_settings":{"template":"highway","default_image_id":0,"font":"","enabled":false},"version":2}},"categories":[20],"tags":[],"class_list":["post-107346","post","type-post","status-publish","format-standard","has-post-thumbnail","hentry","category-catherine-laboure"],"yoast_head":"<!-- This site is optimized with the Yoast SEO plugin v26.3 - https:\/\/yoast.com\/wordpress\/plugins\/seo\/ -->\n<title>Catherine Labour\u00e9 : un t\u00e9moin pour aujourd\u2019hui ! - Nous Sommes Vincentiens<\/title>\n<meta name=\"robots\" content=\"index, follow, max-snippet:-1, max-image-preview:large, max-video-preview:-1\" \/>\n<link rel=\"canonical\" href=\"http:\/\/vincentians.com\/fr\/catherine-laboure-un-temoin-pour-aujourdhui\/\" \/>\n<meta property=\"og:locale\" content=\"fr_FR\" \/>\n<meta property=\"og:type\" content=\"article\" \/>\n<meta property=\"og:title\" content=\"Catherine Labour\u00e9 : un t\u00e9moin pour aujourd\u2019hui ! - Nous Sommes Vincentiens\" \/>\n<meta property=\"og:description\" content=\"I. La saintet\u00e9 de Catherine Labour\u00e9 Une parole de Catherine, quelques mois avant sa mort, peut r\u00e9sumer sa vie et nous livrer le secret de sa saintet\u00e9. En effet, en 1876, Catherine se sent press\u00e9e ... Read More\" \/>\n<meta property=\"og:url\" content=\"http:\/\/vincentians.com\/fr\/catherine-laboure-un-temoin-pour-aujourdhui\/\" \/>\n<meta property=\"og:site_name\" content=\"Nous Sommes Vincentiens\" \/>\n<meta property=\"article:publisher\" content=\"https:\/\/www.facebook.com\/WeAreVincentians\/\" \/>\n<meta property=\"article:author\" content=\"https:\/\/www.facebook.com\/JavierChento\" \/>\n<meta property=\"article:published_time\" content=\"2013-11-28T07:56:41+00:00\" \/>\n<meta name=\"author\" content=\"Francisco Javier Fern\u00e1ndez Chento\" \/>\n<meta name=\"twitter:card\" content=\"summary_large_image\" \/>\n<meta name=\"twitter:creator\" content=\"@https:\/\/twitter.com\/javierchento\" \/>\n<meta name=\"twitter:site\" content=\"@WeVincentians\" \/>\n<meta name=\"twitter:label1\" content=\"\u00c9crit par\" \/>\n\t<meta name=\"twitter:data1\" content=\"Francisco Javier Fern\u00e1ndez Chento\" \/>\n\t<meta name=\"twitter:label2\" content=\"Dur\u00e9e de lecture estim\u00e9e\" \/>\n\t<meta name=\"twitter:data2\" content=\"14 minutes\" \/>\n<script type=\"application\/ld+json\" class=\"yoast-schema-graph\">{\"@context\":\"https:\/\/schema.org\",\"@graph\":[{\"@type\":\"WebPage\",\"@id\":\"http:\/\/vincentians.com\/fr\/catherine-laboure-un-temoin-pour-aujourdhui\/\",\"url\":\"http:\/\/vincentians.com\/fr\/catherine-laboure-un-temoin-pour-aujourdhui\/\",\"name\":\"Catherine Labour\u00e9 : un t\u00e9moin pour aujourd\u2019hui ! - Nous Sommes Vincentiens\",\"isPartOf\":{\"@id\":\"http:\/\/vincentians.com\/fr\/#website\"},\"primaryImageOfPage\":{\"@id\":\"http:\/\/vincentians.com\/fr\/catherine-laboure-un-temoin-pour-aujourdhui\/#primaryimage\"},\"image\":{\"@id\":\"http:\/\/vincentians.com\/fr\/catherine-laboure-un-temoin-pour-aujourdhui\/#primaryimage\"},\"thumbnailUrl\":\"\",\"datePublished\":\"2013-11-28T07:56:41+00:00\",\"author\":{\"@id\":\"http:\/\/vincentians.com\/fr\/#\/schema\/person\/9623ef4d9aa3b2dfb8c061f1499288f2\"},\"breadcrumb\":{\"@id\":\"http:\/\/vincentians.com\/fr\/catherine-laboure-un-temoin-pour-aujourdhui\/#breadcrumb\"},\"inLanguage\":\"fr-FR\",\"potentialAction\":[{\"@type\":\"ReadAction\",\"target\":[\"http:\/\/vincentians.com\/fr\/catherine-laboure-un-temoin-pour-aujourdhui\/\"]}]},{\"@type\":\"ImageObject\",\"inLanguage\":\"fr-FR\",\"@id\":\"http:\/\/vincentians.com\/fr\/catherine-laboure-un-temoin-pour-aujourdhui\/#primaryimage\",\"url\":\"\",\"contentUrl\":\"\"},{\"@type\":\"BreadcrumbList\",\"@id\":\"http:\/\/vincentians.com\/fr\/catherine-laboure-un-temoin-pour-aujourdhui\/#breadcrumb\",\"itemListElement\":[{\"@type\":\"ListItem\",\"position\":1,\"name\":\"Portada\",\"item\":\"http:\/\/vincentians.com\/fr\/\"},{\"@type\":\"ListItem\",\"position\":2,\"name\":\"Catherine Labour\u00e9 : un t\u00e9moin pour aujourd\u2019hui !\"}]},{\"@type\":\"WebSite\",\"@id\":\"http:\/\/vincentians.com\/fr\/#website\",\"url\":\"http:\/\/vincentians.com\/fr\/\",\"name\":\"Nous Sommes Vincentiens\",\"description\":\"Know more to serve more\",\"potentialAction\":[{\"@type\":\"SearchAction\",\"target\":{\"@type\":\"EntryPoint\",\"urlTemplate\":\"http:\/\/vincentians.com\/fr\/?s={search_term_string}\"},\"query-input\":{\"@type\":\"PropertyValueSpecification\",\"valueRequired\":true,\"valueName\":\"search_term_string\"}}],\"inLanguage\":\"fr-FR\"},{\"@type\":\"Person\",\"@id\":\"http:\/\/vincentians.com\/fr\/#\/schema\/person\/9623ef4d9aa3b2dfb8c061f1499288f2\",\"name\":\"Francisco Javier Fern\u00e1ndez Chento\",\"image\":{\"@type\":\"ImageObject\",\"inLanguage\":\"fr-FR\",\"@id\":\"http:\/\/vincentians.com\/fr\/#\/schema\/person\/image\/\",\"url\":\"https:\/\/secure.gravatar.com\/avatar\/497d5cde87b4c3d097d0315953521681ba2cd523ee66e5077c3711f7021e65de?s=96&d=mm&r=g\",\"contentUrl\":\"https:\/\/secure.gravatar.com\/avatar\/497d5cde87b4c3d097d0315953521681ba2cd523ee66e5077c3711f7021e65de?s=96&d=mm&r=g\",\"caption\":\"Francisco Javier Fern\u00e1ndez Chento\"},\"description\":\"Director General y cofundador de La Red de Formaci\u00f3n Vicenciana. Javier es laico vicenciano, afiliado a la Congregaci\u00f3n de la Misi\u00f3n y miembro del Equipo de Misiones Populares de la provincia can\u00f3nica de Zaragoza (Espa\u00f1a) de la Congregaci\u00f3n de la Misi\u00f3n. Graduado en la Universidad Oberta de Catalunya con cuatro grados (Asistente de direcci\u00f3n, Gesti\u00f3n Administrativa, Recursos Humanos y Contabilidad Avanzada). Bil\u00edng\u00fce Espa\u00f1ol\/Ingl\u00e9s. gestiona y mantiene varias p\u00e1ginas web cristianas y vicencianas, incluida including La Red de Formaci\u00f3n Vicenciana, de la que es cofundador. Actualmente es responsable del \u00e1rea de Espa\u00f1ol de .famvin, la Red de Noticias de la Familia Vicenciana. Tambi\u00e9n es m\u00fasico cat\u00f3lico y ha editado varios discos. Es Director General y cofundador de Trovador, una reconocida compa\u00f1\u00eda discogr\u00e1fica critiana de Espa\u00f1a. Trabaja en las Tecnolog\u00edas de la Informaci\u00f3n, ofreciendo servicios de alojamiento, dise\u00f1o y mantenimiento Web, as\u00ed como asesoramiento, formaci\u00f3n y soluciones inform\u00e1ticas, gesti\u00f3n documental y digitalizaci\u00f3n de textos, edici\u00f3n y maquetaci\u00f3n de libros, revistas, flyers, etc.\",\"sameAs\":[\"http:\/\/chento.org\",\"https:\/\/www.facebook.com\/JavierChento\",\"https:\/\/x.com\/https:\/\/twitter.com\/javierchento\"],\"url\":\"http:\/\/vincentians.com\/fr\/author\/chento\/\"}]}<\/script>\n<!-- \/ Yoast SEO plugin. -->","yoast_head_json":{"title":"Catherine Labour\u00e9 : un t\u00e9moin pour aujourd\u2019hui ! - Nous Sommes Vincentiens","robots":{"index":"index","follow":"follow","max-snippet":"max-snippet:-1","max-image-preview":"max-image-preview:large","max-video-preview":"max-video-preview:-1"},"canonical":"http:\/\/vincentians.com\/fr\/catherine-laboure-un-temoin-pour-aujourdhui\/","og_locale":"fr_FR","og_type":"article","og_title":"Catherine Labour\u00e9 : un t\u00e9moin pour aujourd\u2019hui ! - Nous Sommes Vincentiens","og_description":"I. La saintet\u00e9 de Catherine Labour\u00e9 Une parole de Catherine, quelques mois avant sa mort, peut r\u00e9sumer sa vie et nous livrer le secret de sa saintet\u00e9. En effet, en 1876, Catherine se sent press\u00e9e ... Read More","og_url":"http:\/\/vincentians.com\/fr\/catherine-laboure-un-temoin-pour-aujourdhui\/","og_site_name":"Nous Sommes Vincentiens","article_publisher":"https:\/\/www.facebook.com\/WeAreVincentians\/","article_author":"https:\/\/www.facebook.com\/JavierChento","article_published_time":"2013-11-28T07:56:41+00:00","author":"Francisco Javier Fern\u00e1ndez Chento","twitter_card":"summary_large_image","twitter_creator":"@https:\/\/twitter.com\/javierchento","twitter_site":"@WeVincentians","twitter_misc":{"\u00c9crit par":"Francisco Javier Fern\u00e1ndez Chento","Dur\u00e9e de lecture estim\u00e9e":"14 minutes"},"schema":{"@context":"https:\/\/schema.org","@graph":[{"@type":"WebPage","@id":"http:\/\/vincentians.com\/fr\/catherine-laboure-un-temoin-pour-aujourdhui\/","url":"http:\/\/vincentians.com\/fr\/catherine-laboure-un-temoin-pour-aujourdhui\/","name":"Catherine Labour\u00e9 : un t\u00e9moin pour aujourd\u2019hui ! - Nous Sommes Vincentiens","isPartOf":{"@id":"http:\/\/vincentians.com\/fr\/#website"},"primaryImageOfPage":{"@id":"http:\/\/vincentians.com\/fr\/catherine-laboure-un-temoin-pour-aujourdhui\/#primaryimage"},"image":{"@id":"http:\/\/vincentians.com\/fr\/catherine-laboure-un-temoin-pour-aujourdhui\/#primaryimage"},"thumbnailUrl":"","datePublished":"2013-11-28T07:56:41+00:00","author":{"@id":"http:\/\/vincentians.com\/fr\/#\/schema\/person\/9623ef4d9aa3b2dfb8c061f1499288f2"},"breadcrumb":{"@id":"http:\/\/vincentians.com\/fr\/catherine-laboure-un-temoin-pour-aujourdhui\/#breadcrumb"},"inLanguage":"fr-FR","potentialAction":[{"@type":"ReadAction","target":["http:\/\/vincentians.com\/fr\/catherine-laboure-un-temoin-pour-aujourdhui\/"]}]},{"@type":"ImageObject","inLanguage":"fr-FR","@id":"http:\/\/vincentians.com\/fr\/catherine-laboure-un-temoin-pour-aujourdhui\/#primaryimage","url":"","contentUrl":""},{"@type":"BreadcrumbList","@id":"http:\/\/vincentians.com\/fr\/catherine-laboure-un-temoin-pour-aujourdhui\/#breadcrumb","itemListElement":[{"@type":"ListItem","position":1,"name":"Portada","item":"http:\/\/vincentians.com\/fr\/"},{"@type":"ListItem","position":2,"name":"Catherine Labour\u00e9 : un t\u00e9moin pour aujourd\u2019hui !"}]},{"@type":"WebSite","@id":"http:\/\/vincentians.com\/fr\/#website","url":"http:\/\/vincentians.com\/fr\/","name":"Nous Sommes Vincentiens","description":"Know more to serve more","potentialAction":[{"@type":"SearchAction","target":{"@type":"EntryPoint","urlTemplate":"http:\/\/vincentians.com\/fr\/?s={search_term_string}"},"query-input":{"@type":"PropertyValueSpecification","valueRequired":true,"valueName":"search_term_string"}}],"inLanguage":"fr-FR"},{"@type":"Person","@id":"http:\/\/vincentians.com\/fr\/#\/schema\/person\/9623ef4d9aa3b2dfb8c061f1499288f2","name":"Francisco Javier Fern\u00e1ndez Chento","image":{"@type":"ImageObject","inLanguage":"fr-FR","@id":"http:\/\/vincentians.com\/fr\/#\/schema\/person\/image\/","url":"https:\/\/secure.gravatar.com\/avatar\/497d5cde87b4c3d097d0315953521681ba2cd523ee66e5077c3711f7021e65de?s=96&d=mm&r=g","contentUrl":"https:\/\/secure.gravatar.com\/avatar\/497d5cde87b4c3d097d0315953521681ba2cd523ee66e5077c3711f7021e65de?s=96&d=mm&r=g","caption":"Francisco Javier Fern\u00e1ndez Chento"},"description":"Director General y cofundador de La Red de Formaci\u00f3n Vicenciana. Javier es laico vicenciano, afiliado a la Congregaci\u00f3n de la Misi\u00f3n y miembro del Equipo de Misiones Populares de la provincia can\u00f3nica de Zaragoza (Espa\u00f1a) de la Congregaci\u00f3n de la Misi\u00f3n. Graduado en la Universidad Oberta de Catalunya con cuatro grados (Asistente de direcci\u00f3n, Gesti\u00f3n Administrativa, Recursos Humanos y Contabilidad Avanzada). Bil\u00edng\u00fce Espa\u00f1ol\/Ingl\u00e9s. gestiona y mantiene varias p\u00e1ginas web cristianas y vicencianas, incluida including La Red de Formaci\u00f3n Vicenciana, de la que es cofundador. Actualmente es responsable del \u00e1rea de Espa\u00f1ol de .famvin, la Red de Noticias de la Familia Vicenciana. Tambi\u00e9n es m\u00fasico cat\u00f3lico y ha editado varios discos. Es Director General y cofundador de Trovador, una reconocida compa\u00f1\u00eda discogr\u00e1fica critiana de Espa\u00f1a. Trabaja en las Tecnolog\u00edas de la Informaci\u00f3n, ofreciendo servicios de alojamiento, dise\u00f1o y mantenimiento Web, as\u00ed como asesoramiento, formaci\u00f3n y soluciones inform\u00e1ticas, gesti\u00f3n documental y digitalizaci\u00f3n de textos, edici\u00f3n y maquetaci\u00f3n de libros, revistas, flyers, etc.","sameAs":["http:\/\/chento.org","https:\/\/www.facebook.com\/JavierChento","https:\/\/x.com\/https:\/\/twitter.com\/javierchento"],"url":"http:\/\/vincentians.com\/fr\/author\/chento\/"}]}},"jetpack_publicize_connections":[],"jetpack_featured_media_url":"","jetpack_sharing_enabled":true,"jetpack_shortlink":"https:\/\/wp.me\/p7ETMP-rVo","jetpack-related-posts":[{"id":107352,"url":"http:\/\/vincentians.com\/fr\/sainte-catherine-laboure-la-sainte-du-silence\/","url_meta":{"origin":107346,"position":0},"title":"Sainte Catherine Labour\u00e9, la Sainte du Silence","author":"Francisco Javier Fern\u00e1ndez Chento","date":"28\/11\/2013","format":false,"excerpt":"Cet \u00e9v\u00e9nement m\u00e9rite que nous nous y attardions et que nous fassions quelques r\u00e9flexions sur le silence qui comporte des aspects positifs et n\u00e9gatifs. En approfondissant la vie de sainte Catherine, nous d\u00e9couvrons imm\u00e9diatement que son silence, \u00e0 elle, est en m\u00eame temps le fruit et le garant de sa\u2026","rel":"","context":"Dans &quot;Catherine Labour\u00e9&quot;","block_context":{"text":"Catherine Labour\u00e9","link":"http:\/\/vincentians.com\/fr\/category\/the-vincentian-family\/the-vincentian-family-in-heaven\/saint\/catherine-laboure\/"},"img":{"alt_text":"laboure","src":"https:\/\/i0.wp.com\/vincentiens.org\/wp-content\/uploads\/2013\/11\/laboure-206x300.jpg?resize=350%2C200","width":350,"height":200},"classes":[]},{"id":107625,"url":"http:\/\/vincentians.com\/fr\/la-devotion-mariale-chez-saint-vincent-de-paul-et-les-pretres-de-la-mission-deuxieme-periode\/","url_meta":{"origin":107346,"position":1},"title":"La d\u00e9votion mariale chez Saint Vincent de Paul et les Pr\u00eatres de la Mission. Deuxi\u00e8me p\u00e9riode","author":"Francisco Javier Fern\u00e1ndez Chento","date":"02\/01\/2014","format":false,"excerpt":"Deuxi\u00e8me p\u00e9riode : De la manifestation de la M\u00e9dalle Miraculeuse (1830) jusqu'\u00e0 nos jours 1\u00b0 La manifestation du 27\u00a0Novembre 1830 \u00e0 S\u0153eur Catherine Labour\u00e9 Cet \u00e9v\u00e9nement est d\u2019une importance capitale dans l\u2019histoire de la d\u00e9votion mariale des fils et des filles de saint Vincent de Paul. Cette faveur c\u00e9leste fut\u2026","rel":"","context":"Dans &quot;M\u00e9daille Miraculeuse et d\u00e9votion mariale&quot;","block_context":{"text":"M\u00e9daille Miraculeuse et d\u00e9votion mariale","link":"http:\/\/vincentians.com\/fr\/category\/medaille-miraculeuse-et-devotion-mariale\/"},"img":{"alt_text":"crapez","src":"https:\/\/i0.wp.com\/vincentiens.org\/wp-content\/uploads\/2014\/01\/crapez.jpg?resize=350%2C200","width":350,"height":200},"classes":[]},{"id":108347,"url":"http:\/\/vincentians.com\/fr\/ephemerides-16-fevrier\/","url_meta":{"origin":107346,"position":2},"title":"Eph\u00e9m\u00e9rides: 16 f\u00e9vrier","author":"Francisco Javier Fern\u00e1ndez Chento","date":"16\/02\/2017","format":false,"excerpt":"En 1622 , \u00e0 Paris, c'est aux environs de ce jour que saint Vincent inaugure ses fonctions de sup\u00e9rieur de la Visitation, en faisant la visite canonique du monast\u00e8re de la rue du Petit-Musc. Il pr\u00e9side, \u00e0 l'issue de cette visite, l'\u00e9lection d'Anne-Catherine de Beaumont d\u00e9sign\u00e9e pour diriger l'\u00e9tablissement, puisque\u2026","rel":"","context":"Dans &quot;\u00c9ph\u00e9m\u00e9rides vincentiens&quot;","block_context":{"text":"\u00c9ph\u00e9m\u00e9rides vincentiens","link":"http:\/\/vincentians.com\/fr\/category\/ephemerides-vincentiens\/"},"img":{"alt_text":"","src":"https:\/\/i0.wp.com\/vincentians.com\/fr\/wp-content\/uploads\/sites\/10\/2016\/07\/ephemerides-fb.jpg?fit=1200%2C630&resize=350%2C200","width":350,"height":200,"srcset":"https:\/\/i0.wp.com\/vincentians.com\/fr\/wp-content\/uploads\/sites\/10\/2016\/07\/ephemerides-fb.jpg?fit=1200%2C630&resize=350%2C200 1x, https:\/\/i0.wp.com\/vincentians.com\/fr\/wp-content\/uploads\/sites\/10\/2016\/07\/ephemerides-fb.jpg?fit=1200%2C630&resize=525%2C300 1.5x, https:\/\/i0.wp.com\/vincentians.com\/fr\/wp-content\/uploads\/sites\/10\/2016\/07\/ephemerides-fb.jpg?fit=1200%2C630&resize=700%2C400 2x, https:\/\/i0.wp.com\/vincentians.com\/fr\/wp-content\/uploads\/sites\/10\/2016\/07\/ephemerides-fb.jpg?fit=1200%2C630&resize=1050%2C600 3x"},"classes":[]},{"id":38257,"url":"http:\/\/vincentians.com\/fr\/elements-dunion-dans-la-famille-vincentienne\/","url_meta":{"origin":107346,"position":3},"title":"\u00c9l\u00e9ments d\u2019union dans la Famille Vincentienne","author":"Francisco Javier Fern\u00e1ndez Chento","date":"04\/08\/2016","format":false,"excerpt":"A. De quelle famille parlons-nous ? Lorsque nous parlons de la Famille Vincentienne nous faisons allusion \u00e0 tous ces groupes d\u2019associations ou \u00e0 des congr\u00e9gations qui, dans leur vie (style) et dans leur action (apostolat), s\u2019inspirent avec diverses nuances, de ce que nous appelons aujourd\u2019hui \u00ab charisme vincentien \u00bb. D\u2019autre\u2026","rel":"","context":"Dans &quot;La Famille Vincentienne&quot;","block_context":{"text":"La Famille Vincentienne","link":"http:\/\/vincentians.com\/fr\/category\/la-famille-vincentienne\/"},"img":{"alt_text":"","src":"https:\/\/i0.wp.com\/vincentians.com\/fr\/wp-content\/uploads\/sites\/10\/2014\/01\/Vincentian-Family-leaders-meeting-in-Paris.jpg?fit=1200%2C630&resize=350%2C200","width":350,"height":200,"srcset":"https:\/\/i0.wp.com\/vincentians.com\/fr\/wp-content\/uploads\/sites\/10\/2014\/01\/Vincentian-Family-leaders-meeting-in-Paris.jpg?fit=1200%2C630&resize=350%2C200 1x, https:\/\/i0.wp.com\/vincentians.com\/fr\/wp-content\/uploads\/sites\/10\/2014\/01\/Vincentian-Family-leaders-meeting-in-Paris.jpg?fit=1200%2C630&resize=525%2C300 1.5x, https:\/\/i0.wp.com\/vincentians.com\/fr\/wp-content\/uploads\/sites\/10\/2014\/01\/Vincentian-Family-leaders-meeting-in-Paris.jpg?fit=1200%2C630&resize=700%2C400 2x, https:\/\/i0.wp.com\/vincentians.com\/fr\/wp-content\/uploads\/sites\/10\/2014\/01\/Vincentian-Family-leaders-meeting-in-Paris.jpg?fit=1200%2C630&resize=1050%2C600 3x"},"classes":[]},{"id":105271,"url":"http:\/\/vincentians.com\/fr\/ephemerides-31-decembre\/","url_meta":{"origin":107346,"position":4},"title":"Eph\u00e9m\u00e9rides: 31 d\u00e9cembre","author":"Francisco Javier Fern\u00e1ndez Chento","date":"30\/12\/2016","format":false,"excerpt":"1839. \u00c0 Paris, mort de Mgr de Qu\u00e9len. Durant les longs mois de souffrance qui ont pr\u00e9c\u00e9d\u00e9 sa fin, toute empreinte d\u2019une sereine pi\u00e9t\u00e9, il a \u00e9t\u00e9 assist\u00e9 par une Fille de la Charit\u00e9 de Bon-Secours\u00a0: elle fut le merci vivant de la double famille vincentienne \u00e0 l\u2019illustre pr\u00e9lat. D\u2019une\u2026","rel":"","context":"Dans &quot;\u00c9ph\u00e9m\u00e9rides vincentiens&quot;","block_context":{"text":"\u00c9ph\u00e9m\u00e9rides vincentiens","link":"http:\/\/vincentians.com\/fr\/category\/ephemerides-vincentiens\/"},"img":{"alt_text":"","src":"https:\/\/i0.wp.com\/vincentians.com\/fr\/wp-content\/uploads\/sites\/10\/2016\/07\/ephemerides-fb.jpg?fit=1200%2C630&resize=350%2C200","width":350,"height":200,"srcset":"https:\/\/i0.wp.com\/vincentians.com\/fr\/wp-content\/uploads\/sites\/10\/2016\/07\/ephemerides-fb.jpg?fit=1200%2C630&resize=350%2C200 1x, https:\/\/i0.wp.com\/vincentians.com\/fr\/wp-content\/uploads\/sites\/10\/2016\/07\/ephemerides-fb.jpg?fit=1200%2C630&resize=525%2C300 1.5x, https:\/\/i0.wp.com\/vincentians.com\/fr\/wp-content\/uploads\/sites\/10\/2016\/07\/ephemerides-fb.jpg?fit=1200%2C630&resize=700%2C400 2x, https:\/\/i0.wp.com\/vincentians.com\/fr\/wp-content\/uploads\/sites\/10\/2016\/07\/ephemerides-fb.jpg?fit=1200%2C630&resize=1050%2C600 3x"},"classes":[]},{"id":189322,"url":"http:\/\/vincentians.com\/fr\/ephemerides-18-juilliet\/","url_meta":{"origin":107346,"position":5},"title":"Eph\u00e9m\u00e9rides: 18 juilliet","author":"Francisco Javier Fern\u00e1ndez Chento","date":"18\/07\/2017","format":false,"excerpt":"1742. Monsieur Gervaise, pr\u00eatre ayant re\u00e7u procuration du cur\u00e9 de la paroisse royale Saint Jacques de Compi\u00e9gne, des administrateurs de la Charit\u00e9 des pauvres et de la Pr\u00e9sidente de la Confr\u00e9rie de la Charit\u00e9 signe avec M\u00e8re Marie Anne Bonnejoye et les trois S\u0153urs offici\u00e8res le contrat d\u2019\u00e9tablissement de deux\u2026","rel":"","context":"Dans &quot;\u00c9ph\u00e9m\u00e9rides vincentiens&quot;","block_context":{"text":"\u00c9ph\u00e9m\u00e9rides vincentiens","link":"http:\/\/vincentians.com\/fr\/category\/ephemerides-vincentiens\/"},"img":{"alt_text":"","src":"https:\/\/i0.wp.com\/vincentians.com\/fr\/wp-content\/uploads\/sites\/10\/2016\/07\/ephemerides-fb.jpg?fit=1200%2C630&resize=350%2C200","width":350,"height":200,"srcset":"https:\/\/i0.wp.com\/vincentians.com\/fr\/wp-content\/uploads\/sites\/10\/2016\/07\/ephemerides-fb.jpg?fit=1200%2C630&resize=350%2C200 1x, https:\/\/i0.wp.com\/vincentians.com\/fr\/wp-content\/uploads\/sites\/10\/2016\/07\/ephemerides-fb.jpg?fit=1200%2C630&resize=525%2C300 1.5x, https:\/\/i0.wp.com\/vincentians.com\/fr\/wp-content\/uploads\/sites\/10\/2016\/07\/ephemerides-fb.jpg?fit=1200%2C630&resize=700%2C400 2x, https:\/\/i0.wp.com\/vincentians.com\/fr\/wp-content\/uploads\/sites\/10\/2016\/07\/ephemerides-fb.jpg?fit=1200%2C630&resize=1050%2C600 3x"},"classes":[]}],"_links":{"self":[{"href":"http:\/\/vincentians.com\/fr\/wp-json\/wp\/v2\/posts\/107346","targetHints":{"allow":["GET"]}}],"collection":[{"href":"http:\/\/vincentians.com\/fr\/wp-json\/wp\/v2\/posts"}],"about":[{"href":"http:\/\/vincentians.com\/fr\/wp-json\/wp\/v2\/types\/post"}],"author":[{"embeddable":true,"href":"http:\/\/vincentians.com\/fr\/wp-json\/wp\/v2\/users\/4"}],"replies":[{"embeddable":true,"href":"http:\/\/vincentians.com\/fr\/wp-json\/wp\/v2\/comments?post=107346"}],"version-history":[{"count":0,"href":"http:\/\/vincentians.com\/fr\/wp-json\/wp\/v2\/posts\/107346\/revisions"}],"wp:featuredmedia":[{"embeddable":true,"href":"http:\/\/vincentians.com\/fr\/wp-json\/"}],"wp:attachment":[{"href":"http:\/\/vincentians.com\/fr\/wp-json\/wp\/v2\/media?parent=107346"}],"wp:term":[{"taxonomy":"category","embeddable":true,"href":"http:\/\/vincentians.com\/fr\/wp-json\/wp\/v2\/categories?post=107346"},{"taxonomy":"post_tag","embeddable":true,"href":"http:\/\/vincentians.com\/fr\/wp-json\/wp\/v2\/tags?post=107346"}],"curies":[{"name":"wp","href":"https:\/\/api.w.org\/{rel}","templated":true}]}}