{"id":107237,"date":"2017-08-13T04:00:58","date_gmt":"2017-08-13T02:00:58","guid":{"rendered":"http:\/\/vincentiens.org\/?p=107237"},"modified":"2016-08-11T21:54:10","modified_gmt":"2016-08-11T19:54:10","slug":"jean-gabriel-perboyre-lettre-058-a-dominique-salhorgne-superieur-general-a-paris","status":"publish","type":"post","link":"http:\/\/vincentians.com\/fr\/jean-gabriel-perboyre-lettre-058-a-dominique-salhorgne-superieur-general-a-paris\/","title":{"rendered":"Jean-Gabriel Perboyre, Lettre 058. A Dominique Salhorgne, Sup\u00e9rieur g\u00e9n\u00e9ral, \u00e0 Paris"},"content":{"rendered":"<p>Batavia, le 29 juin 1835,<\/p>\n<p>Monsieur et tr\u00e8s honor\u00e9 P\u00e8re<span id='easy-footnote-1-107237' class='easy-footnote-margin-adjust'><\/span><span class='easy-footnote'><a href='http:\/\/vincentians.com\/fr\/jean-gabriel-perboyre-lettre-058-a-dominique-salhorgne-superieur-general-a-paris\/#easy-footnote-bottom-1-107237' title='Salhorgne (Dominique). C.M., pr\u00eatre, n\u00e9 \u00e0 Toul le 3 septembre 1757, re\u00e7u au s\u00e9minaire \u00e0 Paris le 27 octobre 1772, y a fait les v\u0153ux le 28 octobre 1774. Professeur au Grand S\u00e9minaire de Tours, puis \u00e9migr\u00e9 en Allemagne et professeur \u00e0 la facult\u00e9 de th\u00e9ologie de Heidelberg. D\u00e9c\u00e9d\u00e9 le 25 mai 1836 \u00e0 Paris. XII&lt;sup&gt;e&lt;\/sup&gt; Sup\u00e9rieur g\u00e9n\u00e9ral (Coste, &lt;i&gt;op. cit&lt;\/i&gt;. p. 552).'><sup>1<\/sup><\/a><\/span>,<\/p>\n<p>Votre b\u00e9n\u00e9diction, s\u2019il vous pla\u00eet\u00a0!<\/p>\n<p>Heureusement parvenus \u00e0 Batavia, nous n\u2019avons rien de plus empress\u00e9 que de r\u00e9pondre \u00e0 votre attente, en vous donnant des nouvelles que votre tendre sollicitude pour nous vous aura fait trouver bien tardives.<\/p>\n<p>Vous savez, Monsieur et tr\u00e8s honor\u00e9 P\u00e8re, que nous sommes partis du Havre le 21 mars dernier. Nous quitt\u00e2mes la France avec cette joie et ce calme avec lesquels nous avions quitt\u00e9 Paris. J\u2019admirais ces dispositions que Dieu avait mises en nous, lorsqu\u2019un souvenir paisible, comme une pens\u00e9e qui descend du ciel, pr\u00e9occupa tout \u00e0 coup mon esprit\u00a0: c\u2019\u00e9tait le souvenir que, il n\u2019y avait pas encore cinq ans, mon cher fr\u00e8re Louis s\u2019\u00e9tait embarqu\u00e9 au m\u00eame port pour faire le voyage que nous entreprenions. Je me sentis int\u00e9rieurement invit\u00e9 \u00e0 mettre la travers\u00e9e sous sa protection. Mon \u00e2me s\u2019\u00e9leva aussit\u00f4t vers lui avec confiance et mes yeux furent inond\u00e9s de larmes.<\/p>\n<p>Deux jours apr\u00e8s le d\u00e9part nous voguions \u00e0 pleines voiles hors de la Manche\u00a0; un vent favorable pr\u00e9cipitait notre course. Mais un roulis et un tangage violents et continuels remu\u00e8rent tellement la bile des nouveaux passagers que, durant toute une semaine, notre navire fut une vraie ambulance. Il n\u2019\u00e9tait pas tout \u00e0 fait inutile de se rappeler d\u00e8s lors que souffrir fait la moiti\u00e9 du missionnaire. Par la gr\u00e2ce de Dieu cette \u00e9preuve, quoique fort incommode \u00e0 la nature, ne devait servir, ainsi que toutes les autres, qu\u2019\u00e0 exercer et \u00e0 exciter de plus en plus le courage, bien loin de l\u2019abattre. Cependant Celui qui domine la puissance de la mer et mod\u00e8re le mouvement de ses flots nous accorda soulagement et consolation. Le 29, (nous \u00e9tions d\u00e9j\u00e0 en vue de Mad\u00e8re) nous e\u00fbmes un bon calme, et avec le beau temps revint comme une nouvelle vie. Je pus dire la sainte messe\u00a0: ce que nous avons fait, chacun \u00e0 son tour, presque tous les jours de dimanche et de f\u00eates. Oh\u00a0! qu\u2019on se sent heureux, sur ce vaste d\u00e9sert de l\u2019oc\u00e9an, de se retrouver de temps en temps en la compagnie de Notre Seigneur\u00a0!<\/p>\n<p>Notre marche a \u00e9t\u00e9 ensuite tr\u00e8s lente pendant longtemps. C\u2019est le jour de P\u00e2ques que nous avons pass\u00e9 la ligne. Le jeu usit\u00e9 en cette circonstance fut renvoy\u00e9 au lendemain. Une piastre, dont chacun de nous \u00e9trenna les matelots, nous exempta de tout autre r\u00f4le que celui de simples spectateurs. Un mois apr\u00e8s nous doubl\u00e2mes le Cap de Bonne Esp\u00e9rance, par le 38\u00b0 de latitude sud. Nous e\u00fbmes \u00e0 rabattre de l\u2019id\u00e9e qu\u2019on nous avait donn\u00e9e de ces parages\u00a0: on nous les avait d\u00e9peints si redoutables\u00a0! Nous y rencontr\u00e2mes une mer toute calme et aussi b\u00e9nigne que parmi les Canaries. Si Dieu nous m\u00e9nagea dans un passage ordinairement p\u00e9nible, ce fut sans doute afin que nous fussions plus capables de soutenir l\u2019assaut que devait nous livrer la mer des Indes.<\/p>\n<p>Le 31 mai, entre les 60\u00b0 et 70\u00b0 de longitude est, dans la direction d\u2019Amsterdam, nous essuy\u00e2mes une rude temp\u00eate. Notre capitaine, qui navigue depuis trente-six ans, n\u2019en avait jamais vu d\u2019aussi terribles. Elle dura douze heures dans sa plus forte intensit\u00e9. Des lames \u00e9normes montaient jusqu\u2019au-dessus des hunes et s\u2019abattaient sur le pont, o\u00f9 elles roulaient d\u2019un bord \u00e0 l\u2019autre, p\u00eale-m\u00eale, hommes, cages \u00e0 poules, et tout ce qui n\u2019\u00e9tait pas solidement amarr\u00e9. Une d\u2019elles, apr\u00e8s avoir donn\u00e9 une si violente secousse au flanc du navire que tout le lest se porta sur un c\u00f4t\u00e9 de la cale, renversa en tombant et jeta \u00e0 quelques pas sur la dunette les deux hommes qui tenaient le gouvernail et qui par bonheur n\u2019eurent point de mal, et enleva un canot qu\u2019on ne revit plus. Les hautes montagnes, form\u00e9es de vagues \u00e9cumantes, qui \u00e0 chaque instant s\u2019\u00e9levaient presque \u00e0 pic devant et derri\u00e8re nous, en nous enfermant dans de profonds ab\u00eemes, \u00e9taient \u00e0 la fois effrayantes et admirables, et nous ne pouvions nous emp\u00eacher de nous \u00e9crier\u00a0: <i>mirabiles elationes maris\u00a0; mirabilis in altis Dominus<\/i><span id='easy-footnote-2-107237' class='easy-footnote-margin-adjust'><\/span><span class='easy-footnote'><a href='http:\/\/vincentians.com\/fr\/jean-gabriel-perboyre-lettre-058-a-dominique-salhorgne-superieur-general-a-paris\/#easy-footnote-bottom-2-107237' title='\u00ab\u00a0Les soul\u00e8vements de la mer sont admirables, mais le Seigneur est plus admirable encore dans la hauteur des cieux.\u00a0\u00bb (Ps.\u00a0XCII, 4).'><sup>2<\/sup><\/a><\/span>.<\/p>\n<p>Cependant nous poss\u00e9dions notre \u00e2me en paix, aimant \u00e0 nous abandonner au bon plaisir de Celui qui conduit aux portes du tombeau et en retire. Il voulut bien nous faire sortir tous sains et saufs de cette crise. Sur le soir les huit missionnaires se mirent \u00e0 r\u00e9citer en commun les litanies de la Sainte Vierge, l\u2019<i>Ave maris stella<\/i>, et la petite pri\u00e8re\u00a0: <i>O Marie, con\u00e7ue sans p\u00e9ch\u00e9, <\/i>etc. Leur confiance ne fut pas vaine\u00a0; car, \u00e0 peine eurent-ils lev\u00e9 les mains vers l\u2019Etoile de la mer, que la temp\u00eate s\u2019apaisa peu \u00e0 peu.<\/p>\n<p>Cette temp\u00eate est le seul incident un peu remarquable, qui ait rompu la monotonie de notre navigation de France \u00e0 Java. Nous sommes entr\u00e9s dans le d\u00e9troit de la Sonde, et le 26, nous sommes arriv\u00e9s \u00e0 Batavia.<\/p>\n<p>Jusqu\u2019ici ma sant\u00e9 s\u2019est assez bien soutenue, celle de M.\u00a0Perry aussi. M.\u00a0Gabet a \u00e9t\u00e9 quelquefois un peu indispos\u00e9\u00a0; malgr\u00e9 cela il a toujours \u00e9t\u00e9 le plus gai de la compagnie. Il a continu\u00e9 l\u2019\u00e9tude du Chinois, et s\u2019est beaucoup appliqu\u00e9, ainsi que M.\u00a0Perry, \u00e0 celle de l\u2019Ecriture sainte et de la Th\u00e9ologie. Ils n\u2019ont cess\u00e9 l\u2019un et l\u2019autre de m\u2019\u00e9difier et de contribuer \u00e0 me rendre le voyage agr\u00e9able. Je pourrais en dire autant des excellents Messieurs des Missions \u00c9trang\u00e8res. Eux et nous, vous n\u2019en doutez pas, avons constamment v\u00e9cu ensemble comme des amis et des fr\u00e8res.<\/p>\n<p>Notre \u00e9quipage \u00e9tant compos\u00e9 de jeunes gens honn\u00eates et ce qu\u2019on appelle bons enfants, il n\u2019y avait pas d\u2019inconv\u00e9nient \u00e0 tenter de leur \u00eatre utile et les missionnaires devaient ressentir \u00e0 leur \u00e9gard quelque chose de cette compassion dont le c\u0153ur de N. S. \u00e9tait rempli \u00e0 la vue de ces peuples qu\u2019il comparait \u00e0 des brebis sans pasteur. Aussi plusieurs de ces Messieurs allaient-ils de temps en temps le soir exercer leur z\u00e8le aupr\u00e8s d\u2019eux, les entretenant famili\u00e8rement des v\u00e9rit\u00e9s de la religion et de leurs principaux devoirs et les exhortant \u00e0 une vie chr\u00e9tienne. Ils se sont presque tous confess\u00e9s. Daigne le Seigneur f\u00e9conder la semence qui a \u00e9t\u00e9 jet\u00e9e en leurs c\u0153urs et lui faire porter des fruits de salut\u00a0!<\/p>\n<p>Voil\u00e0 en peu de mots, Monsieur et tr\u00e8s honor\u00e9 P\u00e8re, l\u2019histoire de notre premi\u00e8re travers\u00e9e. Elle vous donnera lieu de b\u00e9nir avec nous cette Providence du P\u00e8re c\u00e9leste dont il est parl\u00e9 au livre de la Sagesse, c. XIV\u00a0: <i>Tua autem, Pater, Providentia gubernat\u00a0: quoniam dedisti et in mari viam et inter fluctus semitam firmissimam, ostendens quoniam ponens es ex omnibus salvare, etiamsi sine arte aliquis adeat mare<\/i><span id='easy-footnote-3-107237' class='easy-footnote-margin-adjust'><\/span><span class='easy-footnote'><a href='http:\/\/vincentians.com\/fr\/jean-gabriel-perboyre-lettre-058-a-dominique-salhorgne-superieur-general-a-paris\/#easy-footnote-bottom-3-107237' title='\u00ab\u00a0C\u2019est votre Providence, \u00f4 P\u00e8re\u00a0! qui gouverne\u00a0; c\u2019est vous qui avez ouvert une voie sur la mer et une route assur\u00e9e au milieu des flots, montrant par l\u00e0 que vous pouvez d\u00e9livrer de tout danger celui qui affronterait la mer m\u00eame sans aucune exp\u00e9rience.\u00a0\u00bb (Sap. XIV, 3-4).'><sup>3<\/sup><\/a><\/span>.<\/p>\n<p>Nous esp\u00e9rons que nos confr\u00e8res et nos s\u0153urs, qui se sont d\u00e9j\u00e0 si vivement int\u00e9ress\u00e9s \u00e0 nous, voudront bien encore se joindre \u00e0 vous pour supplier N. S. de nous continuer sa sainte protection. Veuillez bien permettre qu\u2019ils trouvent tous ici et en particulier vos dignes Assistants l\u2019assurance de nos respects et de notre reconnaissance.<\/p>\n<p>Le lendemain de notre arriv\u00e9e nous e\u00fbmes l\u2019honneur de voir M.\u00a0le pr\u00e9fet apostolique et M.\u00a0le Cur\u00e9 de Batavia. Ils accueillirent tous les missionnaires avec autant de cordialit\u00e9 que de bienveillance. Ils se sont empress\u00e9s de nous offrir l\u2019hospitalit\u00e9 et leur table. Nous avons d\u00e9j\u00e0 profit\u00e9 de cette charit\u00e9 deux ou trois jours. Nous retournerons chez eux vers la fin de la semaine pour solenniser avec eux la f\u00eate de saint Pierre. En attendant nous allons quitter l\u2019<i>Edmond<\/i> qui va compl\u00e9ter son chargement sur un autre point de l\u2019\u00eele, pour aller \u00e0 bord d\u2019un navire anglais, le <i>Royal-George<\/i>, qui partira bient\u00f4t pour Canton et qui se charge de nous porter \u00e0 Macao.<\/p>\n<p>Daignez agr\u00e9er, Monsieur et tr\u00e8s honor\u00e9 P\u00e8re, l\u2019hommage du profond respect de vos trois enfants, dont le dernier vous prie de le croire, autant qu\u2019il lui est donn\u00e9 de l\u2019\u00eatre, votre tr\u00e8s d\u00e9vou\u00e9 et tr\u00e8s ob\u00e9issant serviteur,<\/p>\n<p>J.G. Perboyre i. p. d. l. m.<\/p>\n<p><em><b>Lettre 58.<\/b> \u2014 Maison-M\u00e8re, original 47.<\/em><\/p>\n","protected":false},"excerpt":{"rendered":"<p>Batavia, le 29 juin 1835, Monsieur et tr\u00e8s honor\u00e9 P\u00e8re, Votre b\u00e9n\u00e9diction, s\u2019il vous pla\u00eet\u00a0! Heureusement parvenus \u00e0 Batavia, nous n\u2019avons rien de plus empress\u00e9 que de r\u00e9pondre \u00e0 votre attente, en vous donnant des &#8230; <a href=\"http:\/\/vincentians.com\/fr\/jean-gabriel-perboyre-lettre-058-a-dominique-salhorgne-superieur-general-a-paris\/\" class=\"more-link\">Read More<\/a><\/p>\n","protected":false},"author":4,"featured_media":189778,"comment_status":"open","ping_status":"open","sticky":false,"template":"","format":"standard","meta":{"jetpack_post_was_ever_published":false,"_jetpack_newsletter_access":"","_jetpack_dont_email_post_to_subs":false,"_jetpack_newsletter_tier_id":0,"_jetpack_memberships_contains_paywalled_content":false,"_jetpack_memberships_contains_paid_content":false,"footnotes":"","jetpack_publicize_message":"","jetpack_publicize_feature_enabled":true,"jetpack_social_post_already_shared":true,"jetpack_social_options":{"image_generator_settings":{"template":"highway","default_image_id":0,"font":"","enabled":false},"version":2}},"categories":[114],"tags":[],"class_list":["post-107237","post","type-post","status-publish","format-standard","has-post-thumbnail","hentry","category-ecrits-de-jean-gabriel-perboyre"],"yoast_head":"<!-- This site is optimized with the Yoast SEO plugin v26.3 - https:\/\/yoast.com\/wordpress\/plugins\/seo\/ -->\n<title>Jean-Gabriel Perboyre, Lettre 058. A Dominique Salhorgne, Sup\u00e9rieur g\u00e9n\u00e9ral, \u00e0 Paris - Nous Sommes Vincentiens<\/title>\n<meta name=\"robots\" content=\"index, follow, max-snippet:-1, max-image-preview:large, max-video-preview:-1\" \/>\n<link rel=\"canonical\" href=\"http:\/\/vincentians.com\/fr\/jean-gabriel-perboyre-lettre-058-a-dominique-salhorgne-superieur-general-a-paris\/\" \/>\n<meta property=\"og:locale\" content=\"fr_FR\" \/>\n<meta property=\"og:type\" content=\"article\" \/>\n<meta property=\"og:title\" content=\"Jean-Gabriel Perboyre, Lettre 058. A Dominique Salhorgne, Sup\u00e9rieur g\u00e9n\u00e9ral, \u00e0 Paris - Nous Sommes Vincentiens\" \/>\n<meta property=\"og:description\" content=\"Batavia, le 29 juin 1835, Monsieur et tr\u00e8s honor\u00e9 P\u00e8re, Votre b\u00e9n\u00e9diction, s\u2019il vous pla\u00eet\u00a0! Heureusement parvenus \u00e0 Batavia, nous n\u2019avons rien de plus empress\u00e9 que de r\u00e9pondre \u00e0 votre attente, en vous donnant des ... Read More\" \/>\n<meta property=\"og:url\" content=\"http:\/\/vincentians.com\/fr\/jean-gabriel-perboyre-lettre-058-a-dominique-salhorgne-superieur-general-a-paris\/\" \/>\n<meta property=\"og:site_name\" content=\"Nous Sommes Vincentiens\" \/>\n<meta property=\"article:publisher\" content=\"https:\/\/www.facebook.com\/WeAreVincentians\/\" \/>\n<meta property=\"article:author\" content=\"https:\/\/www.facebook.com\/JavierChento\" \/>\n<meta property=\"article:published_time\" content=\"2017-08-13T02:00:58+00:00\" \/>\n<meta property=\"og:image\" content=\"https:\/\/i0.wp.com\/vincentians.com\/fr\/wp-content\/uploads\/sites\/10\/2016\/07\/cartas-perboyre.jpg?fit=1200%2C630\" \/>\n\t<meta property=\"og:image:width\" content=\"1200\" \/>\n\t<meta property=\"og:image:height\" content=\"630\" \/>\n\t<meta property=\"og:image:type\" content=\"image\/jpeg\" \/>\n<meta name=\"author\" content=\"Francisco Javier Fern\u00e1ndez Chento\" \/>\n<meta name=\"twitter:card\" content=\"summary_large_image\" \/>\n<meta name=\"twitter:creator\" content=\"@https:\/\/twitter.com\/javierchento\" \/>\n<meta name=\"twitter:site\" content=\"@WeVincentians\" \/>\n<meta name=\"twitter:label1\" content=\"\u00c9crit par\" \/>\n\t<meta name=\"twitter:data1\" content=\"Francisco Javier Fern\u00e1ndez Chento\" \/>\n\t<meta name=\"twitter:label2\" content=\"Dur\u00e9e de lecture estim\u00e9e\" \/>\n\t<meta name=\"twitter:data2\" content=\"8 minutes\" \/>\n<script type=\"application\/ld+json\" class=\"yoast-schema-graph\">{\"@context\":\"https:\/\/schema.org\",\"@graph\":[{\"@type\":\"WebPage\",\"@id\":\"http:\/\/vincentians.com\/fr\/jean-gabriel-perboyre-lettre-058-a-dominique-salhorgne-superieur-general-a-paris\/\",\"url\":\"http:\/\/vincentians.com\/fr\/jean-gabriel-perboyre-lettre-058-a-dominique-salhorgne-superieur-general-a-paris\/\",\"name\":\"Jean-Gabriel Perboyre, Lettre 058. A Dominique Salhorgne, Sup\u00e9rieur g\u00e9n\u00e9ral, \u00e0 Paris - Nous Sommes Vincentiens\",\"isPartOf\":{\"@id\":\"http:\/\/vincentians.com\/fr\/#website\"},\"primaryImageOfPage\":{\"@id\":\"http:\/\/vincentians.com\/fr\/jean-gabriel-perboyre-lettre-058-a-dominique-salhorgne-superieur-general-a-paris\/#primaryimage\"},\"image\":{\"@id\":\"http:\/\/vincentians.com\/fr\/jean-gabriel-perboyre-lettre-058-a-dominique-salhorgne-superieur-general-a-paris\/#primaryimage\"},\"thumbnailUrl\":\"https:\/\/i0.wp.com\/vincentians.com\/fr\/wp-content\/uploads\/sites\/10\/2016\/07\/cartas-perboyre.jpg?fit=1200%2C630\",\"datePublished\":\"2017-08-13T02:00:58+00:00\",\"author\":{\"@id\":\"http:\/\/vincentians.com\/fr\/#\/schema\/person\/9623ef4d9aa3b2dfb8c061f1499288f2\"},\"breadcrumb\":{\"@id\":\"http:\/\/vincentians.com\/fr\/jean-gabriel-perboyre-lettre-058-a-dominique-salhorgne-superieur-general-a-paris\/#breadcrumb\"},\"inLanguage\":\"fr-FR\",\"potentialAction\":[{\"@type\":\"ReadAction\",\"target\":[\"http:\/\/vincentians.com\/fr\/jean-gabriel-perboyre-lettre-058-a-dominique-salhorgne-superieur-general-a-paris\/\"]}]},{\"@type\":\"ImageObject\",\"inLanguage\":\"fr-FR\",\"@id\":\"http:\/\/vincentians.com\/fr\/jean-gabriel-perboyre-lettre-058-a-dominique-salhorgne-superieur-general-a-paris\/#primaryimage\",\"url\":\"https:\/\/i0.wp.com\/vincentians.com\/fr\/wp-content\/uploads\/sites\/10\/2016\/07\/cartas-perboyre.jpg?fit=1200%2C630\",\"contentUrl\":\"https:\/\/i0.wp.com\/vincentians.com\/fr\/wp-content\/uploads\/sites\/10\/2016\/07\/cartas-perboyre.jpg?fit=1200%2C630\",\"width\":1200,\"height\":630},{\"@type\":\"BreadcrumbList\",\"@id\":\"http:\/\/vincentians.com\/fr\/jean-gabriel-perboyre-lettre-058-a-dominique-salhorgne-superieur-general-a-paris\/#breadcrumb\",\"itemListElement\":[{\"@type\":\"ListItem\",\"position\":1,\"name\":\"Portada\",\"item\":\"http:\/\/vincentians.com\/fr\/\"},{\"@type\":\"ListItem\",\"position\":2,\"name\":\"Jean-Gabriel Perboyre, Lettre 058. A Dominique Salhorgne, Sup\u00e9rieur g\u00e9n\u00e9ral, \u00e0 Paris\"}]},{\"@type\":\"WebSite\",\"@id\":\"http:\/\/vincentians.com\/fr\/#website\",\"url\":\"http:\/\/vincentians.com\/fr\/\",\"name\":\"Nous Sommes Vincentiens\",\"description\":\"Know more to serve more\",\"potentialAction\":[{\"@type\":\"SearchAction\",\"target\":{\"@type\":\"EntryPoint\",\"urlTemplate\":\"http:\/\/vincentians.com\/fr\/?s={search_term_string}\"},\"query-input\":{\"@type\":\"PropertyValueSpecification\",\"valueRequired\":true,\"valueName\":\"search_term_string\"}}],\"inLanguage\":\"fr-FR\"},{\"@type\":\"Person\",\"@id\":\"http:\/\/vincentians.com\/fr\/#\/schema\/person\/9623ef4d9aa3b2dfb8c061f1499288f2\",\"name\":\"Francisco Javier Fern\u00e1ndez Chento\",\"image\":{\"@type\":\"ImageObject\",\"inLanguage\":\"fr-FR\",\"@id\":\"http:\/\/vincentians.com\/fr\/#\/schema\/person\/image\/\",\"url\":\"https:\/\/secure.gravatar.com\/avatar\/497d5cde87b4c3d097d0315953521681ba2cd523ee66e5077c3711f7021e65de?s=96&d=mm&r=g\",\"contentUrl\":\"https:\/\/secure.gravatar.com\/avatar\/497d5cde87b4c3d097d0315953521681ba2cd523ee66e5077c3711f7021e65de?s=96&d=mm&r=g\",\"caption\":\"Francisco Javier Fern\u00e1ndez Chento\"},\"description\":\"Director General y cofundador de La Red de Formaci\u00f3n Vicenciana. Javier es laico vicenciano, afiliado a la Congregaci\u00f3n de la Misi\u00f3n y miembro del Equipo de Misiones Populares de la provincia can\u00f3nica de Zaragoza (Espa\u00f1a) de la Congregaci\u00f3n de la Misi\u00f3n. Graduado en la Universidad Oberta de Catalunya con cuatro grados (Asistente de direcci\u00f3n, Gesti\u00f3n Administrativa, Recursos Humanos y Contabilidad Avanzada). Bil\u00edng\u00fce Espa\u00f1ol\/Ingl\u00e9s. gestiona y mantiene varias p\u00e1ginas web cristianas y vicencianas, incluida including La Red de Formaci\u00f3n Vicenciana, de la que es cofundador. Actualmente es responsable del \u00e1rea de Espa\u00f1ol de .famvin, la Red de Noticias de la Familia Vicenciana. Tambi\u00e9n es m\u00fasico cat\u00f3lico y ha editado varios discos. Es Director General y cofundador de Trovador, una reconocida compa\u00f1\u00eda discogr\u00e1fica critiana de Espa\u00f1a. Trabaja en las Tecnolog\u00edas de la Informaci\u00f3n, ofreciendo servicios de alojamiento, dise\u00f1o y mantenimiento Web, as\u00ed como asesoramiento, formaci\u00f3n y soluciones inform\u00e1ticas, gesti\u00f3n documental y digitalizaci\u00f3n de textos, edici\u00f3n y maquetaci\u00f3n de libros, revistas, flyers, etc.\",\"sameAs\":[\"http:\/\/chento.org\",\"https:\/\/www.facebook.com\/JavierChento\",\"https:\/\/x.com\/https:\/\/twitter.com\/javierchento\"],\"url\":\"http:\/\/vincentians.com\/fr\/author\/chento\/\"}]}<\/script>\n<!-- \/ Yoast SEO plugin. -->","yoast_head_json":{"title":"Jean-Gabriel Perboyre, Lettre 058. A Dominique Salhorgne, Sup\u00e9rieur g\u00e9n\u00e9ral, \u00e0 Paris - Nous Sommes Vincentiens","robots":{"index":"index","follow":"follow","max-snippet":"max-snippet:-1","max-image-preview":"max-image-preview:large","max-video-preview":"max-video-preview:-1"},"canonical":"http:\/\/vincentians.com\/fr\/jean-gabriel-perboyre-lettre-058-a-dominique-salhorgne-superieur-general-a-paris\/","og_locale":"fr_FR","og_type":"article","og_title":"Jean-Gabriel Perboyre, Lettre 058. A Dominique Salhorgne, Sup\u00e9rieur g\u00e9n\u00e9ral, \u00e0 Paris - Nous Sommes Vincentiens","og_description":"Batavia, le 29 juin 1835, Monsieur et tr\u00e8s honor\u00e9 P\u00e8re, Votre b\u00e9n\u00e9diction, s\u2019il vous pla\u00eet\u00a0! Heureusement parvenus \u00e0 Batavia, nous n\u2019avons rien de plus empress\u00e9 que de r\u00e9pondre \u00e0 votre attente, en vous donnant des ... Read More","og_url":"http:\/\/vincentians.com\/fr\/jean-gabriel-perboyre-lettre-058-a-dominique-salhorgne-superieur-general-a-paris\/","og_site_name":"Nous Sommes Vincentiens","article_publisher":"https:\/\/www.facebook.com\/WeAreVincentians\/","article_author":"https:\/\/www.facebook.com\/JavierChento","article_published_time":"2017-08-13T02:00:58+00:00","og_image":[{"width":1200,"height":630,"url":"https:\/\/i0.wp.com\/vincentians.com\/fr\/wp-content\/uploads\/sites\/10\/2016\/07\/cartas-perboyre.jpg?fit=1200%2C630","type":"image\/jpeg"}],"author":"Francisco Javier Fern\u00e1ndez Chento","twitter_card":"summary_large_image","twitter_creator":"@https:\/\/twitter.com\/javierchento","twitter_site":"@WeVincentians","twitter_misc":{"\u00c9crit par":"Francisco Javier Fern\u00e1ndez Chento","Dur\u00e9e de lecture estim\u00e9e":"8 minutes"},"schema":{"@context":"https:\/\/schema.org","@graph":[{"@type":"WebPage","@id":"http:\/\/vincentians.com\/fr\/jean-gabriel-perboyre-lettre-058-a-dominique-salhorgne-superieur-general-a-paris\/","url":"http:\/\/vincentians.com\/fr\/jean-gabriel-perboyre-lettre-058-a-dominique-salhorgne-superieur-general-a-paris\/","name":"Jean-Gabriel Perboyre, Lettre 058. A Dominique Salhorgne, Sup\u00e9rieur g\u00e9n\u00e9ral, \u00e0 Paris - Nous Sommes Vincentiens","isPartOf":{"@id":"http:\/\/vincentians.com\/fr\/#website"},"primaryImageOfPage":{"@id":"http:\/\/vincentians.com\/fr\/jean-gabriel-perboyre-lettre-058-a-dominique-salhorgne-superieur-general-a-paris\/#primaryimage"},"image":{"@id":"http:\/\/vincentians.com\/fr\/jean-gabriel-perboyre-lettre-058-a-dominique-salhorgne-superieur-general-a-paris\/#primaryimage"},"thumbnailUrl":"https:\/\/i0.wp.com\/vincentians.com\/fr\/wp-content\/uploads\/sites\/10\/2016\/07\/cartas-perboyre.jpg?fit=1200%2C630","datePublished":"2017-08-13T02:00:58+00:00","author":{"@id":"http:\/\/vincentians.com\/fr\/#\/schema\/person\/9623ef4d9aa3b2dfb8c061f1499288f2"},"breadcrumb":{"@id":"http:\/\/vincentians.com\/fr\/jean-gabriel-perboyre-lettre-058-a-dominique-salhorgne-superieur-general-a-paris\/#breadcrumb"},"inLanguage":"fr-FR","potentialAction":[{"@type":"ReadAction","target":["http:\/\/vincentians.com\/fr\/jean-gabriel-perboyre-lettre-058-a-dominique-salhorgne-superieur-general-a-paris\/"]}]},{"@type":"ImageObject","inLanguage":"fr-FR","@id":"http:\/\/vincentians.com\/fr\/jean-gabriel-perboyre-lettre-058-a-dominique-salhorgne-superieur-general-a-paris\/#primaryimage","url":"https:\/\/i0.wp.com\/vincentians.com\/fr\/wp-content\/uploads\/sites\/10\/2016\/07\/cartas-perboyre.jpg?fit=1200%2C630","contentUrl":"https:\/\/i0.wp.com\/vincentians.com\/fr\/wp-content\/uploads\/sites\/10\/2016\/07\/cartas-perboyre.jpg?fit=1200%2C630","width":1200,"height":630},{"@type":"BreadcrumbList","@id":"http:\/\/vincentians.com\/fr\/jean-gabriel-perboyre-lettre-058-a-dominique-salhorgne-superieur-general-a-paris\/#breadcrumb","itemListElement":[{"@type":"ListItem","position":1,"name":"Portada","item":"http:\/\/vincentians.com\/fr\/"},{"@type":"ListItem","position":2,"name":"Jean-Gabriel Perboyre, Lettre 058. A Dominique Salhorgne, Sup\u00e9rieur g\u00e9n\u00e9ral, \u00e0 Paris"}]},{"@type":"WebSite","@id":"http:\/\/vincentians.com\/fr\/#website","url":"http:\/\/vincentians.com\/fr\/","name":"Nous Sommes Vincentiens","description":"Know more to serve more","potentialAction":[{"@type":"SearchAction","target":{"@type":"EntryPoint","urlTemplate":"http:\/\/vincentians.com\/fr\/?s={search_term_string}"},"query-input":{"@type":"PropertyValueSpecification","valueRequired":true,"valueName":"search_term_string"}}],"inLanguage":"fr-FR"},{"@type":"Person","@id":"http:\/\/vincentians.com\/fr\/#\/schema\/person\/9623ef4d9aa3b2dfb8c061f1499288f2","name":"Francisco Javier Fern\u00e1ndez Chento","image":{"@type":"ImageObject","inLanguage":"fr-FR","@id":"http:\/\/vincentians.com\/fr\/#\/schema\/person\/image\/","url":"https:\/\/secure.gravatar.com\/avatar\/497d5cde87b4c3d097d0315953521681ba2cd523ee66e5077c3711f7021e65de?s=96&d=mm&r=g","contentUrl":"https:\/\/secure.gravatar.com\/avatar\/497d5cde87b4c3d097d0315953521681ba2cd523ee66e5077c3711f7021e65de?s=96&d=mm&r=g","caption":"Francisco Javier Fern\u00e1ndez Chento"},"description":"Director General y cofundador de La Red de Formaci\u00f3n Vicenciana. Javier es laico vicenciano, afiliado a la Congregaci\u00f3n de la Misi\u00f3n y miembro del Equipo de Misiones Populares de la provincia can\u00f3nica de Zaragoza (Espa\u00f1a) de la Congregaci\u00f3n de la Misi\u00f3n. Graduado en la Universidad Oberta de Catalunya con cuatro grados (Asistente de direcci\u00f3n, Gesti\u00f3n Administrativa, Recursos Humanos y Contabilidad Avanzada). Bil\u00edng\u00fce Espa\u00f1ol\/Ingl\u00e9s. gestiona y mantiene varias p\u00e1ginas web cristianas y vicencianas, incluida including La Red de Formaci\u00f3n Vicenciana, de la que es cofundador. Actualmente es responsable del \u00e1rea de Espa\u00f1ol de .famvin, la Red de Noticias de la Familia Vicenciana. Tambi\u00e9n es m\u00fasico cat\u00f3lico y ha editado varios discos. Es Director General y cofundador de Trovador, una reconocida compa\u00f1\u00eda discogr\u00e1fica critiana de Espa\u00f1a. Trabaja en las Tecnolog\u00edas de la Informaci\u00f3n, ofreciendo servicios de alojamiento, dise\u00f1o y mantenimiento Web, as\u00ed como asesoramiento, formaci\u00f3n y soluciones inform\u00e1ticas, gesti\u00f3n documental y digitalizaci\u00f3n de textos, edici\u00f3n y maquetaci\u00f3n de libros, revistas, flyers, etc.","sameAs":["http:\/\/chento.org","https:\/\/www.facebook.com\/JavierChento","https:\/\/x.com\/https:\/\/twitter.com\/javierchento"],"url":"http:\/\/vincentians.com\/fr\/author\/chento\/"}]}},"jetpack_publicize_connections":[],"jetpack_featured_media_url":"https:\/\/i0.wp.com\/vincentians.com\/fr\/wp-content\/uploads\/sites\/10\/2016\/07\/cartas-perboyre.jpg?fit=1200%2C630","jetpack_sharing_enabled":true,"jetpack_shortlink":"https:\/\/wp.me\/p7ETMP-rTD","jetpack-related-posts":[{"id":107241,"url":"http:\/\/vincentians.com\/fr\/jean-gabriel-perboyre-lettre-062-a-dominique-salhorgne-superieur-general-a-paris\/","url_meta":{"origin":107237,"position":0},"title":"Jean-Gabriel Perboyre, Lettre 062. A Dominique Salhorgne, Sup\u00e9rieur g\u00e9n\u00e9ral, \u00e0 Paris","author":"Francisco Javier Fern\u00e1ndez Chento","date":"10\/09\/2017","format":false,"excerpt":"Surabaya, le 25 juillet 1835. Monsieur et tr\u00e8s honor\u00e9 P\u00e8re, Votre b\u00e9n\u00e9diction, s\u2019il vous pla\u00eet\u00a0! Aussit\u00f4t apr\u00e8s notre arriv\u00e9e \u00e0 Batavia j\u2019ai profit\u00e9 du d\u00e9part d\u2019un navire hollandais pour vous envoyer de nos nouvelles. Si par hasard elles ne vous \u00e9taient point parvenues, la lettre que j\u2019adresse \u00e0 mon oncle\u2026","rel":"","context":"Dans &quot;\u00c9crits de Jean-Gabriel Perboyre&quot;","block_context":{"text":"\u00c9crits de Jean-Gabriel Perboyre","link":"http:\/\/vincentians.com\/fr\/category\/ecrits-de-jean-gabriel-perboyre\/"},"img":{"alt_text":"","src":"https:\/\/i0.wp.com\/vincentians.com\/fr\/wp-content\/uploads\/sites\/10\/2016\/07\/cartas-perboyre.jpg?fit=1200%2C630&resize=350%2C200","width":350,"height":200,"srcset":"https:\/\/i0.wp.com\/vincentians.com\/fr\/wp-content\/uploads\/sites\/10\/2016\/07\/cartas-perboyre.jpg?fit=1200%2C630&resize=350%2C200 1x, https:\/\/i0.wp.com\/vincentians.com\/fr\/wp-content\/uploads\/sites\/10\/2016\/07\/cartas-perboyre.jpg?fit=1200%2C630&resize=525%2C300 1.5x, https:\/\/i0.wp.com\/vincentians.com\/fr\/wp-content\/uploads\/sites\/10\/2016\/07\/cartas-perboyre.jpg?fit=1200%2C630&resize=700%2C400 2x, https:\/\/i0.wp.com\/vincentians.com\/fr\/wp-content\/uploads\/sites\/10\/2016\/07\/cartas-perboyre.jpg?fit=1200%2C630&resize=1050%2C600 3x"},"classes":[]},{"id":106269,"url":"http:\/\/vincentians.com\/fr\/jean-louis-perboyre\/","url_meta":{"origin":107237,"position":1},"title":"Jean-Louis Perboyre","author":"Francisco Javier Fern\u00e1ndez Chento","date":"14\/04\/2013","format":false,"excerpt":"Pr\u00eatre. N\u00e9 \u00e0 Mongesty, canton de Catus, Lot (France), le 23 novembre 1807; re\u00e7u au s\u00e9minaire \u00e0 Paris le 9 septembre 1825; il y fit les v\u0153ux le 23 septembre 1827; fut ordonn\u00e9 pr\u00eatre \u00e0 Versailles le 3 octobre 1830. Destin\u00e9 aux missions de Chine, il s'embarqua le 2 novembre\u2026","rel":"","context":"Dans &quot;Biographies Lazaristes&quot;","block_context":{"text":"Biographies Lazaristes","link":"http:\/\/vincentians.com\/fr\/category\/biographies-lazaristes\/"},"img":{"alt_text":"","src":"https:\/\/i0.wp.com\/vincentians.com\/fr\/wp-content\/uploads\/sites\/10\/2016\/08\/bio-congregation-of-the-mission.jpg?fit=1200%2C630&resize=350%2C200","width":350,"height":200,"srcset":"https:\/\/i0.wp.com\/vincentians.com\/fr\/wp-content\/uploads\/sites\/10\/2016\/08\/bio-congregation-of-the-mission.jpg?fit=1200%2C630&resize=350%2C200 1x, https:\/\/i0.wp.com\/vincentians.com\/fr\/wp-content\/uploads\/sites\/10\/2016\/08\/bio-congregation-of-the-mission.jpg?fit=1200%2C630&resize=525%2C300 1.5x, https:\/\/i0.wp.com\/vincentians.com\/fr\/wp-content\/uploads\/sites\/10\/2016\/08\/bio-congregation-of-the-mission.jpg?fit=1200%2C630&resize=700%2C400 2x, https:\/\/i0.wp.com\/vincentians.com\/fr\/wp-content\/uploads\/sites\/10\/2016\/08\/bio-congregation-of-the-mission.jpg?fit=1200%2C630&resize=1050%2C600 3x"},"classes":[]},{"id":107242,"url":"http:\/\/vincentians.com\/fr\/jean-gabriel-perboyre-lettre-066-frere-jacques-paris\/","url_meta":{"origin":107237,"position":2},"title":"Jean-Gabriel Perboyre, Lettre 066. A son Fr\u00e8re Jacques, \u00e0 Paris","author":"Francisco Javier Fern\u00e1ndez Chento","date":"08\/10\/2017","format":false,"excerpt":"Macao, le 14 Septembre 1835. Mon tr\u00e8s cher fr\u00e8re, La gr\u00e2ce de N. S. soit toujours avec nous. N\u2019ayant qu\u2019un instant pour \u00e9crire, r\u00e9signez-vous \u00e0 n\u2019avoir que deux lignes pour cette fois. Ne vous suffit-il pas d\u2019apprendre que depuis que je vous ai \u00e9crit de Batavia, le Bon Dieu a\u2026","rel":"","context":"Dans &quot;\u00c9crits de Jean-Gabriel Perboyre&quot;","block_context":{"text":"\u00c9crits de Jean-Gabriel Perboyre","link":"http:\/\/vincentians.com\/fr\/category\/ecrits-de-jean-gabriel-perboyre\/"},"img":{"alt_text":"","src":"https:\/\/i0.wp.com\/vincentians.com\/fr\/wp-content\/uploads\/sites\/10\/2016\/07\/cartas-perboyre.jpg?fit=1200%2C630&resize=350%2C200","width":350,"height":200,"srcset":"https:\/\/i0.wp.com\/vincentians.com\/fr\/wp-content\/uploads\/sites\/10\/2016\/07\/cartas-perboyre.jpg?fit=1200%2C630&resize=350%2C200 1x, https:\/\/i0.wp.com\/vincentians.com\/fr\/wp-content\/uploads\/sites\/10\/2016\/07\/cartas-perboyre.jpg?fit=1200%2C630&resize=525%2C300 1.5x, https:\/\/i0.wp.com\/vincentians.com\/fr\/wp-content\/uploads\/sites\/10\/2016\/07\/cartas-perboyre.jpg?fit=1200%2C630&resize=700%2C400 2x, https:\/\/i0.wp.com\/vincentians.com\/fr\/wp-content\/uploads\/sites\/10\/2016\/07\/cartas-perboyre.jpg?fit=1200%2C630&resize=1050%2C600 3x"},"classes":[]},{"id":104263,"url":"http:\/\/vincentians.com\/fr\/jean-gabriel-perboyre-lettre-001-a-son-pere\/","url_meta":{"origin":107237,"position":3},"title":"Jean-Gabriel Perboyre, Lettre 001. A son P\u00e8re","author":"Francisco Javier Fern\u00e1ndez Chento","date":"07\/07\/2016","format":false,"excerpt":"Montauban, 9 mai 1817. Mon cher p\u00e8re, Il y a d\u00e9j\u00e0 longtemps que je n\u2019ai pas re\u00e7u de vos nouvelles, il me tarde de savoir si vous jouissez tous d\u2019une bonne sant\u00e9. Je voulais vous \u00e9crire, mais comme je n\u2019ai jamais fait de lettres, ni m\u00eame lu, je n\u2019osais pas\u2026","rel":"","context":"Dans &quot;\u00c9crits de Jean-Gabriel Perboyre&quot;","block_context":{"text":"\u00c9crits de Jean-Gabriel Perboyre","link":"http:\/\/vincentians.com\/fr\/category\/ecrits-de-jean-gabriel-perboyre\/"},"img":{"alt_text":"","src":"https:\/\/i0.wp.com\/vincentians.com\/fr\/wp-content\/uploads\/sites\/10\/2016\/07\/cartas-perboyre.jpg?fit=1200%2C630&resize=350%2C200","width":350,"height":200,"srcset":"https:\/\/i0.wp.com\/vincentians.com\/fr\/wp-content\/uploads\/sites\/10\/2016\/07\/cartas-perboyre.jpg?fit=1200%2C630&resize=350%2C200 1x, https:\/\/i0.wp.com\/vincentians.com\/fr\/wp-content\/uploads\/sites\/10\/2016\/07\/cartas-perboyre.jpg?fit=1200%2C630&resize=525%2C300 1.5x, https:\/\/i0.wp.com\/vincentians.com\/fr\/wp-content\/uploads\/sites\/10\/2016\/07\/cartas-perboyre.jpg?fit=1200%2C630&resize=700%2C400 2x, https:\/\/i0.wp.com\/vincentians.com\/fr\/wp-content\/uploads\/sites\/10\/2016\/07\/cartas-perboyre.jpg?fit=1200%2C630&resize=1050%2C600 3x"},"classes":[]},{"id":104417,"url":"http:\/\/vincentians.com\/fr\/jean-gabriel-perboyre-lettre-008-a-son-frere-louis\/","url_meta":{"origin":107237,"position":4},"title":"Jean-Gabriel Perboyre, Lettre 008. A son Fr\u00e8re Louis","author":"Francisco Javier Fern\u00e1ndez Chento","date":"28\/08\/2016","format":false,"excerpt":"Montauban, le 2 septembre 1827. Mon tr\u00e8s cher fr\u00e8re, La gr\u00e2ce de N. S. soit toujours avec nous. Je trouve tant d\u2019occasions pour vous \u00e9crire ces jours-ci, que je serais inexcusable en ne le faisant pas\u00a0: aujourd\u2019hui c\u2019est un jeune protestant converti qui part pour Saint-Sulpice\u00a0; demain c\u2019est M.\u00a0Gratacap qui\u2026","rel":"","context":"Dans &quot;\u00c9crits de Jean-Gabriel Perboyre&quot;","block_context":{"text":"\u00c9crits de Jean-Gabriel Perboyre","link":"http:\/\/vincentians.com\/fr\/category\/ecrits-de-jean-gabriel-perboyre\/"},"img":{"alt_text":"","src":"https:\/\/i0.wp.com\/vincentians.com\/fr\/wp-content\/uploads\/sites\/10\/2016\/07\/cartas-perboyre.jpg?fit=1200%2C630&resize=350%2C200","width":350,"height":200,"srcset":"https:\/\/i0.wp.com\/vincentians.com\/fr\/wp-content\/uploads\/sites\/10\/2016\/07\/cartas-perboyre.jpg?fit=1200%2C630&resize=350%2C200 1x, https:\/\/i0.wp.com\/vincentians.com\/fr\/wp-content\/uploads\/sites\/10\/2016\/07\/cartas-perboyre.jpg?fit=1200%2C630&resize=525%2C300 1.5x, https:\/\/i0.wp.com\/vincentians.com\/fr\/wp-content\/uploads\/sites\/10\/2016\/07\/cartas-perboyre.jpg?fit=1200%2C630&resize=700%2C400 2x, https:\/\/i0.wp.com\/vincentians.com\/fr\/wp-content\/uploads\/sites\/10\/2016\/07\/cartas-perboyre.jpg?fit=1200%2C630&resize=1050%2C600 3x"},"classes":[]},{"id":104421,"url":"http:\/\/vincentians.com\/fr\/jean-gabriel-perboyre-lettre-012-a-son-frere-louis-a-paris\/","url_meta":{"origin":107237,"position":5},"title":"Jean-Gabriel Perboyre, Lettre 012. A son Fr\u00e8re Louis, \u00e0 Paris","author":"Francisco Javier Fern\u00e1ndez Chento","date":"25\/09\/2016","format":false,"excerpt":"Saint-Flour, le 11 juillet 1828. Mon cher fr\u00e8re, La gr\u00e2ce de N. S. soit toujours avec nous. Je vous \u00e9cris apr\u00e8s dix heures du soir. Je fais monter la garde dans ma chambre \u00e0 deux petits intr\u00e9pides qui apr\u00e8s avoir troubl\u00e9 le repos des autres, m\u2019emp\u00eachent d\u2019aller prendre le mien.\u2026","rel":"","context":"Dans &quot;\u00c9crits de Jean-Gabriel Perboyre&quot;","block_context":{"text":"\u00c9crits de Jean-Gabriel Perboyre","link":"http:\/\/vincentians.com\/fr\/category\/ecrits-de-jean-gabriel-perboyre\/"},"img":{"alt_text":"","src":"https:\/\/i0.wp.com\/vincentians.com\/fr\/wp-content\/uploads\/sites\/10\/2016\/07\/cartas-perboyre.jpg?fit=1200%2C630&resize=350%2C200","width":350,"height":200,"srcset":"https:\/\/i0.wp.com\/vincentians.com\/fr\/wp-content\/uploads\/sites\/10\/2016\/07\/cartas-perboyre.jpg?fit=1200%2C630&resize=350%2C200 1x, https:\/\/i0.wp.com\/vincentians.com\/fr\/wp-content\/uploads\/sites\/10\/2016\/07\/cartas-perboyre.jpg?fit=1200%2C630&resize=525%2C300 1.5x, https:\/\/i0.wp.com\/vincentians.com\/fr\/wp-content\/uploads\/sites\/10\/2016\/07\/cartas-perboyre.jpg?fit=1200%2C630&resize=700%2C400 2x, https:\/\/i0.wp.com\/vincentians.com\/fr\/wp-content\/uploads\/sites\/10\/2016\/07\/cartas-perboyre.jpg?fit=1200%2C630&resize=1050%2C600 3x"},"classes":[]}],"_links":{"self":[{"href":"http:\/\/vincentians.com\/fr\/wp-json\/wp\/v2\/posts\/107237","targetHints":{"allow":["GET"]}}],"collection":[{"href":"http:\/\/vincentians.com\/fr\/wp-json\/wp\/v2\/posts"}],"about":[{"href":"http:\/\/vincentians.com\/fr\/wp-json\/wp\/v2\/types\/post"}],"author":[{"embeddable":true,"href":"http:\/\/vincentians.com\/fr\/wp-json\/wp\/v2\/users\/4"}],"replies":[{"embeddable":true,"href":"http:\/\/vincentians.com\/fr\/wp-json\/wp\/v2\/comments?post=107237"}],"version-history":[{"count":0,"href":"http:\/\/vincentians.com\/fr\/wp-json\/wp\/v2\/posts\/107237\/revisions"}],"wp:featuredmedia":[{"embeddable":true,"href":"http:\/\/vincentians.com\/fr\/wp-json\/wp\/v2\/media\/189778"}],"wp:attachment":[{"href":"http:\/\/vincentians.com\/fr\/wp-json\/wp\/v2\/media?parent=107237"}],"wp:term":[{"taxonomy":"category","embeddable":true,"href":"http:\/\/vincentians.com\/fr\/wp-json\/wp\/v2\/categories?post=107237"},{"taxonomy":"post_tag","embeddable":true,"href":"http:\/\/vincentians.com\/fr\/wp-json\/wp\/v2\/tags?post=107237"}],"curies":[{"name":"wp","href":"https:\/\/api.w.org\/{rel}","templated":true}]}}