{"id":106938,"date":"2014-01-21T11:05:39","date_gmt":"2014-01-21T10:05:39","guid":{"rendered":"http:\/\/vincentiens.org\/?p=106938"},"modified":"2014-01-21T11:05:39","modified_gmt":"2014-01-21T10:05:39","slug":"frederic-ozanam-lhomme-et-loeuvre-preface","status":"publish","type":"post","link":"http:\/\/vincentians.com\/fr\/frederic-ozanam-lhomme-et-loeuvre-preface\/","title":{"rendered":"Fr\u00e9d\u00e9ric Ozanam, l\u2019homme et l\u2019\u0153uvre (Pr\u00e9face)"},"content":{"rendered":"<h2>Pr\u00e9face du R. P. Baudrillart de l\u2019Oratoire<\/h2>\n<p><a href=\"https:\/\/i0.wp.com\/vincentiens.org\/wp-content\/uploads\/2013\/11\/Ozanam01.jpg\"><img data-recalc-dims=\"1\" loading=\"lazy\" decoding=\"async\" class=\"alignright size-medium wp-image-106941\" alt=\"Ozanam01\" src=\"https:\/\/i0.wp.com\/vincentiens.org\/wp-content\/uploads\/2013\/11\/Ozanam01-254x300.jpg?resize=254%2C300\" width=\"254\" height=\"300\" \/><\/a>Mon cher ami,<\/p>\n<p>Vous me demandez d\u2019\u00e9crire quelques lignes en t\u00eate de cette biographie d\u2019Ozanam que vous avez retrac\u00e9e avec autant de talent que d\u2019intelligente sympathie, et vous me le demandez \u00e0 l\u2019heure am\u00e8re o\u00f9, frapp\u00e9 dans tout ce \u00e0 quoi j\u2019ai donn\u00e9 ma vie, par la condamnation que les sectaires nos ma\u00eetres viennent de prononcer contre l\u2019Oratoire, je laisserais volontiers tomber la plume de mes mains. Mais c&rsquo;est dans votre livre m\u00eame et dans l&rsquo;exemple de celui qui en est le h\u00e9ros que je puiserai la force de vaincre la tristesse et le d\u00e9couragement. Ah ! le moment est bien choisi pour parler d\u2019Ozanam. Apr\u00e8s soixante ann\u00e9es d\u2019efforts et de progr\u00e8s, les catholiques, vaincus par un retour offensif de la barbarie politique et soi-disant scientifique fille du XVIII<sup>e<\/sup> si\u00e8cle, vont pour un temps se retrouver dans la situation douloureuse dont ce noble chr\u00e9tien les avait aid\u00e9s \u00e0 sortir et que Lacordaire a d\u00e9peinte en cette page inoubliable (vous en avez vous-m\u00eame donn\u00e9 l&rsquo;excellent commentaire) : \u00ab Quand Ozanam arri\u00advait \u00e0 Paris, on sortait de la guerre terrible que l&rsquo;opposition politique avait faite \u00e0 la religion, au nom de la libert\u00e9. Tout, sous la main de ce parti, .avait \u00e9t\u00e9 une arme \u2022contre le christianisme : la tribune, la presse, Venseignement, la po\u00e9sie ; et, par un malheur digne d&rsquo;\u00eatre pleur\u00e9, aucune voix popu\u00adlaire ne s&rsquo;\u00e9tait \u00e9lev\u00e9e pour le Christ durant la tem\u00adp\u00eate; non pas que l&rsquo;Eglise de France e\u00fbt manqu\u00e9 d&rsquo;orateurs et d&rsquo;\u00e9crivains, mais parce que tous avaient march\u00e9, banni\u00e8re d\u00e9ploy\u00e9e, dans le sens contraire \u00e0 celui qui emportait la nation. La voix du comte de Bonald, du comte de Maistre, de l&rsquo;abb\u00e9 de La Mcnnais ne parvenait \u00e0 la foule que comme l&rsquo;\u00e9cho perdu d&rsquo;un pass\u00e9 sans retour. C&rsquo;\u00e9tait la plainte de Cassandre sur les ruines de Troie. C&rsquo;\u00e9tait moins encore, parce que c&rsquo;\u00e9tait davantage, et que les vainqueurs, n&rsquo;\u00e9tant pas sur le tr\u00f4ne, gardaient dans la victoire les craintes et les passions des vaincus. Un seul homme, le vicomte de Chateaubriand, avait conserv\u00e9, malgr\u00e9 sa foi de royaliste et de chr\u00e9tien, an immuable ascendant sur l&rsquo;opinion. Mais il \u00e9tait seul, sorte de l\u00e9preux ha\u00ef des siens et portant au front le G\u00e9nie du christianisme comme une cica\u00adtrice immortelle qm ne parlait que pour lai. A c\u00f4t\u00e9 de ces grands esprits sans faveur ou sans puissance l&rsquo;Eglise avait eu encore pour d\u00e9fenseurs les hommes maladroits, ceux qui outrent les fautes en croyant les rendre fortes, et qui, avec les meilleures intentions de tout sauver, perdraient Dieu lui-m\u00eame, s&rsquo;il pou\u00advait \u00eatre perdu. Que Von juge, entre ces deux camps, du sort des jeunes g\u00e9n\u00e9rations. Condamn\u00e9es \u00e0 un enseiguement qui ne dissimulait m\u00eame plus son hostilit\u00e9, elles sortaient de l&rsquo;enfance en m\u00e9prisant l&rsquo;Evangile, et la libert\u00e9, accourant au-devant d&rsquo;elles, couvrait de son image g\u00e9n\u00e9reuse l&rsquo;impi\u00e9t\u00e9 qui les d\u00e9vorait. Le reste, c&rsquo;est-\u00e0-dire quelques \u00e2mes \u00e9chap\u00adp\u00e9es par hasard, se trouvait recueilli dans une asso\u00adciation pieuse, prot\u00e9g\u00e9e par des noms illustres, et o\u00f9 la faveur, qui semblait promise pour r\u00e9compense \u00e0 leur foi, attirait le soup\u00e7on, la haine et l&rsquo;insulte. Encore ce fragile et douloureux \u00e9difice ne subsis\u00adtait-il plus : la r\u00e9volution de 1830 l&rsquo;avait heurt\u00e9 du pied, et Ozanam arrivait, pur, sinc\u00e8re, ardent, au milieu d&rsquo;un ab\u00eeme vide et muet. \u00bb<\/p>\n<p>Que de traits dans cette page redeviennent pour notre \u00e9poque d&rsquo;une v\u00e9rit\u00e9 trop aigu\u00eb ! Tout, sous la main du parti au pouvoir, n&rsquo;est-il pas derechef une arme contre le christianisme ? Quelque attitude qu&rsquo;en une question quelconque prennent les catholiques, ne sont-ils pas d&rsquo;avance honnis, vilipend\u00e9s ? N&rsquo;invoque-t-on pas contre eux jusqu&rsquo;\u00e0 cette libert\u00e9 dont ils sont les martyrs ? Les vainqueurs n\u2019ont-ils pas gard\u00e9 dans la victoire, avec la brutalit\u00e9 du con\u00adqu\u00e9rant, les craintes et les passions des vaincus ? Et, de notre c\u00f4t\u00e9, si des hommes d&rsquo;un grand talent et d&rsquo;un noble caract\u00e8re ont pris la d\u00e9fense de VE- glise, la voix vraiment populaire et retentissante s\u2019est-elle jusqu\u2019\u00e0 pr\u00e9sent rencontr\u00e9e? N\u2019avons-nous pas, encore une fois, compt\u00e9 de ces champions mala\u00addroits qui perdraient Dieu lui-m\u00eame, s\u2019il pouvait \u00eatre perdu? Les jeunes g\u00e9n\u00e9rations enfin ne cou\u00adrent-elles pas tout juste le m\u00eame risque qu\u2019elles cou\u00adrurent dans les ann\u00e9es qui suivirent 1830 ? La guerre implacable faite \u00e0 la libert\u00e9 d&rsquo;enseignement ne va-t-elle pas les jeter toutes vives entre les mains de ma\u00eetres qui, comme alors, ne prennent m\u00eame plus la peine de dissimuler leur hostilit\u00e9, qui leur proposent un id\u00e9al nouveau fait en partie de haine contre le christianisme et d\u2019impi\u00e9t\u00e9 calcul\u00e9e ?<\/p>\n<p>Si les temps se ressemblent, daigne la Providence faire na\u00eetre VOzanam qui, l\u2019un des premiers, chan\u00adgera la d\u00e9faite en victoire ! Quelle nous rende le guide \u00e9loquent, l\u2019ap\u00f4tre sympathique, le juste apo\u00adlogiste, qui soul\u00e8vera la jeunesse des \u00e9coles !<\/p>\n<p>De l\u2019apologiste et d\u00e9l\u2019apologiste-ap\u00f4tre, Ozanam, vous l\u2019avez montr\u00e9, eut toutes les qualit\u00e9s.<\/p>\n<p>La vocation d&rsquo;abord, avec la belle confiance et l&rsquo;invincible ardeur qu&rsquo;elle entra\u00eene, lorsqu&rsquo;elle est profonde et vraie. A dix-huit ans, dites-vous fort joliment, il \u00e9crit la pr\u00e9face du livre auquel il devait travailler toute sa vie; il r\u00e9fute en une brochure les doctrines saint-simoniennes que des adeptes de la religion nouvelle sont venus pr\u00eacher \u00e0 Lyon.<\/p>\n<p>Il a le courage. Simple \u00e9tudiant, il ose, avec quel\u00adques amis qu\u2019il recrute, adresser aux ma\u00eetres les plus illustres les observations tr\u00e8s respectueuses mais tr\u00e8s fermes que lui sugg\u00e8rent les attaqu\u00e9s peu fond\u00e9es contre la doctrine chr\u00e9tienne dont il est l&rsquo;auditeur; il am\u00e8ne un Jouffrog \u00e0 d\u00e9savouer ce qu&rsquo;involontai\u00adrement il avait avanc\u00e9 au pr\u00e9judice de la v\u00e9rit\u00e9 : \u00ab.Messieurs, ajoute le ma\u00eetre, il y a cinq ans, je ne recevais que des objections dict\u00e9es par le mat\u00e9ria\u00adlisme; les doctrines spiritualistes \u00e9prouvaient la plus vive r\u00e9sistance; aujourd\u2019hui les esprits ont bien chang\u00e9, l&rsquo;opposition est toute catholique. \u00bb<\/p>\n<p>Courage de l&rsquo;ap\u00f4tre qui est aussi celui du mission\u00adnaire ou du soldat. \u00ab Tous les jours, dira-t-il, nos amis, nos fr\u00e8res se font tuer comme soldats ou comme missionnaires sur la terre d\u2019Afrique ou devant le palais des mandarins. Que faisons-nous, nous autres, pendant ce temps-l\u00e0 ? Croyez-vous donc que Dieu ait donn\u00e9 aux uns de moui&rsquo;ir au service de la civilisa\u00adtion et de l&rsquo;Eglise, aux autres la t\u00e2che de vivre les mains dans leurs poches ?Ah ! Messieurs, travailleurs de la science, gens de lettres chr\u00e9tiens, montrons que nous ne sommes pas assez l\u00e2ches pour croire \u00e0 un partage qui serait une accusation contre Dieu qui l\u2019aurait fait, et une ignominie pour nous qui l\u2019accep\u00adterions. Pr\u00e9parons-nous \u00e0 prouver que, nous aussi, nous avons nos champs de bataille o\u00f9 parfois l&rsquo;on sait mourir. \u00bb<\/p>\n<p>Il a l\u2019intelligence du besoin pr\u00e9sent des \u00e2mes et des moyens qui permettent de les atteindre. L&rsquo;apo\u00adlogiste nest pas un homme de tous les temps et de tous les pays ; il est l\u2019homme d&rsquo;un temps et d&rsquo;un pays ; la v\u00e9rit\u00e9 qu&rsquo;il d\u00e9fend est \u00e9ternelle et immua\u00adble; mais ses aspects sont multiples et divers; elle s\u00e9duit et attire tant\u00f4t par l&rsquo;un, tant\u00f4t par l&rsquo;autre ; elle a des affinit\u00e9s avec tout \u00e9tat d&rsquo;esprit s\u00e9rieux et sinc\u00e8re. Ozanam, comme Lacordairc, comprit que le dogme pur \u00e9tait une nourriture encore trop forte pour ses contemporains ; et ce fut par le tableau de la civilisation tir\u00e9e de l&rsquo;histoire et des lettres qu&rsquo;il entreprit de leur faire comprendre et aimer la doc\u00adtrine du Sauveur. Le romantisme, \u00e9pris du moyen \u00e2ge, les avait pr\u00e9cis\u00e9ment conduits sur le terrain o\u00f9 Ozanam les voulait placer.<\/p>\n<p>Mais l\u2019histoire suppose l \u00e9rudition et, si cette base lui manque, elle nest qu&rsquo;un \u00e9difice sans fondements; sa valeur apolog\u00e9tique est nulle aux yeux de ceux qui savent. Ozanam fut \u00e9rudit et ne n\u00e9gligea rien pour l&rsquo;\u00eatre \u00e0 fond.<\/p>\n<p>Rien de plus rare, a fait remarquer Lacordaire, qu&rsquo;un \u00e9rudit \u00e9loquent; or l&rsquo;apologiste qui professe a besoin d&rsquo;\u00e9loquence. Par une gr\u00e2ce singuli\u00e8re, Dieu avait d\u00e9parti \u00e0 Ozanam l&rsquo;un et l&rsquo;autre don, l&rsquo;un et l&rsquo;autre \u00e0 un degr\u00e9 \u00e9minent. Ce que de p\u00e9ni\u00adbles recherches lui avaient r\u00e9v\u00e9l\u00e9 par parcelles, son imagination le revoyait d&rsquo;ensemble et sa parole le rendait vivant.<\/p>\n<p>L&rsquo;apologiste encore, s&rsquo;il est ap\u00f4tre, doit \u00eatre sympathique; et, pour qu&rsquo;il le soit dans toute la force du terme, il importe que le caract\u00e8re soit chez lui \u00e0 la hauteur du talent. Sympathique, qui jamais le fut plus qu Ozanam, et qui jamais m\u00e9rita plus que lui de l&rsquo;\u00eatre ? Il eut cette candeur de V\u00e2me, cette absolue sinc\u00e9rit\u00e9, qui engendre la vraie conviction et la fait respecter m\u00eame de l\u2019adversaire. Il aima les ornes, et leur abandonna, quand il le fallut, jus\u00adqu&rsquo;aux heures les plus sacr\u00e9es de son travail person\u00adnel. Il ne sacrifia ni aux int\u00e9r\u00eats de famille, ni aux int\u00e9r\u00eats de parti, ni aux int\u00e9r\u00eats d&rsquo;\u00e9cole, en toutes choses honn\u00eate et droit. Il sut \u00eatre juste m\u00eame envers l erreur, et, sans la partager jamais, l&rsquo;excu\u00adser toujours chez ceux qui en \u00e9taient de bonne foi les victimes. Faut-il s&rsquo;\u00e9tonner qu&rsquo;Ozanam ait \u00e9t\u00e9 aim\u00e9, que dis-je ? qu\u2019il ait connu tes douces et enivrantes joies de la popularit\u00e9 ?<\/p>\n<p>Enfin, ce qui est la condition derni\u00e8re de l&rsquo;absolue sinc\u00e9rit\u00e9 chez l&rsquo;apologiste et le sceau de l&rsquo;esprit apostolique, Ozanam s&rsquo;oublia lui-m\u00eame, ne recher\u00adcha jamais le succ\u00e8s ni la gloire, et pratiqua jus\u00adqu&rsquo;au bout V\u00e9vang\u00e9lique vertu de l&rsquo;abn\u00e9gation. Vous nous avez cont\u00e9 en termes touchants sa derni\u00e8re le\u00e7on, ses supr\u00eames adieux \u00e0 l&rsquo;auditoire qui, douze ans, lui avait \u00e9t\u00e9 fid\u00e8le : \u00ab Notre vie vous appartient, nous vous la devons jusqu&rsquo;au dernier souffle, et vous Taurez. Quant \u00e0 moi, Messieurs, si je meurs, ce sera \u00e0 votre service. \u00bb<\/p>\n<p>Voil\u00e0 ce qui, en d\u00e9pit des ann\u00e9es \u00e9coul\u00e9es, a pr\u00e9\u00adserv\u00e9 de l&rsquo;oubli le nom d&rsquo;Ozanam et lui vaudra dans la post\u00e9rit\u00e9 ce surcro\u00eet de renomm\u00e9e qu&rsquo;une mort trop prompte lui avait ravi. Voil\u00e0 ce qui fait l\u2019int\u00e9r\u00eat d&rsquo;un genre tout particulier qui s&rsquo;attache et s\u2019attachera toujours \u00e0 sa m\u00e9moire. Voil\u00e0 surtout ce qui lui a permis, \u00e0 lui universitaire et professeur de Sorbonne, d\u2019\u00eatre un des ouvriers les plus puissants de ce mouvement catholique o\u00f9 ne-figuraient gu\u00e8re alors que des ennemis de l&rsquo;Universit\u00e9. Et c\u2019est l\u00e0 en\u00adcore ce qui nous autorise \u00e0 le pr\u00e9senter pour mod\u00e8le aux chr\u00e9tiens de notre temps. Je le disais tout \u00e0 l\u2019heure, nous nous retrouvons pr\u00e9cis\u00e9ment en face des difficult\u00e9s dont il a triomph\u00e9; empruntons-lui donc les qualit\u00e9s qui lui ont valu la victoire : le courage entreprenant, l&rsquo;intelligence des besoins de notre \u00e9poque et du langage qui lai convient, le labeur assidu; qu\u2019il nous apprenne \u00e0 demeurer justes \u2014 en ce temps de pers\u00e9cution, le m\u00e9rite n\u2019est pas mince, \u2014 \u00e0 l\u2019\u00e9gard de ceux qui nous combattent ; aupr\u00e8s de lui, persuadons-nous que, fussions-nous les plus obscurs des travailleurs, nulle de nos \u0153uvres n&rsquo;est perdue quand elle est faite avec cons\u00adcience et pour la cause du divin Maitre.<\/p>\n<p>\u00ab\u00a0J&rsquo;\u00e9cris, disait Ozanam, comme travaillaient ces ouvriers des premiers si\u00e8cles qui tournaient des vases d&rsquo;argile ou de verre pour les besoins journa\u00adliers de l&rsquo;Eglise, et qui, d\u2019un dessin grossier, g figuraient le bon Pasteur ou la Vierge avec des saints. Ces pauvres gens ne songeaient pas \u00e0 l&rsquo;avenir ; cependant quelques d\u00e9bris de leurs vases, trouv\u00e9s dans les cimeti\u00e8res, sont venus, quinze cents ans apr\u00e8s, rendre t\u00e9moignage et prouver l&rsquo;antiquit\u00e9 d\u2019un dogme contest\u00e9. Nous sommes tous des servi\u00adteurs inutiles ; mais nous servons un ma\u00eetre souve\u00adrainement \u00e9conome et qui ne laisse rien perdre, pas plus une goutte de nos sueurs qu\u2019une goutte de ses ros\u00e9es. \u00bb<\/p>\n<p>Et maintenant, mon cher ami, f ai h\u00e2te de vous laisser la parole ; car, tout ce que je dis l\u00e0, les faits que vous avez expos\u00e9s le proclament bien plus \u00e9lo\u00adquemment. Souffrez seulement que je vous f\u00e9licite et vous remercie d&rsquo;avoir, en ramenant un rayon d&rsquo;actualit\u00e9 sur une si noble figure, contribu\u00e9 vous aussi \u00e0 cette \u0153uvre apolog\u00e9tique pour laquelle Oza\u00adnam a donn\u00e9 jusqu\u2019\u00e0 sa vie.<\/p>\n<p style=\"text-align: right\">Alfred BAUDRILLART.<\/p>\n<p>Ces pages sur Fr\u00e9d\u00e9ric Ozanam n\u2019ont pas la pr\u00e9tention de retracer une biographie compl\u00e8te de l\u2019illustre fondateur de la Soci\u00e9t\u00e9 de Saint- Vincent-de-Paul. Elles ont \u00e9t\u00e9 \u00e9crites dans le simple espoir de rappeler une m\u00e9moire trop oubli\u00e9e aujourd\u2019hui, trop n\u00e9glig\u00e9e par les catho\u00adliques eux-m\u00eames.<\/p>\n<p>De l\u2019aveu d\u2019un de ses disciples les plus fid\u00e8les, Ozanam n\u2019arriva jamais de son vivant \u00e0 cette re\u00adnomm\u00e9e, \u00e0 cette notori\u00e9t\u00e9 publique \u00e0 laquelle tant de ses contemporains Ont pu pr\u00e9tendre. \u00ab Son nom, dit M. Caro, jouissait de la plus haute es\u00adtime dans cette partie de Paris dont on pourrait d\u00e9terminer la g\u00e9ographie intellectuelle en tirant une ligne de Saint-Sulpice \u00e0 la Sorbonne et de la Sorbonne \u00e0 l\u2019Institut. Je doute que ce nom ait jamais, dans ce temps-l\u00e0, pass\u00e9 les ponts<span id='easy-footnote-1-106938' class='easy-footnote-margin-adjust'><\/span><span class='easy-footnote'><a href='http:\/\/vincentians.com\/fr\/frederic-ozanam-lhomme-et-loeuvre-preface\/#easy-footnote-bottom-1-106938' title='Revue contemporaine, 31 juillet 1856. \u2014 Un apologiste chr\u00e9tien au xix\u2019 si\u00e8cle.'><sup>1<\/sup><\/a><\/span>.\u00bb Cette iniquit\u00e9 fut aux trois quarts r\u00e9par\u00e9e : une \u00e9dition compl\u00e8te des \u0153uvres d Ozanam, publi\u00e9e peu de temps apr\u00e8s sa mort, r\u00e9pondait \u00e0 l\u2019indiff\u00e9rence de la foule par la mise en lumi\u00e8re de travaux parfois in\u00e9gaux, mais qui montraient un grand talent au service d\u2019une grande id\u00e9e.<\/p>\n<p>Aujourd\u2019hui, le souvenir d\u2019Ozanam est bien loin : si son nom n\u2019est pas ignor\u00e9 de la plupart, la place qu\u2019il occupe justement dans l\u2019histoire de l\u2019\u00c9glise au xix<sup>e<\/sup> si\u00e8cle reste \u00e9trang\u00e8re \u00e0 beaucoup. Cette place est cependant glorieuse.<\/p>\n<p>Fr\u00e9d\u00e9ric Ozanam fut un homme de bien, un \u00e9rudit consciencieux,un grand apologistechr\u00e9tien. Il ne faut laisser dans l\u2019ombre aucun de ces points de vue ; et si sa m\u00e9moire a pu sembler s&rsquo;effacer, n\u2019est-ce pas un peu la faute de ces bio\u00adgraphes imprudents qui n\u2019ont vu dans cette vie si laborieusement remplie qu\u2019un exemple d&rsquo;\u00e9difi\u00adcation? Certes, il fut un grand chr\u00e9tien, qui \u00e0 tous les instants de son existence lutta pour la grande cause du christianisme ; mais \u00e0 c\u00f4t\u00e9 du chr\u00e9tien nous trouvons un savant, un \u00e9crivain, un artiste, un homme enfin, dont la vive sensibilit\u00e9 se d\u00e9ve\u00adloppa au milieu des inqui\u00e9tudes qui le ha\u00ef cel\u00e8rent sans tr\u00eave.<\/p>\n<p>Nous avons suivi Ozanam au milieu des dif\u00adf\u00e9rentes phases de son existence, nous reportant sans cesse \u00e0 cette correspondance pleine d\u2019amour et de c\u0153ur qui forme la plus belle biographie qu\u2019il soit possible d\u2019\u00e9crire. Nous nous sommes enfin efforc\u00e9s de mettre en lumi\u00e8re l\u2019id\u00e9e ma\u00eetresse de ses \u0153uvres.<\/p>\n<p>Cet essai est un humble hommage \u00e0 une grande figure; et notre dessein nous semblera pleinement accompli si ces pages r\u00e9veillent chez quelques- uns le souvenir de Fr\u00e9d\u00e9ric Ozanam.<\/p>\n<p>&#8211; B. F.<\/p>\n<p>15 f\u00e9vrier 1903.<\/p>\n","protected":false},"excerpt":{"rendered":"<p>Pr\u00e9face du R. P. Baudrillart de l\u2019Oratoire Mon cher ami, Vous me demandez d\u2019\u00e9crire quelques lignes en t\u00eate de cette biographie d\u2019Ozanam que vous avez retrac\u00e9e avec autant de talent que d\u2019intelligente sympathie, et vous &#8230; <a href=\"http:\/\/vincentians.com\/fr\/frederic-ozanam-lhomme-et-loeuvre-preface\/\" class=\"more-link\">Read More<\/a><\/p>\n","protected":false},"author":4,"featured_media":106941,"comment_status":"open","ping_status":"open","sticky":false,"template":"","format":"standard","meta":{"jetpack_post_was_ever_published":false,"_jetpack_newsletter_access":"","_jetpack_dont_email_post_to_subs":false,"_jetpack_newsletter_tier_id":0,"_jetpack_memberships_contains_paywalled_content":false,"_jetpack_memberships_contains_paid_content":false,"footnotes":"","jetpack_publicize_message":"","jetpack_publicize_feature_enabled":true,"jetpack_social_post_already_shared":true,"jetpack_social_options":{"image_generator_settings":{"template":"highway","default_image_id":0,"font":"","enabled":false},"version":2}},"categories":[11],"tags":[],"class_list":["post-106938","post","type-post","status-publish","format-standard","has-post-thumbnail","hentry","category-frederic-ozanam"],"yoast_head":"<!-- This site is optimized with the Yoast SEO plugin v26.3 - https:\/\/yoast.com\/wordpress\/plugins\/seo\/ -->\n<title>Fr\u00e9d\u00e9ric Ozanam, l\u2019homme et l\u2019\u0153uvre (Pr\u00e9face) - Nous Sommes Vincentiens<\/title>\n<meta name=\"robots\" content=\"index, follow, max-snippet:-1, max-image-preview:large, max-video-preview:-1\" \/>\n<link rel=\"canonical\" href=\"http:\/\/vincentians.com\/fr\/frederic-ozanam-lhomme-et-loeuvre-preface\/\" \/>\n<meta property=\"og:locale\" content=\"fr_FR\" \/>\n<meta property=\"og:type\" content=\"article\" \/>\n<meta property=\"og:title\" content=\"Fr\u00e9d\u00e9ric Ozanam, l\u2019homme et l\u2019\u0153uvre (Pr\u00e9face) - Nous Sommes Vincentiens\" \/>\n<meta property=\"og:description\" content=\"Pr\u00e9face du R. P. Baudrillart de l\u2019Oratoire Mon cher ami, Vous me demandez d\u2019\u00e9crire quelques lignes en t\u00eate de cette biographie d\u2019Ozanam que vous avez retrac\u00e9e avec autant de talent que d\u2019intelligente sympathie, et vous ... Read More\" \/>\n<meta property=\"og:url\" content=\"http:\/\/vincentians.com\/fr\/frederic-ozanam-lhomme-et-loeuvre-preface\/\" \/>\n<meta property=\"og:site_name\" content=\"Nous Sommes Vincentiens\" \/>\n<meta property=\"article:publisher\" content=\"https:\/\/www.facebook.com\/WeAreVincentians\/\" \/>\n<meta property=\"article:author\" content=\"https:\/\/www.facebook.com\/JavierChento\" \/>\n<meta property=\"article:published_time\" content=\"2014-01-21T10:05:39+00:00\" \/>\n<meta name=\"author\" content=\"Francisco Javier Fern\u00e1ndez Chento\" \/>\n<meta name=\"twitter:card\" content=\"summary_large_image\" \/>\n<meta name=\"twitter:creator\" content=\"@https:\/\/twitter.com\/javierchento\" \/>\n<meta name=\"twitter:site\" content=\"@WeVincentians\" \/>\n<meta name=\"twitter:label1\" content=\"\u00c9crit par\" \/>\n\t<meta name=\"twitter:data1\" content=\"Francisco Javier Fern\u00e1ndez Chento\" \/>\n\t<meta name=\"twitter:label2\" content=\"Dur\u00e9e de lecture estim\u00e9e\" \/>\n\t<meta name=\"twitter:data2\" content=\"13 minutes\" \/>\n<script type=\"application\/ld+json\" class=\"yoast-schema-graph\">{\"@context\":\"https:\/\/schema.org\",\"@graph\":[{\"@type\":\"WebPage\",\"@id\":\"http:\/\/vincentians.com\/fr\/frederic-ozanam-lhomme-et-loeuvre-preface\/\",\"url\":\"http:\/\/vincentians.com\/fr\/frederic-ozanam-lhomme-et-loeuvre-preface\/\",\"name\":\"Fr\u00e9d\u00e9ric Ozanam, l\u2019homme et l\u2019\u0153uvre (Pr\u00e9face) - Nous Sommes Vincentiens\",\"isPartOf\":{\"@id\":\"https:\/\/vincentians.com\/fr\/#website\"},\"primaryImageOfPage\":{\"@id\":\"http:\/\/vincentians.com\/fr\/frederic-ozanam-lhomme-et-loeuvre-preface\/#primaryimage\"},\"image\":{\"@id\":\"http:\/\/vincentians.com\/fr\/frederic-ozanam-lhomme-et-loeuvre-preface\/#primaryimage\"},\"thumbnailUrl\":\"\",\"datePublished\":\"2014-01-21T10:05:39+00:00\",\"author\":{\"@id\":\"https:\/\/vincentians.com\/fr\/#\/schema\/person\/9623ef4d9aa3b2dfb8c061f1499288f2\"},\"breadcrumb\":{\"@id\":\"http:\/\/vincentians.com\/fr\/frederic-ozanam-lhomme-et-loeuvre-preface\/#breadcrumb\"},\"inLanguage\":\"fr-FR\",\"potentialAction\":[{\"@type\":\"ReadAction\",\"target\":[\"http:\/\/vincentians.com\/fr\/frederic-ozanam-lhomme-et-loeuvre-preface\/\"]}]},{\"@type\":\"ImageObject\",\"inLanguage\":\"fr-FR\",\"@id\":\"http:\/\/vincentians.com\/fr\/frederic-ozanam-lhomme-et-loeuvre-preface\/#primaryimage\",\"url\":\"\",\"contentUrl\":\"\"},{\"@type\":\"BreadcrumbList\",\"@id\":\"http:\/\/vincentians.com\/fr\/frederic-ozanam-lhomme-et-loeuvre-preface\/#breadcrumb\",\"itemListElement\":[{\"@type\":\"ListItem\",\"position\":1,\"name\":\"Portada\",\"item\":\"https:\/\/vincentians.com\/fr\/\"},{\"@type\":\"ListItem\",\"position\":2,\"name\":\"Fr\u00e9d\u00e9ric Ozanam, l\u2019homme et l\u2019\u0153uvre (Pr\u00e9face)\"}]},{\"@type\":\"WebSite\",\"@id\":\"https:\/\/vincentians.com\/fr\/#website\",\"url\":\"https:\/\/vincentians.com\/fr\/\",\"name\":\"Nous Sommes Vincentiens\",\"description\":\"Know more to serve more\",\"potentialAction\":[{\"@type\":\"SearchAction\",\"target\":{\"@type\":\"EntryPoint\",\"urlTemplate\":\"https:\/\/vincentians.com\/fr\/?s={search_term_string}\"},\"query-input\":{\"@type\":\"PropertyValueSpecification\",\"valueRequired\":true,\"valueName\":\"search_term_string\"}}],\"inLanguage\":\"fr-FR\"},{\"@type\":\"Person\",\"@id\":\"https:\/\/vincentians.com\/fr\/#\/schema\/person\/9623ef4d9aa3b2dfb8c061f1499288f2\",\"name\":\"Francisco Javier Fern\u00e1ndez Chento\",\"image\":{\"@type\":\"ImageObject\",\"inLanguage\":\"fr-FR\",\"@id\":\"https:\/\/vincentians.com\/fr\/#\/schema\/person\/image\/\",\"url\":\"https:\/\/secure.gravatar.com\/avatar\/497d5cde87b4c3d097d0315953521681ba2cd523ee66e5077c3711f7021e65de?s=96&d=mm&r=g\",\"contentUrl\":\"https:\/\/secure.gravatar.com\/avatar\/497d5cde87b4c3d097d0315953521681ba2cd523ee66e5077c3711f7021e65de?s=96&d=mm&r=g\",\"caption\":\"Francisco Javier Fern\u00e1ndez Chento\"},\"description\":\"Director General y cofundador de La Red de Formaci\u00f3n Vicenciana. Javier es laico vicenciano, afiliado a la Congregaci\u00f3n de la Misi\u00f3n y miembro del Equipo de Misiones Populares de la provincia can\u00f3nica de Zaragoza (Espa\u00f1a) de la Congregaci\u00f3n de la Misi\u00f3n. Graduado en la Universidad Oberta de Catalunya con cuatro grados (Asistente de direcci\u00f3n, Gesti\u00f3n Administrativa, Recursos Humanos y Contabilidad Avanzada). Bil\u00edng\u00fce Espa\u00f1ol\/Ingl\u00e9s. gestiona y mantiene varias p\u00e1ginas web cristianas y vicencianas, incluida including La Red de Formaci\u00f3n Vicenciana, de la que es cofundador. Actualmente es responsable del \u00e1rea de Espa\u00f1ol de .famvin, la Red de Noticias de la Familia Vicenciana. Tambi\u00e9n es m\u00fasico cat\u00f3lico y ha editado varios discos. Es Director General y cofundador de Trovador, una reconocida compa\u00f1\u00eda discogr\u00e1fica critiana de Espa\u00f1a. Trabaja en las Tecnolog\u00edas de la Informaci\u00f3n, ofreciendo servicios de alojamiento, dise\u00f1o y mantenimiento Web, as\u00ed como asesoramiento, formaci\u00f3n y soluciones inform\u00e1ticas, gesti\u00f3n documental y digitalizaci\u00f3n de textos, edici\u00f3n y maquetaci\u00f3n de libros, revistas, flyers, etc.\",\"sameAs\":[\"http:\/\/chento.org\",\"https:\/\/www.facebook.com\/JavierChento\",\"https:\/\/x.com\/https:\/\/twitter.com\/javierchento\"],\"url\":\"http:\/\/vincentians.com\/fr\/author\/chento\/\"}]}<\/script>\n<!-- \/ Yoast SEO plugin. -->","yoast_head_json":{"title":"Fr\u00e9d\u00e9ric Ozanam, l\u2019homme et l\u2019\u0153uvre (Pr\u00e9face) - Nous Sommes Vincentiens","robots":{"index":"index","follow":"follow","max-snippet":"max-snippet:-1","max-image-preview":"max-image-preview:large","max-video-preview":"max-video-preview:-1"},"canonical":"http:\/\/vincentians.com\/fr\/frederic-ozanam-lhomme-et-loeuvre-preface\/","og_locale":"fr_FR","og_type":"article","og_title":"Fr\u00e9d\u00e9ric Ozanam, l\u2019homme et l\u2019\u0153uvre (Pr\u00e9face) - Nous Sommes Vincentiens","og_description":"Pr\u00e9face du R. P. Baudrillart de l\u2019Oratoire Mon cher ami, Vous me demandez d\u2019\u00e9crire quelques lignes en t\u00eate de cette biographie d\u2019Ozanam que vous avez retrac\u00e9e avec autant de talent que d\u2019intelligente sympathie, et vous ... Read More","og_url":"http:\/\/vincentians.com\/fr\/frederic-ozanam-lhomme-et-loeuvre-preface\/","og_site_name":"Nous Sommes Vincentiens","article_publisher":"https:\/\/www.facebook.com\/WeAreVincentians\/","article_author":"https:\/\/www.facebook.com\/JavierChento","article_published_time":"2014-01-21T10:05:39+00:00","author":"Francisco Javier Fern\u00e1ndez Chento","twitter_card":"summary_large_image","twitter_creator":"@https:\/\/twitter.com\/javierchento","twitter_site":"@WeVincentians","twitter_misc":{"\u00c9crit par":"Francisco Javier Fern\u00e1ndez Chento","Dur\u00e9e de lecture estim\u00e9e":"13 minutes"},"schema":{"@context":"https:\/\/schema.org","@graph":[{"@type":"WebPage","@id":"http:\/\/vincentians.com\/fr\/frederic-ozanam-lhomme-et-loeuvre-preface\/","url":"http:\/\/vincentians.com\/fr\/frederic-ozanam-lhomme-et-loeuvre-preface\/","name":"Fr\u00e9d\u00e9ric Ozanam, l\u2019homme et l\u2019\u0153uvre (Pr\u00e9face) - Nous Sommes Vincentiens","isPartOf":{"@id":"https:\/\/vincentians.com\/fr\/#website"},"primaryImageOfPage":{"@id":"http:\/\/vincentians.com\/fr\/frederic-ozanam-lhomme-et-loeuvre-preface\/#primaryimage"},"image":{"@id":"http:\/\/vincentians.com\/fr\/frederic-ozanam-lhomme-et-loeuvre-preface\/#primaryimage"},"thumbnailUrl":"","datePublished":"2014-01-21T10:05:39+00:00","author":{"@id":"https:\/\/vincentians.com\/fr\/#\/schema\/person\/9623ef4d9aa3b2dfb8c061f1499288f2"},"breadcrumb":{"@id":"http:\/\/vincentians.com\/fr\/frederic-ozanam-lhomme-et-loeuvre-preface\/#breadcrumb"},"inLanguage":"fr-FR","potentialAction":[{"@type":"ReadAction","target":["http:\/\/vincentians.com\/fr\/frederic-ozanam-lhomme-et-loeuvre-preface\/"]}]},{"@type":"ImageObject","inLanguage":"fr-FR","@id":"http:\/\/vincentians.com\/fr\/frederic-ozanam-lhomme-et-loeuvre-preface\/#primaryimage","url":"","contentUrl":""},{"@type":"BreadcrumbList","@id":"http:\/\/vincentians.com\/fr\/frederic-ozanam-lhomme-et-loeuvre-preface\/#breadcrumb","itemListElement":[{"@type":"ListItem","position":1,"name":"Portada","item":"https:\/\/vincentians.com\/fr\/"},{"@type":"ListItem","position":2,"name":"Fr\u00e9d\u00e9ric Ozanam, l\u2019homme et l\u2019\u0153uvre (Pr\u00e9face)"}]},{"@type":"WebSite","@id":"https:\/\/vincentians.com\/fr\/#website","url":"https:\/\/vincentians.com\/fr\/","name":"Nous Sommes Vincentiens","description":"Know more to serve more","potentialAction":[{"@type":"SearchAction","target":{"@type":"EntryPoint","urlTemplate":"https:\/\/vincentians.com\/fr\/?s={search_term_string}"},"query-input":{"@type":"PropertyValueSpecification","valueRequired":true,"valueName":"search_term_string"}}],"inLanguage":"fr-FR"},{"@type":"Person","@id":"https:\/\/vincentians.com\/fr\/#\/schema\/person\/9623ef4d9aa3b2dfb8c061f1499288f2","name":"Francisco Javier Fern\u00e1ndez Chento","image":{"@type":"ImageObject","inLanguage":"fr-FR","@id":"https:\/\/vincentians.com\/fr\/#\/schema\/person\/image\/","url":"https:\/\/secure.gravatar.com\/avatar\/497d5cde87b4c3d097d0315953521681ba2cd523ee66e5077c3711f7021e65de?s=96&d=mm&r=g","contentUrl":"https:\/\/secure.gravatar.com\/avatar\/497d5cde87b4c3d097d0315953521681ba2cd523ee66e5077c3711f7021e65de?s=96&d=mm&r=g","caption":"Francisco Javier Fern\u00e1ndez Chento"},"description":"Director General y cofundador de La Red de Formaci\u00f3n Vicenciana. Javier es laico vicenciano, afiliado a la Congregaci\u00f3n de la Misi\u00f3n y miembro del Equipo de Misiones Populares de la provincia can\u00f3nica de Zaragoza (Espa\u00f1a) de la Congregaci\u00f3n de la Misi\u00f3n. Graduado en la Universidad Oberta de Catalunya con cuatro grados (Asistente de direcci\u00f3n, Gesti\u00f3n Administrativa, Recursos Humanos y Contabilidad Avanzada). Bil\u00edng\u00fce Espa\u00f1ol\/Ingl\u00e9s. gestiona y mantiene varias p\u00e1ginas web cristianas y vicencianas, incluida including La Red de Formaci\u00f3n Vicenciana, de la que es cofundador. Actualmente es responsable del \u00e1rea de Espa\u00f1ol de .famvin, la Red de Noticias de la Familia Vicenciana. Tambi\u00e9n es m\u00fasico cat\u00f3lico y ha editado varios discos. Es Director General y cofundador de Trovador, una reconocida compa\u00f1\u00eda discogr\u00e1fica critiana de Espa\u00f1a. Trabaja en las Tecnolog\u00edas de la Informaci\u00f3n, ofreciendo servicios de alojamiento, dise\u00f1o y mantenimiento Web, as\u00ed como asesoramiento, formaci\u00f3n y soluciones inform\u00e1ticas, gesti\u00f3n documental y digitalizaci\u00f3n de textos, edici\u00f3n y maquetaci\u00f3n de libros, revistas, flyers, etc.","sameAs":["http:\/\/chento.org","https:\/\/www.facebook.com\/JavierChento","https:\/\/x.com\/https:\/\/twitter.com\/javierchento"],"url":"http:\/\/vincentians.com\/fr\/author\/chento\/"}]}},"jetpack_publicize_connections":[],"jetpack_featured_media_url":"","jetpack_sharing_enabled":true,"jetpack_shortlink":"https:\/\/wp.me\/p7ETMP-rOO","jetpack-related-posts":[{"id":98069,"url":"http:\/\/vincentians.com\/fr\/ozanam-et-assise-genese-dun-regard-romantique-sur-le-moyen-age\/","url_meta":{"origin":106938,"position":0},"title":"Ozanam et Assise. Gen\u00e8se d\u2019un regard romantique sur le Moyen Age","author":"Francisco Javier Fern\u00e1ndez Chento","date":"08\/10\/2013","format":false,"excerpt":"\u00a0\u00ab ITALIE. Doit se voir imm\u00e9diatement apr\u00e8s le mariage. \u2013 Donne bien des d\u00e9ceptions, n\u2019est pas si belle qu\u2019on dit . \u00bb Bien des bourgeois du XIXe si\u00e8cle fran\u00e7ais n\u2019ont pas fait mentir Flaubert o\u00f9 l\u2019on aura reconnu un des lieux communs qu\u2019il se pla\u00eet \u00e0 r\u00e9unir dans son Dictionnaire\u2026","rel":"","context":"Dans &quot;Fr\u00e9d\u00e9ric Ozanam&quot;","block_context":{"text":"Fr\u00e9d\u00e9ric Ozanam","link":"http:\/\/vincentians.com\/fr\/category\/the-vincentian-family\/founders\/frederic-ozanam\/"},"img":{"alt_text":"","src":"https:\/\/i0.wp.com\/vincentiens.org\/wp-content\/uploads\/2012\/11\/ozanam-240x300.jpg?resize=350%2C200","width":350,"height":200},"classes":[]},{"id":104274,"url":"http:\/\/vincentians.com\/fr\/frederic-ozanam-lettre-0002-a-son-pere\/","url_meta":{"origin":106938,"position":1},"title":"Fr\u00e9d\u00e9ric Ozanam, Lettre 0002. A son P\u00e8re","author":"Francisco Javier Fern\u00e1ndez Chento","date":"12\/08\/2016","format":false,"excerpt":"Lyon, 17 janvier 1820. Cher Papa, Je voudrais que le jour de Saint-Antoine f\u00fbt un jour de plaisir puisque c'est ta f\u00eate, je ne sais comment faire pour la bien c\u00e9l\u00e9brer, je ne peux te donner que beaucoup de baisers et le r\u00e9p\u00e9ter mille et mille fois: je te souhaite\u2026","rel":"","context":"Dans &quot;Lettres de Fr\u00e9d\u00e9ric Ozanam&quot;","block_context":{"text":"Lettres de Fr\u00e9d\u00e9ric Ozanam","link":"http:\/\/vincentians.com\/fr\/category\/lettres-de-frederic-ozanam\/"},"img":{"alt_text":"","src":"https:\/\/i0.wp.com\/vincentians.com\/fr\/wp-content\/uploads\/sites\/10\/2016\/07\/cartas-federico-ozanam.jpg?fit=1200%2C630&resize=350%2C200","width":350,"height":200,"srcset":"https:\/\/i0.wp.com\/vincentians.com\/fr\/wp-content\/uploads\/sites\/10\/2016\/07\/cartas-federico-ozanam.jpg?fit=1200%2C630&resize=350%2C200 1x, https:\/\/i0.wp.com\/vincentians.com\/fr\/wp-content\/uploads\/sites\/10\/2016\/07\/cartas-federico-ozanam.jpg?fit=1200%2C630&resize=525%2C300 1.5x, https:\/\/i0.wp.com\/vincentians.com\/fr\/wp-content\/uploads\/sites\/10\/2016\/07\/cartas-federico-ozanam.jpg?fit=1200%2C630&resize=700%2C400 2x, https:\/\/i0.wp.com\/vincentians.com\/fr\/wp-content\/uploads\/sites\/10\/2016\/07\/cartas-federico-ozanam.jpg?fit=1200%2C630&resize=1050%2C600 3x"},"classes":[]},{"id":104277,"url":"http:\/\/vincentians.com\/fr\/frederic-ozanam-lettre-0005-a-sa-mere\/","url_meta":{"origin":106938,"position":2},"title":"Fr\u00e9d\u00e9ric Ozanam, Lettre 0005. A sa M\u00e8re","author":"Francisco Javier Fern\u00e1ndez Chento","date":"19\/08\/2016","format":false,"excerpt":"1827. Ch\u00e8re maman, C'est encore cet \u00e9colier \u00e9tourdi, qui vient vous rompre la t\u00eate avec son latin. Prenez-vous-en \u00e0 votre indulgence; vous l'avez accoutum\u00e9 \u00e0 croire que tout ce qu'il fait pour vous peut vous \u00eatre agr\u00e9able. D'ailleurs, il vous paye de sa monnaie. C'est le seul pr\u00e9sent que sa\u2026","rel":"","context":"Dans &quot;Lettres de Fr\u00e9d\u00e9ric Ozanam&quot;","block_context":{"text":"Lettres de Fr\u00e9d\u00e9ric Ozanam","link":"http:\/\/vincentians.com\/fr\/category\/lettres-de-frederic-ozanam\/"},"img":{"alt_text":"","src":"https:\/\/i0.wp.com\/vincentians.com\/fr\/wp-content\/uploads\/sites\/10\/2016\/07\/cartas-federico-ozanam.jpg?fit=1200%2C630&resize=350%2C200","width":350,"height":200,"srcset":"https:\/\/i0.wp.com\/vincentians.com\/fr\/wp-content\/uploads\/sites\/10\/2016\/07\/cartas-federico-ozanam.jpg?fit=1200%2C630&resize=350%2C200 1x, https:\/\/i0.wp.com\/vincentians.com\/fr\/wp-content\/uploads\/sites\/10\/2016\/07\/cartas-federico-ozanam.jpg?fit=1200%2C630&resize=525%2C300 1.5x, https:\/\/i0.wp.com\/vincentians.com\/fr\/wp-content\/uploads\/sites\/10\/2016\/07\/cartas-federico-ozanam.jpg?fit=1200%2C630&resize=700%2C400 2x, https:\/\/i0.wp.com\/vincentians.com\/fr\/wp-content\/uploads\/sites\/10\/2016\/07\/cartas-federico-ozanam.jpg?fit=1200%2C630&resize=1050%2C600 3x"},"classes":[]},{"id":106477,"url":"http:\/\/vincentians.com\/fr\/priere-pour-la-canonisation-du-bienheureux-frederic-ozanam\/","url_meta":{"origin":106938,"position":3},"title":"Pri\u00e8re pour la Canonisation du Bienheureux Fr\u00e9d\u00e9ric Ozanam","author":"Francisco Javier Fern\u00e1ndez Chento","date":"16\/05\/2013","format":false,"excerpt":"Seigneur, Tu as fait du Bienheureux Fr\u00e9d\u00e9ric Ozanam un t\u00e9moin de l'\u00c9vangile, \u00e9merveill\u00e9 du myst\u00e8re de l'\u00c9glise. Tu as inspir\u00e9 son combat contre la mis\u00e8re et l'injustice et tu l'as pourvu d'une inlassable g\u00e9n\u00e9rosit\u00e9 au service de tout homme en souffrance. En famille, il se r\u00e9v\u00e9la fils, fr\u00e8re, \u00e9poux et\u2026","rel":"","context":"Dans &quot;Fr\u00e9d\u00e9ric Ozanam&quot;","block_context":{"text":"Fr\u00e9d\u00e9ric Ozanam","link":"http:\/\/vincentians.com\/fr\/category\/the-vincentian-family\/founders\/frederic-ozanam\/"},"img":{"alt_text":"frederic_ozanam","src":"https:\/\/i0.wp.com\/vincentiens.org\/wp-content\/uploads\/2013\/05\/frederic_ozanam-211x300.jpg?resize=350%2C200","width":350,"height":200},"classes":[]},{"id":104268,"url":"http:\/\/vincentians.com\/fr\/frederic-ozanam-lettre-0001-a-son-pere%e2%80%8b\/","url_meta":{"origin":106938,"position":4},"title":"Fr\u00e9d\u00e9ric Ozanam, Lettre 0001. A son P\u00e8re\u200b","author":"Francisco Javier Fern\u00e1ndez Chento","date":"10\/08\/2016","format":false,"excerpt":"Lyon, 24 juin 1819. Cher Papa, Puisque Fr\u00e9d\u00e9ric commenc\u00e9 \u00e0 griffonner, il veut employer les pr\u00e9mices de sa plume \u00e0 f\u00eater son petit papa, \u00e0 la saint Jean; l'ann\u00e9e pass\u00e9e le vent emporta le compliment que je te dis, mais cette fois-ci, ce papier en prison dans ton portefeuille ne\u2026","rel":"","context":"Dans &quot;Lettres de Fr\u00e9d\u00e9ric Ozanam&quot;","block_context":{"text":"Lettres de Fr\u00e9d\u00e9ric Ozanam","link":"http:\/\/vincentians.com\/fr\/category\/lettres-de-frederic-ozanam\/"},"img":{"alt_text":"","src":"https:\/\/i0.wp.com\/vincentians.com\/fr\/wp-content\/uploads\/sites\/10\/2016\/07\/cartas-federico-ozanam.jpg?fit=1200%2C630&resize=350%2C200","width":350,"height":200,"srcset":"https:\/\/i0.wp.com\/vincentians.com\/fr\/wp-content\/uploads\/sites\/10\/2016\/07\/cartas-federico-ozanam.jpg?fit=1200%2C630&resize=350%2C200 1x, https:\/\/i0.wp.com\/vincentians.com\/fr\/wp-content\/uploads\/sites\/10\/2016\/07\/cartas-federico-ozanam.jpg?fit=1200%2C630&resize=525%2C300 1.5x, https:\/\/i0.wp.com\/vincentians.com\/fr\/wp-content\/uploads\/sites\/10\/2016\/07\/cartas-federico-ozanam.jpg?fit=1200%2C630&resize=700%2C400 2x, https:\/\/i0.wp.com\/vincentians.com\/fr\/wp-content\/uploads\/sites\/10\/2016\/07\/cartas-federico-ozanam.jpg?fit=1200%2C630&resize=1050%2C600 3x"},"classes":[]},{"id":104276,"url":"http:\/\/vincentians.com\/fr\/frederic-ozanam-lettre-0004-a-son-pere\/","url_meta":{"origin":106938,"position":5},"title":"Fr\u00e9d\u00e9ric Ozanam, Lettre 0004. A son P\u00e8re","author":"Francisco Javier Fern\u00e1ndez Chento","date":"17\/08\/2016","format":false,"excerpt":"V\u0153ux de f\u00eate. Promesse de sagesse et de travail. Lyon, 23 juillet 1821. Cher Papa, Je viens vous souhaiter votre f\u00eate et vous pr\u00e9senter mon petit bouquet. Ce n'est pas pour la m\u00eame raison que ces gens qui viennent de donner tout \u00e0 l'heure une s\u00e9r\u00e9nade au mar\u00e9chal-ferrant et au\u2026","rel":"","context":"Dans &quot;Lettres de Fr\u00e9d\u00e9ric Ozanam&quot;","block_context":{"text":"Lettres de Fr\u00e9d\u00e9ric Ozanam","link":"http:\/\/vincentians.com\/fr\/category\/lettres-de-frederic-ozanam\/"},"img":{"alt_text":"","src":"https:\/\/i0.wp.com\/vincentians.com\/fr\/wp-content\/uploads\/sites\/10\/2016\/07\/cartas-federico-ozanam.jpg?fit=1200%2C630&resize=350%2C200","width":350,"height":200,"srcset":"https:\/\/i0.wp.com\/vincentians.com\/fr\/wp-content\/uploads\/sites\/10\/2016\/07\/cartas-federico-ozanam.jpg?fit=1200%2C630&resize=350%2C200 1x, https:\/\/i0.wp.com\/vincentians.com\/fr\/wp-content\/uploads\/sites\/10\/2016\/07\/cartas-federico-ozanam.jpg?fit=1200%2C630&resize=525%2C300 1.5x, https:\/\/i0.wp.com\/vincentians.com\/fr\/wp-content\/uploads\/sites\/10\/2016\/07\/cartas-federico-ozanam.jpg?fit=1200%2C630&resize=700%2C400 2x, https:\/\/i0.wp.com\/vincentians.com\/fr\/wp-content\/uploads\/sites\/10\/2016\/07\/cartas-federico-ozanam.jpg?fit=1200%2C630&resize=1050%2C600 3x"},"classes":[]}],"_links":{"self":[{"href":"http:\/\/vincentians.com\/fr\/wp-json\/wp\/v2\/posts\/106938","targetHints":{"allow":["GET"]}}],"collection":[{"href":"http:\/\/vincentians.com\/fr\/wp-json\/wp\/v2\/posts"}],"about":[{"href":"http:\/\/vincentians.com\/fr\/wp-json\/wp\/v2\/types\/post"}],"author":[{"embeddable":true,"href":"http:\/\/vincentians.com\/fr\/wp-json\/wp\/v2\/users\/4"}],"replies":[{"embeddable":true,"href":"http:\/\/vincentians.com\/fr\/wp-json\/wp\/v2\/comments?post=106938"}],"version-history":[{"count":0,"href":"http:\/\/vincentians.com\/fr\/wp-json\/wp\/v2\/posts\/106938\/revisions"}],"wp:featuredmedia":[{"embeddable":true,"href":"http:\/\/vincentians.com\/fr\/wp-json\/"}],"wp:attachment":[{"href":"http:\/\/vincentians.com\/fr\/wp-json\/wp\/v2\/media?parent=106938"}],"wp:term":[{"taxonomy":"category","embeddable":true,"href":"http:\/\/vincentians.com\/fr\/wp-json\/wp\/v2\/categories?post=106938"},{"taxonomy":"post_tag","embeddable":true,"href":"http:\/\/vincentians.com\/fr\/wp-json\/wp\/v2\/tags?post=106938"}],"curies":[{"name":"wp","href":"https:\/\/api.w.org\/{rel}","templated":true}]}}