{"id":106737,"date":"2013-12-09T08:19:43","date_gmt":"2013-12-09T07:19:43","guid":{"rendered":"http:\/\/vincentiens.org\/?p=106737"},"modified":"2013-12-09T08:19:43","modified_gmt":"2013-12-09T07:19:43","slug":"la-vie-du-venerable-serviteur-de-dieu-vincent-de-paul-livre-troisieme-chapitre-ix","status":"publish","type":"post","link":"http:\/\/vincentians.com\/fr\/la-vie-du-venerable-serviteur-de-dieu-vincent-de-paul-livre-troisieme-chapitre-ix\/","title":{"rendered":"La vie du v\u00e9n\u00e9rable serviteur de Dieu Vincent de Paul, Livre troisi\u00e8me, Chapitre IX"},"content":{"rendered":"<h2>Chapitre IX\u00a0: <b>Sa d\u00e9votion envers la tr\u00e8s sainte Vierge, M\u00e8re de Dieu, et envers les autres saints<\/b><\/h2>\n<p>Nous devons honorer (dit le grand saint Bernard) de toutes les plus intimes affections de notre c\u0153ur la tr\u00e8s sainte Vierge Marie, parce que tel est le bon plaisir de Celui qui a voulu que, par l&rsquo;entremise de cette incomparable Vierge, nous eussions toutes sortes de faveurs et de gr\u00e2ces. Ce n&rsquo;est donc pas une invention de l&rsquo;esprit humain, ni une production des sentiments de quelque d\u00e9votion particuli\u00e8re, mais un ordre \u00e9tabli par la volont\u00e9 de Dieu, que nous rendions un honneur tr\u00e8s sp\u00e9cial \u00e0 celle qu&rsquo;il a voulu lui-m\u00eame honorer jusqu&rsquo;\u00e0 ce point, que de la choisir pour \u00eatre la m\u00e8re de son propre Fils, et pour recevoir ensuite de ce divin Fils les devoirs d&rsquo;une vraie et parfaite suj\u00e9tion et ob\u00e9issance.<\/p>\n<p>Toute l&rsquo;\u00c9glise a toujours reconnu cette v\u00e9rit\u00e9, et a donn\u00e9 en tous les si\u00e8cles des t\u00e9moignages de son respect et de sa d\u00e9votion envers la tr\u00e8s sainte M\u00e8re de Dieu, par la c\u00e9l\u00e9bration de ses f\u00eates, par la v\u00e9n\u00e9ration de ses images, par les pri\u00e8res solennelles qu&rsquo;elle lui a toujours offertes, et qu&rsquo;elle continue de lui offrir tous les jours, par les hymnes et cantiques qu&rsquo;elle chante \u00e0 sa louange, et par tous les autres moyens que le Saint-Esprit lui a sugg\u00e9r\u00e9s. Pour cet effet, tous les plus grands saints sont entr\u00e9s dans ces m\u00eames sentiments d&rsquo;une v\u00e9n\u00e9ration et d\u00e9votion toute particuli\u00e8re envers cette reine des anges et des hommes; et par cons\u00e9quent, il y a grande raison de croire que M. Vincent, qui avait une telle affection de se conformer \u00e0 toutes les volont\u00e9s de Dieu, et de suivre fid\u00e8lement la conduite de son Eglise et les exemples des saints, se sera dignement acquitt\u00e9 de tous les devoirs de d\u00e9votion et de pi\u00e9t\u00e9 envers cette tr\u00e8s sainte M\u00e8re de Dieu. Aussi en a-t-il donn\u00e9 des preuves, et laisse des marques tr\u00e8s consid\u00e9rables.<\/p>\n<p>Car en premier lieu, parmi les r\u00e8glements qu&rsquo;il a donn\u00e9s \u00e0 sa Congr\u00e9gation, il a mis celui-ci comme l&rsquo;un des principaux, et dont il recommandait fort particuli\u00e8rement l&rsquo;observance aux siens: \u00abNous t\u00e2cherons, leur dit-il, tous et un chacun, de nous acquitter parfaitement, Dieu aidant, du culte particulier que nous devons \u00e0 la tr\u00e8s sainte et tr\u00e8s heureuse Vierge Marie, M\u00e8re de Dieu: 1\u00b0 en rendant tous les jours, et avec une d\u00e9votion particuli\u00e8re, quelques services \u00e0 cette tr\u00e8s digne M\u00e8re de Dieu, notre tr\u00e8s pieuse dame et ma\u00eetresse; 2\u00b0 en imitant autant que nous le pourrons ses vertus, et particuli\u00e8rement son humilit\u00e9 et sa puret\u00e9; 3\u00b0 en exhortant ardemment les autres, toutes les fois que nous en aurons la commodit\u00e9 et le pouvoir, \u00e0 ce qu&rsquo;ils lui rendent toujours un grand honneur et le service qu&rsquo;elle m\u00e9rite. \u00bb<\/p>\n<p>Il a toujours recommand\u00e9 et conseill\u00e9 \u00e0 un chacun d&rsquo;avoir une sp\u00e9ciale d\u00e9votion \u00e0 cette Reine du ciel; mais il l&rsquo;a autant persuad\u00e9 par son exemple que par ses paroles. Il je\u00fbnait exactement les veilles de ses f\u00eates, et se pr\u00e9parait \u00e0 les c\u00e9l\u00e9brer par plusieurs autres mortifications et bonnes \u0153uvres; et par son exemple, il a introduit cette sainte pratique parmi les siens. Il ne manquait pas d&rsquo;officier solennellement les jours de ses f\u00eates; et il le faisait avec de tels sentiments de d\u00e9votion, que l&rsquo;on pouvait ais\u00e9ment conna\u00eetre quel \u00e9tait son c\u0153ur \u00e0 l&rsquo;\u00e9gard de cette tr\u00e8s sainte Vierge; il avait aussi une d\u00e9votion particuli\u00e8re de c\u00e9l\u00e9brer la sainte Messe dans ses chapelles, et aux autels qui \u00e9taient d\u00e9di\u00e9s en son honneur.<\/p>\n<p>Comme il faisait l&rsquo;ouverture des conf\u00e9rences et des assembl\u00e9es o\u00f9 il se trouvait, par l&rsquo;invocation du Saint-Esprit, il les terminait aussi toujours par quelque antienne et oraison en l&rsquo;honneur de cette tr\u00e8s sainte M\u00e8re de Dieu.<\/p>\n<p>Il portait toujours un chapelet \u00e0 sa ceinture, tant pour le dire souvent, comme il faisait, que pour faire par cette marque ext\u00e9rieure une profession ouverte de sa v\u00e9n\u00e9ration et d\u00e9votion envers la Reine du ciel, et se d\u00e9clarer publiquement pour l&rsquo;un de ses tr\u00e8s fid\u00e8les et tr\u00e8s d\u00e9vots serviteurs .<\/p>\n<p>En quelque lieu qu&rsquo;il se trouv\u00e2t, soit \u00e0 la maison, soit en d&rsquo;autres endroits de la ville, quoique ce f\u00fbt en la compagnie de personnes consid\u00e9rables, aussit\u00f4t qu&rsquo;il entendait sonner la Salutation Ang\u00e9lique, il se mettait \u00e0 genoux (hors le temps pascal et les dimanches qu&rsquo;on la dit debout) pour lui offrir cette pri\u00e8re avec le respect convenable; et son exemple obligeait les autres \u00e0 faire de m\u00eame.<\/p>\n<p>Il allait tr\u00e8s souvent visiter par d\u00e9votion les \u00e9glises d\u00e9di\u00e9es \u00e0 Dieu sous l&rsquo;invocation de cette bienheureuse Vierge; et pendant les guerres et les troubles de ce royaume, il portait les eccl\u00e9siastiques de la Conf\u00e9rence de Saint-Lazare \u00e0 faire divers p\u00e8lerinages en ces m\u00eames \u00e9glises, pour demander \u00e0 Dieu, par l&rsquo;entremise de la M\u00e8re de mis\u00e9ricorde, la paix et tranquillit\u00e9 publique, et la r\u00e9duction des sujets du roi a l&rsquo;ob\u00e9issance de Sa Majest\u00e9. Il conviait aussi les dames de la Compagnie de la Charit\u00e9 \u00e0 faire de semblables p\u00e8lerinages en divers lieux d\u00e9di\u00e9s en l&rsquo;honneur de la m\u00eame sainte Vierge, pour implorer par son moyen le secours de la divine bont\u00e9 dans les calamit\u00e9s publiques; et lui-m\u00eame allait en ces lieux-l\u00e0, pour y offrir le tr\u00e8s saint sacrifice de la Messe et les communier de sa main. Il alla m\u00eame une fois expr\u00e8s en p\u00e8lerinage \u00e0 l&rsquo;\u00e9glise de Chartres, afin d&rsquo;obtenir, par l&rsquo;intercession de cette puissante avocate, les lumi\u00e8res n\u00e9cessaires \u00e0 un eccl\u00e9siastique nomm\u00e9 \u00e0 un \u00e9v\u00each\u00e9, pour conna\u00eetre la vocation de Dieu sur lui \u00e0 ce sublime \u00e9tat, o\u00f9 il estimait qu&rsquo;il pourrait rendre de tr\u00e8s grands services \u00e0 l&rsquo;\u00c9glise, quoique ce vertueux eccl\u00e9siastique e\u00fbt grande peine \u00e0 s&rsquo;y r\u00e9soudre, par des sentiments d&rsquo;une tr\u00e8s rare humilit\u00e9.<\/p>\n<p>La d\u00e9votion de ce saint homme envers la M\u00e8re de Dieu a paru aussi grandement par les pr\u00e9dications qu&rsquo;il a faites en son honneur dans les missions o\u00f9 il a travaill\u00e9, et par la pratique qu&rsquo;il a introduite parmi les siens de faire de m\u00eame, et d&rsquo;instruire soigneusement le peuple des obligations particuli\u00e8res que les chr\u00e9tiens ont d&rsquo;honorer, servir et invoquer cette tr\u00e8s sainte M\u00e8re de Dieu, et de recourir \u00e0 elle en leurs besoins et n\u00e9cessit\u00e9s. Enfin, le grand nombre des confr\u00e9ries qu&rsquo;il a \u00e9tablies et fait \u00e9tablir de tous c\u00f4t\u00e9s pour honorer Notre-Seigneur par l&rsquo;exercice de la charit\u00e9 envers les pauvres, et qu&rsquo;il a mises sous la protection sp\u00e9ciale de sa tr\u00e8s sainte M\u00e8re, aussi bien que toutes les autres compagnies et assembl\u00e9es de pi\u00e9t\u00e9 dont il a \u00e9t\u00e9 l&rsquo;auteur, sont des marques bien expresses, non seulement de sa d\u00e9votion envers la tr\u00e8s sainte Vierge, mais aussi de l&rsquo;affection et du z\u00e8le qu&rsquo;il avait de la r\u00e9pandre dans tous les c\u0153urs.<\/p>\n<p>Ayant donc \u00e9t\u00e9 anim\u00e9 de cet esprit, et s&rsquo;\u00e9tant toujours \u00e9tudi\u00e9 \u00e0 rendre tout l&rsquo;honneur et tout le service qui lui a \u00e9t\u00e9 possible \u00e0 cette Reine des anges et des hommes, faut-il s&rsquo;\u00e9tonner si tous ses travaux et toutes ses saintes entreprises ont \u00e9t\u00e9 favoris\u00e9s de si bons succ\u00e8s, et accompagnes de tant de b\u00e9n\u00e9dictions, puisqu&rsquo;il s&rsquo;\u00e9tait mis d&rsquo;une fa\u00e7on si particuli\u00e8re sous la puissante protection de la M\u00e8re de Dieu?<\/p>\n<p>Comme M. Vincent le savait fort bien, et l&rsquo;enseignait souvent dans les missions, l&rsquo;honneur qu&rsquo;on rend non seulement \u00e0 la tr\u00e8s sainte M\u00e8re de Dieu, mais aussi \u00e0 tous les saints, retourne \u00e0 ce divin Ma\u00eetre, dont ils sont les v\u00e9ritables serviteurs. Il leur rendait donc en cette vue un grand honneur, particuli\u00e8rement aux ap\u00f4tres, comme \u00e0 ceux qui avaient eu le bonheur d&rsquo;approcher de plus pr\u00e8s la personne du Fils de Dieu, et de puiser dans les fontaines du Sauveur cette eau qui rejaillit jusqu&rsquo;\u00e0 la vie \u00e9ternelle: il les consid\u00e9rait et honorait comme les premiers et grands missionnaires qui avaient port\u00e9 la lumi\u00e8re de l&rsquo;\u00c9vangile par toute la terre, et travaill\u00e9 avec de tr\u00e8s amples b\u00e9n\u00e9dictions \u00e0 l&rsquo;instruction et \u00e0 la conversion des peuples. Entre les ap\u00f4tres il aimait et respectait particuli\u00e8rement saint Pierre, comme celui qui avait aim\u00e9 J\u00e9sus-Christ plus que tous les autres, et qui avait \u00e9t\u00e9 par lui \u00e9tabli son premier vicaire sur la terre, et le chef et souverain pasteur de son \u00c9glise. Il avait aussi une v\u00e9n\u00e9ration et d\u00e9votion tr\u00e8s sp\u00e9ciale pour saint Paul, comme pour celui qui \u00e9tait le ma\u00eetre et le docteur des Gentils, et qui avait plus travaill\u00e9 que tous les autres; et comme il en portait le nom, il s&rsquo;\u00e9tudiait aussi a imiter ses vertus.<\/p>\n<p>Il a toujours fait para\u00eetre une d\u00e9votion singuli\u00e8re envers son saint ange gardien; il n&rsquo;entrait jamais dans sa chambre et n&rsquo;en sortait point qu&rsquo;il ne le salu\u00e2t et ne lui rendit quelque honneur; et il a introduit cette pieuse coutume parmi les siens, de faire la m\u00eame chose \u00e0 l&rsquo;\u00e9gard de leurs saints anges tut\u00e9laires, lorsqu&rsquo;ils entrent et sortent de leurs chambres.<\/p>\n<p>Il \u00e9tait aussi fort d\u00e9vot au glorieux martyr saint Vincent, son patron; et ayant un jour appris qu&rsquo;une personne de m\u00e9rite et de pi\u00e9t\u00e9 avait des habitudes et connaissances en Espagne, il la pria d&#8217;employer son cr\u00e9dit pour avoir des m\u00e9moires de la tradition de ce royaume-l\u00e0, touchant la vie et le martyre de ce bienheureux saint, plus amples que ne sont ceux qui se trouvent dans l&rsquo;abr\u00e9g\u00e9 de son histoire. Il avait encore une v\u00e9n\u00e9ration sp\u00e9ciale pour saint Vincent Ferrier; on a remarqu\u00e9 qu&rsquo;en plusieurs de ses retraites spirituelles, il faisait sa lecture dans le livre que ce saint a compose; et par cette lecture il avait si bien imprim\u00e9 dans son esprit ses actions plus remarquables, et ses plus saintes maximes, qu&rsquo;il les rapportait souvent dans ses discours, et \u00e9tait encore plus soigneux de les mettre en pratique, imitant particuli\u00e8rement le z\u00e8le que ce grand saint avait eu pour procurer la conversion les p\u00e9cheurs et le salut des \u00e2mes.<\/p>\n<p>Il honorait avec de grands sentiments de pi\u00e9t\u00e9 les reliques des saints. Parlant un jour \u00e0 sa Communaut\u00e9 sur le sujet d&rsquo;une procession que Messieurs du Chapitre de Notre-Dame de Paris ont accoutum\u00e9 de faire \u00e0 Saint-Lazare, et en laquelle ils portent ordinairement les principales reliques qu&rsquo;ils ont en leur \u00e9glise: \u00ab Nous nous mettrons, leur dit, en disposition de recevoir ces pr\u00e9cieuses reliques, comme si c&rsquo;\u00e9taient les saints m\u00eames dont elles sont les reliques qui nous fissent l&rsquo;honneur de nous venir visiter; et ainsi nous honorerons Dieu en ses saints, et nous le supplierons qu&rsquo;il nous rende participants des gr\u00e2ces qu&rsquo;il a si abondamment vers\u00e9es dans leurs \u00e2mes.\u00bb<\/p>\n<p>Or, l&rsquo;intention principale de M. Vincent, dans la d\u00e9votion qu&rsquo;il avait pour les anges et pour les saints, \u00e9tait d&rsquo;honorer en eux les dons de Dieu et son Saint-Esprit, dont ils \u00e9taient les temples; en sorte que l&rsquo;honneur qu&rsquo;il leur rendait et les pri\u00e8res qu&rsquo;il leur offrait avaient Dieu pour principal objet et pour derni\u00e8re fin; et tous les devoirs de pi\u00e9t\u00e9 dont il s&rsquo;acquittait envers eux n&rsquo;\u00e9taient que des moyens pour rendre \u00e0 sa divine Majest\u00e9 une gloire plus \u00e9tendue, et pour l&rsquo;invoquer plus efficacement par leurs intercessions; suivant en cela les intentions de l&rsquo;\u00c9glise, auxquelles ce grand serviteur de Dieu s&rsquo;\u00e9tudiait toujours \u00e0 conformer les siennes, se tenant fid\u00e8lement et constamment dans tous les sentiments de cette m\u00e8re commune de tous les enfants de Dieu, et se soumettant en toutes choses \u00e0 sa conduite qu&rsquo;il reconnaissait toute sainte, comme lui \u00e9tant inspir\u00e9e par celui qui est l&rsquo;Auteur de toute saintet\u00e9.<\/p>\n<p>Que si la ferveur de la d\u00e9votion le portait a exhorter les autres \u00e0 entrer dans les sentiments dont il \u00e9tait anim\u00e9, elle faisait aussi qu&rsquo;il d\u00e9plorait grandement la froideur et l&rsquo;ind\u00e9votion de la plupart des chr\u00e9tiens de ce temps; et on l&rsquo;a vu souvent, les larmes aux yeux, parler de la ferveur et de l&rsquo;exactitude des Turcs pour les exercices de leur fausse religion, leurs assujettissements, leur silence, leur modestie et retenue dans leurs mosqu\u00e9es; et sur cela il disait qu&rsquo;il y avait grand sujet de craindre que ces pauvres infid\u00e8les ne fussent un jour nos juges, et qu&rsquo;ils ne condamnassent devant Dieu notre ti\u00e9deur et notre ind\u00e9votion.<\/p>\n<p>Nous ne devons pas ici omettre la d\u00e9votion particuli\u00e8re qu&rsquo;il avait de procurer le soulagement et la d\u00e9livrance des \u00e2mes fid\u00e8les qui souffrent dans le purgatoire. Il exhortait souvent les siens \u00e0 ce devoir de pi\u00e9t\u00e9, et disait qu&rsquo;il fallait consid\u00e9rer ces chers d\u00e9funts comme les membres vivants de J\u00e9sus-Christ, anim\u00e9s par sa gr\u00e2ce, et assur\u00e9s de participer un jour \u00e0 sa gloire; et que, pour cette consid\u00e9ration, nous \u00e9tions oblig\u00e9s de les aimer, servir et assister de tout notre pouvoir. Pour cet effet, il priait et offrait souvent le tr\u00e8s saint Sacrifice de la Messe \u00e0 leur intention. Il faisait aussi prier et offrir le m\u00eame Sacrifice pour eux par les autres pr\u00eatres de sa maison; et le sacristain de Saint-Lazare a d\u00e9clar\u00e9 qu&rsquo;il lui ordonnait fort souvent de faire dire des Messes pour les \u00e2mes du purgatoire qui y sont d\u00e9tenues depuis longtemps, et qui n&rsquo;ont personne qui prie particuli\u00e8rement pour elles. Il \u00e9tablit encore pour ce m\u00eame sujet, dans toutes les maisons de sa Congr\u00e9gation, cette sainte pratique de dire trois fois le jour en commun le <i>De profundis, <\/i>\u00e0 savoir apr\u00e8s les deux examens particuliers qui se font devant les repas, et aux pri\u00e8res du soir.<\/p>\n<p>Finissons ce chapitre par le t\u00e9moignage que deux eccl\u00e9siastiques tr\u00e8s vertueux ont rendu, touchant la d\u00e9votion et pi\u00e9t\u00e9 qu&rsquo;ils ont remarqu\u00e9es en la personne de M. Vincent. Voici ce que l&rsquo;un d&rsquo;eux en a donn\u00e9 par \u00e9crit:<\/p>\n<p>\u00abQuoique M. Vincent fut surcharg\u00e9 d&rsquo;affaires, et qu&rsquo;il e\u00fbt \u00e0 traiter presque continuellement avec des personnes si diff\u00e9rentes, ce qui apporte d&rsquo;ordinaire un grand emp\u00eachement \u00e0 la d\u00e9votion, l&rsquo;on peut dire n\u00e9anmoins, puisque la d\u00e9votion n&rsquo;est autre chose que la charit\u00e9 pratiqu\u00e9e avec affection et promptitude, qu&rsquo;il avait toujours le c\u0153ur rempli de d\u00e9votion, puisqu&rsquo;on le voyait accepter toutes les occasions qui se pr\u00e9sentaient, quelque difficult\u00e9 qu&rsquo;il y e\u00fbt, pour procurer l&rsquo;avancement de la gloire de Dieu et le bien du prochain, et se porter avec grande charit\u00e9 \u00e0 secourir ceux qu&rsquo;il voyait les plus abandonn\u00e9s et dans les plus grands besoins. L&rsquo;on peut m\u00eame assurer qu&rsquo;il avait tellement l&rsquo;esprit de d\u00e9votion, qu&rsquo;on ne pouvait converser avec lui sans en \u00eatre touch\u00e9, ni l&rsquo;entendre parler de Dieu comme il faisait, avec des termes toujours respectueux et affectifs, qu&rsquo;on ne ressent\u00eet en soi quelque \u00e9tincelle de cette ardeur sacr\u00e9e, que les paroles de J\u00e9sus-Christ ressuscit\u00e9 ont produites dans le c\u0153ur de ses deux disciples qui allaient en Emma\u00fcs: ce qui faisait bien voir que c&rsquo;\u00e9tait le m\u00eame J\u00e9sus-Christ qui animait ses paroles, aussi bien que ses autres actions.\u00bb<\/p>\n<p>L&rsquo;autre n&rsquo;en dit pas moins, ayant donn\u00e9 par \u00e9crit le t\u00e9moignage suivant: \u00ab Pour ce qui est de la d\u00e9votion et pi\u00e9t\u00e9 de M. Vincent, il ne fallait que le voir aux fonctions, soit du ch\u0153ur ou de l&rsquo;autel, ou dans les autres exercices de pi\u00e9t\u00e9, et m\u00eame dans ses actions ordinaires; car sa posture, sa modestie, son recueillement, \u00e9taient comme autant de crayons qui repr\u00e9sentaient sa d\u00e9votion; et ce qui est plus merveilleux est que le ton, l&rsquo;accent, et m\u00eame la seule inflexion de sa voix touchait les c\u0153urs, et inspirait aux autres la d\u00e9votion dont il \u00e9tait rempli. Plusieurs de Messieurs les eccl\u00e9siastiques de la Conf\u00e9rence de Saint-Lazare ont avou\u00e9 qu&rsquo;ils venaient principalement \u00e0 cette Conf\u00e9rence pour l&rsquo;entendre parler, et qu&rsquo;ils s&rsquo;en retournaient contrist\u00e9s lorsque par modestie, comme il arrivait quelquefois, il n&rsquo;avait rien dit.\u00bb<\/p>\n","protected":false},"excerpt":{"rendered":"<p>Chapitre IX\u00a0: Sa d\u00e9votion envers la tr\u00e8s sainte Vierge, M\u00e8re de Dieu, et envers les autres saints Nous devons honorer (dit le grand saint Bernard) de toutes les plus intimes affections de notre c\u0153ur la &#8230; <a href=\"http:\/\/vincentians.com\/fr\/la-vie-du-venerable-serviteur-de-dieu-vincent-de-paul-livre-troisieme-chapitre-ix\/\" class=\"more-link\">Read More<\/a><\/p>\n","protected":false},"author":4,"featured_media":149583,"comment_status":"open","ping_status":"open","sticky":false,"template":"","format":"standard","meta":{"jetpack_post_was_ever_published":false,"_jetpack_newsletter_access":"","_jetpack_dont_email_post_to_subs":false,"_jetpack_newsletter_tier_id":0,"_jetpack_memberships_contains_paywalled_content":false,"_jetpack_memberships_contains_paid_content":false,"footnotes":"","jetpack_publicize_message":"","jetpack_publicize_feature_enabled":true,"jetpack_social_post_already_shared":true,"jetpack_social_options":{"image_generator_settings":{"template":"highway","default_image_id":0,"font":"","enabled":false},"version":2}},"categories":[5],"tags":[],"class_list":["post-106737","post","type-post","status-publish","format-standard","has-post-thumbnail","hentry","category-vincent-de-paul"],"yoast_head":"<!-- This site is optimized with the Yoast SEO plugin v26.3 - https:\/\/yoast.com\/wordpress\/plugins\/seo\/ -->\n<title>La vie du v\u00e9n\u00e9rable serviteur de Dieu Vincent de Paul, Livre troisi\u00e8me, Chapitre IX - Nous Sommes Vincentiens<\/title>\n<meta name=\"robots\" content=\"index, follow, max-snippet:-1, max-image-preview:large, max-video-preview:-1\" \/>\n<link rel=\"canonical\" href=\"https:\/\/vincentians.com\/fr\/la-vie-du-venerable-serviteur-de-dieu-vincent-de-paul-livre-troisieme-chapitre-ix\/\" \/>\n<meta property=\"og:locale\" content=\"fr_FR\" \/>\n<meta property=\"og:type\" content=\"article\" \/>\n<meta property=\"og:title\" content=\"La vie du v\u00e9n\u00e9rable serviteur de Dieu Vincent de Paul, Livre troisi\u00e8me, Chapitre IX - Nous Sommes Vincentiens\" \/>\n<meta property=\"og:description\" content=\"Chapitre IX\u00a0: Sa d\u00e9votion envers la tr\u00e8s sainte Vierge, M\u00e8re de Dieu, et envers les autres saints Nous devons honorer (dit le grand saint Bernard) de toutes les plus intimes affections de notre c\u0153ur la ... Read More\" \/>\n<meta property=\"og:url\" content=\"https:\/\/vincentians.com\/fr\/la-vie-du-venerable-serviteur-de-dieu-vincent-de-paul-livre-troisieme-chapitre-ix\/\" \/>\n<meta property=\"og:site_name\" content=\"Nous Sommes Vincentiens\" \/>\n<meta property=\"article:publisher\" content=\"https:\/\/www.facebook.com\/WeAreVincentians\/\" \/>\n<meta property=\"article:author\" content=\"https:\/\/www.facebook.com\/JavierChento\" \/>\n<meta property=\"article:published_time\" content=\"2013-12-09T07:19:43+00:00\" \/>\n<meta property=\"og:image\" content=\"https:\/\/i0.wp.com\/vincentians.com\/fr\/wp-content\/uploads\/sites\/10\/2016\/07\/abelly-feat.jpg?fit=1200%2C630&ssl=1\" \/>\n\t<meta property=\"og:image:width\" content=\"1200\" \/>\n\t<meta property=\"og:image:height\" content=\"630\" \/>\n\t<meta property=\"og:image:type\" content=\"image\/jpeg\" \/>\n<meta name=\"author\" content=\"Francisco Javier Fern\u00e1ndez Chento\" \/>\n<meta name=\"twitter:card\" content=\"summary_large_image\" \/>\n<meta name=\"twitter:creator\" content=\"@https:\/\/twitter.com\/javierchento\" \/>\n<meta name=\"twitter:site\" content=\"@WeVincentians\" \/>\n<meta name=\"twitter:label1\" content=\"\u00c9crit par\" \/>\n\t<meta name=\"twitter:data1\" content=\"Francisco Javier Fern\u00e1ndez Chento\" \/>\n\t<meta name=\"twitter:label2\" content=\"Dur\u00e9e de lecture estim\u00e9e\" \/>\n\t<meta name=\"twitter:data2\" content=\"14 minutes\" \/>\n<script type=\"application\/ld+json\" class=\"yoast-schema-graph\">{\"@context\":\"https:\/\/schema.org\",\"@graph\":[{\"@type\":\"WebPage\",\"@id\":\"https:\/\/vincentians.com\/fr\/la-vie-du-venerable-serviteur-de-dieu-vincent-de-paul-livre-troisieme-chapitre-ix\/\",\"url\":\"https:\/\/vincentians.com\/fr\/la-vie-du-venerable-serviteur-de-dieu-vincent-de-paul-livre-troisieme-chapitre-ix\/\",\"name\":\"La vie du v\u00e9n\u00e9rable serviteur de Dieu Vincent de Paul, Livre troisi\u00e8me, Chapitre IX - Nous Sommes Vincentiens\",\"isPartOf\":{\"@id\":\"http:\/\/vincentians.com\/fr\/#website\"},\"primaryImageOfPage\":{\"@id\":\"https:\/\/vincentians.com\/fr\/la-vie-du-venerable-serviteur-de-dieu-vincent-de-paul-livre-troisieme-chapitre-ix\/#primaryimage\"},\"image\":{\"@id\":\"https:\/\/vincentians.com\/fr\/la-vie-du-venerable-serviteur-de-dieu-vincent-de-paul-livre-troisieme-chapitre-ix\/#primaryimage\"},\"thumbnailUrl\":\"https:\/\/i0.wp.com\/vincentians.com\/fr\/wp-content\/uploads\/sites\/10\/2016\/07\/abelly-feat.jpg?fit=1200%2C630\",\"datePublished\":\"2013-12-09T07:19:43+00:00\",\"author\":{\"@id\":\"http:\/\/vincentians.com\/fr\/#\/schema\/person\/9623ef4d9aa3b2dfb8c061f1499288f2\"},\"breadcrumb\":{\"@id\":\"https:\/\/vincentians.com\/fr\/la-vie-du-venerable-serviteur-de-dieu-vincent-de-paul-livre-troisieme-chapitre-ix\/#breadcrumb\"},\"inLanguage\":\"fr-FR\",\"potentialAction\":[{\"@type\":\"ReadAction\",\"target\":[\"https:\/\/vincentians.com\/fr\/la-vie-du-venerable-serviteur-de-dieu-vincent-de-paul-livre-troisieme-chapitre-ix\/\"]}]},{\"@type\":\"ImageObject\",\"inLanguage\":\"fr-FR\",\"@id\":\"https:\/\/vincentians.com\/fr\/la-vie-du-venerable-serviteur-de-dieu-vincent-de-paul-livre-troisieme-chapitre-ix\/#primaryimage\",\"url\":\"https:\/\/i0.wp.com\/vincentians.com\/fr\/wp-content\/uploads\/sites\/10\/2016\/07\/abelly-feat.jpg?fit=1200%2C630\",\"contentUrl\":\"https:\/\/i0.wp.com\/vincentians.com\/fr\/wp-content\/uploads\/sites\/10\/2016\/07\/abelly-feat.jpg?fit=1200%2C630\",\"width\":1200,\"height\":630},{\"@type\":\"BreadcrumbList\",\"@id\":\"https:\/\/vincentians.com\/fr\/la-vie-du-venerable-serviteur-de-dieu-vincent-de-paul-livre-troisieme-chapitre-ix\/#breadcrumb\",\"itemListElement\":[{\"@type\":\"ListItem\",\"position\":1,\"name\":\"Portada\",\"item\":\"http:\/\/vincentians.com\/fr\/\"},{\"@type\":\"ListItem\",\"position\":2,\"name\":\"La vie du v\u00e9n\u00e9rable serviteur de Dieu Vincent de Paul, Livre troisi\u00e8me, Chapitre IX\"}]},{\"@type\":\"WebSite\",\"@id\":\"http:\/\/vincentians.com\/fr\/#website\",\"url\":\"http:\/\/vincentians.com\/fr\/\",\"name\":\"Nous Sommes Vincentiens\",\"description\":\"Know more to serve more\",\"potentialAction\":[{\"@type\":\"SearchAction\",\"target\":{\"@type\":\"EntryPoint\",\"urlTemplate\":\"http:\/\/vincentians.com\/fr\/?s={search_term_string}\"},\"query-input\":{\"@type\":\"PropertyValueSpecification\",\"valueRequired\":true,\"valueName\":\"search_term_string\"}}],\"inLanguage\":\"fr-FR\"},{\"@type\":\"Person\",\"@id\":\"http:\/\/vincentians.com\/fr\/#\/schema\/person\/9623ef4d9aa3b2dfb8c061f1499288f2\",\"name\":\"Francisco Javier Fern\u00e1ndez Chento\",\"image\":{\"@type\":\"ImageObject\",\"inLanguage\":\"fr-FR\",\"@id\":\"http:\/\/vincentians.com\/fr\/#\/schema\/person\/image\/\",\"url\":\"https:\/\/secure.gravatar.com\/avatar\/497d5cde87b4c3d097d0315953521681ba2cd523ee66e5077c3711f7021e65de?s=96&d=mm&r=g\",\"contentUrl\":\"https:\/\/secure.gravatar.com\/avatar\/497d5cde87b4c3d097d0315953521681ba2cd523ee66e5077c3711f7021e65de?s=96&d=mm&r=g\",\"caption\":\"Francisco Javier Fern\u00e1ndez Chento\"},\"description\":\"Director General y cofundador de La Red de Formaci\u00f3n Vicenciana. Javier es laico vicenciano, afiliado a la Congregaci\u00f3n de la Misi\u00f3n y miembro del Equipo de Misiones Populares de la provincia can\u00f3nica de Zaragoza (Espa\u00f1a) de la Congregaci\u00f3n de la Misi\u00f3n. Graduado en la Universidad Oberta de Catalunya con cuatro grados (Asistente de direcci\u00f3n, Gesti\u00f3n Administrativa, Recursos Humanos y Contabilidad Avanzada). Bil\u00edng\u00fce Espa\u00f1ol\/Ingl\u00e9s. gestiona y mantiene varias p\u00e1ginas web cristianas y vicencianas, incluida including La Red de Formaci\u00f3n Vicenciana, de la que es cofundador. Actualmente es responsable del \u00e1rea de Espa\u00f1ol de .famvin, la Red de Noticias de la Familia Vicenciana. Tambi\u00e9n es m\u00fasico cat\u00f3lico y ha editado varios discos. Es Director General y cofundador de Trovador, una reconocida compa\u00f1\u00eda discogr\u00e1fica critiana de Espa\u00f1a. Trabaja en las Tecnolog\u00edas de la Informaci\u00f3n, ofreciendo servicios de alojamiento, dise\u00f1o y mantenimiento Web, as\u00ed como asesoramiento, formaci\u00f3n y soluciones inform\u00e1ticas, gesti\u00f3n documental y digitalizaci\u00f3n de textos, edici\u00f3n y maquetaci\u00f3n de libros, revistas, flyers, etc.\",\"sameAs\":[\"http:\/\/chento.org\",\"https:\/\/www.facebook.com\/JavierChento\",\"https:\/\/x.com\/https:\/\/twitter.com\/javierchento\"],\"url\":\"http:\/\/vincentians.com\/fr\/author\/chento\/\"}]}<\/script>\n<!-- \/ Yoast SEO plugin. -->","yoast_head_json":{"title":"La vie du v\u00e9n\u00e9rable serviteur de Dieu Vincent de Paul, Livre troisi\u00e8me, Chapitre IX - Nous Sommes Vincentiens","robots":{"index":"index","follow":"follow","max-snippet":"max-snippet:-1","max-image-preview":"max-image-preview:large","max-video-preview":"max-video-preview:-1"},"canonical":"https:\/\/vincentians.com\/fr\/la-vie-du-venerable-serviteur-de-dieu-vincent-de-paul-livre-troisieme-chapitre-ix\/","og_locale":"fr_FR","og_type":"article","og_title":"La vie du v\u00e9n\u00e9rable serviteur de Dieu Vincent de Paul, Livre troisi\u00e8me, Chapitre IX - Nous Sommes Vincentiens","og_description":"Chapitre IX\u00a0: Sa d\u00e9votion envers la tr\u00e8s sainte Vierge, M\u00e8re de Dieu, et envers les autres saints Nous devons honorer (dit le grand saint Bernard) de toutes les plus intimes affections de notre c\u0153ur la ... Read More","og_url":"https:\/\/vincentians.com\/fr\/la-vie-du-venerable-serviteur-de-dieu-vincent-de-paul-livre-troisieme-chapitre-ix\/","og_site_name":"Nous Sommes Vincentiens","article_publisher":"https:\/\/www.facebook.com\/WeAreVincentians\/","article_author":"https:\/\/www.facebook.com\/JavierChento","article_published_time":"2013-12-09T07:19:43+00:00","og_image":[{"width":1200,"height":630,"url":"https:\/\/i0.wp.com\/vincentians.com\/fr\/wp-content\/uploads\/sites\/10\/2016\/07\/abelly-feat.jpg?fit=1200%2C630&ssl=1","type":"image\/jpeg"}],"author":"Francisco Javier Fern\u00e1ndez Chento","twitter_card":"summary_large_image","twitter_creator":"@https:\/\/twitter.com\/javierchento","twitter_site":"@WeVincentians","twitter_misc":{"\u00c9crit par":"Francisco Javier Fern\u00e1ndez Chento","Dur\u00e9e de lecture estim\u00e9e":"14 minutes"},"schema":{"@context":"https:\/\/schema.org","@graph":[{"@type":"WebPage","@id":"https:\/\/vincentians.com\/fr\/la-vie-du-venerable-serviteur-de-dieu-vincent-de-paul-livre-troisieme-chapitre-ix\/","url":"https:\/\/vincentians.com\/fr\/la-vie-du-venerable-serviteur-de-dieu-vincent-de-paul-livre-troisieme-chapitre-ix\/","name":"La vie du v\u00e9n\u00e9rable serviteur de Dieu Vincent de Paul, Livre troisi\u00e8me, Chapitre IX - Nous Sommes Vincentiens","isPartOf":{"@id":"http:\/\/vincentians.com\/fr\/#website"},"primaryImageOfPage":{"@id":"https:\/\/vincentians.com\/fr\/la-vie-du-venerable-serviteur-de-dieu-vincent-de-paul-livre-troisieme-chapitre-ix\/#primaryimage"},"image":{"@id":"https:\/\/vincentians.com\/fr\/la-vie-du-venerable-serviteur-de-dieu-vincent-de-paul-livre-troisieme-chapitre-ix\/#primaryimage"},"thumbnailUrl":"https:\/\/i0.wp.com\/vincentians.com\/fr\/wp-content\/uploads\/sites\/10\/2016\/07\/abelly-feat.jpg?fit=1200%2C630","datePublished":"2013-12-09T07:19:43+00:00","author":{"@id":"http:\/\/vincentians.com\/fr\/#\/schema\/person\/9623ef4d9aa3b2dfb8c061f1499288f2"},"breadcrumb":{"@id":"https:\/\/vincentians.com\/fr\/la-vie-du-venerable-serviteur-de-dieu-vincent-de-paul-livre-troisieme-chapitre-ix\/#breadcrumb"},"inLanguage":"fr-FR","potentialAction":[{"@type":"ReadAction","target":["https:\/\/vincentians.com\/fr\/la-vie-du-venerable-serviteur-de-dieu-vincent-de-paul-livre-troisieme-chapitre-ix\/"]}]},{"@type":"ImageObject","inLanguage":"fr-FR","@id":"https:\/\/vincentians.com\/fr\/la-vie-du-venerable-serviteur-de-dieu-vincent-de-paul-livre-troisieme-chapitre-ix\/#primaryimage","url":"https:\/\/i0.wp.com\/vincentians.com\/fr\/wp-content\/uploads\/sites\/10\/2016\/07\/abelly-feat.jpg?fit=1200%2C630","contentUrl":"https:\/\/i0.wp.com\/vincentians.com\/fr\/wp-content\/uploads\/sites\/10\/2016\/07\/abelly-feat.jpg?fit=1200%2C630","width":1200,"height":630},{"@type":"BreadcrumbList","@id":"https:\/\/vincentians.com\/fr\/la-vie-du-venerable-serviteur-de-dieu-vincent-de-paul-livre-troisieme-chapitre-ix\/#breadcrumb","itemListElement":[{"@type":"ListItem","position":1,"name":"Portada","item":"http:\/\/vincentians.com\/fr\/"},{"@type":"ListItem","position":2,"name":"La vie du v\u00e9n\u00e9rable serviteur de Dieu Vincent de Paul, Livre troisi\u00e8me, Chapitre IX"}]},{"@type":"WebSite","@id":"http:\/\/vincentians.com\/fr\/#website","url":"http:\/\/vincentians.com\/fr\/","name":"Nous Sommes Vincentiens","description":"Know more to serve more","potentialAction":[{"@type":"SearchAction","target":{"@type":"EntryPoint","urlTemplate":"http:\/\/vincentians.com\/fr\/?s={search_term_string}"},"query-input":{"@type":"PropertyValueSpecification","valueRequired":true,"valueName":"search_term_string"}}],"inLanguage":"fr-FR"},{"@type":"Person","@id":"http:\/\/vincentians.com\/fr\/#\/schema\/person\/9623ef4d9aa3b2dfb8c061f1499288f2","name":"Francisco Javier Fern\u00e1ndez Chento","image":{"@type":"ImageObject","inLanguage":"fr-FR","@id":"http:\/\/vincentians.com\/fr\/#\/schema\/person\/image\/","url":"https:\/\/secure.gravatar.com\/avatar\/497d5cde87b4c3d097d0315953521681ba2cd523ee66e5077c3711f7021e65de?s=96&d=mm&r=g","contentUrl":"https:\/\/secure.gravatar.com\/avatar\/497d5cde87b4c3d097d0315953521681ba2cd523ee66e5077c3711f7021e65de?s=96&d=mm&r=g","caption":"Francisco Javier Fern\u00e1ndez Chento"},"description":"Director General y cofundador de La Red de Formaci\u00f3n Vicenciana. Javier es laico vicenciano, afiliado a la Congregaci\u00f3n de la Misi\u00f3n y miembro del Equipo de Misiones Populares de la provincia can\u00f3nica de Zaragoza (Espa\u00f1a) de la Congregaci\u00f3n de la Misi\u00f3n. Graduado en la Universidad Oberta de Catalunya con cuatro grados (Asistente de direcci\u00f3n, Gesti\u00f3n Administrativa, Recursos Humanos y Contabilidad Avanzada). Bil\u00edng\u00fce Espa\u00f1ol\/Ingl\u00e9s. gestiona y mantiene varias p\u00e1ginas web cristianas y vicencianas, incluida including La Red de Formaci\u00f3n Vicenciana, de la que es cofundador. Actualmente es responsable del \u00e1rea de Espa\u00f1ol de .famvin, la Red de Noticias de la Familia Vicenciana. Tambi\u00e9n es m\u00fasico cat\u00f3lico y ha editado varios discos. Es Director General y cofundador de Trovador, una reconocida compa\u00f1\u00eda discogr\u00e1fica critiana de Espa\u00f1a. Trabaja en las Tecnolog\u00edas de la Informaci\u00f3n, ofreciendo servicios de alojamiento, dise\u00f1o y mantenimiento Web, as\u00ed como asesoramiento, formaci\u00f3n y soluciones inform\u00e1ticas, gesti\u00f3n documental y digitalizaci\u00f3n de textos, edici\u00f3n y maquetaci\u00f3n de libros, revistas, flyers, etc.","sameAs":["http:\/\/chento.org","https:\/\/www.facebook.com\/JavierChento","https:\/\/x.com\/https:\/\/twitter.com\/javierchento"],"url":"http:\/\/vincentians.com\/fr\/author\/chento\/"}]}},"jetpack_publicize_connections":[],"jetpack_featured_media_url":"https:\/\/i0.wp.com\/vincentians.com\/fr\/wp-content\/uploads\/sites\/10\/2016\/07\/abelly-feat.jpg?fit=1200%2C630","jetpack_sharing_enabled":true,"jetpack_shortlink":"https:\/\/wp.me\/p7ETMP-rLz","jetpack-related-posts":[{"id":54289,"url":"http:\/\/vincentians.com\/fr\/le-culte-de-marie-et-lexperience-religieuse-de-m-vincent-de-paul\/","url_meta":{"origin":106737,"position":0},"title":"Le culte de Marie et l&rsquo;experience religieuse de M. Vincent de Paul","author":"Francisco Javier Fern\u00e1ndez Chento","date":"19\/02\/2015","format":false,"excerpt":"\u00abBien s\u00fbr, il est de la famille, pouvaient penser les spirituels du grand si\u00e8cle en regardant passer M. Vincent de Paul: mais c'est un parent pauvre! \u00bb. Plac\u00e9s \u00e1 trois si\u00e8cles de distance, nous sommes tout pr\u00eats \u00e1 reprendre sur un ton majeur cette antienne plaintivement modul\u00e9e. C'est un fait:\u2026","rel":"","context":"Dans &quot;Vincent de Paul&quot;","block_context":{"text":"Vincent de Paul","link":"http:\/\/vincentians.com\/fr\/category\/the-vincentian-family\/founders\/vincent-de-paul\/"},"img":{"alt_text":"","src":"https:\/\/i0.wp.com\/vincentiens.org\/wp-content\/uploads\/2011\/10\/Vincent_de_Paul_and_Virgin_Mary-300x179.jpg?resize=350%2C200","width":350,"height":200},"classes":[]},{"id":56628,"url":"http:\/\/vincentians.com\/fr\/lincarnation-et-noel-avec-saint-vincent\/","url_meta":{"origin":106737,"position":1},"title":"L\u2019incarnation Et No\u00ebl Avec Saint Vincent","author":"Francisco Javier Fern\u00e1ndez Chento","date":"19\/12\/2012","format":false,"excerpt":"La Congr\u00e9gation de la Mission a \u00e9t\u00e9 fond\u00e9e, le 17 avril 1625, \u00abpour honorer le myst\u00e8re de l'Incarnation, la vie et la mort de J\u00e9sus-Christ\u00bb, SV, XIII, 198, et la Bulle qui l'institue canoniquement, le 12 janvier 1633, sp\u00e9cifie qu'elle \u00abhonorera sp\u00e9cialement la tr\u00e8s sainte Trinit\u00e9, le saint myst\u00e8re de\u2026","rel":"","context":"Dans &quot;Vincent de Paul&quot;","block_context":{"text":"Vincent de Paul","link":"http:\/\/vincentians.com\/fr\/category\/the-vincentian-family\/founders\/vincent-de-paul\/"},"img":{"alt_text":"","src":"https:\/\/i0.wp.com\/vincentiens.org\/wp-content\/uploads\/2012\/12\/noel_avec_vincent_01-209x300.jpg?resize=350%2C200","width":350,"height":200},"classes":[]},{"id":107622,"url":"http:\/\/vincentians.com\/fr\/la-devotion-mariale-chez-saint-vincent-de-paul-et-les-pretres-de-la-mission-premiere-periode\/","url_meta":{"origin":106737,"position":2},"title":"La d\u00e9votion mariale chez Saint Vincent de Paul et les Pr\u00eatres de la Mission. Premi\u00e8re p\u00e9riode","author":"Francisco Javier Fern\u00e1ndez Chento","date":"01\/01\/2014","format":false,"excerpt":"La vie mariale de M.\u00a0Vincent se r\u00e9v\u00e8le \u00e0 quiconque, refusant de se laisser \u00e9blouir par l\u2019\u00e9clat de ses \u0153uvres, cherche \u00e0 p\u00e9n\u00e9trer l\u2019un des secrets de sa spiritualit\u00e9, l\u2019esprit de ses fondations apostoliques. La doctrine mariale qu\u2019il professe, la d\u00e9votion qu\u2019il pratique envers la Sainte Vierge, qu\u2019il enseigne \u00e0 ses\u2026","rel":"","context":"Dans &quot;M\u00e9daille Miraculeuse et d\u00e9votion mariale&quot;","block_context":{"text":"M\u00e9daille Miraculeuse et d\u00e9votion mariale","link":"http:\/\/vincentians.com\/fr\/category\/medaille-miraculeuse-et-devotion-mariale\/"},"img":{"alt_text":"crapez","src":"https:\/\/i0.wp.com\/vincentiens.org\/wp-content\/uploads\/2014\/01\/crapez.jpg?resize=350%2C200","width":350,"height":200},"classes":[]},{"id":43995,"url":"http:\/\/vincentians.com\/fr\/saint-vincent-de-paul-maitre-doraison-chapitre-ix\/","url_meta":{"origin":106737,"position":3},"title":"Saint Vincent De Paul, Ma\u00eetre d\u2019Oraison. Chapitre IX","author":"Francisco Javier Fern\u00e1ndez Chento","date":"20\/05\/2015","format":false,"excerpt":"Chapitre IX Consid\u00e9rations et r\u00e9flexions : chois des sujets d\u2019oraison, Mani\u00e8res diverses de m\u00e9diter. Le c\u00f4t\u00e9 proprement psychique du r\u00f4le de l\u2019intelligence dans l\u2019oraison a t\u00e9t l\u2019objet du premier chapitre. Il est inutile de revenir sur ce qu\u2019est la concentration et sur ce qui la distingue d\u2019une connaissance superficielle. Les\u2026","rel":"","context":"Dans &quot;Vincent de Paul&quot;","block_context":{"text":"Vincent de Paul","link":"http:\/\/vincentians.com\/fr\/category\/the-vincentian-family\/founders\/vincent-de-paul\/"},"img":{"alt_text":"","src":"https:\/\/i0.wp.com\/vincentians.com\/fr\/wp-content\/uploads\/sites\/10\/2016\/07\/vincent-maitre-d-oraison.jpg?fit=1200%2C630&resize=350%2C200","width":350,"height":200,"srcset":"https:\/\/i0.wp.com\/vincentians.com\/fr\/wp-content\/uploads\/sites\/10\/2016\/07\/vincent-maitre-d-oraison.jpg?fit=1200%2C630&resize=350%2C200 1x, https:\/\/i0.wp.com\/vincentians.com\/fr\/wp-content\/uploads\/sites\/10\/2016\/07\/vincent-maitre-d-oraison.jpg?fit=1200%2C630&resize=525%2C300 1.5x, https:\/\/i0.wp.com\/vincentians.com\/fr\/wp-content\/uploads\/sites\/10\/2016\/07\/vincent-maitre-d-oraison.jpg?fit=1200%2C630&resize=700%2C400 2x, https:\/\/i0.wp.com\/vincentians.com\/fr\/wp-content\/uploads\/sites\/10\/2016\/07\/vincent-maitre-d-oraison.jpg?fit=1200%2C630&resize=1050%2C600 3x"},"classes":[]},{"id":43860,"url":"http:\/\/vincentians.com\/fr\/saint-vincent-de-paul-maitre-doraison-chapitre-viii\/","url_meta":{"origin":106737,"position":4},"title":"Saint Vincent De Paul, Ma\u00eetre d\u2019Oraison. Chapitre VIII","author":"Francisco Javier Fern\u00e1ndez Chento","date":"19\/05\/2015","format":false,"excerpt":"Chapitre VIII Pr\u00e9parations prochaines et pr\u00e9liminaires imm\u00e9diats Recueillement. \u2013 Choix de l\u2019heure et du lieu. Sommeil et R\u00e9veil. \u2013 Mise en la pr\u00e9sence de Dieu. Comme on l\u2019a vu dans un autre chapitre, la pr\u00e9paration lointaine \u00e0 l\u2019oraison est une sainte vie. Le seul fait d\u2019une existence profond\u00e9ment chr\u00e9tienne prouve\u2026","rel":"","context":"Dans &quot;Vincent de Paul&quot;","block_context":{"text":"Vincent de Paul","link":"http:\/\/vincentians.com\/fr\/category\/the-vincentian-family\/founders\/vincent-de-paul\/"},"img":{"alt_text":"","src":"https:\/\/i0.wp.com\/vincentians.com\/fr\/wp-content\/uploads\/sites\/10\/2016\/07\/vincent-maitre-d-oraison.jpg?fit=1200%2C630&resize=350%2C200","width":350,"height":200,"srcset":"https:\/\/i0.wp.com\/vincentians.com\/fr\/wp-content\/uploads\/sites\/10\/2016\/07\/vincent-maitre-d-oraison.jpg?fit=1200%2C630&resize=350%2C200 1x, https:\/\/i0.wp.com\/vincentians.com\/fr\/wp-content\/uploads\/sites\/10\/2016\/07\/vincent-maitre-d-oraison.jpg?fit=1200%2C630&resize=525%2C300 1.5x, https:\/\/i0.wp.com\/vincentians.com\/fr\/wp-content\/uploads\/sites\/10\/2016\/07\/vincent-maitre-d-oraison.jpg?fit=1200%2C630&resize=700%2C400 2x, https:\/\/i0.wp.com\/vincentians.com\/fr\/wp-content\/uploads\/sites\/10\/2016\/07\/vincent-maitre-d-oraison.jpg?fit=1200%2C630&resize=1050%2C600 3x"},"classes":[]},{"id":52079,"url":"http:\/\/vincentians.com\/fr\/saint-vincent-de-paul-et-sa-mission-sociale-ix-lart-et-la-charite\/","url_meta":{"origin":106737,"position":5},"title":"Saint Vincent De Paul Et Sa Mission Sociale. IX &#8211; L\u2019Art Et La Charit\u00e9","author":"Francisco Javier Fern\u00e1ndez Chento","date":"04\/01\/2015","format":false,"excerpt":"L\u2019art chr\u00e9tien est l\u2019art de la charit\u00e9, puisque la charit\u00e9 est son principe et sa fin. Une \u0153uvre d\u2019art est un acte de l\u2019intelligence et de la volont\u00e9. L\u2019intelligence con\u00e7oit un id\u00e9al que la volont\u00e9 aime et veut manifester ; c\u2019est ainsi que l\u2019homme devient artiste. Son art d\u00e9pend de\u2026","rel":"","context":"Dans &quot;Vincent de Paul&quot;","block_context":{"text":"Vincent de Paul","link":"http:\/\/vincentians.com\/fr\/category\/the-vincentian-family\/founders\/vincent-de-paul\/"},"img":{"alt_text":"","src":"https:\/\/i0.wp.com\/vincentians.com\/fr\/wp-content\/uploads\/sites\/10\/2016\/07\/vincent-et-sa-action-sociale.jpg?fit=1160%2C630&resize=350%2C200","width":350,"height":200,"srcset":"https:\/\/i0.wp.com\/vincentians.com\/fr\/wp-content\/uploads\/sites\/10\/2016\/07\/vincent-et-sa-action-sociale.jpg?fit=1160%2C630&resize=350%2C200 1x, https:\/\/i0.wp.com\/vincentians.com\/fr\/wp-content\/uploads\/sites\/10\/2016\/07\/vincent-et-sa-action-sociale.jpg?fit=1160%2C630&resize=525%2C300 1.5x, https:\/\/i0.wp.com\/vincentians.com\/fr\/wp-content\/uploads\/sites\/10\/2016\/07\/vincent-et-sa-action-sociale.jpg?fit=1160%2C630&resize=700%2C400 2x, https:\/\/i0.wp.com\/vincentians.com\/fr\/wp-content\/uploads\/sites\/10\/2016\/07\/vincent-et-sa-action-sociale.jpg?fit=1160%2C630&resize=1050%2C600 3x"},"classes":[]}],"_links":{"self":[{"href":"http:\/\/vincentians.com\/fr\/wp-json\/wp\/v2\/posts\/106737","targetHints":{"allow":["GET"]}}],"collection":[{"href":"http:\/\/vincentians.com\/fr\/wp-json\/wp\/v2\/posts"}],"about":[{"href":"http:\/\/vincentians.com\/fr\/wp-json\/wp\/v2\/types\/post"}],"author":[{"embeddable":true,"href":"http:\/\/vincentians.com\/fr\/wp-json\/wp\/v2\/users\/4"}],"replies":[{"embeddable":true,"href":"http:\/\/vincentians.com\/fr\/wp-json\/wp\/v2\/comments?post=106737"}],"version-history":[{"count":0,"href":"http:\/\/vincentians.com\/fr\/wp-json\/wp\/v2\/posts\/106737\/revisions"}],"wp:featuredmedia":[{"embeddable":true,"href":"http:\/\/vincentians.com\/fr\/wp-json\/wp\/v2\/media\/149583"}],"wp:attachment":[{"href":"http:\/\/vincentians.com\/fr\/wp-json\/wp\/v2\/media?parent=106737"}],"wp:term":[{"taxonomy":"category","embeddable":true,"href":"http:\/\/vincentians.com\/fr\/wp-json\/wp\/v2\/categories?post=106737"},{"taxonomy":"post_tag","embeddable":true,"href":"http:\/\/vincentians.com\/fr\/wp-json\/wp\/v2\/tags?post=106737"}],"curies":[{"name":"wp","href":"https:\/\/api.w.org\/{rel}","templated":true}]}}