{"id":106712,"date":"2013-11-26T01:19:43","date_gmt":"2013-11-26T00:19:43","guid":{"rendered":"http:\/\/vincentiens.org\/?p=106712"},"modified":"2013-11-26T01:19:43","modified_gmt":"2013-11-26T00:19:43","slug":"la-vie-du-venerable-serviteur-de-dieu-vincent-de-paul-livre-troisieme-preface","status":"publish","type":"post","link":"http:\/\/vincentians.com\/fr\/la-vie-du-venerable-serviteur-de-dieu-vincent-de-paul-livre-troisieme-preface\/","title":{"rendered":"La vie du v\u00e9n\u00e9rable serviteur de Dieu Vincent de Paul, Livre troisi\u00e8me, Pr\u00e9face"},"content":{"rendered":"<h2>Pr\u00e9face<\/h2>\n<p>Bien que nous ayons d\u00e9j\u00e0 parl\u00e9 assez amplement des vertus de M. Vincent dans les deux premiers livres, qui contiennent le r\u00e9cit de sa vie et de ses principales \u0153uvres; on peut dire en effet, avec v\u00e9rit\u00e9, que toute sa vie n&rsquo;a \u00e9t\u00e9 qu&rsquo;un tissu de toutes sortes de vertus, qui ont form\u00e9 et anim\u00e9 ses plus importants emplois et ses plus belles actions. Il nous reste n\u00e9anmoins tant de choses a dire sur ce sujet, et il y a encore tant de pi\u00e8ces excellentes qui n&rsquo;ont pu \u00eatre convenablement plac\u00e9es en aucun endroit de cet ouvrage, que nous avons jug\u00e9 n\u00e9cessaire d&rsquo;ajouter ce troisi\u00e8me livre aux deux pr\u00e9c\u00e9dents; nous y ferons voir plus en particulier les vertus de ce saint homme, c&rsquo;est-\u00e0-dire les sentiments qu&rsquo;il en a t\u00e9moign\u00e9s et la pratique qu&rsquo;il en a faite; d&rsquo;o\u00f9 le lecteur pourra tirer beaucoup de lumi\u00e8res pour sa propre \u00e9dification&rsquo;. Il y a donc sujet d&rsquo;esp\u00e9rer que ce troisi\u00e8me et dernier livre ne sera pas moins agr\u00e9able et utile au lecteur d\u00e9sireux de sa perfection que les deux pr\u00e9c\u00e9dents, puisque un des principaux fruits qu&rsquo;il doit recueillir de la lecture de cet ouvrage, apr\u00e8s la louange qu&rsquo;il est juste de rendre \u00e0 Dieu de toutes les gr\u00e2ces qu&rsquo;il a faites \u00e0 son fid\u00e8le serviteur Vincent de Paul, et par lui a son \u00c9glise, est de s&rsquo;exciter et animer \u00e0 la pratique des vertus dont il verra ici les motifs et les exemples.<\/p>\n<p>Car l&rsquo;imitation des saints est, en effet, un des principaux devoirs que la pi\u00e9t\u00e9 nous oblige de leur rendre, et un des fruits les plus salutaires que le souvenir de leurs vertus doit produire dans nos c\u0153urs: autrement nous aurions raison d&rsquo;appr\u00e9hender que ce ne f\u00fbt pour nous un sujet de confusion et m\u00eame de condamnation, si, ayant devant nos yeux de si parfaits exemplaires, nous ne t\u00e2chions de nous y conformer, et si, voyant le sentier par lequel ces grands personnages ont march\u00e9 pour aller \u00e0 Dieu, nous n&rsquo;avions pas le courage d&rsquo;y entrer pour les suivre.<\/p>\n<p>C&rsquo;est pourquoi le pieux lecteur, qui d\u00e9sire profiter de cette lecture, se souviendra de faire une petite r\u00e9flexion sur lui-m\u00eame a la fin de chaque chapitre de ce troisi\u00e8me livre, et de voir ce qui lui manque de la vertu dont il y est parl\u00e9, et ce que Dieu demande de lui, selon son \u00e9tat et ses dispositions tant int\u00e9rieures qu&rsquo;ext\u00e9rieures; et apr\u00e8s avoir form\u00e9 l\u00e0-dessus de bonnes r\u00e9solutions dans son coeur, il invoquera le secours de la divine mis\u00e9ricorde, afin qu&rsquo;elle les lui fasse accomplir.<\/p>\n<p>Le grand saint J\u00e9r\u00f4me \u00e9crivant la vie de sainte Paule, invoquait (comme il le d\u00e9clare lui-m\u00eame) l&rsquo;ange gardien de cette sainte; et il ne saurait \u00eatre que tr\u00e8s utile, \u00e0 ceux qui liront la vie de Vincent de Paul, d&rsquo;implorer l&rsquo;intercession du bienheureux esprit que Dieu lui avait donn\u00e9 pour protecteur, et qui l&rsquo;a soutenu, assist\u00e9 et fortifi\u00e9 dans toutes ces excellentes pratiques; afin qu&rsquo;il leur obtienne les gr\u00e2ces et les forces n\u00e9cessaires pour suivre ce grand serviteur de Dieu dans cette lice des vertus o\u00f9 il a march\u00e9 \u00e0 pas de g\u00e9ant, et pour parvenir un jour au terme o\u00f9 il y a grande raison de croire qu&rsquo;il est heureusement arriv\u00e9, et qui n&rsquo;est autre que la possession et jouissance d&rsquo;une gloire et d&rsquo;une f\u00e9licit\u00e9 qui n&rsquo;aura jamais de fin.<\/p>\n","protected":false},"excerpt":{"rendered":"<p>Pr\u00e9face Bien que nous ayons d\u00e9j\u00e0 parl\u00e9 assez amplement des vertus de M. Vincent dans les deux premiers livres, qui contiennent le r\u00e9cit de sa vie et de ses principales \u0153uvres; on peut dire en &#8230; <a href=\"http:\/\/vincentians.com\/fr\/la-vie-du-venerable-serviteur-de-dieu-vincent-de-paul-livre-troisieme-preface\/\" class=\"more-link\">Read More<\/a><\/p>\n","protected":false},"author":4,"featured_media":149583,"comment_status":"open","ping_status":"open","sticky":false,"template":"","format":"standard","meta":{"jetpack_post_was_ever_published":false,"_jetpack_newsletter_access":"","_jetpack_dont_email_post_to_subs":false,"_jetpack_newsletter_tier_id":0,"_jetpack_memberships_contains_paywalled_content":false,"_jetpack_memberships_contains_paid_content":false,"footnotes":"","jetpack_publicize_message":"","jetpack_publicize_feature_enabled":true,"jetpack_social_post_already_shared":true,"jetpack_social_options":{"image_generator_settings":{"template":"highway","default_image_id":0,"font":"","enabled":false},"version":2}},"categories":[5],"tags":[],"class_list":["post-106712","post","type-post","status-publish","format-standard","has-post-thumbnail","hentry","category-vincent-de-paul"],"yoast_head":"<!-- This site is optimized with the Yoast SEO plugin v26.3 - https:\/\/yoast.com\/wordpress\/plugins\/seo\/ -->\n<title>La vie du v\u00e9n\u00e9rable serviteur de Dieu Vincent de Paul, Livre troisi\u00e8me, Pr\u00e9face - Nous Sommes Vincentiens<\/title>\n<meta name=\"robots\" content=\"index, follow, max-snippet:-1, max-image-preview:large, max-video-preview:-1\" \/>\n<link rel=\"canonical\" href=\"http:\/\/vincentians.com\/fr\/la-vie-du-venerable-serviteur-de-dieu-vincent-de-paul-livre-troisieme-preface\/\" \/>\n<meta property=\"og:locale\" content=\"fr_FR\" \/>\n<meta property=\"og:type\" content=\"article\" \/>\n<meta property=\"og:title\" content=\"La vie du v\u00e9n\u00e9rable serviteur de Dieu Vincent de Paul, Livre troisi\u00e8me, Pr\u00e9face - Nous Sommes Vincentiens\" \/>\n<meta property=\"og:description\" content=\"Pr\u00e9face Bien que nous ayons d\u00e9j\u00e0 parl\u00e9 assez amplement des vertus de M. Vincent dans les deux premiers livres, qui contiennent le r\u00e9cit de sa vie et de ses principales \u0153uvres; on peut dire en ... Read More\" \/>\n<meta property=\"og:url\" content=\"http:\/\/vincentians.com\/fr\/la-vie-du-venerable-serviteur-de-dieu-vincent-de-paul-livre-troisieme-preface\/\" \/>\n<meta property=\"og:site_name\" content=\"Nous Sommes Vincentiens\" \/>\n<meta property=\"article:publisher\" content=\"https:\/\/www.facebook.com\/WeAreVincentians\/\" \/>\n<meta property=\"article:author\" content=\"https:\/\/www.facebook.com\/JavierChento\" \/>\n<meta property=\"article:published_time\" content=\"2013-11-26T00:19:43+00:00\" \/>\n<meta property=\"og:image\" content=\"https:\/\/i0.wp.com\/vincentians.com\/fr\/wp-content\/uploads\/sites\/10\/2016\/07\/abelly-feat.jpg?fit=1200%2C630\" \/>\n\t<meta property=\"og:image:width\" content=\"1200\" \/>\n\t<meta property=\"og:image:height\" content=\"630\" \/>\n\t<meta property=\"og:image:type\" content=\"image\/jpeg\" \/>\n<meta name=\"author\" content=\"Francisco Javier Fern\u00e1ndez Chento\" \/>\n<meta name=\"twitter:card\" content=\"summary_large_image\" \/>\n<meta name=\"twitter:creator\" content=\"@https:\/\/twitter.com\/javierchento\" \/>\n<meta name=\"twitter:site\" content=\"@WeVincentians\" \/>\n<meta name=\"twitter:label1\" content=\"\u00c9crit par\" \/>\n\t<meta name=\"twitter:data1\" content=\"Francisco Javier Fern\u00e1ndez Chento\" \/>\n\t<meta name=\"twitter:label2\" content=\"Dur\u00e9e de lecture estim\u00e9e\" \/>\n\t<meta name=\"twitter:data2\" content=\"3 minutes\" \/>\n<script type=\"application\/ld+json\" class=\"yoast-schema-graph\">{\"@context\":\"https:\/\/schema.org\",\"@graph\":[{\"@type\":\"WebPage\",\"@id\":\"http:\/\/vincentians.com\/fr\/la-vie-du-venerable-serviteur-de-dieu-vincent-de-paul-livre-troisieme-preface\/\",\"url\":\"http:\/\/vincentians.com\/fr\/la-vie-du-venerable-serviteur-de-dieu-vincent-de-paul-livre-troisieme-preface\/\",\"name\":\"La vie du v\u00e9n\u00e9rable serviteur de Dieu Vincent de Paul, Livre troisi\u00e8me, Pr\u00e9face - Nous Sommes Vincentiens\",\"isPartOf\":{\"@id\":\"http:\/\/vincentians.com\/fr\/#website\"},\"primaryImageOfPage\":{\"@id\":\"http:\/\/vincentians.com\/fr\/la-vie-du-venerable-serviteur-de-dieu-vincent-de-paul-livre-troisieme-preface\/#primaryimage\"},\"image\":{\"@id\":\"http:\/\/vincentians.com\/fr\/la-vie-du-venerable-serviteur-de-dieu-vincent-de-paul-livre-troisieme-preface\/#primaryimage\"},\"thumbnailUrl\":\"https:\/\/i0.wp.com\/vincentians.com\/fr\/wp-content\/uploads\/sites\/10\/2016\/07\/abelly-feat.jpg?fit=1200%2C630\",\"datePublished\":\"2013-11-26T00:19:43+00:00\",\"author\":{\"@id\":\"http:\/\/vincentians.com\/fr\/#\/schema\/person\/9623ef4d9aa3b2dfb8c061f1499288f2\"},\"breadcrumb\":{\"@id\":\"http:\/\/vincentians.com\/fr\/la-vie-du-venerable-serviteur-de-dieu-vincent-de-paul-livre-troisieme-preface\/#breadcrumb\"},\"inLanguage\":\"fr-FR\",\"potentialAction\":[{\"@type\":\"ReadAction\",\"target\":[\"http:\/\/vincentians.com\/fr\/la-vie-du-venerable-serviteur-de-dieu-vincent-de-paul-livre-troisieme-preface\/\"]}]},{\"@type\":\"ImageObject\",\"inLanguage\":\"fr-FR\",\"@id\":\"http:\/\/vincentians.com\/fr\/la-vie-du-venerable-serviteur-de-dieu-vincent-de-paul-livre-troisieme-preface\/#primaryimage\",\"url\":\"https:\/\/i0.wp.com\/vincentians.com\/fr\/wp-content\/uploads\/sites\/10\/2016\/07\/abelly-feat.jpg?fit=1200%2C630\",\"contentUrl\":\"https:\/\/i0.wp.com\/vincentians.com\/fr\/wp-content\/uploads\/sites\/10\/2016\/07\/abelly-feat.jpg?fit=1200%2C630\",\"width\":1200,\"height\":630},{\"@type\":\"BreadcrumbList\",\"@id\":\"http:\/\/vincentians.com\/fr\/la-vie-du-venerable-serviteur-de-dieu-vincent-de-paul-livre-troisieme-preface\/#breadcrumb\",\"itemListElement\":[{\"@type\":\"ListItem\",\"position\":1,\"name\":\"Portada\",\"item\":\"http:\/\/vincentians.com\/fr\/\"},{\"@type\":\"ListItem\",\"position\":2,\"name\":\"La vie du v\u00e9n\u00e9rable serviteur de Dieu Vincent de Paul, Livre troisi\u00e8me, Pr\u00e9face\"}]},{\"@type\":\"WebSite\",\"@id\":\"http:\/\/vincentians.com\/fr\/#website\",\"url\":\"http:\/\/vincentians.com\/fr\/\",\"name\":\"Nous Sommes Vincentiens\",\"description\":\"Know more to serve more\",\"potentialAction\":[{\"@type\":\"SearchAction\",\"target\":{\"@type\":\"EntryPoint\",\"urlTemplate\":\"http:\/\/vincentians.com\/fr\/?s={search_term_string}\"},\"query-input\":{\"@type\":\"PropertyValueSpecification\",\"valueRequired\":true,\"valueName\":\"search_term_string\"}}],\"inLanguage\":\"fr-FR\"},{\"@type\":\"Person\",\"@id\":\"http:\/\/vincentians.com\/fr\/#\/schema\/person\/9623ef4d9aa3b2dfb8c061f1499288f2\",\"name\":\"Francisco Javier Fern\u00e1ndez Chento\",\"image\":{\"@type\":\"ImageObject\",\"inLanguage\":\"fr-FR\",\"@id\":\"http:\/\/vincentians.com\/fr\/#\/schema\/person\/image\/\",\"url\":\"https:\/\/secure.gravatar.com\/avatar\/497d5cde87b4c3d097d0315953521681ba2cd523ee66e5077c3711f7021e65de?s=96&d=mm&r=g\",\"contentUrl\":\"https:\/\/secure.gravatar.com\/avatar\/497d5cde87b4c3d097d0315953521681ba2cd523ee66e5077c3711f7021e65de?s=96&d=mm&r=g\",\"caption\":\"Francisco Javier Fern\u00e1ndez Chento\"},\"description\":\"Director General y cofundador de La Red de Formaci\u00f3n Vicenciana. Javier es laico vicenciano, afiliado a la Congregaci\u00f3n de la Misi\u00f3n y miembro del Equipo de Misiones Populares de la provincia can\u00f3nica de Zaragoza (Espa\u00f1a) de la Congregaci\u00f3n de la Misi\u00f3n. Graduado en la Universidad Oberta de Catalunya con cuatro grados (Asistente de direcci\u00f3n, Gesti\u00f3n Administrativa, Recursos Humanos y Contabilidad Avanzada). Bil\u00edng\u00fce Espa\u00f1ol\/Ingl\u00e9s. gestiona y mantiene varias p\u00e1ginas web cristianas y vicencianas, incluida including La Red de Formaci\u00f3n Vicenciana, de la que es cofundador. Actualmente es responsable del \u00e1rea de Espa\u00f1ol de .famvin, la Red de Noticias de la Familia Vicenciana. Tambi\u00e9n es m\u00fasico cat\u00f3lico y ha editado varios discos. Es Director General y cofundador de Trovador, una reconocida compa\u00f1\u00eda discogr\u00e1fica critiana de Espa\u00f1a. Trabaja en las Tecnolog\u00edas de la Informaci\u00f3n, ofreciendo servicios de alojamiento, dise\u00f1o y mantenimiento Web, as\u00ed como asesoramiento, formaci\u00f3n y soluciones inform\u00e1ticas, gesti\u00f3n documental y digitalizaci\u00f3n de textos, edici\u00f3n y maquetaci\u00f3n de libros, revistas, flyers, etc.\",\"sameAs\":[\"http:\/\/chento.org\",\"https:\/\/www.facebook.com\/JavierChento\",\"https:\/\/x.com\/https:\/\/twitter.com\/javierchento\"],\"url\":\"http:\/\/vincentians.com\/fr\/author\/chento\/\"}]}<\/script>\n<!-- \/ Yoast SEO plugin. -->","yoast_head_json":{"title":"La vie du v\u00e9n\u00e9rable serviteur de Dieu Vincent de Paul, Livre troisi\u00e8me, Pr\u00e9face - Nous Sommes Vincentiens","robots":{"index":"index","follow":"follow","max-snippet":"max-snippet:-1","max-image-preview":"max-image-preview:large","max-video-preview":"max-video-preview:-1"},"canonical":"http:\/\/vincentians.com\/fr\/la-vie-du-venerable-serviteur-de-dieu-vincent-de-paul-livre-troisieme-preface\/","og_locale":"fr_FR","og_type":"article","og_title":"La vie du v\u00e9n\u00e9rable serviteur de Dieu Vincent de Paul, Livre troisi\u00e8me, Pr\u00e9face - Nous Sommes Vincentiens","og_description":"Pr\u00e9face Bien que nous ayons d\u00e9j\u00e0 parl\u00e9 assez amplement des vertus de M. Vincent dans les deux premiers livres, qui contiennent le r\u00e9cit de sa vie et de ses principales \u0153uvres; on peut dire en ... Read More","og_url":"http:\/\/vincentians.com\/fr\/la-vie-du-venerable-serviteur-de-dieu-vincent-de-paul-livre-troisieme-preface\/","og_site_name":"Nous Sommes Vincentiens","article_publisher":"https:\/\/www.facebook.com\/WeAreVincentians\/","article_author":"https:\/\/www.facebook.com\/JavierChento","article_published_time":"2013-11-26T00:19:43+00:00","og_image":[{"width":1200,"height":630,"url":"https:\/\/i0.wp.com\/vincentians.com\/fr\/wp-content\/uploads\/sites\/10\/2016\/07\/abelly-feat.jpg?fit=1200%2C630","type":"image\/jpeg"}],"author":"Francisco Javier Fern\u00e1ndez Chento","twitter_card":"summary_large_image","twitter_creator":"@https:\/\/twitter.com\/javierchento","twitter_site":"@WeVincentians","twitter_misc":{"\u00c9crit par":"Francisco Javier Fern\u00e1ndez Chento","Dur\u00e9e de lecture estim\u00e9e":"3 minutes"},"schema":{"@context":"https:\/\/schema.org","@graph":[{"@type":"WebPage","@id":"http:\/\/vincentians.com\/fr\/la-vie-du-venerable-serviteur-de-dieu-vincent-de-paul-livre-troisieme-preface\/","url":"http:\/\/vincentians.com\/fr\/la-vie-du-venerable-serviteur-de-dieu-vincent-de-paul-livre-troisieme-preface\/","name":"La vie du v\u00e9n\u00e9rable serviteur de Dieu Vincent de Paul, Livre troisi\u00e8me, Pr\u00e9face - Nous Sommes Vincentiens","isPartOf":{"@id":"http:\/\/vincentians.com\/fr\/#website"},"primaryImageOfPage":{"@id":"http:\/\/vincentians.com\/fr\/la-vie-du-venerable-serviteur-de-dieu-vincent-de-paul-livre-troisieme-preface\/#primaryimage"},"image":{"@id":"http:\/\/vincentians.com\/fr\/la-vie-du-venerable-serviteur-de-dieu-vincent-de-paul-livre-troisieme-preface\/#primaryimage"},"thumbnailUrl":"https:\/\/i0.wp.com\/vincentians.com\/fr\/wp-content\/uploads\/sites\/10\/2016\/07\/abelly-feat.jpg?fit=1200%2C630","datePublished":"2013-11-26T00:19:43+00:00","author":{"@id":"http:\/\/vincentians.com\/fr\/#\/schema\/person\/9623ef4d9aa3b2dfb8c061f1499288f2"},"breadcrumb":{"@id":"http:\/\/vincentians.com\/fr\/la-vie-du-venerable-serviteur-de-dieu-vincent-de-paul-livre-troisieme-preface\/#breadcrumb"},"inLanguage":"fr-FR","potentialAction":[{"@type":"ReadAction","target":["http:\/\/vincentians.com\/fr\/la-vie-du-venerable-serviteur-de-dieu-vincent-de-paul-livre-troisieme-preface\/"]}]},{"@type":"ImageObject","inLanguage":"fr-FR","@id":"http:\/\/vincentians.com\/fr\/la-vie-du-venerable-serviteur-de-dieu-vincent-de-paul-livre-troisieme-preface\/#primaryimage","url":"https:\/\/i0.wp.com\/vincentians.com\/fr\/wp-content\/uploads\/sites\/10\/2016\/07\/abelly-feat.jpg?fit=1200%2C630","contentUrl":"https:\/\/i0.wp.com\/vincentians.com\/fr\/wp-content\/uploads\/sites\/10\/2016\/07\/abelly-feat.jpg?fit=1200%2C630","width":1200,"height":630},{"@type":"BreadcrumbList","@id":"http:\/\/vincentians.com\/fr\/la-vie-du-venerable-serviteur-de-dieu-vincent-de-paul-livre-troisieme-preface\/#breadcrumb","itemListElement":[{"@type":"ListItem","position":1,"name":"Portada","item":"http:\/\/vincentians.com\/fr\/"},{"@type":"ListItem","position":2,"name":"La vie du v\u00e9n\u00e9rable serviteur de Dieu Vincent de Paul, Livre troisi\u00e8me, Pr\u00e9face"}]},{"@type":"WebSite","@id":"http:\/\/vincentians.com\/fr\/#website","url":"http:\/\/vincentians.com\/fr\/","name":"Nous Sommes Vincentiens","description":"Know more to serve more","potentialAction":[{"@type":"SearchAction","target":{"@type":"EntryPoint","urlTemplate":"http:\/\/vincentians.com\/fr\/?s={search_term_string}"},"query-input":{"@type":"PropertyValueSpecification","valueRequired":true,"valueName":"search_term_string"}}],"inLanguage":"fr-FR"},{"@type":"Person","@id":"http:\/\/vincentians.com\/fr\/#\/schema\/person\/9623ef4d9aa3b2dfb8c061f1499288f2","name":"Francisco Javier Fern\u00e1ndez Chento","image":{"@type":"ImageObject","inLanguage":"fr-FR","@id":"http:\/\/vincentians.com\/fr\/#\/schema\/person\/image\/","url":"https:\/\/secure.gravatar.com\/avatar\/497d5cde87b4c3d097d0315953521681ba2cd523ee66e5077c3711f7021e65de?s=96&d=mm&r=g","contentUrl":"https:\/\/secure.gravatar.com\/avatar\/497d5cde87b4c3d097d0315953521681ba2cd523ee66e5077c3711f7021e65de?s=96&d=mm&r=g","caption":"Francisco Javier Fern\u00e1ndez Chento"},"description":"Director General y cofundador de La Red de Formaci\u00f3n Vicenciana. Javier es laico vicenciano, afiliado a la Congregaci\u00f3n de la Misi\u00f3n y miembro del Equipo de Misiones Populares de la provincia can\u00f3nica de Zaragoza (Espa\u00f1a) de la Congregaci\u00f3n de la Misi\u00f3n. Graduado en la Universidad Oberta de Catalunya con cuatro grados (Asistente de direcci\u00f3n, Gesti\u00f3n Administrativa, Recursos Humanos y Contabilidad Avanzada). Bil\u00edng\u00fce Espa\u00f1ol\/Ingl\u00e9s. gestiona y mantiene varias p\u00e1ginas web cristianas y vicencianas, incluida including La Red de Formaci\u00f3n Vicenciana, de la que es cofundador. Actualmente es responsable del \u00e1rea de Espa\u00f1ol de .famvin, la Red de Noticias de la Familia Vicenciana. Tambi\u00e9n es m\u00fasico cat\u00f3lico y ha editado varios discos. Es Director General y cofundador de Trovador, una reconocida compa\u00f1\u00eda discogr\u00e1fica critiana de Espa\u00f1a. Trabaja en las Tecnolog\u00edas de la Informaci\u00f3n, ofreciendo servicios de alojamiento, dise\u00f1o y mantenimiento Web, as\u00ed como asesoramiento, formaci\u00f3n y soluciones inform\u00e1ticas, gesti\u00f3n documental y digitalizaci\u00f3n de textos, edici\u00f3n y maquetaci\u00f3n de libros, revistas, flyers, etc.","sameAs":["http:\/\/chento.org","https:\/\/www.facebook.com\/JavierChento","https:\/\/x.com\/https:\/\/twitter.com\/javierchento"],"url":"http:\/\/vincentians.com\/fr\/author\/chento\/"}]}},"jetpack_publicize_connections":[],"jetpack_featured_media_url":"https:\/\/i0.wp.com\/vincentians.com\/fr\/wp-content\/uploads\/sites\/10\/2016\/07\/abelly-feat.jpg?fit=1200%2C630","jetpack_sharing_enabled":true,"jetpack_shortlink":"https:\/\/wp.me\/p7ETMP-rLa","jetpack-related-posts":[{"id":106007,"url":"http:\/\/vincentians.com\/fr\/la-vie-du-venerable-serviteur-de-dieu-vincent-de-paul-livre-second-preface\/","url_meta":{"origin":106712,"position":0},"title":"La vie du v\u00e9n\u00e9rable serviteur de Dieu Vincent de Paul, Livre second, Pr\u00e9face","author":"Francisco Javier Fern\u00e1ndez Chento","date":"03\/03\/2013","format":false,"excerpt":"Pr\u00e9face Quoique dans le premier livre nous ayons parl\u00e9 des grandes \u0153uvres dans lesquelles M. Vincent a signal\u00e9 sa vertu et son z\u00e8le, nous ne l'avons pu faire toutefois que fort succinctement, pour ne pas interrompre par des digressions trop fr\u00e9quentes et trop \u00e9tendues la suite de la vie de\u2026","rel":"","context":"Dans &quot;Vincent de Paul&quot;","block_context":{"text":"Vincent de Paul","link":"http:\/\/vincentians.com\/fr\/category\/the-vincentian-family\/founders\/vincent-de-paul\/"},"img":{"alt_text":"","src":"https:\/\/i0.wp.com\/vincentians.com\/fr\/wp-content\/uploads\/sites\/10\/2016\/07\/abelly-feat.jpg?fit=1200%2C630&resize=350%2C200","width":350,"height":200,"srcset":"https:\/\/i0.wp.com\/vincentians.com\/fr\/wp-content\/uploads\/sites\/10\/2016\/07\/abelly-feat.jpg?fit=1200%2C630&resize=350%2C200 1x, https:\/\/i0.wp.com\/vincentians.com\/fr\/wp-content\/uploads\/sites\/10\/2016\/07\/abelly-feat.jpg?fit=1200%2C630&resize=525%2C300 1.5x, https:\/\/i0.wp.com\/vincentians.com\/fr\/wp-content\/uploads\/sites\/10\/2016\/07\/abelly-feat.jpg?fit=1200%2C630&resize=700%2C400 2x, https:\/\/i0.wp.com\/vincentians.com\/fr\/wp-content\/uploads\/sites\/10\/2016\/07\/abelly-feat.jpg?fit=1200%2C630&resize=1050%2C600 3x"},"classes":[]},{"id":42756,"url":"http:\/\/vincentians.com\/fr\/saint-vincent-de-paul-maitre-doraison-lettre-preface\/","url_meta":{"origin":106712,"position":1},"title":"Saint Vincent De Paul, Ma\u00eetre d\u2019Oraison. Lettre pr\u00e9face","author":"Francisco Javier Fern\u00e1ndez Chento","date":"10\/05\/2015","format":false,"excerpt":"Paris, le 7 octobre 1928 MON CHER ABB\u00c9, Ecrivant le 8 avril 1933 \u00e0 M. Coste, pr\u00eatre de la Mission, \u00e9diteur des entretiens de saint Vincent, c'est \u00e0 savoir : les conf\u00e9rences aux missionnaires et aux Filles de la Charit\u00e9, les r\u00e9p\u00e9titions d\u2019oraison, les conseils, avis et lignes de conduite,\u2026","rel":"","context":"Dans &quot;Vincent de Paul&quot;","block_context":{"text":"Vincent de Paul","link":"http:\/\/vincentians.com\/fr\/category\/the-vincentian-family\/founders\/vincent-de-paul\/"},"img":{"alt_text":"","src":"https:\/\/i0.wp.com\/vincentians.com\/fr\/wp-content\/uploads\/sites\/10\/2016\/07\/vincent-maitre-d-oraison.jpg?fit=1200%2C630&resize=350%2C200","width":350,"height":200,"srcset":"https:\/\/i0.wp.com\/vincentians.com\/fr\/wp-content\/uploads\/sites\/10\/2016\/07\/vincent-maitre-d-oraison.jpg?fit=1200%2C630&resize=350%2C200 1x, https:\/\/i0.wp.com\/vincentians.com\/fr\/wp-content\/uploads\/sites\/10\/2016\/07\/vincent-maitre-d-oraison.jpg?fit=1200%2C630&resize=525%2C300 1.5x, https:\/\/i0.wp.com\/vincentians.com\/fr\/wp-content\/uploads\/sites\/10\/2016\/07\/vincent-maitre-d-oraison.jpg?fit=1200%2C630&resize=700%2C400 2x, https:\/\/i0.wp.com\/vincentians.com\/fr\/wp-content\/uploads\/sites\/10\/2016\/07\/vincent-maitre-d-oraison.jpg?fit=1200%2C630&resize=1050%2C600 3x"},"classes":[]},{"id":106710,"url":"http:\/\/vincentians.com\/fr\/la-vie-du-venerable-serviteur-de-dieu-vincent-de-paul-livre-troisieme-chapitre-i\/","url_meta":{"origin":106712,"position":2},"title":"La vie du v\u00e9n\u00e9rable serviteur de Dieu Vincent de Paul, Livre troisi\u00e8me, Chapitre I","author":"Francisco Javier Fern\u00e1ndez Chento","date":"27\/11\/2013","format":false,"excerpt":"Chapitre premier: Observations G\u00e9n\u00e9rales sur les vertus de Monsieur Vincent. Avant que de descendre au particulier des vertus de M. Vincent, nous avons jug\u00e9 n\u00e9cessaire de faire quelques observations sur quatre ou cinq circonstances remarquables qui ont beaucoup contribu\u00e9 a leur perfection. Premi\u00e8rement, M. Vincent n'a rien recherch\u00e9 ni affect\u00e9\u2026","rel":"","context":"Dans &quot;Vincent de Paul&quot;","block_context":{"text":"Vincent de Paul","link":"http:\/\/vincentians.com\/fr\/category\/the-vincentian-family\/founders\/vincent-de-paul\/"},"img":{"alt_text":"","src":"https:\/\/i0.wp.com\/vincentians.com\/fr\/wp-content\/uploads\/sites\/10\/2016\/07\/abelly-feat.jpg?fit=1200%2C630&resize=350%2C200","width":350,"height":200,"srcset":"https:\/\/i0.wp.com\/vincentians.com\/fr\/wp-content\/uploads\/sites\/10\/2016\/07\/abelly-feat.jpg?fit=1200%2C630&resize=350%2C200 1x, https:\/\/i0.wp.com\/vincentians.com\/fr\/wp-content\/uploads\/sites\/10\/2016\/07\/abelly-feat.jpg?fit=1200%2C630&resize=525%2C300 1.5x, https:\/\/i0.wp.com\/vincentians.com\/fr\/wp-content\/uploads\/sites\/10\/2016\/07\/abelly-feat.jpg?fit=1200%2C630&resize=700%2C400 2x, https:\/\/i0.wp.com\/vincentians.com\/fr\/wp-content\/uploads\/sites\/10\/2016\/07\/abelly-feat.jpg?fit=1200%2C630&resize=1050%2C600 3x"},"classes":[]},{"id":52061,"url":"http:\/\/vincentians.com\/fr\/saint-vincent-de-paul-et-sa-mission-sociale-iv-le-saint\/","url_meta":{"origin":106712,"position":3},"title":"Saint Vincent De Paul Et Sa Mission Sociale. IV &#8211; Le Saint","author":"Francisco Javier Fern\u00e1ndez Chento","date":"28\/12\/2014","format":false,"excerpt":"La charit\u00e9 ; ses sources, ses effets. \u2014 Foi, humilit\u00e9, douceur de Vincent de Paul. \u2014 Traits de ses vertus. \u2014 Les miracles. \u2014 La vision des deux globes. \u2014 La journ\u00e9e de Vincent ; occupations et aust\u00e9rit\u00e9s. \u2014 Les derniers temps de sa vie. \u2014 Mort et canonisation. \u2014\u2026","rel":"","context":"Dans &quot;Vincent de Paul&quot;","block_context":{"text":"Vincent de Paul","link":"http:\/\/vincentians.com\/fr\/category\/the-vincentian-family\/founders\/vincent-de-paul\/"},"img":{"alt_text":"","src":"https:\/\/i0.wp.com\/vincentians.com\/fr\/wp-content\/uploads\/sites\/10\/2016\/07\/vincent-et-sa-action-sociale.jpg?fit=1160%2C630&resize=350%2C200","width":350,"height":200,"srcset":"https:\/\/i0.wp.com\/vincentians.com\/fr\/wp-content\/uploads\/sites\/10\/2016\/07\/vincent-et-sa-action-sociale.jpg?fit=1160%2C630&resize=350%2C200 1x, https:\/\/i0.wp.com\/vincentians.com\/fr\/wp-content\/uploads\/sites\/10\/2016\/07\/vincent-et-sa-action-sociale.jpg?fit=1160%2C630&resize=525%2C300 1.5x, https:\/\/i0.wp.com\/vincentians.com\/fr\/wp-content\/uploads\/sites\/10\/2016\/07\/vincent-et-sa-action-sociale.jpg?fit=1160%2C630&resize=700%2C400 2x, https:\/\/i0.wp.com\/vincentians.com\/fr\/wp-content\/uploads\/sites\/10\/2016\/07\/vincent-et-sa-action-sociale.jpg?fit=1160%2C630&resize=1050%2C600 3x"},"classes":[]},{"id":52016,"url":"http:\/\/vincentians.com\/fr\/saint-vincent-de-paul-et-sa-mission-sociale-introduction\/","url_meta":{"origin":106712,"position":4},"title":"Saint Vincent De Paul Et Sa Mission Sociale. Introduction","author":"Francisco Javier Fern\u00e1ndez Chento","date":"17\/12\/2014","format":false,"excerpt":"Les antiennes que l\u2019on chante aux premi\u00e8res v\u00eapres de saint Vincent de Paul sont le portrait et l\u2019\u00e9loge le plus exact que l\u2019on puisse faire de ce h\u00e9ros de la charit\u00e9 : Les indigents et les pauvres cherchent de l\u2019eau et n\u2019en trouvent pas ; moi, dit le Seigneur, je\u2026","rel":"","context":"Dans &quot;Vincent de Paul&quot;","block_context":{"text":"Vincent de Paul","link":"http:\/\/vincentians.com\/fr\/category\/the-vincentian-family\/founders\/vincent-de-paul\/"},"img":{"alt_text":"","src":"https:\/\/i0.wp.com\/vincentians.com\/fr\/wp-content\/uploads\/sites\/10\/2016\/07\/vincent-et-sa-action-sociale.jpg?fit=1160%2C630&resize=350%2C200","width":350,"height":200,"srcset":"https:\/\/i0.wp.com\/vincentians.com\/fr\/wp-content\/uploads\/sites\/10\/2016\/07\/vincent-et-sa-action-sociale.jpg?fit=1160%2C630&resize=350%2C200 1x, https:\/\/i0.wp.com\/vincentians.com\/fr\/wp-content\/uploads\/sites\/10\/2016\/07\/vincent-et-sa-action-sociale.jpg?fit=1160%2C630&resize=525%2C300 1.5x, https:\/\/i0.wp.com\/vincentians.com\/fr\/wp-content\/uploads\/sites\/10\/2016\/07\/vincent-et-sa-action-sociale.jpg?fit=1160%2C630&resize=700%2C400 2x, https:\/\/i0.wp.com\/vincentians.com\/fr\/wp-content\/uploads\/sites\/10\/2016\/07\/vincent-et-sa-action-sociale.jpg?fit=1160%2C630&resize=1050%2C600 3x"},"classes":[]},{"id":57182,"url":"http:\/\/vincentians.com\/fr\/lhistoriographie-vincentienne-selon-les-epoques-culturelles\/","url_meta":{"origin":106712,"position":5},"title":"L&rsquo;historiographie vincentienne selon les epoques culturelles","author":"Francisco Javier Fern\u00e1ndez Chento","date":"16\/05\/2015","format":false,"excerpt":"Dans \"Les nouvelles consid\u00e9rations sur l'histoire\" (1744) Vol\u00adtaire affirmait que l'histoire n'est pas un genre immuable. Elle d\u00e9pend du progr\u00e8s scientifique g\u00e9n\u00e9ral. C'\u00e9tait \u00e0 une intuition trop en avance sur son temps. Et pourtant, cette intuition se trouve amplement con\u00adfirm\u00e9e, par la suite. Nous en trouvons une preuve \u00e9vidente dans\u2026","rel":"","context":"Dans &quot;Formation Vincentienne&quot;","block_context":{"text":"Formation Vincentienne","link":"http:\/\/vincentians.com\/fr\/category\/formation-vincentienne\/"},"img":{"alt_text":"","src":"https:\/\/i0.wp.com\/vincentiens.org\/wp-content\/uploads\/2012\/12\/sanvicentemosaico-213x300.jpg?resize=350%2C200","width":350,"height":200},"classes":[]}],"_links":{"self":[{"href":"http:\/\/vincentians.com\/fr\/wp-json\/wp\/v2\/posts\/106712","targetHints":{"allow":["GET"]}}],"collection":[{"href":"http:\/\/vincentians.com\/fr\/wp-json\/wp\/v2\/posts"}],"about":[{"href":"http:\/\/vincentians.com\/fr\/wp-json\/wp\/v2\/types\/post"}],"author":[{"embeddable":true,"href":"http:\/\/vincentians.com\/fr\/wp-json\/wp\/v2\/users\/4"}],"replies":[{"embeddable":true,"href":"http:\/\/vincentians.com\/fr\/wp-json\/wp\/v2\/comments?post=106712"}],"version-history":[{"count":0,"href":"http:\/\/vincentians.com\/fr\/wp-json\/wp\/v2\/posts\/106712\/revisions"}],"wp:featuredmedia":[{"embeddable":true,"href":"http:\/\/vincentians.com\/fr\/wp-json\/wp\/v2\/media\/149583"}],"wp:attachment":[{"href":"http:\/\/vincentians.com\/fr\/wp-json\/wp\/v2\/media?parent=106712"}],"wp:term":[{"taxonomy":"category","embeddable":true,"href":"http:\/\/vincentians.com\/fr\/wp-json\/wp\/v2\/categories?post=106712"},{"taxonomy":"post_tag","embeddable":true,"href":"http:\/\/vincentians.com\/fr\/wp-json\/wp\/v2\/tags?post=106712"}],"curies":[{"name":"wp","href":"https:\/\/api.w.org\/{rel}","templated":true}]}}