{"id":106311,"date":"2013-11-13T05:41:58","date_gmt":"2013-11-13T04:41:58","guid":{"rendered":"http:\/\/vincentiens.org\/?p=106311"},"modified":"2013-11-13T05:41:58","modified_gmt":"2013-11-13T04:41:58","slug":"les-seminaires-en-france-avant-saint-vincent-de-paul-ii","status":"publish","type":"post","link":"http:\/\/vincentians.com\/fr\/les-seminaires-en-france-avant-saint-vincent-de-paul-ii\/","title":{"rendered":"Les S\u00e9minaires en France avant Saint Vincent de Paul (II)"},"content":{"rendered":"<h2>Conception et fonctionnement<\/h2>\n<p><a href=\"https:\/\/i0.wp.com\/vincentiens.org\/wp-content\/uploads\/2013\/05\/Vincent_de_Paul.jpg\"><img data-recalc-dims=\"1\" loading=\"lazy\" decoding=\"async\" class=\"alignright size-medium wp-image-106483\" alt=\"Vincent_de_Paul\" src=\"https:\/\/i0.wp.com\/vincentiens.org\/wp-content\/uploads\/2013\/05\/Vincent_de_Paul-300x300.jpg?resize=300%2C300\" width=\"300\" height=\"300\" \/><\/a>R\u00e9alis\u00e9s non sans peine, que sont-ils au juste, ces premiers s\u00e9minaires fran\u00e7ais?<\/p>\n<p>II convient tout d&rsquo;abord de lever certaines \u00e9quivoques, car plusieurs pr\u00e9tendus s\u00e9minaires n&rsquo;en sont point v\u00e9ritablement. Tel, par exemple, n&rsquo;est qu&rsquo;un simple coll\u00e8ge. N&rsquo;est-ce pas du reste ce qu&rsquo;attendaient les villes dont j&rsquo;ai mentionn\u00e9 plus haut les requ\u00eates? Reprenons celle de Cavaillon, en 1569: on demande \u00e0 l&rsquo;\u00e9v\u00eaque d&rsquo;\u00e9riger un s\u00e9minaire<\/p>\n<p>\u00abpour et aux fins que les enfans de ladite cit\u00e9 et de son dioc\u00e8se, attendu la calamit\u00e9 et injure du temps, et pour \u00e9viter et obvier aux faux dogmatiseurs, pr\u00eacheurs et semeurs des he\u00adrezies, fussent elev\u00e9s, enseign\u00e9s et endoctrin\u00e9s tant en la loy nostre chrestienne catholique romaine, que autres bonnes et saintes lettres permises, et aussi aux arts liberaux, pour par\u00advenir \u00e0 toutes choses vertueuses, bonnes et honnestes\u00bb.<\/p>\n<p>En somme, ce qu&rsquo;on veut \u00e0 Cavaillon, c&rsquo;est un \u00e9tablissement secondaire (comme nous dirions aujourd&rsquo;hui) catholique; mais il n&rsquo;est pas question de formation du clerg\u00e9, m\u00eame si, indirecte\u00adment, le coll\u00e8ge pourra y contribuer. C&rsquo;est si vrai que l&rsquo;\u00e9v\u00eaque et le clerg\u00e9 de Cavaillon, contraints par la L\u00e9gation d&rsquo;Avignon de subventionner ce coll\u00e8ge, le feront sous r\u00e9serve que leur contribution cessera le jour o\u00f9 un <i>seminariutn <\/i>sera \u00ab parfait int\u00e9\u00adgralement \u00bb, par autorit\u00e9 du pape ou du concile provincial. ce qui arrivera, nous le savons, en 1586.<\/p>\n<p>Combien de s\u00e9minaires, d&rsquo;autre part, ne sont pas autre chose que des ma\u00eetrises d&rsquo;enfants de choeur? On n&rsquo;en saurait douter pour Valence, en 1585. Ici, ce que le chanoine Jules Chevalier a publi\u00e9 comme \u00e9tant l&rsquo;\u00ab Acte de fondation du premier s\u00e9minaire de Valence \u00bb est en r\u00e9alit\u00e9 un acte par lequel l&rsquo;\u00e9v\u00eaque autorise le chapitre \u00e0 appliquer le revenu d&rsquo;une chapellenie pour nourrir et instruire un groupe de clergeons, recrut\u00e9s entre sept et dix ans, avec leur pr\u00e9cepteur; mais la confusion est excusable, car cela est bel et bien pr\u00e9sent\u00e9 comme l&rsquo;\u00e9rection d&rsquo;un <i>s\u00e9minaire, <\/i>mot qui se trouve maintes fois r\u00e9p\u00e9t\u00e9 dans le texte.<\/p>\n<p>A vrai dire, la confusion entre ma\u00eetrises et s\u00e9minaires sera tenace. On verra des chapitres refuser de contribuer au s\u00e9mi\u00adnaire dioc\u00e9sain sous pr\u00e9texte qu&rsquo;ils entretiennent d\u00e9j\u00e0 des en\u00adfants de choeur. On verra des \u00e9v\u00eaques d\u00e9courag\u00e9s par les d\u00e9boires que leur apporte leur s\u00e9minaire sugg\u00e9rer que les ma\u00eetrises de cath\u00e9drale valent autant. Le s\u00e9minaire de Reims, avant la fin du XVIe si\u00e8cle, est devenu une ma\u00eetrise. Mais d\u00e9j\u00e0, au d\u00e9but du si\u00e8cle, l&rsquo;oeuvre tant vant\u00e9e du c\u00e9l\u00e8bre Giberti \u00e0 V\u00e9rone \u00e9tait- elle autre chose?<\/p>\n<p>S&rsquo;agissant maintenant des s\u00e9minaires tridentins, nous n&rsquo;en connaissons, le plus souvent, le fonctionnement qu&rsquo;\u00e0 travers des r\u00e8glements. Or ceux-ci peuvent n&rsquo;\u00eatre que des mod\u00e8les th\u00e9ori\u00adques: c&rsquo;est le cas des constitutions de Melun, ou des r\u00e8glements adopt\u00e9s par les conciles de Rouen et de Bordeaux. Dans les meilleurs cas, ils sont propres \u00e0 tel ou tel s\u00e9minaire effec\u00adtivement fond\u00e9: ainsi Cavaillon a son r\u00e8glement, r\u00e9dig\u00e9 par l&rsquo;\u00e9v\u00ea\u00adque d\u00e8s la fondation, en 1586; mais le r\u00e8glement du s\u00e9minaire d&rsquo;Avignon ne nous est connu qu&rsquo;\u00e0 travers une r\u00e9forme introduite en 1608; celui de Rouen est fix\u00e9 par le testament de son fon\u00addateur, le cardinal de Joyeuse, en 1615 Aucun r\u00e8glement de s\u00e9minaire n&rsquo;a \u00e9gal\u00e9 la minutie incroyable avec laquelle Gaspar Dinet, \u00e9v\u00eaque de M\u00e2con, a r\u00e9dig\u00e9 le sien, en 1613, avant de le faire imprimer. Mais dans tous ces documents se reconna\u00eet une filiation plus ou moins \u00e9troite \u2014 cela va parfois jusqu&rsquo;\u00e0 la traduction pure et simple \u2014 par rapport aux <i>Institutiones ad uni\u00ad<\/i><i>versum seminarii regimen pertinentes <\/i>de saint Charles Borrom\u00e9e<\/p>\n<p>L&rsquo;\u00e2ge de recrutement des \u00e9l\u00e8ves du s\u00e9minaire, fix\u00e9 \u00e0 douze ans par le concile de Trente et ensuite dans les constitutions de Melun, a \u00e9t\u00e9 retenu par la plupart des r\u00e8glements. Toutefois Cavaillon requiert quinze ans, et Toulouse dix-huit. A M\u00e2con, on envisage deux possibilit\u00e9s: entrer \u00e0 douze ans, en sachant lire et \u00e9crire; ou entre treize et dix-huit ans, mais d\u00e9j\u00e0 initi\u00e9 \u00e0 la grammaire (c&rsquo;est-\u00e0-dire au latin). Substituer un crit\u00e8re de connaissance scolaire \u00e0 un simple crit\u00e8re d&rsquo;\u00e2ge, c&rsquo;est aussi ce que fait Rouen en fixant comme \u00e2ge de recrutement quatorze ans ou le niveau de la classe de 3e (fin de la grammaire).<\/p>\n<p>En demandant que les enfants soient de naissance l\u00e9gitime et de famille catholique, on ne fait que s&rsquo;aligner sur les condi\u00adtions ordinaires d&rsquo;acc\u00e8s \u00e0 la cl\u00e9ricature. M\u00e2con, toujours poin\u00adtilleux, exige une attestation du cur\u00e9 portant sur les bonnes dispositions de l&rsquo;enfant et de ses parents.<\/p>\n<p>Un des buts essentiels des s\u00e9minaires est d&rsquo;accueillir des en\u00adfants pauvres. Certes, on admet aussi des riches, moyennant qu&rsquo;ils paient- leur pension. Mais le s\u00e9minaire fonctionne d&rsquo;abord comme un syst\u00e8me de bourses pour des familles qui n&rsquo;auraient pu autrement songer \u00e0 pousser leurs enfants aux \u00e9tudes; avec l&rsquo;id\u00e9e que des pr\u00eatres d&rsquo;humble origine seront d&rsquo;autant mieux soumis aux exigences de leur \u00e9v\u00eaque et \u00e0 leur devoir pastoral. Cependant le probl\u00e8me est de s&rsquo;assurer qu&rsquo;apr\u00e8s avoir profit\u00e9 des \u00e9tudes du s\u00e9minaire, ils demeureront fid\u00e8les \u00e0 l&rsquo;engagement eccl\u00e9siastique. Aussi la solution partout adopt\u00e9e consiste \u00e0 exi\u00adger une caution financi\u00e8re, vers\u00e9e par quelque parent ou protec\u00adteur du jeune clerc.<\/p>\n<p>Moyennant quoi, l&rsquo;admission des \u00e9l\u00e8ves du s\u00e9minaire est d\u00e9\u00adcid\u00e9e par une commission qui r\u00e9unit, autour de l&rsquo;\u00e9v\u00eaque, des repr\u00e9sentants du chapitre et le sup\u00e9rieur du s\u00e9minaire; ou bien, dans certains cas, par les bienfaiteurs fondateurs: c&rsquo;est ainsi que le cardinal de Joyeuse r\u00e9serve \u00e0 ses h\u00e9ritiers le privil\u00e8ge de d\u00e9cerner les \u00ab brevets \u00bb d&rsquo;admission pour le s\u00e9minaire qu&rsquo;il a fond\u00e9 \u00e0 Rouen; tandis qu&rsquo;au s\u00e9minaire de Carpentras, les muni\u00adcipalit\u00e9s de certaines villes disposent, en raison de leur parti\u00adcipation financi\u00e8re, du droit de nommer un de leurs enfants comme \u00e9l\u00e8ve.<\/p>\n<p>La formation donn\u00e9e dans le s\u00e9minaire tend d&rsquo;abord \u00e0 in\u00adculquer aux \u00e9l\u00e8ves la pi\u00e9t\u00e9. Cela par des exercices r\u00e9guliers, pri\u00e8res quotidiennes, messe, rosaire, litanies, office canonial pour les plus avanc\u00e9s; une place est faite \u00e0 la pratique de l&rsquo;oraison mentale (Bordeaux, M\u00e2con); chaque soir, la journ\u00e9e s&rsquo;ach\u00e8ve par l&rsquo;examen de conscience. Les sacrements tiennent une grande pla\u00adce: la confession et la communion, mensuelles dans les r\u00e8glements du XVIe si\u00e8cle, sont encore plus fr\u00e9quentes au XVIIe si\u00e8cle, \u00e0 M\u00e2con.<\/p>\n<p>On cultive \u00e9galement les autres vertus convenables \u00e0 de futurs pr\u00eatres: l&rsquo;ob\u00e9issance, notamment, et la \u00ab modestie \u00bb \u2014entendons: la chastet\u00e9 \u2014 au sujet de laquelle les constitutions de Melun r\u00e9p\u00e8tent les s\u00e9v\u00e8res pr\u00e9cautions du r\u00e8glement milanais.<br \/>\nSont pr\u00e9vus des exercices proprement eccl\u00e9siastiques et pastoraux: les s\u00e9minaristes s&rsquo;initient \u00e0 la liturgie et au chant sacr\u00e9 en servant \u00e0 la cath\u00e9drale les dimanches et f\u00eates; ils apprennent le cat\u00e9chisme du concile de Trente et se forment aux cas de conscience.<\/p>\n<p>Sur les \u00e9tudes, en revanche, les indications donn\u00e9es par la plupart de r\u00e8glements sont excessivement sommaires. Seul M\u00e2\u00adcon fournit des pr\u00e9cisions, sur la progression, d&rsquo;ailleurs, plus que sur le contenu, que rien n&rsquo;interdit de g\u00e9n\u00e9raliser \u00e0 d&rsquo;autres maisons.<\/p>\n<p>\u00abLes jeunes enfans, depuis douce jusques \u00e0 quinse ans, leur capacit\u00e9, et n&rsquo;en sortiront et congrus. Depuis quinse jus- ils estudieront aux humanit\u00e9s, n&rsquo;en sortiront qu&rsquo;ils ne sachent<\/p>\n<p>estudieront en grammaire selon point qu&rsquo;ils ny so\u00ebnt bien vers\u00e9s ques \u00e0 dix sept ans complets, c&rsquo;est-\u00e0-dire po\u00e9sie, rh\u00e9torique, et composer \u00e9l\u00e9gamment \u00bb.<\/p>\n<p>Donc, \u00e0 la base, les lettres classiques. Le latin, bien s\u00fbr, mais le grec? Sauf dans les constitutions de Melun, il n&rsquo;est plus question, dans aucun r\u00e8glement de s\u00e9minaire, de la langue des Septante, des Evangiles et de saint Paul, que les protestants, apr\u00e8s les humanistes, consid\u00e9raient comme essentielle \u00e0 la cul\u00adture religieuse, pour leurs pasteurs en particulier.<\/p>\n<p>Ensuite, \u00e0 M\u00e2con, l&rsquo;on va s\u00e9parer les s\u00e9minaristes en deux cat\u00e9gories, selon leur aptitude aux \u00e9tudes:<\/p>\n<p>\u00abCeux qu&rsquo;on jugera capables de haultes sciences seront ins\u00adtruicts dans le s\u00e9minaire depuis dix-sept jusque \u00e0 vingt ans et seront repolis en l&rsquo;\u00e9loquence et feront le cours de philoso\u00adphie. Depuis vingt ans jusques \u00e0 vingt et deux, ils estudieront en la scholastique et controverses, depuis vingt et deux jus\u00adques \u00e0 vingt et quatre en la positive et cas de conscience\u00bb.<\/p>\n<p>Pour les \u00e9l\u00e8ves dou\u00e9s, donc, l&rsquo;\u00e9loquence, la philosophie et les diverses branches de la th\u00e9ologie. Pour les autres, un cycle court d&rsquo;enseignement exclusivement pratique, orient\u00e9 vers l&rsquo;hum\u00adble pastorale des campagnes:<\/p>\n<p>\u00ab Ceux qu&rsquo;on trouvera incapables de passer les humanit\u00e9s, et que partant on y formera autant qu&rsquo;on pourra gagner sur leur industrie et travail, pour les faire utiles au bien des \u00e2mes, on les instruira trois ans durant au catechisme et cas de cons\u00adcience, en la Sainte Escriture qu&rsquo;on leur expliquera positive\u00adment, en la fa\u00e7on d&rsquo;administrer les sacremens, \u00e0 faire des pe\u00adtites exhortations au prosne et autres occasions\u00bb.<\/p>\n<p>Si les r\u00e8glements de s\u00e9minaires n\u00e9gligent en g\u00e9n\u00e9ral de don\u00adner de telles pr\u00e9cisions sur le cursus et le contenu des \u00e9tudes, c&rsquo;est que l&rsquo;enseignement est presque toujours donn\u00e9, du moins pour les \u00e9tapes litt\u00e9raires, dans un coll\u00e8ge voisin \u2014 m\u00eame M\u00e2\u00adcon ne fait pas exception \u00e0 cette r\u00e8gle \u2014 et, mieux encore, dans un coll\u00e8ge de J\u00e9suites.<\/p>\n<p>Associer le s\u00e9minaire \u00e0 un coll\u00e8ge de la Compagnie, ce n&rsquo;est pas seulement une donn\u00e9e tr\u00e8s fr\u00e9quente: c&rsquo;est consid\u00e9r\u00e9 comme une condition indispensable pour la r\u00e9ussite du s\u00e9minaire. L&rsquo;\u00e9v\u00ea\u00adque, Sacrato, \u00e0 Carpentras, aussit\u00f4t apr\u00e8s avoir fond\u00e9 son s\u00e9\u00adminaire, se d\u00e9m\u00e8ne pour obtenir un coll\u00e8ge j\u00e9suite (il l&rsquo;aura seulement en 1607). Lors du concile d&rsquo;Embrun (1583), on pr\u00e9voit que m\u00eame si on ouvre un s\u00e9minaire \u00e0 Grasse, la plupart des candidats pr\u00e9f\u00e9reront venir \u00e0 Embrun, \u00ab pour la raison, princi\u00adpalement, que l&rsquo;on a d\u00e9cid\u00e9 d&rsquo;y \u00e9riger un coll\u00e8ge de J\u00e9suites \u00bb. L&rsquo;\u00e9v\u00eaque de B\u00e9ziers, nous l&rsquo;avons vu, projette de cr\u00e9er simul\u00adtan\u00e9ment un s\u00e9minaire et un coll\u00e8ge j\u00e9suite. Enfin le s\u00e9minaire de Joyeuse, \u00e0 Rouen, est con\u00e7u d&#8217;embl\u00e9e comme un simple pensionnat annex\u00e9 au coll\u00e8ge des J\u00e9suites (n&rsquo;oublions pas que ceux- ci, \u00e0 l&rsquo;\u00e9poque, n&rsquo;avaient point d&rsquo;internat).<\/p>\n<p>Au terme de cette rapide incursion dans le statut de nos premiers s\u00e9minaires fran\u00e7ais, retenons surtout les conclusions suivantes: m\u00eame quand ces s\u00e9minaires sont vraiment con\u00e7us comme des \u00e9coles de formation de futurs pr\u00eatres,<\/p>\n<ul>\n<li>le recrutement est partiel (limit\u00e9 par les ressources de l&rsquo;ins\u00adtitution) et jamais obligatoire; l&rsquo;acc\u00e8s \u00e0 la pr\u00eatrise reste possible par d&rsquo;autres voies;<\/li>\n<li>les exigences intellectuelles sont g\u00e9n\u00e9ralement r\u00e9duites; on vise \u00e0 former un clerg\u00e9 pieux et soumis, pour des t\u00e2ches subalternes;<\/li>\n<li>les liens avec les coll\u00e8ges j\u00e9suites sont tr\u00e8s \u00e9troits: cette der\u00adni\u00e8re particularit\u00e9 va peser lourd sur les destin\u00e9es de ces s\u00e9minaires.<\/li>\n<\/ul>\n","protected":false},"excerpt":{"rendered":"<p>Conception et fonctionnement R\u00e9alis\u00e9s non sans peine, que sont-ils au juste, ces premiers s\u00e9minaires fran\u00e7ais? II convient tout d&rsquo;abord de lever certaines \u00e9quivoques, car plusieurs pr\u00e9tendus s\u00e9minaires n&rsquo;en sont point v\u00e9ritablement. Tel, par exemple, n&rsquo;est &#8230; <a href=\"http:\/\/vincentians.com\/fr\/les-seminaires-en-france-avant-saint-vincent-de-paul-ii\/\" class=\"more-link\">Read More<\/a><\/p>\n","protected":false},"author":4,"featured_media":106483,"comment_status":"open","ping_status":"open","sticky":false,"template":"","format":"standard","meta":{"jetpack_post_was_ever_published":false,"_jetpack_newsletter_access":"","_jetpack_dont_email_post_to_subs":false,"_jetpack_newsletter_tier_id":0,"_jetpack_memberships_contains_paywalled_content":false,"_jetpack_memberships_contains_paid_content":false,"footnotes":"","jetpack_publicize_message":"","jetpack_publicize_feature_enabled":true,"jetpack_social_post_already_shared":true,"jetpack_social_options":{"image_generator_settings":{"template":"highway","default_image_id":0,"font":"","enabled":false},"version":2}},"categories":[128],"tags":[],"class_list":["post-106311","post","type-post","status-publish","format-standard","has-post-thumbnail","hentry","category-au-temps-de-vincent-de-paul"],"yoast_head":"<!-- This site is optimized with the Yoast SEO plugin v26.3 - https:\/\/yoast.com\/wordpress\/plugins\/seo\/ -->\n<title>Les S\u00e9minaires en France avant Saint Vincent de Paul (II) - Nous Sommes Vincentiens<\/title>\n<meta name=\"robots\" content=\"index, follow, max-snippet:-1, max-image-preview:large, max-video-preview:-1\" \/>\n<link rel=\"canonical\" href=\"http:\/\/vincentians.com\/fr\/les-seminaires-en-france-avant-saint-vincent-de-paul-ii\/\" \/>\n<meta property=\"og:locale\" content=\"fr_FR\" \/>\n<meta property=\"og:type\" content=\"article\" \/>\n<meta property=\"og:title\" content=\"Les S\u00e9minaires en France avant Saint Vincent de Paul (II) - Nous Sommes Vincentiens\" \/>\n<meta property=\"og:description\" content=\"Conception et fonctionnement R\u00e9alis\u00e9s non sans peine, que sont-ils au juste, ces premiers s\u00e9minaires fran\u00e7ais? II convient tout d&rsquo;abord de lever certaines \u00e9quivoques, car plusieurs pr\u00e9tendus s\u00e9minaires n&rsquo;en sont point v\u00e9ritablement. Tel, par exemple, n&rsquo;est ... Read More\" \/>\n<meta property=\"og:url\" content=\"http:\/\/vincentians.com\/fr\/les-seminaires-en-france-avant-saint-vincent-de-paul-ii\/\" \/>\n<meta property=\"og:site_name\" content=\"Nous Sommes Vincentiens\" \/>\n<meta property=\"article:publisher\" content=\"https:\/\/www.facebook.com\/WeAreVincentians\/\" \/>\n<meta property=\"article:author\" content=\"https:\/\/www.facebook.com\/JavierChento\" \/>\n<meta property=\"article:published_time\" content=\"2013-11-13T04:41:58+00:00\" \/>\n<meta name=\"author\" content=\"Francisco Javier Fern\u00e1ndez Chento\" \/>\n<meta name=\"twitter:card\" content=\"summary_large_image\" \/>\n<meta name=\"twitter:creator\" content=\"@https:\/\/twitter.com\/javierchento\" \/>\n<meta name=\"twitter:site\" content=\"@WeVincentians\" \/>\n<meta name=\"twitter:label1\" content=\"\u00c9crit par\" \/>\n\t<meta name=\"twitter:data1\" content=\"Francisco Javier Fern\u00e1ndez Chento\" \/>\n\t<meta name=\"twitter:label2\" content=\"Dur\u00e9e de lecture estim\u00e9e\" \/>\n\t<meta name=\"twitter:data2\" content=\"10 minutes\" \/>\n<script type=\"application\/ld+json\" class=\"yoast-schema-graph\">{\"@context\":\"https:\/\/schema.org\",\"@graph\":[{\"@type\":\"WebPage\",\"@id\":\"http:\/\/vincentians.com\/fr\/les-seminaires-en-france-avant-saint-vincent-de-paul-ii\/\",\"url\":\"http:\/\/vincentians.com\/fr\/les-seminaires-en-france-avant-saint-vincent-de-paul-ii\/\",\"name\":\"Les S\u00e9minaires en France avant Saint Vincent de Paul (II) - Nous Sommes Vincentiens\",\"isPartOf\":{\"@id\":\"http:\/\/vincentians.com\/fr\/#website\"},\"primaryImageOfPage\":{\"@id\":\"http:\/\/vincentians.com\/fr\/les-seminaires-en-france-avant-saint-vincent-de-paul-ii\/#primaryimage\"},\"image\":{\"@id\":\"http:\/\/vincentians.com\/fr\/les-seminaires-en-france-avant-saint-vincent-de-paul-ii\/#primaryimage\"},\"thumbnailUrl\":\"\",\"datePublished\":\"2013-11-13T04:41:58+00:00\",\"author\":{\"@id\":\"http:\/\/vincentians.com\/fr\/#\/schema\/person\/9623ef4d9aa3b2dfb8c061f1499288f2\"},\"breadcrumb\":{\"@id\":\"http:\/\/vincentians.com\/fr\/les-seminaires-en-france-avant-saint-vincent-de-paul-ii\/#breadcrumb\"},\"inLanguage\":\"fr-FR\",\"potentialAction\":[{\"@type\":\"ReadAction\",\"target\":[\"http:\/\/vincentians.com\/fr\/les-seminaires-en-france-avant-saint-vincent-de-paul-ii\/\"]}]},{\"@type\":\"ImageObject\",\"inLanguage\":\"fr-FR\",\"@id\":\"http:\/\/vincentians.com\/fr\/les-seminaires-en-france-avant-saint-vincent-de-paul-ii\/#primaryimage\",\"url\":\"\",\"contentUrl\":\"\"},{\"@type\":\"BreadcrumbList\",\"@id\":\"http:\/\/vincentians.com\/fr\/les-seminaires-en-france-avant-saint-vincent-de-paul-ii\/#breadcrumb\",\"itemListElement\":[{\"@type\":\"ListItem\",\"position\":1,\"name\":\"Portada\",\"item\":\"http:\/\/vincentians.com\/fr\/\"},{\"@type\":\"ListItem\",\"position\":2,\"name\":\"Les S\u00e9minaires en France avant Saint Vincent de Paul (II)\"}]},{\"@type\":\"WebSite\",\"@id\":\"http:\/\/vincentians.com\/fr\/#website\",\"url\":\"http:\/\/vincentians.com\/fr\/\",\"name\":\"Nous Sommes Vincentiens\",\"description\":\"Know more to serve more\",\"potentialAction\":[{\"@type\":\"SearchAction\",\"target\":{\"@type\":\"EntryPoint\",\"urlTemplate\":\"http:\/\/vincentians.com\/fr\/?s={search_term_string}\"},\"query-input\":{\"@type\":\"PropertyValueSpecification\",\"valueRequired\":true,\"valueName\":\"search_term_string\"}}],\"inLanguage\":\"fr-FR\"},{\"@type\":\"Person\",\"@id\":\"http:\/\/vincentians.com\/fr\/#\/schema\/person\/9623ef4d9aa3b2dfb8c061f1499288f2\",\"name\":\"Francisco Javier Fern\u00e1ndez Chento\",\"image\":{\"@type\":\"ImageObject\",\"inLanguage\":\"fr-FR\",\"@id\":\"http:\/\/vincentians.com\/fr\/#\/schema\/person\/image\/\",\"url\":\"https:\/\/secure.gravatar.com\/avatar\/497d5cde87b4c3d097d0315953521681ba2cd523ee66e5077c3711f7021e65de?s=96&d=mm&r=g\",\"contentUrl\":\"https:\/\/secure.gravatar.com\/avatar\/497d5cde87b4c3d097d0315953521681ba2cd523ee66e5077c3711f7021e65de?s=96&d=mm&r=g\",\"caption\":\"Francisco Javier Fern\u00e1ndez Chento\"},\"description\":\"Director General y cofundador de La Red de Formaci\u00f3n Vicenciana. Javier es laico vicenciano, afiliado a la Congregaci\u00f3n de la Misi\u00f3n y miembro del Equipo de Misiones Populares de la provincia can\u00f3nica de Zaragoza (Espa\u00f1a) de la Congregaci\u00f3n de la Misi\u00f3n. Graduado en la Universidad Oberta de Catalunya con cuatro grados (Asistente de direcci\u00f3n, Gesti\u00f3n Administrativa, Recursos Humanos y Contabilidad Avanzada). Bil\u00edng\u00fce Espa\u00f1ol\/Ingl\u00e9s. gestiona y mantiene varias p\u00e1ginas web cristianas y vicencianas, incluida including La Red de Formaci\u00f3n Vicenciana, de la que es cofundador. Actualmente es responsable del \u00e1rea de Espa\u00f1ol de .famvin, la Red de Noticias de la Familia Vicenciana. Tambi\u00e9n es m\u00fasico cat\u00f3lico y ha editado varios discos. Es Director General y cofundador de Trovador, una reconocida compa\u00f1\u00eda discogr\u00e1fica critiana de Espa\u00f1a. Trabaja en las Tecnolog\u00edas de la Informaci\u00f3n, ofreciendo servicios de alojamiento, dise\u00f1o y mantenimiento Web, as\u00ed como asesoramiento, formaci\u00f3n y soluciones inform\u00e1ticas, gesti\u00f3n documental y digitalizaci\u00f3n de textos, edici\u00f3n y maquetaci\u00f3n de libros, revistas, flyers, etc.\",\"sameAs\":[\"http:\/\/chento.org\",\"https:\/\/www.facebook.com\/JavierChento\",\"https:\/\/x.com\/https:\/\/twitter.com\/javierchento\"],\"url\":\"http:\/\/vincentians.com\/fr\/author\/chento\/\"}]}<\/script>\n<!-- \/ Yoast SEO plugin. -->","yoast_head_json":{"title":"Les S\u00e9minaires en France avant Saint Vincent de Paul (II) - Nous Sommes Vincentiens","robots":{"index":"index","follow":"follow","max-snippet":"max-snippet:-1","max-image-preview":"max-image-preview:large","max-video-preview":"max-video-preview:-1"},"canonical":"http:\/\/vincentians.com\/fr\/les-seminaires-en-france-avant-saint-vincent-de-paul-ii\/","og_locale":"fr_FR","og_type":"article","og_title":"Les S\u00e9minaires en France avant Saint Vincent de Paul (II) - Nous Sommes Vincentiens","og_description":"Conception et fonctionnement R\u00e9alis\u00e9s non sans peine, que sont-ils au juste, ces premiers s\u00e9minaires fran\u00e7ais? II convient tout d&rsquo;abord de lever certaines \u00e9quivoques, car plusieurs pr\u00e9tendus s\u00e9minaires n&rsquo;en sont point v\u00e9ritablement. Tel, par exemple, n&rsquo;est ... Read More","og_url":"http:\/\/vincentians.com\/fr\/les-seminaires-en-france-avant-saint-vincent-de-paul-ii\/","og_site_name":"Nous Sommes Vincentiens","article_publisher":"https:\/\/www.facebook.com\/WeAreVincentians\/","article_author":"https:\/\/www.facebook.com\/JavierChento","article_published_time":"2013-11-13T04:41:58+00:00","author":"Francisco Javier Fern\u00e1ndez Chento","twitter_card":"summary_large_image","twitter_creator":"@https:\/\/twitter.com\/javierchento","twitter_site":"@WeVincentians","twitter_misc":{"\u00c9crit par":"Francisco Javier Fern\u00e1ndez Chento","Dur\u00e9e de lecture estim\u00e9e":"10 minutes"},"schema":{"@context":"https:\/\/schema.org","@graph":[{"@type":"WebPage","@id":"http:\/\/vincentians.com\/fr\/les-seminaires-en-france-avant-saint-vincent-de-paul-ii\/","url":"http:\/\/vincentians.com\/fr\/les-seminaires-en-france-avant-saint-vincent-de-paul-ii\/","name":"Les S\u00e9minaires en France avant Saint Vincent de Paul (II) - Nous Sommes Vincentiens","isPartOf":{"@id":"http:\/\/vincentians.com\/fr\/#website"},"primaryImageOfPage":{"@id":"http:\/\/vincentians.com\/fr\/les-seminaires-en-france-avant-saint-vincent-de-paul-ii\/#primaryimage"},"image":{"@id":"http:\/\/vincentians.com\/fr\/les-seminaires-en-france-avant-saint-vincent-de-paul-ii\/#primaryimage"},"thumbnailUrl":"","datePublished":"2013-11-13T04:41:58+00:00","author":{"@id":"http:\/\/vincentians.com\/fr\/#\/schema\/person\/9623ef4d9aa3b2dfb8c061f1499288f2"},"breadcrumb":{"@id":"http:\/\/vincentians.com\/fr\/les-seminaires-en-france-avant-saint-vincent-de-paul-ii\/#breadcrumb"},"inLanguage":"fr-FR","potentialAction":[{"@type":"ReadAction","target":["http:\/\/vincentians.com\/fr\/les-seminaires-en-france-avant-saint-vincent-de-paul-ii\/"]}]},{"@type":"ImageObject","inLanguage":"fr-FR","@id":"http:\/\/vincentians.com\/fr\/les-seminaires-en-france-avant-saint-vincent-de-paul-ii\/#primaryimage","url":"","contentUrl":""},{"@type":"BreadcrumbList","@id":"http:\/\/vincentians.com\/fr\/les-seminaires-en-france-avant-saint-vincent-de-paul-ii\/#breadcrumb","itemListElement":[{"@type":"ListItem","position":1,"name":"Portada","item":"http:\/\/vincentians.com\/fr\/"},{"@type":"ListItem","position":2,"name":"Les S\u00e9minaires en France avant Saint Vincent de Paul (II)"}]},{"@type":"WebSite","@id":"http:\/\/vincentians.com\/fr\/#website","url":"http:\/\/vincentians.com\/fr\/","name":"Nous Sommes Vincentiens","description":"Know more to serve more","potentialAction":[{"@type":"SearchAction","target":{"@type":"EntryPoint","urlTemplate":"http:\/\/vincentians.com\/fr\/?s={search_term_string}"},"query-input":{"@type":"PropertyValueSpecification","valueRequired":true,"valueName":"search_term_string"}}],"inLanguage":"fr-FR"},{"@type":"Person","@id":"http:\/\/vincentians.com\/fr\/#\/schema\/person\/9623ef4d9aa3b2dfb8c061f1499288f2","name":"Francisco Javier Fern\u00e1ndez Chento","image":{"@type":"ImageObject","inLanguage":"fr-FR","@id":"http:\/\/vincentians.com\/fr\/#\/schema\/person\/image\/","url":"https:\/\/secure.gravatar.com\/avatar\/497d5cde87b4c3d097d0315953521681ba2cd523ee66e5077c3711f7021e65de?s=96&d=mm&r=g","contentUrl":"https:\/\/secure.gravatar.com\/avatar\/497d5cde87b4c3d097d0315953521681ba2cd523ee66e5077c3711f7021e65de?s=96&d=mm&r=g","caption":"Francisco Javier Fern\u00e1ndez Chento"},"description":"Director General y cofundador de La Red de Formaci\u00f3n Vicenciana. Javier es laico vicenciano, afiliado a la Congregaci\u00f3n de la Misi\u00f3n y miembro del Equipo de Misiones Populares de la provincia can\u00f3nica de Zaragoza (Espa\u00f1a) de la Congregaci\u00f3n de la Misi\u00f3n. Graduado en la Universidad Oberta de Catalunya con cuatro grados (Asistente de direcci\u00f3n, Gesti\u00f3n Administrativa, Recursos Humanos y Contabilidad Avanzada). Bil\u00edng\u00fce Espa\u00f1ol\/Ingl\u00e9s. gestiona y mantiene varias p\u00e1ginas web cristianas y vicencianas, incluida including La Red de Formaci\u00f3n Vicenciana, de la que es cofundador. Actualmente es responsable del \u00e1rea de Espa\u00f1ol de .famvin, la Red de Noticias de la Familia Vicenciana. Tambi\u00e9n es m\u00fasico cat\u00f3lico y ha editado varios discos. Es Director General y cofundador de Trovador, una reconocida compa\u00f1\u00eda discogr\u00e1fica critiana de Espa\u00f1a. Trabaja en las Tecnolog\u00edas de la Informaci\u00f3n, ofreciendo servicios de alojamiento, dise\u00f1o y mantenimiento Web, as\u00ed como asesoramiento, formaci\u00f3n y soluciones inform\u00e1ticas, gesti\u00f3n documental y digitalizaci\u00f3n de textos, edici\u00f3n y maquetaci\u00f3n de libros, revistas, flyers, etc.","sameAs":["http:\/\/chento.org","https:\/\/www.facebook.com\/JavierChento","https:\/\/x.com\/https:\/\/twitter.com\/javierchento"],"url":"http:\/\/vincentians.com\/fr\/author\/chento\/"}]}},"jetpack_publicize_connections":[],"jetpack_featured_media_url":"","jetpack_sharing_enabled":true,"jetpack_shortlink":"https:\/\/wp.me\/p7ETMP-rEH","jetpack-related-posts":[{"id":52068,"url":"http:\/\/vincentians.com\/fr\/saint-vincent-de-paul-et-sa-mission-sociale-vi-la-posterite-1\/","url_meta":{"origin":106311,"position":0},"title":"Saint Vincent De Paul Et Sa Mission Sociale. VI &#8211; La Post\u00e9rit\u00e9 (1)","author":"Francisco Javier Fern\u00e1ndez Chento","date":"30\/12\/2014","format":false,"excerpt":"L\u2019ACCROISSEMENT. \u2014 Extension des deux familles de saint Vincent de Paul. \u2014 Progr\u00e8s de leurs \u0153uvres. \u2014 Les missions \u00e9trang\u00e8res et les s\u00e9minaires. \u2014 Les successeurs de saint Vincent. \u2014 Congr\u00e9gations religieuses fond\u00e9es sur le mod\u00e8le de la Mission. \u2014 Les Filles de la Charit\u00e9 en France et \u00e0 l\u2019\u00e9tranger.\u2026","rel":"","context":"Dans &quot;Vincent de Paul&quot;","block_context":{"text":"Vincent de Paul","link":"http:\/\/vincentians.com\/fr\/category\/the-vincentian-family\/founders\/vincent-de-paul\/"},"img":{"alt_text":"","src":"https:\/\/i0.wp.com\/vincentians.com\/fr\/wp-content\/uploads\/sites\/10\/2016\/07\/vincent-et-sa-action-sociale.jpg?fit=1160%2C630&resize=350%2C200","width":350,"height":200,"srcset":"https:\/\/i0.wp.com\/vincentians.com\/fr\/wp-content\/uploads\/sites\/10\/2016\/07\/vincent-et-sa-action-sociale.jpg?fit=1160%2C630&resize=350%2C200 1x, https:\/\/i0.wp.com\/vincentians.com\/fr\/wp-content\/uploads\/sites\/10\/2016\/07\/vincent-et-sa-action-sociale.jpg?fit=1160%2C630&resize=525%2C300 1.5x, https:\/\/i0.wp.com\/vincentians.com\/fr\/wp-content\/uploads\/sites\/10\/2016\/07\/vincent-et-sa-action-sociale.jpg?fit=1160%2C630&resize=700%2C400 2x, https:\/\/i0.wp.com\/vincentians.com\/fr\/wp-content\/uploads\/sites\/10\/2016\/07\/vincent-et-sa-action-sociale.jpg?fit=1160%2C630&resize=1050%2C600 3x"},"classes":[]},{"id":52054,"url":"http:\/\/vincentians.com\/fr\/saint-vincent-de-paul-et-sa-mission-sociale-iii-laction-2\/","url_meta":{"origin":106311,"position":1},"title":"Saint Vincent De Paul Et Sa Mission Sociale. III &#8211; L\u2019action (2)","author":"Francisco Javier Fern\u00e1ndez Chento","date":"26\/12\/2014","format":false,"excerpt":"LA RENAISSANCE RELIGIEUSE. \u2014 Le compl\u00e9ment des missions. \u2014 \u00c9tat du clerg\u00e9 depuis le concile de Trente. \u2014 N\u00e9cessit\u00e9 d\u2019une r\u00e9forme. \u2014 Les exercices des ordinands. \u2014 Saint-Lazare. \u2014 La conf\u00e9rence du mardi. \u2014 Bossuet. \u2014 Les retraites spirituelles. \u2014 Le coll\u00e8ge des Bons-Enfants. \u2014 Vincent de Paul et Olier.\u2026","rel":"","context":"Dans &quot;Vincent de Paul&quot;","block_context":{"text":"Vincent de Paul","link":"http:\/\/vincentians.com\/fr\/category\/the-vincentian-family\/founders\/vincent-de-paul\/"},"img":{"alt_text":"","src":"https:\/\/i0.wp.com\/vincentians.com\/fr\/wp-content\/uploads\/sites\/10\/2016\/07\/vincent-et-sa-action-sociale.jpg?fit=1160%2C630&resize=350%2C200","width":350,"height":200,"srcset":"https:\/\/i0.wp.com\/vincentians.com\/fr\/wp-content\/uploads\/sites\/10\/2016\/07\/vincent-et-sa-action-sociale.jpg?fit=1160%2C630&resize=350%2C200 1x, https:\/\/i0.wp.com\/vincentians.com\/fr\/wp-content\/uploads\/sites\/10\/2016\/07\/vincent-et-sa-action-sociale.jpg?fit=1160%2C630&resize=525%2C300 1.5x, https:\/\/i0.wp.com\/vincentians.com\/fr\/wp-content\/uploads\/sites\/10\/2016\/07\/vincent-et-sa-action-sociale.jpg?fit=1160%2C630&resize=700%2C400 2x, https:\/\/i0.wp.com\/vincentians.com\/fr\/wp-content\/uploads\/sites\/10\/2016\/07\/vincent-et-sa-action-sociale.jpg?fit=1160%2C630&resize=1050%2C600 3x"},"classes":[]},{"id":74152,"url":"http:\/\/vincentians.com\/fr\/fernand-portal-fils-de-saint-vincent-de-paul\/","url_meta":{"origin":106311,"position":2},"title":"Fernand Portal, Fils de Saint Vincent de Paul","author":"Francisco Javier Fern\u00e1ndez Chento","date":"20\/02\/2015","format":false,"excerpt":"\u00abCelui que vous voyez devant vous est un pr\u00eatre fran\u00e7ais, humble fils de saint Vincent de Paul\u00bb. C'est ainsi que Fernand Portal se pr\u00e9sentait, le 13 juillet 1896, \u00e0 Londres, devant une assembl\u00e9e compos\u00e9e en majeure partie de pr\u00eatres anglicans. En mettant ainsi en avant sa carte d'identit\u00e9 vincentienne, recourait-il\u2026","rel":"","context":"Dans &quot;Biographies Lazaristes&quot;","block_context":{"text":"Biographies Lazaristes","link":"http:\/\/vincentians.com\/fr\/category\/biographies-lazaristes\/"},"img":{"alt_text":"","src":"https:\/\/i0.wp.com\/vincentians.com\/fr\/wp-content\/uploads\/sites\/10\/2016\/08\/bio-congregation-of-the-mission.jpg?fit=1200%2C630&resize=350%2C200","width":350,"height":200,"srcset":"https:\/\/i0.wp.com\/vincentians.com\/fr\/wp-content\/uploads\/sites\/10\/2016\/08\/bio-congregation-of-the-mission.jpg?fit=1200%2C630&resize=350%2C200 1x, https:\/\/i0.wp.com\/vincentians.com\/fr\/wp-content\/uploads\/sites\/10\/2016\/08\/bio-congregation-of-the-mission.jpg?fit=1200%2C630&resize=525%2C300 1.5x, https:\/\/i0.wp.com\/vincentians.com\/fr\/wp-content\/uploads\/sites\/10\/2016\/08\/bio-congregation-of-the-mission.jpg?fit=1200%2C630&resize=700%2C400 2x, https:\/\/i0.wp.com\/vincentians.com\/fr\/wp-content\/uploads\/sites\/10\/2016\/08\/bio-congregation-of-the-mission.jpg?fit=1200%2C630&resize=1050%2C600 3x"},"classes":[]},{"id":57182,"url":"http:\/\/vincentians.com\/fr\/lhistoriographie-vincentienne-selon-les-epoques-culturelles\/","url_meta":{"origin":106311,"position":3},"title":"L&rsquo;historiographie vincentienne selon les epoques culturelles","author":"Francisco Javier Fern\u00e1ndez Chento","date":"16\/05\/2015","format":false,"excerpt":"Dans \"Les nouvelles consid\u00e9rations sur l'histoire\" (1744) Vol\u00adtaire affirmait que l'histoire n'est pas un genre immuable. Elle d\u00e9pend du progr\u00e8s scientifique g\u00e9n\u00e9ral. C'\u00e9tait \u00e0 une intuition trop en avance sur son temps. Et pourtant, cette intuition se trouve amplement con\u00adfirm\u00e9e, par la suite. Nous en trouvons une preuve \u00e9vidente dans\u2026","rel":"","context":"Dans &quot;Formation Vincentienne&quot;","block_context":{"text":"Formation Vincentienne","link":"http:\/\/vincentians.com\/fr\/category\/formation-vincentienne\/"},"img":{"alt_text":"","src":"https:\/\/i0.wp.com\/vincentiens.org\/wp-content\/uploads\/2012\/12\/sanvicentemosaico-213x300.jpg?resize=350%2C200","width":350,"height":200},"classes":[]},{"id":56454,"url":"http:\/\/vincentians.com\/fr\/saint-vincent-et-la-science\/","url_meta":{"origin":106311,"position":4},"title":"Saint Vincent Et La Science","author":"Francisco Javier Fern\u00e1ndez Chento","date":"12\/11\/2013","format":false,"excerpt":"Saint Vincent se disait volontiers \u00ab un pauvre \u00e9l\u00e8ve de quatri\u00e8me \u00bb, un ignorant. Mais, qui pouvait le croire? Qu'il le voul\u00fbt ou non, sa correspondance, ses entretiens, ses conseils, ses r\u00e9ponses aux questions doctrinales les plus ardues, sa mani\u00e9r\u00e9 d'\u00eatre et de parler, quoique tr\u00e8s simple, tout en lui\u2026","rel":"","context":"Dans &quot;Vincent de Paul&quot;","block_context":{"text":"Vincent de Paul","link":"http:\/\/vincentians.com\/fr\/category\/the-vincentian-family\/founders\/vincent-de-paul\/"},"img":{"alt_text":"","src":"https:\/\/i0.wp.com\/vincentiens.org\/wp-content\/uploads\/2011\/12\/stvincentdepaul_bust-236x300.jpg?resize=350%2C200","width":350,"height":200},"classes":[]},{"id":58748,"url":"http:\/\/vincentians.com\/fr\/de-la-devotion-a-lanalyse-historique\/","url_meta":{"origin":106311,"position":5},"title":"De la devotion a l&rsquo;analyse historique","author":"Francisco Javier Fern\u00e1ndez Chento","date":"27\/12\/2012","format":false,"excerpt":"Cette causerie est programm\u00e9e en fin de premi\u00e8re semaine, la semaine consacr\u00e9e \u00e0 la m\u00e9thodologie. Je me trouve donc en situa\u00adtion de transition et cela \u2014 je l'avoue \u2014 me s\u00e9curise un peu. Je ne suis pas, en effet, un sp\u00e9cialiste du niveau de ceux qui m'ont pr\u00e9c\u00e9d\u00e9 et \u2014\u2026","rel":"","context":"Dans &quot;Formation Vincentienne&quot;","block_context":{"text":"Formation Vincentienne","link":"http:\/\/vincentians.com\/fr\/category\/formation-vincentienne\/"},"img":{"alt_text":"","src":"https:\/\/i0.wp.com\/vincentiens.org\/wp-content\/uploads\/2011\/12\/abelly-198x300.jpg?resize=350%2C200","width":350,"height":200},"classes":[]}],"_links":{"self":[{"href":"http:\/\/vincentians.com\/fr\/wp-json\/wp\/v2\/posts\/106311","targetHints":{"allow":["GET"]}}],"collection":[{"href":"http:\/\/vincentians.com\/fr\/wp-json\/wp\/v2\/posts"}],"about":[{"href":"http:\/\/vincentians.com\/fr\/wp-json\/wp\/v2\/types\/post"}],"author":[{"embeddable":true,"href":"http:\/\/vincentians.com\/fr\/wp-json\/wp\/v2\/users\/4"}],"replies":[{"embeddable":true,"href":"http:\/\/vincentians.com\/fr\/wp-json\/wp\/v2\/comments?post=106311"}],"version-history":[{"count":0,"href":"http:\/\/vincentians.com\/fr\/wp-json\/wp\/v2\/posts\/106311\/revisions"}],"wp:featuredmedia":[{"embeddable":true,"href":"http:\/\/vincentians.com\/fr\/wp-json\/"}],"wp:attachment":[{"href":"http:\/\/vincentians.com\/fr\/wp-json\/wp\/v2\/media?parent=106311"}],"wp:term":[{"taxonomy":"category","embeddable":true,"href":"http:\/\/vincentians.com\/fr\/wp-json\/wp\/v2\/categories?post=106311"},{"taxonomy":"post_tag","embeddable":true,"href":"http:\/\/vincentians.com\/fr\/wp-json\/wp\/v2\/tags?post=106311"}],"curies":[{"name":"wp","href":"https:\/\/api.w.org\/{rel}","templated":true}]}}