{"id":106289,"date":"2013-04-13T08:19:43","date_gmt":"2013-04-13T06:19:43","guid":{"rendered":"http:\/\/vincentiens.org\/?p=106289"},"modified":"2013-04-13T08:19:43","modified_gmt":"2013-04-13T06:19:43","slug":"la-vie-du-venerable-serviteur-de-dieu-vincent-de-paul-livre-second-chapitre-iii-section-ii","status":"publish","type":"post","link":"http:\/\/vincentians.com\/fr\/la-vie-du-venerable-serviteur-de-dieu-vincent-de-paul-livre-second-chapitre-iii-section-ii\/","title":{"rendered":"La vie du v\u00e9n\u00e9rable serviteur de Dieu Vincent de Paul, Livre second, Chapitre III, Section II"},"content":{"rendered":"<h2><b>Section II\u00a0: <\/b>Les progres de cette compagnie et les fruits qui en ont r\u00e9sulte<\/h2>\n<p>Cette Compagnie, ayant eu de si bons commencements par la sage conduite de M. Vincent, a toujours continu\u00e9 avec de nouvelles b\u00e9n\u00e9dictions que Dieu y a r\u00e9pandues par les mains de son fid\u00e8le serviteur. L&rsquo;on peut mettre entre ces premiers fruits sa multiplication et son accroissement qui s&rsquo;est fait en fort peu de temps, en telle sorte que plus de deux cent cinquante eccl\u00e9siastiques y ont \u00e9t\u00e9 re\u00e7us pendant la vie de M. Vincent; entre lesquels il s&rsquo;en est trouv\u00e9 plusieurs tr\u00e8s consid\u00e9rables, soit par leur naissance, soit par leur doctrine, y en a plus de quarante qui \u00e9taient docteurs en la facult\u00e9 de Paris. Or, quoique le dessein de M. Vincent et de tous ceux qui la composaient ne f\u00fbt point de se produire, mais plut\u00f4t d&rsquo;honorer la vie cach\u00e9e de Notre-Seigneur, demeurant inconnus autant qu&rsquo;ils pourraient, travaillant avec humilit\u00e9 dans les emplois les moins estim\u00e9s, mais les plus utiles et avantageux au salut des \u00e2mes, particuli\u00e8rement des pauvres, allant cat\u00e9chiser et confesser dans les h\u00f4pitaux, dans les prisons ou dans les villages; Dieu n&rsquo;a pas voulu n\u00e9anmoins que cette petite cit\u00e9 qu&rsquo;il avait \u00e9difi\u00e9e par la main de son serviteur, sur la montagne de la charit\u00e9, demeur\u00e2t longtemps cach\u00e9e; mais il l&rsquo;a manifest\u00e9e en diverses occasions, ainsi que nous allons voir, par les b\u00e9n\u00e9dictions qu&rsquo;il lui a plu verser sur ses emplois, et outre cela sa Providence en a voulu tirer jusqu&rsquo;\u00e0 vingt-deux pr\u00e9lats, tant archev\u00eaques qu&rsquo;\u00e9v\u00eaques, pour travailler tr\u00e8s utilement, comme ils ont fait et font encore dans leurs dioc\u00e8ses; auxquels on pourrait ajouter un grand nombre de vicaires g\u00e9n\u00e9raux, officiaux, archidiacres, cur\u00e9s, chanoines, directeurs de s\u00e9minaires, sup\u00e9rieurs, visiteurs et confesseurs de religieuses, qui sont sortis de la m\u00eame Compagnie et qui repandent de tous c\u00f4t\u00e9s la bonne odeur de J\u00e9sus-Christ par l&rsquo;exemple de leurs vertus.<\/p>\n<p>Sur quoi il faut observer que c&rsquo;est principalement du chef de cette Compagnie, savoir de M. Vincent, que cette b\u00e9n\u00e9diction s&rsquo;est r\u00e9pandue sur tous les membres qui la composent, lesquels par la d\u00e9pendance et liaison qu&rsquo;ils ont eues par ce moyen avec ce p\u00e8re des Missionnaires, ont particip\u00e9 en quelque fa\u00e7on aux influences salutaires qu&rsquo;il communiquait \u00e0 tout le corps de sa Congr\u00e9gation, dans lequel il avait d\u00e8s le commencement introduit cette sainte pratique de faire des conf\u00e9rences pour s&rsquo;entretenir sur les vertus et sur les devoirs de la vie eccl\u00e9siastique: en sorte que, voyant par exp\u00e9rience le grand bien qui r\u00e9ussissait de ces conf\u00e9rences spirituelles pour l&rsquo;avancement int\u00e9rieur des sujets de sa Congr\u00e9gation, il jugea que l&rsquo;usage de ces m\u00eames conf\u00e9rences ne serait pas moins avantageux aux pr\u00eatres de dehors: et ce fut dans cette vue qu&rsquo;il l&rsquo;\u00e9tablit en la mani\u00e8re que nous avons dite en la section pr\u00e9c\u00e9dente. A ce sujet, parlant un jour \u00e0 sa communaut\u00e9 de Saint-Lazare, il dit: \u00ab S&rsquo;il y a des personnes au monde qui soient oblig\u00e9es de se servir et de profiter des conf\u00e9rences, il semble que ce sont les pr\u00eatres de la Congr\u00e9gation de la Mission; parce que c&rsquo;est \u00e0 eux que Dieu s&rsquo;est adress\u00e9 pour introduire dans le monde, parmi les eccl\u00e9siastiques, de faire des conf\u00e9rences sur les vertus particuli\u00e8res. Quand je vins \u00e0 Paris, je n&rsquo;avais jamais vu de semblables conf\u00e9rences, au moins sur des vertus propres \u00e0 son \u00e9tat particulier, et pour bien vivre en sa condition; mais bien des acad\u00e9mies o\u00f9 l&rsquo;on conf\u00e9rait de quelques points de doctrine, et en quelques lieux des cas de conscience. Il y a environ cinquante ans que Mgr le cardinal de Sourdis introduisit dans son dioc\u00e8se de Bordeaux cette mani\u00e8re de traiter de quelques points de la th\u00e9ologie morale, assemblant les cur\u00e9s et les autres pr\u00eatres pour leur donner le moyen de s&rsquo;en mieux instruire, et cela avec succ\u00e8s: mais sur des vertus propres \u00e0 son \u00e9tat et entre des eccl\u00e9siastiques du clerg\u00e9 comme nous, il ne s&rsquo;en \u00e9tait point vu jusqu\u2019\u00e0 nous, et pour le moins je ne l&rsquo;ai point vu, ni ou\u00ef dire. Il est bien vrai que plusieurs bons religieux sont dans cette sainte pratique, ainsi que les anciens moines y \u00e9taient autrefois: mais quoi qu&rsquo;il en soit, c&rsquo;est \u00e0 cette ch\u00e9tive Congr\u00e9gation qu&rsquo;il a plu \u00e0 Dieu s&rsquo;adresser en ce si\u00e8cle pour l&rsquo;\u00e9tablir au dehors, non seulement comme un antidote propre pour les bons pr\u00eatres, qui demeurent expos\u00e9s pour le service des \u00e2mes \u00e0 l&rsquo;air corrompu du monde, mais aussi pour les aider \u00e0 se perfectionner en leur profession. C&rsquo;est donc \u00e0 la Congr\u00e9gation de la Mission que Dieu a inspir\u00e9 de s&rsquo;exciter et de s&rsquo;affectionner, en la mani\u00e8re que nous le faisons, \u00e0 l&rsquo;exercice des vertus par les conf\u00e9rences, dans lesquelles on traite des motifs de les acqu\u00e9rir, de leur nature, de leurs actes particuliers, des moyens de les mettre en pratique, et enfin des obligations de notre \u00e9tat, tant envers Dieu qu&rsquo;envers le prochain: voil\u00e0 quelle est la fin de ces conf\u00e9rences. Or que serait-ce de nous si nous \u00e9tions les premiers \u00e0 les n\u00e9gliger ? Quel compte aurions-nous \u00e0 rendre \u00e0 Dieu si nous venions \u00e0 m\u00e9priser des moyens si utiles et si efficaces, que ces anciens p\u00e8res et anachor\u00e8tes embrassaient avec tant d&rsquo;avidit\u00e9, ainsi que Cassien le rapporte dans un livre qu&rsquo;il en a fait ? Il faut que j&rsquo;avoue par ma propre exp\u00e9rience qu&rsquo;il n&rsquo;y a rien de si touchant, rien qui m&rsquo;attendrisse tant, rien de tout ce que j&rsquo;entends, que je lis ou que je vois, qui me p\u00e9n\u00e8tre \u00e0 l&rsquo;\u00e9gal de ces conf\u00e9rences. \u00bb<\/p>\n<p>Outre ces premiers fruits, qui ont \u00e9t\u00e9 comme int\u00e9rieurs \u00e0 cette Compagnie des eccl\u00e9siastiques qui s&rsquo;assemblent \u00e0 Saint-Lazare, il y en a plusieurs autres tr\u00e8s consid\u00e9rables qu&rsquo;elle a produits au dehors. Et premi\u00e8rement, l&rsquo;on peut rapporter entre ces fruits les effets salutaires que les bons exemples des eccl\u00e9siastiques de cette Compagnie ont produits parmi les autres, car ces messieurs de la conf\u00e9rence \u00e9tant pour la plupart assez consid\u00e9rables \u00e0 raison de leur condition, ou de leur doctrine, ou des charges et b\u00e9n\u00e9fices qu&rsquo;ils tenaient dans l&rsquo;\u00c9glise, leur vie exemplaire a \u00e9t\u00e9 de grand poids pour porter les autres \u00e0 les imiter, soit en la modestie de leurs habits et de leurs cheveux, soit en leur \u00e9loignement des compagnies et des fa\u00e7ons de faire du monde, soit en leur application aux \u0153uvres de charit\u00e9 et autres fonctions propres de leur minist\u00e8re; \u00e0 quoi un grand nombre d&rsquo;autres ont \u00e9t\u00e9 attir\u00e9s et se sont port\u00e9s \u00e0 faire semblable: ce qui a donn\u00e9 en plusieurs lieux un grand sujet d&rsquo;\u00e9dification.<\/p>\n<p>En second lieu, M. Vincent a souvent employ\u00e9 les plus savants et les plus pieux de cette Compagnie \u00e0 faire les entretiens de l&rsquo;ordination, afin que leurs exhortations qui \u00e9taient jointes aux exemples de leur vie, pussent profiter doublement \u00e0 ce grand nombre d&rsquo;ordinands qui se trouvent \u00e0 Paris, de tous les dioc\u00e8ses de France; voyant d&rsquo;un c\u00f4t\u00e9 des mod\u00e8les parfaits de la forme qu&rsquo;ils devaient prendre, et d&rsquo;un autre ils apprenaient de leur bouche ce qu&rsquo;ils devaient savoir et faire pour leur ressembler. En quoi M. Vincent a imit\u00e9 le grand ouvrier de la nature, qui fait que les fruits d&rsquo;un arbre produisent d&rsquo;autres arbres semblables, et que les enfants d&rsquo;un p\u00e8re deviennent les p\u00e8res d&rsquo;autres enfants; car cette compagnie d&rsquo;eccl\u00e9siastiques \u00e9tant une production des premiers exercices de l&rsquo;ordination, elle est aussi devenue la cause de plusieurs bons effets \u00e0 l&rsquo;\u00e9gard de ceux qui passent par les m\u00eames exercices.<\/p>\n<p>En troisi\u00e8me lieu, messieurs. les eccl\u00e9siastiques de la m\u00eame Compagnie ont \u00e9t\u00e9 souvent envoy\u00e9s ou appel\u00e9s expr\u00e8s en d&rsquo;autres dioc\u00e8ses pour y travailler, soit aux exercices des ordinands, ou aux retraites spirituelles que quelques-uns de MM. les \u00e9v\u00eaques ont fait faire aux cur\u00e9s, vicaires, et autres eccl\u00e9siastiques de leurs dioc\u00e8ses. Quelques-uns m\u00eame, \u00e9tant all\u00e9s aux champs pour leurs affaires, se sont servis de l&rsquo;occasion de leurs voyages pour assembler les eccl\u00e9siastiques des lieux o\u00f9 ils se trouvaient, et les porter \u00e0 faire entre eux des conf\u00e9rences spirituelles touchant leurs fonctions et emplois; comme aussi \u00e0 s&rsquo;adonner \u00e0 l&rsquo;oraison mentale, et \u00e0 la pratique des vertus conformes \u00e0 leur vocation. Et comme une des fins de leur Compagnie est de s&#8217;employer autant qu&rsquo;ils pourront pour procurer le bien spirituel des pr\u00eatres, ils ont souvent et notablement contribu\u00e9 de leurs soins et de leurs aum\u00f4nes \u00e0 l&rsquo;\u00e9gard des pauvres pr\u00eatres qui se trouvaient non seulement dans la n\u00e9cessit\u00e9, mais aussi dans le d\u00e9sordre, ils les ont port\u00e9s \u00e0 une v\u00e9ritable conversion, et ont par ce moyen \u00f4t\u00e9 le scandale de l&rsquo;\u00c9glise.<\/p>\n","protected":false},"excerpt":{"rendered":"<p>Section II\u00a0: Les progres de cette compagnie et les fruits qui en ont r\u00e9sulte Cette Compagnie, ayant eu de si bons commencements par la sage conduite de M. Vincent, a toujours continu\u00e9 avec de nouvelles &#8230; <a href=\"http:\/\/vincentians.com\/fr\/la-vie-du-venerable-serviteur-de-dieu-vincent-de-paul-livre-second-chapitre-iii-section-ii\/\" class=\"more-link\">Read More<\/a><\/p>\n","protected":false},"author":4,"featured_media":149583,"comment_status":"open","ping_status":"open","sticky":false,"template":"","format":"standard","meta":{"jetpack_post_was_ever_published":false,"_jetpack_newsletter_access":"","_jetpack_dont_email_post_to_subs":false,"_jetpack_newsletter_tier_id":0,"_jetpack_memberships_contains_paywalled_content":false,"_jetpack_memberships_contains_paid_content":false,"footnotes":"","jetpack_publicize_message":"","jetpack_publicize_feature_enabled":true,"jetpack_social_post_already_shared":true,"jetpack_social_options":{"image_generator_settings":{"template":"highway","default_image_id":0,"font":"","enabled":false},"version":2}},"categories":[5],"tags":[],"class_list":["post-106289","post","type-post","status-publish","format-standard","has-post-thumbnail","hentry","category-vincent-de-paul"],"yoast_head":"<!-- This site is optimized with the Yoast SEO plugin v26.3 - https:\/\/yoast.com\/wordpress\/plugins\/seo\/ -->\n<title>La vie du v\u00e9n\u00e9rable serviteur de Dieu Vincent de Paul, Livre second, Chapitre III, Section II - Nous Sommes Vincentiens<\/title>\n<meta name=\"robots\" content=\"index, follow, max-snippet:-1, max-image-preview:large, max-video-preview:-1\" \/>\n<link rel=\"canonical\" href=\"http:\/\/vincentians.com\/fr\/la-vie-du-venerable-serviteur-de-dieu-vincent-de-paul-livre-second-chapitre-iii-section-ii\/\" \/>\n<meta property=\"og:locale\" content=\"fr_FR\" \/>\n<meta property=\"og:type\" content=\"article\" \/>\n<meta property=\"og:title\" content=\"La vie du v\u00e9n\u00e9rable serviteur de Dieu Vincent de Paul, Livre second, Chapitre III, Section II - Nous Sommes Vincentiens\" \/>\n<meta property=\"og:description\" content=\"Section II\u00a0: Les progres de cette compagnie et les fruits qui en ont r\u00e9sulte Cette Compagnie, ayant eu de si bons commencements par la sage conduite de M. Vincent, a toujours continu\u00e9 avec de nouvelles ... Read More\" \/>\n<meta property=\"og:url\" content=\"http:\/\/vincentians.com\/fr\/la-vie-du-venerable-serviteur-de-dieu-vincent-de-paul-livre-second-chapitre-iii-section-ii\/\" \/>\n<meta property=\"og:site_name\" content=\"Nous Sommes Vincentiens\" \/>\n<meta property=\"article:publisher\" content=\"https:\/\/www.facebook.com\/WeAreVincentians\/\" \/>\n<meta property=\"article:author\" content=\"https:\/\/www.facebook.com\/JavierChento\" \/>\n<meta property=\"article:published_time\" content=\"2013-04-13T06:19:43+00:00\" \/>\n<meta property=\"og:image\" content=\"https:\/\/i0.wp.com\/vincentians.com\/fr\/wp-content\/uploads\/sites\/10\/2016\/07\/abelly-feat.jpg?fit=1200%2C630\" \/>\n\t<meta property=\"og:image:width\" content=\"1200\" \/>\n\t<meta property=\"og:image:height\" content=\"630\" \/>\n\t<meta property=\"og:image:type\" content=\"image\/jpeg\" \/>\n<meta name=\"author\" content=\"Francisco Javier Fern\u00e1ndez Chento\" \/>\n<meta name=\"twitter:card\" content=\"summary_large_image\" \/>\n<meta name=\"twitter:creator\" content=\"@https:\/\/twitter.com\/javierchento\" \/>\n<meta name=\"twitter:site\" content=\"@WeVincentians\" \/>\n<meta name=\"twitter:label1\" content=\"\u00c9crit par\" \/>\n\t<meta name=\"twitter:data1\" content=\"Francisco Javier Fern\u00e1ndez Chento\" \/>\n\t<meta name=\"twitter:label2\" content=\"Dur\u00e9e de lecture estim\u00e9e\" \/>\n\t<meta name=\"twitter:data2\" content=\"8 minutes\" \/>\n<script type=\"application\/ld+json\" class=\"yoast-schema-graph\">{\"@context\":\"https:\/\/schema.org\",\"@graph\":[{\"@type\":\"WebPage\",\"@id\":\"http:\/\/vincentians.com\/fr\/la-vie-du-venerable-serviteur-de-dieu-vincent-de-paul-livre-second-chapitre-iii-section-ii\/\",\"url\":\"http:\/\/vincentians.com\/fr\/la-vie-du-venerable-serviteur-de-dieu-vincent-de-paul-livre-second-chapitre-iii-section-ii\/\",\"name\":\"La vie du v\u00e9n\u00e9rable serviteur de Dieu Vincent de Paul, Livre second, Chapitre III, Section II - Nous Sommes Vincentiens\",\"isPartOf\":{\"@id\":\"http:\/\/vincentians.com\/fr\/#website\"},\"primaryImageOfPage\":{\"@id\":\"http:\/\/vincentians.com\/fr\/la-vie-du-venerable-serviteur-de-dieu-vincent-de-paul-livre-second-chapitre-iii-section-ii\/#primaryimage\"},\"image\":{\"@id\":\"http:\/\/vincentians.com\/fr\/la-vie-du-venerable-serviteur-de-dieu-vincent-de-paul-livre-second-chapitre-iii-section-ii\/#primaryimage\"},\"thumbnailUrl\":\"https:\/\/i0.wp.com\/vincentians.com\/fr\/wp-content\/uploads\/sites\/10\/2016\/07\/abelly-feat.jpg?fit=1200%2C630\",\"datePublished\":\"2013-04-13T06:19:43+00:00\",\"author\":{\"@id\":\"http:\/\/vincentians.com\/fr\/#\/schema\/person\/9623ef4d9aa3b2dfb8c061f1499288f2\"},\"breadcrumb\":{\"@id\":\"http:\/\/vincentians.com\/fr\/la-vie-du-venerable-serviteur-de-dieu-vincent-de-paul-livre-second-chapitre-iii-section-ii\/#breadcrumb\"},\"inLanguage\":\"fr-FR\",\"potentialAction\":[{\"@type\":\"ReadAction\",\"target\":[\"http:\/\/vincentians.com\/fr\/la-vie-du-venerable-serviteur-de-dieu-vincent-de-paul-livre-second-chapitre-iii-section-ii\/\"]}]},{\"@type\":\"ImageObject\",\"inLanguage\":\"fr-FR\",\"@id\":\"http:\/\/vincentians.com\/fr\/la-vie-du-venerable-serviteur-de-dieu-vincent-de-paul-livre-second-chapitre-iii-section-ii\/#primaryimage\",\"url\":\"https:\/\/i0.wp.com\/vincentians.com\/fr\/wp-content\/uploads\/sites\/10\/2016\/07\/abelly-feat.jpg?fit=1200%2C630\",\"contentUrl\":\"https:\/\/i0.wp.com\/vincentians.com\/fr\/wp-content\/uploads\/sites\/10\/2016\/07\/abelly-feat.jpg?fit=1200%2C630\",\"width\":1200,\"height\":630},{\"@type\":\"BreadcrumbList\",\"@id\":\"http:\/\/vincentians.com\/fr\/la-vie-du-venerable-serviteur-de-dieu-vincent-de-paul-livre-second-chapitre-iii-section-ii\/#breadcrumb\",\"itemListElement\":[{\"@type\":\"ListItem\",\"position\":1,\"name\":\"Portada\",\"item\":\"http:\/\/vincentians.com\/fr\/\"},{\"@type\":\"ListItem\",\"position\":2,\"name\":\"La vie du v\u00e9n\u00e9rable serviteur de Dieu Vincent de Paul, Livre second, Chapitre III, Section II\"}]},{\"@type\":\"WebSite\",\"@id\":\"http:\/\/vincentians.com\/fr\/#website\",\"url\":\"http:\/\/vincentians.com\/fr\/\",\"name\":\"Nous Sommes Vincentiens\",\"description\":\"Know more to serve more\",\"potentialAction\":[{\"@type\":\"SearchAction\",\"target\":{\"@type\":\"EntryPoint\",\"urlTemplate\":\"http:\/\/vincentians.com\/fr\/?s={search_term_string}\"},\"query-input\":{\"@type\":\"PropertyValueSpecification\",\"valueRequired\":true,\"valueName\":\"search_term_string\"}}],\"inLanguage\":\"fr-FR\"},{\"@type\":\"Person\",\"@id\":\"http:\/\/vincentians.com\/fr\/#\/schema\/person\/9623ef4d9aa3b2dfb8c061f1499288f2\",\"name\":\"Francisco Javier Fern\u00e1ndez Chento\",\"image\":{\"@type\":\"ImageObject\",\"inLanguage\":\"fr-FR\",\"@id\":\"http:\/\/vincentians.com\/fr\/#\/schema\/person\/image\/\",\"url\":\"https:\/\/secure.gravatar.com\/avatar\/497d5cde87b4c3d097d0315953521681ba2cd523ee66e5077c3711f7021e65de?s=96&d=mm&r=g\",\"contentUrl\":\"https:\/\/secure.gravatar.com\/avatar\/497d5cde87b4c3d097d0315953521681ba2cd523ee66e5077c3711f7021e65de?s=96&d=mm&r=g\",\"caption\":\"Francisco Javier Fern\u00e1ndez Chento\"},\"description\":\"Director General y cofundador de La Red de Formaci\u00f3n Vicenciana. Javier es laico vicenciano, afiliado a la Congregaci\u00f3n de la Misi\u00f3n y miembro del Equipo de Misiones Populares de la provincia can\u00f3nica de Zaragoza (Espa\u00f1a) de la Congregaci\u00f3n de la Misi\u00f3n. Graduado en la Universidad Oberta de Catalunya con cuatro grados (Asistente de direcci\u00f3n, Gesti\u00f3n Administrativa, Recursos Humanos y Contabilidad Avanzada). Bil\u00edng\u00fce Espa\u00f1ol\/Ingl\u00e9s. gestiona y mantiene varias p\u00e1ginas web cristianas y vicencianas, incluida including La Red de Formaci\u00f3n Vicenciana, de la que es cofundador. Actualmente es responsable del \u00e1rea de Espa\u00f1ol de .famvin, la Red de Noticias de la Familia Vicenciana. Tambi\u00e9n es m\u00fasico cat\u00f3lico y ha editado varios discos. Es Director General y cofundador de Trovador, una reconocida compa\u00f1\u00eda discogr\u00e1fica critiana de Espa\u00f1a. Trabaja en las Tecnolog\u00edas de la Informaci\u00f3n, ofreciendo servicios de alojamiento, dise\u00f1o y mantenimiento Web, as\u00ed como asesoramiento, formaci\u00f3n y soluciones inform\u00e1ticas, gesti\u00f3n documental y digitalizaci\u00f3n de textos, edici\u00f3n y maquetaci\u00f3n de libros, revistas, flyers, etc.\",\"sameAs\":[\"http:\/\/chento.org\",\"https:\/\/www.facebook.com\/JavierChento\",\"https:\/\/x.com\/https:\/\/twitter.com\/javierchento\"],\"url\":\"http:\/\/vincentians.com\/fr\/author\/chento\/\"}]}<\/script>\n<!-- \/ Yoast SEO plugin. -->","yoast_head_json":{"title":"La vie du v\u00e9n\u00e9rable serviteur de Dieu Vincent de Paul, Livre second, Chapitre III, Section II - Nous Sommes Vincentiens","robots":{"index":"index","follow":"follow","max-snippet":"max-snippet:-1","max-image-preview":"max-image-preview:large","max-video-preview":"max-video-preview:-1"},"canonical":"http:\/\/vincentians.com\/fr\/la-vie-du-venerable-serviteur-de-dieu-vincent-de-paul-livre-second-chapitre-iii-section-ii\/","og_locale":"fr_FR","og_type":"article","og_title":"La vie du v\u00e9n\u00e9rable serviteur de Dieu Vincent de Paul, Livre second, Chapitre III, Section II - Nous Sommes Vincentiens","og_description":"Section II\u00a0: Les progres de cette compagnie et les fruits qui en ont r\u00e9sulte Cette Compagnie, ayant eu de si bons commencements par la sage conduite de M. Vincent, a toujours continu\u00e9 avec de nouvelles ... Read More","og_url":"http:\/\/vincentians.com\/fr\/la-vie-du-venerable-serviteur-de-dieu-vincent-de-paul-livre-second-chapitre-iii-section-ii\/","og_site_name":"Nous Sommes Vincentiens","article_publisher":"https:\/\/www.facebook.com\/WeAreVincentians\/","article_author":"https:\/\/www.facebook.com\/JavierChento","article_published_time":"2013-04-13T06:19:43+00:00","og_image":[{"width":1200,"height":630,"url":"https:\/\/i0.wp.com\/vincentians.com\/fr\/wp-content\/uploads\/sites\/10\/2016\/07\/abelly-feat.jpg?fit=1200%2C630","type":"image\/jpeg"}],"author":"Francisco Javier Fern\u00e1ndez Chento","twitter_card":"summary_large_image","twitter_creator":"@https:\/\/twitter.com\/javierchento","twitter_site":"@WeVincentians","twitter_misc":{"\u00c9crit par":"Francisco Javier Fern\u00e1ndez Chento","Dur\u00e9e de lecture estim\u00e9e":"8 minutes"},"schema":{"@context":"https:\/\/schema.org","@graph":[{"@type":"WebPage","@id":"http:\/\/vincentians.com\/fr\/la-vie-du-venerable-serviteur-de-dieu-vincent-de-paul-livre-second-chapitre-iii-section-ii\/","url":"http:\/\/vincentians.com\/fr\/la-vie-du-venerable-serviteur-de-dieu-vincent-de-paul-livre-second-chapitre-iii-section-ii\/","name":"La vie du v\u00e9n\u00e9rable serviteur de Dieu Vincent de Paul, Livre second, Chapitre III, Section II - Nous Sommes Vincentiens","isPartOf":{"@id":"http:\/\/vincentians.com\/fr\/#website"},"primaryImageOfPage":{"@id":"http:\/\/vincentians.com\/fr\/la-vie-du-venerable-serviteur-de-dieu-vincent-de-paul-livre-second-chapitre-iii-section-ii\/#primaryimage"},"image":{"@id":"http:\/\/vincentians.com\/fr\/la-vie-du-venerable-serviteur-de-dieu-vincent-de-paul-livre-second-chapitre-iii-section-ii\/#primaryimage"},"thumbnailUrl":"https:\/\/i0.wp.com\/vincentians.com\/fr\/wp-content\/uploads\/sites\/10\/2016\/07\/abelly-feat.jpg?fit=1200%2C630","datePublished":"2013-04-13T06:19:43+00:00","author":{"@id":"http:\/\/vincentians.com\/fr\/#\/schema\/person\/9623ef4d9aa3b2dfb8c061f1499288f2"},"breadcrumb":{"@id":"http:\/\/vincentians.com\/fr\/la-vie-du-venerable-serviteur-de-dieu-vincent-de-paul-livre-second-chapitre-iii-section-ii\/#breadcrumb"},"inLanguage":"fr-FR","potentialAction":[{"@type":"ReadAction","target":["http:\/\/vincentians.com\/fr\/la-vie-du-venerable-serviteur-de-dieu-vincent-de-paul-livre-second-chapitre-iii-section-ii\/"]}]},{"@type":"ImageObject","inLanguage":"fr-FR","@id":"http:\/\/vincentians.com\/fr\/la-vie-du-venerable-serviteur-de-dieu-vincent-de-paul-livre-second-chapitre-iii-section-ii\/#primaryimage","url":"https:\/\/i0.wp.com\/vincentians.com\/fr\/wp-content\/uploads\/sites\/10\/2016\/07\/abelly-feat.jpg?fit=1200%2C630","contentUrl":"https:\/\/i0.wp.com\/vincentians.com\/fr\/wp-content\/uploads\/sites\/10\/2016\/07\/abelly-feat.jpg?fit=1200%2C630","width":1200,"height":630},{"@type":"BreadcrumbList","@id":"http:\/\/vincentians.com\/fr\/la-vie-du-venerable-serviteur-de-dieu-vincent-de-paul-livre-second-chapitre-iii-section-ii\/#breadcrumb","itemListElement":[{"@type":"ListItem","position":1,"name":"Portada","item":"http:\/\/vincentians.com\/fr\/"},{"@type":"ListItem","position":2,"name":"La vie du v\u00e9n\u00e9rable serviteur de Dieu Vincent de Paul, Livre second, Chapitre III, Section II"}]},{"@type":"WebSite","@id":"http:\/\/vincentians.com\/fr\/#website","url":"http:\/\/vincentians.com\/fr\/","name":"Nous Sommes Vincentiens","description":"Know more to serve more","potentialAction":[{"@type":"SearchAction","target":{"@type":"EntryPoint","urlTemplate":"http:\/\/vincentians.com\/fr\/?s={search_term_string}"},"query-input":{"@type":"PropertyValueSpecification","valueRequired":true,"valueName":"search_term_string"}}],"inLanguage":"fr-FR"},{"@type":"Person","@id":"http:\/\/vincentians.com\/fr\/#\/schema\/person\/9623ef4d9aa3b2dfb8c061f1499288f2","name":"Francisco Javier Fern\u00e1ndez Chento","image":{"@type":"ImageObject","inLanguage":"fr-FR","@id":"http:\/\/vincentians.com\/fr\/#\/schema\/person\/image\/","url":"https:\/\/secure.gravatar.com\/avatar\/497d5cde87b4c3d097d0315953521681ba2cd523ee66e5077c3711f7021e65de?s=96&d=mm&r=g","contentUrl":"https:\/\/secure.gravatar.com\/avatar\/497d5cde87b4c3d097d0315953521681ba2cd523ee66e5077c3711f7021e65de?s=96&d=mm&r=g","caption":"Francisco Javier Fern\u00e1ndez Chento"},"description":"Director General y cofundador de La Red de Formaci\u00f3n Vicenciana. Javier es laico vicenciano, afiliado a la Congregaci\u00f3n de la Misi\u00f3n y miembro del Equipo de Misiones Populares de la provincia can\u00f3nica de Zaragoza (Espa\u00f1a) de la Congregaci\u00f3n de la Misi\u00f3n. Graduado en la Universidad Oberta de Catalunya con cuatro grados (Asistente de direcci\u00f3n, Gesti\u00f3n Administrativa, Recursos Humanos y Contabilidad Avanzada). Bil\u00edng\u00fce Espa\u00f1ol\/Ingl\u00e9s. gestiona y mantiene varias p\u00e1ginas web cristianas y vicencianas, incluida including La Red de Formaci\u00f3n Vicenciana, de la que es cofundador. Actualmente es responsable del \u00e1rea de Espa\u00f1ol de .famvin, la Red de Noticias de la Familia Vicenciana. Tambi\u00e9n es m\u00fasico cat\u00f3lico y ha editado varios discos. Es Director General y cofundador de Trovador, una reconocida compa\u00f1\u00eda discogr\u00e1fica critiana de Espa\u00f1a. Trabaja en las Tecnolog\u00edas de la Informaci\u00f3n, ofreciendo servicios de alojamiento, dise\u00f1o y mantenimiento Web, as\u00ed como asesoramiento, formaci\u00f3n y soluciones inform\u00e1ticas, gesti\u00f3n documental y digitalizaci\u00f3n de textos, edici\u00f3n y maquetaci\u00f3n de libros, revistas, flyers, etc.","sameAs":["http:\/\/chento.org","https:\/\/www.facebook.com\/JavierChento","https:\/\/x.com\/https:\/\/twitter.com\/javierchento"],"url":"http:\/\/vincentians.com\/fr\/author\/chento\/"}]}},"jetpack_publicize_connections":[],"jetpack_featured_media_url":"https:\/\/i0.wp.com\/vincentians.com\/fr\/wp-content\/uploads\/sites\/10\/2016\/07\/abelly-feat.jpg?fit=1200%2C630","jetpack_sharing_enabled":true,"jetpack_shortlink":"https:\/\/wp.me\/p7ETMP-rEl","jetpack-related-posts":[{"id":52035,"url":"http:\/\/vincentians.com\/fr\/saint-vincent-de-paul-et-sa-mission-sociale-ii-les-oeuvres-2\/","url_meta":{"origin":106289,"position":0},"title":"Saint Vincent De Paul Et Sa Mission Sociale. II &#8211; Les \u0152uvres (2)","author":"Francisco Javier Fern\u00e1ndez Chento","date":"22\/12\/2014","format":false,"excerpt":"LA CONGR\u00c9GATION DE LA MISSION. \u2014 Fondation de la Mission. \u2014 Madame de Gondi. \u2014 Vincent de Paul est nomm\u00e9 sup\u00e9rieur du coll\u00e8ge des Bons-Enfants. \u2014 Les fondateurs d\u2019ordre. \u2014 But de la Congr\u00e9gation de la Mission. \u2014 L\u2019\u00e9vang\u00e9lisation des pauvres. \u2014 \u00c9tablissement \u00e0 Saint-Lazare. \u2014 Premiers travaux des missionnaires.\u2026","rel":"","context":"Dans &quot;Vincent de Paul&quot;","block_context":{"text":"Vincent de Paul","link":"http:\/\/vincentians.com\/fr\/category\/the-vincentian-family\/founders\/vincent-de-paul\/"},"img":{"alt_text":"","src":"https:\/\/i0.wp.com\/vincentians.com\/fr\/wp-content\/uploads\/sites\/10\/2016\/07\/vincent-et-sa-action-sociale.jpg?fit=1160%2C630&resize=350%2C200","width":350,"height":200,"srcset":"https:\/\/i0.wp.com\/vincentians.com\/fr\/wp-content\/uploads\/sites\/10\/2016\/07\/vincent-et-sa-action-sociale.jpg?fit=1160%2C630&resize=350%2C200 1x, https:\/\/i0.wp.com\/vincentians.com\/fr\/wp-content\/uploads\/sites\/10\/2016\/07\/vincent-et-sa-action-sociale.jpg?fit=1160%2C630&resize=525%2C300 1.5x, https:\/\/i0.wp.com\/vincentians.com\/fr\/wp-content\/uploads\/sites\/10\/2016\/07\/vincent-et-sa-action-sociale.jpg?fit=1160%2C630&resize=700%2C400 2x, https:\/\/i0.wp.com\/vincentians.com\/fr\/wp-content\/uploads\/sites\/10\/2016\/07\/vincent-et-sa-action-sociale.jpg?fit=1160%2C630&resize=1050%2C600 3x"},"classes":[]},{"id":106658,"url":"http:\/\/vincentians.com\/fr\/la-vie-du-venerable-serviteur-de-dieu-vincent-de-paul-livre-second-chapitre-dernier-section-ii\/","url_meta":{"origin":106289,"position":1},"title":"La vie du v\u00e9n\u00e9rable serviteur de Dieu Vincent de Paul, Livre second, Chapitre Dernier, Section II","author":"Francisco Javier Fern\u00e1ndez Chento","date":"14\/11\/2013","format":false,"excerpt":"Section II\u00a0: R\u00e9solutions qui furent prises par les avis de M. Vincent touchant les mati\u00e8res b\u00e9n\u00e9ficiales Monsieur Vincent, ayant eu entr\u00e9e dans le conseil en la mani\u00e8re que nous venons de dire, crut qu'il devait avant toute autre chose porter la Reine et MM. du conseil \u00e0 prendre quelques r\u00e9solutions\u2026","rel":"","context":"Dans &quot;Vincent de Paul&quot;","block_context":{"text":"Vincent de Paul","link":"http:\/\/vincentians.com\/fr\/category\/the-vincentian-family\/founders\/vincent-de-paul\/"},"img":{"alt_text":"","src":"https:\/\/i0.wp.com\/vincentians.com\/fr\/wp-content\/uploads\/sites\/10\/2016\/07\/abelly-feat.jpg?fit=1200%2C630&resize=350%2C200","width":350,"height":200,"srcset":"https:\/\/i0.wp.com\/vincentians.com\/fr\/wp-content\/uploads\/sites\/10\/2016\/07\/abelly-feat.jpg?fit=1200%2C630&resize=350%2C200 1x, https:\/\/i0.wp.com\/vincentians.com\/fr\/wp-content\/uploads\/sites\/10\/2016\/07\/abelly-feat.jpg?fit=1200%2C630&resize=525%2C300 1.5x, https:\/\/i0.wp.com\/vincentians.com\/fr\/wp-content\/uploads\/sites\/10\/2016\/07\/abelly-feat.jpg?fit=1200%2C630&resize=700%2C400 2x, https:\/\/i0.wp.com\/vincentians.com\/fr\/wp-content\/uploads\/sites\/10\/2016\/07\/abelly-feat.jpg?fit=1200%2C630&resize=1050%2C600 3x"},"classes":[]},{"id":52052,"url":"http:\/\/vincentians.com\/fr\/saint-vincent-de-paul-et-sa-mission-sociale-iii-laction-1\/","url_meta":{"origin":106289,"position":2},"title":"Saint Vincent De Paul Et Sa Mission Sociale. III &#8211; L\u2019action (1)","author":"Francisco Javier Fern\u00e1ndez Chento","date":"25\/12\/2014","format":false,"excerpt":"LES MISSIONS. \u2014 Saint Vincent de Paul missionnaire. \u2014 Organisation des missions rurales. \u2014 Vertus et qualit\u00e9s des missionnaires. \u2014 La pr\u00e9dication d\u2019apr\u00e8s le saint. \u2014 Sa conduite envers les h\u00e9r\u00e9tiques et les infid\u00e8les. \u2014 Les imitateurs de Vincent de Paul. \u2014 Fruits du nouvel apostolat. \u2014 Missions \u00e0 la\u2026","rel":"","context":"Dans &quot;Vincent de Paul&quot;","block_context":{"text":"Vincent de Paul","link":"http:\/\/vincentians.com\/fr\/category\/the-vincentian-family\/founders\/vincent-de-paul\/"},"img":{"alt_text":"","src":"https:\/\/i0.wp.com\/vincentians.com\/fr\/wp-content\/uploads\/sites\/10\/2016\/07\/vincent-et-sa-action-sociale.jpg?fit=1160%2C630&resize=350%2C200","width":350,"height":200,"srcset":"https:\/\/i0.wp.com\/vincentians.com\/fr\/wp-content\/uploads\/sites\/10\/2016\/07\/vincent-et-sa-action-sociale.jpg?fit=1160%2C630&resize=350%2C200 1x, https:\/\/i0.wp.com\/vincentians.com\/fr\/wp-content\/uploads\/sites\/10\/2016\/07\/vincent-et-sa-action-sociale.jpg?fit=1160%2C630&resize=525%2C300 1.5x, https:\/\/i0.wp.com\/vincentians.com\/fr\/wp-content\/uploads\/sites\/10\/2016\/07\/vincent-et-sa-action-sociale.jpg?fit=1160%2C630&resize=700%2C400 2x, https:\/\/i0.wp.com\/vincentians.com\/fr\/wp-content\/uploads\/sites\/10\/2016\/07\/vincent-et-sa-action-sociale.jpg?fit=1160%2C630&resize=1050%2C600 3x"},"classes":[]},{"id":106253,"url":"http:\/\/vincentians.com\/fr\/la-vie-du-venerable-serviteur-de-dieu-vincent-de-paul-livre-second-chapitre-ii-section-v\/","url_meta":{"origin":106289,"position":3},"title":"La vie du v\u00e9n\u00e9rable serviteur de Dieu Vincent de Paul, Livre second, Chapitre II, Section V","author":"Francisco Javier Fern\u00e1ndez Chento","date":"10\/04\/2013","format":false,"excerpt":"Section v\u00a0: quelques exemples des fruits provenus de ces exercices en France Le premier t\u00e9moignage que nous produirons ici sera du m\u00eame M. Vincent, dans une lettre qu'il \u00e9crivit \u00e0 un pr\u00eatre de sa Compagnie qui \u00e9tait \u00e0 Rome\u00a0 en l\u2019ann\u00e9e 1655, o\u00f9 il lui parle de l'abondance de son\u2026","rel":"","context":"Dans &quot;Vincent de Paul&quot;","block_context":{"text":"Vincent de Paul","link":"http:\/\/vincentians.com\/fr\/category\/the-vincentian-family\/founders\/vincent-de-paul\/"},"img":{"alt_text":"","src":"https:\/\/i0.wp.com\/vincentians.com\/fr\/wp-content\/uploads\/sites\/10\/2016\/07\/abelly-feat.jpg?fit=1200%2C630&resize=350%2C200","width":350,"height":200,"srcset":"https:\/\/i0.wp.com\/vincentians.com\/fr\/wp-content\/uploads\/sites\/10\/2016\/07\/abelly-feat.jpg?fit=1200%2C630&resize=350%2C200 1x, https:\/\/i0.wp.com\/vincentians.com\/fr\/wp-content\/uploads\/sites\/10\/2016\/07\/abelly-feat.jpg?fit=1200%2C630&resize=525%2C300 1.5x, https:\/\/i0.wp.com\/vincentians.com\/fr\/wp-content\/uploads\/sites\/10\/2016\/07\/abelly-feat.jpg?fit=1200%2C630&resize=700%2C400 2x, https:\/\/i0.wp.com\/vincentians.com\/fr\/wp-content\/uploads\/sites\/10\/2016\/07\/abelly-feat.jpg?fit=1200%2C630&resize=1050%2C600 3x"},"classes":[]},{"id":45335,"url":"http:\/\/vincentians.com\/fr\/saint-vincent-et-les-missions\/","url_meta":{"origin":106289,"position":4},"title":"Saint Vincent et les Missions","author":"Francisco Javier Fern\u00e1ndez Chento","date":"14\/12\/2014","format":false,"excerpt":"Introduction A.- Lorsque nous essayons d'\u00e9tudier le travail missionnaire de Vincent de Paul et de ses premiers compagnons, nous trouvons une v\u00e9ritable mystique de la Mission; alors que nous d\u00e9sirerions que le Saint nous ait donn\u00e9 aussi une doctrine th\u00e9ologique sur ce qui constitue l'objectif de sa vie, sur ce\u2026","rel":"","context":"Dans &quot;Vincent de Paul&quot;","block_context":{"text":"Vincent de Paul","link":"http:\/\/vincentians.com\/fr\/category\/the-vincentian-family\/founders\/vincent-de-paul\/"},"img":{"alt_text":"Vincent de Paul portrait","src":"https:\/\/i0.wp.com\/vincentiens.org\/wp-content\/uploads\/2014\/12\/Vincent-de-Paul-portrait-300x300.jpg?resize=350%2C200","width":350,"height":200},"classes":[]},{"id":42756,"url":"http:\/\/vincentians.com\/fr\/saint-vincent-de-paul-maitre-doraison-lettre-preface\/","url_meta":{"origin":106289,"position":5},"title":"Saint Vincent De Paul, Ma\u00eetre d\u2019Oraison. Lettre pr\u00e9face","author":"Francisco Javier Fern\u00e1ndez Chento","date":"10\/05\/2015","format":false,"excerpt":"Paris, le 7 octobre 1928 MON CHER ABB\u00c9, Ecrivant le 8 avril 1933 \u00e0 M. Coste, pr\u00eatre de la Mission, \u00e9diteur des entretiens de saint Vincent, c'est \u00e0 savoir : les conf\u00e9rences aux missionnaires et aux Filles de la Charit\u00e9, les r\u00e9p\u00e9titions d\u2019oraison, les conseils, avis et lignes de conduite,\u2026","rel":"","context":"Dans &quot;Vincent de Paul&quot;","block_context":{"text":"Vincent de Paul","link":"http:\/\/vincentians.com\/fr\/category\/the-vincentian-family\/founders\/vincent-de-paul\/"},"img":{"alt_text":"","src":"https:\/\/i0.wp.com\/vincentians.com\/fr\/wp-content\/uploads\/sites\/10\/2016\/07\/vincent-maitre-d-oraison.jpg?fit=1200%2C630&resize=350%2C200","width":350,"height":200,"srcset":"https:\/\/i0.wp.com\/vincentians.com\/fr\/wp-content\/uploads\/sites\/10\/2016\/07\/vincent-maitre-d-oraison.jpg?fit=1200%2C630&resize=350%2C200 1x, https:\/\/i0.wp.com\/vincentians.com\/fr\/wp-content\/uploads\/sites\/10\/2016\/07\/vincent-maitre-d-oraison.jpg?fit=1200%2C630&resize=525%2C300 1.5x, https:\/\/i0.wp.com\/vincentians.com\/fr\/wp-content\/uploads\/sites\/10\/2016\/07\/vincent-maitre-d-oraison.jpg?fit=1200%2C630&resize=700%2C400 2x, https:\/\/i0.wp.com\/vincentians.com\/fr\/wp-content\/uploads\/sites\/10\/2016\/07\/vincent-maitre-d-oraison.jpg?fit=1200%2C630&resize=1050%2C600 3x"},"classes":[]}],"_links":{"self":[{"href":"http:\/\/vincentians.com\/fr\/wp-json\/wp\/v2\/posts\/106289","targetHints":{"allow":["GET"]}}],"collection":[{"href":"http:\/\/vincentians.com\/fr\/wp-json\/wp\/v2\/posts"}],"about":[{"href":"http:\/\/vincentians.com\/fr\/wp-json\/wp\/v2\/types\/post"}],"author":[{"embeddable":true,"href":"http:\/\/vincentians.com\/fr\/wp-json\/wp\/v2\/users\/4"}],"replies":[{"embeddable":true,"href":"http:\/\/vincentians.com\/fr\/wp-json\/wp\/v2\/comments?post=106289"}],"version-history":[{"count":0,"href":"http:\/\/vincentians.com\/fr\/wp-json\/wp\/v2\/posts\/106289\/revisions"}],"wp:featuredmedia":[{"embeddable":true,"href":"http:\/\/vincentians.com\/fr\/wp-json\/wp\/v2\/media\/149583"}],"wp:attachment":[{"href":"http:\/\/vincentians.com\/fr\/wp-json\/wp\/v2\/media?parent=106289"}],"wp:term":[{"taxonomy":"category","embeddable":true,"href":"http:\/\/vincentians.com\/fr\/wp-json\/wp\/v2\/categories?post=106289"},{"taxonomy":"post_tag","embeddable":true,"href":"http:\/\/vincentians.com\/fr\/wp-json\/wp\/v2\/tags?post=106289"}],"curies":[{"name":"wp","href":"https:\/\/api.w.org\/{rel}","templated":true}]}}