{"id":106287,"date":"2013-04-12T08:19:43","date_gmt":"2013-04-12T06:19:43","guid":{"rendered":"http:\/\/vincentiens.org\/?p=106287"},"modified":"2013-04-12T08:19:43","modified_gmt":"2013-04-12T06:19:43","slug":"la-vie-du-venerable-serviteur-de-dieu-vincent-de-paul-livre-second-chapitre-iii-section-i","status":"publish","type":"post","link":"http:\/\/vincentians.com\/fr\/la-vie-du-venerable-serviteur-de-dieu-vincent-de-paul-livre-second-chapitre-iii-section-i\/","title":{"rendered":"La vie du v\u00e9n\u00e9rable serviteur de Dieu Vincent de Paul, Livre second, Chapitre III, Section I"},"content":{"rendered":"<h2><b>Chapitre Troisieme\u00a0: <\/b>Les Conf\u00e9rences spirituelles de Eccl\u00e9siastiques,<\/h2>\n<h2>Section I\u00a0: Premier \u00e9tablissement de la conf\u00e9rence des eccl\u00e9siastiques a Saint-Lazare<\/h2>\n<p>Il y a une liaison secr\u00e8te entre les vertus, qui fait que non seulement elles se suivent, mais m\u00eame qu&rsquo;elles s&rsquo;attirent les unes les autres dans les sujets qu&rsquo;elles trouvent dispos\u00e9s: l&rsquo;on peut dire de m\u00eame des gr\u00e2ces, qui sont comme les semences des vertus, et g\u00e9n\u00e9ralement de tous les dons de Dieu, qui vont toujours se multipliant, pourvu qu&rsquo;on n&rsquo;apporte point de r\u00e9sistance, et qu&rsquo;on ne mette point d&rsquo;obstacle \u00e0 cette volont\u00e9 souverainement bienfaisante qui en est la source.<\/p>\n<p>Dieu avait voulu employer M. Vincent, apr\u00e8s qu&rsquo;il eut donn\u00e9 le cours aux missions, pour commencer l&rsquo;exercice de l&rsquo;ordination et en r\u00e9pandre le fruit de tous c\u00f4t\u00e9s. Et il plut ensuite \u00e0 sa divine bont\u00e9 de se servir du m\u00eame pour produire un autre bien dans l&rsquo;\u00c9glise, qui devait \u00eatre utile non seulement pour conserver et affermir les gr\u00e2ces re\u00e7ues en l&rsquo;ordination, mais aussi pour disposer les eccl\u00e9siastiques \u00e0 tous les emplois propres de leur minist\u00e8re, et les rendre capables de s&rsquo;en acquitter dignement et utilement. Voici de quelle fa\u00e7on la chose arriva. Ce grand serviteur de Dieu voyant les bons succ\u00e8s des exercices de l&rsquo;ordination, en ressentai une grande joie\u00a0 dans son c\u0153ur, qui l&rsquo;excitait \u00e0 en rendre de continuelles actions de gr\u00e2ces \u00e0 la divine Majest\u00e9. Mais consid\u00e9rant la faiblesse et l&rsquo;inconstance de la volont\u00e9 humaine, il craignait qu&rsquo;au sortir de ces exercices les eccl\u00e9siastiques retournant dans les conversations ordinaires du monde et \u00e9tant oblig\u00e9s de vivre, comme dit le saint Ap\u00f4tre, au milieu d&rsquo;une nation m\u00e9chante et perverse, ils ne vinssent \u00e0 d\u00e9choir peu \u00e0 peu de cette premi\u00e8re ferveur, et peut-\u00eatre ensuite \u00e0 perdre la gr\u00e2ce qu&rsquo;ils y avaient re\u00e7ue. Cela lui faisait rechercher en son esprit par quels moyens on les pourrait pr\u00e9munir et fortifier, en telle sorte que ni leurs propres infirmit\u00e9s, ni la d\u00e9pravation du si\u00e8cle, ne p\u00fbt \u00e9branler ou alt\u00e9rer les saintes r\u00e9solutions qu&rsquo;ils y avaient prises. Quoiqu&rsquo;il e\u00fbt diverses vues sur ce sujet, n\u00e9anmoins son humilit\u00e9 le faisant toujours se d\u00e9fier de ses propres lumi\u00e8res, et une de ses maximes \u00e9tant de ne se point ing\u00e9rer de soi-m\u00eame dans les desseins de Dieu, il se contentait d&rsquo;invoquer le Saint-Esprit en attendant qu&rsquo;il lui pl\u00fbt faire conna\u00eetre ce qui lui serait le plus agr\u00e9able. Et voil\u00e0 que, comme il \u00e9tait dans ces pens\u00e9es, un vertueux eccl\u00e9siastique qui avait assist\u00e9 aux exercices des ordinands \u00e0 Paris le vint trouver et il lui proposa de faire quelque sorte d&rsquo;union entre les eccl\u00e9siastiques, lesquels s&rsquo;\u00e9tant pr\u00e9par\u00e9s \u00e0 recevoir les saints ordres par le moyen de ces exercices, auraient d\u00e9sir de vivre conform\u00e9ment \u00e0 la saintet\u00e9 de leur vocation, et pour cet effet qu&rsquo;il trouv\u00e2t bon de les faire assembler quelquefois \u00e0 Saint-Lazare, pour conf\u00e9rer ensemble des vertus et des fonctions propres \u00e0 leur minist\u00e8re.<\/p>\n<p>M. Vincent re\u00e7ut cet avis comme venant de Dieu; et consid\u00e9rant les bons effets que les conf\u00e9rences spirituelles avaient autrefois produits parmi ces anciens P\u00e8res des d\u00e9serts de l&rsquo;\u00c9gypte, qui s&rsquo;en servaient comme d&rsquo;un moyen tr\u00e8s utile pour se fortifier contre les attaques de leurs ennemis invisibles et pour s&rsquo;avancer dans le chemin de la perfection, il jugea qu\u2019il ne serait pas moins profitable aux eccl\u00e9siastiques qui devaient vivre et servir Dieu dans le monde. C&rsquo;est pourquoi, apr\u00e8s avoir beaucoup recommand\u00e9 cette affaire \u00e0 Notre-Seigneur, et l&rsquo;avoir fait agr\u00e9er et approuver par M l\u2019archev\u00eaque de Paris, il se mit en devoir de faire choix des sujets propres pour y donner commencement, Et la providence de Dieu lui en fournit une occasion fort \u00e0 propos, qui fut telle<\/p>\n<p>Plusieurs vertueux eccl\u00e9siastiques qui avaient pass\u00e9 par les exercices de l&rsquo;ordination, reconnaissant combien ils \u00e9taient oblig\u00e9s \u00e0 M. Vincent des bonnes dispositions o\u00f9 Dieu les avait mis par son assistance, \u00e9taient venus s&rsquo;offrir \u00e0 lui pour travailler \u00e0 toutes les fonctions eccl\u00e9siastiques propres de leur \u00e9tat auxquelles il jugerait \u00e0 propos de les employer. Cela lui donna sujet de les prier de faire une petite mission aux ma\u00e7ons, charpentiers et autres qui travaillaient aux b\u00e2timents de l&rsquo;\u00e9glise de la Visitation de Sainte-Marie, pr\u00e8s la porte Saint-Antoine, \u00e0 Paris, desquels il \u00e9tait sup\u00e9rieur et p\u00e8re spirituel.\u00a0 Ce fut au commencement du mois de juin de l&rsquo;ann\u00e9e I633 que ces bons eccl\u00e9siastiques s&#8217;employ\u00e8rent \u00e0 cet ouvrage avec grande affection, ayant tellement dispos\u00e9 leur temps par une ing\u00e9nieuse charit\u00e9, que, sans d\u00e9tourner ces gens de leur travail, ils trouv\u00e8rent moyen de leur faire tous les jours les exhortations et instructions accoutum\u00e9es, et de les disposer \u00e0 faire une bonne confession g\u00e9n\u00e9rale et \u00e0 mener une vie vraiment chr\u00e9tienne, selon leur condition.<\/p>\n<p>Comme ils \u00e9taient occup\u00e9s \u00e0 cette mission, M. Vincent, voyant le z\u00e8le du salut des \u00e2mes dont ils \u00e9taient anim\u00e9s, et avec lequel ils travaillaient dans une grande union d&rsquo;esprit, les jugea tr\u00e8s propres pour commencer ce qu&rsquo;il avait projet\u00e9; et pour cet effet il les alla trouver un jour de Saint Barnab\u00e9, onzi\u00e8me du m\u00eame mois, et leur ayant communiqu\u00e9 \u00e0 chacun en particulier la pens\u00e9e qu&rsquo;il avait eue de les unir ensemble plus particuli\u00e8rement pour les fortifier davantage dans le service qu&rsquo;ils d\u00e9siraient rendre \u00e0 Dieu, il les y trouva tous port\u00e9s avec grande affection, se remettant enti\u00e8rement \u00e0 lui de disposer et ordonner tout ce qu&rsquo;il verrait \u00eatre le plus exp\u00e9dient pour leur bien et pour la plus grande gloire de Dieu. Sur cela il les convia tous de venir \u00e0 Saint-Lazare, et leur donna jour pour s&rsquo;y assembler; o\u00f9 \u00e9tant arriv\u00e9s, il leur d\u00e9clara plus en particulier ses sentiments sur ce sujet: il leur parla de la n\u00e9cessit\u00e9 de conserver et cultiver les saintes dispositions o\u00f9 Dieu les avait mis, et les gr\u00e2ces qu&rsquo;ils avaient re\u00e7ues en l&rsquo;ordination, les exhortant fortement de se donner \u00e0 sa divine Majest\u00e9, pour continuer toute leur vie ce qu&rsquo;ils avaient commenc\u00e9 par sa gr\u00e2ce, et pour satisfaire jusqu&rsquo;\u00e0 la fin aux obligations de l&rsquo;\u00e9tat qu&rsquo;ils avaient embrass\u00e9; en sorte qu&rsquo;il n&rsquo;y e\u00fbt point sujet de dire d&rsquo;aucun d&rsquo;eux qu&rsquo;il avait commenc\u00e9 \u00e0 \u00e9difier, mais qu&rsquo;il n&rsquo;avait pas eu le courage d&rsquo;achever son \u00e9difice; et qu&rsquo;ayant \u00e9t\u00e9 honor\u00e9s du caract\u00e8re sacr\u00e9 de la pr\u00eatrise et \u00e9lev\u00e9s \u00e0 un \u00e9tat vraiment saint, qui les d\u00e9diait enti\u00e8rement au service de Dieu il ne leur arriv\u00e2t pas ce que le proph\u00e8te J\u00e9r\u00e9mie d\u00e9plorait de son temps, que l&rsquo;or s&rsquo;\u00e9tait obscurci, qu&rsquo;il avait perdu son \u00e9clat et son lustre, et que les pierres pr\u00e9cieuses du sanctuaire avaient \u00e9t\u00e9 dispers\u00e9es et foul\u00e9es aux pieds dans les rues : ce qui s&rsquo;accomplit toutefois quand ceux que J\u00e9sus-Christ a choisi pour ministres de son \u00c9glise viennent \u00e0 d\u00e9choir de la charit\u00e9 et de la perfection qui doit accompagner leur \u00e9tat; et que ceux qui approchent plus pr\u00e8s de son sanctuaire, et qui sont les dispensateurs de ses myst\u00e8res, se laissent aller \u00e0 la dissipation dans les grands chemins du monde, et se rendent m\u00e9prisables par le d\u00e9r\u00e9glement de leur vie. Ensuite de cela, il ayant fait entendre que son dessein n&rsquo;\u00e9tait pas de les porter .\u00e0 se s\u00e9parer et retirer enti\u00e8rement du monde, pour demeurer et vivre ensemble dans une m\u00eame maison, ce qui e\u00fbt pu recevoir diverses difficult\u00e9s, mais bien qu&rsquo;en continuant \u00e0 demeurer chez eux, ou chez leurs parents, ils fussent unis ensemble par un lien particulier de charit\u00e9 et par une conformit\u00e9 d&rsquo;exercices de vertus et d&#8217;emplois eccl\u00e9siastiques; se proposant \u00e0 cet effet un m\u00eame ordre et r\u00e9glement de vie, pour l&rsquo;observer fid\u00e8lement, et par ce moyen se pr\u00e9munir contre la corruption du si\u00e8cle et s&rsquo;acquitter parfaitement des obligations de leur vocation; en sorte qu\u2019on p\u00fbt leur appliquer ce qu&rsquo;a dit un proph\u00e8te: <i>Stell\u0153 dederunt lumen in custodiis suis, et vocat\u0153 dixerunt: Adsumus; et luxerunt illi cum jucunditate, qui fecit illas; <\/i>et qu\u2019ils fassent dans l&rsquo;Eglise comme autant de brillantes \u00e9toiles qui r\u00e9pandraient la lumi\u00e8re de leurs bons exemples dans leurs familles, vivant dans une disposition continuelle d&rsquo;aller travailler aux lieux et aux emplois o\u00f9 ils seraient appel\u00e9s; afin que J\u00e9sus-Christ, auteur de leur sacerdoce, e\u00fbt sujet d&rsquo;\u00eatre content et satisfait de leur service.<\/p>\n<p>Celui qui avait fait la premi\u00e8re proposition de ce dessein \u00e0 M. Vincent ne se trouva pas en cette assembl\u00e9e, \u00e9tant pour lors occup\u00e9 \u00e0 travailler en quelques missions hors de Paris; c&rsquo;est pourquoi M. Vincent lui \u00e9crivit la lettre suivante<\/p>\n<p>\u00ab Dieu soit b\u00e9ni, Monsieur, de toutes les gr\u00e2ces et b\u00e9n\u00e9dictions qu&rsquo;il r\u00e9pand sur votre mission. Ne vous semble-t-il pas que tant d&rsquo;ouvriers qui demeurent oisifs seraient bien employ\u00e9s en la grande moisson \u00e0 laquelle vous travaillez maintenant; et que ceux qui connaissent le besoin que le Ma\u00eetre de la moisson a d&rsquo;ouvriers seront coupables du sang de son Fils, qu&rsquo;ils laissent inutile faute d&rsquo;application ? Oh ! que la pens\u00e9e que vous me f\u00eetes l&rsquo;honneur de me communiquer ces jours pass\u00e9s a \u00e9t\u00e9 bien re\u00e7ue de MM. les eccl\u00e9siastiques, de tous lesquels nous avons parl\u00e9 en g\u00e9n\u00e9ral, et de chacun en particulier ! Nous les v\u00eemes\u00a0 il y a quinze jours ensemble, et ils r\u00e9solurent ce que vous me propos\u00e2tes, dans une uniformit\u00e9 d&rsquo;esprit, qui para\u00eet toute de Dieu. Je commen\u00e7ai mon discours par les paroles que vous me dites, sans vous nommer, sinon lorsqu&rsquo;il fallut vous mettre de leur nombre, et retenir votre place parmi eux. Ils se doivent encore assembler aujourd&rsquo;hui. Oh\u00a0 Monsieur, qu&rsquo;il y a sujet d&rsquo;esp\u00e9rer beaucoup de bien de cette compagnie ! vous en \u00eates le promoteur, et vous avez int\u00e9r\u00eat qu&rsquo;elle r\u00e9ussisse \u00e0 la gloire de Dieu. Priez-le pour cela, s&rsquo;il vous pla\u00eet, Monsieur, et pour moi particuli\u00e8rement. \u00ab<\/p>\n<p>Ces messieurs les eccl\u00e9siastiques s&rsquo;\u00e9tant donc derechef assembl\u00e9s le neuvi\u00e8me du mois de juillet suivant, ils arr\u00eat\u00e8rent l&rsquo;ordre qu&rsquo;ils devaient tenir dans leur conf\u00e9rence; ils firent choix de quelques officiers pour maintenir cet ordre, et d\u00e9termin\u00e8rent le jour du mardi de chaque semaine, comme le plus propre pour s\u2019assembler et pour conf\u00e9rer ensemble des vertus et des fonctions de leur minist\u00e8re. M. Vincent leur donna pour sujet de leur premi\u00e8re conf\u00e9rence, qui se fit le 16 du m\u00eame mois, celui de l&rsquo;esprit eccl\u00e9siastique, et le divisa en trois points. Le premier contenait les raisons et les motifs pour lesquels il importe aux pr\u00eatres et autres qui sont dans les ordres et minist\u00e8res sacr\u00e9s d&rsquo;avoir l&rsquo;esprit eccl\u00e9siastique; le second, en quoi consiste cet esprit; et le troisi\u00e8me, les moyens de l&rsquo;acqu\u00e9rir. de le conserver et de s&rsquo;y perfectionner. Ce premier sujet de conf\u00e9rence, aussi bien que les suivants, et ce qu&rsquo;il y de plus consid\u00e9rable touchant cette assembl\u00e9e, fut remarqu\u00e9 par un des premiers de cette compagnie qui a fourni les principaux m\u00e9moires des choses que nous en dirons.<\/p>\n<p>Ces Messieurs ont toujours continu\u00e9, depuis ce temps-l\u00e0 de s&rsquo;assembler toutes les semaines, et de faire leur conf\u00e9rence sur les sujets que M. Vincent leur donnait, qui \u00e9taient toujours des vertus ou des fonctions propres et convenables \u00e0 leur condition: et leur mani\u00e8re de parler dans ces conf\u00e9rences \u00e9tait humble, simple et famili\u00e8re, selon le mouvement que leur directeur leur en inspirait, et par ses exhortations et par son exemple: car il avait une gr\u00e2ce particuli\u00e8re pour parler des vertus, et de tous les sujets de pi\u00e9t\u00e9, avec efficace et b\u00e9n\u00e9diction: son langage \u00e9tait simple et sans faste, mais vigoureux et affectif; il n\u2019employait pour l&rsquo;ordinaire aucune \u00e9tude pour se pr\u00e9parer \u00e0 ce qu&rsquo;il avait \u00e0 dire dans les conf\u00e9rences, mais il le pr\u00e9m\u00e9ditait seulement devant Dieu dans l&rsquo;oraison, d&rsquo;o\u00f9 il puisait de grandes lumi\u00e8res, qu&rsquo;il communiquait aux autres avec gr\u00e2ce. Ses discours \u00e9taient fond\u00e9s sur certains principes tir\u00e9s de l&rsquo;\u00c9criture-Sainte, et particuli\u00e8rement des exemples et des paroles du Fils de Dieu contenus dans les \u00c9vangiles, qu&rsquo;il p\u00e9n\u00e9trait et go\u00fbtait d&rsquo;une fa\u00e7on tr\u00e8s particuli\u00e8re; souvent m\u00eame il n&rsquo;ajoutait rien, ou fort peu de chose, \u00e0 ce que les autres avaient dit, et se contentait de relever quelque bonne pens\u00e9e ou quelque parole qui avait \u00e9t\u00e9 avanc\u00e9e par un autre; mais il y donnait une nouvelle force, car il traitait les choses les plus communes et ordinaires d&rsquo;une mani\u00e8re tout extraordinaire, et avec des expressions qui touchaient et portaient coup dans les esprits, et produisaient toujours de tr\u00e8s bons effets; ce qui faisait bien voir que Notre-Seigneur J\u00e9sus-Christ parlait par sa bouche, et animait sa parole, aussi bien que son c\u0153ur. Entre autres bons effets qui en r\u00e9sultaient, l&rsquo;un \u00e9tait d&rsquo;entrer dans son m\u00eame esprit, et d\u2019agir et\u00a0 parler comme lui, avec humilit\u00e9, simplicit\u00e9 et sinc\u00e9rit\u00e9: en sorte que dans ces conf\u00e9rences on ne s\u2019\u00e9tudiait point \u00e0 faire de beaux discours pour para\u00eetre docte et \u00e9loquent, ou pour faire estimer son esprit; mais on n&rsquo;y cherchait autre chose que l&rsquo;honneur et la gloire de Dieu, l&rsquo;avancement spirituel des autres et sa propre humiliation et confusion. Il conseillait pourtant aux eccl\u00e9siastiques de la conf\u00e9rence de se pr\u00e9parer sur les sujets,\u00a0 mais plut\u00f4t par mani\u00e8re d&rsquo;oraison que d&rsquo;\u00e9tude; si ce n&rsquo;\u00e9tait que la mati\u00e8re qu&rsquo;on devait traiter demand\u00e2t une application particuli\u00e8re, et une lecture attentive de quelque bon livre, pour en rapporter ce qui serait de plus utile et de plus n\u00e9cessaire, comme quand il s&rsquo;agissait des offices et des emplois eccl\u00e9siastiques et d&rsquo;autres semblables sujets.<\/p>\n<p>Or pour attirer plus de b\u00e9n\u00e9diction sur cette compagnie d&rsquo;eccl\u00e9siastiques, M. Vincent jugea \u00e0 propos d&rsquo;y \u00e9tablir quelque ordre par forme de r\u00e8glement. Il porte, entre autres choses, que les eccl\u00e9siastiques d\u00e9sirant conserver les bonnes dispositions qu&rsquo;il avait plu \u00e0 Dieu leur donner pendant les exercices de l&rsquo;ordination, avaient pris r\u00e9solution, sous le bon plaisir et avec la permission de Mgr l&rsquo;archev\u00eaque de Paris, de s&rsquo;unir ensemble et de faire des conf\u00e9rences en la maison de Saint-Lazare, pour honorer la vie de Notre-Seigneur J\u00e9sus-Christ, son sacerdoce \u00e9ternel, sa sainte famille, et son amour envers les pauvres: et cela, en. s&rsquo;effor\u00e7ant de conformer leur vie \u00e0 la sienne, et de procurer la gloire de Dieu dans l&rsquo;\u00e9tat eccl\u00e9siastique, dans leurs familles, et parmi les pauvres, non seulement des villes, mais aussi de la campagne, selon la d\u00e9votion d&rsquo;un chacun;<\/p>\n<p>\u00ab Que cette compagnie serait compos\u00e9e seulement d&rsquo;eccl\u00e9siastiques promus aux ordres sacr\u00e9s, qui n&rsquo;y seraient re\u00e7us qu&rsquo;apr\u00e8s une longue perquisition de leur vie et m\u0153urs,:et apr\u00e8s avoir fait les exercices spirituels, qu\u2019ils t\u00e2cheraient encore de faire tous les ans autant qu&rsquo;ils pourraient;<\/p>\n<p>\u00ab Qu&rsquo;ils s&rsquo;assembleraient les mardis de chaque semaine, pour conf\u00e9rer des sujets qui leur seraient proposes et qui seraient ordinairement des vertus et des fonctions et emplois propres \u00e0 leur minist\u00e8re;<\/p>\n<p>\u00ab Qu&rsquo;ils se repr\u00e9senteraient enfin que Notre-Seigneur les avait li\u00e9s ensemble d&rsquo;un nouveau lien de son amour, pour les tenir parfaitement unis en lui; et que pour cela ils devaient s&rsquo;entre-ch\u00e9rir, se visiterj, et se consoler les uns les autres dans leurs afflictions et maladies, et assister \u00e0 l&rsquo;enterrement de ceux d&rsquo;entre eux qui d\u00e9c\u00e9deraient, \u00e0 l&rsquo;intention desquels chacun des pr\u00eatres offrirait trois fois le sacrifice de la messe, et les autres feraient quelque communion. \u00bb<\/p>\n<p>Ils se prescrivirent outre cela un petit ordre pour l&#8217;emploi de la journ\u00e9e, qui contenait entre autres choses: \u00ab Qu&rsquo;ils se l\u00e8veraient tous les jours \u00e0 une certaine heure, apr\u00e8s avoir pris un repos suffisant; que tous les matins ils feraient au moins une demi-heure d\u2019oraison mentale, c\u00e9l\u00e9breraient la sainte messe, et ensuite liraient un chapitre du Nouveau Testament \u00e0 genoux, et t\u00eate nue, accompagnant cette lecture de ces trois actes int\u00e9rieurs, dont le premier est: adorer les v\u00e9rit\u00e9s contenues dans le chapitre qu&rsquo;on a lu; le second: entrer dans le sentiment de ces m\u00eames verit\u00e9s; et le troisi\u00e8me:\u00a0 se proposer la pratique des choses qu&rsquo;elles enseignent; qu&rsquo;apr\u00e8s cela, ils s&rsquo;appliqueraient \u00e0 une \u00e9tude convenable \u00e0 leur condition; qu&rsquo;avant le d\u00eener ils feraient une petite r\u00e9collection int\u00e9rieure, ou examen particulier; qu&rsquo;ils emploieraient quelque temps l&rsquo;apr\u00e8s-d\u00eener \u00e0 la lecture d&rsquo;un livre spirituel, et le reste du temps \u00e0 quelques \u00e9tudes ou autres exercices convenables \u00e0 leur \u00e9tat \u00bb<\/p>\n","protected":false},"excerpt":{"rendered":"<p>Chapitre Troisieme\u00a0: Les Conf\u00e9rences spirituelles de Eccl\u00e9siastiques, Section I\u00a0: Premier \u00e9tablissement de la conf\u00e9rence des eccl\u00e9siastiques a Saint-Lazare Il y a une liaison secr\u00e8te entre les vertus, qui fait que non seulement elles se suivent, &#8230; <a href=\"http:\/\/vincentians.com\/fr\/la-vie-du-venerable-serviteur-de-dieu-vincent-de-paul-livre-second-chapitre-iii-section-i\/\" class=\"more-link\">Read More<\/a><\/p>\n","protected":false},"author":4,"featured_media":149583,"comment_status":"open","ping_status":"open","sticky":false,"template":"","format":"standard","meta":{"jetpack_post_was_ever_published":false,"_jetpack_newsletter_access":"","_jetpack_dont_email_post_to_subs":false,"_jetpack_newsletter_tier_id":0,"_jetpack_memberships_contains_paywalled_content":false,"_jetpack_memberships_contains_paid_content":false,"footnotes":"","jetpack_publicize_message":"","jetpack_publicize_feature_enabled":true,"jetpack_social_post_already_shared":true,"jetpack_social_options":{"image_generator_settings":{"template":"highway","default_image_id":0,"font":"","enabled":false},"version":2}},"categories":[5],"tags":[],"class_list":["post-106287","post","type-post","status-publish","format-standard","has-post-thumbnail","hentry","category-vincent-de-paul"],"yoast_head":"<!-- This site is optimized with the Yoast SEO plugin v26.3 - https:\/\/yoast.com\/wordpress\/plugins\/seo\/ -->\n<title>La vie du v\u00e9n\u00e9rable serviteur de Dieu Vincent de Paul, Livre second, Chapitre III, Section I - Nous Sommes Vincentiens<\/title>\n<meta name=\"robots\" content=\"index, follow, max-snippet:-1, max-image-preview:large, max-video-preview:-1\" \/>\n<link rel=\"canonical\" href=\"http:\/\/vincentians.com\/fr\/la-vie-du-venerable-serviteur-de-dieu-vincent-de-paul-livre-second-chapitre-iii-section-i\/\" \/>\n<meta property=\"og:locale\" content=\"fr_FR\" \/>\n<meta property=\"og:type\" content=\"article\" \/>\n<meta property=\"og:title\" content=\"La vie du v\u00e9n\u00e9rable serviteur de Dieu Vincent de Paul, Livre second, Chapitre III, Section I - Nous Sommes Vincentiens\" \/>\n<meta property=\"og:description\" content=\"Chapitre Troisieme\u00a0: Les Conf\u00e9rences spirituelles de Eccl\u00e9siastiques, Section I\u00a0: Premier \u00e9tablissement de la conf\u00e9rence des eccl\u00e9siastiques a Saint-Lazare Il y a une liaison secr\u00e8te entre les vertus, qui fait que non seulement elles se suivent, ... Read More\" \/>\n<meta property=\"og:url\" content=\"http:\/\/vincentians.com\/fr\/la-vie-du-venerable-serviteur-de-dieu-vincent-de-paul-livre-second-chapitre-iii-section-i\/\" \/>\n<meta property=\"og:site_name\" content=\"Nous Sommes Vincentiens\" \/>\n<meta property=\"article:publisher\" content=\"https:\/\/www.facebook.com\/WeAreVincentians\/\" \/>\n<meta property=\"article:author\" content=\"https:\/\/www.facebook.com\/JavierChento\" \/>\n<meta property=\"article:published_time\" content=\"2013-04-12T06:19:43+00:00\" \/>\n<meta property=\"og:image\" content=\"https:\/\/i0.wp.com\/vincentians.com\/fr\/wp-content\/uploads\/sites\/10\/2016\/07\/abelly-feat.jpg?fit=1200%2C630\" \/>\n\t<meta property=\"og:image:width\" content=\"1200\" \/>\n\t<meta property=\"og:image:height\" content=\"630\" \/>\n\t<meta property=\"og:image:type\" content=\"image\/jpeg\" \/>\n<meta name=\"author\" content=\"Francisco Javier Fern\u00e1ndez Chento\" \/>\n<meta name=\"twitter:card\" content=\"summary_large_image\" \/>\n<meta name=\"twitter:creator\" content=\"@https:\/\/twitter.com\/javierchento\" \/>\n<meta name=\"twitter:site\" content=\"@WeVincentians\" \/>\n<meta name=\"twitter:label1\" content=\"\u00c9crit par\" \/>\n\t<meta name=\"twitter:data1\" content=\"Francisco Javier Fern\u00e1ndez Chento\" \/>\n\t<meta name=\"twitter:label2\" content=\"Dur\u00e9e de lecture estim\u00e9e\" \/>\n\t<meta name=\"twitter:data2\" content=\"14 minutes\" \/>\n<script type=\"application\/ld+json\" class=\"yoast-schema-graph\">{\"@context\":\"https:\/\/schema.org\",\"@graph\":[{\"@type\":\"WebPage\",\"@id\":\"http:\/\/vincentians.com\/fr\/la-vie-du-venerable-serviteur-de-dieu-vincent-de-paul-livre-second-chapitre-iii-section-i\/\",\"url\":\"http:\/\/vincentians.com\/fr\/la-vie-du-venerable-serviteur-de-dieu-vincent-de-paul-livre-second-chapitre-iii-section-i\/\",\"name\":\"La vie du v\u00e9n\u00e9rable serviteur de Dieu Vincent de Paul, Livre second, Chapitre III, Section I - Nous Sommes Vincentiens\",\"isPartOf\":{\"@id\":\"https:\/\/vincentians.com\/fr\/#website\"},\"primaryImageOfPage\":{\"@id\":\"http:\/\/vincentians.com\/fr\/la-vie-du-venerable-serviteur-de-dieu-vincent-de-paul-livre-second-chapitre-iii-section-i\/#primaryimage\"},\"image\":{\"@id\":\"http:\/\/vincentians.com\/fr\/la-vie-du-venerable-serviteur-de-dieu-vincent-de-paul-livre-second-chapitre-iii-section-i\/#primaryimage\"},\"thumbnailUrl\":\"https:\/\/i0.wp.com\/vincentians.com\/fr\/wp-content\/uploads\/sites\/10\/2016\/07\/abelly-feat.jpg?fit=1200%2C630\",\"datePublished\":\"2013-04-12T06:19:43+00:00\",\"author\":{\"@id\":\"https:\/\/vincentians.com\/fr\/#\/schema\/person\/9623ef4d9aa3b2dfb8c061f1499288f2\"},\"breadcrumb\":{\"@id\":\"http:\/\/vincentians.com\/fr\/la-vie-du-venerable-serviteur-de-dieu-vincent-de-paul-livre-second-chapitre-iii-section-i\/#breadcrumb\"},\"inLanguage\":\"fr-FR\",\"potentialAction\":[{\"@type\":\"ReadAction\",\"target\":[\"http:\/\/vincentians.com\/fr\/la-vie-du-venerable-serviteur-de-dieu-vincent-de-paul-livre-second-chapitre-iii-section-i\/\"]}]},{\"@type\":\"ImageObject\",\"inLanguage\":\"fr-FR\",\"@id\":\"http:\/\/vincentians.com\/fr\/la-vie-du-venerable-serviteur-de-dieu-vincent-de-paul-livre-second-chapitre-iii-section-i\/#primaryimage\",\"url\":\"https:\/\/i0.wp.com\/vincentians.com\/fr\/wp-content\/uploads\/sites\/10\/2016\/07\/abelly-feat.jpg?fit=1200%2C630\",\"contentUrl\":\"https:\/\/i0.wp.com\/vincentians.com\/fr\/wp-content\/uploads\/sites\/10\/2016\/07\/abelly-feat.jpg?fit=1200%2C630\",\"width\":1200,\"height\":630},{\"@type\":\"BreadcrumbList\",\"@id\":\"http:\/\/vincentians.com\/fr\/la-vie-du-venerable-serviteur-de-dieu-vincent-de-paul-livre-second-chapitre-iii-section-i\/#breadcrumb\",\"itemListElement\":[{\"@type\":\"ListItem\",\"position\":1,\"name\":\"Portada\",\"item\":\"https:\/\/vincentians.com\/fr\/\"},{\"@type\":\"ListItem\",\"position\":2,\"name\":\"La vie du v\u00e9n\u00e9rable serviteur de Dieu Vincent de Paul, Livre second, Chapitre III, Section I\"}]},{\"@type\":\"WebSite\",\"@id\":\"https:\/\/vincentians.com\/fr\/#website\",\"url\":\"https:\/\/vincentians.com\/fr\/\",\"name\":\"Nous Sommes Vincentiens\",\"description\":\"Know more to serve more\",\"potentialAction\":[{\"@type\":\"SearchAction\",\"target\":{\"@type\":\"EntryPoint\",\"urlTemplate\":\"https:\/\/vincentians.com\/fr\/?s={search_term_string}\"},\"query-input\":{\"@type\":\"PropertyValueSpecification\",\"valueRequired\":true,\"valueName\":\"search_term_string\"}}],\"inLanguage\":\"fr-FR\"},{\"@type\":\"Person\",\"@id\":\"https:\/\/vincentians.com\/fr\/#\/schema\/person\/9623ef4d9aa3b2dfb8c061f1499288f2\",\"name\":\"Francisco Javier Fern\u00e1ndez Chento\",\"image\":{\"@type\":\"ImageObject\",\"inLanguage\":\"fr-FR\",\"@id\":\"https:\/\/vincentians.com\/fr\/#\/schema\/person\/image\/\",\"url\":\"https:\/\/secure.gravatar.com\/avatar\/497d5cde87b4c3d097d0315953521681ba2cd523ee66e5077c3711f7021e65de?s=96&d=mm&r=g\",\"contentUrl\":\"https:\/\/secure.gravatar.com\/avatar\/497d5cde87b4c3d097d0315953521681ba2cd523ee66e5077c3711f7021e65de?s=96&d=mm&r=g\",\"caption\":\"Francisco Javier Fern\u00e1ndez Chento\"},\"description\":\"Director General y cofundador de La Red de Formaci\u00f3n Vicenciana. Javier es laico vicenciano, afiliado a la Congregaci\u00f3n de la Misi\u00f3n y miembro del Equipo de Misiones Populares de la provincia can\u00f3nica de Zaragoza (Espa\u00f1a) de la Congregaci\u00f3n de la Misi\u00f3n. Graduado en la Universidad Oberta de Catalunya con cuatro grados (Asistente de direcci\u00f3n, Gesti\u00f3n Administrativa, Recursos Humanos y Contabilidad Avanzada). Bil\u00edng\u00fce Espa\u00f1ol\/Ingl\u00e9s. gestiona y mantiene varias p\u00e1ginas web cristianas y vicencianas, incluida including La Red de Formaci\u00f3n Vicenciana, de la que es cofundador. Actualmente es responsable del \u00e1rea de Espa\u00f1ol de .famvin, la Red de Noticias de la Familia Vicenciana. Tambi\u00e9n es m\u00fasico cat\u00f3lico y ha editado varios discos. Es Director General y cofundador de Trovador, una reconocida compa\u00f1\u00eda discogr\u00e1fica critiana de Espa\u00f1a. Trabaja en las Tecnolog\u00edas de la Informaci\u00f3n, ofreciendo servicios de alojamiento, dise\u00f1o y mantenimiento Web, as\u00ed como asesoramiento, formaci\u00f3n y soluciones inform\u00e1ticas, gesti\u00f3n documental y digitalizaci\u00f3n de textos, edici\u00f3n y maquetaci\u00f3n de libros, revistas, flyers, etc.\",\"sameAs\":[\"http:\/\/chento.org\",\"https:\/\/www.facebook.com\/JavierChento\",\"https:\/\/x.com\/https:\/\/twitter.com\/javierchento\"],\"url\":\"http:\/\/vincentians.com\/fr\/author\/chento\/\"}]}<\/script>\n<!-- \/ Yoast SEO plugin. -->","yoast_head_json":{"title":"La vie du v\u00e9n\u00e9rable serviteur de Dieu Vincent de Paul, Livre second, Chapitre III, Section I - Nous Sommes Vincentiens","robots":{"index":"index","follow":"follow","max-snippet":"max-snippet:-1","max-image-preview":"max-image-preview:large","max-video-preview":"max-video-preview:-1"},"canonical":"http:\/\/vincentians.com\/fr\/la-vie-du-venerable-serviteur-de-dieu-vincent-de-paul-livre-second-chapitre-iii-section-i\/","og_locale":"fr_FR","og_type":"article","og_title":"La vie du v\u00e9n\u00e9rable serviteur de Dieu Vincent de Paul, Livre second, Chapitre III, Section I - Nous Sommes Vincentiens","og_description":"Chapitre Troisieme\u00a0: Les Conf\u00e9rences spirituelles de Eccl\u00e9siastiques, Section I\u00a0: Premier \u00e9tablissement de la conf\u00e9rence des eccl\u00e9siastiques a Saint-Lazare Il y a une liaison secr\u00e8te entre les vertus, qui fait que non seulement elles se suivent, ... Read More","og_url":"http:\/\/vincentians.com\/fr\/la-vie-du-venerable-serviteur-de-dieu-vincent-de-paul-livre-second-chapitre-iii-section-i\/","og_site_name":"Nous Sommes Vincentiens","article_publisher":"https:\/\/www.facebook.com\/WeAreVincentians\/","article_author":"https:\/\/www.facebook.com\/JavierChento","article_published_time":"2013-04-12T06:19:43+00:00","og_image":[{"width":1200,"height":630,"url":"https:\/\/i0.wp.com\/vincentians.com\/fr\/wp-content\/uploads\/sites\/10\/2016\/07\/abelly-feat.jpg?fit=1200%2C630","type":"image\/jpeg"}],"author":"Francisco Javier Fern\u00e1ndez Chento","twitter_card":"summary_large_image","twitter_creator":"@https:\/\/twitter.com\/javierchento","twitter_site":"@WeVincentians","twitter_misc":{"\u00c9crit par":"Francisco Javier Fern\u00e1ndez Chento","Dur\u00e9e de lecture estim\u00e9e":"14 minutes"},"schema":{"@context":"https:\/\/schema.org","@graph":[{"@type":"WebPage","@id":"http:\/\/vincentians.com\/fr\/la-vie-du-venerable-serviteur-de-dieu-vincent-de-paul-livre-second-chapitre-iii-section-i\/","url":"http:\/\/vincentians.com\/fr\/la-vie-du-venerable-serviteur-de-dieu-vincent-de-paul-livre-second-chapitre-iii-section-i\/","name":"La vie du v\u00e9n\u00e9rable serviteur de Dieu Vincent de Paul, Livre second, Chapitre III, Section I - Nous Sommes Vincentiens","isPartOf":{"@id":"https:\/\/vincentians.com\/fr\/#website"},"primaryImageOfPage":{"@id":"http:\/\/vincentians.com\/fr\/la-vie-du-venerable-serviteur-de-dieu-vincent-de-paul-livre-second-chapitre-iii-section-i\/#primaryimage"},"image":{"@id":"http:\/\/vincentians.com\/fr\/la-vie-du-venerable-serviteur-de-dieu-vincent-de-paul-livre-second-chapitre-iii-section-i\/#primaryimage"},"thumbnailUrl":"https:\/\/i0.wp.com\/vincentians.com\/fr\/wp-content\/uploads\/sites\/10\/2016\/07\/abelly-feat.jpg?fit=1200%2C630","datePublished":"2013-04-12T06:19:43+00:00","author":{"@id":"https:\/\/vincentians.com\/fr\/#\/schema\/person\/9623ef4d9aa3b2dfb8c061f1499288f2"},"breadcrumb":{"@id":"http:\/\/vincentians.com\/fr\/la-vie-du-venerable-serviteur-de-dieu-vincent-de-paul-livre-second-chapitre-iii-section-i\/#breadcrumb"},"inLanguage":"fr-FR","potentialAction":[{"@type":"ReadAction","target":["http:\/\/vincentians.com\/fr\/la-vie-du-venerable-serviteur-de-dieu-vincent-de-paul-livre-second-chapitre-iii-section-i\/"]}]},{"@type":"ImageObject","inLanguage":"fr-FR","@id":"http:\/\/vincentians.com\/fr\/la-vie-du-venerable-serviteur-de-dieu-vincent-de-paul-livre-second-chapitre-iii-section-i\/#primaryimage","url":"https:\/\/i0.wp.com\/vincentians.com\/fr\/wp-content\/uploads\/sites\/10\/2016\/07\/abelly-feat.jpg?fit=1200%2C630","contentUrl":"https:\/\/i0.wp.com\/vincentians.com\/fr\/wp-content\/uploads\/sites\/10\/2016\/07\/abelly-feat.jpg?fit=1200%2C630","width":1200,"height":630},{"@type":"BreadcrumbList","@id":"http:\/\/vincentians.com\/fr\/la-vie-du-venerable-serviteur-de-dieu-vincent-de-paul-livre-second-chapitre-iii-section-i\/#breadcrumb","itemListElement":[{"@type":"ListItem","position":1,"name":"Portada","item":"https:\/\/vincentians.com\/fr\/"},{"@type":"ListItem","position":2,"name":"La vie du v\u00e9n\u00e9rable serviteur de Dieu Vincent de Paul, Livre second, Chapitre III, Section I"}]},{"@type":"WebSite","@id":"https:\/\/vincentians.com\/fr\/#website","url":"https:\/\/vincentians.com\/fr\/","name":"Nous Sommes Vincentiens","description":"Know more to serve more","potentialAction":[{"@type":"SearchAction","target":{"@type":"EntryPoint","urlTemplate":"https:\/\/vincentians.com\/fr\/?s={search_term_string}"},"query-input":{"@type":"PropertyValueSpecification","valueRequired":true,"valueName":"search_term_string"}}],"inLanguage":"fr-FR"},{"@type":"Person","@id":"https:\/\/vincentians.com\/fr\/#\/schema\/person\/9623ef4d9aa3b2dfb8c061f1499288f2","name":"Francisco Javier Fern\u00e1ndez Chento","image":{"@type":"ImageObject","inLanguage":"fr-FR","@id":"https:\/\/vincentians.com\/fr\/#\/schema\/person\/image\/","url":"https:\/\/secure.gravatar.com\/avatar\/497d5cde87b4c3d097d0315953521681ba2cd523ee66e5077c3711f7021e65de?s=96&d=mm&r=g","contentUrl":"https:\/\/secure.gravatar.com\/avatar\/497d5cde87b4c3d097d0315953521681ba2cd523ee66e5077c3711f7021e65de?s=96&d=mm&r=g","caption":"Francisco Javier Fern\u00e1ndez Chento"},"description":"Director General y cofundador de La Red de Formaci\u00f3n Vicenciana. Javier es laico vicenciano, afiliado a la Congregaci\u00f3n de la Misi\u00f3n y miembro del Equipo de Misiones Populares de la provincia can\u00f3nica de Zaragoza (Espa\u00f1a) de la Congregaci\u00f3n de la Misi\u00f3n. Graduado en la Universidad Oberta de Catalunya con cuatro grados (Asistente de direcci\u00f3n, Gesti\u00f3n Administrativa, Recursos Humanos y Contabilidad Avanzada). Bil\u00edng\u00fce Espa\u00f1ol\/Ingl\u00e9s. gestiona y mantiene varias p\u00e1ginas web cristianas y vicencianas, incluida including La Red de Formaci\u00f3n Vicenciana, de la que es cofundador. Actualmente es responsable del \u00e1rea de Espa\u00f1ol de .famvin, la Red de Noticias de la Familia Vicenciana. Tambi\u00e9n es m\u00fasico cat\u00f3lico y ha editado varios discos. Es Director General y cofundador de Trovador, una reconocida compa\u00f1\u00eda discogr\u00e1fica critiana de Espa\u00f1a. Trabaja en las Tecnolog\u00edas de la Informaci\u00f3n, ofreciendo servicios de alojamiento, dise\u00f1o y mantenimiento Web, as\u00ed como asesoramiento, formaci\u00f3n y soluciones inform\u00e1ticas, gesti\u00f3n documental y digitalizaci\u00f3n de textos, edici\u00f3n y maquetaci\u00f3n de libros, revistas, flyers, etc.","sameAs":["http:\/\/chento.org","https:\/\/www.facebook.com\/JavierChento","https:\/\/x.com\/https:\/\/twitter.com\/javierchento"],"url":"http:\/\/vincentians.com\/fr\/author\/chento\/"}]}},"jetpack_publicize_connections":[],"jetpack_featured_media_url":"https:\/\/i0.wp.com\/vincentians.com\/fr\/wp-content\/uploads\/sites\/10\/2016\/07\/abelly-feat.jpg?fit=1200%2C630","jetpack_sharing_enabled":true,"jetpack_shortlink":"https:\/\/wp.me\/p7ETMP-rEj","jetpack-related-posts":[{"id":52054,"url":"http:\/\/vincentians.com\/fr\/saint-vincent-de-paul-et-sa-mission-sociale-iii-laction-2\/","url_meta":{"origin":106287,"position":0},"title":"Saint Vincent De Paul Et Sa Mission Sociale. III &#8211; L\u2019action (2)","author":"Francisco Javier Fern\u00e1ndez Chento","date":"26\/12\/2014","format":false,"excerpt":"LA RENAISSANCE RELIGIEUSE. \u2014 Le compl\u00e9ment des missions. \u2014 \u00c9tat du clerg\u00e9 depuis le concile de Trente. \u2014 N\u00e9cessit\u00e9 d\u2019une r\u00e9forme. \u2014 Les exercices des ordinands. \u2014 Saint-Lazare. \u2014 La conf\u00e9rence du mardi. \u2014 Bossuet. \u2014 Les retraites spirituelles. \u2014 Le coll\u00e8ge des Bons-Enfants. \u2014 Vincent de Paul et Olier.\u2026","rel":"","context":"Dans &quot;Vincent de Paul&quot;","block_context":{"text":"Vincent de Paul","link":"http:\/\/vincentians.com\/fr\/category\/the-vincentian-family\/founders\/vincent-de-paul\/"},"img":{"alt_text":"","src":"https:\/\/i0.wp.com\/vincentians.com\/fr\/wp-content\/uploads\/sites\/10\/2016\/07\/vincent-et-sa-action-sociale.jpg?fit=1160%2C630&resize=350%2C200","width":350,"height":200,"srcset":"https:\/\/i0.wp.com\/vincentians.com\/fr\/wp-content\/uploads\/sites\/10\/2016\/07\/vincent-et-sa-action-sociale.jpg?fit=1160%2C630&resize=350%2C200 1x, https:\/\/i0.wp.com\/vincentians.com\/fr\/wp-content\/uploads\/sites\/10\/2016\/07\/vincent-et-sa-action-sociale.jpg?fit=1160%2C630&resize=525%2C300 1.5x, https:\/\/i0.wp.com\/vincentians.com\/fr\/wp-content\/uploads\/sites\/10\/2016\/07\/vincent-et-sa-action-sociale.jpg?fit=1160%2C630&resize=700%2C400 2x, https:\/\/i0.wp.com\/vincentians.com\/fr\/wp-content\/uploads\/sites\/10\/2016\/07\/vincent-et-sa-action-sociale.jpg?fit=1160%2C630&resize=1050%2C600 3x"},"classes":[]},{"id":43087,"url":"http:\/\/vincentians.com\/fr\/saint-vincent-de-paul-maitre-doraison-chapitre-iii\/","url_meta":{"origin":106287,"position":1},"title":"Saint Vincent De Paul, Ma\u00eetre d\u2019Oraison. Chapitre III","author":"Francisco Javier Fern\u00e1ndez Chento","date":"14\/05\/2015","format":false,"excerpt":"Chaptire III Necessite morale de l\u2019Oraison Homme pratique s\u2019il en fut, M. Vincent n\u2019 \u00e9tudie pas l\u2019oraison en th\u00e9oricien absorb\u00e9 par de savantes recherches et des discutions sans fin. Qu\u2019il traite de cet exercice dans ses conf\u00e9rences et entretiens ou dans ses lettres de direction, son but est toujours d\u2019y\u2026","rel":"","context":"Dans &quot;Vincent de Paul&quot;","block_context":{"text":"Vincent de Paul","link":"http:\/\/vincentians.com\/fr\/category\/the-vincentian-family\/founders\/vincent-de-paul\/"},"img":{"alt_text":"","src":"https:\/\/i0.wp.com\/vincentians.com\/fr\/wp-content\/uploads\/sites\/10\/2016\/07\/vincent-maitre-d-oraison.jpg?fit=1200%2C630&resize=350%2C200","width":350,"height":200,"srcset":"https:\/\/i0.wp.com\/vincentians.com\/fr\/wp-content\/uploads\/sites\/10\/2016\/07\/vincent-maitre-d-oraison.jpg?fit=1200%2C630&resize=350%2C200 1x, https:\/\/i0.wp.com\/vincentians.com\/fr\/wp-content\/uploads\/sites\/10\/2016\/07\/vincent-maitre-d-oraison.jpg?fit=1200%2C630&resize=525%2C300 1.5x, https:\/\/i0.wp.com\/vincentians.com\/fr\/wp-content\/uploads\/sites\/10\/2016\/07\/vincent-maitre-d-oraison.jpg?fit=1200%2C630&resize=700%2C400 2x, https:\/\/i0.wp.com\/vincentians.com\/fr\/wp-content\/uploads\/sites\/10\/2016\/07\/vincent-maitre-d-oraison.jpg?fit=1200%2C630&resize=1050%2C600 3x"},"classes":[]},{"id":45335,"url":"http:\/\/vincentians.com\/fr\/saint-vincent-et-les-missions\/","url_meta":{"origin":106287,"position":2},"title":"Saint Vincent et les Missions","author":"Francisco Javier Fern\u00e1ndez Chento","date":"14\/12\/2014","format":false,"excerpt":"Introduction A.- Lorsque nous essayons d'\u00e9tudier le travail missionnaire de Vincent de Paul et de ses premiers compagnons, nous trouvons une v\u00e9ritable mystique de la Mission; alors que nous d\u00e9sirerions que le Saint nous ait donn\u00e9 aussi une doctrine th\u00e9ologique sur ce qui constitue l'objectif de sa vie, sur ce\u2026","rel":"","context":"Dans &quot;Vincent de Paul&quot;","block_context":{"text":"Vincent de Paul","link":"http:\/\/vincentians.com\/fr\/category\/the-vincentian-family\/founders\/vincent-de-paul\/"},"img":{"alt_text":"Vincent de Paul portrait","src":"https:\/\/i0.wp.com\/vincentiens.org\/wp-content\/uploads\/2014\/12\/Vincent-de-Paul-portrait-300x300.jpg?resize=350%2C200","width":350,"height":200},"classes":[]},{"id":106289,"url":"http:\/\/vincentians.com\/fr\/la-vie-du-venerable-serviteur-de-dieu-vincent-de-paul-livre-second-chapitre-iii-section-ii\/","url_meta":{"origin":106287,"position":3},"title":"La vie du v\u00e9n\u00e9rable serviteur de Dieu Vincent de Paul, Livre second, Chapitre III, Section II","author":"Francisco Javier Fern\u00e1ndez Chento","date":"13\/04\/2013","format":false,"excerpt":"Section II\u00a0: Les progres de cette compagnie et les fruits qui en ont r\u00e9sulte Cette Compagnie, ayant eu de si bons commencements par la sage conduite de M. Vincent, a toujours continu\u00e9 avec de nouvelles b\u00e9n\u00e9dictions que Dieu y a r\u00e9pandues par les mains de son fid\u00e8le serviteur. L'on peut\u2026","rel":"","context":"Dans &quot;Vincent de Paul&quot;","block_context":{"text":"Vincent de Paul","link":"http:\/\/vincentians.com\/fr\/category\/the-vincentian-family\/founders\/vincent-de-paul\/"},"img":{"alt_text":"","src":"https:\/\/i0.wp.com\/vincentians.com\/fr\/wp-content\/uploads\/sites\/10\/2016\/07\/abelly-feat.jpg?fit=1200%2C630&resize=350%2C200","width":350,"height":200,"srcset":"https:\/\/i0.wp.com\/vincentians.com\/fr\/wp-content\/uploads\/sites\/10\/2016\/07\/abelly-feat.jpg?fit=1200%2C630&resize=350%2C200 1x, https:\/\/i0.wp.com\/vincentians.com\/fr\/wp-content\/uploads\/sites\/10\/2016\/07\/abelly-feat.jpg?fit=1200%2C630&resize=525%2C300 1.5x, https:\/\/i0.wp.com\/vincentians.com\/fr\/wp-content\/uploads\/sites\/10\/2016\/07\/abelly-feat.jpg?fit=1200%2C630&resize=700%2C400 2x, https:\/\/i0.wp.com\/vincentians.com\/fr\/wp-content\/uploads\/sites\/10\/2016\/07\/abelly-feat.jpg?fit=1200%2C630&resize=1050%2C600 3x"},"classes":[]},{"id":106173,"url":"http:\/\/vincentians.com\/fr\/la-vie-du-venerable-serviteur-de-dieu-vincent-de-paul-livre-second-chapitre-ii-section-i\/","url_meta":{"origin":106287,"position":4},"title":"La vie du v\u00e9n\u00e9rable serviteur de Dieu Vincent de Paul, Livre second, Chapitre II, Section I","author":"Francisco Javier Fern\u00e1ndez Chento","date":"25\/03\/2013","format":false,"excerpt":"CHAPITRE SECOND: Des\u00a0 Exercices spirituels pour disposer \u00e0 la r\u00e9ception des saints Ordres. SECTION I: LE GRAND BESOIN QU\u2019IL Y AVAIT DE TRAVAILLER A LA R\u00c9FORMATION DE L\u2019\u00c9TAT ECCL\u00c9SIASTIQUE, LORSQUE LES EXERCICES DES ORDINANDS ONT \u00c9T\u00c9 COMMENC\u00c9S PAR M. VINCENT Nous avons vu au pr\u00e9c\u00e9dent chapitre les abondantes b\u00e9n\u00e9dictions qu'il\u2026","rel":"","context":"Dans &quot;Vincent de Paul&quot;","block_context":{"text":"Vincent de Paul","link":"http:\/\/vincentians.com\/fr\/category\/the-vincentian-family\/founders\/vincent-de-paul\/"},"img":{"alt_text":"","src":"https:\/\/i0.wp.com\/vincentians.com\/fr\/wp-content\/uploads\/sites\/10\/2016\/07\/abelly-feat.jpg?fit=1200%2C630&resize=350%2C200","width":350,"height":200,"srcset":"https:\/\/i0.wp.com\/vincentians.com\/fr\/wp-content\/uploads\/sites\/10\/2016\/07\/abelly-feat.jpg?fit=1200%2C630&resize=350%2C200 1x, https:\/\/i0.wp.com\/vincentians.com\/fr\/wp-content\/uploads\/sites\/10\/2016\/07\/abelly-feat.jpg?fit=1200%2C630&resize=525%2C300 1.5x, https:\/\/i0.wp.com\/vincentians.com\/fr\/wp-content\/uploads\/sites\/10\/2016\/07\/abelly-feat.jpg?fit=1200%2C630&resize=700%2C400 2x, https:\/\/i0.wp.com\/vincentians.com\/fr\/wp-content\/uploads\/sites\/10\/2016\/07\/abelly-feat.jpg?fit=1200%2C630&resize=1050%2C600 3x"},"classes":[]},{"id":52035,"url":"http:\/\/vincentians.com\/fr\/saint-vincent-de-paul-et-sa-mission-sociale-ii-les-oeuvres-2\/","url_meta":{"origin":106287,"position":5},"title":"Saint Vincent De Paul Et Sa Mission Sociale. II &#8211; Les \u0152uvres (2)","author":"Francisco Javier Fern\u00e1ndez Chento","date":"22\/12\/2014","format":false,"excerpt":"LA CONGR\u00c9GATION DE LA MISSION. \u2014 Fondation de la Mission. \u2014 Madame de Gondi. \u2014 Vincent de Paul est nomm\u00e9 sup\u00e9rieur du coll\u00e8ge des Bons-Enfants. \u2014 Les fondateurs d\u2019ordre. \u2014 But de la Congr\u00e9gation de la Mission. \u2014 L\u2019\u00e9vang\u00e9lisation des pauvres. \u2014 \u00c9tablissement \u00e0 Saint-Lazare. \u2014 Premiers travaux des missionnaires.\u2026","rel":"","context":"Dans &quot;Vincent de Paul&quot;","block_context":{"text":"Vincent de Paul","link":"http:\/\/vincentians.com\/fr\/category\/the-vincentian-family\/founders\/vincent-de-paul\/"},"img":{"alt_text":"","src":"https:\/\/i0.wp.com\/vincentians.com\/fr\/wp-content\/uploads\/sites\/10\/2016\/07\/vincent-et-sa-action-sociale.jpg?fit=1160%2C630&resize=350%2C200","width":350,"height":200,"srcset":"https:\/\/i0.wp.com\/vincentians.com\/fr\/wp-content\/uploads\/sites\/10\/2016\/07\/vincent-et-sa-action-sociale.jpg?fit=1160%2C630&resize=350%2C200 1x, https:\/\/i0.wp.com\/vincentians.com\/fr\/wp-content\/uploads\/sites\/10\/2016\/07\/vincent-et-sa-action-sociale.jpg?fit=1160%2C630&resize=525%2C300 1.5x, https:\/\/i0.wp.com\/vincentians.com\/fr\/wp-content\/uploads\/sites\/10\/2016\/07\/vincent-et-sa-action-sociale.jpg?fit=1160%2C630&resize=700%2C400 2x, https:\/\/i0.wp.com\/vincentians.com\/fr\/wp-content\/uploads\/sites\/10\/2016\/07\/vincent-et-sa-action-sociale.jpg?fit=1160%2C630&resize=1050%2C600 3x"},"classes":[]}],"_links":{"self":[{"href":"http:\/\/vincentians.com\/fr\/wp-json\/wp\/v2\/posts\/106287","targetHints":{"allow":["GET"]}}],"collection":[{"href":"http:\/\/vincentians.com\/fr\/wp-json\/wp\/v2\/posts"}],"about":[{"href":"http:\/\/vincentians.com\/fr\/wp-json\/wp\/v2\/types\/post"}],"author":[{"embeddable":true,"href":"http:\/\/vincentians.com\/fr\/wp-json\/wp\/v2\/users\/4"}],"replies":[{"embeddable":true,"href":"http:\/\/vincentians.com\/fr\/wp-json\/wp\/v2\/comments?post=106287"}],"version-history":[{"count":0,"href":"http:\/\/vincentians.com\/fr\/wp-json\/wp\/v2\/posts\/106287\/revisions"}],"wp:featuredmedia":[{"embeddable":true,"href":"http:\/\/vincentians.com\/fr\/wp-json\/wp\/v2\/media\/149583"}],"wp:attachment":[{"href":"http:\/\/vincentians.com\/fr\/wp-json\/wp\/v2\/media?parent=106287"}],"wp:term":[{"taxonomy":"category","embeddable":true,"href":"http:\/\/vincentians.com\/fr\/wp-json\/wp\/v2\/categories?post=106287"},{"taxonomy":"post_tag","embeddable":true,"href":"http:\/\/vincentians.com\/fr\/wp-json\/wp\/v2\/tags?post=106287"}],"curies":[{"name":"wp","href":"https:\/\/api.w.org\/{rel}","templated":true}]}}