{"id":106254,"date":"2013-03-27T12:19:43","date_gmt":"2013-03-27T11:19:43","guid":{"rendered":"http:\/\/vincentiens.org\/?p=106254"},"modified":"2013-03-27T12:19:43","modified_gmt":"2013-03-27T11:19:43","slug":"la-vie-du-venerable-serviteur-de-dieu-vincent-de-paul-livre-second-chapitre-ii-section-iii","status":"publish","type":"post","link":"http:\/\/vincentians.com\/fr\/la-vie-du-venerable-serviteur-de-dieu-vincent-de-paul-livre-second-chapitre-ii-section-iii\/","title":{"rendered":"La vie du v\u00e9n\u00e9rable serviteur de Dieu Vincent de Paul, Livre second, Chapitre II, Section III"},"content":{"rendered":"<h2><b>SECTION\u00a0 III\u00a0: <\/b>Sommaire de ce qui se fait en ces exercices, et des reglements qui s\u2019y observent<\/h2>\n<p>Ceux qui veulent recevoir les ordres viennent en la maison des pr\u00eatres de la Mission dix jours avant le samedi auquel ils doivent \u00eatre ordonn\u00e9s. A leur arriv\u00e9e on prend leurs noms, qualit\u00e9s, degr\u00e9s, etc. Plusieurs de la maison se trouvent pr\u00eats pour les recevoir et porter leurs hardes, les conduire en leurs chambres et autres lieux, les servir, les encourager, leur expliquer l\u2019ordre des divers exercices ou actions de la journ\u00e9e; comme aussi pour veiller que cet ordre soit gard\u00e9, et pour leur recommander le recueillement, le silence, la modestie et l&rsquo;exactitude \u00e0 tout ce qu&rsquo;ils ont \u00e0 faire; enfin pour les aider \u00e0 tirer profit des exercices et \u00e0 se pr\u00e9parer dignement \u00e0 la r\u00e9ception des ordres. Il y a un directeur de l&rsquo;ordination qui a une vue g\u00e9n\u00e9rale sur tous les officiers qui y sont employ\u00e9s, et sur tous les ordinands. Il est comme le chef qui conduit cette \u0153uvre, afin que tout s&rsquo;y fasse avec le m\u00eame esprit.<\/p>\n<p>On fait tous les jours deux entretiens diff\u00e9rents aux ordinands: le premier se fait le matin, sur les principaux chefs de la th\u00e9ologie morale, et des choses de pratique dont la connaissance est plus n\u00e9cessaire aux eccl\u00e9siastiques; l&rsquo;autre entretien se fait le soir, sur les vertus, qualit\u00e9s et fonctions propres \u00e0 ceux qui sont dans les saints ordres.<\/p>\n<p>On en fait dix de chaque sorte; et pour ceux du matin, qui sont de la th\u00e9ologie morale, voici l&rsquo;ordre qu&rsquo;on y observe:<\/p>\n<p>Au premier jour, on leur parle des censures de l&rsquo;\u00c9glise en g\u00e9n\u00e9ral<\/p>\n<p>Au second, des m\u00eames censures en particulier, \u00e0 savoir, de l&rsquo;excommunication, de la suspension, et de l&rsquo;interdit, auxquelles on ajoute l&rsquo;irr\u00e9gularit\u00e9<\/p>\n<p>Au troisi\u00e8me, du sacrement de P\u00e9nitence, de son institution, de sa forme, de ses effets, et des conditions n\u00e9cessaires au confesseur pour le bien administrer<\/p>\n<p>Au quatri\u00e8me, des dispositions au sacrement de P\u00e9nitence, c&rsquo;est \u00e0 savoir, de la contrition, de la confession, et de la satisfaction, comme aussi des indulgences<\/p>\n<p>Au cinqui\u00e8me, des lois divines et humaines, et des p\u00e9ch\u00e9s en g\u00e9n\u00e9ral, dont on explique la division, les circonstances, les esp\u00e8ces, les causes, les effets, les degr\u00e9s et les rem\u00e8des<\/p>\n<p>Au sixi\u00e8me, on traite des trois premiers commandements du D\u00e9calogue, qui regardent les devoirs de l&rsquo;homme envers Dieu, et en particulier on parle des trois verlus th\u00e9ologales, et de la vertu de religion et de ses actes<\/p>\n<p>Au septi\u00e8me, on leur explique les\u00a0 autres sept commandements de Dieu, qui regardent le prochain<\/p>\n<p>Au huiti\u00e8me, on leur parle des Sacrements en g\u00e9n\u00e9ral, de la Confirmation, et de l&rsquo;Eucharistie comme sacrement<\/p>\n<p>Au neuvi\u00e8me, on traite de l&rsquo;Eucharistie comme sacrifice, de l&rsquo;Extr\u00eame-Onction et du Mariage<\/p>\n<p>Au dixi\u00e8me, on explique le Symbole des Ap\u00f4tres, d\u00e9clarant sur chaque article ce qu&rsquo;un pr\u00eatre en doit savoir, avec les avis n\u00e9cessaires pour l&rsquo;enseigner utilement aux autres.<\/p>\n<p>Pour ce qui est des entretiens du soir, voici l&rsquo;ordre qu&rsquo;on y observe:<\/p>\n<p>Au premier jour on parle de l&rsquo;Oraison mentale, et on leur fait voir premi\u00e8rement les raisons pour lesquelles il importe que les eccl\u00e9siastiques s&rsquo;y adonnent; puis on leur montre en quoi elle consiste, et la m\u00e9thode qu&rsquo;on y doit observer, avec les moyens de la bien faire. L&rsquo;on commence par ce sujet le premier entretien, parce que durant les exercices, on leur fait employer tous les jours quelque temps en cette sorte d&rsquo;oraison<\/p>\n<p>Au second, on traite de la vocation \u00e0 l&rsquo;\u00e9tat eccl\u00e9siastique, et on leur fait voir combien il importe d&rsquo;\u00eatre bien appel\u00e9 de Dieu avant que de se pr\u00e9senter aux ordres; en quoi consiste cette vocation, et quelles en sont les marques, avec les moyens de la reconna\u00eetre et d&rsquo;y bien correspondre<\/p>\n<p>Au troisi\u00e8me, on parle de l&rsquo;esprit eccl\u00e9siastique, et on leur montre l&rsquo;obligation d&rsquo;entrer en cet esprit: en quoi il consiste; ses marques, et les moyens de l&rsquo;acqu\u00e9rir et de s&rsquo;y perfectionner<\/p>\n<p>Au quatri\u00e8me, on traite des ordres en g\u00e9n\u00e9ral, de leur institution, n\u00e9cessit\u00e9, mati\u00e8re, forme, effets, diff\u00e9rences, et des dispositions requises pour les bien recevoir<\/p>\n<p>Au cinqui\u00e8me, on les entretient de la tonsure cl\u00e9ricale, et on leur explique la doctrine de cette c\u00e9r\u00e9monie, les obligations que contracte celui qui la re\u00e7oit, les qualit\u00e9s qu&rsquo;il doit avoir, les dispositions qu&rsquo;il y doit apporter, et l&rsquo;on r\u00e9pond \u00e0 plusieurs difficult\u00e9s et objections sur cette mati\u00e8re<\/p>\n<p>Au sixi\u00e8me, on parle des ordres moindres en particulier, dont on explique la d\u00e9finition, la mati\u00e8re, la forme, les fonctions, et les vertus requises en ceux qui les ont re\u00e7us pour les bien exercer<\/p>\n<p>Au septi\u00e8me, l&rsquo;on traite du sous-diaconat, et des vertus qui sont propres \u00e0 cet ordre, et particuli\u00e8rement de la chastet\u00e9<\/p>\n<p>Au huiti\u00e8me, du diaconat, et des vertus propres aux diacres, particuli\u00e8rement de la charit\u00e9 envers le prochain<\/p>\n<p>Au neuvi\u00e8me, de la pr\u00eatrise, et l&rsquo;on parle particuli\u00e8rement de la science n\u00e9cessaire aux pr\u00eatres pour s&rsquo;acquitter dignement des fonctions de leur ordre<\/p>\n<p>Enfin au dixi\u00e8me, on fait un entretien de la vie eccl\u00e9siastique, o\u00f9 l&rsquo;on fait voir que ceux qui ont re\u00e7u les saints ordres doivent mener une vie bien plus sainte que celle des la\u00efques, et on leur propose divers moyens pour les aider \u00e0 mener une telle vie.<\/p>\n<p>Tous les jours, imm\u00e9diatement apr\u00e8s chaque entretien, on assemble les ordinands par acad\u00e9mies, dont chacune est compos\u00e9e de douze ou quinze personnes, ou environ; et on met ensemble ceux que l&rsquo;on voit \u00e0 peu pr\u00e8s \u00eatre &lsquo;une \u00e9gale capacit\u00e9 pour conf\u00e9rer entre eux, et avec un pr\u00eatre de la Mission qui se trouve en chaque acad\u00e9mie, sur ce qui a \u00e9t\u00e9 dit de plus consid\u00e9rable, afin que le souvenir et le fruit leur en demeure.<\/p>\n<p>On leur fait tous les jours pratiquer l&rsquo;Oraison mentale pendant une demi-heure ou environ; et ensuite on les fait assembler par acad\u00e9mies pour en conf\u00e9rer, et pour montrer \u00e0 ceux qui n&rsquo;y sont pas encore exerc\u00e9s la mani\u00e8re de s&rsquo;y bien appliquer, comment ils doivent faire les consid\u00e9rations, exciter les affections, et tirer des r\u00e9solutions de pratique.<\/p>\n<p>On les exerce tous les jours aux fonctions des ordres qu&rsquo;ils doivent recevoir, principalement aux c\u00e9r\u00e9monies de la sainte messe, tant particuli\u00e8re que solennelle.<\/p>\n<p>On leur fait r\u00e9citer l&rsquo;office divin ensemble, et bien observer les poses et m\u00e9diations.<\/p>\n<p>On les dispose surtout \u00e0 faire une bonne confession g\u00e9n\u00e9rale de toute leur vie, s&rsquo;ils n&rsquo;en ont jamais fait; ou au moins depuis le temps de leur derni\u00e8re confession g\u00e9n\u00e9rale, s&rsquo;ils en ont fait quelqu&rsquo;une: et c&rsquo;est pour cette raison que, dans les entretiens de th\u00e9ologie morale, on traite premi\u00e8rement des mati\u00e8res dont la connaissance est particuli\u00e8rement n\u00e9cessaire pour cet effet. Le lendemain de leur confession, qui est le jeudi, ils communient tous \u00e0 la grand&rsquo;messe.<\/p>\n<p>On leur donne sept heures et demie de repos la nuit, et le jour deux heures de conversation sainte et honn\u00eate, c&rsquo;est \u00e0 savoir, apr\u00e8s les repas, pendant lesquels on leur fait lecture de l&rsquo;\u00c9criture sainte, et du livre <i>de la dignit\u00e9 et saintet\u00e9 des pr\u00eatres, <\/i>par Molina, chartreux.<\/p>\n<p>En un mot, on les met dans un train de vie r\u00e9gl\u00e9e, ni trop libre, ni trop aust\u00e8re, mais convenable aux eccl\u00e9siastiques, afin qu&rsquo;ils s&rsquo;y conforment le plus qu&rsquo;ils pourront en leur particulier.<\/p>\n<p>Le dimanche apr\u00e8s l&rsquo;ordination, ils s&rsquo;en retournent chez eux, apr\u00e8s avoir assist\u00e9 \u00e0 la grand\u2019messe, et y avoir communi\u00e9 en action de gr\u00e2ces de leur ordination.<\/p>\n<p>Voil\u00e0 en abr\u00e9g\u00e9 l&rsquo;ordre des exercices de l&rsquo;ordination qui ont \u00e9t\u00e9 commenc\u00e9s, continu\u00e9s et \u00e9tablis par M. Vincent, et ensuite r\u00e9pandus dans l&rsquo;\u00c9glise par lui et par les siens .<\/p>\n<p>Il souhaitait fort, et recommandait soigneusement \u00e0 ceux qui faisaient les entretiens de l&rsquo;ordination, qu&rsquo;ils suivissent les m\u00e9moires qu\u2019il leur donnait \u00e0 cet effet, ou les mati\u00e8res \u00e9taient toutes dig\u00e9r\u00e9es; sachant bien qu&rsquo;ils n&rsquo;en pouvaient traiter de plus n\u00e9cessaires ni de plus profitables aux ordinands, ni m\u00eame dans un ordre plus convenable \u00e0 la fin de ces exercices. Il congratulait fort NN. SS. les pr\u00e9lats, lorsqu&rsquo;ils les faisaient, de ce qu&rsquo;ils y proc\u00e9daient comme les p\u00e8res envers leurs enfants, les nourrissant de la plus solide doctrine, et leur insinuant la vie et les op\u00e9rations de l&rsquo;Esprit de Dieu d&rsquo;une mani\u00e8re apostolique. \u00ab La simplicit\u00e9, disait-il aux siens, \u00e9difie les ordinands; ils s&rsquo;en louent et ne viennent chercher ici que cela; les v\u00e9rit\u00e9s qu&rsquo;on leur enseigne sont bien re\u00e7ues sous cet habit, elles ont plus d&rsquo;efficace avec cet ornement naturel. \u00bb Et un jour, quelqu&rsquo;un faisant ces entretiens autrement que dans l&rsquo;esprit de la Mission, M. Vincent se mit \u00e0 genoux devant lui, le priant avec instance de se servir d&rsquo;un style plus simple et plus d\u00e9vot.<\/p>\n","protected":false},"excerpt":{"rendered":"<p>SECTION\u00a0 III\u00a0: Sommaire de ce qui se fait en ces exercices, et des reglements qui s\u2019y observent Ceux qui veulent recevoir les ordres viennent en la maison des pr\u00eatres de la Mission dix jours avant &#8230; <a href=\"http:\/\/vincentians.com\/fr\/la-vie-du-venerable-serviteur-de-dieu-vincent-de-paul-livre-second-chapitre-ii-section-iii\/\" class=\"more-link\">Read More<\/a><\/p>\n","protected":false},"author":4,"featured_media":149583,"comment_status":"open","ping_status":"open","sticky":false,"template":"","format":"standard","meta":{"jetpack_post_was_ever_published":false,"_jetpack_newsletter_access":"","_jetpack_dont_email_post_to_subs":false,"_jetpack_newsletter_tier_id":0,"_jetpack_memberships_contains_paywalled_content":false,"_jetpack_memberships_contains_paid_content":false,"footnotes":"","jetpack_publicize_message":"","jetpack_publicize_feature_enabled":true,"jetpack_social_post_already_shared":true,"jetpack_social_options":{"image_generator_settings":{"template":"highway","default_image_id":0,"font":"","enabled":false},"version":2}},"categories":[5],"tags":[],"class_list":["post-106254","post","type-post","status-publish","format-standard","has-post-thumbnail","hentry","category-vincent-de-paul"],"yoast_head":"<!-- This site is optimized with the Yoast SEO plugin v26.3 - https:\/\/yoast.com\/wordpress\/plugins\/seo\/ -->\n<title>La vie du v\u00e9n\u00e9rable serviteur de Dieu Vincent de Paul, Livre second, Chapitre II, Section III - Nous Sommes Vincentiens<\/title>\n<meta name=\"robots\" content=\"index, follow, max-snippet:-1, max-image-preview:large, max-video-preview:-1\" \/>\n<link rel=\"canonical\" href=\"http:\/\/vincentians.com\/fr\/la-vie-du-venerable-serviteur-de-dieu-vincent-de-paul-livre-second-chapitre-ii-section-iii\/\" \/>\n<meta property=\"og:locale\" content=\"fr_FR\" \/>\n<meta property=\"og:type\" content=\"article\" \/>\n<meta property=\"og:title\" content=\"La vie du v\u00e9n\u00e9rable serviteur de Dieu Vincent de Paul, Livre second, Chapitre II, Section III - Nous Sommes Vincentiens\" \/>\n<meta property=\"og:description\" content=\"SECTION\u00a0 III\u00a0: Sommaire de ce qui se fait en ces exercices, et des reglements qui s\u2019y observent Ceux qui veulent recevoir les ordres viennent en la maison des pr\u00eatres de la Mission dix jours avant ... Read More\" \/>\n<meta property=\"og:url\" content=\"http:\/\/vincentians.com\/fr\/la-vie-du-venerable-serviteur-de-dieu-vincent-de-paul-livre-second-chapitre-ii-section-iii\/\" \/>\n<meta property=\"og:site_name\" content=\"Nous Sommes Vincentiens\" \/>\n<meta property=\"article:publisher\" content=\"https:\/\/www.facebook.com\/WeAreVincentians\/\" \/>\n<meta property=\"article:author\" content=\"https:\/\/www.facebook.com\/JavierChento\" \/>\n<meta property=\"article:published_time\" content=\"2013-03-27T11:19:43+00:00\" \/>\n<meta property=\"og:image\" content=\"https:\/\/i0.wp.com\/vincentians.com\/fr\/wp-content\/uploads\/sites\/10\/2016\/07\/abelly-feat.jpg?fit=1200%2C630\" \/>\n\t<meta property=\"og:image:width\" content=\"1200\" \/>\n\t<meta property=\"og:image:height\" content=\"630\" \/>\n\t<meta property=\"og:image:type\" content=\"image\/jpeg\" \/>\n<meta name=\"author\" content=\"Francisco Javier Fern\u00e1ndez Chento\" \/>\n<meta name=\"twitter:card\" content=\"summary_large_image\" \/>\n<meta name=\"twitter:creator\" content=\"@https:\/\/twitter.com\/javierchento\" \/>\n<meta name=\"twitter:site\" content=\"@WeVincentians\" \/>\n<meta name=\"twitter:label1\" content=\"\u00c9crit par\" \/>\n\t<meta name=\"twitter:data1\" content=\"Francisco Javier Fern\u00e1ndez Chento\" \/>\n\t<meta name=\"twitter:label2\" content=\"Dur\u00e9e de lecture estim\u00e9e\" \/>\n\t<meta name=\"twitter:data2\" content=\"8 minutes\" \/>\n<script type=\"application\/ld+json\" class=\"yoast-schema-graph\">{\"@context\":\"https:\/\/schema.org\",\"@graph\":[{\"@type\":\"WebPage\",\"@id\":\"http:\/\/vincentians.com\/fr\/la-vie-du-venerable-serviteur-de-dieu-vincent-de-paul-livre-second-chapitre-ii-section-iii\/\",\"url\":\"http:\/\/vincentians.com\/fr\/la-vie-du-venerable-serviteur-de-dieu-vincent-de-paul-livre-second-chapitre-ii-section-iii\/\",\"name\":\"La vie du v\u00e9n\u00e9rable serviteur de Dieu Vincent de Paul, Livre second, Chapitre II, Section III - Nous Sommes Vincentiens\",\"isPartOf\":{\"@id\":\"http:\/\/vincentians.com\/fr\/#website\"},\"primaryImageOfPage\":{\"@id\":\"http:\/\/vincentians.com\/fr\/la-vie-du-venerable-serviteur-de-dieu-vincent-de-paul-livre-second-chapitre-ii-section-iii\/#primaryimage\"},\"image\":{\"@id\":\"http:\/\/vincentians.com\/fr\/la-vie-du-venerable-serviteur-de-dieu-vincent-de-paul-livre-second-chapitre-ii-section-iii\/#primaryimage\"},\"thumbnailUrl\":\"https:\/\/i0.wp.com\/vincentians.com\/fr\/wp-content\/uploads\/sites\/10\/2016\/07\/abelly-feat.jpg?fit=1200%2C630\",\"datePublished\":\"2013-03-27T11:19:43+00:00\",\"author\":{\"@id\":\"http:\/\/vincentians.com\/fr\/#\/schema\/person\/9623ef4d9aa3b2dfb8c061f1499288f2\"},\"breadcrumb\":{\"@id\":\"http:\/\/vincentians.com\/fr\/la-vie-du-venerable-serviteur-de-dieu-vincent-de-paul-livre-second-chapitre-ii-section-iii\/#breadcrumb\"},\"inLanguage\":\"fr-FR\",\"potentialAction\":[{\"@type\":\"ReadAction\",\"target\":[\"http:\/\/vincentians.com\/fr\/la-vie-du-venerable-serviteur-de-dieu-vincent-de-paul-livre-second-chapitre-ii-section-iii\/\"]}]},{\"@type\":\"ImageObject\",\"inLanguage\":\"fr-FR\",\"@id\":\"http:\/\/vincentians.com\/fr\/la-vie-du-venerable-serviteur-de-dieu-vincent-de-paul-livre-second-chapitre-ii-section-iii\/#primaryimage\",\"url\":\"https:\/\/i0.wp.com\/vincentians.com\/fr\/wp-content\/uploads\/sites\/10\/2016\/07\/abelly-feat.jpg?fit=1200%2C630\",\"contentUrl\":\"https:\/\/i0.wp.com\/vincentians.com\/fr\/wp-content\/uploads\/sites\/10\/2016\/07\/abelly-feat.jpg?fit=1200%2C630\",\"width\":1200,\"height\":630},{\"@type\":\"BreadcrumbList\",\"@id\":\"http:\/\/vincentians.com\/fr\/la-vie-du-venerable-serviteur-de-dieu-vincent-de-paul-livre-second-chapitre-ii-section-iii\/#breadcrumb\",\"itemListElement\":[{\"@type\":\"ListItem\",\"position\":1,\"name\":\"Portada\",\"item\":\"http:\/\/vincentians.com\/fr\/\"},{\"@type\":\"ListItem\",\"position\":2,\"name\":\"La vie du v\u00e9n\u00e9rable serviteur de Dieu Vincent de Paul, Livre second, Chapitre II, Section III\"}]},{\"@type\":\"WebSite\",\"@id\":\"http:\/\/vincentians.com\/fr\/#website\",\"url\":\"http:\/\/vincentians.com\/fr\/\",\"name\":\"Nous Sommes Vincentiens\",\"description\":\"Know more to serve more\",\"potentialAction\":[{\"@type\":\"SearchAction\",\"target\":{\"@type\":\"EntryPoint\",\"urlTemplate\":\"http:\/\/vincentians.com\/fr\/?s={search_term_string}\"},\"query-input\":{\"@type\":\"PropertyValueSpecification\",\"valueRequired\":true,\"valueName\":\"search_term_string\"}}],\"inLanguage\":\"fr-FR\"},{\"@type\":\"Person\",\"@id\":\"http:\/\/vincentians.com\/fr\/#\/schema\/person\/9623ef4d9aa3b2dfb8c061f1499288f2\",\"name\":\"Francisco Javier Fern\u00e1ndez Chento\",\"image\":{\"@type\":\"ImageObject\",\"inLanguage\":\"fr-FR\",\"@id\":\"http:\/\/vincentians.com\/fr\/#\/schema\/person\/image\/\",\"url\":\"https:\/\/secure.gravatar.com\/avatar\/497d5cde87b4c3d097d0315953521681ba2cd523ee66e5077c3711f7021e65de?s=96&d=mm&r=g\",\"contentUrl\":\"https:\/\/secure.gravatar.com\/avatar\/497d5cde87b4c3d097d0315953521681ba2cd523ee66e5077c3711f7021e65de?s=96&d=mm&r=g\",\"caption\":\"Francisco Javier Fern\u00e1ndez Chento\"},\"description\":\"Director General y cofundador de La Red de Formaci\u00f3n Vicenciana. Javier es laico vicenciano, afiliado a la Congregaci\u00f3n de la Misi\u00f3n y miembro del Equipo de Misiones Populares de la provincia can\u00f3nica de Zaragoza (Espa\u00f1a) de la Congregaci\u00f3n de la Misi\u00f3n. Graduado en la Universidad Oberta de Catalunya con cuatro grados (Asistente de direcci\u00f3n, Gesti\u00f3n Administrativa, Recursos Humanos y Contabilidad Avanzada). Bil\u00edng\u00fce Espa\u00f1ol\/Ingl\u00e9s. gestiona y mantiene varias p\u00e1ginas web cristianas y vicencianas, incluida including La Red de Formaci\u00f3n Vicenciana, de la que es cofundador. Actualmente es responsable del \u00e1rea de Espa\u00f1ol de .famvin, la Red de Noticias de la Familia Vicenciana. Tambi\u00e9n es m\u00fasico cat\u00f3lico y ha editado varios discos. Es Director General y cofundador de Trovador, una reconocida compa\u00f1\u00eda discogr\u00e1fica critiana de Espa\u00f1a. Trabaja en las Tecnolog\u00edas de la Informaci\u00f3n, ofreciendo servicios de alojamiento, dise\u00f1o y mantenimiento Web, as\u00ed como asesoramiento, formaci\u00f3n y soluciones inform\u00e1ticas, gesti\u00f3n documental y digitalizaci\u00f3n de textos, edici\u00f3n y maquetaci\u00f3n de libros, revistas, flyers, etc.\",\"sameAs\":[\"http:\/\/chento.org\",\"https:\/\/www.facebook.com\/JavierChento\",\"https:\/\/x.com\/https:\/\/twitter.com\/javierchento\"],\"url\":\"http:\/\/vincentians.com\/fr\/author\/chento\/\"}]}<\/script>\n<!-- \/ Yoast SEO plugin. -->","yoast_head_json":{"title":"La vie du v\u00e9n\u00e9rable serviteur de Dieu Vincent de Paul, Livre second, Chapitre II, Section III - Nous Sommes Vincentiens","robots":{"index":"index","follow":"follow","max-snippet":"max-snippet:-1","max-image-preview":"max-image-preview:large","max-video-preview":"max-video-preview:-1"},"canonical":"http:\/\/vincentians.com\/fr\/la-vie-du-venerable-serviteur-de-dieu-vincent-de-paul-livre-second-chapitre-ii-section-iii\/","og_locale":"fr_FR","og_type":"article","og_title":"La vie du v\u00e9n\u00e9rable serviteur de Dieu Vincent de Paul, Livre second, Chapitre II, Section III - Nous Sommes Vincentiens","og_description":"SECTION\u00a0 III\u00a0: Sommaire de ce qui se fait en ces exercices, et des reglements qui s\u2019y observent Ceux qui veulent recevoir les ordres viennent en la maison des pr\u00eatres de la Mission dix jours avant ... Read More","og_url":"http:\/\/vincentians.com\/fr\/la-vie-du-venerable-serviteur-de-dieu-vincent-de-paul-livre-second-chapitre-ii-section-iii\/","og_site_name":"Nous Sommes Vincentiens","article_publisher":"https:\/\/www.facebook.com\/WeAreVincentians\/","article_author":"https:\/\/www.facebook.com\/JavierChento","article_published_time":"2013-03-27T11:19:43+00:00","og_image":[{"width":1200,"height":630,"url":"https:\/\/i0.wp.com\/vincentians.com\/fr\/wp-content\/uploads\/sites\/10\/2016\/07\/abelly-feat.jpg?fit=1200%2C630","type":"image\/jpeg"}],"author":"Francisco Javier Fern\u00e1ndez Chento","twitter_card":"summary_large_image","twitter_creator":"@https:\/\/twitter.com\/javierchento","twitter_site":"@WeVincentians","twitter_misc":{"\u00c9crit par":"Francisco Javier Fern\u00e1ndez Chento","Dur\u00e9e de lecture estim\u00e9e":"8 minutes"},"schema":{"@context":"https:\/\/schema.org","@graph":[{"@type":"WebPage","@id":"http:\/\/vincentians.com\/fr\/la-vie-du-venerable-serviteur-de-dieu-vincent-de-paul-livre-second-chapitre-ii-section-iii\/","url":"http:\/\/vincentians.com\/fr\/la-vie-du-venerable-serviteur-de-dieu-vincent-de-paul-livre-second-chapitre-ii-section-iii\/","name":"La vie du v\u00e9n\u00e9rable serviteur de Dieu Vincent de Paul, Livre second, Chapitre II, Section III - Nous Sommes Vincentiens","isPartOf":{"@id":"http:\/\/vincentians.com\/fr\/#website"},"primaryImageOfPage":{"@id":"http:\/\/vincentians.com\/fr\/la-vie-du-venerable-serviteur-de-dieu-vincent-de-paul-livre-second-chapitre-ii-section-iii\/#primaryimage"},"image":{"@id":"http:\/\/vincentians.com\/fr\/la-vie-du-venerable-serviteur-de-dieu-vincent-de-paul-livre-second-chapitre-ii-section-iii\/#primaryimage"},"thumbnailUrl":"https:\/\/i0.wp.com\/vincentians.com\/fr\/wp-content\/uploads\/sites\/10\/2016\/07\/abelly-feat.jpg?fit=1200%2C630","datePublished":"2013-03-27T11:19:43+00:00","author":{"@id":"http:\/\/vincentians.com\/fr\/#\/schema\/person\/9623ef4d9aa3b2dfb8c061f1499288f2"},"breadcrumb":{"@id":"http:\/\/vincentians.com\/fr\/la-vie-du-venerable-serviteur-de-dieu-vincent-de-paul-livre-second-chapitre-ii-section-iii\/#breadcrumb"},"inLanguage":"fr-FR","potentialAction":[{"@type":"ReadAction","target":["http:\/\/vincentians.com\/fr\/la-vie-du-venerable-serviteur-de-dieu-vincent-de-paul-livre-second-chapitre-ii-section-iii\/"]}]},{"@type":"ImageObject","inLanguage":"fr-FR","@id":"http:\/\/vincentians.com\/fr\/la-vie-du-venerable-serviteur-de-dieu-vincent-de-paul-livre-second-chapitre-ii-section-iii\/#primaryimage","url":"https:\/\/i0.wp.com\/vincentians.com\/fr\/wp-content\/uploads\/sites\/10\/2016\/07\/abelly-feat.jpg?fit=1200%2C630","contentUrl":"https:\/\/i0.wp.com\/vincentians.com\/fr\/wp-content\/uploads\/sites\/10\/2016\/07\/abelly-feat.jpg?fit=1200%2C630","width":1200,"height":630},{"@type":"BreadcrumbList","@id":"http:\/\/vincentians.com\/fr\/la-vie-du-venerable-serviteur-de-dieu-vincent-de-paul-livre-second-chapitre-ii-section-iii\/#breadcrumb","itemListElement":[{"@type":"ListItem","position":1,"name":"Portada","item":"http:\/\/vincentians.com\/fr\/"},{"@type":"ListItem","position":2,"name":"La vie du v\u00e9n\u00e9rable serviteur de Dieu Vincent de Paul, Livre second, Chapitre II, Section III"}]},{"@type":"WebSite","@id":"http:\/\/vincentians.com\/fr\/#website","url":"http:\/\/vincentians.com\/fr\/","name":"Nous Sommes Vincentiens","description":"Know more to serve more","potentialAction":[{"@type":"SearchAction","target":{"@type":"EntryPoint","urlTemplate":"http:\/\/vincentians.com\/fr\/?s={search_term_string}"},"query-input":{"@type":"PropertyValueSpecification","valueRequired":true,"valueName":"search_term_string"}}],"inLanguage":"fr-FR"},{"@type":"Person","@id":"http:\/\/vincentians.com\/fr\/#\/schema\/person\/9623ef4d9aa3b2dfb8c061f1499288f2","name":"Francisco Javier Fern\u00e1ndez Chento","image":{"@type":"ImageObject","inLanguage":"fr-FR","@id":"http:\/\/vincentians.com\/fr\/#\/schema\/person\/image\/","url":"https:\/\/secure.gravatar.com\/avatar\/497d5cde87b4c3d097d0315953521681ba2cd523ee66e5077c3711f7021e65de?s=96&d=mm&r=g","contentUrl":"https:\/\/secure.gravatar.com\/avatar\/497d5cde87b4c3d097d0315953521681ba2cd523ee66e5077c3711f7021e65de?s=96&d=mm&r=g","caption":"Francisco Javier Fern\u00e1ndez Chento"},"description":"Director General y cofundador de La Red de Formaci\u00f3n Vicenciana. Javier es laico vicenciano, afiliado a la Congregaci\u00f3n de la Misi\u00f3n y miembro del Equipo de Misiones Populares de la provincia can\u00f3nica de Zaragoza (Espa\u00f1a) de la Congregaci\u00f3n de la Misi\u00f3n. Graduado en la Universidad Oberta de Catalunya con cuatro grados (Asistente de direcci\u00f3n, Gesti\u00f3n Administrativa, Recursos Humanos y Contabilidad Avanzada). Bil\u00edng\u00fce Espa\u00f1ol\/Ingl\u00e9s. gestiona y mantiene varias p\u00e1ginas web cristianas y vicencianas, incluida including La Red de Formaci\u00f3n Vicenciana, de la que es cofundador. Actualmente es responsable del \u00e1rea de Espa\u00f1ol de .famvin, la Red de Noticias de la Familia Vicenciana. Tambi\u00e9n es m\u00fasico cat\u00f3lico y ha editado varios discos. Es Director General y cofundador de Trovador, una reconocida compa\u00f1\u00eda discogr\u00e1fica critiana de Espa\u00f1a. Trabaja en las Tecnolog\u00edas de la Informaci\u00f3n, ofreciendo servicios de alojamiento, dise\u00f1o y mantenimiento Web, as\u00ed como asesoramiento, formaci\u00f3n y soluciones inform\u00e1ticas, gesti\u00f3n documental y digitalizaci\u00f3n de textos, edici\u00f3n y maquetaci\u00f3n de libros, revistas, flyers, etc.","sameAs":["http:\/\/chento.org","https:\/\/www.facebook.com\/JavierChento","https:\/\/x.com\/https:\/\/twitter.com\/javierchento"],"url":"http:\/\/vincentians.com\/fr\/author\/chento\/"}]}},"jetpack_publicize_connections":[],"jetpack_featured_media_url":"https:\/\/i0.wp.com\/vincentians.com\/fr\/wp-content\/uploads\/sites\/10\/2016\/07\/abelly-feat.jpg?fit=1200%2C630","jetpack_sharing_enabled":true,"jetpack_shortlink":"https:\/\/wp.me\/p7ETMP-rDM","jetpack-related-posts":[{"id":106250,"url":"http:\/\/vincentians.com\/fr\/la-vie-du-venerable-serviteur-de-dieu-vincent-de-paul-livre-second-chapitre-ii-section-ii\/","url_meta":{"origin":106254,"position":0},"title":"La vie du v\u00e9n\u00e9rable serviteur de Dieu Vincent de Paul, Livre second, Chapitre II, Section II","author":"Francisco Javier Fern\u00e1ndez Chento","date":"26\/03\/2013","format":false,"excerpt":"SECTION\u00a0 II\u00a0: Quels ont ete les premiers commencements des exercices des ordinands Nous avons vu au premier livre de quelle mani\u00e8re ces exercices si importants commenc\u00e8rent \u00e0 Beauvais, o\u00f9 M. Vincent les fit pour la premi\u00e8re fois au mois de septembre de l'ann\u00e9e 1628, sous les ordres de M. Augustin\u2026","rel":"","context":"Dans &quot;Vincent de Paul&quot;","block_context":{"text":"Vincent de Paul","link":"http:\/\/vincentians.com\/fr\/category\/the-vincentian-family\/founders\/vincent-de-paul\/"},"img":{"alt_text":"","src":"https:\/\/i0.wp.com\/vincentians.com\/fr\/wp-content\/uploads\/sites\/10\/2016\/07\/abelly-feat.jpg?fit=1200%2C630&resize=350%2C200","width":350,"height":200,"srcset":"https:\/\/i0.wp.com\/vincentians.com\/fr\/wp-content\/uploads\/sites\/10\/2016\/07\/abelly-feat.jpg?fit=1200%2C630&resize=350%2C200 1x, https:\/\/i0.wp.com\/vincentians.com\/fr\/wp-content\/uploads\/sites\/10\/2016\/07\/abelly-feat.jpg?fit=1200%2C630&resize=525%2C300 1.5x, https:\/\/i0.wp.com\/vincentians.com\/fr\/wp-content\/uploads\/sites\/10\/2016\/07\/abelly-feat.jpg?fit=1200%2C630&resize=700%2C400 2x, https:\/\/i0.wp.com\/vincentians.com\/fr\/wp-content\/uploads\/sites\/10\/2016\/07\/abelly-feat.jpg?fit=1200%2C630&resize=1050%2C600 3x"},"classes":[]},{"id":52054,"url":"http:\/\/vincentians.com\/fr\/saint-vincent-de-paul-et-sa-mission-sociale-iii-laction-2\/","url_meta":{"origin":106254,"position":1},"title":"Saint Vincent De Paul Et Sa Mission Sociale. III &#8211; L\u2019action (2)","author":"Francisco Javier Fern\u00e1ndez Chento","date":"26\/12\/2014","format":false,"excerpt":"LA RENAISSANCE RELIGIEUSE. \u2014 Le compl\u00e9ment des missions. \u2014 \u00c9tat du clerg\u00e9 depuis le concile de Trente. \u2014 N\u00e9cessit\u00e9 d\u2019une r\u00e9forme. \u2014 Les exercices des ordinands. \u2014 Saint-Lazare. \u2014 La conf\u00e9rence du mardi. \u2014 Bossuet. \u2014 Les retraites spirituelles. \u2014 Le coll\u00e8ge des Bons-Enfants. \u2014 Vincent de Paul et Olier.\u2026","rel":"","context":"Dans &quot;Vincent de Paul&quot;","block_context":{"text":"Vincent de Paul","link":"http:\/\/vincentians.com\/fr\/category\/the-vincentian-family\/founders\/vincent-de-paul\/"},"img":{"alt_text":"","src":"https:\/\/i0.wp.com\/vincentians.com\/fr\/wp-content\/uploads\/sites\/10\/2016\/07\/vincent-et-sa-action-sociale.jpg?fit=1160%2C630&resize=350%2C200","width":350,"height":200,"srcset":"https:\/\/i0.wp.com\/vincentians.com\/fr\/wp-content\/uploads\/sites\/10\/2016\/07\/vincent-et-sa-action-sociale.jpg?fit=1160%2C630&resize=350%2C200 1x, https:\/\/i0.wp.com\/vincentians.com\/fr\/wp-content\/uploads\/sites\/10\/2016\/07\/vincent-et-sa-action-sociale.jpg?fit=1160%2C630&resize=525%2C300 1.5x, https:\/\/i0.wp.com\/vincentians.com\/fr\/wp-content\/uploads\/sites\/10\/2016\/07\/vincent-et-sa-action-sociale.jpg?fit=1160%2C630&resize=700%2C400 2x, https:\/\/i0.wp.com\/vincentians.com\/fr\/wp-content\/uploads\/sites\/10\/2016\/07\/vincent-et-sa-action-sociale.jpg?fit=1160%2C630&resize=1050%2C600 3x"},"classes":[]},{"id":106252,"url":"http:\/\/vincentians.com\/fr\/la-vie-du-venerable-serviteur-de-dieu-vincent-de-paul-livre-second-chapitre-ii-section-vi\/","url_meta":{"origin":106254,"position":2},"title":"La vie du v\u00e9n\u00e9rable serviteur de Dieu Vincent de Paul, Livre second, Chapitre II, Section VI","author":"Francisco Javier Fern\u00e1ndez Chento","date":"11\/04\/2013","format":false,"excerpt":"Section VI\u00a0: Les memes exercices des ordinands ayant \u00e9te pratiqu\u00e9s en Italie, y ont aussi produit de tres grands fruits Comme c'est le propre du bien de se communiquer et de se r\u00e9pandre, il ne faut pas s'\u00e9tonner si cette pratique des exercices de l'ordination qui \u00e9tait si bonne et\u2026","rel":"","context":"Dans &quot;Vincent de Paul&quot;","block_context":{"text":"Vincent de Paul","link":"http:\/\/vincentians.com\/fr\/category\/the-vincentian-family\/founders\/vincent-de-paul\/"},"img":{"alt_text":"","src":"https:\/\/i0.wp.com\/vincentians.com\/fr\/wp-content\/uploads\/sites\/10\/2016\/07\/abelly-feat.jpg?fit=1200%2C630&resize=350%2C200","width":350,"height":200,"srcset":"https:\/\/i0.wp.com\/vincentians.com\/fr\/wp-content\/uploads\/sites\/10\/2016\/07\/abelly-feat.jpg?fit=1200%2C630&resize=350%2C200 1x, https:\/\/i0.wp.com\/vincentians.com\/fr\/wp-content\/uploads\/sites\/10\/2016\/07\/abelly-feat.jpg?fit=1200%2C630&resize=525%2C300 1.5x, https:\/\/i0.wp.com\/vincentians.com\/fr\/wp-content\/uploads\/sites\/10\/2016\/07\/abelly-feat.jpg?fit=1200%2C630&resize=700%2C400 2x, https:\/\/i0.wp.com\/vincentians.com\/fr\/wp-content\/uploads\/sites\/10\/2016\/07\/abelly-feat.jpg?fit=1200%2C630&resize=1050%2C600 3x"},"classes":[]},{"id":106173,"url":"http:\/\/vincentians.com\/fr\/la-vie-du-venerable-serviteur-de-dieu-vincent-de-paul-livre-second-chapitre-ii-section-i\/","url_meta":{"origin":106254,"position":3},"title":"La vie du v\u00e9n\u00e9rable serviteur de Dieu Vincent de Paul, Livre second, Chapitre II, Section I","author":"Francisco Javier Fern\u00e1ndez Chento","date":"25\/03\/2013","format":false,"excerpt":"CHAPITRE SECOND: Des\u00a0 Exercices spirituels pour disposer \u00e0 la r\u00e9ception des saints Ordres. SECTION I: LE GRAND BESOIN QU\u2019IL Y AVAIT DE TRAVAILLER A LA R\u00c9FORMATION DE L\u2019\u00c9TAT ECCL\u00c9SIASTIQUE, LORSQUE LES EXERCICES DES ORDINANDS ONT \u00c9T\u00c9 COMMENC\u00c9S PAR M. VINCENT Nous avons vu au pr\u00e9c\u00e9dent chapitre les abondantes b\u00e9n\u00e9dictions qu'il\u2026","rel":"","context":"Dans &quot;Vincent de Paul&quot;","block_context":{"text":"Vincent de Paul","link":"http:\/\/vincentians.com\/fr\/category\/the-vincentian-family\/founders\/vincent-de-paul\/"},"img":{"alt_text":"","src":"https:\/\/i0.wp.com\/vincentians.com\/fr\/wp-content\/uploads\/sites\/10\/2016\/07\/abelly-feat.jpg?fit=1200%2C630&resize=350%2C200","width":350,"height":200,"srcset":"https:\/\/i0.wp.com\/vincentians.com\/fr\/wp-content\/uploads\/sites\/10\/2016\/07\/abelly-feat.jpg?fit=1200%2C630&resize=350%2C200 1x, https:\/\/i0.wp.com\/vincentians.com\/fr\/wp-content\/uploads\/sites\/10\/2016\/07\/abelly-feat.jpg?fit=1200%2C630&resize=525%2C300 1.5x, https:\/\/i0.wp.com\/vincentians.com\/fr\/wp-content\/uploads\/sites\/10\/2016\/07\/abelly-feat.jpg?fit=1200%2C630&resize=700%2C400 2x, https:\/\/i0.wp.com\/vincentians.com\/fr\/wp-content\/uploads\/sites\/10\/2016\/07\/abelly-feat.jpg?fit=1200%2C630&resize=1050%2C600 3x"},"classes":[]},{"id":106287,"url":"http:\/\/vincentians.com\/fr\/la-vie-du-venerable-serviteur-de-dieu-vincent-de-paul-livre-second-chapitre-iii-section-i\/","url_meta":{"origin":106254,"position":4},"title":"La vie du v\u00e9n\u00e9rable serviteur de Dieu Vincent de Paul, Livre second, Chapitre III, Section I","author":"Francisco Javier Fern\u00e1ndez Chento","date":"12\/04\/2013","format":false,"excerpt":"Chapitre Troisieme\u00a0: Les Conf\u00e9rences spirituelles de Eccl\u00e9siastiques, Section I\u00a0: Premier \u00e9tablissement de la conf\u00e9rence des eccl\u00e9siastiques a Saint-Lazare Il y a une liaison secr\u00e8te entre les vertus, qui fait que non seulement elles se suivent, mais m\u00eame qu'elles s'attirent les unes les autres dans les sujets qu'elles trouvent dispos\u00e9s: l'on\u2026","rel":"","context":"Dans &quot;Vincent de Paul&quot;","block_context":{"text":"Vincent de Paul","link":"http:\/\/vincentians.com\/fr\/category\/the-vincentian-family\/founders\/vincent-de-paul\/"},"img":{"alt_text":"","src":"https:\/\/i0.wp.com\/vincentians.com\/fr\/wp-content\/uploads\/sites\/10\/2016\/07\/abelly-feat.jpg?fit=1200%2C630&resize=350%2C200","width":350,"height":200,"srcset":"https:\/\/i0.wp.com\/vincentians.com\/fr\/wp-content\/uploads\/sites\/10\/2016\/07\/abelly-feat.jpg?fit=1200%2C630&resize=350%2C200 1x, https:\/\/i0.wp.com\/vincentians.com\/fr\/wp-content\/uploads\/sites\/10\/2016\/07\/abelly-feat.jpg?fit=1200%2C630&resize=525%2C300 1.5x, https:\/\/i0.wp.com\/vincentians.com\/fr\/wp-content\/uploads\/sites\/10\/2016\/07\/abelly-feat.jpg?fit=1200%2C630&resize=700%2C400 2x, https:\/\/i0.wp.com\/vincentians.com\/fr\/wp-content\/uploads\/sites\/10\/2016\/07\/abelly-feat.jpg?fit=1200%2C630&resize=1050%2C600 3x"},"classes":[]},{"id":106662,"url":"http:\/\/vincentians.com\/fr\/la-vie-du-venerable-serviteur-de-dieu-vincent-de-paul-livre-second-chapitre-dernier-section-iii\/","url_meta":{"origin":106254,"position":5},"title":"La vie du v\u00e9n\u00e9rable serviteur de Dieu Vincent de Paul, Livre second, Chapitre Dernier, Section III","author":"Francisco Javier Fern\u00e1ndez Chento","date":"15\/11\/2013","format":false,"excerpt":"Section III\u00a0: L'\u00e9quit\u00e9 et la vigilance avec laquelle Monsieur Vincent se comportait dans les affaires b\u00e9n\u00e9ficiales. M. le cardinal Mazarin, ayant \u00e9t\u00e9 \u00e9tabli par la Reine chef du Conseil des affaires eccl\u00e9siastiques, donnait son temps pour y vaquer, autant que ses autres affaires le lui pouvaient permettre; et lorsque, tenant\u2026","rel":"","context":"Dans &quot;Vincent de Paul&quot;","block_context":{"text":"Vincent de Paul","link":"http:\/\/vincentians.com\/fr\/category\/the-vincentian-family\/founders\/vincent-de-paul\/"},"img":{"alt_text":"","src":"https:\/\/i0.wp.com\/vincentians.com\/fr\/wp-content\/uploads\/sites\/10\/2016\/07\/abelly-feat.jpg?fit=1200%2C630&resize=350%2C200","width":350,"height":200,"srcset":"https:\/\/i0.wp.com\/vincentians.com\/fr\/wp-content\/uploads\/sites\/10\/2016\/07\/abelly-feat.jpg?fit=1200%2C630&resize=350%2C200 1x, https:\/\/i0.wp.com\/vincentians.com\/fr\/wp-content\/uploads\/sites\/10\/2016\/07\/abelly-feat.jpg?fit=1200%2C630&resize=525%2C300 1.5x, https:\/\/i0.wp.com\/vincentians.com\/fr\/wp-content\/uploads\/sites\/10\/2016\/07\/abelly-feat.jpg?fit=1200%2C630&resize=700%2C400 2x, https:\/\/i0.wp.com\/vincentians.com\/fr\/wp-content\/uploads\/sites\/10\/2016\/07\/abelly-feat.jpg?fit=1200%2C630&resize=1050%2C600 3x"},"classes":[]}],"_links":{"self":[{"href":"http:\/\/vincentians.com\/fr\/wp-json\/wp\/v2\/posts\/106254","targetHints":{"allow":["GET"]}}],"collection":[{"href":"http:\/\/vincentians.com\/fr\/wp-json\/wp\/v2\/posts"}],"about":[{"href":"http:\/\/vincentians.com\/fr\/wp-json\/wp\/v2\/types\/post"}],"author":[{"embeddable":true,"href":"http:\/\/vincentians.com\/fr\/wp-json\/wp\/v2\/users\/4"}],"replies":[{"embeddable":true,"href":"http:\/\/vincentians.com\/fr\/wp-json\/wp\/v2\/comments?post=106254"}],"version-history":[{"count":0,"href":"http:\/\/vincentians.com\/fr\/wp-json\/wp\/v2\/posts\/106254\/revisions"}],"wp:featuredmedia":[{"embeddable":true,"href":"http:\/\/vincentians.com\/fr\/wp-json\/wp\/v2\/media\/149583"}],"wp:attachment":[{"href":"http:\/\/vincentians.com\/fr\/wp-json\/wp\/v2\/media?parent=106254"}],"wp:term":[{"taxonomy":"category","embeddable":true,"href":"http:\/\/vincentians.com\/fr\/wp-json\/wp\/v2\/categories?post=106254"},{"taxonomy":"post_tag","embeddable":true,"href":"http:\/\/vincentians.com\/fr\/wp-json\/wp\/v2\/tags?post=106254"}],"curies":[{"name":"wp","href":"https:\/\/api.w.org\/{rel}","templated":true}]}}