{"id":106250,"date":"2013-03-26T12:19:43","date_gmt":"2013-03-26T11:19:43","guid":{"rendered":"http:\/\/vincentiens.org\/?p=106250"},"modified":"2013-03-26T12:19:43","modified_gmt":"2013-03-26T11:19:43","slug":"la-vie-du-venerable-serviteur-de-dieu-vincent-de-paul-livre-second-chapitre-ii-section-ii","status":"publish","type":"post","link":"http:\/\/vincentians.com\/fr\/la-vie-du-venerable-serviteur-de-dieu-vincent-de-paul-livre-second-chapitre-ii-section-ii\/","title":{"rendered":"La vie du v\u00e9n\u00e9rable serviteur de Dieu Vincent de Paul, Livre second, Chapitre II, Section II"},"content":{"rendered":"<h2><b>SECTION\u00a0 II\u00a0: <\/b>Quels ont ete les premiers commencements des exercices des ordinands<\/h2>\n<p>Nous avons vu au premier livre de quelle mani\u00e8re ces exercices si importants commenc\u00e8rent \u00e0 Beauvais, o\u00f9 M. Vincent les fit pour la premi\u00e8re fois au mois de septembre de l&rsquo;ann\u00e9e 1628, sous les ordres de M. Augustin Potier, qui en \u00e9tait \u00e9v\u00eaque; ce qui r\u00e9ussit avec tant de b\u00e9n\u00e9diction, que non seulement ce vertueux pr\u00e9lat les fit toujours\u00a0 depuis continuer par l&rsquo;aide de celui qui les avait si bien commenc\u00e9s pour l&rsquo;avantage de son clerg\u00e9, mais encore un tr\u00e8s grand nombre de pr\u00e9lats, tant de ce royaume que de diverses provinces \u00e9trang\u00e8res, en ont apr\u00e8s introduit l&rsquo;usage dans leurs dioc\u00e8ses avec de tr\u00e8s grands fruits.<\/p>\n<p>Et premi\u00e8rement Mgr l\u2019archev\u00eaque de Paris, M. Jean-Fran\u00e7ois de Gondi, ayant su ce que M. Vincent avait fait \u00e0 Beauvais, se r\u00e9solut de lui faire pratiquer le m\u00eame \u00e0 Paris, ayant depuis longtemps reconnu en lui de grands dons de Dieu, pour travailler tr\u00e8s utilement au bien de son Eglise. Il lui envoya pour cet effet les ordinands de son dioc\u00e8se au commencement du car\u00eame de l&rsquo;ann\u00e9e 1631,.et ce charitable pr\u00eatre les re\u00e7ut dans le coll\u00e8ge des Bons-Enfants, o\u00f9 sa Compagnie encore naissante \u00e9tait log\u00e9e, avec laquelle il travailla si heureusement \u00e0 ces exercices, que cette petite source a ensuite r\u00e9pandu ses ruisseaux de tous c\u00f4t\u00e9s pour fertiliser le champ de l&rsquo;Eglise;.car ce fut \u00e0 Paris que plusieurs pr\u00e9lats et autres vertueux eccl\u00e9siastiques commenc\u00e8rent \u00e0 conna\u00eetre la valeur et l&rsquo;utilit\u00e9 de ces exercices des ordinands; ce qui les porta \u00e0 les mettre en usage en divers autres lieux.\u00a0 Voici ce que M. Vincent \u00e9crivit environ deux ans apr\u00e8s sur ce sujet :<\/p>\n<p>\u00ab Mgr l\u2019archev\u00eaque, conform\u00e9ment \u00e0 la pratique. ancienne de l&rsquo;Eglise, en laquelle les \u00e9v\u00eaques faisaient instruire chez eux, durant plusieurs jours, ceux qui d\u00e9siraient \u00eatre promus aux ordres, a ordonn\u00e9 que dor\u00e9navant ceux de son dioc\u00e8se qui auront ce d\u00e9sir se retireront, dix jours avant chaque ordre, chez les pr\u00eatres de la Mission, pour y faire une retraite spirituelle, s&rsquo;exercer \u00e0 la m\u00e9ditation si n\u00e9cessaire aux eccl\u00e9siastiques, faire une confession g\u00e9n\u00e9rale de toute leur vie pass\u00e9e, faire une r\u00e9p\u00e9tition de la th\u00e9ologie morale et particuli\u00e8rement de celle qui regarde l&rsquo;usage des sacrements, apprendre \u00e0 bien faire les c\u00e9r\u00e9monies de toutes les fonctions des ordres, et enfin s&rsquo;instruire de toutes les autres choses n\u00e9cessaires aux eccl\u00e9siastiques. Ils sont log\u00e9s et nourris pendant ce temps-l\u00e0, et il en r\u00e9sulte un tel fruit, par la gr\u00e2ce de Dieu, qu&rsquo;on a vu que tous ceux qui ont fait ces exercices m\u00e8nent ensuite une vie vraiment eccl\u00e9siastique, et m\u00eame la plupart d&rsquo;entre eux s&rsquo;appliquent d&rsquo;une mani\u00e8re toute particuli\u00e8re aux \u0153uvres de pi\u00e9t\u00e9, ce qui commence \u00e0 \u00eatre manifeste au public \u00bb<\/p>\n<p>En une autre occasion, parlant \u00e0 ceux de sa Communaut\u00e9, et leur remontrant comment les divers emplois o\u00f9 ils \u00e9taient appliqu\u00e9s ne venaient point de leur propre choix, mais d&rsquo;une destination toute particuli\u00e8re de la divine Providence : \u00ab Avions-nous (leur dit-il) jamais recherch\u00e9 l&#8217;emploi de faire faire les exercices aux ordinands, qui est le plus riche et le plus pr\u00e9cieux d\u00e9p\u00f4t que l&rsquo;\u00c9glise nous p\u00fbt mettre entre les mains ? Non, cela ne nous \u00e9tait jamais tomb\u00e9 dans l&rsquo;esprit \u00bb<\/p>\n<p>Il se fit, en cette ann\u00e9e 1631 six ordinations \u00e0 Paris, et \u00e0 chaque ordination M. Vincent re\u00e7ut les ordinands en sa maison; pour leur faire faire les exercices. Cela continua de la m\u00eame fa\u00e7on jusqu&rsquo;en l&rsquo;ann\u00e9e 1643, en laquelle Mgr l&rsquo;archev\u00eaque jugea exp\u00e9dient de retrancher l&rsquo;ordination de la mi-car\u00eame, sur ce qui lui fut repr\u00e9sent\u00e9 par ceux de son conseil que l&rsquo;intervalle \u00e9tait trop court entre chaque ordination pour y apporter toutes les dispositions convenables. Sur quoi il est \u00e0 remarquer que jusqu&rsquo;en l&rsquo;ann\u00e9e 1638, on recevait seulement aux exercices les ordinands du dioc\u00e8se de Paris. Mais quelques dames de singuli\u00e8re pi\u00e9t\u00e9 voyant le changement notable qui paraissait dans les eccl\u00e9siastiques de Paris qui avaient pass\u00e9 par ces exercices, propos\u00e8rent pour lors \u00e0 M. Vincent d&rsquo;y admettre aussi ceux des autres dioc\u00e8ses qui viendraient recevoir les ordres \u00e0 Paris; et sachant bien qu&rsquo;il n&rsquo;en pouvait pas porter la d\u00e9pense, une d&rsquo;entre elles (c&rsquo;\u00e9tait Mme la pr\u00e9sidente de Herse) s\u2019offrit de la fournir pour cinq ans, pendant lesquels elle lui envoya mille livres \u00e0 chaque ordination. Elle contribua encore, avec quelques autres dames de la Compagnie de la Charit\u00e9 de Paris, au logement et ameublement n\u00e9cessaire pour les m\u00eames ordinands\u00a0 Madame la marquise de Maignelay, s\u0153ur de Mgr l&rsquo;archev\u00eaque de Paris, qui \u00e9tait une dame de haute pi\u00e9t\u00e9 et charit\u00e9, et qui avait une estime particuli\u00e8re pour M. Vincent, a fait aussi du bien \u00e0 la maison de Saint-Lazare, pour l&rsquo;aider \u00e0 soutenir cette grande d\u00e9pense des ordinands. Et la reine m\u00e8re du roi, au commencement de sa r\u00e9gence, ayant eu la d\u00e9votion d&rsquo;assister \u00e0 un entretien des ordinands que M. Perrochel, pour lors nomm\u00e9 \u00e0 l&rsquo;\u00e9v\u00each\u00e9 de Boulogne, faisait dans l&rsquo;\u00e9glise du coll\u00e8ge des Bons-Enfants, elle en fut touch\u00e9e et jugea cette \u0153uvre fort utile \u00e0 l&rsquo;\u00c9glise. Et quelques dames lui ayant dit que cela m\u00e9ritait bien une fondation royale, elle fit esp\u00e9rer quelque assistance pour cela; et en effet, les cinq ann\u00e9es de Madame de Herse \u00e9tant d\u00e9j\u00e0 achev\u00e9es, Sa Majest\u00e9 donna de sa gr\u00e2ce quelques aum\u00f4nes durant deux ou trois ans pour contribuer \u00e0 la nourriture des ordinands. Mais depuis pr\u00e8s de dix-huit ans toute cette d\u00e9pense est tomb\u00e9e sur la maison de Saint-Lazare, laquelle n&rsquo;\u00e9tant pas fond\u00e9e pour fournir \u00e0 la nourriture et autres frais n\u00e9cessaires pour un si grand nombre de personnes qui passent tous les ans par ces exercices, n&rsquo;a pu qu&rsquo;elle n&rsquo;en ait \u00e9t\u00e9 fort incommod\u00e9e, comme elle l&rsquo;est en effet; vu m\u00eame que, depuis l\u2019ann\u00e9e 1646, on a encore oblig\u00e9 ceux qui devaient recevoir les quatre ordres moindres de passer par les m\u00eames exercices, afin qu&rsquo;avant de s&rsquo;engager dans les ordres sacr\u00e9s ils pussent conna\u00eetre avec plus de lumi\u00e8re s&rsquo;ils y \u00e9taient vraiment appel\u00e9s de Dieu, et apprendre \u00e0 s&rsquo;y mieux pr\u00e9parer.<\/p>\n<p>Mais quoique cette charge surpass\u00e2t de beaucoup les forces de la maison de Saint-Lazare, on n&rsquo;a pourtant jamais ou\u00ef sortir une seule parole de plainte\u00a0 de la bouche de M. Vincent de toutes ces grandes d\u00e9penses qu\u2019il fallait faire pour la continuation de cette \u0153uvre, il les a toujours port\u00e9es en silence, s&rsquo;abandonnant \u00e0 la conduite de Dieu, dont il pr\u00e9f\u00e9rait incomparablement l\u2019honneur qui lui en revenait et le bien de son \u00c9glise, \u00e0 tous les int\u00e9r\u00eats temporels de sa Compagnie.<\/p>\n<p>Le nombre de ceux qu\u2019on re\u00e7oit \u00e0 chaque ordination est pour l&rsquo;ordinaire de soixante-dix, quatre-vingts et quatre-vingt-dix et plus, lesquels sont log\u00e9s \u00e0 Saint-Lazare, nourris et entretenus de tout ce qui leur est n\u00e9cessaire pendant onze jours \u00e0 chaque ordination, qui font cinquante-cinq jours par an. On ne leur demande pas un sol pour cette d\u00e9pense, afin qu&rsquo;ils y viennent plus volontiers, voyant qu&rsquo;on n&rsquo;\u00e9pargne rien pour les mettre en \u00e9tat de bien servir l&rsquo;Eglise.<\/p>\n<p>Nous rapporterons ici le t\u00e9moignage rendu par un eccl\u00e9siastique de tr\u00e8s grande vertu sur ce sujet \u00abIl n&rsquo;est pas possible, dit-il, d&rsquo;exprimer le soin qu&rsquo;apportait M. Vincent afin que les ordinands fussent bien servis pendant le temps des exercices. Leur d\u00e9pense ne lui semblait rien, quoiqu&rsquo;elle exc\u00e9d\u00e2t beaucoup les forces de sa maison, qui ne peut qu&rsquo;elle ne soit fort ob\u00e9r\u00e9e pour ce sujet. Je me souviens que durant les troubles de Paris, quelques personnes consid\u00e9rables qui connaissaient combien il \u00e9tait difficile que M. Vincent put alors soutenir cette d\u00e9pense des ordinands, lui voulurent persuader de n\u2019en point charger sa maison durant un temps si f\u00e2cheux; mais il n\u2019eut aucun \u00e9gard \u00e0 leur remontrance, et voulut, nonobstant la disette d\u2019argent\u00a0 et de vivres o\u00f9 l&rsquo;on se trouvait r\u00e9duit, qu\u2019on ne laiss\u00e2t pas de faire toutes les d\u00e9penses n\u00e9cessaires pour leur r\u00e9ception et nourriture en sa maison pendant les onze jours que duraient leurs exercices: ne faisant aucun cas du temporel lorsqu\u2019il s\u2019agissait du spirituel, et n&rsquo;estimant les biens p\u00e9rissables qu&rsquo;autant qu&rsquo;il les jugeait utiles \u00e0 l&rsquo;avancement de la gloire de Dieu. Que ne disait-il point \u00e0 ceux de sa Communaut\u00e9 touchant l&rsquo;excellence du sacerdoce, toutes les fois que le temps de l&rsquo;ordination approchait, pour les exhorter \u00e0 rendre service et assistance aux ordinands et \u00e0 travailler de toutes leurs forces de corps et d&rsquo;esprit pour l&rsquo;avancement de l&rsquo;\u00e9tat eccl\u00e9siastique dans la vertu ? Toutes ses paroles \u00e9taient comme autant de dards enflamm\u00e9s qui p\u00e9n\u00e9traient jusqu&rsquo;au fond du c\u0153ur, et toutes tr\u00e8s dignes d&rsquo;\u00eatre bien remarqu\u00e9es et retenues, m\u00eame par \u00e9crit; et si on ne l&rsquo;a pas fait, on peut dire que c&rsquo;est une perte incomparable \u00bb<\/p>\n","protected":false},"excerpt":{"rendered":"<p>SECTION\u00a0 II\u00a0: Quels ont ete les premiers commencements des exercices des ordinands Nous avons vu au premier livre de quelle mani\u00e8re ces exercices si importants commenc\u00e8rent \u00e0 Beauvais, o\u00f9 M. Vincent les fit pour la &#8230; <a href=\"http:\/\/vincentians.com\/fr\/la-vie-du-venerable-serviteur-de-dieu-vincent-de-paul-livre-second-chapitre-ii-section-ii\/\" class=\"more-link\">Read More<\/a><\/p>\n","protected":false},"author":4,"featured_media":149583,"comment_status":"open","ping_status":"open","sticky":false,"template":"","format":"standard","meta":{"jetpack_post_was_ever_published":false,"_jetpack_newsletter_access":"","_jetpack_dont_email_post_to_subs":false,"_jetpack_newsletter_tier_id":0,"_jetpack_memberships_contains_paywalled_content":false,"_jetpack_memberships_contains_paid_content":false,"footnotes":"","jetpack_publicize_message":"","jetpack_publicize_feature_enabled":true,"jetpack_social_post_already_shared":true,"jetpack_social_options":{"image_generator_settings":{"template":"highway","default_image_id":0,"font":"","enabled":false},"version":2}},"categories":[5],"tags":[],"class_list":["post-106250","post","type-post","status-publish","format-standard","has-post-thumbnail","hentry","category-vincent-de-paul"],"yoast_head":"<!-- This site is optimized with the Yoast SEO plugin v26.3 - https:\/\/yoast.com\/wordpress\/plugins\/seo\/ -->\n<title>La vie du v\u00e9n\u00e9rable serviteur de Dieu Vincent de Paul, Livre second, Chapitre II, Section II - Nous Sommes Vincentiens<\/title>\n<meta name=\"robots\" content=\"index, follow, max-snippet:-1, max-image-preview:large, max-video-preview:-1\" \/>\n<link rel=\"canonical\" href=\"https:\/\/vincentians.com\/fr\/la-vie-du-venerable-serviteur-de-dieu-vincent-de-paul-livre-second-chapitre-ii-section-ii\/\" \/>\n<meta property=\"og:locale\" content=\"fr_FR\" \/>\n<meta property=\"og:type\" content=\"article\" \/>\n<meta property=\"og:title\" content=\"La vie du v\u00e9n\u00e9rable serviteur de Dieu Vincent de Paul, Livre second, Chapitre II, Section II - Nous Sommes Vincentiens\" \/>\n<meta property=\"og:description\" content=\"SECTION\u00a0 II\u00a0: Quels ont ete les premiers commencements des exercices des ordinands Nous avons vu au premier livre de quelle mani\u00e8re ces exercices si importants commenc\u00e8rent \u00e0 Beauvais, o\u00f9 M. Vincent les fit pour la ... Read More\" \/>\n<meta property=\"og:url\" content=\"https:\/\/vincentians.com\/fr\/la-vie-du-venerable-serviteur-de-dieu-vincent-de-paul-livre-second-chapitre-ii-section-ii\/\" \/>\n<meta property=\"og:site_name\" content=\"Nous Sommes Vincentiens\" \/>\n<meta property=\"article:publisher\" content=\"https:\/\/www.facebook.com\/WeAreVincentians\/\" \/>\n<meta property=\"article:author\" content=\"https:\/\/www.facebook.com\/JavierChento\" \/>\n<meta property=\"article:published_time\" content=\"2013-03-26T11:19:43+00:00\" \/>\n<meta property=\"og:image\" content=\"https:\/\/i0.wp.com\/vincentians.com\/fr\/wp-content\/uploads\/sites\/10\/2016\/07\/abelly-feat.jpg?fit=1200%2C630&ssl=1\" \/>\n\t<meta property=\"og:image:width\" content=\"1200\" \/>\n\t<meta property=\"og:image:height\" content=\"630\" \/>\n\t<meta property=\"og:image:type\" content=\"image\/jpeg\" \/>\n<meta name=\"author\" content=\"Francisco Javier Fern\u00e1ndez Chento\" \/>\n<meta name=\"twitter:card\" content=\"summary_large_image\" \/>\n<meta name=\"twitter:creator\" content=\"@https:\/\/twitter.com\/javierchento\" \/>\n<meta name=\"twitter:site\" content=\"@WeVincentians\" \/>\n<meta name=\"twitter:label1\" content=\"\u00c9crit par\" \/>\n\t<meta name=\"twitter:data1\" content=\"Francisco Javier Fern\u00e1ndez Chento\" \/>\n\t<meta name=\"twitter:label2\" content=\"Dur\u00e9e de lecture estim\u00e9e\" \/>\n\t<meta name=\"twitter:data2\" content=\"8 minutes\" \/>\n<script type=\"application\/ld+json\" class=\"yoast-schema-graph\">{\"@context\":\"https:\/\/schema.org\",\"@graph\":[{\"@type\":\"WebPage\",\"@id\":\"https:\/\/vincentians.com\/fr\/la-vie-du-venerable-serviteur-de-dieu-vincent-de-paul-livre-second-chapitre-ii-section-ii\/\",\"url\":\"https:\/\/vincentians.com\/fr\/la-vie-du-venerable-serviteur-de-dieu-vincent-de-paul-livre-second-chapitre-ii-section-ii\/\",\"name\":\"La vie du v\u00e9n\u00e9rable serviteur de Dieu Vincent de Paul, Livre second, Chapitre II, Section II - Nous Sommes Vincentiens\",\"isPartOf\":{\"@id\":\"http:\/\/vincentians.com\/fr\/#website\"},\"primaryImageOfPage\":{\"@id\":\"https:\/\/vincentians.com\/fr\/la-vie-du-venerable-serviteur-de-dieu-vincent-de-paul-livre-second-chapitre-ii-section-ii\/#primaryimage\"},\"image\":{\"@id\":\"https:\/\/vincentians.com\/fr\/la-vie-du-venerable-serviteur-de-dieu-vincent-de-paul-livre-second-chapitre-ii-section-ii\/#primaryimage\"},\"thumbnailUrl\":\"https:\/\/i0.wp.com\/vincentians.com\/fr\/wp-content\/uploads\/sites\/10\/2016\/07\/abelly-feat.jpg?fit=1200%2C630\",\"datePublished\":\"2013-03-26T11:19:43+00:00\",\"author\":{\"@id\":\"http:\/\/vincentians.com\/fr\/#\/schema\/person\/9623ef4d9aa3b2dfb8c061f1499288f2\"},\"breadcrumb\":{\"@id\":\"https:\/\/vincentians.com\/fr\/la-vie-du-venerable-serviteur-de-dieu-vincent-de-paul-livre-second-chapitre-ii-section-ii\/#breadcrumb\"},\"inLanguage\":\"fr-FR\",\"potentialAction\":[{\"@type\":\"ReadAction\",\"target\":[\"https:\/\/vincentians.com\/fr\/la-vie-du-venerable-serviteur-de-dieu-vincent-de-paul-livre-second-chapitre-ii-section-ii\/\"]}]},{\"@type\":\"ImageObject\",\"inLanguage\":\"fr-FR\",\"@id\":\"https:\/\/vincentians.com\/fr\/la-vie-du-venerable-serviteur-de-dieu-vincent-de-paul-livre-second-chapitre-ii-section-ii\/#primaryimage\",\"url\":\"https:\/\/i0.wp.com\/vincentians.com\/fr\/wp-content\/uploads\/sites\/10\/2016\/07\/abelly-feat.jpg?fit=1200%2C630\",\"contentUrl\":\"https:\/\/i0.wp.com\/vincentians.com\/fr\/wp-content\/uploads\/sites\/10\/2016\/07\/abelly-feat.jpg?fit=1200%2C630\",\"width\":1200,\"height\":630},{\"@type\":\"BreadcrumbList\",\"@id\":\"https:\/\/vincentians.com\/fr\/la-vie-du-venerable-serviteur-de-dieu-vincent-de-paul-livre-second-chapitre-ii-section-ii\/#breadcrumb\",\"itemListElement\":[{\"@type\":\"ListItem\",\"position\":1,\"name\":\"Portada\",\"item\":\"http:\/\/vincentians.com\/fr\/\"},{\"@type\":\"ListItem\",\"position\":2,\"name\":\"La vie du v\u00e9n\u00e9rable serviteur de Dieu Vincent de Paul, Livre second, Chapitre II, Section II\"}]},{\"@type\":\"WebSite\",\"@id\":\"http:\/\/vincentians.com\/fr\/#website\",\"url\":\"http:\/\/vincentians.com\/fr\/\",\"name\":\"Nous Sommes Vincentiens\",\"description\":\"Know more to serve more\",\"potentialAction\":[{\"@type\":\"SearchAction\",\"target\":{\"@type\":\"EntryPoint\",\"urlTemplate\":\"http:\/\/vincentians.com\/fr\/?s={search_term_string}\"},\"query-input\":{\"@type\":\"PropertyValueSpecification\",\"valueRequired\":true,\"valueName\":\"search_term_string\"}}],\"inLanguage\":\"fr-FR\"},{\"@type\":\"Person\",\"@id\":\"http:\/\/vincentians.com\/fr\/#\/schema\/person\/9623ef4d9aa3b2dfb8c061f1499288f2\",\"name\":\"Francisco Javier Fern\u00e1ndez Chento\",\"image\":{\"@type\":\"ImageObject\",\"inLanguage\":\"fr-FR\",\"@id\":\"http:\/\/vincentians.com\/fr\/#\/schema\/person\/image\/\",\"url\":\"https:\/\/secure.gravatar.com\/avatar\/497d5cde87b4c3d097d0315953521681ba2cd523ee66e5077c3711f7021e65de?s=96&d=mm&r=g\",\"contentUrl\":\"https:\/\/secure.gravatar.com\/avatar\/497d5cde87b4c3d097d0315953521681ba2cd523ee66e5077c3711f7021e65de?s=96&d=mm&r=g\",\"caption\":\"Francisco Javier Fern\u00e1ndez Chento\"},\"description\":\"Director General y cofundador de La Red de Formaci\u00f3n Vicenciana. Javier es laico vicenciano, afiliado a la Congregaci\u00f3n de la Misi\u00f3n y miembro del Equipo de Misiones Populares de la provincia can\u00f3nica de Zaragoza (Espa\u00f1a) de la Congregaci\u00f3n de la Misi\u00f3n. Graduado en la Universidad Oberta de Catalunya con cuatro grados (Asistente de direcci\u00f3n, Gesti\u00f3n Administrativa, Recursos Humanos y Contabilidad Avanzada). Bil\u00edng\u00fce Espa\u00f1ol\/Ingl\u00e9s. gestiona y mantiene varias p\u00e1ginas web cristianas y vicencianas, incluida including La Red de Formaci\u00f3n Vicenciana, de la que es cofundador. Actualmente es responsable del \u00e1rea de Espa\u00f1ol de .famvin, la Red de Noticias de la Familia Vicenciana. Tambi\u00e9n es m\u00fasico cat\u00f3lico y ha editado varios discos. Es Director General y cofundador de Trovador, una reconocida compa\u00f1\u00eda discogr\u00e1fica critiana de Espa\u00f1a. Trabaja en las Tecnolog\u00edas de la Informaci\u00f3n, ofreciendo servicios de alojamiento, dise\u00f1o y mantenimiento Web, as\u00ed como asesoramiento, formaci\u00f3n y soluciones inform\u00e1ticas, gesti\u00f3n documental y digitalizaci\u00f3n de textos, edici\u00f3n y maquetaci\u00f3n de libros, revistas, flyers, etc.\",\"sameAs\":[\"http:\/\/chento.org\",\"https:\/\/www.facebook.com\/JavierChento\",\"https:\/\/x.com\/https:\/\/twitter.com\/javierchento\"],\"url\":\"http:\/\/vincentians.com\/fr\/author\/chento\/\"}]}<\/script>\n<!-- \/ Yoast SEO plugin. -->","yoast_head_json":{"title":"La vie du v\u00e9n\u00e9rable serviteur de Dieu Vincent de Paul, Livre second, Chapitre II, Section II - Nous Sommes Vincentiens","robots":{"index":"index","follow":"follow","max-snippet":"max-snippet:-1","max-image-preview":"max-image-preview:large","max-video-preview":"max-video-preview:-1"},"canonical":"https:\/\/vincentians.com\/fr\/la-vie-du-venerable-serviteur-de-dieu-vincent-de-paul-livre-second-chapitre-ii-section-ii\/","og_locale":"fr_FR","og_type":"article","og_title":"La vie du v\u00e9n\u00e9rable serviteur de Dieu Vincent de Paul, Livre second, Chapitre II, Section II - Nous Sommes Vincentiens","og_description":"SECTION\u00a0 II\u00a0: Quels ont ete les premiers commencements des exercices des ordinands Nous avons vu au premier livre de quelle mani\u00e8re ces exercices si importants commenc\u00e8rent \u00e0 Beauvais, o\u00f9 M. Vincent les fit pour la ... Read More","og_url":"https:\/\/vincentians.com\/fr\/la-vie-du-venerable-serviteur-de-dieu-vincent-de-paul-livre-second-chapitre-ii-section-ii\/","og_site_name":"Nous Sommes Vincentiens","article_publisher":"https:\/\/www.facebook.com\/WeAreVincentians\/","article_author":"https:\/\/www.facebook.com\/JavierChento","article_published_time":"2013-03-26T11:19:43+00:00","og_image":[{"width":1200,"height":630,"url":"https:\/\/i0.wp.com\/vincentians.com\/fr\/wp-content\/uploads\/sites\/10\/2016\/07\/abelly-feat.jpg?fit=1200%2C630&ssl=1","type":"image\/jpeg"}],"author":"Francisco Javier Fern\u00e1ndez Chento","twitter_card":"summary_large_image","twitter_creator":"@https:\/\/twitter.com\/javierchento","twitter_site":"@WeVincentians","twitter_misc":{"\u00c9crit par":"Francisco Javier Fern\u00e1ndez Chento","Dur\u00e9e de lecture estim\u00e9e":"8 minutes"},"schema":{"@context":"https:\/\/schema.org","@graph":[{"@type":"WebPage","@id":"https:\/\/vincentians.com\/fr\/la-vie-du-venerable-serviteur-de-dieu-vincent-de-paul-livre-second-chapitre-ii-section-ii\/","url":"https:\/\/vincentians.com\/fr\/la-vie-du-venerable-serviteur-de-dieu-vincent-de-paul-livre-second-chapitre-ii-section-ii\/","name":"La vie du v\u00e9n\u00e9rable serviteur de Dieu Vincent de Paul, Livre second, Chapitre II, Section II - Nous Sommes Vincentiens","isPartOf":{"@id":"http:\/\/vincentians.com\/fr\/#website"},"primaryImageOfPage":{"@id":"https:\/\/vincentians.com\/fr\/la-vie-du-venerable-serviteur-de-dieu-vincent-de-paul-livre-second-chapitre-ii-section-ii\/#primaryimage"},"image":{"@id":"https:\/\/vincentians.com\/fr\/la-vie-du-venerable-serviteur-de-dieu-vincent-de-paul-livre-second-chapitre-ii-section-ii\/#primaryimage"},"thumbnailUrl":"https:\/\/i0.wp.com\/vincentians.com\/fr\/wp-content\/uploads\/sites\/10\/2016\/07\/abelly-feat.jpg?fit=1200%2C630","datePublished":"2013-03-26T11:19:43+00:00","author":{"@id":"http:\/\/vincentians.com\/fr\/#\/schema\/person\/9623ef4d9aa3b2dfb8c061f1499288f2"},"breadcrumb":{"@id":"https:\/\/vincentians.com\/fr\/la-vie-du-venerable-serviteur-de-dieu-vincent-de-paul-livre-second-chapitre-ii-section-ii\/#breadcrumb"},"inLanguage":"fr-FR","potentialAction":[{"@type":"ReadAction","target":["https:\/\/vincentians.com\/fr\/la-vie-du-venerable-serviteur-de-dieu-vincent-de-paul-livre-second-chapitre-ii-section-ii\/"]}]},{"@type":"ImageObject","inLanguage":"fr-FR","@id":"https:\/\/vincentians.com\/fr\/la-vie-du-venerable-serviteur-de-dieu-vincent-de-paul-livre-second-chapitre-ii-section-ii\/#primaryimage","url":"https:\/\/i0.wp.com\/vincentians.com\/fr\/wp-content\/uploads\/sites\/10\/2016\/07\/abelly-feat.jpg?fit=1200%2C630","contentUrl":"https:\/\/i0.wp.com\/vincentians.com\/fr\/wp-content\/uploads\/sites\/10\/2016\/07\/abelly-feat.jpg?fit=1200%2C630","width":1200,"height":630},{"@type":"BreadcrumbList","@id":"https:\/\/vincentians.com\/fr\/la-vie-du-venerable-serviteur-de-dieu-vincent-de-paul-livre-second-chapitre-ii-section-ii\/#breadcrumb","itemListElement":[{"@type":"ListItem","position":1,"name":"Portada","item":"http:\/\/vincentians.com\/fr\/"},{"@type":"ListItem","position":2,"name":"La vie du v\u00e9n\u00e9rable serviteur de Dieu Vincent de Paul, Livre second, Chapitre II, Section II"}]},{"@type":"WebSite","@id":"http:\/\/vincentians.com\/fr\/#website","url":"http:\/\/vincentians.com\/fr\/","name":"Nous Sommes Vincentiens","description":"Know more to serve more","potentialAction":[{"@type":"SearchAction","target":{"@type":"EntryPoint","urlTemplate":"http:\/\/vincentians.com\/fr\/?s={search_term_string}"},"query-input":{"@type":"PropertyValueSpecification","valueRequired":true,"valueName":"search_term_string"}}],"inLanguage":"fr-FR"},{"@type":"Person","@id":"http:\/\/vincentians.com\/fr\/#\/schema\/person\/9623ef4d9aa3b2dfb8c061f1499288f2","name":"Francisco Javier Fern\u00e1ndez Chento","image":{"@type":"ImageObject","inLanguage":"fr-FR","@id":"http:\/\/vincentians.com\/fr\/#\/schema\/person\/image\/","url":"https:\/\/secure.gravatar.com\/avatar\/497d5cde87b4c3d097d0315953521681ba2cd523ee66e5077c3711f7021e65de?s=96&d=mm&r=g","contentUrl":"https:\/\/secure.gravatar.com\/avatar\/497d5cde87b4c3d097d0315953521681ba2cd523ee66e5077c3711f7021e65de?s=96&d=mm&r=g","caption":"Francisco Javier Fern\u00e1ndez Chento"},"description":"Director General y cofundador de La Red de Formaci\u00f3n Vicenciana. Javier es laico vicenciano, afiliado a la Congregaci\u00f3n de la Misi\u00f3n y miembro del Equipo de Misiones Populares de la provincia can\u00f3nica de Zaragoza (Espa\u00f1a) de la Congregaci\u00f3n de la Misi\u00f3n. Graduado en la Universidad Oberta de Catalunya con cuatro grados (Asistente de direcci\u00f3n, Gesti\u00f3n Administrativa, Recursos Humanos y Contabilidad Avanzada). Bil\u00edng\u00fce Espa\u00f1ol\/Ingl\u00e9s. gestiona y mantiene varias p\u00e1ginas web cristianas y vicencianas, incluida including La Red de Formaci\u00f3n Vicenciana, de la que es cofundador. Actualmente es responsable del \u00e1rea de Espa\u00f1ol de .famvin, la Red de Noticias de la Familia Vicenciana. Tambi\u00e9n es m\u00fasico cat\u00f3lico y ha editado varios discos. Es Director General y cofundador de Trovador, una reconocida compa\u00f1\u00eda discogr\u00e1fica critiana de Espa\u00f1a. Trabaja en las Tecnolog\u00edas de la Informaci\u00f3n, ofreciendo servicios de alojamiento, dise\u00f1o y mantenimiento Web, as\u00ed como asesoramiento, formaci\u00f3n y soluciones inform\u00e1ticas, gesti\u00f3n documental y digitalizaci\u00f3n de textos, edici\u00f3n y maquetaci\u00f3n de libros, revistas, flyers, etc.","sameAs":["http:\/\/chento.org","https:\/\/www.facebook.com\/JavierChento","https:\/\/x.com\/https:\/\/twitter.com\/javierchento"],"url":"http:\/\/vincentians.com\/fr\/author\/chento\/"}]}},"jetpack_publicize_connections":[],"jetpack_featured_media_url":"https:\/\/i0.wp.com\/vincentians.com\/fr\/wp-content\/uploads\/sites\/10\/2016\/07\/abelly-feat.jpg?fit=1200%2C630","jetpack_sharing_enabled":true,"jetpack_shortlink":"https:\/\/wp.me\/p7ETMP-rDI","jetpack-related-posts":[{"id":106253,"url":"http:\/\/vincentians.com\/fr\/la-vie-du-venerable-serviteur-de-dieu-vincent-de-paul-livre-second-chapitre-ii-section-v\/","url_meta":{"origin":106250,"position":0},"title":"La vie du v\u00e9n\u00e9rable serviteur de Dieu Vincent de Paul, Livre second, Chapitre II, Section V","author":"Francisco Javier Fern\u00e1ndez Chento","date":"10\/04\/2013","format":false,"excerpt":"Section v\u00a0: quelques exemples des fruits provenus de ces exercices en France Le premier t\u00e9moignage que nous produirons ici sera du m\u00eame M. Vincent, dans une lettre qu'il \u00e9crivit \u00e0 un pr\u00eatre de sa Compagnie qui \u00e9tait \u00e0 Rome\u00a0 en l\u2019ann\u00e9e 1655, o\u00f9 il lui parle de l'abondance de son\u2026","rel":"","context":"Dans &quot;Vincent de Paul&quot;","block_context":{"text":"Vincent de Paul","link":"http:\/\/vincentians.com\/fr\/category\/the-vincentian-family\/founders\/vincent-de-paul\/"},"img":{"alt_text":"","src":"https:\/\/i0.wp.com\/vincentians.com\/fr\/wp-content\/uploads\/sites\/10\/2016\/07\/abelly-feat.jpg?fit=1200%2C630&resize=350%2C200","width":350,"height":200,"srcset":"https:\/\/i0.wp.com\/vincentians.com\/fr\/wp-content\/uploads\/sites\/10\/2016\/07\/abelly-feat.jpg?fit=1200%2C630&resize=350%2C200 1x, https:\/\/i0.wp.com\/vincentians.com\/fr\/wp-content\/uploads\/sites\/10\/2016\/07\/abelly-feat.jpg?fit=1200%2C630&resize=525%2C300 1.5x, https:\/\/i0.wp.com\/vincentians.com\/fr\/wp-content\/uploads\/sites\/10\/2016\/07\/abelly-feat.jpg?fit=1200%2C630&resize=700%2C400 2x, https:\/\/i0.wp.com\/vincentians.com\/fr\/wp-content\/uploads\/sites\/10\/2016\/07\/abelly-feat.jpg?fit=1200%2C630&resize=1050%2C600 3x"},"classes":[]},{"id":106173,"url":"http:\/\/vincentians.com\/fr\/la-vie-du-venerable-serviteur-de-dieu-vincent-de-paul-livre-second-chapitre-ii-section-i\/","url_meta":{"origin":106250,"position":1},"title":"La vie du v\u00e9n\u00e9rable serviteur de Dieu Vincent de Paul, Livre second, Chapitre II, Section I","author":"Francisco Javier Fern\u00e1ndez Chento","date":"25\/03\/2013","format":false,"excerpt":"CHAPITRE SECOND: Des\u00a0 Exercices spirituels pour disposer \u00e0 la r\u00e9ception des saints Ordres. SECTION I: LE GRAND BESOIN QU\u2019IL Y AVAIT DE TRAVAILLER A LA R\u00c9FORMATION DE L\u2019\u00c9TAT ECCL\u00c9SIASTIQUE, LORSQUE LES EXERCICES DES ORDINANDS ONT \u00c9T\u00c9 COMMENC\u00c9S PAR M. VINCENT Nous avons vu au pr\u00e9c\u00e9dent chapitre les abondantes b\u00e9n\u00e9dictions qu'il\u2026","rel":"","context":"Dans &quot;Vincent de Paul&quot;","block_context":{"text":"Vincent de Paul","link":"http:\/\/vincentians.com\/fr\/category\/the-vincentian-family\/founders\/vincent-de-paul\/"},"img":{"alt_text":"","src":"https:\/\/i0.wp.com\/vincentians.com\/fr\/wp-content\/uploads\/sites\/10\/2016\/07\/abelly-feat.jpg?fit=1200%2C630&resize=350%2C200","width":350,"height":200,"srcset":"https:\/\/i0.wp.com\/vincentians.com\/fr\/wp-content\/uploads\/sites\/10\/2016\/07\/abelly-feat.jpg?fit=1200%2C630&resize=350%2C200 1x, https:\/\/i0.wp.com\/vincentians.com\/fr\/wp-content\/uploads\/sites\/10\/2016\/07\/abelly-feat.jpg?fit=1200%2C630&resize=525%2C300 1.5x, https:\/\/i0.wp.com\/vincentians.com\/fr\/wp-content\/uploads\/sites\/10\/2016\/07\/abelly-feat.jpg?fit=1200%2C630&resize=700%2C400 2x, https:\/\/i0.wp.com\/vincentians.com\/fr\/wp-content\/uploads\/sites\/10\/2016\/07\/abelly-feat.jpg?fit=1200%2C630&resize=1050%2C600 3x"},"classes":[]},{"id":106289,"url":"http:\/\/vincentians.com\/fr\/la-vie-du-venerable-serviteur-de-dieu-vincent-de-paul-livre-second-chapitre-iii-section-ii\/","url_meta":{"origin":106250,"position":2},"title":"La vie du v\u00e9n\u00e9rable serviteur de Dieu Vincent de Paul, Livre second, Chapitre III, Section II","author":"Francisco Javier Fern\u00e1ndez Chento","date":"13\/04\/2013","format":false,"excerpt":"Section II\u00a0: Les progres de cette compagnie et les fruits qui en ont r\u00e9sulte Cette Compagnie, ayant eu de si bons commencements par la sage conduite de M. Vincent, a toujours continu\u00e9 avec de nouvelles b\u00e9n\u00e9dictions que Dieu y a r\u00e9pandues par les mains de son fid\u00e8le serviteur. L'on peut\u2026","rel":"","context":"Dans &quot;Vincent de Paul&quot;","block_context":{"text":"Vincent de Paul","link":"http:\/\/vincentians.com\/fr\/category\/the-vincentian-family\/founders\/vincent-de-paul\/"},"img":{"alt_text":"","src":"https:\/\/i0.wp.com\/vincentians.com\/fr\/wp-content\/uploads\/sites\/10\/2016\/07\/abelly-feat.jpg?fit=1200%2C630&resize=350%2C200","width":350,"height":200,"srcset":"https:\/\/i0.wp.com\/vincentians.com\/fr\/wp-content\/uploads\/sites\/10\/2016\/07\/abelly-feat.jpg?fit=1200%2C630&resize=350%2C200 1x, https:\/\/i0.wp.com\/vincentians.com\/fr\/wp-content\/uploads\/sites\/10\/2016\/07\/abelly-feat.jpg?fit=1200%2C630&resize=525%2C300 1.5x, https:\/\/i0.wp.com\/vincentians.com\/fr\/wp-content\/uploads\/sites\/10\/2016\/07\/abelly-feat.jpg?fit=1200%2C630&resize=700%2C400 2x, https:\/\/i0.wp.com\/vincentians.com\/fr\/wp-content\/uploads\/sites\/10\/2016\/07\/abelly-feat.jpg?fit=1200%2C630&resize=1050%2C600 3x"},"classes":[]},{"id":106252,"url":"http:\/\/vincentians.com\/fr\/la-vie-du-venerable-serviteur-de-dieu-vincent-de-paul-livre-second-chapitre-ii-section-vi\/","url_meta":{"origin":106250,"position":3},"title":"La vie du v\u00e9n\u00e9rable serviteur de Dieu Vincent de Paul, Livre second, Chapitre II, Section VI","author":"Francisco Javier Fern\u00e1ndez Chento","date":"11\/04\/2013","format":false,"excerpt":"Section VI\u00a0: Les memes exercices des ordinands ayant \u00e9te pratiqu\u00e9s en Italie, y ont aussi produit de tres grands fruits Comme c'est le propre du bien de se communiquer et de se r\u00e9pandre, il ne faut pas s'\u00e9tonner si cette pratique des exercices de l'ordination qui \u00e9tait si bonne et\u2026","rel":"","context":"Dans &quot;Vincent de Paul&quot;","block_context":{"text":"Vincent de Paul","link":"http:\/\/vincentians.com\/fr\/category\/the-vincentian-family\/founders\/vincent-de-paul\/"},"img":{"alt_text":"","src":"https:\/\/i0.wp.com\/vincentians.com\/fr\/wp-content\/uploads\/sites\/10\/2016\/07\/abelly-feat.jpg?fit=1200%2C630&resize=350%2C200","width":350,"height":200,"srcset":"https:\/\/i0.wp.com\/vincentians.com\/fr\/wp-content\/uploads\/sites\/10\/2016\/07\/abelly-feat.jpg?fit=1200%2C630&resize=350%2C200 1x, https:\/\/i0.wp.com\/vincentians.com\/fr\/wp-content\/uploads\/sites\/10\/2016\/07\/abelly-feat.jpg?fit=1200%2C630&resize=525%2C300 1.5x, https:\/\/i0.wp.com\/vincentians.com\/fr\/wp-content\/uploads\/sites\/10\/2016\/07\/abelly-feat.jpg?fit=1200%2C630&resize=700%2C400 2x, https:\/\/i0.wp.com\/vincentians.com\/fr\/wp-content\/uploads\/sites\/10\/2016\/07\/abelly-feat.jpg?fit=1200%2C630&resize=1050%2C600 3x"},"classes":[]},{"id":105572,"url":"http:\/\/vincentians.com\/fr\/la-vie-du-venerable-serviteur-de-dieu-vincent-de-paul-livre-premier-chapitre-xxv\/","url_meta":{"origin":106250,"position":4},"title":"La vie du v\u00e9n\u00e9rable serviteur de Dieu Vincent de Paul, Livre premier, Chapitre XXV","author":"Francisco Javier Fern\u00e1ndez Chento","date":"01\/01\/2013","format":false,"excerpt":"Les exercices des Ordinands, pour aider ceux qui d\u00e9sirent recevoir les saints Ordres. L'avertissement de S. Paul \u00e0 l'Ev\u00eaque S. Timoth\u00e9e, de n'imposer pas facilement les mains pour conf\u00e9rer le sacrement de l'Ordre, est tr\u00e8s important, non seulement aux \u00e9v\u00eaques, pour ne se rendre participants, comme dit le m\u00eame Ap\u00f4tre,\u2026","rel":"","context":"Dans &quot;Vincent de Paul&quot;","block_context":{"text":"Vincent de Paul","link":"http:\/\/vincentians.com\/fr\/category\/the-vincentian-family\/founders\/vincent-de-paul\/"},"img":{"alt_text":"","src":"https:\/\/i0.wp.com\/vincentians.com\/fr\/wp-content\/uploads\/sites\/10\/2016\/07\/abelly-feat.jpg?fit=1200%2C630&resize=350%2C200","width":350,"height":200,"srcset":"https:\/\/i0.wp.com\/vincentians.com\/fr\/wp-content\/uploads\/sites\/10\/2016\/07\/abelly-feat.jpg?fit=1200%2C630&resize=350%2C200 1x, https:\/\/i0.wp.com\/vincentians.com\/fr\/wp-content\/uploads\/sites\/10\/2016\/07\/abelly-feat.jpg?fit=1200%2C630&resize=525%2C300 1.5x, https:\/\/i0.wp.com\/vincentians.com\/fr\/wp-content\/uploads\/sites\/10\/2016\/07\/abelly-feat.jpg?fit=1200%2C630&resize=700%2C400 2x, https:\/\/i0.wp.com\/vincentians.com\/fr\/wp-content\/uploads\/sites\/10\/2016\/07\/abelly-feat.jpg?fit=1200%2C630&resize=1050%2C600 3x"},"classes":[]},{"id":52035,"url":"http:\/\/vincentians.com\/fr\/saint-vincent-de-paul-et-sa-mission-sociale-ii-les-oeuvres-2\/","url_meta":{"origin":106250,"position":5},"title":"Saint Vincent De Paul Et Sa Mission Sociale. II &#8211; Les \u0152uvres (2)","author":"Francisco Javier Fern\u00e1ndez Chento","date":"22\/12\/2014","format":false,"excerpt":"LA CONGR\u00c9GATION DE LA MISSION. \u2014 Fondation de la Mission. \u2014 Madame de Gondi. \u2014 Vincent de Paul est nomm\u00e9 sup\u00e9rieur du coll\u00e8ge des Bons-Enfants. \u2014 Les fondateurs d\u2019ordre. \u2014 But de la Congr\u00e9gation de la Mission. \u2014 L\u2019\u00e9vang\u00e9lisation des pauvres. \u2014 \u00c9tablissement \u00e0 Saint-Lazare. \u2014 Premiers travaux des missionnaires.\u2026","rel":"","context":"Dans &quot;Vincent de Paul&quot;","block_context":{"text":"Vincent de Paul","link":"http:\/\/vincentians.com\/fr\/category\/the-vincentian-family\/founders\/vincent-de-paul\/"},"img":{"alt_text":"","src":"https:\/\/i0.wp.com\/vincentians.com\/fr\/wp-content\/uploads\/sites\/10\/2016\/07\/vincent-et-sa-action-sociale.jpg?fit=1160%2C630&resize=350%2C200","width":350,"height":200,"srcset":"https:\/\/i0.wp.com\/vincentians.com\/fr\/wp-content\/uploads\/sites\/10\/2016\/07\/vincent-et-sa-action-sociale.jpg?fit=1160%2C630&resize=350%2C200 1x, https:\/\/i0.wp.com\/vincentians.com\/fr\/wp-content\/uploads\/sites\/10\/2016\/07\/vincent-et-sa-action-sociale.jpg?fit=1160%2C630&resize=525%2C300 1.5x, https:\/\/i0.wp.com\/vincentians.com\/fr\/wp-content\/uploads\/sites\/10\/2016\/07\/vincent-et-sa-action-sociale.jpg?fit=1160%2C630&resize=700%2C400 2x, https:\/\/i0.wp.com\/vincentians.com\/fr\/wp-content\/uploads\/sites\/10\/2016\/07\/vincent-et-sa-action-sociale.jpg?fit=1160%2C630&resize=1050%2C600 3x"},"classes":[]}],"_links":{"self":[{"href":"http:\/\/vincentians.com\/fr\/wp-json\/wp\/v2\/posts\/106250","targetHints":{"allow":["GET"]}}],"collection":[{"href":"http:\/\/vincentians.com\/fr\/wp-json\/wp\/v2\/posts"}],"about":[{"href":"http:\/\/vincentians.com\/fr\/wp-json\/wp\/v2\/types\/post"}],"author":[{"embeddable":true,"href":"http:\/\/vincentians.com\/fr\/wp-json\/wp\/v2\/users\/4"}],"replies":[{"embeddable":true,"href":"http:\/\/vincentians.com\/fr\/wp-json\/wp\/v2\/comments?post=106250"}],"version-history":[{"count":0,"href":"http:\/\/vincentians.com\/fr\/wp-json\/wp\/v2\/posts\/106250\/revisions"}],"wp:featuredmedia":[{"embeddable":true,"href":"http:\/\/vincentians.com\/fr\/wp-json\/wp\/v2\/media\/149583"}],"wp:attachment":[{"href":"http:\/\/vincentians.com\/fr\/wp-json\/wp\/v2\/media?parent=106250"}],"wp:term":[{"taxonomy":"category","embeddable":true,"href":"http:\/\/vincentians.com\/fr\/wp-json\/wp\/v2\/categories?post=106250"},{"taxonomy":"post_tag","embeddable":true,"href":"http:\/\/vincentians.com\/fr\/wp-json\/wp\/v2\/tags?post=106250"}],"curies":[{"name":"wp","href":"https:\/\/api.w.org\/{rel}","templated":true}]}}