{"id":105950,"date":"2017-03-05T00:01:17","date_gmt":"2017-03-04T23:01:17","guid":{"rendered":"http:\/\/vincentiens.org\/?p=105950"},"modified":"2016-08-08T19:00:24","modified_gmt":"2016-08-08T17:00:24","slug":"ephemerides-5-mars","status":"publish","type":"post","link":"http:\/\/vincentians.com\/fr\/ephemerides-5-mars\/","title":{"rendered":"Eph\u00e9m\u00e9rides: 5 mars"},"content":{"rendered":"<p><b>1651<\/b>. L&rsquo;Entretien de saint Vincent avec nos Premi\u00e8res Soeurs porte sur la confession. Entre autres choses il attire l&rsquo;attention sur ce point\u00a0: \u00ab\u00a0\u00c9pargner sur le bien des Pauvres pour se l&rsquo;approprier, est-ce un p\u00e9ch\u00e9\u00a0? &#8212; Oui, mon P\u00e8re. &#8212; Ah\u00a0! Dieu\u00a0! mes Soeurs, c&rsquo;est un sacril\u00e8ge et se l&rsquo;appliquer \u00e0 soi-m\u00eame, je ne crois pas qu&rsquo;une seule parmi vous tombe dans ce p\u00e9ch\u00e9&#8230;\u00a0\u00bb Une des Premi\u00e8res Soeurs fait aussi la remarque suivante\u00a0: \u00ab\u00a0une raison d&rsquo;apprendre \u00e0 se bien confesser, c&rsquo;est que nous ne pourrions pas l&rsquo;enseigner aux Pauvres, ni m\u00eame aux \u00e9coli\u00e8res dans les \u00e9coles, si nous ne le savions bien faire nous-m\u00eames\u00a0\u00bb.<\/p>\n<p><b>1653<\/b>. Sainte Louise \u00e9crit \u00e0 Soeur Jeanne Fran\u00e7oise \u00e0 \u00c9tampes, Fille de la Charit\u00e9, Servante des Pauvres malades et orphelins qui est rest\u00e9e seule pour s&rsquo;occuper des petits enfants dont les parents ont \u00e9t\u00e9 tu\u00e9s aux alentours\u00a0: \u00abContinuez, je vous prie, en servant les chers Pauvres avec grande douceur, respect et cordialit\u00e9, regardant toujours Dieu en eux.\u00bb<\/p>\n<p><b>1762<\/b>. \u00c0 Paris , cl\u00f4ture de la 13 e Assembl\u00e9e g\u00e9n\u00e9rale. Ses trente-six membres tinrent neuf sessions. Apr\u00e8s avoir \u00e9lu M. Jacquier comme Sup\u00e9rieur g\u00e9n\u00e9ral, par trente et une voix contre trois, l&rsquo;Assembl\u00e9e fit peu de d\u00e9crets. Elle demanda au nouveau successeur de saint Vincent de rappeler \u00e0 la Compagnie les moyens de garder l&rsquo;esprit primitif, \u00e0 savoir\u00a0: la s\u00e9paration d&rsquo;avec le monde et l&rsquo;exacte observance des R\u00e8gles et des Voeux<span id='easy-footnote-1-105950' class='easy-footnote-margin-adjust'><\/span><span class='easy-footnote'><a href='http:\/\/vincentians.com\/fr\/ephemerides-5-mars\/#easy-footnote-bottom-1-105950' title='Circulaires , II, pp. 6-15'><sup>1<\/sup><\/a><\/span>.<\/p>\n<p><b>1897<\/b>. D\u00e9part pour Fort-Dauphin de trois Filles de la Charit\u00e9 qui seront aid\u00e9es par 4 jeunes filles \u00ab\u00a0missionnaires la\u00efques\u00a0\u00bb. La Province est \u00e9rig\u00e9e en 1902 et en 1963, 48 Soeurs malgaches form\u00e9es par nos Soeurs s&rsquo;unissent totalement \u00e0 la Compagnie.<\/p>\n<p><b>1900<\/b>. \u00c0 la Maison-M\u00e8re , reconnaissance des reliques de Fran\u00e7ois-R\u00e9gis Clet, en vue de sa b\u00e9atification. M. Fages, vicaire g\u00e9n\u00e9ral de Paris, M. L\u00e9on Forestier, vice-postulateur de la Cause, M. l&rsquo;abb\u00e9 Peuportier, procureur fiscal, avec le concours de deux m\u00e9decins, proc\u00e8dent, en la salle des reliques, \u00e0 la v\u00e9rification d&rsquo;authenticit\u00e9. Une partie des restes, peu consid\u00e9rables, du futur bienheureux, a \u00e9t\u00e9 r\u00e9serv\u00e9e pour le Souverain Pontife. Une vert\u00e8bre du cou, celle qui fut bris\u00e9e par la strangulation, sera expos\u00e9e apr\u00e8s la b\u00e9atification. Les autres ossements sont de nouveau scell\u00e9s dans un coffre de cuivre dor\u00e9 pour \u00eatre plac\u00e9s plus tard sous l&rsquo;autel d\u00e9di\u00e9 au futur bienheureux<span id='easy-footnote-2-105950' class='easy-footnote-margin-adjust'><\/span><span class='easy-footnote'><a href='http:\/\/vincentians.com\/fr\/ephemerides-5-mars\/#easy-footnote-bottom-2-105950' title='Annales , t. 65, pp. 145-146.'><sup>2<\/sup><\/a><\/span>.<\/p>\n<p><b>1934<\/b>. \u00c0 Paris , mort de M. Martin Meut. On est tent\u00e9 de dire le \u00ab\u00a0pittoresque\u00a0\u00bb M. Meut. Il le fut en effet, comme professeur\u00a0: ses anciens \u00e9l\u00e8ves d&rsquo;Angoul\u00eame, de La Rochelle et le Dax ont gard\u00e9 le souvenir de ses classes d\u00e9ridantes et des bons mots que M. Meut aimait \u00e0 r\u00e9p\u00e9ter, comme par exemple, en droit canon\u00a0: \u00abIl est interdit aux clercs de chasser avec meute.\u00bb Pittoresque aussi dans les services, que, une fois plac\u00e9 \u00e0 la Maison-M\u00e8re en 1898, M. Meut a rendus, et en particulier aux oeuvres de la Sainte-Trinit\u00e9 et de la Sainte-Agonie. Pittoresque enfin, il l&rsquo;a \u00e9t\u00e9 jusque dans sa candide saintet\u00e9\u00a0; c&rsquo;est sans doute ce qui permit \u00e0 un confr\u00e8re exprimant la pens\u00e9e de tous, au lendemain de la mort de M. Meut de dire\u00a0: \u00abIl est mort hier soir \u00e0 9 heures et demie\u00a0; il est parti au ciel dans un train de luxe et y est arriv\u00e9 \u00e0 9 heures et demie exactement, car il n&rsquo;avait rien \u00e0 expier au purgatoire\u00bb<span id='easy-footnote-3-105950' class='easy-footnote-margin-adjust'><\/span><span class='easy-footnote'><a href='http:\/\/vincentians.com\/fr\/ephemerides-5-mars\/#easy-footnote-bottom-3-105950' title='t. 99, pp. 515 sq.'><sup>3<\/sup><\/a><\/span>.<\/p>\n<p><b>1956<\/b>. \u00c0 Alger , mort de M. Albert Brulant. N\u00e9 \u00e0 Avesnes-le-Sec, pr\u00e8s Valenciennes, il \u00e9tait diacre, quand il entra dans la petite Compagnie, le 18 mars 1903. L&rsquo;ann\u00e9e suivante, il partait pour la Chine, et, pendant pr\u00e8s d&rsquo;un demi-si\u00e8cle, il travailla au Kiangsi. Dans l&rsquo;autobiographie qu&rsquo;il \u00e9crivit \u00e0 la requ\u00eate des autorit\u00e9s communistes, M. Brulant a r\u00e9sum\u00e9 ainsi sa carri\u00e8re mis-sionnaire\u00a0: \u00abMa vie en Chine a \u00e9t\u00e9 fort simple, travaillant surtout dans l&rsquo;enseignement et parmi les livres. Je ne regrette pas les quarante-sept ans que j&rsquo;y ai pass\u00e9s. J&rsquo;en remercie Dieu de tout coeur en le priant de rendre heureux ce grand pays et ce bon peuple que j&rsquo;ai tant aim\u00e9.\u00bb<span id='easy-footnote-4-105950' class='easy-footnote-margin-adjust'><\/span><span class='easy-footnote'><a href='http:\/\/vincentians.com\/fr\/ephemerides-5-mars\/#easy-footnote-bottom-4-105950' title='Annales , t. 121, pp. 25-35.'><sup>4<\/sup><\/a><\/span>.<\/p>\n","protected":false},"excerpt":{"rendered":"<p>1651. L&rsquo;Entretien de saint Vincent avec nos Premi\u00e8res Soeurs porte sur la confession. Entre autres choses il attire l&rsquo;attention sur ce point\u00a0: \u00ab\u00a0\u00c9pargner sur le bien des Pauvres pour se l&rsquo;approprier, est-ce un p\u00e9ch\u00e9\u00a0? &#8212; &#8230; <a href=\"http:\/\/vincentians.com\/fr\/ephemerides-5-mars\/\" class=\"more-link\">Read More<\/a><\/p>\n","protected":false},"author":4,"featured_media":149897,"comment_status":"open","ping_status":"open","sticky":false,"template":"","format":"standard","meta":{"jetpack_post_was_ever_published":false,"_jetpack_newsletter_access":"","_jetpack_dont_email_post_to_subs":false,"_jetpack_newsletter_tier_id":0,"_jetpack_memberships_contains_paywalled_content":false,"_jetpack_memberships_contains_paid_content":false,"footnotes":"","jetpack_publicize_message":"","jetpack_publicize_feature_enabled":true,"jetpack_social_post_already_shared":true,"jetpack_social_options":{"image_generator_settings":{"template":"highway","default_image_id":0,"font":"","enabled":false},"version":2}},"categories":[119],"tags":[],"class_list":["post-105950","post","type-post","status-publish","format-standard","has-post-thumbnail","hentry","category-ephemerides-vincentiens"],"yoast_head":"<!-- This site is optimized with the Yoast SEO plugin v26.3 - https:\/\/yoast.com\/wordpress\/plugins\/seo\/ -->\n<title>Eph\u00e9m\u00e9rides: 5 mars - Nous Sommes Vincentiens<\/title>\n<meta name=\"robots\" content=\"index, follow, max-snippet:-1, max-image-preview:large, max-video-preview:-1\" \/>\n<link rel=\"canonical\" href=\"http:\/\/vincentians.com\/fr\/ephemerides-5-mars\/\" \/>\n<meta property=\"og:locale\" content=\"fr_FR\" \/>\n<meta property=\"og:type\" content=\"article\" \/>\n<meta property=\"og:title\" content=\"Eph\u00e9m\u00e9rides: 5 mars - Nous Sommes Vincentiens\" \/>\n<meta property=\"og:description\" content=\"1651. L&rsquo;Entretien de saint Vincent avec nos Premi\u00e8res Soeurs porte sur la confession. Entre autres choses il attire l&rsquo;attention sur ce point\u00a0: \u00ab\u00a0\u00c9pargner sur le bien des Pauvres pour se l&rsquo;approprier, est-ce un p\u00e9ch\u00e9\u00a0? &#8212; ... Read More\" \/>\n<meta property=\"og:url\" content=\"http:\/\/vincentians.com\/fr\/ephemerides-5-mars\/\" \/>\n<meta property=\"og:site_name\" content=\"Nous Sommes Vincentiens\" \/>\n<meta property=\"article:publisher\" content=\"https:\/\/www.facebook.com\/WeAreVincentians\/\" \/>\n<meta property=\"article:author\" content=\"https:\/\/www.facebook.com\/JavierChento\" \/>\n<meta property=\"article:published_time\" content=\"2017-03-04T23:01:17+00:00\" \/>\n<meta property=\"og:image\" content=\"https:\/\/i0.wp.com\/vincentians.com\/fr\/wp-content\/uploads\/sites\/10\/2016\/07\/ephemerides-fb.jpg?fit=1200%2C630\" \/>\n\t<meta property=\"og:image:width\" content=\"1200\" \/>\n\t<meta property=\"og:image:height\" content=\"630\" \/>\n\t<meta property=\"og:image:type\" content=\"image\/jpeg\" \/>\n<meta name=\"author\" content=\"Francisco Javier Fern\u00e1ndez Chento\" \/>\n<meta name=\"twitter:card\" content=\"summary_large_image\" \/>\n<meta name=\"twitter:creator\" content=\"@https:\/\/twitter.com\/javierchento\" \/>\n<meta name=\"twitter:site\" content=\"@WeVincentians\" \/>\n<meta name=\"twitter:label1\" content=\"\u00c9crit par\" \/>\n\t<meta name=\"twitter:data1\" content=\"Francisco Javier Fern\u00e1ndez Chento\" \/>\n\t<meta name=\"twitter:label2\" content=\"Dur\u00e9e de lecture estim\u00e9e\" \/>\n\t<meta name=\"twitter:data2\" content=\"4 minutes\" \/>\n<script type=\"application\/ld+json\" class=\"yoast-schema-graph\">{\"@context\":\"https:\/\/schema.org\",\"@graph\":[{\"@type\":\"WebPage\",\"@id\":\"http:\/\/vincentians.com\/fr\/ephemerides-5-mars\/\",\"url\":\"http:\/\/vincentians.com\/fr\/ephemerides-5-mars\/\",\"name\":\"Eph\u00e9m\u00e9rides: 5 mars - Nous Sommes Vincentiens\",\"isPartOf\":{\"@id\":\"http:\/\/vincentians.com\/fr\/#website\"},\"primaryImageOfPage\":{\"@id\":\"http:\/\/vincentians.com\/fr\/ephemerides-5-mars\/#primaryimage\"},\"image\":{\"@id\":\"http:\/\/vincentians.com\/fr\/ephemerides-5-mars\/#primaryimage\"},\"thumbnailUrl\":\"https:\/\/i0.wp.com\/vincentians.com\/fr\/wp-content\/uploads\/sites\/10\/2016\/07\/ephemerides-fb.jpg?fit=1200%2C630\",\"datePublished\":\"2017-03-04T23:01:17+00:00\",\"author\":{\"@id\":\"http:\/\/vincentians.com\/fr\/#\/schema\/person\/9623ef4d9aa3b2dfb8c061f1499288f2\"},\"breadcrumb\":{\"@id\":\"http:\/\/vincentians.com\/fr\/ephemerides-5-mars\/#breadcrumb\"},\"inLanguage\":\"fr-FR\",\"potentialAction\":[{\"@type\":\"ReadAction\",\"target\":[\"http:\/\/vincentians.com\/fr\/ephemerides-5-mars\/\"]}]},{\"@type\":\"ImageObject\",\"inLanguage\":\"fr-FR\",\"@id\":\"http:\/\/vincentians.com\/fr\/ephemerides-5-mars\/#primaryimage\",\"url\":\"https:\/\/i0.wp.com\/vincentians.com\/fr\/wp-content\/uploads\/sites\/10\/2016\/07\/ephemerides-fb.jpg?fit=1200%2C630\",\"contentUrl\":\"https:\/\/i0.wp.com\/vincentians.com\/fr\/wp-content\/uploads\/sites\/10\/2016\/07\/ephemerides-fb.jpg?fit=1200%2C630\",\"width\":1200,\"height\":630},{\"@type\":\"BreadcrumbList\",\"@id\":\"http:\/\/vincentians.com\/fr\/ephemerides-5-mars\/#breadcrumb\",\"itemListElement\":[{\"@type\":\"ListItem\",\"position\":1,\"name\":\"Portada\",\"item\":\"http:\/\/vincentians.com\/fr\/\"},{\"@type\":\"ListItem\",\"position\":2,\"name\":\"Eph\u00e9m\u00e9rides: 5 mars\"}]},{\"@type\":\"WebSite\",\"@id\":\"http:\/\/vincentians.com\/fr\/#website\",\"url\":\"http:\/\/vincentians.com\/fr\/\",\"name\":\"Nous Sommes Vincentiens\",\"description\":\"Know more to serve more\",\"potentialAction\":[{\"@type\":\"SearchAction\",\"target\":{\"@type\":\"EntryPoint\",\"urlTemplate\":\"http:\/\/vincentians.com\/fr\/?s={search_term_string}\"},\"query-input\":{\"@type\":\"PropertyValueSpecification\",\"valueRequired\":true,\"valueName\":\"search_term_string\"}}],\"inLanguage\":\"fr-FR\"},{\"@type\":\"Person\",\"@id\":\"http:\/\/vincentians.com\/fr\/#\/schema\/person\/9623ef4d9aa3b2dfb8c061f1499288f2\",\"name\":\"Francisco Javier Fern\u00e1ndez Chento\",\"image\":{\"@type\":\"ImageObject\",\"inLanguage\":\"fr-FR\",\"@id\":\"http:\/\/vincentians.com\/fr\/#\/schema\/person\/image\/\",\"url\":\"https:\/\/secure.gravatar.com\/avatar\/497d5cde87b4c3d097d0315953521681ba2cd523ee66e5077c3711f7021e65de?s=96&d=mm&r=g\",\"contentUrl\":\"https:\/\/secure.gravatar.com\/avatar\/497d5cde87b4c3d097d0315953521681ba2cd523ee66e5077c3711f7021e65de?s=96&d=mm&r=g\",\"caption\":\"Francisco Javier Fern\u00e1ndez Chento\"},\"description\":\"Director General y cofundador de La Red de Formaci\u00f3n Vicenciana. Javier es laico vicenciano, afiliado a la Congregaci\u00f3n de la Misi\u00f3n y miembro del Equipo de Misiones Populares de la provincia can\u00f3nica de Zaragoza (Espa\u00f1a) de la Congregaci\u00f3n de la Misi\u00f3n. Graduado en la Universidad Oberta de Catalunya con cuatro grados (Asistente de direcci\u00f3n, Gesti\u00f3n Administrativa, Recursos Humanos y Contabilidad Avanzada). Bil\u00edng\u00fce Espa\u00f1ol\/Ingl\u00e9s. gestiona y mantiene varias p\u00e1ginas web cristianas y vicencianas, incluida including La Red de Formaci\u00f3n Vicenciana, de la que es cofundador. Actualmente es responsable del \u00e1rea de Espa\u00f1ol de .famvin, la Red de Noticias de la Familia Vicenciana. Tambi\u00e9n es m\u00fasico cat\u00f3lico y ha editado varios discos. Es Director General y cofundador de Trovador, una reconocida compa\u00f1\u00eda discogr\u00e1fica critiana de Espa\u00f1a. Trabaja en las Tecnolog\u00edas de la Informaci\u00f3n, ofreciendo servicios de alojamiento, dise\u00f1o y mantenimiento Web, as\u00ed como asesoramiento, formaci\u00f3n y soluciones inform\u00e1ticas, gesti\u00f3n documental y digitalizaci\u00f3n de textos, edici\u00f3n y maquetaci\u00f3n de libros, revistas, flyers, etc.\",\"sameAs\":[\"http:\/\/chento.org\",\"https:\/\/www.facebook.com\/JavierChento\",\"https:\/\/x.com\/https:\/\/twitter.com\/javierchento\"],\"url\":\"http:\/\/vincentians.com\/fr\/author\/chento\/\"}]}<\/script>\n<!-- \/ Yoast SEO plugin. -->","yoast_head_json":{"title":"Eph\u00e9m\u00e9rides: 5 mars - Nous Sommes Vincentiens","robots":{"index":"index","follow":"follow","max-snippet":"max-snippet:-1","max-image-preview":"max-image-preview:large","max-video-preview":"max-video-preview:-1"},"canonical":"http:\/\/vincentians.com\/fr\/ephemerides-5-mars\/","og_locale":"fr_FR","og_type":"article","og_title":"Eph\u00e9m\u00e9rides: 5 mars - Nous Sommes Vincentiens","og_description":"1651. L&rsquo;Entretien de saint Vincent avec nos Premi\u00e8res Soeurs porte sur la confession. Entre autres choses il attire l&rsquo;attention sur ce point\u00a0: \u00ab\u00a0\u00c9pargner sur le bien des Pauvres pour se l&rsquo;approprier, est-ce un p\u00e9ch\u00e9\u00a0? &#8212; ... Read More","og_url":"http:\/\/vincentians.com\/fr\/ephemerides-5-mars\/","og_site_name":"Nous Sommes Vincentiens","article_publisher":"https:\/\/www.facebook.com\/WeAreVincentians\/","article_author":"https:\/\/www.facebook.com\/JavierChento","article_published_time":"2017-03-04T23:01:17+00:00","og_image":[{"width":1200,"height":630,"url":"https:\/\/i0.wp.com\/vincentians.com\/fr\/wp-content\/uploads\/sites\/10\/2016\/07\/ephemerides-fb.jpg?fit=1200%2C630","type":"image\/jpeg"}],"author":"Francisco Javier Fern\u00e1ndez Chento","twitter_card":"summary_large_image","twitter_creator":"@https:\/\/twitter.com\/javierchento","twitter_site":"@WeVincentians","twitter_misc":{"\u00c9crit par":"Francisco Javier Fern\u00e1ndez Chento","Dur\u00e9e de lecture estim\u00e9e":"4 minutes"},"schema":{"@context":"https:\/\/schema.org","@graph":[{"@type":"WebPage","@id":"http:\/\/vincentians.com\/fr\/ephemerides-5-mars\/","url":"http:\/\/vincentians.com\/fr\/ephemerides-5-mars\/","name":"Eph\u00e9m\u00e9rides: 5 mars - Nous Sommes Vincentiens","isPartOf":{"@id":"http:\/\/vincentians.com\/fr\/#website"},"primaryImageOfPage":{"@id":"http:\/\/vincentians.com\/fr\/ephemerides-5-mars\/#primaryimage"},"image":{"@id":"http:\/\/vincentians.com\/fr\/ephemerides-5-mars\/#primaryimage"},"thumbnailUrl":"https:\/\/i0.wp.com\/vincentians.com\/fr\/wp-content\/uploads\/sites\/10\/2016\/07\/ephemerides-fb.jpg?fit=1200%2C630","datePublished":"2017-03-04T23:01:17+00:00","author":{"@id":"http:\/\/vincentians.com\/fr\/#\/schema\/person\/9623ef4d9aa3b2dfb8c061f1499288f2"},"breadcrumb":{"@id":"http:\/\/vincentians.com\/fr\/ephemerides-5-mars\/#breadcrumb"},"inLanguage":"fr-FR","potentialAction":[{"@type":"ReadAction","target":["http:\/\/vincentians.com\/fr\/ephemerides-5-mars\/"]}]},{"@type":"ImageObject","inLanguage":"fr-FR","@id":"http:\/\/vincentians.com\/fr\/ephemerides-5-mars\/#primaryimage","url":"https:\/\/i0.wp.com\/vincentians.com\/fr\/wp-content\/uploads\/sites\/10\/2016\/07\/ephemerides-fb.jpg?fit=1200%2C630","contentUrl":"https:\/\/i0.wp.com\/vincentians.com\/fr\/wp-content\/uploads\/sites\/10\/2016\/07\/ephemerides-fb.jpg?fit=1200%2C630","width":1200,"height":630},{"@type":"BreadcrumbList","@id":"http:\/\/vincentians.com\/fr\/ephemerides-5-mars\/#breadcrumb","itemListElement":[{"@type":"ListItem","position":1,"name":"Portada","item":"http:\/\/vincentians.com\/fr\/"},{"@type":"ListItem","position":2,"name":"Eph\u00e9m\u00e9rides: 5 mars"}]},{"@type":"WebSite","@id":"http:\/\/vincentians.com\/fr\/#website","url":"http:\/\/vincentians.com\/fr\/","name":"Nous Sommes Vincentiens","description":"Know more to serve more","potentialAction":[{"@type":"SearchAction","target":{"@type":"EntryPoint","urlTemplate":"http:\/\/vincentians.com\/fr\/?s={search_term_string}"},"query-input":{"@type":"PropertyValueSpecification","valueRequired":true,"valueName":"search_term_string"}}],"inLanguage":"fr-FR"},{"@type":"Person","@id":"http:\/\/vincentians.com\/fr\/#\/schema\/person\/9623ef4d9aa3b2dfb8c061f1499288f2","name":"Francisco Javier Fern\u00e1ndez Chento","image":{"@type":"ImageObject","inLanguage":"fr-FR","@id":"http:\/\/vincentians.com\/fr\/#\/schema\/person\/image\/","url":"https:\/\/secure.gravatar.com\/avatar\/497d5cde87b4c3d097d0315953521681ba2cd523ee66e5077c3711f7021e65de?s=96&d=mm&r=g","contentUrl":"https:\/\/secure.gravatar.com\/avatar\/497d5cde87b4c3d097d0315953521681ba2cd523ee66e5077c3711f7021e65de?s=96&d=mm&r=g","caption":"Francisco Javier Fern\u00e1ndez Chento"},"description":"Director General y cofundador de La Red de Formaci\u00f3n Vicenciana. Javier es laico vicenciano, afiliado a la Congregaci\u00f3n de la Misi\u00f3n y miembro del Equipo de Misiones Populares de la provincia can\u00f3nica de Zaragoza (Espa\u00f1a) de la Congregaci\u00f3n de la Misi\u00f3n. Graduado en la Universidad Oberta de Catalunya con cuatro grados (Asistente de direcci\u00f3n, Gesti\u00f3n Administrativa, Recursos Humanos y Contabilidad Avanzada). Bil\u00edng\u00fce Espa\u00f1ol\/Ingl\u00e9s. gestiona y mantiene varias p\u00e1ginas web cristianas y vicencianas, incluida including La Red de Formaci\u00f3n Vicenciana, de la que es cofundador. Actualmente es responsable del \u00e1rea de Espa\u00f1ol de .famvin, la Red de Noticias de la Familia Vicenciana. Tambi\u00e9n es m\u00fasico cat\u00f3lico y ha editado varios discos. Es Director General y cofundador de Trovador, una reconocida compa\u00f1\u00eda discogr\u00e1fica critiana de Espa\u00f1a. Trabaja en las Tecnolog\u00edas de la Informaci\u00f3n, ofreciendo servicios de alojamiento, dise\u00f1o y mantenimiento Web, as\u00ed como asesoramiento, formaci\u00f3n y soluciones inform\u00e1ticas, gesti\u00f3n documental y digitalizaci\u00f3n de textos, edici\u00f3n y maquetaci\u00f3n de libros, revistas, flyers, etc.","sameAs":["http:\/\/chento.org","https:\/\/www.facebook.com\/JavierChento","https:\/\/x.com\/https:\/\/twitter.com\/javierchento"],"url":"http:\/\/vincentians.com\/fr\/author\/chento\/"}]}},"jetpack_publicize_connections":[],"jetpack_featured_media_url":"https:\/\/i0.wp.com\/vincentians.com\/fr\/wp-content\/uploads\/sites\/10\/2016\/07\/ephemerides-fb.jpg?fit=1200%2C630","jetpack_sharing_enabled":true,"jetpack_shortlink":"https:\/\/wp.me\/p7ETMP-ryS","jetpack-related-posts":[{"id":38477,"url":"http:\/\/vincentians.com\/fr\/le-directeur-provincial-animateur-des-filles-de-la-charite\/","url_meta":{"origin":105950,"position":0},"title":"Le Directeur Provincial \u201canimateur\u201d des Filles de la Charit\u00e9","author":"Francisco Javier Fern\u00e1ndez Chento","date":"03\/10\/2012","format":false,"excerpt":"Dans les Constitutions des Filles de la Charit\u00e9, nous trouvons \u00e0 l\u2019article 3.38: le Directeur Provincial est un pr\u00eatre de la Congr\u00e9gation de la Mission, nomm\u00e9 par le Sup\u00e9rieur G\u00e9n\u00e9ral; \u201cil partage avec la Visitatrice et son Conseil la responsabilit\u00e9 de promouvoir l\u2019esprit vincentien dans la Province\u201d Missionnaire, le directeur\u2026","rel":"","context":"Dans &quot;Congr\u00e9gation de la Mission&quot;","block_context":{"text":"Congr\u00e9gation de la Mission","link":"http:\/\/vincentians.com\/fr\/category\/congregation-de-la-mission\/"},"img":{"alt_text":"","src":"https:\/\/i0.wp.com\/vincentiens.org\/wp-content\/uploads\/2011\/05\/filles_charite-228x300.jpg?resize=350%2C200","width":350,"height":200},"classes":[]},{"id":190396,"url":"http:\/\/vincentians.com\/fr\/ephemerides-17-avril\/","url_meta":{"origin":105950,"position":1},"title":"Eph\u00e9m\u00e9rides : 17 avril","author":"Francisco Javier Fern\u00e1ndez Chento","date":"17\/04\/2017","format":false,"excerpt":"1625. \u00c0 Paris , l'apr\u00e8s-midi de ce jour et dans leur h\u00f4tel de la rue Pav\u00e9e, sur la paroisse Saint-Sauveur, M. et Mme de Gondy signent, par-devant notaires, le contrat de fondation de la Congr\u00e9gation de la Mission (1). 1628. \u00c0 Paris , devant le tribunal dioc\u00e9sain, Monsieur Vincent, fait\u2026","rel":"","context":"Dans &quot;\u00c9ph\u00e9m\u00e9rides vincentiens&quot;","block_context":{"text":"\u00c9ph\u00e9m\u00e9rides vincentiens","link":"http:\/\/vincentians.com\/fr\/category\/ephemerides-vincentiens\/"},"img":{"alt_text":"","src":"https:\/\/i0.wp.com\/vincentians.com\/fr\/wp-content\/uploads\/sites\/10\/2016\/07\/ephemerides-fb.jpg?fit=1200%2C630&resize=350%2C200","width":350,"height":200,"srcset":"https:\/\/i0.wp.com\/vincentians.com\/fr\/wp-content\/uploads\/sites\/10\/2016\/07\/ephemerides-fb.jpg?fit=1200%2C630&resize=350%2C200 1x, https:\/\/i0.wp.com\/vincentians.com\/fr\/wp-content\/uploads\/sites\/10\/2016\/07\/ephemerides-fb.jpg?fit=1200%2C630&resize=525%2C300 1.5x, https:\/\/i0.wp.com\/vincentians.com\/fr\/wp-content\/uploads\/sites\/10\/2016\/07\/ephemerides-fb.jpg?fit=1200%2C630&resize=700%2C400 2x, https:\/\/i0.wp.com\/vincentians.com\/fr\/wp-content\/uploads\/sites\/10\/2016\/07\/ephemerides-fb.jpg?fit=1200%2C630&resize=1050%2C600 3x"},"classes":[]},{"id":104137,"url":"http:\/\/vincentians.com\/fr\/ephemerides-2-novembre\/","url_meta":{"origin":105950,"position":2},"title":"Eph\u00e9m\u00e9rides: 2 novembre","author":"Francisco Javier Fern\u00e1ndez Chento","date":"02\/11\/2016","format":false,"excerpt":"1651. \u00c0 Varsovie, c\u2019est dans les d\u00e9buts de novembre qu\u2019arrive la premi\u00e8re \u00e9quipe missionnaire envoy\u00e9e par Monsieur Vincent lui-m\u00eame. Il r\u00e9pond de la sorte \u00e0 une lettre de la reine Louise-Marie de Gonzague qui l\u2019a suppli\u00e9 de donner quelques-uns de ses fils \u00e0 la Pologne. Avant son mariage avec le\u2026","rel":"","context":"Dans &quot;\u00c9ph\u00e9m\u00e9rides vincentiens&quot;","block_context":{"text":"\u00c9ph\u00e9m\u00e9rides vincentiens","link":"http:\/\/vincentians.com\/fr\/category\/ephemerides-vincentiens\/"},"img":{"alt_text":"","src":"https:\/\/i0.wp.com\/vincentians.com\/fr\/wp-content\/uploads\/sites\/10\/2016\/07\/ephemerides-fb.jpg?fit=1200%2C630&resize=350%2C200","width":350,"height":200,"srcset":"https:\/\/i0.wp.com\/vincentians.com\/fr\/wp-content\/uploads\/sites\/10\/2016\/07\/ephemerides-fb.jpg?fit=1200%2C630&resize=350%2C200 1x, https:\/\/i0.wp.com\/vincentians.com\/fr\/wp-content\/uploads\/sites\/10\/2016\/07\/ephemerides-fb.jpg?fit=1200%2C630&resize=525%2C300 1.5x, https:\/\/i0.wp.com\/vincentians.com\/fr\/wp-content\/uploads\/sites\/10\/2016\/07\/ephemerides-fb.jpg?fit=1200%2C630&resize=700%2C400 2x, https:\/\/i0.wp.com\/vincentians.com\/fr\/wp-content\/uploads\/sites\/10\/2016\/07\/ephemerides-fb.jpg?fit=1200%2C630&resize=1050%2C600 3x"},"classes":[]},{"id":104144,"url":"http:\/\/vincentians.com\/fr\/ephemerides-29-novembre\/","url_meta":{"origin":105950,"position":3},"title":"Eph\u00e9m\u00e9rides: 29 novembre","author":"Francisco Javier Fern\u00e1ndez Chento","date":"29\/11\/2016","format":false,"excerpt":"1633. \u00c0 Paris, en la maison de Mlle Le Gras, proche Saint-Nicolas du Chardonnet \u2014 rue des Foss\u00e9s-Saint-Victor \u2014 trois ou quatre filles s\u2019assemblent pour apprendre \u00e0 servir les pauvres\u2026 C\u2019est une consid\u00e9ration d\u2019utilit\u00e9 pratique qui est \u00e0 l\u2019origine de ce petit fait\u00a0: les d\u00e9tails concrets et peu rago\u00fbtants de\u2026","rel":"","context":"Dans &quot;\u00c9ph\u00e9m\u00e9rides vincentiens&quot;","block_context":{"text":"\u00c9ph\u00e9m\u00e9rides vincentiens","link":"http:\/\/vincentians.com\/fr\/category\/ephemerides-vincentiens\/"},"img":{"alt_text":"","src":"https:\/\/i0.wp.com\/vincentians.com\/fr\/wp-content\/uploads\/sites\/10\/2016\/07\/ephemerides-fb.jpg?fit=1200%2C630&resize=350%2C200","width":350,"height":200,"srcset":"https:\/\/i0.wp.com\/vincentians.com\/fr\/wp-content\/uploads\/sites\/10\/2016\/07\/ephemerides-fb.jpg?fit=1200%2C630&resize=350%2C200 1x, https:\/\/i0.wp.com\/vincentians.com\/fr\/wp-content\/uploads\/sites\/10\/2016\/07\/ephemerides-fb.jpg?fit=1200%2C630&resize=525%2C300 1.5x, https:\/\/i0.wp.com\/vincentians.com\/fr\/wp-content\/uploads\/sites\/10\/2016\/07\/ephemerides-fb.jpg?fit=1200%2C630&resize=700%2C400 2x, https:\/\/i0.wp.com\/vincentians.com\/fr\/wp-content\/uploads\/sites\/10\/2016\/07\/ephemerides-fb.jpg?fit=1200%2C630&resize=1050%2C600 3x"},"classes":[]},{"id":99260,"url":"http:\/\/vincentians.com\/fr\/itineraire-de-monsieur-vincent-des-malheurs-du-temps-a-la-mission-i\/","url_meta":{"origin":105950,"position":4},"title":"Itin\u00e9raire de Monsieur Vincent. Des Malheurs du temps \u00e1 la Mission (I)","author":"Francisco Javier Fern\u00e1ndez Chento","date":"12\/05\/2015","format":false,"excerpt":"Introduction Le but de cette session est de montrer l'actualit\u00e9 de la vis\u00e9e de l'Institut en retrouvant ce qui a dynamis\u00e9 les fondateurs, ce qui les a pouss\u00e9s \u00e1 la mission. Et l'on me demande de montrer comment les blessures des hommes ont contribu\u00e9 \u00e1 envoyer Monsieur Vincent en mission.\u2026","rel":"","context":"Dans &quot;Au temps de Vincent de Paul&quot;","block_context":{"text":"Au temps de Vincent de Paul","link":"http:\/\/vincentians.com\/fr\/category\/au-temps-de-vincent-de-paul\/"},"img":{"alt_text":"","src":"https:\/\/i0.wp.com\/vincentiens.org\/wp-content\/uploads\/2012\/11\/vincent1.jpg?resize=350%2C200","width":350,"height":200},"classes":[]},{"id":180851,"url":"http:\/\/vincentians.com\/fr\/ephemerides-28-fevrier\/","url_meta":{"origin":105950,"position":5},"title":"Eph\u00e9m\u00e9rides: 28 f\u00e9vrier","author":"Francisco Javier Fern\u00e1ndez Chento","date":"28\/02\/2017","format":false,"excerpt":"En 1608 , de Rome \u00abo\u00f9 il \u00e9tait vraisemblablement arriv\u00e9 dans le courant de l'ann\u00e9e pr\u00e9c\u00e9dente\u00bb, saint Vincent \u00e9crit \u00e0 M. de Comet, son bienfaiteur, sa deuxi\u00e8me lettre. Il y d\u00e9clare que \u00abMgr le vice-l\u00e9gat qui \u00e9tait d'Avignon\u00bb ne veut plus se s\u00e9parer de lui, \u00e0 cause \u00abde forces belles\u2026","rel":"","context":"Dans &quot;\u00c9ph\u00e9m\u00e9rides vincentiens&quot;","block_context":{"text":"\u00c9ph\u00e9m\u00e9rides vincentiens","link":"http:\/\/vincentians.com\/fr\/category\/ephemerides-vincentiens\/"},"img":{"alt_text":"","src":"https:\/\/i0.wp.com\/vincentians.com\/fr\/wp-content\/uploads\/sites\/10\/2016\/07\/ephemerides-fb.jpg?fit=1200%2C630&resize=350%2C200","width":350,"height":200,"srcset":"https:\/\/i0.wp.com\/vincentians.com\/fr\/wp-content\/uploads\/sites\/10\/2016\/07\/ephemerides-fb.jpg?fit=1200%2C630&resize=350%2C200 1x, https:\/\/i0.wp.com\/vincentians.com\/fr\/wp-content\/uploads\/sites\/10\/2016\/07\/ephemerides-fb.jpg?fit=1200%2C630&resize=525%2C300 1.5x, https:\/\/i0.wp.com\/vincentians.com\/fr\/wp-content\/uploads\/sites\/10\/2016\/07\/ephemerides-fb.jpg?fit=1200%2C630&resize=700%2C400 2x, https:\/\/i0.wp.com\/vincentians.com\/fr\/wp-content\/uploads\/sites\/10\/2016\/07\/ephemerides-fb.jpg?fit=1200%2C630&resize=1050%2C600 3x"},"classes":[]}],"_links":{"self":[{"href":"http:\/\/vincentians.com\/fr\/wp-json\/wp\/v2\/posts\/105950","targetHints":{"allow":["GET"]}}],"collection":[{"href":"http:\/\/vincentians.com\/fr\/wp-json\/wp\/v2\/posts"}],"about":[{"href":"http:\/\/vincentians.com\/fr\/wp-json\/wp\/v2\/types\/post"}],"author":[{"embeddable":true,"href":"http:\/\/vincentians.com\/fr\/wp-json\/wp\/v2\/users\/4"}],"replies":[{"embeddable":true,"href":"http:\/\/vincentians.com\/fr\/wp-json\/wp\/v2\/comments?post=105950"}],"version-history":[{"count":0,"href":"http:\/\/vincentians.com\/fr\/wp-json\/wp\/v2\/posts\/105950\/revisions"}],"wp:featuredmedia":[{"embeddable":true,"href":"http:\/\/vincentians.com\/fr\/wp-json\/wp\/v2\/media\/149897"}],"wp:attachment":[{"href":"http:\/\/vincentians.com\/fr\/wp-json\/wp\/v2\/media?parent=105950"}],"wp:term":[{"taxonomy":"category","embeddable":true,"href":"http:\/\/vincentians.com\/fr\/wp-json\/wp\/v2\/categories?post=105950"},{"taxonomy":"post_tag","embeddable":true,"href":"http:\/\/vincentians.com\/fr\/wp-json\/wp\/v2\/tags?post=105950"}],"curies":[{"name":"wp","href":"https:\/\/api.w.org\/{rel}","templated":true}]}}