{"id":105903,"date":"2013-03-23T08:01:05","date_gmt":"2013-03-23T07:01:05","guid":{"rendered":"http:\/\/vincentiens.org\/?p=105903"},"modified":"2013-03-23T08:01:05","modified_gmt":"2013-03-23T07:01:05","slug":"les-sources-de-lenseignement-de-monsieur-vincent-de-paul-ii","status":"publish","type":"post","link":"http:\/\/vincentians.com\/fr\/les-sources-de-lenseignement-de-monsieur-vincent-de-paul-ii\/","title":{"rendered":"Les sources de l&rsquo;enseignement de monsieur Vincent de Paul (II)"},"content":{"rendered":"<p><a href=\"http:\/\/vincentiens.org\/itineraire-de-monsieur-vincent-des-malheurs-du-temps-a-la-mission-i\/vincent1\/\" rel=\"attachment wp-att-104112\"><img data-recalc-dims=\"1\" loading=\"lazy\" decoding=\"async\" class=\"alignleft size-full wp-image-104112\" alt=\"vincent1\" src=\"https:\/\/i0.wp.com\/vincentiens.org\/wp-content\/uploads\/2012\/11\/vincent1.jpg?resize=194%2C260\" width=\"194\" height=\"260\" \/><\/a>II. &#8211; Essayons maintenant de voir la raison de la recherche de ces sources c. \u00e0. d. la finalit\u00e9. Cette finalit\u00e9 qui soutient la minu\u00adtieuse recherche des sources d&rsquo;un auteur, c&rsquo;est \u00e9videmment la d\u00e9ter\u00admination de sa nouveaut\u00e9 par rapport \u00e0 ce qui a \u00e9t\u00e9 dit auparavant et, deuxi\u00e8mement, la caract\u00e9risation de son originalit\u00e9. Autrement dit: ce qu&rsquo;il dit est nouveau et cette nouveaut\u00e9 est de telle nature. L&rsquo;accent est mis autrement.<\/p>\n<p>Or, les motifs de l&rsquo;op\u00e9ration sont d&rsquo;une toute autre nature que celui du d\u00e9tecteur souvent hargneux qui veut d\u00e9noncer les op\u00e9ra\u00adtions de plagiat ou de recopieur d&rsquo;un texte d\u00e9j\u00e0 \u00e9crit. Ceci peut arri\u00adver. Quiconque a \u00e9t\u00e9 dans l&rsquo;enseignement sait qu&rsquo;il y a des sujets qui ont la facilit\u00e9 de recopier une colonne de dictionnaire de fa\u00e7on \u00e0 la pr\u00e9senter comme leur oeuvre propre. Certains sujets ont une v\u00e9ritable virtuosit\u00e9. Or, il ne s&rsquo;agit pas de ce travail de correcteur, de ce travail de d\u00e9tective, voire de ce travail de bl\u00e2me et de condam\u00adnation.<\/p>\n<p>L&rsquo;enseignement de Vincent de Paul examin\u00e9, n&rsquo;est-il qu&rsquo;une r\u00e9p\u00e9tition d&rsquo;une doctrine qui est commune? Ou bien, est-ce un ensei\u00adgnement enti\u00e8rement nouveau? Ou bien, simplement, troisi\u00e8me hypoth\u00e8se, la reviviscence d&rsquo;un enseignement longtemps n\u00e9glig\u00e9 ou d\u00e9laiss\u00e9?<\/p>\n<p>Pour vous donner un exemple concret; si vous \u00e9tudiez la doc\u00adtrine du Corps Mystique du Christ, vous pouvez, \u00e0 travers les con\u00adtributions du P\u00e8re Mersch et d&rsquo;un bon nombre d&rsquo;autres historiens, vous apercevoir qu&rsquo;il y a une p\u00e9riode o\u00f9 cette notion de Corps du Christ qui est l&rsquo;Eglise et de Corps Mystique est absolument absente. Or, Vincent de Paul va effectivement reprendre d&rsquo;une fa\u00e7on con\u00adcr\u00e8te cette notion de Corps du Christ et \u00e9tablir la double liaison entre Dieu et l&rsquo;homme, et l&rsquo;homme et l&rsquo;humanit\u00e9. Cette double restitu\u00adtion est faite avec des \u00e9l\u00e9ments que Vincent de Paul n&rsquo;a pas invent\u00e9s mais qu&rsquo;il a simplement remis au centre. Voyez ce qui est dit dans la conf\u00e9rence du 31 mai 1659 <i>\u00ab\u00a0Sur la charit\u00e9\u00a0\u00bb. \u00ab\u00a0Que m&rsquo;importe d&rsquo;aimer Dieu si mon prochain ne l&rsquo;aime\u00a0\u00bb \u2014 \u00ab\u00a0Il faut nous unir \u00e0 Dieu en nous unis\u00adsant au prochain par charit\u00e9\u00a0\u00bb. <\/i>Or vous pourrez chercher longtemps dans les si\u00e8cles ant\u00e9rieurs un rassemblement, un amalgame, une formule d&rsquo;une telle force que ceci va d\u00e9terminer pour l&rsquo;enseignement et pour la pratique des auditeurs la notion de compassion qui est assez absente depuis des si\u00e8cles dans l&rsquo;Eglise.<\/p>\n<p><i>La recherche des sources <\/i>donc \u2014 et je voudrais ici le faire remar\u00adquer \u2014 <i>se situe dans le prolongement de la m\u00e9thode historique. <\/i>Elle b\u00e9n\u00e9fi\u00adcie du perfectionnement de cette m\u00e9thode et m\u00eame des techniques de la nouvelle Histoire. Remarquez que successivement la critique historique a investi et d\u00e9frich\u00e9 des domaines qui auparavant lui \u00e9taient \u00e9trangers. Il y a bien des domaines qui n&rsquo;\u00e9taient m\u00eame pas soup\u00ad\u00e7onn\u00e9s par tous les quatre grands biographes de Vincent de Paul et qui soudain nous montrent que le sol se soul\u00e8ve. Si nous prenons un sujet d&rsquo;actualit\u00e9 \u2014 puisque nous sommes le 13 juillet \u2014 le dos\u00adsier des grands r\u00e9volutionnaires et, en l&rsquo;occurrence, Danton, ce dos\u00adsier doit \u00eatre examin\u00e9 avec les archives notariales de Arcis-sur-Aube. Nous nous apercevons que ce r\u00e9volutionnaire \u00e9tait en r\u00e9alit\u00e9 un puis\u00adsant capitaliste. Il \u00e9tait pour l&rsquo;\u00e9galit\u00e9 des autres mais pas pour la r\u00e9duction de ses profits.<\/p>\n<p>Or, la m\u00e9thode historique s&rsquo;introduit au XVIe si\u00e8cle dans l&rsquo;His\u00adtoire profane comme dans l&rsquo;Histoire de l&rsquo;Eglise. A preuve Laurent Valla, Nicolas de Cusa et le sort qui est fait \u00e0 la donation de Cons\u00adtantin qui est un faux. Puis dans l&rsquo;Histoire Sainte, dans les Ecritu\u00adres avec Richard Simon, Astruc, Welhausen (1844-1918). Et elle trouveses ma\u00eetres pour l&rsquo;Histoire de la litt\u00e9rature avec Gustave Lan\u00adson d\u00e8s 1894 et Abel Lefranc qui s&rsquo;attaque au probl\u00e8me de l&rsquo;authen\u00adticit\u00e9 des pi\u00e8ces de Shakespeare. Les auteurs spirituels, \u00e0 leur tour, deviennent la proie des historiens critiques. C&rsquo;est ainsi que le pro\u00adtestant Etchegoyen publie \u00ab\u00a0L&rsquo;amour divin. Essai sur les sources de Saint Th\u00e9r\u00e8se\u00a0\u00bb, Bordeaux, Paris, 1923. Avec une vigueur accrue, Jean Orcibal \u00ab\u00a0La rencontre du carmel th\u00e9r\u00e9sien avec les mystiques du Nord\u00a0\u00bb, Paris, Presses Universitaires, 1959. C&rsquo;est \u00e9galement \u00e0 ce travail de d\u00e9tection des sources que je puis dire nous, Jean Orci\u00adbal et votre serviteur, avons pendant des ann\u00e9es essay\u00e9 de rep\u00e9rer les sources de la \u00ab\u00a0R\u00e8gle de perfection\u00a0\u00bb qui a \u00e9t\u00e9 \u00e9dit\u00e9e finalement apr\u00e8s des ann\u00e9es et des ann\u00e9es de recherches, aux Presses Universi\u00adtaires \u2014 voici le volume \u2014 dans lequel vous trouverez quelques expressions famili\u00e8res de Monsieur Vincent de Paul, d\u00e8s le tome pre\u00admier, page 68 de l&rsquo;\u00e9dition Coste: <i>\u00ab\u00a0ne pas enjamber sur la Providence\u00a0\u00bb. <\/i>C&rsquo;est Beno\u00eet de Canfield, \u00e9dition 1609, unique exemplaire conserv\u00e9 \u00e0 la Biblioth\u00e8que de Troyes. Vous ne trouverez plus dans les \u00e9di\u00adtions post\u00e9rieures, la notion d&rsquo;enjamber sur la Providence mais seu\u00adlement l&rsquo;expression beaucoup plus vague de \u00ab\u00a0anticiper sur l&rsquo;ordre ou la nature de Dieu\u00a0\u00bb.<\/p>\n<p>Constatons d&rsquo;abord les quatre grands biographes, Abelly, Collet (1748), Maynard (1860) et Coste (1932); l&rsquo;ignorance abyssale de Pierre Coste sur le mouvement spirituel du XVIF si\u00e8cle. A cer\u00adtains moments, elle me fait perdre le souffle. C&rsquo;est ainsi que, retrou\u00advant la signature de Vincent de Paul comme approbateur du livre de Noulleau, contre les blasph\u00e9mateurs, Coste \u00e9crit: \u00ab\u00a0un certain Noulleau\u00a0\u00bb. Ce certain Noulleau est simplement l&rsquo;auteur de 30 \u00e0 35 volumes. Il l&rsquo;ignorait totalement. Il y a aussi des erreurs de pr\u00e9noms qui sont assez ennuyeuses. Voyez plut\u00f4t \u00e0 la table 14 au mot Sin\u00adglin, quel pr\u00e9nom il lui est donn\u00e9. Si ce n&rsquo;est lui, c&rsquo;est donc son fr\u00e8re. Voyez aussi l&rsquo;erreur consid\u00e9rable au mot Avila. Coste interpr\u00e9te Avila, ville d&rsquo;Espagne. Pas de tout. Il s&rsquo;agit de Jean Avila. Ce n&rsquo;est pas une ville, c&rsquo;est un homme et cet homme est cit\u00e9 effectivement par Saint-Cyran, par Fran\u00e7ois de Sales, comme \u00e9tant un des ma\u00eetres et, d&rsquo;autre part, il est traduit. Coste met; Avila, ville d&rsquo;Espagne.<\/p>\n<p>Or, les quatre grands biographes ignorent m\u00eame la possibilit\u00e9 d&rsquo;une \u00e9volution doctrinale et morale de Vincent de Paul. Ils sont diversement fid\u00e8les au sch\u00e9ma hagiographique: la vie, les oeuvres, les vertus, comme si Vincent de Paul \u00e9tait unique, sans ant\u00e9c\u00e9dent, solitaire et magnifique dans le d\u00e9sert de son temps. Pourquoi ces qua\u00adtre grands \u2014 mais comment donner la mesure de la grandeur \u2014 n&rsquo;ont-ils pas lu le \u00ab\u00a0Premier r\u00e8glement de la charit\u00e9\u00a0\u00bb de Ch\u00e2tillon\u00adles-Dombes, 23 ao\u00fbt 1617? Car, dans ce r\u00e8glement, il est fait allu\u00adsion \u00e0 la \u00ab\u00a0Charit\u00e9 de Rome\u00a0\u00bb et il est fait allusion aussi \u00e0 la lecture de l&rsquo; \u00ab\u00a0Introduction \u00e0 la vie d\u00e9vote\u00a0\u00bb de Messire Fran\u00e7ois de Sales. Et il faut dire que les quatre grands biographes qui ont fonctionn\u00e9 \u00e0 Saint-Lazare, Paris, ont \u00e9t\u00e9 encourag\u00e9s au d\u00e9part par le brave fr\u00e8re Ducournau qui, le 15 ao\u00fbt 1657, donne toutes les assurances pour que les biographes se cantonnent dans le modeste territoire de l&rsquo;analyse sans regarder un peu plus loin dans le pass\u00e9 et dans les envi\u00adrons. Il dit: <i>\u00ab\u00a0Monsieur Vincent ne dit, pour l&rsquo;ordinaire, que des choses com\u00ad<\/i><i>munes\u00a0\u00bb (\u00ab\u00a0Entretiens\u00a0\u00bb, p. 1037).<\/i><\/p>\n<p>Or, il est opportun de rappeler que la distinction scolaire, dogme, morale, asc\u00e9tique et mystique, n&rsquo;\u00e9tait pas aussi tranch\u00e9e au XVII\u00e8 &#8211; 551 &#8211;<\/p>\n<p>si\u00e8cle que de nos jours et que l&rsquo;implication de la morale dans le dogme, autant que l&rsquo;int\u00e9gration de l&rsquo;asc\u00e9tique et de la mystique dans la morale venait d&rsquo;\u00eatre rappel\u00e9e, r\u00e9ins\u00e9r\u00e9e, par l'\u00a0\u00bb Introduction \u00e0 la vie devote\u00a0\u00bb de Fran\u00e7ois de Sales en 1609 (Louis Rigaud, Lyon), dans le \u00ab\u00a0Trait\u00e9 de l&rsquo;amour de Dieu\u00a0\u00bb (Louis Rigaud, Lyon), 31 juillet 1616.<\/p>\n<p>Signalons que les sources, ces irrigations vivifiantes et stimu\u00adlantes de la vie de pi\u00e9t\u00e9, ne doivent pas \u00eatre r\u00e9duites au catalogue des imprim\u00e9s. Il faut prendre en charge une suite de volumes que Vincent de Paul avait paisiblement \u00e0 sa disposition. D\u00e8s 1938, j&rsquo;ai fait l&rsquo;inventaire du catalogue de la Biblioth\u00e8que de Saint-Lazare qui se trouve \u00e0 la Biblioth\u00e8que Mazarine, num\u00e9ro du manuscrit 4169. Le travail est fait. Je vous indique simplement que ce catalogue, qui comportera en 1789 vingt mille volumes, ce catalogue est beaucoup plus restreint pour la p\u00e9riode 1660-1670. Je suis absolument formel sur la date de composition. Ce catalogue comporte vingt-six cat\u00e9go\u00adries de volumes. En ce qui concerne les livres de pi\u00e9t\u00e9, \u00ab\u00a0pii et asce\u00adtici\u00a0\u00bb, voici tr\u00e8s exactement l&rsquo;inventaire: il y a 30 volumes in-folio, 43 volumes in-quarto, 107 volumes in 8, 186 (?) volumes in 12, 146 volumes in 16, soit 518 volumes. Ce catalogue, qui est \u00e9crit au fur et \u00e0 mesure de la survenue des volumes, je l&rsquo;ai mis par ordre alpha\u00adb\u00e9tique dans ce petit travail qui date de 1938, 1939, 1940&#8230;<\/p>\n<p>Or, il faut signaler que tous ces volumes peuvent \u00eatre pris en consid\u00e9ration et qu&rsquo;un volume comme l'\u00a0\u00bbIntroduction \u00e0 la vie d\u00e9vote\u00a0\u00bb est reproduit en plusieurs exemplaires. A titre de super- preuve, j&rsquo;ai photocopi\u00e9 le manuscrit de toute la cat\u00e9gorie \u00ab\u00a0pii et asce\u00adtici\u00a0\u00bb. Pour Fran\u00e7ois de Sales, je m&rsquo;aper\u00e7ois qu&rsquo;il y a non seulement un exemplaire mais 5 ou 6 exemplaires de l'\u00a0\u00bbIntroduction \u00e0 la vie d\u00e9vote\u00a0\u00bb. Nous avons l\u00e0 un premier rep\u00e9rage, celui de la biblioth\u00e8\u00adque. Dans cette biblioth\u00e8que, il y a des livres que Vincent de Paul a toujours sous la main, \u00e0 savoir \u00ab\u00a0La r\u00e8gle de perfection\u00a0\u00bb de Beno\u00eet de Canfield, de sorte qu&rsquo;avant sa conf\u00e9rence du 7 mars 1659, il aura relu et donnera exactement les comparaisons, les divisions, mais il se brouille un peu lorsqu&rsquo;il aborde \u00ab\u00a0des choses qui sont dites indif\u00adf\u00e9rentes\u00a0\u00bb. Il dit: <i>\u00ab\u00a0il faudra que l&rsquo;on revoit cela, ce n&rsquo;est pas clair\u00a0\u00bb. <\/i>Entre parenth\u00e8ses: ce n&rsquo;est pas clair dans sa t\u00eate (\u00e9tant donn\u00e9 son \u00e2ge, il est difficile de retenir), mais c&rsquo;est clair dans Beno\u00eet de Canfield.<\/p>\n<p><i>L\u00e0 o\u00f9 les personnes rencontr\u00e9es <\/i>peuvent jouer un r\u00f4le r\u00e9v\u00e9lateur et du myst\u00e8re de l&rsquo;amour de Dieu, plus qu&rsquo;un texte, c&rsquo;est une personne vivante qui peut rendre attentive \u00e0 tout ce qui peut \u00eatre regard\u00e9 sans \u00eatre vu. Ces livres transforment le regard du lecteur en vision.<\/p>\n<p><i>Les choix: Il <\/i>y a des choix qui nous sont impos\u00e9s tels les \u00e9v\u00e9ne\u00adments. Je vous signale l&rsquo;\u00e9v\u00e9nement de 1609, \u00e0 savoir l&rsquo;accusation de vol par ce juge qui est probablement Dulon, juge de Sore. Vous trouverez le cheminement et, d&rsquo;autre part, l&rsquo;expression religieuse qui se transformera en 1658 par un article des R\u00e8gles et Constitutions. Il n&rsquo;aura fallu que 49 ans et la conf\u00e9rence du 6 juin 1659 vous don\u00adnera comme chassis indestructible l&rsquo;attitude qu&rsquo;il faut avoir lorsque la Compagnie, une Maison, un particulier sont calomni\u00e9s Vincent de Paul dira \u2014 et l\u00e0 cette conf\u00e9rence est majeure:<\/p>\n<p>pour voir comment Vincent de Paul transforme l&rsquo;exp\u00e9rience en existence;<\/p>\n<p>pour voir \u00e9galement que son choix dans la lecture de l&rsquo;Evan\u00adgile est th\u00e9ologiquement et philosophiquement assur\u00e9. A cette m\u00eame p\u00e9riode, Dieu sait s&rsquo;il y avait des rumeurs et, d&rsquo;autre part, des alter\u00adcations. C&rsquo;est la p\u00e9riode des \u00ab\u00a0Provinciales\u00a0\u00bb et les j\u00e9suites font feu de tous c\u00f4t\u00e9s pour trouver l&rsquo;auteur des \u00ab\u00a0Provinciales\u00a0\u00bb. Ils vont m\u00e2le jusqu&rsquo;\u00e0 envoyer \u00e0 la Bastille un bon p\u00e8re j\u00e9suite qui dira \u00e0 Bussy- Rabutin: on vous fera sortir de la Bastille si vous \u00e9crivez la r\u00e9ponse aux \u00ab\u00a0Provinciales\u00a0\u00bb. Bussy-Rabutin s&rsquo;y refuse. R\u00e9flexion de Bernard Dorival, sp\u00e9cialiste de Port-Royal et de Philippe de Champagne: \u00ab\u00a0d\u00e9marche qui faisait plus honneur \u00e0 l&rsquo;esprit qu&rsquo;\u00e0 la moralit\u00e9 de la Compagnie de J\u00e9sus\u00a0\u00bb. Le texte est imprim\u00e9 et il est enregistr\u00e9.<\/p>\n<p>Alors, le choix accidentel, voire conseill\u00e9, de certains ouvrages \u2014 il est certain que Monsieur Vincent a toujours \u00e0 sa port\u00e9e les ouvrages dont je vous ai parl\u00e9s, mais qui a mis la premi\u00e8re main \u00e0 ce qu&rsquo;on peut appeler nos R\u00e8glements? Voyez en particulier les avis donn\u00e9s en 1632 et en 1635. Attention, il y a une faute de lecture tr\u00e8s grave dans l&rsquo;\u00e9dition Coste. Au sujet de la premi\u00e8re communion, Coste lit mal: \u00ab\u00a0faire de grandes c\u00e9r\u00e9monies et des pompes\u00a0\u00bb. L&rsquo;\u00e9di\u00adtion critique, 1960, 2e \u00e9dition 1965, apr\u00e8s v\u00e9rification des textes indi\u00adque: <i>\u00ab\u00a0fuit <\/i>les pompes\u00a0\u00bb.<\/p>\n<p>Or il est certain qu&rsquo;il y a d&rsquo;autres ouvrages qui sont cit\u00e9s par Vincent de paul.<\/p>\n<p>Peut-\u00eatre devrais-je stopper. Apr\u00e8s je vous donnerai un inven\u00adtaire sommaire.<\/p>\n","protected":false},"excerpt":{"rendered":"<p>II. &#8211; Essayons maintenant de voir la raison de la recherche de ces sources c. \u00e0. d. la finalit\u00e9. Cette finalit\u00e9 qui soutient la minu\u00adtieuse recherche des sources d&rsquo;un auteur, c&rsquo;est \u00e9videmment la d\u00e9ter\u00admination de &#8230; <a href=\"http:\/\/vincentians.com\/fr\/les-sources-de-lenseignement-de-monsieur-vincent-de-paul-ii\/\" class=\"more-link\">Read More<\/a><\/p>\n","protected":false},"author":4,"featured_media":0,"comment_status":"open","ping_status":"open","sticky":false,"template":"","format":"standard","meta":{"jetpack_post_was_ever_published":false,"_jetpack_newsletter_access":"","_jetpack_dont_email_post_to_subs":false,"_jetpack_newsletter_tier_id":0,"_jetpack_memberships_contains_paywalled_content":false,"_jetpack_memberships_contains_paid_content":false,"footnotes":"","jetpack_publicize_message":"","jetpack_publicize_feature_enabled":true,"jetpack_social_post_already_shared":true,"jetpack_social_options":{"image_generator_settings":{"template":"highway","default_image_id":0,"font":"","enabled":false},"version":2}},"categories":[118],"tags":[],"class_list":["post-105903","post","type-post","status-publish","format-standard","hentry","category-formation-vincentienne","no-post-thumbnail"],"yoast_head":"<!-- This site is optimized with the Yoast SEO plugin v26.3 - https:\/\/yoast.com\/wordpress\/plugins\/seo\/ -->\n<title>Les sources de l&#039;enseignement de monsieur Vincent de Paul (II) - Nous Sommes Vincentiens<\/title>\n<meta name=\"robots\" content=\"index, follow, max-snippet:-1, max-image-preview:large, max-video-preview:-1\" \/>\n<link rel=\"canonical\" href=\"http:\/\/vincentians.com\/fr\/les-sources-de-lenseignement-de-monsieur-vincent-de-paul-ii\/\" \/>\n<meta property=\"og:locale\" content=\"fr_FR\" \/>\n<meta property=\"og:type\" content=\"article\" \/>\n<meta property=\"og:title\" content=\"Les sources de l&#039;enseignement de monsieur Vincent de Paul (II) - Nous Sommes Vincentiens\" \/>\n<meta property=\"og:description\" content=\"II. &#8211; Essayons maintenant de voir la raison de la recherche de ces sources c. \u00e0. d. la finalit\u00e9. Cette finalit\u00e9 qui soutient la minu\u00adtieuse recherche des sources d&rsquo;un auteur, c&rsquo;est \u00e9videmment la d\u00e9ter\u00admination de ... Read More\" \/>\n<meta property=\"og:url\" content=\"http:\/\/vincentians.com\/fr\/les-sources-de-lenseignement-de-monsieur-vincent-de-paul-ii\/\" \/>\n<meta property=\"og:site_name\" content=\"Nous Sommes Vincentiens\" \/>\n<meta property=\"article:publisher\" content=\"https:\/\/www.facebook.com\/WeAreVincentians\/\" \/>\n<meta property=\"article:author\" content=\"https:\/\/www.facebook.com\/JavierChento\" \/>\n<meta property=\"article:published_time\" content=\"2013-03-23T07:01:05+00:00\" \/>\n<meta property=\"og:image\" content=\"http:\/\/vincentiens.org\/wp-content\/uploads\/2012\/11\/vincent1.jpg\" \/>\n<meta name=\"author\" content=\"Francisco Javier Fern\u00e1ndez Chento\" \/>\n<meta name=\"twitter:card\" content=\"summary_large_image\" \/>\n<meta name=\"twitter:creator\" content=\"@https:\/\/twitter.com\/javierchento\" \/>\n<meta name=\"twitter:site\" content=\"@WeVincentians\" \/>\n<meta name=\"twitter:label1\" content=\"\u00c9crit par\" \/>\n\t<meta name=\"twitter:data1\" content=\"Francisco Javier Fern\u00e1ndez Chento\" \/>\n\t<meta name=\"twitter:label2\" content=\"Dur\u00e9e de lecture estim\u00e9e\" \/>\n\t<meta name=\"twitter:data2\" content=\"11 minutes\" \/>\n<script type=\"application\/ld+json\" class=\"yoast-schema-graph\">{\"@context\":\"https:\/\/schema.org\",\"@graph\":[{\"@type\":\"WebPage\",\"@id\":\"http:\/\/vincentians.com\/fr\/les-sources-de-lenseignement-de-monsieur-vincent-de-paul-ii\/\",\"url\":\"http:\/\/vincentians.com\/fr\/les-sources-de-lenseignement-de-monsieur-vincent-de-paul-ii\/\",\"name\":\"Les sources de l'enseignement de monsieur Vincent de Paul (II) - Nous Sommes Vincentiens\",\"isPartOf\":{\"@id\":\"http:\/\/vincentians.com\/fr\/#website\"},\"primaryImageOfPage\":{\"@id\":\"http:\/\/vincentians.com\/fr\/les-sources-de-lenseignement-de-monsieur-vincent-de-paul-ii\/#primaryimage\"},\"image\":{\"@id\":\"http:\/\/vincentians.com\/fr\/les-sources-de-lenseignement-de-monsieur-vincent-de-paul-ii\/#primaryimage\"},\"thumbnailUrl\":\"http:\/\/vincentiens.org\/wp-content\/uploads\/2012\/11\/vincent1.jpg\",\"datePublished\":\"2013-03-23T07:01:05+00:00\",\"author\":{\"@id\":\"http:\/\/vincentians.com\/fr\/#\/schema\/person\/9623ef4d9aa3b2dfb8c061f1499288f2\"},\"breadcrumb\":{\"@id\":\"http:\/\/vincentians.com\/fr\/les-sources-de-lenseignement-de-monsieur-vincent-de-paul-ii\/#breadcrumb\"},\"inLanguage\":\"fr-FR\",\"potentialAction\":[{\"@type\":\"ReadAction\",\"target\":[\"http:\/\/vincentians.com\/fr\/les-sources-de-lenseignement-de-monsieur-vincent-de-paul-ii\/\"]}]},{\"@type\":\"ImageObject\",\"inLanguage\":\"fr-FR\",\"@id\":\"http:\/\/vincentians.com\/fr\/les-sources-de-lenseignement-de-monsieur-vincent-de-paul-ii\/#primaryimage\",\"url\":\"http:\/\/vincentiens.org\/wp-content\/uploads\/2012\/11\/vincent1.jpg\",\"contentUrl\":\"http:\/\/vincentiens.org\/wp-content\/uploads\/2012\/11\/vincent1.jpg\"},{\"@type\":\"BreadcrumbList\",\"@id\":\"http:\/\/vincentians.com\/fr\/les-sources-de-lenseignement-de-monsieur-vincent-de-paul-ii\/#breadcrumb\",\"itemListElement\":[{\"@type\":\"ListItem\",\"position\":1,\"name\":\"Portada\",\"item\":\"http:\/\/vincentians.com\/fr\/\"},{\"@type\":\"ListItem\",\"position\":2,\"name\":\"Les sources de l&rsquo;enseignement de monsieur Vincent de Paul (II)\"}]},{\"@type\":\"WebSite\",\"@id\":\"http:\/\/vincentians.com\/fr\/#website\",\"url\":\"http:\/\/vincentians.com\/fr\/\",\"name\":\"Nous Sommes Vincentiens\",\"description\":\"Know more to serve more\",\"potentialAction\":[{\"@type\":\"SearchAction\",\"target\":{\"@type\":\"EntryPoint\",\"urlTemplate\":\"http:\/\/vincentians.com\/fr\/?s={search_term_string}\"},\"query-input\":{\"@type\":\"PropertyValueSpecification\",\"valueRequired\":true,\"valueName\":\"search_term_string\"}}],\"inLanguage\":\"fr-FR\"},{\"@type\":\"Person\",\"@id\":\"http:\/\/vincentians.com\/fr\/#\/schema\/person\/9623ef4d9aa3b2dfb8c061f1499288f2\",\"name\":\"Francisco Javier Fern\u00e1ndez Chento\",\"image\":{\"@type\":\"ImageObject\",\"inLanguage\":\"fr-FR\",\"@id\":\"http:\/\/vincentians.com\/fr\/#\/schema\/person\/image\/\",\"url\":\"https:\/\/secure.gravatar.com\/avatar\/497d5cde87b4c3d097d0315953521681ba2cd523ee66e5077c3711f7021e65de?s=96&d=mm&r=g\",\"contentUrl\":\"https:\/\/secure.gravatar.com\/avatar\/497d5cde87b4c3d097d0315953521681ba2cd523ee66e5077c3711f7021e65de?s=96&d=mm&r=g\",\"caption\":\"Francisco Javier Fern\u00e1ndez Chento\"},\"description\":\"Director General y cofundador de La Red de Formaci\u00f3n Vicenciana. Javier es laico vicenciano, afiliado a la Congregaci\u00f3n de la Misi\u00f3n y miembro del Equipo de Misiones Populares de la provincia can\u00f3nica de Zaragoza (Espa\u00f1a) de la Congregaci\u00f3n de la Misi\u00f3n. Graduado en la Universidad Oberta de Catalunya con cuatro grados (Asistente de direcci\u00f3n, Gesti\u00f3n Administrativa, Recursos Humanos y Contabilidad Avanzada). Bil\u00edng\u00fce Espa\u00f1ol\/Ingl\u00e9s. gestiona y mantiene varias p\u00e1ginas web cristianas y vicencianas, incluida including La Red de Formaci\u00f3n Vicenciana, de la que es cofundador. Actualmente es responsable del \u00e1rea de Espa\u00f1ol de .famvin, la Red de Noticias de la Familia Vicenciana. Tambi\u00e9n es m\u00fasico cat\u00f3lico y ha editado varios discos. Es Director General y cofundador de Trovador, una reconocida compa\u00f1\u00eda discogr\u00e1fica critiana de Espa\u00f1a. Trabaja en las Tecnolog\u00edas de la Informaci\u00f3n, ofreciendo servicios de alojamiento, dise\u00f1o y mantenimiento Web, as\u00ed como asesoramiento, formaci\u00f3n y soluciones inform\u00e1ticas, gesti\u00f3n documental y digitalizaci\u00f3n de textos, edici\u00f3n y maquetaci\u00f3n de libros, revistas, flyers, etc.\",\"sameAs\":[\"http:\/\/chento.org\",\"https:\/\/www.facebook.com\/JavierChento\",\"https:\/\/x.com\/https:\/\/twitter.com\/javierchento\"],\"url\":\"http:\/\/vincentians.com\/fr\/author\/chento\/\"}]}<\/script>\n<!-- \/ Yoast SEO plugin. -->","yoast_head_json":{"title":"Les sources de l'enseignement de monsieur Vincent de Paul (II) - Nous Sommes Vincentiens","robots":{"index":"index","follow":"follow","max-snippet":"max-snippet:-1","max-image-preview":"max-image-preview:large","max-video-preview":"max-video-preview:-1"},"canonical":"http:\/\/vincentians.com\/fr\/les-sources-de-lenseignement-de-monsieur-vincent-de-paul-ii\/","og_locale":"fr_FR","og_type":"article","og_title":"Les sources de l'enseignement de monsieur Vincent de Paul (II) - Nous Sommes Vincentiens","og_description":"II. &#8211; Essayons maintenant de voir la raison de la recherche de ces sources c. \u00e0. d. la finalit\u00e9. Cette finalit\u00e9 qui soutient la minu\u00adtieuse recherche des sources d&rsquo;un auteur, c&rsquo;est \u00e9videmment la d\u00e9ter\u00admination de ... Read More","og_url":"http:\/\/vincentians.com\/fr\/les-sources-de-lenseignement-de-monsieur-vincent-de-paul-ii\/","og_site_name":"Nous Sommes Vincentiens","article_publisher":"https:\/\/www.facebook.com\/WeAreVincentians\/","article_author":"https:\/\/www.facebook.com\/JavierChento","article_published_time":"2013-03-23T07:01:05+00:00","og_image":[{"url":"http:\/\/vincentiens.org\/wp-content\/uploads\/2012\/11\/vincent1.jpg","type":"","width":"","height":""}],"author":"Francisco Javier Fern\u00e1ndez Chento","twitter_card":"summary_large_image","twitter_creator":"@https:\/\/twitter.com\/javierchento","twitter_site":"@WeVincentians","twitter_misc":{"\u00c9crit par":"Francisco Javier Fern\u00e1ndez Chento","Dur\u00e9e de lecture estim\u00e9e":"11 minutes"},"schema":{"@context":"https:\/\/schema.org","@graph":[{"@type":"WebPage","@id":"http:\/\/vincentians.com\/fr\/les-sources-de-lenseignement-de-monsieur-vincent-de-paul-ii\/","url":"http:\/\/vincentians.com\/fr\/les-sources-de-lenseignement-de-monsieur-vincent-de-paul-ii\/","name":"Les sources de l'enseignement de monsieur Vincent de Paul (II) - Nous Sommes Vincentiens","isPartOf":{"@id":"http:\/\/vincentians.com\/fr\/#website"},"primaryImageOfPage":{"@id":"http:\/\/vincentians.com\/fr\/les-sources-de-lenseignement-de-monsieur-vincent-de-paul-ii\/#primaryimage"},"image":{"@id":"http:\/\/vincentians.com\/fr\/les-sources-de-lenseignement-de-monsieur-vincent-de-paul-ii\/#primaryimage"},"thumbnailUrl":"http:\/\/vincentiens.org\/wp-content\/uploads\/2012\/11\/vincent1.jpg","datePublished":"2013-03-23T07:01:05+00:00","author":{"@id":"http:\/\/vincentians.com\/fr\/#\/schema\/person\/9623ef4d9aa3b2dfb8c061f1499288f2"},"breadcrumb":{"@id":"http:\/\/vincentians.com\/fr\/les-sources-de-lenseignement-de-monsieur-vincent-de-paul-ii\/#breadcrumb"},"inLanguage":"fr-FR","potentialAction":[{"@type":"ReadAction","target":["http:\/\/vincentians.com\/fr\/les-sources-de-lenseignement-de-monsieur-vincent-de-paul-ii\/"]}]},{"@type":"ImageObject","inLanguage":"fr-FR","@id":"http:\/\/vincentians.com\/fr\/les-sources-de-lenseignement-de-monsieur-vincent-de-paul-ii\/#primaryimage","url":"http:\/\/vincentiens.org\/wp-content\/uploads\/2012\/11\/vincent1.jpg","contentUrl":"http:\/\/vincentiens.org\/wp-content\/uploads\/2012\/11\/vincent1.jpg"},{"@type":"BreadcrumbList","@id":"http:\/\/vincentians.com\/fr\/les-sources-de-lenseignement-de-monsieur-vincent-de-paul-ii\/#breadcrumb","itemListElement":[{"@type":"ListItem","position":1,"name":"Portada","item":"http:\/\/vincentians.com\/fr\/"},{"@type":"ListItem","position":2,"name":"Les sources de l&rsquo;enseignement de monsieur Vincent de Paul (II)"}]},{"@type":"WebSite","@id":"http:\/\/vincentians.com\/fr\/#website","url":"http:\/\/vincentians.com\/fr\/","name":"Nous Sommes Vincentiens","description":"Know more to serve more","potentialAction":[{"@type":"SearchAction","target":{"@type":"EntryPoint","urlTemplate":"http:\/\/vincentians.com\/fr\/?s={search_term_string}"},"query-input":{"@type":"PropertyValueSpecification","valueRequired":true,"valueName":"search_term_string"}}],"inLanguage":"fr-FR"},{"@type":"Person","@id":"http:\/\/vincentians.com\/fr\/#\/schema\/person\/9623ef4d9aa3b2dfb8c061f1499288f2","name":"Francisco Javier Fern\u00e1ndez Chento","image":{"@type":"ImageObject","inLanguage":"fr-FR","@id":"http:\/\/vincentians.com\/fr\/#\/schema\/person\/image\/","url":"https:\/\/secure.gravatar.com\/avatar\/497d5cde87b4c3d097d0315953521681ba2cd523ee66e5077c3711f7021e65de?s=96&d=mm&r=g","contentUrl":"https:\/\/secure.gravatar.com\/avatar\/497d5cde87b4c3d097d0315953521681ba2cd523ee66e5077c3711f7021e65de?s=96&d=mm&r=g","caption":"Francisco Javier Fern\u00e1ndez Chento"},"description":"Director General y cofundador de La Red de Formaci\u00f3n Vicenciana. Javier es laico vicenciano, afiliado a la Congregaci\u00f3n de la Misi\u00f3n y miembro del Equipo de Misiones Populares de la provincia can\u00f3nica de Zaragoza (Espa\u00f1a) de la Congregaci\u00f3n de la Misi\u00f3n. Graduado en la Universidad Oberta de Catalunya con cuatro grados (Asistente de direcci\u00f3n, Gesti\u00f3n Administrativa, Recursos Humanos y Contabilidad Avanzada). Bil\u00edng\u00fce Espa\u00f1ol\/Ingl\u00e9s. gestiona y mantiene varias p\u00e1ginas web cristianas y vicencianas, incluida including La Red de Formaci\u00f3n Vicenciana, de la que es cofundador. Actualmente es responsable del \u00e1rea de Espa\u00f1ol de .famvin, la Red de Noticias de la Familia Vicenciana. Tambi\u00e9n es m\u00fasico cat\u00f3lico y ha editado varios discos. Es Director General y cofundador de Trovador, una reconocida compa\u00f1\u00eda discogr\u00e1fica critiana de Espa\u00f1a. Trabaja en las Tecnolog\u00edas de la Informaci\u00f3n, ofreciendo servicios de alojamiento, dise\u00f1o y mantenimiento Web, as\u00ed como asesoramiento, formaci\u00f3n y soluciones inform\u00e1ticas, gesti\u00f3n documental y digitalizaci\u00f3n de textos, edici\u00f3n y maquetaci\u00f3n de libros, revistas, flyers, etc.","sameAs":["http:\/\/chento.org","https:\/\/www.facebook.com\/JavierChento","https:\/\/x.com\/https:\/\/twitter.com\/javierchento"],"url":"http:\/\/vincentians.com\/fr\/author\/chento\/"}]}},"jetpack_publicize_connections":[],"jetpack_featured_media_url":"","jetpack_sharing_enabled":true,"jetpack_shortlink":"https:\/\/wp.me\/p7ETMP-ry7","jetpack-related-posts":[{"id":105911,"url":"http:\/\/vincentians.com\/fr\/la-situation-de-vincent-de-paul-dans-ce-qui-est-appele-ecole-francaise-ii\/","url_meta":{"origin":105903,"position":0},"title":"La situation de vincent de paul dans ce qui est appel\u00e9 ecole fran\u00e7aise (II)","author":"Francisco Javier Fern\u00e1ndez Chento","date":"18\/03\/2013","format":false,"excerpt":"LES PRINCIPES FONDAMENTAUX ET LA MANIERE DE LES ASSOCIER Sous peine de se maintenir ind\u00e9finiment dans une mouvance flottante et de multiplier les \u00e9quivoques, il devient n\u00e9cessaire, aujourd'hui \u00abque le temps, comme dit Pascal, a \u00e9clairci les choses\u00bb et les personnes, les doctrines, de poser quelques pr\u00e9cisions et de ten\u00adter\u2026","rel":"","context":"Dans &quot;Formation Vincentienne&quot;","block_context":{"text":"Formation Vincentienne","link":"http:\/\/vincentians.com\/fr\/category\/formation-vincentienne\/"},"img":{"alt_text":"vincent_mission_sociale","src":"https:\/\/i0.wp.com\/vincentiens.org\/wp-content\/uploads\/2012\/12\/vincent_mission_sociale.jpg?resize=350%2C200","width":350,"height":200},"classes":[]},{"id":105477,"url":"http:\/\/vincentians.com\/fr\/la-priere-vincentienne-ii\/","url_meta":{"origin":105903,"position":1},"title":"La Pri\u00e8re Vincentienne (II)","author":"Francisco Javier Fern\u00e1ndez Chento","date":"01\/02\/2013","format":false,"excerpt":"II. LA PRI\u00c8RE VINCENTIENNE S. Vincent n'a pas plus \u00e9crit un trait\u00e9 sur la pri\u00e8re que d'autres trait\u00e9s sur d'autres sujets. La \"l\u00e9gende\" de Vincent de Paul nous le montre beaucoup plus homme d'action qu'homme de pri\u00e8re. Elle nous le mon\u00adtre arpentant les rues de Paris \u00e0 la recherche de\u2026","rel":"","context":"Dans &quot;Spiritualit\u00e9&quot;","block_context":{"text":"Spiritualit\u00e9","link":"http:\/\/vincentians.com\/fr\/category\/spiritualite\/"},"img":{"alt_text":"Vincent_de_Paul_and_Virgin_Mary","src":"https:\/\/i0.wp.com\/vincentiens.org\/wp-content\/uploads\/2011\/10\/Vincent_de_Paul_and_Virgin_Mary-300x179.jpg?resize=350%2C200","width":350,"height":200},"classes":[]},{"id":49770,"url":"http:\/\/vincentians.com\/fr\/influence-de-st-vincent-de-paul-sur-don-bosco-sur-sa-vie-et-sur-son-esprit\/","url_meta":{"origin":105903,"position":2},"title":"Influence de St. Vincent de Paul sur Don Bosco, sur sa vie et sur son esprit","author":"Francisco Javier Fern\u00e1ndez Chento","date":"11\/12\/2014","format":false,"excerpt":"Le but de cette \u00e9tude n'est pas de faire un parall\u00e8le entre les deux saints, et encore moins de r\u00e9soudre la d\u00e9licate question de la d\u00e9pendance de la spiritualit\u00e9 sal\u00e9sienne par rapport \u00e1 la spiritualit\u00e9 vincentienne. Nous voulons seulement mettre en relief les ressemblances existant dans les vies de nos\u2026","rel":"","context":"Dans &quot;Formation Vincentienne&quot;","block_context":{"text":"Formation Vincentienne","link":"http:\/\/vincentians.com\/fr\/category\/formation-vincentienne\/"},"img":{"alt_text":"","src":"https:\/\/i0.wp.com\/vincentiens.org\/wp-content\/uploads\/2011\/09\/Giovanni_Bosco-242x300.jpg?resize=350%2C200","width":350,"height":200},"classes":[]},{"id":105901,"url":"http:\/\/vincentians.com\/fr\/les-sources-de-lenseignement-de-monsieur-vincent-de-paul-i\/","url_meta":{"origin":105903,"position":3},"title":"Les sources de l&rsquo;enseignement de monsieur Vincent de Paul (I)","author":"Francisco Javier Fern\u00e1ndez Chento","date":"22\/03\/2013","format":false,"excerpt":"Merci de votre patience et mes souhaits pour que vous ne soyez pas trop \u00e9puis\u00e9s par l\u2019expos\u00e9 un peu serr\u00e9 que je vais ce matin et ce soir m\u2019efforcer de vous d\u00e9livrer. Ce matin, le titre de l\u2019expos\u00e9 est\u00a0: \u00ab\u00a0Les sources de l\u2019enseignement de Monsieur Vincent de Paul\u00a0\u00bb. Je n\u2019ai\u2026","rel":"","context":"Dans &quot;Formation Vincentienne&quot;","block_context":{"text":"Formation Vincentienne","link":"http:\/\/vincentians.com\/fr\/category\/formation-vincentienne\/"},"img":{"alt_text":"vincent1","src":"https:\/\/i0.wp.com\/vincentiens.org\/wp-content\/uploads\/2012\/11\/vincent1.jpg?resize=350%2C200","width":350,"height":200},"classes":[]},{"id":54377,"url":"http:\/\/vincentians.com\/fr\/difference-entre-nous-et-les-religieux-notre-secularite-et-notre-exemption\/","url_meta":{"origin":105903,"position":4},"title":"Difference entre nous et les religieux, notre secularit\u00e9 et notre exemption","author":"Francisco Javier Fern\u00e1ndez Chento","date":"21\/12\/2012","format":false,"excerpt":"Au cours du temps, la vie et la profession des \u00ab conseils \u00e9van\u00adg\u00e9liques prennent des formes canoniques vari\u00e9es. Sur ce sujet, nous avons aujourd'hui des \u00e9tudes bien faites et de bonnes synth\u00e9\u00adses. Cf. par exemple, la premi\u00e9re partie de: Per una presenza viva dei Religiosa nella Chiesa e nel mondo,\u2026","rel":"","context":"Dans &quot;Congr\u00e9gation de la Mission&quot;","block_context":{"text":"Congr\u00e9gation de la Mission","link":"http:\/\/vincentians.com\/fr\/category\/congregation-de-la-mission\/"},"img":{"alt_text":"","src":"https:\/\/i0.wp.com\/vincentiens.org\/wp-content\/uploads\/2011\/11\/logocmotro-216x300.jpg?resize=350%2C200","width":350,"height":200},"classes":[]},{"id":57182,"url":"http:\/\/vincentians.com\/fr\/lhistoriographie-vincentienne-selon-les-epoques-culturelles\/","url_meta":{"origin":105903,"position":5},"title":"L&rsquo;historiographie vincentienne selon les epoques culturelles","author":"Francisco Javier Fern\u00e1ndez Chento","date":"16\/05\/2015","format":false,"excerpt":"Dans \"Les nouvelles consid\u00e9rations sur l'histoire\" (1744) Vol\u00adtaire affirmait que l'histoire n'est pas un genre immuable. Elle d\u00e9pend du progr\u00e8s scientifique g\u00e9n\u00e9ral. C'\u00e9tait \u00e0 une intuition trop en avance sur son temps. Et pourtant, cette intuition se trouve amplement con\u00adfirm\u00e9e, par la suite. Nous en trouvons une preuve \u00e9vidente dans\u2026","rel":"","context":"Dans &quot;Formation Vincentienne&quot;","block_context":{"text":"Formation Vincentienne","link":"http:\/\/vincentians.com\/fr\/category\/formation-vincentienne\/"},"img":{"alt_text":"","src":"https:\/\/i0.wp.com\/vincentiens.org\/wp-content\/uploads\/2012\/12\/sanvicentemosaico-213x300.jpg?resize=350%2C200","width":350,"height":200},"classes":[]}],"_links":{"self":[{"href":"http:\/\/vincentians.com\/fr\/wp-json\/wp\/v2\/posts\/105903","targetHints":{"allow":["GET"]}}],"collection":[{"href":"http:\/\/vincentians.com\/fr\/wp-json\/wp\/v2\/posts"}],"about":[{"href":"http:\/\/vincentians.com\/fr\/wp-json\/wp\/v2\/types\/post"}],"author":[{"embeddable":true,"href":"http:\/\/vincentians.com\/fr\/wp-json\/wp\/v2\/users\/4"}],"replies":[{"embeddable":true,"href":"http:\/\/vincentians.com\/fr\/wp-json\/wp\/v2\/comments?post=105903"}],"version-history":[{"count":0,"href":"http:\/\/vincentians.com\/fr\/wp-json\/wp\/v2\/posts\/105903\/revisions"}],"wp:attachment":[{"href":"http:\/\/vincentians.com\/fr\/wp-json\/wp\/v2\/media?parent=105903"}],"wp:term":[{"taxonomy":"category","embeddable":true,"href":"http:\/\/vincentians.com\/fr\/wp-json\/wp\/v2\/categories?post=105903"},{"taxonomy":"post_tag","embeddable":true,"href":"http:\/\/vincentians.com\/fr\/wp-json\/wp\/v2\/tags?post=105903"}],"curies":[{"name":"wp","href":"https:\/\/api.w.org\/{rel}","templated":true}]}}