{"id":105695,"date":"2016-08-31T12:00:37","date_gmt":"2016-08-31T10:00:37","guid":{"rendered":"http:\/\/vincentiens.org\/?p=105695"},"modified":"2016-08-09T10:20:05","modified_gmt":"2016-08-09T08:20:05","slug":"la-vie-de-mademoiselle-le-gras-livre-second-chapitre-3","status":"publish","type":"post","link":"http:\/\/vincentians.com\/fr\/la-vie-de-mademoiselle-le-gras-livre-second-chapitre-3\/","title":{"rendered":"La Vie de Mademoiselle Le Gras. Livre Second, Chapitre 3"},"content":{"rendered":"<p>Le nombre des Filles qui entraient dans la compagnie s&rsquo;augmentant tous les jours, il fallait chercher une maison qui e\u00fbt plus d&rsquo;\u00e9tendue pour les loger, et Mademoiselle Le Gras ne trouva pas pour lors de lieu plus commode, que celui de la Chapelle pr\u00e8s de Paris, non seulement pour avoir l&rsquo;avantage de s&rsquo;approcher de Monsieur Vincent, mais pour y \u00e9lever sa communaut\u00e9 naissante dans un esprit de servante des pauvres, et pour la former dans la vie pauvre, humble, simple, et laborieuse de la campagne, sur laquelle elle r\u00e9glait leur nourriture, leurs habits et leurs emplois. Elle y alla loger au mois de mai de l&rsquo;ann\u00e9e mille six cent trente six, et parce qu&rsquo;elle ne pouvait \u00eatre dans un lieu sans y agir, et sans y faire du bien comme les Anges bienheureux, d&rsquo;abord qu&rsquo;elle y fut \u00e9tablie, elle s&rsquo;appliqua \u00e0 faire le Cat\u00e9chisme aux femmes et aux filles les Dimanches et les F\u00eates, et fit instruire dans sa maison les petites filles, qui \u00e9taient auparavant sous la conduite d&rsquo;un Ma\u00eetre ; mais les retirant de sa main, elle lui donna de quoi le d\u00e9dommager, gardant toujours la justice, lorsqu&rsquo;elle pratiquait la charit\u00e9.<\/p>\n<p>Ce fut l\u00e0 qu&rsquo;elle commen\u00e7a d&rsquo;exercer la vertu d&rsquo;hospitalit\u00e9 si recommand\u00e9e par Saint Paul, et si honor\u00e9e dans la personne d&rsquo;Abraham, qui recevant charitablement les hommes, m\u00e9rita de recevoir Dieu-m\u00eame. Un grand nombre de filles de la fronti\u00e8re de Picardie ayant \u00e9t\u00e9 contraintes d&rsquo;abandonner leurs maisons par la crainte des ennemis qui \u00e9taient entr\u00e9s dans cette Province et qui avaient assi\u00e9g\u00e9 la ville de Corbie, trouv\u00e8rent dans sa maison l&rsquo;asile de leur vie et de leur pudeur. Et pour faire l&rsquo;hospitalit\u00e9 dans toute sa perfection elle ne leur donna pas seulement le logement et la nourriture du corps, mais elle y ajouta l&rsquo;aum\u00f4ne spirituelle par une Mission qu&rsquo;elle leur procura, et elle leur fit distribuer la parole sainte, qui selon l&rsquo;expression de Saint Gr\u00e9goire de Naziance,<i> est le pain des Anges, dont les \u00e2mes qui ont faim de Dieu, sont nourries et rassasi\u00e9es. <\/i><\/p>\n<p>C&rsquo;est une aum\u00f4ne n\u00e9cessaire pour les riches du monde aussi bien que pour les pauvres : si ceux-ci ont besoin des biens de la terre pour vivre de la vie humaine et naturelle, ceux-l\u00e0 ont besoin des biens du Ciel pour vivre d&rsquo;une vie surnaturelle et divine. Les uns et les autres sont dans l&rsquo;indigence et la n\u00e9cessit\u00e9, et l&rsquo;\u00e9criture nous apprend que l&rsquo;\u00e2me aussi bien que le corps \u00e9tant pauvre et mendiante, il faut exercer envers elle une oeuvre de pi\u00e9t\u00e9 et de mis\u00e9ricorde, en t\u00e2chant de la rendre agr\u00e9able \u00e0 Dieu.<\/p>\n<p>Un des plus grands et des plus souverains rem\u00e8des pour soulager l&rsquo;\u00e2me dans ses besoins, c&rsquo;est la retraite spirituelle. C&rsquo;est un \u00e9tat dans lequel, comme saint Augustin nous l&rsquo;apprend, lorsque l&rsquo;on veut m\u00e9diter sur les v\u00e9rit\u00e9s et les biens c\u00e9lestes, et se disposer, \u00e0 l&rsquo;exemple du Proph\u00e8te Roi, Pour en recevoir l&rsquo;intelligence et les lumi\u00e8res, il faut se s\u00e9parer de la multitude, et de l&#8217;embarras des choses temporelles et p\u00e9rissables qui multiplient et divisent le coeur, pour s&rsquo;attacher \u00e0 l&rsquo;unit\u00e9 et \u00e0 l&rsquo;\u00e9ternit\u00e9. (cf. Ps.4 ) Et pour me servir des paroles de Monsieur Vincent ; <i>La retraite, <\/i>dit ce grand homme,<i> est un d\u00e9gagement de toutes affaires et occupations du monde, pour s&rsquo;appliquer s\u00e9rieusement \u00e0 bien conna\u00eetre son int\u00e9rieur, \u00e0 bien examiner l&rsquo;\u00e9tat de sa conscience, \u00e0 m\u00e9diter, contempler, prier, et pr\u00e9parer ainsi son \u00e2me, pour se purifier de tous ses p\u00e9ch\u00e9s, et de toutes ses mauvaises affections et habitudes, pour se remplir du d\u00e9sir des vertus, pour chercher et conna\u00eetre la volont\u00e9 de Dieu, et l&rsquo;ayant connue, s&rsquo;y soumettre, s&rsquo;y conformer, s&rsquo;y unir, et ainsi tendre, avancer, et enfin arriver \u00e0 sa propre perfection<\/i><span id='easy-footnote-1-105695' class='easy-footnote-margin-adjust'><\/span><span class='easy-footnote'><a href='http:\/\/vincentians.com\/fr\/la-vie-de-mademoiselle-le-gras-livre-second-chapitre-3\/#easy-footnote-bottom-1-105695' title='Coste XIII. 143'><sup>1<\/sup><\/a><\/span><i>.<\/i> Ce serviteur de Dieu persuad\u00e9 de la n\u00e9cessit\u00e9 de ces retraites, et z\u00e9l\u00e9 pour la conversion et salut des \u00e2mes, voulant y attirer les hommes qui vivent dans le commerce du monde, leur a ouvert ses maisons pour les recevoir, leur a offert sa compagnie pour les servir, et leur a r\u00e9gl\u00e9 des exercices pour les diriger<\/p>\n<p>Mademoiselle Le Gras a suppl\u00e9\u00e9 pour les personnes de son sexe, ce qu&rsquo;il ne pouvait pas faire par lui-m\u00eame ; et elle commen\u00e7a de leur pr\u00e9parer des lieux de retraite pendant qu&rsquo;elle demeurait \u00e0 la Chapelle, ce qui a \u00e9t\u00e9 continu\u00e9 toujours depuis dans sa communaut\u00e9. La gr\u00e2ce qui lui inspira ce dessein, lui donna le succ\u00e8s le plus avantageux qu&rsquo;elle pouvait souhaiter. Il y eut plusieurs Dames, et m\u00eame de la plus haute condition , qui \u00e9tant attir\u00e9es par son z\u00e8le, sortirent de Paris, et se priv\u00e8rent de la conversation du monde, pour passer quelques jours dans un village, et pour s&rsquo;y entretenir avec Dieu : elles quitt\u00e8rent les douceurs et la d\u00e9licatesse de la vie, pour penser \u00e0 leur salut dans un lieu de mortification et de p\u00e9nitence : et sans avoir \u00e9gard au rang et \u00e0 la qualit\u00e9 sui les \u00e9levait au dessus des autres, elles vinrent dans une maison de servantes des pauvres se soumettre avec elles \u00e0 la discipline d&rsquo;une Sup\u00e9rieure, pour apprendre \u00e0 m\u00e9priser les richesses et les grandeurs par ses instructions et ses exemples.<\/p>\n<p>Pour conduire les Dames dans ces retraites, et pour les former dans ces exercices de pi\u00e9t\u00e9, elle se servait des lumi\u00e8res et des r\u00e8gles qu&rsquo;elle recevait de Monsieur Vincent ; et elle les accompagnait d&rsquo;une grande intelligence qu&rsquo;elle avait dans la vie spirituelle, dans laquelle elle s&rsquo;\u00e9tait perfectionn\u00e9e par une longue exp\u00e9rience. Elle avait toujours eu un amour et une avidit\u00e9 extraordinaire pour l&rsquo;oraison, selon le t\u00e9moignage de Monsieur l&rsquo;\u00c9v\u00eaque de Belley, et comme elle avait l&rsquo;esprit \u00e9lev\u00e9, le jugement solide, et form\u00e9 par l&rsquo;\u00e9tude de la Philosophie, et par une grande lecture, le coeur tendre et p\u00e9n\u00e9tr\u00e9 de Dieu; elle la faisait d&rsquo;une mani\u00e8re forte, sublime, et affective, et ces dispositions de son \u00e2me se reconnaissent sensiblement dans les m\u00e9ditations qu&rsquo;elle a laiss\u00e9es par \u00e9crit.<\/p>\n<p>Elle ne manquait jamais de s&rsquo;y appliquer tous les jours exactement, quelque occupation qu&rsquo;elle p\u00fbt avoir. Elle la redoublait m\u00eame tous les Vendredis et tout le Car\u00eame : et dans ces jours elle s&rsquo;enfermait depuis deux heures apr\u00e8s midi jusque \u00e0 trois pour s&rsquo;attacher particuli\u00e8rement \u00e0 m\u00e9diter sur la mort du fils de Dieu : et elle finissait son oraison par cette r\u00e9flexion que l&rsquo;Ap\u00f4tre ordonne \u00e0 tous les chr\u00e9tiens, et que l&rsquo;Eglise ne peut faire dans ses offices qu&rsquo;avec des transports d&rsquo;\u00e9tonnement,<i> JESUS CHRIST s&rsquo;est rendu ob\u00e9issant jusqu&rsquo;\u00e0 la mort, et jusqu&rsquo;\u00e0 la mort de la croix ! <\/i>Et elle s&rsquo;adressait ensuite \u00e0 la croix avec ces paroles, <i>O crux ave, spes unica. <\/i><\/p>\n<p>Elle ne se contentait pas de ces exercices ordinaires. Elle prenait plusieurs fois dans l&rsquo;ann\u00e9es trois ou quatre jours pour se mettre en retraite, et elle la faisait toujours r\u00e9guli\u00e8rement pendant dix jours depuis l&rsquo;Ascension jusqu&rsquo;\u00e0 la Pentec\u00f4te pour honorer l&rsquo;exemple de la Vierge sainte et de l&rsquo;Eglise naissante, qui pendant ces jours myst\u00e9rieux furent en oraison dans le C\u00e9nacle pour se pr\u00e9parer \u00e0 la venue du Saint Esprit. Elle choisissait encore ce temps par un motif de d\u00e9votion qu&rsquo;elle avait pour la f\u00eate de la Pentec\u00f4te, et qu&rsquo;elle a marqu\u00e9e dans ses \u00e9crits. <i>J&rsquo;ai, <\/i>ditelle,<i> une affection toute particuli\u00e8re pour cette grande f\u00eate de la Pentec\u00f4te et son attente m&rsquo;est tr\u00e8s ch\u00e8re ; Il y a quelque temps que j&rsquo;eus une grande consolation apprenant d&rsquo;un pr\u00e9dicateur que ce fut en ce jour l\u00e0 que Dieu donna sa loi \u00e9crite \u00e0 Moise et que, en la loi de gr\u00e2ce, il avait donn\u00e9 en ce m\u00eame jour \u00e0 son Eglise la loi de son amour qui portait puissance de l&rsquo;effectuer. Et parce que en ce m\u00eame jour, il a plu \u00e0 Dieu mettre en mon c\u0153ur une loi qui n&rsquo;en est jamais sortie, je souhaiterais volontiers s&rsquo;il m&rsquo;\u00e9tait permis que, en ce m\u00eame jour, sa bont\u00e9 f\u00eet entendre les moyens d&rsquo;observer cette loi, selon sa sainte parole.<\/i><span id='easy-footnote-2-105695' class='easy-footnote-margin-adjust'><\/span><span class='easy-footnote'><a href='http:\/\/vincentians.com\/fr\/la-vie-de-mademoiselle-le-gras-livre-second-chapitre-3\/#easy-footnote-bottom-2-105695' title='Coste III. 310 ou Ecrits 308'><sup>2<\/sup><\/a><\/span>\n<p>La grande habitude qu&rsquo;elle avait \u00e0 l&rsquo;oraison et \u00e0 la retraite, faisait para\u00eetre dans toutes ses actions tant d&rsquo;application \u00e0 Dieu, qu&rsquo;elle \u00e9tait toujours recueillie dans la diversit\u00e9 et la multitude des occupations : tant d&rsquo;attention dans ses pri\u00e8res, qu&rsquo;elle \u00e9tait fixe et immobile en pr\u00e9sence des autels : tant de tendresse et d&rsquo;amour dans la communion, qu&rsquo;on l&rsquo;a vue souvent en sortir les larmes aux yeux, et que la petite nappe dont elle se servait en cette action sainte en \u00e9tait toute remplie : tant d&rsquo;union et de conformit\u00e9 \u00e0 la volont\u00e9 de Dieu dans ses peines et ses maladies, qu&rsquo;elle avait l&rsquo;esprit content et tranquille, et qu&rsquo;elle ne se plaignait jamais : tant de ferveur dans ses conf\u00e9rences et ses entretiens, qu&rsquo;elle s&rsquo;expliquait d&rsquo;une mani\u00e8re touchante et affective comme par des \u00e9lans et des transports.<\/p>\n<p>Cette Sup\u00e9rieure si \u00e9clair\u00e9e et si spirituelle prit un grand soin de former ses filles dans l&rsquo;esprit de l&rsquo;oraison : et elle leur en a recommand\u00e9 l&rsquo;usage comme un moyen absolument n\u00e9cessaire pour se maintenir dans leur vocation. Quelle apparence que ces filles \u00e9cart\u00e9es dans les paroisses des villes et de la campagne, \u00e9loign\u00e9es de la direction des Sup\u00e9rieurs, s\u00e9par\u00e9es de la communaut\u00e9, abandonn\u00e9es \u00e0 leur propre conduite, oblig\u00e9es de vivre avec le monde, distraites par la n\u00e9cessit\u00e9 de leurs emplois, appliqu\u00e9es tous les jours de la vie \u00e0 des actions p\u00e9nibles et basses aux yeux des hommes, se pussent soutenir, sans s&rsquo;attacher \u00e0 Dieu et sans se fortifier continuellement par la m\u00e9ditation de ses v\u00e9rit\u00e9s.<\/p>\n<p>Saint Augustin a jug\u00e9 l&rsquo;oraison si n\u00e9cessaire pour tous ceux qui sont dans les emplois, qu&rsquo;il leur a donn\u00e9 cet excellent avis dans la Cit\u00e9 de Dieu.<\/p>\n<p><i>On ne doit point vivre tellement dans le repos, qu&rsquo;on ne pense en m\u00eame temps \u00e0 servir son prochain, ni aussi s&rsquo;abandonner tellement \u00e0 l&rsquo;action , qu&rsquo;on perde le soin de se nourrir de la parole de Dieu. l&rsquo;amour de la v\u00e9rit\u00e9 fait chercher un saint repos : mais l&rsquo;obligation de la charit\u00e9 fait recevoir un juste emploi. Si on nous en charge, nous le devons porter comme un fardeau que la charit\u00e9 nous impose ; et alors m\u00eame nous ne devons pas nous priver de cette douceur qui se go\u00fbte dans la m\u00e9ditation de la v\u00e9rit\u00e9 de Dieu, de peur que n&rsquo;\u00e9tant plus soutenus par ce plaisir c\u00e9leste, nous succombions sous le poids de nos travaux. <\/i><\/p>\n<p>Ces deux maximes ont \u00e9t\u00e9 les r\u00e8gles de la conduite de Mademoiselle Le Gras, et elles ont fait tout l&#8217;emploi de sa vie. L&rsquo;amour de la v\u00e9rit\u00e9 l&rsquo;a d\u00e9tach\u00e9e des cr\u00e9atures pour s&rsquo;unir \u00e0 Dieu dans l&rsquo;oraison et les retraites spirituelles : et l&rsquo;obligation de la charit\u00e9 lui a fait embrasser toutes les occasions qui se sont pr\u00e9sent\u00e9es pour le soulagement du prochain dans sa mis\u00e8re.<\/p>\n","protected":false},"excerpt":{"rendered":"<p>Le nombre des Filles qui entraient dans la compagnie s&rsquo;augmentant tous les jours, il fallait chercher une maison qui e\u00fbt plus d&rsquo;\u00e9tendue pour les loger, et Mademoiselle Le Gras ne trouva pas pour lors de &#8230; <a href=\"http:\/\/vincentians.com\/fr\/la-vie-de-mademoiselle-le-gras-livre-second-chapitre-3\/\" class=\"more-link\">Read More<\/a><\/p>\n","protected":false},"author":4,"featured_media":149292,"comment_status":"open","ping_status":"open","sticky":false,"template":"","format":"standard","meta":{"jetpack_post_was_ever_published":false,"_jetpack_newsletter_access":"","_jetpack_dont_email_post_to_subs":false,"_jetpack_newsletter_tier_id":0,"_jetpack_memberships_contains_paywalled_content":false,"_jetpack_memberships_contains_paid_content":false,"footnotes":"","jetpack_publicize_message":"","jetpack_publicize_feature_enabled":true,"jetpack_social_post_already_shared":true,"jetpack_social_options":{"image_generator_settings":{"template":"highway","default_image_id":0,"font":"","enabled":false},"version":2}},"categories":[18],"tags":[],"class_list":["post-105695","post","type-post","status-publish","format-standard","has-post-thumbnail","hentry","category-louise-de-marillac"],"yoast_head":"<!-- This site is optimized with the Yoast SEO plugin v26.3 - https:\/\/yoast.com\/wordpress\/plugins\/seo\/ -->\n<title>La Vie de Mademoiselle Le Gras. Livre Second, Chapitre 3 - Nous Sommes Vincentiens<\/title>\n<meta name=\"robots\" content=\"index, follow, max-snippet:-1, max-image-preview:large, max-video-preview:-1\" \/>\n<link rel=\"canonical\" href=\"http:\/\/vincentians.com\/fr\/la-vie-de-mademoiselle-le-gras-livre-second-chapitre-3\/\" \/>\n<meta property=\"og:locale\" content=\"fr_FR\" \/>\n<meta property=\"og:type\" content=\"article\" \/>\n<meta property=\"og:title\" content=\"La Vie de Mademoiselle Le Gras. Livre Second, Chapitre 3 - Nous Sommes Vincentiens\" \/>\n<meta property=\"og:description\" content=\"Le nombre des Filles qui entraient dans la compagnie s&rsquo;augmentant tous les jours, il fallait chercher une maison qui e\u00fbt plus d&rsquo;\u00e9tendue pour les loger, et Mademoiselle Le Gras ne trouva pas pour lors de ... Read More\" \/>\n<meta property=\"og:url\" content=\"http:\/\/vincentians.com\/fr\/la-vie-de-mademoiselle-le-gras-livre-second-chapitre-3\/\" \/>\n<meta property=\"og:site_name\" content=\"Nous Sommes Vincentiens\" \/>\n<meta property=\"article:publisher\" content=\"https:\/\/www.facebook.com\/WeAreVincentians\/\" \/>\n<meta property=\"article:author\" content=\"https:\/\/www.facebook.com\/JavierChento\" \/>\n<meta property=\"article:published_time\" content=\"2016-08-31T10:00:37+00:00\" \/>\n<meta property=\"og:image\" content=\"https:\/\/i0.wp.com\/vincentians.com\/fr\/wp-content\/uploads\/sites\/10\/2016\/07\/louise-de-marillac.jpg?fit=1200%2C630\" \/>\n\t<meta property=\"og:image:width\" content=\"1200\" \/>\n\t<meta property=\"og:image:height\" content=\"630\" \/>\n\t<meta property=\"og:image:type\" content=\"image\/jpeg\" \/>\n<meta name=\"author\" content=\"Francisco Javier Fern\u00e1ndez Chento\" \/>\n<meta name=\"twitter:card\" content=\"summary_large_image\" \/>\n<meta name=\"twitter:creator\" content=\"@https:\/\/twitter.com\/javierchento\" \/>\n<meta name=\"twitter:site\" content=\"@WeVincentians\" \/>\n<meta name=\"twitter:label1\" content=\"\u00c9crit par\" \/>\n\t<meta name=\"twitter:data1\" content=\"Francisco Javier Fern\u00e1ndez Chento\" \/>\n\t<meta name=\"twitter:label2\" content=\"Dur\u00e9e de lecture estim\u00e9e\" \/>\n\t<meta name=\"twitter:data2\" content=\"9 minutes\" \/>\n<script type=\"application\/ld+json\" class=\"yoast-schema-graph\">{\"@context\":\"https:\/\/schema.org\",\"@graph\":[{\"@type\":\"WebPage\",\"@id\":\"http:\/\/vincentians.com\/fr\/la-vie-de-mademoiselle-le-gras-livre-second-chapitre-3\/\",\"url\":\"http:\/\/vincentians.com\/fr\/la-vie-de-mademoiselle-le-gras-livre-second-chapitre-3\/\",\"name\":\"La Vie de Mademoiselle Le Gras. Livre Second, Chapitre 3 - Nous Sommes Vincentiens\",\"isPartOf\":{\"@id\":\"http:\/\/vincentians.com\/fr\/#website\"},\"primaryImageOfPage\":{\"@id\":\"http:\/\/vincentians.com\/fr\/la-vie-de-mademoiselle-le-gras-livre-second-chapitre-3\/#primaryimage\"},\"image\":{\"@id\":\"http:\/\/vincentians.com\/fr\/la-vie-de-mademoiselle-le-gras-livre-second-chapitre-3\/#primaryimage\"},\"thumbnailUrl\":\"https:\/\/i0.wp.com\/vincentians.com\/fr\/wp-content\/uploads\/sites\/10\/2016\/07\/louise-de-marillac.jpg?fit=1200%2C630\",\"datePublished\":\"2016-08-31T10:00:37+00:00\",\"author\":{\"@id\":\"http:\/\/vincentians.com\/fr\/#\/schema\/person\/9623ef4d9aa3b2dfb8c061f1499288f2\"},\"breadcrumb\":{\"@id\":\"http:\/\/vincentians.com\/fr\/la-vie-de-mademoiselle-le-gras-livre-second-chapitre-3\/#breadcrumb\"},\"inLanguage\":\"fr-FR\",\"potentialAction\":[{\"@type\":\"ReadAction\",\"target\":[\"http:\/\/vincentians.com\/fr\/la-vie-de-mademoiselle-le-gras-livre-second-chapitre-3\/\"]}]},{\"@type\":\"ImageObject\",\"inLanguage\":\"fr-FR\",\"@id\":\"http:\/\/vincentians.com\/fr\/la-vie-de-mademoiselle-le-gras-livre-second-chapitre-3\/#primaryimage\",\"url\":\"https:\/\/i0.wp.com\/vincentians.com\/fr\/wp-content\/uploads\/sites\/10\/2016\/07\/louise-de-marillac.jpg?fit=1200%2C630\",\"contentUrl\":\"https:\/\/i0.wp.com\/vincentians.com\/fr\/wp-content\/uploads\/sites\/10\/2016\/07\/louise-de-marillac.jpg?fit=1200%2C630\",\"width\":1200,\"height\":630},{\"@type\":\"BreadcrumbList\",\"@id\":\"http:\/\/vincentians.com\/fr\/la-vie-de-mademoiselle-le-gras-livre-second-chapitre-3\/#breadcrumb\",\"itemListElement\":[{\"@type\":\"ListItem\",\"position\":1,\"name\":\"Portada\",\"item\":\"http:\/\/vincentians.com\/fr\/\"},{\"@type\":\"ListItem\",\"position\":2,\"name\":\"La Vie de Mademoiselle Le Gras. Livre Second, Chapitre 3\"}]},{\"@type\":\"WebSite\",\"@id\":\"http:\/\/vincentians.com\/fr\/#website\",\"url\":\"http:\/\/vincentians.com\/fr\/\",\"name\":\"Nous Sommes Vincentiens\",\"description\":\"Know more to serve more\",\"potentialAction\":[{\"@type\":\"SearchAction\",\"target\":{\"@type\":\"EntryPoint\",\"urlTemplate\":\"http:\/\/vincentians.com\/fr\/?s={search_term_string}\"},\"query-input\":{\"@type\":\"PropertyValueSpecification\",\"valueRequired\":true,\"valueName\":\"search_term_string\"}}],\"inLanguage\":\"fr-FR\"},{\"@type\":\"Person\",\"@id\":\"http:\/\/vincentians.com\/fr\/#\/schema\/person\/9623ef4d9aa3b2dfb8c061f1499288f2\",\"name\":\"Francisco Javier Fern\u00e1ndez Chento\",\"image\":{\"@type\":\"ImageObject\",\"inLanguage\":\"fr-FR\",\"@id\":\"http:\/\/vincentians.com\/fr\/#\/schema\/person\/image\/\",\"url\":\"https:\/\/secure.gravatar.com\/avatar\/497d5cde87b4c3d097d0315953521681ba2cd523ee66e5077c3711f7021e65de?s=96&d=mm&r=g\",\"contentUrl\":\"https:\/\/secure.gravatar.com\/avatar\/497d5cde87b4c3d097d0315953521681ba2cd523ee66e5077c3711f7021e65de?s=96&d=mm&r=g\",\"caption\":\"Francisco Javier Fern\u00e1ndez Chento\"},\"description\":\"Director General y cofundador de La Red de Formaci\u00f3n Vicenciana. Javier es laico vicenciano, afiliado a la Congregaci\u00f3n de la Misi\u00f3n y miembro del Equipo de Misiones Populares de la provincia can\u00f3nica de Zaragoza (Espa\u00f1a) de la Congregaci\u00f3n de la Misi\u00f3n. Graduado en la Universidad Oberta de Catalunya con cuatro grados (Asistente de direcci\u00f3n, Gesti\u00f3n Administrativa, Recursos Humanos y Contabilidad Avanzada). Bil\u00edng\u00fce Espa\u00f1ol\/Ingl\u00e9s. gestiona y mantiene varias p\u00e1ginas web cristianas y vicencianas, incluida including La Red de Formaci\u00f3n Vicenciana, de la que es cofundador. Actualmente es responsable del \u00e1rea de Espa\u00f1ol de .famvin, la Red de Noticias de la Familia Vicenciana. Tambi\u00e9n es m\u00fasico cat\u00f3lico y ha editado varios discos. Es Director General y cofundador de Trovador, una reconocida compa\u00f1\u00eda discogr\u00e1fica critiana de Espa\u00f1a. Trabaja en las Tecnolog\u00edas de la Informaci\u00f3n, ofreciendo servicios de alojamiento, dise\u00f1o y mantenimiento Web, as\u00ed como asesoramiento, formaci\u00f3n y soluciones inform\u00e1ticas, gesti\u00f3n documental y digitalizaci\u00f3n de textos, edici\u00f3n y maquetaci\u00f3n de libros, revistas, flyers, etc.\",\"sameAs\":[\"http:\/\/chento.org\",\"https:\/\/www.facebook.com\/JavierChento\",\"https:\/\/x.com\/https:\/\/twitter.com\/javierchento\"],\"url\":\"http:\/\/vincentians.com\/fr\/author\/chento\/\"}]}<\/script>\n<!-- \/ Yoast SEO plugin. -->","yoast_head_json":{"title":"La Vie de Mademoiselle Le Gras. Livre Second, Chapitre 3 - Nous Sommes Vincentiens","robots":{"index":"index","follow":"follow","max-snippet":"max-snippet:-1","max-image-preview":"max-image-preview:large","max-video-preview":"max-video-preview:-1"},"canonical":"http:\/\/vincentians.com\/fr\/la-vie-de-mademoiselle-le-gras-livre-second-chapitre-3\/","og_locale":"fr_FR","og_type":"article","og_title":"La Vie de Mademoiselle Le Gras. Livre Second, Chapitre 3 - Nous Sommes Vincentiens","og_description":"Le nombre des Filles qui entraient dans la compagnie s&rsquo;augmentant tous les jours, il fallait chercher une maison qui e\u00fbt plus d&rsquo;\u00e9tendue pour les loger, et Mademoiselle Le Gras ne trouva pas pour lors de ... Read More","og_url":"http:\/\/vincentians.com\/fr\/la-vie-de-mademoiselle-le-gras-livre-second-chapitre-3\/","og_site_name":"Nous Sommes Vincentiens","article_publisher":"https:\/\/www.facebook.com\/WeAreVincentians\/","article_author":"https:\/\/www.facebook.com\/JavierChento","article_published_time":"2016-08-31T10:00:37+00:00","og_image":[{"width":1200,"height":630,"url":"https:\/\/i0.wp.com\/vincentians.com\/fr\/wp-content\/uploads\/sites\/10\/2016\/07\/louise-de-marillac.jpg?fit=1200%2C630","type":"image\/jpeg"}],"author":"Francisco Javier Fern\u00e1ndez Chento","twitter_card":"summary_large_image","twitter_creator":"@https:\/\/twitter.com\/javierchento","twitter_site":"@WeVincentians","twitter_misc":{"\u00c9crit par":"Francisco Javier Fern\u00e1ndez Chento","Dur\u00e9e de lecture estim\u00e9e":"9 minutes"},"schema":{"@context":"https:\/\/schema.org","@graph":[{"@type":"WebPage","@id":"http:\/\/vincentians.com\/fr\/la-vie-de-mademoiselle-le-gras-livre-second-chapitre-3\/","url":"http:\/\/vincentians.com\/fr\/la-vie-de-mademoiselle-le-gras-livre-second-chapitre-3\/","name":"La Vie de Mademoiselle Le Gras. Livre Second, Chapitre 3 - Nous Sommes Vincentiens","isPartOf":{"@id":"http:\/\/vincentians.com\/fr\/#website"},"primaryImageOfPage":{"@id":"http:\/\/vincentians.com\/fr\/la-vie-de-mademoiselle-le-gras-livre-second-chapitre-3\/#primaryimage"},"image":{"@id":"http:\/\/vincentians.com\/fr\/la-vie-de-mademoiselle-le-gras-livre-second-chapitre-3\/#primaryimage"},"thumbnailUrl":"https:\/\/i0.wp.com\/vincentians.com\/fr\/wp-content\/uploads\/sites\/10\/2016\/07\/louise-de-marillac.jpg?fit=1200%2C630","datePublished":"2016-08-31T10:00:37+00:00","author":{"@id":"http:\/\/vincentians.com\/fr\/#\/schema\/person\/9623ef4d9aa3b2dfb8c061f1499288f2"},"breadcrumb":{"@id":"http:\/\/vincentians.com\/fr\/la-vie-de-mademoiselle-le-gras-livre-second-chapitre-3\/#breadcrumb"},"inLanguage":"fr-FR","potentialAction":[{"@type":"ReadAction","target":["http:\/\/vincentians.com\/fr\/la-vie-de-mademoiselle-le-gras-livre-second-chapitre-3\/"]}]},{"@type":"ImageObject","inLanguage":"fr-FR","@id":"http:\/\/vincentians.com\/fr\/la-vie-de-mademoiselle-le-gras-livre-second-chapitre-3\/#primaryimage","url":"https:\/\/i0.wp.com\/vincentians.com\/fr\/wp-content\/uploads\/sites\/10\/2016\/07\/louise-de-marillac.jpg?fit=1200%2C630","contentUrl":"https:\/\/i0.wp.com\/vincentians.com\/fr\/wp-content\/uploads\/sites\/10\/2016\/07\/louise-de-marillac.jpg?fit=1200%2C630","width":1200,"height":630},{"@type":"BreadcrumbList","@id":"http:\/\/vincentians.com\/fr\/la-vie-de-mademoiselle-le-gras-livre-second-chapitre-3\/#breadcrumb","itemListElement":[{"@type":"ListItem","position":1,"name":"Portada","item":"http:\/\/vincentians.com\/fr\/"},{"@type":"ListItem","position":2,"name":"La Vie de Mademoiselle Le Gras. Livre Second, Chapitre 3"}]},{"@type":"WebSite","@id":"http:\/\/vincentians.com\/fr\/#website","url":"http:\/\/vincentians.com\/fr\/","name":"Nous Sommes Vincentiens","description":"Know more to serve more","potentialAction":[{"@type":"SearchAction","target":{"@type":"EntryPoint","urlTemplate":"http:\/\/vincentians.com\/fr\/?s={search_term_string}"},"query-input":{"@type":"PropertyValueSpecification","valueRequired":true,"valueName":"search_term_string"}}],"inLanguage":"fr-FR"},{"@type":"Person","@id":"http:\/\/vincentians.com\/fr\/#\/schema\/person\/9623ef4d9aa3b2dfb8c061f1499288f2","name":"Francisco Javier Fern\u00e1ndez Chento","image":{"@type":"ImageObject","inLanguage":"fr-FR","@id":"http:\/\/vincentians.com\/fr\/#\/schema\/person\/image\/","url":"https:\/\/secure.gravatar.com\/avatar\/497d5cde87b4c3d097d0315953521681ba2cd523ee66e5077c3711f7021e65de?s=96&d=mm&r=g","contentUrl":"https:\/\/secure.gravatar.com\/avatar\/497d5cde87b4c3d097d0315953521681ba2cd523ee66e5077c3711f7021e65de?s=96&d=mm&r=g","caption":"Francisco Javier Fern\u00e1ndez Chento"},"description":"Director General y cofundador de La Red de Formaci\u00f3n Vicenciana. Javier es laico vicenciano, afiliado a la Congregaci\u00f3n de la Misi\u00f3n y miembro del Equipo de Misiones Populares de la provincia can\u00f3nica de Zaragoza (Espa\u00f1a) de la Congregaci\u00f3n de la Misi\u00f3n. Graduado en la Universidad Oberta de Catalunya con cuatro grados (Asistente de direcci\u00f3n, Gesti\u00f3n Administrativa, Recursos Humanos y Contabilidad Avanzada). Bil\u00edng\u00fce Espa\u00f1ol\/Ingl\u00e9s. gestiona y mantiene varias p\u00e1ginas web cristianas y vicencianas, incluida including La Red de Formaci\u00f3n Vicenciana, de la que es cofundador. Actualmente es responsable del \u00e1rea de Espa\u00f1ol de .famvin, la Red de Noticias de la Familia Vicenciana. Tambi\u00e9n es m\u00fasico cat\u00f3lico y ha editado varios discos. Es Director General y cofundador de Trovador, una reconocida compa\u00f1\u00eda discogr\u00e1fica critiana de Espa\u00f1a. Trabaja en las Tecnolog\u00edas de la Informaci\u00f3n, ofreciendo servicios de alojamiento, dise\u00f1o y mantenimiento Web, as\u00ed como asesoramiento, formaci\u00f3n y soluciones inform\u00e1ticas, gesti\u00f3n documental y digitalizaci\u00f3n de textos, edici\u00f3n y maquetaci\u00f3n de libros, revistas, flyers, etc.","sameAs":["http:\/\/chento.org","https:\/\/www.facebook.com\/JavierChento","https:\/\/x.com\/https:\/\/twitter.com\/javierchento"],"url":"http:\/\/vincentians.com\/fr\/author\/chento\/"}]}},"jetpack_publicize_connections":[],"jetpack_featured_media_url":"https:\/\/i0.wp.com\/vincentians.com\/fr\/wp-content\/uploads\/sites\/10\/2016\/07\/louise-de-marillac.jpg?fit=1200%2C630","jetpack_sharing_enabled":true,"jetpack_shortlink":"https:\/\/wp.me\/p7ETMP-ruL","jetpack-related-posts":[{"id":52038,"url":"http:\/\/vincentians.com\/fr\/saint-vincent-de-paul-et-sa-mission-sociale-ii-les-oeuvres-3\/","url_meta":{"origin":105695,"position":0},"title":"Saint Vincent De Paul Et Sa Mission Sociale. II &#8211; Les \u0152uvres (3)","author":"Francisco Javier Fern\u00e1ndez Chento","date":"23\/12\/2014","format":false,"excerpt":"LA S\u0152UR DE CHARIT\u00c9. \u2014 Mademoiselle Le Gras et Vincent de Paul. \u2014 Premiers rapports ; premi\u00e8res \u0153uvres. \u2014 Institution des Filles de la Charit\u00e9, servantes des pauvres. \u2014 Une nouvelle religieuse. \u2014 Conf\u00e9rences. \u2014 R\u00e8gles. \u2014 L\u2019H\u00f4tel de Rambouillet et l\u2019H\u00f4tel-Dieu. \u2014 Les Dames de la Charit\u00e9. Madame Goussault.\u2026","rel":"","context":"Dans &quot;Vincent de Paul&quot;","block_context":{"text":"Vincent de Paul","link":"http:\/\/vincentians.com\/fr\/category\/the-vincentian-family\/founders\/vincent-de-paul\/"},"img":{"alt_text":"","src":"https:\/\/i0.wp.com\/vincentians.com\/fr\/wp-content\/uploads\/sites\/10\/2016\/07\/vincent-et-sa-action-sociale.jpg?fit=1160%2C630&resize=350%2C200","width":350,"height":200,"srcset":"https:\/\/i0.wp.com\/vincentians.com\/fr\/wp-content\/uploads\/sites\/10\/2016\/07\/vincent-et-sa-action-sociale.jpg?fit=1160%2C630&resize=350%2C200 1x, https:\/\/i0.wp.com\/vincentians.com\/fr\/wp-content\/uploads\/sites\/10\/2016\/07\/vincent-et-sa-action-sociale.jpg?fit=1160%2C630&resize=525%2C300 1.5x, https:\/\/i0.wp.com\/vincentians.com\/fr\/wp-content\/uploads\/sites\/10\/2016\/07\/vincent-et-sa-action-sociale.jpg?fit=1160%2C630&resize=700%2C400 2x, https:\/\/i0.wp.com\/vincentians.com\/fr\/wp-content\/uploads\/sites\/10\/2016\/07\/vincent-et-sa-action-sociale.jpg?fit=1160%2C630&resize=1050%2C600 3x"},"classes":[]},{"id":105696,"url":"http:\/\/vincentians.com\/fr\/la-vie-de-mademoiselle-le-gras-livre-second-chapitre-4\/","url_meta":{"origin":105695,"position":1},"title":"La Vie de Mademoiselle Le Gras. Livre Second, Chapitre 4","author":"Francisco Javier Fern\u00e1ndez Chento","date":"01\/09\/2016","format":false,"excerpt":"Dieu fit na\u00eetre \u00e0 Mademoiselle Le Gras en l'ann\u00e9e 1638 une occasion des plus pressantes et des plus dignes de la pi\u00e9t\u00e9 chr\u00e9tienne dans la personne des Enfants trouv\u00e9s. Ces innocents mal-heureux qui \u00e9taient des productions de l'iniquit\u00e9, en devenaient ensuite les victimes par une exposition cruelle qui les abandonnait\u2026","rel":"","context":"Dans &quot;Louise de Marillac&quot;","block_context":{"text":"Louise de Marillac","link":"http:\/\/vincentians.com\/fr\/category\/the-vincentian-family\/founders\/louise-de-marillac\/"},"img":{"alt_text":"","src":"https:\/\/i0.wp.com\/vincentians.com\/fr\/wp-content\/uploads\/sites\/10\/2016\/07\/louise-de-marillac.jpg?fit=1200%2C630&resize=350%2C200","width":350,"height":200,"srcset":"https:\/\/i0.wp.com\/vincentians.com\/fr\/wp-content\/uploads\/sites\/10\/2016\/07\/louise-de-marillac.jpg?fit=1200%2C630&resize=350%2C200 1x, https:\/\/i0.wp.com\/vincentians.com\/fr\/wp-content\/uploads\/sites\/10\/2016\/07\/louise-de-marillac.jpg?fit=1200%2C630&resize=525%2C300 1.5x, https:\/\/i0.wp.com\/vincentians.com\/fr\/wp-content\/uploads\/sites\/10\/2016\/07\/louise-de-marillac.jpg?fit=1200%2C630&resize=700%2C400 2x, https:\/\/i0.wp.com\/vincentians.com\/fr\/wp-content\/uploads\/sites\/10\/2016\/07\/louise-de-marillac.jpg?fit=1200%2C630&resize=1050%2C600 3x"},"classes":[]},{"id":105708,"url":"http:\/\/vincentians.com\/fr\/la-vie-de-mademoiselle-le-gras-livre-troisieme-chapitre-2\/","url_meta":{"origin":105695,"position":2},"title":"La Vie de Mademoiselle Le Gras. Livre Troisi\u00e8me, Chapitre 2","author":"Francisco Javier Fern\u00e1ndez Chento","date":"04\/09\/2016","format":false,"excerpt":"Pendant le voyage qu'elle fit \u00e0 Nantes, elle re\u00e7ut nouvelle de Monsieur Vincent par une lettre du 21 Ao\u00fbt mil six cent quarante six, que notre grande Reine Anne d'Autriche demandait deux de ses filles pour servir les malades \u00e0 Fontainebleau. Il arriva dans ce m\u00eame temps que cette charitable\u2026","rel":"","context":"Dans &quot;Louise de Marillac&quot;","block_context":{"text":"Louise de Marillac","link":"http:\/\/vincentians.com\/fr\/category\/the-vincentian-family\/founders\/louise-de-marillac\/"},"img":{"alt_text":"","src":"https:\/\/i0.wp.com\/vincentians.com\/fr\/wp-content\/uploads\/sites\/10\/2016\/07\/louise-de-marillac.jpg?fit=1200%2C630&resize=350%2C200","width":350,"height":200,"srcset":"https:\/\/i0.wp.com\/vincentians.com\/fr\/wp-content\/uploads\/sites\/10\/2016\/07\/louise-de-marillac.jpg?fit=1200%2C630&resize=350%2C200 1x, https:\/\/i0.wp.com\/vincentians.com\/fr\/wp-content\/uploads\/sites\/10\/2016\/07\/louise-de-marillac.jpg?fit=1200%2C630&resize=525%2C300 1.5x, https:\/\/i0.wp.com\/vincentians.com\/fr\/wp-content\/uploads\/sites\/10\/2016\/07\/louise-de-marillac.jpg?fit=1200%2C630&resize=700%2C400 2x, https:\/\/i0.wp.com\/vincentians.com\/fr\/wp-content\/uploads\/sites\/10\/2016\/07\/louise-de-marillac.jpg?fit=1200%2C630&resize=1050%2C600 3x"},"classes":[]},{"id":105711,"url":"http:\/\/vincentians.com\/fr\/la-vie-de-mademoiselle-le-gras-livre-troisieme-chapitre-5\/","url_meta":{"origin":105695,"position":3},"title":"La Vie de Mademoiselle Le Gras. Livre Troisi\u00e8me, Chapitre 5","author":"Francisco Javier Fern\u00e1ndez Chento","date":"07\/09\/2016","format":false,"excerpt":"La charit\u00e9 qui se communiquait hors de la France, ne laissait pas d'agir incessamment au dedans, jusqu'\u00e0 ce qu'elle e\u00fbt rem\u00e9di\u00e9 \u00e0 toutes sortes de besoins par des \u00e9tablissements diff\u00e9rents. En l'ann\u00e9e mille six cent cinquante trois une personne charitable ayant mis entre les mains de Monsieur Vincent une somme\u2026","rel":"","context":"Dans &quot;Louise de Marillac&quot;","block_context":{"text":"Louise de Marillac","link":"http:\/\/vincentians.com\/fr\/category\/the-vincentian-family\/founders\/louise-de-marillac\/"},"img":{"alt_text":"","src":"https:\/\/i0.wp.com\/vincentians.com\/fr\/wp-content\/uploads\/sites\/10\/2016\/07\/louise-de-marillac.jpg?fit=1200%2C630&resize=350%2C200","width":350,"height":200,"srcset":"https:\/\/i0.wp.com\/vincentians.com\/fr\/wp-content\/uploads\/sites\/10\/2016\/07\/louise-de-marillac.jpg?fit=1200%2C630&resize=350%2C200 1x, https:\/\/i0.wp.com\/vincentians.com\/fr\/wp-content\/uploads\/sites\/10\/2016\/07\/louise-de-marillac.jpg?fit=1200%2C630&resize=525%2C300 1.5x, https:\/\/i0.wp.com\/vincentians.com\/fr\/wp-content\/uploads\/sites\/10\/2016\/07\/louise-de-marillac.jpg?fit=1200%2C630&resize=700%2C400 2x, https:\/\/i0.wp.com\/vincentians.com\/fr\/wp-content\/uploads\/sites\/10\/2016\/07\/louise-de-marillac.jpg?fit=1200%2C630&resize=1050%2C600 3x"},"classes":[]},{"id":105721,"url":"http:\/\/vincentians.com\/fr\/la-vie-de-mademoiselle-le-gras-livre-quatrieme-chapitre-3\/","url_meta":{"origin":105695,"position":4},"title":"La Vie de Mademoiselle Le Gras. Livre Quatri\u00e8me, Chapitre 3","author":"Francisco Javier Fern\u00e1ndez Chento","date":"10\/09\/2016","format":false,"excerpt":"Il ne suffisait pas que Mademoiselle Le Gras e\u00fbt form\u00e9 une Compagnie de filles, pour les employer au service des pauvres, et qu'elle les e\u00fbt unies ensemble par les liens de la charit\u00e9 : il \u00e9tait besoin que pour donner \u00e0 cet institut toute sa force et toute son autorit\u00e9,\u2026","rel":"","context":"Dans &quot;Louise de Marillac&quot;","block_context":{"text":"Louise de Marillac","link":"http:\/\/vincentians.com\/fr\/category\/the-vincentian-family\/founders\/louise-de-marillac\/"},"img":{"alt_text":"","src":"https:\/\/i0.wp.com\/vincentians.com\/fr\/wp-content\/uploads\/sites\/10\/2016\/07\/louise-de-marillac.jpg?fit=1200%2C630&resize=350%2C200","width":350,"height":200,"srcset":"https:\/\/i0.wp.com\/vincentians.com\/fr\/wp-content\/uploads\/sites\/10\/2016\/07\/louise-de-marillac.jpg?fit=1200%2C630&resize=350%2C200 1x, https:\/\/i0.wp.com\/vincentians.com\/fr\/wp-content\/uploads\/sites\/10\/2016\/07\/louise-de-marillac.jpg?fit=1200%2C630&resize=525%2C300 1.5x, https:\/\/i0.wp.com\/vincentians.com\/fr\/wp-content\/uploads\/sites\/10\/2016\/07\/louise-de-marillac.jpg?fit=1200%2C630&resize=700%2C400 2x, https:\/\/i0.wp.com\/vincentians.com\/fr\/wp-content\/uploads\/sites\/10\/2016\/07\/louise-de-marillac.jpg?fit=1200%2C630&resize=1050%2C600 3x"},"classes":[]},{"id":107847,"url":"http:\/\/vincentians.com\/fr\/vincent-de-paul-lettre-0016-a-louise-de-marillac\/","url_meta":{"origin":105695,"position":5},"title":"Vincent de Paul, Lettre 0016. A Louise De Marillac","author":"Francisco Javier Fern\u00e1ndez Chento","date":"17\/10\/2016","format":false,"excerpt":"Verneuil, 8 octobre 1627. Mademoiselle, Puisque votre bonne demoiselle veut donc que sa charit\u00e9 corporelle pr\u00e9sente n'emp\u00eache pas la spirituelle \u00e0 l'avenir et qu'on distribue pr\u00e9sentement ce qu'elle vous a baill\u00e9, je vous prie de nous envoyer par M. du Coudray, pr\u00e9sent porteur, la somme de cinquante livres, et me\u2026","rel":"","context":"Dans &quot;\u00c9crits de Vincent de Paul&quot;","block_context":{"text":"\u00c9crits de Vincent de Paul","link":"http:\/\/vincentians.com\/fr\/category\/ecrits-de-vincent-de-paul\/"},"img":{"alt_text":"","src":"https:\/\/i0.wp.com\/vincentians.com\/fr\/wp-content\/uploads\/sites\/10\/2016\/07\/cartas-vicente-de-paul.jpg?fit=1200%2C630&resize=350%2C200","width":350,"height":200,"srcset":"https:\/\/i0.wp.com\/vincentians.com\/fr\/wp-content\/uploads\/sites\/10\/2016\/07\/cartas-vicente-de-paul.jpg?fit=1200%2C630&resize=350%2C200 1x, https:\/\/i0.wp.com\/vincentians.com\/fr\/wp-content\/uploads\/sites\/10\/2016\/07\/cartas-vicente-de-paul.jpg?fit=1200%2C630&resize=525%2C300 1.5x, https:\/\/i0.wp.com\/vincentians.com\/fr\/wp-content\/uploads\/sites\/10\/2016\/07\/cartas-vicente-de-paul.jpg?fit=1200%2C630&resize=700%2C400 2x, https:\/\/i0.wp.com\/vincentians.com\/fr\/wp-content\/uploads\/sites\/10\/2016\/07\/cartas-vicente-de-paul.jpg?fit=1200%2C630&resize=1050%2C600 3x"},"classes":[]}],"_links":{"self":[{"href":"http:\/\/vincentians.com\/fr\/wp-json\/wp\/v2\/posts\/105695","targetHints":{"allow":["GET"]}}],"collection":[{"href":"http:\/\/vincentians.com\/fr\/wp-json\/wp\/v2\/posts"}],"about":[{"href":"http:\/\/vincentians.com\/fr\/wp-json\/wp\/v2\/types\/post"}],"author":[{"embeddable":true,"href":"http:\/\/vincentians.com\/fr\/wp-json\/wp\/v2\/users\/4"}],"replies":[{"embeddable":true,"href":"http:\/\/vincentians.com\/fr\/wp-json\/wp\/v2\/comments?post=105695"}],"version-history":[{"count":0,"href":"http:\/\/vincentians.com\/fr\/wp-json\/wp\/v2\/posts\/105695\/revisions"}],"wp:featuredmedia":[{"embeddable":true,"href":"http:\/\/vincentians.com\/fr\/wp-json\/wp\/v2\/media\/149292"}],"wp:attachment":[{"href":"http:\/\/vincentians.com\/fr\/wp-json\/wp\/v2\/media?parent=105695"}],"wp:term":[{"taxonomy":"category","embeddable":true,"href":"http:\/\/vincentians.com\/fr\/wp-json\/wp\/v2\/categories?post=105695"},{"taxonomy":"post_tag","embeddable":true,"href":"http:\/\/vincentians.com\/fr\/wp-json\/wp\/v2\/tags?post=105695"}],"curies":[{"name":"wp","href":"https:\/\/api.w.org\/{rel}","templated":true}]}}