{"id":105649,"date":"2013-01-23T12:19:43","date_gmt":"2013-01-23T11:19:43","guid":{"rendered":"http:\/\/vincentiens.org\/?p=105649"},"modified":"2013-01-23T12:19:43","modified_gmt":"2013-01-23T11:19:43","slug":"la-vie-du-venerable-serviteur-de-dieu-vincent-de-paul-livre-premier-chapitre-xlvii","status":"publish","type":"post","link":"http:\/\/vincentians.com\/fr\/la-vie-du-venerable-serviteur-de-dieu-vincent-de-paul-livre-premier-chapitre-xlvii\/","title":{"rendered":"La vie du v\u00e9n\u00e9rable serviteur de Dieu Vincent de Paul, Livre premier, Chapitre XLVII"},"content":{"rendered":"<p><b>M. Vincent donne des r\u00e8gles \u00e0 sa Congr\u00e9gation, et dit plusieurs choses tr\u00e8s consid\u00e9rable sur ce sujet.<\/b><\/p>\n<p>Ce fut en l&rsquo;ann\u00e9e 1658 que M. Vincent, ayant mis les r\u00e8gles et constitutions de sa Congr\u00e9gation dans le bon ordre qu&rsquo;il souhaitait, son grand \u00e2ge et ses infirmit\u00e9s presque continuelles lui faisant pr\u00e9voir qu\u2019il ne lui restait plus gu\u00e8re de temps \u00e0 vivre; comme il avait toujours aim\u00e9 les siens pendant sa vie, il voulut leur donner des preuves signal\u00e9es de cet amour avant sa mort, en leur laissant son esprit exprim\u00e9 dans ses r\u00e8gles ou constitutions.<\/p>\n<p>Comme donc la Communaut\u00e9 de la maison de Saint-Lazare \u00e9tait assembl\u00e9e un vendredi au soir, 17 de mai de ladite ann\u00e9e, M. Vincent leur fit un discours fort affectif et tout paternel sur le sujet de l&rsquo;observance des m\u00eames r\u00e8gles; lequel, ayant \u00e9t\u00e9 recueilli par quelqu&rsquo;un qui \u00e9tait pr\u00e9sent, nous en rapporterons ici quelques extraits, qui feront voir de quel esprit M. Vincent \u00e9tait anim\u00e9, et avec combien de prudence, de retenue, de charit\u00e9, et de z\u00e8le il avait dress\u00e9 ses r\u00e8gles pour le bien de sa Congr\u00e9gation.<\/p>\n<p>Il commen\u00e7a par les motifs que sa Congr\u00e9gation avait d&rsquo;aimer et de bien observer ses r\u00e8gles.<\/p>\n<p>\u00ab Il me semble, dit-il, que par la gr\u00e2ce de Dieu toutes les r\u00e8gles de la Congr\u00e9gation de la Mission tendent \u00e0 nous \u00e9loigner du p\u00e9ch\u00e9, et m\u00eame \u00e0 \u00e9viter les imperfections, \u00e0 procurer le salut des \u00e2mes, servir l&rsquo;\u00c9glise et donner gloire \u00e0 Dieu: de sorte que quiconque les observera comme il faut, s&rsquo;\u00e9loignera des p\u00e9ch\u00e9s et des vices, se mettra dans l&rsquo;\u00e9tat que Dieu demande de lui, sera utile \u00e0 l&rsquo;\u00c9glise et rendra \u00e0 Notre-Seigneur la gloire qu&rsquo;il en attend. Quels motifs ! Messieurs et mes Fr\u00e8res, de s&rsquo;exempter des vices et des p\u00e9ch\u00e9s, autant que l&rsquo;infirmit\u00e9 humaine le peut permettre, glorifier Dieu et faire qu&rsquo;il soit aim\u00e9 et servi sur la terre\u00a0 O Sauveur ! Quel bonheur ! Je ne le puis assez consid\u00e9rer. Nos r\u00e8gles ne nous prescrivent en apparence qu&rsquo;une vie assez commune, et n\u00e9anmoins elles ont de quoi porter ceux qui les pratiquent \u00e0 une haute perfection; et non seulement cela, mais encore \u00e0 d\u00e9truire le p\u00e9ch\u00e9 et l&rsquo;imperfection dans les autres, comme ils les auront d\u00e9truits en eux-m\u00eames. Si donc la petite Compagnie a d\u00e9j\u00e0 fait quelque progr\u00e8s dans la vertu, si chaque particulier est sorti de l&rsquo;\u00e9tat du p\u00e9ch\u00e9, et s&rsquo;est avanc\u00e9 dans le chemin de la perfection, n&rsquo;est-ce pas l&rsquo;observance des m\u00eames r\u00e8gles qui a fait cela ? Si, par la mis\u00e9ricorde de Dieu, la Compagnie a produit quelques biens dans l&rsquo;Eglise par le moyen des missions, et par les exercices des ordinands, n&rsquo;est-ce pas parce qu&rsquo;elle a gard\u00e9 l&rsquo;ordre et l&rsquo;usage que Dieu y avait introduits, et qui sont prescrits par ces m\u00eames r\u00e8gles ? Oh ! que nous avons donc grand sujet de les observer inviolablement, et que la Congr\u00e9gation de la Mission sera heureuse si elle y est fid\u00e8le:<\/p>\n<p>\u00ab Un autre motif qu&rsquo;elle a pour cela est, que ses r\u00e8gles sont presque toutes tir\u00e9es de l&rsquo;\u00c9vangile, comme chacun le voit, et qu&rsquo;elles tendent toutes \u00e0 conformer votre vie \u00e0 celle que Notre-Seigneur a men\u00e9e sur la terre: car il est dit que ce divin Sauveur est venu, et a \u00e9t\u00e9 envoy\u00e9 de son P\u00e8re pour \u00e9vang\u00e9liser les pauvres: Pauperibus evangelisare misit me. Pauperibus: pour annoncer l&rsquo;\u00c9vangile aux pauvres, comme par la gr\u00e2ce de Dieu la petite Compagnie t\u00e2che de faire, laquelle a grand sujet de s&rsquo;humilier et de se confondre de ce qu&rsquo;il n&rsquo;y en a point encore eu d&rsquo;autre que je sache, qui se soit propos\u00e9 pour fin particuli\u00e8re et principale d&rsquo;annoncer l&rsquo;\u00c9vangile aux pauvres, et aux pauvres les plus abandonn\u00e9s. Pauperibus evangelisare misit me:\u00a0 car c&rsquo;est l\u00e0 notre fin: oui, Messieurs et mes Fr\u00e8res, notre partage sont les pauvres. Quel honneur ! de faire la m\u00eame chose pour laquelle Notre-Seigneur a dit qu&rsquo;il \u00e9tait venu du ciel en terre, et moyennant quoi nous esp\u00e9rons avec sa gr\u00e2ce d&rsquo;aller de la terre au ciel. Faire cela, c&rsquo;est continuer l&rsquo;ouvrage du Fils de Dieu, qui allait volontiers dans les lieux de la campagne chercher les pauvres. Voil\u00e0 \u00e0 quoi nous oblige notre Institut, \u00e0 servir et aider les pauvres, que nous devons reconna\u00eetre pour nos seigneurs et pour nos ma\u00eetres. O pauvres, mais bienheureuses r\u00e8gles, qui nous engagent \u00e0 aller dans les villages \u00e0 l&rsquo;exclusion des grandes villes pour faire ce que J\u00e9sus-Christ a fait ! Voyez, je vous prie, le bonheur de ceux qui les observent, de conformer ainsi leur vie et toutes leurs actions \u00e0 celles du Fils de Dieu. O Seigneur, quel motif avons-nous en cela de bien observer ces r\u00e8gles qui nous conduisent \u00e0 une fin si sainte et si d\u00e9sirable<\/p>\n<p>\u00ab Vous les avez longtemps attendues, Messieurs et mes Fr\u00e8res, et nous avons beaucoup diff\u00e9r\u00e9 \u00e0 vous les donner, en partie pour imiter la conduite de Notre-Seigneur, lequel commen\u00e7a \u00e0 faire, avant que d&rsquo;enseigner: C\u0153pit Jesus\u00a0 facere et docere. Il pratiqua les vertus pendant les trente premi\u00e8res ann\u00e9es de sa vie, et employa seulement les trois derni\u00e8res \u00e0 pr\u00eacher et enseigner. Aussi la Compagnie a t\u00e2ch\u00e9 de l&rsquo;imiter, non seulement en ce qu&rsquo;il est venu faire, mais aussi \u00e0 le faire de la m\u00eame mani\u00e8re qu&rsquo;il l&rsquo;a fait. Car la Compagnie peut dire cela, qu&rsquo;elle a premi\u00e8rement fait et puis qu&rsquo;elle a enseign\u00e9: C\u0153pit facere et docere. Il y a bien trente-trois ans ou environ que Dieu lui a donn\u00e9 commencement; et depuis ce temps-l\u00e0 l&rsquo;on y a par la gr\u00e2ce de Dieu, pratiqu\u00e9 les r\u00e8gles que nous allons vous donner maintenant: Aussi n&rsquo;y trouverez-vous rien de nouveau que vous n&rsquo;ayez mis en pratique depuis plusieurs ann\u00e9es avec beaucoup d&rsquo;\u00e9dification. Si on donnait des r\u00e8gles qu&rsquo;on n&rsquo;e\u00fbt point encore pratiqu\u00e9es, on pourrait y trouver de la difficult\u00e9; mais vous donnant ce que vous avez fait et exerc\u00e9 depuis tant d&rsquo;ann\u00e9es avec fruit et consolation, il n&rsquo;y a rien que vous ne trouviez \u00e9galement utile et ais\u00e9 pour l&rsquo;avenir. L&rsquo;on a fait comme les R\u00e9chabites, dont il est parl\u00e9 en la sainte Ecriture, qui gardaient par tradition les r\u00e8gles que leurs p\u00e8res leur avaient laiss\u00e9es, bien qu&rsquo;elles ne fussent point \u00e9crites: et maintenant que nous avons les n\u00f4tres \u00e9crites et imprim\u00e9es, la Compagnie n&rsquo;aura qu&rsquo;\u00e0 continuer, et \u00e0 se maintenir dans l&rsquo;usage de ce qu\u2019elle a pratiqu\u00e9 durant plusieurs ann\u00e9es, et \u00e0 faire toujours ce qu&rsquo;elle a fait et pratiqu\u00e9 si fid\u00e8lement par le pass\u00e9.<\/p>\n<p>\u00ab Si nous eussions donn\u00e9 des r\u00e8gles d\u00e8s le commencement, et avant que la Compagnie se f\u00fbt mise en la pratique, on aurait pens\u00e9 qu&rsquo;il y aurait eu de l&rsquo;humain plus que du divin, et que c&rsquo;e\u00fbt \u00e9t\u00e9 un dessein pris et concert\u00e9 humainement et non pas un ouvrage de la Providence divine: mais, Messieurs et mes Fr\u00e8res, toutes ces r\u00e8gles et tout le reste que vous voyez dans la Congr\u00e9gation s&rsquo;est fait je ne sais comment: car je n&rsquo;y avais jamais pens\u00e9, et tout cela s&rsquo;est introduit peu \u00e0 peu, sans qu&rsquo;on puisse dire qui en est la cause. Or c&rsquo;est une r\u00e8gle de saint Augustin, que quand on ne peut trouver la cause d&rsquo;une chose bonne, il la faut rapporter \u00e0 Dieu et reconna\u00eetre qu&rsquo;il en est le principe et l&rsquo;auteur. Selon cela Dieu n&rsquo;est-il pas l&rsquo;auteur de toutes nos r\u00e8gles, qui se sont introduites je ne sais de quelle mani\u00e8re, et de telle sorte qu&rsquo;on ne saurait dire ni comment, ni pourquoi. O Sauveur, quelles r\u00e8gles ! et d&rsquo;o\u00f9 viennent-elles ? Y aurais-je pens\u00e9 ? point du tout; et je vous puis assurer, Messieurs et mes Fr\u00e8res, que je n&rsquo;aurais jamais pens\u00e9 ni \u00e0 ces r\u00e8gles, ni \u00e0 la Compagnie, ni m\u00eame au mot de mission; c&rsquo;est Dieu qui a fait tout cela; les hommes n&rsquo;y ont point de part. Pour moi, quand je consid\u00e8re la conduite dont il a plu \u00e0 Dieu se servir pour faire na\u00eetre la Congr\u00e9gation en son \u00c9glise, j&rsquo;avoue que je ne sais o\u00f9 j&rsquo;en suis, et qu&rsquo;il me semble que c&rsquo;est un songe tout ce que je vois. Non, cela est point de nous, cela n&rsquo;est point humain, mais de Dieu: Appelleriez-vous humain ce que l&rsquo;entendement de l&rsquo;homme n&rsquo;a point pr\u00e9vu: et ce que la volont\u00e9 n&rsquo;a point d\u00e9sir\u00e9 ni recherch\u00e9 en mani\u00e8re quelconque ? Nos premiers Missionnaires n&rsquo;y avaient pas pens\u00e9 non plus que moi: de sorte que cela s&rsquo;est fait contre toutes nos pr\u00e9voyances et esp\u00e9rances. Oui, quand je consid\u00e8re tous les emplois de la Congr\u00e9gation de la Mission, il me semble que c&rsquo;est un songe. Quand le proph\u00e8te Habacuc fut enlev\u00e9 par un ange et port\u00e9 bien loin pour consoler Daniel dans la fosse aux lions, et puis rapport\u00e9 au lieu o\u00f9 il avait \u00e9t\u00e9 pris, se voyant de retour au m\u00eame endroit d&rsquo;o\u00f9 il \u00e9tait sorti, n&rsquo;avait-il pas sujet de penser que tout cela n&rsquo;\u00e9tait qu&rsquo;un songe ? Et si vous me demandez comment les pratiques de la Compagnie se sont introduites ? comment la pens\u00e9e de tous ses exercices et emplois nous est venue ? je vous dirai que je n&rsquo;en sais rien, et que je ne le puis conna\u00eetre. Voil\u00e0 M. Portail qui a vu aussi bien que moi l&rsquo;origine de la petite Compagnie, qui vous peut dire que nous ne pensions \u00e0 rien moins qu&rsquo;\u00e0 tout cela; tout s&rsquo;est fait comme de soi-m\u00eame, peu \u00e0 peu, l&rsquo;un apr\u00e8s l&rsquo;autre. Le nombre de ceux qui se joignaient \u00e0 nous s&rsquo;augmentait, et chacun travaillait \u00e0 la vertu; et en m\u00eame temps que le nombre croissait, aussi les bonnes pratiques s&rsquo;introduisaient pour pouvoir vivre ensemble, et nous comporter avec uniformit\u00e9 dans nos emplois. Ces pratiques-l\u00e0 se sont toujours observ\u00e9es, et s&rsquo;observent encore aujourd&rsquo;hui par la gr\u00e2ce de Dieu. Enfin, on a trouv\u00e9 \u00e0 propos de les r\u00e9duire par \u00e9crit, et d&rsquo;en faire des r\u00e8gles. J&rsquo;esp\u00e8re que la Compagnie les recevra comme \u00e9man\u00e9es de l&rsquo;esprit de Dieu: a quo bona cuncta procedunt: duquel toutes les bonnes choses proc\u00e8dent, et sans lequel: non sumus sufficientes cogitare aliquid \u00e0 nobis, quasi ex nobis, nous n&rsquo;avons pas la suffisance de penser quelque chose de nous-m\u00eames, comme de nous-m\u00eames.<\/p>\n<p>\u00ab O Messieurs et mes Fr\u00e8res ! je suis dans un tel \u00e9tonnement de penser que c&rsquo;est moi qui donne des r\u00e8gles, que je ne saurais concevoir comment j&rsquo;ai fait pour en venir l\u00e0; et il me semble que je suis toujours au commencement. Et plus j&rsquo;y pense, plus aussi il me para\u00eet \u00e9loign\u00e9 de l&rsquo;invention des hommes, et plus \u00e9videmment je connaiis que c&rsquo;est Dieu seul qui a inspir\u00e9 ces r\u00e8gles \u00e0 la Compagnie: que si j&rsquo;y ai contribu\u00e9 quelque peu de chose, je crains que ce ne soit ce peu-l\u00e0 qui emp\u00eachera peut-\u00eatre qu&rsquo;elles ne soient pas si bien observ\u00e9es \u00e0 l&rsquo;avenir, et qu&rsquo;elles ne produisent pas tout le fruit, et tout le bien qu&rsquo;elles devraient.<\/p>\n<p>\u00ab Apr\u00e8s quoi, que me reste-t-il, Messieurs, sinon d&rsquo;imiter Mo\u00efse, lequel ayant donn\u00e9 la loi de Dieu au peuple, promit \u00e0 tous ceux qui l&rsquo;observeraient toutes sortes de b\u00e9n\u00e9dictions, en leurs corps, en leurs \u00e2mes, en leurs biens et en toutes choses\u00a0 Aussi, Messieurs et mes Fr\u00e8res, nous devons esp\u00e9rer de la bont\u00e9 de Dieu toutes sortes de gr\u00e2ces et de b\u00e9n\u00e9dictions, pour tous ceux qui observeront fid\u00e8lement les r\u00e8gles qu&rsquo;il nous a donn\u00e9es; b\u00e9n\u00e9diction en leurs personnes, b\u00e9n\u00e9diction en leurs pens\u00e9es, b\u00e9n\u00e9diction en leurs desseins, b\u00e9n\u00e9diction en leurs emplois, et en toutes leurs conduites, b\u00e9n\u00e9diction en leurs entr\u00e9es et en toutes leurs sorties, b\u00e9n\u00e9diction enfin en tout ce qui les concernera. J&rsquo;esp\u00e8re que cette fid\u00e9lit\u00e9 pass\u00e9e avec laquelle vous avez observ\u00e9 ces r\u00e8gles, et votre patience \u00e0 les attendre si longtemps, obtiendront pour vous de la bont\u00e9 de Dieu la gr\u00e2ce de les observer encore plus facilement, et plus parfaitement \u00e0 l&rsquo;avenir. O Seigneur ! donnez votre b\u00e9n\u00e9diction \u00e0 ce petit livre, et accompagnez-le de l&rsquo;onction de votre Saint-Esprit, afin qu\u2019il op\u00e8re dans les \u00e2mes de ceux qui le liront l&rsquo;\u00e9loignement du p\u00e9ch\u00e9, le d\u00e9tachement du monde, la pratique des vertus et l&rsquo;union avec vous. \u00bb<\/p>\n<p>M. Vincent, ayant ainsi parl\u00e9, fit approcher les pr\u00eatres, \u00e0 chacun desquels il donna un petit livre contenant les r\u00e8gles imprim\u00e9es qu&rsquo;ils voulurent par d\u00e9votion recevoir \u00e0 genoux, r\u00e9servant au lendemain de distribuer les autres au reste de la Communaut\u00e9, parce qu&rsquo;il \u00e9tait trop tard.<\/p>\n<p>Apr\u00e8s cette distribution, l&rsquo;assistant de la maison se mit derechef \u00e0 genoux, et lui demanda sa b\u00e9n\u00e9diction au nom de toute la Compagnie, qui s&rsquo;\u00e9tait mise en une semblable posture: Sur quoi M. Vincent s&rsquo;\u00e9tant lui-m\u00eame prostern\u00e9, dit ces belles paroles d&rsquo;un ton fort affectif, et d&rsquo;une mani\u00e8re qui faisait bien conna\u00eetre l&rsquo;ardeur de son amour paternel:<\/p>\n<p>O Seigneur ! qui \u00eates la loi \u00e9ternelle, et la loi immuable, qui gouvernez par votre sagesse infinie tout l&rsquo;univers; vous de qui les conduites des cr\u00e9atures, toutes les lois, et toutes les r\u00e8gles de bien vivre sont \u00e9man\u00e9es comme de leur vive source, \u00f4 Seigneur ! b\u00e9nissez, s&rsquo;il vous pla\u00eet, ceux \u00e0 qui vous avez donn\u00e9 ces r\u00e8gles ici,et qui les ont re\u00e7ues ,comme proc\u00e9dantes de vous. Donnez-leur, Seigneur, la gr\u00e2ce n\u00e9cessaire pour les observer toujours et inviolablement ,jusqu&rsquo;\u00e0 la mort. C&rsquo;est en cette confiance et en votre nom ,que tout mis\u00e9rable p\u00e9cheur que je suis, je prononcerai les paroles de la b\u00e9n\u00e9diction que je vais donner \u00e0 la Compagnie.<\/p>\n<p>Voil\u00e0 une partie du discours que M. Vincent fit en cette occasion, lequel il pronon\u00e7a d&rsquo;un ton de voix m\u00e9diocre, humble, doux et d\u00e9vot, et de telle sorte qu&rsquo;il faisait sentir aux c\u0153urs de tous ceux qui l&rsquo;\u00e9coutaient l&rsquo;affection particuli\u00e8re du sien; il leur semblait qu&rsquo;ils \u00e9taient avec les ap\u00f4tres \u00e9coutant parler Notre-Seigneur, particuli\u00e8rement en ce dernier sermon qu&rsquo;il leur fit avant sa Passion, o\u00f9 il leur donna aussi ses r\u00e8gles, en leur imposant le grand commandement de la parfaite dilection.<\/p>\n<p>On peut recueillir de ce qui vient d&rsquo;\u00eatre dit, et plus encore de la lecture des r\u00e8gles de la Congr\u00e9gation de la Mission\u00a0 qu&rsquo;elle a \u00e9t\u00e9 institu\u00e9e pour trois fins principales. La premi\u00e8re, pour travailler \u00e0 sa propre perfection, en s&rsquo;\u00e9tudiant de pratiquer les vertus que Notre-Seigneur a daign\u00e9 nous enseigner par ses paroles et par son exemple. La seconde, pour pr\u00eacher l&rsquo;\u00c9vangile aux pauvres et particuli\u00e8rement \u00e0 ceux de la campagne qui sont les plus d\u00e9laiss\u00e9s. Et la troisi\u00e8me, pour aider les eccl\u00e9siastiques \u00e0 acqu\u00e9rir les connaissances et les vertus n\u00e9cessaires \u00e0 leur \u00e9tat. Voil\u00e0 le profit de cet Institut, et \u00e0 quoi tendent les r\u00e8gles donn\u00e9es par M. Vincent, lequel avait raison de dire qu&rsquo;elles \u00e9taient venues de Dieu, parce qu&rsquo;en effet elles avaient \u00e9t\u00e9 puis\u00e9es dans l&rsquo;\u00c9vangile. Il disait aussi qu&rsquo;il ne savait pas comment elles avaient \u00e9t\u00e9 mises en usage dans sa Compagnie, d&rsquo;autant qu&rsquo;il ne se regardait pas comme l&rsquo;auteur de ce bien: mais les pr\u00eatres de sa Congr\u00e9gation le reconnaissait lui-m\u00eame pour leur r\u00e8gle vivante, et comme ils voyaient\u00a0 en lui une vraie expression de la vie de J\u00e9sus-Christ et de ses saintes maximes, ils t\u00e2chaient de se conformer \u00e0 ses pratiques, et de marcher sur ses pas. Et voil\u00e0 comme les r\u00e8gles de sa Congr\u00e9gation ont \u00e9t\u00e9 pratiqu\u00e9es avant que d&rsquo;\u00eatre \u00e9crites, parce qu&rsquo;il a fait avant que d&rsquo;enseigner, et que sa gr\u00e2ce et son exemple ont anim\u00e9 les autres \u00e0 faire comme lui.<\/p>\n","protected":false},"excerpt":{"rendered":"<p>M. Vincent donne des r\u00e8gles \u00e0 sa Congr\u00e9gation, et dit plusieurs choses tr\u00e8s consid\u00e9rable sur ce sujet. Ce fut en l&rsquo;ann\u00e9e 1658 que M. Vincent, ayant mis les r\u00e8gles et constitutions de sa Congr\u00e9gation dans &#8230; <a href=\"http:\/\/vincentians.com\/fr\/la-vie-du-venerable-serviteur-de-dieu-vincent-de-paul-livre-premier-chapitre-xlvii\/\" class=\"more-link\">Read More<\/a><\/p>\n","protected":false},"author":4,"featured_media":149583,"comment_status":"open","ping_status":"open","sticky":false,"template":"","format":"standard","meta":{"jetpack_post_was_ever_published":false,"_jetpack_newsletter_access":"","_jetpack_dont_email_post_to_subs":false,"_jetpack_newsletter_tier_id":0,"_jetpack_memberships_contains_paywalled_content":false,"_jetpack_memberships_contains_paid_content":false,"footnotes":"","jetpack_publicize_message":"","jetpack_publicize_feature_enabled":true,"jetpack_social_post_already_shared":true,"jetpack_social_options":{"image_generator_settings":{"template":"highway","default_image_id":0,"font":"","enabled":false},"version":2}},"categories":[5],"tags":[],"class_list":["post-105649","post","type-post","status-publish","format-standard","has-post-thumbnail","hentry","category-vincent-de-paul"],"yoast_head":"<!-- This site is optimized with the Yoast SEO plugin v26.3 - https:\/\/yoast.com\/wordpress\/plugins\/seo\/ -->\n<title>La vie du v\u00e9n\u00e9rable serviteur de Dieu Vincent de Paul, Livre premier, Chapitre XLVII - Nous Sommes Vincentiens<\/title>\n<meta name=\"robots\" content=\"index, follow, max-snippet:-1, max-image-preview:large, max-video-preview:-1\" \/>\n<link rel=\"canonical\" href=\"http:\/\/vincentians.com\/fr\/la-vie-du-venerable-serviteur-de-dieu-vincent-de-paul-livre-premier-chapitre-xlvii\/\" \/>\n<meta property=\"og:locale\" content=\"fr_FR\" \/>\n<meta property=\"og:type\" content=\"article\" \/>\n<meta property=\"og:title\" content=\"La vie du v\u00e9n\u00e9rable serviteur de Dieu Vincent de Paul, Livre premier, Chapitre XLVII - Nous Sommes Vincentiens\" \/>\n<meta property=\"og:description\" content=\"M. Vincent donne des r\u00e8gles \u00e0 sa Congr\u00e9gation, et dit plusieurs choses tr\u00e8s consid\u00e9rable sur ce sujet. Ce fut en l&rsquo;ann\u00e9e 1658 que M. Vincent, ayant mis les r\u00e8gles et constitutions de sa Congr\u00e9gation dans ... Read More\" \/>\n<meta property=\"og:url\" content=\"http:\/\/vincentians.com\/fr\/la-vie-du-venerable-serviteur-de-dieu-vincent-de-paul-livre-premier-chapitre-xlvii\/\" \/>\n<meta property=\"og:site_name\" content=\"Nous Sommes Vincentiens\" \/>\n<meta property=\"article:publisher\" content=\"https:\/\/www.facebook.com\/WeAreVincentians\/\" \/>\n<meta property=\"article:author\" content=\"https:\/\/www.facebook.com\/JavierChento\" \/>\n<meta property=\"article:published_time\" content=\"2013-01-23T11:19:43+00:00\" \/>\n<meta property=\"og:image\" content=\"https:\/\/i0.wp.com\/vincentians.com\/fr\/wp-content\/uploads\/sites\/10\/2016\/07\/abelly-feat.jpg?fit=1200%2C630\" \/>\n\t<meta property=\"og:image:width\" content=\"1200\" \/>\n\t<meta property=\"og:image:height\" content=\"630\" \/>\n\t<meta property=\"og:image:type\" content=\"image\/jpeg\" \/>\n<meta name=\"author\" content=\"Francisco Javier Fern\u00e1ndez Chento\" \/>\n<meta name=\"twitter:card\" content=\"summary_large_image\" \/>\n<meta name=\"twitter:creator\" content=\"@https:\/\/twitter.com\/javierchento\" \/>\n<meta name=\"twitter:site\" content=\"@WeVincentians\" \/>\n<meta name=\"twitter:label1\" content=\"\u00c9crit par\" \/>\n\t<meta name=\"twitter:data1\" content=\"Francisco Javier Fern\u00e1ndez Chento\" \/>\n\t<meta name=\"twitter:label2\" content=\"Dur\u00e9e de lecture estim\u00e9e\" \/>\n\t<meta name=\"twitter:data2\" content=\"14 minutes\" \/>\n<script type=\"application\/ld+json\" class=\"yoast-schema-graph\">{\"@context\":\"https:\/\/schema.org\",\"@graph\":[{\"@type\":\"WebPage\",\"@id\":\"http:\/\/vincentians.com\/fr\/la-vie-du-venerable-serviteur-de-dieu-vincent-de-paul-livre-premier-chapitre-xlvii\/\",\"url\":\"http:\/\/vincentians.com\/fr\/la-vie-du-venerable-serviteur-de-dieu-vincent-de-paul-livre-premier-chapitre-xlvii\/\",\"name\":\"La vie du v\u00e9n\u00e9rable serviteur de Dieu Vincent de Paul, Livre premier, Chapitre XLVII - Nous Sommes Vincentiens\",\"isPartOf\":{\"@id\":\"http:\/\/vincentians.com\/fr\/#website\"},\"primaryImageOfPage\":{\"@id\":\"http:\/\/vincentians.com\/fr\/la-vie-du-venerable-serviteur-de-dieu-vincent-de-paul-livre-premier-chapitre-xlvii\/#primaryimage\"},\"image\":{\"@id\":\"http:\/\/vincentians.com\/fr\/la-vie-du-venerable-serviteur-de-dieu-vincent-de-paul-livre-premier-chapitre-xlvii\/#primaryimage\"},\"thumbnailUrl\":\"https:\/\/i0.wp.com\/vincentians.com\/fr\/wp-content\/uploads\/sites\/10\/2016\/07\/abelly-feat.jpg?fit=1200%2C630\",\"datePublished\":\"2013-01-23T11:19:43+00:00\",\"author\":{\"@id\":\"http:\/\/vincentians.com\/fr\/#\/schema\/person\/9623ef4d9aa3b2dfb8c061f1499288f2\"},\"breadcrumb\":{\"@id\":\"http:\/\/vincentians.com\/fr\/la-vie-du-venerable-serviteur-de-dieu-vincent-de-paul-livre-premier-chapitre-xlvii\/#breadcrumb\"},\"inLanguage\":\"fr-FR\",\"potentialAction\":[{\"@type\":\"ReadAction\",\"target\":[\"http:\/\/vincentians.com\/fr\/la-vie-du-venerable-serviteur-de-dieu-vincent-de-paul-livre-premier-chapitre-xlvii\/\"]}]},{\"@type\":\"ImageObject\",\"inLanguage\":\"fr-FR\",\"@id\":\"http:\/\/vincentians.com\/fr\/la-vie-du-venerable-serviteur-de-dieu-vincent-de-paul-livre-premier-chapitre-xlvii\/#primaryimage\",\"url\":\"https:\/\/i0.wp.com\/vincentians.com\/fr\/wp-content\/uploads\/sites\/10\/2016\/07\/abelly-feat.jpg?fit=1200%2C630\",\"contentUrl\":\"https:\/\/i0.wp.com\/vincentians.com\/fr\/wp-content\/uploads\/sites\/10\/2016\/07\/abelly-feat.jpg?fit=1200%2C630\",\"width\":1200,\"height\":630},{\"@type\":\"BreadcrumbList\",\"@id\":\"http:\/\/vincentians.com\/fr\/la-vie-du-venerable-serviteur-de-dieu-vincent-de-paul-livre-premier-chapitre-xlvii\/#breadcrumb\",\"itemListElement\":[{\"@type\":\"ListItem\",\"position\":1,\"name\":\"Portada\",\"item\":\"http:\/\/vincentians.com\/fr\/\"},{\"@type\":\"ListItem\",\"position\":2,\"name\":\"La vie du v\u00e9n\u00e9rable serviteur de Dieu Vincent de Paul, Livre premier, Chapitre XLVII\"}]},{\"@type\":\"WebSite\",\"@id\":\"http:\/\/vincentians.com\/fr\/#website\",\"url\":\"http:\/\/vincentians.com\/fr\/\",\"name\":\"Nous Sommes Vincentiens\",\"description\":\"Know more to serve more\",\"potentialAction\":[{\"@type\":\"SearchAction\",\"target\":{\"@type\":\"EntryPoint\",\"urlTemplate\":\"http:\/\/vincentians.com\/fr\/?s={search_term_string}\"},\"query-input\":{\"@type\":\"PropertyValueSpecification\",\"valueRequired\":true,\"valueName\":\"search_term_string\"}}],\"inLanguage\":\"fr-FR\"},{\"@type\":\"Person\",\"@id\":\"http:\/\/vincentians.com\/fr\/#\/schema\/person\/9623ef4d9aa3b2dfb8c061f1499288f2\",\"name\":\"Francisco Javier Fern\u00e1ndez Chento\",\"image\":{\"@type\":\"ImageObject\",\"inLanguage\":\"fr-FR\",\"@id\":\"http:\/\/vincentians.com\/fr\/#\/schema\/person\/image\/\",\"url\":\"https:\/\/secure.gravatar.com\/avatar\/497d5cde87b4c3d097d0315953521681ba2cd523ee66e5077c3711f7021e65de?s=96&d=mm&r=g\",\"contentUrl\":\"https:\/\/secure.gravatar.com\/avatar\/497d5cde87b4c3d097d0315953521681ba2cd523ee66e5077c3711f7021e65de?s=96&d=mm&r=g\",\"caption\":\"Francisco Javier Fern\u00e1ndez Chento\"},\"description\":\"Director General y cofundador de La Red de Formaci\u00f3n Vicenciana. Javier es laico vicenciano, afiliado a la Congregaci\u00f3n de la Misi\u00f3n y miembro del Equipo de Misiones Populares de la provincia can\u00f3nica de Zaragoza (Espa\u00f1a) de la Congregaci\u00f3n de la Misi\u00f3n. Graduado en la Universidad Oberta de Catalunya con cuatro grados (Asistente de direcci\u00f3n, Gesti\u00f3n Administrativa, Recursos Humanos y Contabilidad Avanzada). Bil\u00edng\u00fce Espa\u00f1ol\/Ingl\u00e9s. gestiona y mantiene varias p\u00e1ginas web cristianas y vicencianas, incluida including La Red de Formaci\u00f3n Vicenciana, de la que es cofundador. Actualmente es responsable del \u00e1rea de Espa\u00f1ol de .famvin, la Red de Noticias de la Familia Vicenciana. Tambi\u00e9n es m\u00fasico cat\u00f3lico y ha editado varios discos. Es Director General y cofundador de Trovador, una reconocida compa\u00f1\u00eda discogr\u00e1fica critiana de Espa\u00f1a. Trabaja en las Tecnolog\u00edas de la Informaci\u00f3n, ofreciendo servicios de alojamiento, dise\u00f1o y mantenimiento Web, as\u00ed como asesoramiento, formaci\u00f3n y soluciones inform\u00e1ticas, gesti\u00f3n documental y digitalizaci\u00f3n de textos, edici\u00f3n y maquetaci\u00f3n de libros, revistas, flyers, etc.\",\"sameAs\":[\"http:\/\/chento.org\",\"https:\/\/www.facebook.com\/JavierChento\",\"https:\/\/x.com\/https:\/\/twitter.com\/javierchento\"],\"url\":\"http:\/\/vincentians.com\/fr\/author\/chento\/\"}]}<\/script>\n<!-- \/ Yoast SEO plugin. -->","yoast_head_json":{"title":"La vie du v\u00e9n\u00e9rable serviteur de Dieu Vincent de Paul, Livre premier, Chapitre XLVII - Nous Sommes Vincentiens","robots":{"index":"index","follow":"follow","max-snippet":"max-snippet:-1","max-image-preview":"max-image-preview:large","max-video-preview":"max-video-preview:-1"},"canonical":"http:\/\/vincentians.com\/fr\/la-vie-du-venerable-serviteur-de-dieu-vincent-de-paul-livre-premier-chapitre-xlvii\/","og_locale":"fr_FR","og_type":"article","og_title":"La vie du v\u00e9n\u00e9rable serviteur de Dieu Vincent de Paul, Livre premier, Chapitre XLVII - Nous Sommes Vincentiens","og_description":"M. Vincent donne des r\u00e8gles \u00e0 sa Congr\u00e9gation, et dit plusieurs choses tr\u00e8s consid\u00e9rable sur ce sujet. Ce fut en l&rsquo;ann\u00e9e 1658 que M. Vincent, ayant mis les r\u00e8gles et constitutions de sa Congr\u00e9gation dans ... Read More","og_url":"http:\/\/vincentians.com\/fr\/la-vie-du-venerable-serviteur-de-dieu-vincent-de-paul-livre-premier-chapitre-xlvii\/","og_site_name":"Nous Sommes Vincentiens","article_publisher":"https:\/\/www.facebook.com\/WeAreVincentians\/","article_author":"https:\/\/www.facebook.com\/JavierChento","article_published_time":"2013-01-23T11:19:43+00:00","og_image":[{"width":1200,"height":630,"url":"https:\/\/i0.wp.com\/vincentians.com\/fr\/wp-content\/uploads\/sites\/10\/2016\/07\/abelly-feat.jpg?fit=1200%2C630","type":"image\/jpeg"}],"author":"Francisco Javier Fern\u00e1ndez Chento","twitter_card":"summary_large_image","twitter_creator":"@https:\/\/twitter.com\/javierchento","twitter_site":"@WeVincentians","twitter_misc":{"\u00c9crit par":"Francisco Javier Fern\u00e1ndez Chento","Dur\u00e9e de lecture estim\u00e9e":"14 minutes"},"schema":{"@context":"https:\/\/schema.org","@graph":[{"@type":"WebPage","@id":"http:\/\/vincentians.com\/fr\/la-vie-du-venerable-serviteur-de-dieu-vincent-de-paul-livre-premier-chapitre-xlvii\/","url":"http:\/\/vincentians.com\/fr\/la-vie-du-venerable-serviteur-de-dieu-vincent-de-paul-livre-premier-chapitre-xlvii\/","name":"La vie du v\u00e9n\u00e9rable serviteur de Dieu Vincent de Paul, Livre premier, Chapitre XLVII - Nous Sommes Vincentiens","isPartOf":{"@id":"http:\/\/vincentians.com\/fr\/#website"},"primaryImageOfPage":{"@id":"http:\/\/vincentians.com\/fr\/la-vie-du-venerable-serviteur-de-dieu-vincent-de-paul-livre-premier-chapitre-xlvii\/#primaryimage"},"image":{"@id":"http:\/\/vincentians.com\/fr\/la-vie-du-venerable-serviteur-de-dieu-vincent-de-paul-livre-premier-chapitre-xlvii\/#primaryimage"},"thumbnailUrl":"https:\/\/i0.wp.com\/vincentians.com\/fr\/wp-content\/uploads\/sites\/10\/2016\/07\/abelly-feat.jpg?fit=1200%2C630","datePublished":"2013-01-23T11:19:43+00:00","author":{"@id":"http:\/\/vincentians.com\/fr\/#\/schema\/person\/9623ef4d9aa3b2dfb8c061f1499288f2"},"breadcrumb":{"@id":"http:\/\/vincentians.com\/fr\/la-vie-du-venerable-serviteur-de-dieu-vincent-de-paul-livre-premier-chapitre-xlvii\/#breadcrumb"},"inLanguage":"fr-FR","potentialAction":[{"@type":"ReadAction","target":["http:\/\/vincentians.com\/fr\/la-vie-du-venerable-serviteur-de-dieu-vincent-de-paul-livre-premier-chapitre-xlvii\/"]}]},{"@type":"ImageObject","inLanguage":"fr-FR","@id":"http:\/\/vincentians.com\/fr\/la-vie-du-venerable-serviteur-de-dieu-vincent-de-paul-livre-premier-chapitre-xlvii\/#primaryimage","url":"https:\/\/i0.wp.com\/vincentians.com\/fr\/wp-content\/uploads\/sites\/10\/2016\/07\/abelly-feat.jpg?fit=1200%2C630","contentUrl":"https:\/\/i0.wp.com\/vincentians.com\/fr\/wp-content\/uploads\/sites\/10\/2016\/07\/abelly-feat.jpg?fit=1200%2C630","width":1200,"height":630},{"@type":"BreadcrumbList","@id":"http:\/\/vincentians.com\/fr\/la-vie-du-venerable-serviteur-de-dieu-vincent-de-paul-livre-premier-chapitre-xlvii\/#breadcrumb","itemListElement":[{"@type":"ListItem","position":1,"name":"Portada","item":"http:\/\/vincentians.com\/fr\/"},{"@type":"ListItem","position":2,"name":"La vie du v\u00e9n\u00e9rable serviteur de Dieu Vincent de Paul, Livre premier, Chapitre XLVII"}]},{"@type":"WebSite","@id":"http:\/\/vincentians.com\/fr\/#website","url":"http:\/\/vincentians.com\/fr\/","name":"Nous Sommes Vincentiens","description":"Know more to serve more","potentialAction":[{"@type":"SearchAction","target":{"@type":"EntryPoint","urlTemplate":"http:\/\/vincentians.com\/fr\/?s={search_term_string}"},"query-input":{"@type":"PropertyValueSpecification","valueRequired":true,"valueName":"search_term_string"}}],"inLanguage":"fr-FR"},{"@type":"Person","@id":"http:\/\/vincentians.com\/fr\/#\/schema\/person\/9623ef4d9aa3b2dfb8c061f1499288f2","name":"Francisco Javier Fern\u00e1ndez Chento","image":{"@type":"ImageObject","inLanguage":"fr-FR","@id":"http:\/\/vincentians.com\/fr\/#\/schema\/person\/image\/","url":"https:\/\/secure.gravatar.com\/avatar\/497d5cde87b4c3d097d0315953521681ba2cd523ee66e5077c3711f7021e65de?s=96&d=mm&r=g","contentUrl":"https:\/\/secure.gravatar.com\/avatar\/497d5cde87b4c3d097d0315953521681ba2cd523ee66e5077c3711f7021e65de?s=96&d=mm&r=g","caption":"Francisco Javier Fern\u00e1ndez Chento"},"description":"Director General y cofundador de La Red de Formaci\u00f3n Vicenciana. Javier es laico vicenciano, afiliado a la Congregaci\u00f3n de la Misi\u00f3n y miembro del Equipo de Misiones Populares de la provincia can\u00f3nica de Zaragoza (Espa\u00f1a) de la Congregaci\u00f3n de la Misi\u00f3n. Graduado en la Universidad Oberta de Catalunya con cuatro grados (Asistente de direcci\u00f3n, Gesti\u00f3n Administrativa, Recursos Humanos y Contabilidad Avanzada). Bil\u00edng\u00fce Espa\u00f1ol\/Ingl\u00e9s. gestiona y mantiene varias p\u00e1ginas web cristianas y vicencianas, incluida including La Red de Formaci\u00f3n Vicenciana, de la que es cofundador. Actualmente es responsable del \u00e1rea de Espa\u00f1ol de .famvin, la Red de Noticias de la Familia Vicenciana. Tambi\u00e9n es m\u00fasico cat\u00f3lico y ha editado varios discos. Es Director General y cofundador de Trovador, una reconocida compa\u00f1\u00eda discogr\u00e1fica critiana de Espa\u00f1a. Trabaja en las Tecnolog\u00edas de la Informaci\u00f3n, ofreciendo servicios de alojamiento, dise\u00f1o y mantenimiento Web, as\u00ed como asesoramiento, formaci\u00f3n y soluciones inform\u00e1ticas, gesti\u00f3n documental y digitalizaci\u00f3n de textos, edici\u00f3n y maquetaci\u00f3n de libros, revistas, flyers, etc.","sameAs":["http:\/\/chento.org","https:\/\/www.facebook.com\/JavierChento","https:\/\/x.com\/https:\/\/twitter.com\/javierchento"],"url":"http:\/\/vincentians.com\/fr\/author\/chento\/"}]}},"jetpack_publicize_connections":[],"jetpack_featured_media_url":"https:\/\/i0.wp.com\/vincentians.com\/fr\/wp-content\/uploads\/sites\/10\/2016\/07\/abelly-feat.jpg?fit=1200%2C630","jetpack_sharing_enabled":true,"jetpack_shortlink":"https:\/\/wp.me\/p7ETMP-ru1","jetpack-related-posts":[{"id":38477,"url":"http:\/\/vincentians.com\/fr\/le-directeur-provincial-animateur-des-filles-de-la-charite\/","url_meta":{"origin":105649,"position":0},"title":"Le Directeur Provincial \u201canimateur\u201d des Filles de la Charit\u00e9","author":"Francisco Javier Fern\u00e1ndez Chento","date":"03\/10\/2012","format":false,"excerpt":"Dans les Constitutions des Filles de la Charit\u00e9, nous trouvons \u00e0 l\u2019article 3.38: le Directeur Provincial est un pr\u00eatre de la Congr\u00e9gation de la Mission, nomm\u00e9 par le Sup\u00e9rieur G\u00e9n\u00e9ral; \u201cil partage avec la Visitatrice et son Conseil la responsabilit\u00e9 de promouvoir l\u2019esprit vincentien dans la Province\u201d Missionnaire, le directeur\u2026","rel":"","context":"Dans &quot;Congr\u00e9gation de la Mission&quot;","block_context":{"text":"Congr\u00e9gation de la Mission","link":"http:\/\/vincentians.com\/fr\/category\/congregation-de-la-mission\/"},"img":{"alt_text":"","src":"https:\/\/i0.wp.com\/vincentiens.org\/wp-content\/uploads\/2011\/05\/filles_charite-228x300.jpg?resize=350%2C200","width":350,"height":200},"classes":[]},{"id":52035,"url":"http:\/\/vincentians.com\/fr\/saint-vincent-de-paul-et-sa-mission-sociale-ii-les-oeuvres-2\/","url_meta":{"origin":105649,"position":1},"title":"Saint Vincent De Paul Et Sa Mission Sociale. II &#8211; Les \u0152uvres (2)","author":"Francisco Javier Fern\u00e1ndez Chento","date":"22\/12\/2014","format":false,"excerpt":"LA CONGR\u00c9GATION DE LA MISSION. \u2014 Fondation de la Mission. \u2014 Madame de Gondi. \u2014 Vincent de Paul est nomm\u00e9 sup\u00e9rieur du coll\u00e8ge des Bons-Enfants. \u2014 Les fondateurs d\u2019ordre. \u2014 But de la Congr\u00e9gation de la Mission. \u2014 L\u2019\u00e9vang\u00e9lisation des pauvres. \u2014 \u00c9tablissement \u00e0 Saint-Lazare. \u2014 Premiers travaux des missionnaires.\u2026","rel":"","context":"Dans &quot;Vincent de Paul&quot;","block_context":{"text":"Vincent de Paul","link":"http:\/\/vincentians.com\/fr\/category\/the-vincentian-family\/founders\/vincent-de-paul\/"},"img":{"alt_text":"","src":"https:\/\/i0.wp.com\/vincentians.com\/fr\/wp-content\/uploads\/sites\/10\/2016\/07\/vincent-et-sa-action-sociale.jpg?fit=1160%2C630&resize=350%2C200","width":350,"height":200,"srcset":"https:\/\/i0.wp.com\/vincentians.com\/fr\/wp-content\/uploads\/sites\/10\/2016\/07\/vincent-et-sa-action-sociale.jpg?fit=1160%2C630&resize=350%2C200 1x, https:\/\/i0.wp.com\/vincentians.com\/fr\/wp-content\/uploads\/sites\/10\/2016\/07\/vincent-et-sa-action-sociale.jpg?fit=1160%2C630&resize=525%2C300 1.5x, https:\/\/i0.wp.com\/vincentians.com\/fr\/wp-content\/uploads\/sites\/10\/2016\/07\/vincent-et-sa-action-sociale.jpg?fit=1160%2C630&resize=700%2C400 2x, https:\/\/i0.wp.com\/vincentians.com\/fr\/wp-content\/uploads\/sites\/10\/2016\/07\/vincent-et-sa-action-sociale.jpg?fit=1160%2C630&resize=1050%2C600 3x"},"classes":[]},{"id":54379,"url":"http:\/\/vincentians.com\/fr\/les-voeux-dans-la-congregation-nature-necessite-et-utilite\/","url_meta":{"origin":105649,"position":2},"title":"Les voeux dans la Congr\u00e9gation: nature, necessit\u00e9 et utilit\u00e9","author":"Francisco Javier Fern\u00e1ndez Chento","date":"03\/11\/2012","format":false,"excerpt":"Remarque pr\u00e9liminaire: Les membres de ce Groupe, constitu\u00e9 par le Sup\u00e9rieur G\u00e9n\u00e9ral (Constitutions n. 54, D\u00e9crets Temporaires n. 2) s'acquittent d'un double devoir: chacun y repr\u00e9sente une section de la Congr\u00e9gation (un groupe linguistique ou g\u00e9ographique), y travaille avec sa propre comp\u00e9tence. En tant que repr\u00e9sentant, il doit veiller \u00e1\u2026","rel":"","context":"Dans &quot;Congr\u00e9gation de la Mission&quot;","block_context":{"text":"Congr\u00e9gation de la Mission","link":"http:\/\/vincentians.com\/fr\/category\/congregation-de-la-mission\/"},"img":{"alt_text":"","src":"https:\/\/i0.wp.com\/vincentiens.org\/wp-content\/uploads\/2011\/08\/logocm-237x300.jpg?resize=350%2C200","width":350,"height":200},"classes":[]},{"id":52052,"url":"http:\/\/vincentians.com\/fr\/saint-vincent-de-paul-et-sa-mission-sociale-iii-laction-1\/","url_meta":{"origin":105649,"position":3},"title":"Saint Vincent De Paul Et Sa Mission Sociale. III &#8211; L\u2019action (1)","author":"Francisco Javier Fern\u00e1ndez Chento","date":"25\/12\/2014","format":false,"excerpt":"LES MISSIONS. \u2014 Saint Vincent de Paul missionnaire. \u2014 Organisation des missions rurales. \u2014 Vertus et qualit\u00e9s des missionnaires. \u2014 La pr\u00e9dication d\u2019apr\u00e8s le saint. \u2014 Sa conduite envers les h\u00e9r\u00e9tiques et les infid\u00e8les. \u2014 Les imitateurs de Vincent de Paul. \u2014 Fruits du nouvel apostolat. \u2014 Missions \u00e0 la\u2026","rel":"","context":"Dans &quot;Vincent de Paul&quot;","block_context":{"text":"Vincent de Paul","link":"http:\/\/vincentians.com\/fr\/category\/the-vincentian-family\/founders\/vincent-de-paul\/"},"img":{"alt_text":"","src":"https:\/\/i0.wp.com\/vincentians.com\/fr\/wp-content\/uploads\/sites\/10\/2016\/07\/vincent-et-sa-action-sociale.jpg?fit=1160%2C630&resize=350%2C200","width":350,"height":200,"srcset":"https:\/\/i0.wp.com\/vincentians.com\/fr\/wp-content\/uploads\/sites\/10\/2016\/07\/vincent-et-sa-action-sociale.jpg?fit=1160%2C630&resize=350%2C200 1x, https:\/\/i0.wp.com\/vincentians.com\/fr\/wp-content\/uploads\/sites\/10\/2016\/07\/vincent-et-sa-action-sociale.jpg?fit=1160%2C630&resize=525%2C300 1.5x, https:\/\/i0.wp.com\/vincentians.com\/fr\/wp-content\/uploads\/sites\/10\/2016\/07\/vincent-et-sa-action-sociale.jpg?fit=1160%2C630&resize=700%2C400 2x, https:\/\/i0.wp.com\/vincentians.com\/fr\/wp-content\/uploads\/sites\/10\/2016\/07\/vincent-et-sa-action-sociale.jpg?fit=1160%2C630&resize=1050%2C600 3x"},"classes":[]},{"id":52068,"url":"http:\/\/vincentians.com\/fr\/saint-vincent-de-paul-et-sa-mission-sociale-vi-la-posterite-1\/","url_meta":{"origin":105649,"position":4},"title":"Saint Vincent De Paul Et Sa Mission Sociale. VI &#8211; La Post\u00e9rit\u00e9 (1)","author":"Francisco Javier Fern\u00e1ndez Chento","date":"30\/12\/2014","format":false,"excerpt":"L\u2019ACCROISSEMENT. \u2014 Extension des deux familles de saint Vincent de Paul. \u2014 Progr\u00e8s de leurs \u0153uvres. \u2014 Les missions \u00e9trang\u00e8res et les s\u00e9minaires. \u2014 Les successeurs de saint Vincent. \u2014 Congr\u00e9gations religieuses fond\u00e9es sur le mod\u00e8le de la Mission. \u2014 Les Filles de la Charit\u00e9 en France et \u00e0 l\u2019\u00e9tranger.\u2026","rel":"","context":"Dans &quot;Vincent de Paul&quot;","block_context":{"text":"Vincent de Paul","link":"http:\/\/vincentians.com\/fr\/category\/the-vincentian-family\/founders\/vincent-de-paul\/"},"img":{"alt_text":"","src":"https:\/\/i0.wp.com\/vincentians.com\/fr\/wp-content\/uploads\/sites\/10\/2016\/07\/vincent-et-sa-action-sociale.jpg?fit=1160%2C630&resize=350%2C200","width":350,"height":200,"srcset":"https:\/\/i0.wp.com\/vincentians.com\/fr\/wp-content\/uploads\/sites\/10\/2016\/07\/vincent-et-sa-action-sociale.jpg?fit=1160%2C630&resize=350%2C200 1x, https:\/\/i0.wp.com\/vincentians.com\/fr\/wp-content\/uploads\/sites\/10\/2016\/07\/vincent-et-sa-action-sociale.jpg?fit=1160%2C630&resize=525%2C300 1.5x, https:\/\/i0.wp.com\/vincentians.com\/fr\/wp-content\/uploads\/sites\/10\/2016\/07\/vincent-et-sa-action-sociale.jpg?fit=1160%2C630&resize=700%2C400 2x, https:\/\/i0.wp.com\/vincentians.com\/fr\/wp-content\/uploads\/sites\/10\/2016\/07\/vincent-et-sa-action-sociale.jpg?fit=1160%2C630&resize=1050%2C600 3x"},"classes":[]},{"id":57593,"url":"http:\/\/vincentians.com\/fr\/lexpansion-de-la-congregation-de-la-mission-pendant-la-vie-de-st-vincent\/","url_meta":{"origin":105649,"position":5},"title":"L&rsquo;expansion de la Congregation de la Mission pendant la vie de St. Vincent","author":"Francisco Javier Fern\u00e1ndez Chento","date":"20\/05\/2015","format":false,"excerpt":"Pierre Collet (\"La Vie de St. Vincent de Paul\", Nancy 1748, II, 325) a constat\u00e9 que les biographies des grands fondateurs d'ordres sont concentr\u00e9es sur la personne elle-m\u00eame du fondateur. On n'y trouve pas le r\u00e9cit des travaux de leurs premiers disciples.En suivant cet exemple Collet voulut supprimer dans sa\u2026","rel":"","context":"Dans &quot;Au temps de Vincent de Paul&quot;","block_context":{"text":"Au temps de Vincent de Paul","link":"http:\/\/vincentians.com\/fr\/category\/au-temps-de-vincent-de-paul\/"},"img":{"alt_text":"","src":"https:\/\/i0.wp.com\/vincentians.com\/fr\/wp-content\/uploads\/sites\/10\/2015\/05\/congregation-de-la-mission-lazaristes.jpg?fit=1200%2C630&resize=350%2C200","width":350,"height":200,"srcset":"https:\/\/i0.wp.com\/vincentians.com\/fr\/wp-content\/uploads\/sites\/10\/2015\/05\/congregation-de-la-mission-lazaristes.jpg?fit=1200%2C630&resize=350%2C200 1x, https:\/\/i0.wp.com\/vincentians.com\/fr\/wp-content\/uploads\/sites\/10\/2015\/05\/congregation-de-la-mission-lazaristes.jpg?fit=1200%2C630&resize=525%2C300 1.5x, https:\/\/i0.wp.com\/vincentians.com\/fr\/wp-content\/uploads\/sites\/10\/2015\/05\/congregation-de-la-mission-lazaristes.jpg?fit=1200%2C630&resize=700%2C400 2x, https:\/\/i0.wp.com\/vincentians.com\/fr\/wp-content\/uploads\/sites\/10\/2015\/05\/congregation-de-la-mission-lazaristes.jpg?fit=1200%2C630&resize=1050%2C600 3x"},"classes":[]}],"_links":{"self":[{"href":"http:\/\/vincentians.com\/fr\/wp-json\/wp\/v2\/posts\/105649","targetHints":{"allow":["GET"]}}],"collection":[{"href":"http:\/\/vincentians.com\/fr\/wp-json\/wp\/v2\/posts"}],"about":[{"href":"http:\/\/vincentians.com\/fr\/wp-json\/wp\/v2\/types\/post"}],"author":[{"embeddable":true,"href":"http:\/\/vincentians.com\/fr\/wp-json\/wp\/v2\/users\/4"}],"replies":[{"embeddable":true,"href":"http:\/\/vincentians.com\/fr\/wp-json\/wp\/v2\/comments?post=105649"}],"version-history":[{"count":0,"href":"http:\/\/vincentians.com\/fr\/wp-json\/wp\/v2\/posts\/105649\/revisions"}],"wp:featuredmedia":[{"embeddable":true,"href":"http:\/\/vincentians.com\/fr\/wp-json\/wp\/v2\/media\/149583"}],"wp:attachment":[{"href":"http:\/\/vincentians.com\/fr\/wp-json\/wp\/v2\/media?parent=105649"}],"wp:term":[{"taxonomy":"category","embeddable":true,"href":"http:\/\/vincentians.com\/fr\/wp-json\/wp\/v2\/categories?post=105649"},{"taxonomy":"post_tag","embeddable":true,"href":"http:\/\/vincentians.com\/fr\/wp-json\/wp\/v2\/tags?post=105649"}],"curies":[{"name":"wp","href":"https:\/\/api.w.org\/{rel}","templated":true}]}}