{"id":105647,"date":"2013-01-21T12:19:43","date_gmt":"2013-01-21T11:19:43","guid":{"rendered":"http:\/\/vincentiens.org\/?p=105647"},"modified":"2013-01-21T12:19:43","modified_gmt":"2013-01-21T11:19:43","slug":"la-vie-du-venerable-serviteur-de-dieu-vincent-de-paul-livre-premier-chapitre-xlv","status":"publish","type":"post","link":"http:\/\/vincentians.com\/fr\/la-vie-du-venerable-serviteur-de-dieu-vincent-de-paul-livre-premier-chapitre-xlv\/","title":{"rendered":"La vie du v\u00e9n\u00e9rable serviteur de Dieu Vincent de Paul, Livre premier, Chapitre XLV"},"content":{"rendered":"<p><b>L&rsquo;H\u00f4pital des pauvres vieillards \u00e9tabli \u00e0 Paris par M. Vincent, qui a donn\u00e9 occasion \u00e0 l&rsquo;\u00e9tablissement de l&rsquo;H\u00f4pital-G\u00e9n\u00e9ral des pauvres en la m\u00eame ville.<\/b><\/p>\n<p>La charit\u00e9 de M. Vincent \u00e9tait semblable au feu, qui est toujours en action, quand il trouve de la mati\u00e8re propre; ou plut\u00f4t elle \u00e9tait tout anim\u00e9e et embras\u00e9e de ce feu c\u00e9leste que J\u00e9sus-Christ est venu apporter sur la terre, et qui met les c\u0153urs dans une continuelle disposition d&rsquo;agir pour la gloire de Dieu, et pour le salut des \u00e2mes: C&rsquo;est pourquoi ce fid\u00e8le serviteur de Dieu ne laissait \u00e9chapper aucune occasion de servir l&rsquo;\u00c9glise, ou de procurer le vrai bien de son prochain. Et, bien qu&rsquo;outre le poids de son \u00e2ge, et les infirmit\u00e9s qui accompagnent ordinairement la vieillesse, il f\u00fbt encore surcharg\u00e9 et comme accabl\u00e9 d&rsquo;un grand nombre d&rsquo;affaires de pi\u00e9t\u00e9, dont il soutenait le faix et la pesanteur, cela n&#8217;emp\u00eachait pas qu&rsquo;il ne f\u00fbt toujours pr\u00eat et dispos\u00e9 d&rsquo;entreprendre de nouvelles \u0153uvres pour la gloire de Dieu, son z\u00e8le s&rsquo;augmentant et se fortifiant par les travaux, comme s&rsquo;il e\u00fbt re\u00e7u un surcro\u00eet de vigueur et de forces, de ce qui semblait le devoir affaiblir et \u00e9puiser.<\/p>\n<p>Cela parut dans une occasion que la divine Providence lui fit na\u00eetre en l&rsquo;ann\u00e9e 1653 laquelle, l&rsquo;engageant dans un nouvel exercice de charit\u00e9, donna depuis commencement \u00e0 l\u2019une des plus grandes et des plus consid\u00e9rables entreprises qui se soient vues depuis longtemps dans l&rsquo;\u00c9glise; c&rsquo;est \u00e0 savoir l&rsquo;\u00e9tablissement de l&rsquo;H\u00f4pital-G\u00e9n\u00e9ral des pauvres \u00e0 Paris, duquel on peut dire sans d\u00e9roger \u00e0 l&rsquo;honneur et au m\u00e9rite de toutes les personnes vertueuses, qui y ont tr\u00e8s saintement et tr\u00e8s avantageusement contribu\u00e9, que M. Vincent en a mis comme la premi\u00e8re pierre, ou plut\u00f4t que Dieu s&rsquo;est servi de sa main, sans qu&rsquo;il conn\u00fbt presque les desseins de sa providence, pour en poser les premiers fondements, sur lesquels ensuite le z\u00e8le et la coop\u00e9ration de plusieurs autres grands et insignes ouvriers ont \u00e9lev\u00e9 ce merveilleux \u00e9difice, qui va tous les jours s&rsquo;augmentant avec b\u00e9n\u00e9diction.<\/p>\n<p>Voici un r\u00e9cit sommaire de la mani\u00e8re dont la chose est arriv\u00e9e:<\/p>\n<p>Un bourgeois de Paris, pouss\u00e9 d&rsquo;un d\u00e9sir de rendre quelque service \u00e0 Dieu, et de faire quelque chose qui lui f\u00fbt agr\u00e9able, s&rsquo;adressa un jour \u00e0 M. Vincent, en la charit\u00e9 duquel il avait une confiance toute particuli\u00e8re; et lui dit qu&rsquo;il avait dessein de lui mettre entre les mains une somme consid\u00e9rable d&rsquo;argent, pour \u00eatre par lui employ\u00e9e en quelques \u0153uvres de pi\u00e9t\u00e9, telles qu&rsquo;il jugerait \u00eatre plus exp\u00e9dient; \u00e0 condition n\u00e9anmoins que jamais il ne d\u00e9clarerait qu&rsquo;il en f\u00fbt l&rsquo;auteur, et qu&rsquo;il ne dira son nom \u00e0 personne; voulant faire cette bonne \u0153uvre purement pour Dieu, et sans \u00eatre connu d\u2019aucun autre apr\u00e8s Dieu que de lui seul.<\/p>\n<p>M. Vincent, ayant cru ne devoir pas lui refuser ce service, re\u00e7ut cette somme comme en d\u00e9p\u00f4t; et apr\u00e8s avoir bien pens\u00e9 devant Dieu, et demand\u00e9 sa lumi\u00e8re pour conna\u00eetre \u00e0 quelle bonne \u0153uvre il aurait agr\u00e9able qu&rsquo;elle f\u00fbt employ\u00e9e, il ne voulut rien arr\u00eater ni r\u00e9soudre qu&rsquo;il n&rsquo;en e\u00fbt communiqu\u00e9 plus particuli\u00e8rement avec celui qui lui avait mis ce charitable d\u00e9p\u00f4t entre ses mains: il en conf\u00e9ra donc avec lui, et tous deux ensemble convinrent d&#8217;employer cette somme pour fonder un h\u00f4pital qui serv\u00eet de retraite aux pauvres artisans, lesquels, ne pouvant plus gagner leur vie par vieillesse, ou par infirmit\u00e9, se trouveraient r\u00e9duits \u00e0 la mendicit\u00e9, en laquelle on voit ordinairement les pauvres n\u00e9gliger leur salut; estimant que ce serait le moyen d&rsquo;exercer une double charit\u00e9 en leur endroit, pourvoyant tout ensemble aux besoins de leurs corps, et aux n\u00e9cessit\u00e9s spirituelles de leurs \u00e2mes. Il proposa cette pens\u00e9e au bienfaiteur, qui l&rsquo;approuva grandement, et y consentit bien volontiers; mais \u00e0 condition que l&rsquo;administration spirituelle et temporelle de cet h\u00f4pital demeurerait pour toujours au sup\u00e9rieur g\u00e9n\u00e9ral de la Congr\u00e9gation de la Mission.<\/p>\n<p>Pour l&rsquo;ex\u00e9cution de ce dessein M. Vincent acheta deux maisons, et une place assez grande dans le faubourg de Saint-Laurent de la ville de Paris,. qu\u2019il\u00a0 meubla de lits, de linge, et autres choses n\u00e9cessaires; il y fit aussi accommoder une petite chapelle avec tous les ajustements convenables,. et du reste de l&rsquo;argent ayant acquis une rente annuelle, il re\u00e7ut dans cet h\u00f4pital quarante pauvres, savoir, vingt hommes, et vingt femmes, qu&rsquo;on y a nourris et entretenus jusqu&rsquo;\u00e0 pr\u00e9sent, que leur rente \u00e9tant diminu\u00e9e, on sera contraint d&rsquo;en retrancher quelques-uns de ce nombre, si la Providence de Dieu n&rsquo;y pourvoit bient\u00f4t d&rsquo;ailleurs. M. Vincent fit donc mettre ces quarante pauvres en deux corps de logis s\u00e9par\u00e9s les uns des autres, mais tellement dispos\u00e9s qu&rsquo;ils peuvent tous entendre une m\u00eame messe, et une m\u00eame lecture de table, prenant leurs repas en commun, chaque sexe \u00e0 part, sans se voir ni se parler. Il fit aussi acheter et dresser des m\u00e9tiers, des outils, et autres choses convenables pour les occuper selon leurs petites forces et industries, afin d&rsquo;\u00e9viter l&rsquo;oisivet\u00e9. Il d\u00e9signa des Filles de la Charit\u00e9 pour le soin et le service de ces pauvres gens,\u00a0 commit un pr\u00eatre de la Mission pour c\u00e9l\u00e9brer la sainte messe dans cet h\u00f4pital, et pour administrer \u00e0 ces pauvres la parole de Dieu, et les sacrements; il fut lui-m\u00eame des premiers \u00e0 les instruire et \u00e0 leur recommander l&rsquo;union entre eux, la pi\u00e9t\u00e9 envers Dieu, et surtout la reconnaissance envers son infinie bont\u00e9 de les avoir retir\u00e9s de l&rsquo;indigence et de la mis\u00e8re, et de leur procurer une retraite si tranquille et si commode pour les besoins de leurs corps, et pour le salut de leurs \u00e2mes .<\/p>\n<p>Il donna \u00e0 cette maison le titre d&rsquo;h\u00f4pital du Nom-de-J\u00e9sus, et passa une d\u00e9claration de cette fondation devant notaires, sans pourtant nommer le fondateur: ensuite de quoi M. l&rsquo;archev\u00eaque de Paris l&rsquo;ayant approuv\u00e9e, lui en donna l&rsquo;enti\u00e8re direction pour lui et pour ses successeurs, et le roi a confirm\u00e9 et autoris\u00e9 le tout par ses lettres patentes .<\/p>\n<p>Lorsque quelqu&rsquo;un de ces pauvres vient \u00e0 mourir, on en prend un autre pour remplir sa place. Ils y vivent en grande paix, et s&rsquo;estiment heureux d&rsquo;\u00eatre ainsi entretenus et assist\u00e9s, tant en leur vie qu&rsquo;en leur mort, n&rsquo;ayant autre soin que de vivre chr\u00e9tiennement pour se disposer par ce moyen \u00e0 bien mourir; et leur mani\u00e8re de vie douce et r\u00e9gl\u00e9e donne un tel plaisir aux autres de leur succ\u00e9der, qu&rsquo;il y en a grand nombre qui recherchent et demandent les places, plusieurs ann\u00e9es avant qu&rsquo;elles soient vacantes.<\/p>\n<p>M. Vincent ayant donc ainsi \u00e9tabli et r\u00e9gl\u00e9 ce nouvel h\u00f4pital, plusieurs dames de la charit\u00e9 de Paris, et autres personnes de condition et de vertu le vinrent visiter; et, le consid\u00e9rant en toutes ses parties, elles y remarqu\u00e8rent un si bon ordre et une si sainte \u00e9conomie, qu&rsquo;elles en furent merveilleusement \u00e9difi\u00e9es: On y voyait une paix et une union merveilleuse; le murmure et la m\u00e9disance en \u00e9taient bannis, avec les autres vices: les pauvres s&rsquo;occupaient \u00e0 leurs petits ouvrages, et s&rsquo;acquittaient de tous leurs devoirs de pi\u00e9t\u00e9 conformes \u00e0 leur condition; Enfin c&rsquo;\u00e9tait une petite image de la vie des premiers, chr\u00e9tiens et plut\u00f4t une religion qu&rsquo;un h\u00f4pital de s\u00e9culiers .<\/p>\n<p>La vue de ce lieu si bien r\u00e9gl\u00e9 donnait sujet aux personnes vertueuses qui le venaient visiter, de d\u00e9plorer le malheur de tant de pauvres qui demandaient l&rsquo;aum\u00f4ne dans les rues, et dans les \u00e9glises de Paris, et qui menaient pour la plupart une vie \u00e9trange dans toute sorte de vices et de libertinages, sans qu&rsquo;on e\u00fbt pu jusqu&rsquo;alors y rem\u00e9dier. Plusieurs de ces dames de la charit\u00e9 eurent la pens\u00e9e qu&rsquo;il ne serait pas difficile \u00e0 M. Vincent de les tirer de ce d\u00e9sordre, et d&rsquo;en faire bien vivre un grand nombre aussi bien qu&rsquo;un petit: Dieu donnant gr\u00e2ce et b\u00e9n\u00e9diction \u00e0 toutes ses entreprises; et d&rsquo;ailleurs ayant en sa disposition, tant en la maison de Saint-Lazare, qu&rsquo;en celle des Filles de la Charit\u00e9, des personnes tr\u00e8s propres pour ce dessein, pourvu que l&rsquo;on e\u00fbt des lieux suffisants pour retirer et pour occuper ces pauvres.<\/p>\n<p>Les premi\u00e8res dames qui eurent cette pens\u00e9e la communiqu\u00e8rent \u00e0 plusieurs autres, et celles-ci \u00e9tant venues visiter ce petit h\u00f4pital entr\u00e8rent dans le m\u00eame sentiment; une d&rsquo;entre elles offrit d&rsquo;abord de donner cinquante mille livres pour commencer un h\u00f4pital g\u00e9n\u00e9ral; et une autre s&rsquo;obligea de donner trois mille livres de rente pour le m\u00eame dessein: Enfin, le jour de l&rsquo;assembl\u00e9e de ces dames \u00e9tant venu, o\u00f9 M. Vincent se trouvait toujours, s&rsquo;il ne lui arrivait quelque emp\u00eachement extraordinaire, comme il a \u00e9t\u00e9 dit; elles lui firent cette grande proposition, qui d&rsquo;abord le surprit, et lui donna sujet d&rsquo;admirer le z\u00e8le et la charit\u00e9 de ces vertueuses dames, dont il loua Dieu et les congratula grandement. Il leur dit n\u00e9anmoins que l&rsquo;affaire \u00e9tait d&rsquo;une telle importance, qu&rsquo;elle m\u00e9ritait\u00a0 d\u2019\u00eatre m\u00fbrement consid\u00e9r\u00e9e, et qu&rsquo;il la fallait beaucoup recommander \u00e0 Dieu.<\/p>\n<p>A la prochaine assembl\u00e9e, elles y parurent avec de nouvelles ardeurs, pour venir \u00e0 l&rsquo;ex\u00e9cution de ce grand dessein; elles assur\u00e8rent que l&rsquo;argent ne manquerait point, qu&rsquo;elles connaissaient d&rsquo;autres personnes consid\u00e9rables qui avaient intention d&rsquo;y contribuer notablement; et sur cela press\u00e8rent M. Vincent de trouver bon et de consentir que leur Compagnie l&rsquo;entrepr\u00eet; ce qui ayant \u00e9t\u00e9 mis en d\u00e9lib\u00e9ration, il fut r\u00e9solu qu&rsquo;on travaillerait pour le commencer M. Vincent e\u00fbt pourtant bien d\u00e9sir\u00e9 temporiser encore quelque peu, avant de s&rsquo;engager \u00e0 une telle entreprise, mais il ne put arr\u00eater la ferveur de ces vertueuses dames: et parce qu&rsquo;il fallait une maison fort ample, et de grands espaces pour loger tous ces pauvres, on proposa de demander au roi la maison et tous les enclos de la Salp\u00e9tri\u00e8re pr\u00e8s de la rivi\u00e8re, et vis-a-vis de l&rsquo;arsenal, lesquels pour lors n&rsquo;\u00e9taient pas de grand service; M. Vincent en parla \u00e0 la reine r\u00e9gente, qui accorda bien volontiers cette demande, et le brevet du don en fut exp\u00e9di\u00e9; et sur l&rsquo;opposition que fit un particulier qui pr\u00e9tendait y avoir quelque int\u00e9r\u00eat, une des dames lui promit cent livres de rente pour le d\u00e9dommager.<\/p>\n<p>Apr\u00e8s cela il semblait \u00e0 ces dames charitables que toutes choses \u00e9taient suffisamment dispos\u00e9es pour commencer l&rsquo;ex\u00e9cution de leur dessein, et il tardait \u00e0 quelques-unes des plus ferventes, qu&rsquo;elles ne vissent tous les pauvres retir\u00e9s en ce lieu, de quoi elles pressaient fort M. Vincent: mais comme il ne convenait pas avec elles de la mani\u00e8re d&rsquo;attirer les pauvres en cette maison et de conduire une telle entreprise, sa plus grande peine fut de retenir les plus pressantes; car il lui semblait qu&rsquo;elles allaient trop vite pour son pas. C&rsquo;est pourquoi il leur dit un jour en particulier, pour mod\u00e9rer l&rsquo;ardeur de leur z\u00e8le: \u00ab Que les oeuvres de Dieu se faisaient peu \u00e0 peu, par commencements, et par progr\u00e8s: quand Dieu voulut sauver No\u00eb du d\u00e9luge avec sa famille, il lui commanda de faire une arche qui pouvait \u00eatre achev\u00e9e en peu de temps; et n\u00e9anmoins il la fit commencer cent ans auparavant afin qu&rsquo;il la f\u00eet petit \u00e0 petit. Dieu voulant semblablement conduire et introduire les enfants d&rsquo;lsra\u00ebl en la terre de promission, il pouvait leur faire faire ce voyage dans peu de jours; et cependant plus de quarante ans s&rsquo;\u00e9coul\u00e8rent avant qu&rsquo;il leur flt la gr\u00e2ce d\u2019y entrer. De m\u00eame, Dieu ayant dessein d&rsquo;envoyer son Fils au monde pour rem\u00e9dier au p\u00e9ch\u00e9 du premier homme qui avait infect\u00e9 tous les autres, pourquoi tarda-t-il trois ou quatre mille ans ? C&rsquo;est qu&rsquo;il ne se h\u00e2te point dans ses \u0153uvres, et qu&rsquo;il fait toutes choses dans leur temps. Et Notre-Seigneur, venant sur la terre, pouvait venir dans un \u00e2ge parfait op\u00e9rer notre r\u00e9demption, sans y employer trente ans de vie cach\u00e9e, qui pourrait sembler superflue: n\u00e9anmoins il a voulu na\u00eetre petit enfant et cro\u00eetre en \u00e2ge \u00e0 la fa\u00e7on des autres hommes, pour parvenir peu \u00e0 peu a la consommation de cet incomparable bienfait. Ne disait-il pas aussi quelquefois, parlant des choses qu&rsquo;il avait \u00e0 faire, que son heure n&rsquo;\u00e9tait pas encore venue; pour nous apprendre de ne nous pas trop avancer dans les choses qui d\u00e9pendent plus de Dieu que de nous. Il pouvait m\u00eame de son temps \u00e9tablir l&rsquo;\u00c9glise par toute la terre; mais il se contenta d&rsquo;en jeter les fondements, et laissa le reste \u00e0 faire \u00e0 ses ap\u00f4tres et \u00e0 leurs successeurs. Selon cela il n&rsquo;est pas exp\u00e9dient de vouloir tout faire \u00e0 la fois, et tout \u00e0 coup, ni de penser que tout sera perdu si un chacun ne s&#8217;empresse avec nous, pour coop\u00e9rer \u00e0 un peu de bonne volont\u00e9 que nous avons. Que faut-il donc faire ? Aller doucement, beaucoup prier Dieu, et agir de concert \u00bb<\/p>\n<p>Il ajouta que, \u00ab selon son sentiment il estimait qu&rsquo;il ne fallait faire d&rsquo;abord qu&rsquo;un essai, et prendre cent ou deux cents pauvres, et encore seulement ceux qui viendraient de leur bon gr\u00e9, sans en contraindre aucun; que ceux-l\u00e0 \u00e9tant bien trait\u00e9s et bien contents donneraient de l&rsquo;attrait aux autres; et qu&rsquo;ainsi l&rsquo;on augmenterait le nombre \u00e0 proportion que la Providence enverrait des fonds: qu&rsquo;on \u00e9tait assur\u00e9 de ne rien g\u00e2ter en agissant de la sorte, et qu\u2019au contraire la pr\u00e9cipitation, et la contrainte dont on userait, pourraient \u00eatre un emp\u00eachement au dessein de Dieu: que si l&rsquo;\u0153uvre \u00e9tait de lui, elle r\u00e9ussirait et subsisterait; mais que si elle \u00e9tait seulement d&rsquo;industrie humaine, elle n&rsquo;irait pas trop bien, ni beaucoup plus loin \u00bb<\/p>\n<p>Voil\u00e0 quels \u00e9taient les sentiments de M. Vincent, et les remontrances qu\u2019il fit \u00e0 ces dames, qui apport\u00e8rent quelque temp\u00e9rament \u00e0 l&rsquo;ardeur de leur z\u00e8le: mais ce qui retarda le plus l\u2019ex\u00e9cution de cette affaire, fut que quelques-uns des principaux magistrats croyant qu&rsquo;il y avait quelque sorte d&rsquo;impossibilit\u00e9 dans son ex\u00e9cution, ne pouvaient se r\u00e9soudre de la passer et d&rsquo;y consentir: ce qui fut cause que les ann\u00e9es 1655 et 1656 s&rsquo;\u00e9coul\u00e8rent sans qu&rsquo;on p\u00fbt faire autre chose, sinon dresser plusieurs projets, et proposer divers moyens pour l&rsquo;ex\u00e9cution de ce grand dessein; \u00e0 quoi quelques personnes de condition et de vertu s&#8217;employ\u00e8rent avec un tr\u00e8s grand z\u00e8le, auquel enfin Dieu ayant donn\u00e9 b\u00e9n\u00e9diction, l&rsquo;on convint de la mani\u00e8re de l&rsquo;entreprise, et de la forme du gouvernement, et l&rsquo;on nomma des administrateurs ou directeurs, qui \u00e9taient tous personnes d&rsquo;honneur et de pi\u00e9t\u00e9 pour y donner commencement. Les dames de la charit\u00e9, qui avaient \u00e9bauch\u00e9 ce grand ouvrage sous la sage conduite de M. Vincent, furent grandement consol\u00e9es de le voir appuy\u00e9 et soutenu de l&rsquo;autorit\u00e9 publique; et par son avis, elles s&rsquo;en d\u00e9charg\u00e8rent sur ces MM. les administrateurs: et pour leur donner moyen de b\u00e2tir sur leur fondement, M. Vincent leur remit avec elles non seulement la Salp\u00e9tri\u00e8re, mais encore le ch\u00e2teau de Bic\u00eatre, qu&rsquo;il avait obtenu et poss\u00e9d\u00e9 quelques ann\u00e9es auparavant pour les enfants trouv\u00e9s.<\/p>\n<p>Outre tous ces grands logements que ces dames ont c\u00e9d\u00e9s pour retirer les pauvres, elles y ont encore contribu\u00e9 des sommes fort notables, et quantit\u00e9 de linge, de lits et autres meubles, dont quelques-uns m\u00eame ont \u00e9t\u00e9 faits \u00e0 Saint-Lazare par les menuisiers de la maison, pour fournir aux premiers accommodements n\u00e9cessaires dans ces maisons, pour y recevoir les pauvres: et ainsi cette entreprise s&rsquo;est ex\u00e9cut\u00e9e, non toutefois par forme d&rsquo;essai, ni du gr\u00e9 des pauvres, selon le premier projet de M. Vincent, mais comme par une r\u00e9solution absolue de les enfermer pour les emp\u00eacher de gueuser: et on a contraint tous les mendiants qui se sont trouv\u00e9s dans Paris, ou de travailler pour gagner leur vie, ou bien d&rsquo;entrer dans l&rsquo;H\u00f4pital-G\u00e9n\u00e9ral.<\/p>\n<p>Voici ce que M. Vincent en \u00e9crivit au mois de mars de l&rsquo;ann\u00e9e 1657 \u00e0 une personne de confiance.<\/p>\n<p>\u00ab L&rsquo;on va \u00f4ter la mendicit\u00e9 de Paris, et ramasser tous les pauvres en des lieux propres pour les entretenir, instruire, et occuper. C\u2019est un grand dessein, et fort difficile, mais qui est bien avanc\u00e9, gr\u00e2ce \u00e0 Dieu, et approuv\u00e9 de tout le monde: beaucoup de personnes lui donnent abondamment, et d\u2019autres s&rsquo;y emploient volontiers. On a d\u00e9j\u00e0 dix mille chemises, et du reste \u00e0 proportion. Le roi et le Parlement l&rsquo;ont puissamment appuy\u00e9, et sans m&rsquo;en faire parler, ont destin\u00e9 les pr\u00eatres de notre Congr\u00e9gation, et les Filles de la Charit\u00e9 pour le service des pauvres, sous le bon plaisir de M. l&rsquo;archev\u00eaque de Paris. Nous ne sommes pourtant pas encore r\u00e9solus de nous engager \u00e0 ces emplois, pour ne pas assez conna\u00eetre si le bon Dieu le veut; mais si nous les entreprenons, ce ne sera d&rsquo;abord que pour essayer.\u00bb<\/p>\n<p>M. Vincent donc\u00a0 ayant \u00e9t\u00e9 averti qu&rsquo;on avait fait dessein d&#8217;employer les pr\u00eatres de sa Congr\u00e9gation pour l&rsquo;assistance spirituelle des pauvres de l&rsquo;H\u00f4pital-G\u00e9n\u00e9ral, crut que cet engagement \u00e9tait d&rsquo;une telle importance pour sa Congr\u00e9gation, qu&rsquo;il m\u00e9ritait bien qu&rsquo;on y pens\u00e2t devant Dieu, et qu&rsquo;on avis\u00e2t s&rsquo;il \u00e9tait exp\u00e9dient de l&rsquo;accepter: c&rsquo;est pourquoi apr\u00e8s avoir pri\u00e9 Dieu pour ce sujet, il assembla les pr\u00eatres de la maison de Saint-Lazare pour en d\u00e9lib\u00e9rer, et leur ayant repr\u00e9sent\u00e9 les diverses consid\u00e9rations qui pouvaient les porter, ou les d\u00e9tourner de cet emploi; enfin on conclut de s&rsquo;en excuser, comme l&rsquo;on fit pour plusieurs tr\u00e8s grandes et tr\u00e8s importantes raisons. Et parce que les lettres patentes du roi qui avaient d\u00e9j\u00e0 \u00e9t\u00e9 exp\u00e9di\u00e9es pour la fondation de l&rsquo;h\u00f4pital g\u00e9n\u00e9ral leur attribuaient ce droit, ils y renonc\u00e8rent absolument par un acte authentique, afin que d&rsquo;autres eccl\u00e9siastiques pussent avec toute libert\u00e9 s&rsquo;appliquer en cet emploi .<\/p>\n<p>N\u00e9anmoins comme l&rsquo;\u00e9tablissement de cet h\u00f4pital \u00e9tait alors sur le point d&rsquo;\u00e9clore, les directeurs et administrateurs \u00e9tant press\u00e9s d&rsquo;en faire l&rsquo;ouverture au plus t\u00f4t, pour \u00e9viter que ce refus des pr\u00eatres de la Mission ne f\u00fbt cause qu&rsquo;une si sainte entreprise souffr\u00eet du retardement, ou que les pauvres vinssent \u00e0 manquer de secours spirituels; M. Vincent convia un eccl\u00e9siastique de la Compagnie, de ceux qui s&rsquo;assemblent le mardi \u00e0 Saint-Lazare,\u00a0 d&rsquo;accepter la charge de recteur de l&rsquo;H\u00f4pital-G\u00e9n\u00e9ral, ce qu&rsquo;il fit: Et apr\u00e8s y avoir rendu service quelque temps, avec d&rsquo;autres eccl\u00e9siastiques qui se joignirent \u00e0 lui, et fait aussi des missions dans les maisons de l&rsquo;h\u00f4pital, par le secours de plusieurs vertueux eccl\u00e9siastiques de la m\u00eame Compagnie et autres habitu\u00e9s en diverses \u00e9glises de Paris; ses indispositions ne lui permettant pas de porter plus longtemps cette charge, qui \u00e9tait tr\u00e8s laborieuse et p\u00e9nible, il s&rsquo;en d\u00e9mit entre les mains de MM. les vicaires g\u00e9n\u00e9raux de M. le cardinal de Retz, archev\u00eaque de Paris; lesquels substitu\u00e8rent en sa place un docteur de la facult\u00e9 de Paris de la m\u00eame Compagnie, qui a exerc\u00e9 pendant plusieurs ann\u00e9es la charge de recteur de l&rsquo;H\u00f4pital-G\u00e9n\u00e9ral avec grande b\u00e9n\u00e9diction, et y a travaill\u00e9 avec un z\u00e8le infatigable, par des missions presque continuelles qui ont \u00e9t\u00e9 faites par ses soins en toutes les maisons de cet h\u00f4pital<\/p>\n","protected":false},"excerpt":{"rendered":"<p>L&rsquo;H\u00f4pital des pauvres vieillards \u00e9tabli \u00e0 Paris par M. Vincent, qui a donn\u00e9 occasion \u00e0 l&rsquo;\u00e9tablissement de l&rsquo;H\u00f4pital-G\u00e9n\u00e9ral des pauvres en la m\u00eame ville. La charit\u00e9 de M. Vincent \u00e9tait semblable au feu, qui est &#8230; <a href=\"http:\/\/vincentians.com\/fr\/la-vie-du-venerable-serviteur-de-dieu-vincent-de-paul-livre-premier-chapitre-xlv\/\" class=\"more-link\">Read More<\/a><\/p>\n","protected":false},"author":4,"featured_media":149583,"comment_status":"open","ping_status":"open","sticky":false,"template":"","format":"standard","meta":{"jetpack_post_was_ever_published":false,"_jetpack_newsletter_access":"","_jetpack_dont_email_post_to_subs":false,"_jetpack_newsletter_tier_id":0,"_jetpack_memberships_contains_paywalled_content":false,"_jetpack_memberships_contains_paid_content":false,"footnotes":"","jetpack_publicize_message":"","jetpack_publicize_feature_enabled":true,"jetpack_social_post_already_shared":true,"jetpack_social_options":{"image_generator_settings":{"template":"highway","default_image_id":0,"font":"","enabled":false},"version":2}},"categories":[5],"tags":[],"class_list":["post-105647","post","type-post","status-publish","format-standard","has-post-thumbnail","hentry","category-vincent-de-paul"],"yoast_head":"<!-- This site is optimized with the Yoast SEO plugin v26.3 - https:\/\/yoast.com\/wordpress\/plugins\/seo\/ -->\n<title>La vie du v\u00e9n\u00e9rable serviteur de Dieu Vincent de Paul, Livre premier, Chapitre XLV - Nous Sommes Vincentiens<\/title>\n<meta name=\"robots\" content=\"index, follow, max-snippet:-1, max-image-preview:large, max-video-preview:-1\" \/>\n<link rel=\"canonical\" href=\"http:\/\/vincentians.com\/fr\/la-vie-du-venerable-serviteur-de-dieu-vincent-de-paul-livre-premier-chapitre-xlv\/\" \/>\n<meta property=\"og:locale\" content=\"fr_FR\" \/>\n<meta property=\"og:type\" content=\"article\" \/>\n<meta property=\"og:title\" content=\"La vie du v\u00e9n\u00e9rable serviteur de Dieu Vincent de Paul, Livre premier, Chapitre XLV - Nous Sommes Vincentiens\" \/>\n<meta property=\"og:description\" content=\"L&rsquo;H\u00f4pital des pauvres vieillards \u00e9tabli \u00e0 Paris par M. Vincent, qui a donn\u00e9 occasion \u00e0 l&rsquo;\u00e9tablissement de l&rsquo;H\u00f4pital-G\u00e9n\u00e9ral des pauvres en la m\u00eame ville. La charit\u00e9 de M. Vincent \u00e9tait semblable au feu, qui est ... Read More\" \/>\n<meta property=\"og:url\" content=\"http:\/\/vincentians.com\/fr\/la-vie-du-venerable-serviteur-de-dieu-vincent-de-paul-livre-premier-chapitre-xlv\/\" \/>\n<meta property=\"og:site_name\" content=\"Nous Sommes Vincentiens\" \/>\n<meta property=\"article:publisher\" content=\"https:\/\/www.facebook.com\/WeAreVincentians\/\" \/>\n<meta property=\"article:author\" content=\"https:\/\/www.facebook.com\/JavierChento\" \/>\n<meta property=\"article:published_time\" content=\"2013-01-21T11:19:43+00:00\" \/>\n<meta property=\"og:image\" content=\"https:\/\/i0.wp.com\/vincentians.com\/fr\/wp-content\/uploads\/sites\/10\/2016\/07\/abelly-feat.jpg?fit=1200%2C630\" \/>\n\t<meta property=\"og:image:width\" content=\"1200\" \/>\n\t<meta property=\"og:image:height\" content=\"630\" \/>\n\t<meta property=\"og:image:type\" content=\"image\/jpeg\" \/>\n<meta name=\"author\" content=\"Francisco Javier Fern\u00e1ndez Chento\" \/>\n<meta name=\"twitter:card\" content=\"summary_large_image\" \/>\n<meta name=\"twitter:creator\" content=\"@https:\/\/twitter.com\/javierchento\" \/>\n<meta name=\"twitter:site\" content=\"@WeVincentians\" \/>\n<meta name=\"twitter:label1\" content=\"\u00c9crit par\" \/>\n\t<meta name=\"twitter:data1\" content=\"Francisco Javier Fern\u00e1ndez Chento\" \/>\n\t<meta name=\"twitter:label2\" content=\"Dur\u00e9e de lecture estim\u00e9e\" \/>\n\t<meta name=\"twitter:data2\" content=\"17 minutes\" \/>\n<script type=\"application\/ld+json\" class=\"yoast-schema-graph\">{\"@context\":\"https:\/\/schema.org\",\"@graph\":[{\"@type\":\"WebPage\",\"@id\":\"http:\/\/vincentians.com\/fr\/la-vie-du-venerable-serviteur-de-dieu-vincent-de-paul-livre-premier-chapitre-xlv\/\",\"url\":\"http:\/\/vincentians.com\/fr\/la-vie-du-venerable-serviteur-de-dieu-vincent-de-paul-livre-premier-chapitre-xlv\/\",\"name\":\"La vie du v\u00e9n\u00e9rable serviteur de Dieu Vincent de Paul, Livre premier, Chapitre XLV - Nous Sommes Vincentiens\",\"isPartOf\":{\"@id\":\"http:\/\/vincentians.com\/fr\/#website\"},\"primaryImageOfPage\":{\"@id\":\"http:\/\/vincentians.com\/fr\/la-vie-du-venerable-serviteur-de-dieu-vincent-de-paul-livre-premier-chapitre-xlv\/#primaryimage\"},\"image\":{\"@id\":\"http:\/\/vincentians.com\/fr\/la-vie-du-venerable-serviteur-de-dieu-vincent-de-paul-livre-premier-chapitre-xlv\/#primaryimage\"},\"thumbnailUrl\":\"https:\/\/i0.wp.com\/vincentians.com\/fr\/wp-content\/uploads\/sites\/10\/2016\/07\/abelly-feat.jpg?fit=1200%2C630\",\"datePublished\":\"2013-01-21T11:19:43+00:00\",\"author\":{\"@id\":\"http:\/\/vincentians.com\/fr\/#\/schema\/person\/9623ef4d9aa3b2dfb8c061f1499288f2\"},\"breadcrumb\":{\"@id\":\"http:\/\/vincentians.com\/fr\/la-vie-du-venerable-serviteur-de-dieu-vincent-de-paul-livre-premier-chapitre-xlv\/#breadcrumb\"},\"inLanguage\":\"fr-FR\",\"potentialAction\":[{\"@type\":\"ReadAction\",\"target\":[\"http:\/\/vincentians.com\/fr\/la-vie-du-venerable-serviteur-de-dieu-vincent-de-paul-livre-premier-chapitre-xlv\/\"]}]},{\"@type\":\"ImageObject\",\"inLanguage\":\"fr-FR\",\"@id\":\"http:\/\/vincentians.com\/fr\/la-vie-du-venerable-serviteur-de-dieu-vincent-de-paul-livre-premier-chapitre-xlv\/#primaryimage\",\"url\":\"https:\/\/i0.wp.com\/vincentians.com\/fr\/wp-content\/uploads\/sites\/10\/2016\/07\/abelly-feat.jpg?fit=1200%2C630\",\"contentUrl\":\"https:\/\/i0.wp.com\/vincentians.com\/fr\/wp-content\/uploads\/sites\/10\/2016\/07\/abelly-feat.jpg?fit=1200%2C630\",\"width\":1200,\"height\":630},{\"@type\":\"BreadcrumbList\",\"@id\":\"http:\/\/vincentians.com\/fr\/la-vie-du-venerable-serviteur-de-dieu-vincent-de-paul-livre-premier-chapitre-xlv\/#breadcrumb\",\"itemListElement\":[{\"@type\":\"ListItem\",\"position\":1,\"name\":\"Portada\",\"item\":\"http:\/\/vincentians.com\/fr\/\"},{\"@type\":\"ListItem\",\"position\":2,\"name\":\"La vie du v\u00e9n\u00e9rable serviteur de Dieu Vincent de Paul, Livre premier, Chapitre XLV\"}]},{\"@type\":\"WebSite\",\"@id\":\"http:\/\/vincentians.com\/fr\/#website\",\"url\":\"http:\/\/vincentians.com\/fr\/\",\"name\":\"Nous Sommes Vincentiens\",\"description\":\"Know more to serve more\",\"potentialAction\":[{\"@type\":\"SearchAction\",\"target\":{\"@type\":\"EntryPoint\",\"urlTemplate\":\"http:\/\/vincentians.com\/fr\/?s={search_term_string}\"},\"query-input\":{\"@type\":\"PropertyValueSpecification\",\"valueRequired\":true,\"valueName\":\"search_term_string\"}}],\"inLanguage\":\"fr-FR\"},{\"@type\":\"Person\",\"@id\":\"http:\/\/vincentians.com\/fr\/#\/schema\/person\/9623ef4d9aa3b2dfb8c061f1499288f2\",\"name\":\"Francisco Javier Fern\u00e1ndez Chento\",\"image\":{\"@type\":\"ImageObject\",\"inLanguage\":\"fr-FR\",\"@id\":\"http:\/\/vincentians.com\/fr\/#\/schema\/person\/image\/\",\"url\":\"https:\/\/secure.gravatar.com\/avatar\/497d5cde87b4c3d097d0315953521681ba2cd523ee66e5077c3711f7021e65de?s=96&d=mm&r=g\",\"contentUrl\":\"https:\/\/secure.gravatar.com\/avatar\/497d5cde87b4c3d097d0315953521681ba2cd523ee66e5077c3711f7021e65de?s=96&d=mm&r=g\",\"caption\":\"Francisco Javier Fern\u00e1ndez Chento\"},\"description\":\"Director General y cofundador de La Red de Formaci\u00f3n Vicenciana. Javier es laico vicenciano, afiliado a la Congregaci\u00f3n de la Misi\u00f3n y miembro del Equipo de Misiones Populares de la provincia can\u00f3nica de Zaragoza (Espa\u00f1a) de la Congregaci\u00f3n de la Misi\u00f3n. Graduado en la Universidad Oberta de Catalunya con cuatro grados (Asistente de direcci\u00f3n, Gesti\u00f3n Administrativa, Recursos Humanos y Contabilidad Avanzada). Bil\u00edng\u00fce Espa\u00f1ol\/Ingl\u00e9s. gestiona y mantiene varias p\u00e1ginas web cristianas y vicencianas, incluida including La Red de Formaci\u00f3n Vicenciana, de la que es cofundador. Actualmente es responsable del \u00e1rea de Espa\u00f1ol de .famvin, la Red de Noticias de la Familia Vicenciana. Tambi\u00e9n es m\u00fasico cat\u00f3lico y ha editado varios discos. Es Director General y cofundador de Trovador, una reconocida compa\u00f1\u00eda discogr\u00e1fica critiana de Espa\u00f1a. Trabaja en las Tecnolog\u00edas de la Informaci\u00f3n, ofreciendo servicios de alojamiento, dise\u00f1o y mantenimiento Web, as\u00ed como asesoramiento, formaci\u00f3n y soluciones inform\u00e1ticas, gesti\u00f3n documental y digitalizaci\u00f3n de textos, edici\u00f3n y maquetaci\u00f3n de libros, revistas, flyers, etc.\",\"sameAs\":[\"http:\/\/chento.org\",\"https:\/\/www.facebook.com\/JavierChento\",\"https:\/\/x.com\/https:\/\/twitter.com\/javierchento\"],\"url\":\"http:\/\/vincentians.com\/fr\/author\/chento\/\"}]}<\/script>\n<!-- \/ Yoast SEO plugin. -->","yoast_head_json":{"title":"La vie du v\u00e9n\u00e9rable serviteur de Dieu Vincent de Paul, Livre premier, Chapitre XLV - Nous Sommes Vincentiens","robots":{"index":"index","follow":"follow","max-snippet":"max-snippet:-1","max-image-preview":"max-image-preview:large","max-video-preview":"max-video-preview:-1"},"canonical":"http:\/\/vincentians.com\/fr\/la-vie-du-venerable-serviteur-de-dieu-vincent-de-paul-livre-premier-chapitre-xlv\/","og_locale":"fr_FR","og_type":"article","og_title":"La vie du v\u00e9n\u00e9rable serviteur de Dieu Vincent de Paul, Livre premier, Chapitre XLV - Nous Sommes Vincentiens","og_description":"L&rsquo;H\u00f4pital des pauvres vieillards \u00e9tabli \u00e0 Paris par M. Vincent, qui a donn\u00e9 occasion \u00e0 l&rsquo;\u00e9tablissement de l&rsquo;H\u00f4pital-G\u00e9n\u00e9ral des pauvres en la m\u00eame ville. La charit\u00e9 de M. Vincent \u00e9tait semblable au feu, qui est ... Read More","og_url":"http:\/\/vincentians.com\/fr\/la-vie-du-venerable-serviteur-de-dieu-vincent-de-paul-livre-premier-chapitre-xlv\/","og_site_name":"Nous Sommes Vincentiens","article_publisher":"https:\/\/www.facebook.com\/WeAreVincentians\/","article_author":"https:\/\/www.facebook.com\/JavierChento","article_published_time":"2013-01-21T11:19:43+00:00","og_image":[{"width":1200,"height":630,"url":"https:\/\/i0.wp.com\/vincentians.com\/fr\/wp-content\/uploads\/sites\/10\/2016\/07\/abelly-feat.jpg?fit=1200%2C630","type":"image\/jpeg"}],"author":"Francisco Javier Fern\u00e1ndez Chento","twitter_card":"summary_large_image","twitter_creator":"@https:\/\/twitter.com\/javierchento","twitter_site":"@WeVincentians","twitter_misc":{"\u00c9crit par":"Francisco Javier Fern\u00e1ndez Chento","Dur\u00e9e de lecture estim\u00e9e":"17 minutes"},"schema":{"@context":"https:\/\/schema.org","@graph":[{"@type":"WebPage","@id":"http:\/\/vincentians.com\/fr\/la-vie-du-venerable-serviteur-de-dieu-vincent-de-paul-livre-premier-chapitre-xlv\/","url":"http:\/\/vincentians.com\/fr\/la-vie-du-venerable-serviteur-de-dieu-vincent-de-paul-livre-premier-chapitre-xlv\/","name":"La vie du v\u00e9n\u00e9rable serviteur de Dieu Vincent de Paul, Livre premier, Chapitre XLV - Nous Sommes Vincentiens","isPartOf":{"@id":"http:\/\/vincentians.com\/fr\/#website"},"primaryImageOfPage":{"@id":"http:\/\/vincentians.com\/fr\/la-vie-du-venerable-serviteur-de-dieu-vincent-de-paul-livre-premier-chapitre-xlv\/#primaryimage"},"image":{"@id":"http:\/\/vincentians.com\/fr\/la-vie-du-venerable-serviteur-de-dieu-vincent-de-paul-livre-premier-chapitre-xlv\/#primaryimage"},"thumbnailUrl":"https:\/\/i0.wp.com\/vincentians.com\/fr\/wp-content\/uploads\/sites\/10\/2016\/07\/abelly-feat.jpg?fit=1200%2C630","datePublished":"2013-01-21T11:19:43+00:00","author":{"@id":"http:\/\/vincentians.com\/fr\/#\/schema\/person\/9623ef4d9aa3b2dfb8c061f1499288f2"},"breadcrumb":{"@id":"http:\/\/vincentians.com\/fr\/la-vie-du-venerable-serviteur-de-dieu-vincent-de-paul-livre-premier-chapitre-xlv\/#breadcrumb"},"inLanguage":"fr-FR","potentialAction":[{"@type":"ReadAction","target":["http:\/\/vincentians.com\/fr\/la-vie-du-venerable-serviteur-de-dieu-vincent-de-paul-livre-premier-chapitre-xlv\/"]}]},{"@type":"ImageObject","inLanguage":"fr-FR","@id":"http:\/\/vincentians.com\/fr\/la-vie-du-venerable-serviteur-de-dieu-vincent-de-paul-livre-premier-chapitre-xlv\/#primaryimage","url":"https:\/\/i0.wp.com\/vincentians.com\/fr\/wp-content\/uploads\/sites\/10\/2016\/07\/abelly-feat.jpg?fit=1200%2C630","contentUrl":"https:\/\/i0.wp.com\/vincentians.com\/fr\/wp-content\/uploads\/sites\/10\/2016\/07\/abelly-feat.jpg?fit=1200%2C630","width":1200,"height":630},{"@type":"BreadcrumbList","@id":"http:\/\/vincentians.com\/fr\/la-vie-du-venerable-serviteur-de-dieu-vincent-de-paul-livre-premier-chapitre-xlv\/#breadcrumb","itemListElement":[{"@type":"ListItem","position":1,"name":"Portada","item":"http:\/\/vincentians.com\/fr\/"},{"@type":"ListItem","position":2,"name":"La vie du v\u00e9n\u00e9rable serviteur de Dieu Vincent de Paul, Livre premier, Chapitre XLV"}]},{"@type":"WebSite","@id":"http:\/\/vincentians.com\/fr\/#website","url":"http:\/\/vincentians.com\/fr\/","name":"Nous Sommes Vincentiens","description":"Know more to serve more","potentialAction":[{"@type":"SearchAction","target":{"@type":"EntryPoint","urlTemplate":"http:\/\/vincentians.com\/fr\/?s={search_term_string}"},"query-input":{"@type":"PropertyValueSpecification","valueRequired":true,"valueName":"search_term_string"}}],"inLanguage":"fr-FR"},{"@type":"Person","@id":"http:\/\/vincentians.com\/fr\/#\/schema\/person\/9623ef4d9aa3b2dfb8c061f1499288f2","name":"Francisco Javier Fern\u00e1ndez Chento","image":{"@type":"ImageObject","inLanguage":"fr-FR","@id":"http:\/\/vincentians.com\/fr\/#\/schema\/person\/image\/","url":"https:\/\/secure.gravatar.com\/avatar\/497d5cde87b4c3d097d0315953521681ba2cd523ee66e5077c3711f7021e65de?s=96&d=mm&r=g","contentUrl":"https:\/\/secure.gravatar.com\/avatar\/497d5cde87b4c3d097d0315953521681ba2cd523ee66e5077c3711f7021e65de?s=96&d=mm&r=g","caption":"Francisco Javier Fern\u00e1ndez Chento"},"description":"Director General y cofundador de La Red de Formaci\u00f3n Vicenciana. Javier es laico vicenciano, afiliado a la Congregaci\u00f3n de la Misi\u00f3n y miembro del Equipo de Misiones Populares de la provincia can\u00f3nica de Zaragoza (Espa\u00f1a) de la Congregaci\u00f3n de la Misi\u00f3n. Graduado en la Universidad Oberta de Catalunya con cuatro grados (Asistente de direcci\u00f3n, Gesti\u00f3n Administrativa, Recursos Humanos y Contabilidad Avanzada). Bil\u00edng\u00fce Espa\u00f1ol\/Ingl\u00e9s. gestiona y mantiene varias p\u00e1ginas web cristianas y vicencianas, incluida including La Red de Formaci\u00f3n Vicenciana, de la que es cofundador. Actualmente es responsable del \u00e1rea de Espa\u00f1ol de .famvin, la Red de Noticias de la Familia Vicenciana. Tambi\u00e9n es m\u00fasico cat\u00f3lico y ha editado varios discos. Es Director General y cofundador de Trovador, una reconocida compa\u00f1\u00eda discogr\u00e1fica critiana de Espa\u00f1a. Trabaja en las Tecnolog\u00edas de la Informaci\u00f3n, ofreciendo servicios de alojamiento, dise\u00f1o y mantenimiento Web, as\u00ed como asesoramiento, formaci\u00f3n y soluciones inform\u00e1ticas, gesti\u00f3n documental y digitalizaci\u00f3n de textos, edici\u00f3n y maquetaci\u00f3n de libros, revistas, flyers, etc.","sameAs":["http:\/\/chento.org","https:\/\/www.facebook.com\/JavierChento","https:\/\/x.com\/https:\/\/twitter.com\/javierchento"],"url":"http:\/\/vincentians.com\/fr\/author\/chento\/"}]}},"jetpack_publicize_connections":[],"jetpack_featured_media_url":"https:\/\/i0.wp.com\/vincentians.com\/fr\/wp-content\/uploads\/sites\/10\/2016\/07\/abelly-feat.jpg?fit=1200%2C630","jetpack_sharing_enabled":true,"jetpack_shortlink":"https:\/\/wp.me\/p7ETMP-rtZ","jetpack-related-posts":[{"id":52052,"url":"http:\/\/vincentians.com\/fr\/saint-vincent-de-paul-et-sa-mission-sociale-iii-laction-1\/","url_meta":{"origin":105647,"position":0},"title":"Saint Vincent De Paul Et Sa Mission Sociale. III &#8211; L\u2019action (1)","author":"Francisco Javier Fern\u00e1ndez Chento","date":"25\/12\/2014","format":false,"excerpt":"LES MISSIONS. \u2014 Saint Vincent de Paul missionnaire. \u2014 Organisation des missions rurales. \u2014 Vertus et qualit\u00e9s des missionnaires. \u2014 La pr\u00e9dication d\u2019apr\u00e8s le saint. \u2014 Sa conduite envers les h\u00e9r\u00e9tiques et les infid\u00e8les. \u2014 Les imitateurs de Vincent de Paul. \u2014 Fruits du nouvel apostolat. \u2014 Missions \u00e0 la\u2026","rel":"","context":"Dans &quot;Vincent de Paul&quot;","block_context":{"text":"Vincent de Paul","link":"http:\/\/vincentians.com\/fr\/category\/the-vincentian-family\/founders\/vincent-de-paul\/"},"img":{"alt_text":"","src":"https:\/\/i0.wp.com\/vincentians.com\/fr\/wp-content\/uploads\/sites\/10\/2016\/07\/vincent-et-sa-action-sociale.jpg?fit=1160%2C630&resize=350%2C200","width":350,"height":200,"srcset":"https:\/\/i0.wp.com\/vincentians.com\/fr\/wp-content\/uploads\/sites\/10\/2016\/07\/vincent-et-sa-action-sociale.jpg?fit=1160%2C630&resize=350%2C200 1x, https:\/\/i0.wp.com\/vincentians.com\/fr\/wp-content\/uploads\/sites\/10\/2016\/07\/vincent-et-sa-action-sociale.jpg?fit=1160%2C630&resize=525%2C300 1.5x, https:\/\/i0.wp.com\/vincentians.com\/fr\/wp-content\/uploads\/sites\/10\/2016\/07\/vincent-et-sa-action-sociale.jpg?fit=1160%2C630&resize=700%2C400 2x, https:\/\/i0.wp.com\/vincentians.com\/fr\/wp-content\/uploads\/sites\/10\/2016\/07\/vincent-et-sa-action-sociale.jpg?fit=1160%2C630&resize=1050%2C600 3x"},"classes":[]},{"id":52038,"url":"http:\/\/vincentians.com\/fr\/saint-vincent-de-paul-et-sa-mission-sociale-ii-les-oeuvres-3\/","url_meta":{"origin":105647,"position":1},"title":"Saint Vincent De Paul Et Sa Mission Sociale. II &#8211; Les \u0152uvres (3)","author":"Francisco Javier Fern\u00e1ndez Chento","date":"23\/12\/2014","format":false,"excerpt":"LA S\u0152UR DE CHARIT\u00c9. \u2014 Mademoiselle Le Gras et Vincent de Paul. \u2014 Premiers rapports ; premi\u00e8res \u0153uvres. \u2014 Institution des Filles de la Charit\u00e9, servantes des pauvres. \u2014 Une nouvelle religieuse. \u2014 Conf\u00e9rences. \u2014 R\u00e8gles. \u2014 L\u2019H\u00f4tel de Rambouillet et l\u2019H\u00f4tel-Dieu. \u2014 Les Dames de la Charit\u00e9. Madame Goussault.\u2026","rel":"","context":"Dans &quot;Vincent de Paul&quot;","block_context":{"text":"Vincent de Paul","link":"http:\/\/vincentians.com\/fr\/category\/the-vincentian-family\/founders\/vincent-de-paul\/"},"img":{"alt_text":"","src":"https:\/\/i0.wp.com\/vincentians.com\/fr\/wp-content\/uploads\/sites\/10\/2016\/07\/vincent-et-sa-action-sociale.jpg?fit=1160%2C630&resize=350%2C200","width":350,"height":200,"srcset":"https:\/\/i0.wp.com\/vincentians.com\/fr\/wp-content\/uploads\/sites\/10\/2016\/07\/vincent-et-sa-action-sociale.jpg?fit=1160%2C630&resize=350%2C200 1x, https:\/\/i0.wp.com\/vincentians.com\/fr\/wp-content\/uploads\/sites\/10\/2016\/07\/vincent-et-sa-action-sociale.jpg?fit=1160%2C630&resize=525%2C300 1.5x, https:\/\/i0.wp.com\/vincentians.com\/fr\/wp-content\/uploads\/sites\/10\/2016\/07\/vincent-et-sa-action-sociale.jpg?fit=1160%2C630&resize=700%2C400 2x, https:\/\/i0.wp.com\/vincentians.com\/fr\/wp-content\/uploads\/sites\/10\/2016\/07\/vincent-et-sa-action-sociale.jpg?fit=1160%2C630&resize=1050%2C600 3x"},"classes":[]},{"id":52041,"url":"http:\/\/vincentians.com\/fr\/saint-vincent-de-paul-et-sa-mission-sociale-ii-les-oeuvres-4\/","url_meta":{"origin":105647,"position":2},"title":"Saint Vincent De Paul Et Sa Mission Sociale. II &#8211; Les \u0152uvres (4)","author":"Francisco Javier Fern\u00e1ndez Chento","date":"24\/12\/2014","format":false,"excerpt":"L\u2019H\u00d4PITAL. \u2014 La charit\u00e9 dans les premiers si\u00e8cles de l\u2019\u00c9glise. \u2014 Institutions hospitali\u00e8res du moyen \u00e2ge. \u2014 L\u2019antiquit\u00e9 et le christianisme. \u2014 L\u2019h\u00f4pital dans les temps modernes. \u2014 R\u00f4le de saint Vincent de Paul. \u2014 Diverses fondations du saint. \u2014 L\u2019h\u00f4pital du Nom-de-J\u00e9sus. \u2014 L\u2019H\u00f4pital g\u00e9n\u00e9ral. \u2014 La Madeleine. \u2014\u2026","rel":"","context":"Dans &quot;Vincent de Paul&quot;","block_context":{"text":"Vincent de Paul","link":"http:\/\/vincentians.com\/fr\/category\/the-vincentian-family\/founders\/vincent-de-paul\/"},"img":{"alt_text":"","src":"https:\/\/i0.wp.com\/vincentians.com\/fr\/wp-content\/uploads\/sites\/10\/2016\/07\/vincent-et-sa-action-sociale.jpg?fit=1160%2C630&resize=350%2C200","width":350,"height":200,"srcset":"https:\/\/i0.wp.com\/vincentians.com\/fr\/wp-content\/uploads\/sites\/10\/2016\/07\/vincent-et-sa-action-sociale.jpg?fit=1160%2C630&resize=350%2C200 1x, https:\/\/i0.wp.com\/vincentians.com\/fr\/wp-content\/uploads\/sites\/10\/2016\/07\/vincent-et-sa-action-sociale.jpg?fit=1160%2C630&resize=525%2C300 1.5x, https:\/\/i0.wp.com\/vincentians.com\/fr\/wp-content\/uploads\/sites\/10\/2016\/07\/vincent-et-sa-action-sociale.jpg?fit=1160%2C630&resize=700%2C400 2x, https:\/\/i0.wp.com\/vincentians.com\/fr\/wp-content\/uploads\/sites\/10\/2016\/07\/vincent-et-sa-action-sociale.jpg?fit=1160%2C630&resize=1050%2C600 3x"},"classes":[]},{"id":52061,"url":"http:\/\/vincentians.com\/fr\/saint-vincent-de-paul-et-sa-mission-sociale-iv-le-saint\/","url_meta":{"origin":105647,"position":3},"title":"Saint Vincent De Paul Et Sa Mission Sociale. IV &#8211; Le Saint","author":"Francisco Javier Fern\u00e1ndez Chento","date":"28\/12\/2014","format":false,"excerpt":"La charit\u00e9 ; ses sources, ses effets. \u2014 Foi, humilit\u00e9, douceur de Vincent de Paul. \u2014 Traits de ses vertus. \u2014 Les miracles. \u2014 La vision des deux globes. \u2014 La journ\u00e9e de Vincent ; occupations et aust\u00e9rit\u00e9s. \u2014 Les derniers temps de sa vie. \u2014 Mort et canonisation. \u2014\u2026","rel":"","context":"Dans &quot;Vincent de Paul&quot;","block_context":{"text":"Vincent de Paul","link":"http:\/\/vincentians.com\/fr\/category\/the-vincentian-family\/founders\/vincent-de-paul\/"},"img":{"alt_text":"","src":"https:\/\/i0.wp.com\/vincentians.com\/fr\/wp-content\/uploads\/sites\/10\/2016\/07\/vincent-et-sa-action-sociale.jpg?fit=1160%2C630&resize=350%2C200","width":350,"height":200,"srcset":"https:\/\/i0.wp.com\/vincentians.com\/fr\/wp-content\/uploads\/sites\/10\/2016\/07\/vincent-et-sa-action-sociale.jpg?fit=1160%2C630&resize=350%2C200 1x, https:\/\/i0.wp.com\/vincentians.com\/fr\/wp-content\/uploads\/sites\/10\/2016\/07\/vincent-et-sa-action-sociale.jpg?fit=1160%2C630&resize=525%2C300 1.5x, https:\/\/i0.wp.com\/vincentians.com\/fr\/wp-content\/uploads\/sites\/10\/2016\/07\/vincent-et-sa-action-sociale.jpg?fit=1160%2C630&resize=700%2C400 2x, https:\/\/i0.wp.com\/vincentians.com\/fr\/wp-content\/uploads\/sites\/10\/2016\/07\/vincent-et-sa-action-sociale.jpg?fit=1160%2C630&resize=1050%2C600 3x"},"classes":[]},{"id":52035,"url":"http:\/\/vincentians.com\/fr\/saint-vincent-de-paul-et-sa-mission-sociale-ii-les-oeuvres-2\/","url_meta":{"origin":105647,"position":4},"title":"Saint Vincent De Paul Et Sa Mission Sociale. II &#8211; Les \u0152uvres (2)","author":"Francisco Javier Fern\u00e1ndez Chento","date":"22\/12\/2014","format":false,"excerpt":"LA CONGR\u00c9GATION DE LA MISSION. \u2014 Fondation de la Mission. \u2014 Madame de Gondi. \u2014 Vincent de Paul est nomm\u00e9 sup\u00e9rieur du coll\u00e8ge des Bons-Enfants. \u2014 Les fondateurs d\u2019ordre. \u2014 But de la Congr\u00e9gation de la Mission. \u2014 L\u2019\u00e9vang\u00e9lisation des pauvres. \u2014 \u00c9tablissement \u00e0 Saint-Lazare. \u2014 Premiers travaux des missionnaires.\u2026","rel":"","context":"Dans &quot;Vincent de Paul&quot;","block_context":{"text":"Vincent de Paul","link":"http:\/\/vincentians.com\/fr\/category\/the-vincentian-family\/founders\/vincent-de-paul\/"},"img":{"alt_text":"","src":"https:\/\/i0.wp.com\/vincentians.com\/fr\/wp-content\/uploads\/sites\/10\/2016\/07\/vincent-et-sa-action-sociale.jpg?fit=1160%2C630&resize=350%2C200","width":350,"height":200,"srcset":"https:\/\/i0.wp.com\/vincentians.com\/fr\/wp-content\/uploads\/sites\/10\/2016\/07\/vincent-et-sa-action-sociale.jpg?fit=1160%2C630&resize=350%2C200 1x, https:\/\/i0.wp.com\/vincentians.com\/fr\/wp-content\/uploads\/sites\/10\/2016\/07\/vincent-et-sa-action-sociale.jpg?fit=1160%2C630&resize=525%2C300 1.5x, https:\/\/i0.wp.com\/vincentians.com\/fr\/wp-content\/uploads\/sites\/10\/2016\/07\/vincent-et-sa-action-sociale.jpg?fit=1160%2C630&resize=700%2C400 2x, https:\/\/i0.wp.com\/vincentians.com\/fr\/wp-content\/uploads\/sites\/10\/2016\/07\/vincent-et-sa-action-sociale.jpg?fit=1160%2C630&resize=1050%2C600 3x"},"classes":[]},{"id":52016,"url":"http:\/\/vincentians.com\/fr\/saint-vincent-de-paul-et-sa-mission-sociale-introduction\/","url_meta":{"origin":105647,"position":5},"title":"Saint Vincent De Paul Et Sa Mission Sociale. Introduction","author":"Francisco Javier Fern\u00e1ndez Chento","date":"17\/12\/2014","format":false,"excerpt":"Les antiennes que l\u2019on chante aux premi\u00e8res v\u00eapres de saint Vincent de Paul sont le portrait et l\u2019\u00e9loge le plus exact que l\u2019on puisse faire de ce h\u00e9ros de la charit\u00e9 : Les indigents et les pauvres cherchent de l\u2019eau et n\u2019en trouvent pas ; moi, dit le Seigneur, je\u2026","rel":"","context":"Dans &quot;Vincent de Paul&quot;","block_context":{"text":"Vincent de Paul","link":"http:\/\/vincentians.com\/fr\/category\/the-vincentian-family\/founders\/vincent-de-paul\/"},"img":{"alt_text":"","src":"https:\/\/i0.wp.com\/vincentians.com\/fr\/wp-content\/uploads\/sites\/10\/2016\/07\/vincent-et-sa-action-sociale.jpg?fit=1160%2C630&resize=350%2C200","width":350,"height":200,"srcset":"https:\/\/i0.wp.com\/vincentians.com\/fr\/wp-content\/uploads\/sites\/10\/2016\/07\/vincent-et-sa-action-sociale.jpg?fit=1160%2C630&resize=350%2C200 1x, https:\/\/i0.wp.com\/vincentians.com\/fr\/wp-content\/uploads\/sites\/10\/2016\/07\/vincent-et-sa-action-sociale.jpg?fit=1160%2C630&resize=525%2C300 1.5x, https:\/\/i0.wp.com\/vincentians.com\/fr\/wp-content\/uploads\/sites\/10\/2016\/07\/vincent-et-sa-action-sociale.jpg?fit=1160%2C630&resize=700%2C400 2x, https:\/\/i0.wp.com\/vincentians.com\/fr\/wp-content\/uploads\/sites\/10\/2016\/07\/vincent-et-sa-action-sociale.jpg?fit=1160%2C630&resize=1050%2C600 3x"},"classes":[]}],"_links":{"self":[{"href":"http:\/\/vincentians.com\/fr\/wp-json\/wp\/v2\/posts\/105647","targetHints":{"allow":["GET"]}}],"collection":[{"href":"http:\/\/vincentians.com\/fr\/wp-json\/wp\/v2\/posts"}],"about":[{"href":"http:\/\/vincentians.com\/fr\/wp-json\/wp\/v2\/types\/post"}],"author":[{"embeddable":true,"href":"http:\/\/vincentians.com\/fr\/wp-json\/wp\/v2\/users\/4"}],"replies":[{"embeddable":true,"href":"http:\/\/vincentians.com\/fr\/wp-json\/wp\/v2\/comments?post=105647"}],"version-history":[{"count":0,"href":"http:\/\/vincentians.com\/fr\/wp-json\/wp\/v2\/posts\/105647\/revisions"}],"wp:featuredmedia":[{"embeddable":true,"href":"http:\/\/vincentians.com\/fr\/wp-json\/wp\/v2\/media\/149583"}],"wp:attachment":[{"href":"http:\/\/vincentians.com\/fr\/wp-json\/wp\/v2\/media?parent=105647"}],"wp:term":[{"taxonomy":"category","embeddable":true,"href":"http:\/\/vincentians.com\/fr\/wp-json\/wp\/v2\/categories?post=105647"},{"taxonomy":"post_tag","embeddable":true,"href":"http:\/\/vincentians.com\/fr\/wp-json\/wp\/v2\/tags?post=105647"}],"curies":[{"name":"wp","href":"https:\/\/api.w.org\/{rel}","templated":true}]}}