{"id":105644,"date":"2013-01-19T12:19:43","date_gmt":"2013-01-19T11:19:43","guid":{"rendered":"http:\/\/vincentiens.org\/?p=105644"},"modified":"2013-01-19T12:19:43","modified_gmt":"2013-01-19T11:19:43","slug":"la-vie-du-venerable-serviteur-de-dieu-vincent-de-paul-livre-premier-chapitre-xliii","status":"publish","type":"post","link":"http:\/\/vincentians.com\/fr\/la-vie-du-venerable-serviteur-de-dieu-vincent-de-paul-livre-premier-chapitre-xliii\/","title":{"rendered":"La vie du v\u00e9n\u00e9rable serviteur de Dieu Vincent de Paul, Livre premier, Chapitre XLIII"},"content":{"rendered":"<p><b>Ce que M. Vincent a fait pour le bien de ce royaume et pour le service du Roi, pendant les troubles qui commenc\u00e8rent l&rsquo;ann\u00e9e 1652<\/b><\/p>\n<p>Pour rem\u00e9dier efficacement \u00e0 quelque mal, ce n&rsquo;est pas assez d&rsquo;en emp\u00eacher les effets, il faut si l&rsquo;on peut en faire cesser la cause. Toutes les assistances charitables que M. Vincent procurait aux pauvres pendant la guerre, pouvaient bien les soulager d&rsquo;une partie des mis\u00e8res que ce fl\u00e9au leur faisait ressentir; mais pour les en d\u00e9livrer enti\u00e8rement, et pour faire cesser les autres d\u00e9sordres \u00e9pouvantables, et les p\u00e9ch\u00e9s \u00e9normes qui se commettaient de tous c\u00f4t\u00e9s pendant ce temps de trouble et de division, ce grand serviteur de Dieu qui en \u00e9tait vivement touch\u00e9, et qui avait autant de prudence que de z\u00e8le, voyait bien que tout ce qu&rsquo;on ferait aurait peu de succ\u00e8s, si l&rsquo;on n&rsquo;apportait le rem\u00e8de \u00e0 la racine du mal, et si on n&rsquo;en faisait cesser la cause qui \u00e9tait la division et la guerre, en r\u00e9tablissant\u00a0 une paix assur\u00e9e, par l&rsquo;enti\u00e8re soumission, et ob\u00e9issance que les sujets doivent \u00e0 leur souverain: l&rsquo;union et la juste correspondance des membres avec leur chef, \u00e9tant \u00e9tablies de Dieu aussi bien dans le corps politique comme dans le naturel, pour y maintenir l&rsquo;ordre, et par cons\u00e9quent pour y mettre la paix, qui n&rsquo;est autre chose, comme dit saint Augustin, que la tranquillit\u00e9 de l&rsquo;ordre .<\/p>\n<p>M. Vincent donc voyant que le feu de la guerre allait s&rsquo;allumant de jour en jour en la plupart des provinces de ce royaume, et pr\u00e9voyant les grands d\u00e9sastres et pour l&rsquo;\u00e9tat, et pour la religion qui en arriveraient, si ce mal continuai; il se r\u00e9solut de s&#8217;employer, autant qu&rsquo;il serait en lui, pour y rem\u00e9dier et pour l&rsquo;\u00e9teindre. La premi\u00e8re et principale chose qu&rsquo;il fit pour ce sujet, ce fut de recourir en Dieu, et d&rsquo;inviter toutes les personnes vertueuses et bien intentionn\u00e9es qu&rsquo;il connaissait \u00e0 faire de m\u00eame, par pri\u00e8res, aum\u00f4nes, jeunes, et autres \u0153uvres de p\u00e9nitence, pour apaiser sa justice, r\u00e9parer les offenses commises contre sa Majest\u00e9, fl\u00e9chir sa mis\u00e9ricorde, et obtenir la paix. Il \u00e9tablit pour cet effet en la maison de Saint-Lazare, que tous les jours trois Missionnaires je\u00fbneraient \u00e0 cette intention, un pr\u00eatre, un clerc, et un fr\u00e8re: que le pr\u00eatre c\u00e9l\u00e9brerait la messe ce jour-l\u00e0, et que les deux autres communieraient pour la m\u00eame intention; et lui-m\u00eame ne manquait pas de s&rsquo;acquitter exactement de ce devoir \u00e0 son tour, quoiqu&rsquo;il f\u00fbt plus que septuag\u00e9naire.<\/p>\n<p>Et une fois entre les autres, \u00e9tant extraordinairement touch\u00e9 des mis\u00e8res que le fl\u00e9au des guerres causait non seulement en France, mais aussi en plusieurs autres royaumes chr\u00e9tiens, au sortir de l&rsquo;oraison mentale, dont le sujet \u00e9tait de l&rsquo;utilit\u00e9 des souffrances, il parla \u00e0 toute sa communaut\u00e9 en ces termes<\/p>\n<p>\u00ab Je renouvelle la recommandation que j&rsquo;ai tant de fois faite, et qu&rsquo;on ne saurait assez faire, de prier Dieu pour la paix, afin qu&rsquo;il plaise \u00e0 Dieu r\u00e9unir les c\u0153urs des princes chr\u00e9tiens. H\u00e9las ! nous voyons la guerre de tous c\u00f4t\u00e9s, et en tous lieux: guerre en France, guerre en Espagne, en Italie, en Allemagne, en Su\u00e8de, en Pologne attaqu\u00e9e par trois endroits, en Hibernie dont les pauvres habitants sont transport\u00e9s de leurs pays en des lieux st\u00e9riles, en des montagnes et des rochers presque inaccessibles, et inhabitables: l&rsquo;\u00c9cosse n&rsquo;est gu\u00e8re mieux; pour l&rsquo;Angleterre on sait l&rsquo;\u00e9tat d\u00e9plorable o\u00f9 elle est; guerre enfin par tous les royaumes, et mis\u00e8re partout. En France tant de personnes qui sont dans la souffrance O Sauveur ! \u00f4 Sauveur ! combien y en a-t-il ? Si pour quatre mois que nous avons eu ici la guerre, nous avons vu tant de mis\u00e8res au c\u0153ur de la France o\u00f9 les vivres abondent de toutes parts, que peuvent faire ces pauvres gens des fronti\u00e8res, qui sont expos\u00e9s \u00e0 toutes ces mis\u00e8res, et qui ressentent ces fl\u00e9aux depuis vingt ans ? S&rsquo;ils ont sem\u00e9, ils ne savent s&rsquo;ils pourront recueillir: les arm\u00e9es viennent qui moissonnent, pillent, et enl\u00e8vent tout; et ce que le soldat n&rsquo;a pas pris, les sergents le prennent et l&#8217;emportent; apr\u00e8s cela, que faire ? Il faut mourir. S&rsquo;il y a des vraies vertus, c&rsquo;est particuli\u00e8rement parmi ces pauvres gens qu&rsquo;elles se trouvent. Ils ont une vive foi, ils croient simplement; ils sont soumis aux ordres de Dieu; ils ont patience dans l&rsquo;extr\u00e9mit\u00e9 de leurs maux; ils souffrent tout ce qu&rsquo;il pla\u00eet \u00e0 Dieu, et autant qu&rsquo;il pla\u00eet \u00e0 Dieu, tant\u00f4t par les violences de la guerre, et puis par l&rsquo;\u00e2pret\u00e9 du travail; ils sont tous les jours dans les fatigues, expos\u00e9s tant\u00f4t aux ardeurs du soleil et tant\u00f4t aux autres injures de l&rsquo;air; ces pauvres laboureurs et vignerons qui ne vivent qu&rsquo;\u00e0 la sueur de leurs fronts, nous donnent leurs travaux, et ils s&rsquo;attendent aussi qu&rsquo;au moins nous prierons Dieu pour eux. H\u00e9las ! mes fr\u00e8res, tandis qu&rsquo;ils se fatiguent ainsi pour nous nourrir, nous cherchons l&rsquo;ombre, et nous prenons du repos ! Dans les missions m\u00eame o\u00f9 nous travaillons, nous sommes au moins \u00e0 l&rsquo;abri des injures de l&rsquo;air dans les \u00e9glises, et non pas expos\u00e9s aux vents, aux pluies, et aux rigueurs des saisons. Certes vivant ainsi de la sueur de ces pauvres gens et du patrimoine de J\u00e9sus-Christ, nous devrions toujours penser quand nous allons au r\u00e9fectoire, si nous avons bien gagn\u00e9 la nourriture que nous y allons prendre. Pour moi, j&rsquo;ai souvent cette pens\u00e9e qui me donne bien de la confusion, et je me dis \u00e0 moi-m\u00eame; Mis\u00e9rable as-tu, gagn\u00e9 le pain que tu vas manger ? le pain qui te vient du travail des pauvres ? Au moins, mes fr\u00e8res, si nous ne le gagnons pas comme ils le font, prions Dieu pour eux; et qu&rsquo;il ne se passe aucun jour que nous ne les offrions \u00e0 Notre-Seigneur, afin qu&rsquo;il lui plaise leur donner la gr\u00e2ce de faire un bon usage de leurs souffrances. Nous disions ces jours pass\u00e9s, que Dieu s\u2019attend particuli\u00e8rement aux pr\u00eatres pour arr\u00eater le cours de son indignation; il s&rsquo;attend qu&rsquo;ils feront comme Aaron, et qu&rsquo;ils se mettront l&rsquo;encensoir en main entre lui et ses pauvres gens; ou bien qu&rsquo;ils se rendront entremetteurs comme Mo\u00efse pour obtenir la cessation des maux qu&rsquo;ils souffrent pour leur ignorance, et pour leurs p\u00e9ch\u00e9s, et que peut-\u00eatre ils ne souffriraient pas s&rsquo;ils avaient \u00e9t\u00e9 instruits, et si on avait travaill\u00e9 \u00e0 leur conversion. C&rsquo;est donc \u00e0 ces pauvres, auxquels nous-devons rendre ces offices de charit\u00e9; tant pour satisfaire au devoir de notre caract\u00e8re que pour leur rendre quelque sorte de reconnaissance pour les biens que nous recevons de leurs labeurs. Tandis qu&rsquo;ils souffrent, et qu&rsquo;ils combattent contre la n\u00e9cessit\u00e9, et contre toutes les mis\u00e8res qui les attaquent, il faut que nous fassions comme Mo\u00efse, et qu&rsquo;\u00e0 son exemple nous levions continuellement les mains au Ciel pour eux; et s&rsquo;ils souffrent pour leurs p\u00e9ch\u00e9s et pour leurs ignorances, nous devons \u00eatre leurs intercesseurs envers la divine mis\u00e9ricorde, et la charit\u00e9 nous oblige de leur tendre les mains pour les en retirer; et si nous ne nous employons m\u00eame aux d\u00e9pens de nos vies, pour les instruire et pour les aider \u00e0 se convertir parfaitement \u00e0 Dieu, nous sommes en quelque fa\u00e7on les causes de tous les maux qu&rsquo;ils endurent.\u00bb<\/p>\n<p>Voil\u00e0 comme M. Vincent excitait les siens \u00e0 prier, \u00e0 travailler et \u00e0 souffrir pour bannir l&rsquo;ignorance et les p\u00e9ch\u00e9s des peuples, comme \u00e9tant les principales causes de tous les fl\u00e9aux qu\u2019ils ressentaient, et pour obtenir de la bont\u00e9 de Dieu une paix v\u00e9ritable et assur\u00e9e, qui \u00e9tait le plus souverain rem\u00e8de de tous les d\u00e9sordres qu&rsquo;on voyait alors. Il ne se pouvait lasser de recommander aux siens de pers\u00e9v\u00e9rer \u00e0 demander \u00e0 Dieu cette paix par leurs pri\u00e8res; et ayant coutume de r\u00e9citer tous les matins publiquement dans l&rsquo;\u00e9glise de Saint-Lazare, avec ceux de sa maison les litanies du sacr\u00e9 nom de J\u00e9sus, quand il venait \u00e0 ces paroles, Jesu Deus pacis, il les pronon\u00e7ait d&rsquo;un ton plus grave et plus d\u00e9vot, et les r\u00e9p\u00e9tait toujours par deux fois: outre cela il faisait en toutes occasions la m\u00eame recommandation \u00e0 toutes les personnes vertueuses qu&rsquo;il connaissait, les exhortant d&rsquo;offrir \u00e0 Dieu des pri\u00e8res, et faire des aum\u00f4nes, des p\u00e9lerinages, des je\u00fbnes, des mortifications et actions de p\u00e9nitence, pour t\u00e2cher d&rsquo;obtenir de Dieu cette paix si n\u00e9cessaire, et si d\u00e9sir\u00e9e. Voici ce qu&rsquo;en a t\u00e9moign\u00e9 un tr\u00e8s vertueux eccl\u00e9siastique des plus anciens de la Conf\u00e9rence de Saint-Lazare .<\/p>\n<p>\u00ab Si sa charit\u00e9 (dit-il, parlant de M. Vincent) a \u00e9t\u00e9 grande pour le secours et pour le soulagement des pauvres ruin\u00e9s par les guerres, son z\u00e8le n&rsquo;a pas \u00e9t\u00e9 moindre pour en faire cesser la cause: Pendant que les dames de la Charit\u00e9 et autres personnes vertueuses s&#8217;employaient \u00e0 recueillir les aum\u00f4nes et contributions n\u00e9cessaires pour le soutien des provinces d\u00e9sol\u00e9es, nous savons avec quelle ardeur et quelle tendresse de c\u0153ur il leur recommandait de joindre \u00e0 ces \u0153uvres de mis\u00e9ricorde, les v\u0153ux, les pri\u00e8res, les je\u00fbnes, les mortifications et autres exercices de p\u00e9nitence, les d\u00e9votions, les p\u00e8lerinages \u00e0 Notre-Dame, \u00e0 sainte Genevi\u00e8ve et autres saints tut\u00e9laires de Paris et de la France, les confessions et communions fr\u00e9quentes, les messes, et sacrifices pour essayer de fl\u00e9chir la mis\u00e9ricorde de Dieu, et d&rsquo;apaiser sa col\u00e8re. Nous savons ce qu\u2019ont fait par ses avis plusieurs bonnes \u00e2mes durant plusieurs ann\u00e9es pour cela; combien de dames fort d\u00e9licates ont fait de tr\u00e8s rudes aust\u00e9rit\u00e9s en leurs corps, qui n&rsquo;y ont pas \u00e9pargn\u00e9 les haires, disciplines, et autres mac\u00e9rations, pour les joindre aux siennes propres, et \u00e0 celles de sa Compagnie, afin d&rsquo;obtenir cette paix tant d\u00e9sir\u00e9e, dont nous jouissons maintenant. Qui pourrait exprimer sa douleur sur les d\u00e9sordres des arm\u00e9es ? Combien il \u00e9tait sensiblement et vivement touch\u00e9 des violences qui se commettaient en tous lieux, et contre toutes sortes de personnes? des sacril\u00e8ges et des profanations du tr\u00e8s Saint-Sacrement et des \u00e9glises; et de tous les autres d\u00e9sordres caus\u00e9s par les gens de guerre ! Combien de fois a-t-il dit, parlant aux eccl\u00e9siastiques, Ah Messieurs ! si notre ma\u00eetre est pr\u00e8s de recevoir cinquante coups de b\u00e2ton, t\u00e2chons d&rsquo;en diminuer le nombre, et de lui en \u00e9pargner quelques uns\u00a0 Faisons quelque chose pour r\u00e9parer ces outrages: qu&rsquo;il y ait du moins quelqu&rsquo;un qui le console dans ses pers\u00e9cutions et ses souffrances.\u00bb<\/p>\n<p>Outre ces pri\u00e8res, et exercices de p\u00e9nitence, M. Vincent crut qu\u2019il \u00e9tait de son devoir de s&#8217;employer autant qu&rsquo;il pourrait envers ceux qui avaient quelque cr\u00e9dit, pour les porter \u00e0 procurer la paix, et \u00e0 faire en sorte que l&rsquo;autorit\u00e9 du roi f\u00fbt reconnue de tous ses sujets, et qu&rsquo;on lui rend\u00eet en tous lieux de son royaume une enti\u00e8re et parfaite soumission, ce qui \u00e9tait l&rsquo;unique moyen de faire cesser les guerres civiles et les divisions intestines. Et quoiqu&rsquo;il se f\u00fbt toujours abstenu des affaires publiques, soit par humilit\u00e9 s&rsquo;en jugeant incapable, soit aussi par une prudence chr\u00e9tienne, pour ne se d\u00e9tourner de ses autres emplois qui concernaient le service de Dieu, et le bien spirituel des \u00e2mes: n\u00e9anmoins voyant la France menac\u00e9e de sa derni\u00e8re ruine si ces guerres intestines duraient encore quelque temps, et connaissant bien que l\u2019amour de la patrie est un devoir de charit\u00e9 et que le service qu&rsquo;on rend au roi fait une partie de celui qu\u2019on doit \u00e0 Dieu; il prit r\u00e9solution de faire tout ce qui serait en son pouvoir pour secourir sa patrie, et pour servir son prince, dans une occasion si pressante et si importante .<\/p>\n<p>Les premiers auxquels il crut devoir s&rsquo;adresser pour cet effet, furent MM. les \u00e9v\u00eaques, plusieurs desquels ayant quelque cr\u00e9ance en lui, il s&rsquo;en servit fort \u00e0 propos pour les exhorter et encourager de r\u00e9sider en leurs dioc\u00e8ses pendant ces troubles; afin que par leur pr\u00e9sence et par leur autorit\u00e9 ils pussent contenir les peuples en leur devoir, et s&rsquo;opposer aux desseins de ceux qui les voulaient soustraire de l\u2019ob\u00e9issance du roi Il \u00e9crivit diverses lettres sur ce sujet \u00e0 plusieurs de ces pr\u00e9lats, aux uns pour les congratuler d&rsquo;avoir emp\u00each\u00e9 que les villes de leurs dioc\u00e8ses n&rsquo;eussent re\u00e7u ni favoris\u00e9 le parti contraire, aux autres pour les dissuader de venir \u00e0 la cour se plaindre des dommages qu&rsquo;ils souffraient par les arm\u00e9es, ne jugeant pas que le temps y f\u00fbt propre pour lors; mais les exhortant plut\u00f4t de demeurer dans leurs dioc\u00e8ses pour y consoler leurs peuples, et pour y rendre tous les services qu&rsquo;ils pourraient au roi, qui saurait bien un jour les reconna\u00eetre, et r\u00e9parer tous ces dommages. Nous rapporterons ici seulement les extraits de deux ou trois de ces lettres; en l&rsquo;une qui s&rsquo;adressait \u00e0 feu M. l\u2019\u00e9v\u00eaque de Dax\u00a0 du dioc\u00e8se duquel il \u00e9tait originaire, il parle en ces termes:<\/p>\n<p>\u00ab J&rsquo;avoue, Monseigneur, que j&rsquo;aurais une grande joie de vous voir \u00e0 Paris, mais j&rsquo;aurais un \u00e9gal regret que vous y vinssiez inutilement, ne croyant pas que votre pr\u00e9sence ici d\u00fbt avoir aucun bon succ\u00e8s en ce temps mis\u00e9rable, auquel le mal dont vous avez \u00e0 vous plaindre, est quasi universel dans tout le royaume: partout o\u00f9 les arm\u00e9es ont pass\u00e9, elles y ont commis les sacril\u00e8ges, les vols, et les impi\u00e9t\u00e9s que votre dioc\u00e8se a soufferts: et non seulement dans la Guienne et le P\u00e9rigord, mais aussi en Saintonge, Poitou, Bourgogne, Champagne, Picardie, et en beaucoup d&rsquo;autres, et m\u00eame aux environs de Paris: et g\u00e9n\u00e9ralement partout les eccl\u00e9siastiques aussi bien que le peuple sont fort afflig\u00e9s et d\u00e9pourvus: en sorte que de Paris on leur envoie dans les provinces plus proches du linge et des habits pour les couvrir, et quelques aum\u00f4nes pour les aider \u00e0 vivre: autrement il en demeurerait fort peu pour administrer les sacrements aux malades. De s&rsquo;adresser \u00e0 messieurs du Clerg\u00e9 pour la diminution des d\u00e9cimes, ils disent que la plupart des dioc\u00e8ses demandant la m\u00eame chose, et que tous se ressentant de l&rsquo;affliction de la guerre, ils ne savent sur qui rejeter cette diminution. C&rsquo;est un fl\u00e9au g\u00e9n\u00e9ral, dont il pla\u00eet \u00e0 Dieu exercer ce royaume: Et ainsi, Monseigneur, nous ne saurions mieux faire que de nous soumettre \u00e0 sa justice, en attendant que sa mis\u00e9ricorde rem\u00e9die \u00e0 tant de mis\u00e8res. Si vous \u00eates d\u00e9put\u00e9 pour l&rsquo;Assembl\u00e9e g\u00e9n\u00e9rale de 1655, ce sera alors que vous pourrez plus justement pr\u00e9tendre quelque soulagement pour votre clerg\u00e9. Il sera cependant consol\u00e9 de jouir de votre ch\u00e8re pr\u00e9sence de del\u00e0, o\u00f9 elle fait tant de bien, m\u00eame pour le service du roi. \u00bb<\/p>\n<p>Cette lettre marque, d&rsquo;une part, l\u2019\u00e9tat d\u00e9plorable o\u00f9 la France \u00e9tait r\u00e9duite, et l&rsquo;assistance qu&rsquo;on donnait aux eccl\u00e9siastiques ruin\u00e9s, afin que le service de Dieu ne demeur\u00e2t pas abandonn\u00e9, pendant que le diable s&rsquo;effor\u00e7ait de le d\u00e9truire: et d&rsquo;autre part elle fait voir comme M. Vincent d\u00e9tournait prudemment ce bon pr\u00e9lat du dessein qu\u2019il avait de venir \u00e0 Paris, pour l&rsquo;obliger \u00e0 demeurer en son dioc\u00e8se, o\u00f9 il pouvait plus avantageusement s&#8217;employer pour le bien de son \u00c9glise et pour le service du roi.<\/p>\n<p>Il y a une autre lettre qu&rsquo;il \u00e9crivit \u00e0 M. Jacques Raoul, \u00e9v\u00eaque de la Rochelle, sur le m\u00eame sujet, o\u00f9 il lui parle en ces termes:<\/p>\n<p>\u00ab J\u2019ai re\u00e7u comme une b\u00e9n\u00e9diction de Dieu la lettre dont vous m&rsquo;avez honor\u00e9: elle m&rsquo;a fort consol\u00e9 dans les afflictions communes de ce pays. Si celles qui ont menac\u00e9 votre dioc\u00e8se ne l&rsquo;ont pas tant incommod\u00e9, je crois qu&rsquo;apr\u00e8s Dieu il en a l&rsquo;obligation \u00e0 vos sages conduites qui ont d\u00e9tourn\u00e9 l&rsquo;orage en servant le roi: et c&rsquo;est de quoi je rends gr\u00e2ce \u00e0 Dieu, aussi bien que de tant d&rsquo;autres biens que vous faites en dedans et dehors votre ville, par lesquels les peuples sont maintenus en leur devoir envers Dieu, envers l&rsquo;\u00c9glise, et envers leur prince. Les h\u00e9r\u00e9tiques m\u00eames qui voient cela, voient aussi l&rsquo;excellence de notre sainte religion, l&rsquo;importance et la gr\u00e2ce de la pr\u00e9lature, et ce qu&rsquo;elle peut quand elle est saintement administr\u00e9e, comme elle l\u2019est par votre sacr\u00e9e personne. Je prie Dieu, Monseigneur, qu&rsquo;il nous donne quantit\u00e9 de pr\u00e9lats semblables \u00e0 vous, qui travaillent \u00e0 l&rsquo;avancement spirituel et temporel du peuple, etc. \u00bb<\/p>\n<p>C&rsquo;\u00e9tait une pratique assez ordinaire \u00e0 M. Vincent, quand il \u00e9crivait ou parlait aux personnes constitu\u00e9es en dignit\u00e9, de les porter aux actions dignes de leur \u00e9tat, plut\u00f4t par mani\u00e8re de congratulation que d&rsquo;exhortation: ce qu&rsquo;il faisait, et pour t\u00e9moigner le respect qu&rsquo;il leur portait, et aussi pour s&rsquo;insinuer plus efficacement et plus doucement dans leur esprit.<\/p>\n<p>Voici un extrait d&rsquo;une troisi\u00e8me lettre qu&rsquo;il \u00e9crivit \u00e0 un autre pr\u00e9lat encore vivant, qui exprime mieux que les deux pr\u00e9c\u00e9dentes l&rsquo;affection de ce grand serviteur de Dieu pour le service du roi, et la prudence avec laquelle il l&rsquo;inspirait aux personnes de cette qualit\u00e9.<\/p>\n<p>\u00ab Je suis bien marri, Monseigneur, lui dit-il, de ce que le malheur du temps vous prive des fruits de votre abbaye: je me trouve bien emp\u00each\u00e9 de vous dire mon sentiment l\u00e0-dessus, tant parce que je ne suis pas en lieux de vous servir, qu&rsquo;\u00e0 cause des brouilleries du royaume: n\u00e9anmoins, Monseigneur, il me semble que l&rsquo;\u00e9tat pr\u00e9sent des affaires vous doit divertir du voyage de la cour jusqu\u2019\u00e0 ce que les choses soient un peu \u00e9claircies. Plusieurs de nosseigneurs les \u00e9v\u00eaques se trouvent en la m\u00eame peine. M. de N. n\u2019a pas seulement perdu tout son revenu courant, mais encore toutes les provisions qu&rsquo;il avait faites pour longtemps: Et bien qu&rsquo;il soit en grande r\u00e9putation \u00e0 la cour, et cela avec sujet; toutefois ayant fait un voyage ici pensant se r\u00e9parer, il n&rsquo;y a pas eu satisfaction. M. de N.qui a tenu ferme en son dioc\u00e8se, a fait revenir la ville sous l&rsquo;ob\u00e9issance du roi, lorsque dans les premiers mouvements elle s&rsquo;\u00e9tait d\u00e9clar\u00e9e pour le parti contraire; de quoi il a re\u00e7u de grandes louanges \u00e0 la cour, et s&rsquo;est ouvert la voie \u00e0 une reconnaissance. Et quoique vous n&rsquo;ayez pas occasion de rendre un pareil service \u00e0 Sa Majest\u00e9, votre pr\u00e9sence n\u00e9anmoins peut notablement aider \u00e0 contenir la province, \u00e9tant estim\u00e9 et consid\u00e9r\u00e9 au point que vous \u00eates. C&rsquo;est une chose qui est maintenant fort \u00e0 d\u00e9sirer et qui sera aussi fort bien remarqu\u00e9e. Je vous supplie tr\u00e8s humblement d&rsquo;agr\u00e9er ma simplicit\u00e9,et les offres de mon ob\u00e9issance, etc \u00bb.<\/p>\n<p>M. Vincent \u00e9crivit plusieurs autres semblables lettres \u00e0 divers pr\u00e9lats sur le m\u00eame sujet.<\/p>\n<p>Apr\u00e8s cela se ressouvenant que saint Bernard et plusieurs autres saints personnages qui menaient une vie encore plus retir\u00e9e que lui, avaient n\u00e9anmoins quitt\u00e9 leurs solitudes, et leurs retraites, pour venir \u00e0 la cour des empereurs et des princes, quand il \u00e9tait question de pacifier les divisions et les troubles, et de procurer la paix et la tranquillit\u00e9 publique, il crut les devoir imiter. Fermant les yeux \u00e0 toutes les raisons humaines qui l&rsquo;en pouvaient d\u00e9tourner, et pr\u00e9f\u00e9rant le service du roi et le bien de la France \u00e0 toute consid\u00e9ration de propre int\u00e9r\u00eat, il se r\u00e9solut de s&rsquo;entremettre et de faire tous ses efforts pour procurer la r\u00e9union des princes avec Sa Majest\u00e9. On n&rsquo;a pas su en particulier tout ce qu&rsquo;il fit pour r\u00e9ussir dans ce dessein, parce qu&rsquo;il l&rsquo;a tenu fort secret; mais il est certain qu&rsquo;il alla plusieurs fois \u00e0 la cour, et vers MM. les princes, auxquels il parla en diverses rencontres par ordre de Sa Majest\u00e9, et lui rapporta leurs r\u00e9ponses. On a trouv\u00e9 apr\u00e8s sa mort la minute de la lettre suivante \u00e9crite de sa main sur ce sujet \u00e0 M. le Cardinal Mazarin, pendant que la cour \u00e9tait \u00e0 Saint-Denis o\u00f9 l&rsquo;on peut voir quelque chose de cette entreprise.<\/p>\n<p>\u00ab Je supplie tr\u00e8s humblement Votre \u00c9minence de me pardonner de ce que je m&rsquo;en revins hier au soir, sans avoir eu l&rsquo;honneur de recevoir ses commandements: je fus contraint \u00e0 cela, parce que je me trouvai mal. Monsieur le duc d&rsquo;Orl\u00e9ans vient de me mander qu&rsquo;il m&rsquo;enverra aujourd&rsquo;hui M. d&rsquo;Ornano\u00a0 pour me faire r\u00e9ponse, laquelle il a d\u00e9sir\u00e9 concerter avec M. le Prince . Je dis hier \u00e0 la Reine l&rsquo;entretien que j&rsquo;avais eu l&rsquo;honneur d&rsquo;avoir avec tous les deux s\u00e9par\u00e9ment, qui fut bien respectueux et gracieux. J&rsquo;ai dit \u00e0 Son Altesse royale, que si l\u2019on r\u00e9tablissait le roi dans son autorit\u00e9, et que l&rsquo;on donn\u00e2t un arr\u00eat de justification, que Votre \u00c9minence donnerait la satisfaction que l&rsquo;on d\u00e9sire; que difficilement pouvait-on accommoder cette grande affaire par des d\u00e9put\u00e9s; et qu&rsquo;il fallait des personnes de r\u00e9ciproque confiance, qui traitassent les choses de gr\u00e9 \u00e0 gr\u00e9. Il me t\u00e9moigna de parole et de geste que cela lui revenait, et me r\u00e9pondit qu&rsquo;il en conf\u00e9rerait avec son conseil. Demain au matin j&rsquo;esp\u00e8re \u00eatre en \u00e9tat d&rsquo;aller porter sa r\u00e9ponse \u00e0 Votre Eminence, Dieu aidant. \u00bb<\/p>\n<p>On n&rsquo;a pas trouv\u00e9 dans les papiers de M. Vincent quelle fut la suite de ces entremises qu&rsquo;il tenait, comme nous avons dit, fort secr\u00e8tes; mais le succ\u00e8s a fait voir que Dieu y avait donn\u00e9 b\u00e9n\u00e9diction, puisque peu de temps apr\u00e8s, cet accommodement si important se traita et s&rsquo;accomplit.<\/p>\n<p>Les troubles du royaume \u00e9tant ainsi termin\u00e9s au dedans par la divine mis\u00e9ricorde; M\u00a0 Vincent ne laissa pas de faire toujours continuer en sa maison de Saint-Lazare les pri\u00e8res, les messes, les communions, les je\u00fbnes, et autres exercices de p\u00e9nitence, qu&rsquo;il y avait \u00e9tablis. Et comme on voulut lui persuader de les faire cesser, attendu que ces pratiques de p\u00e9nitence \u00e9taient beaucoup \u00e0 charge \u00e0 la communaut\u00e9, et que les divisions publiques et guerres civiles pour lesquelles on les faisait \u00e9taient finies: il r\u00e9pondit; non, non, il n&rsquo;en faut pas demeurer l\u00e0, il les faut continuer pour demander \u00e0 Dieu la paix g\u00e9n\u00e9rale. Et en effet elles furent toujours continu\u00e9es jusqu&rsquo;au temps que cette paix tant d\u00e9sir\u00e9e fut enfin heureusement conclue en l&rsquo;ann\u00e9e 1660. C&rsquo;est-\u00e0-dire huit ans apr\u00e8s que ces pratiques de p\u00e9nitence furent commenc\u00e9es, et six ou sept mois avant son d\u00e9c\u00e8s; Dieu lui ayant voulu donner avant sa mort la consolation de voir le fruit de ses pri\u00e8res, de ses je\u00fbnes et de sa pers\u00e9v\u00e9rance .<\/p>\n","protected":false},"excerpt":{"rendered":"<p>Ce que M. Vincent a fait pour le bien de ce royaume et pour le service du Roi, pendant les troubles qui commenc\u00e8rent l&rsquo;ann\u00e9e 1652 Pour rem\u00e9dier efficacement \u00e0 quelque mal, ce n&rsquo;est pas assez &#8230; <a href=\"http:\/\/vincentians.com\/fr\/la-vie-du-venerable-serviteur-de-dieu-vincent-de-paul-livre-premier-chapitre-xliii\/\" class=\"more-link\">Read More<\/a><\/p>\n","protected":false},"author":4,"featured_media":149583,"comment_status":"open","ping_status":"open","sticky":false,"template":"","format":"standard","meta":{"jetpack_post_was_ever_published":false,"_jetpack_newsletter_access":"","_jetpack_dont_email_post_to_subs":false,"_jetpack_newsletter_tier_id":0,"_jetpack_memberships_contains_paywalled_content":false,"_jetpack_memberships_contains_paid_content":false,"footnotes":"","jetpack_publicize_message":"","jetpack_publicize_feature_enabled":true,"jetpack_social_post_already_shared":true,"jetpack_social_options":{"image_generator_settings":{"template":"highway","default_image_id":0,"font":"","enabled":false},"version":2}},"categories":[5],"tags":[],"class_list":["post-105644","post","type-post","status-publish","format-standard","has-post-thumbnail","hentry","category-vincent-de-paul"],"yoast_head":"<!-- This site is optimized with the Yoast SEO plugin v26.3 - https:\/\/yoast.com\/wordpress\/plugins\/seo\/ -->\n<title>La vie du v\u00e9n\u00e9rable serviteur de Dieu Vincent de Paul, Livre premier, Chapitre XLIII - Nous Sommes Vincentiens<\/title>\n<meta name=\"robots\" content=\"index, follow, max-snippet:-1, max-image-preview:large, max-video-preview:-1\" \/>\n<link rel=\"canonical\" href=\"https:\/\/vincentians.com\/fr\/la-vie-du-venerable-serviteur-de-dieu-vincent-de-paul-livre-premier-chapitre-xliii\/\" \/>\n<meta property=\"og:locale\" content=\"fr_FR\" \/>\n<meta property=\"og:type\" content=\"article\" \/>\n<meta property=\"og:title\" content=\"La vie du v\u00e9n\u00e9rable serviteur de Dieu Vincent de Paul, Livre premier, Chapitre XLIII - Nous Sommes Vincentiens\" \/>\n<meta property=\"og:description\" content=\"Ce que M. Vincent a fait pour le bien de ce royaume et pour le service du Roi, pendant les troubles qui commenc\u00e8rent l&rsquo;ann\u00e9e 1652 Pour rem\u00e9dier efficacement \u00e0 quelque mal, ce n&rsquo;est pas assez ... Read More\" \/>\n<meta property=\"og:url\" content=\"https:\/\/vincentians.com\/fr\/la-vie-du-venerable-serviteur-de-dieu-vincent-de-paul-livre-premier-chapitre-xliii\/\" \/>\n<meta property=\"og:site_name\" content=\"Nous Sommes Vincentiens\" \/>\n<meta property=\"article:publisher\" content=\"https:\/\/www.facebook.com\/WeAreVincentians\/\" \/>\n<meta property=\"article:author\" content=\"https:\/\/www.facebook.com\/JavierChento\" \/>\n<meta property=\"article:published_time\" content=\"2013-01-19T11:19:43+00:00\" \/>\n<meta property=\"og:image\" content=\"https:\/\/i0.wp.com\/vincentians.com\/fr\/wp-content\/uploads\/sites\/10\/2016\/07\/abelly-feat.jpg?fit=1200%2C630&ssl=1\" \/>\n\t<meta property=\"og:image:width\" content=\"1200\" \/>\n\t<meta property=\"og:image:height\" content=\"630\" \/>\n\t<meta property=\"og:image:type\" content=\"image\/jpeg\" \/>\n<meta name=\"author\" content=\"Francisco Javier Fern\u00e1ndez Chento\" \/>\n<meta name=\"twitter:card\" content=\"summary_large_image\" \/>\n<meta name=\"twitter:creator\" content=\"@https:\/\/twitter.com\/javierchento\" \/>\n<meta name=\"twitter:site\" content=\"@WeVincentians\" \/>\n<meta name=\"twitter:label1\" content=\"\u00c9crit par\" \/>\n\t<meta name=\"twitter:data1\" content=\"Francisco Javier Fern\u00e1ndez Chento\" \/>\n\t<meta name=\"twitter:label2\" content=\"Dur\u00e9e de lecture estim\u00e9e\" \/>\n\t<meta name=\"twitter:data2\" content=\"20 minutes\" \/>\n<script type=\"application\/ld+json\" class=\"yoast-schema-graph\">{\"@context\":\"https:\/\/schema.org\",\"@graph\":[{\"@type\":\"WebPage\",\"@id\":\"https:\/\/vincentians.com\/fr\/la-vie-du-venerable-serviteur-de-dieu-vincent-de-paul-livre-premier-chapitre-xliii\/\",\"url\":\"https:\/\/vincentians.com\/fr\/la-vie-du-venerable-serviteur-de-dieu-vincent-de-paul-livre-premier-chapitre-xliii\/\",\"name\":\"La vie du v\u00e9n\u00e9rable serviteur de Dieu Vincent de Paul, Livre premier, Chapitre XLIII - Nous Sommes Vincentiens\",\"isPartOf\":{\"@id\":\"http:\/\/vincentians.com\/fr\/#website\"},\"primaryImageOfPage\":{\"@id\":\"https:\/\/vincentians.com\/fr\/la-vie-du-venerable-serviteur-de-dieu-vincent-de-paul-livre-premier-chapitre-xliii\/#primaryimage\"},\"image\":{\"@id\":\"https:\/\/vincentians.com\/fr\/la-vie-du-venerable-serviteur-de-dieu-vincent-de-paul-livre-premier-chapitre-xliii\/#primaryimage\"},\"thumbnailUrl\":\"https:\/\/i0.wp.com\/vincentians.com\/fr\/wp-content\/uploads\/sites\/10\/2016\/07\/abelly-feat.jpg?fit=1200%2C630\",\"datePublished\":\"2013-01-19T11:19:43+00:00\",\"author\":{\"@id\":\"http:\/\/vincentians.com\/fr\/#\/schema\/person\/9623ef4d9aa3b2dfb8c061f1499288f2\"},\"breadcrumb\":{\"@id\":\"https:\/\/vincentians.com\/fr\/la-vie-du-venerable-serviteur-de-dieu-vincent-de-paul-livre-premier-chapitre-xliii\/#breadcrumb\"},\"inLanguage\":\"fr-FR\",\"potentialAction\":[{\"@type\":\"ReadAction\",\"target\":[\"https:\/\/vincentians.com\/fr\/la-vie-du-venerable-serviteur-de-dieu-vincent-de-paul-livre-premier-chapitre-xliii\/\"]}]},{\"@type\":\"ImageObject\",\"inLanguage\":\"fr-FR\",\"@id\":\"https:\/\/vincentians.com\/fr\/la-vie-du-venerable-serviteur-de-dieu-vincent-de-paul-livre-premier-chapitre-xliii\/#primaryimage\",\"url\":\"https:\/\/i0.wp.com\/vincentians.com\/fr\/wp-content\/uploads\/sites\/10\/2016\/07\/abelly-feat.jpg?fit=1200%2C630\",\"contentUrl\":\"https:\/\/i0.wp.com\/vincentians.com\/fr\/wp-content\/uploads\/sites\/10\/2016\/07\/abelly-feat.jpg?fit=1200%2C630\",\"width\":1200,\"height\":630},{\"@type\":\"BreadcrumbList\",\"@id\":\"https:\/\/vincentians.com\/fr\/la-vie-du-venerable-serviteur-de-dieu-vincent-de-paul-livre-premier-chapitre-xliii\/#breadcrumb\",\"itemListElement\":[{\"@type\":\"ListItem\",\"position\":1,\"name\":\"Portada\",\"item\":\"http:\/\/vincentians.com\/fr\/\"},{\"@type\":\"ListItem\",\"position\":2,\"name\":\"La vie du v\u00e9n\u00e9rable serviteur de Dieu Vincent de Paul, Livre premier, Chapitre XLIII\"}]},{\"@type\":\"WebSite\",\"@id\":\"http:\/\/vincentians.com\/fr\/#website\",\"url\":\"http:\/\/vincentians.com\/fr\/\",\"name\":\"Nous Sommes Vincentiens\",\"description\":\"Know more to serve more\",\"potentialAction\":[{\"@type\":\"SearchAction\",\"target\":{\"@type\":\"EntryPoint\",\"urlTemplate\":\"http:\/\/vincentians.com\/fr\/?s={search_term_string}\"},\"query-input\":{\"@type\":\"PropertyValueSpecification\",\"valueRequired\":true,\"valueName\":\"search_term_string\"}}],\"inLanguage\":\"fr-FR\"},{\"@type\":\"Person\",\"@id\":\"http:\/\/vincentians.com\/fr\/#\/schema\/person\/9623ef4d9aa3b2dfb8c061f1499288f2\",\"name\":\"Francisco Javier Fern\u00e1ndez Chento\",\"image\":{\"@type\":\"ImageObject\",\"inLanguage\":\"fr-FR\",\"@id\":\"http:\/\/vincentians.com\/fr\/#\/schema\/person\/image\/\",\"url\":\"https:\/\/secure.gravatar.com\/avatar\/497d5cde87b4c3d097d0315953521681ba2cd523ee66e5077c3711f7021e65de?s=96&d=mm&r=g\",\"contentUrl\":\"https:\/\/secure.gravatar.com\/avatar\/497d5cde87b4c3d097d0315953521681ba2cd523ee66e5077c3711f7021e65de?s=96&d=mm&r=g\",\"caption\":\"Francisco Javier Fern\u00e1ndez Chento\"},\"description\":\"Director General y cofundador de La Red de Formaci\u00f3n Vicenciana. Javier es laico vicenciano, afiliado a la Congregaci\u00f3n de la Misi\u00f3n y miembro del Equipo de Misiones Populares de la provincia can\u00f3nica de Zaragoza (Espa\u00f1a) de la Congregaci\u00f3n de la Misi\u00f3n. Graduado en la Universidad Oberta de Catalunya con cuatro grados (Asistente de direcci\u00f3n, Gesti\u00f3n Administrativa, Recursos Humanos y Contabilidad Avanzada). Bil\u00edng\u00fce Espa\u00f1ol\/Ingl\u00e9s. gestiona y mantiene varias p\u00e1ginas web cristianas y vicencianas, incluida including La Red de Formaci\u00f3n Vicenciana, de la que es cofundador. Actualmente es responsable del \u00e1rea de Espa\u00f1ol de .famvin, la Red de Noticias de la Familia Vicenciana. Tambi\u00e9n es m\u00fasico cat\u00f3lico y ha editado varios discos. Es Director General y cofundador de Trovador, una reconocida compa\u00f1\u00eda discogr\u00e1fica critiana de Espa\u00f1a. Trabaja en las Tecnolog\u00edas de la Informaci\u00f3n, ofreciendo servicios de alojamiento, dise\u00f1o y mantenimiento Web, as\u00ed como asesoramiento, formaci\u00f3n y soluciones inform\u00e1ticas, gesti\u00f3n documental y digitalizaci\u00f3n de textos, edici\u00f3n y maquetaci\u00f3n de libros, revistas, flyers, etc.\",\"sameAs\":[\"http:\/\/chento.org\",\"https:\/\/www.facebook.com\/JavierChento\",\"https:\/\/x.com\/https:\/\/twitter.com\/javierchento\"],\"url\":\"http:\/\/vincentians.com\/fr\/author\/chento\/\"}]}<\/script>\n<!-- \/ Yoast SEO plugin. -->","yoast_head_json":{"title":"La vie du v\u00e9n\u00e9rable serviteur de Dieu Vincent de Paul, Livre premier, Chapitre XLIII - Nous Sommes Vincentiens","robots":{"index":"index","follow":"follow","max-snippet":"max-snippet:-1","max-image-preview":"max-image-preview:large","max-video-preview":"max-video-preview:-1"},"canonical":"https:\/\/vincentians.com\/fr\/la-vie-du-venerable-serviteur-de-dieu-vincent-de-paul-livre-premier-chapitre-xliii\/","og_locale":"fr_FR","og_type":"article","og_title":"La vie du v\u00e9n\u00e9rable serviteur de Dieu Vincent de Paul, Livre premier, Chapitre XLIII - Nous Sommes Vincentiens","og_description":"Ce que M. Vincent a fait pour le bien de ce royaume et pour le service du Roi, pendant les troubles qui commenc\u00e8rent l&rsquo;ann\u00e9e 1652 Pour rem\u00e9dier efficacement \u00e0 quelque mal, ce n&rsquo;est pas assez ... Read More","og_url":"https:\/\/vincentians.com\/fr\/la-vie-du-venerable-serviteur-de-dieu-vincent-de-paul-livre-premier-chapitre-xliii\/","og_site_name":"Nous Sommes Vincentiens","article_publisher":"https:\/\/www.facebook.com\/WeAreVincentians\/","article_author":"https:\/\/www.facebook.com\/JavierChento","article_published_time":"2013-01-19T11:19:43+00:00","og_image":[{"width":1200,"height":630,"url":"https:\/\/i0.wp.com\/vincentians.com\/fr\/wp-content\/uploads\/sites\/10\/2016\/07\/abelly-feat.jpg?fit=1200%2C630&ssl=1","type":"image\/jpeg"}],"author":"Francisco Javier Fern\u00e1ndez Chento","twitter_card":"summary_large_image","twitter_creator":"@https:\/\/twitter.com\/javierchento","twitter_site":"@WeVincentians","twitter_misc":{"\u00c9crit par":"Francisco Javier Fern\u00e1ndez Chento","Dur\u00e9e de lecture estim\u00e9e":"20 minutes"},"schema":{"@context":"https:\/\/schema.org","@graph":[{"@type":"WebPage","@id":"https:\/\/vincentians.com\/fr\/la-vie-du-venerable-serviteur-de-dieu-vincent-de-paul-livre-premier-chapitre-xliii\/","url":"https:\/\/vincentians.com\/fr\/la-vie-du-venerable-serviteur-de-dieu-vincent-de-paul-livre-premier-chapitre-xliii\/","name":"La vie du v\u00e9n\u00e9rable serviteur de Dieu Vincent de Paul, Livre premier, Chapitre XLIII - Nous Sommes Vincentiens","isPartOf":{"@id":"http:\/\/vincentians.com\/fr\/#website"},"primaryImageOfPage":{"@id":"https:\/\/vincentians.com\/fr\/la-vie-du-venerable-serviteur-de-dieu-vincent-de-paul-livre-premier-chapitre-xliii\/#primaryimage"},"image":{"@id":"https:\/\/vincentians.com\/fr\/la-vie-du-venerable-serviteur-de-dieu-vincent-de-paul-livre-premier-chapitre-xliii\/#primaryimage"},"thumbnailUrl":"https:\/\/i0.wp.com\/vincentians.com\/fr\/wp-content\/uploads\/sites\/10\/2016\/07\/abelly-feat.jpg?fit=1200%2C630","datePublished":"2013-01-19T11:19:43+00:00","author":{"@id":"http:\/\/vincentians.com\/fr\/#\/schema\/person\/9623ef4d9aa3b2dfb8c061f1499288f2"},"breadcrumb":{"@id":"https:\/\/vincentians.com\/fr\/la-vie-du-venerable-serviteur-de-dieu-vincent-de-paul-livre-premier-chapitre-xliii\/#breadcrumb"},"inLanguage":"fr-FR","potentialAction":[{"@type":"ReadAction","target":["https:\/\/vincentians.com\/fr\/la-vie-du-venerable-serviteur-de-dieu-vincent-de-paul-livre-premier-chapitre-xliii\/"]}]},{"@type":"ImageObject","inLanguage":"fr-FR","@id":"https:\/\/vincentians.com\/fr\/la-vie-du-venerable-serviteur-de-dieu-vincent-de-paul-livre-premier-chapitre-xliii\/#primaryimage","url":"https:\/\/i0.wp.com\/vincentians.com\/fr\/wp-content\/uploads\/sites\/10\/2016\/07\/abelly-feat.jpg?fit=1200%2C630","contentUrl":"https:\/\/i0.wp.com\/vincentians.com\/fr\/wp-content\/uploads\/sites\/10\/2016\/07\/abelly-feat.jpg?fit=1200%2C630","width":1200,"height":630},{"@type":"BreadcrumbList","@id":"https:\/\/vincentians.com\/fr\/la-vie-du-venerable-serviteur-de-dieu-vincent-de-paul-livre-premier-chapitre-xliii\/#breadcrumb","itemListElement":[{"@type":"ListItem","position":1,"name":"Portada","item":"http:\/\/vincentians.com\/fr\/"},{"@type":"ListItem","position":2,"name":"La vie du v\u00e9n\u00e9rable serviteur de Dieu Vincent de Paul, Livre premier, Chapitre XLIII"}]},{"@type":"WebSite","@id":"http:\/\/vincentians.com\/fr\/#website","url":"http:\/\/vincentians.com\/fr\/","name":"Nous Sommes Vincentiens","description":"Know more to serve more","potentialAction":[{"@type":"SearchAction","target":{"@type":"EntryPoint","urlTemplate":"http:\/\/vincentians.com\/fr\/?s={search_term_string}"},"query-input":{"@type":"PropertyValueSpecification","valueRequired":true,"valueName":"search_term_string"}}],"inLanguage":"fr-FR"},{"@type":"Person","@id":"http:\/\/vincentians.com\/fr\/#\/schema\/person\/9623ef4d9aa3b2dfb8c061f1499288f2","name":"Francisco Javier Fern\u00e1ndez Chento","image":{"@type":"ImageObject","inLanguage":"fr-FR","@id":"http:\/\/vincentians.com\/fr\/#\/schema\/person\/image\/","url":"https:\/\/secure.gravatar.com\/avatar\/497d5cde87b4c3d097d0315953521681ba2cd523ee66e5077c3711f7021e65de?s=96&d=mm&r=g","contentUrl":"https:\/\/secure.gravatar.com\/avatar\/497d5cde87b4c3d097d0315953521681ba2cd523ee66e5077c3711f7021e65de?s=96&d=mm&r=g","caption":"Francisco Javier Fern\u00e1ndez Chento"},"description":"Director General y cofundador de La Red de Formaci\u00f3n Vicenciana. Javier es laico vicenciano, afiliado a la Congregaci\u00f3n de la Misi\u00f3n y miembro del Equipo de Misiones Populares de la provincia can\u00f3nica de Zaragoza (Espa\u00f1a) de la Congregaci\u00f3n de la Misi\u00f3n. Graduado en la Universidad Oberta de Catalunya con cuatro grados (Asistente de direcci\u00f3n, Gesti\u00f3n Administrativa, Recursos Humanos y Contabilidad Avanzada). Bil\u00edng\u00fce Espa\u00f1ol\/Ingl\u00e9s. gestiona y mantiene varias p\u00e1ginas web cristianas y vicencianas, incluida including La Red de Formaci\u00f3n Vicenciana, de la que es cofundador. Actualmente es responsable del \u00e1rea de Espa\u00f1ol de .famvin, la Red de Noticias de la Familia Vicenciana. Tambi\u00e9n es m\u00fasico cat\u00f3lico y ha editado varios discos. Es Director General y cofundador de Trovador, una reconocida compa\u00f1\u00eda discogr\u00e1fica critiana de Espa\u00f1a. Trabaja en las Tecnolog\u00edas de la Informaci\u00f3n, ofreciendo servicios de alojamiento, dise\u00f1o y mantenimiento Web, as\u00ed como asesoramiento, formaci\u00f3n y soluciones inform\u00e1ticas, gesti\u00f3n documental y digitalizaci\u00f3n de textos, edici\u00f3n y maquetaci\u00f3n de libros, revistas, flyers, etc.","sameAs":["http:\/\/chento.org","https:\/\/www.facebook.com\/JavierChento","https:\/\/x.com\/https:\/\/twitter.com\/javierchento"],"url":"http:\/\/vincentians.com\/fr\/author\/chento\/"}]}},"jetpack_publicize_connections":[],"jetpack_featured_media_url":"https:\/\/i0.wp.com\/vincentians.com\/fr\/wp-content\/uploads\/sites\/10\/2016\/07\/abelly-feat.jpg?fit=1200%2C630","jetpack_sharing_enabled":true,"jetpack_shortlink":"https:\/\/wp.me\/p7ETMP-rtW","jetpack-related-posts":[{"id":52052,"url":"http:\/\/vincentians.com\/fr\/saint-vincent-de-paul-et-sa-mission-sociale-iii-laction-1\/","url_meta":{"origin":105644,"position":0},"title":"Saint Vincent De Paul Et Sa Mission Sociale. III &#8211; L\u2019action (1)","author":"Francisco Javier Fern\u00e1ndez Chento","date":"25\/12\/2014","format":false,"excerpt":"LES MISSIONS. \u2014 Saint Vincent de Paul missionnaire. \u2014 Organisation des missions rurales. \u2014 Vertus et qualit\u00e9s des missionnaires. \u2014 La pr\u00e9dication d\u2019apr\u00e8s le saint. \u2014 Sa conduite envers les h\u00e9r\u00e9tiques et les infid\u00e8les. \u2014 Les imitateurs de Vincent de Paul. \u2014 Fruits du nouvel apostolat. \u2014 Missions \u00e0 la\u2026","rel":"","context":"Dans &quot;Vincent de Paul&quot;","block_context":{"text":"Vincent de Paul","link":"http:\/\/vincentians.com\/fr\/category\/the-vincentian-family\/founders\/vincent-de-paul\/"},"img":{"alt_text":"","src":"https:\/\/i0.wp.com\/vincentians.com\/fr\/wp-content\/uploads\/sites\/10\/2016\/07\/vincent-et-sa-action-sociale.jpg?fit=1160%2C630&resize=350%2C200","width":350,"height":200,"srcset":"https:\/\/i0.wp.com\/vincentians.com\/fr\/wp-content\/uploads\/sites\/10\/2016\/07\/vincent-et-sa-action-sociale.jpg?fit=1160%2C630&resize=350%2C200 1x, https:\/\/i0.wp.com\/vincentians.com\/fr\/wp-content\/uploads\/sites\/10\/2016\/07\/vincent-et-sa-action-sociale.jpg?fit=1160%2C630&resize=525%2C300 1.5x, https:\/\/i0.wp.com\/vincentians.com\/fr\/wp-content\/uploads\/sites\/10\/2016\/07\/vincent-et-sa-action-sociale.jpg?fit=1160%2C630&resize=700%2C400 2x, https:\/\/i0.wp.com\/vincentians.com\/fr\/wp-content\/uploads\/sites\/10\/2016\/07\/vincent-et-sa-action-sociale.jpg?fit=1160%2C630&resize=1050%2C600 3x"},"classes":[]},{"id":52057,"url":"http:\/\/vincentians.com\/fr\/saint-vincent-de-paul-et-sa-mission-sociale-iii-laction-3\/","url_meta":{"origin":105644,"position":1},"title":"Saint Vincent De Paul Et Sa Mission Sociale. III &#8211; L\u2019action (3)","author":"Francisco Javier Fern\u00e1ndez Chento","date":"27\/12\/2014","format":false,"excerpt":"LA POLITIQUE ET LA CHARIT\u00c9. \u2014 La charit\u00e9 dans l\u2019\u00c9tat. \u2014 La guerre en Lorraine. \u2014 Vincent de Paul vient au secours de cette malheureuse province. \u2014 Les r\u00e9fugi\u00e9s lorrains \u00e0 Paris. \u2014 Vincent de Paul et Richelieu. \u2014 Les deux politiques. \u2014 Vincent au lit de mort de Louis\u2026","rel":"","context":"Dans &quot;Vincent de Paul&quot;","block_context":{"text":"Vincent de Paul","link":"http:\/\/vincentians.com\/fr\/category\/the-vincentian-family\/founders\/vincent-de-paul\/"},"img":{"alt_text":"","src":"https:\/\/i0.wp.com\/vincentians.com\/fr\/wp-content\/uploads\/sites\/10\/2016\/07\/vincent-et-sa-action-sociale.jpg?fit=1160%2C630&resize=350%2C200","width":350,"height":200,"srcset":"https:\/\/i0.wp.com\/vincentians.com\/fr\/wp-content\/uploads\/sites\/10\/2016\/07\/vincent-et-sa-action-sociale.jpg?fit=1160%2C630&resize=350%2C200 1x, https:\/\/i0.wp.com\/vincentians.com\/fr\/wp-content\/uploads\/sites\/10\/2016\/07\/vincent-et-sa-action-sociale.jpg?fit=1160%2C630&resize=525%2C300 1.5x, https:\/\/i0.wp.com\/vincentians.com\/fr\/wp-content\/uploads\/sites\/10\/2016\/07\/vincent-et-sa-action-sociale.jpg?fit=1160%2C630&resize=700%2C400 2x, https:\/\/i0.wp.com\/vincentians.com\/fr\/wp-content\/uploads\/sites\/10\/2016\/07\/vincent-et-sa-action-sociale.jpg?fit=1160%2C630&resize=1050%2C600 3x"},"classes":[]},{"id":106659,"url":"http:\/\/vincentians.com\/fr\/la-vie-du-venerable-serviteur-de-dieu-vincent-de-paul-livre-second-chapitre-dernier-section-ix\/","url_meta":{"origin":105644,"position":2},"title":"La vie du v\u00e9n\u00e9rable serviteur de Dieu Vincent de Paul, Livre second, Chapitre Dernier, Section IX","author":"Francisco Javier Fern\u00e1ndez Chento","date":"21\/11\/2013","format":false,"excerpt":"Section IX\u00a0: Diverses autres affaires de pi\u00e9t\u00e9 auxquelles M. Vincent s'est employ\u00e9 dans le Conseil du Roi Le z\u00e8le de M. Vincent pour tout ce qui concernait les int\u00e9r\u00eats du service et de l'honneur de Dieu le tenait dans une attention continuelle sur toutes les occasions qui se pr\u00e9sentaient pour\u2026","rel":"","context":"Dans &quot;Vincent de Paul&quot;","block_context":{"text":"Vincent de Paul","link":"http:\/\/vincentians.com\/fr\/category\/the-vincentian-family\/founders\/vincent-de-paul\/"},"img":{"alt_text":"","src":"https:\/\/i0.wp.com\/vincentians.com\/fr\/wp-content\/uploads\/sites\/10\/2016\/07\/abelly-feat.jpg?fit=1200%2C630&resize=350%2C200","width":350,"height":200,"srcset":"https:\/\/i0.wp.com\/vincentians.com\/fr\/wp-content\/uploads\/sites\/10\/2016\/07\/abelly-feat.jpg?fit=1200%2C630&resize=350%2C200 1x, https:\/\/i0.wp.com\/vincentians.com\/fr\/wp-content\/uploads\/sites\/10\/2016\/07\/abelly-feat.jpg?fit=1200%2C630&resize=525%2C300 1.5x, https:\/\/i0.wp.com\/vincentians.com\/fr\/wp-content\/uploads\/sites\/10\/2016\/07\/abelly-feat.jpg?fit=1200%2C630&resize=700%2C400 2x, https:\/\/i0.wp.com\/vincentians.com\/fr\/wp-content\/uploads\/sites\/10\/2016\/07\/abelly-feat.jpg?fit=1200%2C630&resize=1050%2C600 3x"},"classes":[]},{"id":52020,"url":"http:\/\/vincentians.com\/fr\/saint-vincent-de-paul-et-sa-mission-sociale-i-la-vocation-1\/","url_meta":{"origin":105644,"position":3},"title":"Saint Vincent De Paul Et Sa Mission Sociale. I &#8211; La vocation (1)","author":"Francisco Javier Fern\u00e1ndez Chento","date":"18\/12\/2014","format":false,"excerpt":"L\u2019HOMME ET L\u2019\u0152UVRE \u2014 Le seizi\u00e8me si\u00e8cle et le protestantisme en France. \u2014 Ravages caus\u00e9s par les guerres de religion. \u2014 Changements dans la soci\u00e9t\u00e9. \u2014 Accroissement de la mis\u00e8re. \u2014 L\u2019\u0153uvre nouvelle de la Charit\u00e9. \u2014 Saint Vincent de Paul. \u2014 Sa mission. \u2014 Naissance et premi\u00e8res ann\u00e9es. \u2014\u2026","rel":"","context":"Dans &quot;Vincent de Paul&quot;","block_context":{"text":"Vincent de Paul","link":"http:\/\/vincentians.com\/fr\/category\/the-vincentian-family\/founders\/vincent-de-paul\/"},"img":{"alt_text":"","src":"https:\/\/i0.wp.com\/vincentians.com\/fr\/wp-content\/uploads\/sites\/10\/2016\/07\/vincent-et-sa-action-sociale.jpg?fit=1160%2C630&resize=350%2C200","width":350,"height":200,"srcset":"https:\/\/i0.wp.com\/vincentians.com\/fr\/wp-content\/uploads\/sites\/10\/2016\/07\/vincent-et-sa-action-sociale.jpg?fit=1160%2C630&resize=350%2C200 1x, https:\/\/i0.wp.com\/vincentians.com\/fr\/wp-content\/uploads\/sites\/10\/2016\/07\/vincent-et-sa-action-sociale.jpg?fit=1160%2C630&resize=525%2C300 1.5x, https:\/\/i0.wp.com\/vincentians.com\/fr\/wp-content\/uploads\/sites\/10\/2016\/07\/vincent-et-sa-action-sociale.jpg?fit=1160%2C630&resize=700%2C400 2x, https:\/\/i0.wp.com\/vincentians.com\/fr\/wp-content\/uploads\/sites\/10\/2016\/07\/vincent-et-sa-action-sociale.jpg?fit=1160%2C630&resize=1050%2C600 3x"},"classes":[]},{"id":52016,"url":"http:\/\/vincentians.com\/fr\/saint-vincent-de-paul-et-sa-mission-sociale-introduction\/","url_meta":{"origin":105644,"position":4},"title":"Saint Vincent De Paul Et Sa Mission Sociale. Introduction","author":"Francisco Javier Fern\u00e1ndez Chento","date":"17\/12\/2014","format":false,"excerpt":"Les antiennes que l\u2019on chante aux premi\u00e8res v\u00eapres de saint Vincent de Paul sont le portrait et l\u2019\u00e9loge le plus exact que l\u2019on puisse faire de ce h\u00e9ros de la charit\u00e9 : Les indigents et les pauvres cherchent de l\u2019eau et n\u2019en trouvent pas ; moi, dit le Seigneur, je\u2026","rel":"","context":"Dans &quot;Vincent de Paul&quot;","block_context":{"text":"Vincent de Paul","link":"http:\/\/vincentians.com\/fr\/category\/the-vincentian-family\/founders\/vincent-de-paul\/"},"img":{"alt_text":"","src":"https:\/\/i0.wp.com\/vincentians.com\/fr\/wp-content\/uploads\/sites\/10\/2016\/07\/vincent-et-sa-action-sociale.jpg?fit=1160%2C630&resize=350%2C200","width":350,"height":200,"srcset":"https:\/\/i0.wp.com\/vincentians.com\/fr\/wp-content\/uploads\/sites\/10\/2016\/07\/vincent-et-sa-action-sociale.jpg?fit=1160%2C630&resize=350%2C200 1x, https:\/\/i0.wp.com\/vincentians.com\/fr\/wp-content\/uploads\/sites\/10\/2016\/07\/vincent-et-sa-action-sociale.jpg?fit=1160%2C630&resize=525%2C300 1.5x, https:\/\/i0.wp.com\/vincentians.com\/fr\/wp-content\/uploads\/sites\/10\/2016\/07\/vincent-et-sa-action-sociale.jpg?fit=1160%2C630&resize=700%2C400 2x, https:\/\/i0.wp.com\/vincentians.com\/fr\/wp-content\/uploads\/sites\/10\/2016\/07\/vincent-et-sa-action-sociale.jpg?fit=1160%2C630&resize=1050%2C600 3x"},"classes":[]},{"id":106648,"url":"http:\/\/vincentians.com\/fr\/la-vie-du-venerable-serviteur-de-dieu-vincent-de-paul-livre-second-chapitre-dernier-section-i\/","url_meta":{"origin":105644,"position":5},"title":"La vie du v\u00e9n\u00e9rable serviteur de Dieu Vincent de Paul, Livre second, Chapitre Dernier, Section I","author":"Francisco Javier Fern\u00e1ndez Chento","date":"13\/11\/2013","format":false,"excerpt":"Chapitre dernier\u00a0: Les emplois de M. Vincent pour le service du roi dans les conseils de Sa Majest\u00e9 et ailleurs, pendant le temps de la R\u00e9gence de la Reine-M\u00e8re. Nous pouvons bien mettre ici, entre les grandes \u0153uvres de M. Vincent, ses emplois dans le conseil du roi pour les\u2026","rel":"","context":"Dans &quot;Vincent de Paul&quot;","block_context":{"text":"Vincent de Paul","link":"http:\/\/vincentians.com\/fr\/category\/the-vincentian-family\/founders\/vincent-de-paul\/"},"img":{"alt_text":"","src":"https:\/\/i0.wp.com\/vincentians.com\/fr\/wp-content\/uploads\/sites\/10\/2016\/07\/abelly-feat.jpg?fit=1200%2C630&resize=350%2C200","width":350,"height":200,"srcset":"https:\/\/i0.wp.com\/vincentians.com\/fr\/wp-content\/uploads\/sites\/10\/2016\/07\/abelly-feat.jpg?fit=1200%2C630&resize=350%2C200 1x, https:\/\/i0.wp.com\/vincentians.com\/fr\/wp-content\/uploads\/sites\/10\/2016\/07\/abelly-feat.jpg?fit=1200%2C630&resize=525%2C300 1.5x, https:\/\/i0.wp.com\/vincentians.com\/fr\/wp-content\/uploads\/sites\/10\/2016\/07\/abelly-feat.jpg?fit=1200%2C630&resize=700%2C400 2x, https:\/\/i0.wp.com\/vincentians.com\/fr\/wp-content\/uploads\/sites\/10\/2016\/07\/abelly-feat.jpg?fit=1200%2C630&resize=1050%2C600 3x"},"classes":[]}],"_links":{"self":[{"href":"http:\/\/vincentians.com\/fr\/wp-json\/wp\/v2\/posts\/105644","targetHints":{"allow":["GET"]}}],"collection":[{"href":"http:\/\/vincentians.com\/fr\/wp-json\/wp\/v2\/posts"}],"about":[{"href":"http:\/\/vincentians.com\/fr\/wp-json\/wp\/v2\/types\/post"}],"author":[{"embeddable":true,"href":"http:\/\/vincentians.com\/fr\/wp-json\/wp\/v2\/users\/4"}],"replies":[{"embeddable":true,"href":"http:\/\/vincentians.com\/fr\/wp-json\/wp\/v2\/comments?post=105644"}],"version-history":[{"count":0,"href":"http:\/\/vincentians.com\/fr\/wp-json\/wp\/v2\/posts\/105644\/revisions"}],"wp:featuredmedia":[{"embeddable":true,"href":"http:\/\/vincentians.com\/fr\/wp-json\/wp\/v2\/media\/149583"}],"wp:attachment":[{"href":"http:\/\/vincentians.com\/fr\/wp-json\/wp\/v2\/media?parent=105644"}],"wp:term":[{"taxonomy":"category","embeddable":true,"href":"http:\/\/vincentians.com\/fr\/wp-json\/wp\/v2\/categories?post=105644"},{"taxonomy":"post_tag","embeddable":true,"href":"http:\/\/vincentians.com\/fr\/wp-json\/wp\/v2\/tags?post=105644"}],"curies":[{"name":"wp","href":"https:\/\/api.w.org\/{rel}","templated":true}]}}