{"id":105640,"date":"2013-01-26T12:19:43","date_gmt":"2013-01-26T11:19:43","guid":{"rendered":"http:\/\/vincentiens.org\/?p=105640"},"modified":"2013-01-26T12:19:43","modified_gmt":"2013-01-26T11:19:43","slug":"la-vie-du-venerable-serviteur-de-dieu-vincent-de-paul-livre-premier-chapitre-l","status":"publish","type":"post","link":"http:\/\/vincentians.com\/fr\/la-vie-du-venerable-serviteur-de-dieu-vincent-de-paul-livre-premier-chapitre-l\/","title":{"rendered":"La vie du v\u00e9n\u00e9rable serviteur de Dieu Vincent de Paul, Livre premier, Chapitre L"},"content":{"rendered":"<p><b>Les maladies de Monsieur. Vincent, et le saint usage qu&rsquo;il en a fait.<\/b><\/p>\n<p>Pour faire un holocauste parfait de la vie de ce saint pr\u00eatre, et afin qu&rsquo;il ne rest\u00e2t rien en lui qui ne f\u00fbt consomm\u00e9 en l\u2019honneur et pour l&rsquo;amour de son souverain Seigneur, il fallait que les maladies achevassent en son corps le sacrifice, que les afflictions et les peines avaient commenc\u00e9 en son \u00e2me: C&rsquo;est pourquoi Dieu voulut que pendant le cours de sa vie il f\u00fbt sujet \u00e0 diverses infirmit\u00e9s, et que sur la fin il f\u00fbt exerc\u00e9 par de grandes et douloureuses maladies, pour mettre le comble \u00e0 sa patience et donner la couronne de la vie \u00e0 sa pers\u00e9v\u00e9rance et \u00e0 son amour.<\/p>\n<p>Nous avons dit en l&rsquo;un des chapitres pr\u00e9c\u00e9dents que, quoiqu&rsquo;il f\u00fbt d&rsquo;un temp\u00e9rament assez robuste, il ne laissait pas d&rsquo;\u00eatre sujet \u00e0 plusieurs infirmit\u00e9s, dont il commen\u00e7a \u00e0 en \u00eatre molest\u00e9 d\u00e8s le temps qu&rsquo;il demeurait en la maison de Gondi, o\u00f9 il tomba dans une grande maladie qui lui laissa les jambes et les pieds enfl\u00e9s en telle sorte, que cette incommodit\u00e9 lui a dur\u00e9 jusqu&rsquo;\u00e0 la mort.<\/p>\n<p>Outre cela, il \u00e9tait, comme nous avons dit, fort susceptible des impressions de l&rsquo;air, et ensuite sujet \u00e0 une petite fi\u00e8vre qui lui \u00e9tait ordinaire, laquelle lui durait quelquefois, trois et quatre jours, d&rsquo;autrefois jusques \u00e0 quinze et plus; pour laquelle toutefois il n&rsquo;interrompait en aucune fa\u00e7on ses exercices ordinaires, se levant \u00e0 quatre heures comme les autres, allant \u00e0 l&rsquo;\u00e9glise faire sa m\u00e9ditation, et vaquant \u00e0 ses autres occupations et affaires, comme s&rsquo;il e\u00fbt \u00e9t\u00e9 en pleine sant\u00e9. Il l&rsquo;appelait sa petite fi\u00e9vrote; Et il ne la gu\u00e9rissait que par des sueurs qu&rsquo;il se procurait plusieurs jours de suite, particuli\u00e8rement durant l&rsquo;\u00e9t\u00e9; Pour cet effet, pendant les plus grandes chaleurs, lorsqu&rsquo;\u00e0 peine on peut souffrir un drap sur soi la nuit, il \u00e9tait oblig\u00e9 de se couvrir de trois couvertures, de mettre \u00e0 ses c\u00f4t\u00e9s deux gros flacons d&rsquo;\u00e9tain pleins d\u2019eau bouillante, et de passer la nuit en cet \u00e9tat: si bien que le matin il sortait du lit comme d&rsquo;un bain, laissant la paillasse et ses couvertures toutes p\u00e9n\u00e9tr\u00e9es de sueur, et s&rsquo;essuyant lui-m\u00eame, sans vouloir permettre que personne le touch\u00e2t.<\/p>\n<p>Il n&rsquo;y a point de doute que ce rem\u00e8de ne f\u00fbt plus f\u00e2cheux que le mal m\u00eame; n\u00e9anmoins M. Vincent s&rsquo;en servait volontiers, nonobstant la tr\u00e8s grande incommodit\u00e9 qu&rsquo;il en ressentait.; et le fr\u00e8re qui l&rsquo;assistait d&rsquo;ordinaire en cela, assure que cette mortification lui semblait insupportable, non seulement en ce qu&rsquo;elle \u00f4tait \u00e0 M. Vincent le repos de la nuit, ne lui \u00e9tant pas possible de dormir en ressentant une telle violence; mais \u00e0 cause de l&rsquo;exc\u00e8s de la chaleur qu&rsquo;il lui fallait souffrir, qui ne pouvait que lui causer une extr\u00eame peine, puisque pendant l&rsquo;\u00e9t\u00e9 les moindres chaleurs semblent si f\u00e2cheuses et difficiles \u00e0 supporter.<\/p>\n<p>Or, comme ces grandes et longues sueurs jointes au d\u00e9faut du sommeil, qu&rsquo;il ne r\u00e9parait par aucun repos volontaire durant le jour, l&rsquo;affaiblissaient grandement; de l\u00e0 provenait que la nature succombant \u00e0 la faiblesse, il s&rsquo;endormait souvent en pr\u00e9sence de ceux qui lui parlaient, et quelquefois m\u00eame devant des personnes de grande condition; Il se faisait de grandes violences pour r\u00e9sister \u00e0 ce sommeil, et au lieu de dire la cause de ces assoupissements, qui \u00e9taient le d\u00e9faut du sommeil pendant la nuit, il ne l&rsquo;attribuait qu&rsquo;\u00e0 sa mis\u00e8re, qui \u00e9tait le terme dont il se servait ordinairement.<\/p>\n<p>Outre cette fi\u00e9vrote, il a \u00e9t\u00e9 longtemps sujet \u00e0 une fi\u00e8vre quarte, dont il \u00e9tait travaill\u00e9 une ou deux fois chaque ann\u00e9e.: et n\u00e9anmoins \u00e7&rsquo;a \u00e9t\u00e9 pendant le temps de ces fi\u00e8vres que Dieu s&rsquo;est servi de lui pour faire la meilleure partie des grandes choses, dont il a \u00e9t\u00e9 parl\u00e9; et c&rsquo;est en ce temps-l\u00e0 qu&rsquo;au lieu de se tenir en repos dans une infirmerie, il a travaill\u00e9 avec plus d&rsquo;assiduit\u00e9 et de b\u00e9n\u00e9diction pour le service de l&rsquo;Eglise ,et pour le soulagement et le salut des pauvres.<\/p>\n<p>Il eut une grande et dangereuse maladie en l&rsquo;ann\u00e9e I645, pendant laquelle il eut la d\u00e9votion de communier tous les jours: la violence du mal ayant fait un transport au cerveau, il fut quelques heures en d\u00e9lire, durant lesquelles il ne parlait que de l&rsquo;abondance de son c\u0153ur, c&rsquo;est-\u00e0-dire, des paroles qui t\u00e9moignaient les saintes dispositions, dont il \u00e9tait rempli, et entre plusieurs autres, on lui entendit fort souvent r\u00e9p\u00e9ter celle-ci: In spiritu humilitatis ,et in animo contrito, suscipiamur \u00e0 te, Domine. C&rsquo;est-\u00e0-dire, Daigne Seigneur, nous recevoir avec un esprit d\u2019humilit\u00e9 et un c\u0153ur contrit<\/p>\n<p>Il arriva pendant cette grande maladie de M. Vincent une chose digne de remarque, qui fut qu&rsquo;un pr\u00eatre de sa Congr\u00e9gation nomm\u00e9 M. Dufour, du dioc\u00e8se d&rsquo;Amiens, se trouvant pour lors malade dans la m\u00eame maison, et apprenant que M. Vincent \u00e9tait en danger de sa vie, il fit pour ce p\u00e8re de son \u00e2me le m\u00eame souhait, que David avait fait autrefois pour Absalon son fils, qui \u00e9tait de mourir plut\u00f4t que lui, et s&rsquo;il \u00e9tait possible, de racheter sa vie aux d\u00e9pens de la sienne: et on remarqua que d\u00e8s lors M. Vincent commen\u00e7a \u00e0 se mieux porter, et la maladie de ce bon pr\u00eatre s&rsquo;augmenta de telle sorte, que peu de temps apr\u00e8s il mourut. La nuit qu&rsquo;il tr\u00e9passa, ceux qui veillaient M. Vincent, entendirent sur le minuit frapper trois coups \u00e0 la porte de sa chambre, et allant voir qui avait frapp\u00e9, ils ne trouv\u00e8rent personne: Et alors M. Vincent appelant un clerc de la Compagnie qui veillait, il lui fit prendre le br\u00e9viaire, et lui fit r\u00e9citer quelque chose de l&rsquo;Office des morts, comme sachant que le susdit pr\u00eatre venait d&rsquo;expirer, sans n\u00e9anmoins que personne lui en e\u00fbt dit aucun mot.<\/p>\n<p>Etant \u00e0 Richelieu en l&rsquo;ann\u00e9e 1649, il y fut attaqu\u00e9 d&rsquo;une fi\u00e8vre tierce, pour laquelle n\u00e9anmoins il n&rsquo;interrompit aucun de ses exercices, quoique les acc\u00e8s fussent assez longs et violents.<\/p>\n<p>En l&rsquo;ann\u00e9e 1656 il eut une autre maladie qui commen\u00e7a par une fi\u00e8vre continue de quelques jours., et qui se termina par une grande fluxion sur une jambe, qui le tint au lit quelque temps, et l&rsquo;obligea de garder la chambre pr\u00e8s de deux mois, avec une telle incommodit\u00e9, que ne pouvant du tout se soutenir, il le fallait porter et reporter du lit aupr\u00e8s du feu: et ce fut seulement en cette maladie, qu&rsquo;on put gagner sur lui, et l&rsquo;obliger de coucher dans une chambre ou il y e\u00fbt une chemin\u00e9e, pour y faire du feu quand il \u00e9tait n\u00e9cessaire afin de rem\u00e9dier \u00e0 ses incommodit\u00e9s.<\/p>\n<p>Depuis ladite ann\u00e9e 1656 jusqu&rsquo;\u00e0 la fin de sa vie, il a eu de fr\u00e9quentes attaques de fi\u00e8vre, et d&rsquo;autres maladies. Il passa un car\u00eame dans un grand d\u00e9go\u00fbt, ne pouvant presque manger aucune chose. En l&rsquo;ann\u00e9e 1658 il eut mal \u00e0 un \u0153il qui lui dura longtemps, et apr\u00e8s avoir essay\u00e9 plusieurs rem\u00e8des sans aucun soulagement, le m\u00e9decin lui ordonna d&rsquo;y mettre du sang d&rsquo;un pigeon qu&rsquo;on aurait fra\u00eechement tu\u00e9, et le fr\u00e8re chirurgien de la maison de Saint-Lazare ayant apport\u00e9 le pigeon \u00e0 cet effet, il ne put jamais souffrir qu&rsquo;on le tu\u00e2t, quelque raison qu&rsquo;on lui p\u00fbt all\u00e9guer, disant que cet animal innocent lui repr\u00e9sentait son Sauveur, et que Dieu le saurait bien gu\u00e9rir par une autre voie, ce qui arriva en effet.<\/p>\n<p>Sur la fin de la m\u00eame ann\u00e9e I658 comme il revenait de la ville avec un autre pr\u00eatre, dans le petit carrosse, la soupente se rompit, et tout d&rsquo;un coup le carrosse renversant fit tomber M. Vincent qui heurta rudement sa t\u00eate contre le pav\u00e9, dont il fut incommod\u00e9 assez longtemps, et \u00e0 tel point qu&rsquo;il pensait lui-m\u00eame \u00eatre en danger de mourir de cette blessure, la fi\u00e8vre \u00e9tant survenue peu de jours apr\u00e8s ,qu&rsquo;il fut tomb\u00e9.<\/p>\n<p>Enfin, pour ne pas ennuyer le lecteur par le r\u00e9cit de toutes les autres maladies que Dieu a envoy\u00e9es de temps en temps \u00e0 M. Vincent pour exercer sa vertu, il suffira de dire qu&rsquo;il y a peu d&rsquo;infirmit\u00e9s et d&rsquo;incommodit\u00e9s corporelles qu&rsquo;il n&rsquo;ait \u00e9prouv\u00e9es; Dieu l&rsquo;ayant ainsi voulu, afin qu&rsquo;il f\u00fbt plus capable de compatir \u00e0 celles du prochain, et particuli\u00e8rement de ses enfants spirituels. Il ne manquait pas aussi de les visiter quand il pouvait dans les infirmeries et ailleurs, les \u00e9difiant, consolant, et r\u00e9jouissant en toutes rencontres. Lorsqu&rsquo;il en trouvait quelqu&rsquo;un qui semblait perdre courage, ou qui s&rsquo;imaginait que son mal, pour \u00eatre long ou extraordinaire, le ferait mourir ou languir; apr\u00e8s lui avoir dit quelques mots d&rsquo;\u00e9dification, pour lui aider \u00e0 \u00e9lever son esprit en Dieu, il lui disait ordinairement, et surtout aux plus jeunes pour les encourager: \u00ab Ne craignez, pas, mon Fr\u00e8re, j&rsquo;ai eu ce m\u00eame mal en ma jeunesse, et j&rsquo;en suis gu\u00e9ri; j&rsquo;ai eu le mal de la courte-haleine, et je ne l&rsquo;ai plus: j&rsquo;ai eu des descentes, et Dieu me les a remises: j&rsquo;ai eu des bandeaux de t\u00e8te, qui se sont dissip\u00e9s; des oppressions de poitrine, et d\u00e9bilit\u00e9s d&rsquo;estomac, dont je suis revenu; attendez avec un peu de patience (lui disait-il) y a sujet d&rsquo;esp\u00e9rer que votre indisposition se passera, et que Dieu se veut encore servir de vous: Laissez-le faire, r\u00e9signez-vous \u00e0 lui avec paix et tranquillit\u00e9, etc.\u00bb<\/p>\n<p>Mais pour venir \u00e0 la plus grande et plus f\u00e2cheuse de toutes les incommodit\u00e9s de M. Vincent, que l&rsquo;on peut appeler une esp\u00e8ce de martyre, laquelle a enfin termin\u00e9 sa vie, et l&rsquo;a rendu plus conforme aux souffrances de J\u00e9sus-Christ, comme il avait toujours t\u00e2ch\u00e9 de l&rsquo;\u00eatre en la pratique de ses vertus et dans l&rsquo;imitation de ses travaux; il faut savoir qu&rsquo;il a port\u00e9 l&rsquo;incommodit\u00e9 de l&rsquo;enflure de ses jambes, et de ses pieds dont nous avons parl\u00e9, l&rsquo;espace de quarante-cinq ans: et elle \u00e9tait quelquefois si forte, qu&rsquo;il avait grande peine de se soutenir, ou de marcher, et d&rsquo;autres fois si enflamm\u00e9e et si douloureuse, qu&rsquo;il \u00e9tait contraint de se tenir au lit. C&rsquo;est pour cela qu&rsquo;il fut oblig\u00e9, des l&rsquo;ann\u00e9e 1632, lorsqu&rsquo;il vint demeurer \u00e0 Saint-Lazare, d&rsquo;avoir un cheval; tant parce que cette maison est \u00e9cart\u00e9e de la ville, que par la multitude des affaires qu&rsquo;il commen\u00e7a \u00e0 avoir en ce temps-l\u00e0,et qu&rsquo;il a toujours eues depuis. Ce cheval lui a servi jusqu&rsquo;en l&rsquo;ann\u00e9e 1649; que le mal de jambes augmenta notablement, \u00e0 cause du grand voyage qu&rsquo;il fit en Bretagne, et en Poitou; en sorte qu&rsquo;\u00e9tant r\u00e9duit \u00e0 un tel \u00e9tat, qu&rsquo;il ne pouvait plus monter \u00e0 cheval, ni en descendre, il aurait \u00e9t\u00e9 contraint de demeurer dans la maison, comme il y \u00e9tait tout r\u00e9solu, si feu M. l&rsquo;archev\u00eaque de Paris ne lui e\u00fbt command\u00e9 de se servir d&rsquo;un petit carrosse.<\/p>\n<p>Cette enflure de jambes alla toujours croissant, et ayant mont\u00e9 jusqu&rsquo;aux genoux en l&rsquo;ann\u00e9e I656 il ne pouvait plus les ployer que difficilement, ni se lever qu&rsquo;avec de grandes douleurs, ni marcher qu&rsquo;en s&rsquo;appuyant sur un b\u00e2ton: et ensuite une de ses jambes s&rsquo;\u00e9tant ensuite ouverte \u00e0 la cheville du pied droit, il s&rsquo;y fit de nouveaux ulc\u00e8res en l&rsquo;ann\u00e9e 1658 et les douleurs des genoux augmentant toujours, il ne fut plus en son pouvoir, au commencement de l&rsquo;ann\u00e9e 1659, de sortir de la maison: il continua n\u00e9anmoins quelque temps de descendre en bas pour se trouver \u00e0 l&rsquo;oraison en l&rsquo;\u00e9glise de la Communaut\u00e9, et pour y c\u00e9l\u00e9brer la sainte messe, comme aussi pour assister aux conf\u00e9rences des eccl\u00e9siastiques en la salle destin\u00e9e \u00e0 cet effet; et pour ce qui est de la messe, quelque temps apr\u00e8s ne pouvant plus monter ni descendre les marches de la sacristie, il fut oblig\u00e9 de s&rsquo;habiller et se d\u00e9shabiller \u00e0 l&rsquo;autel: Au sujet de quoi il disait quelquefois en riant, qu&rsquo;il \u00e9tait devenu grand seigneur, parce qu&rsquo;il faisait en cela ce qu&rsquo;il n&rsquo;appartient qu&rsquo;aux pr\u00e9lats de faire.<\/p>\n<p>Sur la fin de l&rsquo;ann\u00e9e 1659 il fut oblig\u00e9 de c\u00e9l\u00e9brer en la chapelle de l&rsquo;infirmerie: mes les jambes lui ayant enfin manqu\u00e9 tout \u00e0 fait en l&rsquo;ann\u00e9e 1660, qui fut sa derni\u00e8re, il ne put plus dire la sainte messe; mais il continua de l&rsquo;entendre jusqu&rsquo;au jour de son d\u00e9c\u00e8s, quoiqu&rsquo;il souffr\u00eet une peine incroyable pour aller de sa chambre \u00e0 la chapelle, \u00e9tant contraint de se servir de potences pour marcher.<\/p>\n<p>Cependant il diminuait tous les jours et ne mangeait presque point, et dans cet \u00e9tat caduc accompagn\u00e9 d&rsquo;extr\u00eames infirmit\u00e9s, il voulait qu&rsquo;on ne lui apport\u00e2t que tr\u00e8s peu de chose, et rien de d\u00e9licat: Le m\u00e9decin, n\u00e9anmoins et quelques personnes de condition et de tr\u00e8s grande vertu qui prenaient grand int\u00e9r\u00eat \u00e0 sa conservation le firent consentir, quoiqu&rsquo;\u00e0 grand \u2018peine, qu&rsquo;il prendrait tous les jours des consomm\u00e9s et mangerait de quelque poulet: Mais d\u00e8s la premi\u00e8re ou seconde fois qu&rsquo;on lui apporta cette nourriture, il dit qu&rsquo;elle lui faisait mal au c\u0153ur, qu&rsquo;il n&rsquo;en voulait plus prendre, et gagna sur ces personnes qu&rsquo;on ne lui en pr\u00e9senterait plus; ce qui n&#8217;emp\u00eacha pas, toutefois, qu&rsquo;il ne s&rsquo;appliqu\u00e2t toujours aux affaires et qu&rsquo;il ne r\u00e9gl\u00e2t toutes choses \u00e0 son ordinaire,<\/p>\n<p>Ce bon serviteur de Dieu donc \u00e9tait r\u00e9duit \u00e0 ne pouvoir plus marcher que sur des potences, et encore avec des peines indicibles, et m\u00eame avec un danger continuel de tomber pour ne pouvoir presque plus remuer les jambes. Cela fut cause qu&rsquo;au mois de juillet de la m\u00eame ann\u00e9e 1660 on le pria instamment de consentir que de la chambre contigu\u00eb \u00e0 la sienne on f\u00eet une chapelle, afin que sans sortir il p\u00fbt entendre la messe; \u00e0 quoi il ne voulut jamais entendre; disant pour raison, que les chapelles domestiques destin\u00e9es pour y c\u00e9l\u00e9brer la messe, ne se devaient point permettre sans quelque grande n\u00e9cessit\u00e9, laquelle il ne voyait pas \u00e0 son \u00e9gard. On le pria au moins de trouver bon qu&rsquo;on lui f\u00eet faire une chaise pour le porter de sa chambre \u00e0 la chapelle de l&rsquo;infirmerie, afin qu&rsquo;il n&rsquo;e\u00fbt pas tant de peine, et qu&rsquo;il ne se m\u00eet pas en danger de tomber en allant chaque jour entendre la sainte messe: Son humilit\u00e9 trouva encore moyen d&#8217;emp\u00eacher l&rsquo;effet de cette proposition jusqu&rsquo;au mois d&rsquo;ao\u00fbt, que ne se pouvant plus soutenir sur ses potences, il consentit enfin qu&rsquo;on lui f\u00eet une chaise, de laquelle il commen\u00e7a \u00e0 se servir le jour de l&rsquo;Assomption de la tr\u00e8s sainte Vierge, et continua environ six semaines jusqu&rsquo;\u00e0 sa mort: ce lui \u00e9tait une nouvelle peine d&rsquo;en causer \u00e0 deux fr\u00e8res qui le portaient; et pour cela il ne voulait jamais se faire porter qu\u2019\u00e0 la chapelle distante de sa chambre d&rsquo;environ trente ou quarante pas.<\/p>\n<p>Certainement, quand bien m\u00eame ce v\u00e9n\u00e9rable vieillard n&rsquo;aurait eu aucun mal que d&rsquo;avoir \u00e9t\u00e9 pr\u00e8s de deux ans oblig\u00e9 de demeurer tous les jours depuis le matin jusqu&rsquo;au soir, sans se pouvoir presque remuer ni soulager, et particuli\u00e8rement la derni\u00e8re ann\u00e9e, ce lui aurait \u00e9t\u00e9 un grand exercice de patience: mais si l&rsquo;on consid\u00e8re les grandes douleurs que ses genoux enfl\u00e9s, et ses pieds ulc\u00e9r\u00e9s lui causaient sans cesse, et principalement durant la nuit, ne pouvant trouver aucune place ni posture qui f\u00fbt propre pour ]es soulager, on reconna\u00eetra que sa vie n&rsquo;\u00e9tait pour lors qu&rsquo;un continuel martyre. Outre tout cela, Dieu permit encore qu&rsquo;il lui arriv\u00e2t un autre sujet de souffrance, qui le rendit tel, qu&rsquo;on pouvait bien dire de lui par conformit\u00e9 avec son divin Ma\u00eetre, qu&rsquo;il \u00e9tait v\u00e9ritablement un homme de douleurs; Ce fut une grande difficult\u00e9 d&rsquo;uriner qui lui survint la derni\u00e8re ann\u00e9e de sa vie, et qui lui causa beaucoup de douleurs et d&rsquo;incommodit\u00e9s: car il ne se pouvait lever ni aider aucunement de ses jambes, et le moindre mouvement qu&rsquo;il s&rsquo;effor\u00e7ait de faire en se prenant avec les mains \u00e0 un gros cordon qu&rsquo;on avait attach\u00e9 \u00e0 une solive de sa chambre, lui causait de tr\u00e8s sensibles douleurs., au plus fort de ces douleurs, on n&rsquo;entendait sortir de sa bouche aucune plainte; mais seulement quelques aspirations vers Dieu, r\u00e9p\u00e9tant souvent ces paroles: Ah mon Sauveur ! mon bon Sauveur ! et autres semblables, qu&rsquo;il prof\u00e9rait avec un ton de voix plein de d\u00e9votion; et jetant souvent les yeux sur une petite croix de bois o\u00f9 J\u00e9sus-Christ crucifi\u00e9 \u00e9tait d\u00e9peint, qu&rsquo;il avait fait mettre vis-\u00e0-vis de lui tout aupr\u00e8s de sa chaise, pour sa consolation.<\/p>\n<p>Parmi toutes ses douleurs il est toujours demeur\u00e9 constant dans sa mani\u00e8re de vie dure et aust\u00e8re, n&rsquo;ayant jamais voulu souffrir qu&rsquo;on le couch\u00e2t sur un lit mollet, mais se faisant mettre seulement sur une paillasse, pour y passer cinq ou six heures de la nuit, non tant pour y prendre du repos, que pour y trouver une nouvelle mati\u00e8re de souffrance: Car les s\u00e9rosit\u00e9s mordicantes qui coulaient pendant le jour des ulc\u00e8res de ses jambes en telle abondance qu&rsquo;elles faisaient quelquefois un petit ruisseau sur le plancher, s&rsquo;arr\u00eatant durant la nuit dans les jointures des genoux, lui causaient un redoublement de douleurs ,dont la continuation et la violence le dess\u00e9chaient et consumaient petit \u00e0 petit.<\/p>\n<p>On le voyait ainsi affaiblir et diminuer tous les jours, et cependant, il ne d\u00e9sistait pas d&rsquo;un seul moment de s&rsquo;appliquer aux soins de sa Congr\u00e9gation, des compagnies du dehors qu&rsquo;il dirigeait et des autres affaires dont il \u00e9tait charg\u00e9; il envoyait quelques-uns de ses pr\u00eatres aux lieux o\u00f9 il ne pouvait aller, leur prescrivant ce qu&rsquo;ils avaient \u00e0 dire, et de quelle fa\u00e7on ils s&rsquo;y devaient comporter; il recevait grande quantit\u00e9 de lettres, les lisait, et y r\u00e9pondait. Il assemblait souvent les officiers de sa maison, et les assistants, il leur parlait \u00e0 tous ensemble ou \u00e0 chacun en particulier, selon qu&rsquo;il \u00e9tait n\u00e9cessaire; il s&rsquo;informait d&rsquo;eux de l&rsquo;\u00e9tat des affaires, et en d\u00e9lib\u00e9rait avec; eux; il pourvoyait \u00e0 tout et donnait tous les ordres n\u00e9cessaires; il envoyait des ouvriers pour travailler aux missions, et les assemblait pour convenir avec eux de la mani\u00e8re de les faire utilement et fructueusement.<\/p>\n<p>Enfin, parmi tous ses efforts d&rsquo;agir, et de p\u00e2tir, la nature devint en lui si faible qu&rsquo;il ne pouvait plus s&rsquo;appliquer ni parler qu&rsquo;avec grand&rsquo;peine: Et n\u00e9anmoins, dans cet abattement d&rsquo;esprit et de corps, il a fait des discours de demi-heure et plus, avec tant de vigueur et de gr\u00e2ce, que ceux qui l&rsquo;\u00e9coutaient en \u00e9taient tout \u00e9tonn\u00e9s; et ils ont assur\u00e9 depuis qu\u2019ils ne l&rsquo;avaient jamais ou\u00ef parler avec tant d&rsquo;ordre et d&rsquo;\u00e9nergie. Et ce qui est encore digne d&rsquo;admiration, est que parmi toutes ses angoisses si longues et si f\u00e2cheuses, il a toujours paru tant \u00e0 ceux de la maison qu&rsquo;aux personnes du dehors qui l&rsquo;allaient voir, avec un esprit doux, un visage riant, et des paroles fort affables, de m\u00eame que s&rsquo;il e\u00fbt \u00e9t\u00e9 en pleine sant\u00e9: que si on lui demandait des nouvelles du mal qu\u2019il. souffrait; il en parlait comme d&rsquo;une chose dont il ne fallait pas faire grand cas, disant, que ce n&rsquo;\u00e9tait rien en comparaison des souffrances de Notre-Seigneur, et qu&rsquo;il avait bien m\u00e9rit\u00e9 d&rsquo;autres ch\u00e2timents; et sur cela il d\u00e9tournait adroitement les discours de ce qui le concernait, pour compatir \u00e0 celui qui lui parlait, quand il le savait en quelque peine ou infirmit\u00e9, comme si elle lui e\u00fbt \u00e9t\u00e9 plus sensible que ses propres douleurs.<\/p>\n","protected":false},"excerpt":{"rendered":"<p>Les maladies de Monsieur. Vincent, et le saint usage qu&rsquo;il en a fait. Pour faire un holocauste parfait de la vie de ce saint pr\u00eatre, et afin qu&rsquo;il ne rest\u00e2t rien en lui qui ne &#8230; <a href=\"http:\/\/vincentians.com\/fr\/la-vie-du-venerable-serviteur-de-dieu-vincent-de-paul-livre-premier-chapitre-l\/\" class=\"more-link\">Read More<\/a><\/p>\n","protected":false},"author":4,"featured_media":149583,"comment_status":"open","ping_status":"open","sticky":false,"template":"","format":"standard","meta":{"jetpack_post_was_ever_published":false,"_jetpack_newsletter_access":"","_jetpack_dont_email_post_to_subs":false,"_jetpack_newsletter_tier_id":0,"_jetpack_memberships_contains_paywalled_content":false,"_jetpack_memberships_contains_paid_content":false,"footnotes":"","jetpack_publicize_message":"","jetpack_publicize_feature_enabled":true,"jetpack_social_post_already_shared":true,"jetpack_social_options":{"image_generator_settings":{"template":"highway","default_image_id":0,"font":"","enabled":false},"version":2}},"categories":[5],"tags":[],"class_list":["post-105640","post","type-post","status-publish","format-standard","has-post-thumbnail","hentry","category-vincent-de-paul"],"yoast_head":"<!-- This site is optimized with the Yoast SEO plugin v26.3 - https:\/\/yoast.com\/wordpress\/plugins\/seo\/ -->\n<title>La vie du v\u00e9n\u00e9rable serviteur de Dieu Vincent de Paul, Livre premier, Chapitre L - Nous Sommes Vincentiens<\/title>\n<meta name=\"robots\" content=\"index, follow, max-snippet:-1, max-image-preview:large, max-video-preview:-1\" \/>\n<link rel=\"canonical\" href=\"http:\/\/vincentians.com\/fr\/la-vie-du-venerable-serviteur-de-dieu-vincent-de-paul-livre-premier-chapitre-l\/\" \/>\n<meta property=\"og:locale\" content=\"fr_FR\" \/>\n<meta property=\"og:type\" content=\"article\" \/>\n<meta property=\"og:title\" content=\"La vie du v\u00e9n\u00e9rable serviteur de Dieu Vincent de Paul, Livre premier, Chapitre L - Nous Sommes Vincentiens\" \/>\n<meta property=\"og:description\" content=\"Les maladies de Monsieur. Vincent, et le saint usage qu&rsquo;il en a fait. Pour faire un holocauste parfait de la vie de ce saint pr\u00eatre, et afin qu&rsquo;il ne rest\u00e2t rien en lui qui ne ... Read More\" \/>\n<meta property=\"og:url\" content=\"http:\/\/vincentians.com\/fr\/la-vie-du-venerable-serviteur-de-dieu-vincent-de-paul-livre-premier-chapitre-l\/\" \/>\n<meta property=\"og:site_name\" content=\"Nous Sommes Vincentiens\" \/>\n<meta property=\"article:publisher\" content=\"https:\/\/www.facebook.com\/WeAreVincentians\/\" \/>\n<meta property=\"article:author\" content=\"https:\/\/www.facebook.com\/JavierChento\" \/>\n<meta property=\"article:published_time\" content=\"2013-01-26T11:19:43+00:00\" \/>\n<meta property=\"og:image\" content=\"https:\/\/i0.wp.com\/vincentians.com\/fr\/wp-content\/uploads\/sites\/10\/2016\/07\/abelly-feat.jpg?fit=1200%2C630\" \/>\n\t<meta property=\"og:image:width\" content=\"1200\" \/>\n\t<meta property=\"og:image:height\" content=\"630\" \/>\n\t<meta property=\"og:image:type\" content=\"image\/jpeg\" \/>\n<meta name=\"author\" content=\"Francisco Javier Fern\u00e1ndez Chento\" \/>\n<meta name=\"twitter:card\" content=\"summary_large_image\" \/>\n<meta name=\"twitter:creator\" content=\"@https:\/\/twitter.com\/javierchento\" \/>\n<meta name=\"twitter:site\" content=\"@WeVincentians\" \/>\n<meta name=\"twitter:label1\" content=\"\u00c9crit par\" \/>\n\t<meta name=\"twitter:data1\" content=\"Francisco Javier Fern\u00e1ndez Chento\" \/>\n\t<meta name=\"twitter:label2\" content=\"Dur\u00e9e de lecture estim\u00e9e\" \/>\n\t<meta name=\"twitter:data2\" content=\"17 minutes\" \/>\n<script type=\"application\/ld+json\" class=\"yoast-schema-graph\">{\"@context\":\"https:\/\/schema.org\",\"@graph\":[{\"@type\":\"WebPage\",\"@id\":\"http:\/\/vincentians.com\/fr\/la-vie-du-venerable-serviteur-de-dieu-vincent-de-paul-livre-premier-chapitre-l\/\",\"url\":\"http:\/\/vincentians.com\/fr\/la-vie-du-venerable-serviteur-de-dieu-vincent-de-paul-livre-premier-chapitre-l\/\",\"name\":\"La vie du v\u00e9n\u00e9rable serviteur de Dieu Vincent de Paul, Livre premier, Chapitre L - Nous Sommes Vincentiens\",\"isPartOf\":{\"@id\":\"http:\/\/vincentians.com\/fr\/#website\"},\"primaryImageOfPage\":{\"@id\":\"http:\/\/vincentians.com\/fr\/la-vie-du-venerable-serviteur-de-dieu-vincent-de-paul-livre-premier-chapitre-l\/#primaryimage\"},\"image\":{\"@id\":\"http:\/\/vincentians.com\/fr\/la-vie-du-venerable-serviteur-de-dieu-vincent-de-paul-livre-premier-chapitre-l\/#primaryimage\"},\"thumbnailUrl\":\"https:\/\/i0.wp.com\/vincentians.com\/fr\/wp-content\/uploads\/sites\/10\/2016\/07\/abelly-feat.jpg?fit=1200%2C630\",\"datePublished\":\"2013-01-26T11:19:43+00:00\",\"author\":{\"@id\":\"http:\/\/vincentians.com\/fr\/#\/schema\/person\/9623ef4d9aa3b2dfb8c061f1499288f2\"},\"breadcrumb\":{\"@id\":\"http:\/\/vincentians.com\/fr\/la-vie-du-venerable-serviteur-de-dieu-vincent-de-paul-livre-premier-chapitre-l\/#breadcrumb\"},\"inLanguage\":\"fr-FR\",\"potentialAction\":[{\"@type\":\"ReadAction\",\"target\":[\"http:\/\/vincentians.com\/fr\/la-vie-du-venerable-serviteur-de-dieu-vincent-de-paul-livre-premier-chapitre-l\/\"]}]},{\"@type\":\"ImageObject\",\"inLanguage\":\"fr-FR\",\"@id\":\"http:\/\/vincentians.com\/fr\/la-vie-du-venerable-serviteur-de-dieu-vincent-de-paul-livre-premier-chapitre-l\/#primaryimage\",\"url\":\"https:\/\/i0.wp.com\/vincentians.com\/fr\/wp-content\/uploads\/sites\/10\/2016\/07\/abelly-feat.jpg?fit=1200%2C630\",\"contentUrl\":\"https:\/\/i0.wp.com\/vincentians.com\/fr\/wp-content\/uploads\/sites\/10\/2016\/07\/abelly-feat.jpg?fit=1200%2C630\",\"width\":1200,\"height\":630},{\"@type\":\"BreadcrumbList\",\"@id\":\"http:\/\/vincentians.com\/fr\/la-vie-du-venerable-serviteur-de-dieu-vincent-de-paul-livre-premier-chapitre-l\/#breadcrumb\",\"itemListElement\":[{\"@type\":\"ListItem\",\"position\":1,\"name\":\"Portada\",\"item\":\"http:\/\/vincentians.com\/fr\/\"},{\"@type\":\"ListItem\",\"position\":2,\"name\":\"La vie du v\u00e9n\u00e9rable serviteur de Dieu Vincent de Paul, Livre premier, Chapitre L\"}]},{\"@type\":\"WebSite\",\"@id\":\"http:\/\/vincentians.com\/fr\/#website\",\"url\":\"http:\/\/vincentians.com\/fr\/\",\"name\":\"Nous Sommes Vincentiens\",\"description\":\"Know more to serve more\",\"potentialAction\":[{\"@type\":\"SearchAction\",\"target\":{\"@type\":\"EntryPoint\",\"urlTemplate\":\"http:\/\/vincentians.com\/fr\/?s={search_term_string}\"},\"query-input\":{\"@type\":\"PropertyValueSpecification\",\"valueRequired\":true,\"valueName\":\"search_term_string\"}}],\"inLanguage\":\"fr-FR\"},{\"@type\":\"Person\",\"@id\":\"http:\/\/vincentians.com\/fr\/#\/schema\/person\/9623ef4d9aa3b2dfb8c061f1499288f2\",\"name\":\"Francisco Javier Fern\u00e1ndez Chento\",\"image\":{\"@type\":\"ImageObject\",\"inLanguage\":\"fr-FR\",\"@id\":\"http:\/\/vincentians.com\/fr\/#\/schema\/person\/image\/\",\"url\":\"https:\/\/secure.gravatar.com\/avatar\/497d5cde87b4c3d097d0315953521681ba2cd523ee66e5077c3711f7021e65de?s=96&d=mm&r=g\",\"contentUrl\":\"https:\/\/secure.gravatar.com\/avatar\/497d5cde87b4c3d097d0315953521681ba2cd523ee66e5077c3711f7021e65de?s=96&d=mm&r=g\",\"caption\":\"Francisco Javier Fern\u00e1ndez Chento\"},\"description\":\"Director General y cofundador de La Red de Formaci\u00f3n Vicenciana. Javier es laico vicenciano, afiliado a la Congregaci\u00f3n de la Misi\u00f3n y miembro del Equipo de Misiones Populares de la provincia can\u00f3nica de Zaragoza (Espa\u00f1a) de la Congregaci\u00f3n de la Misi\u00f3n. Graduado en la Universidad Oberta de Catalunya con cuatro grados (Asistente de direcci\u00f3n, Gesti\u00f3n Administrativa, Recursos Humanos y Contabilidad Avanzada). Bil\u00edng\u00fce Espa\u00f1ol\/Ingl\u00e9s. gestiona y mantiene varias p\u00e1ginas web cristianas y vicencianas, incluida including La Red de Formaci\u00f3n Vicenciana, de la que es cofundador. Actualmente es responsable del \u00e1rea de Espa\u00f1ol de .famvin, la Red de Noticias de la Familia Vicenciana. Tambi\u00e9n es m\u00fasico cat\u00f3lico y ha editado varios discos. Es Director General y cofundador de Trovador, una reconocida compa\u00f1\u00eda discogr\u00e1fica critiana de Espa\u00f1a. Trabaja en las Tecnolog\u00edas de la Informaci\u00f3n, ofreciendo servicios de alojamiento, dise\u00f1o y mantenimiento Web, as\u00ed como asesoramiento, formaci\u00f3n y soluciones inform\u00e1ticas, gesti\u00f3n documental y digitalizaci\u00f3n de textos, edici\u00f3n y maquetaci\u00f3n de libros, revistas, flyers, etc.\",\"sameAs\":[\"http:\/\/chento.org\",\"https:\/\/www.facebook.com\/JavierChento\",\"https:\/\/x.com\/https:\/\/twitter.com\/javierchento\"],\"url\":\"http:\/\/vincentians.com\/fr\/author\/chento\/\"}]}<\/script>\n<!-- \/ Yoast SEO plugin. -->","yoast_head_json":{"title":"La vie du v\u00e9n\u00e9rable serviteur de Dieu Vincent de Paul, Livre premier, Chapitre L - Nous Sommes Vincentiens","robots":{"index":"index","follow":"follow","max-snippet":"max-snippet:-1","max-image-preview":"max-image-preview:large","max-video-preview":"max-video-preview:-1"},"canonical":"http:\/\/vincentians.com\/fr\/la-vie-du-venerable-serviteur-de-dieu-vincent-de-paul-livre-premier-chapitre-l\/","og_locale":"fr_FR","og_type":"article","og_title":"La vie du v\u00e9n\u00e9rable serviteur de Dieu Vincent de Paul, Livre premier, Chapitre L - Nous Sommes Vincentiens","og_description":"Les maladies de Monsieur. Vincent, et le saint usage qu&rsquo;il en a fait. Pour faire un holocauste parfait de la vie de ce saint pr\u00eatre, et afin qu&rsquo;il ne rest\u00e2t rien en lui qui ne ... Read More","og_url":"http:\/\/vincentians.com\/fr\/la-vie-du-venerable-serviteur-de-dieu-vincent-de-paul-livre-premier-chapitre-l\/","og_site_name":"Nous Sommes Vincentiens","article_publisher":"https:\/\/www.facebook.com\/WeAreVincentians\/","article_author":"https:\/\/www.facebook.com\/JavierChento","article_published_time":"2013-01-26T11:19:43+00:00","og_image":[{"width":1200,"height":630,"url":"https:\/\/i0.wp.com\/vincentians.com\/fr\/wp-content\/uploads\/sites\/10\/2016\/07\/abelly-feat.jpg?fit=1200%2C630","type":"image\/jpeg"}],"author":"Francisco Javier Fern\u00e1ndez Chento","twitter_card":"summary_large_image","twitter_creator":"@https:\/\/twitter.com\/javierchento","twitter_site":"@WeVincentians","twitter_misc":{"\u00c9crit par":"Francisco Javier Fern\u00e1ndez Chento","Dur\u00e9e de lecture estim\u00e9e":"17 minutes"},"schema":{"@context":"https:\/\/schema.org","@graph":[{"@type":"WebPage","@id":"http:\/\/vincentians.com\/fr\/la-vie-du-venerable-serviteur-de-dieu-vincent-de-paul-livre-premier-chapitre-l\/","url":"http:\/\/vincentians.com\/fr\/la-vie-du-venerable-serviteur-de-dieu-vincent-de-paul-livre-premier-chapitre-l\/","name":"La vie du v\u00e9n\u00e9rable serviteur de Dieu Vincent de Paul, Livre premier, Chapitre L - Nous Sommes Vincentiens","isPartOf":{"@id":"http:\/\/vincentians.com\/fr\/#website"},"primaryImageOfPage":{"@id":"http:\/\/vincentians.com\/fr\/la-vie-du-venerable-serviteur-de-dieu-vincent-de-paul-livre-premier-chapitre-l\/#primaryimage"},"image":{"@id":"http:\/\/vincentians.com\/fr\/la-vie-du-venerable-serviteur-de-dieu-vincent-de-paul-livre-premier-chapitre-l\/#primaryimage"},"thumbnailUrl":"https:\/\/i0.wp.com\/vincentians.com\/fr\/wp-content\/uploads\/sites\/10\/2016\/07\/abelly-feat.jpg?fit=1200%2C630","datePublished":"2013-01-26T11:19:43+00:00","author":{"@id":"http:\/\/vincentians.com\/fr\/#\/schema\/person\/9623ef4d9aa3b2dfb8c061f1499288f2"},"breadcrumb":{"@id":"http:\/\/vincentians.com\/fr\/la-vie-du-venerable-serviteur-de-dieu-vincent-de-paul-livre-premier-chapitre-l\/#breadcrumb"},"inLanguage":"fr-FR","potentialAction":[{"@type":"ReadAction","target":["http:\/\/vincentians.com\/fr\/la-vie-du-venerable-serviteur-de-dieu-vincent-de-paul-livre-premier-chapitre-l\/"]}]},{"@type":"ImageObject","inLanguage":"fr-FR","@id":"http:\/\/vincentians.com\/fr\/la-vie-du-venerable-serviteur-de-dieu-vincent-de-paul-livre-premier-chapitre-l\/#primaryimage","url":"https:\/\/i0.wp.com\/vincentians.com\/fr\/wp-content\/uploads\/sites\/10\/2016\/07\/abelly-feat.jpg?fit=1200%2C630","contentUrl":"https:\/\/i0.wp.com\/vincentians.com\/fr\/wp-content\/uploads\/sites\/10\/2016\/07\/abelly-feat.jpg?fit=1200%2C630","width":1200,"height":630},{"@type":"BreadcrumbList","@id":"http:\/\/vincentians.com\/fr\/la-vie-du-venerable-serviteur-de-dieu-vincent-de-paul-livre-premier-chapitre-l\/#breadcrumb","itemListElement":[{"@type":"ListItem","position":1,"name":"Portada","item":"http:\/\/vincentians.com\/fr\/"},{"@type":"ListItem","position":2,"name":"La vie du v\u00e9n\u00e9rable serviteur de Dieu Vincent de Paul, Livre premier, Chapitre L"}]},{"@type":"WebSite","@id":"http:\/\/vincentians.com\/fr\/#website","url":"http:\/\/vincentians.com\/fr\/","name":"Nous Sommes Vincentiens","description":"Know more to serve more","potentialAction":[{"@type":"SearchAction","target":{"@type":"EntryPoint","urlTemplate":"http:\/\/vincentians.com\/fr\/?s={search_term_string}"},"query-input":{"@type":"PropertyValueSpecification","valueRequired":true,"valueName":"search_term_string"}}],"inLanguage":"fr-FR"},{"@type":"Person","@id":"http:\/\/vincentians.com\/fr\/#\/schema\/person\/9623ef4d9aa3b2dfb8c061f1499288f2","name":"Francisco Javier Fern\u00e1ndez Chento","image":{"@type":"ImageObject","inLanguage":"fr-FR","@id":"http:\/\/vincentians.com\/fr\/#\/schema\/person\/image\/","url":"https:\/\/secure.gravatar.com\/avatar\/497d5cde87b4c3d097d0315953521681ba2cd523ee66e5077c3711f7021e65de?s=96&d=mm&r=g","contentUrl":"https:\/\/secure.gravatar.com\/avatar\/497d5cde87b4c3d097d0315953521681ba2cd523ee66e5077c3711f7021e65de?s=96&d=mm&r=g","caption":"Francisco Javier Fern\u00e1ndez Chento"},"description":"Director General y cofundador de La Red de Formaci\u00f3n Vicenciana. Javier es laico vicenciano, afiliado a la Congregaci\u00f3n de la Misi\u00f3n y miembro del Equipo de Misiones Populares de la provincia can\u00f3nica de Zaragoza (Espa\u00f1a) de la Congregaci\u00f3n de la Misi\u00f3n. Graduado en la Universidad Oberta de Catalunya con cuatro grados (Asistente de direcci\u00f3n, Gesti\u00f3n Administrativa, Recursos Humanos y Contabilidad Avanzada). Bil\u00edng\u00fce Espa\u00f1ol\/Ingl\u00e9s. gestiona y mantiene varias p\u00e1ginas web cristianas y vicencianas, incluida including La Red de Formaci\u00f3n Vicenciana, de la que es cofundador. Actualmente es responsable del \u00e1rea de Espa\u00f1ol de .famvin, la Red de Noticias de la Familia Vicenciana. Tambi\u00e9n es m\u00fasico cat\u00f3lico y ha editado varios discos. Es Director General y cofundador de Trovador, una reconocida compa\u00f1\u00eda discogr\u00e1fica critiana de Espa\u00f1a. Trabaja en las Tecnolog\u00edas de la Informaci\u00f3n, ofreciendo servicios de alojamiento, dise\u00f1o y mantenimiento Web, as\u00ed como asesoramiento, formaci\u00f3n y soluciones inform\u00e1ticas, gesti\u00f3n documental y digitalizaci\u00f3n de textos, edici\u00f3n y maquetaci\u00f3n de libros, revistas, flyers, etc.","sameAs":["http:\/\/chento.org","https:\/\/www.facebook.com\/JavierChento","https:\/\/x.com\/https:\/\/twitter.com\/javierchento"],"url":"http:\/\/vincentians.com\/fr\/author\/chento\/"}]}},"jetpack_publicize_connections":[],"jetpack_featured_media_url":"https:\/\/i0.wp.com\/vincentians.com\/fr\/wp-content\/uploads\/sites\/10\/2016\/07\/abelly-feat.jpg?fit=1200%2C630","jetpack_sharing_enabled":true,"jetpack_shortlink":"https:\/\/wp.me\/p7ETMP-rtS","jetpack-related-posts":[{"id":106784,"url":"http:\/\/vincentians.com\/fr\/la-vie-du-venerable-serviteur-de-dieu-vincent-de-paul-livre-troisieme-chapitre-xxiii\/","url_meta":{"origin":105640,"position":0},"title":"La vie du v\u00e9n\u00e9rable serviteur de Dieu Vincent de Paul, Livre troisi\u00e8me, Chapitre XXIII","author":"Francisco Javier Fern\u00e1ndez Chento","date":"31\/12\/2013","format":false,"excerpt":"Chapitre XXIII\u00a0: Sa patience dans les maladies L'esprit malin, connaissant combien est grande la faiblesse de notre chair, et combien p\u00e9rilleux et violents sont les assauts que les hommes ressentent de ce c\u00f4t\u00e9-l\u00e0, par les douleurs et par les maladies, disait avec raison que l'homme exposera volontiers ses autres biens\u2026","rel":"","context":"Dans &quot;Vincent de Paul&quot;","block_context":{"text":"Vincent de Paul","link":"http:\/\/vincentians.com\/fr\/category\/the-vincentian-family\/founders\/vincent-de-paul\/"},"img":{"alt_text":"","src":"https:\/\/i0.wp.com\/vincentians.com\/fr\/wp-content\/uploads\/sites\/10\/2016\/07\/abelly-feat.jpg?fit=1200%2C630&resize=350%2C200","width":350,"height":200,"srcset":"https:\/\/i0.wp.com\/vincentians.com\/fr\/wp-content\/uploads\/sites\/10\/2016\/07\/abelly-feat.jpg?fit=1200%2C630&resize=350%2C200 1x, https:\/\/i0.wp.com\/vincentians.com\/fr\/wp-content\/uploads\/sites\/10\/2016\/07\/abelly-feat.jpg?fit=1200%2C630&resize=525%2C300 1.5x, https:\/\/i0.wp.com\/vincentians.com\/fr\/wp-content\/uploads\/sites\/10\/2016\/07\/abelly-feat.jpg?fit=1200%2C630&resize=700%2C400 2x, https:\/\/i0.wp.com\/vincentians.com\/fr\/wp-content\/uploads\/sites\/10\/2016\/07\/abelly-feat.jpg?fit=1200%2C630&resize=1050%2C600 3x"},"classes":[]},{"id":42759,"url":"http:\/\/vincentians.com\/fr\/saint-vincent-de-paul-maitre-doraison-chapitre-premier\/","url_meta":{"origin":105640,"position":1},"title":"Saint Vincent De Paul, Ma\u00eetre d\u2019Oraison. Chapitre I","author":"Francisco Javier Fern\u00e1ndez Chento","date":"11\/05\/2015","format":false,"excerpt":"Chapitre premier Ce qu\u2019est L\u2019oraison au point de vue psychique Psychologue de premier ordre, comme son contemporain et ami Fran\u00e7ois de Sales, saint Vincent de Paul ne se m\u00e9prend sur la nature psychique de l\u2019oraison mentale. Sous ses formes multiples et \u00e0 ses divers degr\u00e9s, cette derni\u00e8re est \u00e0 ses\u2026","rel":"","context":"Dans &quot;Vincent de Paul&quot;","block_context":{"text":"Vincent de Paul","link":"http:\/\/vincentians.com\/fr\/category\/the-vincentian-family\/founders\/vincent-de-paul\/"},"img":{"alt_text":"","src":"https:\/\/i0.wp.com\/vincentians.com\/fr\/wp-content\/uploads\/sites\/10\/2016\/07\/vincent-maitre-d-oraison.jpg?fit=1200%2C630&resize=350%2C200","width":350,"height":200,"srcset":"https:\/\/i0.wp.com\/vincentians.com\/fr\/wp-content\/uploads\/sites\/10\/2016\/07\/vincent-maitre-d-oraison.jpg?fit=1200%2C630&resize=350%2C200 1x, https:\/\/i0.wp.com\/vincentians.com\/fr\/wp-content\/uploads\/sites\/10\/2016\/07\/vincent-maitre-d-oraison.jpg?fit=1200%2C630&resize=525%2C300 1.5x, https:\/\/i0.wp.com\/vincentians.com\/fr\/wp-content\/uploads\/sites\/10\/2016\/07\/vincent-maitre-d-oraison.jpg?fit=1200%2C630&resize=700%2C400 2x, https:\/\/i0.wp.com\/vincentians.com\/fr\/wp-content\/uploads\/sites\/10\/2016\/07\/vincent-maitre-d-oraison.jpg?fit=1200%2C630&resize=1050%2C600 3x"},"classes":[]},{"id":38477,"url":"http:\/\/vincentians.com\/fr\/le-directeur-provincial-animateur-des-filles-de-la-charite\/","url_meta":{"origin":105640,"position":2},"title":"Le Directeur Provincial \u201canimateur\u201d des Filles de la Charit\u00e9","author":"Francisco Javier Fern\u00e1ndez Chento","date":"03\/10\/2012","format":false,"excerpt":"Dans les Constitutions des Filles de la Charit\u00e9, nous trouvons \u00e0 l\u2019article 3.38: le Directeur Provincial est un pr\u00eatre de la Congr\u00e9gation de la Mission, nomm\u00e9 par le Sup\u00e9rieur G\u00e9n\u00e9ral; \u201cil partage avec la Visitatrice et son Conseil la responsabilit\u00e9 de promouvoir l\u2019esprit vincentien dans la Province\u201d Missionnaire, le directeur\u2026","rel":"","context":"Dans &quot;Congr\u00e9gation de la Mission&quot;","block_context":{"text":"Congr\u00e9gation de la Mission","link":"http:\/\/vincentians.com\/fr\/category\/congregation-de-la-mission\/"},"img":{"alt_text":"","src":"https:\/\/i0.wp.com\/vincentiens.org\/wp-content\/uploads\/2011\/05\/filles_charite-228x300.jpg?resize=350%2C200","width":350,"height":200},"classes":[]},{"id":52038,"url":"http:\/\/vincentians.com\/fr\/saint-vincent-de-paul-et-sa-mission-sociale-ii-les-oeuvres-3\/","url_meta":{"origin":105640,"position":3},"title":"Saint Vincent De Paul Et Sa Mission Sociale. II &#8211; Les \u0152uvres (3)","author":"Francisco Javier Fern\u00e1ndez Chento","date":"23\/12\/2014","format":false,"excerpt":"LA S\u0152UR DE CHARIT\u00c9. \u2014 Mademoiselle Le Gras et Vincent de Paul. \u2014 Premiers rapports ; premi\u00e8res \u0153uvres. \u2014 Institution des Filles de la Charit\u00e9, servantes des pauvres. \u2014 Une nouvelle religieuse. \u2014 Conf\u00e9rences. \u2014 R\u00e8gles. \u2014 L\u2019H\u00f4tel de Rambouillet et l\u2019H\u00f4tel-Dieu. \u2014 Les Dames de la Charit\u00e9. Madame Goussault.\u2026","rel":"","context":"Dans &quot;Vincent de Paul&quot;","block_context":{"text":"Vincent de Paul","link":"http:\/\/vincentians.com\/fr\/category\/the-vincentian-family\/founders\/vincent-de-paul\/"},"img":{"alt_text":"","src":"https:\/\/i0.wp.com\/vincentians.com\/fr\/wp-content\/uploads\/sites\/10\/2016\/07\/vincent-et-sa-action-sociale.jpg?fit=1160%2C630&resize=350%2C200","width":350,"height":200,"srcset":"https:\/\/i0.wp.com\/vincentians.com\/fr\/wp-content\/uploads\/sites\/10\/2016\/07\/vincent-et-sa-action-sociale.jpg?fit=1160%2C630&resize=350%2C200 1x, https:\/\/i0.wp.com\/vincentians.com\/fr\/wp-content\/uploads\/sites\/10\/2016\/07\/vincent-et-sa-action-sociale.jpg?fit=1160%2C630&resize=525%2C300 1.5x, https:\/\/i0.wp.com\/vincentians.com\/fr\/wp-content\/uploads\/sites\/10\/2016\/07\/vincent-et-sa-action-sociale.jpg?fit=1160%2C630&resize=700%2C400 2x, https:\/\/i0.wp.com\/vincentians.com\/fr\/wp-content\/uploads\/sites\/10\/2016\/07\/vincent-et-sa-action-sociale.jpg?fit=1160%2C630&resize=1050%2C600 3x"},"classes":[]},{"id":44277,"url":"http:\/\/vincentians.com\/fr\/saint-vincent-de-paul-maitre-doraison-chapitre-x\/","url_meta":{"origin":105640,"position":4},"title":"Saint Vincent De Paul, Ma\u00eetre d\u2019Oraison. Chapitre X","author":"Francisco Javier Fern\u00e1ndez Chento","date":"21\/05\/2015","format":false,"excerpt":"Chapitre X Part et importance des sentiments surnaturels dans l\u2019oraison Saint Vincent fait, dans l\u2019oraison, une part tr\u00e8s large au sentiment ou, pour mieux dire, \u00e0 la vie affective. Sans elle \u2013 pense-t-il \u2013 rien d\u2019important ni dans le bien, ni dans le mal. Si la lumi\u00e8re nous est n\u00e9cessaire\u2026","rel":"","context":"Dans &quot;Vincent de Paul&quot;","block_context":{"text":"Vincent de Paul","link":"http:\/\/vincentians.com\/fr\/category\/the-vincentian-family\/founders\/vincent-de-paul\/"},"img":{"alt_text":"","src":"https:\/\/i0.wp.com\/vincentians.com\/fr\/wp-content\/uploads\/sites\/10\/2016\/07\/vincent-maitre-d-oraison.jpg?fit=1200%2C630&resize=350%2C200","width":350,"height":200,"srcset":"https:\/\/i0.wp.com\/vincentians.com\/fr\/wp-content\/uploads\/sites\/10\/2016\/07\/vincent-maitre-d-oraison.jpg?fit=1200%2C630&resize=350%2C200 1x, https:\/\/i0.wp.com\/vincentians.com\/fr\/wp-content\/uploads\/sites\/10\/2016\/07\/vincent-maitre-d-oraison.jpg?fit=1200%2C630&resize=525%2C300 1.5x, https:\/\/i0.wp.com\/vincentians.com\/fr\/wp-content\/uploads\/sites\/10\/2016\/07\/vincent-maitre-d-oraison.jpg?fit=1200%2C630&resize=700%2C400 2x, https:\/\/i0.wp.com\/vincentians.com\/fr\/wp-content\/uploads\/sites\/10\/2016\/07\/vincent-maitre-d-oraison.jpg?fit=1200%2C630&resize=1050%2C600 3x"},"classes":[]},{"id":52061,"url":"http:\/\/vincentians.com\/fr\/saint-vincent-de-paul-et-sa-mission-sociale-iv-le-saint\/","url_meta":{"origin":105640,"position":5},"title":"Saint Vincent De Paul Et Sa Mission Sociale. IV &#8211; Le Saint","author":"Francisco Javier Fern\u00e1ndez Chento","date":"28\/12\/2014","format":false,"excerpt":"La charit\u00e9 ; ses sources, ses effets. \u2014 Foi, humilit\u00e9, douceur de Vincent de Paul. \u2014 Traits de ses vertus. \u2014 Les miracles. \u2014 La vision des deux globes. \u2014 La journ\u00e9e de Vincent ; occupations et aust\u00e9rit\u00e9s. \u2014 Les derniers temps de sa vie. \u2014 Mort et canonisation. \u2014\u2026","rel":"","context":"Dans &quot;Vincent de Paul&quot;","block_context":{"text":"Vincent de Paul","link":"http:\/\/vincentians.com\/fr\/category\/the-vincentian-family\/founders\/vincent-de-paul\/"},"img":{"alt_text":"","src":"https:\/\/i0.wp.com\/vincentians.com\/fr\/wp-content\/uploads\/sites\/10\/2016\/07\/vincent-et-sa-action-sociale.jpg?fit=1160%2C630&resize=350%2C200","width":350,"height":200,"srcset":"https:\/\/i0.wp.com\/vincentians.com\/fr\/wp-content\/uploads\/sites\/10\/2016\/07\/vincent-et-sa-action-sociale.jpg?fit=1160%2C630&resize=350%2C200 1x, https:\/\/i0.wp.com\/vincentians.com\/fr\/wp-content\/uploads\/sites\/10\/2016\/07\/vincent-et-sa-action-sociale.jpg?fit=1160%2C630&resize=525%2C300 1.5x, https:\/\/i0.wp.com\/vincentians.com\/fr\/wp-content\/uploads\/sites\/10\/2016\/07\/vincent-et-sa-action-sociale.jpg?fit=1160%2C630&resize=700%2C400 2x, https:\/\/i0.wp.com\/vincentians.com\/fr\/wp-content\/uploads\/sites\/10\/2016\/07\/vincent-et-sa-action-sociale.jpg?fit=1160%2C630&resize=1050%2C600 3x"},"classes":[]}],"_links":{"self":[{"href":"http:\/\/vincentians.com\/fr\/wp-json\/wp\/v2\/posts\/105640","targetHints":{"allow":["GET"]}}],"collection":[{"href":"http:\/\/vincentians.com\/fr\/wp-json\/wp\/v2\/posts"}],"about":[{"href":"http:\/\/vincentians.com\/fr\/wp-json\/wp\/v2\/types\/post"}],"author":[{"embeddable":true,"href":"http:\/\/vincentians.com\/fr\/wp-json\/wp\/v2\/users\/4"}],"replies":[{"embeddable":true,"href":"http:\/\/vincentians.com\/fr\/wp-json\/wp\/v2\/comments?post=105640"}],"version-history":[{"count":0,"href":"http:\/\/vincentians.com\/fr\/wp-json\/wp\/v2\/posts\/105640\/revisions"}],"wp:featuredmedia":[{"embeddable":true,"href":"http:\/\/vincentians.com\/fr\/wp-json\/wp\/v2\/media\/149583"}],"wp:attachment":[{"href":"http:\/\/vincentians.com\/fr\/wp-json\/wp\/v2\/media?parent=105640"}],"wp:term":[{"taxonomy":"category","embeddable":true,"href":"http:\/\/vincentians.com\/fr\/wp-json\/wp\/v2\/categories?post=105640"},{"taxonomy":"post_tag","embeddable":true,"href":"http:\/\/vincentians.com\/fr\/wp-json\/wp\/v2\/tags?post=105640"}],"curies":[{"name":"wp","href":"https:\/\/api.w.org\/{rel}","templated":true}]}}