{"id":105577,"date":"2012-12-24T12:19:43","date_gmt":"2012-12-24T11:19:43","guid":{"rendered":"http:\/\/vincentiens.org\/?p=105577"},"modified":"2012-12-24T12:19:43","modified_gmt":"2012-12-24T11:19:43","slug":"la-vie-du-venerable-serviteur-de-dieu-vincent-de-paul-livre-premier-chapitre-xx","status":"publish","type":"post","link":"http:\/\/vincentians.com\/fr\/la-vie-du-venerable-serviteur-de-dieu-vincent-de-paul-livre-premier-chapitre-xx\/","title":{"rendered":"La vie du v\u00e9n\u00e9rable serviteur de Dieu Vincent de Paul, Livre premier, Chapitre XX"},"content":{"rendered":"<p><strong>Naissance et \u00e9rection de la Congr\u00e9gation de la Mission.<\/strong><\/p>\n<p>L&rsquo;on peut dire avec v\u00e9rit\u00e9 que cette Congr\u00e9gation a \u00e9t\u00e9 en son commencement comme le petit grain de s\u00e9nev\u00e9 de l&rsquo;Evangile, qui \u00e9tant le moindre entre toutes les semences devient enfin comme un arbre, sur les branches duquel les oiseaux se peuvent poser. Il n&rsquo;y avait rien de si petit que cette Congr\u00e9gation, non seulement \u00e0 l&rsquo;ext\u00e9rieur dans ses premiers commencements, mais aussi quant aux sentiments int\u00e9rieurs de M. Vincent et des premiers pr\u00eatres qui s&rsquo;associ\u00e8rent avec lui. Ils se consid\u00e9raient comme les moindres de tous ceux qui travaillaient dans le minist\u00e8re de l&rsquo;Eglise, et se destinaient seulement \u00e0 servir dans les \u0153uvres les plus basses, les plus abandonn\u00e9es et les plus m\u00e9pris\u00e9es selon le commun sentiment du monde: comme \u00e0 instruire et cat\u00e9chiser les pauvres, particuli\u00e8rement dans les villages et autres lieux plus abandonn\u00e9s; assister, secourir et aider les pauvres malades; disposer les uns et les autres \u00e0 faire de bonnes confessions g\u00e9n\u00e9rales; et se rendre comme les serviteurs non seulement des cures et des autres pr\u00eatres, mais aussi des villageois, des gal\u00e9riens et des plus mis\u00e9rables personnes, pour servir aux uns et aux autres gratuitement et sans en recevoir aucune chose, se tenant beaucoup honor\u00e9s de servir J\u00e9sus-Christ en leurs personnes, et r\u00e9putant \u00e0 un grand avantage que les cur\u00e9s voulussent permettre et souffrir qu&rsquo;ils exer\u00e7assent les \u0153uvres de charit\u00e9 dans leurs paroisses selon leur Institut. Cependant il a plu \u00e0 Dieu r\u00e9pandre de grandes b\u00e9n\u00e9dictions sur ces petits commencements, et en faire na\u00eetre en fort peu de temps une Compagnie nombreuse qui s&rsquo;est heureusement \u00e9tendue en divers lieux, comme il sera dit en la suite de cet ouvrage, et qui a saintement contribu\u00e9 et contribue encore tous les jours, avec une sp\u00e9ciale b\u00e9n\u00e9diction, \u00e0 l&rsquo;avancement du royaume de J\u00e9sus-Christ.<\/p>\n<p>Ce fut, comme il a \u00e9t\u00e9 d\u00e9j\u00e0 dit, en l&rsquo;ann\u00e9e 1625, apr\u00e8s la mort de Madame la G\u00e9n\u00e9rale des gal\u00e8res, que M. Vincent se retira au coll\u00e8ge des Bons-Enfants, dont M. l&rsquo;Archev\u00eaque de Paris lui avait fait prendre la principaut\u00e9, \u00e0 l&rsquo;instance de ladite Dame et de Monsieur le G\u00e9n\u00e9ral, pour servir au dessein de leur fondation, M. Portail, dont il a \u00e9t\u00e9 ci-devant parl\u00e9, ayant d\u00e9j\u00e0 demeur\u00e9 douze ou quinze ans avec M. Vincent, ne le voulut pas quitter en une si belle occasion de servir Dieu, mais prenant une nouvelle r\u00e9solution de ne s&rsquo;en jamais s\u00e9parer, se retira avec lui en ce coll\u00e8ge \u00e0 dessein de s&#8217;employer en sa Compagnie \u00e0 l&rsquo;exercice des missions Et pour travailler avec plus de fruit, ils convi\u00e8rent un autre bon pr\u00eatre de se joindre \u00e0 eux, auquel ils donnaient cinquante \u00e9cus par an pour s&rsquo;entretenir, et ils allaient tous trois de village en village, cat\u00e9chiser, exhorter? confesser et faire les autres fonctions et exercices de la mission, avec simplicit\u00e9, humilit\u00e9 et charit\u00e9, \u00e0 leurs propres d\u00e9pens, sans demander ni m\u00eame vouloir recevoir aucune chose de personne. Ils travaillaient premi\u00e8rement aux lieux o\u00f9 la mission \u00e9tait fond\u00e9e, et puis ils allaient faire le m\u00eame en d&rsquo;autres paroisses, particuli\u00e8rement en celles du dioc\u00e8se de Paris. Et comme ils n&rsquo;avaient pas le moyen d&rsquo;entretenir des serviteurs qui demeurassent pour garder le coll\u00e8ge en leur absence, quand ils en partaient pour aller en mission, ils en laissaient les clefs \u00e0 quelqu&rsquo;un des voisins.<\/p>\n<p>Qui e\u00fbt jamais pens\u00e9 alors que de si petits commencements dussent avoir un tel progr\u00e8s que l&rsquo;on voit maintenant, et que deux pauvres pr\u00eatres, allant ainsi travailler dans les villages et autres lieux inconnus et abandonn\u00e9s, eussent pos\u00e9 sans y penser les fondements d&rsquo;un si grand \u00e9difice spirituel, que Dieu a voulu \u00e9lever dans son \u00c9glise ? C&rsquo;\u00e9tait un des \u00e9tonnements de M. Vincent, lequel parlant un jour sur ce sujet \u00e0 la communaut\u00e9 de Saint-Lazare: \u00abNous allions, dit-il, tout bonnement et simplement, envoy\u00e9s par Nosseigneurs les Ev\u00eaques, \u00e9vang\u00e9liser les pauvres, ainsi que Notre-Seigneur avait fait: voila ce que nous faisions; Et Dieu faisait de son c\u00f4t\u00e9 ce qu&rsquo;il avait pr\u00e9vu de toute \u00e9ternit\u00e9. Il donna quelque b\u00e9n\u00e9diction \u00e0 nos travaux; ce que voyant d&rsquo;autres bons eccl\u00e9siastiques, ils se joignirent \u00e0 nous et demand\u00e8rent d&rsquo;\u00eatre avec nous: non pas tous \u00e0 la fois, mais en divers temps. O Sauveur ! qui e\u00fbt jamais pens\u00e9 que cela f\u00fbt venu en l&rsquo;\u00e9tat o\u00f9 il est maintenant ? Qui m&rsquo;e\u00fbt dit cela pour lors, j&rsquo;aurais cru qu&rsquo;il se serait moqu\u00e9 de moi. Et n\u00e9anmoins c&rsquo;\u00e9tait par l\u00e0 que Dieu voulait donner commencement \u00e0 la Compagnie. He bien, appellerez-vous humain ce \u00e0 quoi nul homme n&rsquo;avait jamais pens\u00e9? car ni moi ni le pauvre M. Portail n&rsquo;y pensions pas, h\u00e9las nous en \u00e9tions bien \u00e9loign\u00e9s.<\/p>\n<p>M. l&rsquo;Archev\u00eaque de Paris, messire Jean-Fran\u00e7ois de Gondy, ayant ensuite donn\u00e9 une approbation authentique au premier dessein de l&rsquo;institution de la Congr\u00e9gation de la Mission, par ses lettres du 24 d&rsquo;avril 1626, en la m\u00eame mani\u00e8re qui \u00e9tait exprim\u00e9e dans le contrat de fondation, deux bons pr\u00eatres de Picardie, nomm\u00e9s MM. Fran\u00e7ois du Coudray et Jean de la Salle, vinrent s&rsquo;offrir \u00e0 M. Vincent, pour vivre et pour travailler sous sa conduite avec M. Portail. Et il les re\u00e7ut et associa tous trois avec lui, en ex\u00e9cution de ladite fondation, par acte pass\u00e9 par-devant deux notaires du Ch\u00e2telet, du 4 septembre, au m\u00eame an 1626. Le feu Roi Louis XIII, de glorieuse m\u00e9moire, par ses lettres patentes du mois de mai 1627 exp\u00e9di\u00e9es en faveur dudit Seigneur G\u00e9n\u00e9ral des gal\u00e8res, en confirmant et agr\u00e9ant ledit contrat de fondation, permit ladite association et Congr\u00e9gation des Pr\u00eatres de la Mission, pour vivre en commun et s&rsquo;\u00e9tablir en tels lieux du Royaume de France que bon leur semblerait, et pour accepter tous legs, aum\u00f4nes et dons qui leur seraient faits.<\/p>\n<p>Dieu ayant ainsi donn\u00e9 les premiers commencements \u00e0 la Congr\u00e9gation de la Mission, par une conduite toute particuli\u00e8re de sa mis\u00e9ricordieuse Providence, il \u00e9tendit les soins de cette m\u00eame Providence pour la faire cro\u00eetre et multiplier. Et \u00e0 cette fin il inspira plusieurs autres vertueux eccl\u00e9siastiques de se joindre \u00e0 M. Vincent, pour travailler avec lui \u00e0 la moisson des \u00e2mes; outre les trois susnomm\u00e9s, il y eut quatre autres pr\u00eatres qui entr\u00e8rent des premiers en cette Congr\u00e9gation: c&rsquo;est \u00e0 savoir Jean Becu du village de Brache au dioc\u00e8se d&rsquo;Amiens, Antoine Lucas de la ville de Paris, Jean Brunet de la ville de Riom en Auvergne au dioc\u00e8se de Clermont, et Jean Dehorgny du village d&rsquo;Estr\u00e9es au dioc\u00e8se de Noyons. Ces sept \u00e9tant ainsi assembl\u00e9s et unis avec M. Vincent pour vivre et mourir dans la Congr\u00e9gation de la Mission promirent \u00e0 Dieu de s&rsquo;appliquer toute leur vie \u00e0 procurer le salut et la sanctification du pauvre peuple des champs en la m\u00eame Congr\u00e9gation; Ce qu&rsquo;ils ont fid\u00e8lement accompli. Et l&rsquo;on peut dire qu&rsquo;ils furent comme ces sept pr\u00eatres, lesquels sous la conduite de Josu\u00e9 sonn\u00e8rent les trompettes pour renverser les murs de J\u00e9richo, et que, par l&rsquo;exemple de leur z\u00e8le et de leurs vertus, ils en attir\u00e8rent plusieurs autres \u00e0 cette sainte milice.<\/p>\n<p>Par bulle du pape Urbain VIII du mois de janvier 1632, cette compagnie a \u00e9t\u00e9 \u00e9rig\u00e9e en Congr\u00e9gation, et approuv\u00e9e du Saint-Si\u00e8ge sous le titre de Pr\u00eatres de la Congr\u00e9gation de la Mission, et sous la conduite de M. Vincent \u00e0 qui Sa Saintet\u00e9 donna le pouvoir de faire et dresser des r\u00e8glements pour le bon ordre de cette Congr\u00e9gation; apr\u00e8s quoi pour autoriser davantage cet Institut, le Roi en fit exp\u00e9dier d&rsquo;autres lettres patentes du mois de mai 1642, v\u00e9rifi\u00e9es au Parlement de Paris en septembre de la m\u00eame ann\u00e9e.<\/p>\n<p>Par ladite bulle d&rsquo;Urbain VIII le nom de Pr\u00eatres de la Congr\u00e9gation de la Mission est tellement attribu\u00e9 par le Saint-Si\u00e8ge \u00e0 ceux qui sont de cette Congr\u00e9gation, que c&rsquo;est par ce nom qu&rsquo;ils sont distingu\u00e9s des autres communaut\u00e9s et m\u00eame des eccl\u00e9siastiques particuliers qui s&rsquo;appliquent aussi \u00e0 faire des missions: ce que nous avons jug\u00e9 n\u00e9cessaire d&rsquo;observer en ce lieu, pour obvier aux inconv\u00e9nients que pourrait causer le d\u00e9faut de cette distinction.<\/p>\n","protected":false},"excerpt":{"rendered":"<p>Naissance et \u00e9rection de la Congr\u00e9gation de la Mission. L&rsquo;on peut dire avec v\u00e9rit\u00e9 que cette Congr\u00e9gation a \u00e9t\u00e9 en son commencement comme le petit grain de s\u00e9nev\u00e9 de l&rsquo;Evangile, qui \u00e9tant le moindre entre &#8230; <a href=\"http:\/\/vincentians.com\/fr\/la-vie-du-venerable-serviteur-de-dieu-vincent-de-paul-livre-premier-chapitre-xx\/\" class=\"more-link\">Read More<\/a><\/p>\n","protected":false},"author":4,"featured_media":149583,"comment_status":"open","ping_status":"open","sticky":false,"template":"","format":"standard","meta":{"jetpack_post_was_ever_published":false,"_jetpack_newsletter_access":"","_jetpack_dont_email_post_to_subs":false,"_jetpack_newsletter_tier_id":0,"_jetpack_memberships_contains_paywalled_content":false,"_jetpack_memberships_contains_paid_content":false,"footnotes":"","jetpack_publicize_message":"","jetpack_publicize_feature_enabled":true,"jetpack_social_post_already_shared":true,"jetpack_social_options":{"image_generator_settings":{"template":"highway","default_image_id":0,"font":"","enabled":false},"version":2}},"categories":[5],"tags":[],"class_list":["post-105577","post","type-post","status-publish","format-standard","has-post-thumbnail","hentry","category-vincent-de-paul"],"yoast_head":"<!-- This site is optimized with the Yoast SEO plugin v26.3 - https:\/\/yoast.com\/wordpress\/plugins\/seo\/ -->\n<title>La vie du v\u00e9n\u00e9rable serviteur de Dieu Vincent de Paul, Livre premier, Chapitre XX - Nous Sommes Vincentiens<\/title>\n<meta name=\"robots\" content=\"index, follow, max-snippet:-1, max-image-preview:large, max-video-preview:-1\" \/>\n<link rel=\"canonical\" href=\"http:\/\/vincentians.com\/fr\/la-vie-du-venerable-serviteur-de-dieu-vincent-de-paul-livre-premier-chapitre-xx\/\" \/>\n<meta property=\"og:locale\" content=\"fr_FR\" \/>\n<meta property=\"og:type\" content=\"article\" \/>\n<meta property=\"og:title\" content=\"La vie du v\u00e9n\u00e9rable serviteur de Dieu Vincent de Paul, Livre premier, Chapitre XX - Nous Sommes Vincentiens\" \/>\n<meta property=\"og:description\" content=\"Naissance et \u00e9rection de la Congr\u00e9gation de la Mission. L&rsquo;on peut dire avec v\u00e9rit\u00e9 que cette Congr\u00e9gation a \u00e9t\u00e9 en son commencement comme le petit grain de s\u00e9nev\u00e9 de l&rsquo;Evangile, qui \u00e9tant le moindre entre ... Read More\" \/>\n<meta property=\"og:url\" content=\"http:\/\/vincentians.com\/fr\/la-vie-du-venerable-serviteur-de-dieu-vincent-de-paul-livre-premier-chapitre-xx\/\" \/>\n<meta property=\"og:site_name\" content=\"Nous Sommes Vincentiens\" \/>\n<meta property=\"article:publisher\" content=\"https:\/\/www.facebook.com\/WeAreVincentians\/\" \/>\n<meta property=\"article:author\" content=\"https:\/\/www.facebook.com\/JavierChento\" \/>\n<meta property=\"article:published_time\" content=\"2012-12-24T11:19:43+00:00\" \/>\n<meta property=\"og:image\" content=\"https:\/\/i0.wp.com\/vincentians.com\/fr\/wp-content\/uploads\/sites\/10\/2016\/07\/abelly-feat.jpg?fit=1200%2C630\" \/>\n\t<meta property=\"og:image:width\" content=\"1200\" \/>\n\t<meta property=\"og:image:height\" content=\"630\" \/>\n\t<meta property=\"og:image:type\" content=\"image\/jpeg\" \/>\n<meta name=\"author\" content=\"Francisco Javier Fern\u00e1ndez Chento\" \/>\n<meta name=\"twitter:card\" content=\"summary_large_image\" \/>\n<meta name=\"twitter:creator\" content=\"@https:\/\/twitter.com\/javierchento\" \/>\n<meta name=\"twitter:site\" content=\"@WeVincentians\" \/>\n<meta name=\"twitter:label1\" content=\"\u00c9crit par\" \/>\n\t<meta name=\"twitter:data1\" content=\"Francisco Javier Fern\u00e1ndez Chento\" \/>\n\t<meta name=\"twitter:label2\" content=\"Dur\u00e9e de lecture estim\u00e9e\" \/>\n\t<meta name=\"twitter:data2\" content=\"7 minutes\" \/>\n<script type=\"application\/ld+json\" class=\"yoast-schema-graph\">{\"@context\":\"https:\/\/schema.org\",\"@graph\":[{\"@type\":\"WebPage\",\"@id\":\"http:\/\/vincentians.com\/fr\/la-vie-du-venerable-serviteur-de-dieu-vincent-de-paul-livre-premier-chapitre-xx\/\",\"url\":\"http:\/\/vincentians.com\/fr\/la-vie-du-venerable-serviteur-de-dieu-vincent-de-paul-livre-premier-chapitre-xx\/\",\"name\":\"La vie du v\u00e9n\u00e9rable serviteur de Dieu Vincent de Paul, Livre premier, Chapitre XX - Nous Sommes Vincentiens\",\"isPartOf\":{\"@id\":\"http:\/\/vincentians.com\/fr\/#website\"},\"primaryImageOfPage\":{\"@id\":\"http:\/\/vincentians.com\/fr\/la-vie-du-venerable-serviteur-de-dieu-vincent-de-paul-livre-premier-chapitre-xx\/#primaryimage\"},\"image\":{\"@id\":\"http:\/\/vincentians.com\/fr\/la-vie-du-venerable-serviteur-de-dieu-vincent-de-paul-livre-premier-chapitre-xx\/#primaryimage\"},\"thumbnailUrl\":\"https:\/\/i0.wp.com\/vincentians.com\/fr\/wp-content\/uploads\/sites\/10\/2016\/07\/abelly-feat.jpg?fit=1200%2C630\",\"datePublished\":\"2012-12-24T11:19:43+00:00\",\"author\":{\"@id\":\"http:\/\/vincentians.com\/fr\/#\/schema\/person\/9623ef4d9aa3b2dfb8c061f1499288f2\"},\"breadcrumb\":{\"@id\":\"http:\/\/vincentians.com\/fr\/la-vie-du-venerable-serviteur-de-dieu-vincent-de-paul-livre-premier-chapitre-xx\/#breadcrumb\"},\"inLanguage\":\"fr-FR\",\"potentialAction\":[{\"@type\":\"ReadAction\",\"target\":[\"http:\/\/vincentians.com\/fr\/la-vie-du-venerable-serviteur-de-dieu-vincent-de-paul-livre-premier-chapitre-xx\/\"]}]},{\"@type\":\"ImageObject\",\"inLanguage\":\"fr-FR\",\"@id\":\"http:\/\/vincentians.com\/fr\/la-vie-du-venerable-serviteur-de-dieu-vincent-de-paul-livre-premier-chapitre-xx\/#primaryimage\",\"url\":\"https:\/\/i0.wp.com\/vincentians.com\/fr\/wp-content\/uploads\/sites\/10\/2016\/07\/abelly-feat.jpg?fit=1200%2C630\",\"contentUrl\":\"https:\/\/i0.wp.com\/vincentians.com\/fr\/wp-content\/uploads\/sites\/10\/2016\/07\/abelly-feat.jpg?fit=1200%2C630\",\"width\":1200,\"height\":630},{\"@type\":\"BreadcrumbList\",\"@id\":\"http:\/\/vincentians.com\/fr\/la-vie-du-venerable-serviteur-de-dieu-vincent-de-paul-livre-premier-chapitre-xx\/#breadcrumb\",\"itemListElement\":[{\"@type\":\"ListItem\",\"position\":1,\"name\":\"Portada\",\"item\":\"http:\/\/vincentians.com\/fr\/\"},{\"@type\":\"ListItem\",\"position\":2,\"name\":\"La vie du v\u00e9n\u00e9rable serviteur de Dieu Vincent de Paul, Livre premier, Chapitre XX\"}]},{\"@type\":\"WebSite\",\"@id\":\"http:\/\/vincentians.com\/fr\/#website\",\"url\":\"http:\/\/vincentians.com\/fr\/\",\"name\":\"Nous Sommes Vincentiens\",\"description\":\"Know more to serve more\",\"potentialAction\":[{\"@type\":\"SearchAction\",\"target\":{\"@type\":\"EntryPoint\",\"urlTemplate\":\"http:\/\/vincentians.com\/fr\/?s={search_term_string}\"},\"query-input\":{\"@type\":\"PropertyValueSpecification\",\"valueRequired\":true,\"valueName\":\"search_term_string\"}}],\"inLanguage\":\"fr-FR\"},{\"@type\":\"Person\",\"@id\":\"http:\/\/vincentians.com\/fr\/#\/schema\/person\/9623ef4d9aa3b2dfb8c061f1499288f2\",\"name\":\"Francisco Javier Fern\u00e1ndez Chento\",\"image\":{\"@type\":\"ImageObject\",\"inLanguage\":\"fr-FR\",\"@id\":\"http:\/\/vincentians.com\/fr\/#\/schema\/person\/image\/\",\"url\":\"https:\/\/secure.gravatar.com\/avatar\/497d5cde87b4c3d097d0315953521681ba2cd523ee66e5077c3711f7021e65de?s=96&d=mm&r=g\",\"contentUrl\":\"https:\/\/secure.gravatar.com\/avatar\/497d5cde87b4c3d097d0315953521681ba2cd523ee66e5077c3711f7021e65de?s=96&d=mm&r=g\",\"caption\":\"Francisco Javier Fern\u00e1ndez Chento\"},\"description\":\"Director General y cofundador de La Red de Formaci\u00f3n Vicenciana. Javier es laico vicenciano, afiliado a la Congregaci\u00f3n de la Misi\u00f3n y miembro del Equipo de Misiones Populares de la provincia can\u00f3nica de Zaragoza (Espa\u00f1a) de la Congregaci\u00f3n de la Misi\u00f3n. Graduado en la Universidad Oberta de Catalunya con cuatro grados (Asistente de direcci\u00f3n, Gesti\u00f3n Administrativa, Recursos Humanos y Contabilidad Avanzada). Bil\u00edng\u00fce Espa\u00f1ol\/Ingl\u00e9s. gestiona y mantiene varias p\u00e1ginas web cristianas y vicencianas, incluida including La Red de Formaci\u00f3n Vicenciana, de la que es cofundador. Actualmente es responsable del \u00e1rea de Espa\u00f1ol de .famvin, la Red de Noticias de la Familia Vicenciana. Tambi\u00e9n es m\u00fasico cat\u00f3lico y ha editado varios discos. Es Director General y cofundador de Trovador, una reconocida compa\u00f1\u00eda discogr\u00e1fica critiana de Espa\u00f1a. Trabaja en las Tecnolog\u00edas de la Informaci\u00f3n, ofreciendo servicios de alojamiento, dise\u00f1o y mantenimiento Web, as\u00ed como asesoramiento, formaci\u00f3n y soluciones inform\u00e1ticas, gesti\u00f3n documental y digitalizaci\u00f3n de textos, edici\u00f3n y maquetaci\u00f3n de libros, revistas, flyers, etc.\",\"sameAs\":[\"http:\/\/chento.org\",\"https:\/\/www.facebook.com\/JavierChento\",\"https:\/\/x.com\/https:\/\/twitter.com\/javierchento\"],\"url\":\"http:\/\/vincentians.com\/fr\/author\/chento\/\"}]}<\/script>\n<!-- \/ Yoast SEO plugin. -->","yoast_head_json":{"title":"La vie du v\u00e9n\u00e9rable serviteur de Dieu Vincent de Paul, Livre premier, Chapitre XX - Nous Sommes Vincentiens","robots":{"index":"index","follow":"follow","max-snippet":"max-snippet:-1","max-image-preview":"max-image-preview:large","max-video-preview":"max-video-preview:-1"},"canonical":"http:\/\/vincentians.com\/fr\/la-vie-du-venerable-serviteur-de-dieu-vincent-de-paul-livre-premier-chapitre-xx\/","og_locale":"fr_FR","og_type":"article","og_title":"La vie du v\u00e9n\u00e9rable serviteur de Dieu Vincent de Paul, Livre premier, Chapitre XX - Nous Sommes Vincentiens","og_description":"Naissance et \u00e9rection de la Congr\u00e9gation de la Mission. L&rsquo;on peut dire avec v\u00e9rit\u00e9 que cette Congr\u00e9gation a \u00e9t\u00e9 en son commencement comme le petit grain de s\u00e9nev\u00e9 de l&rsquo;Evangile, qui \u00e9tant le moindre entre ... Read More","og_url":"http:\/\/vincentians.com\/fr\/la-vie-du-venerable-serviteur-de-dieu-vincent-de-paul-livre-premier-chapitre-xx\/","og_site_name":"Nous Sommes Vincentiens","article_publisher":"https:\/\/www.facebook.com\/WeAreVincentians\/","article_author":"https:\/\/www.facebook.com\/JavierChento","article_published_time":"2012-12-24T11:19:43+00:00","og_image":[{"width":1200,"height":630,"url":"https:\/\/i0.wp.com\/vincentians.com\/fr\/wp-content\/uploads\/sites\/10\/2016\/07\/abelly-feat.jpg?fit=1200%2C630","type":"image\/jpeg"}],"author":"Francisco Javier Fern\u00e1ndez Chento","twitter_card":"summary_large_image","twitter_creator":"@https:\/\/twitter.com\/javierchento","twitter_site":"@WeVincentians","twitter_misc":{"\u00c9crit par":"Francisco Javier Fern\u00e1ndez Chento","Dur\u00e9e de lecture estim\u00e9e":"7 minutes"},"schema":{"@context":"https:\/\/schema.org","@graph":[{"@type":"WebPage","@id":"http:\/\/vincentians.com\/fr\/la-vie-du-venerable-serviteur-de-dieu-vincent-de-paul-livre-premier-chapitre-xx\/","url":"http:\/\/vincentians.com\/fr\/la-vie-du-venerable-serviteur-de-dieu-vincent-de-paul-livre-premier-chapitre-xx\/","name":"La vie du v\u00e9n\u00e9rable serviteur de Dieu Vincent de Paul, Livre premier, Chapitre XX - Nous Sommes Vincentiens","isPartOf":{"@id":"http:\/\/vincentians.com\/fr\/#website"},"primaryImageOfPage":{"@id":"http:\/\/vincentians.com\/fr\/la-vie-du-venerable-serviteur-de-dieu-vincent-de-paul-livre-premier-chapitre-xx\/#primaryimage"},"image":{"@id":"http:\/\/vincentians.com\/fr\/la-vie-du-venerable-serviteur-de-dieu-vincent-de-paul-livre-premier-chapitre-xx\/#primaryimage"},"thumbnailUrl":"https:\/\/i0.wp.com\/vincentians.com\/fr\/wp-content\/uploads\/sites\/10\/2016\/07\/abelly-feat.jpg?fit=1200%2C630","datePublished":"2012-12-24T11:19:43+00:00","author":{"@id":"http:\/\/vincentians.com\/fr\/#\/schema\/person\/9623ef4d9aa3b2dfb8c061f1499288f2"},"breadcrumb":{"@id":"http:\/\/vincentians.com\/fr\/la-vie-du-venerable-serviteur-de-dieu-vincent-de-paul-livre-premier-chapitre-xx\/#breadcrumb"},"inLanguage":"fr-FR","potentialAction":[{"@type":"ReadAction","target":["http:\/\/vincentians.com\/fr\/la-vie-du-venerable-serviteur-de-dieu-vincent-de-paul-livre-premier-chapitre-xx\/"]}]},{"@type":"ImageObject","inLanguage":"fr-FR","@id":"http:\/\/vincentians.com\/fr\/la-vie-du-venerable-serviteur-de-dieu-vincent-de-paul-livre-premier-chapitre-xx\/#primaryimage","url":"https:\/\/i0.wp.com\/vincentians.com\/fr\/wp-content\/uploads\/sites\/10\/2016\/07\/abelly-feat.jpg?fit=1200%2C630","contentUrl":"https:\/\/i0.wp.com\/vincentians.com\/fr\/wp-content\/uploads\/sites\/10\/2016\/07\/abelly-feat.jpg?fit=1200%2C630","width":1200,"height":630},{"@type":"BreadcrumbList","@id":"http:\/\/vincentians.com\/fr\/la-vie-du-venerable-serviteur-de-dieu-vincent-de-paul-livre-premier-chapitre-xx\/#breadcrumb","itemListElement":[{"@type":"ListItem","position":1,"name":"Portada","item":"http:\/\/vincentians.com\/fr\/"},{"@type":"ListItem","position":2,"name":"La vie du v\u00e9n\u00e9rable serviteur de Dieu Vincent de Paul, Livre premier, Chapitre XX"}]},{"@type":"WebSite","@id":"http:\/\/vincentians.com\/fr\/#website","url":"http:\/\/vincentians.com\/fr\/","name":"Nous Sommes Vincentiens","description":"Know more to serve more","potentialAction":[{"@type":"SearchAction","target":{"@type":"EntryPoint","urlTemplate":"http:\/\/vincentians.com\/fr\/?s={search_term_string}"},"query-input":{"@type":"PropertyValueSpecification","valueRequired":true,"valueName":"search_term_string"}}],"inLanguage":"fr-FR"},{"@type":"Person","@id":"http:\/\/vincentians.com\/fr\/#\/schema\/person\/9623ef4d9aa3b2dfb8c061f1499288f2","name":"Francisco Javier Fern\u00e1ndez Chento","image":{"@type":"ImageObject","inLanguage":"fr-FR","@id":"http:\/\/vincentians.com\/fr\/#\/schema\/person\/image\/","url":"https:\/\/secure.gravatar.com\/avatar\/497d5cde87b4c3d097d0315953521681ba2cd523ee66e5077c3711f7021e65de?s=96&d=mm&r=g","contentUrl":"https:\/\/secure.gravatar.com\/avatar\/497d5cde87b4c3d097d0315953521681ba2cd523ee66e5077c3711f7021e65de?s=96&d=mm&r=g","caption":"Francisco Javier Fern\u00e1ndez Chento"},"description":"Director General y cofundador de La Red de Formaci\u00f3n Vicenciana. Javier es laico vicenciano, afiliado a la Congregaci\u00f3n de la Misi\u00f3n y miembro del Equipo de Misiones Populares de la provincia can\u00f3nica de Zaragoza (Espa\u00f1a) de la Congregaci\u00f3n de la Misi\u00f3n. Graduado en la Universidad Oberta de Catalunya con cuatro grados (Asistente de direcci\u00f3n, Gesti\u00f3n Administrativa, Recursos Humanos y Contabilidad Avanzada). Bil\u00edng\u00fce Espa\u00f1ol\/Ingl\u00e9s. gestiona y mantiene varias p\u00e1ginas web cristianas y vicencianas, incluida including La Red de Formaci\u00f3n Vicenciana, de la que es cofundador. Actualmente es responsable del \u00e1rea de Espa\u00f1ol de .famvin, la Red de Noticias de la Familia Vicenciana. Tambi\u00e9n es m\u00fasico cat\u00f3lico y ha editado varios discos. Es Director General y cofundador de Trovador, una reconocida compa\u00f1\u00eda discogr\u00e1fica critiana de Espa\u00f1a. Trabaja en las Tecnolog\u00edas de la Informaci\u00f3n, ofreciendo servicios de alojamiento, dise\u00f1o y mantenimiento Web, as\u00ed como asesoramiento, formaci\u00f3n y soluciones inform\u00e1ticas, gesti\u00f3n documental y digitalizaci\u00f3n de textos, edici\u00f3n y maquetaci\u00f3n de libros, revistas, flyers, etc.","sameAs":["http:\/\/chento.org","https:\/\/www.facebook.com\/JavierChento","https:\/\/x.com\/https:\/\/twitter.com\/javierchento"],"url":"http:\/\/vincentians.com\/fr\/author\/chento\/"}]}},"jetpack_publicize_connections":[],"jetpack_featured_media_url":"https:\/\/i0.wp.com\/vincentians.com\/fr\/wp-content\/uploads\/sites\/10\/2016\/07\/abelly-feat.jpg?fit=1200%2C630","jetpack_sharing_enabled":true,"jetpack_shortlink":"https:\/\/wp.me\/p7ETMP-rsR","jetpack-related-posts":[{"id":52035,"url":"http:\/\/vincentians.com\/fr\/saint-vincent-de-paul-et-sa-mission-sociale-ii-les-oeuvres-2\/","url_meta":{"origin":105577,"position":0},"title":"Saint Vincent De Paul Et Sa Mission Sociale. II &#8211; Les \u0152uvres (2)","author":"Francisco Javier Fern\u00e1ndez Chento","date":"22\/12\/2014","format":false,"excerpt":"LA CONGR\u00c9GATION DE LA MISSION. \u2014 Fondation de la Mission. \u2014 Madame de Gondi. \u2014 Vincent de Paul est nomm\u00e9 sup\u00e9rieur du coll\u00e8ge des Bons-Enfants. \u2014 Les fondateurs d\u2019ordre. \u2014 But de la Congr\u00e9gation de la Mission. \u2014 L\u2019\u00e9vang\u00e9lisation des pauvres. \u2014 \u00c9tablissement \u00e0 Saint-Lazare. \u2014 Premiers travaux des missionnaires.\u2026","rel":"","context":"Dans &quot;Vincent de Paul&quot;","block_context":{"text":"Vincent de Paul","link":"http:\/\/vincentians.com\/fr\/category\/the-vincentian-family\/founders\/vincent-de-paul\/"},"img":{"alt_text":"","src":"https:\/\/i0.wp.com\/vincentians.com\/fr\/wp-content\/uploads\/sites\/10\/2016\/07\/vincent-et-sa-action-sociale.jpg?fit=1160%2C630&resize=350%2C200","width":350,"height":200,"srcset":"https:\/\/i0.wp.com\/vincentians.com\/fr\/wp-content\/uploads\/sites\/10\/2016\/07\/vincent-et-sa-action-sociale.jpg?fit=1160%2C630&resize=350%2C200 1x, https:\/\/i0.wp.com\/vincentians.com\/fr\/wp-content\/uploads\/sites\/10\/2016\/07\/vincent-et-sa-action-sociale.jpg?fit=1160%2C630&resize=525%2C300 1.5x, https:\/\/i0.wp.com\/vincentians.com\/fr\/wp-content\/uploads\/sites\/10\/2016\/07\/vincent-et-sa-action-sociale.jpg?fit=1160%2C630&resize=700%2C400 2x, https:\/\/i0.wp.com\/vincentians.com\/fr\/wp-content\/uploads\/sites\/10\/2016\/07\/vincent-et-sa-action-sociale.jpg?fit=1160%2C630&resize=1050%2C600 3x"},"classes":[]},{"id":52052,"url":"http:\/\/vincentians.com\/fr\/saint-vincent-de-paul-et-sa-mission-sociale-iii-laction-1\/","url_meta":{"origin":105577,"position":1},"title":"Saint Vincent De Paul Et Sa Mission Sociale. III &#8211; L\u2019action (1)","author":"Francisco Javier Fern\u00e1ndez Chento","date":"25\/12\/2014","format":false,"excerpt":"LES MISSIONS. \u2014 Saint Vincent de Paul missionnaire. \u2014 Organisation des missions rurales. \u2014 Vertus et qualit\u00e9s des missionnaires. \u2014 La pr\u00e9dication d\u2019apr\u00e8s le saint. \u2014 Sa conduite envers les h\u00e9r\u00e9tiques et les infid\u00e8les. \u2014 Les imitateurs de Vincent de Paul. \u2014 Fruits du nouvel apostolat. \u2014 Missions \u00e0 la\u2026","rel":"","context":"Dans &quot;Vincent de Paul&quot;","block_context":{"text":"Vincent de Paul","link":"http:\/\/vincentians.com\/fr\/category\/the-vincentian-family\/founders\/vincent-de-paul\/"},"img":{"alt_text":"","src":"https:\/\/i0.wp.com\/vincentians.com\/fr\/wp-content\/uploads\/sites\/10\/2016\/07\/vincent-et-sa-action-sociale.jpg?fit=1160%2C630&resize=350%2C200","width":350,"height":200,"srcset":"https:\/\/i0.wp.com\/vincentians.com\/fr\/wp-content\/uploads\/sites\/10\/2016\/07\/vincent-et-sa-action-sociale.jpg?fit=1160%2C630&resize=350%2C200 1x, https:\/\/i0.wp.com\/vincentians.com\/fr\/wp-content\/uploads\/sites\/10\/2016\/07\/vincent-et-sa-action-sociale.jpg?fit=1160%2C630&resize=525%2C300 1.5x, https:\/\/i0.wp.com\/vincentians.com\/fr\/wp-content\/uploads\/sites\/10\/2016\/07\/vincent-et-sa-action-sociale.jpg?fit=1160%2C630&resize=700%2C400 2x, https:\/\/i0.wp.com\/vincentians.com\/fr\/wp-content\/uploads\/sites\/10\/2016\/07\/vincent-et-sa-action-sociale.jpg?fit=1160%2C630&resize=1050%2C600 3x"},"classes":[]},{"id":74152,"url":"http:\/\/vincentians.com\/fr\/fernand-portal-fils-de-saint-vincent-de-paul\/","url_meta":{"origin":105577,"position":2},"title":"Fernand Portal, Fils de Saint Vincent de Paul","author":"Francisco Javier Fern\u00e1ndez Chento","date":"20\/02\/2015","format":false,"excerpt":"\u00abCelui que vous voyez devant vous est un pr\u00eatre fran\u00e7ais, humble fils de saint Vincent de Paul\u00bb. C'est ainsi que Fernand Portal se pr\u00e9sentait, le 13 juillet 1896, \u00e0 Londres, devant une assembl\u00e9e compos\u00e9e en majeure partie de pr\u00eatres anglicans. En mettant ainsi en avant sa carte d'identit\u00e9 vincentienne, recourait-il\u2026","rel":"","context":"Dans &quot;Biographies Lazaristes&quot;","block_context":{"text":"Biographies Lazaristes","link":"http:\/\/vincentians.com\/fr\/category\/biographies-lazaristes\/"},"img":{"alt_text":"","src":"https:\/\/i0.wp.com\/vincentians.com\/fr\/wp-content\/uploads\/sites\/10\/2016\/08\/bio-congregation-of-the-mission.jpg?fit=1200%2C630&resize=350%2C200","width":350,"height":200,"srcset":"https:\/\/i0.wp.com\/vincentians.com\/fr\/wp-content\/uploads\/sites\/10\/2016\/08\/bio-congregation-of-the-mission.jpg?fit=1200%2C630&resize=350%2C200 1x, https:\/\/i0.wp.com\/vincentians.com\/fr\/wp-content\/uploads\/sites\/10\/2016\/08\/bio-congregation-of-the-mission.jpg?fit=1200%2C630&resize=525%2C300 1.5x, https:\/\/i0.wp.com\/vincentians.com\/fr\/wp-content\/uploads\/sites\/10\/2016\/08\/bio-congregation-of-the-mission.jpg?fit=1200%2C630&resize=700%2C400 2x, https:\/\/i0.wp.com\/vincentians.com\/fr\/wp-content\/uploads\/sites\/10\/2016\/08\/bio-congregation-of-the-mission.jpg?fit=1200%2C630&resize=1050%2C600 3x"},"classes":[]},{"id":52068,"url":"http:\/\/vincentians.com\/fr\/saint-vincent-de-paul-et-sa-mission-sociale-vi-la-posterite-1\/","url_meta":{"origin":105577,"position":3},"title":"Saint Vincent De Paul Et Sa Mission Sociale. VI &#8211; La Post\u00e9rit\u00e9 (1)","author":"Francisco Javier Fern\u00e1ndez Chento","date":"30\/12\/2014","format":false,"excerpt":"L\u2019ACCROISSEMENT. \u2014 Extension des deux familles de saint Vincent de Paul. \u2014 Progr\u00e8s de leurs \u0153uvres. \u2014 Les missions \u00e9trang\u00e8res et les s\u00e9minaires. \u2014 Les successeurs de saint Vincent. \u2014 Congr\u00e9gations religieuses fond\u00e9es sur le mod\u00e8le de la Mission. \u2014 Les Filles de la Charit\u00e9 en France et \u00e0 l\u2019\u00e9tranger.\u2026","rel":"","context":"Dans &quot;Vincent de Paul&quot;","block_context":{"text":"Vincent de Paul","link":"http:\/\/vincentians.com\/fr\/category\/the-vincentian-family\/founders\/vincent-de-paul\/"},"img":{"alt_text":"","src":"https:\/\/i0.wp.com\/vincentians.com\/fr\/wp-content\/uploads\/sites\/10\/2016\/07\/vincent-et-sa-action-sociale.jpg?fit=1160%2C630&resize=350%2C200","width":350,"height":200,"srcset":"https:\/\/i0.wp.com\/vincentians.com\/fr\/wp-content\/uploads\/sites\/10\/2016\/07\/vincent-et-sa-action-sociale.jpg?fit=1160%2C630&resize=350%2C200 1x, https:\/\/i0.wp.com\/vincentians.com\/fr\/wp-content\/uploads\/sites\/10\/2016\/07\/vincent-et-sa-action-sociale.jpg?fit=1160%2C630&resize=525%2C300 1.5x, https:\/\/i0.wp.com\/vincentians.com\/fr\/wp-content\/uploads\/sites\/10\/2016\/07\/vincent-et-sa-action-sociale.jpg?fit=1160%2C630&resize=700%2C400 2x, https:\/\/i0.wp.com\/vincentians.com\/fr\/wp-content\/uploads\/sites\/10\/2016\/07\/vincent-et-sa-action-sociale.jpg?fit=1160%2C630&resize=1050%2C600 3x"},"classes":[]},{"id":38477,"url":"http:\/\/vincentians.com\/fr\/le-directeur-provincial-animateur-des-filles-de-la-charite\/","url_meta":{"origin":105577,"position":4},"title":"Le Directeur Provincial \u201canimateur\u201d des Filles de la Charit\u00e9","author":"Francisco Javier Fern\u00e1ndez Chento","date":"03\/10\/2012","format":false,"excerpt":"Dans les Constitutions des Filles de la Charit\u00e9, nous trouvons \u00e0 l\u2019article 3.38: le Directeur Provincial est un pr\u00eatre de la Congr\u00e9gation de la Mission, nomm\u00e9 par le Sup\u00e9rieur G\u00e9n\u00e9ral; \u201cil partage avec la Visitatrice et son Conseil la responsabilit\u00e9 de promouvoir l\u2019esprit vincentien dans la Province\u201d Missionnaire, le directeur\u2026","rel":"","context":"Dans &quot;Congr\u00e9gation de la Mission&quot;","block_context":{"text":"Congr\u00e9gation de la Mission","link":"http:\/\/vincentians.com\/fr\/category\/congregation-de-la-mission\/"},"img":{"alt_text":"","src":"https:\/\/i0.wp.com\/vincentiens.org\/wp-content\/uploads\/2011\/05\/filles_charite-228x300.jpg?resize=350%2C200","width":350,"height":200},"classes":[]},{"id":52016,"url":"http:\/\/vincentians.com\/fr\/saint-vincent-de-paul-et-sa-mission-sociale-introduction\/","url_meta":{"origin":105577,"position":5},"title":"Saint Vincent De Paul Et Sa Mission Sociale. Introduction","author":"Francisco Javier Fern\u00e1ndez Chento","date":"17\/12\/2014","format":false,"excerpt":"Les antiennes que l\u2019on chante aux premi\u00e8res v\u00eapres de saint Vincent de Paul sont le portrait et l\u2019\u00e9loge le plus exact que l\u2019on puisse faire de ce h\u00e9ros de la charit\u00e9 : Les indigents et les pauvres cherchent de l\u2019eau et n\u2019en trouvent pas ; moi, dit le Seigneur, je\u2026","rel":"","context":"Dans &quot;Vincent de Paul&quot;","block_context":{"text":"Vincent de Paul","link":"http:\/\/vincentians.com\/fr\/category\/the-vincentian-family\/founders\/vincent-de-paul\/"},"img":{"alt_text":"","src":"https:\/\/i0.wp.com\/vincentians.com\/fr\/wp-content\/uploads\/sites\/10\/2016\/07\/vincent-et-sa-action-sociale.jpg?fit=1160%2C630&resize=350%2C200","width":350,"height":200,"srcset":"https:\/\/i0.wp.com\/vincentians.com\/fr\/wp-content\/uploads\/sites\/10\/2016\/07\/vincent-et-sa-action-sociale.jpg?fit=1160%2C630&resize=350%2C200 1x, https:\/\/i0.wp.com\/vincentians.com\/fr\/wp-content\/uploads\/sites\/10\/2016\/07\/vincent-et-sa-action-sociale.jpg?fit=1160%2C630&resize=525%2C300 1.5x, https:\/\/i0.wp.com\/vincentians.com\/fr\/wp-content\/uploads\/sites\/10\/2016\/07\/vincent-et-sa-action-sociale.jpg?fit=1160%2C630&resize=700%2C400 2x, https:\/\/i0.wp.com\/vincentians.com\/fr\/wp-content\/uploads\/sites\/10\/2016\/07\/vincent-et-sa-action-sociale.jpg?fit=1160%2C630&resize=1050%2C600 3x"},"classes":[]}],"_links":{"self":[{"href":"http:\/\/vincentians.com\/fr\/wp-json\/wp\/v2\/posts\/105577","targetHints":{"allow":["GET"]}}],"collection":[{"href":"http:\/\/vincentians.com\/fr\/wp-json\/wp\/v2\/posts"}],"about":[{"href":"http:\/\/vincentians.com\/fr\/wp-json\/wp\/v2\/types\/post"}],"author":[{"embeddable":true,"href":"http:\/\/vincentians.com\/fr\/wp-json\/wp\/v2\/users\/4"}],"replies":[{"embeddable":true,"href":"http:\/\/vincentians.com\/fr\/wp-json\/wp\/v2\/comments?post=105577"}],"version-history":[{"count":0,"href":"http:\/\/vincentians.com\/fr\/wp-json\/wp\/v2\/posts\/105577\/revisions"}],"wp:featuredmedia":[{"embeddable":true,"href":"http:\/\/vincentians.com\/fr\/wp-json\/wp\/v2\/media\/149583"}],"wp:attachment":[{"href":"http:\/\/vincentians.com\/fr\/wp-json\/wp\/v2\/media?parent=105577"}],"wp:term":[{"taxonomy":"category","embeddable":true,"href":"http:\/\/vincentians.com\/fr\/wp-json\/wp\/v2\/categories?post=105577"},{"taxonomy":"post_tag","embeddable":true,"href":"http:\/\/vincentians.com\/fr\/wp-json\/wp\/v2\/tags?post=105577"}],"curies":[{"name":"wp","href":"https:\/\/api.w.org\/{rel}","templated":true}]}}