{"id":105528,"date":"2017-01-19T00:01:17","date_gmt":"2017-01-18T23:01:17","guid":{"rendered":"http:\/\/vincentiens.org\/?p=105528"},"modified":"2016-08-08T18:31:48","modified_gmt":"2016-08-08T16:31:48","slug":"ephemerides-19-janvier","status":"publish","type":"post","link":"http:\/\/vincentians.com\/fr\/ephemerides-19-janvier\/","title":{"rendered":"Eph\u00e9m\u00e9rides: 19 janvier"},"content":{"rendered":"<p><b>1656<\/b>. Lettre de sainte Louise \u00e0 Fran\u00e7oise M\u00e9nage\u00a0: \u00ab\u00a0Promettez-moi de ne plus rien d\u00e9sirer que de plaire \u00e0 Dieu\u00a0\u00bb. (R)<\/p>\n<p><b>1660<\/b>. Sainte Louise \u00e9crit \u00e0 saint Vincent pour dire \u00ab\u00a0la n\u00e9cessit\u00e9 qu&rsquo;il y a que les R\u00e8gles obligent toujours \u00e0 une vie pauvre, humble et simple\u00a0\u00bb. (R)<\/p>\n<p>1861, en Italie, les Filles de la Charit\u00e9 sont aux ambulances. L&rsquo;une d&rsquo;elles \u00e9crit\u00a0: \u00ab\u00a0L&rsquo;escadrille fran\u00e7aise se retire et dans quelques jours on mettra le blocus par mer&#8230; Nous sommes quatre S\u0153urs pour 870 malades mais pourvu que te bon Dieu soit glorifi\u00e9, c&rsquo;est tout ce qu&rsquo;il nous faut\u00a0\u00bb. Seize Soeurs meurent du typhus dans les diverses ambulances de campagne. (R)<\/p>\n<p><b>1950<\/b>. \u00c0 Dax , sur les cinq heures du matin, s&rsquo;\u00e9teint, \u00e0 l&rsquo;\u00e2ge de quatre-vingt-huit, ans, le dernier survivant des cinq s\u00e9minaristes qui, selon le mot du P\u00e8re Fiat, furent les premi\u00e8res pierres vivantes du s\u00e9minaire interne qui s&rsquo;inaugurait \u00e0 Notre-Dame du Pouy, le 27 septembre 1881. M. Bernard Marlats, \u00e0 la diff\u00e9rence de ses compagnons d&rsquo;admission dans la Compagnie, est, non seulement mort aux lieux o\u00f9 il entama sa vie religieuse\u00a0; mais il y a consacr\u00e9 la plus grande part de sa vie sacerdotale. Sans doute, Albi le garda quatorze ans, jusqu&rsquo;aux expulsions de 1903, et il y montra ses riches capacit\u00e9s d&rsquo;\u00e9conome\u00a0; sans doute encore, Bordeaux &#8212; au grand \u00e9bahissement de M. Marlats lui \u00adm\u00eame, &#8212; le salua comme sup\u00e9rieur pendant dix ans, et si l&rsquo;ancienne maison de louage du Bouscat, aujourd&rsquo;hui propri\u00e9t\u00e9 de la petite Compagnie, se pr\u00e9sente en agr\u00e9able r\u00e9sidence de missionnaires, c&rsquo;est \u00e0 M. Marlats qu&rsquo;on le doit. Mais sur soixante et une ann\u00e9es de sacerdoce, il en a v\u00e9cu quarante \u00e0 Notre-Dame du Pouy. Comme \u00e9conome, de 1903 \u00e0 1914, dans le rayonnement et l&rsquo;amicale confiance de M. Delanghe, M. Marlats lui voua son savoir-faire qui r\u00e9alisa, dans les b\u00e2timents et sur la colline du Pouy, d&rsquo;appr\u00e9ciables am\u00e9liorations pratiques, tandis que son bon sens naturel et surnaturel fut source d&rsquo;apaisement pour plus d&rsquo;un \u00e9tudiant troubl\u00e9 par la crise moderniste. Pendant la premi\u00e8re guerre mondiale, M. Marlats fut l&rsquo;aum\u00f4nier bienfaisant et presque l\u00e9gendaire des onze formations sanitaires que comptait la ville de Dax. La paix revenue, il se voit confier la direction des Soeurs du Sud-Ouest et, pour les filles de Monsieur Vincent, il est le \u00ab\u00a0bon P\u00e8re Marlats\u00a0\u00bb. La bont\u00e9, c&rsquo;est bien le trait le plus \u00e9vident de l&rsquo;\u00e2me de M. Marlats\u00a0: elle brillait d&rsquo;un doux \u00e9clat sur toute sa figure ronde et color\u00e9e, et plus particuli\u00e8rement dans ses yeux que d&rsquo;\u00e9pais sourcils ombrageaient. Mais dans ce regard semblait toujours trembloter une petite lueur de crainte qui disait l&rsquo;immense timidit\u00e9 de cet homme si vigoureusement b\u00e2ti, et laissait deviner l&rsquo;autre caract\u00e9ristique de M. Marlats\u00a0: l&rsquo;horreur du tapage, de la publicit\u00e9, cette discr\u00e9tion si profonde chez lui que des observateurs superficiels auraient pu penser que M. Marlats \u00e9tait un bon pr\u00eatre qui ne faisait rien. Il a oeuvr\u00e9, grandement oeuvr\u00e9, mais sans vanterie ni fracas\u00a0; et, par del\u00e0 la tombe, il semble, par toute sa vie d&rsquo;activit\u00e9 silencieuse, dire, avec son bon sourire humide o\u00f9 brille toute la spirituelle finesse des vall\u00e9es b\u00e9arnaises qui le virent na\u00eetre\u00a0: \u00ab\u00a0le bien ne fait pas de bruit et le bruit ne fait pas de bien\u00a0\u00bb<span id='easy-footnote-1-105528' class='easy-footnote-margin-adjust'><\/span><span class='easy-footnote'><a href='http:\/\/vincentians.com\/fr\/ephemerides-19-janvier\/#easy-footnote-bottom-1-105528' title='\u00ab\u00a0Vie fraternelle\u00a0\u00bb, 15 juillet 1939 et 1950, n\u00b0 1, pp . 5-9.'><sup>1<\/sup><\/a><\/span>.<\/p>\n","protected":false},"excerpt":{"rendered":"<p>1656. Lettre de sainte Louise \u00e0 Fran\u00e7oise M\u00e9nage\u00a0: \u00ab\u00a0Promettez-moi de ne plus rien d\u00e9sirer que de plaire \u00e0 Dieu\u00a0\u00bb. (R) 1660. Sainte Louise \u00e9crit \u00e0 saint Vincent pour dire \u00ab\u00a0la n\u00e9cessit\u00e9 qu&rsquo;il y a que &#8230; <a href=\"http:\/\/vincentians.com\/fr\/ephemerides-19-janvier\/\" class=\"more-link\">Read More<\/a><\/p>\n","protected":false},"author":4,"featured_media":149897,"comment_status":"open","ping_status":"open","sticky":false,"template":"","format":"standard","meta":{"jetpack_post_was_ever_published":false,"_jetpack_newsletter_access":"","_jetpack_dont_email_post_to_subs":false,"_jetpack_newsletter_tier_id":0,"_jetpack_memberships_contains_paywalled_content":false,"_jetpack_memberships_contains_paid_content":false,"footnotes":"","jetpack_publicize_message":"","jetpack_publicize_feature_enabled":true,"jetpack_social_post_already_shared":true,"jetpack_social_options":{"image_generator_settings":{"template":"highway","default_image_id":0,"font":"","enabled":false},"version":2}},"categories":[119],"tags":[],"class_list":["post-105528","post","type-post","status-publish","format-standard","has-post-thumbnail","hentry","category-ephemerides-vincentiens"],"yoast_head":"<!-- This site is optimized with the Yoast SEO plugin v26.3 - https:\/\/yoast.com\/wordpress\/plugins\/seo\/ -->\n<title>Eph\u00e9m\u00e9rides: 19 janvier - Nous Sommes Vincentiens<\/title>\n<meta name=\"robots\" content=\"index, follow, max-snippet:-1, max-image-preview:large, max-video-preview:-1\" \/>\n<link rel=\"canonical\" href=\"https:\/\/vincentians.com\/fr\/ephemerides-19-janvier\/\" \/>\n<meta property=\"og:locale\" content=\"fr_FR\" \/>\n<meta property=\"og:type\" content=\"article\" \/>\n<meta property=\"og:title\" content=\"Eph\u00e9m\u00e9rides: 19 janvier - Nous Sommes Vincentiens\" \/>\n<meta property=\"og:description\" content=\"1656. Lettre de sainte Louise \u00e0 Fran\u00e7oise M\u00e9nage\u00a0: \u00ab\u00a0Promettez-moi de ne plus rien d\u00e9sirer que de plaire \u00e0 Dieu\u00a0\u00bb. (R) 1660. Sainte Louise \u00e9crit \u00e0 saint Vincent pour dire \u00ab\u00a0la n\u00e9cessit\u00e9 qu&rsquo;il y a que ... Read More\" \/>\n<meta property=\"og:url\" content=\"https:\/\/vincentians.com\/fr\/ephemerides-19-janvier\/\" \/>\n<meta property=\"og:site_name\" content=\"Nous Sommes Vincentiens\" \/>\n<meta property=\"article:publisher\" content=\"https:\/\/www.facebook.com\/WeAreVincentians\/\" \/>\n<meta property=\"article:author\" content=\"https:\/\/www.facebook.com\/JavierChento\" \/>\n<meta property=\"article:published_time\" content=\"2017-01-18T23:01:17+00:00\" \/>\n<meta property=\"og:image\" content=\"https:\/\/i0.wp.com\/vincentians.com\/fr\/wp-content\/uploads\/sites\/10\/2016\/07\/ephemerides-fb.jpg?fit=1200%2C630&ssl=1\" \/>\n\t<meta property=\"og:image:width\" content=\"1200\" \/>\n\t<meta property=\"og:image:height\" content=\"630\" \/>\n\t<meta property=\"og:image:type\" content=\"image\/jpeg\" \/>\n<meta name=\"author\" content=\"Francisco Javier Fern\u00e1ndez Chento\" \/>\n<meta name=\"twitter:card\" content=\"summary_large_image\" \/>\n<meta name=\"twitter:creator\" content=\"@https:\/\/twitter.com\/javierchento\" \/>\n<meta name=\"twitter:site\" content=\"@WeVincentians\" \/>\n<meta name=\"twitter:label1\" content=\"\u00c9crit par\" \/>\n\t<meta name=\"twitter:data1\" content=\"Francisco Javier Fern\u00e1ndez Chento\" \/>\n\t<meta name=\"twitter:label2\" content=\"Dur\u00e9e de lecture estim\u00e9e\" \/>\n\t<meta name=\"twitter:data2\" content=\"3 minutes\" \/>\n<script type=\"application\/ld+json\" class=\"yoast-schema-graph\">{\"@context\":\"https:\/\/schema.org\",\"@graph\":[{\"@type\":\"WebPage\",\"@id\":\"https:\/\/vincentians.com\/fr\/ephemerides-19-janvier\/\",\"url\":\"https:\/\/vincentians.com\/fr\/ephemerides-19-janvier\/\",\"name\":\"Eph\u00e9m\u00e9rides: 19 janvier - Nous Sommes Vincentiens\",\"isPartOf\":{\"@id\":\"http:\/\/vincentians.com\/fr\/#website\"},\"primaryImageOfPage\":{\"@id\":\"https:\/\/vincentians.com\/fr\/ephemerides-19-janvier\/#primaryimage\"},\"image\":{\"@id\":\"https:\/\/vincentians.com\/fr\/ephemerides-19-janvier\/#primaryimage\"},\"thumbnailUrl\":\"https:\/\/i0.wp.com\/vincentians.com\/fr\/wp-content\/uploads\/sites\/10\/2016\/07\/ephemerides-fb.jpg?fit=1200%2C630\",\"datePublished\":\"2017-01-18T23:01:17+00:00\",\"author\":{\"@id\":\"http:\/\/vincentians.com\/fr\/#\/schema\/person\/9623ef4d9aa3b2dfb8c061f1499288f2\"},\"breadcrumb\":{\"@id\":\"https:\/\/vincentians.com\/fr\/ephemerides-19-janvier\/#breadcrumb\"},\"inLanguage\":\"fr-FR\",\"potentialAction\":[{\"@type\":\"ReadAction\",\"target\":[\"https:\/\/vincentians.com\/fr\/ephemerides-19-janvier\/\"]}]},{\"@type\":\"ImageObject\",\"inLanguage\":\"fr-FR\",\"@id\":\"https:\/\/vincentians.com\/fr\/ephemerides-19-janvier\/#primaryimage\",\"url\":\"https:\/\/i0.wp.com\/vincentians.com\/fr\/wp-content\/uploads\/sites\/10\/2016\/07\/ephemerides-fb.jpg?fit=1200%2C630\",\"contentUrl\":\"https:\/\/i0.wp.com\/vincentians.com\/fr\/wp-content\/uploads\/sites\/10\/2016\/07\/ephemerides-fb.jpg?fit=1200%2C630\",\"width\":1200,\"height\":630},{\"@type\":\"BreadcrumbList\",\"@id\":\"https:\/\/vincentians.com\/fr\/ephemerides-19-janvier\/#breadcrumb\",\"itemListElement\":[{\"@type\":\"ListItem\",\"position\":1,\"name\":\"Portada\",\"item\":\"http:\/\/vincentians.com\/fr\/\"},{\"@type\":\"ListItem\",\"position\":2,\"name\":\"Eph\u00e9m\u00e9rides: 19 janvier\"}]},{\"@type\":\"WebSite\",\"@id\":\"http:\/\/vincentians.com\/fr\/#website\",\"url\":\"http:\/\/vincentians.com\/fr\/\",\"name\":\"Nous Sommes Vincentiens\",\"description\":\"Know more to serve more\",\"potentialAction\":[{\"@type\":\"SearchAction\",\"target\":{\"@type\":\"EntryPoint\",\"urlTemplate\":\"http:\/\/vincentians.com\/fr\/?s={search_term_string}\"},\"query-input\":{\"@type\":\"PropertyValueSpecification\",\"valueRequired\":true,\"valueName\":\"search_term_string\"}}],\"inLanguage\":\"fr-FR\"},{\"@type\":\"Person\",\"@id\":\"http:\/\/vincentians.com\/fr\/#\/schema\/person\/9623ef4d9aa3b2dfb8c061f1499288f2\",\"name\":\"Francisco Javier Fern\u00e1ndez Chento\",\"image\":{\"@type\":\"ImageObject\",\"inLanguage\":\"fr-FR\",\"@id\":\"http:\/\/vincentians.com\/fr\/#\/schema\/person\/image\/\",\"url\":\"https:\/\/secure.gravatar.com\/avatar\/497d5cde87b4c3d097d0315953521681ba2cd523ee66e5077c3711f7021e65de?s=96&d=mm&r=g\",\"contentUrl\":\"https:\/\/secure.gravatar.com\/avatar\/497d5cde87b4c3d097d0315953521681ba2cd523ee66e5077c3711f7021e65de?s=96&d=mm&r=g\",\"caption\":\"Francisco Javier Fern\u00e1ndez Chento\"},\"description\":\"Director General y cofundador de La Red de Formaci\u00f3n Vicenciana. Javier es laico vicenciano, afiliado a la Congregaci\u00f3n de la Misi\u00f3n y miembro del Equipo de Misiones Populares de la provincia can\u00f3nica de Zaragoza (Espa\u00f1a) de la Congregaci\u00f3n de la Misi\u00f3n. Graduado en la Universidad Oberta de Catalunya con cuatro grados (Asistente de direcci\u00f3n, Gesti\u00f3n Administrativa, Recursos Humanos y Contabilidad Avanzada). Bil\u00edng\u00fce Espa\u00f1ol\/Ingl\u00e9s. gestiona y mantiene varias p\u00e1ginas web cristianas y vicencianas, incluida including La Red de Formaci\u00f3n Vicenciana, de la que es cofundador. Actualmente es responsable del \u00e1rea de Espa\u00f1ol de .famvin, la Red de Noticias de la Familia Vicenciana. Tambi\u00e9n es m\u00fasico cat\u00f3lico y ha editado varios discos. Es Director General y cofundador de Trovador, una reconocida compa\u00f1\u00eda discogr\u00e1fica critiana de Espa\u00f1a. Trabaja en las Tecnolog\u00edas de la Informaci\u00f3n, ofreciendo servicios de alojamiento, dise\u00f1o y mantenimiento Web, as\u00ed como asesoramiento, formaci\u00f3n y soluciones inform\u00e1ticas, gesti\u00f3n documental y digitalizaci\u00f3n de textos, edici\u00f3n y maquetaci\u00f3n de libros, revistas, flyers, etc.\",\"sameAs\":[\"http:\/\/chento.org\",\"https:\/\/www.facebook.com\/JavierChento\",\"https:\/\/x.com\/https:\/\/twitter.com\/javierchento\"],\"url\":\"http:\/\/vincentians.com\/fr\/author\/chento\/\"}]}<\/script>\n<!-- \/ Yoast SEO plugin. -->","yoast_head_json":{"title":"Eph\u00e9m\u00e9rides: 19 janvier - Nous Sommes Vincentiens","robots":{"index":"index","follow":"follow","max-snippet":"max-snippet:-1","max-image-preview":"max-image-preview:large","max-video-preview":"max-video-preview:-1"},"canonical":"https:\/\/vincentians.com\/fr\/ephemerides-19-janvier\/","og_locale":"fr_FR","og_type":"article","og_title":"Eph\u00e9m\u00e9rides: 19 janvier - Nous Sommes Vincentiens","og_description":"1656. Lettre de sainte Louise \u00e0 Fran\u00e7oise M\u00e9nage\u00a0: \u00ab\u00a0Promettez-moi de ne plus rien d\u00e9sirer que de plaire \u00e0 Dieu\u00a0\u00bb. (R) 1660. Sainte Louise \u00e9crit \u00e0 saint Vincent pour dire \u00ab\u00a0la n\u00e9cessit\u00e9 qu&rsquo;il y a que ... Read More","og_url":"https:\/\/vincentians.com\/fr\/ephemerides-19-janvier\/","og_site_name":"Nous Sommes Vincentiens","article_publisher":"https:\/\/www.facebook.com\/WeAreVincentians\/","article_author":"https:\/\/www.facebook.com\/JavierChento","article_published_time":"2017-01-18T23:01:17+00:00","og_image":[{"width":1200,"height":630,"url":"https:\/\/i0.wp.com\/vincentians.com\/fr\/wp-content\/uploads\/sites\/10\/2016\/07\/ephemerides-fb.jpg?fit=1200%2C630&ssl=1","type":"image\/jpeg"}],"author":"Francisco Javier Fern\u00e1ndez Chento","twitter_card":"summary_large_image","twitter_creator":"@https:\/\/twitter.com\/javierchento","twitter_site":"@WeVincentians","twitter_misc":{"\u00c9crit par":"Francisco Javier Fern\u00e1ndez Chento","Dur\u00e9e de lecture estim\u00e9e":"3 minutes"},"schema":{"@context":"https:\/\/schema.org","@graph":[{"@type":"WebPage","@id":"https:\/\/vincentians.com\/fr\/ephemerides-19-janvier\/","url":"https:\/\/vincentians.com\/fr\/ephemerides-19-janvier\/","name":"Eph\u00e9m\u00e9rides: 19 janvier - Nous Sommes Vincentiens","isPartOf":{"@id":"http:\/\/vincentians.com\/fr\/#website"},"primaryImageOfPage":{"@id":"https:\/\/vincentians.com\/fr\/ephemerides-19-janvier\/#primaryimage"},"image":{"@id":"https:\/\/vincentians.com\/fr\/ephemerides-19-janvier\/#primaryimage"},"thumbnailUrl":"https:\/\/i0.wp.com\/vincentians.com\/fr\/wp-content\/uploads\/sites\/10\/2016\/07\/ephemerides-fb.jpg?fit=1200%2C630","datePublished":"2017-01-18T23:01:17+00:00","author":{"@id":"http:\/\/vincentians.com\/fr\/#\/schema\/person\/9623ef4d9aa3b2dfb8c061f1499288f2"},"breadcrumb":{"@id":"https:\/\/vincentians.com\/fr\/ephemerides-19-janvier\/#breadcrumb"},"inLanguage":"fr-FR","potentialAction":[{"@type":"ReadAction","target":["https:\/\/vincentians.com\/fr\/ephemerides-19-janvier\/"]}]},{"@type":"ImageObject","inLanguage":"fr-FR","@id":"https:\/\/vincentians.com\/fr\/ephemerides-19-janvier\/#primaryimage","url":"https:\/\/i0.wp.com\/vincentians.com\/fr\/wp-content\/uploads\/sites\/10\/2016\/07\/ephemerides-fb.jpg?fit=1200%2C630","contentUrl":"https:\/\/i0.wp.com\/vincentians.com\/fr\/wp-content\/uploads\/sites\/10\/2016\/07\/ephemerides-fb.jpg?fit=1200%2C630","width":1200,"height":630},{"@type":"BreadcrumbList","@id":"https:\/\/vincentians.com\/fr\/ephemerides-19-janvier\/#breadcrumb","itemListElement":[{"@type":"ListItem","position":1,"name":"Portada","item":"http:\/\/vincentians.com\/fr\/"},{"@type":"ListItem","position":2,"name":"Eph\u00e9m\u00e9rides: 19 janvier"}]},{"@type":"WebSite","@id":"http:\/\/vincentians.com\/fr\/#website","url":"http:\/\/vincentians.com\/fr\/","name":"Nous Sommes Vincentiens","description":"Know more to serve more","potentialAction":[{"@type":"SearchAction","target":{"@type":"EntryPoint","urlTemplate":"http:\/\/vincentians.com\/fr\/?s={search_term_string}"},"query-input":{"@type":"PropertyValueSpecification","valueRequired":true,"valueName":"search_term_string"}}],"inLanguage":"fr-FR"},{"@type":"Person","@id":"http:\/\/vincentians.com\/fr\/#\/schema\/person\/9623ef4d9aa3b2dfb8c061f1499288f2","name":"Francisco Javier Fern\u00e1ndez Chento","image":{"@type":"ImageObject","inLanguage":"fr-FR","@id":"http:\/\/vincentians.com\/fr\/#\/schema\/person\/image\/","url":"https:\/\/secure.gravatar.com\/avatar\/497d5cde87b4c3d097d0315953521681ba2cd523ee66e5077c3711f7021e65de?s=96&d=mm&r=g","contentUrl":"https:\/\/secure.gravatar.com\/avatar\/497d5cde87b4c3d097d0315953521681ba2cd523ee66e5077c3711f7021e65de?s=96&d=mm&r=g","caption":"Francisco Javier Fern\u00e1ndez Chento"},"description":"Director General y cofundador de La Red de Formaci\u00f3n Vicenciana. Javier es laico vicenciano, afiliado a la Congregaci\u00f3n de la Misi\u00f3n y miembro del Equipo de Misiones Populares de la provincia can\u00f3nica de Zaragoza (Espa\u00f1a) de la Congregaci\u00f3n de la Misi\u00f3n. Graduado en la Universidad Oberta de Catalunya con cuatro grados (Asistente de direcci\u00f3n, Gesti\u00f3n Administrativa, Recursos Humanos y Contabilidad Avanzada). Bil\u00edng\u00fce Espa\u00f1ol\/Ingl\u00e9s. gestiona y mantiene varias p\u00e1ginas web cristianas y vicencianas, incluida including La Red de Formaci\u00f3n Vicenciana, de la que es cofundador. Actualmente es responsable del \u00e1rea de Espa\u00f1ol de .famvin, la Red de Noticias de la Familia Vicenciana. Tambi\u00e9n es m\u00fasico cat\u00f3lico y ha editado varios discos. Es Director General y cofundador de Trovador, una reconocida compa\u00f1\u00eda discogr\u00e1fica critiana de Espa\u00f1a. Trabaja en las Tecnolog\u00edas de la Informaci\u00f3n, ofreciendo servicios de alojamiento, dise\u00f1o y mantenimiento Web, as\u00ed como asesoramiento, formaci\u00f3n y soluciones inform\u00e1ticas, gesti\u00f3n documental y digitalizaci\u00f3n de textos, edici\u00f3n y maquetaci\u00f3n de libros, revistas, flyers, etc.","sameAs":["http:\/\/chento.org","https:\/\/www.facebook.com\/JavierChento","https:\/\/x.com\/https:\/\/twitter.com\/javierchento"],"url":"http:\/\/vincentians.com\/fr\/author\/chento\/"}]}},"jetpack_publicize_connections":[],"jetpack_featured_media_url":"https:\/\/i0.wp.com\/vincentians.com\/fr\/wp-content\/uploads\/sites\/10\/2016\/07\/ephemerides-fb.jpg?fit=1200%2C630","jetpack_sharing_enabled":true,"jetpack_shortlink":"https:\/\/wp.me\/p7ETMP-rs4","jetpack-related-posts":[{"id":190562,"url":"http:\/\/vincentians.com\/fr\/ephemerides-03-juin\/","url_meta":{"origin":105528,"position":0},"title":"Eph\u00e9m\u00e9rides: 03 juin","author":"Francisco Javier Fern\u00e1ndez Chento","date":"03\/06\/2017","format":false,"excerpt":"1645. Sainte Louise \u00e9crit \u00e0 saint Vincent une lettre pleine d\u2019humilit\u00e9\u00a0: \u201cO bon Dieu\u00a0! que j\u2019ai de sujet d\u2019avouer et de reconna\u00eetre que je ne fais rien qui vaille\u00a0! mon c\u0153ur ne s\u2019en aigrit pas pourtant, quoiqu\u2019il ait sujet de craindre que la mis\u00e9ricorde de Dieu se lasse de s\u2019exercer\u2026","rel":"","context":"Dans &quot;\u00c9ph\u00e9m\u00e9rides vincentiens&quot;","block_context":{"text":"\u00c9ph\u00e9m\u00e9rides vincentiens","link":"http:\/\/vincentians.com\/fr\/category\/ephemerides-vincentiens\/"},"img":{"alt_text":"","src":"https:\/\/i0.wp.com\/vincentians.com\/fr\/wp-content\/uploads\/sites\/10\/2016\/07\/ephemerides-fb.jpg?fit=1200%2C630&resize=350%2C200","width":350,"height":200,"srcset":"https:\/\/i0.wp.com\/vincentians.com\/fr\/wp-content\/uploads\/sites\/10\/2016\/07\/ephemerides-fb.jpg?fit=1200%2C630&resize=350%2C200 1x, https:\/\/i0.wp.com\/vincentians.com\/fr\/wp-content\/uploads\/sites\/10\/2016\/07\/ephemerides-fb.jpg?fit=1200%2C630&resize=525%2C300 1.5x, https:\/\/i0.wp.com\/vincentians.com\/fr\/wp-content\/uploads\/sites\/10\/2016\/07\/ephemerides-fb.jpg?fit=1200%2C630&resize=700%2C400 2x, https:\/\/i0.wp.com\/vincentians.com\/fr\/wp-content\/uploads\/sites\/10\/2016\/07\/ephemerides-fb.jpg?fit=1200%2C630&resize=1050%2C600 3x"},"classes":[]},{"id":190580,"url":"http:\/\/vincentians.com\/fr\/ephemerides-09-juin\/","url_meta":{"origin":105528,"position":1},"title":"Eph\u00e9m\u00e9rides: 09 juin","author":"Francisco Javier Fern\u00e1ndez Chento","date":"09\/06\/2017","format":false,"excerpt":"1651. Sainte Louise \u00e9crit aux S\u0153urs de Richelieu\u00a0: \u201cJe crois que M. Lambert vous aura donn\u00e9, avant de partir, la consolation que vous d\u00e9sirez (de faire les Saints V\u0153ux) non pas pour toute notre vie, mais pour un an seulement, car Monsieur Vincent n\u2019en fait user de la sorte \u00e0\u2026","rel":"","context":"Dans &quot;\u00c9ph\u00e9m\u00e9rides vincentiens&quot;","block_context":{"text":"\u00c9ph\u00e9m\u00e9rides vincentiens","link":"http:\/\/vincentians.com\/fr\/category\/ephemerides-vincentiens\/"},"img":{"alt_text":"","src":"https:\/\/i0.wp.com\/vincentians.com\/fr\/wp-content\/uploads\/sites\/10\/2016\/07\/ephemerides-fb.jpg?fit=1200%2C630&resize=350%2C200","width":350,"height":200,"srcset":"https:\/\/i0.wp.com\/vincentians.com\/fr\/wp-content\/uploads\/sites\/10\/2016\/07\/ephemerides-fb.jpg?fit=1200%2C630&resize=350%2C200 1x, https:\/\/i0.wp.com\/vincentians.com\/fr\/wp-content\/uploads\/sites\/10\/2016\/07\/ephemerides-fb.jpg?fit=1200%2C630&resize=525%2C300 1.5x, https:\/\/i0.wp.com\/vincentians.com\/fr\/wp-content\/uploads\/sites\/10\/2016\/07\/ephemerides-fb.jpg?fit=1200%2C630&resize=700%2C400 2x, https:\/\/i0.wp.com\/vincentians.com\/fr\/wp-content\/uploads\/sites\/10\/2016\/07\/ephemerides-fb.jpg?fit=1200%2C630&resize=1050%2C600 3x"},"classes":[]},{"id":190191,"url":"http:\/\/vincentians.com\/fr\/ephemerides-01-octobre\/","url_meta":{"origin":105528,"position":2},"title":"Eph\u00e9m\u00e9rides : 01 octobre","author":"Francisco Javier Fern\u00e1ndez Chento","date":"01\/10\/2016","format":false,"excerpt":"1636. Saint Vincent d\u00e9signe Barbe Angiboust et Louise Ganset pour fonder la Maison de Charit\u00e9 de Richelieu\u00a0: \u201cMon Dieu, Mademoiselle, \u00e9crit-il, quel bonheur \u00e0 ces bonnes filles de s\u2019en aller au lieu o\u00f9 elles vont continuer la charit\u00e9 que Notre-Seigneur exer\u00e7ait sur la terre\u00a0!\u2026 Qu\u2019elles s\u2019en iront la t\u00eate lev\u00e9e\u2026","rel":"","context":"Dans &quot;\u00c9ph\u00e9m\u00e9rides vincentiens&quot;","block_context":{"text":"\u00c9ph\u00e9m\u00e9rides vincentiens","link":"http:\/\/vincentians.com\/fr\/category\/ephemerides-vincentiens\/"},"img":{"alt_text":"","src":"https:\/\/i0.wp.com\/vincentians.com\/fr\/wp-content\/uploads\/sites\/10\/2016\/07\/ephemerides-fb.jpg?fit=1200%2C630&resize=350%2C200","width":350,"height":200,"srcset":"https:\/\/i0.wp.com\/vincentians.com\/fr\/wp-content\/uploads\/sites\/10\/2016\/07\/ephemerides-fb.jpg?fit=1200%2C630&resize=350%2C200 1x, https:\/\/i0.wp.com\/vincentians.com\/fr\/wp-content\/uploads\/sites\/10\/2016\/07\/ephemerides-fb.jpg?fit=1200%2C630&resize=525%2C300 1.5x, https:\/\/i0.wp.com\/vincentians.com\/fr\/wp-content\/uploads\/sites\/10\/2016\/07\/ephemerides-fb.jpg?fit=1200%2C630&resize=700%2C400 2x, https:\/\/i0.wp.com\/vincentians.com\/fr\/wp-content\/uploads\/sites\/10\/2016\/07\/ephemerides-fb.jpg?fit=1200%2C630&resize=1050%2C600 3x"},"classes":[]},{"id":106436,"url":"http:\/\/vincentians.com\/fr\/ephemerides-15-mai\/","url_meta":{"origin":105528,"position":3},"title":"Eph\u00e9m\u00e9rides: 15 mai","author":"Francisco Javier Fern\u00e1ndez Chento","date":"15\/05\/2017","format":false,"excerpt":"En 1644, Sainte Louise \u00e9crit\u00a0: \u201cJe vous prie de vous bien aimer les unes les autres et d\u2019avoir un grand soin, tant des malades de l\u2019h\u00f4pital que de vous autres en particulier\u201d. (R) En 1863, quatre S\u0153urs partent pour Guat\u00e9mala renforcer le premier petit groupe arriv\u00e9 l\u2019an dernier. (R) En\u2026","rel":"","context":"Dans &quot;\u00c9ph\u00e9m\u00e9rides vincentiens&quot;","block_context":{"text":"\u00c9ph\u00e9m\u00e9rides vincentiens","link":"http:\/\/vincentians.com\/fr\/category\/ephemerides-vincentiens\/"},"img":{"alt_text":"","src":"https:\/\/i0.wp.com\/vincentians.com\/fr\/wp-content\/uploads\/sites\/10\/2016\/07\/ephemerides-fb.jpg?fit=1200%2C630&resize=350%2C200","width":350,"height":200,"srcset":"https:\/\/i0.wp.com\/vincentians.com\/fr\/wp-content\/uploads\/sites\/10\/2016\/07\/ephemerides-fb.jpg?fit=1200%2C630&resize=350%2C200 1x, https:\/\/i0.wp.com\/vincentians.com\/fr\/wp-content\/uploads\/sites\/10\/2016\/07\/ephemerides-fb.jpg?fit=1200%2C630&resize=525%2C300 1.5x, https:\/\/i0.wp.com\/vincentians.com\/fr\/wp-content\/uploads\/sites\/10\/2016\/07\/ephemerides-fb.jpg?fit=1200%2C630&resize=700%2C400 2x, https:\/\/i0.wp.com\/vincentians.com\/fr\/wp-content\/uploads\/sites\/10\/2016\/07\/ephemerides-fb.jpg?fit=1200%2C630&resize=1050%2C600 3x"},"classes":[]},{"id":104141,"url":"http:\/\/vincentians.com\/fr\/ephemerides-26-novembre\/","url_meta":{"origin":105528,"position":4},"title":"Eph\u00e9m\u00e9rides: 26 novembre","author":"Francisco Javier Fern\u00e1ndez Chento","date":"26\/11\/2016","format":false,"excerpt":"1691. Par Brevet, le Roi Louis XIV fait don au Consistoire de Corbigny de plusieurs rentes pour l\u2019\u00e9tablissement de deux S\u0153urs pour les pauvres malades des terres de l\u2019abbaye b\u00e9n\u00e9dictine. (C) 1852. \u00c0 Madrid, la reine Isabelle II, signe l\u2019ordonnance par laquelle la Congr\u00e9gation de la Mission est mise en\u2026","rel":"","context":"Dans &quot;\u00c9ph\u00e9m\u00e9rides vincentiens&quot;","block_context":{"text":"\u00c9ph\u00e9m\u00e9rides vincentiens","link":"http:\/\/vincentians.com\/fr\/category\/ephemerides-vincentiens\/"},"img":{"alt_text":"","src":"https:\/\/i0.wp.com\/vincentians.com\/fr\/wp-content\/uploads\/sites\/10\/2016\/07\/ephemerides-fb.jpg?fit=1200%2C630&resize=350%2C200","width":350,"height":200,"srcset":"https:\/\/i0.wp.com\/vincentians.com\/fr\/wp-content\/uploads\/sites\/10\/2016\/07\/ephemerides-fb.jpg?fit=1200%2C630&resize=350%2C200 1x, https:\/\/i0.wp.com\/vincentians.com\/fr\/wp-content\/uploads\/sites\/10\/2016\/07\/ephemerides-fb.jpg?fit=1200%2C630&resize=525%2C300 1.5x, https:\/\/i0.wp.com\/vincentians.com\/fr\/wp-content\/uploads\/sites\/10\/2016\/07\/ephemerides-fb.jpg?fit=1200%2C630&resize=700%2C400 2x, https:\/\/i0.wp.com\/vincentians.com\/fr\/wp-content\/uploads\/sites\/10\/2016\/07\/ephemerides-fb.jpg?fit=1200%2C630&resize=1050%2C600 3x"},"classes":[]},{"id":190378,"url":"http:\/\/vincentians.com\/fr\/ephemerides-08-mai\/","url_meta":{"origin":105528,"position":5},"title":"Eph\u00e9m\u00e9rides : 08 mai","author":"Francisco Javier Fern\u00e1ndez Chento","date":"08\/05\/2017","format":false,"excerpt":"1632. La peine de mort est prononc\u00e9e contre l\u2019oncle de sainte Louise, le Mar\u00e9chal de Marillac. Saint Vincent la console de son mieux\u00a0: \u201cHonorons l\u00e0-dedans le bon plaisir de Dieu et le bonheur de ceux qui honorent le supplice du Fils de Dieu par le leur. Il ne nous importe\u2026","rel":"","context":"Dans &quot;\u00c9ph\u00e9m\u00e9rides vincentiens&quot;","block_context":{"text":"\u00c9ph\u00e9m\u00e9rides vincentiens","link":"http:\/\/vincentians.com\/fr\/category\/ephemerides-vincentiens\/"},"img":{"alt_text":"","src":"https:\/\/i0.wp.com\/vincentians.com\/fr\/wp-content\/uploads\/sites\/10\/2016\/07\/ephemerides-fb.jpg?fit=1200%2C630&resize=350%2C200","width":350,"height":200,"srcset":"https:\/\/i0.wp.com\/vincentians.com\/fr\/wp-content\/uploads\/sites\/10\/2016\/07\/ephemerides-fb.jpg?fit=1200%2C630&resize=350%2C200 1x, https:\/\/i0.wp.com\/vincentians.com\/fr\/wp-content\/uploads\/sites\/10\/2016\/07\/ephemerides-fb.jpg?fit=1200%2C630&resize=525%2C300 1.5x, https:\/\/i0.wp.com\/vincentians.com\/fr\/wp-content\/uploads\/sites\/10\/2016\/07\/ephemerides-fb.jpg?fit=1200%2C630&resize=700%2C400 2x, https:\/\/i0.wp.com\/vincentians.com\/fr\/wp-content\/uploads\/sites\/10\/2016\/07\/ephemerides-fb.jpg?fit=1200%2C630&resize=1050%2C600 3x"},"classes":[]}],"_links":{"self":[{"href":"http:\/\/vincentians.com\/fr\/wp-json\/wp\/v2\/posts\/105528","targetHints":{"allow":["GET"]}}],"collection":[{"href":"http:\/\/vincentians.com\/fr\/wp-json\/wp\/v2\/posts"}],"about":[{"href":"http:\/\/vincentians.com\/fr\/wp-json\/wp\/v2\/types\/post"}],"author":[{"embeddable":true,"href":"http:\/\/vincentians.com\/fr\/wp-json\/wp\/v2\/users\/4"}],"replies":[{"embeddable":true,"href":"http:\/\/vincentians.com\/fr\/wp-json\/wp\/v2\/comments?post=105528"}],"version-history":[{"count":0,"href":"http:\/\/vincentians.com\/fr\/wp-json\/wp\/v2\/posts\/105528\/revisions"}],"wp:featuredmedia":[{"embeddable":true,"href":"http:\/\/vincentians.com\/fr\/wp-json\/wp\/v2\/media\/149897"}],"wp:attachment":[{"href":"http:\/\/vincentians.com\/fr\/wp-json\/wp\/v2\/media?parent=105528"}],"wp:term":[{"taxonomy":"category","embeddable":true,"href":"http:\/\/vincentians.com\/fr\/wp-json\/wp\/v2\/categories?post=105528"},{"taxonomy":"post_tag","embeddable":true,"href":"http:\/\/vincentians.com\/fr\/wp-json\/wp\/v2\/tags?post=105528"}],"curies":[{"name":"wp","href":"https:\/\/api.w.org\/{rel}","templated":true}]}}