{"id":105412,"date":"2015-02-13T07:55:24","date_gmt":"2015-02-13T06:55:24","guid":{"rendered":"http:\/\/vincentiens.org\/?p=105412"},"modified":"2015-02-13T07:55:24","modified_gmt":"2015-02-13T06:55:24","slug":"itineraire-spirituel-de-louise-de-marillac-rencontre-avec-lhumanite-du-fils-de-dieu-2","status":"publish","type":"post","link":"http:\/\/vincentians.com\/fr\/itineraire-spirituel-de-louise-de-marillac-rencontre-avec-lhumanite-du-fils-de-dieu-2\/","title":{"rendered":"Itin\u00e9raire spirituel de Louise de Marillac. Rencontre avec l\u2019humanit\u00e9 du Fils de Dieu (2)"},"content":{"rendered":"<h2><b>Le Christ, homme parmi les hommes<\/b><\/h2>\n<p>Si B\u00e9rulle a appris \u00e0 Louise de Marillac \u00e0 contempler le Fils de Dieu, le Verbe fait chair, Vincent de Paul l\u2019am\u00e8ne \u00e0 d\u00e9couvrir la personne de J\u00e9sus Christ, \u00e0 situer son action dans son sillage, comme lui-m\u00eame l\u2019a appris de Fran\u00e7ois de Sales.<\/p>\n<p>En contact permanent avec les pauvres, les enfants trouv\u00e9s, les gal\u00e9riens, Louise est comme fascin\u00e9e par l\u2019Humanit\u00e9 du Christ, humanit\u00e9 re\u00e7ue de Marie. Le Fils de Dieu, venu \u00e0 la rencontre des hommes, a totalement assum\u00e9 la nature humaine en sa personne. Elle reconna\u00eet que c\u2019est une grande preuve de l\u2019amour de Dieu que de pr\u00e9senter aux \u00e2mes qui cherchent Dieu, un mod\u00e8le plus proche d\u2019elles\u00a0: \u00ab\u00a0L\u2019invention de son amour divin m\u2019enseigne et permet de m\u2019attacher au plus fort moyen qu\u2019il m\u2019ait donn\u00e9 pour parvenir \u00e0 ma fin qui est son humanit\u00e9 tr\u00e8s sainte, laquelle veut, moyennant sa sainte gr\u00e2ce, \u00eatre le seul exemplaire de ma vie.\u00a0\u00bb <span id='easy-footnote-1-105412' class='easy-footnote-margin-adjust'><\/span><span class='easy-footnote'><a href='http:\/\/vincentians.com\/fr\/itineraire-spirituel-de-louise-de-marillac-rencontre-avec-lhumanite-du-fils-de-dieu-2\/#easy-footnote-bottom-1-105412' title='E. 706 &amp;#8211; A. 19 &amp;#8211; De l&amp;rsquo;amour que Dieu nous t\u00e9moigne dans le myst\u00e8re de la R\u00e9demption'><sup>1<\/sup><\/a><\/span>\n<p>J\u00e9sus est vrai Dieu et vrai homme tout ensemble. Tout en \u00e9tant Dieu, il porte r\u00e9ellement la marque de notre humanit\u00e9, il est de notre race. Louise remarque que, tout au long de sa vie, il a v\u00e9cu comme tout homme\u00a0: \u00ab\u00a0Amour de Dieu vers les hommes, voulant que son Fils se f\u00eet homme pour ce que ses d\u00e9lices qu\u2019il a, sont d\u2019\u00eatre avec les hommes, et afin que, s\u2019accommodant \u00e0 la fa\u00e7on des hommes, il leur donn\u00e2t tous les t\u00e9moignages qu\u2019il a faits en toute sa vie humaine sur la terre, que Dieu de toute \u00e9ternit\u00e9 les a aim\u00e9s.\u00a0\u00bb <span id='easy-footnote-2-105412' class='easy-footnote-margin-adjust'><\/span><span class='easy-footnote'><a href='http:\/\/vincentians.com\/fr\/itineraire-spirituel-de-louise-de-marillac-rencontre-avec-lhumanite-du-fils-de-dieu-2\/#easy-footnote-bottom-2-105412' title='E. 817 &amp;#8211; A.27 &amp;#8211; Le pur amour vou\u00e9 \u00e0 Dieu'><sup>2<\/sup><\/a><\/span> Dans ses oraisons, Louise regarde les diff\u00e9rentes \u00e9tapes de l\u2019existence terrestre de J\u00e9sus, int\u00e9riorise les \u00e9pisodes de sa vie. Se d\u00e9gageant de la contemplation abstraite du myst\u00e8re de l\u2019Incarnation que pr\u00e9sente B\u00e9rulle, Louise d\u00e9couvre tout le r\u00e9alisme de l\u2019humanit\u00e9 du Christ \u00e0 travers les situations concr\u00e8tes de sa vie. J\u00e9sus, en son humanit\u00e9, devient son Ma\u00eetre, et elle invitera les S\u0153urs \u00e0 \u00ab\u00a0honorer J\u00e9sus-Christ par la pratique des vertus que sa sainte humanit\u00e9 nous a enseign\u00e9e lui-m\u00eame\u00a0\u00bb<span id='easy-footnote-3-105412' class='easy-footnote-margin-adjust'><\/span><span class='easy-footnote'><a href='http:\/\/vincentians.com\/fr\/itineraire-spirituel-de-louise-de-marillac-rencontre-avec-lhumanite-du-fils-de-dieu-2\/#easy-footnote-bottom-3-105412' title='E. 477 &amp;#8211; Aux Soeurs Marguerite, Madeleine et Fran\u00e7oise \u00e0 Varsovie &amp;#8211; 19 ao\u00fbt 1655'><sup>3<\/sup><\/a><\/span>\n<p>M\u00e9ditant sur la Nativit\u00e9 du Fils de Dieu, elle constate que le choix de l\u2019\u00e9tat d\u2019enfance \u00ab\u00a0donne plus libre acc\u00e8s\u00a0\u00bb \u00e0 tous ceux qui veulent aller \u00e0 Lui, et elle souhaite pouvoir \u00ab\u00a0imiter tant que je pourrai sa sainte humanit\u00e9, principalement en sa simplicit\u00e9 et charit\u00e9\u00a0\u00bb<span id='easy-footnote-4-105412' class='easy-footnote-margin-adjust'><\/span><span class='easy-footnote'><a href='http:\/\/vincentians.com\/fr\/itineraire-spirituel-de-louise-de-marillac-rencontre-avec-lhumanite-du-fils-de-dieu-2\/#easy-footnote-bottom-4-105412' title='E. 714 &amp;#8211; A.8- Retraite &amp;#8211; 1633 &amp;#8211; Dimanche 10 heures'><sup>4<\/sup><\/a><\/span>. J\u00e9sus \u00ab\u00a0naissant dans la pauvret\u00e9 et le d\u00e9laissement des cr\u00e9atures\u00a0\u00bb<span id='easy-footnote-5-105412' class='easy-footnote-margin-adjust'><\/span><span class='easy-footnote'><a href='http:\/\/vincentians.com\/fr\/itineraire-spirituel-de-louise-de-marillac-rencontre-avec-lhumanite-du-fils-de-dieu-2\/#easy-footnote-bottom-5-105412' title='ibid. &amp;#8211; dimanche matin'><sup>5<\/sup><\/a><\/span> lui enseigne la puret\u00e9 de son amour et met dans son c\u0153ur \u00a0\u00bb le d\u00e9sir de le servir sans plus rechercher le t\u00e9moignage de cr\u00e9atures\u00a0\u00bb<span id='easy-footnote-6-105412' class='easy-footnote-margin-adjust'><\/span><span class='easy-footnote'><a href='http:\/\/vincentians.com\/fr\/itineraire-spirituel-de-louise-de-marillac-rencontre-avec-lhumanite-du-fils-de-dieu-2\/#easy-footnote-bottom-6-105412' title='ibid.'><sup>6<\/sup><\/a><\/span>. Humilit\u00e9, simplicit\u00e9, charit\u00e9, ces trois vertus constituent l\u2019esprit des Filles de la Charit\u00e9. Louise invite les S\u0153urs \u00e0 se tourner vers l\u2019Enfant de la Cr\u00e8che\u00a0: \u00ab\u00a0Ce sera de lui, mes ch\u00e8res S\u0153urs, que vous apprendrez les moyens de pratiquer les solides vertus que sa sainte humanit\u00e9 y exerce d\u00e8s sa venue\u00a0; c\u2019est de son enfance que vous obtiendrez tout ce que vous avez besoin pour vous rendre vraies chr\u00e9tiennes et parfaites Filles de la Charit\u00e9, lui demandant son esprit \u00ab\u00a0<span id='easy-footnote-7-105412' class='easy-footnote-margin-adjust'><\/span><span class='easy-footnote'><a href='http:\/\/vincentians.com\/fr\/itineraire-spirituel-de-louise-de-marillac-rencontre-avec-lhumanite-du-fils-de-dieu-2\/#easy-footnote-bottom-7-105412' title='E. 661 &amp;#8211; A Genevi\u00e8ve Doinet et Marie Marthe &amp;#8211; 28 d\u00e9cembre 1659'><sup>7<\/sup><\/a><\/span>. En servant les petits enfants trouv\u00e9s, les S\u0153urs rendront honneur \u00e0 l\u2019enfance de Notre Seigneur<span id='easy-footnote-8-105412' class='easy-footnote-margin-adjust'><\/span><span class='easy-footnote'><a href='http:\/\/vincentians.com\/fr\/itineraire-spirituel-de-louise-de-marillac-rencontre-avec-lhumanite-du-fils-de-dieu-2\/#easy-footnote-bottom-8-105412' title='cf. E. 731 &amp;#8211; R\u00e9glement pour les Soeurs qui ont soin des Petits Enfants.'><sup>8<\/sup><\/a><\/span>.<\/p>\n<p>Si la vie \u00e0 Nazareth permet \u00e0 Louise de contempler l\u2019ob\u00e9issance de J\u00e9sus \u00e0 ses parents, elle regarde aussi le long temps pass\u00e9 au travail de charpentier. Le Fils de Dieu, venu pour le salut du monde, n\u2019a pas h\u00e9sit\u00e9 \u00e0 passer pr\u00e8s de trente ans dans une activit\u00e9 apparemment bien \u00e9loign\u00e9e de sa mission de R\u00e9dempteur. A une S\u0153ur qui trouve qu\u2019elle n\u2019a pas assez de travail et remet en cause la nouvelle implantation o\u00f9 elle a \u00e9t\u00e9 envoy\u00e9e, Louise conseille \u00ab\u00a0d\u2019honorer le non-faire du Fils de Dieu qui n\u2019a pas toujours travaill\u00e9 \u00e9tant sur terre avec toute l\u2019\u00e9tendue de sa puissance\u00a0; son emploi dans la famille de saint Joseph le fait conna\u00eetre, et peut-\u00eatre l\u2019avez-vous souvent admir\u00e9 avant qu\u2019il vous e\u00fbt mise en l\u2019\u00e9tat de l\u2019imiter\u00a0\u00bb<span id='easy-footnote-9-105412' class='easy-footnote-margin-adjust'><\/span><span class='easy-footnote'><a href='http:\/\/vincentians.com\/fr\/itineraire-spirituel-de-louise-de-marillac-rencontre-avec-lhumanite-du-fils-de-dieu-2\/#easy-footnote-bottom-9-105412' title='E. 654 &amp;#8211; A Anne Hardemont &amp;#8211; vers 1659'><sup>9<\/sup><\/a><\/span>. Le Christ n\u2019a pas recherch\u00e9 la r\u00e9ussite imm\u00e9diate et encore moins les actions \u00e9clatantes.<\/p>\n<p>Parce que l\u2019humilit\u00e9 n\u2019est pas spontan\u00e9ment naturelle et qu\u2019elle est souvent difficile \u00e0 vivre dans toute sa v\u00e9rit\u00e9, Louise s\u2019arr\u00eate plus longuement sur les gestes d\u2019humilit\u00e9 de J\u00e9sus au cours de sa vie publique. Ainsi, lors de son Bapt\u00eame par Jean\u00a0: \u00ab\u00a0Je me dois souvenir que l\u2019humilit\u00e9 que Notre-Seigneur a pratiqu\u00e9e en son Bapt\u00eame, est pour, me donnant confusion, me servir d\u2019exemple que je dois imiter, ni plus, ni moins que ferait un apprenti, son ma\u00eetre s\u2019il d\u00e9sirait se rendre parfait, et ne plus avoir d\u2019autre pens\u00e9e, laissant le soin de tout le reste \u00e0 la divine Providence\u00a0\u00bb<span id='easy-footnote-10-105412' class='easy-footnote-margin-adjust'><\/span><span class='easy-footnote'><a href='http:\/\/vincentians.com\/fr\/itineraire-spirituel-de-louise-de-marillac-rencontre-avec-lhumanite-du-fils-de-dieu-2\/#easy-footnote-bottom-10-105412' title='E. 715 &amp;#8211; A. 8 &amp;#8211; Retraite 1633 &amp;#8211; Lundi matin, 2 \u00e9me oraison'><sup>10<\/sup><\/a><\/span>. De m\u00eame, le Lavement des pieds de ses disciples est, pour elle, une invitation \u00e0 ne pas rechercher sa propre gloire\u00a0: \u00a0\u00bb Il ne peut y avoir nul sujet qui m\u2019emp\u00eache de m\u2019humilier, ayant l\u2019exemple de Notre-Seigneur qui, ayant int\u00e9r\u00eat tant pour sa gloire que pour le devoir de ses Ap\u00f4tres de se faire honorer, il ne laisse pas de s\u2019abaisser jusque-l\u00e0 que de laver les pieds de ses Ap\u00f4tres.\u00a0\u00bb <span id='easy-footnote-11-105412' class='easy-footnote-margin-adjust'><\/span><span class='easy-footnote'><a href='http:\/\/vincentians.com\/fr\/itineraire-spirituel-de-louise-de-marillac-rencontre-avec-lhumanite-du-fils-de-dieu-2\/#easy-footnote-bottom-11-105412' title='ibid. &amp;#8211; Lundi au soir'><sup>11<\/sup><\/a><\/span> Dans les conseils qu\u2019elle donne aux S\u0153urs, Louise insistera fr\u00e9quemment sur l\u2019humilit\u00e9 v\u00e9cue par le Christ tout au long de sa vie\u00a0:\u00a0\u00bb Nous avons \u00e0 imiter la mani\u00e8re de vie et d\u2019agir de Notre Seigneur qui a toujours \u00e9t\u00e9 sujet et qui a dit \u00eatre sur la terre pour ne pas faire sa volont\u00e9, pour y servir et nos pas pour y \u00eatre servi\u00a0\u00bb<span id='easy-footnote-12-105412' class='easy-footnote-margin-adjust'><\/span><span class='easy-footnote'><a href='http:\/\/vincentians.com\/fr\/itineraire-spirituel-de-louise-de-marillac-rencontre-avec-lhumanite-du-fils-de-dieu-2\/#easy-footnote-bottom-12-105412' title='E. 127 &amp;#8211; A Madeleine Mongert &amp;#8211; 27 juin 1645'><sup>12<\/sup><\/a><\/span>. Dans les lieux o\u00f9 elles sont, dans les actions qu\u2019elles entreprennent, les S\u0153urs ne doivent pas oublier leur qualit\u00e9 de Servantes des pauvres et se d\u00e9fier de l\u2019orgueil de la r\u00e9ussite\u00a0: \u00ab\u00a0Le Fils de Dieu n\u2019a pas voulu para\u00eetre dans l\u2019\u00e9tablissement de son Eglise comme vous savez\u00a0; si nous avons son esprit, nous aimerons \u00e0 faire le semblable \u00ab\u00a0<span id='easy-footnote-13-105412' class='easy-footnote-margin-adjust'><\/span><span class='easy-footnote'><a href='http:\/\/vincentians.com\/fr\/itineraire-spirituel-de-louise-de-marillac-rencontre-avec-lhumanite-du-fils-de-dieu-2\/#easy-footnote-bottom-13-105412' title='E. 514 &amp;#8211; A Barbe Angiboust &amp;#8211; 31 juillet 1656'><sup>13<\/sup><\/a><\/span>.<\/p>\n<p>La mani\u00e8re dont J\u00e9sus entre en relation avec ses contemporains retient longuement l\u2019attention de Louise de Marillac. Douceur, tendresse, respect sont les marques de sa charit\u00e9. L\u2019amour qu\u2019il partage avec son P\u00e8re \u00e9claire tout son \u00eatre d\u2019homme. Louise pr\u00e9sente aux S\u0153urs, souvent en butte \u00e0 de grandes difficult\u00e9s dans le service des pauvres, l\u2019exemple de Notre Seigneur \u00ab\u00a0qui a consomm\u00e9 ses forces et sa vie pour le service du prochain\u00a0\u00bb<span id='easy-footnote-14-105412' class='easy-footnote-margin-adjust'><\/span><span class='easy-footnote'><a href='http:\/\/vincentians.com\/fr\/itineraire-spirituel-de-louise-de-marillac-rencontre-avec-lhumanite-du-fils-de-dieu-2\/#easy-footnote-bottom-14-105412' title='E. 539 &amp;#8211; Aux Soeur de Nantes &amp;#8211; 10 f\u00e9vrier 1657'><sup>14<\/sup><\/a><\/span>. Cet exemple doit les r\u00e9conforter et leur donner un nouveau courage pour affronter les multiples exigences de ceux qu\u2019elles servent. Elle insiste beaucoup sur l\u2019esprit de douceur, de compassion qui doit les animer\u00a0: c\u2019est l\u2019esprit de J\u00e9sus Christ. \u00ab\u00a0La f\u00eate de demain me fait souvenir de la douceur que le Fils de Dieu nous a tant recommand\u00e9e sur terre\u00a0; je crois que c\u2019\u00e9tait pour nous enseigner que c\u2019est un moyen pour gagner tout le monde et que le contraire est un sujet pour nous faire tout perdre, m\u00eame ce que nous aurions d\u00e9j\u00e0 gagn\u00e9. Je vous prie, mes ch\u00e8res S\u0153urs, de demander pour moi \u00e0 Notre Seigneur cette grande vertu\u00a0\u00bb<span id='easy-footnote-15-105412' class='easy-footnote-margin-adjust'><\/span><span class='easy-footnote'><a href='http:\/\/vincentians.com\/fr\/itineraire-spirituel-de-louise-de-marillac-rencontre-avec-lhumanite-du-fils-de-dieu-2\/#easy-footnote-bottom-15-105412' title='E. 471 &amp;#8211; A Barbe Angiboust &amp;#8211; 23 juin 1655'><sup>15<\/sup><\/a><\/span>. La lecture de l\u2019\u00c9vangile de la Samaritaine<span id='easy-footnote-16-105412' class='easy-footnote-margin-adjust'><\/span><span class='easy-footnote'><a href='http:\/\/vincentians.com\/fr\/itineraire-spirituel-de-louise-de-marillac-rencontre-avec-lhumanite-du-fils-de-dieu-2\/#easy-footnote-bottom-16-105412' title='cf.. E. 698 &amp;#8211; A. 7 &amp;#8211; Pens\u00e9es de retraite &amp;#8211; vers 1628'><sup>16<\/sup><\/a><\/span> lui d\u00e9couvre tout l\u2019amour du Christ envers cette femme venue puiser de l\u2019eau.<\/p>\n<p>La charit\u00e9 de Notre Seigneur ne s\u2019arr\u00eate pas \u00e0 un service corporel, mat\u00e9riel. Comme \u00ab\u00a0Notre-Seigneur qui, en gu\u00e9rissant, donnait toujours quelque avertissement pour le salut des \u00e2mes, disant aux uns, ne p\u00e9chez plus, aux autres, leur faisant entendre que leur foi les sauvait, et beaucoup d\u2019autres avertissements\u00a0\u00bb<span id='easy-footnote-17-105412' class='easy-footnote-margin-adjust'><\/span><span class='easy-footnote'><a href='http:\/\/vincentians.com\/fr\/itineraire-spirituel-de-louise-de-marillac-rencontre-avec-lhumanite-du-fils-de-dieu-2\/#easy-footnote-bottom-17-105412' title='E. 800 &amp;#8211; A. 92 &amp;#8211; Sur les offices de la maison principale'><sup>17<\/sup><\/a><\/span>, Les s\u0153urs infirmi\u00e8res porteront une attention particuli\u00e8re au service spirituel, c\u2019est-\u00e0-dire aideront chacun \u00e0 mieux conna\u00eetre et aimer Dieu. Louise, comme cela se vit au XVII \u00e9me si\u00e8cle, parle des sacrements, de la pr\u00e9paration \u00e0 la mort, mais elle va bien au del\u00e0, pensant \u00e0 tous ceux qui gu\u00e9riront. Elle recommande aux S\u0153urs \u00ab\u00a0d\u2019avoir tant d\u2019amour pour notre bon Dieu que vous pensiez souvent aux moyens que vous pourriez avoir pour aider les \u00e2mes \u00e0 le glorifier\u00a0\u00bb<span id='easy-footnote-18-105412' class='easy-footnote-margin-adjust'><\/span><span class='easy-footnote'><a href='http:\/\/vincentians.com\/fr\/itineraire-spirituel-de-louise-de-marillac-rencontre-avec-lhumanite-du-fils-de-dieu-2\/#easy-footnote-bottom-18-105412' title='E. 181 &amp;#8211; A Elisabeth Martin &amp;#8211; octobre 1646'><sup>18<\/sup><\/a><\/span>. Les m\u00e9thodes seront diff\u00e9rentes selon les lieux, les personnes. Rien n\u2019est fig\u00e9, il faut sans cesse inventer.<\/p>\n<p>Louise n\u2019ignore pas que le service des malades est parfois tr\u00e8s rude, que si les S\u0153urs \u00e9prouvent de grandes joies, elles re\u00e7oivent aussi des reproches, parfois des injures. Quels que soient ceux qu\u2019elles soignent, les S\u0153urs ne peuvent se d\u00e9partir de cette attitude de douceur, pleine de compassion. Anne Hardemont, avec trois autres S\u0153urs, se trouve sur les champs de bataille au service des soldats bless\u00e9s. Elle re\u00e7oit cette lettre de sa sup\u00e9rieure\u00a0: \u00ab\u00a0Je loue Dieu de tout mon c\u0153ur de la conduite de sa Providence en toutes choses, et particuli\u00e8rement sur l\u2019emploi que sa bont\u00e9 vous donne. J\u2019esp\u00e8re que la reconnaissance que vous en avez vous servira de disposition aux gr\u00e2ces dont vous avez besoin pour servir vos pauvres malades, en l\u2019esprit de douceur et de grande compassion, pour imiter Notre-Seigneur qui en usait de la sorte avec tous les plus f\u00e2cheux\u00a0\u00bb<span id='easy-footnote-19-105412' class='easy-footnote-margin-adjust'><\/span><span class='easy-footnote'><a href='http:\/\/vincentians.com\/fr\/itineraire-spirituel-de-louise-de-marillac-rencontre-avec-lhumanite-du-fils-de-dieu-2\/#easy-footnote-bottom-19-105412' title='E. 433 &amp;#8211; A Anne Hardemont &amp;#8211; 13 novembre 1653'><sup>19<\/sup><\/a><\/span>. Les S\u0153urs qui accueillent les malades, les mourants dans les h\u00f4pitaux, re\u00e7oivent des recommandations semblables\u00a0: \u00a0\u00bb soyez bien affables et douces \u00e0 vos pauvres\u00a0; vous savez que ce sont nos ma\u00eetres et qu\u2019il les faut aimer tendrement et les respecter fortement. Ce n\u2019est pas assez que ces maximes soient en notre esprit, il faut que nous le t\u00e9moignions par nos soins charitables et doux.\u00a0\u00bb <span id='easy-footnote-20-105412' class='easy-footnote-margin-adjust'><\/span><span class='easy-footnote'><a href='http:\/\/vincentians.com\/fr\/itineraire-spirituel-de-louise-de-marillac-rencontre-avec-lhumanite-du-fils-de-dieu-2\/#easy-footnote-bottom-20-105412' title='E. 319 &amp;#8211; A C\u00e9cile Angiboust &amp;#8211; 4 mai 1650'><sup>20<\/sup><\/a><\/span>\n<p>Les r\u00e8gles des Filles de la Charit\u00e9 leur recommandent de ne pas \u00ab\u00a0prendre plus garde aux louanges que les pauvres leur donnent qu\u2019aux injures et m\u00e9pris, sinon pour en faire usage, refusant les unes int\u00e9rieurement et agr\u00e9ant les autres pour honorer les m\u00e9pris faits aux Fils de Dieu\u00a0\u00bb<span id='easy-footnote-21-105412' class='easy-footnote-margin-adjust'><\/span><span class='easy-footnote'><a href='http:\/\/vincentians.com\/fr\/itineraire-spirituel-de-louise-de-marillac-rencontre-avec-lhumanite-du-fils-de-dieu-2\/#easy-footnote-bottom-21-105412' title='E. 736 &amp;#8211; A. 91 &amp;#8211; Observations sur les r\u00e8gles'><sup>21<\/sup><\/a><\/span>. Louise insiste, aucun sentiment de rancune, de vengeance ne doit demeurer dans le c\u0153ur. Le pardon doit \u00eatre total, \u00e0 l\u2019exemple de J\u00e9sus qui \u00ab\u00a0pardonnant, montre qu\u2019il n\u2019a aucun sentiment pour les m\u00e9pris, ni de vengeance\u00a0\u00bb<span id='easy-footnote-22-105412' class='easy-footnote-margin-adjust'><\/span><span class='easy-footnote'><a href='http:\/\/vincentians.com\/fr\/itineraire-spirituel-de-louise-de-marillac-rencontre-avec-lhumanite-du-fils-de-dieu-2\/#easy-footnote-bottom-22-105412' title='E. 699 &amp;#8211; A. 21 &amp;#8211; Pens\u00e9es sur la Passion de Notre Seigneur'><sup>22<\/sup><\/a><\/span>.<\/p>\n<p>Pour Louise de Marillac, J\u00e9sus est le v\u00e9ritable Serviteur, doux et humble, compatissant et charitable, qui donne sa vie pour le salut de tous. Ceux et celles qui veulent s\u2019engager, mettre leur vie au service des autres, des pauvres, ont \u00e0 s\u2019impr\u00e9gner de la vie m\u00eame de J\u00e9sus Christ. Louise souligne l\u2019importance du Bapt\u00eame qui introduit le chr\u00e9tien dans la vie divine.. \u00catre baptis\u00e9 implique la foi au Dieu qui se r\u00e9v\u00e8le par sa Parole faite chair, implique l\u2019adh\u00e9sion \u00e0 la V\u00e9rit\u00e9 de Dieu. \u00catre incorpor\u00e9 au Christ, c\u2019est accepter de participer \u00e0 sa propre vie divine. D\u00e9sormais, la vie du chr\u00e9tien est vie du Christ en lui. \u00ab\u00a0Ce n\u2019est plus moi qui vis, c\u2019est le Christ qui vis en moi\u00a0\u00bb<span id='easy-footnote-23-105412' class='easy-footnote-margin-adjust'><\/span><span class='easy-footnote'><a href='http:\/\/vincentians.com\/fr\/itineraire-spirituel-de-louise-de-marillac-rencontre-avec-lhumanite-du-fils-de-dieu-2\/#easy-footnote-bottom-23-105412' title='Galates &amp;#8211; 2,10'><sup>23<\/sup><\/a><\/span>, disait Saint Paul. Louise, \u00e9merveill\u00e9e de la richesse du don re\u00e7u au bapt\u00eame, contemple cette vie de Dieu en chaque \u00e2me. Elle souhaite que chacune laisse cro\u00eetre cette vie divine\u00a0:\u00a0\u00bbIl nous faut \u00eatre \u00e0 Dieu, qui veut que nous ne voulions autre chose que ce qu\u2019il veut.\u2026 Soyez toutes fid\u00e8les \u00e0 Dieu\u00a0\u00bb<span id='easy-footnote-24-105412' class='easy-footnote-margin-adjust'><\/span><span class='easy-footnote'><a href='http:\/\/vincentians.com\/fr\/itineraire-spirituel-de-louise-de-marillac-rencontre-avec-lhumanite-du-fils-de-dieu-2\/#easy-footnote-bottom-24-105412' title='E. 76 &amp;#8211; A Madeleine Mongert &amp;#8211; juin 1642'><sup>24<\/sup><\/a><\/span>.<\/p>\n<p>Le Bapt\u00eame, dit Saint Paul, unit symboliquement et r\u00e9ellement le chr\u00e9tien au myst\u00e8re du Christ. Le chr\u00e9tien est donc appel\u00e9 \u00e0 une vie nouvelle, une vie de ressuscit\u00e9. Louise de Marillac explique les qualit\u00e9s que doivent avoir les postulantes qui demandent \u00e0 entrer dans la Compagnie des Filles de la Charit\u00e9. \u00ab\u00a0Il faut des esprits bien faits et qui d\u00e9sirent la perfection des v\u00e9ritables chr\u00e9tiens, qui veuillent mourir \u00e0 elles-m\u00eames par la mortification et le v\u00e9ritable renoncement d\u00e9j\u00e0 fait au saint bapt\u00eame pour que l\u2019esprit de J\u00e9sus-Christ soit \u00e9tabli en elles et leur donne la fermet\u00e9 de la pers\u00e9v\u00e9rance \u00e0 cette mani\u00e8re de vie toute spirituelle, quoique ce soit par de continuelles actions ext\u00e9rieures qui paraissent basses et raval\u00e9es aux yeux du monde, mais grandes devant Dieu et ses anges.\u00a0\u00bb <span id='easy-footnote-25-105412' class='easy-footnote-margin-adjust'><\/span><span class='easy-footnote'><a href='http:\/\/vincentians.com\/fr\/itineraire-spirituel-de-louise-de-marillac-rencontre-avec-lhumanite-du-fils-de-dieu-2\/#easy-footnote-bottom-25-105412' title='E. 669 &amp;#8211; A Marguerite Ch\u00e9tif &amp;#8211; 10 janvier 1660'><sup>25<\/sup><\/a><\/span>\n<p>Dans la gr\u00e2ce de son bapt\u00eame, le chr\u00e9tien, et par cons\u00e9quent la Fille de la Charit\u00e9, trouvent la force, le dynamisme pour mener cette vie nouvelle en conformit\u00e9 avec les conseils \u00e9vang\u00e9liques. Se mortifier, se perfectionner, sont les termes utilis\u00e9s au XVII \u00e8me si\u00e8cle pour parler de cette adh\u00e9sion au myst\u00e8re de mort et de r\u00e9surrection du Christ. La vie nouvelle ne peut na\u00eetre que si d\u2019abord meurt le p\u00e9ch\u00e9. Toute conversion est un retournement exigeant. Louise enseigne aux S\u0153urs que l\u2019asc\u00e8se est \u00e0 concevoir, \u00e0 vivre comme un acte d\u2019amour. Cette mort quotidienne \u00e0 soi-m\u00eame actualise celle de J\u00e9sus Christ et vient en prolonger la f\u00e9condit\u00e9 dans son Corps qui est l\u2019Eglise. Louise \u00e9crit \u00e0 une S\u0153ur qui accepte difficilement sa sant\u00e9 d\u00e9ficiente\u00a0:\u00a0\u00bbJe supplie notre cher J\u00e9sus crucifi\u00e9 nous attacher fortement \u00e0 sa croix, \u00e0 ce que \u00e9tant \u00e9troitement unies \u00e0 Lui en son saint amour, que nos petites souffrances et le peu que nous agissons soit en amour et pour son amour\u00a0\u00bb<span id='easy-footnote-26-105412' class='easy-footnote-margin-adjust'><\/span><span class='easy-footnote'><a href='http:\/\/vincentians.com\/fr\/itineraire-spirituel-de-louise-de-marillac-rencontre-avec-lhumanite-du-fils-de-dieu-2\/#easy-footnote-bottom-26-105412' title='E. 55 &amp;#8211; A Elisabeth Martin &amp;#8211; 5 juillet 1641'><sup>26<\/sup><\/a><\/span>. A une autre S\u0153ur, en butte \u00e0 des m\u00e9disances dans le village o\u00f9 elle vit, Louise propose de tourner son regard vers le Christ souffrant\u00a0; puisque nous sommes chr\u00e9tiennes et de plus Filles de la Charit\u00e9, nous sommes oblig\u00e9es \u00a0\u00bb \u00e0 supporter tout, ainsi qu\u2019il nous est enseign\u00e9 par ce grand amoureux des souffrances de J\u00e9sus-Christ.\u00a0\u00bb <span id='easy-footnote-27-105412' class='easy-footnote-margin-adjust'><\/span><span class='easy-footnote'><a href='http:\/\/vincentians.com\/fr\/itineraire-spirituel-de-louise-de-marillac-rencontre-avec-lhumanite-du-fils-de-dieu-2\/#easy-footnote-bottom-27-105412' title='E. 631 &amp;#8211; A Nicole Georget &amp;#8211; 28 mars 1659'><sup>27<\/sup><\/a><\/span>\n<p>L\u2019asc\u00e8se est \u00e0 vivre comme adh\u00e9sion pl\u00e9ni\u00e8re au Christ R\u00e9dempteur plut\u00f4t que comme un ensemble d\u2019exercices plus ou moins difficiles marquant le m\u00e9pris du corps. Elle devrait toujours se situer dans la joie de l\u2019amour. C\u2019est ce qu\u2019explique Louise de Marillac \u00e0 Marguerite Ch\u00e9tif, tiraill\u00e9e par une tentation contre sa vocation de Fille de la Charit\u00e9 \u00ab\u00a0Je m\u2019attends bien, ma ch\u00e8re S\u0153ur, que Notre-Seigneur vous aura fait go\u00fbter la suavit\u00e9 que les \u00e2mes remplies de son saint amour sentent parmi les souffrances et angoisses de cette vie. Que si cela n\u2019\u00e9tait pas et que votre s\u00e9jour f\u00fbt encore sur le Calvaire, assurez-vous que J\u00e9sus Crucifi\u00e9 se pla\u00eet de vous y voir faire la retraite, et ayant assez de courage pour y vouloir demeurer comme il a fait pour votre amour, vous \u00eates bien assur\u00e9e que votre sortie en sera bien glorieuse\u00a0\u00bb<span id='easy-footnote-28-105412' class='easy-footnote-margin-adjust'><\/span><span class='easy-footnote'><a href='http:\/\/vincentians.com\/fr\/itineraire-spirituel-de-louise-de-marillac-rencontre-avec-lhumanite-du-fils-de-dieu-2\/#easy-footnote-bottom-28-105412' title='E. 568 &amp;#8211; A Marguerite Ch\u00e9tif &amp;#8211; 27 septembre 1658'><sup>28<\/sup><\/a><\/span>. Constamment, Louise invite les S\u0153urs \u00e0 se laisser poss\u00e9der par l\u2019amour de Dieu qui est source de libert\u00e9 et de joie.<\/p>\n<p>Toute vie chr\u00e9tienne se construit, se d\u00e9veloppe \u00e0 partir du Bapt\u00eame. La formule des v\u0153ux r\u00e9dig\u00e9e par Louise de Marillac inclut la r\u00e9f\u00e9rence explicite \u00e0 ce don du Dieu Trinit\u00e9. \u00ab\u00a0Je, soussign\u00e9e en pr\u00e9sence de Dieu, r\u00e9it\u00e8re les promesses de mon bapt\u00eame et fais v\u0153u de pauvret\u00e9 et chastet\u00e9 et ob\u00e9issance au Sup\u00e9rieur des Pr\u00eatres de la Mission en la Compagnie des Filles de la Charit\u00e9 pour m\u2019appliquer toute cette ann\u00e9e au service corporel et spirituel des pauvres malades, nos v\u00e9ritables Ma\u00eetres\u00a0\u00bb<span id='easy-footnote-29-105412' class='easy-footnote-margin-adjust'><\/span><span class='easy-footnote'><a href='http:\/\/vincentians.com\/fr\/itineraire-spirituel-de-louise-de-marillac-rencontre-avec-lhumanite-du-fils-de-dieu-2\/#easy-footnote-bottom-29-105412' title='E. 774 &amp;#8211; Formule des voeux des Filles de la Charit\u00e9'><sup>29<\/sup><\/a><\/span>. La cons\u00e9cration de la Fille de la Charit\u00e9 s\u2019enracine intimement dans sa cons\u00e9cration baptismale. C\u2019est ce qu\u2019a r\u00e9affirm\u00e9 le Concile Vatican II \u00e0 propos de la cons\u00e9cration religieuse<span id='easy-footnote-30-105412' class='easy-footnote-margin-adjust'><\/span><span class='easy-footnote'><a href='http:\/\/vincentians.com\/fr\/itineraire-spirituel-de-louise-de-marillac-rencontre-avec-lhumanite-du-fils-de-dieu-2\/#easy-footnote-bottom-30-105412' title='cf. Lumen Gentium n\u00b0 44 et Perfectae Caritatis n\u00b0 5'><sup>30<\/sup><\/a><\/span>.<\/p>\n<p>Le chr\u00e9tien est marqu\u00e9, d\u2019une mani\u00e8re ind\u00e9l\u00e9bile, par le Bapt\u00eame qui le fait entrer dans l\u2019acte R\u00e9dempteur. A la suite du Christ, il est appel\u00e9 \u00e0 \u00ab\u00a0d\u00e9pouiller le vieil homme et \u00e0 rev\u00eatir l\u2019homme nouveau\u00a0\u00bb<span id='easy-footnote-31-105412' class='easy-footnote-margin-adjust'><\/span><span class='easy-footnote'><a href='http:\/\/vincentians.com\/fr\/itineraire-spirituel-de-louise-de-marillac-rencontre-avec-lhumanite-du-fils-de-dieu-2\/#easy-footnote-bottom-31-105412' title='Colossiens 3,9 &amp;#8211; 10'><sup>31<\/sup><\/a><\/span>. De la sorte, il se rendra apte \u00e0 accomplir dans le monde le dessein de Dieu sur l\u2019homme. La m\u00e9ditation de l\u2019\u00e9p\u00eetre aux Romains, o\u00f9 Paul parle du Bapt\u00eame, de ce Bapt\u00eame qui nous unit \u00e0 la mort et \u00e0 la r\u00e9surrection du Christ, provoque chez Louise cette pri\u00e8re et ces \u00e9lans d\u2019amour\u00a0:<\/p>\n<p style=\"text-align: center\">\u00ab\u00a0Vivons donc comme mortes en J\u00e9sus-Christ,<br \/>\net comme telles, plus de r\u00e9sistance \u00e0 J\u00e9sus,<br \/>\nplus d\u2019actions que pour J\u00e9sus, plus de pens\u00e9es qu\u2019en J\u00e9sus,<br \/>\nenfin plus de vie que pour J\u00e9sus et le prochain,<br \/>\nafin que, dans cet amour unissant, j\u2019aime tout ce que J\u00e9sus aime,<br \/>\net que par cet amour \u00e9ternel de Dieu vers ses cr\u00e9atures,<br \/>\nj\u2019obtienne, de sa bont\u00e9, les gr\u00e2ces que sa mis\u00e9ricorde me veut faire.\u00a0\u00bb <span id='easy-footnote-32-105412' class='easy-footnote-margin-adjust'><\/span><span class='easy-footnote'><a href='http:\/\/vincentians.com\/fr\/itineraire-spirituel-de-louise-de-marillac-rencontre-avec-lhumanite-du-fils-de-dieu-2\/#easy-footnote-bottom-32-105412' title='E. 778 &amp;#8211; A. 23 &amp;#8211; Pens\u00e9es sur le Bapt\u00eame'><sup>32<\/sup><\/a><\/span>\n","protected":false},"excerpt":{"rendered":"<p>Le Christ, homme parmi les hommes Si B\u00e9rulle a appris \u00e0 Louise de Marillac \u00e0 contempler le Fils de Dieu, le Verbe fait chair, Vincent de Paul l\u2019am\u00e8ne \u00e0 d\u00e9couvrir la personne de J\u00e9sus Christ, &#8230; <a href=\"http:\/\/vincentians.com\/fr\/itineraire-spirituel-de-louise-de-marillac-rencontre-avec-lhumanite-du-fils-de-dieu-2\/\" class=\"more-link\">Read More<\/a><\/p>\n","protected":false},"author":4,"featured_media":104506,"comment_status":"open","ping_status":"open","sticky":false,"template":"","format":"standard","meta":{"jetpack_post_was_ever_published":false,"_jetpack_newsletter_access":"","_jetpack_dont_email_post_to_subs":false,"_jetpack_newsletter_tier_id":0,"_jetpack_memberships_contains_paywalled_content":false,"_jetpack_memberships_contains_paid_content":false,"footnotes":"","jetpack_publicize_message":"","jetpack_publicize_feature_enabled":true,"jetpack_social_post_already_shared":true,"jetpack_social_options":{"image_generator_settings":{"template":"highway","default_image_id":0,"font":"","enabled":false},"version":2}},"categories":[18],"tags":[],"class_list":["post-105412","post","type-post","status-publish","format-standard","has-post-thumbnail","hentry","category-louise-de-marillac"],"yoast_head":"<!-- This site is optimized with the Yoast SEO plugin v26.3 - https:\/\/yoast.com\/wordpress\/plugins\/seo\/ -->\n<title>Itin\u00e9raire spirituel de Louise de Marillac. Rencontre avec l\u2019humanit\u00e9 du Fils de Dieu (2) - Nous Sommes Vincentiens<\/title>\n<meta name=\"robots\" content=\"index, follow, max-snippet:-1, max-image-preview:large, max-video-preview:-1\" \/>\n<link rel=\"canonical\" href=\"http:\/\/vincentians.com\/fr\/itineraire-spirituel-de-louise-de-marillac-rencontre-avec-lhumanite-du-fils-de-dieu-2\/\" \/>\n<meta property=\"og:locale\" content=\"fr_FR\" \/>\n<meta property=\"og:type\" content=\"article\" \/>\n<meta property=\"og:title\" content=\"Itin\u00e9raire spirituel de Louise de Marillac. Rencontre avec l\u2019humanit\u00e9 du Fils de Dieu (2) - Nous Sommes Vincentiens\" \/>\n<meta property=\"og:description\" content=\"Le Christ, homme parmi les hommes Si B\u00e9rulle a appris \u00e0 Louise de Marillac \u00e0 contempler le Fils de Dieu, le Verbe fait chair, Vincent de Paul l\u2019am\u00e8ne \u00e0 d\u00e9couvrir la personne de J\u00e9sus Christ, ... Read More\" \/>\n<meta property=\"og:url\" content=\"http:\/\/vincentians.com\/fr\/itineraire-spirituel-de-louise-de-marillac-rencontre-avec-lhumanite-du-fils-de-dieu-2\/\" \/>\n<meta property=\"og:site_name\" content=\"Nous Sommes Vincentiens\" \/>\n<meta property=\"article:publisher\" content=\"https:\/\/www.facebook.com\/WeAreVincentians\/\" \/>\n<meta property=\"article:author\" content=\"https:\/\/www.facebook.com\/JavierChento\" \/>\n<meta property=\"article:published_time\" content=\"2015-02-13T06:55:24+00:00\" \/>\n<meta name=\"author\" content=\"Francisco Javier Fern\u00e1ndez Chento\" \/>\n<meta name=\"twitter:card\" content=\"summary_large_image\" \/>\n<meta name=\"twitter:creator\" content=\"@https:\/\/twitter.com\/javierchento\" \/>\n<meta name=\"twitter:site\" content=\"@WeVincentians\" \/>\n<meta name=\"twitter:label1\" content=\"\u00c9crit par\" \/>\n\t<meta name=\"twitter:data1\" content=\"Francisco Javier Fern\u00e1ndez Chento\" \/>\n\t<meta name=\"twitter:label2\" content=\"Dur\u00e9e de lecture estim\u00e9e\" \/>\n\t<meta name=\"twitter:data2\" content=\"16 minutes\" \/>\n<script type=\"application\/ld+json\" class=\"yoast-schema-graph\">{\"@context\":\"https:\/\/schema.org\",\"@graph\":[{\"@type\":\"WebPage\",\"@id\":\"http:\/\/vincentians.com\/fr\/itineraire-spirituel-de-louise-de-marillac-rencontre-avec-lhumanite-du-fils-de-dieu-2\/\",\"url\":\"http:\/\/vincentians.com\/fr\/itineraire-spirituel-de-louise-de-marillac-rencontre-avec-lhumanite-du-fils-de-dieu-2\/\",\"name\":\"Itin\u00e9raire spirituel de Louise de Marillac. Rencontre avec l\u2019humanit\u00e9 du Fils de Dieu (2) - Nous Sommes Vincentiens\",\"isPartOf\":{\"@id\":\"https:\/\/vincentians.com\/fr\/#website\"},\"primaryImageOfPage\":{\"@id\":\"http:\/\/vincentians.com\/fr\/itineraire-spirituel-de-louise-de-marillac-rencontre-avec-lhumanite-du-fils-de-dieu-2\/#primaryimage\"},\"image\":{\"@id\":\"http:\/\/vincentians.com\/fr\/itineraire-spirituel-de-louise-de-marillac-rencontre-avec-lhumanite-du-fils-de-dieu-2\/#primaryimage\"},\"thumbnailUrl\":\"\",\"datePublished\":\"2015-02-13T06:55:24+00:00\",\"author\":{\"@id\":\"https:\/\/vincentians.com\/fr\/#\/schema\/person\/9623ef4d9aa3b2dfb8c061f1499288f2\"},\"breadcrumb\":{\"@id\":\"http:\/\/vincentians.com\/fr\/itineraire-spirituel-de-louise-de-marillac-rencontre-avec-lhumanite-du-fils-de-dieu-2\/#breadcrumb\"},\"inLanguage\":\"fr-FR\",\"potentialAction\":[{\"@type\":\"ReadAction\",\"target\":[\"http:\/\/vincentians.com\/fr\/itineraire-spirituel-de-louise-de-marillac-rencontre-avec-lhumanite-du-fils-de-dieu-2\/\"]}]},{\"@type\":\"ImageObject\",\"inLanguage\":\"fr-FR\",\"@id\":\"http:\/\/vincentians.com\/fr\/itineraire-spirituel-de-louise-de-marillac-rencontre-avec-lhumanite-du-fils-de-dieu-2\/#primaryimage\",\"url\":\"\",\"contentUrl\":\"\"},{\"@type\":\"BreadcrumbList\",\"@id\":\"http:\/\/vincentians.com\/fr\/itineraire-spirituel-de-louise-de-marillac-rencontre-avec-lhumanite-du-fils-de-dieu-2\/#breadcrumb\",\"itemListElement\":[{\"@type\":\"ListItem\",\"position\":1,\"name\":\"Portada\",\"item\":\"https:\/\/vincentians.com\/fr\/\"},{\"@type\":\"ListItem\",\"position\":2,\"name\":\"Itin\u00e9raire spirituel de Louise de Marillac. Rencontre avec l\u2019humanit\u00e9 du Fils de Dieu (2)\"}]},{\"@type\":\"WebSite\",\"@id\":\"https:\/\/vincentians.com\/fr\/#website\",\"url\":\"https:\/\/vincentians.com\/fr\/\",\"name\":\"Nous Sommes Vincentiens\",\"description\":\"Know more to serve more\",\"potentialAction\":[{\"@type\":\"SearchAction\",\"target\":{\"@type\":\"EntryPoint\",\"urlTemplate\":\"https:\/\/vincentians.com\/fr\/?s={search_term_string}\"},\"query-input\":{\"@type\":\"PropertyValueSpecification\",\"valueRequired\":true,\"valueName\":\"search_term_string\"}}],\"inLanguage\":\"fr-FR\"},{\"@type\":\"Person\",\"@id\":\"https:\/\/vincentians.com\/fr\/#\/schema\/person\/9623ef4d9aa3b2dfb8c061f1499288f2\",\"name\":\"Francisco Javier Fern\u00e1ndez Chento\",\"image\":{\"@type\":\"ImageObject\",\"inLanguage\":\"fr-FR\",\"@id\":\"https:\/\/vincentians.com\/fr\/#\/schema\/person\/image\/\",\"url\":\"https:\/\/secure.gravatar.com\/avatar\/497d5cde87b4c3d097d0315953521681ba2cd523ee66e5077c3711f7021e65de?s=96&d=mm&r=g\",\"contentUrl\":\"https:\/\/secure.gravatar.com\/avatar\/497d5cde87b4c3d097d0315953521681ba2cd523ee66e5077c3711f7021e65de?s=96&d=mm&r=g\",\"caption\":\"Francisco Javier Fern\u00e1ndez Chento\"},\"description\":\"Director General y cofundador de La Red de Formaci\u00f3n Vicenciana. Javier es laico vicenciano, afiliado a la Congregaci\u00f3n de la Misi\u00f3n y miembro del Equipo de Misiones Populares de la provincia can\u00f3nica de Zaragoza (Espa\u00f1a) de la Congregaci\u00f3n de la Misi\u00f3n. Graduado en la Universidad Oberta de Catalunya con cuatro grados (Asistente de direcci\u00f3n, Gesti\u00f3n Administrativa, Recursos Humanos y Contabilidad Avanzada). Bil\u00edng\u00fce Espa\u00f1ol\/Ingl\u00e9s. gestiona y mantiene varias p\u00e1ginas web cristianas y vicencianas, incluida including La Red de Formaci\u00f3n Vicenciana, de la que es cofundador. Actualmente es responsable del \u00e1rea de Espa\u00f1ol de .famvin, la Red de Noticias de la Familia Vicenciana. Tambi\u00e9n es m\u00fasico cat\u00f3lico y ha editado varios discos. Es Director General y cofundador de Trovador, una reconocida compa\u00f1\u00eda discogr\u00e1fica critiana de Espa\u00f1a. Trabaja en las Tecnolog\u00edas de la Informaci\u00f3n, ofreciendo servicios de alojamiento, dise\u00f1o y mantenimiento Web, as\u00ed como asesoramiento, formaci\u00f3n y soluciones inform\u00e1ticas, gesti\u00f3n documental y digitalizaci\u00f3n de textos, edici\u00f3n y maquetaci\u00f3n de libros, revistas, flyers, etc.\",\"sameAs\":[\"http:\/\/chento.org\",\"https:\/\/www.facebook.com\/JavierChento\",\"https:\/\/x.com\/https:\/\/twitter.com\/javierchento\"],\"url\":\"http:\/\/vincentians.com\/fr\/author\/chento\/\"}]}<\/script>\n<!-- \/ Yoast SEO plugin. -->","yoast_head_json":{"title":"Itin\u00e9raire spirituel de Louise de Marillac. Rencontre avec l\u2019humanit\u00e9 du Fils de Dieu (2) - Nous Sommes Vincentiens","robots":{"index":"index","follow":"follow","max-snippet":"max-snippet:-1","max-image-preview":"max-image-preview:large","max-video-preview":"max-video-preview:-1"},"canonical":"http:\/\/vincentians.com\/fr\/itineraire-spirituel-de-louise-de-marillac-rencontre-avec-lhumanite-du-fils-de-dieu-2\/","og_locale":"fr_FR","og_type":"article","og_title":"Itin\u00e9raire spirituel de Louise de Marillac. Rencontre avec l\u2019humanit\u00e9 du Fils de Dieu (2) - Nous Sommes Vincentiens","og_description":"Le Christ, homme parmi les hommes Si B\u00e9rulle a appris \u00e0 Louise de Marillac \u00e0 contempler le Fils de Dieu, le Verbe fait chair, Vincent de Paul l\u2019am\u00e8ne \u00e0 d\u00e9couvrir la personne de J\u00e9sus Christ, ... Read More","og_url":"http:\/\/vincentians.com\/fr\/itineraire-spirituel-de-louise-de-marillac-rencontre-avec-lhumanite-du-fils-de-dieu-2\/","og_site_name":"Nous Sommes Vincentiens","article_publisher":"https:\/\/www.facebook.com\/WeAreVincentians\/","article_author":"https:\/\/www.facebook.com\/JavierChento","article_published_time":"2015-02-13T06:55:24+00:00","author":"Francisco Javier Fern\u00e1ndez Chento","twitter_card":"summary_large_image","twitter_creator":"@https:\/\/twitter.com\/javierchento","twitter_site":"@WeVincentians","twitter_misc":{"\u00c9crit par":"Francisco Javier Fern\u00e1ndez Chento","Dur\u00e9e de lecture estim\u00e9e":"16 minutes"},"schema":{"@context":"https:\/\/schema.org","@graph":[{"@type":"WebPage","@id":"http:\/\/vincentians.com\/fr\/itineraire-spirituel-de-louise-de-marillac-rencontre-avec-lhumanite-du-fils-de-dieu-2\/","url":"http:\/\/vincentians.com\/fr\/itineraire-spirituel-de-louise-de-marillac-rencontre-avec-lhumanite-du-fils-de-dieu-2\/","name":"Itin\u00e9raire spirituel de Louise de Marillac. Rencontre avec l\u2019humanit\u00e9 du Fils de Dieu (2) - Nous Sommes Vincentiens","isPartOf":{"@id":"https:\/\/vincentians.com\/fr\/#website"},"primaryImageOfPage":{"@id":"http:\/\/vincentians.com\/fr\/itineraire-spirituel-de-louise-de-marillac-rencontre-avec-lhumanite-du-fils-de-dieu-2\/#primaryimage"},"image":{"@id":"http:\/\/vincentians.com\/fr\/itineraire-spirituel-de-louise-de-marillac-rencontre-avec-lhumanite-du-fils-de-dieu-2\/#primaryimage"},"thumbnailUrl":"","datePublished":"2015-02-13T06:55:24+00:00","author":{"@id":"https:\/\/vincentians.com\/fr\/#\/schema\/person\/9623ef4d9aa3b2dfb8c061f1499288f2"},"breadcrumb":{"@id":"http:\/\/vincentians.com\/fr\/itineraire-spirituel-de-louise-de-marillac-rencontre-avec-lhumanite-du-fils-de-dieu-2\/#breadcrumb"},"inLanguage":"fr-FR","potentialAction":[{"@type":"ReadAction","target":["http:\/\/vincentians.com\/fr\/itineraire-spirituel-de-louise-de-marillac-rencontre-avec-lhumanite-du-fils-de-dieu-2\/"]}]},{"@type":"ImageObject","inLanguage":"fr-FR","@id":"http:\/\/vincentians.com\/fr\/itineraire-spirituel-de-louise-de-marillac-rencontre-avec-lhumanite-du-fils-de-dieu-2\/#primaryimage","url":"","contentUrl":""},{"@type":"BreadcrumbList","@id":"http:\/\/vincentians.com\/fr\/itineraire-spirituel-de-louise-de-marillac-rencontre-avec-lhumanite-du-fils-de-dieu-2\/#breadcrumb","itemListElement":[{"@type":"ListItem","position":1,"name":"Portada","item":"https:\/\/vincentians.com\/fr\/"},{"@type":"ListItem","position":2,"name":"Itin\u00e9raire spirituel de Louise de Marillac. Rencontre avec l\u2019humanit\u00e9 du Fils de Dieu (2)"}]},{"@type":"WebSite","@id":"https:\/\/vincentians.com\/fr\/#website","url":"https:\/\/vincentians.com\/fr\/","name":"Nous Sommes Vincentiens","description":"Know more to serve more","potentialAction":[{"@type":"SearchAction","target":{"@type":"EntryPoint","urlTemplate":"https:\/\/vincentians.com\/fr\/?s={search_term_string}"},"query-input":{"@type":"PropertyValueSpecification","valueRequired":true,"valueName":"search_term_string"}}],"inLanguage":"fr-FR"},{"@type":"Person","@id":"https:\/\/vincentians.com\/fr\/#\/schema\/person\/9623ef4d9aa3b2dfb8c061f1499288f2","name":"Francisco Javier Fern\u00e1ndez Chento","image":{"@type":"ImageObject","inLanguage":"fr-FR","@id":"https:\/\/vincentians.com\/fr\/#\/schema\/person\/image\/","url":"https:\/\/secure.gravatar.com\/avatar\/497d5cde87b4c3d097d0315953521681ba2cd523ee66e5077c3711f7021e65de?s=96&d=mm&r=g","contentUrl":"https:\/\/secure.gravatar.com\/avatar\/497d5cde87b4c3d097d0315953521681ba2cd523ee66e5077c3711f7021e65de?s=96&d=mm&r=g","caption":"Francisco Javier Fern\u00e1ndez Chento"},"description":"Director General y cofundador de La Red de Formaci\u00f3n Vicenciana. Javier es laico vicenciano, afiliado a la Congregaci\u00f3n de la Misi\u00f3n y miembro del Equipo de Misiones Populares de la provincia can\u00f3nica de Zaragoza (Espa\u00f1a) de la Congregaci\u00f3n de la Misi\u00f3n. Graduado en la Universidad Oberta de Catalunya con cuatro grados (Asistente de direcci\u00f3n, Gesti\u00f3n Administrativa, Recursos Humanos y Contabilidad Avanzada). Bil\u00edng\u00fce Espa\u00f1ol\/Ingl\u00e9s. gestiona y mantiene varias p\u00e1ginas web cristianas y vicencianas, incluida including La Red de Formaci\u00f3n Vicenciana, de la que es cofundador. Actualmente es responsable del \u00e1rea de Espa\u00f1ol de .famvin, la Red de Noticias de la Familia Vicenciana. Tambi\u00e9n es m\u00fasico cat\u00f3lico y ha editado varios discos. Es Director General y cofundador de Trovador, una reconocida compa\u00f1\u00eda discogr\u00e1fica critiana de Espa\u00f1a. Trabaja en las Tecnolog\u00edas de la Informaci\u00f3n, ofreciendo servicios de alojamiento, dise\u00f1o y mantenimiento Web, as\u00ed como asesoramiento, formaci\u00f3n y soluciones inform\u00e1ticas, gesti\u00f3n documental y digitalizaci\u00f3n de textos, edici\u00f3n y maquetaci\u00f3n de libros, revistas, flyers, etc.","sameAs":["http:\/\/chento.org","https:\/\/www.facebook.com\/JavierChento","https:\/\/x.com\/https:\/\/twitter.com\/javierchento"],"url":"http:\/\/vincentians.com\/fr\/author\/chento\/"}]}},"jetpack_publicize_connections":[],"jetpack_featured_media_url":"","jetpack_sharing_enabled":true,"jetpack_shortlink":"https:\/\/wp.me\/p7ETMP-rqc","jetpack-related-posts":[{"id":105408,"url":"http:\/\/vincentians.com\/fr\/itineraire-spirituel-de-louise-de-marillac-rencontre-avec-lhumanite-du-fils-de-dieu-1\/","url_meta":{"origin":105412,"position":0},"title":"Itin\u00e9raire spirituel de Louise de Marillac. Rencontre avec l\u2019humanit\u00e9 du Fils de Dieu (1)","author":"Francisco Javier Fern\u00e1ndez Chento","date":"12\/02\/2015","format":false,"excerpt":"Pr\u00e9destin\u00e9s \u00e0 \u00eatre conformes \u00e0 l\u2019image de son Fils Romains 8,29 Dieu inaccessible devient proche B\u00e9rulle a longuement contempl\u00e9 l\u2019union ineffable de l\u2019humanit\u00e9 \u00e0 la Divinit\u00e9 en la personne du Verbe, ce myst\u00e8re d\u2019amour et d\u2019amour infini. \"La nature divine est infiniment distante de la nature humaine et en serait\u2026","rel":"","context":"Dans &quot;Louise de Marillac&quot;","block_context":{"text":"Louise de Marillac","link":"http:\/\/vincentians.com\/fr\/category\/the-vincentian-family\/founders\/louise-de-marillac\/"},"img":{"alt_text":"","src":"","width":0,"height":0},"classes":[]},{"id":39762,"url":"http:\/\/vincentians.com\/fr\/lidentite-de-la-fille-de-la-charite-elements-caracteristiques-et-distinctifs-comment-la-fdlc-peut-elle-la-vivre-aujourdhui\/","url_meta":{"origin":105412,"position":1},"title":"L\u2019identit\u00e9 de la Fille de la Charit\u00e9: \u00c9l\u00e9ments caract\u00e9ristiques et distinctifs. Comment la FdlC peut-elle la vivre aujourd\u2019hui?","author":"Francisco Javier Fern\u00e1ndez Chento","date":"05\/10\/2012","format":false,"excerpt":"Introduction Aujourd\u2019hui, les id\u00e9ologies rationalistes et totalitaires sont en partie tomb\u00e9es, et les grands progr\u00e8s scientifiques et techniques r\u00e9alis\u00e9s offrent sans aucun doute \u00e0 notre monde d\u2019immenses possibilit\u00e9s. Les progr\u00e8s mat\u00e9riels donnent lieu \u00e0 l\u2019am\u00e9lioration des conditions de vie de l\u2019humanit\u00e9 dans diff\u00e9rents domaines de la sant\u00e9, de l\u2019\u00e9ducation et\u2026","rel":"","context":"Dans &quot;Filles de la Charit\u00e9&quot;","block_context":{"text":"Filles de la Charit\u00e9","link":"http:\/\/vincentians.com\/fr\/category\/filles-de-la-charite\/"},"img":{"alt_text":"","src":"https:\/\/i0.wp.com\/vincentiens.org\/wp-content\/uploads\/2011\/05\/cruz_sv-212x300.jpg?resize=350%2C200","width":350,"height":200},"classes":[]},{"id":41345,"url":"http:\/\/vincentians.com\/fr\/la-spiritualite-de-la-fille-de-la-charite\/","url_meta":{"origin":105412,"position":2},"title":"La Spiritualit\u00e9 de la Fille de la Charit\u00e9","author":"Francisco Javier Fern\u00e1ndez Chento","date":"17\/11\/2013","format":false,"excerpt":"Il m\u2019a \u00e9t\u00e9 demand\u00e9 de pr\u00e9senter la spiritualit\u00e9 de la FdlC et comment vivre aujourd\u2019hui la spiritualit\u00e9 de la Compagnie? Je n\u2019ai pas la pr\u00e9tention de faire un expos\u00e9 fondamental sur la spiritualit\u00e9 de la FdlC. Je vais vous partager tout simplement ma mani\u00e8re de pr\u00e9senter notre spiritualit\u00e9 aux jeunes\u2026","rel":"","context":"Dans &quot;Filles de la Charit\u00e9&quot;","block_context":{"text":"Filles de la Charit\u00e9","link":"http:\/\/vincentians.com\/fr\/category\/filles-de-la-charite\/"},"img":{"alt_text":"","src":"https:\/\/i0.wp.com\/vincentiens.org\/wp-content\/uploads\/2011\/05\/cruz_sv-212x300.jpg?resize=350%2C200","width":350,"height":200},"classes":[]},{"id":105414,"url":"http:\/\/vincentians.com\/fr\/itineraire-spirituel-de-louise-de-marillac-rencontre-avec-lhumanite-du-fils-de-dieu-4\/","url_meta":{"origin":105412,"position":3},"title":"Itin\u00e9raire spirituel de Louise de Marillac. Rencontre avec l\u2019humanit\u00e9 du Fils de Dieu (4)","author":"Francisco Javier Fern\u00e1ndez Chento","date":"15\/02\/2015","format":false,"excerpt":"L\u2019Eucharistie, une admirable invention En m\u00e9ditant sur l\u2019Incarnation, Louise remarque avec beaucoup d\u2019admiration et d\u2019\u00e9motion que \"le Fils de Dieu ne s\u2019est pas content\u00e9 de prendre un corps humain\" et d\u2019habiter au milieu des hommes, \"mais voulant une union ins\u00e9parable de la nature divine \u00e0 l\u2019humaine, il l\u2019a faite apr\u00e8s\u2026","rel":"","context":"Dans &quot;Louise de Marillac&quot;","block_context":{"text":"Louise de Marillac","link":"http:\/\/vincentians.com\/fr\/category\/the-vincentian-family\/founders\/louise-de-marillac\/"},"img":{"alt_text":"","src":"","width":0,"height":0},"classes":[]},{"id":105415,"url":"http:\/\/vincentians.com\/fr\/itineraire-spirituel-de-louise-de-marillac-rencontre-avec-lhumanite-du-fils-de-dieu-5\/","url_meta":{"origin":105412,"position":4},"title":"Itin\u00e9raire spirituel de Louise de Marillac. Rencontre avec l\u2019humanit\u00e9 du Fils de Dieu (5)","author":"Francisco Javier Fern\u00e1ndez Chento","date":"16\/02\/2015","format":false,"excerpt":"Marie, chef d\u2019\u0153uvre de Dieu Pour devenir homme parmi les hommes, Dieu, dans le conseil de la Trinit\u00e9, fait appel \u00e0 une femme et n\u2019h\u00e9site pas \u00e0 l\u2019associer d\u2019une mani\u00e8re tr\u00e8s particuli\u00e8re \u00e0 sa divinit\u00e9. Louise de Marillac en est toute \u00e9blouie\u00a0: \"Toute ma vie, au temps, et en l\u2019\u00e9ternit\u00e9,\u2026","rel":"","context":"Dans &quot;Louise de Marillac&quot;","block_context":{"text":"Louise de Marillac","link":"http:\/\/vincentians.com\/fr\/category\/the-vincentian-family\/founders\/louise-de-marillac\/"},"img":{"alt_text":"","src":"","width":0,"height":0},"classes":[]},{"id":105413,"url":"http:\/\/vincentians.com\/fr\/itineraire-spirituel-de-louise-de-marillac-rencontre-avec-lhumanite-du-fils-de-dieu-3\/","url_meta":{"origin":105412,"position":5},"title":"Itin\u00e9raire spirituel de Louise de Marillac. Rencontre avec l\u2019humanit\u00e9 du Fils de Dieu (3)","author":"Francisco Javier Fern\u00e1ndez Chento","date":"14\/02\/2015","format":false,"excerpt":"Le Christ, r\u00e9v\u00e9lation de l\u2019homme. En consid\u00e9rant \"l\u2019union faite de l\u2019homme avec Dieu en la personne de son Fils\" qui, continuellement, applique ses m\u00e9rites sur chaque \u00e2me, Louise de Marillac reconna\u00eet que cette \"union personnelle d\u2019un Dieu en un homme honore toute la nature humaine, la faisant regarder de Dieu\u2026","rel":"","context":"Dans &quot;Louise de Marillac&quot;","block_context":{"text":"Louise de Marillac","link":"http:\/\/vincentians.com\/fr\/category\/the-vincentian-family\/founders\/louise-de-marillac\/"},"img":{"alt_text":"","src":"","width":0,"height":0},"classes":[]}],"_links":{"self":[{"href":"http:\/\/vincentians.com\/fr\/wp-json\/wp\/v2\/posts\/105412","targetHints":{"allow":["GET"]}}],"collection":[{"href":"http:\/\/vincentians.com\/fr\/wp-json\/wp\/v2\/posts"}],"about":[{"href":"http:\/\/vincentians.com\/fr\/wp-json\/wp\/v2\/types\/post"}],"author":[{"embeddable":true,"href":"http:\/\/vincentians.com\/fr\/wp-json\/wp\/v2\/users\/4"}],"replies":[{"embeddable":true,"href":"http:\/\/vincentians.com\/fr\/wp-json\/wp\/v2\/comments?post=105412"}],"version-history":[{"count":0,"href":"http:\/\/vincentians.com\/fr\/wp-json\/wp\/v2\/posts\/105412\/revisions"}],"wp:featuredmedia":[{"embeddable":true,"href":"http:\/\/vincentians.com\/fr\/wp-json\/"}],"wp:attachment":[{"href":"http:\/\/vincentians.com\/fr\/wp-json\/wp\/v2\/media?parent=105412"}],"wp:term":[{"taxonomy":"category","embeddable":true,"href":"http:\/\/vincentians.com\/fr\/wp-json\/wp\/v2\/categories?post=105412"},{"taxonomy":"post_tag","embeddable":true,"href":"http:\/\/vincentians.com\/fr\/wp-json\/wp\/v2\/tags?post=105412"}],"curies":[{"name":"wp","href":"https:\/\/api.w.org\/{rel}","templated":true}]}}