{"id":105408,"date":"2015-02-12T07:55:24","date_gmt":"2015-02-12T06:55:24","guid":{"rendered":"http:\/\/vincentiens.org\/itineraire-spirituel-de-louise-de-marillac-un-temps-de-recherche-2-2\/"},"modified":"2015-02-12T07:55:24","modified_gmt":"2015-02-12T06:55:24","slug":"itineraire-spirituel-de-louise-de-marillac-rencontre-avec-lhumanite-du-fils-de-dieu-1","status":"publish","type":"post","link":"http:\/\/vincentians.com\/fr\/itineraire-spirituel-de-louise-de-marillac-rencontre-avec-lhumanite-du-fils-de-dieu-1\/","title":{"rendered":"Itin\u00e9raire spirituel de Louise de Marillac. Rencontre avec l\u2019humanit\u00e9 du Fils de Dieu (1)"},"content":{"rendered":"<p>Pr\u00e9destin\u00e9s \u00e0 \u00eatre conformes<br \/>\n<i>\u00e0 l\u2019image de son Fils<\/i><\/p>\n<p>Romains 8,29<\/p>\n<h2><b>Dieu inaccessible devient proche<\/b><\/h2>\n<p>B\u00e9rulle a longuement contempl\u00e9 l\u2019union ineffable de l\u2019humanit\u00e9 \u00e0 la Divinit\u00e9 en la personne du Verbe, ce myst\u00e8re d\u2019amour et d\u2019amour infini. \u00ab\u00a0La nature divine est infiniment distante de la nature humaine et en serait toujours distante si l\u2019Amour, si puissant et infini que la nature, n\u2019unissait si intimement la nature divine \u00e0 la nature humaine\u00a0\u00bb<span id='easy-footnote-1-105408' class='easy-footnote-margin-adjust'><\/span><span class='easy-footnote'><a href='http:\/\/vincentians.com\/fr\/itineraire-spirituel-de-louise-de-marillac-rencontre-avec-lhumanite-du-fils-de-dieu-1\/#easy-footnote-bottom-1-105408' title='BERULLE &amp;#8211; Discours de l&amp;rsquo;\u00e9tat et des grandeurs de J\u00e9sus, cit\u00e9 par COCHOIS in B\u00e9rulle et l&amp;rsquo;Ecole fran\u00e7aise &amp;#8211; Le Seuil &amp;#8211; 1963 &amp;#8211; p. 87'><sup>1<\/sup><\/a><\/span>. Pour l\u2019ap\u00f4tre du Verbe Incarn\u00e9, le myst\u00e8re du Dieu fait homme est le centre et la source de toute vie chr\u00e9tienne. Louise de Marillac, fortement nourrie de th\u00e9ologie, s\u2019est appropri\u00e9e cette pens\u00e9e du fondateur de l\u2019Oratoire. Peu \u00e0 peu, sa spiritualit\u00e9 se structure autour de l\u2019axe central du Christianisme. L\u2019Incarnation vient manifester au monde le myst\u00e8re de Dieu\u00a0: la seconde personne de la Trinit\u00e9 se fait homme et prend chair humaine en J\u00e9sus Christ.<\/p>\n<p>Dans ses oraisons, Louise constate que J\u00e9sus vient dire \u00e0 l\u2019homme la d\u00e9mesure de l\u2019Amour divin et qu\u2019il souhaite faire participer l\u2019humanit\u00e9 \u00e0 toute la richesse de sa divinit\u00e9. Elle reconna\u00eet que c\u2019\u00e9tait d\u00e9j\u00e0 le but de la cr\u00e9ation \u00ab\u00a0L\u2019excellence du dessein de Dieu en la cr\u00e9ation de l\u2019homme, (\u00e9tait) de se l\u2019unir \u00e9troitement \u00e9ternellement\u00a0\u00bb<span id='easy-footnote-2-105408' class='easy-footnote-margin-adjust'><\/span><span class='easy-footnote'><a href='http:\/\/vincentians.com\/fr\/itineraire-spirituel-de-louise-de-marillac-rencontre-avec-lhumanite-du-fils-de-dieu-1\/#easy-footnote-bottom-2-105408' title='E. 806 &amp;#8211; A. 26 &amp;#8211; Raisons de se donner \u00e0 Dieu pour recevoir le Saint Esprit &amp;#8211; 1657'><sup>2<\/sup><\/a><\/span>. Et Dieu, dans sa magnificence, donne \u00e0 l\u2019homme la libert\u00e9. Louise est comme \u00e9blouie par cette possibilit\u00e9 donn\u00e9e \u00e0 l\u2019homme de se d\u00e9cider par lui-m\u00eame. Mais l\u2019homme choisit de se r\u00e9aliser tout seul, refusant le don de Dieu.<\/p>\n<p>Louise de Marillac, regardant le p\u00e9ch\u00e9 des origines, y d\u00e9couvre un signe de mort pour l\u2019homme. \u00ab\u00a0J\u2019ai eu pens\u00e9e que notre premier P\u00e8re Adam ayant contrevenu aux desseins de Dieu, se voulant \u00e9terniser sur la terre, en mangeant du fruit d\u00e9fendu, et qu\u2019au lieu d\u2019acqu\u00e9rir la vie, il avait pris la mort\u00a0; pour \u00e0 quoi rem\u00e9dier, le Fils de Dieu \u00e9tait venu lui-m\u00eame se faire p\u00e8lerin, n\u2019ayant \u00e9t\u00e9 sa vie qu\u2019un p\u00e8lerinage continuel qui doit \u00eatre l\u2019exemple du n\u00f4tre.\u00a0\u00bb <span id='easy-footnote-3-105408' class='easy-footnote-margin-adjust'><\/span><span class='easy-footnote'><a href='http:\/\/vincentians.com\/fr\/itineraire-spirituel-de-louise-de-marillac-rencontre-avec-lhumanite-du-fils-de-dieu-1\/#easy-footnote-bottom-3-105408' title='E. 770 &amp;#8211; A. 36 &amp;#8211; Pens\u00e9es sur la f\u00eate de Saint Fiacre'><sup>3<\/sup><\/a><\/span> En effet, Dieu, dans sa bont\u00e9, n\u2019abandonne pas l\u2019homme. Il souhaite une nouvelle cr\u00e9ation, une re-cr\u00e9ation, lui permettant de retrouver l\u2019intimit\u00e9 originelle\u00a0: \u00ab\u00a0L\u2019homme \u00e9tant le principal ouvrage de Dieu en sa cr\u00e9ation, il m\u2019a sembl\u00e9 que le p\u00e9ch\u00e9 l\u2019avait en quelque fa\u00e7on an\u00e9anti, le rendant incapable de la jouissance de Dieu. Et, comme le dessein de Dieu (\u00e9tait) que cet an\u00e9antissement ne f\u00fbt pas pour toujours, le m\u00eame Dieu en la distinction des personnes ayant dit\u00a0: \u00abFaisons l\u2019homme \u00e0 notre image et ressemblance,\u00bb a pris r\u00e9solution en la m\u00eame mani\u00e8re de le racheter qui est une nouvelle cr\u00e9ation.\u00a0\u00bb <span id='easy-footnote-4-105408' class='easy-footnote-margin-adjust'><\/span><span class='easy-footnote'><a href='http:\/\/vincentians.com\/fr\/itineraire-spirituel-de-louise-de-marillac-rencontre-avec-lhumanite-du-fils-de-dieu-1\/#easy-footnote-bottom-4-105408' title='E. 729 &amp;#8211; A. 22 &amp;#8211; Sur la f\u00eate de la Sainte Trinit\u00e9'><sup>4<\/sup><\/a><\/span>\n<p>Louise aime contempler la Trinit\u00e9 tenant conseil, cherchant \u00e0 re-cr\u00e9er l\u2019homme et \u00e0 lui dire tout son amour, d\u00e9cidant ensemble l\u2019Incarnation du Verbe\u00a0: \u00ab\u00a0Sit\u00f4t que la nature humaine eut p\u00e9ch\u00e9, le Cr\u00e9ateur, dans le conseil de sa Divinit\u00e9, voulant r\u00e9parer cette faute, et pour ce faire, par un tr\u00e8s grand et pur amour, ordonna qu\u2019une des trois personnes s\u2019incarnerait, en quoi parait m\u00eame dans la Divinit\u00e9, une profonde humilit\u00e9\u00a0\u00bb<span id='easy-footnote-5-105408' class='easy-footnote-margin-adjust'><\/span><span class='easy-footnote'><a href='http:\/\/vincentians.com\/fr\/itineraire-spirituel-de-louise-de-marillac-rencontre-avec-lhumanite-du-fils-de-dieu-1\/#easy-footnote-bottom-5-105408' title='E. 697 &amp;#8211; A. 7 &amp;#8211; Retraite vers 1628 &amp;#8211; 4 \u00e9me journ\u00e9e'><sup>5<\/sup><\/a><\/span>. La promesse de l\u2019Incarnation de la deuxi\u00e8me personne de la Trinit\u00e9 s\u2019inscrit dans le plan d\u2019amour de Dieu sur l\u2019homme. Pour Louise, l\u2019humilit\u00e9 d\u00e9finit Dieu tout autant que l\u2019Amour.<\/p>\n<p>Louise de Marillac s\u2019\u00e9merveille et s\u2019\u00e9merveillera toujours devant cet amour divin dont elle d\u00e9couvrira de plus en plus les multiples manifestations. Il lui semble que Dieu r\u00e9pond aux d\u00e9sirs profonds de l\u2019homme\u00a0: conna\u00eetre ce Dieu qui l\u2019a cr\u00e9\u00e9 et qui lui paraissait si lointain. \u00ab\u00a0O admirable amour, \u00f4 secret cach\u00e9\u00a0! Qu\u2019avez-vous voulu faire, \u00f4 mon Dieu, en la cr\u00e9ation de l\u2019homme car vous n\u2019ignoriez pas sa faiblesse. Mais il le fallait ainsi pour nous faire comprendre, \u00f4 notre Ma\u00eetre, les effets de votre grand Amour.\u00a0\u00bb <span id='easy-footnote-6-105408' class='easy-footnote-margin-adjust'><\/span><span class='easy-footnote'><a href='http:\/\/vincentians.com\/fr\/itineraire-spirituel-de-louise-de-marillac-rencontre-avec-lhumanite-du-fils-de-dieu-1\/#easy-footnote-bottom-6-105408' title='E. 791 &amp;#8211; A. 13 bis &amp;#8211; Sur le myst\u00e8re de l&amp;rsquo;Incarnation'><sup>6<\/sup><\/a><\/span> L\u2019Incarnation du Fils vient briser la distance qui existait entre Dieu et l\u2019homme. Dieu qui paraissait inaccessible, devient proche\u00a0: \u00ab\u00a0N\u2019\u00e9tait-ce point aussi, mon Dieu, que votre Incarnation admirable \u00e9tait l\u2019\u00e9tablissement de la gr\u00e2ce dont les \u00e2mes ont besoin pour parvenir \u00e0 leur fin, puisque\u2026 l\u2019\u00e2me,\u2026 ne pouvait \u00eatre si \u00e9troitement unie \u00e0 son objet qui est Dieu, inaccessible \u00e0 tout \u00eatre, sinon par ce moyen du tout Admirable, qui rend Dieu homme, et l\u2019homme Dieu.\u00a0\u00bb <span id='easy-footnote-7-105408' class='easy-footnote-margin-adjust'><\/span><span class='easy-footnote'><a href='http:\/\/vincentians.com\/fr\/itineraire-spirituel-de-louise-de-marillac-rencontre-avec-lhumanite-du-fils-de-dieu-1\/#easy-footnote-bottom-7-105408' title='ibid.'><sup>7<\/sup><\/a><\/span>\n<p>Louise de Marillac, qui est une femme press\u00e9e, aimant la r\u00e9alisation rapide de ces d\u00e9cisions, se pla\u00eet \u00e0 regarder ce qu\u2019elle appelle \u00ab\u00a0l\u2019impatience\u00a0\u00bb de Dieu pour l\u2019ex\u00e9cution de l\u2019Incarnation. \u00ab\u00a0O Saint Esprit\u00a0: vous seul pouvez faire entendre la grandeur de ce Myst\u00e8re qui fait para\u00eetre, si cela se pouvait dire, impatience en Dieu\u00a0; mais plut\u00f4t la proximit\u00e9 de l\u2019ex\u00e9cution du dessein de Dieu sur la nature humaine pour la perfection de l\u2019union que sa toute puissance veut faire en elle.\u00a0\u00bb<span id='easy-footnote-8-105408' class='easy-footnote-margin-adjust'><\/span><span class='easy-footnote'><a href='http:\/\/vincentians.com\/fr\/itineraire-spirituel-de-louise-de-marillac-rencontre-avec-lhumanite-du-fils-de-dieu-1\/#easy-footnote-bottom-8-105408' title='E. 810 &amp;#8211; A. 26 &amp;#8211; Raison de se donner \u00e0 Dieu pour recevoir le Saint Esprit &amp;#8211; 1657 &amp;#8211; 6 \u00e9me oraison'><sup>8<\/sup><\/a><\/span>\n<p>Poursuivant sa m\u00e9ditation, Louise contemple la mission du Verbe Incarn\u00e9 qui vient proposer \u00e0 l\u2019homme la r\u00e9conciliation, le renouvellement de l\u2019Alliance. Elle note que \u00ab\u00a0l\u2019Incarnation du Fils de Dieu (est) selon son dessein de toute \u00c9ternit\u00e9, pour la R\u00e9demption du genre humain.\u00a0\u00bb <span id='easy-footnote-9-105408' class='easy-footnote-margin-adjust'><\/span><span class='easy-footnote'><a href='http:\/\/vincentians.com\/fr\/itineraire-spirituel-de-louise-de-marillac-rencontre-avec-lhumanite-du-fils-de-dieu-1\/#easy-footnote-bottom-9-105408' title='E. 818 &amp;#8211; A. 31 bis &amp;#8211; Pens\u00e9es sur l&amp;rsquo;Immacul\u00e9e Conception de la Vierge Marie'><sup>9<\/sup><\/a><\/span> Lisant et m\u00e9ditant l\u2019\u00c9vangile, Louise comprend la place que tient le P\u00e8re dans la vie de J\u00e9sus\u00a0: \u00ab\u00a0Notre Seigneur travaillait toujours en vue de Dieu son P\u00e8re\u00a0\u00bb<span id='easy-footnote-10-105408' class='easy-footnote-margin-adjust'><\/span><span class='easy-footnote'><a href='http:\/\/vincentians.com\/fr\/itineraire-spirituel-de-louise-de-marillac-rencontre-avec-lhumanite-du-fils-de-dieu-1\/#easy-footnote-bottom-10-105408' title='E. 673 &amp;#8211; A Jeanne Delacroix &amp;#8211; 2 f\u00e9vrier 1660'><sup>10<\/sup><\/a><\/span>, \u00ab\u00a0Notre Seigneur d\u00e9f\u00e9rait toujours \u00e0 la volont\u00e9 de Dieu son P\u00e8re\u00a0\u00bb<span id='easy-footnote-11-105408' class='easy-footnote-margin-adjust'><\/span><span class='easy-footnote'><a href='http:\/\/vincentians.com\/fr\/itineraire-spirituel-de-louise-de-marillac-rencontre-avec-lhumanite-du-fils-de-dieu-1\/#easy-footnote-bottom-11-105408' title='E. 351 &amp;#8211; A Anne Hardemont &amp;#8211; mai 1651'><sup>11<\/sup><\/a><\/span> Un amour profond les unit. J\u00e9sus Christ, de par sa nature humaine unie \u00e0 la nature divine, est m\u00e9diateur entre Dieu son P\u00e8re et les hommes ses fr\u00e8res. \u00a0\u00bb Nous avons sujet de croire que l\u2019assurance que Notre-Seigneur nous a donn\u00e9e d\u2019\u00eatre toujours parmi nous, a \u00e9t\u00e9 dessein de sanctifier les \u00e2mes par cette pr\u00e9sence continuelle quoiqu\u2019invisible, par l\u2019application du m\u00e9rite de ses actions sur celles de ses cr\u00e9atures\u00a0: soit demandant pardon \u00e0 son P\u00e8re pour effacer nos crimes contraires aux vertus qu\u2019il a pratiqu\u00e9es, soit pour rendre agr\u00e9ables \u00e0 Dieu les actions vertueuses que, par sa gr\u00e2ce, les hommes peuvent faire, les unissant \u00e0 ses m\u00e9rites. C\u2019est par cette voie que il m\u2019a sembl\u00e9 que l\u2019humanit\u00e9 sainte de Notre-Seigneur nous est continuellement pr\u00e9sente\u00a0\u00bb.<span id='easy-footnote-12-105408' class='easy-footnote-margin-adjust'><\/span><span class='easy-footnote'><a href='http:\/\/vincentians.com\/fr\/itineraire-spirituel-de-louise-de-marillac-rencontre-avec-lhumanite-du-fils-de-dieu-1\/#easy-footnote-bottom-12-105408' title='E. 776 &amp;#8211; A. 14 &amp;#8211; Pens\u00e9es sur l&amp;rsquo;Incarnation et l&amp;rsquo;Eucharistie'><sup>12<\/sup><\/a><\/span>\n<p>R\u00e9fl\u00e9chissant sur \u00ab\u00a0ce myst\u00e8re redoutable de l\u2019Amour\u00a0\u00bb dont parle Jean Paul II dans son encyclique \u00ab\u00a0Le R\u00e9dempteur de l\u2019homme\u00a0\u00bb, Louise remarque combien le Christ s\u2019est associ\u00e9 \u00e0 toute la souffrance humaine, \u00e9prouvant au moment de sa mort un profond sentiment d\u2019abandon. C\u2019est ainsi, dit-elle, que le Fils de Dieu demande \u00e0 son P\u00e8re de mettre fin \u00e0 l\u2019\u00e9loignement de l\u2019homme provoqu\u00e9 par son p\u00e9ch\u00e9 et de le reconna\u00eetre comme son fils. \u00ab\u00a0L\u2019instant du rachat humain, \u00e9tant une \u0153uvre si admirable, se fait conna\u00eetre en la parole de Notre-Seigneur disant\u00a0: \u00ab\u00a0Mon Dieu pourquoi m\u2019avez-vous abandonn\u00e9\u00a0!\u00a0\u00bb et qui nous fait para\u00eetre que la personne divine souffrait par la distinction extraordinaire pour cet instant, ce qui le fait appeler\u00a0: \u00ab\u00a0Mon Dieu\u2026 mon Dieu, pourquoi m\u2019avez-vous abandonn\u00e9\u00a0!\u00a0\u00bb Il ne dit plus\u00a0: \u00ab\u00a0Mon P\u00e8re\u00a0\u00bb, (c\u2019est la) marque de la souffrance du Fils de Dieu et du d\u00e9laissement de la personne seconde de la Trinit\u00e9. Abandon par le P\u00e8re de son Fils, pour accueillir la nature humaine\u00a0!\u00a0\u00bb<span id='easy-footnote-13-105408' class='easy-footnote-margin-adjust'><\/span><span class='easy-footnote'><a href='http:\/\/vincentians.com\/fr\/itineraire-spirituel-de-louise-de-marillac-rencontre-avec-lhumanite-du-fils-de-dieu-1\/#easy-footnote-bottom-13-105408' title='E. 700 &amp;#8211; A. 21 &amp;#8211; Pens\u00e9es sur la Passion de Notre Seigneur'><sup>13<\/sup><\/a><\/span> Quel myst\u00e8re, cet accueil de la nature humaine par le P\u00e8re\u00a0! Le Fils a accept\u00e9 de vivre l\u2019abandon, tel que l\u2019homme l\u2019a ressenti apr\u00e8s son p\u00e9ch\u00e9. Tel le P\u00e8re de l\u2019enfant prodigue, Dieu va au devant de celui qui crie vers Lui. En son Fils mort et ressuscit\u00e9, Dieu voit l\u2019homme. Et regardant l\u2019homme, Dieu voit son Verbe, homme au milieu des hommes. \u00ab\u00a0La r\u00e9conciliation de la nature humaine a \u00e9t\u00e9 par ce moyen si grande, que l\u2019amour de Dieu ne s\u2019en est pu jamais s\u00e9parer. Et comme dans le Ciel, Dieu se voit en l\u2019homme par l\u2019union hypostatique du Verbe fait homme (qu\u2019) il a voulu \u00eatre en la terre, afin que tous les hommes ne fussent point s\u00e9par\u00e9s de Lui.\u00a0\u00bb <span id='easy-footnote-14-105408' class='easy-footnote-margin-adjust'><\/span><span class='easy-footnote'><a href='http:\/\/vincentians.com\/fr\/itineraire-spirituel-de-louise-de-marillac-rencontre-avec-lhumanite-du-fils-de-dieu-1\/#easy-footnote-bottom-14-105408' title='E. 709 &amp;#8211; A. 15 &amp;#8211; Conformit\u00e9 \u00e0 la volont\u00e9 de Dieu'><sup>14<\/sup><\/a><\/span>\n<p>La Passion du Fils de Dieu invite donc chacun \u00e0 renoncer au p\u00e9ch\u00e9. Sa mort et sa r\u00e9surrection deviennent pour tout homme le point de d\u00e9part d\u2019une vie nouvelle. Un jour d\u2019Ascension, elle note son d\u00e9sir de se \u00ab\u00a0tenir le plus que je pourrai, l\u2019esprit occup\u00e9 \u00e0 honorer la gloire que l\u2019humanit\u00e9 sainte de Notre-Seigneur re\u00e7oit au Ciel, avec souvenance de la voie qu\u2019il a tenue sur terre, et d\u00e9sir de l\u2019imiter.\u00a0\u00bb <span id='easy-footnote-15-105408' class='easy-footnote-margin-adjust'><\/span><span class='easy-footnote'><a href='http:\/\/vincentians.com\/fr\/itineraire-spirituel-de-louise-de-marillac-rencontre-avec-lhumanite-du-fils-de-dieu-1\/#easy-footnote-bottom-15-105408' title='E. 701 &amp;#8211; A. 10 &amp;#8211; Occupation de l&amp;rsquo;\u00e2me de l&amp;rsquo;Ascension \u00e0 la Pentec\u00f4te'><sup>15<\/sup><\/a><\/span> Quelle joie pour Louise de savoir que le Christ, en montant au Ciel, a entra\u00een\u00e9 avec lui toute la nature humaine.<\/p>\n<p>Louise remarque, avec une certaine tristesse, que l\u2019homme n\u2019accepte pas toujours cette invitation de Dieu \u00e0 une nouvelle alliance. Elle admire en Dieu le respect de la libert\u00e9 de l\u2019homme\u00a0:\u00a0\u00bb Cette union (de la nature divine \u00e0 l\u2019humaine) est moyen de celle du Cr\u00e9ateur avec sa cr\u00e9ature, quoique tous n\u2019en soient pas participants, \u00e0 cause de la volont\u00e9 libre qui est demeur\u00e9e en l\u2019homme de se perdre, suivant la malignit\u00e9 de ses inclinations et persuasions de l\u2019esprit mauvais, ou de se sauver par la gr\u00e2ce de l\u2019application des m\u00e9rites du Fils de Dieu.\u00a0\u00bb <span id='easy-footnote-16-105408' class='easy-footnote-margin-adjust'><\/span><span class='easy-footnote'><a href='http:\/\/vincentians.com\/fr\/itineraire-spirituel-de-louise-de-marillac-rencontre-avec-lhumanite-du-fils-de-dieu-1\/#easy-footnote-bottom-16-105408' title='E. 776 &amp;#8211; A. 14 &amp;#8211; Pens\u00e9es sur l&amp;rsquo;Incarnation et l&amp;rsquo;Eucharistie'><sup>16<\/sup><\/a><\/span> Dieu est en attente de l\u2019homme, son d\u00e9sir d\u2019union est d\u2019autant plus forte que celui-ci semble fuir.<\/p>\n<p>Pour Louise, la Compagnie des Filles de la Charit\u00e9 se situe dans cet immense d\u00e9sir de Dieu de rejoindre l\u2019homme jusque dans sa pauvret\u00e9. Le service corporel et spirituel des pauvres vient comme prolonger la R\u00e9demption, permettant \u00e0 ceux qui sont humili\u00e9s, malades, \u00e9cras\u00e9s, rejet\u00e9s, de retrouver leur pleine dimension d\u2019homme et d\u2019enfant de Dieu. Louise souhaite que l\u2019adh\u00e9sion des S\u0153urs \u00e0 ce projet de Dieu soit totale. Fr\u00e9quemment, elle revient sur la grandeur du dessein de Dieu sur cette petite communaut\u00e9. Elle rend toute gloire \u00e0 Dieu de ce qu\u2019elle est ainsi associ\u00e9e \u00e0 son \u0153uvre de Salut\u00a0:\u00a0\u00bb Dieu en soit b\u00e9ni \u00e0 jamais de la gloire que ces saints desseins pr\u00e9parent aux \u00e2mes qui travaillent pour le salut des autres, rachet\u00e9es du sang de J\u00e9sus-Christ.\u00a0\u00bb <span id='easy-footnote-17-105408' class='easy-footnote-margin-adjust'><\/span><span class='easy-footnote'><a href='http:\/\/vincentians.com\/fr\/itineraire-spirituel-de-louise-de-marillac-rencontre-avec-lhumanite-du-fils-de-dieu-1\/#easy-footnote-bottom-17-105408' title='E. 651 &amp;#8211; Lettre \u00e0 l&amp;rsquo;abb\u00e9 de Vaux &amp;#8211; 16 novembre 1659'><sup>17<\/sup><\/a><\/span>\n<p>Dans ses lettres, Louise aime redire aux S\u0153urs toute la splendeur de ce projet d\u2019amour de Dieu. A Jeanne Dalmagne qui est mourante, elle demande de se faire \u00ab\u00a0l\u2019avocate aupr\u00e8s de sa bont\u00e9 \u00e0 ce qu\u2019il lui plaise accomplir ses desseins sur elle\u00a0\u00bb<span id='easy-footnote-18-105408' class='easy-footnote-margin-adjust'><\/span><span class='easy-footnote'><a href='http:\/\/vincentians.com\/fr\/itineraire-spirituel-de-louise-de-marillac-rencontre-avec-lhumanite-du-fils-de-dieu-1\/#easy-footnote-bottom-18-105408' title='E. 108 &amp;#8211; Lettre \u00e0 notre tr\u00e8s Soeur la malade &amp;#8211; 1643'><sup>18<\/sup><\/a><\/span>. Louise de Marillac, \u00e9crivant \u00e0 l\u2019abb\u00e9 de Vaux qui dirige avec perspicacit\u00e9 la petite communaut\u00e9 de l\u2019h\u00f4pital, souhaite qu\u2019il \u00ab\u00a0demande \u00e0 la bont\u00e9 de Dieu,\u2026 pour toutes celles que sa divine Providence appellera en la Compagnie des Filles de la Charit\u00e9, l\u2019esprit que vous leur souhaitez qui est, \u00e0 mon avis, conforme au dessein de Dieu pour les faire subsister.\u00a0\u00bb <span id='easy-footnote-19-105408' class='easy-footnote-margin-adjust'><\/span><span class='easy-footnote'><a href='http:\/\/vincentians.com\/fr\/itineraire-spirituel-de-louise-de-marillac-rencontre-avec-lhumanite-du-fils-de-dieu-1\/#easy-footnote-bottom-19-105408' title='E. 105 &amp;#8211; Lettre \u00e0 l&amp;rsquo;Abb\u00e9 de Vaux &amp;#8211; 23 f\u00e9vrier 1644'><sup>19<\/sup><\/a><\/span>\n<p>Louise de Marillac est bien consciente que la vocation re\u00e7ue de Dieu est grande, et d\u00e9passe les simples possibilit\u00e9s humaines. C\u2019est pourquoi, en octobre 1644, elle se rend en p\u00e8lerinage \u00e0 Chartres pour consacrer la Compagnie dont elle est responsable \u00e0 la Vierge Marie. Le lundi, jour de la D\u00e9dicace de l\u2019\u00e9glise de Chartres, elle offre \u00ab\u00a0\u00e0 Dieu les desseins de sa Providence sur la Compagnie des Filles de la Charit\u00e9, lui offrant enti\u00e8rement la dite Compagnie, et lui demandant sa destruction plut\u00f4t qu\u2019elle s\u2019\u00e9tablit contre sa sainte volont\u00e9.\u00a0\u00bb <span id='easy-footnote-20-105408' class='easy-footnote-margin-adjust'><\/span><span class='easy-footnote'><a href='http:\/\/vincentians.com\/fr\/itineraire-spirituel-de-louise-de-marillac-rencontre-avec-lhumanite-du-fils-de-dieu-1\/#easy-footnote-bottom-20-105408' title='E. 120 &amp;#8211; R\u00e9cit du p\u00e9lerinage de Chartres &amp;#8211; octobre 1644'><sup>20<\/sup><\/a><\/span>. Louise manifeste sa conviction profonde\u00a0: Dieu appelle la Compagnie des Filles de la Charit\u00e9 \u00e0 collaborer avec sa gr\u00e2ce pour r\u00e9aliser son \u0153uvre de Salut dans le monde. Si les Filles de la Charit\u00e9 ne correspondent plus \u00e0 ce Dessein de Dieu, leur existence n\u2019a plus de raison d\u2019\u00eatre.<\/p>\n<p>Au long des ann\u00e9es, Louise approfondit le charisme que Dieu a confi\u00e9 \u00e0 la Compagnie des Filles de la Charit\u00e9 et le confronte avec les multiples \u00e9v\u00e9nements v\u00e9cus dans l\u2019Eglise. Son raisonnement, \u00e9clair\u00e9 par sa Foi, lui fait comprendre la n\u00e9cessit\u00e9 de faire reconna\u00eetre officiellement Monsieur Vincent comme Sup\u00e9rieur eccl\u00e9siastique des Filles de la Charit\u00e9. Elle sait que le Concile de Trente a r\u00e9affirm\u00e9 le r\u00f4le pastoral des \u00c9v\u00eaques envers tous leurs dioc\u00e9sains. Si elle souhaite soustraire les Filles de la Charit\u00e9 de l\u2019autorit\u00e9 juridique des \u00c9v\u00eaques, c\u2019est pour assurer l\u2019avenir du Service des Pauvres, car nombreux sont ceux qui, dans leurs dioc\u00e8ses, n\u2019acceptent pas des femmes consacr\u00e9es \u00e0 Dieu allant et venant dans les rues\u00a0: l\u2019\u00c9v\u00eaque de Lyon a fait clo\u00eetrer les Visitandines de Fran\u00e7ois de Sales, celui de Bordeaux, les religieuses de Jeanne de Lestonnac\u2026. Louise conna\u00eet l\u2019immense d\u00e9tresse des pauvres dans les villes et les campagnes. Renoncer \u00e0 les rencontrer chez eux pour les servir, c\u2019est renoncer au grand dessein d\u2019Amour que Dieu lui a fait conna\u00eetre. Louise de Marillac, tout comme ses oncles, ne craint pas de contester l\u2019ordre \u00e9tabli aussi bien dans la soci\u00e9t\u00e9 civile que dans l\u2019Eglise. Elle n\u2019h\u00e9site pas, dans un premier temps, \u00e0 s\u2019opposer \u00e0 son Directeur, puis ensuite elle l\u2019am\u00e8nera, avec toute sa finesse f\u00e9minine, \u00e0 entrer dans ses vues pour assurer l\u2019avenir du Service pour tous les Pauvres, en tous lieux et selon les multiples besoins per\u00e7us.<\/p>\n<p>Louise de Marillac conduit les Servantes des pauvres sur le chemin de la fid\u00e9lit\u00e9 au Charisme re\u00e7u de Dieu. Pour r\u00e9aliser le dessein de Dieu, la Fille de la Charit\u00e9 est appel\u00e9e \u00e0 resplendir la v\u00e9ritable image du Dieu d\u2019Amour, celle de son Fils, devenu homme parmi les hommes. Elle est invit\u00e9e \u00e0 suivre la m\u00eame route que le Seigneur J\u00e9sus, \u00e0 proclamer la dignit\u00e9 de l\u2019homme r\u00e9v\u00e9l\u00e9 en J\u00e9sus Christ, \u00e0 vivre dans l\u2019amour \u00e0 l\u2019exemple de celui qui \u00ab\u00a0nous a aim\u00e9 et s\u2019est livr\u00e9 pour nous\u00a0\u00bb<span id='easy-footnote-21-105408' class='easy-footnote-margin-adjust'><\/span><span class='easy-footnote'><a href='http:\/\/vincentians.com\/fr\/itineraire-spirituel-de-louise-de-marillac-rencontre-avec-lhumanite-du-fils-de-dieu-1\/#easy-footnote-bottom-21-105408' title='Eph. 5, 2'><sup>21<\/sup><\/a><\/span>.<\/p>\n","protected":false},"excerpt":{"rendered":"<p>Pr\u00e9destin\u00e9s \u00e0 \u00eatre conformes \u00e0 l\u2019image de son Fils Romains 8,29 Dieu inaccessible devient proche B\u00e9rulle a longuement contempl\u00e9 l\u2019union ineffable de l\u2019humanit\u00e9 \u00e0 la Divinit\u00e9 en la personne du Verbe, ce myst\u00e8re d\u2019amour et &#8230; <a href=\"http:\/\/vincentians.com\/fr\/itineraire-spirituel-de-louise-de-marillac-rencontre-avec-lhumanite-du-fils-de-dieu-1\/\" class=\"more-link\">Read More<\/a><\/p>\n","protected":false},"author":4,"featured_media":104506,"comment_status":"open","ping_status":"open","sticky":false,"template":"","format":"standard","meta":{"jetpack_post_was_ever_published":false,"_jetpack_newsletter_access":"","_jetpack_dont_email_post_to_subs":false,"_jetpack_newsletter_tier_id":0,"_jetpack_memberships_contains_paywalled_content":false,"_jetpack_memberships_contains_paid_content":false,"footnotes":"","jetpack_publicize_message":"","jetpack_publicize_feature_enabled":true,"jetpack_social_post_already_shared":true,"jetpack_social_options":{"image_generator_settings":{"template":"highway","default_image_id":0,"font":"","enabled":false},"version":2}},"categories":[18],"tags":[],"class_list":["post-105408","post","type-post","status-publish","format-standard","has-post-thumbnail","hentry","category-louise-de-marillac"],"yoast_head":"<!-- This site is optimized with the Yoast SEO plugin v26.3 - https:\/\/yoast.com\/wordpress\/plugins\/seo\/ -->\n<title>Itin\u00e9raire spirituel de Louise de Marillac. Rencontre avec l\u2019humanit\u00e9 du Fils de Dieu (1) - Nous Sommes Vincentiens<\/title>\n<meta name=\"robots\" content=\"index, follow, max-snippet:-1, max-image-preview:large, max-video-preview:-1\" \/>\n<link rel=\"canonical\" href=\"http:\/\/vincentians.com\/fr\/itineraire-spirituel-de-louise-de-marillac-rencontre-avec-lhumanite-du-fils-de-dieu-1\/\" \/>\n<meta property=\"og:locale\" content=\"fr_FR\" \/>\n<meta property=\"og:type\" content=\"article\" \/>\n<meta property=\"og:title\" content=\"Itin\u00e9raire spirituel de Louise de Marillac. Rencontre avec l\u2019humanit\u00e9 du Fils de Dieu (1) - Nous Sommes Vincentiens\" \/>\n<meta property=\"og:description\" content=\"Pr\u00e9destin\u00e9s \u00e0 \u00eatre conformes \u00e0 l\u2019image de son Fils Romains 8,29 Dieu inaccessible devient proche B\u00e9rulle a longuement contempl\u00e9 l\u2019union ineffable de l\u2019humanit\u00e9 \u00e0 la Divinit\u00e9 en la personne du Verbe, ce myst\u00e8re d\u2019amour et ... Read More\" \/>\n<meta property=\"og:url\" content=\"http:\/\/vincentians.com\/fr\/itineraire-spirituel-de-louise-de-marillac-rencontre-avec-lhumanite-du-fils-de-dieu-1\/\" \/>\n<meta property=\"og:site_name\" content=\"Nous Sommes Vincentiens\" \/>\n<meta property=\"article:publisher\" content=\"https:\/\/www.facebook.com\/WeAreVincentians\/\" \/>\n<meta property=\"article:author\" content=\"https:\/\/www.facebook.com\/JavierChento\" \/>\n<meta property=\"article:published_time\" content=\"2015-02-12T06:55:24+00:00\" \/>\n<meta name=\"author\" content=\"Francisco Javier Fern\u00e1ndez Chento\" \/>\n<meta name=\"twitter:card\" content=\"summary_large_image\" \/>\n<meta name=\"twitter:creator\" content=\"@https:\/\/twitter.com\/javierchento\" \/>\n<meta name=\"twitter:site\" content=\"@WeVincentians\" \/>\n<meta name=\"twitter:label1\" content=\"\u00c9crit par\" \/>\n\t<meta name=\"twitter:data1\" content=\"Francisco Javier Fern\u00e1ndez Chento\" \/>\n\t<meta name=\"twitter:label2\" content=\"Dur\u00e9e de lecture estim\u00e9e\" \/>\n\t<meta name=\"twitter:data2\" content=\"13 minutes\" \/>\n<script type=\"application\/ld+json\" class=\"yoast-schema-graph\">{\"@context\":\"https:\/\/schema.org\",\"@graph\":[{\"@type\":\"WebPage\",\"@id\":\"http:\/\/vincentians.com\/fr\/itineraire-spirituel-de-louise-de-marillac-rencontre-avec-lhumanite-du-fils-de-dieu-1\/\",\"url\":\"http:\/\/vincentians.com\/fr\/itineraire-spirituel-de-louise-de-marillac-rencontre-avec-lhumanite-du-fils-de-dieu-1\/\",\"name\":\"Itin\u00e9raire spirituel de Louise de Marillac. Rencontre avec l\u2019humanit\u00e9 du Fils de Dieu (1) - Nous Sommes Vincentiens\",\"isPartOf\":{\"@id\":\"https:\/\/vincentians.com\/fr\/#website\"},\"primaryImageOfPage\":{\"@id\":\"http:\/\/vincentians.com\/fr\/itineraire-spirituel-de-louise-de-marillac-rencontre-avec-lhumanite-du-fils-de-dieu-1\/#primaryimage\"},\"image\":{\"@id\":\"http:\/\/vincentians.com\/fr\/itineraire-spirituel-de-louise-de-marillac-rencontre-avec-lhumanite-du-fils-de-dieu-1\/#primaryimage\"},\"thumbnailUrl\":\"\",\"datePublished\":\"2015-02-12T06:55:24+00:00\",\"author\":{\"@id\":\"https:\/\/vincentians.com\/fr\/#\/schema\/person\/9623ef4d9aa3b2dfb8c061f1499288f2\"},\"breadcrumb\":{\"@id\":\"http:\/\/vincentians.com\/fr\/itineraire-spirituel-de-louise-de-marillac-rencontre-avec-lhumanite-du-fils-de-dieu-1\/#breadcrumb\"},\"inLanguage\":\"fr-FR\",\"potentialAction\":[{\"@type\":\"ReadAction\",\"target\":[\"http:\/\/vincentians.com\/fr\/itineraire-spirituel-de-louise-de-marillac-rencontre-avec-lhumanite-du-fils-de-dieu-1\/\"]}]},{\"@type\":\"ImageObject\",\"inLanguage\":\"fr-FR\",\"@id\":\"http:\/\/vincentians.com\/fr\/itineraire-spirituel-de-louise-de-marillac-rencontre-avec-lhumanite-du-fils-de-dieu-1\/#primaryimage\",\"url\":\"\",\"contentUrl\":\"\"},{\"@type\":\"BreadcrumbList\",\"@id\":\"http:\/\/vincentians.com\/fr\/itineraire-spirituel-de-louise-de-marillac-rencontre-avec-lhumanite-du-fils-de-dieu-1\/#breadcrumb\",\"itemListElement\":[{\"@type\":\"ListItem\",\"position\":1,\"name\":\"Portada\",\"item\":\"https:\/\/vincentians.com\/fr\/\"},{\"@type\":\"ListItem\",\"position\":2,\"name\":\"Itin\u00e9raire spirituel de Louise de Marillac. Rencontre avec l\u2019humanit\u00e9 du Fils de Dieu (1)\"}]},{\"@type\":\"WebSite\",\"@id\":\"https:\/\/vincentians.com\/fr\/#website\",\"url\":\"https:\/\/vincentians.com\/fr\/\",\"name\":\"Nous Sommes Vincentiens\",\"description\":\"Know more to serve more\",\"potentialAction\":[{\"@type\":\"SearchAction\",\"target\":{\"@type\":\"EntryPoint\",\"urlTemplate\":\"https:\/\/vincentians.com\/fr\/?s={search_term_string}\"},\"query-input\":{\"@type\":\"PropertyValueSpecification\",\"valueRequired\":true,\"valueName\":\"search_term_string\"}}],\"inLanguage\":\"fr-FR\"},{\"@type\":\"Person\",\"@id\":\"https:\/\/vincentians.com\/fr\/#\/schema\/person\/9623ef4d9aa3b2dfb8c061f1499288f2\",\"name\":\"Francisco Javier Fern\u00e1ndez Chento\",\"image\":{\"@type\":\"ImageObject\",\"inLanguage\":\"fr-FR\",\"@id\":\"https:\/\/vincentians.com\/fr\/#\/schema\/person\/image\/\",\"url\":\"https:\/\/secure.gravatar.com\/avatar\/497d5cde87b4c3d097d0315953521681ba2cd523ee66e5077c3711f7021e65de?s=96&d=mm&r=g\",\"contentUrl\":\"https:\/\/secure.gravatar.com\/avatar\/497d5cde87b4c3d097d0315953521681ba2cd523ee66e5077c3711f7021e65de?s=96&d=mm&r=g\",\"caption\":\"Francisco Javier Fern\u00e1ndez Chento\"},\"description\":\"Director General y cofundador de La Red de Formaci\u00f3n Vicenciana. Javier es laico vicenciano, afiliado a la Congregaci\u00f3n de la Misi\u00f3n y miembro del Equipo de Misiones Populares de la provincia can\u00f3nica de Zaragoza (Espa\u00f1a) de la Congregaci\u00f3n de la Misi\u00f3n. Graduado en la Universidad Oberta de Catalunya con cuatro grados (Asistente de direcci\u00f3n, Gesti\u00f3n Administrativa, Recursos Humanos y Contabilidad Avanzada). Bil\u00edng\u00fce Espa\u00f1ol\/Ingl\u00e9s. gestiona y mantiene varias p\u00e1ginas web cristianas y vicencianas, incluida including La Red de Formaci\u00f3n Vicenciana, de la que es cofundador. Actualmente es responsable del \u00e1rea de Espa\u00f1ol de .famvin, la Red de Noticias de la Familia Vicenciana. Tambi\u00e9n es m\u00fasico cat\u00f3lico y ha editado varios discos. Es Director General y cofundador de Trovador, una reconocida compa\u00f1\u00eda discogr\u00e1fica critiana de Espa\u00f1a. Trabaja en las Tecnolog\u00edas de la Informaci\u00f3n, ofreciendo servicios de alojamiento, dise\u00f1o y mantenimiento Web, as\u00ed como asesoramiento, formaci\u00f3n y soluciones inform\u00e1ticas, gesti\u00f3n documental y digitalizaci\u00f3n de textos, edici\u00f3n y maquetaci\u00f3n de libros, revistas, flyers, etc.\",\"sameAs\":[\"http:\/\/chento.org\",\"https:\/\/www.facebook.com\/JavierChento\",\"https:\/\/x.com\/https:\/\/twitter.com\/javierchento\"],\"url\":\"http:\/\/vincentians.com\/fr\/author\/chento\/\"}]}<\/script>\n<!-- \/ Yoast SEO plugin. -->","yoast_head_json":{"title":"Itin\u00e9raire spirituel de Louise de Marillac. Rencontre avec l\u2019humanit\u00e9 du Fils de Dieu (1) - Nous Sommes Vincentiens","robots":{"index":"index","follow":"follow","max-snippet":"max-snippet:-1","max-image-preview":"max-image-preview:large","max-video-preview":"max-video-preview:-1"},"canonical":"http:\/\/vincentians.com\/fr\/itineraire-spirituel-de-louise-de-marillac-rencontre-avec-lhumanite-du-fils-de-dieu-1\/","og_locale":"fr_FR","og_type":"article","og_title":"Itin\u00e9raire spirituel de Louise de Marillac. Rencontre avec l\u2019humanit\u00e9 du Fils de Dieu (1) - Nous Sommes Vincentiens","og_description":"Pr\u00e9destin\u00e9s \u00e0 \u00eatre conformes \u00e0 l\u2019image de son Fils Romains 8,29 Dieu inaccessible devient proche B\u00e9rulle a longuement contempl\u00e9 l\u2019union ineffable de l\u2019humanit\u00e9 \u00e0 la Divinit\u00e9 en la personne du Verbe, ce myst\u00e8re d\u2019amour et ... Read More","og_url":"http:\/\/vincentians.com\/fr\/itineraire-spirituel-de-louise-de-marillac-rencontre-avec-lhumanite-du-fils-de-dieu-1\/","og_site_name":"Nous Sommes Vincentiens","article_publisher":"https:\/\/www.facebook.com\/WeAreVincentians\/","article_author":"https:\/\/www.facebook.com\/JavierChento","article_published_time":"2015-02-12T06:55:24+00:00","author":"Francisco Javier Fern\u00e1ndez Chento","twitter_card":"summary_large_image","twitter_creator":"@https:\/\/twitter.com\/javierchento","twitter_site":"@WeVincentians","twitter_misc":{"\u00c9crit par":"Francisco Javier Fern\u00e1ndez Chento","Dur\u00e9e de lecture estim\u00e9e":"13 minutes"},"schema":{"@context":"https:\/\/schema.org","@graph":[{"@type":"WebPage","@id":"http:\/\/vincentians.com\/fr\/itineraire-spirituel-de-louise-de-marillac-rencontre-avec-lhumanite-du-fils-de-dieu-1\/","url":"http:\/\/vincentians.com\/fr\/itineraire-spirituel-de-louise-de-marillac-rencontre-avec-lhumanite-du-fils-de-dieu-1\/","name":"Itin\u00e9raire spirituel de Louise de Marillac. Rencontre avec l\u2019humanit\u00e9 du Fils de Dieu (1) - Nous Sommes Vincentiens","isPartOf":{"@id":"https:\/\/vincentians.com\/fr\/#website"},"primaryImageOfPage":{"@id":"http:\/\/vincentians.com\/fr\/itineraire-spirituel-de-louise-de-marillac-rencontre-avec-lhumanite-du-fils-de-dieu-1\/#primaryimage"},"image":{"@id":"http:\/\/vincentians.com\/fr\/itineraire-spirituel-de-louise-de-marillac-rencontre-avec-lhumanite-du-fils-de-dieu-1\/#primaryimage"},"thumbnailUrl":"","datePublished":"2015-02-12T06:55:24+00:00","author":{"@id":"https:\/\/vincentians.com\/fr\/#\/schema\/person\/9623ef4d9aa3b2dfb8c061f1499288f2"},"breadcrumb":{"@id":"http:\/\/vincentians.com\/fr\/itineraire-spirituel-de-louise-de-marillac-rencontre-avec-lhumanite-du-fils-de-dieu-1\/#breadcrumb"},"inLanguage":"fr-FR","potentialAction":[{"@type":"ReadAction","target":["http:\/\/vincentians.com\/fr\/itineraire-spirituel-de-louise-de-marillac-rencontre-avec-lhumanite-du-fils-de-dieu-1\/"]}]},{"@type":"ImageObject","inLanguage":"fr-FR","@id":"http:\/\/vincentians.com\/fr\/itineraire-spirituel-de-louise-de-marillac-rencontre-avec-lhumanite-du-fils-de-dieu-1\/#primaryimage","url":"","contentUrl":""},{"@type":"BreadcrumbList","@id":"http:\/\/vincentians.com\/fr\/itineraire-spirituel-de-louise-de-marillac-rencontre-avec-lhumanite-du-fils-de-dieu-1\/#breadcrumb","itemListElement":[{"@type":"ListItem","position":1,"name":"Portada","item":"https:\/\/vincentians.com\/fr\/"},{"@type":"ListItem","position":2,"name":"Itin\u00e9raire spirituel de Louise de Marillac. Rencontre avec l\u2019humanit\u00e9 du Fils de Dieu (1)"}]},{"@type":"WebSite","@id":"https:\/\/vincentians.com\/fr\/#website","url":"https:\/\/vincentians.com\/fr\/","name":"Nous Sommes Vincentiens","description":"Know more to serve more","potentialAction":[{"@type":"SearchAction","target":{"@type":"EntryPoint","urlTemplate":"https:\/\/vincentians.com\/fr\/?s={search_term_string}"},"query-input":{"@type":"PropertyValueSpecification","valueRequired":true,"valueName":"search_term_string"}}],"inLanguage":"fr-FR"},{"@type":"Person","@id":"https:\/\/vincentians.com\/fr\/#\/schema\/person\/9623ef4d9aa3b2dfb8c061f1499288f2","name":"Francisco Javier Fern\u00e1ndez Chento","image":{"@type":"ImageObject","inLanguage":"fr-FR","@id":"https:\/\/vincentians.com\/fr\/#\/schema\/person\/image\/","url":"https:\/\/secure.gravatar.com\/avatar\/497d5cde87b4c3d097d0315953521681ba2cd523ee66e5077c3711f7021e65de?s=96&d=mm&r=g","contentUrl":"https:\/\/secure.gravatar.com\/avatar\/497d5cde87b4c3d097d0315953521681ba2cd523ee66e5077c3711f7021e65de?s=96&d=mm&r=g","caption":"Francisco Javier Fern\u00e1ndez Chento"},"description":"Director General y cofundador de La Red de Formaci\u00f3n Vicenciana. Javier es laico vicenciano, afiliado a la Congregaci\u00f3n de la Misi\u00f3n y miembro del Equipo de Misiones Populares de la provincia can\u00f3nica de Zaragoza (Espa\u00f1a) de la Congregaci\u00f3n de la Misi\u00f3n. Graduado en la Universidad Oberta de Catalunya con cuatro grados (Asistente de direcci\u00f3n, Gesti\u00f3n Administrativa, Recursos Humanos y Contabilidad Avanzada). Bil\u00edng\u00fce Espa\u00f1ol\/Ingl\u00e9s. gestiona y mantiene varias p\u00e1ginas web cristianas y vicencianas, incluida including La Red de Formaci\u00f3n Vicenciana, de la que es cofundador. Actualmente es responsable del \u00e1rea de Espa\u00f1ol de .famvin, la Red de Noticias de la Familia Vicenciana. Tambi\u00e9n es m\u00fasico cat\u00f3lico y ha editado varios discos. Es Director General y cofundador de Trovador, una reconocida compa\u00f1\u00eda discogr\u00e1fica critiana de Espa\u00f1a. Trabaja en las Tecnolog\u00edas de la Informaci\u00f3n, ofreciendo servicios de alojamiento, dise\u00f1o y mantenimiento Web, as\u00ed como asesoramiento, formaci\u00f3n y soluciones inform\u00e1ticas, gesti\u00f3n documental y digitalizaci\u00f3n de textos, edici\u00f3n y maquetaci\u00f3n de libros, revistas, flyers, etc.","sameAs":["http:\/\/chento.org","https:\/\/www.facebook.com\/JavierChento","https:\/\/x.com\/https:\/\/twitter.com\/javierchento"],"url":"http:\/\/vincentians.com\/fr\/author\/chento\/"}]}},"jetpack_publicize_connections":[],"jetpack_featured_media_url":"","jetpack_sharing_enabled":true,"jetpack_shortlink":"https:\/\/wp.me\/p7ETMP-rq8","jetpack-related-posts":[{"id":105412,"url":"http:\/\/vincentians.com\/fr\/itineraire-spirituel-de-louise-de-marillac-rencontre-avec-lhumanite-du-fils-de-dieu-2\/","url_meta":{"origin":105408,"position":0},"title":"Itin\u00e9raire spirituel de Louise de Marillac. Rencontre avec l\u2019humanit\u00e9 du Fils de Dieu (2)","author":"Francisco Javier Fern\u00e1ndez Chento","date":"13\/02\/2015","format":false,"excerpt":"Le Christ, homme parmi les hommes Si B\u00e9rulle a appris \u00e0 Louise de Marillac \u00e0 contempler le Fils de Dieu, le Verbe fait chair, Vincent de Paul l\u2019am\u00e8ne \u00e0 d\u00e9couvrir la personne de J\u00e9sus Christ, \u00e0 situer son action dans son sillage, comme lui-m\u00eame l\u2019a appris de Fran\u00e7ois de Sales.\u2026","rel":"","context":"Dans &quot;Louise de Marillac&quot;","block_context":{"text":"Louise de Marillac","link":"http:\/\/vincentians.com\/fr\/category\/the-vincentian-family\/founders\/louise-de-marillac\/"},"img":{"alt_text":"","src":"","width":0,"height":0},"classes":[]},{"id":105415,"url":"http:\/\/vincentians.com\/fr\/itineraire-spirituel-de-louise-de-marillac-rencontre-avec-lhumanite-du-fils-de-dieu-5\/","url_meta":{"origin":105408,"position":1},"title":"Itin\u00e9raire spirituel de Louise de Marillac. Rencontre avec l\u2019humanit\u00e9 du Fils de Dieu (5)","author":"Francisco Javier Fern\u00e1ndez Chento","date":"16\/02\/2015","format":false,"excerpt":"Marie, chef d\u2019\u0153uvre de Dieu Pour devenir homme parmi les hommes, Dieu, dans le conseil de la Trinit\u00e9, fait appel \u00e0 une femme et n\u2019h\u00e9site pas \u00e0 l\u2019associer d\u2019une mani\u00e8re tr\u00e8s particuli\u00e8re \u00e0 sa divinit\u00e9. Louise de Marillac en est toute \u00e9blouie\u00a0: \"Toute ma vie, au temps, et en l\u2019\u00e9ternit\u00e9,\u2026","rel":"","context":"Dans &quot;Louise de Marillac&quot;","block_context":{"text":"Louise de Marillac","link":"http:\/\/vincentians.com\/fr\/category\/the-vincentian-family\/founders\/louise-de-marillac\/"},"img":{"alt_text":"","src":"","width":0,"height":0},"classes":[]},{"id":105414,"url":"http:\/\/vincentians.com\/fr\/itineraire-spirituel-de-louise-de-marillac-rencontre-avec-lhumanite-du-fils-de-dieu-4\/","url_meta":{"origin":105408,"position":2},"title":"Itin\u00e9raire spirituel de Louise de Marillac. Rencontre avec l\u2019humanit\u00e9 du Fils de Dieu (4)","author":"Francisco Javier Fern\u00e1ndez Chento","date":"15\/02\/2015","format":false,"excerpt":"L\u2019Eucharistie, une admirable invention En m\u00e9ditant sur l\u2019Incarnation, Louise remarque avec beaucoup d\u2019admiration et d\u2019\u00e9motion que \"le Fils de Dieu ne s\u2019est pas content\u00e9 de prendre un corps humain\" et d\u2019habiter au milieu des hommes, \"mais voulant une union ins\u00e9parable de la nature divine \u00e0 l\u2019humaine, il l\u2019a faite apr\u00e8s\u2026","rel":"","context":"Dans &quot;Louise de Marillac&quot;","block_context":{"text":"Louise de Marillac","link":"http:\/\/vincentians.com\/fr\/category\/the-vincentian-family\/founders\/louise-de-marillac\/"},"img":{"alt_text":"","src":"","width":0,"height":0},"classes":[]},{"id":106100,"url":"http:\/\/vincentians.com\/fr\/itineraire-spirituel-de-louise-de-marillac-la-perfection-de-lamour-1\/","url_meta":{"origin":105408,"position":3},"title":"Itin\u00e9raire spirituel de Louise de Marillac. La perfection de l\u2019Amour (1)","author":"Francisco Javier Fern\u00e1ndez Chento","date":"05\/03\/2013","format":false,"excerpt":"Accueillir l\u2019Esprit d\u2019Amour Louise de Marillac semble avoir d\u00e9couvert tardivement le r\u00f4le de l\u2019Esprit Saint, l\u2019ardeur de son Amour, sa puissance d\u2019action dans les \u00e2mes et dans l\u2019Eglise. Sa retraite de 1657 laisse percevoir cette prise de conscience et sa relation \u00e0 l\u2019Esprit en tant que troisi\u00e8me personne de la\u2026","rel":"","context":"Dans &quot;Louise de Marillac&quot;","block_context":{"text":"Louise de Marillac","link":"http:\/\/vincentians.com\/fr\/category\/the-vincentian-family\/founders\/louise-de-marillac\/"},"img":{"alt_text":"","src":"","width":0,"height":0},"classes":[]},{"id":106105,"url":"http:\/\/vincentians.com\/fr\/itineraire-spirituel-de-louise-de-marillac-la-perfection-de-lamour-2\/","url_meta":{"origin":105408,"position":4},"title":"Itin\u00e9raire spirituel de Louise de Marillac. La perfection de l\u2019Amour (2)","author":"Francisco Javier Fern\u00e1ndez Chento","date":"06\/03\/2013","format":false,"excerpt":"Aspirer au pur amour \"Courage, mes ch\u00e8res S\u0153urs, que ce soit avec un grand c\u0153ur, tout plein du pur amour de Dieu qui vous fasse toujours aimer les roses parmi les \u00e9pines\" Tel est le souhait que Louise adresse aux S\u0153urs de la Communaut\u00e9 d\u2019Angers, au service des nombreux malades\u2026","rel":"","context":"Dans &quot;Louise de Marillac&quot;","block_context":{"text":"Louise de Marillac","link":"http:\/\/vincentians.com\/fr\/category\/the-vincentian-family\/founders\/louise-de-marillac\/"},"img":{"alt_text":"","src":"","width":0,"height":0},"classes":[]},{"id":56628,"url":"http:\/\/vincentians.com\/fr\/lincarnation-et-noel-avec-saint-vincent\/","url_meta":{"origin":105408,"position":5},"title":"L\u2019incarnation Et No\u00ebl Avec Saint Vincent","author":"Francisco Javier Fern\u00e1ndez Chento","date":"19\/12\/2012","format":false,"excerpt":"La Congr\u00e9gation de la Mission a \u00e9t\u00e9 fond\u00e9e, le 17 avril 1625, \u00abpour honorer le myst\u00e8re de l'Incarnation, la vie et la mort de J\u00e9sus-Christ\u00bb, SV, XIII, 198, et la Bulle qui l'institue canoniquement, le 12 janvier 1633, sp\u00e9cifie qu'elle \u00abhonorera sp\u00e9cialement la tr\u00e8s sainte Trinit\u00e9, le saint myst\u00e8re de\u2026","rel":"","context":"Dans &quot;Vincent de Paul&quot;","block_context":{"text":"Vincent de Paul","link":"http:\/\/vincentians.com\/fr\/category\/the-vincentian-family\/founders\/vincent-de-paul\/"},"img":{"alt_text":"","src":"https:\/\/i0.wp.com\/vincentiens.org\/wp-content\/uploads\/2012\/12\/noel_avec_vincent_01-209x300.jpg?resize=350%2C200","width":350,"height":200},"classes":[]}],"_links":{"self":[{"href":"http:\/\/vincentians.com\/fr\/wp-json\/wp\/v2\/posts\/105408","targetHints":{"allow":["GET"]}}],"collection":[{"href":"http:\/\/vincentians.com\/fr\/wp-json\/wp\/v2\/posts"}],"about":[{"href":"http:\/\/vincentians.com\/fr\/wp-json\/wp\/v2\/types\/post"}],"author":[{"embeddable":true,"href":"http:\/\/vincentians.com\/fr\/wp-json\/wp\/v2\/users\/4"}],"replies":[{"embeddable":true,"href":"http:\/\/vincentians.com\/fr\/wp-json\/wp\/v2\/comments?post=105408"}],"version-history":[{"count":0,"href":"http:\/\/vincentians.com\/fr\/wp-json\/wp\/v2\/posts\/105408\/revisions"}],"wp:featuredmedia":[{"embeddable":true,"href":"http:\/\/vincentians.com\/fr\/wp-json\/"}],"wp:attachment":[{"href":"http:\/\/vincentians.com\/fr\/wp-json\/wp\/v2\/media?parent=105408"}],"wp:term":[{"taxonomy":"category","embeddable":true,"href":"http:\/\/vincentians.com\/fr\/wp-json\/wp\/v2\/categories?post=105408"},{"taxonomy":"post_tag","embeddable":true,"href":"http:\/\/vincentians.com\/fr\/wp-json\/wp\/v2\/tags?post=105408"}],"curies":[{"name":"wp","href":"https:\/\/api.w.org\/{rel}","templated":true}]}}