{"id":105392,"date":"2016-08-29T12:00:37","date_gmt":"2016-08-29T10:00:37","guid":{"rendered":"http:\/\/vincentiens.org\/?p=105392"},"modified":"2016-08-09T10:19:38","modified_gmt":"2016-08-09T08:19:38","slug":"la-vie-de-mademoiselle-le-gras-livre-second-chapitre-1","status":"publish","type":"post","link":"http:\/\/vincentians.com\/fr\/la-vie-de-mademoiselle-le-gras-livre-second-chapitre-1\/","title":{"rendered":"La Vie de Mademoiselle Le Gras. Livre Second, Chapitre 1"},"content":{"rendered":"<p>Les Confr\u00e9ries de Charit\u00e9, depuis l&rsquo;ann\u00e9e mil six cent dix sept, que la premi\u00e8re avait \u00e9t\u00e9 institu\u00e9e par Monsieur Vincent, n&rsquo;avaient pas encore toute la perfection qui leur \u00e9tait n\u00e9cessaire. Dans les paroisses de la campagne o\u00f9 elles avaient \u00e9t\u00e9 premi\u00e8rement \u00e9tablies, les femmes qui s&rsquo;y engageaient, assistaient elles-m\u00eames les malades, faisant leurs lits et leur pr\u00e9parant la nourriture et les rem\u00e8des.<\/p>\n<p>Mais apr\u00e8s que l&rsquo;\u00e9tablissement fut fait dans Paris, comme il y entra grand nombre de Dames de la premi\u00e8re qualit\u00e9, il n&rsquo;y avait pas d&rsquo;apparence qu&rsquo;elles pussent rendre aux malades les services n\u00e9cessaires par leurs mains, de quelque z\u00e8le qu&rsquo;elles fussent anim\u00e9es. Et d&rsquo;ailleurs il \u00e9tait difficile que s&rsquo;en d\u00e9chargeant sur leurs domestiques, ils eussent assez d&rsquo;adresse et d&rsquo;affection pour s&rsquo;en bien acquitter.<\/p>\n<p>Ce qui fit juger \u00e0 Monsieur Vincent qu&rsquo;il fallait absolument avoir des Servantes qui fussent employ\u00e9es \u00e0 ce minist\u00e8re, sous la conduite des Dames; et ayant propos\u00e9 ce dessein dans ses Missions \u00e0 des filles de la campagne, il en trouva plusieurs qui s&rsquo;offrirent d&rsquo;y consacrer toute leur vie.<\/p>\n<p>Ces filles qui n&rsquo;avaient autre d\u00e9pendance que des Dames des paroisses, sans avoir entr&rsquo;elles aucune liaison ni correspondance, et sans \u00eatre sous la direction d&rsquo;une Sup\u00e9rieure, ne pouvaient \u00eatre bien instruites pour le service des pauvres ni pour les exercices de la pi\u00e9t\u00e9; et lorsqu&rsquo;il en fallait changer quelques unes, ou en donner pour les nouveaux \u00e9tablissements, on n&rsquo;en trouvait pas ais\u00e9ment qui fussent toutes dress\u00e9es. C&rsquo;est pourquoi Monsieur Vincent crut qu&rsquo;il \u00e9tait n\u00e9cessaire d&rsquo;unir ces filles en communaut\u00e9 sous la conduite d&rsquo;une Sup\u00e9rieure, afin qu&rsquo;elles fussent form\u00e9es pour les exercices de la charit\u00e9, et qu&rsquo;il y en e\u00fbt toujours en r\u00e9serve pour en fournir aux besoins.<\/p>\n<p>Il ne trouva personne qui f\u00fbt plus digne de cet emploi que Mademoiselle Le Gras, dans laquelle il avait reconnu depuis tant d&rsquo;ann\u00e9es une prudence consomm\u00e9e, une pi\u00e9t\u00e9 exemplaire et pers\u00e9v\u00e9rante et un z\u00e8le ardent et infatigable. Il lui mit entre les mains quelques filles pour les loger en sa maison, et pour les faire vivre en communaut\u00e9. Elle demeurait pour lors pr\u00e8s de Saint Nicolas du Chardonnet, et elle commen\u00e7a cette petite communaut\u00e9 en l&rsquo;ann\u00e9e mille six cent trente trois, le vingt neuvi\u00e8me de novembre, veille de Saint Andr\u00e9.<\/p>\n<p>Ce fut l\u00e0 o\u00f9 prit naissance la sainte Compagnie des Filles de la Charit\u00e9 servantes des pauvres, sur laquelle le Ciel a r\u00e9pandu depuis ce temps des b\u00e9n\u00e9dictions si abondantes, et qui s&rsquo;est accrue et multipli\u00e9e par un grand nombre d&rsquo;\u00e9tablissements.<\/p>\n<p>Apr\u00e8s s&rsquo;\u00eatre charg\u00e9e de la conduite de cette compagnie naissante, elle eut tant d&rsquo;amour pour cette vocation, qu&rsquo;elle voulut s&rsquo;y sacrifier enti\u00e8rement; et l&rsquo;ann\u00e9e suivante, le jour de l&rsquo;Annonciation de Sainte Vierge, elle s&rsquo;y engagea par un voeu irr\u00e9vocable, avec lequel elle renouvela le voeu de viduit\u00e9 : et depuis ce temps-l\u00e0, elle offrit \u00e0 Dieu pendant sa vie, un de ses communions tous les mois, pour lui rendre gr\u00e2ces de ce qu&rsquo;il lui avait plu l&rsquo;appeler \u00e0 cet \u00e9tat.<\/p>\n<p>La Providence divine qui avait commenc\u00e9 ce grand ouvrage de Charit\u00e9, par l&rsquo;institution d&rsquo;une Compagnie de filles pour servir les pauvres, lui donna sa derni\u00e8re perfection, en pr\u00e9parant un fonds pour en soutenir les d\u00e9penses, et elle forma dans Paris, la source et le centre de toutes les richesses du Royaume, une assembl\u00e9e de Dames de la plus haute qualit\u00e9, qui se trouva en \u00e9tat dans la suite de pourvoir \u00e0 toutes sortes de mis\u00e8res, et qui r\u00e9pandit ses charit\u00e9s jusque dans les provinces les plus \u00e9loign\u00e9es, dans les temps mal heureux de famine, de guerre et de maladie.<\/p>\n<p>Cette sainte compagnie a fait rena\u00eetre de nos jours la charit\u00e9 des premiers chr\u00e9tiens, qui par le conseil de saint Paul apportaient dans les assembl\u00e9es, ce qu&rsquo;ils pouvaient donner de leurs biens pour secourir les Saints \u00e0 J\u00e9rusalem, amassant ainsi et th\u00e9saurisant, selon l&rsquo;expression de cet Ap\u00f4tre, non seulement pour ces pauvres qu&rsquo;ils assistaient dans leurs n\u00e9cessit\u00e9s, mais principalement pour eux-m\u00eames, par le m\u00e9rite des tr\u00e9sors c\u00e9lestes qu&rsquo;ils acqu\u00e9raient, C&rsquo;est pourquoi, selon la remarque de Saint Chrysostome, <i>saint Paul ne dit pas seulement, que chacun de vous mette \u00e0 part ce qu&rsquo;il veut donner, mais qu&rsquo;il th\u00e9saurise : pour nous apprendre que les d\u00e9penses qui se font en aum\u00f4nes, sont des profits avantageux et des tr\u00e9sors infinis pour ceux m\u00eame qui les font avec le plus de profusion et de lib\u00e9ralit\u00e9. (cf. 1 Cor.16,2) <\/i><\/p>\n<p>On a vu para\u00eetre aussi en m\u00eame temps dans la personne de Vincent de Paul, le promoteur de toutes ces charit\u00e9s, et le directeur de ces assembl\u00e9es, l&rsquo;image de la conduite de cet Ap\u00f4tre, qui sollicitait toutes les Eglises de recueillir des aum\u00f4nes, et qui jugea cet emploi si digne de son apostolat, que lorsqu&rsquo;il partagea avec saint Pierre le minist\u00e8re de la pr\u00e9dication, laissant \u00e0 ce Prince des Ap\u00f4tres la conversion des Juifs, et se chargeant seulement des Gentils; il ne fit point de r\u00e9serve pour lui dans le soin des pauvres, embrassant \u00e9galement la charge de tous ceux qui se trouvaient parmi ces deux nations, et s&rsquo;offrit m\u00eame d&rsquo;interrompre la pr\u00e9dication de l&rsquo;Evangile, c&rsquo;est \u00e0 dire, la fonction la plus importante pour laquelle il se dispensait d&rsquo;administrer les Sacrements, pour porter les charit\u00e9s des fid\u00e8les \u00e0 J\u00e9rusalem.<\/p>\n<p>Cette assembl\u00e9e des Dames dans son commencement se proposa seulement le dessein de donner quelque soulagement aux malades de l&rsquo;H\u00f4tel Dieu. Mademoiselle Le Gras et quelques autres Dames de pi\u00e9t\u00e9 ayant reconnu dans les visites de ces pauvres qu&rsquo;il leur manquait beaucoup de douceurs que l&rsquo;H\u00f4pital ne leur pouvait fournir, en communiqu\u00e8rent \u00e0 Monsieur Vincent, qui leur donna avis de faire des assembl\u00e9es pour chercher les moyens de pouvoir \u00e0 ces besoins.<\/p>\n<p>La premi\u00e8re assembl\u00e9e se fit en l&rsquo;ann\u00e9e mille six cent trente quatre chez madame la Pr\u00e9sidente Goussault, o\u00f9 se trouv\u00e8rent Mesdames de Villesavin, et Le Bailleul, et Mademoiselle Pollalion, Fondatrice des filles de la Providence.<\/p>\n<p>La seconde assembl\u00e9e fut plus grande que la premi\u00e8re et Madame la Chanceli\u00e8re l&rsquo;honora de sa pr\u00e9sence avec madame Fouquet, et plusieurs autres Dames de qualit\u00e9.<\/p>\n<p>Elles r\u00e9solurent avec ce charitable directeur qui y pr\u00e9sidait, qu&rsquo;on donnerait tous les jours aux malades de cet h\u00f4pital, des confitures, de la gel\u00e9e, et autres douceurs par mani\u00e8re de collation, qui leur seraient pr\u00e9sent\u00e9es par les Dames chacune \u00e0 leur tour, accompagnant de consolations spirituelles cette action de charit\u00e9.<\/p>\n<p>Pour rendre l&rsquo;assembl\u00e9e plus r\u00e9gl\u00e9e, on y \u00e9tablit trois Offici\u00e8res, une Sup\u00e9rieure, une Assistante, et une Tr\u00e9sori\u00e8re. On fit l&rsquo;\u00e9lection de madame Goussault pour les premi\u00e8res fonctions de Sup\u00e9rieure, qui s&rsquo;en acquitta avec beaucoup de conduite et de z\u00e8le.<\/p>\n<p>Son exemple fut suivi par Madame de Soucari\u00e8re qui lui succ\u00e9da dans cette charge. La troisi\u00e8me Sup\u00e9rieure fut Madame la Pr\u00e9sidente de Lamoignon dont la pi\u00e9t\u00e9 h\u00e9r\u00e9ditaire \u00e0 son illustre famille, n&rsquo;en fait pas moins la gloire, que les premi\u00e8res charges du Royaume qu&rsquo;elle remplit avec tant d&rsquo;\u00e9clat.<\/p>\n<p>Cet emploi passa de ses mains apr\u00e8s sa mort dans celles de madame la Duchesse d&rsquo;Aiguillon; et l&rsquo;ann\u00e9e derni\u00e8re qui a fini une vie si pleine de m\u00e9rites et de bonnes oeuvres, l&rsquo;a vu pers\u00e9v\u00e9rer et consommer sa course dans cet exercice de charit\u00e9. Il s&rsquo;est fait une infinit\u00e9 de biens pendant le temps de l&rsquo;exercice de ces Sup\u00e9rieures, non seulement par elles, mais par les autres Offici\u00e8res, et par un grand nombre de Dames qui sont entr\u00e9es dans cette compagnie, dont je puis dire dans les termes de l&rsquo;Ap\u00f4tre que les <i>noms sont \u00e9crits dans le Livre de vie. (Phil.4, 3) <\/i><\/p>\n<p>Monsieur Vincent ayant remarqu\u00e9 par exp\u00e9rience quelque temps apr\u00e8s, qu&rsquo;il \u00e9tait difficile que les m\u00eames personnes pussent s&rsquo;occuper aux oeuvres de mis\u00e9ricorde spirituelle et corporelle, jugea qu&rsquo;il fallait choisir tous les trois mois quatorze Dames entre celles qui seraient les plus capables d&rsquo;exhorter et d&rsquo;instruire, lesquelles visiteraient les pauvres deux \u00e0 deux, chacune leur jour de semaine, et leur parleraient des choses n\u00e9cessaires \u00e0 leur salut d&rsquo;une mani\u00e8re touchante et famili\u00e8re.<\/p>\n<p>Tous ces exercices de pi\u00e9t\u00e9 furent puissamment anim\u00e9s par l&rsquo;exemple de Mademoiselle Le Gras qui s&rsquo;y appliquait avec tant de ferveur, qu&rsquo;elle \u00e9tait incessamment dans cet H\u00f4pital aupr\u00e8s des malades, et Monsieur Vincent fut oblig\u00e9 pour mod\u00e9rer son z\u00e8le, de lui donner cet avis, par une lettre :<\/p>\n<p><i>\u00a0Etre toujours \u00e0 l&rsquo;H\u00f4tel-Dieu, Mademoiselle, il n&rsquo;est pas exp\u00e9dient ; mais d&rsquo;y aller et venir, il est \u00e0 propos de le faire. Ne craignez pas de trop entreprendre faisant le bien qui se pr\u00e9sente \u00e0 vous; mais craignez le d\u00e9sir de faire plus que vous ne faites et que Dieu ne vous donne le moyen de faire. La pens\u00e9e d&rsquo;aller au del\u00e0 me fait trembler de peur, pource qu&rsquo;elle me semble un crime aux enfants de la Providence<\/i><span id='easy-footnote-1-105392' class='easy-footnote-margin-adjust'><\/span><span class='easy-footnote'><a href='http:\/\/vincentians.com\/fr\/la-vie-de-mademoiselle-le-gras-livre-second-chapitre-1\/#easy-footnote-bottom-1-105392' title='Coste I. 304 ou Doc. 129 (deuxi\u00e9me paragraphe un peu modifi\u00e9)'><sup>1<\/sup><\/a><\/span>\n<p>On ne pouvait bien ex\u00e9cuter cet oeuvre de charit\u00e9, sans avoir des servantes qui prissent le soin d&rsquo;acheter et de pr\u00e9parer toutes les choses n\u00e9cessaires, et qui aidassent les Dames dans leurs visites, et dans la distribution de ces collations. Mademoiselle Le Gras qui commen\u00e7ait d&rsquo;en \u00e9lever pour les d\u00e9vouer \u00e0 toutes les occasions o\u00f9 il s&rsquo;agirait de l&rsquo;int\u00e9r\u00eat des pauvres, en donna pour ce dessein \u00e0 la pri\u00e8re des Dames qui les log\u00e8rent pr\u00e8s de l&rsquo;H\u00f4tel Dieu.<\/p>\n<p>Cette Sup\u00e9rieure ne se contentant pas de les engager dans cet emploi, les mit encore en \u00e9tat de contribuer par leur industrie et par leurs travaux \u00e0 l&rsquo;entretien de la d\u00e9pense. Elle leur donna l&rsquo;invention de faire de la gel\u00e9e, non seulement pour en fournir \u00e0 cet h\u00f4pital, mais pour en vendre dans Paris; n&rsquo;entreprenant ce commerce que pour le profit des pauvres, qu&rsquo;elle leur apprit de regarder comme leurs ma\u00eetres; et trouvant par ce m\u00e9nage un grand fonds pour aider \u00e0 la subsistance de cette charit\u00e9.<\/p>\n<p>On ne peut concevoir la b\u00e9n\u00e9diction que Dieu a donn\u00e9e \u00e0 cette assembl\u00e9e depuis son \u00e9tablissement. Il en a fait une source in\u00e9puisable de biens, et l&rsquo;asile public d&rsquo;une infinit\u00e9 de mis\u00e8res : il en a tir\u00e9 heureusement le secours des pauvres dans tous les besoins du corps, le salut de leurs \u00e2mes, la sanctification des personnes charitables, l&rsquo;\u00e9dification de son Eglise, le triomphe et la gloire de son Evangile.<\/p>\n<p>D\u00e8s la premi\u00e8re ann\u00e9e de son institution, elle fit tant de fruits dans cet H\u00f4pital par les visites et par les instructions, qu&rsquo;un nombre extraordinaire de catholiques y fut mis en \u00e9tat de bien mourir, ou de commencer une bonne vie, et que plus de sept cents h\u00e9r\u00e9tiques avec quelques infid\u00e8les se convertirent \u00e0 la foi.<\/p>\n<p>Comme la charit\u00e9 est toujours f\u00e9conde, et que, selon la doctrine de l&rsquo;Ap\u00f4tre, <i>Dieu la multiplie comme une semence et en fait cro\u00eetre les fruits de plus en plus<\/i> (2 Cor. 4, 10), cette Assembl\u00e9e qui n&rsquo;avait entrepris d&rsquo;abord que de donner un peu d&rsquo;assistance aux malades de l&rsquo;H\u00f4tel-Dieu, s&rsquo;est trouv\u00e9e capable dans la suite, de pourvoir au soulagement des pauvres dans toutes sortes d&rsquo;\u00e9tats.<\/p>\n<p>Paris n&rsquo;a pas \u00e9t\u00e9 assez grand, pour borner la charit\u00e9 de ces Dames, aussi vaste que celle de Fabiole, pour laquelle selon le rapport de Saint J\u00e9r\u00f4me, <i>La ville de Rome n&rsquo;eut pas assez d&rsquo;\u00e9tendue, et dont l&rsquo;ardeur la porta au del\u00e0 des Iles et des Mers <\/i>(Lettre 30). Elles se sont charg\u00e9es de toutes les Provinces du Royaume, elles *ont pass\u00e9 les mers, elles ont entretenu des Missions dans les pays infid\u00e8les, et elles ont r\u00e9pandu leurs bienfaits jusqu&rsquo;aux extr\u00e9mit\u00e9s du monde.<\/p>\n<p>On ne peut mieux expliquer l&rsquo;importance et l&rsquo;utilit\u00e9 de ces assembl\u00e9es que par les paroles de Mademoiselle Le Gras qu&rsquo;elle a laiss\u00e9es dans un \u00e9crit de sa<\/p>\n<p>main. <i>Il est tr\u00e8s \u00e9vident que en ce si\u00e8cle, la divine Providence s&rsquo;est voulu servir de notre sexe pour faire para\u00eetre que c&rsquo;\u00e9tait elle seule qui voulait secourir les peuples afflig\u00e9s et donner de puissants aides pour le salut. Personne n&rsquo;ignore que Dieu s&rsquo;est servi pour cet emploi, de l&rsquo;\u00e9tablissement de la Mission par la conduite de Monsieur Vincent, et que ce bien s&rsquo;est si fort \u00e9tendu par cette voie, que cela fait conna\u00eetre la n\u00e9cessit\u00e9 de la continuation, par le moyen de la communication des besoins, et ce dans les assembl\u00e9es des Dames auxquelles il semble toujours que l&rsquo;esprit de Dieu pr\u00e9side. <\/i><\/p>\n<p><i>Le pouvoir donn\u00e9 par le Saint-P\u00e8re \u00e0 la dite Mission, d&rsquo;\u00e9tablir la Confr\u00e9rie de la Charit\u00e9, est comme la semence de ce fruit qu&rsquo;elle a produit et produit tous les jours, non seulement en la France, mais l&rsquo;on peut dire presque par toute la terre habitable. N&rsquo;a-ce pas \u00e9t\u00e9 par cette lumi\u00e8re que Mesdames de la Compagnie ont reconnu les besoins des pauvres et que Dieu leur a fait la gr\u00e2ce de les secourir si charitablement et magnifiquement, que Paris a \u00e9t\u00e9 l&rsquo;admiration et l&rsquo;exemple de tout le royaume. Les moyens dont ces charitables Dames se sont servies pour l&rsquo;ordre des distributions, n&rsquo;a-ce pas \u00e9t\u00e9 leurs saintes assembl\u00e9es auxquelles pr\u00e9sidait Monsieur Vincent, chef de la Mission, fournissant comme tout le monde sait, de fid\u00e8les et charitables sujets pour reconna\u00eetre les v\u00e9ritables besoins, et les fournir prudemment; ce qui a servi non seulement pour le temporel, mais aussi pour le spirituel, dont Dieu est honor\u00e9 dans le Ciel pr\u00e9sentement peut-\u00eatre par un nombre d&rsquo;\u00e2mes innombrable, qui jouissent de sa pr\u00e9sence <\/i><\/p>\n<p><i>Ces v\u00e9rit\u00e9s bien reconnues, ne para\u00eet-il pas n\u00e9cessaire que la Compagnie des Dames de la Charit\u00e9 de l&rsquo;H\u00f4tel-Dieu, continue ses fonctions, puisque d\u00e8s la naissance spirituelle de ce noble corps, il a \u00e9t\u00e9 remarqu\u00e9 en la visite seule des malades de ce saint lieu, tant de bien, tant pour le lieu m\u00eame, que pour les \u00e2mes qui y ont trouv\u00e9 les moyens de leur salut; les uns une heureuse mort par la disposition des confessions g\u00e9n\u00e9rales, les autres apr\u00e8s les y avoir faites, en sont sortis avec des conversions admirables, et les Dames m\u00eames sont entr\u00e9es dans la voie de sanctification qui est une charit\u00e9 parfaite, comme celle qu&rsquo;elles y ont exerc\u00e9e souvent au p\u00e9ril de leur vie, et dames de tr\u00e8s grande condition, comme princesses et duchesses que l&rsquo;on a vues des heures enti\u00e8res assises \u00e0 la t\u00eate des malades, pour les instruire des choses n\u00e9cessaires \u00e0 leur salut, et \u00e0 les aider \u00e0 se tirer des dangers auxquels ils \u00e9taient. <\/i><\/p>\n<p><i>Si tout ce que les dames propos\u00e9es pour ce saint exercice, nomm\u00e9es les quatorze, chacune \u00e0 leur rang a \u00e9t\u00e9 recueilli, l&rsquo;on verra plus clairement la v\u00e9rit\u00e9 de ce qui est ici rapport\u00e9.<\/i><span id='easy-footnote-2-105392' class='easy-footnote-margin-adjust'><\/span><span class='easy-footnote'><a href='http:\/\/vincentians.com\/fr\/la-vie-de-mademoiselle-le-gras-livre-second-chapitre-1\/#easy-footnote-bottom-2-105392' title='Ecrits spirituels page 781'><sup>2<\/sup><\/a><\/span>\n","protected":false},"excerpt":{"rendered":"<p>Les Confr\u00e9ries de Charit\u00e9, depuis l&rsquo;ann\u00e9e mil six cent dix sept, que la premi\u00e8re avait \u00e9t\u00e9 institu\u00e9e par Monsieur Vincent, n&rsquo;avaient pas encore toute la perfection qui leur \u00e9tait n\u00e9cessaire. Dans les paroisses de la &#8230; <a href=\"http:\/\/vincentians.com\/fr\/la-vie-de-mademoiselle-le-gras-livre-second-chapitre-1\/\" class=\"more-link\">Read More<\/a><\/p>\n","protected":false},"author":4,"featured_media":149292,"comment_status":"open","ping_status":"open","sticky":false,"template":"","format":"standard","meta":{"jetpack_post_was_ever_published":false,"_jetpack_newsletter_access":"","_jetpack_dont_email_post_to_subs":false,"_jetpack_newsletter_tier_id":0,"_jetpack_memberships_contains_paywalled_content":false,"_jetpack_memberships_contains_paid_content":false,"footnotes":"","jetpack_publicize_message":"","jetpack_publicize_feature_enabled":true,"jetpack_social_post_already_shared":true,"jetpack_social_options":{"image_generator_settings":{"template":"highway","default_image_id":0,"font":"","enabled":false},"version":2}},"categories":[18],"tags":[],"class_list":["post-105392","post","type-post","status-publish","format-standard","has-post-thumbnail","hentry","category-louise-de-marillac"],"yoast_head":"<!-- This site is optimized with the Yoast SEO plugin v26.3 - https:\/\/yoast.com\/wordpress\/plugins\/seo\/ -->\n<title>La Vie de Mademoiselle Le Gras. Livre Second, Chapitre 1 - Nous Sommes Vincentiens<\/title>\n<meta name=\"robots\" content=\"index, follow, max-snippet:-1, max-image-preview:large, max-video-preview:-1\" \/>\n<link rel=\"canonical\" href=\"http:\/\/vincentians.com\/fr\/la-vie-de-mademoiselle-le-gras-livre-second-chapitre-1\/\" \/>\n<meta property=\"og:locale\" content=\"fr_FR\" \/>\n<meta property=\"og:type\" content=\"article\" \/>\n<meta property=\"og:title\" content=\"La Vie de Mademoiselle Le Gras. Livre Second, Chapitre 1 - Nous Sommes Vincentiens\" \/>\n<meta property=\"og:description\" content=\"Les Confr\u00e9ries de Charit\u00e9, depuis l&rsquo;ann\u00e9e mil six cent dix sept, que la premi\u00e8re avait \u00e9t\u00e9 institu\u00e9e par Monsieur Vincent, n&rsquo;avaient pas encore toute la perfection qui leur \u00e9tait n\u00e9cessaire. Dans les paroisses de la ... Read More\" \/>\n<meta property=\"og:url\" content=\"http:\/\/vincentians.com\/fr\/la-vie-de-mademoiselle-le-gras-livre-second-chapitre-1\/\" \/>\n<meta property=\"og:site_name\" content=\"Nous Sommes Vincentiens\" \/>\n<meta property=\"article:publisher\" content=\"https:\/\/www.facebook.com\/WeAreVincentians\/\" \/>\n<meta property=\"article:author\" content=\"https:\/\/www.facebook.com\/JavierChento\" \/>\n<meta property=\"article:published_time\" content=\"2016-08-29T10:00:37+00:00\" \/>\n<meta property=\"og:image\" content=\"https:\/\/i0.wp.com\/vincentians.com\/fr\/wp-content\/uploads\/sites\/10\/2016\/07\/louise-de-marillac.jpg?fit=1200%2C630\" \/>\n\t<meta property=\"og:image:width\" content=\"1200\" \/>\n\t<meta property=\"og:image:height\" content=\"630\" \/>\n\t<meta property=\"og:image:type\" content=\"image\/jpeg\" \/>\n<meta name=\"author\" content=\"Francisco Javier Fern\u00e1ndez Chento\" \/>\n<meta name=\"twitter:card\" content=\"summary_large_image\" \/>\n<meta name=\"twitter:creator\" content=\"@https:\/\/twitter.com\/javierchento\" \/>\n<meta name=\"twitter:site\" content=\"@WeVincentians\" \/>\n<meta name=\"twitter:label1\" content=\"\u00c9crit par\" \/>\n\t<meta name=\"twitter:data1\" content=\"Francisco Javier Fern\u00e1ndez Chento\" \/>\n\t<meta name=\"twitter:label2\" content=\"Dur\u00e9e de lecture estim\u00e9e\" \/>\n\t<meta name=\"twitter:data2\" content=\"13 minutes\" \/>\n<script type=\"application\/ld+json\" class=\"yoast-schema-graph\">{\"@context\":\"https:\/\/schema.org\",\"@graph\":[{\"@type\":\"WebPage\",\"@id\":\"http:\/\/vincentians.com\/fr\/la-vie-de-mademoiselle-le-gras-livre-second-chapitre-1\/\",\"url\":\"http:\/\/vincentians.com\/fr\/la-vie-de-mademoiselle-le-gras-livre-second-chapitre-1\/\",\"name\":\"La Vie de Mademoiselle Le Gras. Livre Second, Chapitre 1 - Nous Sommes Vincentiens\",\"isPartOf\":{\"@id\":\"http:\/\/vincentians.com\/fr\/#website\"},\"primaryImageOfPage\":{\"@id\":\"http:\/\/vincentians.com\/fr\/la-vie-de-mademoiselle-le-gras-livre-second-chapitre-1\/#primaryimage\"},\"image\":{\"@id\":\"http:\/\/vincentians.com\/fr\/la-vie-de-mademoiselle-le-gras-livre-second-chapitre-1\/#primaryimage\"},\"thumbnailUrl\":\"https:\/\/i0.wp.com\/vincentians.com\/fr\/wp-content\/uploads\/sites\/10\/2016\/07\/louise-de-marillac.jpg?fit=1200%2C630\",\"datePublished\":\"2016-08-29T10:00:37+00:00\",\"author\":{\"@id\":\"http:\/\/vincentians.com\/fr\/#\/schema\/person\/9623ef4d9aa3b2dfb8c061f1499288f2\"},\"breadcrumb\":{\"@id\":\"http:\/\/vincentians.com\/fr\/la-vie-de-mademoiselle-le-gras-livre-second-chapitre-1\/#breadcrumb\"},\"inLanguage\":\"fr-FR\",\"potentialAction\":[{\"@type\":\"ReadAction\",\"target\":[\"http:\/\/vincentians.com\/fr\/la-vie-de-mademoiselle-le-gras-livre-second-chapitre-1\/\"]}]},{\"@type\":\"ImageObject\",\"inLanguage\":\"fr-FR\",\"@id\":\"http:\/\/vincentians.com\/fr\/la-vie-de-mademoiselle-le-gras-livre-second-chapitre-1\/#primaryimage\",\"url\":\"https:\/\/i0.wp.com\/vincentians.com\/fr\/wp-content\/uploads\/sites\/10\/2016\/07\/louise-de-marillac.jpg?fit=1200%2C630\",\"contentUrl\":\"https:\/\/i0.wp.com\/vincentians.com\/fr\/wp-content\/uploads\/sites\/10\/2016\/07\/louise-de-marillac.jpg?fit=1200%2C630\",\"width\":1200,\"height\":630},{\"@type\":\"BreadcrumbList\",\"@id\":\"http:\/\/vincentians.com\/fr\/la-vie-de-mademoiselle-le-gras-livre-second-chapitre-1\/#breadcrumb\",\"itemListElement\":[{\"@type\":\"ListItem\",\"position\":1,\"name\":\"Portada\",\"item\":\"http:\/\/vincentians.com\/fr\/\"},{\"@type\":\"ListItem\",\"position\":2,\"name\":\"La Vie de Mademoiselle Le Gras. Livre Second, Chapitre 1\"}]},{\"@type\":\"WebSite\",\"@id\":\"http:\/\/vincentians.com\/fr\/#website\",\"url\":\"http:\/\/vincentians.com\/fr\/\",\"name\":\"Nous Sommes Vincentiens\",\"description\":\"Know more to serve more\",\"potentialAction\":[{\"@type\":\"SearchAction\",\"target\":{\"@type\":\"EntryPoint\",\"urlTemplate\":\"http:\/\/vincentians.com\/fr\/?s={search_term_string}\"},\"query-input\":{\"@type\":\"PropertyValueSpecification\",\"valueRequired\":true,\"valueName\":\"search_term_string\"}}],\"inLanguage\":\"fr-FR\"},{\"@type\":\"Person\",\"@id\":\"http:\/\/vincentians.com\/fr\/#\/schema\/person\/9623ef4d9aa3b2dfb8c061f1499288f2\",\"name\":\"Francisco Javier Fern\u00e1ndez Chento\",\"image\":{\"@type\":\"ImageObject\",\"inLanguage\":\"fr-FR\",\"@id\":\"http:\/\/vincentians.com\/fr\/#\/schema\/person\/image\/\",\"url\":\"https:\/\/secure.gravatar.com\/avatar\/497d5cde87b4c3d097d0315953521681ba2cd523ee66e5077c3711f7021e65de?s=96&d=mm&r=g\",\"contentUrl\":\"https:\/\/secure.gravatar.com\/avatar\/497d5cde87b4c3d097d0315953521681ba2cd523ee66e5077c3711f7021e65de?s=96&d=mm&r=g\",\"caption\":\"Francisco Javier Fern\u00e1ndez Chento\"},\"description\":\"Director General y cofundador de La Red de Formaci\u00f3n Vicenciana. Javier es laico vicenciano, afiliado a la Congregaci\u00f3n de la Misi\u00f3n y miembro del Equipo de Misiones Populares de la provincia can\u00f3nica de Zaragoza (Espa\u00f1a) de la Congregaci\u00f3n de la Misi\u00f3n. Graduado en la Universidad Oberta de Catalunya con cuatro grados (Asistente de direcci\u00f3n, Gesti\u00f3n Administrativa, Recursos Humanos y Contabilidad Avanzada). Bil\u00edng\u00fce Espa\u00f1ol\/Ingl\u00e9s. gestiona y mantiene varias p\u00e1ginas web cristianas y vicencianas, incluida including La Red de Formaci\u00f3n Vicenciana, de la que es cofundador. Actualmente es responsable del \u00e1rea de Espa\u00f1ol de .famvin, la Red de Noticias de la Familia Vicenciana. Tambi\u00e9n es m\u00fasico cat\u00f3lico y ha editado varios discos. Es Director General y cofundador de Trovador, una reconocida compa\u00f1\u00eda discogr\u00e1fica critiana de Espa\u00f1a. Trabaja en las Tecnolog\u00edas de la Informaci\u00f3n, ofreciendo servicios de alojamiento, dise\u00f1o y mantenimiento Web, as\u00ed como asesoramiento, formaci\u00f3n y soluciones inform\u00e1ticas, gesti\u00f3n documental y digitalizaci\u00f3n de textos, edici\u00f3n y maquetaci\u00f3n de libros, revistas, flyers, etc.\",\"sameAs\":[\"http:\/\/chento.org\",\"https:\/\/www.facebook.com\/JavierChento\",\"https:\/\/x.com\/https:\/\/twitter.com\/javierchento\"],\"url\":\"http:\/\/vincentians.com\/fr\/author\/chento\/\"}]}<\/script>\n<!-- \/ Yoast SEO plugin. -->","yoast_head_json":{"title":"La Vie de Mademoiselle Le Gras. Livre Second, Chapitre 1 - Nous Sommes Vincentiens","robots":{"index":"index","follow":"follow","max-snippet":"max-snippet:-1","max-image-preview":"max-image-preview:large","max-video-preview":"max-video-preview:-1"},"canonical":"http:\/\/vincentians.com\/fr\/la-vie-de-mademoiselle-le-gras-livre-second-chapitre-1\/","og_locale":"fr_FR","og_type":"article","og_title":"La Vie de Mademoiselle Le Gras. Livre Second, Chapitre 1 - Nous Sommes Vincentiens","og_description":"Les Confr\u00e9ries de Charit\u00e9, depuis l&rsquo;ann\u00e9e mil six cent dix sept, que la premi\u00e8re avait \u00e9t\u00e9 institu\u00e9e par Monsieur Vincent, n&rsquo;avaient pas encore toute la perfection qui leur \u00e9tait n\u00e9cessaire. Dans les paroisses de la ... Read More","og_url":"http:\/\/vincentians.com\/fr\/la-vie-de-mademoiselle-le-gras-livre-second-chapitre-1\/","og_site_name":"Nous Sommes Vincentiens","article_publisher":"https:\/\/www.facebook.com\/WeAreVincentians\/","article_author":"https:\/\/www.facebook.com\/JavierChento","article_published_time":"2016-08-29T10:00:37+00:00","og_image":[{"width":1200,"height":630,"url":"https:\/\/i0.wp.com\/vincentians.com\/fr\/wp-content\/uploads\/sites\/10\/2016\/07\/louise-de-marillac.jpg?fit=1200%2C630","type":"image\/jpeg"}],"author":"Francisco Javier Fern\u00e1ndez Chento","twitter_card":"summary_large_image","twitter_creator":"@https:\/\/twitter.com\/javierchento","twitter_site":"@WeVincentians","twitter_misc":{"\u00c9crit par":"Francisco Javier Fern\u00e1ndez Chento","Dur\u00e9e de lecture estim\u00e9e":"13 minutes"},"schema":{"@context":"https:\/\/schema.org","@graph":[{"@type":"WebPage","@id":"http:\/\/vincentians.com\/fr\/la-vie-de-mademoiselle-le-gras-livre-second-chapitre-1\/","url":"http:\/\/vincentians.com\/fr\/la-vie-de-mademoiselle-le-gras-livre-second-chapitre-1\/","name":"La Vie de Mademoiselle Le Gras. Livre Second, Chapitre 1 - Nous Sommes Vincentiens","isPartOf":{"@id":"http:\/\/vincentians.com\/fr\/#website"},"primaryImageOfPage":{"@id":"http:\/\/vincentians.com\/fr\/la-vie-de-mademoiselle-le-gras-livre-second-chapitre-1\/#primaryimage"},"image":{"@id":"http:\/\/vincentians.com\/fr\/la-vie-de-mademoiselle-le-gras-livre-second-chapitre-1\/#primaryimage"},"thumbnailUrl":"https:\/\/i0.wp.com\/vincentians.com\/fr\/wp-content\/uploads\/sites\/10\/2016\/07\/louise-de-marillac.jpg?fit=1200%2C630","datePublished":"2016-08-29T10:00:37+00:00","author":{"@id":"http:\/\/vincentians.com\/fr\/#\/schema\/person\/9623ef4d9aa3b2dfb8c061f1499288f2"},"breadcrumb":{"@id":"http:\/\/vincentians.com\/fr\/la-vie-de-mademoiselle-le-gras-livre-second-chapitre-1\/#breadcrumb"},"inLanguage":"fr-FR","potentialAction":[{"@type":"ReadAction","target":["http:\/\/vincentians.com\/fr\/la-vie-de-mademoiselle-le-gras-livre-second-chapitre-1\/"]}]},{"@type":"ImageObject","inLanguage":"fr-FR","@id":"http:\/\/vincentians.com\/fr\/la-vie-de-mademoiselle-le-gras-livre-second-chapitre-1\/#primaryimage","url":"https:\/\/i0.wp.com\/vincentians.com\/fr\/wp-content\/uploads\/sites\/10\/2016\/07\/louise-de-marillac.jpg?fit=1200%2C630","contentUrl":"https:\/\/i0.wp.com\/vincentians.com\/fr\/wp-content\/uploads\/sites\/10\/2016\/07\/louise-de-marillac.jpg?fit=1200%2C630","width":1200,"height":630},{"@type":"BreadcrumbList","@id":"http:\/\/vincentians.com\/fr\/la-vie-de-mademoiselle-le-gras-livre-second-chapitre-1\/#breadcrumb","itemListElement":[{"@type":"ListItem","position":1,"name":"Portada","item":"http:\/\/vincentians.com\/fr\/"},{"@type":"ListItem","position":2,"name":"La Vie de Mademoiselle Le Gras. Livre Second, Chapitre 1"}]},{"@type":"WebSite","@id":"http:\/\/vincentians.com\/fr\/#website","url":"http:\/\/vincentians.com\/fr\/","name":"Nous Sommes Vincentiens","description":"Know more to serve more","potentialAction":[{"@type":"SearchAction","target":{"@type":"EntryPoint","urlTemplate":"http:\/\/vincentians.com\/fr\/?s={search_term_string}"},"query-input":{"@type":"PropertyValueSpecification","valueRequired":true,"valueName":"search_term_string"}}],"inLanguage":"fr-FR"},{"@type":"Person","@id":"http:\/\/vincentians.com\/fr\/#\/schema\/person\/9623ef4d9aa3b2dfb8c061f1499288f2","name":"Francisco Javier Fern\u00e1ndez Chento","image":{"@type":"ImageObject","inLanguage":"fr-FR","@id":"http:\/\/vincentians.com\/fr\/#\/schema\/person\/image\/","url":"https:\/\/secure.gravatar.com\/avatar\/497d5cde87b4c3d097d0315953521681ba2cd523ee66e5077c3711f7021e65de?s=96&d=mm&r=g","contentUrl":"https:\/\/secure.gravatar.com\/avatar\/497d5cde87b4c3d097d0315953521681ba2cd523ee66e5077c3711f7021e65de?s=96&d=mm&r=g","caption":"Francisco Javier Fern\u00e1ndez Chento"},"description":"Director General y cofundador de La Red de Formaci\u00f3n Vicenciana. Javier es laico vicenciano, afiliado a la Congregaci\u00f3n de la Misi\u00f3n y miembro del Equipo de Misiones Populares de la provincia can\u00f3nica de Zaragoza (Espa\u00f1a) de la Congregaci\u00f3n de la Misi\u00f3n. Graduado en la Universidad Oberta de Catalunya con cuatro grados (Asistente de direcci\u00f3n, Gesti\u00f3n Administrativa, Recursos Humanos y Contabilidad Avanzada). Bil\u00edng\u00fce Espa\u00f1ol\/Ingl\u00e9s. gestiona y mantiene varias p\u00e1ginas web cristianas y vicencianas, incluida including La Red de Formaci\u00f3n Vicenciana, de la que es cofundador. Actualmente es responsable del \u00e1rea de Espa\u00f1ol de .famvin, la Red de Noticias de la Familia Vicenciana. Tambi\u00e9n es m\u00fasico cat\u00f3lico y ha editado varios discos. Es Director General y cofundador de Trovador, una reconocida compa\u00f1\u00eda discogr\u00e1fica critiana de Espa\u00f1a. Trabaja en las Tecnolog\u00edas de la Informaci\u00f3n, ofreciendo servicios de alojamiento, dise\u00f1o y mantenimiento Web, as\u00ed como asesoramiento, formaci\u00f3n y soluciones inform\u00e1ticas, gesti\u00f3n documental y digitalizaci\u00f3n de textos, edici\u00f3n y maquetaci\u00f3n de libros, revistas, flyers, etc.","sameAs":["http:\/\/chento.org","https:\/\/www.facebook.com\/JavierChento","https:\/\/x.com\/https:\/\/twitter.com\/javierchento"],"url":"http:\/\/vincentians.com\/fr\/author\/chento\/"}]}},"jetpack_publicize_connections":[],"jetpack_featured_media_url":"https:\/\/i0.wp.com\/vincentians.com\/fr\/wp-content\/uploads\/sites\/10\/2016\/07\/louise-de-marillac.jpg?fit=1200%2C630","jetpack_sharing_enabled":true,"jetpack_shortlink":"https:\/\/wp.me\/p7ETMP-rpS","jetpack-related-posts":[{"id":106404,"url":"http:\/\/vincentians.com\/fr\/la-vie-du-venerable-serviteur-de-dieu-vincent-de-paul-livre-second-chapitre-viii\/","url_meta":{"origin":105392,"position":0},"title":"La vie du v\u00e9n\u00e9rable serviteur de Dieu Vincent de Paul, Livre second, Chapitre VIII","author":"Francisco Javier Fern\u00e1ndez Chento","date":"15\/05\/2013","format":false,"excerpt":"Chapitre huiti\u00e8me\u00a0: Les Confr\u00e9ries de la Charit\u00e9 des paroisses. Entre les marques que Notre-Seigneur donna de sa mission divine et de sa qualit\u00e9 de Messie et de R\u00e9dempteur du monde, lorsque son saint Pr\u00e9curseur lui envoya deux de ses disciples, la derni\u00e8re et principale qu'il voulut employer pour servir comme\u2026","rel":"","context":"Dans &quot;Vincent de Paul&quot;","block_context":{"text":"Vincent de Paul","link":"http:\/\/vincentians.com\/fr\/category\/the-vincentian-family\/founders\/vincent-de-paul\/"},"img":{"alt_text":"","src":"https:\/\/i0.wp.com\/vincentians.com\/fr\/wp-content\/uploads\/sites\/10\/2016\/07\/abelly-feat.jpg?fit=1200%2C630&resize=350%2C200","width":350,"height":200,"srcset":"https:\/\/i0.wp.com\/vincentians.com\/fr\/wp-content\/uploads\/sites\/10\/2016\/07\/abelly-feat.jpg?fit=1200%2C630&resize=350%2C200 1x, https:\/\/i0.wp.com\/vincentians.com\/fr\/wp-content\/uploads\/sites\/10\/2016\/07\/abelly-feat.jpg?fit=1200%2C630&resize=525%2C300 1.5x, https:\/\/i0.wp.com\/vincentians.com\/fr\/wp-content\/uploads\/sites\/10\/2016\/07\/abelly-feat.jpg?fit=1200%2C630&resize=700%2C400 2x, https:\/\/i0.wp.com\/vincentians.com\/fr\/wp-content\/uploads\/sites\/10\/2016\/07\/abelly-feat.jpg?fit=1200%2C630&resize=1050%2C600 3x"},"classes":[]},{"id":105626,"url":"http:\/\/vincentians.com\/fr\/la-vie-du-venerable-serviteur-de-dieu-vincent-de-paul-livre-premier-chapitre-xxix\/","url_meta":{"origin":105392,"position":1},"title":"La vie du v\u00e9n\u00e9rable serviteur de Dieu Vincent de Paul, Livre premier, Chapitre XXIX","author":"Francisco Javier Fern\u00e1ndez Chento","date":"05\/01\/2013","format":false,"excerpt":"L'institution d'une Compagnie de Dames pour le service de l'H\u00f4tel-Dieu de Paris, et pour plusieurs autres \u0153uvres publiques de charit\u00e9, tant \u00e0 Paris qu'ailleurs. La multiplicit\u00e9 des mis\u00e8res qui se trouvent en cette vall\u00e9e de larmes oblige les \u00e2mes charitables de multiplier leurs soins et diversifier les moyens pour secourir\u2026","rel":"","context":"Dans &quot;Vincent de Paul&quot;","block_context":{"text":"Vincent de Paul","link":"http:\/\/vincentians.com\/fr\/category\/the-vincentian-family\/founders\/vincent-de-paul\/"},"img":{"alt_text":"","src":"https:\/\/i0.wp.com\/vincentians.com\/fr\/wp-content\/uploads\/sites\/10\/2016\/07\/abelly-feat.jpg?fit=1200%2C630&resize=350%2C200","width":350,"height":200,"srcset":"https:\/\/i0.wp.com\/vincentians.com\/fr\/wp-content\/uploads\/sites\/10\/2016\/07\/abelly-feat.jpg?fit=1200%2C630&resize=350%2C200 1x, https:\/\/i0.wp.com\/vincentians.com\/fr\/wp-content\/uploads\/sites\/10\/2016\/07\/abelly-feat.jpg?fit=1200%2C630&resize=525%2C300 1.5x, https:\/\/i0.wp.com\/vincentians.com\/fr\/wp-content\/uploads\/sites\/10\/2016\/07\/abelly-feat.jpg?fit=1200%2C630&resize=700%2C400 2x, https:\/\/i0.wp.com\/vincentians.com\/fr\/wp-content\/uploads\/sites\/10\/2016\/07\/abelly-feat.jpg?fit=1200%2C630&resize=1050%2C600 3x"},"classes":[]},{"id":105573,"url":"http:\/\/vincentians.com\/fr\/la-vie-du-venerable-serviteur-de-dieu-vincent-de-paul-livre-premier-chapitre-xxiv\/","url_meta":{"origin":105392,"position":2},"title":"La vie du v\u00e9n\u00e9rable serviteur de Dieu Vincent de Paul, Livre premier, Chapitre XXIV","author":"Francisco Javier Fern\u00e1ndez Chento","date":"31\/12\/2012","format":false,"excerpt":"Institution de la Compagnie des Filles de la Charit\u00e9, servantes des pauvres malades S'il est vrai, comme a dit le proph\u00e8te, qu'un ab\u00eeme appelle \u00e0 soi un autre ab\u00eeme, \u00e0 plus forte raison peut-on dire qu'une b\u00e9n\u00e9diction attire une autre b\u00e9n\u00e9diction, et que la charit\u00e9, qui est la plus f\u00e9conde\u2026","rel":"","context":"Dans &quot;Vincent de Paul&quot;","block_context":{"text":"Vincent de Paul","link":"http:\/\/vincentians.com\/fr\/category\/the-vincentian-family\/founders\/vincent-de-paul\/"},"img":{"alt_text":"","src":"https:\/\/i0.wp.com\/vincentians.com\/fr\/wp-content\/uploads\/sites\/10\/2016\/07\/abelly-feat.jpg?fit=1200%2C630&resize=350%2C200","width":350,"height":200,"srcset":"https:\/\/i0.wp.com\/vincentians.com\/fr\/wp-content\/uploads\/sites\/10\/2016\/07\/abelly-feat.jpg?fit=1200%2C630&resize=350%2C200 1x, https:\/\/i0.wp.com\/vincentians.com\/fr\/wp-content\/uploads\/sites\/10\/2016\/07\/abelly-feat.jpg?fit=1200%2C630&resize=525%2C300 1.5x, https:\/\/i0.wp.com\/vincentians.com\/fr\/wp-content\/uploads\/sites\/10\/2016\/07\/abelly-feat.jpg?fit=1200%2C630&resize=700%2C400 2x, https:\/\/i0.wp.com\/vincentians.com\/fr\/wp-content\/uploads\/sites\/10\/2016\/07\/abelly-feat.jpg?fit=1200%2C630&resize=1050%2C600 3x"},"classes":[]},{"id":104730,"url":"http:\/\/vincentians.com\/fr\/la-vie-du-venerable-serviteur-de-dieu-vincent-de-paul-livre-premier-chapitre-x\/","url_meta":{"origin":105392,"position":3},"title":"La vie du v\u00e9n\u00e9rable serviteur de Dieu Vincent de Paul, Livre premier, Chapitre X","author":"Francisco Javier Fern\u00e1ndez Chento","date":"06\/12\/2012","format":false,"excerpt":"Premiers commencements de la Confr\u00e9rie de la Charit\u00e9 pour les pauvres malades. Pendant le s\u00e9jour que M. Vincent fit \u00e0 Ch\u00e2tillon, il arriva qu'un jour de f\u00eate, comme il montait en chaire pour faire une exhortation au peuple, la dame d'une maison de noblesse voisine, qui \u00e9tait venue pour l'entendre,\u2026","rel":"","context":"Dans &quot;Vincent de Paul&quot;","block_context":{"text":"Vincent de Paul","link":"http:\/\/vincentians.com\/fr\/category\/the-vincentian-family\/founders\/vincent-de-paul\/"},"img":{"alt_text":"","src":"https:\/\/i0.wp.com\/vincentians.com\/fr\/wp-content\/uploads\/sites\/10\/2016\/07\/abelly-feat.jpg?fit=1200%2C630&resize=350%2C200","width":350,"height":200,"srcset":"https:\/\/i0.wp.com\/vincentians.com\/fr\/wp-content\/uploads\/sites\/10\/2016\/07\/abelly-feat.jpg?fit=1200%2C630&resize=350%2C200 1x, https:\/\/i0.wp.com\/vincentians.com\/fr\/wp-content\/uploads\/sites\/10\/2016\/07\/abelly-feat.jpg?fit=1200%2C630&resize=525%2C300 1.5x, https:\/\/i0.wp.com\/vincentians.com\/fr\/wp-content\/uploads\/sites\/10\/2016\/07\/abelly-feat.jpg?fit=1200%2C630&resize=700%2C400 2x, https:\/\/i0.wp.com\/vincentians.com\/fr\/wp-content\/uploads\/sites\/10\/2016\/07\/abelly-feat.jpg?fit=1200%2C630&resize=1050%2C600 3x"},"classes":[]},{"id":105574,"url":"http:\/\/vincentians.com\/fr\/la-vie-du-venerable-serviteur-de-dieu-vincent-de-paul-livre-premier-chapitre-xxiii\/","url_meta":{"origin":105392,"position":4},"title":"La vie du v\u00e9n\u00e9rable serviteur de Dieu Vincent de Paul, Livre premier, Chapitre XXIII","author":"Francisco Javier Fern\u00e1ndez Chento","date":"30\/12\/2012","format":false,"excerpt":"D\u00e9nombrement de plusieurs grands avantages qui ont r\u00e9sult\u00e9s pour l'\u00c9glise, de l'institution de la Congr\u00e9gation de la Mission, desquels Dieu voulut que M. Vincent f\u00fbt l'auteur ou le principal promoteur, et premi\u00e8rement l'\u00e9tablissement des Confr\u00e9ries de la Charit\u00e9 pour l'assistance corporelle et spirituelle des pauvres malades. C'est une chose \u00e9tonnante,\u2026","rel":"","context":"Dans &quot;Vincent de Paul&quot;","block_context":{"text":"Vincent de Paul","link":"http:\/\/vincentians.com\/fr\/category\/the-vincentian-family\/founders\/vincent-de-paul\/"},"img":{"alt_text":"","src":"https:\/\/i0.wp.com\/vincentians.com\/fr\/wp-content\/uploads\/sites\/10\/2016\/07\/abelly-feat.jpg?fit=1200%2C630&resize=350%2C200","width":350,"height":200,"srcset":"https:\/\/i0.wp.com\/vincentians.com\/fr\/wp-content\/uploads\/sites\/10\/2016\/07\/abelly-feat.jpg?fit=1200%2C630&resize=350%2C200 1x, https:\/\/i0.wp.com\/vincentians.com\/fr\/wp-content\/uploads\/sites\/10\/2016\/07\/abelly-feat.jpg?fit=1200%2C630&resize=525%2C300 1.5x, https:\/\/i0.wp.com\/vincentians.com\/fr\/wp-content\/uploads\/sites\/10\/2016\/07\/abelly-feat.jpg?fit=1200%2C630&resize=700%2C400 2x, https:\/\/i0.wp.com\/vincentians.com\/fr\/wp-content\/uploads\/sites\/10\/2016\/07\/abelly-feat.jpg?fit=1200%2C630&resize=1050%2C600 3x"},"classes":[]},{"id":105709,"url":"http:\/\/vincentians.com\/fr\/la-vie-de-mademoiselle-le-gras-livre-troisieme-chapitre-3\/","url_meta":{"origin":105392,"position":5},"title":"La Vie de Mademoiselle Le Gras. Livre Troisi\u00e8me, Chapitre 3","author":"Francisco Javier Fern\u00e1ndez Chento","date":"05\/09\/2016","format":false,"excerpt":"Des \u00e2mes qui \u00e9taient dans une disposition si parfaite, et qui portaient la charit\u00e9 \u00e0 un si haut degr\u00e9, ne se pouvaient pas prescrire des bornes dans son exercice : il ne leur fallait que des objets pour occuper leur z\u00e8le dans toute son \u00e9tendue ; il ne suffisait pas\u2026","rel":"","context":"Dans &quot;Louise de Marillac&quot;","block_context":{"text":"Louise de Marillac","link":"http:\/\/vincentians.com\/fr\/category\/the-vincentian-family\/founders\/louise-de-marillac\/"},"img":{"alt_text":"","src":"https:\/\/i0.wp.com\/vincentians.com\/fr\/wp-content\/uploads\/sites\/10\/2016\/07\/louise-de-marillac.jpg?fit=1200%2C630&resize=350%2C200","width":350,"height":200,"srcset":"https:\/\/i0.wp.com\/vincentians.com\/fr\/wp-content\/uploads\/sites\/10\/2016\/07\/louise-de-marillac.jpg?fit=1200%2C630&resize=350%2C200 1x, https:\/\/i0.wp.com\/vincentians.com\/fr\/wp-content\/uploads\/sites\/10\/2016\/07\/louise-de-marillac.jpg?fit=1200%2C630&resize=525%2C300 1.5x, https:\/\/i0.wp.com\/vincentians.com\/fr\/wp-content\/uploads\/sites\/10\/2016\/07\/louise-de-marillac.jpg?fit=1200%2C630&resize=700%2C400 2x, https:\/\/i0.wp.com\/vincentians.com\/fr\/wp-content\/uploads\/sites\/10\/2016\/07\/louise-de-marillac.jpg?fit=1200%2C630&resize=1050%2C600 3x"},"classes":[]}],"_links":{"self":[{"href":"http:\/\/vincentians.com\/fr\/wp-json\/wp\/v2\/posts\/105392","targetHints":{"allow":["GET"]}}],"collection":[{"href":"http:\/\/vincentians.com\/fr\/wp-json\/wp\/v2\/posts"}],"about":[{"href":"http:\/\/vincentians.com\/fr\/wp-json\/wp\/v2\/types\/post"}],"author":[{"embeddable":true,"href":"http:\/\/vincentians.com\/fr\/wp-json\/wp\/v2\/users\/4"}],"replies":[{"embeddable":true,"href":"http:\/\/vincentians.com\/fr\/wp-json\/wp\/v2\/comments?post=105392"}],"version-history":[{"count":0,"href":"http:\/\/vincentians.com\/fr\/wp-json\/wp\/v2\/posts\/105392\/revisions"}],"wp:featuredmedia":[{"embeddable":true,"href":"http:\/\/vincentians.com\/fr\/wp-json\/wp\/v2\/media\/149292"}],"wp:attachment":[{"href":"http:\/\/vincentians.com\/fr\/wp-json\/wp\/v2\/media?parent=105392"}],"wp:term":[{"taxonomy":"category","embeddable":true,"href":"http:\/\/vincentians.com\/fr\/wp-json\/wp\/v2\/categories?post=105392"},{"taxonomy":"post_tag","embeddable":true,"href":"http:\/\/vincentians.com\/fr\/wp-json\/wp\/v2\/tags?post=105392"}],"curies":[{"name":"wp","href":"https:\/\/api.w.org\/{rel}","templated":true}]}}