{"id":105269,"date":"2016-12-29T00:01:17","date_gmt":"2016-12-28T23:01:17","guid":{"rendered":"http:\/\/vincentiens.org\/?p=105269"},"modified":"2016-12-29T00:01:17","modified_gmt":"2016-12-28T23:01:17","slug":"ephemerides-29-decembre","status":"publish","type":"post","link":"http:\/\/vincentians.com\/fr\/ephemerides-29-decembre\/","title":{"rendered":"Eph\u00e9m\u00e9rides: 29 d\u00e9cembre"},"content":{"rendered":"<p><b>1793<\/b>. Loi imposant le serment civique aux membres des Congr\u00e9gations religieuses. Ce fut pour avoir refus\u00e9 ce serment qui leur semblait contraire \u00e0 leur conscience que nos S\u0153urs d\u2019Arras ont \u00e9t\u00e9 guillotin\u00e9es.<\/p>\n<p><b>1921<\/b>. \u00c0 Paris, mort de S\u0153ur Emilie Maurice, Sup\u00e9rieure de la Compagnie sous le g\u00e9n\u00e9ralat de M. Verdier et avec M. Meugniot comme Directeur.<\/p>\n<p><b>1935<\/b>. \u00c0 Paris, \u00e0 l\u2019infirmerie de la Maison-M\u00e8re, vers les trois heures et demie de l\u2019apr\u00e8s-midi, M. Pierre Coste, secr\u00e9taire g\u00e9n\u00e9ral, meurt, \u00e0 l\u2019\u00e2ge de soixante-deux ans\u2026 Un dos vo\u00fbt\u00e9, une d\u00e9marche lente, un visage dont le nez puissant et la large entaille de la bouche rappelaient les traits de Monsieur Vincent, ressemblance qu\u2019accentuait la constante cordialit\u00e9 de l\u2019accueil\u2026 Qui voyait pour la premi\u00e8re fois cette silhouette, pensait\u00a0: \u201cM. Coste\u00a0? un brave paysan de pr\u00eatre et un pr\u00eatre \u00e0 paysans\u00a0!\u201d Et la toux d\u00e9chirante qui viola\u00e7ait si fr\u00e9quemment cette rustique figure, faisait dire\u00a0: \u201cLe pauvre\u00a0! il n\u2019en a pas pour longtemps \u00e0 vivre\u00a0!\u201d On l\u2019avait d\u00e9j\u00e0 pens\u00e9 au moment o\u00f9 Pierre Coste recevait les Ordres sacr\u00e9s. Or, depuis 1896, ann\u00e9e de son sacerdoce, et jusqu\u2019\u00e0 sa mort, sans prendre aucun soin particulier, et m\u00eame avec une bonne dose d\u2019imprudence, M. Coste a, pendant trente-neuf ans, travaill\u00e9 sans arr\u00eat et avec une calme \u00e9nergie\u2026 Professeur de sciences, puis d\u2019\u00e9criture sainte, de dogme et d\u2019histoire, \u00e0 Dax, il \u00e9crivit consciencieusement tous ses cours mais il fut aussi le biblioth\u00e9caire de Notre-Dame du Pouy et c\u2019est l\u00e0, derri\u00e8re la porte de la biblioth\u00e8que, que l\u2019attendait le d\u00e9mon des recherches historiques, &#8211; le \u201cd\u00e9mon\u201d, au sens grec du terme, bien s\u00fbr\u2026 D\u00e9sormais ses vacances auront leur emploi tout fix\u00e9\u00a0: les m\u00e9ticuleuses perquisitions aux archives landaises d\u2019abord, puis \u00e0 la Biblioth\u00e8que et aux Archives nationales de Paris. A la mort de M. Br\u00e9taudeau, M. Coste \u00e9tait tout d\u00e9sign\u00e9 pour le remplacer\u00a0; \u00e0 partir de 1909, il appartint donc \u00e0 la Maison-M\u00e8re comme archiviste et, \u00e0 partir de 1927, comme secr\u00e9taire g\u00e9n\u00e9ral\u2026 D\u00e8s 1911, M. Coste commen\u00e7a \u00e0 pr\u00e9parer une \u00e9dition critique de la Correspondance de saint Vincent. Enfin, gr\u00e2ce \u00e0 l\u2019appui large et fid\u00e8le du P\u00e8re Verdier, les quatorze volumes d\u2019Entretiens, de Correspondance, parurent entre 1920 et 1925. De cette masse \u00e9norme de documents, il \u00e9tait normal que M. Coste, \u00e0 la demande r\u00e9it\u00e9r\u00e9e du P\u00e8re Verdier, sort\u00eet une vie de saint Vincent. En 1932 parurent les trois volumes du Grand Saint du grand Si\u00e8cle. Si leurs phrases n\u2019ont rien d\u2019un style diamant\u00e9, leurs chapitres, trapus comme la silhouette de l\u2019auteur, sont bien les chants solides de l\u2019\u00e9pop\u00e9e vincentienne. La v\u00e9rit\u00e9, c\u2019\u00e9tait la ligne que d\u00e8s le d\u00e9but s\u2019\u00e9tait trac\u00e9e M. Coste\u00a0: mettre sur le front de son compatriote et de son bienheureux P\u00e8re une couronne, oui, mais une couronne o\u00f9 ne rutilerait nulle perle fausse. Et parce qu\u2019il a aim\u00e9, aim\u00e9 intelligemment saint Vincent et ses \u0153uvres,\u2014 Pierre Coste, &#8211; Coste, le pers\u00e9v\u00e9rant moribond \u2014 se survit dans le monument in\u00e9galable en solidit\u00e9 &#8211; qu\u2019il a \u00e9lev\u00e9 \u00e0 Monsieur Vincent et l\u2019on ne peut plus prononcer le nom de Monsieur Vincent sans penser \u00e0 M. Coste<span id='easy-footnote-1-105269' class='easy-footnote-margin-adjust'><\/span><span class='easy-footnote'><a href='http:\/\/vincentians.com\/fr\/ephemerides-29-decembre\/#easy-footnote-bottom-1-105269' title='Annales, t. 101, pp. 227-263.'><sup>1<\/sup><\/a><\/span> !<\/p>\n","protected":false},"excerpt":{"rendered":"<p>1793. Loi imposant le serment civique aux membres des Congr\u00e9gations religieuses. Ce fut pour avoir refus\u00e9 ce serment qui leur semblait contraire \u00e0 leur conscience que nos S\u0153urs d\u2019Arras ont \u00e9t\u00e9 guillotin\u00e9es. 1921. \u00c0 Paris, &#8230; <a href=\"http:\/\/vincentians.com\/fr\/ephemerides-29-decembre\/\" class=\"more-link\">Read More<\/a><\/p>\n","protected":false},"author":4,"featured_media":149897,"comment_status":"open","ping_status":"open","sticky":false,"template":"","format":"standard","meta":{"jetpack_post_was_ever_published":false,"_jetpack_newsletter_access":"","_jetpack_dont_email_post_to_subs":false,"_jetpack_newsletter_tier_id":0,"_jetpack_memberships_contains_paywalled_content":false,"_jetpack_memberships_contains_paid_content":false,"footnotes":"","jetpack_publicize_message":"","jetpack_publicize_feature_enabled":true,"jetpack_social_post_already_shared":true,"jetpack_social_options":{"image_generator_settings":{"template":"highway","default_image_id":0,"font":"","enabled":false},"version":2}},"categories":[119],"tags":[],"class_list":["post-105269","post","type-post","status-publish","format-standard","has-post-thumbnail","hentry","category-ephemerides-vincentiens"],"yoast_head":"<!-- This site is optimized with the Yoast SEO plugin v26.3 - https:\/\/yoast.com\/wordpress\/plugins\/seo\/ -->\n<title>Eph\u00e9m\u00e9rides: 29 d\u00e9cembre - Nous Sommes Vincentiens<\/title>\n<meta name=\"robots\" content=\"index, follow, max-snippet:-1, max-image-preview:large, max-video-preview:-1\" \/>\n<link rel=\"canonical\" href=\"http:\/\/vincentians.com\/fr\/ephemerides-29-decembre\/\" \/>\n<meta property=\"og:locale\" content=\"fr_FR\" \/>\n<meta property=\"og:type\" content=\"article\" \/>\n<meta property=\"og:title\" content=\"Eph\u00e9m\u00e9rides: 29 d\u00e9cembre - Nous Sommes Vincentiens\" \/>\n<meta property=\"og:description\" content=\"1793. Loi imposant le serment civique aux membres des Congr\u00e9gations religieuses. Ce fut pour avoir refus\u00e9 ce serment qui leur semblait contraire \u00e0 leur conscience que nos S\u0153urs d\u2019Arras ont \u00e9t\u00e9 guillotin\u00e9es. 1921. \u00c0 Paris, ... Read More\" \/>\n<meta property=\"og:url\" content=\"http:\/\/vincentians.com\/fr\/ephemerides-29-decembre\/\" \/>\n<meta property=\"og:site_name\" content=\"Nous Sommes Vincentiens\" \/>\n<meta property=\"article:publisher\" content=\"https:\/\/www.facebook.com\/WeAreVincentians\/\" \/>\n<meta property=\"article:author\" content=\"https:\/\/www.facebook.com\/JavierChento\" \/>\n<meta property=\"article:published_time\" content=\"2016-12-28T23:01:17+00:00\" \/>\n<meta property=\"og:image\" content=\"https:\/\/i0.wp.com\/vincentians.com\/fr\/wp-content\/uploads\/sites\/10\/2016\/07\/ephemerides-fb.jpg?fit=1200%2C630\" \/>\n\t<meta property=\"og:image:width\" content=\"1200\" \/>\n\t<meta property=\"og:image:height\" content=\"630\" \/>\n\t<meta property=\"og:image:type\" content=\"image\/jpeg\" \/>\n<meta name=\"author\" content=\"Francisco Javier Fern\u00e1ndez Chento\" \/>\n<meta name=\"twitter:card\" content=\"summary_large_image\" \/>\n<meta name=\"twitter:creator\" content=\"@https:\/\/twitter.com\/javierchento\" \/>\n<meta name=\"twitter:site\" content=\"@WeVincentians\" \/>\n<meta name=\"twitter:label1\" content=\"\u00c9crit par\" \/>\n\t<meta name=\"twitter:data1\" content=\"Francisco Javier Fern\u00e1ndez Chento\" \/>\n\t<meta name=\"twitter:label2\" content=\"Dur\u00e9e de lecture estim\u00e9e\" \/>\n\t<meta name=\"twitter:data2\" content=\"3 minutes\" \/>\n<script type=\"application\/ld+json\" class=\"yoast-schema-graph\">{\"@context\":\"https:\/\/schema.org\",\"@graph\":[{\"@type\":\"WebPage\",\"@id\":\"http:\/\/vincentians.com\/fr\/ephemerides-29-decembre\/\",\"url\":\"http:\/\/vincentians.com\/fr\/ephemerides-29-decembre\/\",\"name\":\"Eph\u00e9m\u00e9rides: 29 d\u00e9cembre - Nous Sommes Vincentiens\",\"isPartOf\":{\"@id\":\"http:\/\/vincentians.com\/fr\/#website\"},\"primaryImageOfPage\":{\"@id\":\"http:\/\/vincentians.com\/fr\/ephemerides-29-decembre\/#primaryimage\"},\"image\":{\"@id\":\"http:\/\/vincentians.com\/fr\/ephemerides-29-decembre\/#primaryimage\"},\"thumbnailUrl\":\"https:\/\/i0.wp.com\/vincentians.com\/fr\/wp-content\/uploads\/sites\/10\/2016\/07\/ephemerides-fb.jpg?fit=1200%2C630\",\"datePublished\":\"2016-12-28T23:01:17+00:00\",\"author\":{\"@id\":\"http:\/\/vincentians.com\/fr\/#\/schema\/person\/9623ef4d9aa3b2dfb8c061f1499288f2\"},\"breadcrumb\":{\"@id\":\"http:\/\/vincentians.com\/fr\/ephemerides-29-decembre\/#breadcrumb\"},\"inLanguage\":\"fr-FR\",\"potentialAction\":[{\"@type\":\"ReadAction\",\"target\":[\"http:\/\/vincentians.com\/fr\/ephemerides-29-decembre\/\"]}]},{\"@type\":\"ImageObject\",\"inLanguage\":\"fr-FR\",\"@id\":\"http:\/\/vincentians.com\/fr\/ephemerides-29-decembre\/#primaryimage\",\"url\":\"https:\/\/i0.wp.com\/vincentians.com\/fr\/wp-content\/uploads\/sites\/10\/2016\/07\/ephemerides-fb.jpg?fit=1200%2C630\",\"contentUrl\":\"https:\/\/i0.wp.com\/vincentians.com\/fr\/wp-content\/uploads\/sites\/10\/2016\/07\/ephemerides-fb.jpg?fit=1200%2C630\",\"width\":1200,\"height\":630},{\"@type\":\"BreadcrumbList\",\"@id\":\"http:\/\/vincentians.com\/fr\/ephemerides-29-decembre\/#breadcrumb\",\"itemListElement\":[{\"@type\":\"ListItem\",\"position\":1,\"name\":\"Portada\",\"item\":\"http:\/\/vincentians.com\/fr\/\"},{\"@type\":\"ListItem\",\"position\":2,\"name\":\"Eph\u00e9m\u00e9rides: 29 d\u00e9cembre\"}]},{\"@type\":\"WebSite\",\"@id\":\"http:\/\/vincentians.com\/fr\/#website\",\"url\":\"http:\/\/vincentians.com\/fr\/\",\"name\":\"Nous Sommes Vincentiens\",\"description\":\"Know more to serve more\",\"potentialAction\":[{\"@type\":\"SearchAction\",\"target\":{\"@type\":\"EntryPoint\",\"urlTemplate\":\"http:\/\/vincentians.com\/fr\/?s={search_term_string}\"},\"query-input\":{\"@type\":\"PropertyValueSpecification\",\"valueRequired\":true,\"valueName\":\"search_term_string\"}}],\"inLanguage\":\"fr-FR\"},{\"@type\":\"Person\",\"@id\":\"http:\/\/vincentians.com\/fr\/#\/schema\/person\/9623ef4d9aa3b2dfb8c061f1499288f2\",\"name\":\"Francisco Javier Fern\u00e1ndez Chento\",\"image\":{\"@type\":\"ImageObject\",\"inLanguage\":\"fr-FR\",\"@id\":\"http:\/\/vincentians.com\/fr\/#\/schema\/person\/image\/\",\"url\":\"https:\/\/secure.gravatar.com\/avatar\/497d5cde87b4c3d097d0315953521681ba2cd523ee66e5077c3711f7021e65de?s=96&d=mm&r=g\",\"contentUrl\":\"https:\/\/secure.gravatar.com\/avatar\/497d5cde87b4c3d097d0315953521681ba2cd523ee66e5077c3711f7021e65de?s=96&d=mm&r=g\",\"caption\":\"Francisco Javier Fern\u00e1ndez Chento\"},\"description\":\"Director General y cofundador de La Red de Formaci\u00f3n Vicenciana. Javier es laico vicenciano, afiliado a la Congregaci\u00f3n de la Misi\u00f3n y miembro del Equipo de Misiones Populares de la provincia can\u00f3nica de Zaragoza (Espa\u00f1a) de la Congregaci\u00f3n de la Misi\u00f3n. Graduado en la Universidad Oberta de Catalunya con cuatro grados (Asistente de direcci\u00f3n, Gesti\u00f3n Administrativa, Recursos Humanos y Contabilidad Avanzada). Bil\u00edng\u00fce Espa\u00f1ol\/Ingl\u00e9s. gestiona y mantiene varias p\u00e1ginas web cristianas y vicencianas, incluida including La Red de Formaci\u00f3n Vicenciana, de la que es cofundador. Actualmente es responsable del \u00e1rea de Espa\u00f1ol de .famvin, la Red de Noticias de la Familia Vicenciana. Tambi\u00e9n es m\u00fasico cat\u00f3lico y ha editado varios discos. Es Director General y cofundador de Trovador, una reconocida compa\u00f1\u00eda discogr\u00e1fica critiana de Espa\u00f1a. Trabaja en las Tecnolog\u00edas de la Informaci\u00f3n, ofreciendo servicios de alojamiento, dise\u00f1o y mantenimiento Web, as\u00ed como asesoramiento, formaci\u00f3n y soluciones inform\u00e1ticas, gesti\u00f3n documental y digitalizaci\u00f3n de textos, edici\u00f3n y maquetaci\u00f3n de libros, revistas, flyers, etc.\",\"sameAs\":[\"http:\/\/chento.org\",\"https:\/\/www.facebook.com\/JavierChento\",\"https:\/\/x.com\/https:\/\/twitter.com\/javierchento\"],\"url\":\"http:\/\/vincentians.com\/fr\/author\/chento\/\"}]}<\/script>\n<!-- \/ Yoast SEO plugin. -->","yoast_head_json":{"title":"Eph\u00e9m\u00e9rides: 29 d\u00e9cembre - Nous Sommes Vincentiens","robots":{"index":"index","follow":"follow","max-snippet":"max-snippet:-1","max-image-preview":"max-image-preview:large","max-video-preview":"max-video-preview:-1"},"canonical":"http:\/\/vincentians.com\/fr\/ephemerides-29-decembre\/","og_locale":"fr_FR","og_type":"article","og_title":"Eph\u00e9m\u00e9rides: 29 d\u00e9cembre - Nous Sommes Vincentiens","og_description":"1793. Loi imposant le serment civique aux membres des Congr\u00e9gations religieuses. Ce fut pour avoir refus\u00e9 ce serment qui leur semblait contraire \u00e0 leur conscience que nos S\u0153urs d\u2019Arras ont \u00e9t\u00e9 guillotin\u00e9es. 1921. \u00c0 Paris, ... Read More","og_url":"http:\/\/vincentians.com\/fr\/ephemerides-29-decembre\/","og_site_name":"Nous Sommes Vincentiens","article_publisher":"https:\/\/www.facebook.com\/WeAreVincentians\/","article_author":"https:\/\/www.facebook.com\/JavierChento","article_published_time":"2016-12-28T23:01:17+00:00","og_image":[{"width":1200,"height":630,"url":"https:\/\/i0.wp.com\/vincentians.com\/fr\/wp-content\/uploads\/sites\/10\/2016\/07\/ephemerides-fb.jpg?fit=1200%2C630","type":"image\/jpeg"}],"author":"Francisco Javier Fern\u00e1ndez Chento","twitter_card":"summary_large_image","twitter_creator":"@https:\/\/twitter.com\/javierchento","twitter_site":"@WeVincentians","twitter_misc":{"\u00c9crit par":"Francisco Javier Fern\u00e1ndez Chento","Dur\u00e9e de lecture estim\u00e9e":"3 minutes"},"schema":{"@context":"https:\/\/schema.org","@graph":[{"@type":"WebPage","@id":"http:\/\/vincentians.com\/fr\/ephemerides-29-decembre\/","url":"http:\/\/vincentians.com\/fr\/ephemerides-29-decembre\/","name":"Eph\u00e9m\u00e9rides: 29 d\u00e9cembre - Nous Sommes Vincentiens","isPartOf":{"@id":"http:\/\/vincentians.com\/fr\/#website"},"primaryImageOfPage":{"@id":"http:\/\/vincentians.com\/fr\/ephemerides-29-decembre\/#primaryimage"},"image":{"@id":"http:\/\/vincentians.com\/fr\/ephemerides-29-decembre\/#primaryimage"},"thumbnailUrl":"https:\/\/i0.wp.com\/vincentians.com\/fr\/wp-content\/uploads\/sites\/10\/2016\/07\/ephemerides-fb.jpg?fit=1200%2C630","datePublished":"2016-12-28T23:01:17+00:00","author":{"@id":"http:\/\/vincentians.com\/fr\/#\/schema\/person\/9623ef4d9aa3b2dfb8c061f1499288f2"},"breadcrumb":{"@id":"http:\/\/vincentians.com\/fr\/ephemerides-29-decembre\/#breadcrumb"},"inLanguage":"fr-FR","potentialAction":[{"@type":"ReadAction","target":["http:\/\/vincentians.com\/fr\/ephemerides-29-decembre\/"]}]},{"@type":"ImageObject","inLanguage":"fr-FR","@id":"http:\/\/vincentians.com\/fr\/ephemerides-29-decembre\/#primaryimage","url":"https:\/\/i0.wp.com\/vincentians.com\/fr\/wp-content\/uploads\/sites\/10\/2016\/07\/ephemerides-fb.jpg?fit=1200%2C630","contentUrl":"https:\/\/i0.wp.com\/vincentians.com\/fr\/wp-content\/uploads\/sites\/10\/2016\/07\/ephemerides-fb.jpg?fit=1200%2C630","width":1200,"height":630},{"@type":"BreadcrumbList","@id":"http:\/\/vincentians.com\/fr\/ephemerides-29-decembre\/#breadcrumb","itemListElement":[{"@type":"ListItem","position":1,"name":"Portada","item":"http:\/\/vincentians.com\/fr\/"},{"@type":"ListItem","position":2,"name":"Eph\u00e9m\u00e9rides: 29 d\u00e9cembre"}]},{"@type":"WebSite","@id":"http:\/\/vincentians.com\/fr\/#website","url":"http:\/\/vincentians.com\/fr\/","name":"Nous Sommes Vincentiens","description":"Know more to serve more","potentialAction":[{"@type":"SearchAction","target":{"@type":"EntryPoint","urlTemplate":"http:\/\/vincentians.com\/fr\/?s={search_term_string}"},"query-input":{"@type":"PropertyValueSpecification","valueRequired":true,"valueName":"search_term_string"}}],"inLanguage":"fr-FR"},{"@type":"Person","@id":"http:\/\/vincentians.com\/fr\/#\/schema\/person\/9623ef4d9aa3b2dfb8c061f1499288f2","name":"Francisco Javier Fern\u00e1ndez Chento","image":{"@type":"ImageObject","inLanguage":"fr-FR","@id":"http:\/\/vincentians.com\/fr\/#\/schema\/person\/image\/","url":"https:\/\/secure.gravatar.com\/avatar\/497d5cde87b4c3d097d0315953521681ba2cd523ee66e5077c3711f7021e65de?s=96&d=mm&r=g","contentUrl":"https:\/\/secure.gravatar.com\/avatar\/497d5cde87b4c3d097d0315953521681ba2cd523ee66e5077c3711f7021e65de?s=96&d=mm&r=g","caption":"Francisco Javier Fern\u00e1ndez Chento"},"description":"Director General y cofundador de La Red de Formaci\u00f3n Vicenciana. Javier es laico vicenciano, afiliado a la Congregaci\u00f3n de la Misi\u00f3n y miembro del Equipo de Misiones Populares de la provincia can\u00f3nica de Zaragoza (Espa\u00f1a) de la Congregaci\u00f3n de la Misi\u00f3n. Graduado en la Universidad Oberta de Catalunya con cuatro grados (Asistente de direcci\u00f3n, Gesti\u00f3n Administrativa, Recursos Humanos y Contabilidad Avanzada). Bil\u00edng\u00fce Espa\u00f1ol\/Ingl\u00e9s. gestiona y mantiene varias p\u00e1ginas web cristianas y vicencianas, incluida including La Red de Formaci\u00f3n Vicenciana, de la que es cofundador. Actualmente es responsable del \u00e1rea de Espa\u00f1ol de .famvin, la Red de Noticias de la Familia Vicenciana. Tambi\u00e9n es m\u00fasico cat\u00f3lico y ha editado varios discos. Es Director General y cofundador de Trovador, una reconocida compa\u00f1\u00eda discogr\u00e1fica critiana de Espa\u00f1a. Trabaja en las Tecnolog\u00edas de la Informaci\u00f3n, ofreciendo servicios de alojamiento, dise\u00f1o y mantenimiento Web, as\u00ed como asesoramiento, formaci\u00f3n y soluciones inform\u00e1ticas, gesti\u00f3n documental y digitalizaci\u00f3n de textos, edici\u00f3n y maquetaci\u00f3n de libros, revistas, flyers, etc.","sameAs":["http:\/\/chento.org","https:\/\/www.facebook.com\/JavierChento","https:\/\/x.com\/https:\/\/twitter.com\/javierchento"],"url":"http:\/\/vincentians.com\/fr\/author\/chento\/"}]}},"jetpack_publicize_connections":[],"jetpack_featured_media_url":"https:\/\/i0.wp.com\/vincentians.com\/fr\/wp-content\/uploads\/sites\/10\/2016\/07\/ephemerides-fb.jpg?fit=1200%2C630","jetpack_sharing_enabled":true,"jetpack_shortlink":"https:\/\/wp.me\/p7ETMP-rnT","jetpack-related-posts":[{"id":105520,"url":"http:\/\/vincentians.com\/fr\/ephemerides-14-janvier\/","url_meta":{"origin":105269,"position":0},"title":"Eph\u00e9m\u00e9rides: 14 janvier","author":"Francisco Javier Fern\u00e1ndez Chento","date":"14\/01\/2017","format":false,"excerpt":"1640. Sainte Louise \u00e9crit \u00e0 Marguerite Ch\u00e9tif \u00e0 Arras\u00a0: \u201cQue Dieu donne la force et la g\u00e9n\u00e9rosit\u00e9 \u00e0 la Compagnie de se maintenir dans l\u2019esprit premier que J\u00e9sus y a mis par le Sien et ses saintes maximes\u201d. (R) 1791. \u00c0 Paris, entre le 14 et le 31 janvier, para\u00eet\u2026","rel":"","context":"Dans &quot;\u00c9ph\u00e9m\u00e9rides vincentiens&quot;","block_context":{"text":"\u00c9ph\u00e9m\u00e9rides vincentiens","link":"http:\/\/vincentians.com\/fr\/category\/ephemerides-vincentiens\/"},"img":{"alt_text":"","src":"https:\/\/i0.wp.com\/vincentians.com\/fr\/wp-content\/uploads\/sites\/10\/2016\/07\/ephemerides-fb.jpg?fit=1200%2C630&resize=350%2C200","width":350,"height":200,"srcset":"https:\/\/i0.wp.com\/vincentians.com\/fr\/wp-content\/uploads\/sites\/10\/2016\/07\/ephemerides-fb.jpg?fit=1200%2C630&resize=350%2C200 1x, https:\/\/i0.wp.com\/vincentians.com\/fr\/wp-content\/uploads\/sites\/10\/2016\/07\/ephemerides-fb.jpg?fit=1200%2C630&resize=525%2C300 1.5x, https:\/\/i0.wp.com\/vincentians.com\/fr\/wp-content\/uploads\/sites\/10\/2016\/07\/ephemerides-fb.jpg?fit=1200%2C630&resize=700%2C400 2x, https:\/\/i0.wp.com\/vincentians.com\/fr\/wp-content\/uploads\/sites\/10\/2016\/07\/ephemerides-fb.jpg?fit=1200%2C630&resize=1050%2C600 3x"},"classes":[]},{"id":108324,"url":"http:\/\/vincentians.com\/fr\/ephemerides-1-fevrier\/","url_meta":{"origin":105269,"position":1},"title":"Eph\u00e9m\u00e9rides: 1 f\u00e9vrier","author":"Francisco Javier Fern\u00e1ndez Chento","date":"01\/02\/2017","format":false,"excerpt":"En 1640, \u00e0 Angers , est sign\u00e9 l'acte d'introduction des Filles de la Charit\u00e9 \u00e0 l'h\u00f4pital Saint-Jean. Saint Vincent tenait beaucoup \u00e0 cet \u00e9tablissement. Il y avait \u00e9t\u00e9 amen\u00e9 par la pr\u00e9sidente Goussault, tr\u00e8s \u00e9mue elle-m\u00eame de l'abandon dans lequel infirmi\u00e8res et aum\u00f4niers laissaient les malades de cet antique h\u00f4pital.\u2026","rel":"","context":"Dans &quot;\u00c9ph\u00e9m\u00e9rides vincentiens&quot;","block_context":{"text":"\u00c9ph\u00e9m\u00e9rides vincentiens","link":"http:\/\/vincentians.com\/fr\/category\/ephemerides-vincentiens\/"},"img":{"alt_text":"","src":"https:\/\/i0.wp.com\/vincentians.com\/fr\/wp-content\/uploads\/sites\/10\/2016\/07\/ephemerides-fb.jpg?fit=1200%2C630&resize=350%2C200","width":350,"height":200,"srcset":"https:\/\/i0.wp.com\/vincentians.com\/fr\/wp-content\/uploads\/sites\/10\/2016\/07\/ephemerides-fb.jpg?fit=1200%2C630&resize=350%2C200 1x, https:\/\/i0.wp.com\/vincentians.com\/fr\/wp-content\/uploads\/sites\/10\/2016\/07\/ephemerides-fb.jpg?fit=1200%2C630&resize=525%2C300 1.5x, https:\/\/i0.wp.com\/vincentians.com\/fr\/wp-content\/uploads\/sites\/10\/2016\/07\/ephemerides-fb.jpg?fit=1200%2C630&resize=700%2C400 2x, https:\/\/i0.wp.com\/vincentians.com\/fr\/wp-content\/uploads\/sites\/10\/2016\/07\/ephemerides-fb.jpg?fit=1200%2C630&resize=1050%2C600 3x"},"classes":[]},{"id":190169,"url":"http:\/\/vincentians.com\/fr\/ephemerides-10-septembre\/","url_meta":{"origin":105269,"position":2},"title":"Eph\u00e9m\u00e9rides : 10 septembre","author":"Francisco Javier Fern\u00e1ndez Chento","date":"10\/09\/2016","format":false,"excerpt":"1598. \u00c0 Dax, Guillaume de Massiot, Vicaire g\u00e9n\u00e9ral charg\u00e9 de l\u2019administration du dioc\u00e8se pendant la vacance du si\u00e8ge, signe et d\u00e9livre les lettres dimissoriales qui permettent \u00e0 Vincent de Paul de se faire ordonner sous-diacre par un \u00e9v\u00eaque de son choix. Vincent qui, \u00e0 cette \u00e9poque, a dix-huit ans \u00e0\u2026","rel":"","context":"Dans &quot;\u00c9ph\u00e9m\u00e9rides vincentiens&quot;","block_context":{"text":"\u00c9ph\u00e9m\u00e9rides vincentiens","link":"http:\/\/vincentians.com\/fr\/category\/ephemerides-vincentiens\/"},"img":{"alt_text":"","src":"https:\/\/i0.wp.com\/vincentians.com\/fr\/wp-content\/uploads\/sites\/10\/2016\/07\/ephemerides-fb.jpg?fit=1200%2C630&resize=350%2C200","width":350,"height":200,"srcset":"https:\/\/i0.wp.com\/vincentians.com\/fr\/wp-content\/uploads\/sites\/10\/2016\/07\/ephemerides-fb.jpg?fit=1200%2C630&resize=350%2C200 1x, https:\/\/i0.wp.com\/vincentians.com\/fr\/wp-content\/uploads\/sites\/10\/2016\/07\/ephemerides-fb.jpg?fit=1200%2C630&resize=525%2C300 1.5x, https:\/\/i0.wp.com\/vincentians.com\/fr\/wp-content\/uploads\/sites\/10\/2016\/07\/ephemerides-fb.jpg?fit=1200%2C630&resize=700%2C400 2x, https:\/\/i0.wp.com\/vincentians.com\/fr\/wp-content\/uploads\/sites\/10\/2016\/07\/ephemerides-fb.jpg?fit=1200%2C630&resize=1050%2C600 3x"},"classes":[]},{"id":190176,"url":"http:\/\/vincentians.com\/fr\/ephemerides-16-septembre\/","url_meta":{"origin":105269,"position":3},"title":"Eph\u00e9m\u00e9rides : 16 septembre","author":"Francisco Javier Fern\u00e1ndez Chento","date":"16\/09\/2016","format":false,"excerpt":"1615. \u00c0 Ecouis, alors dans le dioc\u00e8se de Rouen, aujourd\u2019hui dans celui d\u2019\u00c9vreux, Monsieur Vincent se pr\u00e9sente au chapitre de la Coll\u00e9giale, dont il est devenu chanoine et tr\u00e9sorier au mois de mai pr\u00e9c\u00e9dent. Il fait le serment de fid\u00e9lit\u00e9 et re\u00e7oit le baiser de paix. Cette c\u00e9r\u00e9monie lui donne\u2026","rel":"","context":"Dans &quot;\u00c9ph\u00e9m\u00e9rides vincentiens&quot;","block_context":{"text":"\u00c9ph\u00e9m\u00e9rides vincentiens","link":"http:\/\/vincentians.com\/fr\/category\/ephemerides-vincentiens\/"},"img":{"alt_text":"","src":"https:\/\/i0.wp.com\/vincentians.com\/fr\/wp-content\/uploads\/sites\/10\/2016\/07\/ephemerides-fb.jpg?fit=1200%2C630&resize=350%2C200","width":350,"height":200,"srcset":"https:\/\/i0.wp.com\/vincentians.com\/fr\/wp-content\/uploads\/sites\/10\/2016\/07\/ephemerides-fb.jpg?fit=1200%2C630&resize=350%2C200 1x, https:\/\/i0.wp.com\/vincentians.com\/fr\/wp-content\/uploads\/sites\/10\/2016\/07\/ephemerides-fb.jpg?fit=1200%2C630&resize=525%2C300 1.5x, https:\/\/i0.wp.com\/vincentians.com\/fr\/wp-content\/uploads\/sites\/10\/2016\/07\/ephemerides-fb.jpg?fit=1200%2C630&resize=700%2C400 2x, https:\/\/i0.wp.com\/vincentians.com\/fr\/wp-content\/uploads\/sites\/10\/2016\/07\/ephemerides-fb.jpg?fit=1200%2C630&resize=1050%2C600 3x"},"classes":[]},{"id":104858,"url":"http:\/\/vincentians.com\/fr\/ephemerides-8-decembre\/","url_meta":{"origin":105269,"position":4},"title":"Eph\u00e9m\u00e9rides: 8 d\u00e9cembre","author":"Francisco Javier Fern\u00e1ndez Chento","date":"08\/12\/2016","format":false,"excerpt":"1617. \u00c0 Ch\u00e2tillon-les-Dombes dont il est le cur\u00e9, Monsieur Vincent proc\u00e8de solennellement \u00e0 l\u2019\u00e9rection de la premi\u00e8re Confr\u00e9rie de la Charit\u00e9. Les r\u00e8glements en ont \u00e9t\u00e9 approuv\u00e9s, le 24 novembre pr\u00e9c\u00e9dent, par Thomas de Mescatin-la-Faye, grand vicaire de l\u2019archev\u00eaque de Lyon. Aujourd\u2019hui, \u00e0 son peuple, r\u00e9uni en la chapelle de\u2026","rel":"","context":"Dans &quot;\u00c9ph\u00e9m\u00e9rides vincentiens&quot;","block_context":{"text":"\u00c9ph\u00e9m\u00e9rides vincentiens","link":"http:\/\/vincentians.com\/fr\/category\/ephemerides-vincentiens\/"},"img":{"alt_text":"","src":"https:\/\/i0.wp.com\/vincentians.com\/fr\/wp-content\/uploads\/sites\/10\/2016\/07\/ephemerides-fb.jpg?fit=1200%2C630&resize=350%2C200","width":350,"height":200,"srcset":"https:\/\/i0.wp.com\/vincentians.com\/fr\/wp-content\/uploads\/sites\/10\/2016\/07\/ephemerides-fb.jpg?fit=1200%2C630&resize=350%2C200 1x, https:\/\/i0.wp.com\/vincentians.com\/fr\/wp-content\/uploads\/sites\/10\/2016\/07\/ephemerides-fb.jpg?fit=1200%2C630&resize=525%2C300 1.5x, https:\/\/i0.wp.com\/vincentians.com\/fr\/wp-content\/uploads\/sites\/10\/2016\/07\/ephemerides-fb.jpg?fit=1200%2C630&resize=700%2C400 2x, https:\/\/i0.wp.com\/vincentians.com\/fr\/wp-content\/uploads\/sites\/10\/2016\/07\/ephemerides-fb.jpg?fit=1200%2C630&resize=1050%2C600 3x"},"classes":[]},{"id":190132,"url":"http:\/\/vincentians.com\/fr\/ephemerides-20-aout\/","url_meta":{"origin":105269,"position":5},"title":"Eph\u00e9m\u00e9rides : 20 ao\u00fbt","author":"Francisco Javier Fern\u00e1ndez Chento","date":"20\/08\/2016","format":false,"excerpt":"1617. \u00c0 Ch\u00e2tillon-les-Dombes, dont il est le cur\u00e9 depuis un mois, Monsieur Vincent lance, au pr\u00f4ne, un appel en faveur d\u2019une famille malade d\u2019un village voisin. L\u2019apr\u00e8s-midi, c\u2019est une v\u00e9ritable procession de charit\u00e9 qui s\u2019y rend. Le g\u00e9nie organisateur de Monsieur Vincent a vite fait de voir ce qu\u2019il peut\u2026","rel":"","context":"Dans &quot;\u00c9ph\u00e9m\u00e9rides vincentiens&quot;","block_context":{"text":"\u00c9ph\u00e9m\u00e9rides vincentiens","link":"http:\/\/vincentians.com\/fr\/category\/ephemerides-vincentiens\/"},"img":{"alt_text":"","src":"https:\/\/i0.wp.com\/vincentians.com\/fr\/wp-content\/uploads\/sites\/10\/2016\/07\/ephemerides-fb.jpg?fit=1200%2C630&resize=350%2C200","width":350,"height":200,"srcset":"https:\/\/i0.wp.com\/vincentians.com\/fr\/wp-content\/uploads\/sites\/10\/2016\/07\/ephemerides-fb.jpg?fit=1200%2C630&resize=350%2C200 1x, https:\/\/i0.wp.com\/vincentians.com\/fr\/wp-content\/uploads\/sites\/10\/2016\/07\/ephemerides-fb.jpg?fit=1200%2C630&resize=525%2C300 1.5x, https:\/\/i0.wp.com\/vincentians.com\/fr\/wp-content\/uploads\/sites\/10\/2016\/07\/ephemerides-fb.jpg?fit=1200%2C630&resize=700%2C400 2x, https:\/\/i0.wp.com\/vincentians.com\/fr\/wp-content\/uploads\/sites\/10\/2016\/07\/ephemerides-fb.jpg?fit=1200%2C630&resize=1050%2C600 3x"},"classes":[]}],"_links":{"self":[{"href":"http:\/\/vincentians.com\/fr\/wp-json\/wp\/v2\/posts\/105269","targetHints":{"allow":["GET"]}}],"collection":[{"href":"http:\/\/vincentians.com\/fr\/wp-json\/wp\/v2\/posts"}],"about":[{"href":"http:\/\/vincentians.com\/fr\/wp-json\/wp\/v2\/types\/post"}],"author":[{"embeddable":true,"href":"http:\/\/vincentians.com\/fr\/wp-json\/wp\/v2\/users\/4"}],"replies":[{"embeddable":true,"href":"http:\/\/vincentians.com\/fr\/wp-json\/wp\/v2\/comments?post=105269"}],"version-history":[{"count":0,"href":"http:\/\/vincentians.com\/fr\/wp-json\/wp\/v2\/posts\/105269\/revisions"}],"wp:featuredmedia":[{"embeddable":true,"href":"http:\/\/vincentians.com\/fr\/wp-json\/wp\/v2\/media\/149897"}],"wp:attachment":[{"href":"http:\/\/vincentians.com\/fr\/wp-json\/wp\/v2\/media?parent=105269"}],"wp:term":[{"taxonomy":"category","embeddable":true,"href":"http:\/\/vincentians.com\/fr\/wp-json\/wp\/v2\/categories?post=105269"},{"taxonomy":"post_tag","embeddable":true,"href":"http:\/\/vincentians.com\/fr\/wp-json\/wp\/v2\/tags?post=105269"}],"curies":[{"name":"wp","href":"https:\/\/api.w.org\/{rel}","templated":true}]}}