{"id":105268,"date":"2016-12-28T00:01:17","date_gmt":"2016-12-27T23:01:17","guid":{"rendered":"http:\/\/vincentiens.org\/?p=105268"},"modified":"2016-12-28T00:01:17","modified_gmt":"2016-12-27T23:01:17","slug":"ephemerides-28-decembre","status":"publish","type":"post","link":"http:\/\/vincentians.com\/fr\/ephemerides-28-decembre\/","title":{"rendered":"Eph\u00e9m\u00e9rides: 28 d\u00e9cembre"},"content":{"rendered":"<p><b>1622<\/b>. \u00c0 Lyon, \u00e0 huit heures du soir, Fran\u00e7ois de Sales meurt, dans sa cinquante-sixi\u00e8me ann\u00e9e d\u2019\u00e2ge et la vingti\u00e8me de son \u00e9piscopat. M. Vincent, qui a pu approcher et appr\u00e9cier l\u2019\u00e9v\u00eaque de Gen\u00e8ve, lors de son s\u00e9jour \u00e0 Paris de novembre 1618, au 13 septembre 1619, \u00e9prouve, \u00e0 l\u2019annonce de cette mort, une peine immense<span id='easy-footnote-1-105268' class='easy-footnote-margin-adjust'><\/span><span class='easy-footnote'><a href='http:\/\/vincentians.com\/fr\/ephemerides-28-decembre\/#easy-footnote-bottom-1-105268' title='Hamon\u00a0: Vie de saint Fran\u00e7ois de Sales, t. II, p. 312. Coste I p. 163.'><sup>1<\/sup><\/a><\/span>.<\/p>\n<p><b>1832<\/b>. \u00c0 Paris, en l\u2019\u00e9glise Saint-Roch, Mgr de Qu\u00e9len prononce un \u00e9mouvant discours en faveur des enfants que le chol\u00e9ra a rendus orphelins. De la part de l\u2019archev\u00eaque de Paris, c\u2019est l\u00e0 une action h\u00e9ro\u00efque\u00a0: en effet, chass\u00e9 de la capitale par les passions politiques, il s\u2019\u00e9tait retir\u00e9 au ch\u00e2teau de la Croix Saint-Leufroy, dans le dioc\u00e8se d\u2019Evreux. Mais d\u00e8s que l\u2019\u00e9pid\u00e9mie a \u00e9clat\u00e9 dans Paris, Mgr de Qu\u00e9len n\u2019a \u00e9cout\u00e9 que son grand c\u0153ur, et on a vu cet archev\u00eaque si calomni\u00e9 se pencher sans ranc\u0153ur au chevet des malades de l\u2019H\u00f4tel-Dieu et p\u00e9n\u00e9trer dans les lieux o\u00f9 le mal s\u00e9vit. La plupart du temps, il est, dans ses visites, accompagn\u00e9 de M. Jean-Baptiste Etienne, alors procureur g\u00e9n\u00e9ral de la Mission. Le futur sup\u00e9rieur g\u00e9n\u00e9ral va d\u2019ailleurs seconder admirablement l\u2019archev\u00eaque dans le fonctionnement de l\u2019\u0152uvre des Orphelins de Saint-Vincent de Paul\u00a0; cette \u0153uvre a \u00e9t\u00e9 fond\u00e9e \u00e0 l\u2019appel de Mgr de Qu\u00e9len dont le c\u0153ur s\u2019est \u00e9mu \u00e0 la vue de tant d\u2019enfants que la terrible \u00e9pid\u00e9mie a priv\u00e9s de leurs parents. C\u2019est pr\u00e9cis\u00e9ment pour solliciter la charit\u00e9 publique en faveur de cette \u0153uvre que l\u2019Archev\u00eaque a d\u00e9cid\u00e9 de prendre la parole aujourd\u2019hui, en la f\u00eate des Saints-Innocents\u2026 Mais n\u2019est-ce pas l\u00e0 un acte officiel de minist\u00e8re pastoral qui risque de d\u00e9cha\u00eener \u00e0 nouveau la fureur de ses ennemis\u00a0?\u2026 Ses amis, et M. Etienne est du nombre, ont essay\u00e9 de l\u2019en convaincre. Mais le sort des orphelins pr\u00e9occupe bien plus l\u2019archev\u00eaque que sa propre personne\u2026 A l\u2019heure fix\u00e9e, toute la haute soci\u00e9t\u00e9 parisienne se presse dans l\u2019\u00e9glise Saint-Roch. En une file impressionnante, les voitures stationnent jusqu\u2019aux Tuileries. Mais, m\u00eal\u00e9s \u00e0 l\u2019assistance, il y a des visages sinistres et des hommes qui ont re\u00e7u l\u2019ordre de poignarder l\u2019archev\u00eaque\u2026 Cependant, les amis veillent\u00a0: M. Etienne lui-m\u00eame, v\u00eatu en simple la\u00efque, circule dans l\u2019assembl\u00e9e\u2026 Mais bient\u00f4t, la cause qu\u2019il plaide met sur les l\u00e8vres de Mgr de Qu\u00e9len une telle \u00e9loquence que la haine est d\u00e9sarm\u00e9e\u2026 La qu\u00eate rapportera trente-trois mille francs, soit pr\u00e8s de quatre millions d\u2019aujourd\u2019hui. Et l\u2019archev\u00eaque de Paris a reconquis sa libert\u00e9 d\u2019action<span id='easy-footnote-2-105268' class='easy-footnote-margin-adjust'><\/span><span class='easy-footnote'><a href='http:\/\/vincentians.com\/fr\/ephemerides-28-decembre\/#easy-footnote-bottom-2-105268' title='Rosset\u00a0: Vie de M. Etienne, pp. 77-82\u00a0; d\u2019Exauvillez\u00a0: Vie de Mgr de Qu\u00e9len, p. 117.'><sup>2<\/sup><\/a><\/span>.<\/p>\n<p><b>1844<\/b>. Les S\u0153urs prennent la charge des orphelins \u00e0 Mustapha Sup\u00e9rieur \u00e0 Alger. Ils seront 400 en 1850 et on ouvre une classe externe pour les enfants du village. Une S\u0153ur assure la visite des Pauvres. En 1868. une section re\u00e7oit 52 petites arabes devenues orphelines par suite de la famine et 15 autres arrivent de la casbah. Une section sociale s\u2019ouvrira pour les aveugles. S\u0153ur Chavanne demande et obtient la location d\u2019une terre de 1000 hectares pour installer les jeunes m\u00e9nages que fondent les anciens orphelins. (R)<\/p>\n","protected":false},"excerpt":{"rendered":"<p>1622. \u00c0 Lyon, \u00e0 huit heures du soir, Fran\u00e7ois de Sales meurt, dans sa cinquante-sixi\u00e8me ann\u00e9e d\u2019\u00e2ge et la vingti\u00e8me de son \u00e9piscopat. M. Vincent, qui a pu approcher et appr\u00e9cier l\u2019\u00e9v\u00eaque de Gen\u00e8ve, lors &#8230; <a href=\"http:\/\/vincentians.com\/fr\/ephemerides-28-decembre\/\" class=\"more-link\">Read More<\/a><\/p>\n","protected":false},"author":4,"featured_media":149897,"comment_status":"open","ping_status":"open","sticky":false,"template":"","format":"standard","meta":{"jetpack_post_was_ever_published":false,"_jetpack_newsletter_access":"","_jetpack_dont_email_post_to_subs":false,"_jetpack_newsletter_tier_id":0,"_jetpack_memberships_contains_paywalled_content":false,"_jetpack_memberships_contains_paid_content":false,"footnotes":"","jetpack_publicize_message":"","jetpack_publicize_feature_enabled":true,"jetpack_social_post_already_shared":true,"jetpack_social_options":{"image_generator_settings":{"template":"highway","default_image_id":0,"font":"","enabled":false},"version":2}},"categories":[119],"tags":[],"class_list":["post-105268","post","type-post","status-publish","format-standard","has-post-thumbnail","hentry","category-ephemerides-vincentiens"],"yoast_head":"<!-- This site is optimized with the Yoast SEO plugin v26.3 - https:\/\/yoast.com\/wordpress\/plugins\/seo\/ -->\n<title>Eph\u00e9m\u00e9rides: 28 d\u00e9cembre - Nous Sommes Vincentiens<\/title>\n<meta name=\"robots\" content=\"index, follow, max-snippet:-1, max-image-preview:large, max-video-preview:-1\" \/>\n<link rel=\"canonical\" href=\"http:\/\/vincentians.com\/fr\/ephemerides-28-decembre\/\" \/>\n<meta property=\"og:locale\" content=\"fr_FR\" \/>\n<meta property=\"og:type\" content=\"article\" \/>\n<meta property=\"og:title\" content=\"Eph\u00e9m\u00e9rides: 28 d\u00e9cembre - Nous Sommes Vincentiens\" \/>\n<meta property=\"og:description\" content=\"1622. \u00c0 Lyon, \u00e0 huit heures du soir, Fran\u00e7ois de Sales meurt, dans sa cinquante-sixi\u00e8me ann\u00e9e d\u2019\u00e2ge et la vingti\u00e8me de son \u00e9piscopat. M. Vincent, qui a pu approcher et appr\u00e9cier l\u2019\u00e9v\u00eaque de Gen\u00e8ve, lors ... Read More\" \/>\n<meta property=\"og:url\" content=\"http:\/\/vincentians.com\/fr\/ephemerides-28-decembre\/\" \/>\n<meta property=\"og:site_name\" content=\"Nous Sommes Vincentiens\" \/>\n<meta property=\"article:publisher\" content=\"https:\/\/www.facebook.com\/WeAreVincentians\/\" \/>\n<meta property=\"article:author\" content=\"https:\/\/www.facebook.com\/JavierChento\" \/>\n<meta property=\"article:published_time\" content=\"2016-12-27T23:01:17+00:00\" \/>\n<meta property=\"og:image\" content=\"https:\/\/i0.wp.com\/vincentians.com\/fr\/wp-content\/uploads\/sites\/10\/2016\/07\/ephemerides-fb.jpg?fit=1200%2C630\" \/>\n\t<meta property=\"og:image:width\" content=\"1200\" \/>\n\t<meta property=\"og:image:height\" content=\"630\" \/>\n\t<meta property=\"og:image:type\" content=\"image\/jpeg\" \/>\n<meta name=\"author\" content=\"Francisco Javier Fern\u00e1ndez Chento\" \/>\n<meta name=\"twitter:card\" content=\"summary_large_image\" \/>\n<meta name=\"twitter:creator\" content=\"@https:\/\/twitter.com\/javierchento\" \/>\n<meta name=\"twitter:site\" content=\"@WeVincentians\" \/>\n<meta name=\"twitter:label1\" content=\"\u00c9crit par\" \/>\n\t<meta name=\"twitter:data1\" content=\"Francisco Javier Fern\u00e1ndez Chento\" \/>\n\t<meta name=\"twitter:label2\" content=\"Dur\u00e9e de lecture estim\u00e9e\" \/>\n\t<meta name=\"twitter:data2\" content=\"3 minutes\" \/>\n<script type=\"application\/ld+json\" class=\"yoast-schema-graph\">{\"@context\":\"https:\/\/schema.org\",\"@graph\":[{\"@type\":\"WebPage\",\"@id\":\"http:\/\/vincentians.com\/fr\/ephemerides-28-decembre\/\",\"url\":\"http:\/\/vincentians.com\/fr\/ephemerides-28-decembre\/\",\"name\":\"Eph\u00e9m\u00e9rides: 28 d\u00e9cembre - Nous Sommes Vincentiens\",\"isPartOf\":{\"@id\":\"http:\/\/vincentians.com\/fr\/#website\"},\"primaryImageOfPage\":{\"@id\":\"http:\/\/vincentians.com\/fr\/ephemerides-28-decembre\/#primaryimage\"},\"image\":{\"@id\":\"http:\/\/vincentians.com\/fr\/ephemerides-28-decembre\/#primaryimage\"},\"thumbnailUrl\":\"https:\/\/i0.wp.com\/vincentians.com\/fr\/wp-content\/uploads\/sites\/10\/2016\/07\/ephemerides-fb.jpg?fit=1200%2C630\",\"datePublished\":\"2016-12-27T23:01:17+00:00\",\"author\":{\"@id\":\"http:\/\/vincentians.com\/fr\/#\/schema\/person\/9623ef4d9aa3b2dfb8c061f1499288f2\"},\"breadcrumb\":{\"@id\":\"http:\/\/vincentians.com\/fr\/ephemerides-28-decembre\/#breadcrumb\"},\"inLanguage\":\"fr-FR\",\"potentialAction\":[{\"@type\":\"ReadAction\",\"target\":[\"http:\/\/vincentians.com\/fr\/ephemerides-28-decembre\/\"]}]},{\"@type\":\"ImageObject\",\"inLanguage\":\"fr-FR\",\"@id\":\"http:\/\/vincentians.com\/fr\/ephemerides-28-decembre\/#primaryimage\",\"url\":\"https:\/\/i0.wp.com\/vincentians.com\/fr\/wp-content\/uploads\/sites\/10\/2016\/07\/ephemerides-fb.jpg?fit=1200%2C630\",\"contentUrl\":\"https:\/\/i0.wp.com\/vincentians.com\/fr\/wp-content\/uploads\/sites\/10\/2016\/07\/ephemerides-fb.jpg?fit=1200%2C630\",\"width\":1200,\"height\":630},{\"@type\":\"BreadcrumbList\",\"@id\":\"http:\/\/vincentians.com\/fr\/ephemerides-28-decembre\/#breadcrumb\",\"itemListElement\":[{\"@type\":\"ListItem\",\"position\":1,\"name\":\"Portada\",\"item\":\"http:\/\/vincentians.com\/fr\/\"},{\"@type\":\"ListItem\",\"position\":2,\"name\":\"Eph\u00e9m\u00e9rides: 28 d\u00e9cembre\"}]},{\"@type\":\"WebSite\",\"@id\":\"http:\/\/vincentians.com\/fr\/#website\",\"url\":\"http:\/\/vincentians.com\/fr\/\",\"name\":\"Nous Sommes Vincentiens\",\"description\":\"Know more to serve more\",\"potentialAction\":[{\"@type\":\"SearchAction\",\"target\":{\"@type\":\"EntryPoint\",\"urlTemplate\":\"http:\/\/vincentians.com\/fr\/?s={search_term_string}\"},\"query-input\":{\"@type\":\"PropertyValueSpecification\",\"valueRequired\":true,\"valueName\":\"search_term_string\"}}],\"inLanguage\":\"fr-FR\"},{\"@type\":\"Person\",\"@id\":\"http:\/\/vincentians.com\/fr\/#\/schema\/person\/9623ef4d9aa3b2dfb8c061f1499288f2\",\"name\":\"Francisco Javier Fern\u00e1ndez Chento\",\"image\":{\"@type\":\"ImageObject\",\"inLanguage\":\"fr-FR\",\"@id\":\"http:\/\/vincentians.com\/fr\/#\/schema\/person\/image\/\",\"url\":\"https:\/\/secure.gravatar.com\/avatar\/497d5cde87b4c3d097d0315953521681ba2cd523ee66e5077c3711f7021e65de?s=96&d=mm&r=g\",\"contentUrl\":\"https:\/\/secure.gravatar.com\/avatar\/497d5cde87b4c3d097d0315953521681ba2cd523ee66e5077c3711f7021e65de?s=96&d=mm&r=g\",\"caption\":\"Francisco Javier Fern\u00e1ndez Chento\"},\"description\":\"Director General y cofundador de La Red de Formaci\u00f3n Vicenciana. Javier es laico vicenciano, afiliado a la Congregaci\u00f3n de la Misi\u00f3n y miembro del Equipo de Misiones Populares de la provincia can\u00f3nica de Zaragoza (Espa\u00f1a) de la Congregaci\u00f3n de la Misi\u00f3n. Graduado en la Universidad Oberta de Catalunya con cuatro grados (Asistente de direcci\u00f3n, Gesti\u00f3n Administrativa, Recursos Humanos y Contabilidad Avanzada). Bil\u00edng\u00fce Espa\u00f1ol\/Ingl\u00e9s. gestiona y mantiene varias p\u00e1ginas web cristianas y vicencianas, incluida including La Red de Formaci\u00f3n Vicenciana, de la que es cofundador. Actualmente es responsable del \u00e1rea de Espa\u00f1ol de .famvin, la Red de Noticias de la Familia Vicenciana. Tambi\u00e9n es m\u00fasico cat\u00f3lico y ha editado varios discos. Es Director General y cofundador de Trovador, una reconocida compa\u00f1\u00eda discogr\u00e1fica critiana de Espa\u00f1a. Trabaja en las Tecnolog\u00edas de la Informaci\u00f3n, ofreciendo servicios de alojamiento, dise\u00f1o y mantenimiento Web, as\u00ed como asesoramiento, formaci\u00f3n y soluciones inform\u00e1ticas, gesti\u00f3n documental y digitalizaci\u00f3n de textos, edici\u00f3n y maquetaci\u00f3n de libros, revistas, flyers, etc.\",\"sameAs\":[\"http:\/\/chento.org\",\"https:\/\/www.facebook.com\/JavierChento\",\"https:\/\/x.com\/https:\/\/twitter.com\/javierchento\"],\"url\":\"http:\/\/vincentians.com\/fr\/author\/chento\/\"}]}<\/script>\n<!-- \/ Yoast SEO plugin. -->","yoast_head_json":{"title":"Eph\u00e9m\u00e9rides: 28 d\u00e9cembre - Nous Sommes Vincentiens","robots":{"index":"index","follow":"follow","max-snippet":"max-snippet:-1","max-image-preview":"max-image-preview:large","max-video-preview":"max-video-preview:-1"},"canonical":"http:\/\/vincentians.com\/fr\/ephemerides-28-decembre\/","og_locale":"fr_FR","og_type":"article","og_title":"Eph\u00e9m\u00e9rides: 28 d\u00e9cembre - Nous Sommes Vincentiens","og_description":"1622. \u00c0 Lyon, \u00e0 huit heures du soir, Fran\u00e7ois de Sales meurt, dans sa cinquante-sixi\u00e8me ann\u00e9e d\u2019\u00e2ge et la vingti\u00e8me de son \u00e9piscopat. M. Vincent, qui a pu approcher et appr\u00e9cier l\u2019\u00e9v\u00eaque de Gen\u00e8ve, lors ... Read More","og_url":"http:\/\/vincentians.com\/fr\/ephemerides-28-decembre\/","og_site_name":"Nous Sommes Vincentiens","article_publisher":"https:\/\/www.facebook.com\/WeAreVincentians\/","article_author":"https:\/\/www.facebook.com\/JavierChento","article_published_time":"2016-12-27T23:01:17+00:00","og_image":[{"width":1200,"height":630,"url":"https:\/\/i0.wp.com\/vincentians.com\/fr\/wp-content\/uploads\/sites\/10\/2016\/07\/ephemerides-fb.jpg?fit=1200%2C630","type":"image\/jpeg"}],"author":"Francisco Javier Fern\u00e1ndez Chento","twitter_card":"summary_large_image","twitter_creator":"@https:\/\/twitter.com\/javierchento","twitter_site":"@WeVincentians","twitter_misc":{"\u00c9crit par":"Francisco Javier Fern\u00e1ndez Chento","Dur\u00e9e de lecture estim\u00e9e":"3 minutes"},"schema":{"@context":"https:\/\/schema.org","@graph":[{"@type":"WebPage","@id":"http:\/\/vincentians.com\/fr\/ephemerides-28-decembre\/","url":"http:\/\/vincentians.com\/fr\/ephemerides-28-decembre\/","name":"Eph\u00e9m\u00e9rides: 28 d\u00e9cembre - Nous Sommes Vincentiens","isPartOf":{"@id":"http:\/\/vincentians.com\/fr\/#website"},"primaryImageOfPage":{"@id":"http:\/\/vincentians.com\/fr\/ephemerides-28-decembre\/#primaryimage"},"image":{"@id":"http:\/\/vincentians.com\/fr\/ephemerides-28-decembre\/#primaryimage"},"thumbnailUrl":"https:\/\/i0.wp.com\/vincentians.com\/fr\/wp-content\/uploads\/sites\/10\/2016\/07\/ephemerides-fb.jpg?fit=1200%2C630","datePublished":"2016-12-27T23:01:17+00:00","author":{"@id":"http:\/\/vincentians.com\/fr\/#\/schema\/person\/9623ef4d9aa3b2dfb8c061f1499288f2"},"breadcrumb":{"@id":"http:\/\/vincentians.com\/fr\/ephemerides-28-decembre\/#breadcrumb"},"inLanguage":"fr-FR","potentialAction":[{"@type":"ReadAction","target":["http:\/\/vincentians.com\/fr\/ephemerides-28-decembre\/"]}]},{"@type":"ImageObject","inLanguage":"fr-FR","@id":"http:\/\/vincentians.com\/fr\/ephemerides-28-decembre\/#primaryimage","url":"https:\/\/i0.wp.com\/vincentians.com\/fr\/wp-content\/uploads\/sites\/10\/2016\/07\/ephemerides-fb.jpg?fit=1200%2C630","contentUrl":"https:\/\/i0.wp.com\/vincentians.com\/fr\/wp-content\/uploads\/sites\/10\/2016\/07\/ephemerides-fb.jpg?fit=1200%2C630","width":1200,"height":630},{"@type":"BreadcrumbList","@id":"http:\/\/vincentians.com\/fr\/ephemerides-28-decembre\/#breadcrumb","itemListElement":[{"@type":"ListItem","position":1,"name":"Portada","item":"http:\/\/vincentians.com\/fr\/"},{"@type":"ListItem","position":2,"name":"Eph\u00e9m\u00e9rides: 28 d\u00e9cembre"}]},{"@type":"WebSite","@id":"http:\/\/vincentians.com\/fr\/#website","url":"http:\/\/vincentians.com\/fr\/","name":"Nous Sommes Vincentiens","description":"Know more to serve more","potentialAction":[{"@type":"SearchAction","target":{"@type":"EntryPoint","urlTemplate":"http:\/\/vincentians.com\/fr\/?s={search_term_string}"},"query-input":{"@type":"PropertyValueSpecification","valueRequired":true,"valueName":"search_term_string"}}],"inLanguage":"fr-FR"},{"@type":"Person","@id":"http:\/\/vincentians.com\/fr\/#\/schema\/person\/9623ef4d9aa3b2dfb8c061f1499288f2","name":"Francisco Javier Fern\u00e1ndez Chento","image":{"@type":"ImageObject","inLanguage":"fr-FR","@id":"http:\/\/vincentians.com\/fr\/#\/schema\/person\/image\/","url":"https:\/\/secure.gravatar.com\/avatar\/497d5cde87b4c3d097d0315953521681ba2cd523ee66e5077c3711f7021e65de?s=96&d=mm&r=g","contentUrl":"https:\/\/secure.gravatar.com\/avatar\/497d5cde87b4c3d097d0315953521681ba2cd523ee66e5077c3711f7021e65de?s=96&d=mm&r=g","caption":"Francisco Javier Fern\u00e1ndez Chento"},"description":"Director General y cofundador de La Red de Formaci\u00f3n Vicenciana. Javier es laico vicenciano, afiliado a la Congregaci\u00f3n de la Misi\u00f3n y miembro del Equipo de Misiones Populares de la provincia can\u00f3nica de Zaragoza (Espa\u00f1a) de la Congregaci\u00f3n de la Misi\u00f3n. Graduado en la Universidad Oberta de Catalunya con cuatro grados (Asistente de direcci\u00f3n, Gesti\u00f3n Administrativa, Recursos Humanos y Contabilidad Avanzada). Bil\u00edng\u00fce Espa\u00f1ol\/Ingl\u00e9s. gestiona y mantiene varias p\u00e1ginas web cristianas y vicencianas, incluida including La Red de Formaci\u00f3n Vicenciana, de la que es cofundador. Actualmente es responsable del \u00e1rea de Espa\u00f1ol de .famvin, la Red de Noticias de la Familia Vicenciana. Tambi\u00e9n es m\u00fasico cat\u00f3lico y ha editado varios discos. Es Director General y cofundador de Trovador, una reconocida compa\u00f1\u00eda discogr\u00e1fica critiana de Espa\u00f1a. Trabaja en las Tecnolog\u00edas de la Informaci\u00f3n, ofreciendo servicios de alojamiento, dise\u00f1o y mantenimiento Web, as\u00ed como asesoramiento, formaci\u00f3n y soluciones inform\u00e1ticas, gesti\u00f3n documental y digitalizaci\u00f3n de textos, edici\u00f3n y maquetaci\u00f3n de libros, revistas, flyers, etc.","sameAs":["http:\/\/chento.org","https:\/\/www.facebook.com\/JavierChento","https:\/\/x.com\/https:\/\/twitter.com\/javierchento"],"url":"http:\/\/vincentians.com\/fr\/author\/chento\/"}]}},"jetpack_publicize_connections":[],"jetpack_featured_media_url":"https:\/\/i0.wp.com\/vincentians.com\/fr\/wp-content\/uploads\/sites\/10\/2016\/07\/ephemerides-fb.jpg?fit=1200%2C630","jetpack_sharing_enabled":true,"jetpack_shortlink":"https:\/\/wp.me\/p7ETMP-rnS","jetpack-related-posts":[{"id":105271,"url":"http:\/\/vincentians.com\/fr\/ephemerides-31-decembre\/","url_meta":{"origin":105268,"position":0},"title":"Eph\u00e9m\u00e9rides: 31 d\u00e9cembre","author":"Francisco Javier Fern\u00e1ndez Chento","date":"30\/12\/2016","format":false,"excerpt":"1839. \u00c0 Paris, mort de Mgr de Qu\u00e9len. Durant les longs mois de souffrance qui ont pr\u00e9c\u00e9d\u00e9 sa fin, toute empreinte d\u2019une sereine pi\u00e9t\u00e9, il a \u00e9t\u00e9 assist\u00e9 par une Fille de la Charit\u00e9 de Bon-Secours\u00a0: elle fut le merci vivant de la double famille vincentienne \u00e0 l\u2019illustre pr\u00e9lat. D\u2019une\u2026","rel":"","context":"Dans &quot;\u00c9ph\u00e9m\u00e9rides vincentiens&quot;","block_context":{"text":"\u00c9ph\u00e9m\u00e9rides vincentiens","link":"http:\/\/vincentians.com\/fr\/category\/ephemerides-vincentiens\/"},"img":{"alt_text":"","src":"https:\/\/i0.wp.com\/vincentians.com\/fr\/wp-content\/uploads\/sites\/10\/2016\/07\/ephemerides-fb.jpg?fit=1200%2C630&resize=350%2C200","width":350,"height":200,"srcset":"https:\/\/i0.wp.com\/vincentians.com\/fr\/wp-content\/uploads\/sites\/10\/2016\/07\/ephemerides-fb.jpg?fit=1200%2C630&resize=350%2C200 1x, https:\/\/i0.wp.com\/vincentians.com\/fr\/wp-content\/uploads\/sites\/10\/2016\/07\/ephemerides-fb.jpg?fit=1200%2C630&resize=525%2C300 1.5x, https:\/\/i0.wp.com\/vincentians.com\/fr\/wp-content\/uploads\/sites\/10\/2016\/07\/ephemerides-fb.jpg?fit=1200%2C630&resize=700%2C400 2x, https:\/\/i0.wp.com\/vincentians.com\/fr\/wp-content\/uploads\/sites\/10\/2016\/07\/ephemerides-fb.jpg?fit=1200%2C630&resize=1050%2C600 3x"},"classes":[]},{"id":104851,"url":"http:\/\/vincentians.com\/fr\/ephemerides-15-decembre\/","url_meta":{"origin":105268,"position":1},"title":"Eph\u00e9m\u00e9rides: 15 d\u00e9cembre","author":"Francisco Javier Fern\u00e1ndez Chento","date":"15\/12\/2016","format":false,"excerpt":"1618. \u00c0 Paris, \u00e0 son, retour de Montmirail o\u00f9 il a pass\u00e9 tout le mois de novembre et une partie de d\u00e9cembre, Monsieur Vincent entre en relations avec Fran\u00e7ois de Sales. L\u2019\u00e9v\u00eaque de Gen\u00e8ve accompagne alors dans la capitale, le cardinal de Savoie charg\u00e9 de n\u00e9gocier le mariage du Prince\u2026","rel":"","context":"Dans &quot;\u00c9ph\u00e9m\u00e9rides vincentiens&quot;","block_context":{"text":"\u00c9ph\u00e9m\u00e9rides vincentiens","link":"http:\/\/vincentians.com\/fr\/category\/ephemerides-vincentiens\/"},"img":{"alt_text":"","src":"https:\/\/i0.wp.com\/vincentians.com\/fr\/wp-content\/uploads\/sites\/10\/2016\/07\/ephemerides-fb.jpg?fit=1200%2C630&resize=350%2C200","width":350,"height":200,"srcset":"https:\/\/i0.wp.com\/vincentians.com\/fr\/wp-content\/uploads\/sites\/10\/2016\/07\/ephemerides-fb.jpg?fit=1200%2C630&resize=350%2C200 1x, https:\/\/i0.wp.com\/vincentians.com\/fr\/wp-content\/uploads\/sites\/10\/2016\/07\/ephemerides-fb.jpg?fit=1200%2C630&resize=525%2C300 1.5x, https:\/\/i0.wp.com\/vincentians.com\/fr\/wp-content\/uploads\/sites\/10\/2016\/07\/ephemerides-fb.jpg?fit=1200%2C630&resize=700%2C400 2x, https:\/\/i0.wp.com\/vincentians.com\/fr\/wp-content\/uploads\/sites\/10\/2016\/07\/ephemerides-fb.jpg?fit=1200%2C630&resize=1050%2C600 3x"},"classes":[]},{"id":108347,"url":"http:\/\/vincentians.com\/fr\/ephemerides-16-fevrier\/","url_meta":{"origin":105268,"position":2},"title":"Eph\u00e9m\u00e9rides: 16 f\u00e9vrier","author":"Francisco Javier Fern\u00e1ndez Chento","date":"16\/02\/2017","format":false,"excerpt":"En 1622 , \u00e0 Paris, c'est aux environs de ce jour que saint Vincent inaugure ses fonctions de sup\u00e9rieur de la Visitation, en faisant la visite canonique du monast\u00e8re de la rue du Petit-Musc. Il pr\u00e9side, \u00e0 l'issue de cette visite, l'\u00e9lection d'Anne-Catherine de Beaumont d\u00e9sign\u00e9e pour diriger l'\u00e9tablissement, puisque\u2026","rel":"","context":"Dans &quot;\u00c9ph\u00e9m\u00e9rides vincentiens&quot;","block_context":{"text":"\u00c9ph\u00e9m\u00e9rides vincentiens","link":"http:\/\/vincentians.com\/fr\/category\/ephemerides-vincentiens\/"},"img":{"alt_text":"","src":"https:\/\/i0.wp.com\/vincentians.com\/fr\/wp-content\/uploads\/sites\/10\/2016\/07\/ephemerides-fb.jpg?fit=1200%2C630&resize=350%2C200","width":350,"height":200,"srcset":"https:\/\/i0.wp.com\/vincentians.com\/fr\/wp-content\/uploads\/sites\/10\/2016\/07\/ephemerides-fb.jpg?fit=1200%2C630&resize=350%2C200 1x, https:\/\/i0.wp.com\/vincentians.com\/fr\/wp-content\/uploads\/sites\/10\/2016\/07\/ephemerides-fb.jpg?fit=1200%2C630&resize=525%2C300 1.5x, https:\/\/i0.wp.com\/vincentians.com\/fr\/wp-content\/uploads\/sites\/10\/2016\/07\/ephemerides-fb.jpg?fit=1200%2C630&resize=700%2C400 2x, https:\/\/i0.wp.com\/vincentians.com\/fr\/wp-content\/uploads\/sites\/10\/2016\/07\/ephemerides-fb.jpg?fit=1200%2C630&resize=1050%2C600 3x"},"classes":[]},{"id":189332,"url":"http:\/\/vincentians.com\/fr\/ephemerides-10-juilliet\/","url_meta":{"origin":105268,"position":3},"title":"Eph\u00e9m\u00e9rides: 10 juilliet","author":"Francisco Javier Fern\u00e1ndez Chento","date":"10\/07\/2017","format":false,"excerpt":"1661. Monsieur de Horgny entreprend un cycle de conf\u00e9rences sur les R\u00e8gles qui se poursuivra tout au long de l\u2019ann\u00e9e. Il souligne les trois vertus de charit\u00e9, humilit\u00e9 et simplicit\u00e9 qui caract\u00e9risent l\u2019esprit de la Compagnie des Filles de la Charit\u00e9. (C) 1665. M\u00e8re Marguerite Ch\u00e9tif et les offici\u00e8res, S\u0153ur\u2026","rel":"","context":"Dans &quot;\u00c9ph\u00e9m\u00e9rides vincentiens&quot;","block_context":{"text":"\u00c9ph\u00e9m\u00e9rides vincentiens","link":"http:\/\/vincentians.com\/fr\/category\/ephemerides-vincentiens\/"},"img":{"alt_text":"","src":"https:\/\/i0.wp.com\/vincentians.com\/fr\/wp-content\/uploads\/sites\/10\/2016\/07\/ephemerides-fb.jpg?fit=1200%2C630&resize=350%2C200","width":350,"height":200,"srcset":"https:\/\/i0.wp.com\/vincentians.com\/fr\/wp-content\/uploads\/sites\/10\/2016\/07\/ephemerides-fb.jpg?fit=1200%2C630&resize=350%2C200 1x, https:\/\/i0.wp.com\/vincentians.com\/fr\/wp-content\/uploads\/sites\/10\/2016\/07\/ephemerides-fb.jpg?fit=1200%2C630&resize=525%2C300 1.5x, https:\/\/i0.wp.com\/vincentians.com\/fr\/wp-content\/uploads\/sites\/10\/2016\/07\/ephemerides-fb.jpg?fit=1200%2C630&resize=700%2C400 2x, https:\/\/i0.wp.com\/vincentians.com\/fr\/wp-content\/uploads\/sites\/10\/2016\/07\/ephemerides-fb.jpg?fit=1200%2C630&resize=1050%2C600 3x"},"classes":[]},{"id":190403,"url":"http:\/\/vincentians.com\/fr\/ephemerides-02-avril\/","url_meta":{"origin":105268,"position":4},"title":"Eph\u00e9m\u00e9rides : 02 avril","author":"Francisco Javier Fern\u00e1ndez Chento","date":"02\/04\/2017","format":false,"excerpt":"1646. L'acte d'union de la cure de Richelieu \u00e0 la Congr\u00e9gation de la Mission est sign\u00e9. Ainsi est compl\u00e9t\u00e9 l'\u00e9tablissement de la Mission, tel que l'a voulu, sur ses terres, le cardinal de Richelieu. M. Lambert, minutieusement conseill\u00e9 par saint Vincent, fera de cette cure une paroisse mod\u00e8le (au dioc\u00e8se\u2026","rel":"","context":"Dans &quot;\u00c9ph\u00e9m\u00e9rides vincentiens&quot;","block_context":{"text":"\u00c9ph\u00e9m\u00e9rides vincentiens","link":"http:\/\/vincentians.com\/fr\/category\/ephemerides-vincentiens\/"},"img":{"alt_text":"","src":"https:\/\/i0.wp.com\/vincentians.com\/fr\/wp-content\/uploads\/sites\/10\/2016\/07\/ephemerides-fb.jpg?fit=1200%2C630&resize=350%2C200","width":350,"height":200,"srcset":"https:\/\/i0.wp.com\/vincentians.com\/fr\/wp-content\/uploads\/sites\/10\/2016\/07\/ephemerides-fb.jpg?fit=1200%2C630&resize=350%2C200 1x, https:\/\/i0.wp.com\/vincentians.com\/fr\/wp-content\/uploads\/sites\/10\/2016\/07\/ephemerides-fb.jpg?fit=1200%2C630&resize=525%2C300 1.5x, https:\/\/i0.wp.com\/vincentians.com\/fr\/wp-content\/uploads\/sites\/10\/2016\/07\/ephemerides-fb.jpg?fit=1200%2C630&resize=700%2C400 2x, https:\/\/i0.wp.com\/vincentians.com\/fr\/wp-content\/uploads\/sites\/10\/2016\/07\/ephemerides-fb.jpg?fit=1200%2C630&resize=1050%2C600 3x"},"classes":[]},{"id":190570,"url":"http:\/\/vincentians.com\/fr\/ephemerides-24-juin\/","url_meta":{"origin":105268,"position":5},"title":"Eph\u00e9m\u00e9rides: 24 juin","author":"Francisco Javier Fern\u00e1ndez Chento","date":"24\/06\/2017","format":false,"excerpt":"1715. La M\u00e8re Jeanne Chevreau et les S\u0153urs offici\u00e8res signent le contrat d\u2019\u00e9tablissement de deux S\u0153urs sur les terres du prieur\u00e9 de Villenauxe la petite (pr\u00e8s de Nogent-sur-Seine) pour enseigner les petites filles et soigner les malades. En avril, le Roi Louis XIV avait sign\u00e9 les Lettres patentes autorisant cet\u2026","rel":"","context":"Dans &quot;\u00c9ph\u00e9m\u00e9rides vincentiens&quot;","block_context":{"text":"\u00c9ph\u00e9m\u00e9rides vincentiens","link":"http:\/\/vincentians.com\/fr\/category\/ephemerides-vincentiens\/"},"img":{"alt_text":"","src":"https:\/\/i0.wp.com\/vincentians.com\/fr\/wp-content\/uploads\/sites\/10\/2016\/07\/ephemerides-fb.jpg?fit=1200%2C630&resize=350%2C200","width":350,"height":200,"srcset":"https:\/\/i0.wp.com\/vincentians.com\/fr\/wp-content\/uploads\/sites\/10\/2016\/07\/ephemerides-fb.jpg?fit=1200%2C630&resize=350%2C200 1x, https:\/\/i0.wp.com\/vincentians.com\/fr\/wp-content\/uploads\/sites\/10\/2016\/07\/ephemerides-fb.jpg?fit=1200%2C630&resize=525%2C300 1.5x, https:\/\/i0.wp.com\/vincentians.com\/fr\/wp-content\/uploads\/sites\/10\/2016\/07\/ephemerides-fb.jpg?fit=1200%2C630&resize=700%2C400 2x, https:\/\/i0.wp.com\/vincentians.com\/fr\/wp-content\/uploads\/sites\/10\/2016\/07\/ephemerides-fb.jpg?fit=1200%2C630&resize=1050%2C600 3x"},"classes":[]}],"_links":{"self":[{"href":"http:\/\/vincentians.com\/fr\/wp-json\/wp\/v2\/posts\/105268","targetHints":{"allow":["GET"]}}],"collection":[{"href":"http:\/\/vincentians.com\/fr\/wp-json\/wp\/v2\/posts"}],"about":[{"href":"http:\/\/vincentians.com\/fr\/wp-json\/wp\/v2\/types\/post"}],"author":[{"embeddable":true,"href":"http:\/\/vincentians.com\/fr\/wp-json\/wp\/v2\/users\/4"}],"replies":[{"embeddable":true,"href":"http:\/\/vincentians.com\/fr\/wp-json\/wp\/v2\/comments?post=105268"}],"version-history":[{"count":0,"href":"http:\/\/vincentians.com\/fr\/wp-json\/wp\/v2\/posts\/105268\/revisions"}],"wp:featuredmedia":[{"embeddable":true,"href":"http:\/\/vincentians.com\/fr\/wp-json\/wp\/v2\/media\/149897"}],"wp:attachment":[{"href":"http:\/\/vincentians.com\/fr\/wp-json\/wp\/v2\/media?parent=105268"}],"wp:term":[{"taxonomy":"category","embeddable":true,"href":"http:\/\/vincentians.com\/fr\/wp-json\/wp\/v2\/categories?post=105268"},{"taxonomy":"post_tag","embeddable":true,"href":"http:\/\/vincentians.com\/fr\/wp-json\/wp\/v2\/tags?post=105268"}],"curies":[{"name":"wp","href":"https:\/\/api.w.org\/{rel}","templated":true}]}}