{"id":105260,"date":"2016-12-23T00:01:17","date_gmt":"2016-12-22T23:01:17","guid":{"rendered":"http:\/\/vincentiens.org\/?p=105260"},"modified":"2016-12-23T00:01:17","modified_gmt":"2016-12-22T23:01:17","slug":"ephemerides-23-decembre","status":"publish","type":"post","link":"http:\/\/vincentians.com\/fr\/ephemerides-23-decembre\/","title":{"rendered":"Eph\u00e9m\u00e9rides: 23 d\u00e9cembre"},"content":{"rendered":"<p><b>1804<\/b>. \u00c0 Paris, le pape Pie VII honore de sa visite la Maison-M\u00e8re des Filles de la Charit\u00e9, rue du Vieux Colombier\u2026 Arriv\u00e9 dans la capitale le 28 novembre pour le sacre de Napol\u00e9on, dont les fastes se sont d\u00e9roul\u00e9s \u00e0 Notre-Dame le 2 d\u00e9cembre, le Souverain Pontife a, en ce quatri\u00e8me dimanche de l\u2019Avent, c\u00e9l\u00e9br\u00e9 la messe \u00e0 Saint-Sulpice\u00a0; puis, apr\u00e8s s\u2019\u00eatre rendu au palais du Luxembourg, Pie VII est re\u00e7u \u00e0 la porte de la chapelle des S\u0153urs par M. Brunet, notre vicaire g\u00e9n\u00e9ral, qui arrive de Rome, lui aussi. Le Souverain Pontife est conduit \u00e0 l\u2019autel o\u00f9 le Saint-Sacrement est d\u00e9j\u00e0 expos\u00e9. Apr\u00e8s la b\u00e9n\u00e9diction, le Saint-P\u00e8re gagne l\u2019une des salles de la maison o\u00f9 un tr\u00f4ne lui a \u00e9t\u00e9 pr\u00e9par\u00e9. La S\u0153ur Deschaux, sup\u00e9rieure g\u00e9n\u00e9rale, lui est alors pr\u00e9sent\u00e9e et re\u00e7oit une b\u00e9n\u00e9diction sp\u00e9ciale. Apr\u00e8s elle, toutes les S\u0153urs et le s\u00e9minaire viennent baiser la mule du Pape\u2026 La grande impression que produisit cette auguste visite sur les Soeurs, la sup\u00e9rieure g\u00e9n\u00e9rale l\u2019a soulign\u00e9e dans sa circulaire du 2 janvier 1805. On peut constater que le c\u0153ur des filles de Monsieur Vincent a \u00e9t\u00e9 \u00e9mu par le reflet de sainte bont\u00e9 qui \u00e9manait de Pie VII, et aussi, que leurs yeux ont \u00e9t\u00e9 \u00e9merveill\u00e9s par le parterre de pourpre et d\u2019am\u00e9thyste que constituaient autour de la blanche silhouette papale les cardinaux et les \u00e9v\u00eaques de sa suite. Parmi eux, se trouvait notre confr\u00e8re, Mgr Fenaja \u2014 alors vice-g\u00e9rant de Rome \u2014 et que le Saint-P\u00e8re avait tenu \u00e0 avoir avec lui tout au long de son s\u00e9jour parisien qui devait se prolonger jusqu\u2019au 4 avril 1805<span id='easy-footnote-1-105260' class='easy-footnote-margin-adjust'><\/span><span class='easy-footnote'><a href='http:\/\/vincentians.com\/fr\/ephemerides-23-decembre\/#easy-footnote-bottom-1-105260' title='Annales, t. 119-120, pp. 293-296 et Circulaires t. II 239.'><sup>1<\/sup><\/a><\/span>.<\/p>\n<p><b>1899<\/b>. \u00c0 Rome, sur la demande de Mgr Favier, L\u00e9on XIII partage en deux le Vicariat apostolique de P\u00e9kin\u00a0: le Tch\u00e9-ly septentrional qui reste \u00e0 Mgr Favier, et le Tch\u00e9-ly oriental qui est confi\u00e9 \u00e0 un autre Lazariste, Mgr Ernest-Fran\u00e7ois Geurts<span id='easy-footnote-2-105260' class='easy-footnote-margin-adjust'><\/span><span class='easy-footnote'><a href='http:\/\/vincentians.com\/fr\/ephemerides-23-decembre\/#easy-footnote-bottom-2-105260' title='Annales, t. 65, pp. 204-205.'><sup>2<\/sup><\/a><\/span>.<\/p>\n<p><b>1926<\/b>. \u00c0 Rome, Pie XI donne un successeur au grand Mgr Reynaud, vicaire apostolique de Ningpo. C\u2019est Mgr Andr\u00e9 Defebvre, pour lors directeur du s\u00e9minaire de Ningpo, et qui de ses quarante ans d\u2019\u00e2ge en a d\u00e9j\u00e0 v\u00e9cu vingt-deux en Chine<span id='easy-footnote-3-105260' class='easy-footnote-margin-adjust'><\/span><span class='easy-footnote'><a href='http:\/\/vincentians.com\/fr\/ephemerides-23-decembre\/#easy-footnote-bottom-3-105260' title='Annales, t. 92, pp. 360-361.'><sup>3<\/sup><\/a><\/span>.<\/p>\n<p><b>1930<\/b>. En Chine, d\u00e9livrance des cinq Filles de la Charit\u00e9 et des quatre missionnaires pris au Kiang-Si oblig\u00e9s de suivre les troupes depuis trois mois. (R)<\/p>\n<p><b>1939<\/b>. \u00c0 Paris, dans la chapelle de la Maison-M\u00e8re, le cardinal Verdier pr\u00e9side les obs\u00e8ques du T.H.P. Souvay. A dix heures, la messe est chant\u00e9e par Mgr Chaptal, auxiliaire de Paris. Au ch\u0153ur, sur un tr\u00f4ne plac\u00e9 en face de celui du cardinal archev\u00eaque de Paris, a pris place le cardinal Baudrillart, recteur de l\u2019institut catholique. Dans les stalles, sont pr\u00e9sents les \u00e9v\u00eaques de Versailles, Beauvais, Amiens, Mgr Beaussart, auxiliaire du cardinal, Mgr Le Hunsec, sup\u00e9rieur g\u00e9n\u00e9ral des Spiritains, de nombreux pr\u00e9lats et dignitaires eccl\u00e9siastiques. M. Robert, vicaire g\u00e9n\u00e9ral, pr\u00e9side l\u2019inhumation au cimeti\u00e8re Montparnasse<span id='easy-footnote-4-105260' class='easy-footnote-margin-adjust'><\/span><span class='easy-footnote'><a href='http:\/\/vincentians.com\/fr\/ephemerides-23-decembre\/#easy-footnote-bottom-4-105260' title='Annales, t. 115, pp. 15-16'><sup>4<\/sup><\/a><\/span>.<\/p>\n<p><b>1944<\/b>. \u00c0 Mantova (Italie) mort de S\u0153ur Guillio, victime d\u2019un bombardement\u00a0: elle avait 24 ans, deux de vocation.<\/p>\n","protected":false},"excerpt":{"rendered":"<p>1804. \u00c0 Paris, le pape Pie VII honore de sa visite la Maison-M\u00e8re des Filles de la Charit\u00e9, rue du Vieux Colombier\u2026 Arriv\u00e9 dans la capitale le 28 novembre pour le sacre de Napol\u00e9on, dont &#8230; <a href=\"http:\/\/vincentians.com\/fr\/ephemerides-23-decembre\/\" class=\"more-link\">Read More<\/a><\/p>\n","protected":false},"author":4,"featured_media":149897,"comment_status":"open","ping_status":"open","sticky":false,"template":"","format":"standard","meta":{"jetpack_post_was_ever_published":false,"_jetpack_newsletter_access":"","_jetpack_dont_email_post_to_subs":false,"_jetpack_newsletter_tier_id":0,"_jetpack_memberships_contains_paywalled_content":false,"_jetpack_memberships_contains_paid_content":false,"footnotes":"","jetpack_publicize_message":"","jetpack_publicize_feature_enabled":true,"jetpack_social_post_already_shared":true,"jetpack_social_options":{"image_generator_settings":{"template":"highway","default_image_id":0,"font":"","enabled":false},"version":2}},"categories":[119],"tags":[],"class_list":["post-105260","post","type-post","status-publish","format-standard","has-post-thumbnail","hentry","category-ephemerides-vincentiens"],"yoast_head":"<!-- This site is optimized with the Yoast SEO plugin v26.3 - https:\/\/yoast.com\/wordpress\/plugins\/seo\/ -->\n<title>Eph\u00e9m\u00e9rides: 23 d\u00e9cembre - Nous Sommes Vincentiens<\/title>\n<meta name=\"robots\" content=\"index, follow, max-snippet:-1, max-image-preview:large, max-video-preview:-1\" \/>\n<link rel=\"canonical\" href=\"https:\/\/vincentians.com\/fr\/ephemerides-23-decembre\/\" \/>\n<meta property=\"og:locale\" content=\"fr_FR\" \/>\n<meta property=\"og:type\" content=\"article\" \/>\n<meta property=\"og:title\" content=\"Eph\u00e9m\u00e9rides: 23 d\u00e9cembre - Nous Sommes Vincentiens\" \/>\n<meta property=\"og:description\" content=\"1804. \u00c0 Paris, le pape Pie VII honore de sa visite la Maison-M\u00e8re des Filles de la Charit\u00e9, rue du Vieux Colombier\u2026 Arriv\u00e9 dans la capitale le 28 novembre pour le sacre de Napol\u00e9on, dont ... Read More\" \/>\n<meta property=\"og:url\" content=\"https:\/\/vincentians.com\/fr\/ephemerides-23-decembre\/\" \/>\n<meta property=\"og:site_name\" content=\"Nous Sommes Vincentiens\" \/>\n<meta property=\"article:publisher\" content=\"https:\/\/www.facebook.com\/WeAreVincentians\/\" \/>\n<meta property=\"article:author\" content=\"https:\/\/www.facebook.com\/JavierChento\" \/>\n<meta property=\"article:published_time\" content=\"2016-12-22T23:01:17+00:00\" \/>\n<meta property=\"og:image\" content=\"https:\/\/i0.wp.com\/vincentians.com\/fr\/wp-content\/uploads\/sites\/10\/2016\/07\/ephemerides-fb.jpg?fit=1200%2C630&ssl=1\" \/>\n\t<meta property=\"og:image:width\" content=\"1200\" \/>\n\t<meta property=\"og:image:height\" content=\"630\" \/>\n\t<meta property=\"og:image:type\" content=\"image\/jpeg\" \/>\n<meta name=\"author\" content=\"Francisco Javier Fern\u00e1ndez Chento\" \/>\n<meta name=\"twitter:card\" content=\"summary_large_image\" \/>\n<meta name=\"twitter:creator\" content=\"@https:\/\/twitter.com\/javierchento\" \/>\n<meta name=\"twitter:site\" content=\"@WeVincentians\" \/>\n<meta name=\"twitter:label1\" content=\"\u00c9crit par\" \/>\n\t<meta name=\"twitter:data1\" content=\"Francisco Javier Fern\u00e1ndez Chento\" \/>\n\t<meta name=\"twitter:label2\" content=\"Dur\u00e9e de lecture estim\u00e9e\" \/>\n\t<meta name=\"twitter:data2\" content=\"3 minutes\" \/>\n<script type=\"application\/ld+json\" class=\"yoast-schema-graph\">{\"@context\":\"https:\/\/schema.org\",\"@graph\":[{\"@type\":\"WebPage\",\"@id\":\"https:\/\/vincentians.com\/fr\/ephemerides-23-decembre\/\",\"url\":\"https:\/\/vincentians.com\/fr\/ephemerides-23-decembre\/\",\"name\":\"Eph\u00e9m\u00e9rides: 23 d\u00e9cembre - Nous Sommes Vincentiens\",\"isPartOf\":{\"@id\":\"http:\/\/vincentians.com\/fr\/#website\"},\"primaryImageOfPage\":{\"@id\":\"https:\/\/vincentians.com\/fr\/ephemerides-23-decembre\/#primaryimage\"},\"image\":{\"@id\":\"https:\/\/vincentians.com\/fr\/ephemerides-23-decembre\/#primaryimage\"},\"thumbnailUrl\":\"https:\/\/i0.wp.com\/vincentians.com\/fr\/wp-content\/uploads\/sites\/10\/2016\/07\/ephemerides-fb.jpg?fit=1200%2C630\",\"datePublished\":\"2016-12-22T23:01:17+00:00\",\"author\":{\"@id\":\"http:\/\/vincentians.com\/fr\/#\/schema\/person\/9623ef4d9aa3b2dfb8c061f1499288f2\"},\"breadcrumb\":{\"@id\":\"https:\/\/vincentians.com\/fr\/ephemerides-23-decembre\/#breadcrumb\"},\"inLanguage\":\"fr-FR\",\"potentialAction\":[{\"@type\":\"ReadAction\",\"target\":[\"https:\/\/vincentians.com\/fr\/ephemerides-23-decembre\/\"]}]},{\"@type\":\"ImageObject\",\"inLanguage\":\"fr-FR\",\"@id\":\"https:\/\/vincentians.com\/fr\/ephemerides-23-decembre\/#primaryimage\",\"url\":\"https:\/\/i0.wp.com\/vincentians.com\/fr\/wp-content\/uploads\/sites\/10\/2016\/07\/ephemerides-fb.jpg?fit=1200%2C630\",\"contentUrl\":\"https:\/\/i0.wp.com\/vincentians.com\/fr\/wp-content\/uploads\/sites\/10\/2016\/07\/ephemerides-fb.jpg?fit=1200%2C630\",\"width\":1200,\"height\":630},{\"@type\":\"BreadcrumbList\",\"@id\":\"https:\/\/vincentians.com\/fr\/ephemerides-23-decembre\/#breadcrumb\",\"itemListElement\":[{\"@type\":\"ListItem\",\"position\":1,\"name\":\"Portada\",\"item\":\"http:\/\/vincentians.com\/fr\/\"},{\"@type\":\"ListItem\",\"position\":2,\"name\":\"Eph\u00e9m\u00e9rides: 23 d\u00e9cembre\"}]},{\"@type\":\"WebSite\",\"@id\":\"http:\/\/vincentians.com\/fr\/#website\",\"url\":\"http:\/\/vincentians.com\/fr\/\",\"name\":\"Nous Sommes Vincentiens\",\"description\":\"Know more to serve more\",\"potentialAction\":[{\"@type\":\"SearchAction\",\"target\":{\"@type\":\"EntryPoint\",\"urlTemplate\":\"http:\/\/vincentians.com\/fr\/?s={search_term_string}\"},\"query-input\":{\"@type\":\"PropertyValueSpecification\",\"valueRequired\":true,\"valueName\":\"search_term_string\"}}],\"inLanguage\":\"fr-FR\"},{\"@type\":\"Person\",\"@id\":\"http:\/\/vincentians.com\/fr\/#\/schema\/person\/9623ef4d9aa3b2dfb8c061f1499288f2\",\"name\":\"Francisco Javier Fern\u00e1ndez Chento\",\"image\":{\"@type\":\"ImageObject\",\"inLanguage\":\"fr-FR\",\"@id\":\"http:\/\/vincentians.com\/fr\/#\/schema\/person\/image\/\",\"url\":\"https:\/\/secure.gravatar.com\/avatar\/497d5cde87b4c3d097d0315953521681ba2cd523ee66e5077c3711f7021e65de?s=96&d=mm&r=g\",\"contentUrl\":\"https:\/\/secure.gravatar.com\/avatar\/497d5cde87b4c3d097d0315953521681ba2cd523ee66e5077c3711f7021e65de?s=96&d=mm&r=g\",\"caption\":\"Francisco Javier Fern\u00e1ndez Chento\"},\"description\":\"Director General y cofundador de La Red de Formaci\u00f3n Vicenciana. Javier es laico vicenciano, afiliado a la Congregaci\u00f3n de la Misi\u00f3n y miembro del Equipo de Misiones Populares de la provincia can\u00f3nica de Zaragoza (Espa\u00f1a) de la Congregaci\u00f3n de la Misi\u00f3n. Graduado en la Universidad Oberta de Catalunya con cuatro grados (Asistente de direcci\u00f3n, Gesti\u00f3n Administrativa, Recursos Humanos y Contabilidad Avanzada). Bil\u00edng\u00fce Espa\u00f1ol\/Ingl\u00e9s. gestiona y mantiene varias p\u00e1ginas web cristianas y vicencianas, incluida including La Red de Formaci\u00f3n Vicenciana, de la que es cofundador. Actualmente es responsable del \u00e1rea de Espa\u00f1ol de .famvin, la Red de Noticias de la Familia Vicenciana. Tambi\u00e9n es m\u00fasico cat\u00f3lico y ha editado varios discos. Es Director General y cofundador de Trovador, una reconocida compa\u00f1\u00eda discogr\u00e1fica critiana de Espa\u00f1a. Trabaja en las Tecnolog\u00edas de la Informaci\u00f3n, ofreciendo servicios de alojamiento, dise\u00f1o y mantenimiento Web, as\u00ed como asesoramiento, formaci\u00f3n y soluciones inform\u00e1ticas, gesti\u00f3n documental y digitalizaci\u00f3n de textos, edici\u00f3n y maquetaci\u00f3n de libros, revistas, flyers, etc.\",\"sameAs\":[\"http:\/\/chento.org\",\"https:\/\/www.facebook.com\/JavierChento\",\"https:\/\/x.com\/https:\/\/twitter.com\/javierchento\"],\"url\":\"http:\/\/vincentians.com\/fr\/author\/chento\/\"}]}<\/script>\n<!-- \/ Yoast SEO plugin. -->","yoast_head_json":{"title":"Eph\u00e9m\u00e9rides: 23 d\u00e9cembre - Nous Sommes Vincentiens","robots":{"index":"index","follow":"follow","max-snippet":"max-snippet:-1","max-image-preview":"max-image-preview:large","max-video-preview":"max-video-preview:-1"},"canonical":"https:\/\/vincentians.com\/fr\/ephemerides-23-decembre\/","og_locale":"fr_FR","og_type":"article","og_title":"Eph\u00e9m\u00e9rides: 23 d\u00e9cembre - Nous Sommes Vincentiens","og_description":"1804. \u00c0 Paris, le pape Pie VII honore de sa visite la Maison-M\u00e8re des Filles de la Charit\u00e9, rue du Vieux Colombier\u2026 Arriv\u00e9 dans la capitale le 28 novembre pour le sacre de Napol\u00e9on, dont ... Read More","og_url":"https:\/\/vincentians.com\/fr\/ephemerides-23-decembre\/","og_site_name":"Nous Sommes Vincentiens","article_publisher":"https:\/\/www.facebook.com\/WeAreVincentians\/","article_author":"https:\/\/www.facebook.com\/JavierChento","article_published_time":"2016-12-22T23:01:17+00:00","og_image":[{"width":1200,"height":630,"url":"https:\/\/i0.wp.com\/vincentians.com\/fr\/wp-content\/uploads\/sites\/10\/2016\/07\/ephemerides-fb.jpg?fit=1200%2C630&ssl=1","type":"image\/jpeg"}],"author":"Francisco Javier Fern\u00e1ndez Chento","twitter_card":"summary_large_image","twitter_creator":"@https:\/\/twitter.com\/javierchento","twitter_site":"@WeVincentians","twitter_misc":{"\u00c9crit par":"Francisco Javier Fern\u00e1ndez Chento","Dur\u00e9e de lecture estim\u00e9e":"3 minutes"},"schema":{"@context":"https:\/\/schema.org","@graph":[{"@type":"WebPage","@id":"https:\/\/vincentians.com\/fr\/ephemerides-23-decembre\/","url":"https:\/\/vincentians.com\/fr\/ephemerides-23-decembre\/","name":"Eph\u00e9m\u00e9rides: 23 d\u00e9cembre - Nous Sommes Vincentiens","isPartOf":{"@id":"http:\/\/vincentians.com\/fr\/#website"},"primaryImageOfPage":{"@id":"https:\/\/vincentians.com\/fr\/ephemerides-23-decembre\/#primaryimage"},"image":{"@id":"https:\/\/vincentians.com\/fr\/ephemerides-23-decembre\/#primaryimage"},"thumbnailUrl":"https:\/\/i0.wp.com\/vincentians.com\/fr\/wp-content\/uploads\/sites\/10\/2016\/07\/ephemerides-fb.jpg?fit=1200%2C630","datePublished":"2016-12-22T23:01:17+00:00","author":{"@id":"http:\/\/vincentians.com\/fr\/#\/schema\/person\/9623ef4d9aa3b2dfb8c061f1499288f2"},"breadcrumb":{"@id":"https:\/\/vincentians.com\/fr\/ephemerides-23-decembre\/#breadcrumb"},"inLanguage":"fr-FR","potentialAction":[{"@type":"ReadAction","target":["https:\/\/vincentians.com\/fr\/ephemerides-23-decembre\/"]}]},{"@type":"ImageObject","inLanguage":"fr-FR","@id":"https:\/\/vincentians.com\/fr\/ephemerides-23-decembre\/#primaryimage","url":"https:\/\/i0.wp.com\/vincentians.com\/fr\/wp-content\/uploads\/sites\/10\/2016\/07\/ephemerides-fb.jpg?fit=1200%2C630","contentUrl":"https:\/\/i0.wp.com\/vincentians.com\/fr\/wp-content\/uploads\/sites\/10\/2016\/07\/ephemerides-fb.jpg?fit=1200%2C630","width":1200,"height":630},{"@type":"BreadcrumbList","@id":"https:\/\/vincentians.com\/fr\/ephemerides-23-decembre\/#breadcrumb","itemListElement":[{"@type":"ListItem","position":1,"name":"Portada","item":"http:\/\/vincentians.com\/fr\/"},{"@type":"ListItem","position":2,"name":"Eph\u00e9m\u00e9rides: 23 d\u00e9cembre"}]},{"@type":"WebSite","@id":"http:\/\/vincentians.com\/fr\/#website","url":"http:\/\/vincentians.com\/fr\/","name":"Nous Sommes Vincentiens","description":"Know more to serve more","potentialAction":[{"@type":"SearchAction","target":{"@type":"EntryPoint","urlTemplate":"http:\/\/vincentians.com\/fr\/?s={search_term_string}"},"query-input":{"@type":"PropertyValueSpecification","valueRequired":true,"valueName":"search_term_string"}}],"inLanguage":"fr-FR"},{"@type":"Person","@id":"http:\/\/vincentians.com\/fr\/#\/schema\/person\/9623ef4d9aa3b2dfb8c061f1499288f2","name":"Francisco Javier Fern\u00e1ndez Chento","image":{"@type":"ImageObject","inLanguage":"fr-FR","@id":"http:\/\/vincentians.com\/fr\/#\/schema\/person\/image\/","url":"https:\/\/secure.gravatar.com\/avatar\/497d5cde87b4c3d097d0315953521681ba2cd523ee66e5077c3711f7021e65de?s=96&d=mm&r=g","contentUrl":"https:\/\/secure.gravatar.com\/avatar\/497d5cde87b4c3d097d0315953521681ba2cd523ee66e5077c3711f7021e65de?s=96&d=mm&r=g","caption":"Francisco Javier Fern\u00e1ndez Chento"},"description":"Director General y cofundador de La Red de Formaci\u00f3n Vicenciana. Javier es laico vicenciano, afiliado a la Congregaci\u00f3n de la Misi\u00f3n y miembro del Equipo de Misiones Populares de la provincia can\u00f3nica de Zaragoza (Espa\u00f1a) de la Congregaci\u00f3n de la Misi\u00f3n. Graduado en la Universidad Oberta de Catalunya con cuatro grados (Asistente de direcci\u00f3n, Gesti\u00f3n Administrativa, Recursos Humanos y Contabilidad Avanzada). Bil\u00edng\u00fce Espa\u00f1ol\/Ingl\u00e9s. gestiona y mantiene varias p\u00e1ginas web cristianas y vicencianas, incluida including La Red de Formaci\u00f3n Vicenciana, de la que es cofundador. Actualmente es responsable del \u00e1rea de Espa\u00f1ol de .famvin, la Red de Noticias de la Familia Vicenciana. Tambi\u00e9n es m\u00fasico cat\u00f3lico y ha editado varios discos. Es Director General y cofundador de Trovador, una reconocida compa\u00f1\u00eda discogr\u00e1fica critiana de Espa\u00f1a. Trabaja en las Tecnolog\u00edas de la Informaci\u00f3n, ofreciendo servicios de alojamiento, dise\u00f1o y mantenimiento Web, as\u00ed como asesoramiento, formaci\u00f3n y soluciones inform\u00e1ticas, gesti\u00f3n documental y digitalizaci\u00f3n de textos, edici\u00f3n y maquetaci\u00f3n de libros, revistas, flyers, etc.","sameAs":["http:\/\/chento.org","https:\/\/www.facebook.com\/JavierChento","https:\/\/x.com\/https:\/\/twitter.com\/javierchento"],"url":"http:\/\/vincentians.com\/fr\/author\/chento\/"}]}},"jetpack_publicize_connections":[],"jetpack_featured_media_url":"https:\/\/i0.wp.com\/vincentians.com\/fr\/wp-content\/uploads\/sites\/10\/2016\/07\/ephemerides-fb.jpg?fit=1200%2C630","jetpack_sharing_enabled":true,"jetpack_shortlink":"https:\/\/wp.me\/p7ETMP-rnK","jetpack-related-posts":[{"id":189326,"url":"http:\/\/vincentians.com\/fr\/ephemerides-21-juilliet\/","url_meta":{"origin":105260,"position":0},"title":"Eph\u00e9m\u00e9rides: 21 juilliet","author":"Francisco Javier Fern\u00e1ndez Chento","date":"21\/07\/2017","format":false,"excerpt":"1657. Au Conseil de la Compagnie de ce jour, le retrait de la Communaut\u00e9 de Chars est d\u00e9cid\u00e9. Il est devenu impossible aux S\u0153urs de vivre face aux exigences du Cur\u00e9 jans\u00e9niste qui veut r\u00e9gler les confessions et les communions des S\u0153urs, qui impose des attitudes \u00e9ducatives peu respectueuses de\u2026","rel":"","context":"Dans &quot;\u00c9ph\u00e9m\u00e9rides vincentiens&quot;","block_context":{"text":"\u00c9ph\u00e9m\u00e9rides vincentiens","link":"http:\/\/vincentians.com\/fr\/category\/ephemerides-vincentiens\/"},"img":{"alt_text":"","src":"https:\/\/i0.wp.com\/vincentians.com\/fr\/wp-content\/uploads\/sites\/10\/2016\/07\/ephemerides-fb.jpg?fit=1200%2C630&resize=350%2C200","width":350,"height":200,"srcset":"https:\/\/i0.wp.com\/vincentians.com\/fr\/wp-content\/uploads\/sites\/10\/2016\/07\/ephemerides-fb.jpg?fit=1200%2C630&resize=350%2C200 1x, https:\/\/i0.wp.com\/vincentians.com\/fr\/wp-content\/uploads\/sites\/10\/2016\/07\/ephemerides-fb.jpg?fit=1200%2C630&resize=525%2C300 1.5x, https:\/\/i0.wp.com\/vincentians.com\/fr\/wp-content\/uploads\/sites\/10\/2016\/07\/ephemerides-fb.jpg?fit=1200%2C630&resize=700%2C400 2x, https:\/\/i0.wp.com\/vincentians.com\/fr\/wp-content\/uploads\/sites\/10\/2016\/07\/ephemerides-fb.jpg?fit=1200%2C630&resize=1050%2C600 3x"},"classes":[]},{"id":104127,"url":"http:\/\/vincentians.com\/fr\/ephemerides-22-novembre\/","url_meta":{"origin":105260,"position":1},"title":"Eph\u00e9m\u00e9rides: 22 novembre","author":"Francisco Javier Fern\u00e1ndez Chento","date":"22\/11\/2016","format":false,"excerpt":"1645. \u00c0 Tunis, arrive le premier Pr\u00eatre de la Mission envoy\u00e9 par Monsieur Vincent au secours spirituel des esclaves de Barbarie\u00a0: c\u2019est M. Julien Gu\u00e9rin. Il est accompagn\u00e9 du Fr\u00e8re Francillon qui, apr\u00e8s environ un demi-si\u00e8cle de travaux sur le sol d\u2019Afrique, aura la gloire d\u2019\u00eatre mis \u00e0 mort \u00e0\u2026","rel":"","context":"Dans &quot;\u00c9ph\u00e9m\u00e9rides vincentiens&quot;","block_context":{"text":"\u00c9ph\u00e9m\u00e9rides vincentiens","link":"http:\/\/vincentians.com\/fr\/category\/ephemerides-vincentiens\/"},"img":{"alt_text":"","src":"https:\/\/i0.wp.com\/vincentians.com\/fr\/wp-content\/uploads\/sites\/10\/2016\/07\/ephemerides-fb.jpg?fit=1200%2C630&resize=350%2C200","width":350,"height":200,"srcset":"https:\/\/i0.wp.com\/vincentians.com\/fr\/wp-content\/uploads\/sites\/10\/2016\/07\/ephemerides-fb.jpg?fit=1200%2C630&resize=350%2C200 1x, https:\/\/i0.wp.com\/vincentians.com\/fr\/wp-content\/uploads\/sites\/10\/2016\/07\/ephemerides-fb.jpg?fit=1200%2C630&resize=525%2C300 1.5x, https:\/\/i0.wp.com\/vincentians.com\/fr\/wp-content\/uploads\/sites\/10\/2016\/07\/ephemerides-fb.jpg?fit=1200%2C630&resize=700%2C400 2x, https:\/\/i0.wp.com\/vincentians.com\/fr\/wp-content\/uploads\/sites\/10\/2016\/07\/ephemerides-fb.jpg?fit=1200%2C630&resize=1050%2C600 3x"},"classes":[]},{"id":107799,"url":"http:\/\/vincentians.com\/fr\/ephemerides-28-janvier\/","url_meta":{"origin":105260,"position":2},"title":"Eph\u00e9m\u00e9rides: 28 janvier","author":"Francisco Javier Fern\u00e1ndez Chento","date":"28\/01\/2017","format":false,"excerpt":"En 1697, \u00e0 Rome , treize pr\u00eatres se prosternent aux pieds du Pape Innocent XII pour recevoir sa b\u00e9n\u00e9diction. Ils vont partir pour la Chine. Parmi eux se trouve notre confr\u00e8re, Louis Appiani. Il a trente-quatre ans. La fa\u00e7on dont il s'est acquitt\u00e9 de sa charge de directeur spirituel aupr\u00e8s\u2026","rel":"","context":"Dans &quot;\u00c9ph\u00e9m\u00e9rides vincentiens&quot;","block_context":{"text":"\u00c9ph\u00e9m\u00e9rides vincentiens","link":"http:\/\/vincentians.com\/fr\/category\/ephemerides-vincentiens\/"},"img":{"alt_text":"","src":"https:\/\/i0.wp.com\/vincentians.com\/fr\/wp-content\/uploads\/sites\/10\/2016\/07\/ephemerides-fb.jpg?fit=1200%2C630&resize=350%2C200","width":350,"height":200,"srcset":"https:\/\/i0.wp.com\/vincentians.com\/fr\/wp-content\/uploads\/sites\/10\/2016\/07\/ephemerides-fb.jpg?fit=1200%2C630&resize=350%2C200 1x, https:\/\/i0.wp.com\/vincentians.com\/fr\/wp-content\/uploads\/sites\/10\/2016\/07\/ephemerides-fb.jpg?fit=1200%2C630&resize=525%2C300 1.5x, https:\/\/i0.wp.com\/vincentians.com\/fr\/wp-content\/uploads\/sites\/10\/2016\/07\/ephemerides-fb.jpg?fit=1200%2C630&resize=700%2C400 2x, https:\/\/i0.wp.com\/vincentians.com\/fr\/wp-content\/uploads\/sites\/10\/2016\/07\/ephemerides-fb.jpg?fit=1200%2C630&resize=1050%2C600 3x"},"classes":[]},{"id":190401,"url":"http:\/\/vincentians.com\/fr\/ephemerides-07-avril\/","url_meta":{"origin":105260,"position":3},"title":"Eph\u00e9m\u00e9rides : 07 avril","author":"Francisco Javier Fern\u00e1ndez Chento","date":"07\/04\/2017","format":false,"excerpt":"1655. L'accession d'Alexandre VII au tr\u00f4ne de saint Pierre donne \u00e0 saint Vincent l'id\u00e9e de soumettre au nouveau Pontife les R\u00e8gles remani\u00e9es de la Compagnie. Il d\u00e9l\u00e8gue, aupr\u00e8s du pape, Edme Jolly, mieux pr\u00e9par\u00e9 que ses pr\u00e9d\u00e9cesseurs \u00e0 cette mission diplomatique. Et, de fait, ses d\u00e9marches auront plein succ\u00e8s, car,\u2026","rel":"","context":"Dans &quot;\u00c9ph\u00e9m\u00e9rides vincentiens&quot;","block_context":{"text":"\u00c9ph\u00e9m\u00e9rides vincentiens","link":"http:\/\/vincentians.com\/fr\/category\/ephemerides-vincentiens\/"},"img":{"alt_text":"","src":"https:\/\/i0.wp.com\/vincentians.com\/fr\/wp-content\/uploads\/sites\/10\/2016\/07\/ephemerides-fb.jpg?fit=1200%2C630&resize=350%2C200","width":350,"height":200,"srcset":"https:\/\/i0.wp.com\/vincentians.com\/fr\/wp-content\/uploads\/sites\/10\/2016\/07\/ephemerides-fb.jpg?fit=1200%2C630&resize=350%2C200 1x, https:\/\/i0.wp.com\/vincentians.com\/fr\/wp-content\/uploads\/sites\/10\/2016\/07\/ephemerides-fb.jpg?fit=1200%2C630&resize=525%2C300 1.5x, https:\/\/i0.wp.com\/vincentians.com\/fr\/wp-content\/uploads\/sites\/10\/2016\/07\/ephemerides-fb.jpg?fit=1200%2C630&resize=700%2C400 2x, https:\/\/i0.wp.com\/vincentians.com\/fr\/wp-content\/uploads\/sites\/10\/2016\/07\/ephemerides-fb.jpg?fit=1200%2C630&resize=1050%2C600 3x"},"classes":[]},{"id":103880,"url":"http:\/\/vincentians.com\/fr\/ephemerides-1-novembre\/","url_meta":{"origin":105260,"position":4},"title":"Eph\u00e9m\u00e9rides: 1 novembre","author":"Francisco Javier Fern\u00e1ndez Chento","date":"01\/11\/2016","format":false,"excerpt":"1659. S\u0153ur Mathurine Gu\u00e9rin qui \u00e9tait \u00e0 La F\u00e8re \u00e0 servir les Pauvres Malades a \u00e9t\u00e9 victime d\u2019une calomnie. Mademoiselle lui \u00e9crit pour l\u2019encourager\u00a0: \u201cLa f\u00eate que nous c\u00e9l\u00e9brons aujourd\u2019hui vous r\u00e9pond par la bouche de Notre-Seigneur, prof\u00e9rant la derni\u00e8re b\u00e9atitude \u00e0 ses ap\u00f4tres, \u00e0 l\u2019article que vous croyez le\u2026","rel":"","context":"Dans &quot;\u00c9ph\u00e9m\u00e9rides vincentiens&quot;","block_context":{"text":"\u00c9ph\u00e9m\u00e9rides vincentiens","link":"http:\/\/vincentians.com\/fr\/category\/ephemerides-vincentiens\/"},"img":{"alt_text":"","src":"https:\/\/i0.wp.com\/vincentians.com\/fr\/wp-content\/uploads\/sites\/10\/2016\/07\/ephemerides-fb.jpg?fit=1200%2C630&resize=350%2C200","width":350,"height":200,"srcset":"https:\/\/i0.wp.com\/vincentians.com\/fr\/wp-content\/uploads\/sites\/10\/2016\/07\/ephemerides-fb.jpg?fit=1200%2C630&resize=350%2C200 1x, https:\/\/i0.wp.com\/vincentians.com\/fr\/wp-content\/uploads\/sites\/10\/2016\/07\/ephemerides-fb.jpg?fit=1200%2C630&resize=525%2C300 1.5x, https:\/\/i0.wp.com\/vincentians.com\/fr\/wp-content\/uploads\/sites\/10\/2016\/07\/ephemerides-fb.jpg?fit=1200%2C630&resize=700%2C400 2x, https:\/\/i0.wp.com\/vincentians.com\/fr\/wp-content\/uploads\/sites\/10\/2016\/07\/ephemerides-fb.jpg?fit=1200%2C630&resize=1050%2C600 3x"},"classes":[]},{"id":190230,"url":"http:\/\/vincentians.com\/fr\/ephemerides-16-octobre\/","url_meta":{"origin":105260,"position":5},"title":"Eph\u00e9m\u00e9rides : 16 octobre","author":"Francisco Javier Fern\u00e1ndez Chento","date":"16\/10\/2016","format":false,"excerpt":"1650. Sainte Louise \u00e9crit dans ses M\u00e9ditations\u00a0: \u201cLa Sainte Trinit\u00e9 m\u2019a aim\u00e9e de toute \u00e9ternit\u00e9 et m\u2019a cr\u00e9\u00e9e pour sa gloire. Je ne pouvais \u00eatre ni subsister hors de Dieu puisqu\u2019il est mon principe. Il veut aussi et doit \u00eatre ma fin, ayant fait toutes les cr\u00e9utures pour me servir\u2026","rel":"","context":"Dans &quot;\u00c9ph\u00e9m\u00e9rides vincentiens&quot;","block_context":{"text":"\u00c9ph\u00e9m\u00e9rides vincentiens","link":"http:\/\/vincentians.com\/fr\/category\/ephemerides-vincentiens\/"},"img":{"alt_text":"","src":"https:\/\/i0.wp.com\/vincentians.com\/fr\/wp-content\/uploads\/sites\/10\/2016\/07\/ephemerides-fb.jpg?fit=1200%2C630&resize=350%2C200","width":350,"height":200,"srcset":"https:\/\/i0.wp.com\/vincentians.com\/fr\/wp-content\/uploads\/sites\/10\/2016\/07\/ephemerides-fb.jpg?fit=1200%2C630&resize=350%2C200 1x, https:\/\/i0.wp.com\/vincentians.com\/fr\/wp-content\/uploads\/sites\/10\/2016\/07\/ephemerides-fb.jpg?fit=1200%2C630&resize=525%2C300 1.5x, https:\/\/i0.wp.com\/vincentians.com\/fr\/wp-content\/uploads\/sites\/10\/2016\/07\/ephemerides-fb.jpg?fit=1200%2C630&resize=700%2C400 2x, https:\/\/i0.wp.com\/vincentians.com\/fr\/wp-content\/uploads\/sites\/10\/2016\/07\/ephemerides-fb.jpg?fit=1200%2C630&resize=1050%2C600 3x"},"classes":[]}],"_links":{"self":[{"href":"http:\/\/vincentians.com\/fr\/wp-json\/wp\/v2\/posts\/105260","targetHints":{"allow":["GET"]}}],"collection":[{"href":"http:\/\/vincentians.com\/fr\/wp-json\/wp\/v2\/posts"}],"about":[{"href":"http:\/\/vincentians.com\/fr\/wp-json\/wp\/v2\/types\/post"}],"author":[{"embeddable":true,"href":"http:\/\/vincentians.com\/fr\/wp-json\/wp\/v2\/users\/4"}],"replies":[{"embeddable":true,"href":"http:\/\/vincentians.com\/fr\/wp-json\/wp\/v2\/comments?post=105260"}],"version-history":[{"count":0,"href":"http:\/\/vincentians.com\/fr\/wp-json\/wp\/v2\/posts\/105260\/revisions"}],"wp:featuredmedia":[{"embeddable":true,"href":"http:\/\/vincentians.com\/fr\/wp-json\/wp\/v2\/media\/149897"}],"wp:attachment":[{"href":"http:\/\/vincentians.com\/fr\/wp-json\/wp\/v2\/media?parent=105260"}],"wp:term":[{"taxonomy":"category","embeddable":true,"href":"http:\/\/vincentians.com\/fr\/wp-json\/wp\/v2\/categories?post=105260"},{"taxonomy":"post_tag","embeddable":true,"href":"http:\/\/vincentians.com\/fr\/wp-json\/wp\/v2\/tags?post=105260"}],"curies":[{"name":"wp","href":"https:\/\/api.w.org\/{rel}","templated":true}]}}