{"id":105165,"date":"2012-12-10T07:06:59","date_gmt":"2012-12-10T06:06:59","guid":{"rendered":"http:\/\/vincentiens.org\/?p=105165"},"modified":"2012-12-10T07:06:59","modified_gmt":"2012-12-10T06:06:59","slug":"la-correspondance-inedite-du-bienheureux-marcantonio-durando-1801-1880","status":"publish","type":"post","link":"http:\/\/vincentians.com\/fr\/la-correspondance-inedite-du-bienheureux-marcantonio-durando-1801-1880\/","title":{"rendered":"La correspondance in\u00e9dite du Bienheureux Marcantonio Durando (1801-1880)"},"content":{"rendered":"<p><a href=\"https:\/\/i0.wp.com\/vincentiens.org\/wp-content\/uploads\/2012\/12\/durandoma1.jpg\"><img data-recalc-dims=\"1\" loading=\"lazy\" decoding=\"async\" class=\"alignright size-medium wp-image-105166\" title=\"durandoma1\" src=\"https:\/\/i0.wp.com\/vincentiens.org\/wp-content\/uploads\/2012\/12\/durandoma1-216x300.jpg?resize=216%2C300\" alt=\"\" width=\"216\" height=\"300\" \/><\/a>Le P. Durando n\u2019a jamais \u00e9crit ni publi\u00e9 de livres, exception faite d\u2019un petit opuscule \u00ab \u00e9ducatif \u00bb, compos\u00e9 pour un Institut des Filles de la Charit\u00e9 de Fontanetto Po.<\/p>\n<p>Toutefois, sa correspondance est un v\u00e9ritable \u00ab monument \u00bb et une mine d\u2019informations sur la vie religieuse et civile, sur la direction spirituelle des \u00e2mes, les dispositions d\u2019administration des \u0153uvres etc\u2026 de 1831 \u00e0 1880.<\/p>\n<p>Aujourd\u2019hui, sa correspondance est recueillie en huit gros volumes \u00e9crits \u00e0 la machine et reproduits par photocopie, avec un indice analytique compl\u00e9mentaire.<\/p>\n<p>Ils m\u2019ont co\u00fbt\u00e9 un long travail de b\u00e9n\u00e9dictin, pour transcrire le texte des lettres \u00ab originales \u00bb, notes et rapports.<\/p>\n<p>C\u2019est un document d\u2019importance historique exceptionnelle, et pas seulement dans le domaine vincentien. Parmi les nombreuses lettres, la C<em>orrespondance du Risorgimento,<\/em> publi\u00e9e sur les <em>Annali della Missione<\/em> dans les ann\u00e9es 1968-1978, rev\u00eat une importance particuli\u00e8re.<strong><\/strong><\/p>\n<h2><strong>1. <\/strong><strong>Les sources<\/strong><\/h2>\n<p>Je les \u00e9num\u00e8re dans un certain ordre d\u2019importance :<\/p>\n<ol>\n<li><em>Archives de la Curie g\u00e9n\u00e9rale C.M. de Rome<\/em> : Elles conservent la correspondance du Bienheureux avec les Sup\u00e9rieurs g\u00e9n\u00e9raux et les Assistants G\u00e9n\u00e9raux italiens.<\/li>\n<li><em>Archives du Mus\u00e9e du Risorgimento de Turin, et Biblioth\u00e8que Vaticane<\/em> : Ce sont des lettres de grande valeur historique, adress\u00e9es pour la plus grande partie \u00e0 son fr\u00e8re Giacomo, Ministre d\u2019\u00c9tat. Elles embrassent une p\u00e9riode de plus de trente ans, de 1847 \u00e0 1879.<\/li>\n<li><em>Lettres en d\u00e9p\u00f4t en diverses archives de dioc\u00e8ses pi\u00e9montais, <\/em>sp\u00e9cialement de Turin, Mondov\u00ec, Saluzzo, Fossano, etc\u2026<\/li>\n<li><em>Lettres des archives de diverses maisons de la Mission : <\/em>Turin, Chieri, Mondov\u00ec, etc\u2026<\/li>\n<li><em>Lettres<\/em> de s\u0153urs ou de la\u00efcs, recueillies par le P. Giovanni Tonello, les Filles de la Charit\u00e9, S\u0153urs Nazar\u00e9ennes et des Madeleines de la Marquise de Barolo.<\/li>\n<li><em>Vingt lettres du P. Durando<\/em> conserv\u00e9es et publi\u00e9es par le P. Vito Guarini, relatives \u00e0 <em>la temp\u00eate occulte sur la Famille Vincentienne de 1842-43 <\/em>(tentative de d\u00e9tacher de Paris les Missionnaires d\u2019Italie).<\/li>\n<\/ol>\n<p>J\u2019ai rassembl\u00e9 ce que j\u2019ai pu, mais je n\u2019exclus pas qu\u2019il y ait encore en circulation de nombreuses lettres autographes du Bienheureux.<strong><\/strong><\/p>\n<h2><strong>2. <\/strong><strong>Le contenu<\/strong><\/h2>\n<p>Chaque plus petit \u00e9v\u00e9nement des maisons des Missionnaires \u00e9tait r\u00e9guli\u00e8rement signal\u00e9 par le Visiteur \u00e0 l\u2019Assistant italien de Paris ou au Sup\u00e9rieur g\u00e9n\u00e9ral, avec une fr\u00e9quence moyenne d\u2019une lettre par mois. Et ceci pendant 40 ans. Des centaines de figures de Missionnaires, de Filles de la Charit\u00e9 ou de personnages illustres du monde civil ou religieux nous sautent ainsi aux yeux esquiss\u00e9s de fa\u00e7on vivante et concise, avec leurs vertus et leurs d\u00e9fauts, leurs enthousiasmes et leurs crises spirituelles. Les protagonistes de la vie eccl\u00e9siastique et civile du Risorgimento, que le Bienheureux mentionne, vont du Pape Pie IX \u00e0 Garibaldi, des rois Carlo Alberto et Vittorio Emmanuele II \u00e0 Napol\u00e9on III, de Rosmini \u00e0 Gioberti, de Mgr Fransoni et ses tristes vicissitudes \u00e0 Fa\u00e0 di Bruno, de ses fr\u00e8res Camillo et Gustavo Cavour au G\u00e9n\u00e9ral La Marmora et les v\u00e9v\u00e8nements de la Crim\u00e9e.<\/p>\n<p>Le Bienheureux suit d\u2019un \u0153il attentif chaque \u00e9v\u00e9nement et ne cesse pas de lutter contre le lib\u00e9ralisme funeste et les intrigues de la Ma\u00e7onnerie.<strong><\/strong><\/p>\n<h2><strong>3. <\/strong><strong>Le P. Durando comme \u00e9crivain plein de finesse<\/strong><\/h2>\n<p>La langue du P. Durando est \u00e9videmment celle de son temps. Cependant, le langage est fluide et clair : \u00e9criture simple, lisible, bonne ponctuation, les ratures sont rares, bien qu\u2019il \u00e9crivait <em>au fil de la plume<\/em>. Fr\u00e9quentes sont les expressions pi\u00e9montaises, les gallicismes et les citations latines appropri\u00e9es, qui font partie de sa vivacit\u00e9.<\/p>\n<p>De certains missionnaires paresseux il \u00e9crit : <em>Fruges consumere nati<\/em> = n\u00e9s seulement pour consommer des provisions !<\/p>\n<p>D\u2019un missionnaire qui de nombreuses fois avait inutilement promis de se corriger d\u2019un tr\u00e8s grave d\u00e9faut, le Bienheureux \u00e9crivait tristement : <em>Substantiae non mutantur !\u2026Potest Aetiops mutare pellem suam ?<\/em> \u2013 Les substances ne peuvent se changer\u2026Un \u00c9thiopien peut-il changer la couleur de sa peau ?<\/p>\n<p>D\u2019un sup\u00e9rieur avare dans les plus petites choses il dit : <em>Ab ungue disce leonem<\/em> = Il juge le lion par ses griffes !<\/p>\n<p>Un missionnaire \u00ab gros mangeur \u00bb est d\u00e9fini : <em>La meilleure dent de la maison<\/em>. Un autre secret comme le tonnerre, est d\u00e9nomm\u00e9 <em>Une trompette<\/em> ! Deux confr\u00e8res rivaux dans la m\u00eame maison : <em>Deux coqs dans un poulailler<\/em> ! D\u2019un autre encore, ent\u00eat\u00e9 dans ses id\u00e9es, le Bienheureux \u00e9crit : <em>Quand il plante un clou, il n\u2019y a pas moyen de le faire changer !<\/em> Une fois, un missionnaire avait exag\u00e9r\u00e9 avec v\u00e9h\u00e9mence contre son sup\u00e9rieur. Le P. Durando commente : <em>Esp\u00e9rons que la neige de cet hiver servira \u00e0 rafra\u00eechir tant de feu ! <\/em><\/p>\n<p>D\u2019un sujet peu apte \u00e0 la fonction d\u2019\u00e9conome, le visiteur \u00e9crit \u00e0 Paris : <em>Il est aussi bon \u00e0 \u00eatre procureur que moi \u00e0 \u00eatre po\u00e8te !<\/em><strong><\/strong><\/p>\n<h2><strong>4. <\/strong><strong>Expressions typiques <\/strong><\/h2>\n<p>Certaines expressions particuli\u00e8res sous la plume du P. Durando sont tr\u00e8s savoureuses.<\/p>\n<p><em>Quando sono ne\u2019 stracci, ricorrono al Visitatore<\/em> ; il voulait dire : les sup\u00e9rieurs locaux font des dettes et quand ils ne savent pas comment en sortir ils recourent au Visiteur.<\/p>\n<p><em>Se mi manca fuoco<\/em> signifiait : si je n\u2019ai pas d\u2019autre sujets. <em>Il busillis \u00e8 unde un capere<\/em> \u2013 La chose difficile c\u2019est o\u00f9 en trouver !<em> <\/em><\/p>\n<p><em>Mettre encore une pi\u00e8ce (une reprise<\/em>) voulait dire arranger une situation avec le dernier exp\u00e9dient.<\/p>\n<p><em>Tirarla co\u2019 denti<\/em> = situation \u00e9conomique difficile.<\/p>\n<p><em>Battere campagna o Trarsi d\u2019affare<\/em> passer au large ou se laver les mains d\u2019une affaire.<\/p>\n<p><em>Piglia tempo e camperai<\/em> = avoir de la patience.<\/p>\n<p><em>Dai preti \u2018liberali\u2019 libera nos Domine !<\/em> Des pr\u00eatres lib\u00e9raux, d\u00e9livre-nous Seigneur !<\/p>\n<p>Le P. Durando sait aussi rire de lui-m\u00eame. Il ne connaissait pas bien la langue fran\u00e7aise, et sa fa\u00e7on d\u2019\u00e9crire en fran\u00e7ais \u00e9tait encore pire. Donc une fois il pria le P. Sturchi, Assistant G\u00e9n\u00e9ral, de relire et de corriger une lettre, avant de la pr\u00e9senter au Sup\u00e9rieur g\u00e9n\u00e9ral :<\/p>\n<p><em>Faites-moi la gr\u00e2ce de prendre lecture de l\u2019incluse, avant de la fermer. Vous y trouverez un morceau d\u2019\u00e9loquence et tant de puret\u00e9 de langue fran\u00e7aise et d\u2019\u00e9locution, que, si on me connaissait comme je le m\u00e9riterais, je serais nomm\u00e9 membre de l\u2019Acad\u00e9mie fran\u00e7aise. Vous voyez bien que je ne veux pas mourir de tristesse. <\/em><\/p>\n<h2><strong>5. <\/strong><strong>Contenu spirituel et organisationnel<\/strong><\/h2>\n<p>La correspondance du Bienheureux est aussi un t\u00e9moignage de premi\u00e8re main sur son humilit\u00e9, sa charit\u00e9 envers ses confr\u00e8res, sa m\u00e9thode d\u2019action.<\/p>\n<p>\u00c0 partir de 1839 jusqu\u2019\u00e0 la fin de sa vie, il ne renon\u00e7a pas \u00e0 implorer du Sup\u00e9rieur G\u00e9n\u00e9ral la gr\u00e2ce d\u2019\u00eatre dispens\u00e9 des charges de Visiteur, de Sup\u00e9rieur et de Directeur des Filles de la Charit\u00e9. Ses demandes inutiles se renouvel\u00e8rent en 1845-46-47-48-56-63-71-72 et les ann\u00e9es suivantes jusqu\u2019\u00e0 sa mort, mais toutes ses pri\u00e8res se bris\u00e8rent contre la volont\u00e9 du P. Etienne.<\/p>\n<p>Le P. Etienne, Sup\u00e9rieur g\u00e9n\u00e9ral, \u00e9tait beaucoup plus r\u00e9solu dans ses d\u00e9cisions disciplinaires, mais le Bienheureux le calmait, adoptant la m\u00e9thode du <em>fortiter et suaviter. Il \u00e9tait ardemment d\u00e9sir\u00e9 par certains sujets trop ardents pour le bon ordre <\/em>\u2013 lui \u00e9crivait-il<em> -, que je fasse comme l\u2019allemand qui parle et l\u00e8ve en un instant le b\u00e2ton ; mais pareille fa\u00e7on de faire me semble contraire \u00e0 l\u2019esprit de notre saint. Si en peu de temps on peut obtenir la chose sans heurter\u2026 il me semble que c\u2019est plus convenable.<\/em><\/p>\n<p>D\u2019un missionnaire qui \u00e9tait sur le point d\u2019\u00eatre cong\u00e9di\u00e9 par le Sup\u00e9rieur G\u00e9n\u00e9ral, le Bienheureux \u00e9crit en le d\u00e9fendant :<\/p>\n<p><em>Pauvre enfant, que fera-t-il maintenant ?\u2026 Le cong\u00e9dier me semble dur, parce que cela le priverait d\u2019une retraite, dans le cas o\u00f9 la Loi serait appliqu\u00e9e\u2026 Je ne voudrais pas aller contre l\u2019Ap\u00f4tre qui dit Charitas omnia sperat !. J\u2019ai peu d\u2019esp\u00e9rance dans les hommes ; le Seigneur fera\u2026 Il me semble qu\u2019ils peuvent prendre la chose doucement et la Providence fera le reste.<\/em><\/p>\n<p>Nous connaissons son amour pour les missions ext\u00e9rieures : sa vocation m\u00eame parmi les Missionnaires de saint Vincent \u00e9tait partie de son d\u00e9sir de se rendre comme missionnaire en Chine. Comme Visiteur et repr\u00e9sentant de l\u2019\u0153uvre de la Propagation de la Foi, le P. Durando fut l\u2019un des d\u00e9fenseurs les plus actifs des missions ext\u00e9rieures, y contribuant par du personnel et par une aide mat\u00e9rielle. En 1841 il \u00e9crivait au P. Fiorillo, Assistant G\u00e9n\u00e9ral : <em>Je n\u2019ai pas \u00e9t\u00e9 digne d\u2019\u00eatre envoy\u00e9 aux missions \u00e9trang\u00e8res ; au moins, au moins que je puisse y coop\u00e9rer de quelque mani\u00e8re\u2026<\/em><\/p>\n<p><em>Les besoins d\u2019une mission m\u2019attendrissent, et pris seul \u00e0 seul je suis mort et je n\u2019ai plus de force<\/em> et il faisait son possible pour envoyer des missionnaires <em>ad gentes<\/em>.<\/p>\n<p>Ce que le P. Durando ne pouvait supporter, c\u2019\u00e9tait l\u2019inertie, la paresse. Avec combien de peine il \u00e9crivit un jour : <em>Il y a des maisons, o\u00f9 les n\u00f4tres ne font rien du tout\u2026, ils ne sortent pas donner des missions, faire des exercices spirituels\u2026Beaucoup de sujets s\u2019ennuient ! <\/em><\/p>\n<p>Combien son c\u0153ur dut au contraire se r\u00e9jouir quand il put \u00e9crire \u00e0 Paris en 1877 :<\/p>\n<p><em>Les missions que fait la maison (de Turin) sont toujours dix, douze par an, elles sont longues ou plus br\u00e8ves\u2026et elles sont toujours aussi fructueuses maintenant qu\u2019il y a 40 ou 50 ans. Les n\u00f4tres, lorsqu\u2019ils sont en mission, se gardant d\u2019entrer dans les affaires politiques, n\u2019ont jamais re\u00e7u aucun m\u00e9contentement de la part des autorit\u00e9s au cours de toutes ces ann\u00e9es. Au contraire bien souvent, lorsqu\u2019ils ont fini, le maire et les autorit\u00e9s vont les visiter et plus d\u2019une fois la fanfare du pays les accompagne jusqu\u2019\u00e0 la gare. \u00c0 peine compte-t-on quelques personnes qui ne s\u2019approchent pas des sacrements. Les lettres de remerciements que je re\u00e7ois des cur\u00e9s sont \u00e9mouvantes.<\/em><\/p>\n<p>On ne m\u2019a pas donn\u00e9 assez de place pour poursuivre les analyses de la Correspondance du nouveau Bienheureux, et par cons\u00e9quent je renvoie les int\u00e9ress\u00e9s \u00e0 mes deux volumes publi\u00e9s en 1987-1988.<strong><\/strong><\/p>\n<h2><strong>6. <\/strong><strong>Le P. Durando \u00e0 travers sa Correspondance<\/strong><\/h2>\n<p><em>Vol. I \u2013 L\u2019homme de gouvernement ; Vol. II \u2013 L\u2019homme de vertu. <\/em><\/p>\n<p>La Correspondance dont j\u2019ai essay\u00e9 de donner une id\u00e9e synth\u00e9tique m\u2019a demand\u00e9 beaucoup de travail. Elle ne sera peut-\u00eatre jamais publi\u00e9e, mais les archives des Missionnaires et des S\u0153urs Nazar\u00e9ennes de Turin en conservent une copie, toujours consultable aussi par des personnes qui ne sont pas de la Communaut\u00e9.<\/p>\n","protected":false},"excerpt":{"rendered":"<p>Le P. Durando n\u2019a jamais \u00e9crit ni publi\u00e9 de livres, exception faite d\u2019un petit opuscule \u00ab \u00e9ducatif \u00bb, compos\u00e9 pour un Institut des Filles de la Charit\u00e9 de Fontanetto Po. Toutefois, sa correspondance est un &#8230; <a href=\"http:\/\/vincentians.com\/fr\/la-correspondance-inedite-du-bienheureux-marcantonio-durando-1801-1880\/\" class=\"more-link\">Read More<\/a><\/p>\n","protected":false},"author":4,"featured_media":105166,"comment_status":"open","ping_status":"open","sticky":false,"template":"","format":"standard","meta":{"jetpack_post_was_ever_published":false,"_jetpack_newsletter_access":"","_jetpack_dont_email_post_to_subs":false,"_jetpack_newsletter_tier_id":0,"_jetpack_memberships_contains_paywalled_content":false,"_jetpack_memberships_contains_paid_content":false,"footnotes":"","jetpack_publicize_message":"","jetpack_publicize_feature_enabled":true,"jetpack_social_post_already_shared":true,"jetpack_social_options":{"image_generator_settings":{"template":"highway","default_image_id":0,"font":"","enabled":false},"version":2}},"categories":[132],"tags":[],"class_list":["post-105165","post","type-post","status-publish","format-standard","has-post-thumbnail","hentry","category-marcantonio-durando"],"yoast_head":"<!-- This site is optimized with the Yoast SEO plugin v26.3 - https:\/\/yoast.com\/wordpress\/plugins\/seo\/ -->\n<title>La correspondance in\u00e9dite du Bienheureux Marcantonio Durando (1801-1880) - Nous Sommes Vincentiens<\/title>\n<meta name=\"robots\" content=\"index, follow, max-snippet:-1, max-image-preview:large, max-video-preview:-1\" \/>\n<link rel=\"canonical\" href=\"https:\/\/vincentians.com\/fr\/la-correspondance-inedite-du-bienheureux-marcantonio-durando-1801-1880\/\" \/>\n<meta property=\"og:locale\" content=\"fr_FR\" \/>\n<meta property=\"og:type\" content=\"article\" \/>\n<meta property=\"og:title\" content=\"La correspondance in\u00e9dite du Bienheureux Marcantonio Durando (1801-1880) - Nous Sommes Vincentiens\" \/>\n<meta property=\"og:description\" content=\"Le P. Durando n\u2019a jamais \u00e9crit ni publi\u00e9 de livres, exception faite d\u2019un petit opuscule \u00ab \u00e9ducatif \u00bb, compos\u00e9 pour un Institut des Filles de la Charit\u00e9 de Fontanetto Po. Toutefois, sa correspondance est un ... Read More\" \/>\n<meta property=\"og:url\" content=\"https:\/\/vincentians.com\/fr\/la-correspondance-inedite-du-bienheureux-marcantonio-durando-1801-1880\/\" \/>\n<meta property=\"og:site_name\" content=\"Nous Sommes Vincentiens\" \/>\n<meta property=\"article:publisher\" content=\"https:\/\/www.facebook.com\/WeAreVincentians\/\" \/>\n<meta property=\"article:author\" content=\"https:\/\/www.facebook.com\/JavierChento\" \/>\n<meta property=\"article:published_time\" content=\"2012-12-10T06:06:59+00:00\" \/>\n<meta name=\"author\" content=\"Francisco Javier Fern\u00e1ndez Chento\" \/>\n<meta name=\"twitter:card\" content=\"summary_large_image\" \/>\n<meta name=\"twitter:creator\" content=\"@https:\/\/twitter.com\/javierchento\" \/>\n<meta name=\"twitter:site\" content=\"@WeVincentians\" \/>\n<meta name=\"twitter:label1\" content=\"\u00c9crit par\" \/>\n\t<meta name=\"twitter:data1\" content=\"Francisco Javier Fern\u00e1ndez Chento\" \/>\n\t<meta name=\"twitter:label2\" content=\"Dur\u00e9e de lecture estim\u00e9e\" \/>\n\t<meta name=\"twitter:data2\" content=\"9 minutes\" \/>\n<script type=\"application\/ld+json\" class=\"yoast-schema-graph\">{\"@context\":\"https:\/\/schema.org\",\"@graph\":[{\"@type\":\"WebPage\",\"@id\":\"https:\/\/vincentians.com\/fr\/la-correspondance-inedite-du-bienheureux-marcantonio-durando-1801-1880\/\",\"url\":\"https:\/\/vincentians.com\/fr\/la-correspondance-inedite-du-bienheureux-marcantonio-durando-1801-1880\/\",\"name\":\"La correspondance in\u00e9dite du Bienheureux Marcantonio Durando (1801-1880) - Nous Sommes Vincentiens\",\"isPartOf\":{\"@id\":\"http:\/\/vincentians.com\/fr\/#website\"},\"primaryImageOfPage\":{\"@id\":\"https:\/\/vincentians.com\/fr\/la-correspondance-inedite-du-bienheureux-marcantonio-durando-1801-1880\/#primaryimage\"},\"image\":{\"@id\":\"https:\/\/vincentians.com\/fr\/la-correspondance-inedite-du-bienheureux-marcantonio-durando-1801-1880\/#primaryimage\"},\"thumbnailUrl\":\"\",\"datePublished\":\"2012-12-10T06:06:59+00:00\",\"author\":{\"@id\":\"http:\/\/vincentians.com\/fr\/#\/schema\/person\/9623ef4d9aa3b2dfb8c061f1499288f2\"},\"breadcrumb\":{\"@id\":\"https:\/\/vincentians.com\/fr\/la-correspondance-inedite-du-bienheureux-marcantonio-durando-1801-1880\/#breadcrumb\"},\"inLanguage\":\"fr-FR\",\"potentialAction\":[{\"@type\":\"ReadAction\",\"target\":[\"https:\/\/vincentians.com\/fr\/la-correspondance-inedite-du-bienheureux-marcantonio-durando-1801-1880\/\"]}]},{\"@type\":\"ImageObject\",\"inLanguage\":\"fr-FR\",\"@id\":\"https:\/\/vincentians.com\/fr\/la-correspondance-inedite-du-bienheureux-marcantonio-durando-1801-1880\/#primaryimage\",\"url\":\"\",\"contentUrl\":\"\"},{\"@type\":\"BreadcrumbList\",\"@id\":\"https:\/\/vincentians.com\/fr\/la-correspondance-inedite-du-bienheureux-marcantonio-durando-1801-1880\/#breadcrumb\",\"itemListElement\":[{\"@type\":\"ListItem\",\"position\":1,\"name\":\"Portada\",\"item\":\"http:\/\/vincentians.com\/fr\/\"},{\"@type\":\"ListItem\",\"position\":2,\"name\":\"La correspondance in\u00e9dite du Bienheureux Marcantonio Durando (1801-1880)\"}]},{\"@type\":\"WebSite\",\"@id\":\"http:\/\/vincentians.com\/fr\/#website\",\"url\":\"http:\/\/vincentians.com\/fr\/\",\"name\":\"Nous Sommes Vincentiens\",\"description\":\"Know more to serve more\",\"potentialAction\":[{\"@type\":\"SearchAction\",\"target\":{\"@type\":\"EntryPoint\",\"urlTemplate\":\"http:\/\/vincentians.com\/fr\/?s={search_term_string}\"},\"query-input\":{\"@type\":\"PropertyValueSpecification\",\"valueRequired\":true,\"valueName\":\"search_term_string\"}}],\"inLanguage\":\"fr-FR\"},{\"@type\":\"Person\",\"@id\":\"http:\/\/vincentians.com\/fr\/#\/schema\/person\/9623ef4d9aa3b2dfb8c061f1499288f2\",\"name\":\"Francisco Javier Fern\u00e1ndez Chento\",\"image\":{\"@type\":\"ImageObject\",\"inLanguage\":\"fr-FR\",\"@id\":\"http:\/\/vincentians.com\/fr\/#\/schema\/person\/image\/\",\"url\":\"https:\/\/secure.gravatar.com\/avatar\/497d5cde87b4c3d097d0315953521681ba2cd523ee66e5077c3711f7021e65de?s=96&d=mm&r=g\",\"contentUrl\":\"https:\/\/secure.gravatar.com\/avatar\/497d5cde87b4c3d097d0315953521681ba2cd523ee66e5077c3711f7021e65de?s=96&d=mm&r=g\",\"caption\":\"Francisco Javier Fern\u00e1ndez Chento\"},\"description\":\"Director General y cofundador de La Red de Formaci\u00f3n Vicenciana. Javier es laico vicenciano, afiliado a la Congregaci\u00f3n de la Misi\u00f3n y miembro del Equipo de Misiones Populares de la provincia can\u00f3nica de Zaragoza (Espa\u00f1a) de la Congregaci\u00f3n de la Misi\u00f3n. Graduado en la Universidad Oberta de Catalunya con cuatro grados (Asistente de direcci\u00f3n, Gesti\u00f3n Administrativa, Recursos Humanos y Contabilidad Avanzada). Bil\u00edng\u00fce Espa\u00f1ol\/Ingl\u00e9s. gestiona y mantiene varias p\u00e1ginas web cristianas y vicencianas, incluida including La Red de Formaci\u00f3n Vicenciana, de la que es cofundador. Actualmente es responsable del \u00e1rea de Espa\u00f1ol de .famvin, la Red de Noticias de la Familia Vicenciana. Tambi\u00e9n es m\u00fasico cat\u00f3lico y ha editado varios discos. Es Director General y cofundador de Trovador, una reconocida compa\u00f1\u00eda discogr\u00e1fica critiana de Espa\u00f1a. Trabaja en las Tecnolog\u00edas de la Informaci\u00f3n, ofreciendo servicios de alojamiento, dise\u00f1o y mantenimiento Web, as\u00ed como asesoramiento, formaci\u00f3n y soluciones inform\u00e1ticas, gesti\u00f3n documental y digitalizaci\u00f3n de textos, edici\u00f3n y maquetaci\u00f3n de libros, revistas, flyers, etc.\",\"sameAs\":[\"http:\/\/chento.org\",\"https:\/\/www.facebook.com\/JavierChento\",\"https:\/\/x.com\/https:\/\/twitter.com\/javierchento\"],\"url\":\"http:\/\/vincentians.com\/fr\/author\/chento\/\"}]}<\/script>\n<!-- \/ Yoast SEO plugin. -->","yoast_head_json":{"title":"La correspondance in\u00e9dite du Bienheureux Marcantonio Durando (1801-1880) - Nous Sommes Vincentiens","robots":{"index":"index","follow":"follow","max-snippet":"max-snippet:-1","max-image-preview":"max-image-preview:large","max-video-preview":"max-video-preview:-1"},"canonical":"https:\/\/vincentians.com\/fr\/la-correspondance-inedite-du-bienheureux-marcantonio-durando-1801-1880\/","og_locale":"fr_FR","og_type":"article","og_title":"La correspondance in\u00e9dite du Bienheureux Marcantonio Durando (1801-1880) - Nous Sommes Vincentiens","og_description":"Le P. Durando n\u2019a jamais \u00e9crit ni publi\u00e9 de livres, exception faite d\u2019un petit opuscule \u00ab \u00e9ducatif \u00bb, compos\u00e9 pour un Institut des Filles de la Charit\u00e9 de Fontanetto Po. Toutefois, sa correspondance est un ... Read More","og_url":"https:\/\/vincentians.com\/fr\/la-correspondance-inedite-du-bienheureux-marcantonio-durando-1801-1880\/","og_site_name":"Nous Sommes Vincentiens","article_publisher":"https:\/\/www.facebook.com\/WeAreVincentians\/","article_author":"https:\/\/www.facebook.com\/JavierChento","article_published_time":"2012-12-10T06:06:59+00:00","author":"Francisco Javier Fern\u00e1ndez Chento","twitter_card":"summary_large_image","twitter_creator":"@https:\/\/twitter.com\/javierchento","twitter_site":"@WeVincentians","twitter_misc":{"\u00c9crit par":"Francisco Javier Fern\u00e1ndez Chento","Dur\u00e9e de lecture estim\u00e9e":"9 minutes"},"schema":{"@context":"https:\/\/schema.org","@graph":[{"@type":"WebPage","@id":"https:\/\/vincentians.com\/fr\/la-correspondance-inedite-du-bienheureux-marcantonio-durando-1801-1880\/","url":"https:\/\/vincentians.com\/fr\/la-correspondance-inedite-du-bienheureux-marcantonio-durando-1801-1880\/","name":"La correspondance in\u00e9dite du Bienheureux Marcantonio Durando (1801-1880) - Nous Sommes Vincentiens","isPartOf":{"@id":"http:\/\/vincentians.com\/fr\/#website"},"primaryImageOfPage":{"@id":"https:\/\/vincentians.com\/fr\/la-correspondance-inedite-du-bienheureux-marcantonio-durando-1801-1880\/#primaryimage"},"image":{"@id":"https:\/\/vincentians.com\/fr\/la-correspondance-inedite-du-bienheureux-marcantonio-durando-1801-1880\/#primaryimage"},"thumbnailUrl":"","datePublished":"2012-12-10T06:06:59+00:00","author":{"@id":"http:\/\/vincentians.com\/fr\/#\/schema\/person\/9623ef4d9aa3b2dfb8c061f1499288f2"},"breadcrumb":{"@id":"https:\/\/vincentians.com\/fr\/la-correspondance-inedite-du-bienheureux-marcantonio-durando-1801-1880\/#breadcrumb"},"inLanguage":"fr-FR","potentialAction":[{"@type":"ReadAction","target":["https:\/\/vincentians.com\/fr\/la-correspondance-inedite-du-bienheureux-marcantonio-durando-1801-1880\/"]}]},{"@type":"ImageObject","inLanguage":"fr-FR","@id":"https:\/\/vincentians.com\/fr\/la-correspondance-inedite-du-bienheureux-marcantonio-durando-1801-1880\/#primaryimage","url":"","contentUrl":""},{"@type":"BreadcrumbList","@id":"https:\/\/vincentians.com\/fr\/la-correspondance-inedite-du-bienheureux-marcantonio-durando-1801-1880\/#breadcrumb","itemListElement":[{"@type":"ListItem","position":1,"name":"Portada","item":"http:\/\/vincentians.com\/fr\/"},{"@type":"ListItem","position":2,"name":"La correspondance in\u00e9dite du Bienheureux Marcantonio Durando (1801-1880)"}]},{"@type":"WebSite","@id":"http:\/\/vincentians.com\/fr\/#website","url":"http:\/\/vincentians.com\/fr\/","name":"Nous Sommes Vincentiens","description":"Know more to serve more","potentialAction":[{"@type":"SearchAction","target":{"@type":"EntryPoint","urlTemplate":"http:\/\/vincentians.com\/fr\/?s={search_term_string}"},"query-input":{"@type":"PropertyValueSpecification","valueRequired":true,"valueName":"search_term_string"}}],"inLanguage":"fr-FR"},{"@type":"Person","@id":"http:\/\/vincentians.com\/fr\/#\/schema\/person\/9623ef4d9aa3b2dfb8c061f1499288f2","name":"Francisco Javier Fern\u00e1ndez Chento","image":{"@type":"ImageObject","inLanguage":"fr-FR","@id":"http:\/\/vincentians.com\/fr\/#\/schema\/person\/image\/","url":"https:\/\/secure.gravatar.com\/avatar\/497d5cde87b4c3d097d0315953521681ba2cd523ee66e5077c3711f7021e65de?s=96&d=mm&r=g","contentUrl":"https:\/\/secure.gravatar.com\/avatar\/497d5cde87b4c3d097d0315953521681ba2cd523ee66e5077c3711f7021e65de?s=96&d=mm&r=g","caption":"Francisco Javier Fern\u00e1ndez Chento"},"description":"Director General y cofundador de La Red de Formaci\u00f3n Vicenciana. Javier es laico vicenciano, afiliado a la Congregaci\u00f3n de la Misi\u00f3n y miembro del Equipo de Misiones Populares de la provincia can\u00f3nica de Zaragoza (Espa\u00f1a) de la Congregaci\u00f3n de la Misi\u00f3n. Graduado en la Universidad Oberta de Catalunya con cuatro grados (Asistente de direcci\u00f3n, Gesti\u00f3n Administrativa, Recursos Humanos y Contabilidad Avanzada). Bil\u00edng\u00fce Espa\u00f1ol\/Ingl\u00e9s. gestiona y mantiene varias p\u00e1ginas web cristianas y vicencianas, incluida including La Red de Formaci\u00f3n Vicenciana, de la que es cofundador. Actualmente es responsable del \u00e1rea de Espa\u00f1ol de .famvin, la Red de Noticias de la Familia Vicenciana. Tambi\u00e9n es m\u00fasico cat\u00f3lico y ha editado varios discos. Es Director General y cofundador de Trovador, una reconocida compa\u00f1\u00eda discogr\u00e1fica critiana de Espa\u00f1a. Trabaja en las Tecnolog\u00edas de la Informaci\u00f3n, ofreciendo servicios de alojamiento, dise\u00f1o y mantenimiento Web, as\u00ed como asesoramiento, formaci\u00f3n y soluciones inform\u00e1ticas, gesti\u00f3n documental y digitalizaci\u00f3n de textos, edici\u00f3n y maquetaci\u00f3n de libros, revistas, flyers, etc.","sameAs":["http:\/\/chento.org","https:\/\/www.facebook.com\/JavierChento","https:\/\/x.com\/https:\/\/twitter.com\/javierchento"],"url":"http:\/\/vincentians.com\/fr\/author\/chento\/"}]}},"jetpack_publicize_connections":[],"jetpack_featured_media_url":"","jetpack_sharing_enabled":true,"jetpack_shortlink":"https:\/\/wp.me\/p7ETMP-rmd","jetpack-related-posts":[{"id":105173,"url":"http:\/\/vincentians.com\/fr\/trois-invitations-du-bienheureux-p-marcantonio-durando-a-la-famille-vincentienne\/","url_meta":{"origin":105165,"position":0},"title":"Trois invitations du Bienheureux P. Marcantonio Durando \u00e0 la Famille Vincentienne","author":"Francisco Javier Fern\u00e1ndez Chento","date":"11\/02\/2015","format":false,"excerpt":"1. Invitation \u00e0 raviver la spiritualit\u00e9 de saint Vincent de Paul Le p\u00e8re Marcantonio Durando est rest\u00e9 fascin\u00e9 par la spiritualit\u00e9 de saint Vincent de Paul et c\u2019est \u00e0 cause de cela que, gr\u00e2ce aussi \u00e0 la pr\u00e9sence des Messieurs de la Mission dans la petite ville de Mondov\u00ec, sa\u2026","rel":"","context":"Dans &quot;Marcantonio Durando&quot;","block_context":{"text":"Marcantonio Durando","link":"http:\/\/vincentians.com\/fr\/category\/marcantonio-durando\/"},"img":{"alt_text":"","src":"https:\/\/i0.wp.com\/vincentiens.org\/wp-content\/uploads\/2012\/12\/durandoma1-216x300.jpg?resize=350%2C200","width":350,"height":200},"classes":[]},{"id":105170,"url":"http:\/\/vincentians.com\/fr\/breve-biographie-du-bienheureux-marcantonio-durando-c-m-1801-1880\/","url_meta":{"origin":105165,"position":1},"title":"Br\u00e8ve biographie du Bienheureux Marcantonio Durando, C.M. (1801-1880)","author":"Francisco Javier Fern\u00e1ndez Chento","date":"10\/12\/2012","format":false,"excerpt":"1. La famille : enfance et jeunesse Les Durando \u00e9taient une famille consid\u00e9r\u00e9e et ais\u00e9e de Mondovi, dans laquelle on compta huit enfants survivants, sur les dix mis au monde. Marcantonio naquit le 22 mai 1801. Dans le milieu familial on respirait un air lib\u00e9ral teint\u00e9 de la\u00efcisme, voire m\u00eame\u2026","rel":"","context":"Dans &quot;Marcantonio Durando&quot;","block_context":{"text":"Marcantonio Durando","link":"http:\/\/vincentians.com\/fr\/category\/marcantonio-durando\/"},"img":{"alt_text":"","src":"https:\/\/i0.wp.com\/vincentiens.org\/wp-content\/uploads\/2012\/12\/durandoma1-216x300.jpg?resize=350%2C200","width":350,"height":200},"classes":[]},{"id":106453,"url":"http:\/\/vincentians.com\/fr\/ephemerides-23-mai\/","url_meta":{"origin":105165,"position":2},"title":"Eph\u00e9m\u00e9rides: 23 mai","author":"Francisco Javier Fern\u00e1ndez Chento","date":"23\/05\/2017","format":false,"excerpt":"En 1615, \u00e0 Paris, Monsieur Vincent constitue Jean Morin son procureur pour prendre possession d'un canonicat \u00e0 Ecouis. C'est M. de Gondi, chez qui il est pr\u00e9cepteur depuis 1613, qui lui a fait obtenir cette charge de tr\u00e9sorier et de chanoine du chapitre coll\u00e9gial. Ecouis, qui d\u00e9pendait alors de Rouen,\u2026","rel":"","context":"Dans &quot;\u00c9ph\u00e9m\u00e9rides vincentiens&quot;","block_context":{"text":"\u00c9ph\u00e9m\u00e9rides vincentiens","link":"http:\/\/vincentians.com\/fr\/category\/ephemerides-vincentiens\/"},"img":{"alt_text":"","src":"https:\/\/i0.wp.com\/vincentians.com\/fr\/wp-content\/uploads\/sites\/10\/2016\/07\/ephemerides-fb.jpg?fit=1200%2C630&resize=350%2C200","width":350,"height":200,"srcset":"https:\/\/i0.wp.com\/vincentians.com\/fr\/wp-content\/uploads\/sites\/10\/2016\/07\/ephemerides-fb.jpg?fit=1200%2C630&resize=350%2C200 1x, https:\/\/i0.wp.com\/vincentians.com\/fr\/wp-content\/uploads\/sites\/10\/2016\/07\/ephemerides-fb.jpg?fit=1200%2C630&resize=525%2C300 1.5x, https:\/\/i0.wp.com\/vincentians.com\/fr\/wp-content\/uploads\/sites\/10\/2016\/07\/ephemerides-fb.jpg?fit=1200%2C630&resize=700%2C400 2x, https:\/\/i0.wp.com\/vincentians.com\/fr\/wp-content\/uploads\/sites\/10\/2016\/07\/ephemerides-fb.jpg?fit=1200%2C630&resize=1050%2C600 3x"},"classes":[]},{"id":180858,"url":"http:\/\/vincentians.com\/fr\/ephemerides-11-fevrier\/","url_meta":{"origin":105165,"position":3},"title":"Eph\u00e9m\u00e9rides: 11 f\u00e9vrier","author":"Francisco Javier Fern\u00e1ndez Chento","date":"11\/02\/2017","format":false,"excerpt":"En la f\u00eate de Notre-Dame de Lourdes, on aime entendre sainte Louise s'\u00e9crier\u00a0: \"O mon Dieu\u00a0! que la perfection de son \u00e2me sainte unie \u00e0 son corps soit, je vous prie, manifest\u00e9e \u00e0 toutes les cr\u00e9atures, afin qu'elles admirent et adorent votre toute puissance et qu'elles vous glorifient \u00e9ternellement de\u2026","rel":"","context":"Dans &quot;\u00c9ph\u00e9m\u00e9rides vincentiens&quot;","block_context":{"text":"\u00c9ph\u00e9m\u00e9rides vincentiens","link":"http:\/\/vincentians.com\/fr\/category\/ephemerides-vincentiens\/"},"img":{"alt_text":"","src":"https:\/\/i0.wp.com\/vincentians.com\/fr\/wp-content\/uploads\/sites\/10\/2016\/07\/ephemerides-fb.jpg?fit=1200%2C630&resize=350%2C200","width":350,"height":200,"srcset":"https:\/\/i0.wp.com\/vincentians.com\/fr\/wp-content\/uploads\/sites\/10\/2016\/07\/ephemerides-fb.jpg?fit=1200%2C630&resize=350%2C200 1x, https:\/\/i0.wp.com\/vincentians.com\/fr\/wp-content\/uploads\/sites\/10\/2016\/07\/ephemerides-fb.jpg?fit=1200%2C630&resize=525%2C300 1.5x, https:\/\/i0.wp.com\/vincentians.com\/fr\/wp-content\/uploads\/sites\/10\/2016\/07\/ephemerides-fb.jpg?fit=1200%2C630&resize=700%2C400 2x, https:\/\/i0.wp.com\/vincentians.com\/fr\/wp-content\/uploads\/sites\/10\/2016\/07\/ephemerides-fb.jpg?fit=1200%2C630&resize=1050%2C600 3x"},"classes":[]},{"id":104417,"url":"http:\/\/vincentians.com\/fr\/jean-gabriel-perboyre-lettre-008-a-son-frere-louis\/","url_meta":{"origin":105165,"position":4},"title":"Jean-Gabriel Perboyre, Lettre 008. A son Fr\u00e8re Louis","author":"Francisco Javier Fern\u00e1ndez Chento","date":"28\/08\/2016","format":false,"excerpt":"Montauban, le 2 septembre 1827. Mon tr\u00e8s cher fr\u00e8re, La gr\u00e2ce de N. S. soit toujours avec nous. Je trouve tant d\u2019occasions pour vous \u00e9crire ces jours-ci, que je serais inexcusable en ne le faisant pas\u00a0: aujourd\u2019hui c\u2019est un jeune protestant converti qui part pour Saint-Sulpice\u00a0; demain c\u2019est M.\u00a0Gratacap qui\u2026","rel":"","context":"Dans &quot;\u00c9crits de Jean-Gabriel Perboyre&quot;","block_context":{"text":"\u00c9crits de Jean-Gabriel Perboyre","link":"http:\/\/vincentians.com\/fr\/category\/ecrits-de-jean-gabriel-perboyre\/"},"img":{"alt_text":"","src":"https:\/\/i0.wp.com\/vincentians.com\/fr\/wp-content\/uploads\/sites\/10\/2016\/07\/cartas-perboyre.jpg?fit=1200%2C630&resize=350%2C200","width":350,"height":200,"srcset":"https:\/\/i0.wp.com\/vincentians.com\/fr\/wp-content\/uploads\/sites\/10\/2016\/07\/cartas-perboyre.jpg?fit=1200%2C630&resize=350%2C200 1x, https:\/\/i0.wp.com\/vincentians.com\/fr\/wp-content\/uploads\/sites\/10\/2016\/07\/cartas-perboyre.jpg?fit=1200%2C630&resize=525%2C300 1.5x, https:\/\/i0.wp.com\/vincentians.com\/fr\/wp-content\/uploads\/sites\/10\/2016\/07\/cartas-perboyre.jpg?fit=1200%2C630&resize=700%2C400 2x, https:\/\/i0.wp.com\/vincentians.com\/fr\/wp-content\/uploads\/sites\/10\/2016\/07\/cartas-perboyre.jpg?fit=1200%2C630&resize=1050%2C600 3x"},"classes":[]},{"id":105005,"url":"http:\/\/vincentians.com\/fr\/saint-vincent-de-paul-et-sainte-louise-de-marillac-leurs-relations-dapres-leur-correspondance-avant-propos\/","url_meta":{"origin":105165,"position":5},"title":"Saint Vincent de Paul et sainte Louise de Marillac, leurs relations d&rsquo;apr\u00e8s leur correspondance. Avant-Propos","author":"Francisco Javier Fern\u00e1ndez Chento","date":"15\/05\/2015","format":false,"excerpt":"Louise de Marillac naquit en 1591, dix ans apr\u00e8s Vincent de Paul. En f\u00e9vrier 1613, elle \u00e9pousa Antoine Le Gras, secr\u00e9taire de la reine Marie de M\u00e9dicis. La m\u00eame ann\u00e9e, elle donna le jour \u00e0 son fils Michel. Apr\u00e8s son mariage, elle fut mademoiselle Le Gras pour ses contemporains, \u00e0\u2026","rel":"","context":"Dans &quot;Au temps de Vincent de Paul&quot;","block_context":{"text":"Au temps de Vincent de Paul","link":"http:\/\/vincentians.com\/fr\/category\/au-temps-de-vincent-de-paul\/"},"img":{"alt_text":"","src":"https:\/\/i0.wp.com\/vincentiens.org\/wp-content\/uploads\/2012\/12\/vincent_louise-300x231.jpg?resize=350%2C200","width":350,"height":200},"classes":[]}],"_links":{"self":[{"href":"http:\/\/vincentians.com\/fr\/wp-json\/wp\/v2\/posts\/105165","targetHints":{"allow":["GET"]}}],"collection":[{"href":"http:\/\/vincentians.com\/fr\/wp-json\/wp\/v2\/posts"}],"about":[{"href":"http:\/\/vincentians.com\/fr\/wp-json\/wp\/v2\/types\/post"}],"author":[{"embeddable":true,"href":"http:\/\/vincentians.com\/fr\/wp-json\/wp\/v2\/users\/4"}],"replies":[{"embeddable":true,"href":"http:\/\/vincentians.com\/fr\/wp-json\/wp\/v2\/comments?post=105165"}],"version-history":[{"count":0,"href":"http:\/\/vincentians.com\/fr\/wp-json\/wp\/v2\/posts\/105165\/revisions"}],"wp:featuredmedia":[{"embeddable":true,"href":"http:\/\/vincentians.com\/fr\/wp-json\/"}],"wp:attachment":[{"href":"http:\/\/vincentians.com\/fr\/wp-json\/wp\/v2\/media?parent=105165"}],"wp:term":[{"taxonomy":"category","embeddable":true,"href":"http:\/\/vincentians.com\/fr\/wp-json\/wp\/v2\/categories?post=105165"},{"taxonomy":"post_tag","embeddable":true,"href":"http:\/\/vincentians.com\/fr\/wp-json\/wp\/v2\/tags?post=105165"}],"curies":[{"name":"wp","href":"https:\/\/api.w.org\/{rel}","templated":true}]}}