{"id":105005,"date":"2015-05-15T12:20:03","date_gmt":"2015-05-15T10:20:03","guid":{"rendered":"http:\/\/vincentiens.org\/?p=105005"},"modified":"2015-05-15T12:20:03","modified_gmt":"2015-05-15T10:20:03","slug":"saint-vincent-de-paul-et-sainte-louise-de-marillac-leurs-relations-dapres-leur-correspondance-avant-propos","status":"publish","type":"post","link":"http:\/\/vincentians.com\/fr\/saint-vincent-de-paul-et-sainte-louise-de-marillac-leurs-relations-dapres-leur-correspondance-avant-propos\/","title":{"rendered":"Saint Vincent de Paul et sainte Louise de Marillac, leurs relations d&rsquo;apr\u00e8s leur correspondance. Avant-Propos"},"content":{"rendered":"<p><a href=\"https:\/\/i0.wp.com\/vincentiens.org\/wp-content\/uploads\/2012\/12\/vincent_louise.jpg\"><img data-recalc-dims=\"1\" loading=\"lazy\" decoding=\"async\" class=\"alignright size-medium wp-image-105011\" title=\"vincent_louise\" src=\"https:\/\/i0.wp.com\/vincentiens.org\/wp-content\/uploads\/2012\/12\/vincent_louise-300x231.jpg?resize=300%2C231\" alt=\"\" width=\"300\" height=\"231\" \/><\/a>Louise de Marillac naquit en 1591, dix ans apr\u00e8s Vincent de Paul. En f\u00e9vrier 1613, elle \u00e9pousa Antoine Le Gras, secr\u00e9taire de la reine Marie de M\u00e9dicis. La m\u00eame ann\u00e9e, elle donna le jour \u00e0 son fils Michel. Apr\u00e8s son mariage, elle fut mademoiselle Le Gras pour ses contemporains, \u00e0 cause de l&rsquo;usage qui r\u00e9servait aux femmes des chevaliers la qualification de madame.<\/p>\n<p>En 1623, Antoine Le Gras tomba gravement malade. A ce moment, Louise de Marillac fit v\u0153u de rester \u00a0veuve, si son mari venait \u00e0 dispara\u00eetre. \u00a0Quand il mourut, en 1625, elle tint parole.<\/p>\n<p>A cette date, Vincent de Paul \u00e9tait d\u00e9j\u00e0 son confesseur. Elle l&rsquo;avait choisi la m\u00eame ann\u00e9e ou l&rsquo;ann\u00e9e pr\u00e9c\u00e9dente. Elle resta soumise \u00e0 cette direction jusqu&rsquo;\u00e0 sa mort, survenue en 1660, quelques mois avant la mort de saint Vincent.<\/p>\n<p>D\u00e8s les premi\u00e8res ann\u00e9es qui suivirent son choix, Louise de Marillac fut appliqu\u00e9e \u00e0 des \u0153uvres de charit\u00e9 par son confesseur. Lorsque les confr\u00e9ries de charit\u00e9, cr\u00e9\u00e9es \u00e0 Ch\u00e2tillon- les-Dombes en 1617 par Monsieur Vincent, se propag\u00e8rent \u00a0dans Paris, \u00a0elle s&#8217;empressa de leur consacrer \u00a0son d\u00e9vouement. La compagnie des Filles de la Charit\u00e9 naquit de ce mouvement, le 29 novembre 1633. Mademoiselle Le Gras en fut nomm\u00e9e Sup\u00e9rieure.<\/p>\n<p>Durant plus de trente ans, s&rsquo;\u00e9changea entre elle et Vincent de Paul une active correspondance, \u00a0dont six cents lettres environ ont \u00e9t\u00e9 sauv\u00e9es. Ces lettres s&rsquo;occupaient de direction spirituelle, des entreprise auxquelles collaboraient les deux fondateurs des Filles de la Charit\u00e9, de soucis personnels dont ils s&rsquo;entretenaient avec une confiance r\u00e9ciproque.<\/p>\n<p>Nous les citons d&rsquo;apr\u00e8s le recueil de Pierre Coste, pr\u00eatre de la Mission : Saint Vincent de Paul. &#8211; Correspondance. &#8211; Entretiens. &#8211; Documents (Gabalda, 1925). Chacune de nos r\u00e9f\u00e9rences \u00a0indique simplement le num\u00e9ro du volume. Apr\u00e8s la \u00a0publication \u00a0de ce recueil, quelques lettres parvinrent encore \u00e0 la connaissance de Pierre Coste. A son avis, elles n&rsquo;ont pas modifi\u00e9 ce qui \u00e9tait d\u00e9j\u00e0 connu des relations de Vincent de Paul et de Louise de Marillac.<\/p>\n<p>Ces relations, n\u00e9es d&rsquo;une direction spirituelle attentivement donn\u00e9e et docilement accept\u00e9e, \u00e9tendues et affermies par une incessante collaboration, furent amicalement comprises de part et d&rsquo;autre.<\/p>\n<p>Notre m\u00e9moire s&rsquo;est volontairement born\u00e9 \u00e0 en rechercher le caract\u00e8re, \u00a0d&rsquo;apr\u00e8s la correspondance des deux int\u00e9ress\u00e9s. Limit\u00e9 \u00e0 cette source d&rsquo;information, qui suffisait \u00e0 son dessein, il ne pouvait pr\u00e9tendre \u00e0 retracer \u00a0une histoire compl\u00e8te de l&rsquo;activit\u00e9 conjugu\u00e9e de Vincent de Paul et de Louise de Marillac. Encore moins pouvait-il s&rsquo;\u00e9tendre sur l&rsquo;\u00e9poque o\u00f9 ils ont v\u00e9cu, et qui conditionnait leur action.<\/p>\n<p>Au surplus, soucieux d&rsquo;\u00e9viter les redites, il s&rsquo;est souvent interdit de reprendre, par le menu, des expos\u00e9s qui lui \u00e9taient accessibles, mais qui ont trouv\u00e9 place ailleurs. A vrai dire, il n&rsquo;a d\u2019autre ambition que d&rsquo;\u00eatre l&rsquo;utile mais modeste compl\u00e9ment d\u2019un autre ouvrage (Saint Vincent de Paul, sous l\u2019emprise chr\u00e9tienne. 500 pages in-8), o\u00f9 il aurait pu ais\u00e9ment s&rsquo;enclaver.<\/p>\n","protected":false},"excerpt":{"rendered":"<p>Louise de Marillac naquit en 1591, dix ans apr\u00e8s Vincent de Paul. En f\u00e9vrier 1613, elle \u00e9pousa Antoine Le Gras, secr\u00e9taire de la reine Marie de M\u00e9dicis. La m\u00eame ann\u00e9e, elle donna le jour \u00e0 &#8230; <a href=\"http:\/\/vincentians.com\/fr\/saint-vincent-de-paul-et-sainte-louise-de-marillac-leurs-relations-dapres-leur-correspondance-avant-propos\/\" class=\"more-link\">Read More<\/a><\/p>\n","protected":false},"author":4,"featured_media":105011,"comment_status":"open","ping_status":"open","sticky":false,"template":"","format":"standard","meta":{"jetpack_post_was_ever_published":false,"_jetpack_newsletter_access":"","_jetpack_dont_email_post_to_subs":false,"_jetpack_newsletter_tier_id":0,"_jetpack_memberships_contains_paywalled_content":false,"_jetpack_memberships_contains_paid_content":false,"footnotes":"","jetpack_publicize_message":"","jetpack_publicize_feature_enabled":true,"jetpack_social_post_already_shared":true,"jetpack_social_options":{"image_generator_settings":{"template":"highway","default_image_id":0,"font":"","enabled":false},"version":2}},"categories":[128,18,5],"tags":[],"class_list":["post-105005","post","type-post","status-publish","format-standard","has-post-thumbnail","hentry","category-au-temps-de-vincent-de-paul","category-louise-de-marillac","category-vincent-de-paul"],"yoast_head":"<!-- This site is optimized with the Yoast SEO plugin v26.3 - https:\/\/yoast.com\/wordpress\/plugins\/seo\/ -->\n<title>Saint Vincent de Paul et sainte Louise de Marillac, leurs relations d&#039;apr\u00e8s leur correspondance. Avant-Propos - Nous Sommes Vincentiens<\/title>\n<meta name=\"robots\" content=\"index, follow, max-snippet:-1, max-image-preview:large, max-video-preview:-1\" \/>\n<link rel=\"canonical\" href=\"http:\/\/vincentians.com\/fr\/saint-vincent-de-paul-et-sainte-louise-de-marillac-leurs-relations-dapres-leur-correspondance-avant-propos\/\" \/>\n<meta property=\"og:locale\" content=\"fr_FR\" \/>\n<meta property=\"og:type\" content=\"article\" \/>\n<meta property=\"og:title\" content=\"Saint Vincent de Paul et sainte Louise de Marillac, leurs relations d&#039;apr\u00e8s leur correspondance. Avant-Propos - Nous Sommes Vincentiens\" \/>\n<meta property=\"og:description\" content=\"Louise de Marillac naquit en 1591, dix ans apr\u00e8s Vincent de Paul. En f\u00e9vrier 1613, elle \u00e9pousa Antoine Le Gras, secr\u00e9taire de la reine Marie de M\u00e9dicis. La m\u00eame ann\u00e9e, elle donna le jour \u00e0 ... Read More\" \/>\n<meta property=\"og:url\" content=\"http:\/\/vincentians.com\/fr\/saint-vincent-de-paul-et-sainte-louise-de-marillac-leurs-relations-dapres-leur-correspondance-avant-propos\/\" \/>\n<meta property=\"og:site_name\" content=\"Nous Sommes Vincentiens\" \/>\n<meta property=\"article:publisher\" content=\"https:\/\/www.facebook.com\/WeAreVincentians\/\" \/>\n<meta property=\"article:author\" content=\"https:\/\/www.facebook.com\/JavierChento\" \/>\n<meta property=\"article:published_time\" content=\"2015-05-15T10:20:03+00:00\" \/>\n<meta name=\"author\" content=\"Francisco Javier Fern\u00e1ndez Chento\" \/>\n<meta name=\"twitter:card\" content=\"summary_large_image\" \/>\n<meta name=\"twitter:creator\" content=\"@https:\/\/twitter.com\/javierchento\" \/>\n<meta name=\"twitter:site\" content=\"@WeVincentians\" \/>\n<meta name=\"twitter:label1\" content=\"\u00c9crit par\" \/>\n\t<meta name=\"twitter:data1\" content=\"Francisco Javier Fern\u00e1ndez Chento\" \/>\n\t<meta name=\"twitter:label2\" content=\"Dur\u00e9e de lecture estim\u00e9e\" \/>\n\t<meta name=\"twitter:data2\" content=\"3 minutes\" \/>\n<script type=\"application\/ld+json\" class=\"yoast-schema-graph\">{\"@context\":\"https:\/\/schema.org\",\"@graph\":[{\"@type\":\"WebPage\",\"@id\":\"http:\/\/vincentians.com\/fr\/saint-vincent-de-paul-et-sainte-louise-de-marillac-leurs-relations-dapres-leur-correspondance-avant-propos\/\",\"url\":\"http:\/\/vincentians.com\/fr\/saint-vincent-de-paul-et-sainte-louise-de-marillac-leurs-relations-dapres-leur-correspondance-avant-propos\/\",\"name\":\"Saint Vincent de Paul et sainte Louise de Marillac, leurs relations d'apr\u00e8s leur correspondance. Avant-Propos - Nous Sommes Vincentiens\",\"isPartOf\":{\"@id\":\"http:\/\/vincentians.com\/fr\/#website\"},\"primaryImageOfPage\":{\"@id\":\"http:\/\/vincentians.com\/fr\/saint-vincent-de-paul-et-sainte-louise-de-marillac-leurs-relations-dapres-leur-correspondance-avant-propos\/#primaryimage\"},\"image\":{\"@id\":\"http:\/\/vincentians.com\/fr\/saint-vincent-de-paul-et-sainte-louise-de-marillac-leurs-relations-dapres-leur-correspondance-avant-propos\/#primaryimage\"},\"thumbnailUrl\":\"\",\"datePublished\":\"2015-05-15T10:20:03+00:00\",\"author\":{\"@id\":\"http:\/\/vincentians.com\/fr\/#\/schema\/person\/9623ef4d9aa3b2dfb8c061f1499288f2\"},\"breadcrumb\":{\"@id\":\"http:\/\/vincentians.com\/fr\/saint-vincent-de-paul-et-sainte-louise-de-marillac-leurs-relations-dapres-leur-correspondance-avant-propos\/#breadcrumb\"},\"inLanguage\":\"fr-FR\",\"potentialAction\":[{\"@type\":\"ReadAction\",\"target\":[\"http:\/\/vincentians.com\/fr\/saint-vincent-de-paul-et-sainte-louise-de-marillac-leurs-relations-dapres-leur-correspondance-avant-propos\/\"]}]},{\"@type\":\"ImageObject\",\"inLanguage\":\"fr-FR\",\"@id\":\"http:\/\/vincentians.com\/fr\/saint-vincent-de-paul-et-sainte-louise-de-marillac-leurs-relations-dapres-leur-correspondance-avant-propos\/#primaryimage\",\"url\":\"\",\"contentUrl\":\"\"},{\"@type\":\"BreadcrumbList\",\"@id\":\"http:\/\/vincentians.com\/fr\/saint-vincent-de-paul-et-sainte-louise-de-marillac-leurs-relations-dapres-leur-correspondance-avant-propos\/#breadcrumb\",\"itemListElement\":[{\"@type\":\"ListItem\",\"position\":1,\"name\":\"Portada\",\"item\":\"http:\/\/vincentians.com\/fr\/\"},{\"@type\":\"ListItem\",\"position\":2,\"name\":\"Saint Vincent de Paul et sainte Louise de Marillac, leurs relations d&rsquo;apr\u00e8s leur correspondance. Avant-Propos\"}]},{\"@type\":\"WebSite\",\"@id\":\"http:\/\/vincentians.com\/fr\/#website\",\"url\":\"http:\/\/vincentians.com\/fr\/\",\"name\":\"Nous Sommes Vincentiens\",\"description\":\"Know more to serve more\",\"potentialAction\":[{\"@type\":\"SearchAction\",\"target\":{\"@type\":\"EntryPoint\",\"urlTemplate\":\"http:\/\/vincentians.com\/fr\/?s={search_term_string}\"},\"query-input\":{\"@type\":\"PropertyValueSpecification\",\"valueRequired\":true,\"valueName\":\"search_term_string\"}}],\"inLanguage\":\"fr-FR\"},{\"@type\":\"Person\",\"@id\":\"http:\/\/vincentians.com\/fr\/#\/schema\/person\/9623ef4d9aa3b2dfb8c061f1499288f2\",\"name\":\"Francisco Javier Fern\u00e1ndez Chento\",\"image\":{\"@type\":\"ImageObject\",\"inLanguage\":\"fr-FR\",\"@id\":\"http:\/\/vincentians.com\/fr\/#\/schema\/person\/image\/\",\"url\":\"https:\/\/secure.gravatar.com\/avatar\/497d5cde87b4c3d097d0315953521681ba2cd523ee66e5077c3711f7021e65de?s=96&d=mm&r=g\",\"contentUrl\":\"https:\/\/secure.gravatar.com\/avatar\/497d5cde87b4c3d097d0315953521681ba2cd523ee66e5077c3711f7021e65de?s=96&d=mm&r=g\",\"caption\":\"Francisco Javier Fern\u00e1ndez Chento\"},\"description\":\"Director General y cofundador de La Red de Formaci\u00f3n Vicenciana. Javier es laico vicenciano, afiliado a la Congregaci\u00f3n de la Misi\u00f3n y miembro del Equipo de Misiones Populares de la provincia can\u00f3nica de Zaragoza (Espa\u00f1a) de la Congregaci\u00f3n de la Misi\u00f3n. Graduado en la Universidad Oberta de Catalunya con cuatro grados (Asistente de direcci\u00f3n, Gesti\u00f3n Administrativa, Recursos Humanos y Contabilidad Avanzada). Bil\u00edng\u00fce Espa\u00f1ol\/Ingl\u00e9s. gestiona y mantiene varias p\u00e1ginas web cristianas y vicencianas, incluida including La Red de Formaci\u00f3n Vicenciana, de la que es cofundador. Actualmente es responsable del \u00e1rea de Espa\u00f1ol de .famvin, la Red de Noticias de la Familia Vicenciana. Tambi\u00e9n es m\u00fasico cat\u00f3lico y ha editado varios discos. Es Director General y cofundador de Trovador, una reconocida compa\u00f1\u00eda discogr\u00e1fica critiana de Espa\u00f1a. Trabaja en las Tecnolog\u00edas de la Informaci\u00f3n, ofreciendo servicios de alojamiento, dise\u00f1o y mantenimiento Web, as\u00ed como asesoramiento, formaci\u00f3n y soluciones inform\u00e1ticas, gesti\u00f3n documental y digitalizaci\u00f3n de textos, edici\u00f3n y maquetaci\u00f3n de libros, revistas, flyers, etc.\",\"sameAs\":[\"http:\/\/chento.org\",\"https:\/\/www.facebook.com\/JavierChento\",\"https:\/\/x.com\/https:\/\/twitter.com\/javierchento\"],\"url\":\"http:\/\/vincentians.com\/fr\/author\/chento\/\"}]}<\/script>\n<!-- \/ Yoast SEO plugin. -->","yoast_head_json":{"title":"Saint Vincent de Paul et sainte Louise de Marillac, leurs relations d'apr\u00e8s leur correspondance. Avant-Propos - Nous Sommes Vincentiens","robots":{"index":"index","follow":"follow","max-snippet":"max-snippet:-1","max-image-preview":"max-image-preview:large","max-video-preview":"max-video-preview:-1"},"canonical":"http:\/\/vincentians.com\/fr\/saint-vincent-de-paul-et-sainte-louise-de-marillac-leurs-relations-dapres-leur-correspondance-avant-propos\/","og_locale":"fr_FR","og_type":"article","og_title":"Saint Vincent de Paul et sainte Louise de Marillac, leurs relations d'apr\u00e8s leur correspondance. Avant-Propos - Nous Sommes Vincentiens","og_description":"Louise de Marillac naquit en 1591, dix ans apr\u00e8s Vincent de Paul. En f\u00e9vrier 1613, elle \u00e9pousa Antoine Le Gras, secr\u00e9taire de la reine Marie de M\u00e9dicis. La m\u00eame ann\u00e9e, elle donna le jour \u00e0 ... Read More","og_url":"http:\/\/vincentians.com\/fr\/saint-vincent-de-paul-et-sainte-louise-de-marillac-leurs-relations-dapres-leur-correspondance-avant-propos\/","og_site_name":"Nous Sommes Vincentiens","article_publisher":"https:\/\/www.facebook.com\/WeAreVincentians\/","article_author":"https:\/\/www.facebook.com\/JavierChento","article_published_time":"2015-05-15T10:20:03+00:00","author":"Francisco Javier Fern\u00e1ndez Chento","twitter_card":"summary_large_image","twitter_creator":"@https:\/\/twitter.com\/javierchento","twitter_site":"@WeVincentians","twitter_misc":{"\u00c9crit par":"Francisco Javier Fern\u00e1ndez Chento","Dur\u00e9e de lecture estim\u00e9e":"3 minutes"},"schema":{"@context":"https:\/\/schema.org","@graph":[{"@type":"WebPage","@id":"http:\/\/vincentians.com\/fr\/saint-vincent-de-paul-et-sainte-louise-de-marillac-leurs-relations-dapres-leur-correspondance-avant-propos\/","url":"http:\/\/vincentians.com\/fr\/saint-vincent-de-paul-et-sainte-louise-de-marillac-leurs-relations-dapres-leur-correspondance-avant-propos\/","name":"Saint Vincent de Paul et sainte Louise de Marillac, leurs relations d'apr\u00e8s leur correspondance. Avant-Propos - Nous Sommes Vincentiens","isPartOf":{"@id":"http:\/\/vincentians.com\/fr\/#website"},"primaryImageOfPage":{"@id":"http:\/\/vincentians.com\/fr\/saint-vincent-de-paul-et-sainte-louise-de-marillac-leurs-relations-dapres-leur-correspondance-avant-propos\/#primaryimage"},"image":{"@id":"http:\/\/vincentians.com\/fr\/saint-vincent-de-paul-et-sainte-louise-de-marillac-leurs-relations-dapres-leur-correspondance-avant-propos\/#primaryimage"},"thumbnailUrl":"","datePublished":"2015-05-15T10:20:03+00:00","author":{"@id":"http:\/\/vincentians.com\/fr\/#\/schema\/person\/9623ef4d9aa3b2dfb8c061f1499288f2"},"breadcrumb":{"@id":"http:\/\/vincentians.com\/fr\/saint-vincent-de-paul-et-sainte-louise-de-marillac-leurs-relations-dapres-leur-correspondance-avant-propos\/#breadcrumb"},"inLanguage":"fr-FR","potentialAction":[{"@type":"ReadAction","target":["http:\/\/vincentians.com\/fr\/saint-vincent-de-paul-et-sainte-louise-de-marillac-leurs-relations-dapres-leur-correspondance-avant-propos\/"]}]},{"@type":"ImageObject","inLanguage":"fr-FR","@id":"http:\/\/vincentians.com\/fr\/saint-vincent-de-paul-et-sainte-louise-de-marillac-leurs-relations-dapres-leur-correspondance-avant-propos\/#primaryimage","url":"","contentUrl":""},{"@type":"BreadcrumbList","@id":"http:\/\/vincentians.com\/fr\/saint-vincent-de-paul-et-sainte-louise-de-marillac-leurs-relations-dapres-leur-correspondance-avant-propos\/#breadcrumb","itemListElement":[{"@type":"ListItem","position":1,"name":"Portada","item":"http:\/\/vincentians.com\/fr\/"},{"@type":"ListItem","position":2,"name":"Saint Vincent de Paul et sainte Louise de Marillac, leurs relations d&rsquo;apr\u00e8s leur correspondance. Avant-Propos"}]},{"@type":"WebSite","@id":"http:\/\/vincentians.com\/fr\/#website","url":"http:\/\/vincentians.com\/fr\/","name":"Nous Sommes Vincentiens","description":"Know more to serve more","potentialAction":[{"@type":"SearchAction","target":{"@type":"EntryPoint","urlTemplate":"http:\/\/vincentians.com\/fr\/?s={search_term_string}"},"query-input":{"@type":"PropertyValueSpecification","valueRequired":true,"valueName":"search_term_string"}}],"inLanguage":"fr-FR"},{"@type":"Person","@id":"http:\/\/vincentians.com\/fr\/#\/schema\/person\/9623ef4d9aa3b2dfb8c061f1499288f2","name":"Francisco Javier Fern\u00e1ndez Chento","image":{"@type":"ImageObject","inLanguage":"fr-FR","@id":"http:\/\/vincentians.com\/fr\/#\/schema\/person\/image\/","url":"https:\/\/secure.gravatar.com\/avatar\/497d5cde87b4c3d097d0315953521681ba2cd523ee66e5077c3711f7021e65de?s=96&d=mm&r=g","contentUrl":"https:\/\/secure.gravatar.com\/avatar\/497d5cde87b4c3d097d0315953521681ba2cd523ee66e5077c3711f7021e65de?s=96&d=mm&r=g","caption":"Francisco Javier Fern\u00e1ndez Chento"},"description":"Director General y cofundador de La Red de Formaci\u00f3n Vicenciana. Javier es laico vicenciano, afiliado a la Congregaci\u00f3n de la Misi\u00f3n y miembro del Equipo de Misiones Populares de la provincia can\u00f3nica de Zaragoza (Espa\u00f1a) de la Congregaci\u00f3n de la Misi\u00f3n. Graduado en la Universidad Oberta de Catalunya con cuatro grados (Asistente de direcci\u00f3n, Gesti\u00f3n Administrativa, Recursos Humanos y Contabilidad Avanzada). Bil\u00edng\u00fce Espa\u00f1ol\/Ingl\u00e9s. gestiona y mantiene varias p\u00e1ginas web cristianas y vicencianas, incluida including La Red de Formaci\u00f3n Vicenciana, de la que es cofundador. Actualmente es responsable del \u00e1rea de Espa\u00f1ol de .famvin, la Red de Noticias de la Familia Vicenciana. Tambi\u00e9n es m\u00fasico cat\u00f3lico y ha editado varios discos. Es Director General y cofundador de Trovador, una reconocida compa\u00f1\u00eda discogr\u00e1fica critiana de Espa\u00f1a. Trabaja en las Tecnolog\u00edas de la Informaci\u00f3n, ofreciendo servicios de alojamiento, dise\u00f1o y mantenimiento Web, as\u00ed como asesoramiento, formaci\u00f3n y soluciones inform\u00e1ticas, gesti\u00f3n documental y digitalizaci\u00f3n de textos, edici\u00f3n y maquetaci\u00f3n de libros, revistas, flyers, etc.","sameAs":["http:\/\/chento.org","https:\/\/www.facebook.com\/JavierChento","https:\/\/x.com\/https:\/\/twitter.com\/javierchento"],"url":"http:\/\/vincentians.com\/fr\/author\/chento\/"}]}},"jetpack_publicize_connections":[],"jetpack_featured_media_url":"","jetpack_sharing_enabled":true,"jetpack_shortlink":"https:\/\/wp.me\/p7ETMP-rjD","jetpack-related-posts":[{"id":38183,"url":"http:\/\/vincentians.com\/fr\/sainte-louise-et-saint-vincent\/","url_meta":{"origin":105005,"position":0},"title":"Sainte Louise et Saint Vincent","author":"Francisco Javier Fern\u00e1ndez Chento","date":"01\/10\/2012","format":false,"excerpt":"Comme chaque ann\u00e9e d\u00e9sormais, la f\u00eate, de Saint Vincent de Paul est c\u00e9l\u00e9br\u00e9e sur trois journ\u00e9es cons\u00e9cutives au berceau. L'Eucharistie de cette ann\u00e9e a \u00e9t\u00e9 c\u00e9l\u00e9br\u00e9e par Mgr Sarrab\u00e8re, anim\u00e9e par le P. Christian Laboure. De nombreux amis entouraient \"les r\u00e9sidants\" dont une d\u00e9l\u00e9gation volontaire de 120 jeunes gens du\u2026","rel":"","context":"Dans &quot;Formation Vincentienne&quot;","block_context":{"text":"Formation Vincentienne","link":"http:\/\/vincentians.com\/fr\/category\/formation-vincentienne\/"},"img":{"alt_text":"","src":"https:\/\/i0.wp.com\/vincentiens.org\/wp-content\/uploads\/2011\/05\/StainedGlassStVincentLouise-140x300.jpg?resize=350%2C200","width":350,"height":200},"classes":[]},{"id":107824,"url":"http:\/\/vincentians.com\/fr\/vincent-de-paul-lettre-0012-a-louise-de-marillac\/","url_meta":{"origin":105005,"position":1},"title":"Vincent de Paul, Lettre 0012. A Louise De Marillac","author":"Francisco Javier Fern\u00e1ndez Chento","date":"19\/09\/2016","format":false,"excerpt":"Du 30 octobre 1626. Mademoiselle, La gr\u00e2ce de Notre-Seigneur soit avec vous pour jamais ! J'ai re\u00e7u la v\u00f4tre en ce lieu de Loisy-en-Brie qui est \u00e0 vingt-huit lieues de Paris, o\u00f9 nous sommes en mission Je ne vous ai point donn\u00e9 avis de mon d\u00e9part, pource qu'il a \u00e9t\u00e9\u2026","rel":"","context":"Dans &quot;\u00c9crits de Vincent de Paul&quot;","block_context":{"text":"\u00c9crits de Vincent de Paul","link":"http:\/\/vincentians.com\/fr\/category\/ecrits-de-vincent-de-paul\/"},"img":{"alt_text":"","src":"https:\/\/i0.wp.com\/vincentians.com\/fr\/wp-content\/uploads\/sites\/10\/2016\/07\/cartas-vicente-de-paul.jpg?fit=1200%2C630&resize=350%2C200","width":350,"height":200,"srcset":"https:\/\/i0.wp.com\/vincentians.com\/fr\/wp-content\/uploads\/sites\/10\/2016\/07\/cartas-vicente-de-paul.jpg?fit=1200%2C630&resize=350%2C200 1x, https:\/\/i0.wp.com\/vincentians.com\/fr\/wp-content\/uploads\/sites\/10\/2016\/07\/cartas-vicente-de-paul.jpg?fit=1200%2C630&resize=525%2C300 1.5x, https:\/\/i0.wp.com\/vincentians.com\/fr\/wp-content\/uploads\/sites\/10\/2016\/07\/cartas-vicente-de-paul.jpg?fit=1200%2C630&resize=700%2C400 2x, https:\/\/i0.wp.com\/vincentians.com\/fr\/wp-content\/uploads\/sites\/10\/2016\/07\/cartas-vicente-de-paul.jpg?fit=1200%2C630&resize=1050%2C600 3x"},"classes":[]},{"id":38477,"url":"http:\/\/vincentians.com\/fr\/le-directeur-provincial-animateur-des-filles-de-la-charite\/","url_meta":{"origin":105005,"position":2},"title":"Le Directeur Provincial \u201canimateur\u201d des Filles de la Charit\u00e9","author":"Francisco Javier Fern\u00e1ndez Chento","date":"03\/10\/2012","format":false,"excerpt":"Dans les Constitutions des Filles de la Charit\u00e9, nous trouvons \u00e0 l\u2019article 3.38: le Directeur Provincial est un pr\u00eatre de la Congr\u00e9gation de la Mission, nomm\u00e9 par le Sup\u00e9rieur G\u00e9n\u00e9ral; \u201cil partage avec la Visitatrice et son Conseil la responsabilit\u00e9 de promouvoir l\u2019esprit vincentien dans la Province\u201d Missionnaire, le directeur\u2026","rel":"","context":"Dans &quot;Congr\u00e9gation de la Mission&quot;","block_context":{"text":"Congr\u00e9gation de la Mission","link":"http:\/\/vincentians.com\/fr\/category\/congregation-de-la-mission\/"},"img":{"alt_text":"","src":"https:\/\/i0.wp.com\/vincentiens.org\/wp-content\/uploads\/2011\/05\/filles_charite-228x300.jpg?resize=350%2C200","width":350,"height":200},"classes":[]},{"id":105018,"url":"http:\/\/vincentians.com\/fr\/saint-vincent-de-paul-et-sainte-louise-de-marillac-leurs-relations-dapres-leur-correspondance-conclusion\/","url_meta":{"origin":105005,"position":3},"title":"Saint Vincent de Paul et sainte Louise de Marillac, leurs relations d&rsquo;apr\u00e8s leur correspondance. Conclusion","author":"Francisco Javier Fern\u00e1ndez Chento","date":"19\/05\/2015","format":false,"excerpt":"Conclusion Apr\u00e8s la mort de Louise de Marillac, les Filles de la Charit\u00e9 dress\u00e8rent le tableau de ses vertus, en deux r\u00e9unions que pr\u00e9sidait Vincent de Paul. Elles \u00e9taient invit\u00e9es \u00e0 dire, en toute simplicit\u00e9, comment leur \u00e9tait apparue leur premi\u00e8re Sup\u00e9rieure pendant pr\u00e8s de trente ans. Au jugement de\u2026","rel":"","context":"Dans &quot;Au temps de Vincent de Paul&quot;","block_context":{"text":"Au temps de Vincent de Paul","link":"http:\/\/vincentians.com\/fr\/category\/au-temps-de-vincent-de-paul\/"},"img":{"alt_text":"","src":"https:\/\/i0.wp.com\/vincentiens.org\/wp-content\/uploads\/2012\/12\/vincent_louise-300x231.jpg?resize=350%2C200","width":350,"height":200},"classes":[]},{"id":104990,"url":"http:\/\/vincentians.com\/fr\/itineraire-spirituel-de-louise-de-marillac-avant-propos\/","url_meta":{"origin":105005,"position":4},"title":"Itin\u00e9raire spirituel de Louise de Marillac. Avant-propos","author":"Francisco Javier Fern\u00e1ndez Chento","date":"07\/12\/2012","format":false,"excerpt":"Louise de Marillac fut, pendant pr\u00e8s de 30 ans, la responsable et la formatrice des premi\u00e8res Filles de la Charit\u00e9. Quelques mois apr\u00e8s sa mort survenue le 15 mars 1660, Marguerite Ch\u00e9tif est nomm\u00e9e par Monsieur Vincent de Paul pour lui succ\u00e9der comme Sup\u00e9rieure de la Compagnie des Filles de\u2026","rel":"","context":"Dans &quot;Louise de Marillac&quot;","block_context":{"text":"Louise de Marillac","link":"http:\/\/vincentians.com\/fr\/category\/the-vincentian-family\/founders\/louise-de-marillac\/"},"img":{"alt_text":"","src":"","width":0,"height":0},"classes":[]},{"id":107847,"url":"http:\/\/vincentians.com\/fr\/vincent-de-paul-lettre-0016-a-louise-de-marillac\/","url_meta":{"origin":105005,"position":5},"title":"Vincent de Paul, Lettre 0016. A Louise De Marillac","author":"Francisco Javier Fern\u00e1ndez Chento","date":"17\/10\/2016","format":false,"excerpt":"Verneuil, 8 octobre 1627. Mademoiselle, Puisque votre bonne demoiselle veut donc que sa charit\u00e9 corporelle pr\u00e9sente n'emp\u00eache pas la spirituelle \u00e0 l'avenir et qu'on distribue pr\u00e9sentement ce qu'elle vous a baill\u00e9, je vous prie de nous envoyer par M. du Coudray, pr\u00e9sent porteur, la somme de cinquante livres, et me\u2026","rel":"","context":"Dans &quot;\u00c9crits de Vincent de Paul&quot;","block_context":{"text":"\u00c9crits de Vincent de Paul","link":"http:\/\/vincentians.com\/fr\/category\/ecrits-de-vincent-de-paul\/"},"img":{"alt_text":"","src":"https:\/\/i0.wp.com\/vincentians.com\/fr\/wp-content\/uploads\/sites\/10\/2016\/07\/cartas-vicente-de-paul.jpg?fit=1200%2C630&resize=350%2C200","width":350,"height":200,"srcset":"https:\/\/i0.wp.com\/vincentians.com\/fr\/wp-content\/uploads\/sites\/10\/2016\/07\/cartas-vicente-de-paul.jpg?fit=1200%2C630&resize=350%2C200 1x, https:\/\/i0.wp.com\/vincentians.com\/fr\/wp-content\/uploads\/sites\/10\/2016\/07\/cartas-vicente-de-paul.jpg?fit=1200%2C630&resize=525%2C300 1.5x, https:\/\/i0.wp.com\/vincentians.com\/fr\/wp-content\/uploads\/sites\/10\/2016\/07\/cartas-vicente-de-paul.jpg?fit=1200%2C630&resize=700%2C400 2x, https:\/\/i0.wp.com\/vincentians.com\/fr\/wp-content\/uploads\/sites\/10\/2016\/07\/cartas-vicente-de-paul.jpg?fit=1200%2C630&resize=1050%2C600 3x"},"classes":[]}],"_links":{"self":[{"href":"http:\/\/vincentians.com\/fr\/wp-json\/wp\/v2\/posts\/105005","targetHints":{"allow":["GET"]}}],"collection":[{"href":"http:\/\/vincentians.com\/fr\/wp-json\/wp\/v2\/posts"}],"about":[{"href":"http:\/\/vincentians.com\/fr\/wp-json\/wp\/v2\/types\/post"}],"author":[{"embeddable":true,"href":"http:\/\/vincentians.com\/fr\/wp-json\/wp\/v2\/users\/4"}],"replies":[{"embeddable":true,"href":"http:\/\/vincentians.com\/fr\/wp-json\/wp\/v2\/comments?post=105005"}],"version-history":[{"count":0,"href":"http:\/\/vincentians.com\/fr\/wp-json\/wp\/v2\/posts\/105005\/revisions"}],"wp:featuredmedia":[{"embeddable":true,"href":"http:\/\/vincentians.com\/fr\/wp-json\/"}],"wp:attachment":[{"href":"http:\/\/vincentians.com\/fr\/wp-json\/wp\/v2\/media?parent=105005"}],"wp:term":[{"taxonomy":"category","embeddable":true,"href":"http:\/\/vincentians.com\/fr\/wp-json\/wp\/v2\/categories?post=105005"},{"taxonomy":"post_tag","embeddable":true,"href":"http:\/\/vincentians.com\/fr\/wp-json\/wp\/v2\/tags?post=105005"}],"curies":[{"name":"wp","href":"https:\/\/api.w.org\/{rel}","templated":true}]}}