{"id":104975,"date":"2012-12-20T12:19:43","date_gmt":"2012-12-20T11:19:43","guid":{"rendered":"http:\/\/vincentiens.org\/?p=104975"},"modified":"2012-12-20T12:19:43","modified_gmt":"2012-12-20T11:19:43","slug":"la-vie-du-venerable-serviteur-de-dieu-vincent-de-paul-livre-premier-chapitre-xvii","status":"publish","type":"post","link":"http:\/\/vincentians.com\/fr\/la-vie-du-venerable-serviteur-de-dieu-vincent-de-paul-livre-premier-chapitre-xvii\/","title":{"rendered":"La vie du v\u00e9n\u00e9rable serviteur de Dieu Vincent de Paul, Livre premier, Chapitre XVII"},"content":{"rendered":"<p><strong>Il est pourvu de la principaut\u00e9 du coll\u00e8ge des Bons-Enfants, en suite de quoi se fit la premi\u00e8re fondation de la congregation de la Mission.<\/strong><\/p>\n<p>Madame la G\u00e9n\u00e9rale des gal\u00e8res, comme il a \u00e9t\u00e9 d\u00e9ja dit, ayant reconnu la n\u00e9cessit\u00e9 et les fruits des missions, avait con\u00e7u depuis plusieurs ann\u00e9es le pieux dessein de faire une fondation, pour l&rsquo;entretien et subsistance de quelques bons pr\u00eatres ou religieux qui allassent de temps en temps exercer cet office de charit\u00e9 dans ses terres; et le d\u00e9sir de voir ce dessein accompli allait tous les jours s&rsquo;augmentant en son c\u0153ur; de sorte que renouvelant chaque ann\u00e9e son testament, par lequel elle destinait seize mille livres pour cette bonne \u0153uvre, elle en recommanda aussi l&rsquo;ex\u00e9cution \u00e0 M. Vincent, lequel de sa part cherchait de tous c\u00f4t\u00e9s les moyens et l&rsquo;occasion propre pour mettre en ex\u00e9cution le dessein de cette vertueuse dame: il en parla plusieurs fois aux sup\u00e9rieurs de diverses communaut\u00e9s, et employa toute son industrie pour leur persuader d&rsquo;accepter cette fondation; ce qu&rsquo;il ne put pourtant obtenir, n&rsquo;ayant trouv\u00e9 aucun sup\u00e9rieur qui y voulut engager sa communaut\u00e9; chacun avait ses raisons particuli\u00e8res, pour lesquelles il jugeait ne le devoir pas faire: mais la principale \u00e9tait que Dieu r\u00e9servait cet ouvrage \u00e0 M. Vincent. Et comme sa Providence dispose suavement toutes choses pour parvenir \u00e0 ses fins, il employa le concours des causes secondes les plus propres pour le faire r\u00e9ussir et pour y engager son fid\u00e8le serviteur. Voici de quelle fa\u00e7on.<\/p>\n<p>Madame la G\u00e9n\u00e9rale savait le refus que faisaient les communaut\u00e9s religieuses, et d&rsquo;ailleurs voyait plusieurs docteurs et autres vertueux eccl\u00e9siastiques qui se joignaient ordinairement \u00e0 M. Vincent pour travailler aux missions, elle jugea que, s&rsquo;il y avait une maison dans Paris qui f\u00fbt destin\u00e9e pour ceux qui voudraient continuer ces missions, quelques-uns d&rsquo;entre eux pourraient s&rsquo;y retirer et y vivre ensemble en quelque forme de communaut\u00e9, en laquelle d&rsquo;autres pr\u00eatres \u00e9tant depuis re\u00e7us, cette bonne \u0153uvre pourrait ainsi se perp\u00e9tuer, et sa fondation avoir un effet tel qu&rsquo;elle le d\u00e9sirait. Elle en parla \u00e0 M. son mari, qui non seulement approuva sa pens\u00e9e, mais aussi voulut se rendre fondateur conjointement avec elle. Tous deux communiqu\u00e8rent leur dessein \u00e0 M. Jean-Fran\u00e7ois de Gondy, leur fr\u00e8re, successeur de M. le cardinal de Retz au gouvernement de l&rsquo;Eglise de Paris, dont il fut le premier archev\u00eaque, lequel approuva grandement leur z\u00e8le; et consid\u00e9rant que son dioc\u00e8se en pourrait recevoir beaucoup d&rsquo;avantages, il voulut aussi y contribuer, en destinant le coll\u00e8ge des Bons-Enfants, qui \u00e9tait \u00e0 sa disposition, pour le logement de ces pr\u00eatres. Apr\u00e8s avoir conf\u00e9r\u00e9 ensemble de ce qu&rsquo;il leur semblait \u00eatre le plus exp\u00e9dient pour faire r\u00e9ussir un si grand bien, ils se r\u00e9solurent d&rsquo;en parler tous trois \u00e0 Monsieur Vincent, pour couper chemin \u00e0 toutes les excuses que son humilit\u00e9 pourrait all\u00e9guer, et l&rsquo;obliger plus efficacement de se conformer \u00e0 leurs sentiments; ce qui r\u00e9ussit selon leur intention, le singulier respect que M. Vincent portait \u00e0 ces trois personnes lui ayant fait donner les mains \u00e0 tout ce qu&rsquo;ils d\u00e9siraient de lui. Il consentit \u00e0 la proposition qu&rsquo;ils lui firent, premi\u00e8rement de recevoir la principaut\u00e9 de ce coll\u00e8ge avec la direction des pr\u00eatres qui s&rsquo;y retireraient avec lui et des missions auxquelles ils s&rsquo;appliqueraient; secondement, d&rsquo;accepter la fondation au nom desdits pr\u00eatres; et en troisi\u00e8me lieu, de choisir lui-m\u00eame ceux qu&rsquo;il trouverait propres et dispos\u00e9s pour ce pieux dessein.<\/p>\n<p>La chose \u00e9tant ainsi r\u00e9solue, elle fut ensuite ex\u00e9cut\u00e9e, et peu de jours apr\u00e8s, c&rsquo;est-\u00e0-dire le premier jour de mars 1624, l&rsquo;archev\u00eaque lui fit exp\u00e9dier les provisions de la principaut\u00e9 du coll\u00e8ge des Bons-Enfants.<\/p>\n<p>Et le 17 avril de l&rsquo;ann\u00e9e suivante, M. le G\u00e9n\u00e9ral des gal\u00e8res et Madame sa femme pass\u00e8rent le contrat de fondation, qui fut par leur ordre et suivant leur intention, con\u00e7u en des termes dignes de leur pi\u00e9t\u00e9.<\/p>\n<p>Ils d\u00e9clar\u00e8rent, en premier lieu, \u00abque Dieu leur ayant donn\u00e9 depuis quelques ann\u00e9es le d\u00e9sir de le faire honorer tant en leurs terres qu&rsquo;autres lieux, ils avaient consid\u00e9r\u00e9 qu&rsquo;ayant plu \u00e0 sa divine Majest\u00e9 pourvoir par sa mis\u00e9ricorde infinie aux n\u00e9cessites spirituelles des habitants des villes, par quantit\u00e9 de bons docteurs et de vertueux religieux qui les pr\u00eachent et cat\u00e9chisent, et qui les conservent en l&rsquo;esprit de d\u00e9votion, il ne reste que le pauvre peuple de la campagne, qui seul demeure comme abandonn\u00e9; \u00e0 quoi il leur avait sembl\u00e9 qu&rsquo;on pourrait rem\u00e9dier par la pieuse association de quelques eccl\u00e9siastiques, de doctrine, pi\u00e9t\u00e9 et capacit\u00e9 connues, qui voulussent renoncer tant aux conditions desdites villes, qu&rsquo;\u00e0 tous b\u00e9n\u00e9fices, charges et dignit\u00e9s de l&rsquo;\u00c9glise, pour, sous le bon plaisir des pr\u00e9lats, s&rsquo;appliquer enti\u00e8rement et purement au salut dudit pauvre peuple, allant de village en village aux d\u00e9pens de leur bourse commune, pr\u00eacher, instruire, exhorter et cat\u00e9chiser ces pauvres gens, et les porter \u00e0 faire une confession g\u00e9n\u00e9rale de toute leur vie pass\u00e9e, sans en prendre aucune r\u00e9tribution, en quelque sorte et mani\u00e8re que ce soit, afin de distribuer gratuitement les dons qu&rsquo;ils auront gratuitement re\u00e7us de la main de Dieu. Et pour y parvenir, lesdits Seigneur et Dame, en reconnaissance des biens et gr\u00e2ces qu&rsquo;ils ont re\u00e7us et re\u00e7oivent journellement de sa dite Majest\u00e9 divine; pour contribuer \u00e0 l&rsquo;ardent d\u00e9sir qu&rsquo;elle a du salut des pauvres \u00e2mes; pour honorer le myst\u00e8re de l&rsquo;Incarnation, de la Vie et de la Mort de J\u00e9sus-Christ Notre-Seigneur, pour l&rsquo;amour de sa tr\u00e8s sainte M\u00e8re, et encore pour essayer d&rsquo;obtenir la gr\u00e2ce de si bien vivre le reste de leurs jours qu&rsquo;ils puissent avec leur famille parvenir \u00e0 la gloire \u00e9ternelle; et qu&rsquo;\u00e0 cet effet lesdits Seigneur et Dame ont donn\u00e9 et aum\u00f4n\u00e9 la somme de quarante mille livres, qu&rsquo;ils ont d\u00e9livr\u00e9es comptant \u00e8s mains de M. Vincent de Paul, pr\u00eatre du dioc\u00e8se d&rsquo;Acqs, aux clauses et charges suivantes. C&rsquo;est \u00e0 savoir, que lesdits Seigneur et Dame ont remis et remettent au pouvoir dudit sieur de Paul, d&rsquo;\u00e9lire et choisir dans un an tel nombre de personnes eccl\u00e9siastiques que le revenu de la pr\u00e9sente fondation pourra porter, dont la doctrine, pi\u00e9t\u00e9, bonnes m\u0153urs et int\u00e9grit\u00e9 de vie lui soient connues, pour travailler audit \u0153uvre sous sa direction, sa vie durant; ce que lesdits Seigneur et Dame entendent et veulent express\u00e9ment, tant pour la confiance qu&rsquo;ils ont en sa conduite que pour l&rsquo;exp\u00e9rience qu&rsquo;il s&rsquo;est acquise au fait desdites missions, \u00e8squelles Dieu lui a donn\u00e9 grande b\u00e9n\u00e9diction. Nonobstant laquelle direction toutefois, lesdits Seigneur et Dame entendent qu&rsquo;icelui sieur de Paul fasse sa r\u00e9sidence continuelle et actuelle en leur maison, pour continuer \u00e0 eux et \u00e0 leur famille l&rsquo;assistance spirituelle qu&rsquo;il leur a rendue depuis longues ann\u00e9es.<\/p>\n<p>\u00abQue lesdits eccl\u00e9siastiques et autres qui d\u00e9sireront \u00e0 pr\u00e9sent et \u00e0 l&rsquo;avenir s&rsquo;adonner \u00e0 ce saint \u0153uvre s&rsquo;appliqueront enti\u00e8rement au soin dudit pauvre peuple de la campagne, et, \u00e0 cet effet, s&rsquo;obligeront de ne pr\u00eacher ni administrer aucun sacrement \u00e8s villes \u00e8squelles il y aura archev\u00each\u00e9, \u00e9v\u00each\u00e9 ou pr\u00e9sidial, sinon en cas de notable n\u00e9cessit\u00e9. Que lesdits eccl\u00e9siastiques vivront en commun sous l&rsquo;ob\u00e9issance dudit sieur de Paul, et de leurs sup\u00e9rieurs \u00e0 l&rsquo;avenir apr\u00e8s son d\u00e9c\u00e8s, sous le nom de Compagnie ou Congr\u00e9gation des Pr\u00eatres de la Mission. Que ceux qui seront ci-apr\u00e8s admis audit \u0153uvre seront oblig\u00e9s d&rsquo;avoir intention d&rsquo;y servir Dieu en la mani\u00e8re susdite, et d&rsquo;observer le r\u00e8glement qui sera sur ce entr&rsquo;eux dress\u00e9. Qu&rsquo;ils seront tenus d&rsquo;aller de cinq ans en cinq ans par toutes les terres desdits Seigneur et Dame pour y pr\u00eacher, confesser, cat\u00e9chiser et faire toutes les bonnes \u0153uvres susdites; et d&rsquo;assister spirituellement les pauvres for\u00e7ats, afin qu&rsquo;ils profitent de leurs peines corporelles, et qu&rsquo;en ceci ledit Seigneur G\u00e9n\u00e9ral satisfasse \u00e0 ce en quoi il se sent aucunement oblig\u00e9: charit\u00e9 qu&rsquo;il entend \u00eatre continu\u00e9e \u00e0 perp\u00e9tuit\u00e9, \u00e0 l&rsquo;avenir, auxdits for\u00e7ats par lesdits eccl\u00e9siastiques, pour bonnes et justes consid\u00e9rations. Et enfin, que lesdits Seigneur et Dame demeureront conjointement fondateurs dudit \u0153uvre, et comme tels eux et leurs hoirs et successeurs descendants de leur famille jouiront \u00e0 perp\u00e9tuit\u00e9 des droits et pr\u00e9rogatives conc\u00e9d\u00e9s et accord\u00e9s aux patrons par les saints canons, except\u00e9 au droit de nommer aux charges, auquel ils ont renonc\u00e9.\u00bb<\/p>\n<p>Il y a quelques autres clauses dans le contrat, qui ne regardent que le bon ordre qui doit \u00eatre observ\u00e9 par les pr\u00eatres, tant pour les intervalles des missions que pour leur propre perfection, qui eussent \u00e9t\u00e9 trop longues \u00e0 rapporter; ce qui en a \u00e9t\u00e9 extrait ci-dessus suffira pour faire conna\u00eetre non seulement quelle a \u00e9t\u00e9 la premi\u00e8re fondation des Pr\u00eatres de la Congr\u00e9gation de la Mission, mais aussi combien pure et agr\u00e9able \u00e0 Dieu a \u00e9t\u00e9 l&rsquo;intention de leurs premiers fondateurs, lesquels y ont uniquement recherch\u00e9 sa plus grande gloire et le salut des \u00e2mes qui semblaient les plus d\u00e9laiss\u00e9es, telles que sont celles des pauvres gens de la campagne. Et ce qui est particuli\u00e8rement digne de remarque et fait voir leur grand d\u00e9sint\u00e9ressement en cette affaire, est qu&rsquo;ils n&rsquo;ont point voulu imposer aucune obligation ni de messes ni de pri\u00e8res pour eux, ni d&rsquo;autres charges ou bonnes \u0153uvres qui leur fussent applicables en particulier, soit pendant leur vie ou apr\u00e8s leur mort; afin que les pr\u00eatres de cette Congr\u00e9gation, \u00e9tant d\u00e9gag\u00e9s de ces sortes d&rsquo;obligations, pussent avec plus de libert\u00e9 s&rsquo;appliquer aux fonctions de leur minist\u00e8re et travailler avec plus d&rsquo;assiduit\u00e9 aux missions: ces charitables fondateurs s&rsquo;\u00e9tant ainsi volontairement priv\u00e9s de tous les soulagements spirituels qu&rsquo;ils eussent pu pr\u00e9tendre, afin que les pauvres en fussent mieux servis et secourus, et que par ce moyen Dieu en f\u00fbt plus glorifi\u00e9.<\/p>\n<p>Peu de temps apr\u00e8s que ce contrat eut \u00e9t\u00e9 pass\u00e9, M. le G\u00e9n\u00e9ral des gal\u00e8res s&rsquo;en alla en Provence, et Madame demeura \u00e0 Paris. Tous deux restaient grandement consol\u00e9s du sacrifice qu&rsquo;ils venaient d&rsquo;offrir \u00e0 Dieu, et fort satisfaits d&rsquo;avoir assur\u00e9 leur fondation, l&rsquo;ayant ainsi mise entre les mains de M. Vincent, en qui ils avaient une enti\u00e8re confiance, et tenant pour certain qu&rsquo;il se comporterait comme ce vigilant serviteur de l&rsquo;\u00c9vangile, qui fit profiter les talents qu&rsquo;il avait re\u00e7us de son ma\u00eetre; en quoi ils n&rsquo;ont pas \u00e9t\u00e9 tromp\u00e9s; cette premi\u00e8re fondation ayant si bien profit\u00e9 entre les mains et sous la sage et fid\u00e8le conduite de M. Vincent, qu&rsquo;elle en a produit un grand nombre d&rsquo;autres par la b\u00e9n\u00e9diction qu&rsquo;il a plu \u00e0 Dieu lui donner, comme il se verra en la suite de ce livre.<\/p>\n","protected":false},"excerpt":{"rendered":"<p>Il est pourvu de la principaut\u00e9 du coll\u00e8ge des Bons-Enfants, en suite de quoi se fit la premi\u00e8re fondation de la congregation de la Mission. Madame la G\u00e9n\u00e9rale des gal\u00e8res, comme il a \u00e9t\u00e9 d\u00e9ja &#8230; <a href=\"http:\/\/vincentians.com\/fr\/la-vie-du-venerable-serviteur-de-dieu-vincent-de-paul-livre-premier-chapitre-xvii\/\" class=\"more-link\">Read More<\/a><\/p>\n","protected":false},"author":4,"featured_media":149583,"comment_status":"open","ping_status":"open","sticky":false,"template":"","format":"standard","meta":{"jetpack_post_was_ever_published":false,"_jetpack_newsletter_access":"","_jetpack_dont_email_post_to_subs":false,"_jetpack_newsletter_tier_id":0,"_jetpack_memberships_contains_paywalled_content":false,"_jetpack_memberships_contains_paid_content":false,"footnotes":"","jetpack_publicize_message":"","jetpack_publicize_feature_enabled":true,"jetpack_social_post_already_shared":true,"jetpack_social_options":{"image_generator_settings":{"template":"highway","default_image_id":0,"font":"","enabled":false},"version":2}},"categories":[5],"tags":[],"class_list":["post-104975","post","type-post","status-publish","format-standard","has-post-thumbnail","hentry","category-vincent-de-paul"],"yoast_head":"<!-- This site is optimized with the Yoast SEO plugin v26.3 - https:\/\/yoast.com\/wordpress\/plugins\/seo\/ -->\n<title>La vie du v\u00e9n\u00e9rable serviteur de Dieu Vincent de Paul, Livre premier, Chapitre XVII - Nous Sommes Vincentiens<\/title>\n<meta name=\"robots\" content=\"index, follow, max-snippet:-1, max-image-preview:large, max-video-preview:-1\" \/>\n<link rel=\"canonical\" href=\"http:\/\/vincentians.com\/fr\/la-vie-du-venerable-serviteur-de-dieu-vincent-de-paul-livre-premier-chapitre-xvii\/\" \/>\n<meta property=\"og:locale\" content=\"fr_FR\" \/>\n<meta property=\"og:type\" content=\"article\" \/>\n<meta property=\"og:title\" content=\"La vie du v\u00e9n\u00e9rable serviteur de Dieu Vincent de Paul, Livre premier, Chapitre XVII - Nous Sommes Vincentiens\" \/>\n<meta property=\"og:description\" content=\"Il est pourvu de la principaut\u00e9 du coll\u00e8ge des Bons-Enfants, en suite de quoi se fit la premi\u00e8re fondation de la congregation de la Mission. Madame la G\u00e9n\u00e9rale des gal\u00e8res, comme il a \u00e9t\u00e9 d\u00e9ja ... Read More\" \/>\n<meta property=\"og:url\" content=\"http:\/\/vincentians.com\/fr\/la-vie-du-venerable-serviteur-de-dieu-vincent-de-paul-livre-premier-chapitre-xvii\/\" \/>\n<meta property=\"og:site_name\" content=\"Nous Sommes Vincentiens\" \/>\n<meta property=\"article:publisher\" content=\"https:\/\/www.facebook.com\/WeAreVincentians\/\" \/>\n<meta property=\"article:author\" content=\"https:\/\/www.facebook.com\/JavierChento\" \/>\n<meta property=\"article:published_time\" content=\"2012-12-20T11:19:43+00:00\" \/>\n<meta property=\"og:image\" content=\"https:\/\/i0.wp.com\/vincentians.com\/fr\/wp-content\/uploads\/sites\/10\/2016\/07\/abelly-feat.jpg?fit=1200%2C630\" \/>\n\t<meta property=\"og:image:width\" content=\"1200\" \/>\n\t<meta property=\"og:image:height\" content=\"630\" \/>\n\t<meta property=\"og:image:type\" content=\"image\/jpeg\" \/>\n<meta name=\"author\" content=\"Francisco Javier Fern\u00e1ndez Chento\" \/>\n<meta name=\"twitter:card\" content=\"summary_large_image\" \/>\n<meta name=\"twitter:creator\" content=\"@https:\/\/twitter.com\/javierchento\" \/>\n<meta name=\"twitter:site\" content=\"@WeVincentians\" \/>\n<meta name=\"twitter:label1\" content=\"\u00c9crit par\" \/>\n\t<meta name=\"twitter:data1\" content=\"Francisco Javier Fern\u00e1ndez Chento\" \/>\n\t<meta name=\"twitter:label2\" content=\"Dur\u00e9e de lecture estim\u00e9e\" \/>\n\t<meta name=\"twitter:data2\" content=\"9 minutes\" \/>\n<script type=\"application\/ld+json\" class=\"yoast-schema-graph\">{\"@context\":\"https:\/\/schema.org\",\"@graph\":[{\"@type\":\"WebPage\",\"@id\":\"http:\/\/vincentians.com\/fr\/la-vie-du-venerable-serviteur-de-dieu-vincent-de-paul-livre-premier-chapitre-xvii\/\",\"url\":\"http:\/\/vincentians.com\/fr\/la-vie-du-venerable-serviteur-de-dieu-vincent-de-paul-livre-premier-chapitre-xvii\/\",\"name\":\"La vie du v\u00e9n\u00e9rable serviteur de Dieu Vincent de Paul, Livre premier, Chapitre XVII - Nous Sommes Vincentiens\",\"isPartOf\":{\"@id\":\"http:\/\/vincentians.com\/fr\/#website\"},\"primaryImageOfPage\":{\"@id\":\"http:\/\/vincentians.com\/fr\/la-vie-du-venerable-serviteur-de-dieu-vincent-de-paul-livre-premier-chapitre-xvii\/#primaryimage\"},\"image\":{\"@id\":\"http:\/\/vincentians.com\/fr\/la-vie-du-venerable-serviteur-de-dieu-vincent-de-paul-livre-premier-chapitre-xvii\/#primaryimage\"},\"thumbnailUrl\":\"https:\/\/i0.wp.com\/vincentians.com\/fr\/wp-content\/uploads\/sites\/10\/2016\/07\/abelly-feat.jpg?fit=1200%2C630\",\"datePublished\":\"2012-12-20T11:19:43+00:00\",\"author\":{\"@id\":\"http:\/\/vincentians.com\/fr\/#\/schema\/person\/9623ef4d9aa3b2dfb8c061f1499288f2\"},\"breadcrumb\":{\"@id\":\"http:\/\/vincentians.com\/fr\/la-vie-du-venerable-serviteur-de-dieu-vincent-de-paul-livre-premier-chapitre-xvii\/#breadcrumb\"},\"inLanguage\":\"fr-FR\",\"potentialAction\":[{\"@type\":\"ReadAction\",\"target\":[\"http:\/\/vincentians.com\/fr\/la-vie-du-venerable-serviteur-de-dieu-vincent-de-paul-livre-premier-chapitre-xvii\/\"]}]},{\"@type\":\"ImageObject\",\"inLanguage\":\"fr-FR\",\"@id\":\"http:\/\/vincentians.com\/fr\/la-vie-du-venerable-serviteur-de-dieu-vincent-de-paul-livre-premier-chapitre-xvii\/#primaryimage\",\"url\":\"https:\/\/i0.wp.com\/vincentians.com\/fr\/wp-content\/uploads\/sites\/10\/2016\/07\/abelly-feat.jpg?fit=1200%2C630\",\"contentUrl\":\"https:\/\/i0.wp.com\/vincentians.com\/fr\/wp-content\/uploads\/sites\/10\/2016\/07\/abelly-feat.jpg?fit=1200%2C630\",\"width\":1200,\"height\":630},{\"@type\":\"BreadcrumbList\",\"@id\":\"http:\/\/vincentians.com\/fr\/la-vie-du-venerable-serviteur-de-dieu-vincent-de-paul-livre-premier-chapitre-xvii\/#breadcrumb\",\"itemListElement\":[{\"@type\":\"ListItem\",\"position\":1,\"name\":\"Portada\",\"item\":\"http:\/\/vincentians.com\/fr\/\"},{\"@type\":\"ListItem\",\"position\":2,\"name\":\"La vie du v\u00e9n\u00e9rable serviteur de Dieu Vincent de Paul, Livre premier, Chapitre XVII\"}]},{\"@type\":\"WebSite\",\"@id\":\"http:\/\/vincentians.com\/fr\/#website\",\"url\":\"http:\/\/vincentians.com\/fr\/\",\"name\":\"Nous Sommes Vincentiens\",\"description\":\"Know more to serve more\",\"potentialAction\":[{\"@type\":\"SearchAction\",\"target\":{\"@type\":\"EntryPoint\",\"urlTemplate\":\"http:\/\/vincentians.com\/fr\/?s={search_term_string}\"},\"query-input\":{\"@type\":\"PropertyValueSpecification\",\"valueRequired\":true,\"valueName\":\"search_term_string\"}}],\"inLanguage\":\"fr-FR\"},{\"@type\":\"Person\",\"@id\":\"http:\/\/vincentians.com\/fr\/#\/schema\/person\/9623ef4d9aa3b2dfb8c061f1499288f2\",\"name\":\"Francisco Javier Fern\u00e1ndez Chento\",\"image\":{\"@type\":\"ImageObject\",\"inLanguage\":\"fr-FR\",\"@id\":\"http:\/\/vincentians.com\/fr\/#\/schema\/person\/image\/\",\"url\":\"https:\/\/secure.gravatar.com\/avatar\/497d5cde87b4c3d097d0315953521681ba2cd523ee66e5077c3711f7021e65de?s=96&d=mm&r=g\",\"contentUrl\":\"https:\/\/secure.gravatar.com\/avatar\/497d5cde87b4c3d097d0315953521681ba2cd523ee66e5077c3711f7021e65de?s=96&d=mm&r=g\",\"caption\":\"Francisco Javier Fern\u00e1ndez Chento\"},\"description\":\"Director General y cofundador de La Red de Formaci\u00f3n Vicenciana. Javier es laico vicenciano, afiliado a la Congregaci\u00f3n de la Misi\u00f3n y miembro del Equipo de Misiones Populares de la provincia can\u00f3nica de Zaragoza (Espa\u00f1a) de la Congregaci\u00f3n de la Misi\u00f3n. Graduado en la Universidad Oberta de Catalunya con cuatro grados (Asistente de direcci\u00f3n, Gesti\u00f3n Administrativa, Recursos Humanos y Contabilidad Avanzada). Bil\u00edng\u00fce Espa\u00f1ol\/Ingl\u00e9s. gestiona y mantiene varias p\u00e1ginas web cristianas y vicencianas, incluida including La Red de Formaci\u00f3n Vicenciana, de la que es cofundador. Actualmente es responsable del \u00e1rea de Espa\u00f1ol de .famvin, la Red de Noticias de la Familia Vicenciana. Tambi\u00e9n es m\u00fasico cat\u00f3lico y ha editado varios discos. Es Director General y cofundador de Trovador, una reconocida compa\u00f1\u00eda discogr\u00e1fica critiana de Espa\u00f1a. Trabaja en las Tecnolog\u00edas de la Informaci\u00f3n, ofreciendo servicios de alojamiento, dise\u00f1o y mantenimiento Web, as\u00ed como asesoramiento, formaci\u00f3n y soluciones inform\u00e1ticas, gesti\u00f3n documental y digitalizaci\u00f3n de textos, edici\u00f3n y maquetaci\u00f3n de libros, revistas, flyers, etc.\",\"sameAs\":[\"http:\/\/chento.org\",\"https:\/\/www.facebook.com\/JavierChento\",\"https:\/\/x.com\/https:\/\/twitter.com\/javierchento\"],\"url\":\"http:\/\/vincentians.com\/fr\/author\/chento\/\"}]}<\/script>\n<!-- \/ Yoast SEO plugin. -->","yoast_head_json":{"title":"La vie du v\u00e9n\u00e9rable serviteur de Dieu Vincent de Paul, Livre premier, Chapitre XVII - Nous Sommes Vincentiens","robots":{"index":"index","follow":"follow","max-snippet":"max-snippet:-1","max-image-preview":"max-image-preview:large","max-video-preview":"max-video-preview:-1"},"canonical":"http:\/\/vincentians.com\/fr\/la-vie-du-venerable-serviteur-de-dieu-vincent-de-paul-livre-premier-chapitre-xvii\/","og_locale":"fr_FR","og_type":"article","og_title":"La vie du v\u00e9n\u00e9rable serviteur de Dieu Vincent de Paul, Livre premier, Chapitre XVII - Nous Sommes Vincentiens","og_description":"Il est pourvu de la principaut\u00e9 du coll\u00e8ge des Bons-Enfants, en suite de quoi se fit la premi\u00e8re fondation de la congregation de la Mission. Madame la G\u00e9n\u00e9rale des gal\u00e8res, comme il a \u00e9t\u00e9 d\u00e9ja ... Read More","og_url":"http:\/\/vincentians.com\/fr\/la-vie-du-venerable-serviteur-de-dieu-vincent-de-paul-livre-premier-chapitre-xvii\/","og_site_name":"Nous Sommes Vincentiens","article_publisher":"https:\/\/www.facebook.com\/WeAreVincentians\/","article_author":"https:\/\/www.facebook.com\/JavierChento","article_published_time":"2012-12-20T11:19:43+00:00","og_image":[{"width":1200,"height":630,"url":"https:\/\/i0.wp.com\/vincentians.com\/fr\/wp-content\/uploads\/sites\/10\/2016\/07\/abelly-feat.jpg?fit=1200%2C630","type":"image\/jpeg"}],"author":"Francisco Javier Fern\u00e1ndez Chento","twitter_card":"summary_large_image","twitter_creator":"@https:\/\/twitter.com\/javierchento","twitter_site":"@WeVincentians","twitter_misc":{"\u00c9crit par":"Francisco Javier Fern\u00e1ndez Chento","Dur\u00e9e de lecture estim\u00e9e":"9 minutes"},"schema":{"@context":"https:\/\/schema.org","@graph":[{"@type":"WebPage","@id":"http:\/\/vincentians.com\/fr\/la-vie-du-venerable-serviteur-de-dieu-vincent-de-paul-livre-premier-chapitre-xvii\/","url":"http:\/\/vincentians.com\/fr\/la-vie-du-venerable-serviteur-de-dieu-vincent-de-paul-livre-premier-chapitre-xvii\/","name":"La vie du v\u00e9n\u00e9rable serviteur de Dieu Vincent de Paul, Livre premier, Chapitre XVII - Nous Sommes Vincentiens","isPartOf":{"@id":"http:\/\/vincentians.com\/fr\/#website"},"primaryImageOfPage":{"@id":"http:\/\/vincentians.com\/fr\/la-vie-du-venerable-serviteur-de-dieu-vincent-de-paul-livre-premier-chapitre-xvii\/#primaryimage"},"image":{"@id":"http:\/\/vincentians.com\/fr\/la-vie-du-venerable-serviteur-de-dieu-vincent-de-paul-livre-premier-chapitre-xvii\/#primaryimage"},"thumbnailUrl":"https:\/\/i0.wp.com\/vincentians.com\/fr\/wp-content\/uploads\/sites\/10\/2016\/07\/abelly-feat.jpg?fit=1200%2C630","datePublished":"2012-12-20T11:19:43+00:00","author":{"@id":"http:\/\/vincentians.com\/fr\/#\/schema\/person\/9623ef4d9aa3b2dfb8c061f1499288f2"},"breadcrumb":{"@id":"http:\/\/vincentians.com\/fr\/la-vie-du-venerable-serviteur-de-dieu-vincent-de-paul-livre-premier-chapitre-xvii\/#breadcrumb"},"inLanguage":"fr-FR","potentialAction":[{"@type":"ReadAction","target":["http:\/\/vincentians.com\/fr\/la-vie-du-venerable-serviteur-de-dieu-vincent-de-paul-livre-premier-chapitre-xvii\/"]}]},{"@type":"ImageObject","inLanguage":"fr-FR","@id":"http:\/\/vincentians.com\/fr\/la-vie-du-venerable-serviteur-de-dieu-vincent-de-paul-livre-premier-chapitre-xvii\/#primaryimage","url":"https:\/\/i0.wp.com\/vincentians.com\/fr\/wp-content\/uploads\/sites\/10\/2016\/07\/abelly-feat.jpg?fit=1200%2C630","contentUrl":"https:\/\/i0.wp.com\/vincentians.com\/fr\/wp-content\/uploads\/sites\/10\/2016\/07\/abelly-feat.jpg?fit=1200%2C630","width":1200,"height":630},{"@type":"BreadcrumbList","@id":"http:\/\/vincentians.com\/fr\/la-vie-du-venerable-serviteur-de-dieu-vincent-de-paul-livre-premier-chapitre-xvii\/#breadcrumb","itemListElement":[{"@type":"ListItem","position":1,"name":"Portada","item":"http:\/\/vincentians.com\/fr\/"},{"@type":"ListItem","position":2,"name":"La vie du v\u00e9n\u00e9rable serviteur de Dieu Vincent de Paul, Livre premier, Chapitre XVII"}]},{"@type":"WebSite","@id":"http:\/\/vincentians.com\/fr\/#website","url":"http:\/\/vincentians.com\/fr\/","name":"Nous Sommes Vincentiens","description":"Know more to serve more","potentialAction":[{"@type":"SearchAction","target":{"@type":"EntryPoint","urlTemplate":"http:\/\/vincentians.com\/fr\/?s={search_term_string}"},"query-input":{"@type":"PropertyValueSpecification","valueRequired":true,"valueName":"search_term_string"}}],"inLanguage":"fr-FR"},{"@type":"Person","@id":"http:\/\/vincentians.com\/fr\/#\/schema\/person\/9623ef4d9aa3b2dfb8c061f1499288f2","name":"Francisco Javier Fern\u00e1ndez Chento","image":{"@type":"ImageObject","inLanguage":"fr-FR","@id":"http:\/\/vincentians.com\/fr\/#\/schema\/person\/image\/","url":"https:\/\/secure.gravatar.com\/avatar\/497d5cde87b4c3d097d0315953521681ba2cd523ee66e5077c3711f7021e65de?s=96&d=mm&r=g","contentUrl":"https:\/\/secure.gravatar.com\/avatar\/497d5cde87b4c3d097d0315953521681ba2cd523ee66e5077c3711f7021e65de?s=96&d=mm&r=g","caption":"Francisco Javier Fern\u00e1ndez Chento"},"description":"Director General y cofundador de La Red de Formaci\u00f3n Vicenciana. Javier es laico vicenciano, afiliado a la Congregaci\u00f3n de la Misi\u00f3n y miembro del Equipo de Misiones Populares de la provincia can\u00f3nica de Zaragoza (Espa\u00f1a) de la Congregaci\u00f3n de la Misi\u00f3n. Graduado en la Universidad Oberta de Catalunya con cuatro grados (Asistente de direcci\u00f3n, Gesti\u00f3n Administrativa, Recursos Humanos y Contabilidad Avanzada). Bil\u00edng\u00fce Espa\u00f1ol\/Ingl\u00e9s. gestiona y mantiene varias p\u00e1ginas web cristianas y vicencianas, incluida including La Red de Formaci\u00f3n Vicenciana, de la que es cofundador. Actualmente es responsable del \u00e1rea de Espa\u00f1ol de .famvin, la Red de Noticias de la Familia Vicenciana. Tambi\u00e9n es m\u00fasico cat\u00f3lico y ha editado varios discos. Es Director General y cofundador de Trovador, una reconocida compa\u00f1\u00eda discogr\u00e1fica critiana de Espa\u00f1a. Trabaja en las Tecnolog\u00edas de la Informaci\u00f3n, ofreciendo servicios de alojamiento, dise\u00f1o y mantenimiento Web, as\u00ed como asesoramiento, formaci\u00f3n y soluciones inform\u00e1ticas, gesti\u00f3n documental y digitalizaci\u00f3n de textos, edici\u00f3n y maquetaci\u00f3n de libros, revistas, flyers, etc.","sameAs":["http:\/\/chento.org","https:\/\/www.facebook.com\/JavierChento","https:\/\/x.com\/https:\/\/twitter.com\/javierchento"],"url":"http:\/\/vincentians.com\/fr\/author\/chento\/"}]}},"jetpack_publicize_connections":[],"jetpack_featured_media_url":"https:\/\/i0.wp.com\/vincentians.com\/fr\/wp-content\/uploads\/sites\/10\/2016\/07\/abelly-feat.jpg?fit=1200%2C630","jetpack_sharing_enabled":true,"jetpack_shortlink":"https:\/\/wp.me\/p7ETMP-rj9","jetpack-related-posts":[{"id":52035,"url":"http:\/\/vincentians.com\/fr\/saint-vincent-de-paul-et-sa-mission-sociale-ii-les-oeuvres-2\/","url_meta":{"origin":104975,"position":0},"title":"Saint Vincent De Paul Et Sa Mission Sociale. II &#8211; Les \u0152uvres (2)","author":"Francisco Javier Fern\u00e1ndez Chento","date":"22\/12\/2014","format":false,"excerpt":"LA CONGR\u00c9GATION DE LA MISSION. \u2014 Fondation de la Mission. \u2014 Madame de Gondi. \u2014 Vincent de Paul est nomm\u00e9 sup\u00e9rieur du coll\u00e8ge des Bons-Enfants. \u2014 Les fondateurs d\u2019ordre. \u2014 But de la Congr\u00e9gation de la Mission. \u2014 L\u2019\u00e9vang\u00e9lisation des pauvres. \u2014 \u00c9tablissement \u00e0 Saint-Lazare. \u2014 Premiers travaux des missionnaires.\u2026","rel":"","context":"Dans &quot;Vincent de Paul&quot;","block_context":{"text":"Vincent de Paul","link":"http:\/\/vincentians.com\/fr\/category\/the-vincentian-family\/founders\/vincent-de-paul\/"},"img":{"alt_text":"","src":"https:\/\/i0.wp.com\/vincentians.com\/fr\/wp-content\/uploads\/sites\/10\/2016\/07\/vincent-et-sa-action-sociale.jpg?fit=1160%2C630&resize=350%2C200","width":350,"height":200,"srcset":"https:\/\/i0.wp.com\/vincentians.com\/fr\/wp-content\/uploads\/sites\/10\/2016\/07\/vincent-et-sa-action-sociale.jpg?fit=1160%2C630&resize=350%2C200 1x, https:\/\/i0.wp.com\/vincentians.com\/fr\/wp-content\/uploads\/sites\/10\/2016\/07\/vincent-et-sa-action-sociale.jpg?fit=1160%2C630&resize=525%2C300 1.5x, https:\/\/i0.wp.com\/vincentians.com\/fr\/wp-content\/uploads\/sites\/10\/2016\/07\/vincent-et-sa-action-sociale.jpg?fit=1160%2C630&resize=700%2C400 2x, https:\/\/i0.wp.com\/vincentians.com\/fr\/wp-content\/uploads\/sites\/10\/2016\/07\/vincent-et-sa-action-sociale.jpg?fit=1160%2C630&resize=1050%2C600 3x"},"classes":[]},{"id":52054,"url":"http:\/\/vincentians.com\/fr\/saint-vincent-de-paul-et-sa-mission-sociale-iii-laction-2\/","url_meta":{"origin":104975,"position":1},"title":"Saint Vincent De Paul Et Sa Mission Sociale. III &#8211; L\u2019action (2)","author":"Francisco Javier Fern\u00e1ndez Chento","date":"26\/12\/2014","format":false,"excerpt":"LA RENAISSANCE RELIGIEUSE. \u2014 Le compl\u00e9ment des missions. \u2014 \u00c9tat du clerg\u00e9 depuis le concile de Trente. \u2014 N\u00e9cessit\u00e9 d\u2019une r\u00e9forme. \u2014 Les exercices des ordinands. \u2014 Saint-Lazare. \u2014 La conf\u00e9rence du mardi. \u2014 Bossuet. \u2014 Les retraites spirituelles. \u2014 Le coll\u00e8ge des Bons-Enfants. \u2014 Vincent de Paul et Olier.\u2026","rel":"","context":"Dans &quot;Vincent de Paul&quot;","block_context":{"text":"Vincent de Paul","link":"http:\/\/vincentians.com\/fr\/category\/the-vincentian-family\/founders\/vincent-de-paul\/"},"img":{"alt_text":"","src":"https:\/\/i0.wp.com\/vincentians.com\/fr\/wp-content\/uploads\/sites\/10\/2016\/07\/vincent-et-sa-action-sociale.jpg?fit=1160%2C630&resize=350%2C200","width":350,"height":200,"srcset":"https:\/\/i0.wp.com\/vincentians.com\/fr\/wp-content\/uploads\/sites\/10\/2016\/07\/vincent-et-sa-action-sociale.jpg?fit=1160%2C630&resize=350%2C200 1x, https:\/\/i0.wp.com\/vincentians.com\/fr\/wp-content\/uploads\/sites\/10\/2016\/07\/vincent-et-sa-action-sociale.jpg?fit=1160%2C630&resize=525%2C300 1.5x, https:\/\/i0.wp.com\/vincentians.com\/fr\/wp-content\/uploads\/sites\/10\/2016\/07\/vincent-et-sa-action-sociale.jpg?fit=1160%2C630&resize=700%2C400 2x, https:\/\/i0.wp.com\/vincentians.com\/fr\/wp-content\/uploads\/sites\/10\/2016\/07\/vincent-et-sa-action-sociale.jpg?fit=1160%2C630&resize=1050%2C600 3x"},"classes":[]},{"id":105577,"url":"http:\/\/vincentians.com\/fr\/la-vie-du-venerable-serviteur-de-dieu-vincent-de-paul-livre-premier-chapitre-xx\/","url_meta":{"origin":104975,"position":2},"title":"La vie du v\u00e9n\u00e9rable serviteur de Dieu Vincent de Paul, Livre premier, Chapitre XX","author":"Francisco Javier Fern\u00e1ndez Chento","date":"24\/12\/2012","format":false,"excerpt":"Naissance et \u00e9rection de la Congr\u00e9gation de la Mission. L'on peut dire avec v\u00e9rit\u00e9 que cette Congr\u00e9gation a \u00e9t\u00e9 en son commencement comme le petit grain de s\u00e9nev\u00e9 de l'Evangile, qui \u00e9tant le moindre entre toutes les semences devient enfin comme un arbre, sur les branches duquel les oiseaux se\u2026","rel":"","context":"Dans &quot;Vincent de Paul&quot;","block_context":{"text":"Vincent de Paul","link":"http:\/\/vincentians.com\/fr\/category\/the-vincentian-family\/founders\/vincent-de-paul\/"},"img":{"alt_text":"","src":"https:\/\/i0.wp.com\/vincentians.com\/fr\/wp-content\/uploads\/sites\/10\/2016\/07\/abelly-feat.jpg?fit=1200%2C630&resize=350%2C200","width":350,"height":200,"srcset":"https:\/\/i0.wp.com\/vincentians.com\/fr\/wp-content\/uploads\/sites\/10\/2016\/07\/abelly-feat.jpg?fit=1200%2C630&resize=350%2C200 1x, https:\/\/i0.wp.com\/vincentians.com\/fr\/wp-content\/uploads\/sites\/10\/2016\/07\/abelly-feat.jpg?fit=1200%2C630&resize=525%2C300 1.5x, https:\/\/i0.wp.com\/vincentians.com\/fr\/wp-content\/uploads\/sites\/10\/2016\/07\/abelly-feat.jpg?fit=1200%2C630&resize=700%2C400 2x, https:\/\/i0.wp.com\/vincentians.com\/fr\/wp-content\/uploads\/sites\/10\/2016\/07\/abelly-feat.jpg?fit=1200%2C630&resize=1050%2C600 3x"},"classes":[]},{"id":105648,"url":"http:\/\/vincentians.com\/fr\/la-vie-du-venerable-serviteur-de-dieu-vincent-de-paul-livre-premier-chapitre-xlvi\/","url_meta":{"origin":104975,"position":3},"title":"La vie du v\u00e9n\u00e9rable serviteur de Dieu Vincent de Paul, Livre premier, Chapitre XLVI","author":"Francisco Javier Fern\u00e1ndez Chento","date":"22\/01\/2013","format":false,"excerpt":"D\u00e9nombrement de plusieurs \u00e9tablissements de la Congr\u00e9gation de la Mission fond\u00e9s en divers lieux durant la vie de M Vincent. Dieu ayant plant\u00e9 la Congr\u00e9gation de la Mission dans son \u00c9glise comme une vigne mystique, qui devait fructifier avec le secours de sa gr\u00e2ce pour la sanctification d'un grand nombre\u2026","rel":"","context":"Dans &quot;Vincent de Paul&quot;","block_context":{"text":"Vincent de Paul","link":"http:\/\/vincentians.com\/fr\/category\/the-vincentian-family\/founders\/vincent-de-paul\/"},"img":{"alt_text":"","src":"https:\/\/i0.wp.com\/vincentians.com\/fr\/wp-content\/uploads\/sites\/10\/2016\/07\/abelly-feat.jpg?fit=1200%2C630&resize=350%2C200","width":350,"height":200,"srcset":"https:\/\/i0.wp.com\/vincentians.com\/fr\/wp-content\/uploads\/sites\/10\/2016\/07\/abelly-feat.jpg?fit=1200%2C630&resize=350%2C200 1x, https:\/\/i0.wp.com\/vincentians.com\/fr\/wp-content\/uploads\/sites\/10\/2016\/07\/abelly-feat.jpg?fit=1200%2C630&resize=525%2C300 1.5x, https:\/\/i0.wp.com\/vincentians.com\/fr\/wp-content\/uploads\/sites\/10\/2016\/07\/abelly-feat.jpg?fit=1200%2C630&resize=700%2C400 2x, https:\/\/i0.wp.com\/vincentians.com\/fr\/wp-content\/uploads\/sites\/10\/2016\/07\/abelly-feat.jpg?fit=1200%2C630&resize=1050%2C600 3x"},"classes":[]},{"id":52052,"url":"http:\/\/vincentians.com\/fr\/saint-vincent-de-paul-et-sa-mission-sociale-iii-laction-1\/","url_meta":{"origin":104975,"position":4},"title":"Saint Vincent De Paul Et Sa Mission Sociale. III &#8211; L\u2019action (1)","author":"Francisco Javier Fern\u00e1ndez Chento","date":"25\/12\/2014","format":false,"excerpt":"LES MISSIONS. \u2014 Saint Vincent de Paul missionnaire. \u2014 Organisation des missions rurales. \u2014 Vertus et qualit\u00e9s des missionnaires. \u2014 La pr\u00e9dication d\u2019apr\u00e8s le saint. \u2014 Sa conduite envers les h\u00e9r\u00e9tiques et les infid\u00e8les. \u2014 Les imitateurs de Vincent de Paul. \u2014 Fruits du nouvel apostolat. \u2014 Missions \u00e0 la\u2026","rel":"","context":"Dans &quot;Vincent de Paul&quot;","block_context":{"text":"Vincent de Paul","link":"http:\/\/vincentians.com\/fr\/category\/the-vincentian-family\/founders\/vincent-de-paul\/"},"img":{"alt_text":"","src":"https:\/\/i0.wp.com\/vincentians.com\/fr\/wp-content\/uploads\/sites\/10\/2016\/07\/vincent-et-sa-action-sociale.jpg?fit=1160%2C630&resize=350%2C200","width":350,"height":200,"srcset":"https:\/\/i0.wp.com\/vincentians.com\/fr\/wp-content\/uploads\/sites\/10\/2016\/07\/vincent-et-sa-action-sociale.jpg?fit=1160%2C630&resize=350%2C200 1x, https:\/\/i0.wp.com\/vincentians.com\/fr\/wp-content\/uploads\/sites\/10\/2016\/07\/vincent-et-sa-action-sociale.jpg?fit=1160%2C630&resize=525%2C300 1.5x, https:\/\/i0.wp.com\/vincentians.com\/fr\/wp-content\/uploads\/sites\/10\/2016\/07\/vincent-et-sa-action-sociale.jpg?fit=1160%2C630&resize=700%2C400 2x, https:\/\/i0.wp.com\/vincentians.com\/fr\/wp-content\/uploads\/sites\/10\/2016\/07\/vincent-et-sa-action-sociale.jpg?fit=1160%2C630&resize=1050%2C600 3x"},"classes":[]},{"id":52031,"url":"http:\/\/vincentians.com\/fr\/saint-vincent-de-paul-et-sa-mission-sociale-i-la-vocation-3\/","url_meta":{"origin":104975,"position":5},"title":"Saint Vincent De Paul Et Sa Mission Sociale. I &#8211; La vocation (3)","author":"Francisco Javier Fern\u00e1ndez Chento","date":"20\/12\/2014","format":false,"excerpt":"L\u2019APOSTOLAT DE LA CHARIT\u00c9. Les pr\u00e9mices du dix-septi\u00e8me si\u00e8cle. \u2014 Vincent de Paul et le P. de B\u00e9rulle. \u2014 Vincent est nomm\u00e9 cur\u00e9 de Clichy. \u2014 Ses premiers travaux. \u2014 Son entr\u00e9e dans la maison de Gondi. - Les pauvres gens des campagnes. \u2014 Premi\u00e8re mission \u00e0 Folleville. \u2014 Vincent\u2026","rel":"","context":"Dans &quot;Vincent de Paul&quot;","block_context":{"text":"Vincent de Paul","link":"http:\/\/vincentians.com\/fr\/category\/the-vincentian-family\/founders\/vincent-de-paul\/"},"img":{"alt_text":"","src":"https:\/\/i0.wp.com\/vincentians.com\/fr\/wp-content\/uploads\/sites\/10\/2016\/07\/vincent-et-sa-action-sociale.jpg?fit=1160%2C630&resize=350%2C200","width":350,"height":200,"srcset":"https:\/\/i0.wp.com\/vincentians.com\/fr\/wp-content\/uploads\/sites\/10\/2016\/07\/vincent-et-sa-action-sociale.jpg?fit=1160%2C630&resize=350%2C200 1x, https:\/\/i0.wp.com\/vincentians.com\/fr\/wp-content\/uploads\/sites\/10\/2016\/07\/vincent-et-sa-action-sociale.jpg?fit=1160%2C630&resize=525%2C300 1.5x, https:\/\/i0.wp.com\/vincentians.com\/fr\/wp-content\/uploads\/sites\/10\/2016\/07\/vincent-et-sa-action-sociale.jpg?fit=1160%2C630&resize=700%2C400 2x, https:\/\/i0.wp.com\/vincentians.com\/fr\/wp-content\/uploads\/sites\/10\/2016\/07\/vincent-et-sa-action-sociale.jpg?fit=1160%2C630&resize=1050%2C600 3x"},"classes":[]}],"_links":{"self":[{"href":"http:\/\/vincentians.com\/fr\/wp-json\/wp\/v2\/posts\/104975","targetHints":{"allow":["GET"]}}],"collection":[{"href":"http:\/\/vincentians.com\/fr\/wp-json\/wp\/v2\/posts"}],"about":[{"href":"http:\/\/vincentians.com\/fr\/wp-json\/wp\/v2\/types\/post"}],"author":[{"embeddable":true,"href":"http:\/\/vincentians.com\/fr\/wp-json\/wp\/v2\/users\/4"}],"replies":[{"embeddable":true,"href":"http:\/\/vincentians.com\/fr\/wp-json\/wp\/v2\/comments?post=104975"}],"version-history":[{"count":0,"href":"http:\/\/vincentians.com\/fr\/wp-json\/wp\/v2\/posts\/104975\/revisions"}],"wp:featuredmedia":[{"embeddable":true,"href":"http:\/\/vincentians.com\/fr\/wp-json\/wp\/v2\/media\/149583"}],"wp:attachment":[{"href":"http:\/\/vincentians.com\/fr\/wp-json\/wp\/v2\/media?parent=104975"}],"wp:term":[{"taxonomy":"category","embeddable":true,"href":"http:\/\/vincentians.com\/fr\/wp-json\/wp\/v2\/categories?post=104975"},{"taxonomy":"post_tag","embeddable":true,"href":"http:\/\/vincentians.com\/fr\/wp-json\/wp\/v2\/tags?post=104975"}],"curies":[{"name":"wp","href":"https:\/\/api.w.org\/{rel}","templated":true}]}}