{"id":104859,"date":"2016-12-07T00:01:17","date_gmt":"2016-12-06T23:01:17","guid":{"rendered":"http:\/\/vincentiens.org\/?p=104859"},"modified":"2016-12-07T00:01:17","modified_gmt":"2016-12-06T23:01:17","slug":"ephemerides-7-decembre","status":"publish","type":"post","link":"http:\/\/vincentians.com\/fr\/ephemerides-7-decembre\/","title":{"rendered":"Eph\u00e9m\u00e9rides: 7 d\u00e9cembre"},"content":{"rendered":"<p><strong>1658<\/strong>. Sainte Louise \u00e9crit \u00e0 saint Vincent\u00a0: \u201cpour l\u2019accomplissement de sa sainte volont\u00e9 sur la Compagnie, de demander pardon \u00e0 Notre-Seigneur pour l\u2019amour du choix qu\u2019il a fait de sa tr\u00e8s sainte M\u00e8re, de toutes les fautes contre la puret\u00e9 int\u00e9rieure et ext\u00e9rieure, et la gr\u00e2ce de la vraie puret\u00e9 que sa mis\u00e9ricorde y veut\u201d. (R)<\/p>\n<p><strong>1862<\/strong>. \u00c0 Vienne, en Autriche, le cardinal Rauscher consacre l\u2019\u00e9glise qui va remplacer la chapelle, trop petite, o\u00f9 depuis 1857, le z\u00e8le de nos confr\u00e8res fait accourir les foules. La nouvelle \u00e9glise, de style gothique, est d\u00e9di\u00e9e \u00e0 la Vierge Immacul\u00e9e. Les travaux de construction en ont \u00e9t\u00e9 activement pouss\u00e9s par M. Dominique Schlick, premier visiteur d\u2019Autriche<span id='easy-footnote-1-104859' class='easy-footnote-margin-adjust'><\/span><span class='easy-footnote'><a href='http:\/\/vincentians.com\/fr\/ephemerides-7-decembre\/#easy-footnote-bottom-1-104859' title='Annales, t. 43, p. 107.'><sup>1<\/sup><\/a><\/span>.<\/p>\n<p><strong>1905<\/strong>. \u00c0 Ans (Belgique) mort de S\u0153ur Derieux, Sup\u00e9rieure de la Compagnie des Filles de la Charit\u00e9 de 1880 \u00e0 1887, sous le g\u00e9n\u00e9ralat de M. Fiat. La petite Compagnie en ces ann\u00e9es-l\u00e0 s\u2019implanta en Colombie et en Palestine. (R)<\/p>\n<p><strong>1910<\/strong>. \u00c0 P\u00e9kin, dans la maison de Chala, est r\u00e9alis\u00e9 ce que le T.H.P. Fiat a d\u00e9cid\u00e9 dans sa circulaire du 24 octobre\u00a0: la Chine, qui ne formait qu\u2019une province lazariste, est divis\u00e9e en deux. La province du Sud, qui reste confi\u00e9e \u00e0 l\u2019ancien visiteur, M. Guilloux, comprend alors cinq vicariats apostoliques et six maisons r\u00e9guli\u00e8rement constitu\u00e9es\u00a0: La province du Nord est compos\u00e9e de quatre maisons r\u00e9parties dans quatre vicariats apostoliques. Son administration est confi\u00e9e \u00e0 M. Fran\u00e7ois-Xavier Desrumaux, qui, en ce jour, est install\u00e9 comme sup\u00e9rieur de Chala, et visiteur. Pendant trente-six ans et vingt, jours, M. Desrumaux portera cette charge provinciale \u00e0 laquelle s\u2019adjoindra bient\u00f4t celle de procureur pour la Chine du Nord<span id='easy-footnote-2-104859' class='easy-footnote-margin-adjust'><\/span><span class='easy-footnote'><a href='http:\/\/vincentians.com\/fr\/ephemerides-7-decembre\/#easy-footnote-bottom-2-104859' title='Annales, t. 76, pp. 59-60\u00a0; t. 101, pp. 339-344.'><sup>2<\/sup><\/a><\/span>.<\/p>\n<p><strong>1952<\/strong>. \u00c0 Rome, Pie XII re\u00e7oit en audience le cardinal Canali, pro-pr\u00e9sident de la Commission cardinalice pour l\u2019administration des biens du Saint-Si\u00e8ge. Le cardinal offre au Saint P\u00e8re le premier exemplaire de la sixi\u00e8me \u00e9dition post typicam du Missel romain imprim\u00e9 par les soins de la Typographie polyglotte vaticane. Sous la surveillance de la Congr\u00e9gation des Rites, et avec la collaboration des consulteurs de la-dite Congr\u00e9gation, le travail de r\u00e9daction de ce volume a \u00e9t\u00e9 fait par les Pr\u00eatres de la Mission r\u00e9dacteurs aux Ephemerides Liturgicae. L\u2019Osservatore Romano, le lendemain de cette audience, mentionnera dans ses colonnes, et de fa\u00e7on \u00e9logieuse, l\u2019activit\u00e9 de nos confr\u00e8res italiens qui \u00e0 \u201ccette revue liturgique, bien connue et universellement appr\u00e9ci\u00e9e, consacrent leur temps et leurs talents. Ce p\u00e9riodique trimestriel, polyglotte et sp\u00e9cialis\u00e9 dans le domaine de la Liturgie, reste internationalement un des plus appr\u00e9ci\u00e9s\u201d. Les Eph\u00e9m\u00e9rides Liturgiques qui commenc\u00e8rent \u00e0 para\u00eetre en 1887, dans le but de seconder les travaux de l\u2019Acad\u00e9mie pontificale de Liturgie, eurent pour fondateur, et pour directeur pendant seixe ans, notre confr\u00e8re, M. Calc\u00e9doine Mancini, mort le 18 ao\u00fbt 1910. Sa science et ses vertus lui valurent une grande r\u00e9putation aupr\u00e8s du clerg\u00e9 romain, et sp\u00e9cialement pr\u00e8s des membres de la Congr\u00e9gation des Rites. L\u00e9on XIII l\u2019honorait d\u2019une particuli\u00e8re confiance, et, plus d\u2019une fois, il est arriv\u00e9 au Souverain Pontife, quand un cas de conscience liturgique se pr\u00e9sentait \u2014 cas de conflits parfois \u2014 de d\u00e9clarer\u00a0: \u201cJe ferai ce que Mancini d\u00e9cidera\u201d<span id='easy-footnote-3-104859' class='easy-footnote-margin-adjust'><\/span><span class='easy-footnote'><a href='http:\/\/vincentians.com\/fr\/ephemerides-7-decembre\/#easy-footnote-bottom-3-104859' title='Annales t. 117, p. 323. Eph\u00e9m\u00e9rides litugicae, 946, vol. LX, fasc. I-II, p. 3 sq.\u00a0; Annales, t. 58, p. 171'><sup>3<\/sup><\/a><\/span>.<\/p>\n","protected":false},"excerpt":{"rendered":"<p>1658. Sainte Louise \u00e9crit \u00e0 saint Vincent\u00a0: \u201cpour l\u2019accomplissement de sa sainte volont\u00e9 sur la Compagnie, de demander pardon \u00e0 Notre-Seigneur pour l\u2019amour du choix qu\u2019il a fait de sa tr\u00e8s sainte M\u00e8re, de toutes &#8230; <a href=\"http:\/\/vincentians.com\/fr\/ephemerides-7-decembre\/\" class=\"more-link\">Read More<\/a><\/p>\n","protected":false},"author":4,"featured_media":149897,"comment_status":"open","ping_status":"open","sticky":false,"template":"","format":"standard","meta":{"jetpack_post_was_ever_published":false,"_jetpack_newsletter_access":"","_jetpack_dont_email_post_to_subs":false,"_jetpack_newsletter_tier_id":0,"_jetpack_memberships_contains_paywalled_content":false,"_jetpack_memberships_contains_paid_content":false,"footnotes":"","jetpack_publicize_message":"","jetpack_publicize_feature_enabled":true,"jetpack_social_post_already_shared":true,"jetpack_social_options":{"image_generator_settings":{"template":"highway","default_image_id":0,"font":"","enabled":false},"version":2}},"categories":[119],"tags":[],"class_list":["post-104859","post","type-post","status-publish","format-standard","has-post-thumbnail","hentry","category-ephemerides-vincentiens"],"yoast_head":"<!-- This site is optimized with the Yoast SEO plugin v26.3 - https:\/\/yoast.com\/wordpress\/plugins\/seo\/ -->\n<title>Eph\u00e9m\u00e9rides: 7 d\u00e9cembre - Nous Sommes Vincentiens<\/title>\n<meta name=\"robots\" content=\"index, follow, max-snippet:-1, max-image-preview:large, max-video-preview:-1\" \/>\n<link rel=\"canonical\" href=\"http:\/\/vincentians.com\/fr\/ephemerides-7-decembre\/\" \/>\n<meta property=\"og:locale\" content=\"fr_FR\" \/>\n<meta property=\"og:type\" content=\"article\" \/>\n<meta property=\"og:title\" content=\"Eph\u00e9m\u00e9rides: 7 d\u00e9cembre - Nous Sommes Vincentiens\" \/>\n<meta property=\"og:description\" content=\"1658. Sainte Louise \u00e9crit \u00e0 saint Vincent\u00a0: \u201cpour l\u2019accomplissement de sa sainte volont\u00e9 sur la Compagnie, de demander pardon \u00e0 Notre-Seigneur pour l\u2019amour du choix qu\u2019il a fait de sa tr\u00e8s sainte M\u00e8re, de toutes ... Read More\" \/>\n<meta property=\"og:url\" content=\"http:\/\/vincentians.com\/fr\/ephemerides-7-decembre\/\" \/>\n<meta property=\"og:site_name\" content=\"Nous Sommes Vincentiens\" \/>\n<meta property=\"article:publisher\" content=\"https:\/\/www.facebook.com\/WeAreVincentians\/\" \/>\n<meta property=\"article:author\" content=\"https:\/\/www.facebook.com\/JavierChento\" \/>\n<meta property=\"article:published_time\" content=\"2016-12-06T23:01:17+00:00\" \/>\n<meta property=\"og:image\" content=\"https:\/\/i0.wp.com\/vincentians.com\/fr\/wp-content\/uploads\/sites\/10\/2016\/07\/ephemerides-fb.jpg?fit=1200%2C630\" \/>\n\t<meta property=\"og:image:width\" content=\"1200\" \/>\n\t<meta property=\"og:image:height\" content=\"630\" \/>\n\t<meta property=\"og:image:type\" content=\"image\/jpeg\" \/>\n<meta name=\"author\" content=\"Francisco Javier Fern\u00e1ndez Chento\" \/>\n<meta name=\"twitter:card\" content=\"summary_large_image\" \/>\n<meta name=\"twitter:creator\" content=\"@https:\/\/twitter.com\/javierchento\" \/>\n<meta name=\"twitter:site\" content=\"@WeVincentians\" \/>\n<meta name=\"twitter:label1\" content=\"\u00c9crit par\" \/>\n\t<meta name=\"twitter:data1\" content=\"Francisco Javier Fern\u00e1ndez Chento\" \/>\n\t<meta name=\"twitter:label2\" content=\"Dur\u00e9e de lecture estim\u00e9e\" \/>\n\t<meta name=\"twitter:data2\" content=\"3 minutes\" \/>\n<script type=\"application\/ld+json\" class=\"yoast-schema-graph\">{\"@context\":\"https:\/\/schema.org\",\"@graph\":[{\"@type\":\"WebPage\",\"@id\":\"http:\/\/vincentians.com\/fr\/ephemerides-7-decembre\/\",\"url\":\"http:\/\/vincentians.com\/fr\/ephemerides-7-decembre\/\",\"name\":\"Eph\u00e9m\u00e9rides: 7 d\u00e9cembre - Nous Sommes Vincentiens\",\"isPartOf\":{\"@id\":\"http:\/\/vincentians.com\/fr\/#website\"},\"primaryImageOfPage\":{\"@id\":\"http:\/\/vincentians.com\/fr\/ephemerides-7-decembre\/#primaryimage\"},\"image\":{\"@id\":\"http:\/\/vincentians.com\/fr\/ephemerides-7-decembre\/#primaryimage\"},\"thumbnailUrl\":\"https:\/\/i0.wp.com\/vincentians.com\/fr\/wp-content\/uploads\/sites\/10\/2016\/07\/ephemerides-fb.jpg?fit=1200%2C630\",\"datePublished\":\"2016-12-06T23:01:17+00:00\",\"author\":{\"@id\":\"http:\/\/vincentians.com\/fr\/#\/schema\/person\/9623ef4d9aa3b2dfb8c061f1499288f2\"},\"breadcrumb\":{\"@id\":\"http:\/\/vincentians.com\/fr\/ephemerides-7-decembre\/#breadcrumb\"},\"inLanguage\":\"fr-FR\",\"potentialAction\":[{\"@type\":\"ReadAction\",\"target\":[\"http:\/\/vincentians.com\/fr\/ephemerides-7-decembre\/\"]}]},{\"@type\":\"ImageObject\",\"inLanguage\":\"fr-FR\",\"@id\":\"http:\/\/vincentians.com\/fr\/ephemerides-7-decembre\/#primaryimage\",\"url\":\"https:\/\/i0.wp.com\/vincentians.com\/fr\/wp-content\/uploads\/sites\/10\/2016\/07\/ephemerides-fb.jpg?fit=1200%2C630\",\"contentUrl\":\"https:\/\/i0.wp.com\/vincentians.com\/fr\/wp-content\/uploads\/sites\/10\/2016\/07\/ephemerides-fb.jpg?fit=1200%2C630\",\"width\":1200,\"height\":630},{\"@type\":\"BreadcrumbList\",\"@id\":\"http:\/\/vincentians.com\/fr\/ephemerides-7-decembre\/#breadcrumb\",\"itemListElement\":[{\"@type\":\"ListItem\",\"position\":1,\"name\":\"Portada\",\"item\":\"http:\/\/vincentians.com\/fr\/\"},{\"@type\":\"ListItem\",\"position\":2,\"name\":\"Eph\u00e9m\u00e9rides: 7 d\u00e9cembre\"}]},{\"@type\":\"WebSite\",\"@id\":\"http:\/\/vincentians.com\/fr\/#website\",\"url\":\"http:\/\/vincentians.com\/fr\/\",\"name\":\"Nous Sommes Vincentiens\",\"description\":\"Know more to serve more\",\"potentialAction\":[{\"@type\":\"SearchAction\",\"target\":{\"@type\":\"EntryPoint\",\"urlTemplate\":\"http:\/\/vincentians.com\/fr\/?s={search_term_string}\"},\"query-input\":{\"@type\":\"PropertyValueSpecification\",\"valueRequired\":true,\"valueName\":\"search_term_string\"}}],\"inLanguage\":\"fr-FR\"},{\"@type\":\"Person\",\"@id\":\"http:\/\/vincentians.com\/fr\/#\/schema\/person\/9623ef4d9aa3b2dfb8c061f1499288f2\",\"name\":\"Francisco Javier Fern\u00e1ndez Chento\",\"image\":{\"@type\":\"ImageObject\",\"inLanguage\":\"fr-FR\",\"@id\":\"http:\/\/vincentians.com\/fr\/#\/schema\/person\/image\/\",\"url\":\"https:\/\/secure.gravatar.com\/avatar\/497d5cde87b4c3d097d0315953521681ba2cd523ee66e5077c3711f7021e65de?s=96&d=mm&r=g\",\"contentUrl\":\"https:\/\/secure.gravatar.com\/avatar\/497d5cde87b4c3d097d0315953521681ba2cd523ee66e5077c3711f7021e65de?s=96&d=mm&r=g\",\"caption\":\"Francisco Javier Fern\u00e1ndez Chento\"},\"description\":\"Director General y cofundador de La Red de Formaci\u00f3n Vicenciana. Javier es laico vicenciano, afiliado a la Congregaci\u00f3n de la Misi\u00f3n y miembro del Equipo de Misiones Populares de la provincia can\u00f3nica de Zaragoza (Espa\u00f1a) de la Congregaci\u00f3n de la Misi\u00f3n. Graduado en la Universidad Oberta de Catalunya con cuatro grados (Asistente de direcci\u00f3n, Gesti\u00f3n Administrativa, Recursos Humanos y Contabilidad Avanzada). Bil\u00edng\u00fce Espa\u00f1ol\/Ingl\u00e9s. gestiona y mantiene varias p\u00e1ginas web cristianas y vicencianas, incluida including La Red de Formaci\u00f3n Vicenciana, de la que es cofundador. Actualmente es responsable del \u00e1rea de Espa\u00f1ol de .famvin, la Red de Noticias de la Familia Vicenciana. Tambi\u00e9n es m\u00fasico cat\u00f3lico y ha editado varios discos. Es Director General y cofundador de Trovador, una reconocida compa\u00f1\u00eda discogr\u00e1fica critiana de Espa\u00f1a. Trabaja en las Tecnolog\u00edas de la Informaci\u00f3n, ofreciendo servicios de alojamiento, dise\u00f1o y mantenimiento Web, as\u00ed como asesoramiento, formaci\u00f3n y soluciones inform\u00e1ticas, gesti\u00f3n documental y digitalizaci\u00f3n de textos, edici\u00f3n y maquetaci\u00f3n de libros, revistas, flyers, etc.\",\"sameAs\":[\"http:\/\/chento.org\",\"https:\/\/www.facebook.com\/JavierChento\",\"https:\/\/x.com\/https:\/\/twitter.com\/javierchento\"],\"url\":\"http:\/\/vincentians.com\/fr\/author\/chento\/\"}]}<\/script>\n<!-- \/ Yoast SEO plugin. -->","yoast_head_json":{"title":"Eph\u00e9m\u00e9rides: 7 d\u00e9cembre - Nous Sommes Vincentiens","robots":{"index":"index","follow":"follow","max-snippet":"max-snippet:-1","max-image-preview":"max-image-preview:large","max-video-preview":"max-video-preview:-1"},"canonical":"http:\/\/vincentians.com\/fr\/ephemerides-7-decembre\/","og_locale":"fr_FR","og_type":"article","og_title":"Eph\u00e9m\u00e9rides: 7 d\u00e9cembre - Nous Sommes Vincentiens","og_description":"1658. Sainte Louise \u00e9crit \u00e0 saint Vincent\u00a0: \u201cpour l\u2019accomplissement de sa sainte volont\u00e9 sur la Compagnie, de demander pardon \u00e0 Notre-Seigneur pour l\u2019amour du choix qu\u2019il a fait de sa tr\u00e8s sainte M\u00e8re, de toutes ... Read More","og_url":"http:\/\/vincentians.com\/fr\/ephemerides-7-decembre\/","og_site_name":"Nous Sommes Vincentiens","article_publisher":"https:\/\/www.facebook.com\/WeAreVincentians\/","article_author":"https:\/\/www.facebook.com\/JavierChento","article_published_time":"2016-12-06T23:01:17+00:00","og_image":[{"width":1200,"height":630,"url":"https:\/\/i0.wp.com\/vincentians.com\/fr\/wp-content\/uploads\/sites\/10\/2016\/07\/ephemerides-fb.jpg?fit=1200%2C630","type":"image\/jpeg"}],"author":"Francisco Javier Fern\u00e1ndez Chento","twitter_card":"summary_large_image","twitter_creator":"@https:\/\/twitter.com\/javierchento","twitter_site":"@WeVincentians","twitter_misc":{"\u00c9crit par":"Francisco Javier Fern\u00e1ndez Chento","Dur\u00e9e de lecture estim\u00e9e":"3 minutes"},"schema":{"@context":"https:\/\/schema.org","@graph":[{"@type":"WebPage","@id":"http:\/\/vincentians.com\/fr\/ephemerides-7-decembre\/","url":"http:\/\/vincentians.com\/fr\/ephemerides-7-decembre\/","name":"Eph\u00e9m\u00e9rides: 7 d\u00e9cembre - Nous Sommes Vincentiens","isPartOf":{"@id":"http:\/\/vincentians.com\/fr\/#website"},"primaryImageOfPage":{"@id":"http:\/\/vincentians.com\/fr\/ephemerides-7-decembre\/#primaryimage"},"image":{"@id":"http:\/\/vincentians.com\/fr\/ephemerides-7-decembre\/#primaryimage"},"thumbnailUrl":"https:\/\/i0.wp.com\/vincentians.com\/fr\/wp-content\/uploads\/sites\/10\/2016\/07\/ephemerides-fb.jpg?fit=1200%2C630","datePublished":"2016-12-06T23:01:17+00:00","author":{"@id":"http:\/\/vincentians.com\/fr\/#\/schema\/person\/9623ef4d9aa3b2dfb8c061f1499288f2"},"breadcrumb":{"@id":"http:\/\/vincentians.com\/fr\/ephemerides-7-decembre\/#breadcrumb"},"inLanguage":"fr-FR","potentialAction":[{"@type":"ReadAction","target":["http:\/\/vincentians.com\/fr\/ephemerides-7-decembre\/"]}]},{"@type":"ImageObject","inLanguage":"fr-FR","@id":"http:\/\/vincentians.com\/fr\/ephemerides-7-decembre\/#primaryimage","url":"https:\/\/i0.wp.com\/vincentians.com\/fr\/wp-content\/uploads\/sites\/10\/2016\/07\/ephemerides-fb.jpg?fit=1200%2C630","contentUrl":"https:\/\/i0.wp.com\/vincentians.com\/fr\/wp-content\/uploads\/sites\/10\/2016\/07\/ephemerides-fb.jpg?fit=1200%2C630","width":1200,"height":630},{"@type":"BreadcrumbList","@id":"http:\/\/vincentians.com\/fr\/ephemerides-7-decembre\/#breadcrumb","itemListElement":[{"@type":"ListItem","position":1,"name":"Portada","item":"http:\/\/vincentians.com\/fr\/"},{"@type":"ListItem","position":2,"name":"Eph\u00e9m\u00e9rides: 7 d\u00e9cembre"}]},{"@type":"WebSite","@id":"http:\/\/vincentians.com\/fr\/#website","url":"http:\/\/vincentians.com\/fr\/","name":"Nous Sommes Vincentiens","description":"Know more to serve more","potentialAction":[{"@type":"SearchAction","target":{"@type":"EntryPoint","urlTemplate":"http:\/\/vincentians.com\/fr\/?s={search_term_string}"},"query-input":{"@type":"PropertyValueSpecification","valueRequired":true,"valueName":"search_term_string"}}],"inLanguage":"fr-FR"},{"@type":"Person","@id":"http:\/\/vincentians.com\/fr\/#\/schema\/person\/9623ef4d9aa3b2dfb8c061f1499288f2","name":"Francisco Javier Fern\u00e1ndez Chento","image":{"@type":"ImageObject","inLanguage":"fr-FR","@id":"http:\/\/vincentians.com\/fr\/#\/schema\/person\/image\/","url":"https:\/\/secure.gravatar.com\/avatar\/497d5cde87b4c3d097d0315953521681ba2cd523ee66e5077c3711f7021e65de?s=96&d=mm&r=g","contentUrl":"https:\/\/secure.gravatar.com\/avatar\/497d5cde87b4c3d097d0315953521681ba2cd523ee66e5077c3711f7021e65de?s=96&d=mm&r=g","caption":"Francisco Javier Fern\u00e1ndez Chento"},"description":"Director General y cofundador de La Red de Formaci\u00f3n Vicenciana. Javier es laico vicenciano, afiliado a la Congregaci\u00f3n de la Misi\u00f3n y miembro del Equipo de Misiones Populares de la provincia can\u00f3nica de Zaragoza (Espa\u00f1a) de la Congregaci\u00f3n de la Misi\u00f3n. Graduado en la Universidad Oberta de Catalunya con cuatro grados (Asistente de direcci\u00f3n, Gesti\u00f3n Administrativa, Recursos Humanos y Contabilidad Avanzada). Bil\u00edng\u00fce Espa\u00f1ol\/Ingl\u00e9s. gestiona y mantiene varias p\u00e1ginas web cristianas y vicencianas, incluida including La Red de Formaci\u00f3n Vicenciana, de la que es cofundador. Actualmente es responsable del \u00e1rea de Espa\u00f1ol de .famvin, la Red de Noticias de la Familia Vicenciana. Tambi\u00e9n es m\u00fasico cat\u00f3lico y ha editado varios discos. Es Director General y cofundador de Trovador, una reconocida compa\u00f1\u00eda discogr\u00e1fica critiana de Espa\u00f1a. Trabaja en las Tecnolog\u00edas de la Informaci\u00f3n, ofreciendo servicios de alojamiento, dise\u00f1o y mantenimiento Web, as\u00ed como asesoramiento, formaci\u00f3n y soluciones inform\u00e1ticas, gesti\u00f3n documental y digitalizaci\u00f3n de textos, edici\u00f3n y maquetaci\u00f3n de libros, revistas, flyers, etc.","sameAs":["http:\/\/chento.org","https:\/\/www.facebook.com\/JavierChento","https:\/\/x.com\/https:\/\/twitter.com\/javierchento"],"url":"http:\/\/vincentians.com\/fr\/author\/chento\/"}]}},"jetpack_publicize_connections":[],"jetpack_featured_media_url":"https:\/\/i0.wp.com\/vincentians.com\/fr\/wp-content\/uploads\/sites\/10\/2016\/07\/ephemerides-fb.jpg?fit=1200%2C630","jetpack_sharing_enabled":true,"jetpack_shortlink":"https:\/\/wp.me\/p7ETMP-rhh","jetpack-related-posts":[{"id":52068,"url":"http:\/\/vincentians.com\/fr\/saint-vincent-de-paul-et-sa-mission-sociale-vi-la-posterite-1\/","url_meta":{"origin":104859,"position":0},"title":"Saint Vincent De Paul Et Sa Mission Sociale. VI &#8211; La Post\u00e9rit\u00e9 (1)","author":"Francisco Javier Fern\u00e1ndez Chento","date":"30\/12\/2014","format":false,"excerpt":"L\u2019ACCROISSEMENT. \u2014 Extension des deux familles de saint Vincent de Paul. \u2014 Progr\u00e8s de leurs \u0153uvres. \u2014 Les missions \u00e9trang\u00e8res et les s\u00e9minaires. \u2014 Les successeurs de saint Vincent. \u2014 Congr\u00e9gations religieuses fond\u00e9es sur le mod\u00e8le de la Mission. \u2014 Les Filles de la Charit\u00e9 en France et \u00e0 l\u2019\u00e9tranger.\u2026","rel":"","context":"Dans &quot;Vincent de Paul&quot;","block_context":{"text":"Vincent de Paul","link":"http:\/\/vincentians.com\/fr\/category\/the-vincentian-family\/founders\/vincent-de-paul\/"},"img":{"alt_text":"","src":"https:\/\/i0.wp.com\/vincentians.com\/fr\/wp-content\/uploads\/sites\/10\/2016\/07\/vincent-et-sa-action-sociale.jpg?fit=1160%2C630&resize=350%2C200","width":350,"height":200,"srcset":"https:\/\/i0.wp.com\/vincentians.com\/fr\/wp-content\/uploads\/sites\/10\/2016\/07\/vincent-et-sa-action-sociale.jpg?fit=1160%2C630&resize=350%2C200 1x, https:\/\/i0.wp.com\/vincentians.com\/fr\/wp-content\/uploads\/sites\/10\/2016\/07\/vincent-et-sa-action-sociale.jpg?fit=1160%2C630&resize=525%2C300 1.5x, https:\/\/i0.wp.com\/vincentians.com\/fr\/wp-content\/uploads\/sites\/10\/2016\/07\/vincent-et-sa-action-sociale.jpg?fit=1160%2C630&resize=700%2C400 2x, https:\/\/i0.wp.com\/vincentians.com\/fr\/wp-content\/uploads\/sites\/10\/2016\/07\/vincent-et-sa-action-sociale.jpg?fit=1160%2C630&resize=1050%2C600 3x"},"classes":[]},{"id":105955,"url":"http:\/\/vincentians.com\/fr\/ephemerides-10-mars\/","url_meta":{"origin":104859,"position":1},"title":"Eph\u00e9m\u00e9rides: 10 mars","author":"Francisco Javier Fern\u00e1ndez Chento","date":"10\/03\/2017","format":false,"excerpt":"1654. Dans une lettre \u00e9crite la veille, sainte Louise recommande aux Premi\u00e8res Soeurs\u00a0: \"Ne songeons qu'\u00e0 bien faire pour plaire \u00e0 Dieu\u00a0: le manquement d'aide ext\u00e9rieure des cr\u00e9atures nous servira \u00e0 nous avancer en la perfection du saint amour\u00a0; car, savez-vous ce que fait Notre-Seigneur quand une \u00e2me est d\u00e9laiss\u00e9e\u2026","rel":"","context":"Dans &quot;\u00c9ph\u00e9m\u00e9rides vincentiens&quot;","block_context":{"text":"\u00c9ph\u00e9m\u00e9rides vincentiens","link":"http:\/\/vincentians.com\/fr\/category\/ephemerides-vincentiens\/"},"img":{"alt_text":"","src":"https:\/\/i0.wp.com\/vincentians.com\/fr\/wp-content\/uploads\/sites\/10\/2016\/07\/ephemerides-fb.jpg?fit=1200%2C630&resize=350%2C200","width":350,"height":200,"srcset":"https:\/\/i0.wp.com\/vincentians.com\/fr\/wp-content\/uploads\/sites\/10\/2016\/07\/ephemerides-fb.jpg?fit=1200%2C630&resize=350%2C200 1x, https:\/\/i0.wp.com\/vincentians.com\/fr\/wp-content\/uploads\/sites\/10\/2016\/07\/ephemerides-fb.jpg?fit=1200%2C630&resize=525%2C300 1.5x, https:\/\/i0.wp.com\/vincentians.com\/fr\/wp-content\/uploads\/sites\/10\/2016\/07\/ephemerides-fb.jpg?fit=1200%2C630&resize=700%2C400 2x, https:\/\/i0.wp.com\/vincentians.com\/fr\/wp-content\/uploads\/sites\/10\/2016\/07\/ephemerides-fb.jpg?fit=1200%2C630&resize=1050%2C600 3x"},"classes":[]},{"id":108348,"url":"http:\/\/vincentians.com\/fr\/ephemerides-13-fevrier\/","url_meta":{"origin":104859,"position":2},"title":"Eph\u00e9m\u00e9rides: 13 f\u00e9vrier","author":"Francisco Javier Fern\u00e1ndez Chento","date":"13\/02\/2017","format":false,"excerpt":"En 1644, importante lettre de saint Vincent au sujet des protestants. On y trouve aussi ces lignes sur l'exercice de l'autorit\u00e9 : \"Il est rare d'\u00eatre en quelque condition que ce soit, notamment en celle o\u00f9 vous \u00eates, sans tomber sous la langue des m\u00e9disants ou les plaintes des m\u00e9contents,\u2026","rel":"","context":"Dans &quot;\u00c9ph\u00e9m\u00e9rides vincentiens&quot;","block_context":{"text":"\u00c9ph\u00e9m\u00e9rides vincentiens","link":"http:\/\/vincentians.com\/fr\/category\/ephemerides-vincentiens\/"},"img":{"alt_text":"","src":"https:\/\/i0.wp.com\/vincentians.com\/fr\/wp-content\/uploads\/sites\/10\/2016\/07\/ephemerides-fb.jpg?fit=1200%2C630&resize=350%2C200","width":350,"height":200,"srcset":"https:\/\/i0.wp.com\/vincentians.com\/fr\/wp-content\/uploads\/sites\/10\/2016\/07\/ephemerides-fb.jpg?fit=1200%2C630&resize=350%2C200 1x, https:\/\/i0.wp.com\/vincentians.com\/fr\/wp-content\/uploads\/sites\/10\/2016\/07\/ephemerides-fb.jpg?fit=1200%2C630&resize=525%2C300 1.5x, https:\/\/i0.wp.com\/vincentians.com\/fr\/wp-content\/uploads\/sites\/10\/2016\/07\/ephemerides-fb.jpg?fit=1200%2C630&resize=700%2C400 2x, https:\/\/i0.wp.com\/vincentians.com\/fr\/wp-content\/uploads\/sites\/10\/2016\/07\/ephemerides-fb.jpg?fit=1200%2C630&resize=1050%2C600 3x"},"classes":[]},{"id":104154,"url":"http:\/\/vincentians.com\/fr\/ephemerides-12-novembre\/","url_meta":{"origin":104859,"position":3},"title":"Eph\u00e9m\u00e9rides: 12 novembre","author":"Francisco Javier Fern\u00e1ndez Chento","date":"12\/11\/2016","format":false,"excerpt":"1689. Envoi de deux S\u0153urs \u00e0 Saint-Cheron \u00e0 la demande de Monsieur Fran\u00e7ois de Lamoignon pour l\u2019assistance des malades de Saint Cheron et des hameaux environnants Fran\u00e7ois de Lamoignon est le petit fils de madame de Lamoignon, Dame de la Charit\u00e9 tr\u00e8s appr\u00e9ci\u00e9e de Saint Vincent. Sa m\u00e8re, n\u00e9e Madeleine\u2026","rel":"","context":"Dans &quot;\u00c9ph\u00e9m\u00e9rides vincentiens&quot;","block_context":{"text":"\u00c9ph\u00e9m\u00e9rides vincentiens","link":"http:\/\/vincentians.com\/fr\/category\/ephemerides-vincentiens\/"},"img":{"alt_text":"","src":"https:\/\/i0.wp.com\/vincentians.com\/fr\/wp-content\/uploads\/sites\/10\/2016\/07\/ephemerides-fb.jpg?fit=1200%2C630&resize=350%2C200","width":350,"height":200,"srcset":"https:\/\/i0.wp.com\/vincentians.com\/fr\/wp-content\/uploads\/sites\/10\/2016\/07\/ephemerides-fb.jpg?fit=1200%2C630&resize=350%2C200 1x, https:\/\/i0.wp.com\/vincentians.com\/fr\/wp-content\/uploads\/sites\/10\/2016\/07\/ephemerides-fb.jpg?fit=1200%2C630&resize=525%2C300 1.5x, https:\/\/i0.wp.com\/vincentians.com\/fr\/wp-content\/uploads\/sites\/10\/2016\/07\/ephemerides-fb.jpg?fit=1200%2C630&resize=700%2C400 2x, https:\/\/i0.wp.com\/vincentians.com\/fr\/wp-content\/uploads\/sites\/10\/2016\/07\/ephemerides-fb.jpg?fit=1200%2C630&resize=1050%2C600 3x"},"classes":[]},{"id":189323,"url":"http:\/\/vincentians.com\/fr\/ephemerides-19-juilliet\/","url_meta":{"origin":104859,"position":4},"title":"Eph\u00e9m\u00e9rides: 19 juilliet","author":"Francisco Javier Fern\u00e1ndez Chento","date":"19\/07\/2017","format":false,"excerpt":"1633. \u00c0 Paris, dans l\u2019ancien Saint-Lazare, se tient la premi\u00e8re Conf\u00e9rence des Mardis. L\u2019esprit eccl\u00e9siastique, les motifs de le poss\u00e9der, sa nature et les moyens de l\u2019acqu\u00e9rir, tel fut le th\u00e8me de cette premi\u00e8re assembl\u00e9e. Elle inaugurait une s\u00e9rie de r\u00e9unions dont les membres, du vivant de Monsieur Vincent, allaient\u2026","rel":"","context":"Dans &quot;\u00c9ph\u00e9m\u00e9rides vincentiens&quot;","block_context":{"text":"\u00c9ph\u00e9m\u00e9rides vincentiens","link":"http:\/\/vincentians.com\/fr\/category\/ephemerides-vincentiens\/"},"img":{"alt_text":"","src":"https:\/\/i0.wp.com\/vincentians.com\/fr\/wp-content\/uploads\/sites\/10\/2016\/07\/ephemerides-fb.jpg?fit=1200%2C630&resize=350%2C200","width":350,"height":200,"srcset":"https:\/\/i0.wp.com\/vincentians.com\/fr\/wp-content\/uploads\/sites\/10\/2016\/07\/ephemerides-fb.jpg?fit=1200%2C630&resize=350%2C200 1x, https:\/\/i0.wp.com\/vincentians.com\/fr\/wp-content\/uploads\/sites\/10\/2016\/07\/ephemerides-fb.jpg?fit=1200%2C630&resize=525%2C300 1.5x, https:\/\/i0.wp.com\/vincentians.com\/fr\/wp-content\/uploads\/sites\/10\/2016\/07\/ephemerides-fb.jpg?fit=1200%2C630&resize=700%2C400 2x, https:\/\/i0.wp.com\/vincentians.com\/fr\/wp-content\/uploads\/sites\/10\/2016\/07\/ephemerides-fb.jpg?fit=1200%2C630&resize=1050%2C600 3x"},"classes":[]},{"id":105530,"url":"http:\/\/vincentians.com\/fr\/ephemerides-17-janvier\/","url_meta":{"origin":104859,"position":5},"title":"Eph\u00e9m\u00e9rides: 17 janvier","author":"Francisco Javier Fern\u00e1ndez Chento","date":"17\/01\/2017","format":false,"excerpt":"1660. Sainte Louise \u00e9crit \u00e0 Soeur Marguerite Ch\u00e9tif \u00e0 Arras\u00a0: \"Ne trouvez-vous point de filles qui aient envie de se donner en la Compagnie pour le service de Notre-Seigneur en la personne des Pauvres\u00a0? Vous savez qu'il faut des esprits bien faits et qui d\u00e9sirent la perfection de v\u00e9ritables chr\u00e9tiennes,\u2026","rel":"","context":"Dans &quot;\u00c9ph\u00e9m\u00e9rides vincentiens&quot;","block_context":{"text":"\u00c9ph\u00e9m\u00e9rides vincentiens","link":"http:\/\/vincentians.com\/fr\/category\/ephemerides-vincentiens\/"},"img":{"alt_text":"","src":"https:\/\/i0.wp.com\/vincentians.com\/fr\/wp-content\/uploads\/sites\/10\/2016\/07\/ephemerides-fb.jpg?fit=1200%2C630&resize=350%2C200","width":350,"height":200,"srcset":"https:\/\/i0.wp.com\/vincentians.com\/fr\/wp-content\/uploads\/sites\/10\/2016\/07\/ephemerides-fb.jpg?fit=1200%2C630&resize=350%2C200 1x, https:\/\/i0.wp.com\/vincentians.com\/fr\/wp-content\/uploads\/sites\/10\/2016\/07\/ephemerides-fb.jpg?fit=1200%2C630&resize=525%2C300 1.5x, https:\/\/i0.wp.com\/vincentians.com\/fr\/wp-content\/uploads\/sites\/10\/2016\/07\/ephemerides-fb.jpg?fit=1200%2C630&resize=700%2C400 2x, https:\/\/i0.wp.com\/vincentians.com\/fr\/wp-content\/uploads\/sites\/10\/2016\/07\/ephemerides-fb.jpg?fit=1200%2C630&resize=1050%2C600 3x"},"classes":[]}],"_links":{"self":[{"href":"http:\/\/vincentians.com\/fr\/wp-json\/wp\/v2\/posts\/104859","targetHints":{"allow":["GET"]}}],"collection":[{"href":"http:\/\/vincentians.com\/fr\/wp-json\/wp\/v2\/posts"}],"about":[{"href":"http:\/\/vincentians.com\/fr\/wp-json\/wp\/v2\/types\/post"}],"author":[{"embeddable":true,"href":"http:\/\/vincentians.com\/fr\/wp-json\/wp\/v2\/users\/4"}],"replies":[{"embeddable":true,"href":"http:\/\/vincentians.com\/fr\/wp-json\/wp\/v2\/comments?post=104859"}],"version-history":[{"count":0,"href":"http:\/\/vincentians.com\/fr\/wp-json\/wp\/v2\/posts\/104859\/revisions"}],"wp:featuredmedia":[{"embeddable":true,"href":"http:\/\/vincentians.com\/fr\/wp-json\/wp\/v2\/media\/149897"}],"wp:attachment":[{"href":"http:\/\/vincentians.com\/fr\/wp-json\/wp\/v2\/media?parent=104859"}],"wp:term":[{"taxonomy":"category","embeddable":true,"href":"http:\/\/vincentians.com\/fr\/wp-json\/wp\/v2\/categories?post=104859"},{"taxonomy":"post_tag","embeddable":true,"href":"http:\/\/vincentians.com\/fr\/wp-json\/wp\/v2\/tags?post=104859"}],"curies":[{"name":"wp","href":"https:\/\/api.w.org\/{rel}","templated":true}]}}