{"id":104848,"date":"2016-12-06T00:01:17","date_gmt":"2016-12-05T23:01:17","guid":{"rendered":"http:\/\/vincentiens.org\/?p=104848"},"modified":"2016-12-06T00:01:17","modified_gmt":"2016-12-05T23:01:17","slug":"ephemerides-6-decembre","status":"publish","type":"post","link":"http:\/\/vincentians.com\/fr\/ephemerides-6-decembre\/","title":{"rendered":"Eph\u00e9m\u00e9rides: 6 d\u00e9cembre"},"content":{"rendered":"<p><strong>1640<\/strong>. Arriv\u00e9e \u00e0 Angers de Louise de Marillac (apr\u00e8s quatorze jours de voyage). Elle vient pour installer nos Premi\u00e8res S\u0153urs \u00e0 l\u2019H\u00f4pital. Celles-ci, au dire de Monsieur Vincent \u201csont entr\u00e9es dans l\u2019h\u00f4pital de cette ville lorsqu\u2019il \u00e9tait infect\u00e9 d\u2019un air contagieux. Elles ont assist\u00e9 les pestif\u00e9r\u00e9s comme les autres. Il semble que le mal les respect\u00e2t\u201d. Dans leur R\u00e8glement conserv\u00e9 aux Archives Nationales on peut lire ce qui est valable encore aujourd\u2019hui\u00a0; \u201cLa premi\u00e8re chose que Notre-Seigneur demande d\u2019elles, c\u2019est qu\u2019elles l\u2019aiment souverainement et fassent toutes leurs actions pour l\u2019amour de Lui, et la seconde, qu\u2019elles s\u2019entrech\u00e9rissent entre elles, qu\u2019il a li\u00e9es du lien de son amour, et les Pauvres Malades comme leurs Seigneurs, puisque Notre-Seigneur est en eux et eux en Notre-Seigneur\u201d.<\/p>\n<p><strong>1778<\/strong>. \u00c0 Saint-Lazare est re\u00e7u celui qui deviendra le onzi\u00e8me sup\u00e9rieur g\u00e9n\u00e9ral de la petite Compagnie\u00a0: Pierre-Joseph de Wailly. Il a dix-neuf ans et vient d\u2019achever ses \u00e9tudes \u00e0 l\u2019universit\u00e9 de Douai. Il s\u2019incorpore aujourd\u2019hui \u00e0 cette jeunesse dont le Sup\u00e9rieur g\u00e9n\u00e9ral d\u2019alors, M. Jacquier, pouvait \u00e9crire\u00a0: \u201cA Paris nous avons un tr\u00e8s grand nombre d\u2019\u00e9tudiants et de s\u00e9minaristes qui promettent par leur pi\u00e9t\u00e9, leur r\u00e9gularit\u00e9 et leurs dispositions pour les sciences\u201d<span id='easy-footnote-1-104848' class='easy-footnote-margin-adjust'><\/span><span class='easy-footnote'><a href='http:\/\/vincentians.com\/fr\/ephemerides-6-decembre\/#easy-footnote-bottom-1-104848' title='Circulaires, t. II, p. 410.'><sup>1<\/sup><\/a><\/span>.<\/p>\n<p><strong>1854<\/strong>. D\u00e9part pour la Crim\u00e9e de Miss Nightingale, \u00e0 la t\u00eate d\u2019infirmi\u00e8res protestantes anglaises. Avant de partir, elle visita la Maison-M\u00e8re et fut re\u00e7ue par M. Etienne, Sup\u00e9rieur G\u00e9n\u00e9ral qui la pr\u00e9vint que sans la Sainte Eucharistie, il craignait qu\u2019elles ne supportent pas les peines des ambulances. En effet, ces infirmi\u00e8res se retir\u00e8rent bient\u00f4t.<\/p>\n<p><strong>1917<\/strong>. \u00c0 Paris, en l\u2019\u00e9glise Saint-Sulpice, commence le triduum qui marque le troisi\u00e8me centenaire de la fondation, par saint Vincent, des Confr\u00e9ries de la Charit\u00e9. Peut-\u00eatre ces f\u00eates eussent-elles eu plus d\u2019\u00e9clat, si elles ne s\u2019\u00e9taient pas situ\u00e9es en pleine guerre\u00a0; mais l\u2019\u0153uvre de Monsieur Vincent, toujours aux avant-postes de la mis\u00e9ricorde avec ses Dames de la Charit\u00e9, aurait-elle \u00e9t\u00e9 c\u00e9l\u00e9br\u00e9e avec une \u00e9loquence plus digne du g\u00e9nie de son fondateur\u00a0? Non, sans doute, car dans la chaire de Saint-Sulpice, en chacune de ces trois apr\u00e8s-midi, mont\u00e8rent trois orateurs qui unirent la magie du verbe \u00e0, la flamme apostolique\u00a0: Mgr Rivi\u00e8re, \u00e9v\u00eaque de P\u00e9rigueux, Mgr Henry, vicaire g\u00e9n\u00e9ral de Verdun, qui accepta de remplacer, pour la circonstance, Mgr Lenfant, \u00e9v\u00eaque de Digne, r\u00e9cemment d\u00e9c\u00e9d\u00e9\u00a0; le dernier discours fut l\u2019\u0153uvre de Mgr Touchet, \u00e9v\u00eaque d\u2019Orl\u00e9ans, et le nommer, c\u2019est tout dire\u2026 Prolongeant l\u2019intense \u00e9motion spirituelle provoqu\u00e9e par ces ma\u00eetres de la parole, l\u2019orgue, le somptueux orgue de Saint-Sulpice, sous les doigts de Widor, exprima tour \u00e0 tour, la pri\u00e8re et le triomphe\u2026 La pr\u00e9sidence de ces c\u00e9l\u00e9brations revint successivement \u00e0 M. Louwyck, vicaire g\u00e9n\u00e9ral de la Mission\u00a0; \u00e0 M. Garriguet, sup\u00e9rieur g\u00e9n\u00e9ral de Saint-Sulpice, et, le dernier jour, au cardinal Amette. Le matin de la cl\u00f4ture des f\u00eates, le 8 d\u00e9cembre, l\u2019archev\u00eaque de Paris tint \u00e0 venir c\u00e9l\u00e9brer, pour les Dames de la Charit\u00e9, la messe dans la chapelle de la Maison-M\u00e8re, dont l\u2019exigu\u00eft\u00e9 n\u2019aurait pu s\u2019accommoder aux belles assembl\u00e9es de ce triduum<span id='easy-footnote-2-104848' class='easy-footnote-margin-adjust'><\/span><span class='easy-footnote'><a href='http:\/\/vincentians.com\/fr\/ephemerides-6-decembre\/#easy-footnote-bottom-2-104848' title='Annales, t. 83, pp. 314-327.'><sup>2<\/sup><\/a><\/span>.<\/p>\n<p><strong>1949<\/strong>. \u00c0 Paris, \u00e0 l\u2019h\u00f4pital Saint-Michel, mort de M. Charles-Gabriel Mantelet. Le s\u00e9minaire de Meaux, le petit s\u00e9minaire de Quito, le Berceau ont b\u00e9n\u00e9fici\u00e9 de ses premi\u00e8res ann\u00e9es d\u2019enseignement troubl\u00e9es par son \u00e9tat de sant\u00e9. Constantinople o\u00f9 il fut plac\u00e9 en 1912 l\u2019aurait peut-\u00eatre gard\u00e9\u00a0; mais la guerre de 1914, en mobilisant M. Mantelet allait le placer \u00e0 port\u00e9e de la main des sup\u00e9rieurs, quand il s\u2019agit, en 1918, d\u2019ouvrir \u00e0 Gentilly une \u00e9cole apostolique. Et alors, tout en prodiguant au-dehors sa parole \u00e9loquente, M. Mantelet, pendant trente ans, mit au service des \u00e9l\u00e8ves son universelle culture, peut-\u00eatre trop vaste pour eux, qui retiendront plus facilement ses distractions l\u00e9gendaires, les bonnes histoires dont il savait animer ses classes, et aussi ses \u00e9clats, qui emp\u00eachaient d\u2019oublier que M. Mantelet \u00e9tait n\u00e9 \u00e0 Tonnerre, dans l\u2019Yonne.<\/p>\n","protected":false},"excerpt":{"rendered":"<p>1640. Arriv\u00e9e \u00e0 Angers de Louise de Marillac (apr\u00e8s quatorze jours de voyage). Elle vient pour installer nos Premi\u00e8res S\u0153urs \u00e0 l\u2019H\u00f4pital. Celles-ci, au dire de Monsieur Vincent \u201csont entr\u00e9es dans l\u2019h\u00f4pital de cette ville &#8230; <a href=\"http:\/\/vincentians.com\/fr\/ephemerides-6-decembre\/\" class=\"more-link\">Read More<\/a><\/p>\n","protected":false},"author":4,"featured_media":149897,"comment_status":"open","ping_status":"open","sticky":false,"template":"","format":"standard","meta":{"jetpack_post_was_ever_published":false,"_jetpack_newsletter_access":"","_jetpack_dont_email_post_to_subs":false,"_jetpack_newsletter_tier_id":0,"_jetpack_memberships_contains_paywalled_content":false,"_jetpack_memberships_contains_paid_content":false,"footnotes":"","jetpack_publicize_message":"","jetpack_publicize_feature_enabled":true,"jetpack_social_post_already_shared":true,"jetpack_social_options":{"image_generator_settings":{"template":"highway","default_image_id":0,"font":"","enabled":false},"version":2}},"categories":[119],"tags":[],"class_list":["post-104848","post","type-post","status-publish","format-standard","has-post-thumbnail","hentry","category-ephemerides-vincentiens"],"yoast_head":"<!-- This site is optimized with the Yoast SEO plugin v26.3 - https:\/\/yoast.com\/wordpress\/plugins\/seo\/ -->\n<title>Eph\u00e9m\u00e9rides: 6 d\u00e9cembre - Nous Sommes Vincentiens<\/title>\n<meta name=\"robots\" content=\"index, follow, max-snippet:-1, max-image-preview:large, max-video-preview:-1\" \/>\n<link rel=\"canonical\" href=\"https:\/\/vincentians.com\/fr\/ephemerides-6-decembre\/\" \/>\n<meta property=\"og:locale\" content=\"fr_FR\" \/>\n<meta property=\"og:type\" content=\"article\" \/>\n<meta property=\"og:title\" content=\"Eph\u00e9m\u00e9rides: 6 d\u00e9cembre - Nous Sommes Vincentiens\" \/>\n<meta property=\"og:description\" content=\"1640. Arriv\u00e9e \u00e0 Angers de Louise de Marillac (apr\u00e8s quatorze jours de voyage). Elle vient pour installer nos Premi\u00e8res S\u0153urs \u00e0 l\u2019H\u00f4pital. Celles-ci, au dire de Monsieur Vincent \u201csont entr\u00e9es dans l\u2019h\u00f4pital de cette ville ... Read More\" \/>\n<meta property=\"og:url\" content=\"https:\/\/vincentians.com\/fr\/ephemerides-6-decembre\/\" \/>\n<meta property=\"og:site_name\" content=\"Nous Sommes Vincentiens\" \/>\n<meta property=\"article:publisher\" content=\"https:\/\/www.facebook.com\/WeAreVincentians\/\" \/>\n<meta property=\"article:author\" content=\"https:\/\/www.facebook.com\/JavierChento\" \/>\n<meta property=\"article:published_time\" content=\"2016-12-05T23:01:17+00:00\" \/>\n<meta property=\"og:image\" content=\"https:\/\/i0.wp.com\/vincentians.com\/fr\/wp-content\/uploads\/sites\/10\/2016\/07\/ephemerides-fb.jpg?fit=1200%2C630&ssl=1\" \/>\n\t<meta property=\"og:image:width\" content=\"1200\" \/>\n\t<meta property=\"og:image:height\" content=\"630\" \/>\n\t<meta property=\"og:image:type\" content=\"image\/jpeg\" \/>\n<meta name=\"author\" content=\"Francisco Javier Fern\u00e1ndez Chento\" \/>\n<meta name=\"twitter:card\" content=\"summary_large_image\" \/>\n<meta name=\"twitter:creator\" content=\"@https:\/\/twitter.com\/javierchento\" \/>\n<meta name=\"twitter:site\" content=\"@WeVincentians\" \/>\n<meta name=\"twitter:label1\" content=\"\u00c9crit par\" \/>\n\t<meta name=\"twitter:data1\" content=\"Francisco Javier Fern\u00e1ndez Chento\" \/>\n\t<meta name=\"twitter:label2\" content=\"Dur\u00e9e de lecture estim\u00e9e\" \/>\n\t<meta name=\"twitter:data2\" content=\"4 minutes\" \/>\n<script type=\"application\/ld+json\" class=\"yoast-schema-graph\">{\"@context\":\"https:\/\/schema.org\",\"@graph\":[{\"@type\":\"WebPage\",\"@id\":\"https:\/\/vincentians.com\/fr\/ephemerides-6-decembre\/\",\"url\":\"https:\/\/vincentians.com\/fr\/ephemerides-6-decembre\/\",\"name\":\"Eph\u00e9m\u00e9rides: 6 d\u00e9cembre - Nous Sommes Vincentiens\",\"isPartOf\":{\"@id\":\"https:\/\/vincentians.com\/fr\/#website\"},\"primaryImageOfPage\":{\"@id\":\"https:\/\/vincentians.com\/fr\/ephemerides-6-decembre\/#primaryimage\"},\"image\":{\"@id\":\"https:\/\/vincentians.com\/fr\/ephemerides-6-decembre\/#primaryimage\"},\"thumbnailUrl\":\"https:\/\/i0.wp.com\/vincentians.com\/fr\/wp-content\/uploads\/sites\/10\/2016\/07\/ephemerides-fb.jpg?fit=1200%2C630\",\"datePublished\":\"2016-12-05T23:01:17+00:00\",\"author\":{\"@id\":\"https:\/\/vincentians.com\/fr\/#\/schema\/person\/9623ef4d9aa3b2dfb8c061f1499288f2\"},\"breadcrumb\":{\"@id\":\"https:\/\/vincentians.com\/fr\/ephemerides-6-decembre\/#breadcrumb\"},\"inLanguage\":\"fr-FR\",\"potentialAction\":[{\"@type\":\"ReadAction\",\"target\":[\"https:\/\/vincentians.com\/fr\/ephemerides-6-decembre\/\"]}]},{\"@type\":\"ImageObject\",\"inLanguage\":\"fr-FR\",\"@id\":\"https:\/\/vincentians.com\/fr\/ephemerides-6-decembre\/#primaryimage\",\"url\":\"https:\/\/i0.wp.com\/vincentians.com\/fr\/wp-content\/uploads\/sites\/10\/2016\/07\/ephemerides-fb.jpg?fit=1200%2C630\",\"contentUrl\":\"https:\/\/i0.wp.com\/vincentians.com\/fr\/wp-content\/uploads\/sites\/10\/2016\/07\/ephemerides-fb.jpg?fit=1200%2C630\",\"width\":1200,\"height\":630},{\"@type\":\"BreadcrumbList\",\"@id\":\"https:\/\/vincentians.com\/fr\/ephemerides-6-decembre\/#breadcrumb\",\"itemListElement\":[{\"@type\":\"ListItem\",\"position\":1,\"name\":\"Portada\",\"item\":\"https:\/\/vincentians.com\/fr\/\"},{\"@type\":\"ListItem\",\"position\":2,\"name\":\"Eph\u00e9m\u00e9rides: 6 d\u00e9cembre\"}]},{\"@type\":\"WebSite\",\"@id\":\"https:\/\/vincentians.com\/fr\/#website\",\"url\":\"https:\/\/vincentians.com\/fr\/\",\"name\":\"Nous Sommes Vincentiens\",\"description\":\"Know more to serve more\",\"potentialAction\":[{\"@type\":\"SearchAction\",\"target\":{\"@type\":\"EntryPoint\",\"urlTemplate\":\"https:\/\/vincentians.com\/fr\/?s={search_term_string}\"},\"query-input\":{\"@type\":\"PropertyValueSpecification\",\"valueRequired\":true,\"valueName\":\"search_term_string\"}}],\"inLanguage\":\"fr-FR\"},{\"@type\":\"Person\",\"@id\":\"https:\/\/vincentians.com\/fr\/#\/schema\/person\/9623ef4d9aa3b2dfb8c061f1499288f2\",\"name\":\"Francisco Javier Fern\u00e1ndez Chento\",\"image\":{\"@type\":\"ImageObject\",\"inLanguage\":\"fr-FR\",\"@id\":\"https:\/\/vincentians.com\/fr\/#\/schema\/person\/image\/\",\"url\":\"https:\/\/secure.gravatar.com\/avatar\/497d5cde87b4c3d097d0315953521681ba2cd523ee66e5077c3711f7021e65de?s=96&d=mm&r=g\",\"contentUrl\":\"https:\/\/secure.gravatar.com\/avatar\/497d5cde87b4c3d097d0315953521681ba2cd523ee66e5077c3711f7021e65de?s=96&d=mm&r=g\",\"caption\":\"Francisco Javier Fern\u00e1ndez Chento\"},\"description\":\"Director General y cofundador de La Red de Formaci\u00f3n Vicenciana. Javier es laico vicenciano, afiliado a la Congregaci\u00f3n de la Misi\u00f3n y miembro del Equipo de Misiones Populares de la provincia can\u00f3nica de Zaragoza (Espa\u00f1a) de la Congregaci\u00f3n de la Misi\u00f3n. Graduado en la Universidad Oberta de Catalunya con cuatro grados (Asistente de direcci\u00f3n, Gesti\u00f3n Administrativa, Recursos Humanos y Contabilidad Avanzada). Bil\u00edng\u00fce Espa\u00f1ol\/Ingl\u00e9s. gestiona y mantiene varias p\u00e1ginas web cristianas y vicencianas, incluida including La Red de Formaci\u00f3n Vicenciana, de la que es cofundador. Actualmente es responsable del \u00e1rea de Espa\u00f1ol de .famvin, la Red de Noticias de la Familia Vicenciana. Tambi\u00e9n es m\u00fasico cat\u00f3lico y ha editado varios discos. Es Director General y cofundador de Trovador, una reconocida compa\u00f1\u00eda discogr\u00e1fica critiana de Espa\u00f1a. Trabaja en las Tecnolog\u00edas de la Informaci\u00f3n, ofreciendo servicios de alojamiento, dise\u00f1o y mantenimiento Web, as\u00ed como asesoramiento, formaci\u00f3n y soluciones inform\u00e1ticas, gesti\u00f3n documental y digitalizaci\u00f3n de textos, edici\u00f3n y maquetaci\u00f3n de libros, revistas, flyers, etc.\",\"sameAs\":[\"http:\/\/chento.org\",\"https:\/\/www.facebook.com\/JavierChento\",\"https:\/\/x.com\/https:\/\/twitter.com\/javierchento\"],\"url\":\"http:\/\/vincentians.com\/fr\/author\/chento\/\"}]}<\/script>\n<!-- \/ Yoast SEO plugin. -->","yoast_head_json":{"title":"Eph\u00e9m\u00e9rides: 6 d\u00e9cembre - Nous Sommes Vincentiens","robots":{"index":"index","follow":"follow","max-snippet":"max-snippet:-1","max-image-preview":"max-image-preview:large","max-video-preview":"max-video-preview:-1"},"canonical":"https:\/\/vincentians.com\/fr\/ephemerides-6-decembre\/","og_locale":"fr_FR","og_type":"article","og_title":"Eph\u00e9m\u00e9rides: 6 d\u00e9cembre - Nous Sommes Vincentiens","og_description":"1640. Arriv\u00e9e \u00e0 Angers de Louise de Marillac (apr\u00e8s quatorze jours de voyage). Elle vient pour installer nos Premi\u00e8res S\u0153urs \u00e0 l\u2019H\u00f4pital. Celles-ci, au dire de Monsieur Vincent \u201csont entr\u00e9es dans l\u2019h\u00f4pital de cette ville ... Read More","og_url":"https:\/\/vincentians.com\/fr\/ephemerides-6-decembre\/","og_site_name":"Nous Sommes Vincentiens","article_publisher":"https:\/\/www.facebook.com\/WeAreVincentians\/","article_author":"https:\/\/www.facebook.com\/JavierChento","article_published_time":"2016-12-05T23:01:17+00:00","og_image":[{"width":1200,"height":630,"url":"https:\/\/i0.wp.com\/vincentians.com\/fr\/wp-content\/uploads\/sites\/10\/2016\/07\/ephemerides-fb.jpg?fit=1200%2C630&ssl=1","type":"image\/jpeg"}],"author":"Francisco Javier Fern\u00e1ndez Chento","twitter_card":"summary_large_image","twitter_creator":"@https:\/\/twitter.com\/javierchento","twitter_site":"@WeVincentians","twitter_misc":{"\u00c9crit par":"Francisco Javier Fern\u00e1ndez Chento","Dur\u00e9e de lecture estim\u00e9e":"4 minutes"},"schema":{"@context":"https:\/\/schema.org","@graph":[{"@type":"WebPage","@id":"https:\/\/vincentians.com\/fr\/ephemerides-6-decembre\/","url":"https:\/\/vincentians.com\/fr\/ephemerides-6-decembre\/","name":"Eph\u00e9m\u00e9rides: 6 d\u00e9cembre - Nous Sommes Vincentiens","isPartOf":{"@id":"https:\/\/vincentians.com\/fr\/#website"},"primaryImageOfPage":{"@id":"https:\/\/vincentians.com\/fr\/ephemerides-6-decembre\/#primaryimage"},"image":{"@id":"https:\/\/vincentians.com\/fr\/ephemerides-6-decembre\/#primaryimage"},"thumbnailUrl":"https:\/\/i0.wp.com\/vincentians.com\/fr\/wp-content\/uploads\/sites\/10\/2016\/07\/ephemerides-fb.jpg?fit=1200%2C630","datePublished":"2016-12-05T23:01:17+00:00","author":{"@id":"https:\/\/vincentians.com\/fr\/#\/schema\/person\/9623ef4d9aa3b2dfb8c061f1499288f2"},"breadcrumb":{"@id":"https:\/\/vincentians.com\/fr\/ephemerides-6-decembre\/#breadcrumb"},"inLanguage":"fr-FR","potentialAction":[{"@type":"ReadAction","target":["https:\/\/vincentians.com\/fr\/ephemerides-6-decembre\/"]}]},{"@type":"ImageObject","inLanguage":"fr-FR","@id":"https:\/\/vincentians.com\/fr\/ephemerides-6-decembre\/#primaryimage","url":"https:\/\/i0.wp.com\/vincentians.com\/fr\/wp-content\/uploads\/sites\/10\/2016\/07\/ephemerides-fb.jpg?fit=1200%2C630","contentUrl":"https:\/\/i0.wp.com\/vincentians.com\/fr\/wp-content\/uploads\/sites\/10\/2016\/07\/ephemerides-fb.jpg?fit=1200%2C630","width":1200,"height":630},{"@type":"BreadcrumbList","@id":"https:\/\/vincentians.com\/fr\/ephemerides-6-decembre\/#breadcrumb","itemListElement":[{"@type":"ListItem","position":1,"name":"Portada","item":"https:\/\/vincentians.com\/fr\/"},{"@type":"ListItem","position":2,"name":"Eph\u00e9m\u00e9rides: 6 d\u00e9cembre"}]},{"@type":"WebSite","@id":"https:\/\/vincentians.com\/fr\/#website","url":"https:\/\/vincentians.com\/fr\/","name":"Nous Sommes Vincentiens","description":"Know more to serve more","potentialAction":[{"@type":"SearchAction","target":{"@type":"EntryPoint","urlTemplate":"https:\/\/vincentians.com\/fr\/?s={search_term_string}"},"query-input":{"@type":"PropertyValueSpecification","valueRequired":true,"valueName":"search_term_string"}}],"inLanguage":"fr-FR"},{"@type":"Person","@id":"https:\/\/vincentians.com\/fr\/#\/schema\/person\/9623ef4d9aa3b2dfb8c061f1499288f2","name":"Francisco Javier Fern\u00e1ndez Chento","image":{"@type":"ImageObject","inLanguage":"fr-FR","@id":"https:\/\/vincentians.com\/fr\/#\/schema\/person\/image\/","url":"https:\/\/secure.gravatar.com\/avatar\/497d5cde87b4c3d097d0315953521681ba2cd523ee66e5077c3711f7021e65de?s=96&d=mm&r=g","contentUrl":"https:\/\/secure.gravatar.com\/avatar\/497d5cde87b4c3d097d0315953521681ba2cd523ee66e5077c3711f7021e65de?s=96&d=mm&r=g","caption":"Francisco Javier Fern\u00e1ndez Chento"},"description":"Director General y cofundador de La Red de Formaci\u00f3n Vicenciana. Javier es laico vicenciano, afiliado a la Congregaci\u00f3n de la Misi\u00f3n y miembro del Equipo de Misiones Populares de la provincia can\u00f3nica de Zaragoza (Espa\u00f1a) de la Congregaci\u00f3n de la Misi\u00f3n. Graduado en la Universidad Oberta de Catalunya con cuatro grados (Asistente de direcci\u00f3n, Gesti\u00f3n Administrativa, Recursos Humanos y Contabilidad Avanzada). Bil\u00edng\u00fce Espa\u00f1ol\/Ingl\u00e9s. gestiona y mantiene varias p\u00e1ginas web cristianas y vicencianas, incluida including La Red de Formaci\u00f3n Vicenciana, de la que es cofundador. Actualmente es responsable del \u00e1rea de Espa\u00f1ol de .famvin, la Red de Noticias de la Familia Vicenciana. Tambi\u00e9n es m\u00fasico cat\u00f3lico y ha editado varios discos. Es Director General y cofundador de Trovador, una reconocida compa\u00f1\u00eda discogr\u00e1fica critiana de Espa\u00f1a. Trabaja en las Tecnolog\u00edas de la Informaci\u00f3n, ofreciendo servicios de alojamiento, dise\u00f1o y mantenimiento Web, as\u00ed como asesoramiento, formaci\u00f3n y soluciones inform\u00e1ticas, gesti\u00f3n documental y digitalizaci\u00f3n de textos, edici\u00f3n y maquetaci\u00f3n de libros, revistas, flyers, etc.","sameAs":["http:\/\/chento.org","https:\/\/www.facebook.com\/JavierChento","https:\/\/x.com\/https:\/\/twitter.com\/javierchento"],"url":"http:\/\/vincentians.com\/fr\/author\/chento\/"}]}},"jetpack_publicize_connections":[],"jetpack_featured_media_url":"https:\/\/i0.wp.com\/vincentians.com\/fr\/wp-content\/uploads\/sites\/10\/2016\/07\/ephemerides-fb.jpg?fit=1200%2C630","jetpack_sharing_enabled":true,"jetpack_shortlink":"https:\/\/wp.me\/p7ETMP-rh6","jetpack-related-posts":[{"id":190191,"url":"http:\/\/vincentians.com\/fr\/ephemerides-01-octobre\/","url_meta":{"origin":104848,"position":0},"title":"Eph\u00e9m\u00e9rides : 01 octobre","author":"Francisco Javier Fern\u00e1ndez Chento","date":"01\/10\/2016","format":false,"excerpt":"1636. Saint Vincent d\u00e9signe Barbe Angiboust et Louise Ganset pour fonder la Maison de Charit\u00e9 de Richelieu\u00a0: \u201cMon Dieu, Mademoiselle, \u00e9crit-il, quel bonheur \u00e0 ces bonnes filles de s\u2019en aller au lieu o\u00f9 elles vont continuer la charit\u00e9 que Notre-Seigneur exer\u00e7ait sur la terre\u00a0!\u2026 Qu\u2019elles s\u2019en iront la t\u00eate lev\u00e9e\u2026","rel":"","context":"Dans &quot;\u00c9ph\u00e9m\u00e9rides vincentiens&quot;","block_context":{"text":"\u00c9ph\u00e9m\u00e9rides vincentiens","link":"http:\/\/vincentians.com\/fr\/category\/ephemerides-vincentiens\/"},"img":{"alt_text":"","src":"https:\/\/i0.wp.com\/vincentians.com\/fr\/wp-content\/uploads\/sites\/10\/2016\/07\/ephemerides-fb.jpg?fit=1200%2C630&resize=350%2C200","width":350,"height":200,"srcset":"https:\/\/i0.wp.com\/vincentians.com\/fr\/wp-content\/uploads\/sites\/10\/2016\/07\/ephemerides-fb.jpg?fit=1200%2C630&resize=350%2C200 1x, https:\/\/i0.wp.com\/vincentians.com\/fr\/wp-content\/uploads\/sites\/10\/2016\/07\/ephemerides-fb.jpg?fit=1200%2C630&resize=525%2C300 1.5x, https:\/\/i0.wp.com\/vincentians.com\/fr\/wp-content\/uploads\/sites\/10\/2016\/07\/ephemerides-fb.jpg?fit=1200%2C630&resize=700%2C400 2x, https:\/\/i0.wp.com\/vincentians.com\/fr\/wp-content\/uploads\/sites\/10\/2016\/07\/ephemerides-fb.jpg?fit=1200%2C630&resize=1050%2C600 3x"},"classes":[]},{"id":52038,"url":"http:\/\/vincentians.com\/fr\/saint-vincent-de-paul-et-sa-mission-sociale-ii-les-oeuvres-3\/","url_meta":{"origin":104848,"position":1},"title":"Saint Vincent De Paul Et Sa Mission Sociale. II &#8211; Les \u0152uvres (3)","author":"Francisco Javier Fern\u00e1ndez Chento","date":"23\/12\/2014","format":false,"excerpt":"LA S\u0152UR DE CHARIT\u00c9. \u2014 Mademoiselle Le Gras et Vincent de Paul. \u2014 Premiers rapports ; premi\u00e8res \u0153uvres. \u2014 Institution des Filles de la Charit\u00e9, servantes des pauvres. \u2014 Une nouvelle religieuse. \u2014 Conf\u00e9rences. \u2014 R\u00e8gles. \u2014 L\u2019H\u00f4tel de Rambouillet et l\u2019H\u00f4tel-Dieu. \u2014 Les Dames de la Charit\u00e9. Madame Goussault.\u2026","rel":"","context":"Dans &quot;Vincent de Paul&quot;","block_context":{"text":"Vincent de Paul","link":"http:\/\/vincentians.com\/fr\/category\/the-vincentian-family\/founders\/vincent-de-paul\/"},"img":{"alt_text":"","src":"https:\/\/i0.wp.com\/vincentians.com\/fr\/wp-content\/uploads\/sites\/10\/2016\/07\/vincent-et-sa-action-sociale.jpg?fit=1160%2C630&resize=350%2C200","width":350,"height":200,"srcset":"https:\/\/i0.wp.com\/vincentians.com\/fr\/wp-content\/uploads\/sites\/10\/2016\/07\/vincent-et-sa-action-sociale.jpg?fit=1160%2C630&resize=350%2C200 1x, https:\/\/i0.wp.com\/vincentians.com\/fr\/wp-content\/uploads\/sites\/10\/2016\/07\/vincent-et-sa-action-sociale.jpg?fit=1160%2C630&resize=525%2C300 1.5x, https:\/\/i0.wp.com\/vincentians.com\/fr\/wp-content\/uploads\/sites\/10\/2016\/07\/vincent-et-sa-action-sociale.jpg?fit=1160%2C630&resize=700%2C400 2x, https:\/\/i0.wp.com\/vincentians.com\/fr\/wp-content\/uploads\/sites\/10\/2016\/07\/vincent-et-sa-action-sociale.jpg?fit=1160%2C630&resize=1050%2C600 3x"},"classes":[]},{"id":190343,"url":"http:\/\/vincentians.com\/fr\/ephemerides-16-mars\/","url_meta":{"origin":104848,"position":2},"title":"Eph\u00e9m\u00e9rides : 16 mars","author":"Francisco Javier Fern\u00e1ndez Chento","date":"16\/03\/2017","format":false,"excerpt":"1654. \u00c0 Tr\u00e9guier , en Bretagne, le th\u00e9ologal du dioc\u00e8se, Messire Michel Th\u00e9pault de Rumelin, donne \u00e0 saint Vincent un domaine et des rentes qui doivent servir \u00e0 la construction d'un s\u00e9minaire \u00abdont les Pr\u00eatres de la Mission auront la conduite\u00bb. Saint Vincent acceptera et Tr\u00e9guier aura l'honneur d'avoir l'un\u2026","rel":"","context":"Dans &quot;\u00c9ph\u00e9m\u00e9rides vincentiens&quot;","block_context":{"text":"\u00c9ph\u00e9m\u00e9rides vincentiens","link":"http:\/\/vincentians.com\/fr\/category\/ephemerides-vincentiens\/"},"img":{"alt_text":"","src":"https:\/\/i0.wp.com\/vincentians.com\/fr\/wp-content\/uploads\/sites\/10\/2016\/07\/ephemerides-fb.jpg?fit=1200%2C630&resize=350%2C200","width":350,"height":200,"srcset":"https:\/\/i0.wp.com\/vincentians.com\/fr\/wp-content\/uploads\/sites\/10\/2016\/07\/ephemerides-fb.jpg?fit=1200%2C630&resize=350%2C200 1x, https:\/\/i0.wp.com\/vincentians.com\/fr\/wp-content\/uploads\/sites\/10\/2016\/07\/ephemerides-fb.jpg?fit=1200%2C630&resize=525%2C300 1.5x, https:\/\/i0.wp.com\/vincentians.com\/fr\/wp-content\/uploads\/sites\/10\/2016\/07\/ephemerides-fb.jpg?fit=1200%2C630&resize=700%2C400 2x, https:\/\/i0.wp.com\/vincentians.com\/fr\/wp-content\/uploads\/sites\/10\/2016\/07\/ephemerides-fb.jpg?fit=1200%2C630&resize=1050%2C600 3x"},"classes":[]},{"id":106403,"url":"http:\/\/vincentians.com\/fr\/la-vie-du-venerable-serviteur-de-dieu-vincent-de-paul-livre-second-chapitre-ix\/","url_meta":{"origin":104848,"position":3},"title":"La vie du v\u00e9n\u00e9rable serviteur de Dieu Vincent de Paul, Livre second, Chapitre IX","author":"Francisco Javier Fern\u00e1ndez Chento","date":"16\/05\/2013","format":false,"excerpt":"Chapitre neuvi\u00e8me\u00a0: Institution des Filles de la Charit\u00e9, servantes des pauvres malades. Nous ne r\u00e9p\u00e9terons point ici ce qui a \u00e9t\u00e9 dit au premier livre\u00a0 touchant l'origine de la Compagnie des Filles de la Charit\u00e9 destin\u00e9es au service des pauvres malades, l'occasion dont Dieu voulut se servir pour la faire\u2026","rel":"","context":"Dans &quot;Vincent de Paul&quot;","block_context":{"text":"Vincent de Paul","link":"http:\/\/vincentians.com\/fr\/category\/the-vincentian-family\/founders\/vincent-de-paul\/"},"img":{"alt_text":"","src":"https:\/\/i0.wp.com\/vincentians.com\/fr\/wp-content\/uploads\/sites\/10\/2016\/07\/abelly-feat.jpg?fit=1200%2C630&resize=350%2C200","width":350,"height":200,"srcset":"https:\/\/i0.wp.com\/vincentians.com\/fr\/wp-content\/uploads\/sites\/10\/2016\/07\/abelly-feat.jpg?fit=1200%2C630&resize=350%2C200 1x, https:\/\/i0.wp.com\/vincentians.com\/fr\/wp-content\/uploads\/sites\/10\/2016\/07\/abelly-feat.jpg?fit=1200%2C630&resize=525%2C300 1.5x, https:\/\/i0.wp.com\/vincentians.com\/fr\/wp-content\/uploads\/sites\/10\/2016\/07\/abelly-feat.jpg?fit=1200%2C630&resize=700%2C400 2x, https:\/\/i0.wp.com\/vincentians.com\/fr\/wp-content\/uploads\/sites\/10\/2016\/07\/abelly-feat.jpg?fit=1200%2C630&resize=1050%2C600 3x"},"classes":[]},{"id":105530,"url":"http:\/\/vincentians.com\/fr\/ephemerides-17-janvier\/","url_meta":{"origin":104848,"position":4},"title":"Eph\u00e9m\u00e9rides: 17 janvier","author":"Francisco Javier Fern\u00e1ndez Chento","date":"17\/01\/2017","format":false,"excerpt":"1660. Sainte Louise \u00e9crit \u00e0 Soeur Marguerite Ch\u00e9tif \u00e0 Arras\u00a0: \"Ne trouvez-vous point de filles qui aient envie de se donner en la Compagnie pour le service de Notre-Seigneur en la personne des Pauvres\u00a0? Vous savez qu'il faut des esprits bien faits et qui d\u00e9sirent la perfection de v\u00e9ritables chr\u00e9tiennes,\u2026","rel":"","context":"Dans &quot;\u00c9ph\u00e9m\u00e9rides vincentiens&quot;","block_context":{"text":"\u00c9ph\u00e9m\u00e9rides vincentiens","link":"http:\/\/vincentians.com\/fr\/category\/ephemerides-vincentiens\/"},"img":{"alt_text":"","src":"https:\/\/i0.wp.com\/vincentians.com\/fr\/wp-content\/uploads\/sites\/10\/2016\/07\/ephemerides-fb.jpg?fit=1200%2C630&resize=350%2C200","width":350,"height":200,"srcset":"https:\/\/i0.wp.com\/vincentians.com\/fr\/wp-content\/uploads\/sites\/10\/2016\/07\/ephemerides-fb.jpg?fit=1200%2C630&resize=350%2C200 1x, https:\/\/i0.wp.com\/vincentians.com\/fr\/wp-content\/uploads\/sites\/10\/2016\/07\/ephemerides-fb.jpg?fit=1200%2C630&resize=525%2C300 1.5x, https:\/\/i0.wp.com\/vincentians.com\/fr\/wp-content\/uploads\/sites\/10\/2016\/07\/ephemerides-fb.jpg?fit=1200%2C630&resize=700%2C400 2x, https:\/\/i0.wp.com\/vincentians.com\/fr\/wp-content\/uploads\/sites\/10\/2016\/07\/ephemerides-fb.jpg?fit=1200%2C630&resize=1050%2C600 3x"},"classes":[]},{"id":39762,"url":"http:\/\/vincentians.com\/fr\/lidentite-de-la-fille-de-la-charite-elements-caracteristiques-et-distinctifs-comment-la-fdlc-peut-elle-la-vivre-aujourdhui\/","url_meta":{"origin":104848,"position":5},"title":"L\u2019identit\u00e9 de la Fille de la Charit\u00e9: \u00c9l\u00e9ments caract\u00e9ristiques et distinctifs. Comment la FdlC peut-elle la vivre aujourd\u2019hui?","author":"Francisco Javier Fern\u00e1ndez Chento","date":"05\/10\/2012","format":false,"excerpt":"Introduction Aujourd\u2019hui, les id\u00e9ologies rationalistes et totalitaires sont en partie tomb\u00e9es, et les grands progr\u00e8s scientifiques et techniques r\u00e9alis\u00e9s offrent sans aucun doute \u00e0 notre monde d\u2019immenses possibilit\u00e9s. Les progr\u00e8s mat\u00e9riels donnent lieu \u00e0 l\u2019am\u00e9lioration des conditions de vie de l\u2019humanit\u00e9 dans diff\u00e9rents domaines de la sant\u00e9, de l\u2019\u00e9ducation et\u2026","rel":"","context":"Dans &quot;Filles de la Charit\u00e9&quot;","block_context":{"text":"Filles de la Charit\u00e9","link":"http:\/\/vincentians.com\/fr\/category\/filles-de-la-charite\/"},"img":{"alt_text":"","src":"https:\/\/i0.wp.com\/vincentiens.org\/wp-content\/uploads\/2011\/05\/cruz_sv-212x300.jpg?resize=350%2C200","width":350,"height":200},"classes":[]}],"_links":{"self":[{"href":"http:\/\/vincentians.com\/fr\/wp-json\/wp\/v2\/posts\/104848","targetHints":{"allow":["GET"]}}],"collection":[{"href":"http:\/\/vincentians.com\/fr\/wp-json\/wp\/v2\/posts"}],"about":[{"href":"http:\/\/vincentians.com\/fr\/wp-json\/wp\/v2\/types\/post"}],"author":[{"embeddable":true,"href":"http:\/\/vincentians.com\/fr\/wp-json\/wp\/v2\/users\/4"}],"replies":[{"embeddable":true,"href":"http:\/\/vincentians.com\/fr\/wp-json\/wp\/v2\/comments?post=104848"}],"version-history":[{"count":0,"href":"http:\/\/vincentians.com\/fr\/wp-json\/wp\/v2\/posts\/104848\/revisions"}],"wp:featuredmedia":[{"embeddable":true,"href":"http:\/\/vincentians.com\/fr\/wp-json\/wp\/v2\/media\/149897"}],"wp:attachment":[{"href":"http:\/\/vincentians.com\/fr\/wp-json\/wp\/v2\/media?parent=104848"}],"wp:term":[{"taxonomy":"category","embeddable":true,"href":"http:\/\/vincentians.com\/fr\/wp-json\/wp\/v2\/categories?post=104848"},{"taxonomy":"post_tag","embeddable":true,"href":"http:\/\/vincentians.com\/fr\/wp-json\/wp\/v2\/tags?post=104848"}],"curies":[{"name":"wp","href":"https:\/\/api.w.org\/{rel}","templated":true}]}}