{"id":104827,"date":"2012-12-06T03:59:03","date_gmt":"2012-12-06T02:59:03","guid":{"rendered":"http:\/\/vincentiens.org\/?p=104827"},"modified":"2012-12-06T03:59:03","modified_gmt":"2012-12-06T02:59:03","slug":"nicolas-joseph-raux","status":"publish","type":"post","link":"http:\/\/vincentians.com\/fr\/nicolas-joseph-raux\/","title":{"rendered":"Nicolas-Joseph Raux"},"content":{"rendered":"<p><a href=\"https:\/\/i0.wp.com\/vincentiens.org\/wp-content\/uploads\/2012\/11\/lazaristes.jpg\"><img data-recalc-dims=\"1\" loading=\"lazy\" decoding=\"async\" class=\"alignright size-medium wp-image-104795\" title=\"lazaristes\" src=\"https:\/\/i0.wp.com\/vincentiens.org\/wp-content\/uploads\/2012\/11\/lazaristes-236x300.jpg?resize=236%2C300\" alt=\"\" width=\"236\" height=\"300\" \/><\/a>\u7f57\u5e7f\u7965<br \/>\n<em>L<\/em><em>OUO <\/em><em>K<\/em><em>OANG<\/em><em>-S<\/em><em>IANG<\/em><em><br \/>\nPr\u00eatre.<\/em><\/p>\n<p>N\u00e9 \u00e0 Ohain pr\u00e8s d&rsquo;Avcsnes, Nord (France), le 14 avril 1754 ; re\u00e7u au s\u00e9minaire \u00e0 Paris, le 18 juillet 1771, il y fit les v\u0153ux le 19 juillet 1773 ; y fut ordonn\u00e9 pr\u00eatre le 15 mars 1777. Professa la th\u00e9ologie \u00e0 Saint-Lazare jusqu&rsquo;\u00e0 son d\u00e9part pour l&rsquo;Extr\u00eame-Orient. Nomm\u00e9 par d\u00e9cret de la Propagande, en date du 17 d\u00e9cembre 1783, sup\u00e9rieur des missions fran\u00e7aises de Chine. Parti le 20 mars 1784, il arriva \u00e0 Canton\u5e7f\u5dde le 1<sup>er<\/sup> septembre suivant, et \u00e0 Pekin \u5317\u4eac; le 29 avril 1783. Install\u00e9 officiellement sup\u00e9rieur de la Mission fran\u00e7aise le 8 mai 1785. Membre du tribunal des math\u00e9matiques. Le 18 f\u00e9vrier 1801 il fut nomm\u00e9 protonotaire apostolique. D\u00e9c\u00e9d\u00e9 \u00e0 Pekin le 16 novembre 1801. S\u00e9pulture \u00e0 Tchengg-fou se \u6b63\u798f\u5bfa.<\/p>\n<p>M\u00e9moires, II. Circulaires, II, pp. 165, 171, 172, 182, 219, 226, 232, 267. &#8211; Coste, p. 518.<\/p>\n","protected":false},"excerpt":{"rendered":"<p>\u7f57\u5e7f\u7965 LOUO KOANG-SIANG Pr\u00eatre. N\u00e9 \u00e0 Ohain pr\u00e8s d&rsquo;Avcsnes, Nord (France), le 14 avril 1754 ; re\u00e7u au s\u00e9minaire \u00e0 Paris, le 18 juillet 1771, il y fit les v\u0153ux le 19 juillet 1773 ; &#8230; <a href=\"http:\/\/vincentians.com\/fr\/nicolas-joseph-raux\/\" class=\"more-link\">Read More<\/a><\/p>\n","protected":false},"author":4,"featured_media":189930,"comment_status":"open","ping_status":"open","sticky":false,"template":"","format":"standard","meta":{"jetpack_post_was_ever_published":false,"_jetpack_newsletter_access":"","_jetpack_dont_email_post_to_subs":false,"_jetpack_newsletter_tier_id":0,"_jetpack_memberships_contains_paywalled_content":false,"_jetpack_memberships_contains_paid_content":false,"footnotes":"","jetpack_publicize_message":"","jetpack_publicize_feature_enabled":true,"jetpack_social_post_already_shared":true,"jetpack_social_options":{"image_generator_settings":{"template":"highway","default_image_id":0,"font":"","enabled":false},"version":2}},"categories":[115],"tags":[],"class_list":["post-104827","post","type-post","status-publish","format-standard","has-post-thumbnail","hentry","category-biographies-lazaristes"],"yoast_head":"<!-- This site is optimized with the Yoast SEO plugin v26.3 - https:\/\/yoast.com\/wordpress\/plugins\/seo\/ -->\n<title>Nicolas-Joseph Raux - Nous Sommes Vincentiens<\/title>\n<meta name=\"robots\" content=\"index, follow, max-snippet:-1, max-image-preview:large, max-video-preview:-1\" \/>\n<link rel=\"canonical\" href=\"http:\/\/vincentians.com\/fr\/nicolas-joseph-raux\/\" \/>\n<meta property=\"og:locale\" content=\"fr_FR\" \/>\n<meta property=\"og:type\" content=\"article\" \/>\n<meta property=\"og:title\" content=\"Nicolas-Joseph Raux - Nous Sommes Vincentiens\" \/>\n<meta property=\"og:description\" content=\"\u7f57\u5e7f\u7965 LOUO KOANG-SIANG Pr\u00eatre. N\u00e9 \u00e0 Ohain pr\u00e8s d&rsquo;Avcsnes, Nord (France), le 14 avril 1754 ; re\u00e7u au s\u00e9minaire \u00e0 Paris, le 18 juillet 1771, il y fit les v\u0153ux le 19 juillet 1773 ; ... Read More\" \/>\n<meta property=\"og:url\" content=\"http:\/\/vincentians.com\/fr\/nicolas-joseph-raux\/\" \/>\n<meta property=\"og:site_name\" content=\"Nous Sommes Vincentiens\" \/>\n<meta property=\"article:publisher\" content=\"https:\/\/www.facebook.com\/WeAreVincentians\/\" \/>\n<meta property=\"article:author\" content=\"https:\/\/www.facebook.com\/JavierChento\" \/>\n<meta property=\"article:published_time\" content=\"2012-12-06T02:59:03+00:00\" \/>\n<meta property=\"og:image\" content=\"https:\/\/i0.wp.com\/vincentians.com\/fr\/wp-content\/uploads\/sites\/10\/2016\/08\/bio-congregation-of-the-mission.jpg?fit=1200%2C630\" \/>\n\t<meta property=\"og:image:width\" content=\"1200\" \/>\n\t<meta property=\"og:image:height\" content=\"630\" \/>\n\t<meta property=\"og:image:type\" content=\"image\/jpeg\" \/>\n<meta name=\"author\" content=\"Francisco Javier Fern\u00e1ndez Chento\" \/>\n<meta name=\"twitter:card\" content=\"summary_large_image\" \/>\n<meta name=\"twitter:creator\" content=\"@https:\/\/twitter.com\/javierchento\" \/>\n<meta name=\"twitter:site\" content=\"@WeVincentians\" \/>\n<meta name=\"twitter:label1\" content=\"\u00c9crit par\" \/>\n\t<meta name=\"twitter:data1\" content=\"Francisco Javier Fern\u00e1ndez Chento\" \/>\n\t<meta name=\"twitter:label2\" content=\"Dur\u00e9e de lecture estim\u00e9e\" \/>\n\t<meta name=\"twitter:data2\" content=\"1 minute\" \/>\n<script type=\"application\/ld+json\" class=\"yoast-schema-graph\">{\"@context\":\"https:\/\/schema.org\",\"@graph\":[{\"@type\":\"WebPage\",\"@id\":\"http:\/\/vincentians.com\/fr\/nicolas-joseph-raux\/\",\"url\":\"http:\/\/vincentians.com\/fr\/nicolas-joseph-raux\/\",\"name\":\"Nicolas-Joseph Raux - Nous Sommes Vincentiens\",\"isPartOf\":{\"@id\":\"http:\/\/vincentians.com\/fr\/#website\"},\"primaryImageOfPage\":{\"@id\":\"http:\/\/vincentians.com\/fr\/nicolas-joseph-raux\/#primaryimage\"},\"image\":{\"@id\":\"http:\/\/vincentians.com\/fr\/nicolas-joseph-raux\/#primaryimage\"},\"thumbnailUrl\":\"https:\/\/i0.wp.com\/vincentians.com\/fr\/wp-content\/uploads\/sites\/10\/2016\/08\/bio-congregation-of-the-mission.jpg?fit=1200%2C630\",\"datePublished\":\"2012-12-06T02:59:03+00:00\",\"author\":{\"@id\":\"http:\/\/vincentians.com\/fr\/#\/schema\/person\/9623ef4d9aa3b2dfb8c061f1499288f2\"},\"breadcrumb\":{\"@id\":\"http:\/\/vincentians.com\/fr\/nicolas-joseph-raux\/#breadcrumb\"},\"inLanguage\":\"fr-FR\",\"potentialAction\":[{\"@type\":\"ReadAction\",\"target\":[\"http:\/\/vincentians.com\/fr\/nicolas-joseph-raux\/\"]}]},{\"@type\":\"ImageObject\",\"inLanguage\":\"fr-FR\",\"@id\":\"http:\/\/vincentians.com\/fr\/nicolas-joseph-raux\/#primaryimage\",\"url\":\"https:\/\/i0.wp.com\/vincentians.com\/fr\/wp-content\/uploads\/sites\/10\/2016\/08\/bio-congregation-of-the-mission.jpg?fit=1200%2C630\",\"contentUrl\":\"https:\/\/i0.wp.com\/vincentians.com\/fr\/wp-content\/uploads\/sites\/10\/2016\/08\/bio-congregation-of-the-mission.jpg?fit=1200%2C630\",\"width\":1200,\"height\":630},{\"@type\":\"BreadcrumbList\",\"@id\":\"http:\/\/vincentians.com\/fr\/nicolas-joseph-raux\/#breadcrumb\",\"itemListElement\":[{\"@type\":\"ListItem\",\"position\":1,\"name\":\"Portada\",\"item\":\"http:\/\/vincentians.com\/fr\/\"},{\"@type\":\"ListItem\",\"position\":2,\"name\":\"Nicolas-Joseph Raux\"}]},{\"@type\":\"WebSite\",\"@id\":\"http:\/\/vincentians.com\/fr\/#website\",\"url\":\"http:\/\/vincentians.com\/fr\/\",\"name\":\"Nous Sommes Vincentiens\",\"description\":\"Know more to serve more\",\"potentialAction\":[{\"@type\":\"SearchAction\",\"target\":{\"@type\":\"EntryPoint\",\"urlTemplate\":\"http:\/\/vincentians.com\/fr\/?s={search_term_string}\"},\"query-input\":{\"@type\":\"PropertyValueSpecification\",\"valueRequired\":true,\"valueName\":\"search_term_string\"}}],\"inLanguage\":\"fr-FR\"},{\"@type\":\"Person\",\"@id\":\"http:\/\/vincentians.com\/fr\/#\/schema\/person\/9623ef4d9aa3b2dfb8c061f1499288f2\",\"name\":\"Francisco Javier Fern\u00e1ndez Chento\",\"image\":{\"@type\":\"ImageObject\",\"inLanguage\":\"fr-FR\",\"@id\":\"http:\/\/vincentians.com\/fr\/#\/schema\/person\/image\/\",\"url\":\"https:\/\/secure.gravatar.com\/avatar\/497d5cde87b4c3d097d0315953521681ba2cd523ee66e5077c3711f7021e65de?s=96&d=mm&r=g\",\"contentUrl\":\"https:\/\/secure.gravatar.com\/avatar\/497d5cde87b4c3d097d0315953521681ba2cd523ee66e5077c3711f7021e65de?s=96&d=mm&r=g\",\"caption\":\"Francisco Javier Fern\u00e1ndez Chento\"},\"description\":\"Director General y cofundador de La Red de Formaci\u00f3n Vicenciana. Javier es laico vicenciano, afiliado a la Congregaci\u00f3n de la Misi\u00f3n y miembro del Equipo de Misiones Populares de la provincia can\u00f3nica de Zaragoza (Espa\u00f1a) de la Congregaci\u00f3n de la Misi\u00f3n. Graduado en la Universidad Oberta de Catalunya con cuatro grados (Asistente de direcci\u00f3n, Gesti\u00f3n Administrativa, Recursos Humanos y Contabilidad Avanzada). Bil\u00edng\u00fce Espa\u00f1ol\/Ingl\u00e9s. gestiona y mantiene varias p\u00e1ginas web cristianas y vicencianas, incluida including La Red de Formaci\u00f3n Vicenciana, de la que es cofundador. Actualmente es responsable del \u00e1rea de Espa\u00f1ol de .famvin, la Red de Noticias de la Familia Vicenciana. Tambi\u00e9n es m\u00fasico cat\u00f3lico y ha editado varios discos. Es Director General y cofundador de Trovador, una reconocida compa\u00f1\u00eda discogr\u00e1fica critiana de Espa\u00f1a. Trabaja en las Tecnolog\u00edas de la Informaci\u00f3n, ofreciendo servicios de alojamiento, dise\u00f1o y mantenimiento Web, as\u00ed como asesoramiento, formaci\u00f3n y soluciones inform\u00e1ticas, gesti\u00f3n documental y digitalizaci\u00f3n de textos, edici\u00f3n y maquetaci\u00f3n de libros, revistas, flyers, etc.\",\"sameAs\":[\"http:\/\/chento.org\",\"https:\/\/www.facebook.com\/JavierChento\",\"https:\/\/x.com\/https:\/\/twitter.com\/javierchento\"],\"url\":\"http:\/\/vincentians.com\/fr\/author\/chento\/\"}]}<\/script>\n<!-- \/ Yoast SEO plugin. -->","yoast_head_json":{"title":"Nicolas-Joseph Raux - Nous Sommes Vincentiens","robots":{"index":"index","follow":"follow","max-snippet":"max-snippet:-1","max-image-preview":"max-image-preview:large","max-video-preview":"max-video-preview:-1"},"canonical":"http:\/\/vincentians.com\/fr\/nicolas-joseph-raux\/","og_locale":"fr_FR","og_type":"article","og_title":"Nicolas-Joseph Raux - Nous Sommes Vincentiens","og_description":"\u7f57\u5e7f\u7965 LOUO KOANG-SIANG Pr\u00eatre. N\u00e9 \u00e0 Ohain pr\u00e8s d&rsquo;Avcsnes, Nord (France), le 14 avril 1754 ; re\u00e7u au s\u00e9minaire \u00e0 Paris, le 18 juillet 1771, il y fit les v\u0153ux le 19 juillet 1773 ; ... Read More","og_url":"http:\/\/vincentians.com\/fr\/nicolas-joseph-raux\/","og_site_name":"Nous Sommes Vincentiens","article_publisher":"https:\/\/www.facebook.com\/WeAreVincentians\/","article_author":"https:\/\/www.facebook.com\/JavierChento","article_published_time":"2012-12-06T02:59:03+00:00","og_image":[{"width":1200,"height":630,"url":"https:\/\/i0.wp.com\/vincentians.com\/fr\/wp-content\/uploads\/sites\/10\/2016\/08\/bio-congregation-of-the-mission.jpg?fit=1200%2C630","type":"image\/jpeg"}],"author":"Francisco Javier Fern\u00e1ndez Chento","twitter_card":"summary_large_image","twitter_creator":"@https:\/\/twitter.com\/javierchento","twitter_site":"@WeVincentians","twitter_misc":{"\u00c9crit par":"Francisco Javier Fern\u00e1ndez Chento","Dur\u00e9e de lecture estim\u00e9e":"1 minute"},"schema":{"@context":"https:\/\/schema.org","@graph":[{"@type":"WebPage","@id":"http:\/\/vincentians.com\/fr\/nicolas-joseph-raux\/","url":"http:\/\/vincentians.com\/fr\/nicolas-joseph-raux\/","name":"Nicolas-Joseph Raux - Nous Sommes Vincentiens","isPartOf":{"@id":"http:\/\/vincentians.com\/fr\/#website"},"primaryImageOfPage":{"@id":"http:\/\/vincentians.com\/fr\/nicolas-joseph-raux\/#primaryimage"},"image":{"@id":"http:\/\/vincentians.com\/fr\/nicolas-joseph-raux\/#primaryimage"},"thumbnailUrl":"https:\/\/i0.wp.com\/vincentians.com\/fr\/wp-content\/uploads\/sites\/10\/2016\/08\/bio-congregation-of-the-mission.jpg?fit=1200%2C630","datePublished":"2012-12-06T02:59:03+00:00","author":{"@id":"http:\/\/vincentians.com\/fr\/#\/schema\/person\/9623ef4d9aa3b2dfb8c061f1499288f2"},"breadcrumb":{"@id":"http:\/\/vincentians.com\/fr\/nicolas-joseph-raux\/#breadcrumb"},"inLanguage":"fr-FR","potentialAction":[{"@type":"ReadAction","target":["http:\/\/vincentians.com\/fr\/nicolas-joseph-raux\/"]}]},{"@type":"ImageObject","inLanguage":"fr-FR","@id":"http:\/\/vincentians.com\/fr\/nicolas-joseph-raux\/#primaryimage","url":"https:\/\/i0.wp.com\/vincentians.com\/fr\/wp-content\/uploads\/sites\/10\/2016\/08\/bio-congregation-of-the-mission.jpg?fit=1200%2C630","contentUrl":"https:\/\/i0.wp.com\/vincentians.com\/fr\/wp-content\/uploads\/sites\/10\/2016\/08\/bio-congregation-of-the-mission.jpg?fit=1200%2C630","width":1200,"height":630},{"@type":"BreadcrumbList","@id":"http:\/\/vincentians.com\/fr\/nicolas-joseph-raux\/#breadcrumb","itemListElement":[{"@type":"ListItem","position":1,"name":"Portada","item":"http:\/\/vincentians.com\/fr\/"},{"@type":"ListItem","position":2,"name":"Nicolas-Joseph Raux"}]},{"@type":"WebSite","@id":"http:\/\/vincentians.com\/fr\/#website","url":"http:\/\/vincentians.com\/fr\/","name":"Nous Sommes Vincentiens","description":"Know more to serve more","potentialAction":[{"@type":"SearchAction","target":{"@type":"EntryPoint","urlTemplate":"http:\/\/vincentians.com\/fr\/?s={search_term_string}"},"query-input":{"@type":"PropertyValueSpecification","valueRequired":true,"valueName":"search_term_string"}}],"inLanguage":"fr-FR"},{"@type":"Person","@id":"http:\/\/vincentians.com\/fr\/#\/schema\/person\/9623ef4d9aa3b2dfb8c061f1499288f2","name":"Francisco Javier Fern\u00e1ndez Chento","image":{"@type":"ImageObject","inLanguage":"fr-FR","@id":"http:\/\/vincentians.com\/fr\/#\/schema\/person\/image\/","url":"https:\/\/secure.gravatar.com\/avatar\/497d5cde87b4c3d097d0315953521681ba2cd523ee66e5077c3711f7021e65de?s=96&d=mm&r=g","contentUrl":"https:\/\/secure.gravatar.com\/avatar\/497d5cde87b4c3d097d0315953521681ba2cd523ee66e5077c3711f7021e65de?s=96&d=mm&r=g","caption":"Francisco Javier Fern\u00e1ndez Chento"},"description":"Director General y cofundador de La Red de Formaci\u00f3n Vicenciana. Javier es laico vicenciano, afiliado a la Congregaci\u00f3n de la Misi\u00f3n y miembro del Equipo de Misiones Populares de la provincia can\u00f3nica de Zaragoza (Espa\u00f1a) de la Congregaci\u00f3n de la Misi\u00f3n. Graduado en la Universidad Oberta de Catalunya con cuatro grados (Asistente de direcci\u00f3n, Gesti\u00f3n Administrativa, Recursos Humanos y Contabilidad Avanzada). Bil\u00edng\u00fce Espa\u00f1ol\/Ingl\u00e9s. gestiona y mantiene varias p\u00e1ginas web cristianas y vicencianas, incluida including La Red de Formaci\u00f3n Vicenciana, de la que es cofundador. Actualmente es responsable del \u00e1rea de Espa\u00f1ol de .famvin, la Red de Noticias de la Familia Vicenciana. Tambi\u00e9n es m\u00fasico cat\u00f3lico y ha editado varios discos. Es Director General y cofundador de Trovador, una reconocida compa\u00f1\u00eda discogr\u00e1fica critiana de Espa\u00f1a. Trabaja en las Tecnolog\u00edas de la Informaci\u00f3n, ofreciendo servicios de alojamiento, dise\u00f1o y mantenimiento Web, as\u00ed como asesoramiento, formaci\u00f3n y soluciones inform\u00e1ticas, gesti\u00f3n documental y digitalizaci\u00f3n de textos, edici\u00f3n y maquetaci\u00f3n de libros, revistas, flyers, etc.","sameAs":["http:\/\/chento.org","https:\/\/www.facebook.com\/JavierChento","https:\/\/x.com\/https:\/\/twitter.com\/javierchento"],"url":"http:\/\/vincentians.com\/fr\/author\/chento\/"}]}},"jetpack_publicize_connections":[],"jetpack_featured_media_url":"https:\/\/i0.wp.com\/vincentians.com\/fr\/wp-content\/uploads\/sites\/10\/2016\/08\/bio-congregation-of-the-mission.jpg?fit=1200%2C630","jetpack_sharing_enabled":true,"jetpack_shortlink":"https:\/\/wp.me\/p7ETMP-rgL","jetpack-related-posts":[{"id":105214,"url":"http:\/\/vincentians.com\/fr\/jean-francois-richenet\/","url_meta":{"origin":104827,"position":0},"title":"Jean-Fran\u00e7ois Richenet","author":"Francisco Javier Fern\u00e1ndez Chento","date":"03\/01\/2013","format":false,"excerpt":"Pr\u00eatre. N\u00e9 au Petit-Noir, dioc\u00e8se de Besan\u00e7on (France), le 4 septembre 1759 ; re\u00e7u au s\u00e9minaire \u00e0 Paris le 22 mai 1781 ; il y fit les v\u0153ux le 23 mai 1783. Arriv\u00e9 \u00e0 Macao \u6fb3\u95e8 le 16 f\u00e9vrier 1801. Destin\u00e9 \u00e0 Pekin\u5317\u4eac, il attendit vainement cinq ans pour pouvoir\u2026","rel":"","context":"Dans &quot;Biographies Lazaristes&quot;","block_context":{"text":"Biographies Lazaristes","link":"http:\/\/vincentians.com\/fr\/category\/biographies-lazaristes\/"},"img":{"alt_text":"","src":"https:\/\/i0.wp.com\/vincentians.com\/fr\/wp-content\/uploads\/sites\/10\/2016\/08\/bio-congregation-of-the-mission.jpg?fit=1200%2C630&resize=350%2C200","width":350,"height":200,"srcset":"https:\/\/i0.wp.com\/vincentians.com\/fr\/wp-content\/uploads\/sites\/10\/2016\/08\/bio-congregation-of-the-mission.jpg?fit=1200%2C630&resize=350%2C200 1x, https:\/\/i0.wp.com\/vincentians.com\/fr\/wp-content\/uploads\/sites\/10\/2016\/08\/bio-congregation-of-the-mission.jpg?fit=1200%2C630&resize=525%2C300 1.5x, https:\/\/i0.wp.com\/vincentians.com\/fr\/wp-content\/uploads\/sites\/10\/2016\/08\/bio-congregation-of-the-mission.jpg?fit=1200%2C630&resize=700%2C400 2x, https:\/\/i0.wp.com\/vincentians.com\/fr\/wp-content\/uploads\/sites\/10\/2016\/08\/bio-congregation-of-the-mission.jpg?fit=1200%2C630&resize=1050%2C600 3x"},"classes":[]},{"id":37777,"url":"http:\/\/vincentians.com\/fr\/jusquau-bout-de-lamour-francois-regis-clet-1748-1820\/","url_meta":{"origin":104827,"position":1},"title":"\u00abJusqu\u2019au Bout De L\u2019amour&#8230;\u00bb: Fran\u00e7ois-R\u00e9gis Clet (1748-1820)","author":"Francisco Javier Fern\u00e1ndez Chento","date":"30\/12\/2012","format":false,"excerpt":"\u00c0 la decouverte de l\u2019amour 1) L\u2019enfance d\u2019une vie Grenoble \u00abla rebelle: compte pr\u00e8s de 30 000 habitants en cette ann\u00e9e 1748. La famille Clet habite la rue Porte Traine, au num\u00e9ro 14, pr\u00e8s de l\u2019atelier du n\u00e9gociant en toiles qui emploie le p\u00e8re. C\u00e9saire Clet est mari\u00e9 \u00e0 Claudine\u2026","rel":"","context":"Dans &quot;Fran\u00e7ois-R\u00e9gis Clet&quot;","block_context":{"text":"Fran\u00e7ois-R\u00e9gis Clet","link":"http:\/\/vincentians.com\/fr\/category\/francois-regis-clet\/"},"img":{"alt_text":"Fran\u00e7ois-R\u00e9gis Clet","src":"https:\/\/i0.wp.com\/vincentiens.org\/wp-content\/uploads\/2012\/12\/Fco_Regis_Clet-163x300.jpg?resize=350%2C200","width":350,"height":200},"classes":[]},{"id":105207,"url":"http:\/\/vincentians.com\/fr\/pierre-vincent-marie-minguet\/","url_meta":{"origin":104827,"position":2},"title":"Pierre-Vincent-Marie Minguet","author":"Francisco Javier Fern\u00e1ndez Chento","date":"24\/12\/2012","format":false,"excerpt":"Pr\u00eatre. N\u00e9 \u00e0 Redon, \u00cele-et-Vilaine (France), le 5 mai 1769 re\u00e7u au s\u00e9minaire \u00e0 Paris le 8 octobre 1783 ; il y fit les v\u0153ux le 16 octobre 1787 ; ordonn\u00e9 pr\u00eatre en Portugal. Arriv\u00e9 \u00e0 Macao \u6fb3\u95e8 le 9 septembre 1793, il y travailla au s\u00e9minaire Saint-Joseph jusqu'en 1801,\u2026","rel":"","context":"Dans &quot;Biographies Lazaristes&quot;","block_context":{"text":"Biographies Lazaristes","link":"http:\/\/vincentians.com\/fr\/category\/biographies-lazaristes\/"},"img":{"alt_text":"","src":"https:\/\/i0.wp.com\/vincentians.com\/fr\/wp-content\/uploads\/sites\/10\/2016\/08\/bio-congregation-of-the-mission.jpg?fit=1200%2C630&resize=350%2C200","width":350,"height":200,"srcset":"https:\/\/i0.wp.com\/vincentians.com\/fr\/wp-content\/uploads\/sites\/10\/2016\/08\/bio-congregation-of-the-mission.jpg?fit=1200%2C630&resize=350%2C200 1x, https:\/\/i0.wp.com\/vincentians.com\/fr\/wp-content\/uploads\/sites\/10\/2016\/08\/bio-congregation-of-the-mission.jpg?fit=1200%2C630&resize=525%2C300 1.5x, https:\/\/i0.wp.com\/vincentians.com\/fr\/wp-content\/uploads\/sites\/10\/2016\/08\/bio-congregation-of-the-mission.jpg?fit=1200%2C630&resize=700%2C400 2x, https:\/\/i0.wp.com\/vincentians.com\/fr\/wp-content\/uploads\/sites\/10\/2016\/08\/bio-congregation-of-the-mission.jpg?fit=1200%2C630&resize=1050%2C600 3x"},"classes":[]},{"id":105224,"url":"http:\/\/vincentians.com\/fr\/jose-ribeiro-nunes\/","url_meta":{"origin":104827,"position":3},"title":"Jos\u00e9 Ribeiro-Nunes","author":"Francisco Javier Fern\u00e1ndez Chento","date":"19\/12\/2012","format":false,"excerpt":"\u674e\u62f1\u8fb0 LI HONG-TCH'EN Pr\u00eatre. N\u00e9 en Portugal, le 23 juin 1767 ; re\u00e7u au s\u00e9minaire \u00e0 Rilhafoles (Lisbonne) le 28 octobre 1783 ; il y fit les v\u0153ux le 29 octobre 1785. Arriv\u00e9 \u00e0 Macao \u6fb3\u95e8 le 11 septembre 1791, il travailla dix ans au s\u00e9minaire Saint-Joseph. D\u00e9sign\u00e9 pour Pekin\u2026","rel":"","context":"Dans &quot;Biographies Lazaristes&quot;","block_context":{"text":"Biographies Lazaristes","link":"http:\/\/vincentians.com\/fr\/category\/biographies-lazaristes\/"},"img":{"alt_text":"","src":"https:\/\/i0.wp.com\/vincentians.com\/fr\/wp-content\/uploads\/sites\/10\/2016\/08\/bio-congregation-of-the-mission.jpg?fit=1200%2C630&resize=350%2C200","width":350,"height":200,"srcset":"https:\/\/i0.wp.com\/vincentians.com\/fr\/wp-content\/uploads\/sites\/10\/2016\/08\/bio-congregation-of-the-mission.jpg?fit=1200%2C630&resize=350%2C200 1x, https:\/\/i0.wp.com\/vincentians.com\/fr\/wp-content\/uploads\/sites\/10\/2016\/08\/bio-congregation-of-the-mission.jpg?fit=1200%2C630&resize=525%2C300 1.5x, https:\/\/i0.wp.com\/vincentians.com\/fr\/wp-content\/uploads\/sites\/10\/2016\/08\/bio-congregation-of-the-mission.jpg?fit=1200%2C630&resize=700%2C400 2x, https:\/\/i0.wp.com\/vincentians.com\/fr\/wp-content\/uploads\/sites\/10\/2016\/08\/bio-congregation-of-the-mission.jpg?fit=1200%2C630&resize=1050%2C600 3x"},"classes":[]},{"id":106359,"url":"http:\/\/vincentians.com\/fr\/joseph-martial-mouly\/","url_meta":{"origin":104827,"position":4},"title":"Joseph-Martial Mouly","author":"Francisco Javier Fern\u00e1ndez Chento","date":"14\/05\/2013","format":false,"excerpt":"\u5b5f\u632f\u751f MONG TCHEN-CHENG \u00c9v\u00eaque N\u00e9 \u00e0 Figeac, Lot (France), le 2 ao\u00fbt 1807; re\u00e7u au s\u00e9minaire \u00e0 Paris le 18 octobre 1823; il y fit les v\u0153ux le 19 octobre 1827; ordonn\u00e9 pr\u00eatre \u00e0 Amiens le 2 avril 1831. Arriv\u00e9 \u00e0 Macao \u6fb3\u95e8 le 14 juin 1834 et en Mongolie\u2026","rel":"","context":"Dans &quot;Biographies Lazaristes&quot;","block_context":{"text":"Biographies Lazaristes","link":"http:\/\/vincentians.com\/fr\/category\/biographies-lazaristes\/"},"img":{"alt_text":"","src":"https:\/\/i0.wp.com\/vincentians.com\/fr\/wp-content\/uploads\/sites\/10\/2016\/08\/bio-congregation-of-the-mission.jpg?fit=1200%2C630&resize=350%2C200","width":350,"height":200,"srcset":"https:\/\/i0.wp.com\/vincentians.com\/fr\/wp-content\/uploads\/sites\/10\/2016\/08\/bio-congregation-of-the-mission.jpg?fit=1200%2C630&resize=350%2C200 1x, https:\/\/i0.wp.com\/vincentians.com\/fr\/wp-content\/uploads\/sites\/10\/2016\/08\/bio-congregation-of-the-mission.jpg?fit=1200%2C630&resize=525%2C300 1.5x, https:\/\/i0.wp.com\/vincentians.com\/fr\/wp-content\/uploads\/sites\/10\/2016\/08\/bio-congregation-of-the-mission.jpg?fit=1200%2C630&resize=700%2C400 2x, https:\/\/i0.wp.com\/vincentians.com\/fr\/wp-content\/uploads\/sites\/10\/2016\/08\/bio-congregation-of-the-mission.jpg?fit=1200%2C630&resize=1050%2C600 3x"},"classes":[]},{"id":104822,"url":"http:\/\/vincentians.com\/fr\/jean-joseph-ghislain\/","url_meta":{"origin":104827,"position":5},"title":"Jean-Joseph Ghislain","author":"Francisco Javier Fern\u00e1ndez Chento","date":"07\/12\/2012","format":false,"excerpt":"\u5409\u5fb7\u660e KI TE-MING ; sur son tombeau KI\u5180 Pr\u00eatre. N\u00e9 \u00e0 Salles pr\u00e8s de Chimay, Hainaut (Belgique), le 5 mai 1751 ; re\u00e7u au s\u00e9minaire \u00e0 Paris le 1er juillet 1774 ; il y fit les v\u0153ux le 2 juillet 1776 ; y fut ordonn\u00e9 pr\u00eatre le 11 mars 1780.\u2026","rel":"","context":"Dans &quot;Biographies Lazaristes&quot;","block_context":{"text":"Biographies Lazaristes","link":"http:\/\/vincentians.com\/fr\/category\/biographies-lazaristes\/"},"img":{"alt_text":"","src":"https:\/\/i0.wp.com\/vincentians.com\/fr\/wp-content\/uploads\/sites\/10\/2016\/08\/bio-congregation-of-the-mission.jpg?fit=1200%2C630&resize=350%2C200","width":350,"height":200,"srcset":"https:\/\/i0.wp.com\/vincentians.com\/fr\/wp-content\/uploads\/sites\/10\/2016\/08\/bio-congregation-of-the-mission.jpg?fit=1200%2C630&resize=350%2C200 1x, https:\/\/i0.wp.com\/vincentians.com\/fr\/wp-content\/uploads\/sites\/10\/2016\/08\/bio-congregation-of-the-mission.jpg?fit=1200%2C630&resize=525%2C300 1.5x, https:\/\/i0.wp.com\/vincentians.com\/fr\/wp-content\/uploads\/sites\/10\/2016\/08\/bio-congregation-of-the-mission.jpg?fit=1200%2C630&resize=700%2C400 2x, https:\/\/i0.wp.com\/vincentians.com\/fr\/wp-content\/uploads\/sites\/10\/2016\/08\/bio-congregation-of-the-mission.jpg?fit=1200%2C630&resize=1050%2C600 3x"},"classes":[]}],"_links":{"self":[{"href":"http:\/\/vincentians.com\/fr\/wp-json\/wp\/v2\/posts\/104827","targetHints":{"allow":["GET"]}}],"collection":[{"href":"http:\/\/vincentians.com\/fr\/wp-json\/wp\/v2\/posts"}],"about":[{"href":"http:\/\/vincentians.com\/fr\/wp-json\/wp\/v2\/types\/post"}],"author":[{"embeddable":true,"href":"http:\/\/vincentians.com\/fr\/wp-json\/wp\/v2\/users\/4"}],"replies":[{"embeddable":true,"href":"http:\/\/vincentians.com\/fr\/wp-json\/wp\/v2\/comments?post=104827"}],"version-history":[{"count":0,"href":"http:\/\/vincentians.com\/fr\/wp-json\/wp\/v2\/posts\/104827\/revisions"}],"wp:featuredmedia":[{"embeddable":true,"href":"http:\/\/vincentians.com\/fr\/wp-json\/wp\/v2\/media\/189930"}],"wp:attachment":[{"href":"http:\/\/vincentians.com\/fr\/wp-json\/wp\/v2\/media?parent=104827"}],"wp:term":[{"taxonomy":"category","embeddable":true,"href":"http:\/\/vincentians.com\/fr\/wp-json\/wp\/v2\/categories?post=104827"},{"taxonomy":"post_tag","embeddable":true,"href":"http:\/\/vincentians.com\/fr\/wp-json\/wp\/v2\/tags?post=104827"}],"curies":[{"name":"wp","href":"https:\/\/api.w.org\/{rel}","templated":true}]}}