{"id":104783,"date":"2012-11-24T10:02:25","date_gmt":"2012-11-24T09:02:25","guid":{"rendered":"http:\/\/vincentiens.org\/?p=104783"},"modified":"2012-11-24T10:02:25","modified_gmt":"2012-11-24T09:02:25","slug":"message-de-la-medaille-miraculeuse","status":"publish","type":"post","link":"http:\/\/vincentians.com\/fr\/message-de-la-medaille-miraculeuse\/","title":{"rendered":"Message de la M\u00e9daille Miraculeuse"},"content":{"rendered":"<blockquote><p>\u00ab Faites, faites frapper une m\u00e9daille sur ce mod\u00e8le. Les personnes qui la porteront recevront de grandes gr\u00e2ces. Les gr\u00e2ces seront abondantes sur les personnes qui auront confiance. \u00bb<\/p><\/blockquote>\n<p><a href=\"https:\/\/i0.wp.com\/vincentiens.org\/wp-content\/uploads\/2012\/11\/Medaglia_Miracolosa.jpg\"><img data-recalc-dims=\"1\" loading=\"lazy\" decoding=\"async\" class=\"alignright size-medium wp-image-104784\" title=\"Medaglia_Miracolosa\" src=\"https:\/\/i0.wp.com\/vincentiens.org\/wp-content\/uploads\/2012\/11\/Medaglia_Miracolosa-300x300.jpg?resize=300%2C300\" alt=\"\" width=\"300\" height=\"300\" \/><\/a>Il est difficile de pr\u00e9ciser la signification et la port\u00e9e des Apparitions de la rue du Bac, premi\u00e8re de toutes les inter\u00adventions mariales en notre \u00e9poque moderne.<\/p>\n<p>Pendant 46 ans, l\u2019humble voyante de la rue du Bac, par ordre du ciel, a \u00e9t\u00e9 oblig\u00e9e au secret absolu. Sainte du Silence, sa performance de secret et d\u2019effacement a suscit\u00e9 l\u2019admiration du pape-historien Pie XI qui l\u2019a b\u00e9atifi\u00e9e. Le P\u00e8re Aladel, seul confident de Soeur Catherine, n\u2019a fait conna\u00eetre que les faits utiles \u00e0 la diffusion de la M\u00e9daille.<\/p>\n<h2>Le myst\u00e8re de Marie et le myst\u00e8re de l\u2019Eglise<\/h2>\n<p>Pour entrevoir le message essentiel de la M\u00e9daille miraculeuse, on peut noter quel\u00adques points du myst\u00e8re de la rue du Bac.<\/p>\n<h3><strong>Une pr\u00e9paration au dogme de 1854<\/strong><\/h3>\n<p>Le premier \u00e9l\u00e9ment est, semble-t-il, que l\u2019apparition de 1830 a pr\u00e9par\u00e9 les esprits \u00e0 la d\u00e9finition de l\u2019Immacul\u00e9e-Conception. Il para\u00eet assur\u00e9 que la M\u00e9daille Miraculeuse a suscit\u00e9 le courant pr\u00e9dominant de foi et d\u2019invocation, pour ainsi dire le degr\u00e9 de pression spirituelle n\u00e9cessaire pour la d\u00e9finition de 1854. Cette efficacit\u00e9 a d\u2019ailleurs \u00e9t\u00e9 enregistr\u00e9e au Congr\u00e8s romain du Cinquantenaire en 1904 et est reconnue par l\u2019office liturgique de Notre-Dame de la M\u00e9daille Miraculeuse.<\/p>\n<p>L\u2019apparition parisienne et, sur un tout autre plan, la d\u00e9finition romaine, ont fait resplendir le Myst\u00e8re de Marie-Immacul\u00e9e dans la conscience eccl\u00e9siale. En une lumi\u00e8re en quelque sorte nouvelle, Marie est apparue comme \u00ab la Fille a\u00een\u00e9e de la Croix \u00bb, c\u2019est-\u00e0-dire comme la plus riche b\u00e9n\u00e9fi\u00adciaire en m\u00eame temps que la premi\u00e8re partenaire du R\u00e9demp\u00adteur.<\/p>\n<p>Bien loin de l\u2019exclure de l\u2019\u00e9conomie salvifique, le privi\u00adl\u00e8ge originel de Notre-Dame ne s\u2019explique que par sa vocation et sa mission au service du salut universel. Non pas en dehors ou au-dessus de l\u2019Eglise : Marie, par sa gr\u00e2ce exceptionnelle, est vou\u00e9e au service d\u2019une Eglise dont elle est l\u2019id\u00e9al achev\u00e9 en m\u00eame temps que l\u2019auxiliaire efficace et irrempla\u00e7able. Pre\u00admi\u00e8re servante du Christ, elle est, jusqu\u2019\u00e0 la fin des temps, la premi\u00e8re servante du Corps mystique de son Fils.<\/p>\n<p>A l\u2019aube du XIXe si\u00e8cle, ces v\u00e9rit\u00e9s de foi \u00e9taient obscurcies dans la conscience commune de la Chr\u00e9tient\u00e9. Au lendemain de la tourmente r\u00e9volutionnaire, la cat\u00e9ch\u00e8se et la foi mariales \u00e9taient d\u2019une rare pauvret\u00e9. M\u00eame la pr\u00e9dication et les mani\u00adfestations de la pi\u00e9t\u00e9 populaire \u00e9taient r\u00e9ticentes ou indigen\u00adtes.<\/p>\n<p>La grande crise de 1789, non seulement avait ruin\u00e9 les institutions chr\u00e9tiennes de l\u2019Ancien R\u00e9gime, mais avait plus profond\u00e9ment encore \u00e9branl\u00e9 les ressorts et les r\u00e9flexes de la foi en la plupart des \u00e2mes. On ne croyait plus. On ne priait plus. Partout pr\u00e9dominaient l\u2019indiff\u00e9rence, le scepticisme ou l\u2019hostilit\u00e9. Les sacrements \u00e9taient d\u00e9laiss\u00e9s ou n\u00e9glig\u00e9s.<\/p>\n<p>Au milieu de ces ruines spirituelles, l\u2019Eglise se relevait laborieu\u00adsement et timidement. Bient\u00f4t, elle aurait \u00e0 faire face succes\u00adsivement \u00e0 l\u2019apostasie rationaliste, scientiste et mat\u00e9rialiste et surtout \u00e0 l\u2019apostasie ouvri\u00e8re.<\/p>\n<h3><strong>Foi, pri\u00e8re et conversion<\/strong><\/h3>\n<p>Les mariophanies du XIXe si\u00e8cle, et, en tout premier lieu, celle de 1830, suscit\u00e8rent un r\u00e9veil de foi, de pri\u00e8re et de conversion. Elles apport\u00e8rent une aide appr\u00e9ciable \u00e0 la mis\u00adsion \u00e9vang\u00e9lisatrice et sanctifiante d\u2019une Eglise attaqu\u00e9e sur tous les fronts : intellectuel, institutionnel et social.<\/p>\n<p>D\u00e8s 1832 ou 1833, des lettres \u00e9piscopales parviennent \u00e0 la rue du Bac ou \u00e0 l\u2019archev\u00eaque de Paris, pour signaler que la foi rena\u00eet, que la pri\u00e8re refleurit, que des mouvements de conversion se dessinent \u00e0 la suite de la diffusion de l\u2019effigie de la rue du Bac, que le sens populaire d\u00e9nomme d\u00e9j\u00e0 la m\u00e9daille miraculeuse. \u00ab Foi, Pri\u00e8re, Conversion \u00bb, telle est la trilogie biblique et \u00e9vang\u00e9lique que ce \u00ab moyen pauvre \u00bb entre tous renouvelle par la gr\u00e2ce mis\u00e9ricordieuse de Dieu. L\u2019humble m\u00e9daille suscite la foi comme jadis l\u2019Evangile en Galil\u00e9e et comme demain les p\u00e8lerinages \u00e0 Lourdes.<\/p>\n<p>Comme au temps du Christ historique, les pauvres sont les premiers b\u00e9n\u00e9ficiaires du message. D\u2019ailleurs la Vierge des Pauvres n\u2019a-t-elle pas confi\u00e9 son don aux filles de Monsieur Vincent qui sont par droit d\u2019a\u00eenesse et par vocation propre les premi\u00e8res servantes des pauvres?<\/p>\n<p>Mais les riches ne sont pas plus except\u00e9s qu\u2019aux temps \u00e9vang\u00e9liques. Le miracle le plus \u00e9clatant de la m\u00e9daille \u2014 aussi imm\u00e9diat et d\u00e9cisif que celui du Chemin de Damas \u2014n\u2019a-t-il pour sujet un riche banquier isra\u00e9lite de Strasbourg, Alphonse Ratisbonne ? Un jugement romain en reconna\u00eet le caract\u00e8re miraculeux, que d\u2019ailleurs toute la haute soci\u00e9t\u00e9 europ\u00e9enne a enregistr\u00e9 avec \u00e9tonnement.<\/p>\n<h3><strong>Un signe d\u2019esp\u00e9rance<\/strong><\/h3>\n<p>Impossible de ne pas noter que les faits de la rue du Bac se situent sous un signe d\u2019esp\u00e9rance spirituelle. Alors que le message p\u00e9nitentiel de Lourdes s\u2019inscrit en la quarantaine pascale de 1858, les faits de la rue du Bac se d\u00e9roulent au temps liturgique de l\u2019Avent 1830.<\/p>\n<p>Sans en saisir la port\u00e9e, la voyante a consign\u00e9 par \u00e9crit que la grande Apparition de Notre-Dame de la M\u00e9daille Miraculeuse lui \u00e9tait survenue \u00ab le samedi soir, en la veille du premier dimanche de l\u2019Avent \u00bb. L\u2019Immacul\u00e9e de la M\u00e9daille est venue confirmer et fortifier, la veille de temps particuli\u00e8rement troubl\u00e9s, l\u2019esp\u00e9rance eccl\u00e9\u00adsiale du peuple chr\u00e9tien.<\/p>\n<p>Avertissements et promesses, tel est le sch\u00e9ma biblique des proph\u00e8tes et de la Reine des proph\u00e8tes. Toujours pr\u00e9sente, par vocation et mission, au myst\u00e8re de l\u2019Eglise, la Vierge glo\u00adrifi\u00e9e l\u2019est plus que jamais, en signe d\u2019esp\u00e9rance, aux temps de luttes et de renouveau.<\/p>\n<p>A la rue du Bac, les proph\u00e9ties abondent, pr\u00e9cises et graves : \u00ab Les temps seront mauvais \u2014le sang coulera \u2014 la croix sera m\u00e9pris\u00e9e \u2014 on ouvrira \u00e0 nou\u00adveau le c\u00f4t\u00e9 du Christ \u00bb ; mais les promesses d\u2019assistance et de salut pr\u00e9dominent : \u00ab On croira tout perdu \u2014 les gr\u00e2ces seront abondantes \u2014 je serai toujours avec vous. \u00bb<\/p>\n<p>Les pro\u00adph\u00e9ties sont, semble-t-il, plus d\u00e9taill\u00e9es et plus graves que dans les autres mariophanies. Mais la promesse d\u2019assistance et les gages de gr\u00e2ces sont aussi plus assur\u00e9s et plus formels. Le message de 1830 annonce et enveloppe tous les autres messages du si\u00e8cle.<\/p>\n<h2>Le signe de la Vierge priante<\/h2>\n<p>La richesse du message de 1830 a d\u00e9j\u00e0 \u00e9t\u00e9 observ\u00e9e par le P. Ren\u00e9 Laurentin, en son Court Trait\u00e9 de Th\u00e9ologie Mariale. Apr\u00e8s avoir not\u00e9 l\u2019extr\u00eame mis\u00e8re de la doctrine et pi\u00e9t\u00e9 mariale au seuil du XIX\u00b0 si\u00e8cle, voici sa remarque : \u00ab La renais\u00adsance mariale qui survient alors prend des formes surpre\u00adnantes.<\/p>\n<p>Elle commence en 1830, par une apparition, la pre\u00admi\u00e8re d\u2019une s\u00e9rie, caract\u00e9ristique de ce si\u00e8cle. La Vierge confie \u00e0 Catherine Labour\u00e9 le projet de la m\u00e9daille miraculeuse qui est comme le signal d\u2019un grand mouvement de pi\u00e9t\u00e9 et de conversion. L\u2019effigie semble donner tout le programme du si\u00e8cle : Immacul\u00e9e Conception et M\u00e9diation \u00bb (p. 75).<\/p>\n<p>La m\u00e9daille de 1830, nous l\u2019avons soulign\u00e9, donne le feu vert \u00e0 une reviviscence \u00e9vang\u00e9lique de foi et de pri\u00e8re. Elle est une nouvelle avance de mis\u00e9ricorde \u00e0 l\u2019humanit\u00e9 qui s\u2019est gravement d\u00e9tach\u00e9e de Dieu. Par Marie, Dieu renouvelle sa promesse de pardon aux hommes \u00e9gar\u00e9s et p\u00e9cheurs. C\u2019est une \u00e9tape nouvelle de l\u2019Histoire Sainte de la mis\u00e9ricorde inlas\u00adsable de Dieu.<\/p>\n<p>Mais l\u2019aspect sp\u00e9cifique de cette \u00e9tape est l\u2019in\u00adtervention de Notre-Dame. Dieu nous offre \u00e0 nouveau son pardon et son salut mais par le moyen de la Vierge Imma\u00adcul\u00e9e. La reconnaissance du r\u00f4le priant et agissant de Notre-Dame sont les caract\u00e9ristiques de cette \u00e9tape nouvelle de la mis\u00e9ricorde divine et du myst\u00e8re de l\u2019Eglise.<\/p>\n<p>La M\u00e9daille Miraculeuse est l\u2019embl\u00e8me de ces temps nouvaux. Le myst\u00e8re de Marie s\u2019y trouve condens\u00e9 en des \u00e9l\u00e9ments symboliques et suggestifs dont les progr\u00e8s de la th\u00e9ologie biblique actuelle donnent la cl\u00e9 : \u00ab L\u2019Eve nouvelle et l\u2019antique serpent, \u2013 la Croix et les deux C\u0153urs douloureux, \u2013 les douze \u00e9toiles apocalyptiques \u00bb.<\/p>\n<p>Arr\u00eatons-nous un instant \u00e0 l\u2019invocation inscrite, par ordre du ciel. sur la m\u00e9daille : \u00ab \u00d4 Marie con\u00e7ue sans p\u00e9ch\u00e9, priez pour nous qui avons recours \u00e0 vous. \u00bb Cette inscription ne nous livre-t-elle pas une des cl\u00e9s du message de la Vierge ?<\/p>\n<p>Pr\u00e8s de son Fils, Marie est l\u2019orante supr\u00eame de l\u2019humanit\u00e9. Avec Lui et pr\u00e8s de Lui, elle interc\u00e8de sans cesse pour nous. Notre salut est suspendu \u00e0 cet unique myst\u00e8re d\u2019intercession. Accepter et porter la m\u00e9daille, c\u2019est d\u00e8s lors proclamer notre foi en la pri\u00e8re puissante de notre m\u00e9diatrice immacul\u00e9e pr\u00e8s du Christ.<\/p>\n<h3><strong>Un recours confiant<\/strong><\/h3>\n<p>Mais si la m\u00e9daille appara\u00eet ainsi comme le signe par ex\u00adcellence de l\u2019intercession c\u00e9leste de Marie, elle est aussi le signe de notre devoir de recourir avec confiance \u00e0 sa m\u00e9dia\u00adtion priante. Accepter et porter la m\u00e9daille, c\u2019est affirmer notre devoir de prier avec Notre-Dame et \u00e0 toutes les inten\u00adtions de son C\u0153ur missionnaire. Toutes les interventions de Notre-Dame ne sont-elles des appels \u00e0 la pri\u00e8re comme aussi l\u2019assurance de l\u2019amour priant de Notre-Dame pour nous ?<\/p>\n<p>Que tel soit un des sens profond du myst\u00e8re de la rue du Bac, comment en douter si l\u2019on se souvient de ce qui a \u00e9t\u00e9 \u00e0 la fois l\u2019extase et le tourment de l\u2019humble S\u0153ur Catherine ? La pri\u00e8re silencieuse de la Vierge au Globe, l\u2019intercession univer\u00adselle de la m\u00e9diatrice de toutes gr\u00e2ces (\u00ab Ce globe repr\u00e9sente le monde entier et chaque \u00e2me\u2026 \u00bb) a \u00e9t\u00e9 l\u2019inoubliable instant qui a boulevers\u00e9 l\u2019\u00e2me et la vie de la Sainte de la m\u00e9daille. La non-r\u00e9alisation de l\u2019image de la Vierge au Globe a \u00e9t\u00e9 le seul motif assez d\u00e9terminant pour lui faire rompre un silence in\u00adviol\u00e9 durant 47 ans.<\/p>\n<p>N\u2019\u00e9tait-ce pas dire que la m\u00e9daille, avec toutes ses gr\u00e2ces, ne nous livrait pas tout son message essentiel et fondamental : la pri\u00e8re c\u00e9leste et universelle de Marie glorifi\u00e9e, cr\u00e9ature pri\u00advil\u00e9gi\u00e9e mais responsable pr\u00e8s de son Fils du salut de toutes les \u00e2mes et de l\u2019\u00e9dification du Corps mystique ?<\/p>\n<h3><strong>Une pri\u00e8re d\u2019intercession et de protection<\/strong><\/h3>\n<p>En une lumi\u00e8re renouvel\u00e9e, une v\u00e9rit\u00e9 premi\u00e8re de la Tradition Chr\u00e9tienne nous est \u00e0 nouveau propos\u00e9e. La pre\u00admi\u00e8re pri\u00e8re chr\u00e9tienne \u00e0 Marie, (le Sub tuum) n\u2019est-elle pas un recours confiant \u00e0 sa pri\u00e8re et \u00e0 son pouvoir d\u2019intercession et de protection ? Pour ne citer que l\u2019office byzantin du \u00ab Po\u00adkrof \u00bb, la croyance de tous les temps chr\u00e9tiens a reconnu le cr\u00e9dit d\u2019intercession irrempla\u00e7able de la M\u00e8re de Dieu :<\/p>\n<p style=\"padding-left: 30px\"><em>\u00ab Tu es l\u2019unique, \u00f4 Tr\u00e8s Sainte et Tr\u00e8s Pieuse M\u00e8re de Dieu, \u00e0 qui soit donn\u00e9 de voir sa pri\u00e8re toujours exauc\u00e9e. Inconcevable est pour nous \u00f4 Vierge M\u00e8re de Dieu, la protection dont tu couvres tes fid\u00e8les orthodoxes. Ignorants sont nos ennemis de la puissance de ta pri\u00e8re. \u00bb<\/em><\/p>\n<p>Comment ne pas reconna\u00eetre la Vierge aux rayons en cette strophe ?<\/p>\n<p style=\"padding-left: 30px\"><em>\u00ab Etends jusqu\u2019aux extr\u00e9mit\u00e9s de la terre tes mains se\u00adcourables, \u00f4 Souveraine d\u2019in\u00e9puisable bont\u00e9. Sant\u00e9 des mala\u00addes, consolatrice des souffrants, lumi\u00e8re des aveugles, par toi tout \u00e0 tous est donn\u00e9, \u00e0 chacun selon ses besoins. \u00bb<\/em><\/p>\n<p>Comment ne pas appliquer \u00e0 la Vierge de la mariophanie la plus eucharistique, qui nous a invit\u00e9 \u00e0 \u00ab venir au pied de l\u2019autel \u00bb, aupr\u00e8s duquel elle est apparue rue du Bac, celle-ci ?<\/p>\n<p style=\"padding-left: 30px\"><em>\u00ab Tiens-toi pr\u00e8s de l\u2019autel du Seigneur. L\u00e8ve tes mains vers le Ciel. Supplie le Roi de gloire d\u2019accueillir notre indigne pri\u00e8re. \u00bb<\/em><\/p>\n<p>Plus que partout ailleurs, la Vierge de 1830 nous engage \u00e0 participer au culte eucharistique de l\u2019Eglise.<\/p>\n<p>* * *<\/p>\n<h3><strong>La mission de la Vierge Marie<\/strong><\/h3>\n<p>Les mariophanies, on le voit, n\u2019apportent aucune doctrine nouvelle. Mais leur port\u00e9e est ailleurs. Annonce renouvel\u00e9e de l\u2019inlassable volont\u00e9 de salut de Dieu, elles s\u2019inscrivent dans la trame \u00e9vang\u00e9lique de l\u2019histoire de l\u2019Eglise. C\u2019est au sein de l\u2019Eglise et \u00e0 son service qu\u2019elles s\u2019accomplissent dans le plein respect de son myst\u00e8re.<\/p>\n<p>Aux lieux des apparitions, l\u2019Eglise rassemble ses en\u00adfants, \u00ab de toutes nations, tribus, peuples, dialectes \u00bb ; elle leur rappelle les grandes v\u00e9rit\u00e9s de l\u2019Evangile et les exigences profondes du salut. Elle purifie le coeur de son peuple et le nourrit \u00e0 la table du Seigneur. Elle le renvoie vers ses milieux de vie et de travail, t\u00e9moin de la charit\u00e9 de Dieu.<\/p>\n<p>Aux lieux des apparitions, en \u00e9cho aux appels de Notre-Dame, l\u2019Eglise s\u2019unit, l\u2019Eglise se purifie, l\u2019Eglise se fortifie, l\u2019Eglise se renou\u00advelle, l\u2019Eglise grandit. Les apparitions de la Vierge Marie il\u00adlustrent sa mission de partout et de toujours : conduire les fid\u00e8les au Sauveur.<\/p>\n","protected":false},"excerpt":{"rendered":"<p>\u00ab Faites, faites frapper une m\u00e9daille sur ce mod\u00e8le. Les personnes qui la porteront recevront de grandes gr\u00e2ces. Les gr\u00e2ces seront abondantes sur les personnes qui auront confiance. \u00bb Il est difficile de pr\u00e9ciser la &#8230; <a href=\"http:\/\/vincentians.com\/fr\/message-de-la-medaille-miraculeuse\/\" class=\"more-link\">Read More<\/a><\/p>\n","protected":false},"author":4,"featured_media":104784,"comment_status":"open","ping_status":"open","sticky":false,"template":"","format":"standard","meta":{"jetpack_post_was_ever_published":false,"_jetpack_newsletter_access":"","_jetpack_dont_email_post_to_subs":false,"_jetpack_newsletter_tier_id":0,"_jetpack_memberships_contains_paywalled_content":false,"_jetpack_memberships_contains_paid_content":false,"footnotes":"","jetpack_publicize_message":"","jetpack_publicize_feature_enabled":true,"jetpack_social_post_already_shared":true,"jetpack_social_options":{"image_generator_settings":{"template":"highway","default_image_id":0,"font":"","enabled":false},"version":2}},"categories":[130],"tags":[],"class_list":["post-104783","post","type-post","status-publish","format-standard","has-post-thumbnail","hentry","category-medaille-miraculeuse-et-devotion-mariale"],"yoast_head":"<!-- This site is optimized with the Yoast SEO plugin v26.3 - https:\/\/yoast.com\/wordpress\/plugins\/seo\/ -->\n<title>Message de la M\u00e9daille Miraculeuse - Nous Sommes Vincentiens<\/title>\n<meta name=\"robots\" content=\"index, follow, max-snippet:-1, max-image-preview:large, max-video-preview:-1\" \/>\n<link rel=\"canonical\" href=\"https:\/\/vincentians.com\/fr\/message-de-la-medaille-miraculeuse\/\" \/>\n<meta property=\"og:locale\" content=\"fr_FR\" \/>\n<meta property=\"og:type\" content=\"article\" \/>\n<meta property=\"og:title\" content=\"Message de la M\u00e9daille Miraculeuse - Nous Sommes Vincentiens\" \/>\n<meta property=\"og:description\" content=\"\u00ab Faites, faites frapper une m\u00e9daille sur ce mod\u00e8le. Les personnes qui la porteront recevront de grandes gr\u00e2ces. Les gr\u00e2ces seront abondantes sur les personnes qui auront confiance. \u00bb Il est difficile de pr\u00e9ciser la ... Read More\" \/>\n<meta property=\"og:url\" content=\"https:\/\/vincentians.com\/fr\/message-de-la-medaille-miraculeuse\/\" \/>\n<meta property=\"og:site_name\" content=\"Nous Sommes Vincentiens\" \/>\n<meta property=\"article:publisher\" content=\"https:\/\/www.facebook.com\/WeAreVincentians\/\" \/>\n<meta property=\"article:author\" content=\"https:\/\/www.facebook.com\/JavierChento\" \/>\n<meta property=\"article:published_time\" content=\"2012-11-24T09:02:25+00:00\" \/>\n<meta name=\"author\" content=\"Francisco Javier Fern\u00e1ndez Chento\" \/>\n<meta name=\"twitter:card\" content=\"summary_large_image\" \/>\n<meta name=\"twitter:creator\" content=\"@https:\/\/twitter.com\/javierchento\" \/>\n<meta name=\"twitter:site\" content=\"@WeVincentians\" \/>\n<meta name=\"twitter:label1\" content=\"\u00c9crit par\" \/>\n\t<meta name=\"twitter:data1\" content=\"Francisco Javier Fern\u00e1ndez Chento\" \/>\n\t<meta name=\"twitter:label2\" content=\"Dur\u00e9e de lecture estim\u00e9e\" \/>\n\t<meta name=\"twitter:data2\" content=\"12 minutes\" \/>\n<script type=\"application\/ld+json\" class=\"yoast-schema-graph\">{\"@context\":\"https:\/\/schema.org\",\"@graph\":[{\"@type\":\"WebPage\",\"@id\":\"https:\/\/vincentians.com\/fr\/message-de-la-medaille-miraculeuse\/\",\"url\":\"https:\/\/vincentians.com\/fr\/message-de-la-medaille-miraculeuse\/\",\"name\":\"Message de la M\u00e9daille Miraculeuse - Nous Sommes Vincentiens\",\"isPartOf\":{\"@id\":\"http:\/\/vincentians.com\/fr\/#website\"},\"primaryImageOfPage\":{\"@id\":\"https:\/\/vincentians.com\/fr\/message-de-la-medaille-miraculeuse\/#primaryimage\"},\"image\":{\"@id\":\"https:\/\/vincentians.com\/fr\/message-de-la-medaille-miraculeuse\/#primaryimage\"},\"thumbnailUrl\":\"\",\"datePublished\":\"2012-11-24T09:02:25+00:00\",\"author\":{\"@id\":\"http:\/\/vincentians.com\/fr\/#\/schema\/person\/9623ef4d9aa3b2dfb8c061f1499288f2\"},\"breadcrumb\":{\"@id\":\"https:\/\/vincentians.com\/fr\/message-de-la-medaille-miraculeuse\/#breadcrumb\"},\"inLanguage\":\"fr-FR\",\"potentialAction\":[{\"@type\":\"ReadAction\",\"target\":[\"https:\/\/vincentians.com\/fr\/message-de-la-medaille-miraculeuse\/\"]}]},{\"@type\":\"ImageObject\",\"inLanguage\":\"fr-FR\",\"@id\":\"https:\/\/vincentians.com\/fr\/message-de-la-medaille-miraculeuse\/#primaryimage\",\"url\":\"\",\"contentUrl\":\"\"},{\"@type\":\"BreadcrumbList\",\"@id\":\"https:\/\/vincentians.com\/fr\/message-de-la-medaille-miraculeuse\/#breadcrumb\",\"itemListElement\":[{\"@type\":\"ListItem\",\"position\":1,\"name\":\"Portada\",\"item\":\"http:\/\/vincentians.com\/fr\/\"},{\"@type\":\"ListItem\",\"position\":2,\"name\":\"Message de la M\u00e9daille Miraculeuse\"}]},{\"@type\":\"WebSite\",\"@id\":\"http:\/\/vincentians.com\/fr\/#website\",\"url\":\"http:\/\/vincentians.com\/fr\/\",\"name\":\"Nous Sommes Vincentiens\",\"description\":\"Know more to serve more\",\"potentialAction\":[{\"@type\":\"SearchAction\",\"target\":{\"@type\":\"EntryPoint\",\"urlTemplate\":\"http:\/\/vincentians.com\/fr\/?s={search_term_string}\"},\"query-input\":{\"@type\":\"PropertyValueSpecification\",\"valueRequired\":true,\"valueName\":\"search_term_string\"}}],\"inLanguage\":\"fr-FR\"},{\"@type\":\"Person\",\"@id\":\"http:\/\/vincentians.com\/fr\/#\/schema\/person\/9623ef4d9aa3b2dfb8c061f1499288f2\",\"name\":\"Francisco Javier Fern\u00e1ndez Chento\",\"image\":{\"@type\":\"ImageObject\",\"inLanguage\":\"fr-FR\",\"@id\":\"http:\/\/vincentians.com\/fr\/#\/schema\/person\/image\/\",\"url\":\"https:\/\/secure.gravatar.com\/avatar\/497d5cde87b4c3d097d0315953521681ba2cd523ee66e5077c3711f7021e65de?s=96&d=mm&r=g\",\"contentUrl\":\"https:\/\/secure.gravatar.com\/avatar\/497d5cde87b4c3d097d0315953521681ba2cd523ee66e5077c3711f7021e65de?s=96&d=mm&r=g\",\"caption\":\"Francisco Javier Fern\u00e1ndez Chento\"},\"description\":\"Director General y cofundador de La Red de Formaci\u00f3n Vicenciana. Javier es laico vicenciano, afiliado a la Congregaci\u00f3n de la Misi\u00f3n y miembro del Equipo de Misiones Populares de la provincia can\u00f3nica de Zaragoza (Espa\u00f1a) de la Congregaci\u00f3n de la Misi\u00f3n. Graduado en la Universidad Oberta de Catalunya con cuatro grados (Asistente de direcci\u00f3n, Gesti\u00f3n Administrativa, Recursos Humanos y Contabilidad Avanzada). Bil\u00edng\u00fce Espa\u00f1ol\/Ingl\u00e9s. gestiona y mantiene varias p\u00e1ginas web cristianas y vicencianas, incluida including La Red de Formaci\u00f3n Vicenciana, de la que es cofundador. Actualmente es responsable del \u00e1rea de Espa\u00f1ol de .famvin, la Red de Noticias de la Familia Vicenciana. Tambi\u00e9n es m\u00fasico cat\u00f3lico y ha editado varios discos. Es Director General y cofundador de Trovador, una reconocida compa\u00f1\u00eda discogr\u00e1fica critiana de Espa\u00f1a. Trabaja en las Tecnolog\u00edas de la Informaci\u00f3n, ofreciendo servicios de alojamiento, dise\u00f1o y mantenimiento Web, as\u00ed como asesoramiento, formaci\u00f3n y soluciones inform\u00e1ticas, gesti\u00f3n documental y digitalizaci\u00f3n de textos, edici\u00f3n y maquetaci\u00f3n de libros, revistas, flyers, etc.\",\"sameAs\":[\"http:\/\/chento.org\",\"https:\/\/www.facebook.com\/JavierChento\",\"https:\/\/x.com\/https:\/\/twitter.com\/javierchento\"],\"url\":\"http:\/\/vincentians.com\/fr\/author\/chento\/\"}]}<\/script>\n<!-- \/ Yoast SEO plugin. -->","yoast_head_json":{"title":"Message de la M\u00e9daille Miraculeuse - Nous Sommes Vincentiens","robots":{"index":"index","follow":"follow","max-snippet":"max-snippet:-1","max-image-preview":"max-image-preview:large","max-video-preview":"max-video-preview:-1"},"canonical":"https:\/\/vincentians.com\/fr\/message-de-la-medaille-miraculeuse\/","og_locale":"fr_FR","og_type":"article","og_title":"Message de la M\u00e9daille Miraculeuse - Nous Sommes Vincentiens","og_description":"\u00ab Faites, faites frapper une m\u00e9daille sur ce mod\u00e8le. Les personnes qui la porteront recevront de grandes gr\u00e2ces. Les gr\u00e2ces seront abondantes sur les personnes qui auront confiance. \u00bb Il est difficile de pr\u00e9ciser la ... Read More","og_url":"https:\/\/vincentians.com\/fr\/message-de-la-medaille-miraculeuse\/","og_site_name":"Nous Sommes Vincentiens","article_publisher":"https:\/\/www.facebook.com\/WeAreVincentians\/","article_author":"https:\/\/www.facebook.com\/JavierChento","article_published_time":"2012-11-24T09:02:25+00:00","author":"Francisco Javier Fern\u00e1ndez Chento","twitter_card":"summary_large_image","twitter_creator":"@https:\/\/twitter.com\/javierchento","twitter_site":"@WeVincentians","twitter_misc":{"\u00c9crit par":"Francisco Javier Fern\u00e1ndez Chento","Dur\u00e9e de lecture estim\u00e9e":"12 minutes"},"schema":{"@context":"https:\/\/schema.org","@graph":[{"@type":"WebPage","@id":"https:\/\/vincentians.com\/fr\/message-de-la-medaille-miraculeuse\/","url":"https:\/\/vincentians.com\/fr\/message-de-la-medaille-miraculeuse\/","name":"Message de la M\u00e9daille Miraculeuse - Nous Sommes Vincentiens","isPartOf":{"@id":"http:\/\/vincentians.com\/fr\/#website"},"primaryImageOfPage":{"@id":"https:\/\/vincentians.com\/fr\/message-de-la-medaille-miraculeuse\/#primaryimage"},"image":{"@id":"https:\/\/vincentians.com\/fr\/message-de-la-medaille-miraculeuse\/#primaryimage"},"thumbnailUrl":"","datePublished":"2012-11-24T09:02:25+00:00","author":{"@id":"http:\/\/vincentians.com\/fr\/#\/schema\/person\/9623ef4d9aa3b2dfb8c061f1499288f2"},"breadcrumb":{"@id":"https:\/\/vincentians.com\/fr\/message-de-la-medaille-miraculeuse\/#breadcrumb"},"inLanguage":"fr-FR","potentialAction":[{"@type":"ReadAction","target":["https:\/\/vincentians.com\/fr\/message-de-la-medaille-miraculeuse\/"]}]},{"@type":"ImageObject","inLanguage":"fr-FR","@id":"https:\/\/vincentians.com\/fr\/message-de-la-medaille-miraculeuse\/#primaryimage","url":"","contentUrl":""},{"@type":"BreadcrumbList","@id":"https:\/\/vincentians.com\/fr\/message-de-la-medaille-miraculeuse\/#breadcrumb","itemListElement":[{"@type":"ListItem","position":1,"name":"Portada","item":"http:\/\/vincentians.com\/fr\/"},{"@type":"ListItem","position":2,"name":"Message de la M\u00e9daille Miraculeuse"}]},{"@type":"WebSite","@id":"http:\/\/vincentians.com\/fr\/#website","url":"http:\/\/vincentians.com\/fr\/","name":"Nous Sommes Vincentiens","description":"Know more to serve more","potentialAction":[{"@type":"SearchAction","target":{"@type":"EntryPoint","urlTemplate":"http:\/\/vincentians.com\/fr\/?s={search_term_string}"},"query-input":{"@type":"PropertyValueSpecification","valueRequired":true,"valueName":"search_term_string"}}],"inLanguage":"fr-FR"},{"@type":"Person","@id":"http:\/\/vincentians.com\/fr\/#\/schema\/person\/9623ef4d9aa3b2dfb8c061f1499288f2","name":"Francisco Javier Fern\u00e1ndez Chento","image":{"@type":"ImageObject","inLanguage":"fr-FR","@id":"http:\/\/vincentians.com\/fr\/#\/schema\/person\/image\/","url":"https:\/\/secure.gravatar.com\/avatar\/497d5cde87b4c3d097d0315953521681ba2cd523ee66e5077c3711f7021e65de?s=96&d=mm&r=g","contentUrl":"https:\/\/secure.gravatar.com\/avatar\/497d5cde87b4c3d097d0315953521681ba2cd523ee66e5077c3711f7021e65de?s=96&d=mm&r=g","caption":"Francisco Javier Fern\u00e1ndez Chento"},"description":"Director General y cofundador de La Red de Formaci\u00f3n Vicenciana. Javier es laico vicenciano, afiliado a la Congregaci\u00f3n de la Misi\u00f3n y miembro del Equipo de Misiones Populares de la provincia can\u00f3nica de Zaragoza (Espa\u00f1a) de la Congregaci\u00f3n de la Misi\u00f3n. Graduado en la Universidad Oberta de Catalunya con cuatro grados (Asistente de direcci\u00f3n, Gesti\u00f3n Administrativa, Recursos Humanos y Contabilidad Avanzada). Bil\u00edng\u00fce Espa\u00f1ol\/Ingl\u00e9s. gestiona y mantiene varias p\u00e1ginas web cristianas y vicencianas, incluida including La Red de Formaci\u00f3n Vicenciana, de la que es cofundador. Actualmente es responsable del \u00e1rea de Espa\u00f1ol de .famvin, la Red de Noticias de la Familia Vicenciana. Tambi\u00e9n es m\u00fasico cat\u00f3lico y ha editado varios discos. Es Director General y cofundador de Trovador, una reconocida compa\u00f1\u00eda discogr\u00e1fica critiana de Espa\u00f1a. Trabaja en las Tecnolog\u00edas de la Informaci\u00f3n, ofreciendo servicios de alojamiento, dise\u00f1o y mantenimiento Web, as\u00ed como asesoramiento, formaci\u00f3n y soluciones inform\u00e1ticas, gesti\u00f3n documental y digitalizaci\u00f3n de textos, edici\u00f3n y maquetaci\u00f3n de libros, revistas, flyers, etc.","sameAs":["http:\/\/chento.org","https:\/\/www.facebook.com\/JavierChento","https:\/\/x.com\/https:\/\/twitter.com\/javierchento"],"url":"http:\/\/vincentians.com\/fr\/author\/chento\/"}]}},"jetpack_publicize_connections":[],"jetpack_featured_media_url":"","jetpack_sharing_enabled":true,"jetpack_shortlink":"https:\/\/wp.me\/p7ETMP-rg3","jetpack-related-posts":[{"id":104613,"url":"http:\/\/vincentians.com\/fr\/video-medaille-miraculeuse-le-message-de-la-rue-du-bac\/","url_meta":{"origin":104783,"position":0},"title":"Vid\u00e9o: M\u00e9daille Miraculeuse &#8211; Le message de la Rue du Bac","author":"Francisco Javier Fern\u00e1ndez Chento","date":"02\/11\/2012","format":false,"excerpt":"","rel":"","context":"Dans &quot;M\u00e9daille Miraculeuse et d\u00e9votion mariale&quot;","block_context":{"text":"M\u00e9daille Miraculeuse et d\u00e9votion mariale","link":"http:\/\/vincentians.com\/fr\/category\/medaille-miraculeuse-et-devotion-mariale\/"},"img":{"alt_text":"","src":"","width":0,"height":0},"classes":[]},{"id":104777,"url":"http:\/\/vincentians.com\/fr\/fete-de-notre-dame-de-la-medaille-miraculeuse\/","url_meta":{"origin":104783,"position":1},"title":"F\u00eate de Notre Dame de la M\u00e9daille Miraculeuse","author":"Francisco Javier Fern\u00e1ndez Chento","date":"24\/11\/2012","format":false,"excerpt":"Pour inviter la Famille Vincentienne \u00e0 une plus grande d\u00e9votion \u00e0 Notre-Dame de la M\u00e9daille Miraculeuse. Chers Fr\u00e8res et S\u0153urs en Saint Vincent, La gr\u00e2ce et la paix de Notre Seigneur J\u00e9sus Christ soit toujours avec nous\u00a0! Tandis que l\u2019Eglise se r\u00e9jouit en ce d\u00e9but de l\u2019\u00ab\u00a0Ann\u00e9e de la foi\u00a0\u00bb,\u2026","rel":"","context":"Dans &quot;M\u00e9daille Miraculeuse et d\u00e9votion mariale&quot;","block_context":{"text":"M\u00e9daille Miraculeuse et d\u00e9votion mariale","link":"http:\/\/vincentians.com\/fr\/category\/medaille-miraculeuse-et-devotion-mariale\/"},"img":{"alt_text":"P. Gregory Gay, C.M.","src":"https:\/\/i0.wp.com\/somos.vicencianos.org\/files\/2009\/12\/gregory_felicita_la_navidad11-300x300.jpg?resize=350%2C200","width":350,"height":200},"classes":[]},{"id":104142,"url":"http:\/\/vincentians.com\/fr\/ephemerides-27-novembre\/","url_meta":{"origin":104783,"position":2},"title":"Eph\u00e9m\u00e9rides: 27 novembre","author":"Francisco Javier Fern\u00e1ndez Chento","date":"27\/11\/2016","format":false,"excerpt":"1694. Le procureur des Administrateurs du Bureau des pauvres, avec l\u2019accord de l\u2019Ev\u00eaque, signe avec M\u00e8re Mathurine Gu\u00e9rin et les S\u0153urs offici\u00e8res, le contrat d\u2019\u00e9tablissement de trois S\u0153urs \u00e0 l\u2019h\u00f4pital de Pont-Saint-Esprit (dans le Gard). (C) 1790. L\u2019Assembl\u00e9e constituante prescrit le Serment \u00e0 la Constitution civile du clerg\u00e9 \u00e0 tous\u2026","rel":"","context":"Dans &quot;\u00c9ph\u00e9m\u00e9rides vincentiens&quot;","block_context":{"text":"\u00c9ph\u00e9m\u00e9rides vincentiens","link":"http:\/\/vincentians.com\/fr\/category\/ephemerides-vincentiens\/"},"img":{"alt_text":"","src":"https:\/\/i0.wp.com\/vincentians.com\/fr\/wp-content\/uploads\/sites\/10\/2016\/07\/ephemerides-fb.jpg?fit=1200%2C630&resize=350%2C200","width":350,"height":200,"srcset":"https:\/\/i0.wp.com\/vincentians.com\/fr\/wp-content\/uploads\/sites\/10\/2016\/07\/ephemerides-fb.jpg?fit=1200%2C630&resize=350%2C200 1x, https:\/\/i0.wp.com\/vincentians.com\/fr\/wp-content\/uploads\/sites\/10\/2016\/07\/ephemerides-fb.jpg?fit=1200%2C630&resize=525%2C300 1.5x, https:\/\/i0.wp.com\/vincentians.com\/fr\/wp-content\/uploads\/sites\/10\/2016\/07\/ephemerides-fb.jpg?fit=1200%2C630&resize=700%2C400 2x, https:\/\/i0.wp.com\/vincentians.com\/fr\/wp-content\/uploads\/sites\/10\/2016\/07\/ephemerides-fb.jpg?fit=1200%2C630&resize=1050%2C600 3x"},"classes":[]},{"id":107625,"url":"http:\/\/vincentians.com\/fr\/la-devotion-mariale-chez-saint-vincent-de-paul-et-les-pretres-de-la-mission-deuxieme-periode\/","url_meta":{"origin":104783,"position":3},"title":"La d\u00e9votion mariale chez Saint Vincent de Paul et les Pr\u00eatres de la Mission. Deuxi\u00e8me p\u00e9riode","author":"Francisco Javier Fern\u00e1ndez Chento","date":"02\/01\/2014","format":false,"excerpt":"Deuxi\u00e8me p\u00e9riode : De la manifestation de la M\u00e9dalle Miraculeuse (1830) jusqu'\u00e0 nos jours 1\u00b0 La manifestation du 27\u00a0Novembre 1830 \u00e0 S\u0153eur Catherine Labour\u00e9 Cet \u00e9v\u00e9nement est d\u2019une importance capitale dans l\u2019histoire de la d\u00e9votion mariale des fils et des filles de saint Vincent de Paul. Cette faveur c\u00e9leste fut\u2026","rel":"","context":"Dans &quot;M\u00e9daille Miraculeuse et d\u00e9votion mariale&quot;","block_context":{"text":"M\u00e9daille Miraculeuse et d\u00e9votion mariale","link":"http:\/\/vincentians.com\/fr\/category\/medaille-miraculeuse-et-devotion-mariale\/"},"img":{"alt_text":"crapez","src":"https:\/\/i0.wp.com\/vincentiens.org\/wp-content\/uploads\/2014\/01\/crapez.jpg?resize=350%2C200","width":350,"height":200},"classes":[]},{"id":54289,"url":"http:\/\/vincentians.com\/fr\/le-culte-de-marie-et-lexperience-religieuse-de-m-vincent-de-paul\/","url_meta":{"origin":104783,"position":4},"title":"Le culte de Marie et l&rsquo;experience religieuse de M. Vincent de Paul","author":"Francisco Javier Fern\u00e1ndez Chento","date":"19\/02\/2015","format":false,"excerpt":"\u00abBien s\u00fbr, il est de la famille, pouvaient penser les spirituels du grand si\u00e8cle en regardant passer M. Vincent de Paul: mais c'est un parent pauvre! \u00bb. Plac\u00e9s \u00e1 trois si\u00e8cles de distance, nous sommes tout pr\u00eats \u00e1 reprendre sur un ton majeur cette antienne plaintivement modul\u00e9e. C'est un fait:\u2026","rel":"","context":"Dans &quot;Vincent de Paul&quot;","block_context":{"text":"Vincent de Paul","link":"http:\/\/vincentians.com\/fr\/category\/the-vincentian-family\/founders\/vincent-de-paul\/"},"img":{"alt_text":"","src":"https:\/\/i0.wp.com\/vincentiens.org\/wp-content\/uploads\/2011\/10\/Vincent_de_Paul_and_Virgin_Mary-300x179.jpg?resize=350%2C200","width":350,"height":200},"classes":[]},{"id":105527,"url":"http:\/\/vincentians.com\/fr\/ephemerides-20-janvier\/","url_meta":{"origin":104783,"position":5},"title":"Eph\u00e9m\u00e9rides: 20 janvier","author":"Francisco Javier Fern\u00e1ndez Chento","date":"20\/01\/2017","format":false,"excerpt":"1661. \u00c0 Saint-Lazare , la premi\u00e8re Assembl\u00e9e g\u00e9n\u00e9rale ach\u00e8ve ses travaux. Apr\u00e8s avoir \u00e9lu M. Alm\u00e9ras, elle lui a d\u00e9sign\u00e9 comme assistants, Jean Dehorgny, Thomas Berthe et Edme Jolly. Etant donn\u00e9 la fervente ardeur et le petit nombre des membres de la Compagnie, l'Assembl\u00e9e n'a pas eu \u00e0 faire de\u2026","rel":"","context":"Dans &quot;\u00c9ph\u00e9m\u00e9rides vincentiens&quot;","block_context":{"text":"\u00c9ph\u00e9m\u00e9rides vincentiens","link":"http:\/\/vincentians.com\/fr\/category\/ephemerides-vincentiens\/"},"img":{"alt_text":"","src":"https:\/\/i0.wp.com\/vincentians.com\/fr\/wp-content\/uploads\/sites\/10\/2016\/07\/ephemerides-fb.jpg?fit=1200%2C630&resize=350%2C200","width":350,"height":200,"srcset":"https:\/\/i0.wp.com\/vincentians.com\/fr\/wp-content\/uploads\/sites\/10\/2016\/07\/ephemerides-fb.jpg?fit=1200%2C630&resize=350%2C200 1x, https:\/\/i0.wp.com\/vincentians.com\/fr\/wp-content\/uploads\/sites\/10\/2016\/07\/ephemerides-fb.jpg?fit=1200%2C630&resize=525%2C300 1.5x, https:\/\/i0.wp.com\/vincentians.com\/fr\/wp-content\/uploads\/sites\/10\/2016\/07\/ephemerides-fb.jpg?fit=1200%2C630&resize=700%2C400 2x, https:\/\/i0.wp.com\/vincentians.com\/fr\/wp-content\/uploads\/sites\/10\/2016\/07\/ephemerides-fb.jpg?fit=1200%2C630&resize=1050%2C600 3x"},"classes":[]}],"_links":{"self":[{"href":"http:\/\/vincentians.com\/fr\/wp-json\/wp\/v2\/posts\/104783","targetHints":{"allow":["GET"]}}],"collection":[{"href":"http:\/\/vincentians.com\/fr\/wp-json\/wp\/v2\/posts"}],"about":[{"href":"http:\/\/vincentians.com\/fr\/wp-json\/wp\/v2\/types\/post"}],"author":[{"embeddable":true,"href":"http:\/\/vincentians.com\/fr\/wp-json\/wp\/v2\/users\/4"}],"replies":[{"embeddable":true,"href":"http:\/\/vincentians.com\/fr\/wp-json\/wp\/v2\/comments?post=104783"}],"version-history":[{"count":0,"href":"http:\/\/vincentians.com\/fr\/wp-json\/wp\/v2\/posts\/104783\/revisions"}],"wp:featuredmedia":[{"embeddable":true,"href":"http:\/\/vincentians.com\/fr\/wp-json\/"}],"wp:attachment":[{"href":"http:\/\/vincentians.com\/fr\/wp-json\/wp\/v2\/media?parent=104783"}],"wp:term":[{"taxonomy":"category","embeddable":true,"href":"http:\/\/vincentians.com\/fr\/wp-json\/wp\/v2\/categories?post=104783"},{"taxonomy":"post_tag","embeddable":true,"href":"http:\/\/vincentians.com\/fr\/wp-json\/wp\/v2\/tags?post=104783"}],"curies":[{"name":"wp","href":"https:\/\/api.w.org\/{rel}","templated":true}]}}