{"id":104777,"date":"2012-11-24T06:11:51","date_gmt":"2012-11-24T05:11:51","guid":{"rendered":"http:\/\/vincentiens.org\/?p=104777"},"modified":"2012-11-24T06:11:51","modified_gmt":"2012-11-24T05:11:51","slug":"fete-de-notre-dame-de-la-medaille-miraculeuse","status":"publish","type":"post","link":"http:\/\/vincentians.com\/fr\/fete-de-notre-dame-de-la-medaille-miraculeuse\/","title":{"rendered":"F\u00eate de Notre Dame de la M\u00e9daille Miraculeuse"},"content":{"rendered":"<p align=\"center\"><strong><em><em>Pour inviter la Famille Vincentienne \u00e0 une plus grande d\u00e9votion \u00e0 Notre-Dame de la M\u00e9daille Miraculeuse<\/em>. <\/em><\/strong><\/p>\n<div id=\"attachment_29231\" style=\"width: 310px\" class=\"wp-caption alignright\"><a href=\"https:\/\/i0.wp.com\/somos.vicencianos.org\/files\/2009\/12\/gregory_felicita_la_navidad11.jpg\"><img data-recalc-dims=\"1\" loading=\"lazy\" decoding=\"async\" aria-describedby=\"caption-attachment-29231\" class=\"size-medium wp-image-29231\" title=\"P. Gregory Gay, C.M.\" src=\"https:\/\/i0.wp.com\/somos.vicencianos.org\/files\/2009\/12\/gregory_felicita_la_navidad11-300x300.jpg?resize=300%2C300\" alt=\"P. Gregory Gay, C.M.\" width=\"300\" height=\"300\" \/><\/a><p id=\"caption-attachment-29231\" class=\"wp-caption-text\">P. Gregory Gay, C.M.<\/p><\/div>\n<p>Chers Fr\u00e8res et S\u0153urs en Saint Vincent,<\/p>\n<p>La gr\u00e2ce et la paix de Notre Seigneur J\u00e9sus Christ soit toujours avec nous\u00a0!<\/p>\n<p>Tandis que l\u2019Eglise se r\u00e9jouit en ce d\u00e9but de l\u2019\u00ab\u00a0Ann\u00e9e de la foi\u00a0\u00bb, je suis tr\u00e8s heureux de m\u2019adresser \u00e0 vous en ce mois de Novembre o\u00f9 nous c\u00e9l\u00e9brons la f\u00eate de Notre Dame de la M\u00e9daille Miraculeuse. C\u2019est le moment pour nous de faire une pause et de remercier le Seigneur de toutes les gr\u00e2ces que nous avons re\u00e7ues par l\u2019intercession de Notre-Dame.<\/p>\n<p>\u00c0 la lumi\u00e8re de cette \u00ab\u00a0Ann\u00e9e de la Foi\u00a0\u00bb proclam\u00e9e par notre Saint-P\u00e8re le Pape Beno\u00eet XVI, il est \u00e0 noter que, parmi les diverses propositions sugg\u00e9r\u00e9es au cours du r\u00e9cent Synode des \u00e9v\u00eaques sur<em> la nouvelle \u00e9vang\u00e9lisation pour la transmission de la foi<\/em>, il y en avait une qui faisait appel \u00e0 la promotion des p\u00e8lerinages vers les diff\u00e9rents sanctuaires mariaux dans le monde. Suite \u00e0 cet appel, je voudrais tout particuli\u00e8rement encourager nos diff\u00e9rents sanctuaires, \u00e0 travers le monde, d\u00e9di\u00e9s \u00e0 Notre Dame de la M\u00e9daille Miraculeuse \u00e0 promouvoir des p\u00e8lerinages tout au long de cette Ann\u00e9e de la Foi. Nous esp\u00e9rons que les Associations de la M\u00e9daille Miraculeuse locales pourront aider grandement dans cette d\u00e9marche.<\/p>\n<p>Le Synode des \u00c9v\u00eaques a \u00e9galement encourag\u00e9 les gens \u00e0 c\u00e9l\u00e9brer cette Ann\u00e9e de la Foi par l\u2019\u00e9tude et l\u2019approfondissement de leur compr\u00e9hension des documents du Concile Vatican II, qui f\u00eate son 50\u00e8 anniversaire. Ils continuent \u00e0 \u00eatre proph\u00e9tiques aujourd\u2019hui, tandis qu\u2019ils nous appellent \u00e0 embrasser le monde par notre propre t\u00e9moignage d\u2019amour. Le don de la foi, qui nous est donn\u00e9 au bapt\u00eame et renforc\u00e9 par la Parole de Dieu et les sacrements, aide \u00e0 faire de l\u2019amour transformant de Dieu, notre r\u00e9f\u00e9rence\u00a0; nous ne devons pas \u00eatre vaincus par la soci\u00e9t\u00e9 la\u00efque.<\/p>\n<p>Pour nous aider dans cette t\u00e2che, le Synode nous a rappel\u00e9s l\u2019importance de notre Doctrine sociale de l\u2019Eglise et du Cat\u00e9chisme de l\u2019Eglise catholique, qui f\u00eate ses 20 ans. L\u2019un comme l\u2019autre sont des instruments cl\u00e9s pour la nouvelle \u00e9vang\u00e9lisation, et ont \u00e9t\u00e9 recommand\u00e9s par le pape Beno\u00eet XVI dans son discours d\u2019ouverture.<\/p>\n<p>Nous sommes appel\u00e9s \u00e0 proclamer notre foi dans le Seigneur J\u00e9sus ressuscit\u00e9, et \u00e0 le manifester par des expressions de charit\u00e9 les uns envers les autres, et surtout envers les pauvres et les marginalis\u00e9s. Le fruit de la foi et de la charit\u00e9 est service des pauvres, ce message a \u00e9t\u00e9 clairement pr\u00e9sent\u00e9 par le Pape. En tant qu\u2019Association de la M\u00e9daille Miraculeuse, nous sommes encourag\u00e9s \u00e0 continuer d\u2019\u00e9vang\u00e9liser avec un enthousiasme renouvel\u00e9. Ceci peut \u00eatre r\u00e9alis\u00e9 par la pri\u00e8re, le service, et par les visites \u00e0 domicile traditionnelles qui sont effectu\u00e9es pendant le mois. Les membres vont chez les uns et les autres avec une image de Notre-Dame de la M\u00e9daille Miraculeuse pour prier, partager l\u2019Ecriture, et entrer dans un dialogue religieux. L\u2019\u00ab\u00a0Ann\u00e9e de la Foi\u00a0\u00bb est, pour notre Association, une occasion de poursuivre cette tradition ou m\u00eame de le commencer. C\u2019est une merveilleuse fa\u00e7on pour nous tous de participer \u00e0 la nouvelle \u00e9vang\u00e9lisation.<\/p>\n<p>Les 3 et 4 novembre dernier, le Conseil international de l\u2019Association de la M\u00e9daille Miraculeuse s\u2019est r\u00e9uni \u00e0 La Havane, Cuba, comme il est pr\u00e9vu dans nos statuts g\u00e9n\u00e9raux. Dans les rapports pr\u00e9sent\u00e9s par les diff\u00e9rents conseils nationaux, nous avons eu l\u2019occasion de conna\u00eetre davantage le travail de l\u2019Association. Nous avons \u00e9galement not\u00e9 avec regret le manque d\u2019information dans certaines r\u00e9gions, ce qui nous emp\u00eache de conna\u00eetre les merveilleux efforts d\u00e9ploy\u00e9s par d\u2019autres conseils nationaux.<\/p>\n<p>Dans ce contexte, je tiens \u00e0 encourager tous les Visiteurs et toutes les Visitatrices \u00e0 n\u2019\u00e9pargner aucun effort pour accompagner cette branche de la Famille Vincentienne, par l\u2019interm\u00e9diaire des Pr\u00eatres, Fr\u00e8res et S\u0153urs qui ont \u00e9t\u00e9 nomm\u00e9s assesseurs de l\u2019Association dans leur r\u00e9gion. Je suis certain que, par leurs efforts d\u2019animation, ils continueront \u00e0 trouver des moyens cr\u00e9atifs pour guider les la\u00efcs dans leur r\u00f4le de leadership, renfor\u00e7ant ainsi notre charisme vincentien.<\/p>\n<p>Cette lettre m\u2019offre l\u2019occasion de vous informer de la tenue de notre premi\u00e8re assembl\u00e9e g\u00e9n\u00e9rale de l\u2019Association de la M\u00e9daille Miraculeuse en 2014. Les R\u00e9unions pr\u00e9c\u00e9dentes, tenues en 2001, 2005 et 2009 n\u2019\u00e9taient pas consid\u00e9r\u00e9es comme assembl\u00e9es, \u00e9tant donn\u00e9 que les statuts de l\u2019Association n\u2019\u00e9taient pas encore totalement au point. Cette premi\u00e8re assembl\u00e9e g\u00e9n\u00e9rale se tiendra donc \u00e0 Rome du 17 au 24 Novembre 2014.<\/p>\n<p>Je vous remercie de votre soutien spirituel et mat\u00e9riel \u00e0 l\u2019Association de la M\u00e9daille Miraculeuse, et vous prie de le continuer en cette \u00ab\u00a0Ann\u00e9e de la foi\u00a0\u00bb et de la \u00ab\u00a0Nouvelle Evang\u00e9lisation\u00a0\u00bb. Nous pouvons continuer l\u2019\u0153uvre de J\u00e9sus et de Marie par nos pri\u00e8res et nos activit\u00e9s, instruments de l\u2019\u00e9vang\u00e9lisation.<\/p>\n<p align=\"center\">Votre fr\u00e8re en saint Vincent,<\/p>\n<p><img data-recalc-dims=\"1\" loading=\"lazy\" decoding=\"async\" class=\"size-medium wp-image-40789 alignnone\" title=\"firma_gregory_gay\" src=\"https:\/\/i0.wp.com\/somos.vicencianos.org\/files\/2011\/05\/firma_gregory_gay-300x56.png?resize=300%2C56\" alt=\"\" width=\"300\" height=\"56\" \/><\/p>\n<p><strong>G. Gregory Gay, C.M.<br \/>\nRome, novembre 2012<br \/>\n<\/strong><\/p>\n","protected":false},"excerpt":{"rendered":"<p>Pour inviter la Famille Vincentienne \u00e0 une plus grande d\u00e9votion \u00e0 Notre-Dame de la M\u00e9daille Miraculeuse. Chers Fr\u00e8res et S\u0153urs en Saint Vincent, La gr\u00e2ce et la paix de Notre Seigneur J\u00e9sus Christ soit toujours &#8230; <a href=\"http:\/\/vincentians.com\/fr\/fete-de-notre-dame-de-la-medaille-miraculeuse\/\" class=\"more-link\">Read More<\/a><\/p>\n","protected":false},"author":4,"featured_media":0,"comment_status":"open","ping_status":"open","sticky":false,"template":"","format":"standard","meta":{"jetpack_post_was_ever_published":false,"_jetpack_newsletter_access":"","_jetpack_dont_email_post_to_subs":false,"_jetpack_newsletter_tier_id":0,"_jetpack_memberships_contains_paywalled_content":false,"_jetpack_memberships_contains_paid_content":false,"footnotes":"","jetpack_publicize_message":"","jetpack_publicize_feature_enabled":true,"jetpack_social_post_already_shared":true,"jetpack_social_options":{"image_generator_settings":{"template":"highway","default_image_id":0,"font":"","enabled":false},"version":2}},"categories":[130],"tags":[],"class_list":["post-104777","post","type-post","status-publish","format-standard","hentry","category-medaille-miraculeuse-et-devotion-mariale","no-post-thumbnail"],"yoast_head":"<!-- This site is optimized with the Yoast SEO plugin v26.3 - https:\/\/yoast.com\/wordpress\/plugins\/seo\/ -->\n<title>F\u00eate de Notre Dame de la M\u00e9daille Miraculeuse - Nous Sommes Vincentiens<\/title>\n<meta name=\"robots\" content=\"index, follow, max-snippet:-1, max-image-preview:large, max-video-preview:-1\" \/>\n<link rel=\"canonical\" href=\"http:\/\/vincentians.com\/fr\/fete-de-notre-dame-de-la-medaille-miraculeuse\/\" \/>\n<meta property=\"og:locale\" content=\"fr_FR\" \/>\n<meta property=\"og:type\" content=\"article\" \/>\n<meta property=\"og:title\" content=\"F\u00eate de Notre Dame de la M\u00e9daille Miraculeuse - Nous Sommes Vincentiens\" \/>\n<meta property=\"og:description\" content=\"Pour inviter la Famille Vincentienne \u00e0 une plus grande d\u00e9votion \u00e0 Notre-Dame de la M\u00e9daille Miraculeuse. Chers Fr\u00e8res et S\u0153urs en Saint Vincent, La gr\u00e2ce et la paix de Notre Seigneur J\u00e9sus Christ soit toujours ... Read More\" \/>\n<meta property=\"og:url\" content=\"http:\/\/vincentians.com\/fr\/fete-de-notre-dame-de-la-medaille-miraculeuse\/\" \/>\n<meta property=\"og:site_name\" content=\"Nous Sommes Vincentiens\" \/>\n<meta property=\"article:publisher\" content=\"https:\/\/www.facebook.com\/WeAreVincentians\/\" \/>\n<meta property=\"article:author\" content=\"https:\/\/www.facebook.com\/JavierChento\" \/>\n<meta property=\"article:published_time\" content=\"2012-11-24T05:11:51+00:00\" \/>\n<meta property=\"og:image\" content=\"http:\/\/somos.vicencianos.org\/files\/2009\/12\/gregory_felicita_la_navidad11-300x300.jpg\" \/>\n<meta name=\"author\" content=\"Francisco Javier Fern\u00e1ndez Chento\" \/>\n<meta name=\"twitter:card\" content=\"summary_large_image\" \/>\n<meta name=\"twitter:creator\" content=\"@https:\/\/twitter.com\/javierchento\" \/>\n<meta name=\"twitter:site\" content=\"@WeVincentians\" \/>\n<meta name=\"twitter:label1\" content=\"\u00c9crit par\" \/>\n\t<meta name=\"twitter:data1\" content=\"Francisco Javier Fern\u00e1ndez Chento\" \/>\n\t<meta name=\"twitter:label2\" content=\"Dur\u00e9e de lecture estim\u00e9e\" \/>\n\t<meta name=\"twitter:data2\" content=\"5 minutes\" \/>\n<script type=\"application\/ld+json\" class=\"yoast-schema-graph\">{\"@context\":\"https:\/\/schema.org\",\"@graph\":[{\"@type\":\"WebPage\",\"@id\":\"http:\/\/vincentians.com\/fr\/fete-de-notre-dame-de-la-medaille-miraculeuse\/\",\"url\":\"http:\/\/vincentians.com\/fr\/fete-de-notre-dame-de-la-medaille-miraculeuse\/\",\"name\":\"F\u00eate de Notre Dame de la M\u00e9daille Miraculeuse - Nous Sommes Vincentiens\",\"isPartOf\":{\"@id\":\"http:\/\/vincentians.com\/fr\/#website\"},\"primaryImageOfPage\":{\"@id\":\"http:\/\/vincentians.com\/fr\/fete-de-notre-dame-de-la-medaille-miraculeuse\/#primaryimage\"},\"image\":{\"@id\":\"http:\/\/vincentians.com\/fr\/fete-de-notre-dame-de-la-medaille-miraculeuse\/#primaryimage\"},\"thumbnailUrl\":\"http:\/\/somos.vicencianos.org\/files\/2009\/12\/gregory_felicita_la_navidad11-300x300.jpg\",\"datePublished\":\"2012-11-24T05:11:51+00:00\",\"author\":{\"@id\":\"http:\/\/vincentians.com\/fr\/#\/schema\/person\/9623ef4d9aa3b2dfb8c061f1499288f2\"},\"breadcrumb\":{\"@id\":\"http:\/\/vincentians.com\/fr\/fete-de-notre-dame-de-la-medaille-miraculeuse\/#breadcrumb\"},\"inLanguage\":\"fr-FR\",\"potentialAction\":[{\"@type\":\"ReadAction\",\"target\":[\"http:\/\/vincentians.com\/fr\/fete-de-notre-dame-de-la-medaille-miraculeuse\/\"]}]},{\"@type\":\"ImageObject\",\"inLanguage\":\"fr-FR\",\"@id\":\"http:\/\/vincentians.com\/fr\/fete-de-notre-dame-de-la-medaille-miraculeuse\/#primaryimage\",\"url\":\"http:\/\/somos.vicencianos.org\/files\/2009\/12\/gregory_felicita_la_navidad11-300x300.jpg\",\"contentUrl\":\"http:\/\/somos.vicencianos.org\/files\/2009\/12\/gregory_felicita_la_navidad11-300x300.jpg\"},{\"@type\":\"BreadcrumbList\",\"@id\":\"http:\/\/vincentians.com\/fr\/fete-de-notre-dame-de-la-medaille-miraculeuse\/#breadcrumb\",\"itemListElement\":[{\"@type\":\"ListItem\",\"position\":1,\"name\":\"Portada\",\"item\":\"http:\/\/vincentians.com\/fr\/\"},{\"@type\":\"ListItem\",\"position\":2,\"name\":\"F\u00eate de Notre Dame de la M\u00e9daille Miraculeuse\"}]},{\"@type\":\"WebSite\",\"@id\":\"http:\/\/vincentians.com\/fr\/#website\",\"url\":\"http:\/\/vincentians.com\/fr\/\",\"name\":\"Nous Sommes Vincentiens\",\"description\":\"Know more to serve more\",\"potentialAction\":[{\"@type\":\"SearchAction\",\"target\":{\"@type\":\"EntryPoint\",\"urlTemplate\":\"http:\/\/vincentians.com\/fr\/?s={search_term_string}\"},\"query-input\":{\"@type\":\"PropertyValueSpecification\",\"valueRequired\":true,\"valueName\":\"search_term_string\"}}],\"inLanguage\":\"fr-FR\"},{\"@type\":\"Person\",\"@id\":\"http:\/\/vincentians.com\/fr\/#\/schema\/person\/9623ef4d9aa3b2dfb8c061f1499288f2\",\"name\":\"Francisco Javier Fern\u00e1ndez Chento\",\"image\":{\"@type\":\"ImageObject\",\"inLanguage\":\"fr-FR\",\"@id\":\"http:\/\/vincentians.com\/fr\/#\/schema\/person\/image\/\",\"url\":\"https:\/\/secure.gravatar.com\/avatar\/497d5cde87b4c3d097d0315953521681ba2cd523ee66e5077c3711f7021e65de?s=96&d=mm&r=g\",\"contentUrl\":\"https:\/\/secure.gravatar.com\/avatar\/497d5cde87b4c3d097d0315953521681ba2cd523ee66e5077c3711f7021e65de?s=96&d=mm&r=g\",\"caption\":\"Francisco Javier Fern\u00e1ndez Chento\"},\"description\":\"Director General y cofundador de La Red de Formaci\u00f3n Vicenciana. Javier es laico vicenciano, afiliado a la Congregaci\u00f3n de la Misi\u00f3n y miembro del Equipo de Misiones Populares de la provincia can\u00f3nica de Zaragoza (Espa\u00f1a) de la Congregaci\u00f3n de la Misi\u00f3n. Graduado en la Universidad Oberta de Catalunya con cuatro grados (Asistente de direcci\u00f3n, Gesti\u00f3n Administrativa, Recursos Humanos y Contabilidad Avanzada). Bil\u00edng\u00fce Espa\u00f1ol\/Ingl\u00e9s. gestiona y mantiene varias p\u00e1ginas web cristianas y vicencianas, incluida including La Red de Formaci\u00f3n Vicenciana, de la que es cofundador. Actualmente es responsable del \u00e1rea de Espa\u00f1ol de .famvin, la Red de Noticias de la Familia Vicenciana. Tambi\u00e9n es m\u00fasico cat\u00f3lico y ha editado varios discos. Es Director General y cofundador de Trovador, una reconocida compa\u00f1\u00eda discogr\u00e1fica critiana de Espa\u00f1a. Trabaja en las Tecnolog\u00edas de la Informaci\u00f3n, ofreciendo servicios de alojamiento, dise\u00f1o y mantenimiento Web, as\u00ed como asesoramiento, formaci\u00f3n y soluciones inform\u00e1ticas, gesti\u00f3n documental y digitalizaci\u00f3n de textos, edici\u00f3n y maquetaci\u00f3n de libros, revistas, flyers, etc.\",\"sameAs\":[\"http:\/\/chento.org\",\"https:\/\/www.facebook.com\/JavierChento\",\"https:\/\/x.com\/https:\/\/twitter.com\/javierchento\"],\"url\":\"http:\/\/vincentians.com\/fr\/author\/chento\/\"}]}<\/script>\n<!-- \/ Yoast SEO plugin. -->","yoast_head_json":{"title":"F\u00eate de Notre Dame de la M\u00e9daille Miraculeuse - Nous Sommes Vincentiens","robots":{"index":"index","follow":"follow","max-snippet":"max-snippet:-1","max-image-preview":"max-image-preview:large","max-video-preview":"max-video-preview:-1"},"canonical":"http:\/\/vincentians.com\/fr\/fete-de-notre-dame-de-la-medaille-miraculeuse\/","og_locale":"fr_FR","og_type":"article","og_title":"F\u00eate de Notre Dame de la M\u00e9daille Miraculeuse - Nous Sommes Vincentiens","og_description":"Pour inviter la Famille Vincentienne \u00e0 une plus grande d\u00e9votion \u00e0 Notre-Dame de la M\u00e9daille Miraculeuse. Chers Fr\u00e8res et S\u0153urs en Saint Vincent, La gr\u00e2ce et la paix de Notre Seigneur J\u00e9sus Christ soit toujours ... Read More","og_url":"http:\/\/vincentians.com\/fr\/fete-de-notre-dame-de-la-medaille-miraculeuse\/","og_site_name":"Nous Sommes Vincentiens","article_publisher":"https:\/\/www.facebook.com\/WeAreVincentians\/","article_author":"https:\/\/www.facebook.com\/JavierChento","article_published_time":"2012-11-24T05:11:51+00:00","og_image":[{"url":"http:\/\/somos.vicencianos.org\/files\/2009\/12\/gregory_felicita_la_navidad11-300x300.jpg","type":"","width":"","height":""}],"author":"Francisco Javier Fern\u00e1ndez Chento","twitter_card":"summary_large_image","twitter_creator":"@https:\/\/twitter.com\/javierchento","twitter_site":"@WeVincentians","twitter_misc":{"\u00c9crit par":"Francisco Javier Fern\u00e1ndez Chento","Dur\u00e9e de lecture estim\u00e9e":"5 minutes"},"schema":{"@context":"https:\/\/schema.org","@graph":[{"@type":"WebPage","@id":"http:\/\/vincentians.com\/fr\/fete-de-notre-dame-de-la-medaille-miraculeuse\/","url":"http:\/\/vincentians.com\/fr\/fete-de-notre-dame-de-la-medaille-miraculeuse\/","name":"F\u00eate de Notre Dame de la M\u00e9daille Miraculeuse - Nous Sommes Vincentiens","isPartOf":{"@id":"http:\/\/vincentians.com\/fr\/#website"},"primaryImageOfPage":{"@id":"http:\/\/vincentians.com\/fr\/fete-de-notre-dame-de-la-medaille-miraculeuse\/#primaryimage"},"image":{"@id":"http:\/\/vincentians.com\/fr\/fete-de-notre-dame-de-la-medaille-miraculeuse\/#primaryimage"},"thumbnailUrl":"http:\/\/somos.vicencianos.org\/files\/2009\/12\/gregory_felicita_la_navidad11-300x300.jpg","datePublished":"2012-11-24T05:11:51+00:00","author":{"@id":"http:\/\/vincentians.com\/fr\/#\/schema\/person\/9623ef4d9aa3b2dfb8c061f1499288f2"},"breadcrumb":{"@id":"http:\/\/vincentians.com\/fr\/fete-de-notre-dame-de-la-medaille-miraculeuse\/#breadcrumb"},"inLanguage":"fr-FR","potentialAction":[{"@type":"ReadAction","target":["http:\/\/vincentians.com\/fr\/fete-de-notre-dame-de-la-medaille-miraculeuse\/"]}]},{"@type":"ImageObject","inLanguage":"fr-FR","@id":"http:\/\/vincentians.com\/fr\/fete-de-notre-dame-de-la-medaille-miraculeuse\/#primaryimage","url":"http:\/\/somos.vicencianos.org\/files\/2009\/12\/gregory_felicita_la_navidad11-300x300.jpg","contentUrl":"http:\/\/somos.vicencianos.org\/files\/2009\/12\/gregory_felicita_la_navidad11-300x300.jpg"},{"@type":"BreadcrumbList","@id":"http:\/\/vincentians.com\/fr\/fete-de-notre-dame-de-la-medaille-miraculeuse\/#breadcrumb","itemListElement":[{"@type":"ListItem","position":1,"name":"Portada","item":"http:\/\/vincentians.com\/fr\/"},{"@type":"ListItem","position":2,"name":"F\u00eate de Notre Dame de la M\u00e9daille Miraculeuse"}]},{"@type":"WebSite","@id":"http:\/\/vincentians.com\/fr\/#website","url":"http:\/\/vincentians.com\/fr\/","name":"Nous Sommes Vincentiens","description":"Know more to serve more","potentialAction":[{"@type":"SearchAction","target":{"@type":"EntryPoint","urlTemplate":"http:\/\/vincentians.com\/fr\/?s={search_term_string}"},"query-input":{"@type":"PropertyValueSpecification","valueRequired":true,"valueName":"search_term_string"}}],"inLanguage":"fr-FR"},{"@type":"Person","@id":"http:\/\/vincentians.com\/fr\/#\/schema\/person\/9623ef4d9aa3b2dfb8c061f1499288f2","name":"Francisco Javier Fern\u00e1ndez Chento","image":{"@type":"ImageObject","inLanguage":"fr-FR","@id":"http:\/\/vincentians.com\/fr\/#\/schema\/person\/image\/","url":"https:\/\/secure.gravatar.com\/avatar\/497d5cde87b4c3d097d0315953521681ba2cd523ee66e5077c3711f7021e65de?s=96&d=mm&r=g","contentUrl":"https:\/\/secure.gravatar.com\/avatar\/497d5cde87b4c3d097d0315953521681ba2cd523ee66e5077c3711f7021e65de?s=96&d=mm&r=g","caption":"Francisco Javier Fern\u00e1ndez Chento"},"description":"Director General y cofundador de La Red de Formaci\u00f3n Vicenciana. Javier es laico vicenciano, afiliado a la Congregaci\u00f3n de la Misi\u00f3n y miembro del Equipo de Misiones Populares de la provincia can\u00f3nica de Zaragoza (Espa\u00f1a) de la Congregaci\u00f3n de la Misi\u00f3n. Graduado en la Universidad Oberta de Catalunya con cuatro grados (Asistente de direcci\u00f3n, Gesti\u00f3n Administrativa, Recursos Humanos y Contabilidad Avanzada). Bil\u00edng\u00fce Espa\u00f1ol\/Ingl\u00e9s. gestiona y mantiene varias p\u00e1ginas web cristianas y vicencianas, incluida including La Red de Formaci\u00f3n Vicenciana, de la que es cofundador. Actualmente es responsable del \u00e1rea de Espa\u00f1ol de .famvin, la Red de Noticias de la Familia Vicenciana. Tambi\u00e9n es m\u00fasico cat\u00f3lico y ha editado varios discos. Es Director General y cofundador de Trovador, una reconocida compa\u00f1\u00eda discogr\u00e1fica critiana de Espa\u00f1a. Trabaja en las Tecnolog\u00edas de la Informaci\u00f3n, ofreciendo servicios de alojamiento, dise\u00f1o y mantenimiento Web, as\u00ed como asesoramiento, formaci\u00f3n y soluciones inform\u00e1ticas, gesti\u00f3n documental y digitalizaci\u00f3n de textos, edici\u00f3n y maquetaci\u00f3n de libros, revistas, flyers, etc.","sameAs":["http:\/\/chento.org","https:\/\/www.facebook.com\/JavierChento","https:\/\/x.com\/https:\/\/twitter.com\/javierchento"],"url":"http:\/\/vincentians.com\/fr\/author\/chento\/"}]}},"jetpack_publicize_connections":[],"jetpack_featured_media_url":"","jetpack_sharing_enabled":true,"jetpack_shortlink":"https:\/\/wp.me\/p7ETMP-rfX","jetpack-related-posts":[{"id":38257,"url":"http:\/\/vincentians.com\/fr\/elements-dunion-dans-la-famille-vincentienne\/","url_meta":{"origin":104777,"position":0},"title":"\u00c9l\u00e9ments d\u2019union dans la Famille Vincentienne","author":"Francisco Javier Fern\u00e1ndez Chento","date":"04\/08\/2016","format":false,"excerpt":"A. De quelle famille parlons-nous ? Lorsque nous parlons de la Famille Vincentienne nous faisons allusion \u00e0 tous ces groupes d\u2019associations ou \u00e0 des congr\u00e9gations qui, dans leur vie (style) et dans leur action (apostolat), s\u2019inspirent avec diverses nuances, de ce que nous appelons aujourd\u2019hui \u00ab charisme vincentien \u00bb. D\u2019autre\u2026","rel":"","context":"Dans &quot;La Famille Vincentienne&quot;","block_context":{"text":"La Famille Vincentienne","link":"http:\/\/vincentians.com\/fr\/category\/la-famille-vincentienne\/"},"img":{"alt_text":"","src":"https:\/\/i0.wp.com\/vincentians.com\/fr\/wp-content\/uploads\/sites\/10\/2014\/01\/Vincentian-Family-leaders-meeting-in-Paris.jpg?fit=1200%2C630&resize=350%2C200","width":350,"height":200,"srcset":"https:\/\/i0.wp.com\/vincentians.com\/fr\/wp-content\/uploads\/sites\/10\/2014\/01\/Vincentian-Family-leaders-meeting-in-Paris.jpg?fit=1200%2C630&resize=350%2C200 1x, https:\/\/i0.wp.com\/vincentians.com\/fr\/wp-content\/uploads\/sites\/10\/2014\/01\/Vincentian-Family-leaders-meeting-in-Paris.jpg?fit=1200%2C630&resize=525%2C300 1.5x, https:\/\/i0.wp.com\/vincentians.com\/fr\/wp-content\/uploads\/sites\/10\/2014\/01\/Vincentian-Family-leaders-meeting-in-Paris.jpg?fit=1200%2C630&resize=700%2C400 2x, https:\/\/i0.wp.com\/vincentians.com\/fr\/wp-content\/uploads\/sites\/10\/2014\/01\/Vincentian-Family-leaders-meeting-in-Paris.jpg?fit=1200%2C630&resize=1050%2C600 3x"},"classes":[]},{"id":104783,"url":"http:\/\/vincentians.com\/fr\/message-de-la-medaille-miraculeuse\/","url_meta":{"origin":104777,"position":1},"title":"Message de la M\u00e9daille Miraculeuse","author":"Francisco Javier Fern\u00e1ndez Chento","date":"24\/11\/2012","format":false,"excerpt":"\u00ab Faites, faites frapper une m\u00e9daille sur ce mod\u00e8le. Les personnes qui la porteront recevront de grandes gr\u00e2ces. Les gr\u00e2ces seront abondantes sur les personnes qui auront confiance. \u00bb Il est difficile de pr\u00e9ciser la signification et la port\u00e9e des Apparitions de la rue du Bac, premi\u00e8re de toutes les\u2026","rel":"","context":"Dans &quot;M\u00e9daille Miraculeuse et d\u00e9votion mariale&quot;","block_context":{"text":"M\u00e9daille Miraculeuse et d\u00e9votion mariale","link":"http:\/\/vincentians.com\/fr\/category\/medaille-miraculeuse-et-devotion-mariale\/"},"img":{"alt_text":"","src":"https:\/\/i0.wp.com\/vincentiens.org\/wp-content\/uploads\/2012\/11\/Medaglia_Miracolosa-300x300.jpg?resize=350%2C200","width":350,"height":200},"classes":[]},{"id":54289,"url":"http:\/\/vincentians.com\/fr\/le-culte-de-marie-et-lexperience-religieuse-de-m-vincent-de-paul\/","url_meta":{"origin":104777,"position":2},"title":"Le culte de Marie et l&rsquo;experience religieuse de M. Vincent de Paul","author":"Francisco Javier Fern\u00e1ndez Chento","date":"19\/02\/2015","format":false,"excerpt":"\u00abBien s\u00fbr, il est de la famille, pouvaient penser les spirituels du grand si\u00e8cle en regardant passer M. Vincent de Paul: mais c'est un parent pauvre! \u00bb. Plac\u00e9s \u00e1 trois si\u00e8cles de distance, nous sommes tout pr\u00eats \u00e1 reprendre sur un ton majeur cette antienne plaintivement modul\u00e9e. C'est un fait:\u2026","rel":"","context":"Dans &quot;Vincent de Paul&quot;","block_context":{"text":"Vincent de Paul","link":"http:\/\/vincentians.com\/fr\/category\/the-vincentian-family\/founders\/vincent-de-paul\/"},"img":{"alt_text":"","src":"https:\/\/i0.wp.com\/vincentiens.org\/wp-content\/uploads\/2011\/10\/Vincent_de_Paul_and_Virgin_Mary-300x179.jpg?resize=350%2C200","width":350,"height":200},"classes":[]},{"id":104142,"url":"http:\/\/vincentians.com\/fr\/ephemerides-27-novembre\/","url_meta":{"origin":104777,"position":3},"title":"Eph\u00e9m\u00e9rides: 27 novembre","author":"Francisco Javier Fern\u00e1ndez Chento","date":"27\/11\/2016","format":false,"excerpt":"1694. Le procureur des Administrateurs du Bureau des pauvres, avec l\u2019accord de l\u2019Ev\u00eaque, signe avec M\u00e8re Mathurine Gu\u00e9rin et les S\u0153urs offici\u00e8res, le contrat d\u2019\u00e9tablissement de trois S\u0153urs \u00e0 l\u2019h\u00f4pital de Pont-Saint-Esprit (dans le Gard). (C) 1790. L\u2019Assembl\u00e9e constituante prescrit le Serment \u00e0 la Constitution civile du clerg\u00e9 \u00e0 tous\u2026","rel":"","context":"Dans &quot;\u00c9ph\u00e9m\u00e9rides vincentiens&quot;","block_context":{"text":"\u00c9ph\u00e9m\u00e9rides vincentiens","link":"http:\/\/vincentians.com\/fr\/category\/ephemerides-vincentiens\/"},"img":{"alt_text":"","src":"https:\/\/i0.wp.com\/vincentians.com\/fr\/wp-content\/uploads\/sites\/10\/2016\/07\/ephemerides-fb.jpg?fit=1200%2C630&resize=350%2C200","width":350,"height":200,"srcset":"https:\/\/i0.wp.com\/vincentians.com\/fr\/wp-content\/uploads\/sites\/10\/2016\/07\/ephemerides-fb.jpg?fit=1200%2C630&resize=350%2C200 1x, https:\/\/i0.wp.com\/vincentians.com\/fr\/wp-content\/uploads\/sites\/10\/2016\/07\/ephemerides-fb.jpg?fit=1200%2C630&resize=525%2C300 1.5x, https:\/\/i0.wp.com\/vincentians.com\/fr\/wp-content\/uploads\/sites\/10\/2016\/07\/ephemerides-fb.jpg?fit=1200%2C630&resize=700%2C400 2x, https:\/\/i0.wp.com\/vincentians.com\/fr\/wp-content\/uploads\/sites\/10\/2016\/07\/ephemerides-fb.jpg?fit=1200%2C630&resize=1050%2C600 3x"},"classes":[]},{"id":107625,"url":"http:\/\/vincentians.com\/fr\/la-devotion-mariale-chez-saint-vincent-de-paul-et-les-pretres-de-la-mission-deuxieme-periode\/","url_meta":{"origin":104777,"position":4},"title":"La d\u00e9votion mariale chez Saint Vincent de Paul et les Pr\u00eatres de la Mission. Deuxi\u00e8me p\u00e9riode","author":"Francisco Javier Fern\u00e1ndez Chento","date":"02\/01\/2014","format":false,"excerpt":"Deuxi\u00e8me p\u00e9riode : De la manifestation de la M\u00e9dalle Miraculeuse (1830) jusqu'\u00e0 nos jours 1\u00b0 La manifestation du 27\u00a0Novembre 1830 \u00e0 S\u0153eur Catherine Labour\u00e9 Cet \u00e9v\u00e9nement est d\u2019une importance capitale dans l\u2019histoire de la d\u00e9votion mariale des fils et des filles de saint Vincent de Paul. Cette faveur c\u00e9leste fut\u2026","rel":"","context":"Dans &quot;M\u00e9daille Miraculeuse et d\u00e9votion mariale&quot;","block_context":{"text":"M\u00e9daille Miraculeuse et d\u00e9votion mariale","link":"http:\/\/vincentians.com\/fr\/category\/medaille-miraculeuse-et-devotion-mariale\/"},"img":{"alt_text":"crapez","src":"https:\/\/i0.wp.com\/vincentiens.org\/wp-content\/uploads\/2014\/01\/crapez.jpg?resize=350%2C200","width":350,"height":200},"classes":[]},{"id":104613,"url":"http:\/\/vincentians.com\/fr\/video-medaille-miraculeuse-le-message-de-la-rue-du-bac\/","url_meta":{"origin":104777,"position":5},"title":"Vid\u00e9o: M\u00e9daille Miraculeuse &#8211; Le message de la Rue du Bac","author":"Francisco Javier Fern\u00e1ndez Chento","date":"02\/11\/2012","format":false,"excerpt":"","rel":"","context":"Dans &quot;M\u00e9daille Miraculeuse et d\u00e9votion mariale&quot;","block_context":{"text":"M\u00e9daille Miraculeuse et d\u00e9votion mariale","link":"http:\/\/vincentians.com\/fr\/category\/medaille-miraculeuse-et-devotion-mariale\/"},"img":{"alt_text":"","src":"","width":0,"height":0},"classes":[]}],"_links":{"self":[{"href":"http:\/\/vincentians.com\/fr\/wp-json\/wp\/v2\/posts\/104777","targetHints":{"allow":["GET"]}}],"collection":[{"href":"http:\/\/vincentians.com\/fr\/wp-json\/wp\/v2\/posts"}],"about":[{"href":"http:\/\/vincentians.com\/fr\/wp-json\/wp\/v2\/types\/post"}],"author":[{"embeddable":true,"href":"http:\/\/vincentians.com\/fr\/wp-json\/wp\/v2\/users\/4"}],"replies":[{"embeddable":true,"href":"http:\/\/vincentians.com\/fr\/wp-json\/wp\/v2\/comments?post=104777"}],"version-history":[{"count":0,"href":"http:\/\/vincentians.com\/fr\/wp-json\/wp\/v2\/posts\/104777\/revisions"}],"wp:attachment":[{"href":"http:\/\/vincentians.com\/fr\/wp-json\/wp\/v2\/media?parent=104777"}],"wp:term":[{"taxonomy":"category","embeddable":true,"href":"http:\/\/vincentians.com\/fr\/wp-json\/wp\/v2\/categories?post=104777"},{"taxonomy":"post_tag","embeddable":true,"href":"http:\/\/vincentians.com\/fr\/wp-json\/wp\/v2\/tags?post=104777"}],"curies":[{"name":"wp","href":"https:\/\/api.w.org\/{rel}","templated":true}]}}