{"id":104756,"date":"2017-01-17T04:00:58","date_gmt":"2017-01-17T03:00:58","guid":{"rendered":"http:\/\/vincentiens.org\/?p=104756"},"modified":"2017-01-17T04:00:58","modified_gmt":"2017-01-17T03:00:58","slug":"louise-de-marillac-lettre-0028-a-monsieur-vincent","status":"publish","type":"post","link":"http:\/\/vincentians.com\/fr\/louise-de-marillac-lettre-0028-a-monsieur-vincent\/","title":{"rendered":"Louise de Marillac, Lettre 0028: (\u00e0 Monsieur Vincent)"},"content":{"rendered":"<p>(1640.)<\/p>\n<p>Je supplie tr\u00e8s humblement votre charit\u00e9 prendre la peine nous mander * si ce sera pour demain, apr\u00e8s-d\u00eener, que j &lsquo;avertirais nos quatre S\u0153urs. Je me suis oubli\u00e9e de vous proposer notre S\u0153ur Anne<span id='easy-footnote-1-104756' class='easy-footnote-margin-adjust'><\/span><span class='easy-footnote'><a href='http:\/\/vincentians.com\/fr\/louise-de-marillac-lettre-0028-a-monsieur-vincent\/#easy-footnote-bottom-1-104756' title='Anne Hardemont (voir p. 120).'><sup>1<\/sup><\/a><\/span> de Saint-Paul de qui, je crois, il faut m\u00e9nager l&rsquo;esprit, et notre S\u0153ur Genevi\u00e8ve<span id='easy-footnote-2-104756' class='easy-footnote-margin-adjust'><\/span><span class='easy-footnote'><a href='http:\/\/vincentians.com\/fr\/louise-de-marillac-lettre-0028-a-monsieur-vincent\/#easy-footnote-bottom-2-104756' title='Genevi\u00e8ve Poisson, entr\u00e9e \u00e0 la Communaut\u00e9 avant 1636. Elle est d&amp;rsquo;abord plac\u00e9e \u00e0 l&amp;rsquo;H\u00f4tel-Dieu \u00e0 Paris. En juillet 1647, elle participe \u00e0 l&amp;rsquo;installation des Enfants Trouv\u00e9s \u00e0 Bic\u00eatre et s&amp;rsquo;y d\u00e9vouera pendant de longues ann\u00e9es. En 1651, elle participe au Conseil comme ancienne. Le 8 ao\u00fbt 1655, elle signe l&amp;rsquo;acte d&amp;rsquo;\u00e9rection de la Compagnie. Elle est nomm\u00e9e Tr\u00e9sori\u00e8re, le 22 mai 1657.'><sup>2<\/sup><\/a><\/span> de l&rsquo;H\u00f4tel-Dieu, qui est maintenant c\u00e9ans * pour se d\u00e9lasser de la fatigue qu&rsquo;elle a eue pour les Enfants Trouv\u00e9s durant la fin du Car\u00eame. En ce cas elles seraient cinq ou six. Il pourra une autre fois en manquer quelques-unes, et ainsi cela servira que plus de quatre aient eu l&rsquo;instruction qu&rsquo;il plaira \u00e0 Dieu nous donner, par votre charit\u00e9, de qui je suis, Monsieur, la tr\u00e8s humble fille et oblig\u00e9e servante.<\/p>\n","protected":false},"excerpt":{"rendered":"<p>(1640.) Je supplie tr\u00e8s humblement votre charit\u00e9 prendre la peine nous mander * si ce sera pour demain, apr\u00e8s-d\u00eener, que j &lsquo;avertirais nos quatre S\u0153urs. Je me suis oubli\u00e9e de vous proposer notre S\u0153ur Anne &#8230; <a href=\"http:\/\/vincentians.com\/fr\/louise-de-marillac-lettre-0028-a-monsieur-vincent\/\" class=\"more-link\">Read More<\/a><\/p>\n","protected":false},"author":4,"featured_media":189777,"comment_status":"open","ping_status":"open","sticky":false,"template":"","format":"standard","meta":{"jetpack_post_was_ever_published":false,"_jetpack_newsletter_access":"","_jetpack_dont_email_post_to_subs":false,"_jetpack_newsletter_tier_id":0,"_jetpack_memberships_contains_paywalled_content":false,"_jetpack_memberships_contains_paid_content":false,"footnotes":"","jetpack_publicize_message":"","jetpack_publicize_feature_enabled":true,"jetpack_social_post_already_shared":true,"jetpack_social_options":{"image_generator_settings":{"template":"highway","default_image_id":0,"font":"","enabled":false},"version":2}},"categories":[121],"tags":[],"class_list":["post-104756","post","type-post","status-publish","format-standard","has-post-thumbnail","hentry","category-ecrits-de-louise-de-marillac"],"yoast_head":"<!-- This site is optimized with the Yoast SEO plugin v26.3 - https:\/\/yoast.com\/wordpress\/plugins\/seo\/ -->\n<title>Louise de Marillac, Lettre 0028: (\u00e0 Monsieur Vincent) - Nous Sommes Vincentiens<\/title>\n<meta name=\"robots\" content=\"index, follow, max-snippet:-1, max-image-preview:large, max-video-preview:-1\" \/>\n<link rel=\"canonical\" href=\"http:\/\/vincentians.com\/fr\/louise-de-marillac-lettre-0028-a-monsieur-vincent\/\" \/>\n<meta property=\"og:locale\" content=\"fr_FR\" \/>\n<meta property=\"og:type\" content=\"article\" \/>\n<meta property=\"og:title\" content=\"Louise de Marillac, Lettre 0028: (\u00e0 Monsieur Vincent) - Nous Sommes Vincentiens\" \/>\n<meta property=\"og:description\" content=\"(1640.) Je supplie tr\u00e8s humblement votre charit\u00e9 prendre la peine nous mander * si ce sera pour demain, apr\u00e8s-d\u00eener, que j &lsquo;avertirais nos quatre S\u0153urs. Je me suis oubli\u00e9e de vous proposer notre S\u0153ur Anne ... Read More\" \/>\n<meta property=\"og:url\" content=\"http:\/\/vincentians.com\/fr\/louise-de-marillac-lettre-0028-a-monsieur-vincent\/\" \/>\n<meta property=\"og:site_name\" content=\"Nous Sommes Vincentiens\" \/>\n<meta property=\"article:publisher\" content=\"https:\/\/www.facebook.com\/WeAreVincentians\/\" \/>\n<meta property=\"article:author\" content=\"https:\/\/www.facebook.com\/JavierChento\" \/>\n<meta property=\"article:published_time\" content=\"2017-01-17T03:00:58+00:00\" \/>\n<meta property=\"og:image\" content=\"https:\/\/i0.wp.com\/vincentians.com\/fr\/wp-content\/uploads\/sites\/10\/2016\/07\/cartas-luisa-de-marillac.jpg?fit=1200%2C630\" \/>\n\t<meta property=\"og:image:width\" content=\"1200\" \/>\n\t<meta property=\"og:image:height\" content=\"630\" \/>\n\t<meta property=\"og:image:type\" content=\"image\/jpeg\" \/>\n<meta name=\"author\" content=\"Francisco Javier Fern\u00e1ndez Chento\" \/>\n<meta name=\"twitter:card\" content=\"summary_large_image\" \/>\n<meta name=\"twitter:creator\" content=\"@https:\/\/twitter.com\/javierchento\" \/>\n<meta name=\"twitter:site\" content=\"@WeVincentians\" \/>\n<meta name=\"twitter:label1\" content=\"\u00c9crit par\" \/>\n\t<meta name=\"twitter:data1\" content=\"Francisco Javier Fern\u00e1ndez Chento\" \/>\n\t<meta name=\"twitter:label2\" content=\"Dur\u00e9e de lecture estim\u00e9e\" \/>\n\t<meta name=\"twitter:data2\" content=\"1 minute\" \/>\n<script type=\"application\/ld+json\" class=\"yoast-schema-graph\">{\"@context\":\"https:\/\/schema.org\",\"@graph\":[{\"@type\":\"WebPage\",\"@id\":\"http:\/\/vincentians.com\/fr\/louise-de-marillac-lettre-0028-a-monsieur-vincent\/\",\"url\":\"http:\/\/vincentians.com\/fr\/louise-de-marillac-lettre-0028-a-monsieur-vincent\/\",\"name\":\"Louise de Marillac, Lettre 0028: (\u00e0 Monsieur Vincent) - Nous Sommes Vincentiens\",\"isPartOf\":{\"@id\":\"https:\/\/vincentians.com\/fr\/#website\"},\"primaryImageOfPage\":{\"@id\":\"http:\/\/vincentians.com\/fr\/louise-de-marillac-lettre-0028-a-monsieur-vincent\/#primaryimage\"},\"image\":{\"@id\":\"http:\/\/vincentians.com\/fr\/louise-de-marillac-lettre-0028-a-monsieur-vincent\/#primaryimage\"},\"thumbnailUrl\":\"https:\/\/i0.wp.com\/vincentians.com\/fr\/wp-content\/uploads\/sites\/10\/2016\/07\/cartas-luisa-de-marillac.jpg?fit=1200%2C630\",\"datePublished\":\"2017-01-17T03:00:58+00:00\",\"author\":{\"@id\":\"https:\/\/vincentians.com\/fr\/#\/schema\/person\/9623ef4d9aa3b2dfb8c061f1499288f2\"},\"breadcrumb\":{\"@id\":\"http:\/\/vincentians.com\/fr\/louise-de-marillac-lettre-0028-a-monsieur-vincent\/#breadcrumb\"},\"inLanguage\":\"fr-FR\",\"potentialAction\":[{\"@type\":\"ReadAction\",\"target\":[\"http:\/\/vincentians.com\/fr\/louise-de-marillac-lettre-0028-a-monsieur-vincent\/\"]}]},{\"@type\":\"ImageObject\",\"inLanguage\":\"fr-FR\",\"@id\":\"http:\/\/vincentians.com\/fr\/louise-de-marillac-lettre-0028-a-monsieur-vincent\/#primaryimage\",\"url\":\"https:\/\/i0.wp.com\/vincentians.com\/fr\/wp-content\/uploads\/sites\/10\/2016\/07\/cartas-luisa-de-marillac.jpg?fit=1200%2C630\",\"contentUrl\":\"https:\/\/i0.wp.com\/vincentians.com\/fr\/wp-content\/uploads\/sites\/10\/2016\/07\/cartas-luisa-de-marillac.jpg?fit=1200%2C630\",\"width\":1200,\"height\":630},{\"@type\":\"BreadcrumbList\",\"@id\":\"http:\/\/vincentians.com\/fr\/louise-de-marillac-lettre-0028-a-monsieur-vincent\/#breadcrumb\",\"itemListElement\":[{\"@type\":\"ListItem\",\"position\":1,\"name\":\"Portada\",\"item\":\"https:\/\/vincentians.com\/fr\/\"},{\"@type\":\"ListItem\",\"position\":2,\"name\":\"Louise de Marillac, Lettre 0028: (\u00e0 Monsieur Vincent)\"}]},{\"@type\":\"WebSite\",\"@id\":\"https:\/\/vincentians.com\/fr\/#website\",\"url\":\"https:\/\/vincentians.com\/fr\/\",\"name\":\"Nous Sommes Vincentiens\",\"description\":\"Know more to serve more\",\"potentialAction\":[{\"@type\":\"SearchAction\",\"target\":{\"@type\":\"EntryPoint\",\"urlTemplate\":\"https:\/\/vincentians.com\/fr\/?s={search_term_string}\"},\"query-input\":{\"@type\":\"PropertyValueSpecification\",\"valueRequired\":true,\"valueName\":\"search_term_string\"}}],\"inLanguage\":\"fr-FR\"},{\"@type\":\"Person\",\"@id\":\"https:\/\/vincentians.com\/fr\/#\/schema\/person\/9623ef4d9aa3b2dfb8c061f1499288f2\",\"name\":\"Francisco Javier Fern\u00e1ndez Chento\",\"image\":{\"@type\":\"ImageObject\",\"inLanguage\":\"fr-FR\",\"@id\":\"https:\/\/vincentians.com\/fr\/#\/schema\/person\/image\/\",\"url\":\"https:\/\/secure.gravatar.com\/avatar\/497d5cde87b4c3d097d0315953521681ba2cd523ee66e5077c3711f7021e65de?s=96&d=mm&r=g\",\"contentUrl\":\"https:\/\/secure.gravatar.com\/avatar\/497d5cde87b4c3d097d0315953521681ba2cd523ee66e5077c3711f7021e65de?s=96&d=mm&r=g\",\"caption\":\"Francisco Javier Fern\u00e1ndez Chento\"},\"description\":\"Director General y cofundador de La Red de Formaci\u00f3n Vicenciana. Javier es laico vicenciano, afiliado a la Congregaci\u00f3n de la Misi\u00f3n y miembro del Equipo de Misiones Populares de la provincia can\u00f3nica de Zaragoza (Espa\u00f1a) de la Congregaci\u00f3n de la Misi\u00f3n. Graduado en la Universidad Oberta de Catalunya con cuatro grados (Asistente de direcci\u00f3n, Gesti\u00f3n Administrativa, Recursos Humanos y Contabilidad Avanzada). Bil\u00edng\u00fce Espa\u00f1ol\/Ingl\u00e9s. gestiona y mantiene varias p\u00e1ginas web cristianas y vicencianas, incluida including La Red de Formaci\u00f3n Vicenciana, de la que es cofundador. Actualmente es responsable del \u00e1rea de Espa\u00f1ol de .famvin, la Red de Noticias de la Familia Vicenciana. Tambi\u00e9n es m\u00fasico cat\u00f3lico y ha editado varios discos. Es Director General y cofundador de Trovador, una reconocida compa\u00f1\u00eda discogr\u00e1fica critiana de Espa\u00f1a. Trabaja en las Tecnolog\u00edas de la Informaci\u00f3n, ofreciendo servicios de alojamiento, dise\u00f1o y mantenimiento Web, as\u00ed como asesoramiento, formaci\u00f3n y soluciones inform\u00e1ticas, gesti\u00f3n documental y digitalizaci\u00f3n de textos, edici\u00f3n y maquetaci\u00f3n de libros, revistas, flyers, etc.\",\"sameAs\":[\"http:\/\/chento.org\",\"https:\/\/www.facebook.com\/JavierChento\",\"https:\/\/x.com\/https:\/\/twitter.com\/javierchento\"],\"url\":\"http:\/\/vincentians.com\/fr\/author\/chento\/\"}]}<\/script>\n<!-- \/ Yoast SEO plugin. -->","yoast_head_json":{"title":"Louise de Marillac, Lettre 0028: (\u00e0 Monsieur Vincent) - Nous Sommes Vincentiens","robots":{"index":"index","follow":"follow","max-snippet":"max-snippet:-1","max-image-preview":"max-image-preview:large","max-video-preview":"max-video-preview:-1"},"canonical":"http:\/\/vincentians.com\/fr\/louise-de-marillac-lettre-0028-a-monsieur-vincent\/","og_locale":"fr_FR","og_type":"article","og_title":"Louise de Marillac, Lettre 0028: (\u00e0 Monsieur Vincent) - Nous Sommes Vincentiens","og_description":"(1640.) Je supplie tr\u00e8s humblement votre charit\u00e9 prendre la peine nous mander * si ce sera pour demain, apr\u00e8s-d\u00eener, que j &lsquo;avertirais nos quatre S\u0153urs. Je me suis oubli\u00e9e de vous proposer notre S\u0153ur Anne ... Read More","og_url":"http:\/\/vincentians.com\/fr\/louise-de-marillac-lettre-0028-a-monsieur-vincent\/","og_site_name":"Nous Sommes Vincentiens","article_publisher":"https:\/\/www.facebook.com\/WeAreVincentians\/","article_author":"https:\/\/www.facebook.com\/JavierChento","article_published_time":"2017-01-17T03:00:58+00:00","og_image":[{"width":1200,"height":630,"url":"https:\/\/i0.wp.com\/vincentians.com\/fr\/wp-content\/uploads\/sites\/10\/2016\/07\/cartas-luisa-de-marillac.jpg?fit=1200%2C630","type":"image\/jpeg"}],"author":"Francisco Javier Fern\u00e1ndez Chento","twitter_card":"summary_large_image","twitter_creator":"@https:\/\/twitter.com\/javierchento","twitter_site":"@WeVincentians","twitter_misc":{"\u00c9crit par":"Francisco Javier Fern\u00e1ndez Chento","Dur\u00e9e de lecture estim\u00e9e":"1 minute"},"schema":{"@context":"https:\/\/schema.org","@graph":[{"@type":"WebPage","@id":"http:\/\/vincentians.com\/fr\/louise-de-marillac-lettre-0028-a-monsieur-vincent\/","url":"http:\/\/vincentians.com\/fr\/louise-de-marillac-lettre-0028-a-monsieur-vincent\/","name":"Louise de Marillac, Lettre 0028: (\u00e0 Monsieur Vincent) - Nous Sommes Vincentiens","isPartOf":{"@id":"https:\/\/vincentians.com\/fr\/#website"},"primaryImageOfPage":{"@id":"http:\/\/vincentians.com\/fr\/louise-de-marillac-lettre-0028-a-monsieur-vincent\/#primaryimage"},"image":{"@id":"http:\/\/vincentians.com\/fr\/louise-de-marillac-lettre-0028-a-monsieur-vincent\/#primaryimage"},"thumbnailUrl":"https:\/\/i0.wp.com\/vincentians.com\/fr\/wp-content\/uploads\/sites\/10\/2016\/07\/cartas-luisa-de-marillac.jpg?fit=1200%2C630","datePublished":"2017-01-17T03:00:58+00:00","author":{"@id":"https:\/\/vincentians.com\/fr\/#\/schema\/person\/9623ef4d9aa3b2dfb8c061f1499288f2"},"breadcrumb":{"@id":"http:\/\/vincentians.com\/fr\/louise-de-marillac-lettre-0028-a-monsieur-vincent\/#breadcrumb"},"inLanguage":"fr-FR","potentialAction":[{"@type":"ReadAction","target":["http:\/\/vincentians.com\/fr\/louise-de-marillac-lettre-0028-a-monsieur-vincent\/"]}]},{"@type":"ImageObject","inLanguage":"fr-FR","@id":"http:\/\/vincentians.com\/fr\/louise-de-marillac-lettre-0028-a-monsieur-vincent\/#primaryimage","url":"https:\/\/i0.wp.com\/vincentians.com\/fr\/wp-content\/uploads\/sites\/10\/2016\/07\/cartas-luisa-de-marillac.jpg?fit=1200%2C630","contentUrl":"https:\/\/i0.wp.com\/vincentians.com\/fr\/wp-content\/uploads\/sites\/10\/2016\/07\/cartas-luisa-de-marillac.jpg?fit=1200%2C630","width":1200,"height":630},{"@type":"BreadcrumbList","@id":"http:\/\/vincentians.com\/fr\/louise-de-marillac-lettre-0028-a-monsieur-vincent\/#breadcrumb","itemListElement":[{"@type":"ListItem","position":1,"name":"Portada","item":"https:\/\/vincentians.com\/fr\/"},{"@type":"ListItem","position":2,"name":"Louise de Marillac, Lettre 0028: (\u00e0 Monsieur Vincent)"}]},{"@type":"WebSite","@id":"https:\/\/vincentians.com\/fr\/#website","url":"https:\/\/vincentians.com\/fr\/","name":"Nous Sommes Vincentiens","description":"Know more to serve more","potentialAction":[{"@type":"SearchAction","target":{"@type":"EntryPoint","urlTemplate":"https:\/\/vincentians.com\/fr\/?s={search_term_string}"},"query-input":{"@type":"PropertyValueSpecification","valueRequired":true,"valueName":"search_term_string"}}],"inLanguage":"fr-FR"},{"@type":"Person","@id":"https:\/\/vincentians.com\/fr\/#\/schema\/person\/9623ef4d9aa3b2dfb8c061f1499288f2","name":"Francisco Javier Fern\u00e1ndez Chento","image":{"@type":"ImageObject","inLanguage":"fr-FR","@id":"https:\/\/vincentians.com\/fr\/#\/schema\/person\/image\/","url":"https:\/\/secure.gravatar.com\/avatar\/497d5cde87b4c3d097d0315953521681ba2cd523ee66e5077c3711f7021e65de?s=96&d=mm&r=g","contentUrl":"https:\/\/secure.gravatar.com\/avatar\/497d5cde87b4c3d097d0315953521681ba2cd523ee66e5077c3711f7021e65de?s=96&d=mm&r=g","caption":"Francisco Javier Fern\u00e1ndez Chento"},"description":"Director General y cofundador de La Red de Formaci\u00f3n Vicenciana. Javier es laico vicenciano, afiliado a la Congregaci\u00f3n de la Misi\u00f3n y miembro del Equipo de Misiones Populares de la provincia can\u00f3nica de Zaragoza (Espa\u00f1a) de la Congregaci\u00f3n de la Misi\u00f3n. Graduado en la Universidad Oberta de Catalunya con cuatro grados (Asistente de direcci\u00f3n, Gesti\u00f3n Administrativa, Recursos Humanos y Contabilidad Avanzada). Bil\u00edng\u00fce Espa\u00f1ol\/Ingl\u00e9s. gestiona y mantiene varias p\u00e1ginas web cristianas y vicencianas, incluida including La Red de Formaci\u00f3n Vicenciana, de la que es cofundador. Actualmente es responsable del \u00e1rea de Espa\u00f1ol de .famvin, la Red de Noticias de la Familia Vicenciana. Tambi\u00e9n es m\u00fasico cat\u00f3lico y ha editado varios discos. Es Director General y cofundador de Trovador, una reconocida compa\u00f1\u00eda discogr\u00e1fica critiana de Espa\u00f1a. Trabaja en las Tecnolog\u00edas de la Informaci\u00f3n, ofreciendo servicios de alojamiento, dise\u00f1o y mantenimiento Web, as\u00ed como asesoramiento, formaci\u00f3n y soluciones inform\u00e1ticas, gesti\u00f3n documental y digitalizaci\u00f3n de textos, edici\u00f3n y maquetaci\u00f3n de libros, revistas, flyers, etc.","sameAs":["http:\/\/chento.org","https:\/\/www.facebook.com\/JavierChento","https:\/\/x.com\/https:\/\/twitter.com\/javierchento"],"url":"http:\/\/vincentians.com\/fr\/author\/chento\/"}]}},"jetpack_publicize_connections":[],"jetpack_featured_media_url":"https:\/\/i0.wp.com\/vincentians.com\/fr\/wp-content\/uploads\/sites\/10\/2016\/07\/cartas-luisa-de-marillac.jpg?fit=1200%2C630","jetpack_sharing_enabled":true,"jetpack_shortlink":"https:\/\/wp.me\/p7ETMP-rfC","jetpack-related-posts":[{"id":104526,"url":"http:\/\/vincentians.com\/fr\/louise-de-marillac-lettre-0019-a-monsieur-labbe-de-vaux\/","url_meta":{"origin":104756,"position":0},"title":"Louise de Marillac, Lettre 0019: \u00e0 Monsieur l&rsquo;abb\u00e9 de Vaux","author":"Francisco Javier Fern\u00e1ndez Chento","date":"06\/12\/2016","format":false,"excerpt":"\u00e0 Angers Ce 3 mai 1640. Monsieur, Nous avons grand sujet de louer Dieu qui adoucit ainsi par sa mis\u00e9ricorde les coups de fouet que sa justice nous fait ressentir. Voil\u00e0 notre S\u0153ur Genevi\u00e8ve mieux: que j'aurais \u00e9t\u00e9 en peine si vous vous \u00e9tiez expos\u00e9 davantage ! Je vous supplie\u2026","rel":"","context":"Dans &quot;\u00c9crits de Louise de Marillac&quot;","block_context":{"text":"\u00c9crits de Louise de Marillac","link":"http:\/\/vincentians.com\/fr\/category\/ecrits-de-louise-de-marillac\/"},"img":{"alt_text":"","src":"https:\/\/i0.wp.com\/vincentians.com\/fr\/wp-content\/uploads\/sites\/10\/2016\/07\/cartas-luisa-de-marillac.jpg?fit=1200%2C630&resize=350%2C200","width":350,"height":200,"srcset":"https:\/\/i0.wp.com\/vincentians.com\/fr\/wp-content\/uploads\/sites\/10\/2016\/07\/cartas-luisa-de-marillac.jpg?fit=1200%2C630&resize=350%2C200 1x, https:\/\/i0.wp.com\/vincentians.com\/fr\/wp-content\/uploads\/sites\/10\/2016\/07\/cartas-luisa-de-marillac.jpg?fit=1200%2C630&resize=525%2C300 1.5x, https:\/\/i0.wp.com\/vincentians.com\/fr\/wp-content\/uploads\/sites\/10\/2016\/07\/cartas-luisa-de-marillac.jpg?fit=1200%2C630&resize=700%2C400 2x, https:\/\/i0.wp.com\/vincentians.com\/fr\/wp-content\/uploads\/sites\/10\/2016\/07\/cartas-luisa-de-marillac.jpg?fit=1200%2C630&resize=1050%2C600 3x"},"classes":[]},{"id":105087,"url":"http:\/\/vincentians.com\/fr\/louise-de-marillac-lettre-0426-aux-soeurs-de-lhopital-dangers\/","url_meta":{"origin":104756,"position":1},"title":"Louise de Marillac, Lettre 0426: (aux S\u0153urs de l&rsquo;h\u00f4pital d&rsquo;Angers)","author":"Francisco Javier Fern\u00e1ndez Chento","date":"21\/02\/2017","format":false,"excerpt":"(ao\u00fbt 1640). Mes Ch\u00e8res S\u0153urs, Il me semble que je me vois maintenant parmi vous toutes, au service de nos chers ma\u00eetres, \u00e0 leur souper. Mon Dieu ! quel bonheur vous poss\u00e9dez en effet, et que je ne suis pas digne de poss\u00e9der qu'en d\u00e9sir ! Courage donc, mes ch\u00e8res\u2026","rel":"","context":"Dans &quot;\u00c9crits de Louise de Marillac&quot;","block_context":{"text":"\u00c9crits de Louise de Marillac","link":"http:\/\/vincentians.com\/fr\/category\/ecrits-de-louise-de-marillac\/"},"img":{"alt_text":"","src":"https:\/\/i0.wp.com\/vincentians.com\/fr\/wp-content\/uploads\/sites\/10\/2016\/07\/cartas-luisa-de-marillac.jpg?fit=1200%2C630&resize=350%2C200","width":350,"height":200,"srcset":"https:\/\/i0.wp.com\/vincentians.com\/fr\/wp-content\/uploads\/sites\/10\/2016\/07\/cartas-luisa-de-marillac.jpg?fit=1200%2C630&resize=350%2C200 1x, https:\/\/i0.wp.com\/vincentians.com\/fr\/wp-content\/uploads\/sites\/10\/2016\/07\/cartas-luisa-de-marillac.jpg?fit=1200%2C630&resize=525%2C300 1.5x, https:\/\/i0.wp.com\/vincentians.com\/fr\/wp-content\/uploads\/sites\/10\/2016\/07\/cartas-luisa-de-marillac.jpg?fit=1200%2C630&resize=700%2C400 2x, https:\/\/i0.wp.com\/vincentians.com\/fr\/wp-content\/uploads\/sites\/10\/2016\/07\/cartas-luisa-de-marillac.jpg?fit=1200%2C630&resize=1050%2C600 3x"},"classes":[]},{"id":104521,"url":"http:\/\/vincentians.com\/fr\/louise-de-marillac-lettre-0011-aux-soeurs-barbe-angiboust-et-louise-ganset\/","url_meta":{"origin":104756,"position":2},"title":"Louise de Marillac, Lettre 0011: (aux S\u0153urs Barbe Angiboust et Louise Ganset)","author":"Francisco Javier Fern\u00e1ndez Chento","date":"11\/10\/2016","format":false,"excerpt":"(\u00e0 Richelieu) 26 octobre 1639. Mes bonnes S\u0153urs, Je ne doute point que vous n'ayez beaucoup ressenti la perte que nous avons faite \u00e0 la mort de Madame la Pr\u00e9sidente Goussault, les obligations que nous lui avons, nous doivent servir \u00e0 nous la faire imiter, afin que Dieu en soit\u2026","rel":"","context":"Dans &quot;\u00c9crits de Louise de Marillac&quot;","block_context":{"text":"\u00c9crits de Louise de Marillac","link":"http:\/\/vincentians.com\/fr\/category\/ecrits-de-louise-de-marillac\/"},"img":{"alt_text":"","src":"https:\/\/i0.wp.com\/vincentians.com\/fr\/wp-content\/uploads\/sites\/10\/2016\/07\/cartas-luisa-de-marillac.jpg?fit=1200%2C630&resize=350%2C200","width":350,"height":200,"srcset":"https:\/\/i0.wp.com\/vincentians.com\/fr\/wp-content\/uploads\/sites\/10\/2016\/07\/cartas-luisa-de-marillac.jpg?fit=1200%2C630&resize=350%2C200 1x, https:\/\/i0.wp.com\/vincentians.com\/fr\/wp-content\/uploads\/sites\/10\/2016\/07\/cartas-luisa-de-marillac.jpg?fit=1200%2C630&resize=525%2C300 1.5x, https:\/\/i0.wp.com\/vincentians.com\/fr\/wp-content\/uploads\/sites\/10\/2016\/07\/cartas-luisa-de-marillac.jpg?fit=1200%2C630&resize=700%2C400 2x, https:\/\/i0.wp.com\/vincentians.com\/fr\/wp-content\/uploads\/sites\/10\/2016\/07\/cartas-luisa-de-marillac.jpg?fit=1200%2C630&resize=1050%2C600 3x"},"classes":[]},{"id":38477,"url":"http:\/\/vincentians.com\/fr\/le-directeur-provincial-animateur-des-filles-de-la-charite\/","url_meta":{"origin":104756,"position":3},"title":"Le Directeur Provincial \u201canimateur\u201d des Filles de la Charit\u00e9","author":"Francisco Javier Fern\u00e1ndez Chento","date":"03\/10\/2012","format":false,"excerpt":"Dans les Constitutions des Filles de la Charit\u00e9, nous trouvons \u00e0 l\u2019article 3.38: le Directeur Provincial est un pr\u00eatre de la Congr\u00e9gation de la Mission, nomm\u00e9 par le Sup\u00e9rieur G\u00e9n\u00e9ral; \u201cil partage avec la Visitatrice et son Conseil la responsabilit\u00e9 de promouvoir l\u2019esprit vincentien dans la Province\u201d Missionnaire, le directeur\u2026","rel":"","context":"Dans &quot;Congr\u00e9gation de la Mission&quot;","block_context":{"text":"Congr\u00e9gation de la Mission","link":"http:\/\/vincentians.com\/fr\/category\/congregation-de-la-mission\/"},"img":{"alt_text":"","src":"https:\/\/i0.wp.com\/vincentiens.org\/wp-content\/uploads\/2011\/05\/filles_charite-228x300.jpg?resize=350%2C200","width":350,"height":200},"classes":[]},{"id":105318,"url":"http:\/\/vincentians.com\/fr\/louise-de-marillac-lettre-0007-bis-a-monsieur-vincent\/","url_meta":{"origin":104756,"position":4},"title":"Louise de Marillac, Lettre 0007 bis: \u00e0 Monsieur Vincent","author":"Francisco Javier Fern\u00e1ndez Chento","date":"04\/04\/2017","format":false,"excerpt":"(28 novembre 1640). Monsieur Madame de Liancourt m'a mand\u00e9 qu'elle m'enverrait qu\u00e9rir demain sur les huit heures. Je supplie tr\u00e8s humblement votre charit\u00e9 me mander si quelque chose ne peut emp\u00eacher de l'aller trouver et vous souvenir de ce que je vous ai mand\u00e9 aujourd'hui pour nos S\u0153urs. \u00c7a \u00e9t\u00e9\u2026","rel":"","context":"Dans &quot;\u00c9crits de Louise de Marillac&quot;","block_context":{"text":"\u00c9crits de Louise de Marillac","link":"http:\/\/vincentians.com\/fr\/category\/ecrits-de-louise-de-marillac\/"},"img":{"alt_text":"","src":"https:\/\/i0.wp.com\/vincentians.com\/fr\/wp-content\/uploads\/sites\/10\/2016\/07\/cartas-luisa-de-marillac.jpg?fit=1200%2C630&resize=350%2C200","width":350,"height":200,"srcset":"https:\/\/i0.wp.com\/vincentians.com\/fr\/wp-content\/uploads\/sites\/10\/2016\/07\/cartas-luisa-de-marillac.jpg?fit=1200%2C630&resize=350%2C200 1x, https:\/\/i0.wp.com\/vincentians.com\/fr\/wp-content\/uploads\/sites\/10\/2016\/07\/cartas-luisa-de-marillac.jpg?fit=1200%2C630&resize=525%2C300 1.5x, https:\/\/i0.wp.com\/vincentians.com\/fr\/wp-content\/uploads\/sites\/10\/2016\/07\/cartas-luisa-de-marillac.jpg?fit=1200%2C630&resize=700%2C400 2x, https:\/\/i0.wp.com\/vincentians.com\/fr\/wp-content\/uploads\/sites\/10\/2016\/07\/cartas-luisa-de-marillac.jpg?fit=1200%2C630&resize=1050%2C600 3x"},"classes":[]},{"id":105412,"url":"http:\/\/vincentians.com\/fr\/itineraire-spirituel-de-louise-de-marillac-rencontre-avec-lhumanite-du-fils-de-dieu-2\/","url_meta":{"origin":104756,"position":5},"title":"Itin\u00e9raire spirituel de Louise de Marillac. Rencontre avec l\u2019humanit\u00e9 du Fils de Dieu (2)","author":"Francisco Javier Fern\u00e1ndez Chento","date":"13\/02\/2015","format":false,"excerpt":"Le Christ, homme parmi les hommes Si B\u00e9rulle a appris \u00e0 Louise de Marillac \u00e0 contempler le Fils de Dieu, le Verbe fait chair, Vincent de Paul l\u2019am\u00e8ne \u00e0 d\u00e9couvrir la personne de J\u00e9sus Christ, \u00e0 situer son action dans son sillage, comme lui-m\u00eame l\u2019a appris de Fran\u00e7ois de Sales.\u2026","rel":"","context":"Dans &quot;Louise de Marillac&quot;","block_context":{"text":"Louise de Marillac","link":"http:\/\/vincentians.com\/fr\/category\/the-vincentian-family\/founders\/louise-de-marillac\/"},"img":{"alt_text":"","src":"","width":0,"height":0},"classes":[]}],"_links":{"self":[{"href":"http:\/\/vincentians.com\/fr\/wp-json\/wp\/v2\/posts\/104756","targetHints":{"allow":["GET"]}}],"collection":[{"href":"http:\/\/vincentians.com\/fr\/wp-json\/wp\/v2\/posts"}],"about":[{"href":"http:\/\/vincentians.com\/fr\/wp-json\/wp\/v2\/types\/post"}],"author":[{"embeddable":true,"href":"http:\/\/vincentians.com\/fr\/wp-json\/wp\/v2\/users\/4"}],"replies":[{"embeddable":true,"href":"http:\/\/vincentians.com\/fr\/wp-json\/wp\/v2\/comments?post=104756"}],"version-history":[{"count":0,"href":"http:\/\/vincentians.com\/fr\/wp-json\/wp\/v2\/posts\/104756\/revisions"}],"wp:featuredmedia":[{"embeddable":true,"href":"http:\/\/vincentians.com\/fr\/wp-json\/wp\/v2\/media\/189777"}],"wp:attachment":[{"href":"http:\/\/vincentians.com\/fr\/wp-json\/wp\/v2\/media?parent=104756"}],"wp:term":[{"taxonomy":"category","embeddable":true,"href":"http:\/\/vincentians.com\/fr\/wp-json\/wp\/v2\/categories?post=104756"},{"taxonomy":"post_tag","embeddable":true,"href":"http:\/\/vincentians.com\/fr\/wp-json\/wp\/v2\/tags?post=104756"}],"curies":[{"name":"wp","href":"https:\/\/api.w.org\/{rel}","templated":true}]}}