{"id":104734,"date":"2012-11-30T04:10:03","date_gmt":"2012-11-30T03:10:03","guid":{"rendered":"http:\/\/vincentiens.org\/?p=104734"},"modified":"2012-11-30T04:10:03","modified_gmt":"2012-11-30T03:10:03","slug":"la-vie-du-venerable-serviteur-de-dieu-vincent-de-paul-livre-premier-chapitre-ix","status":"publish","type":"post","link":"http:\/\/vincentians.com\/fr\/la-vie-du-venerable-serviteur-de-dieu-vincent-de-paul-livre-premier-chapitre-ix\/","title":{"rendered":"La vie du v\u00e9n\u00e9rable serviteur de Dieu Vincent de Paul, Livre premier, Chapitre IX"},"content":{"rendered":"<p><strong>Monsieur Vincent se retire secr\u00e8tement de la maison de Gondy, et y retourne quelque temps apr\u00e8s.<\/strong><\/p>\n<p>Les succ\u00e8s pleins de b\u00e9n\u00e9diction que Dieu donnait \u00e0 ces emplois charitables de M. Vincent augmentaient de plus en plus l&rsquo;opinion qu&rsquo;on avait de sa vertu; il \u00e9tait regard\u00e9 de ceux qui le connaissaient comme un homme rempli de l&rsquo;esprit de Dieu; et pour cela M. le G\u00e9n\u00e9ral des gal\u00e8res et Madame concevaient une estime toujours plus grande de sa personne, dont il ne se pouvait qu&rsquo;ils ne lui fissent para\u00eetre quelques marques dans les occasions; ce qui \u00e9tait un supplice \u00e0 son humilit\u00e9, qui ne cherchait qu&rsquo;\u00e0 s&rsquo;abaisser et se tenir dans l&rsquo;avilissement; de sorte que ne voyant point d&rsquo;autre rem\u00e8de, il se r\u00e9solut, \u00e0 l&rsquo;exemple de plusieurs grands saints, de s&rsquo;enfuir pour \u00e9viter ce dangereux \u00e9cueil de la vaine gloire, qui a souvent caus\u00e9 un triste naufrage aux \u00e2mes les plus vertueuses, lorsqu&rsquo;elles avaient le vent en poupe, et qu&rsquo;elles se promettaient de faire une plus heureuse navigation.<\/p>\n<p>\u00ab Mo\u00efse, comme remarque saint Ambroise, s&rsquo;enfuit de la cour du roi Pharaon, de peur que le bon traitement qu&rsquo;il y recevait ne souill\u00e2t son \u00e2me, et que la puissance et l&rsquo;autorit\u00e9 qui lui avaient \u00e9t\u00e9 donn\u00e9es ne fussent un lien qui le ret\u00eent attach\u00e9: il s&rsquo;enfuit, non par d\u00e9faut de r\u00e9solution ou de courage, mais pour trouver le sentier assur\u00e9 de l&rsquo;innocence, pour se mettre dans le chemin de la vertu et s affermir dans la pi\u00e9t\u00e9.\u00bb<\/p>\n<p>Quoique la maison de M. le g\u00e9n\u00e9ral f\u00fbt une des mieux r\u00e9gl\u00e9es de la Cour, et que M. Vincent n&rsquo;y v\u00eet aucune chose qui f\u00fbt contraire \u00e0 la vraie piet\u00e9, l&rsquo;honneur n\u00e9anmoins et tous les t\u00e9moignages d&rsquo;affection qu&rsquo;il y recevait, et l&rsquo;estime qu&rsquo;on faisait de sa vertu, lui donnaient beaucoup de peine; il craignait que le grand cr\u00e9dit qu&rsquo;il avait acquis sur les esprits dans cette illustre famille ne f\u00fbt un pi\u00e8ge qui le ret\u00eent, et qui l&#8217;emp\u00each\u00e2t de s&rsquo;avancer dans la perfection de son \u00e9tat; ce fut pourquoi, fermant les yeux \u00e0 tous les sentiments de la nature et \u00e0 tous les int\u00e9r\u00eats du si\u00e8cle, il se r\u00e9solut de s&rsquo;en retirer pour se donner plus parfaitement \u00e0 Dieu.<\/p>\n<p>Il y avait encore une autre raison qui le portait \u00e0 cette retraite: c&rsquo;est que Madame la G\u00e9n\u00e9rale, ayant re\u00e7u de grandes et notables assistances de lui pour le soulagement de son esprit, qui \u00e9tait fort travaill\u00e9 de scrupules et peines int\u00e9rieures, dans lesquelles Dieu l&rsquo;exer\u00e7ait, pour joindre la couronne de la patience \u00e0 celle de la charit\u00e9, avait con\u00e7u un tel surcro\u00eet d&rsquo;estime et de confiance envers M. Vincent, que cela fit na\u00eetre en elle une crainte de le perdre, et de n&rsquo;en trouver jamais un semblable, qui e\u00fbt lumi\u00e8re et gr\u00e2ce comme lui, pour tenir en paix sa conscience, adoucir les peines de son esprit, et la conduire dans les voies assur\u00e9es de la vraie et solide vertu: et cette crainte vint tellement \u00e0 s&rsquo;augmenter, qu&rsquo;elle ne pouvait souffrir que difficilement son absence; et quand la n\u00e9cessit\u00e9 des affaires l&rsquo;obligeait \u00e0 quelque voyage, elle en \u00e9tait en inqui\u00e9tude, appr\u00e9hendant que la chaleur ou quelque autre accident ne lui caus\u00e2t quelque maladie ou incommodit\u00e9. Cela \u00e9tait \u00e0 la v\u00e9rit\u00e9 une imperfection en cette dame, quoique d&rsquo;ailleurs fort vertueuse; et d\u00e8s que M. Vincent s&rsquo;en aper\u00e7ut, il t\u00e2cha d&rsquo;y rem\u00e9dier. Pour cet effet il l&rsquo;obligea m\u00eame de se confesser quelquefois \u00e0 un P\u00e8re R\u00e9collet, qui \u00e9tait tr\u00e8s expert en la conduite des \u00e2mes, duquel il jugeait qu&rsquo;elle demeurerait satisfaite; et lui ayant fait avouer qu&rsquo;en effet il l&rsquo;avait fort consol\u00e9e, il se servit de cette exp\u00e9rience pour la convaincre que Dieu la conduirait heureusement aussi bien par un autre que par lui, si elle mettait son unique confiance en son infinie bont\u00e9.<\/p>\n<p>Mais tout cela n&rsquo;eut pas assez de force pour lui \u00f4ter l&rsquo;impression de la n\u00e9cessit\u00e9 qu&rsquo;elle croyait avoir, qu&rsquo;un homme comme lui, v\u00e9ritablement charitable et prudent, demeur\u00e2t aupr\u00e8s d&rsquo;elle, pour y avoir recours dans ses besoins, particuli\u00e8rement lorsqu&rsquo;elle se trouvait aux champs, ou, ayant plusieurs terres, elle \u00e9tait oblig\u00e9e d&rsquo;aller souvent, et d&rsquo;y passer une partie de l&rsquo;ann\u00e9e, et ou elle ne pouvait se r\u00e9soudre de d\u00e9couvrir ses difficult\u00e9s a un pr\u00eatre de village. M. Vincent donc, la voyant dans une telle disposition, et ne pouvant souffrir qu&rsquo;aucune personne e\u00fbt la moindre attache a sa conduite particuli\u00e8re; et d&rsquo;ailleurs ayant une grande peine de voir l&rsquo;estime qu&rsquo;on faisait d&rsquo;un mis\u00e9rable tel qu&rsquo;il se croyait et disait, et craignant que cet exc\u00e8s de confiance ne f\u00fbt un emp\u00eachement au vrai bien de cette \u00e2me! qui d&rsquo;ailleurs \u00e9tait tr\u00e8s vertueuse, et qui cherchait bien purement Dieu; et qu&rsquo;au lieu de lui aider, il ne serv\u00eet d&rsquo;obstacle \u00e0 son avancement dans le chemin de la perfection, il prit r\u00e9solution de se retirer; et comme il n&rsquo;\u00e9tait entr\u00e9 en cette maison que par la persuasion du R. P. de B\u00e9rulle, il le fut trouver, et le pria d&rsquo;agr\u00e9er qu&rsquo;il en sort\u00eet; sans lui en dire aucune autre raison, sinon qu&rsquo;il se sentait int\u00e9rieurement press\u00e9 de Dieu d&rsquo;aller en quelque province \u00e9loign\u00e9e, s&#8217;employer \u00e0 l&rsquo;instruction et au service des pauvres gens de la campagne; ce que le R.P. de B\u00e9rulle n&rsquo;improuva pas, reconnaissant en M. Vincent un esprit qui allait si droitement \u00e0 Dieu, et qui \u00e9tait si fort \u00e9clair\u00e9 de sa gr\u00e2ce, qu&rsquo;il ne jugeait pas lui pouvoir conseiller rien de meilleur que ce que lui-m\u00eame lui proposait.<\/p>\n<p>Il sortit donc de la maison de Gondy au mois de juillet de l&rsquo;ann\u00e9e 1617, prenant pour pr\u00e9texte un petit voyage qu&rsquo;il avait \u00e0 faire, et quoiqu&rsquo;il vit bien qu&rsquo;on ferait divers jugements \u00e0 son d\u00e9savantage de s&rsquo;\u00eatre retir\u00e9 de la sorte, et m\u00eame qu&rsquo;on le taxerait d&rsquo;ingratitude apr\u00e8s tant d&rsquo;honneurs et de bons traitements qu&rsquo;il avait re\u00e7us en cette maison; ce qui sans doute lui \u00e9tait tr\u00e8s sensible, ayant un c\u0153ur tout \u00e0 fait port\u00e9 \u00e0 la reconnaissance; il passa n\u00e9anmoins pardessus toutes ces consid\u00e9rations, et, renon\u00e7ant \u00e0 ses propres int\u00e9r\u00eats, s&rsquo;exposa volontiers \u00e0 tous ces inconv\u00e9nients, pour \u00eatre fid\u00e8le \u00e0 Dieu, et pour procurer (quoique par un moyen qui paraissait fort extraordinaire) le plus grand bien spirituel de cette vertueuse \u00e2me qui s&rsquo;\u00e9tait confi\u00e9e \u00e0 sa conduite, lui montrant par son propre d\u00e9sint\u00e9ressement, qu&rsquo;il ne fallait s&rsquo;attacher qu&rsquo;\u00e0 Dieu seul.<\/p>\n<p>Le R.P. de B\u00e9rulle, voyant M. Vincent r\u00e9solu \u00e0 cette sortie, sans aucun dessein particulier du lieu o\u00f9 il se devait retirer, lui proposa d&rsquo;aller travailler en quelque lieu de la Bresse, o\u00f9 il y avait une grande disette d&rsquo;ouvriers \u00e9vang\u00e9liques, et lui d\u00e9signa particuli\u00e8rement la paroisse de Ch\u00e2tillon-les-Dombes, o\u00f9 son z\u00e8le pourrait faire une abondante moisson. Monsieur Vincent, suivant cet avis, s&rsquo;en alla en ce lieu de Ch\u00e2tillon, et y \u00e9tant arriv\u00e9, une des premi\u00e8res choses qu&rsquo;il fit, ce fut de porter cinq ou six eccl\u00e9siastiques qu&rsquo;il y trouva&rsquo; a se mettre ensemble en quelque sorte de communaut\u00e9, pour se donner par ce moyen plus parfaitement au service de Dieu et de son l&rsquo;Eglise; ce qu&rsquo;ils firent \u00e0 sa persuasion, et ont continu\u00e9 de faire longtemps apr\u00e8s, avec une tr\u00e8s grande \u00e9dification de toute la paroisse: il s&rsquo;appliqua ensuite a travailler avec son z\u00e8le ordinaire \u00e0 l&rsquo;instruction du peuple et \u00e0 la conversion des p\u00e9cheurs, par des cat\u00e9chismes et exhortations publiques et particuli\u00e8res, qu&rsquo;il fit avec un tr\u00e8s grand fruit; il n&rsquo;oublia pas les malades et les pauvres, les visitant et leur procurant toutes sortes de consolations et d&rsquo;assistance, et s&#8217;employa (comme nous dirons ci-apr\u00e8s) m\u00eame avec grande b\u00e9n\u00e9diction \u00e0 la r\u00e9duction de quelques h\u00e9r\u00e9tiques.<\/p>\n<p>On ne savait encore rien de tout ceci en la maison de M. le G\u00e9n\u00e9ral des gal\u00e8res; car M. Vincent n&rsquo;avait communiqu\u00e9 son dessein, \u00e0 Paris, qu&rsquo;\u00e0 une ou deux personnes de confiance: de sorte que quelque temps apr\u00e8s qu&rsquo;il fut arriv\u00e9 \u00e0 Ch\u00e2tillon, il crut \u00eatre oblig\u00e9 d&rsquo;en donner avis \u00e0 M. le g\u00e9n\u00e9ral, qui \u00e9tait pour lors en Provence; et pour cet effet il lui \u00e9crivit une lettre, par laquelle il le suppliait d&rsquo;agr\u00e9er sa retraite, puisqu&rsquo;il n&rsquo;avait pas, disait-il, assez de gr\u00e2ce et de capacit\u00e9 pour l&rsquo;instruction de Messieurs ses enfants. Il ajouta qu&rsquo;il n&rsquo;avait pas dit \u00e0 Madame ni \u00e0 personne de la maison, le dessein qu&rsquo;il avait de n&rsquo;y pas retourner. Cette nouvelle si impr\u00e9vue affligea grandement ce bon seigneur, qui en fit aussit\u00f4t part \u00e0 Madame sa femme, \u00e0 laquelle il d\u00e9clara la peine qu&rsquo;il en avait re\u00e7ue par une lettre qu&rsquo;il lui \u00e9crivit, dont voici les propres termes:<\/p>\n<p>\u00abJe suis au d\u00e9sespoir d&rsquo;une lettre que m&rsquo;a \u00e9crite M. Vincent, et que je vous envoie pour voir s&rsquo;il n&rsquo;y aurait point encore quelque rem\u00e8de au malheur que ce nous serait de le perdre. Je suis extr\u00eamement \u00e9tonn\u00e9 de ce qu&rsquo;il ne vous a rien dit de sa r\u00e9solution, et que vous n&rsquo;en ayez point eu d&rsquo;avis. Je vous prie de faire en sorte par tous moyens que nous ne le perdions point; car quand le sujet qu&rsquo;il prend serait v\u00e9ritable, il ne me serait de nulle consid\u00e9ration: n&rsquo;en ayant point de plus forte que celle de mon salut et de mes enfants, \u00e0 quoi je sais qu&rsquo;il pourra un jour beaucoup aider, et aux r\u00e9solutions que je souhaite plus que jamais pouvoir prendre, et dont je vous ai bien souvent parl\u00e9; je ne lui ai point encore fait de r\u00e9ponse, et j&rsquo;attendrai de vos nouvelles auparavant. Jugez si l&rsquo;entremise de ma s\u0153ur de Ragny, qui n&rsquo;est pas loin de lui, sera \u00e0 propos; mais je crois qu&rsquo;il n&rsquo;y aura rien de plus puissant que M. de B\u00e9rulle. Dites-lui que, quand bien m\u00eame M. Vincent n&rsquo;aurait pas la m\u00e9thode d&rsquo;enseigner la jeunesse, qu&rsquo;il peut avoir un homme sous lui; mais qu&rsquo;en toutes fa\u00e7ons je d\u00e9sire passionn\u00e9ment qu&rsquo;il revienne en ma maison, o\u00f9 il vivra comme il voudra, et moi un jour en homme de bien, si cet homme-l\u00e0 est avec moi.\u00bb<\/p>\n<p>Cette lettre est du mois de septembre 1617, et ce fut le jour de l&rsquo;Exaltation de la Sainte-Croix que Madame la re\u00e7ut, et qu&rsquo;elle apprit le lieu et la r\u00e9solution o\u00f9 \u00e9tait M. Vincent; ce qui lui fut vraiment une croix bien affligeante, et un glaive de douleur qui lui p\u00e9n\u00e9tra si avant dans l&rsquo;\u00e2me, que, depuis qu&rsquo;elle eut appris cette nouvelle, elle ne cessait de pleurer, et ne pouvait ni manger ni dormir. Voici ce qu&rsquo;elle fit conna\u00eetre de ses sentiments \u00e0 une personne de confiance, en lui d\u00e9chargeant un jour son c\u0153ur sur ce sujet:<\/p>\n<p>\u00abJe ne l&rsquo;aurais jamais pens\u00e9, dit-elle; M. Vincent s&rsquo;\u00e9tait montr\u00e9 trop charitable envers mon \u00e2me pour m&rsquo;abandonner de la sorte. Mais Dieu soit lou\u00e9, je ne l&rsquo;accuse de rien, tant s&rsquo;en faut, je crois qu&rsquo;il n&rsquo;a rien fait que par une sp\u00e9ciale providence de Dieu, et touch\u00e9 de son saint amour. Mais, de v\u00e9rit\u00e9, son \u00e9loignement est bien \u00e9trange; je confesse de n&rsquo;y voir goutte; il sait le besoin que j&rsquo;ai de sa conduite, et les affaires que j&rsquo;ai \u00e0 lui communiquer; les peines d&rsquo;esprit et de corps que j&rsquo;ai souffertes, manque d&rsquo;assistance; le bien que je d\u00e9sire faire en mes villages, qu&rsquo;il m&rsquo;est impossible d&rsquo;entreprendre sans son conseil. Bref, je vois mon \u00e2me en un tr\u00e8s pitoyable \u00e9tat. Vous voyez avec quel ressentiment Monsieur le g\u00e9n\u00e9ral m&rsquo;a \u00e9crit: que mes enfants d\u00e9p\u00e9rissent tous les jours; que le bien qu&rsquo;il faisait en ma maison et \u00e0 sept ou huit mille \u00e2mes qui sont en mes terres ne se fera plus. Quoi ! ces \u00e2mes ne sont-elles pas aussi bien rachet\u00e9es du sang pr\u00e9cieux de Notre-Seigneur que celles de Bresse ? Ne lui sont-elles pas aussi ch\u00e8res ? De vrai, je ne sais comme M. Vincent l&rsquo;entend; mais cela me semble assez consid\u00e9rable pour faire mon possible de le ravoir. Il ne cherche que la plus grande gloire de Dieu, et je ne le d\u00e9sire pas contre sa sainte volont\u00e9. Mais je le supplie de tout mon c\u0153ur de me le redonner; j&rsquo;en prie sa sainte M\u00e8re, et je les en prierais encore plus fortement, si mon int\u00e9r\u00eat particulier n&rsquo;\u00e9tait pas m\u00eal\u00e9 avec celui de Monsieur le G\u00e9n\u00e9ral, de mes enfants, de ma famille et de mes sujets.\u00bb<\/p>\n<p>Voil\u00e0 quels \u00e9taient les sentiments de cette vertueuse Dame, laquelle, voulant employer les moyens les plus efficaces pour parvenir \u00e0 ce qu&rsquo;elle pr\u00e9tendait, pria beaucoup Dieu et le fit prier \u00e0 cette m\u00eame fin par toutes les bonnes \u00e2mes qu&rsquo;elle connaissait. Elle recommandait aussi cette affaire aux pri\u00e8res des principales communaut\u00e9s religieuses de Paris. Elle alla trouver plusieurs fois tout \u00e9plor\u00e9e le R\u00e9v\u00e9rend P\u00e8re de B\u00e9rulle; elle lui ouvrit son c\u0153ur, et lui d\u00e9clara la grande peine et affliction o\u00f9 elle se trouvait; ses larmes et ses raisons pressantes firent assez conna\u00eetre \u00e0 ce grand serviteur de Dieu le besoin qu&rsquo;elle avait de la pr\u00e9sence et du conseil de M. Vincent; de sorte que, r\u00e9pondant a la demande qu&rsquo;elle lui avait faite, il lui dit qu&rsquo;elle pouvait en s\u00fbret\u00e9 de conscience faire tout son possible pour obliger Monsieur Vincent de revenir en sa maison; car il voyait qu&rsquo;au milieu de ses plus fortes angoisses, elle conservait toujours dans son c\u0153ur une r\u00e9signation absolue au bon plaisir de Dieu, ne voulant pour quoi que ce f\u00fbt aller en aucune fa\u00e7on contre ses ordres; et pour la consoler davantage, il lui fit esp\u00e9rer de s&#8217;employer lui-m\u00eame envers M. Vincent, pour lui persuader de revenir: ce qui soulagea beaucoup son esprit et lui fit dire ensuite que Monsieur de B\u00e9rulle \u00e9tait l&rsquo;homme du monde le plus consolant. Elle ne pouvait pourtant \u00f4ter de son esprit la crainte de perdre M. Vincent; car, disait-elle, il n&rsquo;est pas homme \u00e0 avoir fait le coup \u00e0 demi, il a pr\u00e9vu tout ce que je pourrais dire ou faire, et s&rsquo;est r\u00e9solu avant que de partir. Cela n\u00e9anmoins n&#8217;emp\u00eacha pas qu&rsquo;elle n&#8217;employ\u00e2t tous les moyens dont elle put s&rsquo;aviser pour convier et obliger M. Vincent \u00e0 revenir: elle lui \u00e9crivit sur ce sujet plusieurs lettres qu&rsquo;elle faisait voir au R. P. de B\u00e9rulle; elle lui envoya celle de M. le G\u00e9n\u00e9ral et le pria de bien peser le grand d\u00e9sir qu&rsquo;il t\u00e9moignait avoir de son retour, en telle condition qu&rsquo;il lui plairait; et se plaignant a lui en l&rsquo;une de ses lettres, elle dit ces paroles, qui font encore particuli\u00e8rement conna\u00eetre les dispositions de son esprit \u00e0 son \u00e9gard.<\/p>\n<p>\u00abJe n&rsquo;avais pas tort, lui dit-elle, de craindre de perdre votre assistance comme je vous ai t\u00e9moign\u00e9 tant de fois, puisqu&rsquo;en effet je l&rsquo;ai perdue: l&rsquo;angoisse ou j&rsquo;en suis m&rsquo;est insupportable sans une gr\u00e2ce de Dieu tout extraordinaire que je ne m\u00e9rite pas. Si ce n&rsquo;\u00e9tait que pour un temps, je n&rsquo;aurais pas tant de peine; mais quand je regarde toutes les occasions o\u00f9 j&rsquo;aurai besoin d&rsquo;\u00eatre assist\u00e9e, par direction et par conseil, soit en la mort, soit en la vie, mes douleurs se renouvellent. Jugez donc si mon esprit et mon corps peuvent longtemps porter ces peines. Je suis en \u00e9tat de ne rechercher ni recevoir assistance d&rsquo;ailleurs, parce que vous savez bien que je n&rsquo;ai pas la libert\u00e9 pour les besoins de mon \u00e2me avec beaucoup de gens. Monsieur de B\u00e9rulle m&rsquo;a promis de vous \u00e9crire, et j&rsquo;invoque Dieu et la sainte Vierge de vous redonner \u00e0 notre maison, pour le salut de toute notre famille et de beaucoup d&rsquo;autres, vers qui vous pourrez exercer votre charit\u00e9. Je vous supplie encore une fois, pratiquez-la envers nous, pour l&rsquo;amour que vous portez \u00e0 Notre-Seigneur, \u00e0 la bont\u00e9 duquel je me remets en cette occasion, bien qu&rsquo;avec grande crainte de ne pouvoir pas pers\u00e9v\u00e9rer. Si apr\u00e8s cela vous me refusez, je vous chargerai devant Dieu de tout ce qui m&rsquo;arrivera, et de tout le bien que je manquerai \u00e0 faire, faute d&rsquo;\u00eatre aid\u00e9e: Vous me mettrez en hasard d&rsquo;\u00eatre en des lieux bien souvent priv\u00e9e des sacrements, pour les grandes peines qui m&rsquo;y arrivent, et le peu de gens qui sont capables de m&rsquo;y assister. Vous voyez que Monsieur le g\u00e9n\u00e9ral a le m\u00eame d\u00e9sir que moi, que Dieu seul lui donne par sa mis\u00e9ricorde. Ne r\u00e9sistez pas au bien que vous pourrez faire aidant \u00e0 son salut, puisqu&rsquo;il est pour aider un jour \u00e0 celui le beaucoup d&rsquo;autres. Je sais que ma vie ne servant qu&rsquo;\u00e0 offenser Dieu, il n&rsquo;est pas dangereux de la mettre en hasard; mais mon \u00e2me doit \u00eatre assist\u00e9e \u00e0 la mort. Souvenez-vous de l&rsquo;appr\u00e9hension o\u00f9 vous m&rsquo;avez vue en ma derni\u00e8re maladie en un village; je suis pour arriver en un pire \u00e9tat: et la seule peur de cela me ferait tant de mal, que je ne sais si sans grande disposition pr\u00e9c\u00e9dente elle ne me ferait pas mourir.\u00bb<\/p>\n<p>Avant de passer outre en ce r\u00e9cit, il faut faire un peu de r\u00e9flexion sur la conduite admirable de Dieu envers les \u00e2mes qu&rsquo;il veut \u00e9lever \u00e0 quelque excellent degr\u00e9 de vertu, en ce qu&rsquo;il dispose tellement les diverses rencontres et accidents de leur vie, que tout contribue \u00e0 leur avancement dans le chemin de la perfection: et ce qui fait para\u00eetre davantage la sagesse et la puissance de Dieu est que souvent il se sert des moyens qui semblent enti\u00e8rement oppos\u00e9s \u00e0 l&rsquo;effet qu&rsquo;il en veut faire r\u00e9ussir. C&rsquo;\u00e9tait Dieu, sans doute, qui avait donn\u00e9 M. Vincent \u00e0 Madame la G\u00e9n\u00e9rale, pour lui servir d&rsquo;un fid\u00e8le guide dans le p\u00e8lerinage de cette vie: le grand progr\u00e8s qu&rsquo;elle faisait dans le chemin de la vertu, et cette ardente charit\u00e9 qui allait tous les jours s&rsquo;allumant de plus en plus dans son c\u0153ur et produisant au dehors de si merveilleux effets, \u00e9taient une marque bien certaine de la b\u00e9n\u00e9diction que Dieu donnait \u00e0 la conduite de son sage directeur, lequel, de son c\u00f4t\u00e9, trouvait tous les jours de nouvelles occasions de signaler son z\u00e8le et d&rsquo;accro\u00eetre le royaume de J\u00e9sus-Christ. Cependant, Dieu qui avait associ\u00e9 ces deux grandes \u00e2mes pour lui rendre de si grands services, et se sanctifier de plus en plus dans leurs exercices de pi\u00e9t\u00e9 et de charit\u00e9, est celui-l\u00e0 m\u00eame qui les s\u00e9pare et les \u00e9loigne l&rsquo;une de l&rsquo;autre, et qui se sert n\u00e9anmoins de cette s\u00e9paration, qui semblait si contraire \u00e0 la continuation de tous les biens qu&rsquo;ils avaient commenc\u00e9s, et m\u00eame si pr\u00e9judiciable \u00e0 cette vertueuse Dame; il s&rsquo;en sert, dis-je, pour les disposer \u00e0 recevoir de plus grandes gr\u00e2ces, et \u00e0 pratiquer de plus excellentes vertus, et pour les rendre plus dignes instruments de sa toute-puissante mis\u00e9ricorde, afin de coop\u00e9rer d&rsquo;une mani\u00e8re plus fructueuse et plus remplie de b\u00e9n\u00e9dictions, au salut d&rsquo;un tr\u00e8s grand nombre d&rsquo;\u00e2mes, comme il se verra en la suite de ce livre.<\/p>\n<p>Dieu voulait que sa fid\u00e8le servante f\u00eet en cette rencontre plusieurs actes d&rsquo;une h\u00e9ro\u00efque r\u00e9signation qu&rsquo;elle lui offr\u00eet en sacrifice son Isaac, son appui, son conseil, sa consolation, enfin le secours qui lui semblait le plus n\u00e9cessaire, non seulement pour sa perfection, mais aussi pour son salut; et r\u00e9ciproquement il voulait que M. Vincent e\u00fbt occasion de faire plusieurs actes h\u00e9ro\u00efques, d&rsquo;un parfait d\u00e9tachement des personnes m\u00eames qui devaient lui \u00eatre les plus ch\u00e8res selon Dieu, et auxquelles Dieu m\u00eame l&rsquo;avait engage, et comme attach\u00e9 avec des liens d&rsquo;une tr\u00e8s pure et sinc\u00e8re charit\u00e9. Il avait sans doute \u00e9t\u00e9 oblig\u00e9 de faire un grand effort sur lui-m\u00eame, lorsqu&rsquo;il prit r\u00e9solution de s&rsquo;en s\u00e9parer, et qu&rsquo;il ex\u00e9cuta cette r\u00e9solution sans leur en rien dire: mais il fut encore oblig\u00e9 d&rsquo;en faire une autre non moindre quand il eut re\u00e7u cette lettre pour ne se pas rendre aux raisons, aux remontrances, aux pri\u00e8res et aux instances tr\u00e8s pressantes qu&rsquo;elle contenait. La peine et la d\u00e9tresse ou voyait cette \u00e2me, qui lui \u00e9tait si ch\u00e8re selon Dieu, le grand besoin qu&rsquo;elle avait de son assistance, les termes qu&rsquo;elle employait pour le supplier de ne la lui pas refuser, le ressouvenir de tous les t\u00e9moignages d&rsquo;estime, de respect, de bienveillance qu&rsquo;il en avait re\u00e7us, eussent \u00e9t\u00e9 capables de surprendre un esprit moins \u00e9clair\u00e9 et d&rsquo;\u00e9branler un c\u0153ur moins uni \u00e0 Dieu que celui de Vincent de Paul. mais comme il s&rsquo;\u00e9tait donn\u00e9 parfaitement \u00e0 Notre-Seigneur, et qu&rsquo;il ne voulait agir que dans une totale d\u00e9pendance de sa volont\u00e9, ayant lu cette lettre, la premi\u00e8re chose qu&rsquo;il fit, ce fut d&rsquo;\u00e9lever son esprit \u00e0 Dieu, renouveler \u00e0 sa divine Majest\u00e9 les protestations d&rsquo;une fid\u00e9lit\u00e9 inviolable, lui faire un sacrifice de tous les sentiments et respects humains, demander sa lumi\u00e8re et sa gr\u00e2ce pour conna\u00eetre et pour suivre ce qui lui \u00e9tait le plus agr\u00e9able; et apr\u00e8s avoir tout consid\u00e9r\u00e9, en sa pr\u00e9sence, ne reconnaissant pas que Dieu demand\u00e2t de lui qu&rsquo;il change\u00e2t de r\u00e9solution, ni qu&rsquo;il retourn\u00e2t au lieu d&rsquo;o\u00f9 il \u00e9tait sorti, il \u00e9crivit une r\u00e9ponse \u00e0 Madame la g\u00e9n\u00e9rale, dans laquelle il lui repr\u00e9senta tout ce qu&rsquo;il jugea de plus propre pour soulager sa peine, et la porter de plus en plus \u00e0 se conformer aux ordres de la divine volont\u00e9.<\/p>\n<p>Mais comme on avait assur\u00e9 cette vertueuse Dame qu&rsquo;elle pouvait en bonne conscience employer tous les moyens qui lui seraient possibles pour le retour de M. Vincent, cette lettre n&#8217;emp\u00eacha pas qu&rsquo;elle ne f\u00eet jouer tous les ressorts dont elle put s&rsquo;aviser pour fl\u00e9chir son esprit. Elle obtint que plusieurs personnes de toutes sortes de conditions lui \u00e9crivissent, pour l&rsquo;obliger de revenir: il se trouve des lettres de Messieurs ses enfants, de M. le Cardinal de Retz, son beau-fr\u00e8re, pour lors \u00e9v\u00eaque de Paris, et d&rsquo;autres de ses plus proches parents, des principaux officiers de sa maison, de plusieurs docteurs et religieux, et d&rsquo;un grand nombre de personnes de condition et de pi\u00e9t\u00e9, qui priaient et pressaient M. Vincent de retourner: Le R. P. de B\u00e9rulle lui en \u00e9crivit aussi, comme il avait fait esp\u00e9rer \u00e0 Madame la G\u00e9n\u00e9rale; mais ce fut d&rsquo;un style digne de sa grande prudence et de son \u00e9minente pi\u00e9t\u00e9: car il se contenta de lui exposer la peine extr\u00eame o\u00f9 se trouvait cette vertueuse Dame, et du mal dont elle \u00e9tait menac\u00e9e, et le grand d\u00e9sir que M. le g\u00e9n\u00e9ral avait de son retour, sans lui rien dire davantage de ce qu&rsquo;il avait \u00e0 faire sur ce sujet; laissant \u00e0 sa discr\u00e9tion et \u00e0 sa charit\u00e9 de consid\u00e9rer si la volont\u00e9 de Dieu lui \u00e9tait suffisamment manifest\u00e9e, et de prendre la r\u00e9solution qu&rsquo;il jugerait lui \u00eatre la plus conforme: tant il l&rsquo;estimait capable de discerner lui-m\u00eame les desseins de Dieu sur sa propre personne, et de les suivre sans autre conseil ni persuasion.<\/p>\n<p>Enfin, comme toutes ces semonces si pressantes n&rsquo;\u00e9branlaient point encore l&rsquo;esprit de M. Vincent, on lui envoya expr\u00e8s, au mois d&rsquo;octobre de la m\u00eame ann\u00e9e 1617, l&rsquo;un de ses plus intimes amis; ce fut M. Du Fresnel, secr\u00e9taire de M. le G\u00e9n\u00e9ral, qui le vint trouver \u00e0 Ch\u00e2tillon, et employa de si fortes raisons, qu&rsquo;enfin il le mit en doute si Dieu se voulait servir plus longtemps de lui en ce pays-l\u00e0. Et lui ayant repr\u00e9sent\u00e9 qu&rsquo;il ne devait pas de lui-m\u00eame se d\u00e9terminer et r\u00e9soudre en une affaire de cette importance, mais que pour mieux conna\u00eetre ce que Dieu voulait qu&rsquo;il f\u00eet, il fallait qu&rsquo;\u00e0 l&rsquo;imitation du grand ap\u00f4tre saint Paul, il all\u00e2t vers Ananias, c&rsquo;est-\u00e0-dire qu&rsquo;il pr\u00eet conseil de quelque personne sage et vertueuse; pour cet effet, il lui persuada de venir avec lui jusqu&rsquo;\u00e0 Lyon, o\u00f9 \u00e9tant il s&rsquo;adressa au R\u00e9v\u00e9rend P\u00e8re Bence, sup\u00e9rieur de l&rsquo;Oratoire, lequel, tout bien consid\u00e9r\u00e9, lui conseilla de retourner \u00e0 Paris, et lui dit qu&rsquo;en ce lieu-l\u00e0 il pourrait, avec les bons avis de ceux qui le connaissaient depuis longtemps, discerner avec plus de lumi\u00e8re et d&rsquo;assurance quelle \u00e9tait la volont\u00e9 de Dieu.<\/p>\n<p>Ayant donc re\u00e7u ce conseil, il en \u00e9crivit \u00e0 M. le G\u00e9n\u00e9ral, qui \u00e9tait \u00e0 Marseille, et lui manda qu&rsquo;il esp\u00e9rait dans deux mois faire un voyage \u00e0 Paris, o\u00f9 l&rsquo;on verrait ce que Dieu ordonnerait de lui; il \u00e9crivit aussi la m\u00eame chose \u00e0 Paris par la voie de M. Du Fresne, sans s&rsquo;engager \u00e0 aucune chose; et quelque temps apr\u00e8s, \u00e9tant \u00e0 Ch\u00e2tillon, il re\u00e7ut de M. le g\u00e9n\u00e9ral la r\u00e9ponse suivante, du 15 octobre de la m\u00eame ann\u00e9e:<\/p>\n<p>\u00abJ&rsquo;ai re\u00e7u depuis deux jours celle que vous m&rsquo;avez \u00e9crite de Lyon, o\u00f9 je vois la r\u00e9solution que vous avez prise de faire un petit voyage \u00e0 Paris sur la fin de novembre, dont je me r\u00e9jouis extr\u00eamement, esp\u00e9rant de vous y voir en ce temps-l\u00e0, et que vous accorderez \u00e0 mes pri\u00e8res et aux conseils de tous vos bons amis le bien que je d\u00e9sire de vous. Je ne vous en dirai pas davantage, puisque vous avez vu la lettre que j&rsquo;\u00e9cris \u00e0 ma femme; je vous prie seulement de consid\u00e9rer qu&rsquo;il semble que Dieu veut que par votre moyen le p\u00e8re et les enfants soient gens de bien, etc.\u00bb<\/p>\n<p>M. Vincent partit de Ch\u00e2tillon, laissant \u00e0 ceux qu&rsquo;il quittait un tr\u00e8s grand regret de se voir si t\u00f4t priv\u00e9s de toutes les assistances qu&rsquo;ils recevaient de sa charit\u00e9. Il arriva \u00e0 Paris le 23 d\u00e9cembre, o\u00f9, apr\u00e8s avoir conf\u00e9r\u00e9 avec le R. P. de B\u00e9rulle et quelques autres personnes fort \u00e9clair\u00e9es; Enfin par leur avis il rentra chez M. le G\u00e9n\u00e9ral des gal\u00e8res, la veille de No\u00ebl, au grand contentement de toute la famille, et particuli\u00e8rement de Madame qui le re\u00e7ut comme un ange du Ciel, que Dieu lui renvoyait pour la conduire dans les voies assur\u00e9es de son salut et de sa perfection. Et afin qu&rsquo;elle ne f\u00fbt plus inqui\u00e9t\u00e9e par la crainte qu&rsquo;il ne la quitt\u00e2t une seconde fois, elle lui fit promettre qu&rsquo;il l&rsquo;assisterait jusqu&rsquo;\u00e0 la mort, comme il a fait, Dieu l&rsquo;ayant ainsi voulu, pour donner commencement \u00e0 la Congr\u00e9gation de la Mission par le moyen de cette sainte Dame, comme il sera dit dans la suite de ce livre.<\/p>\n","protected":false},"excerpt":{"rendered":"<p>Monsieur Vincent se retire secr\u00e8tement de la maison de Gondy, et y retourne quelque temps apr\u00e8s. Les succ\u00e8s pleins de b\u00e9n\u00e9diction que Dieu donnait \u00e0 ces emplois charitables de M. Vincent augmentaient de plus en &#8230; <a href=\"http:\/\/vincentians.com\/fr\/la-vie-du-venerable-serviteur-de-dieu-vincent-de-paul-livre-premier-chapitre-ix\/\" class=\"more-link\">Read More<\/a><\/p>\n","protected":false},"author":4,"featured_media":149583,"comment_status":"open","ping_status":"open","sticky":false,"template":"","format":"standard","meta":{"jetpack_post_was_ever_published":false,"_jetpack_newsletter_access":"","_jetpack_dont_email_post_to_subs":false,"_jetpack_newsletter_tier_id":0,"_jetpack_memberships_contains_paywalled_content":false,"_jetpack_memberships_contains_paid_content":false,"footnotes":"","jetpack_publicize_message":"","jetpack_publicize_feature_enabled":true,"jetpack_social_post_already_shared":true,"jetpack_social_options":{"image_generator_settings":{"template":"highway","default_image_id":0,"font":"","enabled":false},"version":2}},"categories":[5],"tags":[],"class_list":["post-104734","post","type-post","status-publish","format-standard","has-post-thumbnail","hentry","category-vincent-de-paul"],"yoast_head":"<!-- This site is optimized with the Yoast SEO plugin v26.3 - https:\/\/yoast.com\/wordpress\/plugins\/seo\/ -->\n<title>La vie du v\u00e9n\u00e9rable serviteur de Dieu Vincent de Paul, Livre premier, Chapitre IX - Nous Sommes Vincentiens<\/title>\n<meta name=\"robots\" content=\"index, follow, max-snippet:-1, max-image-preview:large, max-video-preview:-1\" \/>\n<link rel=\"canonical\" href=\"https:\/\/vincentians.com\/fr\/la-vie-du-venerable-serviteur-de-dieu-vincent-de-paul-livre-premier-chapitre-ix\/\" \/>\n<meta property=\"og:locale\" content=\"fr_FR\" \/>\n<meta property=\"og:type\" content=\"article\" \/>\n<meta property=\"og:title\" content=\"La vie du v\u00e9n\u00e9rable serviteur de Dieu Vincent de Paul, Livre premier, Chapitre IX - Nous Sommes Vincentiens\" \/>\n<meta property=\"og:description\" content=\"Monsieur Vincent se retire secr\u00e8tement de la maison de Gondy, et y retourne quelque temps apr\u00e8s. Les succ\u00e8s pleins de b\u00e9n\u00e9diction que Dieu donnait \u00e0 ces emplois charitables de M. Vincent augmentaient de plus en ... Read More\" \/>\n<meta property=\"og:url\" content=\"https:\/\/vincentians.com\/fr\/la-vie-du-venerable-serviteur-de-dieu-vincent-de-paul-livre-premier-chapitre-ix\/\" \/>\n<meta property=\"og:site_name\" content=\"Nous Sommes Vincentiens\" \/>\n<meta property=\"article:publisher\" content=\"https:\/\/www.facebook.com\/WeAreVincentians\/\" \/>\n<meta property=\"article:author\" content=\"https:\/\/www.facebook.com\/JavierChento\" \/>\n<meta property=\"article:published_time\" content=\"2012-11-30T03:10:03+00:00\" \/>\n<meta property=\"og:image\" content=\"https:\/\/i0.wp.com\/vincentians.com\/fr\/wp-content\/uploads\/sites\/10\/2016\/07\/abelly-feat.jpg?fit=1200%2C630&ssl=1\" \/>\n\t<meta property=\"og:image:width\" content=\"1200\" \/>\n\t<meta property=\"og:image:height\" content=\"630\" \/>\n\t<meta property=\"og:image:type\" content=\"image\/jpeg\" \/>\n<meta name=\"author\" content=\"Francisco Javier Fern\u00e1ndez Chento\" \/>\n<meta name=\"twitter:card\" content=\"summary_large_image\" \/>\n<meta name=\"twitter:creator\" content=\"@https:\/\/twitter.com\/javierchento\" \/>\n<meta name=\"twitter:site\" content=\"@WeVincentians\" \/>\n<meta name=\"twitter:label1\" content=\"\u00c9crit par\" \/>\n\t<meta name=\"twitter:data1\" content=\"Francisco Javier Fern\u00e1ndez Chento\" \/>\n\t<meta name=\"twitter:label2\" content=\"Dur\u00e9e de lecture estim\u00e9e\" \/>\n\t<meta name=\"twitter:data2\" content=\"23 minutes\" \/>\n<script type=\"application\/ld+json\" class=\"yoast-schema-graph\">{\"@context\":\"https:\/\/schema.org\",\"@graph\":[{\"@type\":\"WebPage\",\"@id\":\"https:\/\/vincentians.com\/fr\/la-vie-du-venerable-serviteur-de-dieu-vincent-de-paul-livre-premier-chapitre-ix\/\",\"url\":\"https:\/\/vincentians.com\/fr\/la-vie-du-venerable-serviteur-de-dieu-vincent-de-paul-livre-premier-chapitre-ix\/\",\"name\":\"La vie du v\u00e9n\u00e9rable serviteur de Dieu Vincent de Paul, Livre premier, Chapitre IX - Nous Sommes Vincentiens\",\"isPartOf\":{\"@id\":\"http:\/\/vincentians.com\/fr\/#website\"},\"primaryImageOfPage\":{\"@id\":\"https:\/\/vincentians.com\/fr\/la-vie-du-venerable-serviteur-de-dieu-vincent-de-paul-livre-premier-chapitre-ix\/#primaryimage\"},\"image\":{\"@id\":\"https:\/\/vincentians.com\/fr\/la-vie-du-venerable-serviteur-de-dieu-vincent-de-paul-livre-premier-chapitre-ix\/#primaryimage\"},\"thumbnailUrl\":\"https:\/\/i0.wp.com\/vincentians.com\/fr\/wp-content\/uploads\/sites\/10\/2016\/07\/abelly-feat.jpg?fit=1200%2C630\",\"datePublished\":\"2012-11-30T03:10:03+00:00\",\"author\":{\"@id\":\"http:\/\/vincentians.com\/fr\/#\/schema\/person\/9623ef4d9aa3b2dfb8c061f1499288f2\"},\"breadcrumb\":{\"@id\":\"https:\/\/vincentians.com\/fr\/la-vie-du-venerable-serviteur-de-dieu-vincent-de-paul-livre-premier-chapitre-ix\/#breadcrumb\"},\"inLanguage\":\"fr-FR\",\"potentialAction\":[{\"@type\":\"ReadAction\",\"target\":[\"https:\/\/vincentians.com\/fr\/la-vie-du-venerable-serviteur-de-dieu-vincent-de-paul-livre-premier-chapitre-ix\/\"]}]},{\"@type\":\"ImageObject\",\"inLanguage\":\"fr-FR\",\"@id\":\"https:\/\/vincentians.com\/fr\/la-vie-du-venerable-serviteur-de-dieu-vincent-de-paul-livre-premier-chapitre-ix\/#primaryimage\",\"url\":\"https:\/\/i0.wp.com\/vincentians.com\/fr\/wp-content\/uploads\/sites\/10\/2016\/07\/abelly-feat.jpg?fit=1200%2C630\",\"contentUrl\":\"https:\/\/i0.wp.com\/vincentians.com\/fr\/wp-content\/uploads\/sites\/10\/2016\/07\/abelly-feat.jpg?fit=1200%2C630\",\"width\":1200,\"height\":630},{\"@type\":\"BreadcrumbList\",\"@id\":\"https:\/\/vincentians.com\/fr\/la-vie-du-venerable-serviteur-de-dieu-vincent-de-paul-livre-premier-chapitre-ix\/#breadcrumb\",\"itemListElement\":[{\"@type\":\"ListItem\",\"position\":1,\"name\":\"Portada\",\"item\":\"http:\/\/vincentians.com\/fr\/\"},{\"@type\":\"ListItem\",\"position\":2,\"name\":\"La vie du v\u00e9n\u00e9rable serviteur de Dieu Vincent de Paul, Livre premier, Chapitre IX\"}]},{\"@type\":\"WebSite\",\"@id\":\"http:\/\/vincentians.com\/fr\/#website\",\"url\":\"http:\/\/vincentians.com\/fr\/\",\"name\":\"Nous Sommes Vincentiens\",\"description\":\"Know more to serve more\",\"potentialAction\":[{\"@type\":\"SearchAction\",\"target\":{\"@type\":\"EntryPoint\",\"urlTemplate\":\"http:\/\/vincentians.com\/fr\/?s={search_term_string}\"},\"query-input\":{\"@type\":\"PropertyValueSpecification\",\"valueRequired\":true,\"valueName\":\"search_term_string\"}}],\"inLanguage\":\"fr-FR\"},{\"@type\":\"Person\",\"@id\":\"http:\/\/vincentians.com\/fr\/#\/schema\/person\/9623ef4d9aa3b2dfb8c061f1499288f2\",\"name\":\"Francisco Javier Fern\u00e1ndez Chento\",\"image\":{\"@type\":\"ImageObject\",\"inLanguage\":\"fr-FR\",\"@id\":\"http:\/\/vincentians.com\/fr\/#\/schema\/person\/image\/\",\"url\":\"https:\/\/secure.gravatar.com\/avatar\/497d5cde87b4c3d097d0315953521681ba2cd523ee66e5077c3711f7021e65de?s=96&d=mm&r=g\",\"contentUrl\":\"https:\/\/secure.gravatar.com\/avatar\/497d5cde87b4c3d097d0315953521681ba2cd523ee66e5077c3711f7021e65de?s=96&d=mm&r=g\",\"caption\":\"Francisco Javier Fern\u00e1ndez Chento\"},\"description\":\"Director General y cofundador de La Red de Formaci\u00f3n Vicenciana. Javier es laico vicenciano, afiliado a la Congregaci\u00f3n de la Misi\u00f3n y miembro del Equipo de Misiones Populares de la provincia can\u00f3nica de Zaragoza (Espa\u00f1a) de la Congregaci\u00f3n de la Misi\u00f3n. Graduado en la Universidad Oberta de Catalunya con cuatro grados (Asistente de direcci\u00f3n, Gesti\u00f3n Administrativa, Recursos Humanos y Contabilidad Avanzada). Bil\u00edng\u00fce Espa\u00f1ol\/Ingl\u00e9s. gestiona y mantiene varias p\u00e1ginas web cristianas y vicencianas, incluida including La Red de Formaci\u00f3n Vicenciana, de la que es cofundador. Actualmente es responsable del \u00e1rea de Espa\u00f1ol de .famvin, la Red de Noticias de la Familia Vicenciana. Tambi\u00e9n es m\u00fasico cat\u00f3lico y ha editado varios discos. Es Director General y cofundador de Trovador, una reconocida compa\u00f1\u00eda discogr\u00e1fica critiana de Espa\u00f1a. Trabaja en las Tecnolog\u00edas de la Informaci\u00f3n, ofreciendo servicios de alojamiento, dise\u00f1o y mantenimiento Web, as\u00ed como asesoramiento, formaci\u00f3n y soluciones inform\u00e1ticas, gesti\u00f3n documental y digitalizaci\u00f3n de textos, edici\u00f3n y maquetaci\u00f3n de libros, revistas, flyers, etc.\",\"sameAs\":[\"http:\/\/chento.org\",\"https:\/\/www.facebook.com\/JavierChento\",\"https:\/\/x.com\/https:\/\/twitter.com\/javierchento\"],\"url\":\"http:\/\/vincentians.com\/fr\/author\/chento\/\"}]}<\/script>\n<!-- \/ Yoast SEO plugin. -->","yoast_head_json":{"title":"La vie du v\u00e9n\u00e9rable serviteur de Dieu Vincent de Paul, Livre premier, Chapitre IX - Nous Sommes Vincentiens","robots":{"index":"index","follow":"follow","max-snippet":"max-snippet:-1","max-image-preview":"max-image-preview:large","max-video-preview":"max-video-preview:-1"},"canonical":"https:\/\/vincentians.com\/fr\/la-vie-du-venerable-serviteur-de-dieu-vincent-de-paul-livre-premier-chapitre-ix\/","og_locale":"fr_FR","og_type":"article","og_title":"La vie du v\u00e9n\u00e9rable serviteur de Dieu Vincent de Paul, Livre premier, Chapitre IX - Nous Sommes Vincentiens","og_description":"Monsieur Vincent se retire secr\u00e8tement de la maison de Gondy, et y retourne quelque temps apr\u00e8s. Les succ\u00e8s pleins de b\u00e9n\u00e9diction que Dieu donnait \u00e0 ces emplois charitables de M. Vincent augmentaient de plus en ... Read More","og_url":"https:\/\/vincentians.com\/fr\/la-vie-du-venerable-serviteur-de-dieu-vincent-de-paul-livre-premier-chapitre-ix\/","og_site_name":"Nous Sommes Vincentiens","article_publisher":"https:\/\/www.facebook.com\/WeAreVincentians\/","article_author":"https:\/\/www.facebook.com\/JavierChento","article_published_time":"2012-11-30T03:10:03+00:00","og_image":[{"width":1200,"height":630,"url":"https:\/\/i0.wp.com\/vincentians.com\/fr\/wp-content\/uploads\/sites\/10\/2016\/07\/abelly-feat.jpg?fit=1200%2C630&ssl=1","type":"image\/jpeg"}],"author":"Francisco Javier Fern\u00e1ndez Chento","twitter_card":"summary_large_image","twitter_creator":"@https:\/\/twitter.com\/javierchento","twitter_site":"@WeVincentians","twitter_misc":{"\u00c9crit par":"Francisco Javier Fern\u00e1ndez Chento","Dur\u00e9e de lecture estim\u00e9e":"23 minutes"},"schema":{"@context":"https:\/\/schema.org","@graph":[{"@type":"WebPage","@id":"https:\/\/vincentians.com\/fr\/la-vie-du-venerable-serviteur-de-dieu-vincent-de-paul-livre-premier-chapitre-ix\/","url":"https:\/\/vincentians.com\/fr\/la-vie-du-venerable-serviteur-de-dieu-vincent-de-paul-livre-premier-chapitre-ix\/","name":"La vie du v\u00e9n\u00e9rable serviteur de Dieu Vincent de Paul, Livre premier, Chapitre IX - Nous Sommes Vincentiens","isPartOf":{"@id":"http:\/\/vincentians.com\/fr\/#website"},"primaryImageOfPage":{"@id":"https:\/\/vincentians.com\/fr\/la-vie-du-venerable-serviteur-de-dieu-vincent-de-paul-livre-premier-chapitre-ix\/#primaryimage"},"image":{"@id":"https:\/\/vincentians.com\/fr\/la-vie-du-venerable-serviteur-de-dieu-vincent-de-paul-livre-premier-chapitre-ix\/#primaryimage"},"thumbnailUrl":"https:\/\/i0.wp.com\/vincentians.com\/fr\/wp-content\/uploads\/sites\/10\/2016\/07\/abelly-feat.jpg?fit=1200%2C630","datePublished":"2012-11-30T03:10:03+00:00","author":{"@id":"http:\/\/vincentians.com\/fr\/#\/schema\/person\/9623ef4d9aa3b2dfb8c061f1499288f2"},"breadcrumb":{"@id":"https:\/\/vincentians.com\/fr\/la-vie-du-venerable-serviteur-de-dieu-vincent-de-paul-livre-premier-chapitre-ix\/#breadcrumb"},"inLanguage":"fr-FR","potentialAction":[{"@type":"ReadAction","target":["https:\/\/vincentians.com\/fr\/la-vie-du-venerable-serviteur-de-dieu-vincent-de-paul-livre-premier-chapitre-ix\/"]}]},{"@type":"ImageObject","inLanguage":"fr-FR","@id":"https:\/\/vincentians.com\/fr\/la-vie-du-venerable-serviteur-de-dieu-vincent-de-paul-livre-premier-chapitre-ix\/#primaryimage","url":"https:\/\/i0.wp.com\/vincentians.com\/fr\/wp-content\/uploads\/sites\/10\/2016\/07\/abelly-feat.jpg?fit=1200%2C630","contentUrl":"https:\/\/i0.wp.com\/vincentians.com\/fr\/wp-content\/uploads\/sites\/10\/2016\/07\/abelly-feat.jpg?fit=1200%2C630","width":1200,"height":630},{"@type":"BreadcrumbList","@id":"https:\/\/vincentians.com\/fr\/la-vie-du-venerable-serviteur-de-dieu-vincent-de-paul-livre-premier-chapitre-ix\/#breadcrumb","itemListElement":[{"@type":"ListItem","position":1,"name":"Portada","item":"http:\/\/vincentians.com\/fr\/"},{"@type":"ListItem","position":2,"name":"La vie du v\u00e9n\u00e9rable serviteur de Dieu Vincent de Paul, Livre premier, Chapitre IX"}]},{"@type":"WebSite","@id":"http:\/\/vincentians.com\/fr\/#website","url":"http:\/\/vincentians.com\/fr\/","name":"Nous Sommes Vincentiens","description":"Know more to serve more","potentialAction":[{"@type":"SearchAction","target":{"@type":"EntryPoint","urlTemplate":"http:\/\/vincentians.com\/fr\/?s={search_term_string}"},"query-input":{"@type":"PropertyValueSpecification","valueRequired":true,"valueName":"search_term_string"}}],"inLanguage":"fr-FR"},{"@type":"Person","@id":"http:\/\/vincentians.com\/fr\/#\/schema\/person\/9623ef4d9aa3b2dfb8c061f1499288f2","name":"Francisco Javier Fern\u00e1ndez Chento","image":{"@type":"ImageObject","inLanguage":"fr-FR","@id":"http:\/\/vincentians.com\/fr\/#\/schema\/person\/image\/","url":"https:\/\/secure.gravatar.com\/avatar\/497d5cde87b4c3d097d0315953521681ba2cd523ee66e5077c3711f7021e65de?s=96&d=mm&r=g","contentUrl":"https:\/\/secure.gravatar.com\/avatar\/497d5cde87b4c3d097d0315953521681ba2cd523ee66e5077c3711f7021e65de?s=96&d=mm&r=g","caption":"Francisco Javier Fern\u00e1ndez Chento"},"description":"Director General y cofundador de La Red de Formaci\u00f3n Vicenciana. Javier es laico vicenciano, afiliado a la Congregaci\u00f3n de la Misi\u00f3n y miembro del Equipo de Misiones Populares de la provincia can\u00f3nica de Zaragoza (Espa\u00f1a) de la Congregaci\u00f3n de la Misi\u00f3n. Graduado en la Universidad Oberta de Catalunya con cuatro grados (Asistente de direcci\u00f3n, Gesti\u00f3n Administrativa, Recursos Humanos y Contabilidad Avanzada). Bil\u00edng\u00fce Espa\u00f1ol\/Ingl\u00e9s. gestiona y mantiene varias p\u00e1ginas web cristianas y vicencianas, incluida including La Red de Formaci\u00f3n Vicenciana, de la que es cofundador. Actualmente es responsable del \u00e1rea de Espa\u00f1ol de .famvin, la Red de Noticias de la Familia Vicenciana. Tambi\u00e9n es m\u00fasico cat\u00f3lico y ha editado varios discos. Es Director General y cofundador de Trovador, una reconocida compa\u00f1\u00eda discogr\u00e1fica critiana de Espa\u00f1a. Trabaja en las Tecnolog\u00edas de la Informaci\u00f3n, ofreciendo servicios de alojamiento, dise\u00f1o y mantenimiento Web, as\u00ed como asesoramiento, formaci\u00f3n y soluciones inform\u00e1ticas, gesti\u00f3n documental y digitalizaci\u00f3n de textos, edici\u00f3n y maquetaci\u00f3n de libros, revistas, flyers, etc.","sameAs":["http:\/\/chento.org","https:\/\/www.facebook.com\/JavierChento","https:\/\/x.com\/https:\/\/twitter.com\/javierchento"],"url":"http:\/\/vincentians.com\/fr\/author\/chento\/"}]}},"jetpack_publicize_connections":[],"jetpack_featured_media_url":"https:\/\/i0.wp.com\/vincentians.com\/fr\/wp-content\/uploads\/sites\/10\/2016\/07\/abelly-feat.jpg?fit=1200%2C630","jetpack_sharing_enabled":true,"jetpack_shortlink":"https:\/\/wp.me\/p7ETMP-rfg","jetpack-related-posts":[{"id":52020,"url":"http:\/\/vincentians.com\/fr\/saint-vincent-de-paul-et-sa-mission-sociale-i-la-vocation-1\/","url_meta":{"origin":104734,"position":0},"title":"Saint Vincent De Paul Et Sa Mission Sociale. I &#8211; La vocation (1)","author":"Francisco Javier Fern\u00e1ndez Chento","date":"18\/12\/2014","format":false,"excerpt":"L\u2019HOMME ET L\u2019\u0152UVRE \u2014 Le seizi\u00e8me si\u00e8cle et le protestantisme en France. \u2014 Ravages caus\u00e9s par les guerres de religion. \u2014 Changements dans la soci\u00e9t\u00e9. \u2014 Accroissement de la mis\u00e8re. \u2014 L\u2019\u0153uvre nouvelle de la Charit\u00e9. \u2014 Saint Vincent de Paul. \u2014 Sa mission. \u2014 Naissance et premi\u00e8res ann\u00e9es. \u2014\u2026","rel":"","context":"Dans &quot;Vincent de Paul&quot;","block_context":{"text":"Vincent de Paul","link":"http:\/\/vincentians.com\/fr\/category\/the-vincentian-family\/founders\/vincent-de-paul\/"},"img":{"alt_text":"","src":"https:\/\/i0.wp.com\/vincentians.com\/fr\/wp-content\/uploads\/sites\/10\/2016\/07\/vincent-et-sa-action-sociale.jpg?fit=1160%2C630&resize=350%2C200","width":350,"height":200,"srcset":"https:\/\/i0.wp.com\/vincentians.com\/fr\/wp-content\/uploads\/sites\/10\/2016\/07\/vincent-et-sa-action-sociale.jpg?fit=1160%2C630&resize=350%2C200 1x, https:\/\/i0.wp.com\/vincentians.com\/fr\/wp-content\/uploads\/sites\/10\/2016\/07\/vincent-et-sa-action-sociale.jpg?fit=1160%2C630&resize=525%2C300 1.5x, https:\/\/i0.wp.com\/vincentians.com\/fr\/wp-content\/uploads\/sites\/10\/2016\/07\/vincent-et-sa-action-sociale.jpg?fit=1160%2C630&resize=700%2C400 2x, https:\/\/i0.wp.com\/vincentians.com\/fr\/wp-content\/uploads\/sites\/10\/2016\/07\/vincent-et-sa-action-sociale.jpg?fit=1160%2C630&resize=1050%2C600 3x"},"classes":[]},{"id":52061,"url":"http:\/\/vincentians.com\/fr\/saint-vincent-de-paul-et-sa-mission-sociale-iv-le-saint\/","url_meta":{"origin":104734,"position":1},"title":"Saint Vincent De Paul Et Sa Mission Sociale. IV &#8211; Le Saint","author":"Francisco Javier Fern\u00e1ndez Chento","date":"28\/12\/2014","format":false,"excerpt":"La charit\u00e9 ; ses sources, ses effets. \u2014 Foi, humilit\u00e9, douceur de Vincent de Paul. \u2014 Traits de ses vertus. \u2014 Les miracles. \u2014 La vision des deux globes. \u2014 La journ\u00e9e de Vincent ; occupations et aust\u00e9rit\u00e9s. \u2014 Les derniers temps de sa vie. \u2014 Mort et canonisation. \u2014\u2026","rel":"","context":"Dans &quot;Vincent de Paul&quot;","block_context":{"text":"Vincent de Paul","link":"http:\/\/vincentians.com\/fr\/category\/the-vincentian-family\/founders\/vincent-de-paul\/"},"img":{"alt_text":"","src":"https:\/\/i0.wp.com\/vincentians.com\/fr\/wp-content\/uploads\/sites\/10\/2016\/07\/vincent-et-sa-action-sociale.jpg?fit=1160%2C630&resize=350%2C200","width":350,"height":200,"srcset":"https:\/\/i0.wp.com\/vincentians.com\/fr\/wp-content\/uploads\/sites\/10\/2016\/07\/vincent-et-sa-action-sociale.jpg?fit=1160%2C630&resize=350%2C200 1x, https:\/\/i0.wp.com\/vincentians.com\/fr\/wp-content\/uploads\/sites\/10\/2016\/07\/vincent-et-sa-action-sociale.jpg?fit=1160%2C630&resize=525%2C300 1.5x, https:\/\/i0.wp.com\/vincentians.com\/fr\/wp-content\/uploads\/sites\/10\/2016\/07\/vincent-et-sa-action-sociale.jpg?fit=1160%2C630&resize=700%2C400 2x, https:\/\/i0.wp.com\/vincentians.com\/fr\/wp-content\/uploads\/sites\/10\/2016\/07\/vincent-et-sa-action-sociale.jpg?fit=1160%2C630&resize=1050%2C600 3x"},"classes":[]},{"id":52035,"url":"http:\/\/vincentians.com\/fr\/saint-vincent-de-paul-et-sa-mission-sociale-ii-les-oeuvres-2\/","url_meta":{"origin":104734,"position":2},"title":"Saint Vincent De Paul Et Sa Mission Sociale. II &#8211; Les \u0152uvres (2)","author":"Francisco Javier Fern\u00e1ndez Chento","date":"22\/12\/2014","format":false,"excerpt":"LA CONGR\u00c9GATION DE LA MISSION. \u2014 Fondation de la Mission. \u2014 Madame de Gondi. \u2014 Vincent de Paul est nomm\u00e9 sup\u00e9rieur du coll\u00e8ge des Bons-Enfants. \u2014 Les fondateurs d\u2019ordre. \u2014 But de la Congr\u00e9gation de la Mission. \u2014 L\u2019\u00e9vang\u00e9lisation des pauvres. \u2014 \u00c9tablissement \u00e0 Saint-Lazare. \u2014 Premiers travaux des missionnaires.\u2026","rel":"","context":"Dans &quot;Vincent de Paul&quot;","block_context":{"text":"Vincent de Paul","link":"http:\/\/vincentians.com\/fr\/category\/the-vincentian-family\/founders\/vincent-de-paul\/"},"img":{"alt_text":"","src":"https:\/\/i0.wp.com\/vincentians.com\/fr\/wp-content\/uploads\/sites\/10\/2016\/07\/vincent-et-sa-action-sociale.jpg?fit=1160%2C630&resize=350%2C200","width":350,"height":200,"srcset":"https:\/\/i0.wp.com\/vincentians.com\/fr\/wp-content\/uploads\/sites\/10\/2016\/07\/vincent-et-sa-action-sociale.jpg?fit=1160%2C630&resize=350%2C200 1x, https:\/\/i0.wp.com\/vincentians.com\/fr\/wp-content\/uploads\/sites\/10\/2016\/07\/vincent-et-sa-action-sociale.jpg?fit=1160%2C630&resize=525%2C300 1.5x, https:\/\/i0.wp.com\/vincentians.com\/fr\/wp-content\/uploads\/sites\/10\/2016\/07\/vincent-et-sa-action-sociale.jpg?fit=1160%2C630&resize=700%2C400 2x, https:\/\/i0.wp.com\/vincentians.com\/fr\/wp-content\/uploads\/sites\/10\/2016\/07\/vincent-et-sa-action-sociale.jpg?fit=1160%2C630&resize=1050%2C600 3x"},"classes":[]},{"id":52016,"url":"http:\/\/vincentians.com\/fr\/saint-vincent-de-paul-et-sa-mission-sociale-introduction\/","url_meta":{"origin":104734,"position":3},"title":"Saint Vincent De Paul Et Sa Mission Sociale. Introduction","author":"Francisco Javier Fern\u00e1ndez Chento","date":"17\/12\/2014","format":false,"excerpt":"Les antiennes que l\u2019on chante aux premi\u00e8res v\u00eapres de saint Vincent de Paul sont le portrait et l\u2019\u00e9loge le plus exact que l\u2019on puisse faire de ce h\u00e9ros de la charit\u00e9 : Les indigents et les pauvres cherchent de l\u2019eau et n\u2019en trouvent pas ; moi, dit le Seigneur, je\u2026","rel":"","context":"Dans &quot;Vincent de Paul&quot;","block_context":{"text":"Vincent de Paul","link":"http:\/\/vincentians.com\/fr\/category\/the-vincentian-family\/founders\/vincent-de-paul\/"},"img":{"alt_text":"","src":"https:\/\/i0.wp.com\/vincentians.com\/fr\/wp-content\/uploads\/sites\/10\/2016\/07\/vincent-et-sa-action-sociale.jpg?fit=1160%2C630&resize=350%2C200","width":350,"height":200,"srcset":"https:\/\/i0.wp.com\/vincentians.com\/fr\/wp-content\/uploads\/sites\/10\/2016\/07\/vincent-et-sa-action-sociale.jpg?fit=1160%2C630&resize=350%2C200 1x, https:\/\/i0.wp.com\/vincentians.com\/fr\/wp-content\/uploads\/sites\/10\/2016\/07\/vincent-et-sa-action-sociale.jpg?fit=1160%2C630&resize=525%2C300 1.5x, https:\/\/i0.wp.com\/vincentians.com\/fr\/wp-content\/uploads\/sites\/10\/2016\/07\/vincent-et-sa-action-sociale.jpg?fit=1160%2C630&resize=700%2C400 2x, https:\/\/i0.wp.com\/vincentians.com\/fr\/wp-content\/uploads\/sites\/10\/2016\/07\/vincent-et-sa-action-sociale.jpg?fit=1160%2C630&resize=1050%2C600 3x"},"classes":[]},{"id":52031,"url":"http:\/\/vincentians.com\/fr\/saint-vincent-de-paul-et-sa-mission-sociale-i-la-vocation-3\/","url_meta":{"origin":104734,"position":4},"title":"Saint Vincent De Paul Et Sa Mission Sociale. I &#8211; La vocation (3)","author":"Francisco Javier Fern\u00e1ndez Chento","date":"20\/12\/2014","format":false,"excerpt":"L\u2019APOSTOLAT DE LA CHARIT\u00c9. Les pr\u00e9mices du dix-septi\u00e8me si\u00e8cle. \u2014 Vincent de Paul et le P. de B\u00e9rulle. \u2014 Vincent est nomm\u00e9 cur\u00e9 de Clichy. \u2014 Ses premiers travaux. \u2014 Son entr\u00e9e dans la maison de Gondi. - Les pauvres gens des campagnes. \u2014 Premi\u00e8re mission \u00e0 Folleville. \u2014 Vincent\u2026","rel":"","context":"Dans &quot;Vincent de Paul&quot;","block_context":{"text":"Vincent de Paul","link":"http:\/\/vincentians.com\/fr\/category\/the-vincentian-family\/founders\/vincent-de-paul\/"},"img":{"alt_text":"","src":"https:\/\/i0.wp.com\/vincentians.com\/fr\/wp-content\/uploads\/sites\/10\/2016\/07\/vincent-et-sa-action-sociale.jpg?fit=1160%2C630&resize=350%2C200","width":350,"height":200,"srcset":"https:\/\/i0.wp.com\/vincentians.com\/fr\/wp-content\/uploads\/sites\/10\/2016\/07\/vincent-et-sa-action-sociale.jpg?fit=1160%2C630&resize=350%2C200 1x, https:\/\/i0.wp.com\/vincentians.com\/fr\/wp-content\/uploads\/sites\/10\/2016\/07\/vincent-et-sa-action-sociale.jpg?fit=1160%2C630&resize=525%2C300 1.5x, https:\/\/i0.wp.com\/vincentians.com\/fr\/wp-content\/uploads\/sites\/10\/2016\/07\/vincent-et-sa-action-sociale.jpg?fit=1160%2C630&resize=700%2C400 2x, https:\/\/i0.wp.com\/vincentians.com\/fr\/wp-content\/uploads\/sites\/10\/2016\/07\/vincent-et-sa-action-sociale.jpg?fit=1160%2C630&resize=1050%2C600 3x"},"classes":[]},{"id":52054,"url":"http:\/\/vincentians.com\/fr\/saint-vincent-de-paul-et-sa-mission-sociale-iii-laction-2\/","url_meta":{"origin":104734,"position":5},"title":"Saint Vincent De Paul Et Sa Mission Sociale. III &#8211; L\u2019action (2)","author":"Francisco Javier Fern\u00e1ndez Chento","date":"26\/12\/2014","format":false,"excerpt":"LA RENAISSANCE RELIGIEUSE. \u2014 Le compl\u00e9ment des missions. \u2014 \u00c9tat du clerg\u00e9 depuis le concile de Trente. \u2014 N\u00e9cessit\u00e9 d\u2019une r\u00e9forme. \u2014 Les exercices des ordinands. \u2014 Saint-Lazare. \u2014 La conf\u00e9rence du mardi. \u2014 Bossuet. \u2014 Les retraites spirituelles. \u2014 Le coll\u00e8ge des Bons-Enfants. \u2014 Vincent de Paul et Olier.\u2026","rel":"","context":"Dans &quot;Vincent de Paul&quot;","block_context":{"text":"Vincent de Paul","link":"http:\/\/vincentians.com\/fr\/category\/the-vincentian-family\/founders\/vincent-de-paul\/"},"img":{"alt_text":"","src":"https:\/\/i0.wp.com\/vincentians.com\/fr\/wp-content\/uploads\/sites\/10\/2016\/07\/vincent-et-sa-action-sociale.jpg?fit=1160%2C630&resize=350%2C200","width":350,"height":200,"srcset":"https:\/\/i0.wp.com\/vincentians.com\/fr\/wp-content\/uploads\/sites\/10\/2016\/07\/vincent-et-sa-action-sociale.jpg?fit=1160%2C630&resize=350%2C200 1x, https:\/\/i0.wp.com\/vincentians.com\/fr\/wp-content\/uploads\/sites\/10\/2016\/07\/vincent-et-sa-action-sociale.jpg?fit=1160%2C630&resize=525%2C300 1.5x, https:\/\/i0.wp.com\/vincentians.com\/fr\/wp-content\/uploads\/sites\/10\/2016\/07\/vincent-et-sa-action-sociale.jpg?fit=1160%2C630&resize=700%2C400 2x, https:\/\/i0.wp.com\/vincentians.com\/fr\/wp-content\/uploads\/sites\/10\/2016\/07\/vincent-et-sa-action-sociale.jpg?fit=1160%2C630&resize=1050%2C600 3x"},"classes":[]}],"_links":{"self":[{"href":"http:\/\/vincentians.com\/fr\/wp-json\/wp\/v2\/posts\/104734","targetHints":{"allow":["GET"]}}],"collection":[{"href":"http:\/\/vincentians.com\/fr\/wp-json\/wp\/v2\/posts"}],"about":[{"href":"http:\/\/vincentians.com\/fr\/wp-json\/wp\/v2\/types\/post"}],"author":[{"embeddable":true,"href":"http:\/\/vincentians.com\/fr\/wp-json\/wp\/v2\/users\/4"}],"replies":[{"embeddable":true,"href":"http:\/\/vincentians.com\/fr\/wp-json\/wp\/v2\/comments?post=104734"}],"version-history":[{"count":0,"href":"http:\/\/vincentians.com\/fr\/wp-json\/wp\/v2\/posts\/104734\/revisions"}],"wp:featuredmedia":[{"embeddable":true,"href":"http:\/\/vincentians.com\/fr\/wp-json\/wp\/v2\/media\/149583"}],"wp:attachment":[{"href":"http:\/\/vincentians.com\/fr\/wp-json\/wp\/v2\/media?parent=104734"}],"wp:term":[{"taxonomy":"category","embeddable":true,"href":"http:\/\/vincentians.com\/fr\/wp-json\/wp\/v2\/categories?post=104734"},{"taxonomy":"post_tag","embeddable":true,"href":"http:\/\/vincentians.com\/fr\/wp-json\/wp\/v2\/tags?post=104734"}],"curies":[{"name":"wp","href":"https:\/\/api.w.org\/{rel}","templated":true}]}}