{"id":104729,"date":"2012-11-26T07:09:59","date_gmt":"2012-11-26T06:09:59","guid":{"rendered":"http:\/\/vincentiens.org\/?p=104729"},"modified":"2012-11-26T07:09:59","modified_gmt":"2012-11-26T06:09:59","slug":"la-vie-du-venerable-serviteur-de-dieu-vincent-de-paul-livre-premier-chapitre-v","status":"publish","type":"post","link":"http:\/\/vincentians.com\/fr\/la-vie-du-venerable-serviteur-de-dieu-vincent-de-paul-livre-premier-chapitre-v\/","title":{"rendered":"La vie du v\u00e9n\u00e9rable serviteur de Dieu Vincent de Paul, Livre premier, Chapitre V"},"content":{"rendered":"<p><strong>Son retour de Rome en France et son premier s\u00e9jour \u00e0 Paris.<\/strong><\/p>\n<p>Monsieur Vincent, \u00e9tant arriv\u00e9 \u00e0 Rome, y demeura jusque vers la fin de l&rsquo;ann\u00e9e 1608, par l&rsquo;assistance qu&rsquo;il re\u00e7ut de M. le Vice-L\u00e9gat, qui lui donnait sa table et de quoi s&rsquo;entretenir. Il t\u00e9moigna lui-m\u00eame, dans une lettre qu&rsquo;il \u00e9crivit, trente ans apr\u00e8s, \u00e0 un pr\u00eatre de sa Compagnie qui \u00e9tait \u00e0 Rome, \u00abqu&rsquo;il fut si consol\u00e9 (ce sont ses propres termes) de se voir en cette ville ma\u00eetresse de la chr\u00e9tient\u00e9, o\u00f9 est le chef de l&rsquo;Eglise militante, o\u00f9 sont les corps de saint Pierre et de saint Paul, et de tant d&rsquo;autres martyrs, et de saints personnages qui ont autrefois vers\u00e9 leur sang et employ\u00e9 leur vie pour J\u00e9sus-Christ, qu&rsquo;il s&rsquo;estimait heureux de marcher sur la terre o\u00f9 tant de grands saints avaient marche; que cette consolation l&rsquo;avait attendri jusqu&rsquo;aux larmes\u00bb. Et n\u00e9anmoins, parmi ses sentiments de consolation spirituelle, l&rsquo;affection qu&rsquo;il avait toujours eue pour l&rsquo;\u00e9tude ne s&rsquo;\u00e9tant point diminu\u00e9e par les peines et les traverses qui lui \u00e9taient arriv\u00e9es, lorsqu&rsquo;il se vit un peu en repos dans cette grande ville, il employa tout le temps qu&rsquo;il avait libre pour rafra\u00eechir et renouveler en son esprit les id\u00e9es de ce qu&rsquo;il avait appris en l&rsquo;universit\u00e9 de Toloze. Pendant son s\u00e9jour \u00e0 Rome, M. le Vice-L\u00e9gat le fit conna\u00eetre au Cardinal d&rsquo;Ossat, lequel lui ayant diverses fois parl\u00e9 et voyant la trempe de son esprit, en fut tellement satisfait, et en con\u00e7ut un jugement si avantageux, qu&rsquo;ayant \u00e0 informer le Roi Henri IV, d&rsquo;une affaire tr\u00e8s importante, qui ne pouvait \u00eatre hasard\u00e9e par une lettre, d&rsquo;autant qu&rsquo;elle devait \u00eatre tr\u00e8s secr\u00e8te, et qu&rsquo;il fallait l&rsquo;exposer verbalement \u00e0 Sa Majest\u00e9, ce grand Cardinal ne trouva point de personne plus propre ni plus capable pour un tel emploi que M. Vincent, a la discr\u00e9tion et fid\u00e9lit\u00e9 duquel il confia ce secret, pour \u00eatre port\u00e9 avec assurance au Roi.<\/p>\n<p>Et c&rsquo;est en cette occasion que M. Vincent fit derechef conna\u00eetre la solidit\u00e9 de sa vertu et la droiture de son esprit, qui ne regardait que Dieu, et qui n&rsquo;avait point d&rsquo;autre pr\u00e9tention que de lui plaire et lui rendre un fid\u00e8le et agr\u00e9able service; car, \u00e9tant arriv\u00e9 \u00e0 Paris, et ayant eu une si favorable entr\u00e9e aupr\u00e8s d&rsquo;un grand Roi, qui savait tr\u00e8s bien faire le discernement des esprits, et de qui par cons\u00e9quent \u00e9tant connu, il pouvait esp\u00e9rer un avancement tr\u00e8s consid\u00e9rable, selon le si\u00e8cle: il ne voulut point n\u00e9anmoins se pr\u00e9valoir de cette occasion, que d&rsquo;autres eussent recherch\u00e9e et m\u00e9nag\u00e9e avec tous les soins et toutes les adresses possibles; mais, craignant que la faveur du roi de la terre ne serv\u00eet d&rsquo;obstacle aux gr\u00e2ces du Roi du ciel, au service duquel il s&rsquo;\u00e9tait attach\u00e9 par des liens indissolubles, il jugea qu&rsquo;il ne devait point s&rsquo;engager plus avant \u00e0 la Cour; mais s&rsquo;\u00e9tant acquitt\u00e9 de sa commission et conservant dans son c\u0153ur une sinc\u00e8re affection d&rsquo;ob\u00e9issance et de fid\u00e9lit\u00e9 envers son prince, il se retira en son particulier, dans le dessein de mener une vie vraiment eccl\u00e9siastique, et de s&rsquo;acquitter parfaitement de toutes les obligations de son caract\u00e8re.<\/p>\n<p>Le logement qu&rsquo;il avait pris d&rsquo;abord dans le faubourg Saint-Germain, lorsqu&rsquo;il arriva \u00e0 Paris, lui procura la connaissance de quelques-uns des principaux officiers de la d\u00e9funte Reine Marguerite, qui demeurait au m\u00eame endroit, l&rsquo;un desquels \u00e9tait Monsieur Dufresne, secr\u00e9taire de Sa Majest\u00e9, avec lequel il contracta d\u00e8s lors une tr\u00e8s \u00e9troite amiti\u00e9, \u00e0 cause de la vertu et des bonnes qualit\u00e9s qu&rsquo;il voyait en lui, pour lesquelles, apr\u00e8s la mort de cette princesse, il l&rsquo;attira en la maison de Gondy, ou il fut secr\u00e9taire, et puis Intendant du seigneur Emmanuel de Gondi comte de Joigny et g\u00e9n\u00e9ral des gal\u00e8res de France. C&rsquo;est lui qui a rendu ce t\u00e9moignage, \u00abque des ce temps-l\u00e0 M. Vincent paraissait fort humble, charitable et prudent, faisant bien \u00e0 chacun, et n&rsquo;\u00e9tant \u00e0 charge \u00e0 personne, circonspect en ses paroles, \u00e9coutant paisiblement les autres, sans jamais les interrompre; et que d\u00e8s lors il allait soigneusement visiter, servir et exhorter les pauvres malades de la Charit\u00e9\u00bb.<\/p>\n<p>Pendant ce premier s\u00e9jour, que M. Vincent fit \u00e0 Paris, il lui arriva un \u00e9trange accident, que Dieu permit pour \u00e9prouver sa vertu, et qui n&rsquo;a \u00e9t\u00e9 su que depuis sa mort, par le moyen de M. de Saint-Martin, chanoine d&rsquo;Acqs, qui en a rendu un fid\u00e8le et assur\u00e9 t\u00e9moignage. Ce fut en l&rsquo;ann\u00e9e 1609, qu&rsquo;\u00e9tant encore log\u00e9 au faubourg Saint-Germain, dans une m\u00eame chambre, avec le juge de Sore, qui est un village situ\u00e9 aux Landes et du ressort de Bordeaux, il fut accus\u00e9 \u00e0 faux de lui avoir d\u00e9rob\u00e9 quatre cents \u00e9cus. Voici comment la chose arriva:<\/p>\n<p>Ce juge s&rsquo;\u00e9tant un jour lev\u00e9 de grand matin s&rsquo;en alla en ville pour quelques affaires, et oublia de fermer une armoire ou il avait mis son argent. Il laissa M. Vincent au lit, un peu indispos\u00e9, attendant une m\u00e9decine qu&rsquo;on lui devait apporter. Le gar\u00e7on de l&rsquo;apothicaire, \u00e9tant venu avec sa m\u00e9decine, trouva cet argent, en cherchant un verre dans cette armoire qu&rsquo;il vit ouverte; et, sans dire mot, il le mit dans sa poche et l&#8217;emporta, v\u00e9rifiant le proverbe qui dit que l&rsquo;occasion fait le larron.<\/p>\n<p>Ce juge \u00e9tant de retour fut bien \u00e9tonn\u00e9 de ne trouver plus sa bourse. Il la demanda \u00e0 M. Vincent, qui ne savait que lui en dire, sinon qu&rsquo;il ne l&rsquo;avait ni prise ni vu prendre. L&rsquo;autre crie, temp\u00eate, et veut qu&rsquo;il lui r\u00e9ponde de sa perte; il l&rsquo;oblige de se s\u00e9parer de sa compagnie, le diffame partout, comme un m\u00e9chant et un voleur, et porte ses plaintes \u00e0 toutes les personnes qui le connaissaient, et avec lesquelles il put d\u00e9couvrir qu&rsquo;il avait quelques habitudes; et comme il sut qu&rsquo;en ce temps M. Vincent voyait quelquefois Je R. P. de B\u00e9rulle, alors sup\u00e9rieur g\u00e9n\u00e9ral de la Congr\u00e9gation des pr\u00eatres de l&rsquo;Oratoire, et depuis Cardinal de la Sainte-Eglise romaine, il alla le trouver un jour qu&rsquo;il \u00e9tait avec lui en la compagnie de quelques autres personnes d&rsquo;honneur et de pi\u00e9t\u00e9, et, en leur pr\u00e9sence, il l&rsquo;accusa de ce larcin, et m\u00eame lui en fit signifier un \u00ab\u00a0monitoire\u00a0\u00bb<span id='easy-footnote-1-104729' class='easy-footnote-margin-adjust'><\/span><span class='easy-footnote'><a href='http:\/\/vincentians.com\/fr\/la-vie-du-venerable-serviteur-de-dieu-vincent-de-paul-livre-premier-chapitre-v\/#easy-footnote-bottom-1-104729' title='Monitoire, ordonnance d&amp;rsquo;un juge eccl\u00e9siastique prescrivant, sous peine d&amp;rsquo;excommunication, de d\u00e9noncer l&amp;rsquo;auteur d&amp;rsquo;un d\u00e9lit ou de r\u00e9parer un dommage.'><sup>1<\/sup><\/a><\/span>. Mais cet homme de Dieu, sans se troubler ni t\u00e9moigner aucun ressentiment d&rsquo;un affront si sensible, et sans se mettre beaucoup en peine de se justifier, se contenta de lui dire doucement, que Dieu savait la v\u00e9rit\u00e9; et conservant son \u00e9galit\u00e9 d&rsquo;esprit, parmi l&rsquo;opprobre d&rsquo;une si honteuse calomnie, il \u00e9difia grandement la compagnie par sa retenue et par son humilit\u00e9.<\/p>\n<p>Mais qu&rsquo;arriva-t-il enfin d&rsquo;une si f\u00e2cheuse rencontre? Dieu permit que le gar\u00e7on qui avait fait le vol f\u00fbt, quelques ann\u00e9es apr\u00e8s, arr\u00eat\u00e9 prisonnier \u00e0 Bordeaux pour quelque autre sujet. Il \u00e9tait de ces quartiers-l\u00e0, et de la connaissance m\u00eame de ce juge de Sore; et, press\u00e9 du remords de sa conscience, il le fit prier de le venir trouver en prison, o\u00f9 \u00e9tant, il lui avoua que c&rsquo;\u00e9tait lui qui avait d\u00e9rob\u00e9 son argent, et lui promit de lui en faire restitution, appr\u00e9hendant que Dieu ne le voul\u00fbt punir pour ce mis\u00e9rable larcin. Mais si, d&rsquo;un c\u00f4t\u00e9, ce juge fut joyeux de voir sa perte recouvr\u00e9e lorsqu&rsquo;il ne s&rsquo;y attendait plus, il fut aussi, d&rsquo;un autre, saisi d&rsquo;un si grand regret d&rsquo;avoir calomni\u00e9 un eccl\u00e9siastique si vertueux, tel qu&rsquo;\u00e9tait M. Vincent, qu&rsquo;il lui \u00e9crivit expr\u00e8s une lettre pour lui en demander pardon; mais il le suppliait de lui donner ce pardon par \u00e9crit, lui disant que, s&rsquo;il le lui refusait, il viendrait en personne \u00e0 Paris, se jeter \u00e0 ses pieds, et lui demander pardon la corde au col.<\/p>\n<p>On a trouve la confirmation de ce fait dans le Recueil d&rsquo;une conf\u00e9rence faite a Saint-Lazare, dont le sujet \u00e9tait de bien faire les corrections et de les bien recevoir, o\u00f9 M. Vincent, entre les bons avis qu&rsquo;il donna \u00e0 l&rsquo;assembl\u00e9e, toucha cet exemple, non comme d&rsquo;une chose qui lui f\u00fbt arriv\u00e9e, mais comme parlant d&rsquo;une tierce personne. Voici les paroles qu&rsquo;il dit sur ce sujet et qui sont tr\u00e8s dignes de remarque:<\/p>\n<p>\u00abQue si le d\u00e9faut, dit-il, dont on nous avertit, n&rsquo;est pas en nous, estimons que nous en avons beaucoup d&rsquo;autres, pour lesquels nous devons aimer la confusion et la recevoir sans nous justifier, et encore moins sans nous indigner ni emporter contre celui qui nous accuse. \u00bb En suite de quoi il ajouta:<\/p>\n<p>\u00abJ&rsquo;ai connu une personne qui, accus\u00e9e par son compagnon de lui avoir pris quelque argent, lui dit doucement qu&rsquo;il ne l&rsquo;avait pas pris; mais voyant que l&rsquo;autre pers\u00e9v\u00e9rait \u00e0 l&rsquo;accuser, il se tourne de l&rsquo;autre c\u00f4t\u00e9, s&rsquo;\u00e9l\u00e8ve \u00e0 Dieu, et lui dit: Que ferai-je ? mon Dieu, vous savez la v\u00e9rit\u00e9 ! Et alors se confiant en lui, il se r\u00e9solut de ne plus r\u00e9pondre \u00e0 ces accusations, qui all\u00e8rent fort avant, jusqu&rsquo;\u00e0 tirer monitoire du larcin et le lui faire signifier. Or, il arriva, et Dieu le permit, qu&rsquo;au bout de six mois, celui qui avait perdu l&rsquo;argent, \u00e9tant \u00e0 plus de six-vingts lieues d&rsquo;ici, trouva le larron qui l&rsquo;avait pris. Voyez le soin de la Providence pour ceux qui s&rsquo;abandonnent \u00e0 elle ! alors cet homme, reconnaissant le tort qu&rsquo;il avait eu de s&rsquo;en prendre avec tant de chaleur et de calomnie contre son ami innocent, lui \u00e9crivit une lettre pour lui en demander pardon, lui disant qu&rsquo;il en avait un si grand d\u00e9plaisir, qu&rsquo;il \u00e9tait pr\u00eat, pour expier sa faute, de venir au lieu o\u00f9 il \u00e9tait pour en recevoir l&rsquo;absolution \u00e0 genoux. Estimons donc, Messieurs et mes Fr\u00e8res, que nous sommes capables de tout le mal qui se fait, et laissons \u00e0 Dieu le soin de manifester le secret des consciences, etc. \u00bb<\/p>\n<div>\n<div><\/div>\n<\/div>\n","protected":false},"excerpt":{"rendered":"<p>Son retour de Rome en France et son premier s\u00e9jour \u00e0 Paris. Monsieur Vincent, \u00e9tant arriv\u00e9 \u00e0 Rome, y demeura jusque vers la fin de l&rsquo;ann\u00e9e 1608, par l&rsquo;assistance qu&rsquo;il re\u00e7ut de M. le Vice-L\u00e9gat, &#8230; <a href=\"http:\/\/vincentians.com\/fr\/la-vie-du-venerable-serviteur-de-dieu-vincent-de-paul-livre-premier-chapitre-v\/\" class=\"more-link\">Read More<\/a><\/p>\n","protected":false},"author":4,"featured_media":149583,"comment_status":"open","ping_status":"open","sticky":false,"template":"","format":"standard","meta":{"jetpack_post_was_ever_published":false,"_jetpack_newsletter_access":"","_jetpack_dont_email_post_to_subs":false,"_jetpack_newsletter_tier_id":0,"_jetpack_memberships_contains_paywalled_content":false,"_jetpack_memberships_contains_paid_content":false,"footnotes":"","jetpack_publicize_message":"","jetpack_publicize_feature_enabled":true,"jetpack_social_post_already_shared":true,"jetpack_social_options":{"image_generator_settings":{"template":"highway","default_image_id":0,"font":"","enabled":false},"version":2}},"categories":[5],"tags":[],"class_list":["post-104729","post","type-post","status-publish","format-standard","has-post-thumbnail","hentry","category-vincent-de-paul"],"yoast_head":"<!-- This site is optimized with the Yoast SEO plugin v26.3 - https:\/\/yoast.com\/wordpress\/plugins\/seo\/ -->\n<title>La vie du v\u00e9n\u00e9rable serviteur de Dieu Vincent de Paul, Livre premier, Chapitre V - Nous Sommes Vincentiens<\/title>\n<meta name=\"robots\" content=\"index, follow, max-snippet:-1, max-image-preview:large, max-video-preview:-1\" \/>\n<link rel=\"canonical\" href=\"http:\/\/vincentians.com\/fr\/la-vie-du-venerable-serviteur-de-dieu-vincent-de-paul-livre-premier-chapitre-v\/\" \/>\n<meta property=\"og:locale\" content=\"fr_FR\" \/>\n<meta property=\"og:type\" content=\"article\" \/>\n<meta property=\"og:title\" content=\"La vie du v\u00e9n\u00e9rable serviteur de Dieu Vincent de Paul, Livre premier, Chapitre V - Nous Sommes Vincentiens\" \/>\n<meta property=\"og:description\" content=\"Son retour de Rome en France et son premier s\u00e9jour \u00e0 Paris. Monsieur Vincent, \u00e9tant arriv\u00e9 \u00e0 Rome, y demeura jusque vers la fin de l&rsquo;ann\u00e9e 1608, par l&rsquo;assistance qu&rsquo;il re\u00e7ut de M. le Vice-L\u00e9gat, ... Read More\" \/>\n<meta property=\"og:url\" content=\"http:\/\/vincentians.com\/fr\/la-vie-du-venerable-serviteur-de-dieu-vincent-de-paul-livre-premier-chapitre-v\/\" \/>\n<meta property=\"og:site_name\" content=\"Nous Sommes Vincentiens\" \/>\n<meta property=\"article:publisher\" content=\"https:\/\/www.facebook.com\/WeAreVincentians\/\" \/>\n<meta property=\"article:author\" content=\"https:\/\/www.facebook.com\/JavierChento\" \/>\n<meta property=\"article:published_time\" content=\"2012-11-26T06:09:59+00:00\" \/>\n<meta property=\"og:image\" content=\"https:\/\/i0.wp.com\/vincentians.com\/fr\/wp-content\/uploads\/sites\/10\/2016\/07\/abelly-feat.jpg?fit=1200%2C630\" \/>\n\t<meta property=\"og:image:width\" content=\"1200\" \/>\n\t<meta property=\"og:image:height\" content=\"630\" \/>\n\t<meta property=\"og:image:type\" content=\"image\/jpeg\" \/>\n<meta name=\"author\" content=\"Francisco Javier Fern\u00e1ndez Chento\" \/>\n<meta name=\"twitter:card\" content=\"summary_large_image\" \/>\n<meta name=\"twitter:creator\" content=\"@https:\/\/twitter.com\/javierchento\" \/>\n<meta name=\"twitter:site\" content=\"@WeVincentians\" \/>\n<meta name=\"twitter:label1\" content=\"\u00c9crit par\" \/>\n\t<meta name=\"twitter:data1\" content=\"Francisco Javier Fern\u00e1ndez Chento\" \/>\n\t<meta name=\"twitter:label2\" content=\"Dur\u00e9e de lecture estim\u00e9e\" \/>\n\t<meta name=\"twitter:data2\" content=\"9 minutes\" \/>\n<script type=\"application\/ld+json\" class=\"yoast-schema-graph\">{\"@context\":\"https:\/\/schema.org\",\"@graph\":[{\"@type\":\"WebPage\",\"@id\":\"http:\/\/vincentians.com\/fr\/la-vie-du-venerable-serviteur-de-dieu-vincent-de-paul-livre-premier-chapitre-v\/\",\"url\":\"http:\/\/vincentians.com\/fr\/la-vie-du-venerable-serviteur-de-dieu-vincent-de-paul-livre-premier-chapitre-v\/\",\"name\":\"La vie du v\u00e9n\u00e9rable serviteur de Dieu Vincent de Paul, Livre premier, Chapitre V - Nous Sommes Vincentiens\",\"isPartOf\":{\"@id\":\"http:\/\/vincentians.com\/fr\/#website\"},\"primaryImageOfPage\":{\"@id\":\"http:\/\/vincentians.com\/fr\/la-vie-du-venerable-serviteur-de-dieu-vincent-de-paul-livre-premier-chapitre-v\/#primaryimage\"},\"image\":{\"@id\":\"http:\/\/vincentians.com\/fr\/la-vie-du-venerable-serviteur-de-dieu-vincent-de-paul-livre-premier-chapitre-v\/#primaryimage\"},\"thumbnailUrl\":\"https:\/\/i0.wp.com\/vincentians.com\/fr\/wp-content\/uploads\/sites\/10\/2016\/07\/abelly-feat.jpg?fit=1200%2C630\",\"datePublished\":\"2012-11-26T06:09:59+00:00\",\"author\":{\"@id\":\"http:\/\/vincentians.com\/fr\/#\/schema\/person\/9623ef4d9aa3b2dfb8c061f1499288f2\"},\"breadcrumb\":{\"@id\":\"http:\/\/vincentians.com\/fr\/la-vie-du-venerable-serviteur-de-dieu-vincent-de-paul-livre-premier-chapitre-v\/#breadcrumb\"},\"inLanguage\":\"fr-FR\",\"potentialAction\":[{\"@type\":\"ReadAction\",\"target\":[\"http:\/\/vincentians.com\/fr\/la-vie-du-venerable-serviteur-de-dieu-vincent-de-paul-livre-premier-chapitre-v\/\"]}]},{\"@type\":\"ImageObject\",\"inLanguage\":\"fr-FR\",\"@id\":\"http:\/\/vincentians.com\/fr\/la-vie-du-venerable-serviteur-de-dieu-vincent-de-paul-livre-premier-chapitre-v\/#primaryimage\",\"url\":\"https:\/\/i0.wp.com\/vincentians.com\/fr\/wp-content\/uploads\/sites\/10\/2016\/07\/abelly-feat.jpg?fit=1200%2C630\",\"contentUrl\":\"https:\/\/i0.wp.com\/vincentians.com\/fr\/wp-content\/uploads\/sites\/10\/2016\/07\/abelly-feat.jpg?fit=1200%2C630\",\"width\":1200,\"height\":630},{\"@type\":\"BreadcrumbList\",\"@id\":\"http:\/\/vincentians.com\/fr\/la-vie-du-venerable-serviteur-de-dieu-vincent-de-paul-livre-premier-chapitre-v\/#breadcrumb\",\"itemListElement\":[{\"@type\":\"ListItem\",\"position\":1,\"name\":\"Portada\",\"item\":\"http:\/\/vincentians.com\/fr\/\"},{\"@type\":\"ListItem\",\"position\":2,\"name\":\"La vie du v\u00e9n\u00e9rable serviteur de Dieu Vincent de Paul, Livre premier, Chapitre V\"}]},{\"@type\":\"WebSite\",\"@id\":\"http:\/\/vincentians.com\/fr\/#website\",\"url\":\"http:\/\/vincentians.com\/fr\/\",\"name\":\"Nous Sommes Vincentiens\",\"description\":\"Know more to serve more\",\"potentialAction\":[{\"@type\":\"SearchAction\",\"target\":{\"@type\":\"EntryPoint\",\"urlTemplate\":\"http:\/\/vincentians.com\/fr\/?s={search_term_string}\"},\"query-input\":{\"@type\":\"PropertyValueSpecification\",\"valueRequired\":true,\"valueName\":\"search_term_string\"}}],\"inLanguage\":\"fr-FR\"},{\"@type\":\"Person\",\"@id\":\"http:\/\/vincentians.com\/fr\/#\/schema\/person\/9623ef4d9aa3b2dfb8c061f1499288f2\",\"name\":\"Francisco Javier Fern\u00e1ndez Chento\",\"image\":{\"@type\":\"ImageObject\",\"inLanguage\":\"fr-FR\",\"@id\":\"http:\/\/vincentians.com\/fr\/#\/schema\/person\/image\/\",\"url\":\"https:\/\/secure.gravatar.com\/avatar\/497d5cde87b4c3d097d0315953521681ba2cd523ee66e5077c3711f7021e65de?s=96&d=mm&r=g\",\"contentUrl\":\"https:\/\/secure.gravatar.com\/avatar\/497d5cde87b4c3d097d0315953521681ba2cd523ee66e5077c3711f7021e65de?s=96&d=mm&r=g\",\"caption\":\"Francisco Javier Fern\u00e1ndez Chento\"},\"description\":\"Director General y cofundador de La Red de Formaci\u00f3n Vicenciana. Javier es laico vicenciano, afiliado a la Congregaci\u00f3n de la Misi\u00f3n y miembro del Equipo de Misiones Populares de la provincia can\u00f3nica de Zaragoza (Espa\u00f1a) de la Congregaci\u00f3n de la Misi\u00f3n. Graduado en la Universidad Oberta de Catalunya con cuatro grados (Asistente de direcci\u00f3n, Gesti\u00f3n Administrativa, Recursos Humanos y Contabilidad Avanzada). Bil\u00edng\u00fce Espa\u00f1ol\/Ingl\u00e9s. gestiona y mantiene varias p\u00e1ginas web cristianas y vicencianas, incluida including La Red de Formaci\u00f3n Vicenciana, de la que es cofundador. Actualmente es responsable del \u00e1rea de Espa\u00f1ol de .famvin, la Red de Noticias de la Familia Vicenciana. Tambi\u00e9n es m\u00fasico cat\u00f3lico y ha editado varios discos. Es Director General y cofundador de Trovador, una reconocida compa\u00f1\u00eda discogr\u00e1fica critiana de Espa\u00f1a. Trabaja en las Tecnolog\u00edas de la Informaci\u00f3n, ofreciendo servicios de alojamiento, dise\u00f1o y mantenimiento Web, as\u00ed como asesoramiento, formaci\u00f3n y soluciones inform\u00e1ticas, gesti\u00f3n documental y digitalizaci\u00f3n de textos, edici\u00f3n y maquetaci\u00f3n de libros, revistas, flyers, etc.\",\"sameAs\":[\"http:\/\/chento.org\",\"https:\/\/www.facebook.com\/JavierChento\",\"https:\/\/x.com\/https:\/\/twitter.com\/javierchento\"],\"url\":\"http:\/\/vincentians.com\/fr\/author\/chento\/\"}]}<\/script>\n<!-- \/ Yoast SEO plugin. -->","yoast_head_json":{"title":"La vie du v\u00e9n\u00e9rable serviteur de Dieu Vincent de Paul, Livre premier, Chapitre V - Nous Sommes Vincentiens","robots":{"index":"index","follow":"follow","max-snippet":"max-snippet:-1","max-image-preview":"max-image-preview:large","max-video-preview":"max-video-preview:-1"},"canonical":"http:\/\/vincentians.com\/fr\/la-vie-du-venerable-serviteur-de-dieu-vincent-de-paul-livre-premier-chapitre-v\/","og_locale":"fr_FR","og_type":"article","og_title":"La vie du v\u00e9n\u00e9rable serviteur de Dieu Vincent de Paul, Livre premier, Chapitre V - Nous Sommes Vincentiens","og_description":"Son retour de Rome en France et son premier s\u00e9jour \u00e0 Paris. Monsieur Vincent, \u00e9tant arriv\u00e9 \u00e0 Rome, y demeura jusque vers la fin de l&rsquo;ann\u00e9e 1608, par l&rsquo;assistance qu&rsquo;il re\u00e7ut de M. le Vice-L\u00e9gat, ... Read More","og_url":"http:\/\/vincentians.com\/fr\/la-vie-du-venerable-serviteur-de-dieu-vincent-de-paul-livre-premier-chapitre-v\/","og_site_name":"Nous Sommes Vincentiens","article_publisher":"https:\/\/www.facebook.com\/WeAreVincentians\/","article_author":"https:\/\/www.facebook.com\/JavierChento","article_published_time":"2012-11-26T06:09:59+00:00","og_image":[{"width":1200,"height":630,"url":"https:\/\/i0.wp.com\/vincentians.com\/fr\/wp-content\/uploads\/sites\/10\/2016\/07\/abelly-feat.jpg?fit=1200%2C630","type":"image\/jpeg"}],"author":"Francisco Javier Fern\u00e1ndez Chento","twitter_card":"summary_large_image","twitter_creator":"@https:\/\/twitter.com\/javierchento","twitter_site":"@WeVincentians","twitter_misc":{"\u00c9crit par":"Francisco Javier Fern\u00e1ndez Chento","Dur\u00e9e de lecture estim\u00e9e":"9 minutes"},"schema":{"@context":"https:\/\/schema.org","@graph":[{"@type":"WebPage","@id":"http:\/\/vincentians.com\/fr\/la-vie-du-venerable-serviteur-de-dieu-vincent-de-paul-livre-premier-chapitre-v\/","url":"http:\/\/vincentians.com\/fr\/la-vie-du-venerable-serviteur-de-dieu-vincent-de-paul-livre-premier-chapitre-v\/","name":"La vie du v\u00e9n\u00e9rable serviteur de Dieu Vincent de Paul, Livre premier, Chapitre V - Nous Sommes Vincentiens","isPartOf":{"@id":"http:\/\/vincentians.com\/fr\/#website"},"primaryImageOfPage":{"@id":"http:\/\/vincentians.com\/fr\/la-vie-du-venerable-serviteur-de-dieu-vincent-de-paul-livre-premier-chapitre-v\/#primaryimage"},"image":{"@id":"http:\/\/vincentians.com\/fr\/la-vie-du-venerable-serviteur-de-dieu-vincent-de-paul-livre-premier-chapitre-v\/#primaryimage"},"thumbnailUrl":"https:\/\/i0.wp.com\/vincentians.com\/fr\/wp-content\/uploads\/sites\/10\/2016\/07\/abelly-feat.jpg?fit=1200%2C630","datePublished":"2012-11-26T06:09:59+00:00","author":{"@id":"http:\/\/vincentians.com\/fr\/#\/schema\/person\/9623ef4d9aa3b2dfb8c061f1499288f2"},"breadcrumb":{"@id":"http:\/\/vincentians.com\/fr\/la-vie-du-venerable-serviteur-de-dieu-vincent-de-paul-livre-premier-chapitre-v\/#breadcrumb"},"inLanguage":"fr-FR","potentialAction":[{"@type":"ReadAction","target":["http:\/\/vincentians.com\/fr\/la-vie-du-venerable-serviteur-de-dieu-vincent-de-paul-livre-premier-chapitre-v\/"]}]},{"@type":"ImageObject","inLanguage":"fr-FR","@id":"http:\/\/vincentians.com\/fr\/la-vie-du-venerable-serviteur-de-dieu-vincent-de-paul-livre-premier-chapitre-v\/#primaryimage","url":"https:\/\/i0.wp.com\/vincentians.com\/fr\/wp-content\/uploads\/sites\/10\/2016\/07\/abelly-feat.jpg?fit=1200%2C630","contentUrl":"https:\/\/i0.wp.com\/vincentians.com\/fr\/wp-content\/uploads\/sites\/10\/2016\/07\/abelly-feat.jpg?fit=1200%2C630","width":1200,"height":630},{"@type":"BreadcrumbList","@id":"http:\/\/vincentians.com\/fr\/la-vie-du-venerable-serviteur-de-dieu-vincent-de-paul-livre-premier-chapitre-v\/#breadcrumb","itemListElement":[{"@type":"ListItem","position":1,"name":"Portada","item":"http:\/\/vincentians.com\/fr\/"},{"@type":"ListItem","position":2,"name":"La vie du v\u00e9n\u00e9rable serviteur de Dieu Vincent de Paul, Livre premier, Chapitre V"}]},{"@type":"WebSite","@id":"http:\/\/vincentians.com\/fr\/#website","url":"http:\/\/vincentians.com\/fr\/","name":"Nous Sommes Vincentiens","description":"Know more to serve more","potentialAction":[{"@type":"SearchAction","target":{"@type":"EntryPoint","urlTemplate":"http:\/\/vincentians.com\/fr\/?s={search_term_string}"},"query-input":{"@type":"PropertyValueSpecification","valueRequired":true,"valueName":"search_term_string"}}],"inLanguage":"fr-FR"},{"@type":"Person","@id":"http:\/\/vincentians.com\/fr\/#\/schema\/person\/9623ef4d9aa3b2dfb8c061f1499288f2","name":"Francisco Javier Fern\u00e1ndez Chento","image":{"@type":"ImageObject","inLanguage":"fr-FR","@id":"http:\/\/vincentians.com\/fr\/#\/schema\/person\/image\/","url":"https:\/\/secure.gravatar.com\/avatar\/497d5cde87b4c3d097d0315953521681ba2cd523ee66e5077c3711f7021e65de?s=96&d=mm&r=g","contentUrl":"https:\/\/secure.gravatar.com\/avatar\/497d5cde87b4c3d097d0315953521681ba2cd523ee66e5077c3711f7021e65de?s=96&d=mm&r=g","caption":"Francisco Javier Fern\u00e1ndez Chento"},"description":"Director General y cofundador de La Red de Formaci\u00f3n Vicenciana. Javier es laico vicenciano, afiliado a la Congregaci\u00f3n de la Misi\u00f3n y miembro del Equipo de Misiones Populares de la provincia can\u00f3nica de Zaragoza (Espa\u00f1a) de la Congregaci\u00f3n de la Misi\u00f3n. Graduado en la Universidad Oberta de Catalunya con cuatro grados (Asistente de direcci\u00f3n, Gesti\u00f3n Administrativa, Recursos Humanos y Contabilidad Avanzada). Bil\u00edng\u00fce Espa\u00f1ol\/Ingl\u00e9s. gestiona y mantiene varias p\u00e1ginas web cristianas y vicencianas, incluida including La Red de Formaci\u00f3n Vicenciana, de la que es cofundador. Actualmente es responsable del \u00e1rea de Espa\u00f1ol de .famvin, la Red de Noticias de la Familia Vicenciana. Tambi\u00e9n es m\u00fasico cat\u00f3lico y ha editado varios discos. Es Director General y cofundador de Trovador, una reconocida compa\u00f1\u00eda discogr\u00e1fica critiana de Espa\u00f1a. Trabaja en las Tecnolog\u00edas de la Informaci\u00f3n, ofreciendo servicios de alojamiento, dise\u00f1o y mantenimiento Web, as\u00ed como asesoramiento, formaci\u00f3n y soluciones inform\u00e1ticas, gesti\u00f3n documental y digitalizaci\u00f3n de textos, edici\u00f3n y maquetaci\u00f3n de libros, revistas, flyers, etc.","sameAs":["http:\/\/chento.org","https:\/\/www.facebook.com\/JavierChento","https:\/\/x.com\/https:\/\/twitter.com\/javierchento"],"url":"http:\/\/vincentians.com\/fr\/author\/chento\/"}]}},"jetpack_publicize_connections":[],"jetpack_featured_media_url":"https:\/\/i0.wp.com\/vincentians.com\/fr\/wp-content\/uploads\/sites\/10\/2016\/07\/abelly-feat.jpg?fit=1200%2C630","jetpack_sharing_enabled":true,"jetpack_shortlink":"https:\/\/wp.me\/p7ETMP-rfb","jetpack-related-posts":[{"id":52052,"url":"http:\/\/vincentians.com\/fr\/saint-vincent-de-paul-et-sa-mission-sociale-iii-laction-1\/","url_meta":{"origin":104729,"position":0},"title":"Saint Vincent De Paul Et Sa Mission Sociale. III &#8211; L\u2019action (1)","author":"Francisco Javier Fern\u00e1ndez Chento","date":"25\/12\/2014","format":false,"excerpt":"LES MISSIONS. \u2014 Saint Vincent de Paul missionnaire. \u2014 Organisation des missions rurales. \u2014 Vertus et qualit\u00e9s des missionnaires. \u2014 La pr\u00e9dication d\u2019apr\u00e8s le saint. \u2014 Sa conduite envers les h\u00e9r\u00e9tiques et les infid\u00e8les. \u2014 Les imitateurs de Vincent de Paul. \u2014 Fruits du nouvel apostolat. \u2014 Missions \u00e0 la\u2026","rel":"","context":"Dans &quot;Vincent de Paul&quot;","block_context":{"text":"Vincent de Paul","link":"http:\/\/vincentians.com\/fr\/category\/the-vincentian-family\/founders\/vincent-de-paul\/"},"img":{"alt_text":"","src":"https:\/\/i0.wp.com\/vincentians.com\/fr\/wp-content\/uploads\/sites\/10\/2016\/07\/vincent-et-sa-action-sociale.jpg?fit=1160%2C630&resize=350%2C200","width":350,"height":200,"srcset":"https:\/\/i0.wp.com\/vincentians.com\/fr\/wp-content\/uploads\/sites\/10\/2016\/07\/vincent-et-sa-action-sociale.jpg?fit=1160%2C630&resize=350%2C200 1x, https:\/\/i0.wp.com\/vincentians.com\/fr\/wp-content\/uploads\/sites\/10\/2016\/07\/vincent-et-sa-action-sociale.jpg?fit=1160%2C630&resize=525%2C300 1.5x, https:\/\/i0.wp.com\/vincentians.com\/fr\/wp-content\/uploads\/sites\/10\/2016\/07\/vincent-et-sa-action-sociale.jpg?fit=1160%2C630&resize=700%2C400 2x, https:\/\/i0.wp.com\/vincentians.com\/fr\/wp-content\/uploads\/sites\/10\/2016\/07\/vincent-et-sa-action-sociale.jpg?fit=1160%2C630&resize=1050%2C600 3x"},"classes":[]},{"id":52024,"url":"http:\/\/vincentians.com\/fr\/saint-vincent-de-paul-et-sa-mission-sociale-i-la-vocation-2\/","url_meta":{"origin":104729,"position":1},"title":"Saint Vincent De Paul Et Sa Mission Sociale. I &#8211; La vocation (2)","author":"Francisco Javier Fern\u00e1ndez Chento","date":"19\/12\/2014","format":false,"excerpt":"LA PR\u00c9PARATION. Vincent ach\u00e8ve ses \u00e9tudes th\u00e9ologiques et re\u00e7oit les ordres sacr\u00e9s. \u2014 Son voyage \u00e0 Bordeaux. \u2014 Sa captivit\u00e9 en Tunisie. \u2014 Il va \u00e0 Rome. \u2014 Mission aupr\u00e8s de Henri IV. \u2014 Le juge de Sore. \u2014 Vincent chez la reine Marguerite. \u2014 Commencement de sa vocation. \u2014\u2026","rel":"","context":"Dans &quot;Vincent de Paul&quot;","block_context":{"text":"Vincent de Paul","link":"http:\/\/vincentians.com\/fr\/category\/the-vincentian-family\/founders\/vincent-de-paul\/"},"img":{"alt_text":"","src":"https:\/\/i0.wp.com\/vincentians.com\/fr\/wp-content\/uploads\/sites\/10\/2016\/07\/vincent-et-sa-action-sociale.jpg?fit=1160%2C630&resize=350%2C200","width":350,"height":200,"srcset":"https:\/\/i0.wp.com\/vincentians.com\/fr\/wp-content\/uploads\/sites\/10\/2016\/07\/vincent-et-sa-action-sociale.jpg?fit=1160%2C630&resize=350%2C200 1x, https:\/\/i0.wp.com\/vincentians.com\/fr\/wp-content\/uploads\/sites\/10\/2016\/07\/vincent-et-sa-action-sociale.jpg?fit=1160%2C630&resize=525%2C300 1.5x, https:\/\/i0.wp.com\/vincentians.com\/fr\/wp-content\/uploads\/sites\/10\/2016\/07\/vincent-et-sa-action-sociale.jpg?fit=1160%2C630&resize=700%2C400 2x, https:\/\/i0.wp.com\/vincentians.com\/fr\/wp-content\/uploads\/sites\/10\/2016\/07\/vincent-et-sa-action-sociale.jpg?fit=1160%2C630&resize=1050%2C600 3x"},"classes":[]},{"id":52020,"url":"http:\/\/vincentians.com\/fr\/saint-vincent-de-paul-et-sa-mission-sociale-i-la-vocation-1\/","url_meta":{"origin":104729,"position":2},"title":"Saint Vincent De Paul Et Sa Mission Sociale. I &#8211; La vocation (1)","author":"Francisco Javier Fern\u00e1ndez Chento","date":"18\/12\/2014","format":false,"excerpt":"L\u2019HOMME ET L\u2019\u0152UVRE \u2014 Le seizi\u00e8me si\u00e8cle et le protestantisme en France. \u2014 Ravages caus\u00e9s par les guerres de religion. \u2014 Changements dans la soci\u00e9t\u00e9. \u2014 Accroissement de la mis\u00e8re. \u2014 L\u2019\u0153uvre nouvelle de la Charit\u00e9. \u2014 Saint Vincent de Paul. \u2014 Sa mission. \u2014 Naissance et premi\u00e8res ann\u00e9es. \u2014\u2026","rel":"","context":"Dans &quot;Vincent de Paul&quot;","block_context":{"text":"Vincent de Paul","link":"http:\/\/vincentians.com\/fr\/category\/the-vincentian-family\/founders\/vincent-de-paul\/"},"img":{"alt_text":"","src":"https:\/\/i0.wp.com\/vincentians.com\/fr\/wp-content\/uploads\/sites\/10\/2016\/07\/vincent-et-sa-action-sociale.jpg?fit=1160%2C630&resize=350%2C200","width":350,"height":200,"srcset":"https:\/\/i0.wp.com\/vincentians.com\/fr\/wp-content\/uploads\/sites\/10\/2016\/07\/vincent-et-sa-action-sociale.jpg?fit=1160%2C630&resize=350%2C200 1x, https:\/\/i0.wp.com\/vincentians.com\/fr\/wp-content\/uploads\/sites\/10\/2016\/07\/vincent-et-sa-action-sociale.jpg?fit=1160%2C630&resize=525%2C300 1.5x, https:\/\/i0.wp.com\/vincentians.com\/fr\/wp-content\/uploads\/sites\/10\/2016\/07\/vincent-et-sa-action-sociale.jpg?fit=1160%2C630&resize=700%2C400 2x, https:\/\/i0.wp.com\/vincentians.com\/fr\/wp-content\/uploads\/sites\/10\/2016\/07\/vincent-et-sa-action-sociale.jpg?fit=1160%2C630&resize=1050%2C600 3x"},"classes":[]},{"id":52033,"url":"http:\/\/vincentians.com\/fr\/saint-vincent-de-paul-et-sa-mission-sociale-ii-les-oeuvres-1\/","url_meta":{"origin":104729,"position":3},"title":"Saint Vincent De Paul Et Sa Mission Sociale. II &#8211; Les \u0152uvres (1)","author":"Francisco Javier Fern\u00e1ndez Chento","date":"21\/12\/2014","format":false,"excerpt":"LES CONFR\u00c9RIES DE LA CHARIT\u00c9. Organisation et d\u00e9veloppement de la confr\u00e9rie de la Charit\u00e9. \u2014 Les domaines du seigneur de Gondi. \u2014 Premi\u00e8re id\u00e9e de la congr\u00e9gation de la Mission. \u2014 Vincent de Paul devient aum\u00f4nier royal des gal\u00e8res et sup\u00e9rieur des religieuses de la Visitation. \u2014 Saint Fran\u00e7ois de\u2026","rel":"","context":"Dans &quot;Vincent de Paul&quot;","block_context":{"text":"Vincent de Paul","link":"http:\/\/vincentians.com\/fr\/category\/the-vincentian-family\/founders\/vincent-de-paul\/"},"img":{"alt_text":"","src":"https:\/\/i0.wp.com\/vincentians.com\/fr\/wp-content\/uploads\/sites\/10\/2016\/07\/vincent-et-sa-action-sociale.jpg?fit=1160%2C630&resize=350%2C200","width":350,"height":200,"srcset":"https:\/\/i0.wp.com\/vincentians.com\/fr\/wp-content\/uploads\/sites\/10\/2016\/07\/vincent-et-sa-action-sociale.jpg?fit=1160%2C630&resize=350%2C200 1x, https:\/\/i0.wp.com\/vincentians.com\/fr\/wp-content\/uploads\/sites\/10\/2016\/07\/vincent-et-sa-action-sociale.jpg?fit=1160%2C630&resize=525%2C300 1.5x, https:\/\/i0.wp.com\/vincentians.com\/fr\/wp-content\/uploads\/sites\/10\/2016\/07\/vincent-et-sa-action-sociale.jpg?fit=1160%2C630&resize=700%2C400 2x, https:\/\/i0.wp.com\/vincentians.com\/fr\/wp-content\/uploads\/sites\/10\/2016\/07\/vincent-et-sa-action-sociale.jpg?fit=1160%2C630&resize=1050%2C600 3x"},"classes":[]},{"id":52016,"url":"http:\/\/vincentians.com\/fr\/saint-vincent-de-paul-et-sa-mission-sociale-introduction\/","url_meta":{"origin":104729,"position":4},"title":"Saint Vincent De Paul Et Sa Mission Sociale. Introduction","author":"Francisco Javier Fern\u00e1ndez Chento","date":"17\/12\/2014","format":false,"excerpt":"Les antiennes que l\u2019on chante aux premi\u00e8res v\u00eapres de saint Vincent de Paul sont le portrait et l\u2019\u00e9loge le plus exact que l\u2019on puisse faire de ce h\u00e9ros de la charit\u00e9 : Les indigents et les pauvres cherchent de l\u2019eau et n\u2019en trouvent pas ; moi, dit le Seigneur, je\u2026","rel":"","context":"Dans &quot;Vincent de Paul&quot;","block_context":{"text":"Vincent de Paul","link":"http:\/\/vincentians.com\/fr\/category\/the-vincentian-family\/founders\/vincent-de-paul\/"},"img":{"alt_text":"","src":"https:\/\/i0.wp.com\/vincentians.com\/fr\/wp-content\/uploads\/sites\/10\/2016\/07\/vincent-et-sa-action-sociale.jpg?fit=1160%2C630&resize=350%2C200","width":350,"height":200,"srcset":"https:\/\/i0.wp.com\/vincentians.com\/fr\/wp-content\/uploads\/sites\/10\/2016\/07\/vincent-et-sa-action-sociale.jpg?fit=1160%2C630&resize=350%2C200 1x, https:\/\/i0.wp.com\/vincentians.com\/fr\/wp-content\/uploads\/sites\/10\/2016\/07\/vincent-et-sa-action-sociale.jpg?fit=1160%2C630&resize=525%2C300 1.5x, https:\/\/i0.wp.com\/vincentians.com\/fr\/wp-content\/uploads\/sites\/10\/2016\/07\/vincent-et-sa-action-sociale.jpg?fit=1160%2C630&resize=700%2C400 2x, https:\/\/i0.wp.com\/vincentians.com\/fr\/wp-content\/uploads\/sites\/10\/2016\/07\/vincent-et-sa-action-sociale.jpg?fit=1160%2C630&resize=1050%2C600 3x"},"classes":[]},{"id":52068,"url":"http:\/\/vincentians.com\/fr\/saint-vincent-de-paul-et-sa-mission-sociale-vi-la-posterite-1\/","url_meta":{"origin":104729,"position":5},"title":"Saint Vincent De Paul Et Sa Mission Sociale. VI &#8211; La Post\u00e9rit\u00e9 (1)","author":"Francisco Javier Fern\u00e1ndez Chento","date":"30\/12\/2014","format":false,"excerpt":"L\u2019ACCROISSEMENT. \u2014 Extension des deux familles de saint Vincent de Paul. \u2014 Progr\u00e8s de leurs \u0153uvres. \u2014 Les missions \u00e9trang\u00e8res et les s\u00e9minaires. \u2014 Les successeurs de saint Vincent. \u2014 Congr\u00e9gations religieuses fond\u00e9es sur le mod\u00e8le de la Mission. \u2014 Les Filles de la Charit\u00e9 en France et \u00e0 l\u2019\u00e9tranger.\u2026","rel":"","context":"Dans &quot;Vincent de Paul&quot;","block_context":{"text":"Vincent de Paul","link":"http:\/\/vincentians.com\/fr\/category\/the-vincentian-family\/founders\/vincent-de-paul\/"},"img":{"alt_text":"","src":"https:\/\/i0.wp.com\/vincentians.com\/fr\/wp-content\/uploads\/sites\/10\/2016\/07\/vincent-et-sa-action-sociale.jpg?fit=1160%2C630&resize=350%2C200","width":350,"height":200,"srcset":"https:\/\/i0.wp.com\/vincentians.com\/fr\/wp-content\/uploads\/sites\/10\/2016\/07\/vincent-et-sa-action-sociale.jpg?fit=1160%2C630&resize=350%2C200 1x, https:\/\/i0.wp.com\/vincentians.com\/fr\/wp-content\/uploads\/sites\/10\/2016\/07\/vincent-et-sa-action-sociale.jpg?fit=1160%2C630&resize=525%2C300 1.5x, https:\/\/i0.wp.com\/vincentians.com\/fr\/wp-content\/uploads\/sites\/10\/2016\/07\/vincent-et-sa-action-sociale.jpg?fit=1160%2C630&resize=700%2C400 2x, https:\/\/i0.wp.com\/vincentians.com\/fr\/wp-content\/uploads\/sites\/10\/2016\/07\/vincent-et-sa-action-sociale.jpg?fit=1160%2C630&resize=1050%2C600 3x"},"classes":[]}],"_links":{"self":[{"href":"http:\/\/vincentians.com\/fr\/wp-json\/wp\/v2\/posts\/104729","targetHints":{"allow":["GET"]}}],"collection":[{"href":"http:\/\/vincentians.com\/fr\/wp-json\/wp\/v2\/posts"}],"about":[{"href":"http:\/\/vincentians.com\/fr\/wp-json\/wp\/v2\/types\/post"}],"author":[{"embeddable":true,"href":"http:\/\/vincentians.com\/fr\/wp-json\/wp\/v2\/users\/4"}],"replies":[{"embeddable":true,"href":"http:\/\/vincentians.com\/fr\/wp-json\/wp\/v2\/comments?post=104729"}],"version-history":[{"count":0,"href":"http:\/\/vincentians.com\/fr\/wp-json\/wp\/v2\/posts\/104729\/revisions"}],"wp:featuredmedia":[{"embeddable":true,"href":"http:\/\/vincentians.com\/fr\/wp-json\/wp\/v2\/media\/149583"}],"wp:attachment":[{"href":"http:\/\/vincentians.com\/fr\/wp-json\/wp\/v2\/media?parent=104729"}],"wp:term":[{"taxonomy":"category","embeddable":true,"href":"http:\/\/vincentians.com\/fr\/wp-json\/wp\/v2\/categories?post=104729"},{"taxonomy":"post_tag","embeddable":true,"href":"http:\/\/vincentians.com\/fr\/wp-json\/wp\/v2\/tags?post=104729"}],"curies":[{"name":"wp","href":"https:\/\/api.w.org\/{rel}","templated":true}]}}