{"id":104686,"date":"2012-11-25T05:09:31","date_gmt":"2012-11-25T04:09:31","guid":{"rendered":"http:\/\/vincentiens.org\/?p=104686"},"modified":"2012-11-25T05:09:31","modified_gmt":"2012-11-25T04:09:31","slug":"fernand-portal-xi-m-portal-entre-dans-la-diplomatie-de-clemenceau","status":"publish","type":"post","link":"http:\/\/vincentians.com\/fr\/fernand-portal-xi-m-portal-entre-dans-la-diplomatie-de-clemenceau\/","title":{"rendered":"Fernand Portal (XI) M. Portal entre dans la Diplomatie de Clemenceau"},"content":{"rendered":"<p><a href=\"https:\/\/i0.wp.com\/vincentiens.org\/wp-content\/uploads\/2012\/11\/Portal-A4.jpg\"><img data-recalc-dims=\"1\" loading=\"lazy\" decoding=\"async\" class=\"alignleft size-full wp-image-104687\" title=\"Portal-A\" src=\"https:\/\/i0.wp.com\/vincentiens.org\/wp-content\/uploads\/2012\/11\/Portal-A4.jpg?resize=250%2C287\" alt=\"\" width=\"250\" height=\"287\" \/><\/a>Portal et Gratieux regardaient toujours du c\u00f4t\u00e9 de Moscou. Les premiers \u00e9clats r\u00e9volutionnaires avaient retenti en 1905<span id='easy-footnote-1-104686' class='easy-footnote-margin-adjust'><\/span><span class='easy-footnote'><a href='http:\/\/vincentians.com\/fr\/fernand-portal-xi-m-portal-entre-dans-la-diplomatie-de-clemenceau\/#easy-footnote-bottom-1-104686' title='En Janvier 1905, les ouvriers de P\u00e9tersbourg, guid\u00e9s par le pr\u00eatre Gapone, all\u00e8rent pr\u00e9senter au tsar une liste de revendications. Le cort\u00e8ge de 100 000 hommes fut accueilli \u00e0 coups de feu ; on d\u00e9nombra plusieurs centaines de victimes (Dimanche Rouge). En Octobre, ce fut la gr\u00e8ve g\u00e9n\u00e9ralis\u00e9e. Ce pr\u00eatre syndicaliste rencontra L\u00e9nine \u00e0 Gen\u00e8ve pour le mettre au courant des \u00e9v\u00e9nements de la Russie.'><sup>1<\/sup><\/a><\/span>, for\u00e7ant le tsar \u00e0 instaurer un r\u00e9gime constitutionnel. L&rsquo;entr\u00e9e en guerre de la Russie contre les Empires Centraux, motiv\u00e9e par le d\u00e9sir d&rsquo;intensifier son h\u00e9g\u00e9monie dans les Balkans, ach\u00e8ve d&rsquo;affaiblir un pays, d\u00e9j\u00e0 bien d\u00e9compos\u00e9.<\/p>\n<h2><strong>Le Concile de toutes les Russies<\/strong><\/h2>\n<p>L&rsquo;Eglise Russe \u00ab s&#8217;embourbe \u00bb (Dm. Kh ) dans la pr\u00e9paration d&rsquo;un Concile de toutes les Russies, qui s&rsquo;inaugurera en \u00e9t\u00e9 1917, juste avant la R\u00e9volution, et continuera quelques mois apr\u00e8s. Il r\u00e9tablira, apr\u00e8s deux si\u00e8cles de \u00ab veuvage \u00bb, le Patriarcat. Les slavophiles dont plusieurs d&rsquo;entre eux participent \u00e0 des commissions pr\u00e9paratoires, relativisent cette assembl\u00e9e domin\u00e9e par des \u00ab hi\u00e9\u00adrarques \u00bb et des \u00ab intellectuels \u00bb, et, en dehors de la vie du \u00ab peuple \u00bb, \u00ab le principal gardien de la pi\u00e9t\u00e9 \u00bb. D&rsquo;apr\u00e8s ces cercles refl\u00e9tant l&rsquo;orthodoxie pure, la \u00abconciliarit\u00e9\u00bb<span id='easy-footnote-2-104686' class='easy-footnote-margin-adjust'><\/span><span class='easy-footnote'><a href='http:\/\/vincentians.com\/fr\/fernand-portal-xi-m-portal-entre-dans-la-diplomatie-de-clemenceau\/#easy-footnote-bottom-2-104686' title='\u00abCe n&amp;rsquo;est pas \u00e0 Moscou ni \u00e0 P\u00e9tersbourg que peut rena\u00eetre la vie conciliaire de notre Eglise, mais sur place. Quand elle sera pratiqu\u00e9e dans les paroisses avec les pr\u00eatres, dans les \u00e9parchies (dioc\u00e8ses) avec les \u00e9v\u00eaques, quand les gens seront entra\u00een\u00e9s \u00e0 cette oeuvre, alors arrivera le moment de convoquer le concile de toute l&amp;rsquo;Eglise, et alors, naturel\u00adlement, il se r\u00e9unira avec des mat\u00e9riaux tout pr\u00eats, \u00e9labor\u00e9s non par une commission pr\u00e9conciliaire artificielle, mais par la vie m\u00eame, et comme la vie ne s&amp;#8217;emballe pas, car elle doit compter avec la r\u00e9alit\u00e9, les questions pos\u00e9es par elle seront claires et effectivement vitales ; et ce qui est le plus important, la vie ne se laissera pas, du premier coup, enlever au troisi\u00e8me ciel : elle prendra le chemin qui consiste \u00e0 poser les questions en suivant l&amp;rsquo;ordre o\u00f9 elles sont r\u00e9ellement situ\u00e9es chacune \u00e0 son tour, et nous nous dirigerons, alors vers cette s\u00e9rieuse et radicale renaissance de la vie eccl\u00e9siastique qu&amp;rsquo;il est impossible d&amp;rsquo;atteindre en suivant le programme compos\u00e9 par \u00ab le proc\u00e9d\u00e9 intel\u00adlectuel \u00bb. (Dm. Khomiakov).'><sup>2<\/sup><\/a><\/span> (Sobornost) d\u00e9passe le concile (sobor) lui-m\u00eame. Ils consid\u00e8rent toute d\u00e9monstration eccl\u00e9siale suivant \u00ab la r\u00e9alisation de la foi, c&rsquo;est-\u00e0-dire, quelque chose qui est au-dessus de toute d\u00e9finition ext\u00e9rieure, de toute formule \u00bb, et la d\u00e9marche du Saint \u00ab c&rsquo;est-\u00e0-dire celui qu&rsquo;on ne peut appr\u00e9cier avec la r\u00e8gle d&rsquo;une caract\u00e9ristique ext\u00e9rieure, mais avec le sentiment instinctif d&rsquo;une \u00e2me croyante\u00bb<span id='easy-footnote-3-104686' class='easy-footnote-margin-adjust'><\/span><span class='easy-footnote'><a href='http:\/\/vincentians.com\/fr\/fernand-portal-xi-m-portal-entre-dans-la-diplomatie-de-clemenceau\/#easy-footnote-bottom-3-104686' title='Cette relativisation des choses vaut aussi pour les r\u00e9alit\u00e9s politiques. Les slavophiles scrutaient les \u00e9v\u00e9nements qui secouaient la soci\u00e9t\u00e9 et l&amp;rsquo;\u00c9glise russes, avec l&amp;rsquo;attention sereine de ceux qui se sont r\u00e9fugi\u00e9s dans la vision de l&amp;rsquo;Eglise d&amp;rsquo;En Haut. \u00ab C&amp;rsquo;est pourquoi \u2014 af\u00adfirmait Khomiakov \u2014 tant de gens appartenant pleinement \u00e0 l&amp;rsquo;Eglise (les Saints) ont exerc\u00e9 une influence profonde sur les destin\u00e9es politiques de leur peuple sans s&amp;rsquo;y m\u00ealer directement. La lumi\u00e8re de l&amp;rsquo;intelligence des choses d&amp;rsquo;\u00c9glise a ouvert leurs yeux \u00e0 l&amp;rsquo;intelligence des affaires s\u00e9culi\u00e8res, parce qu&amp;rsquo;ils les voyaient d&amp;rsquo;en haut tandis que d&amp;rsquo;autres les regardaient d&amp;rsquo;en bas, et c&amp;rsquo;est pourquoi ils les trouvent d\u00e9mesur\u00e9ment grandes \u00bb.'><sup>3<\/sup><\/a><\/span>.<\/p>\n<p>Par quels aboutissants, l&rsquo;abb\u00e9 Gratieux, mobilis\u00e9 comme aum\u00f4nier militaire, s&rsquo;\u00e9tait-il d\u00e9tach\u00e9 du front, et, apr\u00e8s une longue naviguation par l&rsquo;Angleterre o\u00f9 il avait pu causer avec Lord Halifax, puis par la Norv\u00e8ge et la Finlande, assistait-il, le jour de l&rsquo;Assomption, \u00e0 Moscou, \u00e0 l&rsquo;ouverture du Concile de toutes les Russies, \u00ab derni\u00e8re manifestation solennelle de la Sainte Russie\u00bb ? Il vit aussi avec joie \u2014 et pour la derni\u00e8re fois \u2014 Dmitri Khomiakov, bien diminu\u00e9, sa famille et ses amis ; selon eux le concile \u00ab tournait au parlement meeting \u00bb et s&rsquo;\u00e9loignait de la \u00abconciliarit\u00e9\u00bb vivante.<\/p>\n<h2><strong>Toujours l&rsquo;abb\u00e9 Gratieux<\/strong><\/h2>\n<p>Tout avait commenc\u00e9 depuis longtemps&#8230; Mais les relations de l&rsquo;abb\u00e9 Portal avec M. de Caix, magnat de la Presse et expert des Affaires Etrang\u00e8res, servirent de cause imm\u00e9diate. Les milieux diplomatiques savaient qu&rsquo;\u00e0 Moscou les influences fran\u00e7aises s&rsquo;es\u00adtompaient. N&rsquo;y avait-il pas, presqu&rsquo;\u00e0 port\u00e9e de mains, quelques amis de M. Portal, vou\u00e9s \u00e0 la Russie?<span id='easy-footnote-4-104686' class='easy-footnote-margin-adjust'><\/span><span class='easy-footnote'><a href='http:\/\/vincentians.com\/fr\/fernand-portal-xi-m-portal-entre-dans-la-diplomatie-de-clemenceau\/#easy-footnote-bottom-4-104686' title='Les unionistes auraient-ils le g\u00e9nie d&amp;rsquo;ambassadeur en pays slave ? Birkbeck, consult\u00e9 par Lord Kitchener, ministre de la Guerre, fut envoy\u00e9 en Russie pour une mission d&amp;rsquo;Information. Il mourut, apr\u00e8s son retour, durant l&amp;rsquo;\u00e9t\u00e9 1916, \u00e0 l&amp;rsquo;\u00e2ge de 57 ans. Lord Halifax le regrettera \u00e0 tel point qu&amp;rsquo;il dira souvent : \u00ab Si seulement Birkbeck \u00e9tait l\u00e0 ! \u00bb.'><sup>4<\/sup><\/a><\/span>\n<p>A la rue de Grenelle, on comptait sur la d\u00e9livrance de l&rsquo;Eglise orthodoxe de la tutelle imp\u00e9riale, pour qu&rsquo;elle puisse reprendre son \u00e9lan, d&rsquo;autant plus que le Concile s&rsquo;appr\u00eatait \u00e0 s&rsquo;ouvrir. La tradition catholique fran\u00e7aise, surtout avec Vincent de Paul, portait la richesse d&rsquo;un renouveau sacerdotal et d&rsquo;une activit\u00e9 sociale. De plus, l&rsquo;Eglise de France tentait de se familiariser avec la S\u00e9pa\u00adration de l&rsquo;Eglise et de l&rsquo;\u00c9tat. Toute cette exp\u00e9rience serait profi\u00adtable aux slaves.<\/p>\n<p>De toutes fa\u00e7ons il fallait agir vite. La Sainte Russie, pouvait-elle faire jaillir du sein de son Eglise, une vigueur insoup\u00e7onn\u00e9e alors que l&rsquo;antique soci\u00e9t\u00e9 russe se d\u00e9sagr\u00e9geait, et que seuls, les meneurs r\u00e9volutionnaires parlaient au peuple un langage opportun, \u00ab un de ces mots auxquels l&rsquo;\u00e2me russe n&rsquo;est jamais demeur\u00e9e indiff\u00e9rente : la \u00ab Pravda \u00bb, la V\u00e9rit\u00e9, la Justice ? \u00bb (Gratieux). Les alli\u00e9s se sentaient d\u00e9contenanc\u00e9s et apeur\u00e9s par cette Russie \u00e9branl\u00e9e dans ses fondements: leur politique \u00e9tait h\u00e9sitante, m\u00eame s&rsquo;ils avaient lev\u00e9 un front antibolchevik en Sib\u00e9rie, avec des renforts tch\u00e9coslo\u00advaques. Or, Gratieux revenait \u00e0 Paris, en cet automne 1917, renseign\u00e9 sur toutes les coutures de la vie et de la mentalit\u00e9 russes.<\/p>\n<p>Albert Thomas<span id='easy-footnote-5-104686' class='easy-footnote-margin-adjust'><\/span><span class='easy-footnote'><a href='http:\/\/vincentians.com\/fr\/fernand-portal-xi-m-portal-entre-dans-la-diplomatie-de-clemenceau\/#easy-footnote-bottom-5-104686' title='Albert Thomas, socialiste, sera le premier directeur du Bureau International du Travail (1920). Lorsque para\u00eetra &lt;em&gt;Quadragesimo Anno, &lt;\/em&gt;il adressera \u00e0 Pie XI ce message : \u00ab L&amp;rsquo;organisation internationale du travail, quand elle a entam\u00e9 cette t\u00e2che immense avec une ardeur pleine d&amp;rsquo;assurance, \u00e9tait consciente de n&amp;rsquo;\u00eatre point une g\u00e9n\u00e9ration spontan\u00e9e, mais l&amp;rsquo;aboutissement d&amp;rsquo;initiatives anciennes. La semence \u00e9tait jet\u00e9e dans une terre f\u00e9conde, soigneusement pr\u00e9par\u00e9e depuis des ann\u00e9es par des ouvriers tenaces, entre autres ceux qui se r\u00e9clament de l&amp;rsquo;ency\u00adclique &lt;em&gt;Rerum Novarum\u00bb&lt;\/em&gt;.'><sup>5<\/sup><\/a><\/span>, ministre de la Guerre, que l&rsquo;abb\u00e9 Gratieux, il y a quelques ann\u00e9es, avait rencontr\u00e9 \u00e0 l&rsquo;ambassade de Petrograd, facilite \u00e0 M. Portal, une entrevue avec Clemenceau, \u00abl&rsquo;Homme Rouge\u00bb charg\u00e9 du vin et du sang de 1907, des vignerons m\u00e9ridionaux. L&rsquo;anticl\u00e9rical fait \u00e0 l&rsquo;eccl\u00e9siastique \u00able meilleur accueil\u00bb.<\/p>\n<h2><strong>Avec des ministres<\/strong><\/h2>\n<p>En f\u00e9vrier 1918, l&rsquo;abb\u00e9 Gratieux qui avait rejoint les arm\u00e9es, est convoqu\u00e9 au Cabinet de Clemenceau qui prend connaissance, presqu&rsquo;avec \u00e9motion, d&rsquo;informations in\u00e9dites. \u00ab Les Russes croiront \u00e0 la Russie en constatant que nous y croyons nous-m\u00eames. Des conf\u00e9rences, des brochures, des articles consacr\u00e9s \u00e0 cet objet ne seraient pas moins efficaces en Russie qu&rsquo;en France, et c&rsquo;est peut- \u00eatre \u00e0 Paris que l&rsquo;on sauvera P\u00e9trograd \u00bb telle est la conviction de celui que ses neveux devaient appeler \u00ab le dernier des slavophiles \u00bb.<\/p>\n<p>Le Fran\u00e7ais, dit-il, base son id\u00e9al sur \u00ab l&rsquo;honneur \u00bb tandis que le Russe le base sur \u00ab l&rsquo;humilit\u00e9 \u00bb et m\u00eame \u00ab l&rsquo;humiliation \u00bb r\u00e9demp\u00adtrice. Il suffit de lire Dosto\u00efevski.<\/p>\n<p>Mais \u2014 s&rsquo;exclame le ministre \u2014 \u00ab c&rsquo;est un sentiment tout \u00e0 fait chr\u00e9tien \u00bb.<\/p>\n<p>\u00ab Les Russes sont peut-\u00eatre, par leurs aspirations, le peuple le plus chr\u00e9tien qu&rsquo;il y ait au monde \u00bb. C&rsquo;est un peuple ob\u00e9issant \u00e0 une mission proph\u00e9tique et messianique car il \u00ab se croit destin\u00e9 \u00e0 d\u00e9couvrir au monde et \u00e0 lui donner, une vie nouvelle, et je ne sais quelle f\u00e9licit\u00e9 de Terre Promise \u00bb.<\/p>\n<p>Oh ! tout cela est bon pour la vie future mais peu utile pour la vie pr\u00e9sente, reprit Clemenceau.<\/p>\n<p>Il faut les deux. Et la France a la grandeur de poss\u00e9der \u00e0 la fois la fiert\u00e9 et la patience.<\/p>\n<p>Clemenceau \u00e9tait conquis. La poign\u00e9e de mains fut chaleureuse. En Mars, l&rsquo;abb\u00e9 Portal, l&rsquo;abb\u00e9 Gratieux et l&rsquo;abb\u00e9 Quenet (un autre sp\u00e9cialiste des \u00e9tudes russes) sont convoqu\u00e9s autour de Clemenceau, entour\u00e9 de Pichon, ministre des Affaires Etrang\u00e8res, de Loucheur, ministre des Travaux Publics, et de Lutaud qui prendrait la direction de l&rsquo;op\u00e9ration. Tout est r\u00e9gl\u00e9 mat\u00e9riellement mais l&rsquo;objectif de l&rsquo;entreprise demeure impr\u00e9cis.<\/p>\n<p>Les \u00e9v\u00e9nements boulevers\u00e8rent ces vagues projets : la Russie, apr\u00e8s l&rsquo;armistice, concluait avec l&rsquo;Allemagne, un pacte ; la politique ext\u00e9rieure fran\u00e7aise se dirigeait vers d&rsquo;autres horizons ; Lutaud ne partait plus mais les deux aum\u00f4niers, toujours attach\u00e9s \u00e0 la mission militaire, se rendirent jusqu&rsquo;en Sib\u00e9rie o\u00f9 ils assist\u00e8rent au d\u00e9sastre du front antibolchevik. \u00ab M. Portal les avait vu partir cette fois sans enthousiasme&#8230; Son initiative curieuse et hardie n&rsquo;en resta pas moins un t\u00e9moignage bien int\u00e9ressant de son coup d&rsquo;oeil, de sa mani\u00e8re, et aussi de la prodigieuse influence qu&rsquo;il savait acqu\u00e9rir dans tous les milieux \u00bb conclut Gratieux.<\/p>\n<p>Portal et Gratieux regardaient toujours du c\u00f4t\u00e9 de Moscou. Les premiers \u00e9clats r\u00e9volutionnaires avaient retenti en 1905<span id='easy-footnote-6-104686' class='easy-footnote-margin-adjust'><\/span><span class='easy-footnote'><a href='http:\/\/vincentians.com\/fr\/fernand-portal-xi-m-portal-entre-dans-la-diplomatie-de-clemenceau\/#easy-footnote-bottom-6-104686' title='En Janvier 1905, les ouvriers de P\u00e9tersbourg, guid\u00e9s par le pr\u00eatre Gapone, all\u00e8rent pr\u00e9senter au tsar une liste de revendications. Le cort\u00e8ge de 100 000 hommes fut accueilli \u00e0 coups de feu ; on d\u00e9nombra plusieurs centaines de victimes (Dimanche Rouge). En Octobre, ce fut la gr\u00e8ve g\u00e9n\u00e9ralis\u00e9e. Ce pr\u00eatre syndicaliste rencontra L\u00e9nine \u00e0 Gen\u00e8ve pour le mettre au courant des \u00e9v\u00e9nements de la Russie.'><sup>6<\/sup><\/a><\/span>, for\u00e7ant le tsar \u00e0 instaurer un r\u00e9gime constitutionnel. L&rsquo;entr\u00e9e en guerre de la Russie contre les Empires Centraux, motiv\u00e9e par le d\u00e9sir d&rsquo;intensifier son h\u00e9g\u00e9monie dans les Balkans, ach\u00e8ve d&rsquo;affaiblir un pays, d\u00e9j\u00e0 bien d\u00e9compos\u00e9.<\/p>\n<h2><strong>Le Concile de toutes les Russies<\/strong><\/h2>\n<p>L&rsquo;Eglise Russe \u00ab s&#8217;embourbe \u00bb (Dm. Kh ) dans la pr\u00e9paration d&rsquo;un Concile de toutes les Russies, qui s&rsquo;inaugurera en \u00e9t\u00e9 1917, juste avant la R\u00e9volution, et continuera quelques mois apr\u00e8s. Il r\u00e9tablira, apr\u00e8s deux si\u00e8cles de \u00ab veuvage \u00bb, le Patriarcat. Les slavophiles dont plusieurs d&rsquo;entre eux participent \u00e0 des commissions pr\u00e9paratoires, relativisent cette assembl\u00e9e domin\u00e9e par des \u00ab hi\u00e9\u00adrarques \u00bb et des \u00ab intellectuels \u00bb, et, en dehors de la vie du \u00ab peuple \u00bb, \u00ab le principal gardien de la pi\u00e9t\u00e9 \u00bb. D&rsquo;apr\u00e8s ces cercles refl\u00e9tant l&rsquo;orthodoxie pure, la \u00abconciliarit\u00e9\u00bb<span id='easy-footnote-7-104686' class='easy-footnote-margin-adjust'><\/span><span class='easy-footnote'><a href='http:\/\/vincentians.com\/fr\/fernand-portal-xi-m-portal-entre-dans-la-diplomatie-de-clemenceau\/#easy-footnote-bottom-7-104686' title='\u00abCe n&amp;rsquo;est pas \u00e0 Moscou ni \u00e0 P\u00e9tersbourg que peut rena\u00eetre la vie conciliaire de notre Eglise, mais sur place. Quand elle sera pratiqu\u00e9e dans les paroisses avec les pr\u00eatres, dans les \u00e9parchies (dioc\u00e8ses) avec les \u00e9v\u00eaques, quand les gens seront entra\u00een\u00e9s \u00e0 cette oeuvre, alors arrivera le moment de convoquer le concile de toute l&amp;rsquo;Eglise, et alors, naturel\u00adlement, il se r\u00e9unira avec des mat\u00e9riaux tout pr\u00eats, \u00e9labor\u00e9s non par une commission pr\u00e9conciliaire artificielle, mais par la vie m\u00eame, et comme la vie ne s&amp;#8217;emballe pas, car elle doit compter avec la r\u00e9alit\u00e9, les questions pos\u00e9es par elle seront claires et effectivement vitales ; et ce qui est le plus important, la vie ne se laissera pas, du premier coup, enlever au troisi\u00e8me ciel : elle prendra le chemin qui consiste \u00e0 poser les questions en suivant l&amp;rsquo;ordre o\u00f9 elles sont r\u00e9ellement situ\u00e9es chacune \u00e0 son tour, et nous nous dirigerons, alors vers cette s\u00e9rieuse et radicale renaissance de la vie eccl\u00e9siastique qu&amp;rsquo;il est impossible d&amp;rsquo;atteindre en suivant le programme compos\u00e9 par \u00ab le proc\u00e9d\u00e9 intel\u00adlectuel \u00bb. (Dm. Khomiakov).'><sup>7<\/sup><\/a><\/span> (Sobornost) d\u00e9passe le concile (sobor) lui-m\u00eame. Ils consid\u00e8rent toute d\u00e9monstration eccl\u00e9siale suivant \u00ab la r\u00e9alisation de la foi, c&rsquo;est-\u00e0-dire, quelque chose qui est au-dessus de toute d\u00e9finition ext\u00e9rieure, de toute formule \u00bb, et la d\u00e9marche du Saint \u00ab c&rsquo;est-\u00e0-dire celui qu&rsquo;on ne peut appr\u00e9cier avec la r\u00e8gle d&rsquo;une caract\u00e9ristique ext\u00e9rieure, mais avec le sentiment instinctif d&rsquo;une \u00e2me croyante\u00bb<span id='easy-footnote-8-104686' class='easy-footnote-margin-adjust'><\/span><span class='easy-footnote'><a href='http:\/\/vincentians.com\/fr\/fernand-portal-xi-m-portal-entre-dans-la-diplomatie-de-clemenceau\/#easy-footnote-bottom-8-104686' title='Cette relativisation des choses vaut aussi pour les r\u00e9alit\u00e9s politiques. Les slavophiles scrutaient les \u00e9v\u00e9nements qui secouaient la soci\u00e9t\u00e9 et l&amp;rsquo;\u00c9glise russes, avec l&amp;rsquo;attention sereine de ceux qui se sont r\u00e9fugi\u00e9s dans la vision de l&amp;rsquo;Eglise d&amp;rsquo;En Haut. \u00ab C&amp;rsquo;est pourquoi \u2014 af\u00adfirmait Khomiakov \u2014 tant de gens appartenant pleinement \u00e0 l&amp;rsquo;Eglise (les Saints) ont exerc\u00e9 une influence profonde sur les destin\u00e9es politiques de leur peuple sans s&amp;rsquo;y m\u00ealer directement. La lumi\u00e8re de l&amp;rsquo;intelligence des choses d&amp;rsquo;\u00c9glise a ouvert leurs yeux \u00e0 l&amp;rsquo;intelligence des affaires s\u00e9culi\u00e8res, parce qu&amp;rsquo;ils les voyaient d&amp;rsquo;en haut tandis que d&amp;rsquo;autres les regardaient d&amp;rsquo;en bas, et c&amp;rsquo;est pourquoi ils les trouvent d\u00e9mesur\u00e9ment grandes \u00bb.'><sup>8<\/sup><\/a><\/span>.<\/p>\n<p>Par quels aboutissants, l&rsquo;abb\u00e9 Gratieux, mobilis\u00e9 comme aum\u00f4nier militaire, s&rsquo;\u00e9tait-il d\u00e9tach\u00e9 du front, et, apr\u00e8s une longue naviguation par l&rsquo;Angleterre o\u00f9 il avait pu causer avec Lord Halifax, puis par la Norv\u00e8ge et la Finlande, assistait-il, le jour de l&rsquo;Assomption, \u00e0 Moscou, \u00e0 l&rsquo;ouverture du Concile de toutes les Russies, \u00ab derni\u00e8re manifestation solennelle de la Sainte Russie\u00bb ? Il vit aussi avec joie \u2014 et pour la derni\u00e8re fois \u2014 Dmitri Khomiakov, bien diminu\u00e9, sa famille et ses amis ; selon eux le concile \u00ab tournait au parlement meeting \u00bb et s&rsquo;\u00e9loignait de la \u00abconciliarit\u00e9\u00bb vivante.<\/p>\n<h2><strong>Toujours l&rsquo;abb\u00e9 Gratieux<\/strong><\/h2>\n<p>Tout avait commenc\u00e9 depuis longtemps&#8230; Mais les relations de l&rsquo;abb\u00e9 Portal avec M. de Caix, magnat de la Presse et expert des Affaires Etrang\u00e8res, servirent de cause imm\u00e9diate. Les milieux diplomatiques savaient qu&rsquo;\u00e0 Moscou les influences fran\u00e7aises s&rsquo;es\u00adtompaient. N&rsquo;y avait-il pas, presqu&rsquo;\u00e0 port\u00e9e de mains, quelques amis de M. Portal, vou\u00e9s \u00e0 la Russie?<span id='easy-footnote-9-104686' class='easy-footnote-margin-adjust'><\/span><span class='easy-footnote'><a href='http:\/\/vincentians.com\/fr\/fernand-portal-xi-m-portal-entre-dans-la-diplomatie-de-clemenceau\/#easy-footnote-bottom-9-104686' title='Les unionistes auraient-ils le g\u00e9nie d&amp;rsquo;ambassadeur en pays slave ? Birkbeck, consult\u00e9 par Lord Kitchener, ministre de la Guerre, fut envoy\u00e9 en Russie pour une mission d&amp;rsquo;Information. Il mourut, apr\u00e8s son retour, durant l&amp;rsquo;\u00e9t\u00e9 1916, \u00e0 l&amp;rsquo;\u00e2ge de 57 ans. Lord Halifax le regrettera \u00e0 tel point qu&amp;rsquo;il dira souvent : \u00ab Si seulement Birkbeck \u00e9tait l\u00e0 ! \u00bb.'><sup>9<\/sup><\/a><\/span>\n<p>A la rue de Grenelle, on comptait sur la d\u00e9livrance de l&rsquo;Eglise orthodoxe de la tutelle imp\u00e9riale, pour qu&rsquo;elle puisse reprendre son \u00e9lan, d&rsquo;autant plus que le Concile s&rsquo;appr\u00eatait \u00e0 s&rsquo;ouvrir. La tradition catholique fran\u00e7aise, surtout avec Vincent de Paul, portait la richesse d&rsquo;un renouveau sacerdotal et d&rsquo;une activit\u00e9 sociale. De plus, l&rsquo;Eglise de France tentait de se familiariser avec la S\u00e9pa\u00adration de l&rsquo;Eglise et de l&rsquo;\u00c9tat. Toute cette exp\u00e9rience serait profi\u00adtable aux slaves.<\/p>\n<p>De toutes fa\u00e7ons il fallait agir vite. La Sainte Russie, pouvait-elle faire jaillir du sein de son Eglise, une vigueur insoup\u00e7onn\u00e9e alors que l&rsquo;antique soci\u00e9t\u00e9 russe se d\u00e9sagr\u00e9geait, et que seuls, les meneurs r\u00e9volutionnaires parlaient au peuple un langage opportun, \u00ab un de ces mots auxquels l&rsquo;\u00e2me russe n&rsquo;est jamais demeur\u00e9e indiff\u00e9rente : la \u00ab Pravda \u00bb, la V\u00e9rit\u00e9, la Justice ? \u00bb (Gratieux). Les alli\u00e9s se sentaient d\u00e9contenanc\u00e9s et apeur\u00e9s par cette Russie \u00e9branl\u00e9e dans ses fondements: leur politique \u00e9tait h\u00e9sitante, m\u00eame s&rsquo;ils avaient lev\u00e9 un front antibolchevik en Sib\u00e9rie, avec des renforts tch\u00e9coslo\u00advaques. Or, Gratieux revenait \u00e0 Paris, en cet automne 1917, renseign\u00e9 sur toutes les coutures de la vie et de la mentalit\u00e9 russes.<\/p>\n<p>Albert Thomas<span id='easy-footnote-10-104686' class='easy-footnote-margin-adjust'><\/span><span class='easy-footnote'><a href='http:\/\/vincentians.com\/fr\/fernand-portal-xi-m-portal-entre-dans-la-diplomatie-de-clemenceau\/#easy-footnote-bottom-10-104686' title='Albert Thomas, socialiste, sera le premier directeur du Bureau International du Travail (1920). Lorsque para\u00eetra &lt;em&gt;Quadragesimo Anno, &lt;\/em&gt;il adressera \u00e0 Pie XI ce message : \u00ab L&amp;rsquo;organisation internationale du travail, quand elle a entam\u00e9 cette t\u00e2che immense avec une ardeur pleine d&amp;rsquo;assurance, \u00e9tait consciente de n&amp;rsquo;\u00eatre point une g\u00e9n\u00e9ration spontan\u00e9e, mais l&amp;rsquo;aboutissement d&amp;rsquo;initiatives anciennes. La semence \u00e9tait jet\u00e9e dans une terre f\u00e9conde, soigneusement pr\u00e9par\u00e9e depuis des ann\u00e9es par des ouvriers tenaces, entre autres ceux qui se r\u00e9clament de l&amp;rsquo;ency\u00adclique &lt;em&gt;Rerum Novarum\u00bb.&lt;\/em&gt;'><sup>10<\/sup><\/a><\/span>, ministre de la Guerre, que l&rsquo;abb\u00e9 Gratieux, il y a quelques ann\u00e9es, avait rencontr\u00e9 \u00e0 l&rsquo;ambassade de Petrograd, facilite \u00e0 M. Portal, une entrevue avec Clemenceau, \u00abl&rsquo;Homme Rouge\u00bb charg\u00e9 du vin et du sang de 1907, des vignerons m\u00e9ridionaux. L&rsquo;anticl\u00e9rical fait \u00e0 l&rsquo;eccl\u00e9siastique \u00able meilleur accueil\u00bb.<\/p>\n<h2><strong>Avec des ministres<\/strong><\/h2>\n<p>En f\u00e9vrier 1918, l&rsquo;abb\u00e9 Gratieux qui avait rejoint les arm\u00e9es, est convoqu\u00e9 au Cabinet de Clemenceau qui prend connaissance, presqu&rsquo;avec \u00e9motion, d&rsquo;informations in\u00e9dites. \u00ab Les Russes croiront \u00e0 la Russie en constatant que nous y croyons nous-m\u00eames. Des conf\u00e9rences, des brochures, des articles consacr\u00e9s \u00e0 cet objet ne seraient pas moins efficaces en Russie qu&rsquo;en France, et c&rsquo;est peut- \u00eatre \u00e0 Paris que l&rsquo;on sauvera P\u00e9trograd \u00bb telle est la conviction de celui que ses neveux devaient appeler \u00ab le dernier des slavophiles \u00bb.<\/p>\n<p>Le Fran\u00e7ais, dit-il, base son id\u00e9al sur \u00ab l&rsquo;honneur \u00bb tandis que le Russe le base sur \u00ab l&rsquo;humilit\u00e9 \u00bb et m\u00eame \u00ab l&rsquo;humiliation \u00bb r\u00e9demp\u00adtrice. Il suffit de lire Dosto\u00efevski.<\/p>\n<p>Mais \u2014 s&rsquo;exclame le ministre \u2014 \u00ab c&rsquo;est un sentiment tout \u00e0 fait chr\u00e9tien \u00bb.<\/p>\n<p>\u00ab Les Russes sont peut-\u00eatre, par leurs aspirations, le peuple le plus chr\u00e9tien qu&rsquo;il y ait au monde \u00bb. C&rsquo;est un peuple ob\u00e9issant \u00e0 une mission proph\u00e9tique et messianique car il \u00ab se croit destin\u00e9 \u00e0 d\u00e9couvrir au monde et \u00e0 lui donner, une vie nouvelle, et je ne sais quelle f\u00e9licit\u00e9 de Terre Promise \u00bb.<\/p>\n<p>Oh ! tout cela est bon pour la vie future mais peu utile pour la vie pr\u00e9sente, reprit Clemenceau.<\/p>\n<p>Il faut les deux. Et la France a la grandeur de poss\u00e9der \u00e0 la fois la fiert\u00e9 et la patience.<\/p>\n<p>Clemenceau \u00e9tait conquis. La poign\u00e9e de mains fut chaleureuse. En Mars, l&rsquo;abb\u00e9 Portal, l&rsquo;abb\u00e9 Gratieux et l&rsquo;abb\u00e9 Quenet (un autre sp\u00e9cialiste des \u00e9tudes russes) sont convoqu\u00e9s autour de Clemenceau, entour\u00e9 de Pichon, ministre des Affaires Etrang\u00e8res, de Loucheur, ministre des Travaux Publics, et de Lutaud qui prendrait la direction de l&rsquo;op\u00e9ration. Tout est r\u00e9gl\u00e9 mat\u00e9riellement mais l&rsquo;objectif de l&rsquo;entreprise demeure impr\u00e9cis.<\/p>\n<p>Les \u00e9v\u00e9nements boulevers\u00e8rent ces vagues projets : la Russie, apr\u00e8s l&rsquo;armistice, concluait avec l&rsquo;Allemagne, un pacte ; la politique ext\u00e9rieure fran\u00e7aise se dirigeait vers d&rsquo;autres horizons ; Lutaud ne partait plus mais les deux aum\u00f4niers, toujours attach\u00e9s \u00e0 la mission militaire, se rendirent jusqu&rsquo;en Sib\u00e9rie o\u00f9 ils assist\u00e8rent au d\u00e9sastre du front antibolchevik. \u00ab M. Portal les avait vu partir cette fois sans enthousiasme&#8230; Son initiative curieuse et hardie n&rsquo;en resta pas moins un t\u00e9moignage bien int\u00e9ressant de son coup d&rsquo;oeil, de sa mani\u00e8re, et aussi de la prodigieuse influence qu&rsquo;il savait acqu\u00e9rir dans tous les milieux \u00bb conclut Gratieux.<\/p>\n","protected":false},"excerpt":{"rendered":"<p>Portal et Gratieux regardaient toujours du c\u00f4t\u00e9 de Moscou. Les premiers \u00e9clats r\u00e9volutionnaires avaient retenti en 1905, for\u00e7ant le tsar \u00e0 instaurer un r\u00e9gime constitutionnel. L&rsquo;entr\u00e9e en guerre de la Russie contre les Empires Centraux, &#8230; <a href=\"http:\/\/vincentians.com\/fr\/fernand-portal-xi-m-portal-entre-dans-la-diplomatie-de-clemenceau\/\" class=\"more-link\">Read More<\/a><\/p>\n","protected":false},"author":4,"featured_media":189930,"comment_status":"open","ping_status":"open","sticky":false,"template":"","format":"standard","meta":{"jetpack_post_was_ever_published":false,"_jetpack_newsletter_access":"","_jetpack_dont_email_post_to_subs":false,"_jetpack_newsletter_tier_id":0,"_jetpack_memberships_contains_paywalled_content":false,"_jetpack_memberships_contains_paid_content":false,"footnotes":"","jetpack_publicize_message":"","jetpack_publicize_feature_enabled":true,"jetpack_social_post_already_shared":true,"jetpack_social_options":{"image_generator_settings":{"template":"highway","default_image_id":0,"font":"","enabled":false},"version":2}},"categories":[115],"tags":[],"class_list":["post-104686","post","type-post","status-publish","format-standard","has-post-thumbnail","hentry","category-biographies-lazaristes"],"yoast_head":"<!-- This site is optimized with the Yoast SEO plugin v26.3 - https:\/\/yoast.com\/wordpress\/plugins\/seo\/ -->\n<title>Fernand Portal (XI) M. Portal entre dans la Diplomatie de Clemenceau - Nous Sommes Vincentiens<\/title>\n<meta name=\"robots\" content=\"index, follow, max-snippet:-1, max-image-preview:large, max-video-preview:-1\" \/>\n<link rel=\"canonical\" href=\"http:\/\/vincentians.com\/fr\/fernand-portal-xi-m-portal-entre-dans-la-diplomatie-de-clemenceau\/\" \/>\n<meta property=\"og:locale\" content=\"fr_FR\" \/>\n<meta property=\"og:type\" content=\"article\" \/>\n<meta property=\"og:title\" content=\"Fernand Portal (XI) M. Portal entre dans la Diplomatie de Clemenceau - Nous Sommes Vincentiens\" \/>\n<meta property=\"og:description\" content=\"Portal et Gratieux regardaient toujours du c\u00f4t\u00e9 de Moscou. Les premiers \u00e9clats r\u00e9volutionnaires avaient retenti en 1905, for\u00e7ant le tsar \u00e0 instaurer un r\u00e9gime constitutionnel. L&rsquo;entr\u00e9e en guerre de la Russie contre les Empires Centraux, ... Read More\" \/>\n<meta property=\"og:url\" content=\"http:\/\/vincentians.com\/fr\/fernand-portal-xi-m-portal-entre-dans-la-diplomatie-de-clemenceau\/\" \/>\n<meta property=\"og:site_name\" content=\"Nous Sommes Vincentiens\" \/>\n<meta property=\"article:publisher\" content=\"https:\/\/www.facebook.com\/WeAreVincentians\/\" \/>\n<meta property=\"article:author\" content=\"https:\/\/www.facebook.com\/JavierChento\" \/>\n<meta property=\"article:published_time\" content=\"2012-11-25T04:09:31+00:00\" \/>\n<meta property=\"og:image\" content=\"https:\/\/i0.wp.com\/vincentians.com\/fr\/wp-content\/uploads\/sites\/10\/2016\/08\/bio-congregation-of-the-mission.jpg?fit=1200%2C630\" \/>\n\t<meta property=\"og:image:width\" content=\"1200\" \/>\n\t<meta property=\"og:image:height\" content=\"630\" \/>\n\t<meta property=\"og:image:type\" content=\"image\/jpeg\" \/>\n<meta name=\"author\" content=\"Francisco Javier Fern\u00e1ndez Chento\" \/>\n<meta name=\"twitter:card\" content=\"summary_large_image\" \/>\n<meta name=\"twitter:creator\" content=\"@https:\/\/twitter.com\/javierchento\" \/>\n<meta name=\"twitter:site\" content=\"@WeVincentians\" \/>\n<meta name=\"twitter:label1\" content=\"\u00c9crit par\" \/>\n\t<meta name=\"twitter:data1\" content=\"Francisco Javier Fern\u00e1ndez Chento\" \/>\n\t<meta name=\"twitter:label2\" content=\"Dur\u00e9e de lecture estim\u00e9e\" \/>\n\t<meta name=\"twitter:data2\" content=\"16 minutes\" \/>\n<script type=\"application\/ld+json\" class=\"yoast-schema-graph\">{\"@context\":\"https:\/\/schema.org\",\"@graph\":[{\"@type\":\"WebPage\",\"@id\":\"http:\/\/vincentians.com\/fr\/fernand-portal-xi-m-portal-entre-dans-la-diplomatie-de-clemenceau\/\",\"url\":\"http:\/\/vincentians.com\/fr\/fernand-portal-xi-m-portal-entre-dans-la-diplomatie-de-clemenceau\/\",\"name\":\"Fernand Portal (XI) M. Portal entre dans la Diplomatie de Clemenceau - Nous Sommes Vincentiens\",\"isPartOf\":{\"@id\":\"http:\/\/vincentians.com\/fr\/#website\"},\"primaryImageOfPage\":{\"@id\":\"http:\/\/vincentians.com\/fr\/fernand-portal-xi-m-portal-entre-dans-la-diplomatie-de-clemenceau\/#primaryimage\"},\"image\":{\"@id\":\"http:\/\/vincentians.com\/fr\/fernand-portal-xi-m-portal-entre-dans-la-diplomatie-de-clemenceau\/#primaryimage\"},\"thumbnailUrl\":\"https:\/\/i0.wp.com\/vincentians.com\/fr\/wp-content\/uploads\/sites\/10\/2016\/08\/bio-congregation-of-the-mission.jpg?fit=1200%2C630\",\"datePublished\":\"2012-11-25T04:09:31+00:00\",\"author\":{\"@id\":\"http:\/\/vincentians.com\/fr\/#\/schema\/person\/9623ef4d9aa3b2dfb8c061f1499288f2\"},\"breadcrumb\":{\"@id\":\"http:\/\/vincentians.com\/fr\/fernand-portal-xi-m-portal-entre-dans-la-diplomatie-de-clemenceau\/#breadcrumb\"},\"inLanguage\":\"fr-FR\",\"potentialAction\":[{\"@type\":\"ReadAction\",\"target\":[\"http:\/\/vincentians.com\/fr\/fernand-portal-xi-m-portal-entre-dans-la-diplomatie-de-clemenceau\/\"]}]},{\"@type\":\"ImageObject\",\"inLanguage\":\"fr-FR\",\"@id\":\"http:\/\/vincentians.com\/fr\/fernand-portal-xi-m-portal-entre-dans-la-diplomatie-de-clemenceau\/#primaryimage\",\"url\":\"https:\/\/i0.wp.com\/vincentians.com\/fr\/wp-content\/uploads\/sites\/10\/2016\/08\/bio-congregation-of-the-mission.jpg?fit=1200%2C630\",\"contentUrl\":\"https:\/\/i0.wp.com\/vincentians.com\/fr\/wp-content\/uploads\/sites\/10\/2016\/08\/bio-congregation-of-the-mission.jpg?fit=1200%2C630\",\"width\":1200,\"height\":630},{\"@type\":\"BreadcrumbList\",\"@id\":\"http:\/\/vincentians.com\/fr\/fernand-portal-xi-m-portal-entre-dans-la-diplomatie-de-clemenceau\/#breadcrumb\",\"itemListElement\":[{\"@type\":\"ListItem\",\"position\":1,\"name\":\"Portada\",\"item\":\"http:\/\/vincentians.com\/fr\/\"},{\"@type\":\"ListItem\",\"position\":2,\"name\":\"Fernand Portal (XI) M. Portal entre dans la Diplomatie de Clemenceau\"}]},{\"@type\":\"WebSite\",\"@id\":\"http:\/\/vincentians.com\/fr\/#website\",\"url\":\"http:\/\/vincentians.com\/fr\/\",\"name\":\"Nous Sommes Vincentiens\",\"description\":\"Know more to serve more\",\"potentialAction\":[{\"@type\":\"SearchAction\",\"target\":{\"@type\":\"EntryPoint\",\"urlTemplate\":\"http:\/\/vincentians.com\/fr\/?s={search_term_string}\"},\"query-input\":{\"@type\":\"PropertyValueSpecification\",\"valueRequired\":true,\"valueName\":\"search_term_string\"}}],\"inLanguage\":\"fr-FR\"},{\"@type\":\"Person\",\"@id\":\"http:\/\/vincentians.com\/fr\/#\/schema\/person\/9623ef4d9aa3b2dfb8c061f1499288f2\",\"name\":\"Francisco Javier Fern\u00e1ndez Chento\",\"image\":{\"@type\":\"ImageObject\",\"inLanguage\":\"fr-FR\",\"@id\":\"http:\/\/vincentians.com\/fr\/#\/schema\/person\/image\/\",\"url\":\"https:\/\/secure.gravatar.com\/avatar\/497d5cde87b4c3d097d0315953521681ba2cd523ee66e5077c3711f7021e65de?s=96&d=mm&r=g\",\"contentUrl\":\"https:\/\/secure.gravatar.com\/avatar\/497d5cde87b4c3d097d0315953521681ba2cd523ee66e5077c3711f7021e65de?s=96&d=mm&r=g\",\"caption\":\"Francisco Javier Fern\u00e1ndez Chento\"},\"description\":\"Director General y cofundador de La Red de Formaci\u00f3n Vicenciana. Javier es laico vicenciano, afiliado a la Congregaci\u00f3n de la Misi\u00f3n y miembro del Equipo de Misiones Populares de la provincia can\u00f3nica de Zaragoza (Espa\u00f1a) de la Congregaci\u00f3n de la Misi\u00f3n. Graduado en la Universidad Oberta de Catalunya con cuatro grados (Asistente de direcci\u00f3n, Gesti\u00f3n Administrativa, Recursos Humanos y Contabilidad Avanzada). Bil\u00edng\u00fce Espa\u00f1ol\/Ingl\u00e9s. gestiona y mantiene varias p\u00e1ginas web cristianas y vicencianas, incluida including La Red de Formaci\u00f3n Vicenciana, de la que es cofundador. Actualmente es responsable del \u00e1rea de Espa\u00f1ol de .famvin, la Red de Noticias de la Familia Vicenciana. Tambi\u00e9n es m\u00fasico cat\u00f3lico y ha editado varios discos. Es Director General y cofundador de Trovador, una reconocida compa\u00f1\u00eda discogr\u00e1fica critiana de Espa\u00f1a. Trabaja en las Tecnolog\u00edas de la Informaci\u00f3n, ofreciendo servicios de alojamiento, dise\u00f1o y mantenimiento Web, as\u00ed como asesoramiento, formaci\u00f3n y soluciones inform\u00e1ticas, gesti\u00f3n documental y digitalizaci\u00f3n de textos, edici\u00f3n y maquetaci\u00f3n de libros, revistas, flyers, etc.\",\"sameAs\":[\"http:\/\/chento.org\",\"https:\/\/www.facebook.com\/JavierChento\",\"https:\/\/x.com\/https:\/\/twitter.com\/javierchento\"],\"url\":\"http:\/\/vincentians.com\/fr\/author\/chento\/\"}]}<\/script>\n<!-- \/ Yoast SEO plugin. -->","yoast_head_json":{"title":"Fernand Portal (XI) M. Portal entre dans la Diplomatie de Clemenceau - Nous Sommes Vincentiens","robots":{"index":"index","follow":"follow","max-snippet":"max-snippet:-1","max-image-preview":"max-image-preview:large","max-video-preview":"max-video-preview:-1"},"canonical":"http:\/\/vincentians.com\/fr\/fernand-portal-xi-m-portal-entre-dans-la-diplomatie-de-clemenceau\/","og_locale":"fr_FR","og_type":"article","og_title":"Fernand Portal (XI) M. Portal entre dans la Diplomatie de Clemenceau - Nous Sommes Vincentiens","og_description":"Portal et Gratieux regardaient toujours du c\u00f4t\u00e9 de Moscou. Les premiers \u00e9clats r\u00e9volutionnaires avaient retenti en 1905, for\u00e7ant le tsar \u00e0 instaurer un r\u00e9gime constitutionnel. L&rsquo;entr\u00e9e en guerre de la Russie contre les Empires Centraux, ... Read More","og_url":"http:\/\/vincentians.com\/fr\/fernand-portal-xi-m-portal-entre-dans-la-diplomatie-de-clemenceau\/","og_site_name":"Nous Sommes Vincentiens","article_publisher":"https:\/\/www.facebook.com\/WeAreVincentians\/","article_author":"https:\/\/www.facebook.com\/JavierChento","article_published_time":"2012-11-25T04:09:31+00:00","og_image":[{"width":1200,"height":630,"url":"https:\/\/i0.wp.com\/vincentians.com\/fr\/wp-content\/uploads\/sites\/10\/2016\/08\/bio-congregation-of-the-mission.jpg?fit=1200%2C630","type":"image\/jpeg"}],"author":"Francisco Javier Fern\u00e1ndez Chento","twitter_card":"summary_large_image","twitter_creator":"@https:\/\/twitter.com\/javierchento","twitter_site":"@WeVincentians","twitter_misc":{"\u00c9crit par":"Francisco Javier Fern\u00e1ndez Chento","Dur\u00e9e de lecture estim\u00e9e":"16 minutes"},"schema":{"@context":"https:\/\/schema.org","@graph":[{"@type":"WebPage","@id":"http:\/\/vincentians.com\/fr\/fernand-portal-xi-m-portal-entre-dans-la-diplomatie-de-clemenceau\/","url":"http:\/\/vincentians.com\/fr\/fernand-portal-xi-m-portal-entre-dans-la-diplomatie-de-clemenceau\/","name":"Fernand Portal (XI) M. Portal entre dans la Diplomatie de Clemenceau - Nous Sommes Vincentiens","isPartOf":{"@id":"http:\/\/vincentians.com\/fr\/#website"},"primaryImageOfPage":{"@id":"http:\/\/vincentians.com\/fr\/fernand-portal-xi-m-portal-entre-dans-la-diplomatie-de-clemenceau\/#primaryimage"},"image":{"@id":"http:\/\/vincentians.com\/fr\/fernand-portal-xi-m-portal-entre-dans-la-diplomatie-de-clemenceau\/#primaryimage"},"thumbnailUrl":"https:\/\/i0.wp.com\/vincentians.com\/fr\/wp-content\/uploads\/sites\/10\/2016\/08\/bio-congregation-of-the-mission.jpg?fit=1200%2C630","datePublished":"2012-11-25T04:09:31+00:00","author":{"@id":"http:\/\/vincentians.com\/fr\/#\/schema\/person\/9623ef4d9aa3b2dfb8c061f1499288f2"},"breadcrumb":{"@id":"http:\/\/vincentians.com\/fr\/fernand-portal-xi-m-portal-entre-dans-la-diplomatie-de-clemenceau\/#breadcrumb"},"inLanguage":"fr-FR","potentialAction":[{"@type":"ReadAction","target":["http:\/\/vincentians.com\/fr\/fernand-portal-xi-m-portal-entre-dans-la-diplomatie-de-clemenceau\/"]}]},{"@type":"ImageObject","inLanguage":"fr-FR","@id":"http:\/\/vincentians.com\/fr\/fernand-portal-xi-m-portal-entre-dans-la-diplomatie-de-clemenceau\/#primaryimage","url":"https:\/\/i0.wp.com\/vincentians.com\/fr\/wp-content\/uploads\/sites\/10\/2016\/08\/bio-congregation-of-the-mission.jpg?fit=1200%2C630","contentUrl":"https:\/\/i0.wp.com\/vincentians.com\/fr\/wp-content\/uploads\/sites\/10\/2016\/08\/bio-congregation-of-the-mission.jpg?fit=1200%2C630","width":1200,"height":630},{"@type":"BreadcrumbList","@id":"http:\/\/vincentians.com\/fr\/fernand-portal-xi-m-portal-entre-dans-la-diplomatie-de-clemenceau\/#breadcrumb","itemListElement":[{"@type":"ListItem","position":1,"name":"Portada","item":"http:\/\/vincentians.com\/fr\/"},{"@type":"ListItem","position":2,"name":"Fernand Portal (XI) M. Portal entre dans la Diplomatie de Clemenceau"}]},{"@type":"WebSite","@id":"http:\/\/vincentians.com\/fr\/#website","url":"http:\/\/vincentians.com\/fr\/","name":"Nous Sommes Vincentiens","description":"Know more to serve more","potentialAction":[{"@type":"SearchAction","target":{"@type":"EntryPoint","urlTemplate":"http:\/\/vincentians.com\/fr\/?s={search_term_string}"},"query-input":{"@type":"PropertyValueSpecification","valueRequired":true,"valueName":"search_term_string"}}],"inLanguage":"fr-FR"},{"@type":"Person","@id":"http:\/\/vincentians.com\/fr\/#\/schema\/person\/9623ef4d9aa3b2dfb8c061f1499288f2","name":"Francisco Javier Fern\u00e1ndez Chento","image":{"@type":"ImageObject","inLanguage":"fr-FR","@id":"http:\/\/vincentians.com\/fr\/#\/schema\/person\/image\/","url":"https:\/\/secure.gravatar.com\/avatar\/497d5cde87b4c3d097d0315953521681ba2cd523ee66e5077c3711f7021e65de?s=96&d=mm&r=g","contentUrl":"https:\/\/secure.gravatar.com\/avatar\/497d5cde87b4c3d097d0315953521681ba2cd523ee66e5077c3711f7021e65de?s=96&d=mm&r=g","caption":"Francisco Javier Fern\u00e1ndez Chento"},"description":"Director General y cofundador de La Red de Formaci\u00f3n Vicenciana. Javier es laico vicenciano, afiliado a la Congregaci\u00f3n de la Misi\u00f3n y miembro del Equipo de Misiones Populares de la provincia can\u00f3nica de Zaragoza (Espa\u00f1a) de la Congregaci\u00f3n de la Misi\u00f3n. Graduado en la Universidad Oberta de Catalunya con cuatro grados (Asistente de direcci\u00f3n, Gesti\u00f3n Administrativa, Recursos Humanos y Contabilidad Avanzada). Bil\u00edng\u00fce Espa\u00f1ol\/Ingl\u00e9s. gestiona y mantiene varias p\u00e1ginas web cristianas y vicencianas, incluida including La Red de Formaci\u00f3n Vicenciana, de la que es cofundador. Actualmente es responsable del \u00e1rea de Espa\u00f1ol de .famvin, la Red de Noticias de la Familia Vicenciana. Tambi\u00e9n es m\u00fasico cat\u00f3lico y ha editado varios discos. Es Director General y cofundador de Trovador, una reconocida compa\u00f1\u00eda discogr\u00e1fica critiana de Espa\u00f1a. Trabaja en las Tecnolog\u00edas de la Informaci\u00f3n, ofreciendo servicios de alojamiento, dise\u00f1o y mantenimiento Web, as\u00ed como asesoramiento, formaci\u00f3n y soluciones inform\u00e1ticas, gesti\u00f3n documental y digitalizaci\u00f3n de textos, edici\u00f3n y maquetaci\u00f3n de libros, revistas, flyers, etc.","sameAs":["http:\/\/chento.org","https:\/\/www.facebook.com\/JavierChento","https:\/\/x.com\/https:\/\/twitter.com\/javierchento"],"url":"http:\/\/vincentians.com\/fr\/author\/chento\/"}]}},"jetpack_publicize_connections":[],"jetpack_featured_media_url":"https:\/\/i0.wp.com\/vincentians.com\/fr\/wp-content\/uploads\/sites\/10\/2016\/08\/bio-congregation-of-the-mission.jpg?fit=1200%2C630","jetpack_sharing_enabled":true,"jetpack_shortlink":"https:\/\/wp.me\/p7ETMP-reu","jetpack-related-posts":[{"id":104662,"url":"http:\/\/vincentians.com\/fr\/fernand-portal-vii-allons-travailler-en-russie\/","url_meta":{"origin":104686,"position":0},"title":"Fernand Portal (VII) Allons travailler en Russie","author":"Francisco Javier Fern\u00e1ndez Chento","date":"12\/11\/2012","format":false,"excerpt":"Et si je ne me trompe, d'une mani\u00e8re tr\u00e8s fructueuse... pr\u00e9cise l'abb\u00e9 Portal qui avait envisag\u00e9 un voyage en Russie, au gr\u00e9 de Birkbeck. Il ne pouvait pas \u00eatre partout et, face au monde \u00ab slave \u00bb encore plus ind\u00e9chiffrable que \u00ab l'Angle \u00bb, il se sentait \u00e0 la fois\u2026","rel":"","context":"Dans &quot;Biographies Lazaristes&quot;","block_context":{"text":"Biographies Lazaristes","link":"http:\/\/vincentians.com\/fr\/category\/biographies-lazaristes\/"},"img":{"alt_text":"","src":"https:\/\/i0.wp.com\/vincentians.com\/fr\/wp-content\/uploads\/sites\/10\/2016\/08\/bio-congregation-of-the-mission.jpg?fit=1200%2C630&resize=350%2C200","width":350,"height":200,"srcset":"https:\/\/i0.wp.com\/vincentians.com\/fr\/wp-content\/uploads\/sites\/10\/2016\/08\/bio-congregation-of-the-mission.jpg?fit=1200%2C630&resize=350%2C200 1x, https:\/\/i0.wp.com\/vincentians.com\/fr\/wp-content\/uploads\/sites\/10\/2016\/08\/bio-congregation-of-the-mission.jpg?fit=1200%2C630&resize=525%2C300 1.5x, https:\/\/i0.wp.com\/vincentians.com\/fr\/wp-content\/uploads\/sites\/10\/2016\/08\/bio-congregation-of-the-mission.jpg?fit=1200%2C630&resize=700%2C400 2x, https:\/\/i0.wp.com\/vincentians.com\/fr\/wp-content\/uploads\/sites\/10\/2016\/08\/bio-congregation-of-the-mission.jpg?fit=1200%2C630&resize=1050%2C600 3x"},"classes":[]},{"id":104193,"url":"http:\/\/vincentians.com\/fr\/fernand-portal-vi-un-seminaire-tres-ouvert\/","url_meta":{"origin":104686,"position":1},"title":"Fernand Portal (VI) Un S\u00e9minaire tr\u00e8s ouvert","author":"Francisco Javier Fern\u00e1ndez Chento","date":"09\/11\/2012","format":false,"excerpt":"Les pr\u00eatres \u00e9tudiant \u00e0 l'Institut Catholique se trouvent \u00e0 l'\u00e9troit dans le Couvent des Carmes. L'immeuble du 88, rue Cherche-Midi, attenant par les jardins \u00e0 la Maison-M\u00e8re des Lazaristes, loge le s\u00e9minaire universitaire St-Vincent-de-Paul, pr\u00e9vu comme annexe. La direction en est confi\u00e9e \u00e0 M. Portal qui conf\u00e9rera \u00e0 la maison\u2026","rel":"","context":"Dans &quot;Biographies Lazaristes&quot;","block_context":{"text":"Biographies Lazaristes","link":"http:\/\/vincentians.com\/fr\/category\/biographies-lazaristes\/"},"img":{"alt_text":"","src":"https:\/\/i0.wp.com\/vincentians.com\/fr\/wp-content\/uploads\/sites\/10\/2016\/08\/bio-congregation-of-the-mission.jpg?fit=1200%2C630&resize=350%2C200","width":350,"height":200,"srcset":"https:\/\/i0.wp.com\/vincentians.com\/fr\/wp-content\/uploads\/sites\/10\/2016\/08\/bio-congregation-of-the-mission.jpg?fit=1200%2C630&resize=350%2C200 1x, https:\/\/i0.wp.com\/vincentians.com\/fr\/wp-content\/uploads\/sites\/10\/2016\/08\/bio-congregation-of-the-mission.jpg?fit=1200%2C630&resize=525%2C300 1.5x, https:\/\/i0.wp.com\/vincentians.com\/fr\/wp-content\/uploads\/sites\/10\/2016\/08\/bio-congregation-of-the-mission.jpg?fit=1200%2C630&resize=700%2C400 2x, https:\/\/i0.wp.com\/vincentians.com\/fr\/wp-content\/uploads\/sites\/10\/2016\/08\/bio-congregation-of-the-mission.jpg?fit=1200%2C630&resize=1050%2C600 3x"},"classes":[]},{"id":74152,"url":"http:\/\/vincentians.com\/fr\/fernand-portal-fils-de-saint-vincent-de-paul\/","url_meta":{"origin":104686,"position":2},"title":"Fernand Portal, Fils de Saint Vincent de Paul","author":"Francisco Javier Fern\u00e1ndez Chento","date":"20\/02\/2015","format":false,"excerpt":"\u00abCelui que vous voyez devant vous est un pr\u00eatre fran\u00e7ais, humble fils de saint Vincent de Paul\u00bb. C'est ainsi que Fernand Portal se pr\u00e9sentait, le 13 juillet 1896, \u00e0 Londres, devant une assembl\u00e9e compos\u00e9e en majeure partie de pr\u00eatres anglicans. En mettant ainsi en avant sa carte d'identit\u00e9 vincentienne, recourait-il\u2026","rel":"","context":"Dans &quot;Biographies Lazaristes&quot;","block_context":{"text":"Biographies Lazaristes","link":"http:\/\/vincentians.com\/fr\/category\/biographies-lazaristes\/"},"img":{"alt_text":"","src":"https:\/\/i0.wp.com\/vincentians.com\/fr\/wp-content\/uploads\/sites\/10\/2016\/08\/bio-congregation-of-the-mission.jpg?fit=1200%2C630&resize=350%2C200","width":350,"height":200,"srcset":"https:\/\/i0.wp.com\/vincentians.com\/fr\/wp-content\/uploads\/sites\/10\/2016\/08\/bio-congregation-of-the-mission.jpg?fit=1200%2C630&resize=350%2C200 1x, https:\/\/i0.wp.com\/vincentians.com\/fr\/wp-content\/uploads\/sites\/10\/2016\/08\/bio-congregation-of-the-mission.jpg?fit=1200%2C630&resize=525%2C300 1.5x, https:\/\/i0.wp.com\/vincentians.com\/fr\/wp-content\/uploads\/sites\/10\/2016\/08\/bio-congregation-of-the-mission.jpg?fit=1200%2C630&resize=700%2C400 2x, https:\/\/i0.wp.com\/vincentians.com\/fr\/wp-content\/uploads\/sites\/10\/2016\/08\/bio-congregation-of-the-mission.jpg?fit=1200%2C630&resize=1050%2C600 3x"},"classes":[]},{"id":104665,"url":"http:\/\/vincentians.com\/fr\/fernand-portal-viii-dans-la-tourmente-antimoderniste\/","url_meta":{"origin":104686,"position":3},"title":"Fernand Portal (VIII) Dans la tourmente antimoderniste","author":"Francisco Javier Fern\u00e1ndez Chento","date":"15\/11\/2012","format":false,"excerpt":"No\u00ebl 1908, para\u00eet le dernier num\u00e9ro de la Revue Catholique des Eglises. Le Cercle d'\u00c9tudes est supprim\u00e9. Et M. Portal quitte le S\u00e9minaire St-Vincent. Son oeuvre subit les contrecoups de la r\u00e9pres\u00adsion antimoderniste qu'ont entra\u00een\u00e9, l'ann\u00e9e pr\u00e9c\u00e9dente, le d\u00e9cret Lamentabili et l'encyclique Pascendi, attaquant le modernisme comme \u00ab le carrefour\u2026","rel":"","context":"Dans &quot;Biographies Lazaristes&quot;","block_context":{"text":"Biographies Lazaristes","link":"http:\/\/vincentians.com\/fr\/category\/biographies-lazaristes\/"},"img":{"alt_text":"","src":"https:\/\/i0.wp.com\/vincentians.com\/fr\/wp-content\/uploads\/sites\/10\/2016\/08\/bio-congregation-of-the-mission.jpg?fit=1200%2C630&resize=350%2C200","width":350,"height":200,"srcset":"https:\/\/i0.wp.com\/vincentians.com\/fr\/wp-content\/uploads\/sites\/10\/2016\/08\/bio-congregation-of-the-mission.jpg?fit=1200%2C630&resize=350%2C200 1x, https:\/\/i0.wp.com\/vincentians.com\/fr\/wp-content\/uploads\/sites\/10\/2016\/08\/bio-congregation-of-the-mission.jpg?fit=1200%2C630&resize=525%2C300 1.5x, https:\/\/i0.wp.com\/vincentians.com\/fr\/wp-content\/uploads\/sites\/10\/2016\/08\/bio-congregation-of-the-mission.jpg?fit=1200%2C630&resize=700%2C400 2x, https:\/\/i0.wp.com\/vincentians.com\/fr\/wp-content\/uploads\/sites\/10\/2016\/08\/bio-congregation-of-the-mission.jpg?fit=1200%2C630&resize=1050%2C600 3x"},"classes":[]},{"id":104689,"url":"http:\/\/vincentians.com\/fr\/fernand-portal-xii-lie-a-la-russie-antoine-martel-le-disciple\/","url_meta":{"origin":104686,"position":4},"title":"Fernand Portal (XII) Li\u00e9 a la Russie: Antoine Martel, le disciple","author":"Francisco Javier Fern\u00e1ndez Chento","date":"28\/11\/2012","format":false,"excerpt":"La Russie, m\u00eame apr\u00e8s la R\u00e9volution d'Octobre, pr\u00e9occupait Portal. Avec Gratieux, il s'ing\u00e9niait, mais en vain, \u00e0 faire adopter par Mgr Baudrillart, l'\u00e9tude de la langue et de la litt\u00e9rature russes, \u00e0 l'Institut Catholique. Quand l'archev\u00each\u00e9 de Paris se soucia d'un service pour les \u00e9trangers, et sp\u00e9cialement pour les russes\u2026","rel":"","context":"Dans &quot;Biographies Lazaristes&quot;","block_context":{"text":"Biographies Lazaristes","link":"http:\/\/vincentians.com\/fr\/category\/biographies-lazaristes\/"},"img":{"alt_text":"","src":"https:\/\/i0.wp.com\/vincentians.com\/fr\/wp-content\/uploads\/sites\/10\/2016\/08\/bio-congregation-of-the-mission.jpg?fit=1200%2C630&resize=350%2C200","width":350,"height":200,"srcset":"https:\/\/i0.wp.com\/vincentians.com\/fr\/wp-content\/uploads\/sites\/10\/2016\/08\/bio-congregation-of-the-mission.jpg?fit=1200%2C630&resize=350%2C200 1x, https:\/\/i0.wp.com\/vincentians.com\/fr\/wp-content\/uploads\/sites\/10\/2016\/08\/bio-congregation-of-the-mission.jpg?fit=1200%2C630&resize=525%2C300 1.5x, https:\/\/i0.wp.com\/vincentians.com\/fr\/wp-content\/uploads\/sites\/10\/2016\/08\/bio-congregation-of-the-mission.jpg?fit=1200%2C630&resize=700%2C400 2x, https:\/\/i0.wp.com\/vincentians.com\/fr\/wp-content\/uploads\/sites\/10\/2016\/08\/bio-congregation-of-the-mission.jpg?fit=1200%2C630&resize=1050%2C600 3x"},"classes":[]},{"id":190576,"url":"http:\/\/vincentians.com\/fr\/ephemerides-19-juin\/","url_meta":{"origin":104686,"position":5},"title":"Eph\u00e9m\u00e9rides: 19 juin","author":"Francisco Javier Fern\u00e1ndez Chento","date":"19\/06\/2017","format":false,"excerpt":"1926. \u00c0 Paris, rue de Lourmel, dans la maison des \u00abDames de l'Union\u00bb, dont il est le fondateur, M. Fernand Portal meurt \u00e0 l'\u00e2ge de soixante-et-onze ans. Quand, \u00e0 dix-neuf ans, il entra dans la Petite Compagnie, il r\u00eavait d'aller en Chine. Mais il \u00e9tait sujet \u00e0 des h\u00e9moptysies qui,\u2026","rel":"","context":"Dans &quot;\u00c9ph\u00e9m\u00e9rides vincentiens&quot;","block_context":{"text":"\u00c9ph\u00e9m\u00e9rides vincentiens","link":"http:\/\/vincentians.com\/fr\/category\/ephemerides-vincentiens\/"},"img":{"alt_text":"","src":"https:\/\/i0.wp.com\/vincentians.com\/fr\/wp-content\/uploads\/sites\/10\/2016\/07\/ephemerides-fb.jpg?fit=1200%2C630&resize=350%2C200","width":350,"height":200,"srcset":"https:\/\/i0.wp.com\/vincentians.com\/fr\/wp-content\/uploads\/sites\/10\/2016\/07\/ephemerides-fb.jpg?fit=1200%2C630&resize=350%2C200 1x, https:\/\/i0.wp.com\/vincentians.com\/fr\/wp-content\/uploads\/sites\/10\/2016\/07\/ephemerides-fb.jpg?fit=1200%2C630&resize=525%2C300 1.5x, https:\/\/i0.wp.com\/vincentians.com\/fr\/wp-content\/uploads\/sites\/10\/2016\/07\/ephemerides-fb.jpg?fit=1200%2C630&resize=700%2C400 2x, https:\/\/i0.wp.com\/vincentians.com\/fr\/wp-content\/uploads\/sites\/10\/2016\/07\/ephemerides-fb.jpg?fit=1200%2C630&resize=1050%2C600 3x"},"classes":[]}],"_links":{"self":[{"href":"http:\/\/vincentians.com\/fr\/wp-json\/wp\/v2\/posts\/104686","targetHints":{"allow":["GET"]}}],"collection":[{"href":"http:\/\/vincentians.com\/fr\/wp-json\/wp\/v2\/posts"}],"about":[{"href":"http:\/\/vincentians.com\/fr\/wp-json\/wp\/v2\/types\/post"}],"author":[{"embeddable":true,"href":"http:\/\/vincentians.com\/fr\/wp-json\/wp\/v2\/users\/4"}],"replies":[{"embeddable":true,"href":"http:\/\/vincentians.com\/fr\/wp-json\/wp\/v2\/comments?post=104686"}],"version-history":[{"count":0,"href":"http:\/\/vincentians.com\/fr\/wp-json\/wp\/v2\/posts\/104686\/revisions"}],"wp:featuredmedia":[{"embeddable":true,"href":"http:\/\/vincentians.com\/fr\/wp-json\/wp\/v2\/media\/189930"}],"wp:attachment":[{"href":"http:\/\/vincentians.com\/fr\/wp-json\/wp\/v2\/media?parent=104686"}],"wp:term":[{"taxonomy":"category","embeddable":true,"href":"http:\/\/vincentians.com\/fr\/wp-json\/wp\/v2\/categories?post=104686"},{"taxonomy":"post_tag","embeddable":true,"href":"http:\/\/vincentians.com\/fr\/wp-json\/wp\/v2\/tags?post=104686"}],"curies":[{"name":"wp","href":"https:\/\/api.w.org\/{rel}","templated":true}]}}