{"id":104683,"date":"2012-11-21T08:07:35","date_gmt":"2012-11-21T07:07:35","guid":{"rendered":"http:\/\/vincentiens.org\/?p=104683"},"modified":"2012-11-21T08:07:35","modified_gmt":"2012-11-21T07:07:35","slug":"fernand-portal-x-ce-pauvre-quartier-devenu-notre-chez-nous","status":"publish","type":"post","link":"http:\/\/vincentians.com\/fr\/fernand-portal-x-ce-pauvre-quartier-devenu-notre-chez-nous\/","title":{"rendered":"Fernand Portal (X) Ce pauvre quartier devenu notre chez nous"},"content":{"rendered":"<p><a href=\"https:\/\/i0.wp.com\/vincentiens.org\/wp-content\/uploads\/2012\/11\/Portal-A3.jpg\"><img data-recalc-dims=\"1\" loading=\"lazy\" decoding=\"async\" class=\"size-full wp-image-104684 alignright\" title=\"Portal-A\" src=\"https:\/\/i0.wp.com\/vincentiens.org\/wp-content\/uploads\/2012\/11\/Portal-A3.jpg?resize=250%2C287\" alt=\"\" width=\"250\" height=\"287\" \/><\/a>L&rsquo;amiti\u00e9, la bont\u00e9 et la cordialit\u00e9, aliment\u00e9es \u00e0 l&rsquo;\u00c9vangile et \u00e0 St Vincent de Paul, marques du temp\u00e9rament de M. Portal, l&rsquo;am\u00e8nent \u00e0 une rencontre avec les pauvres. Son souci de confron\u00adter toute id\u00e9e avec la dure r\u00e9alit\u00e9 trouve par l\u00e0 un point d&rsquo;application incisif.<\/p>\n<h2><strong>L&rsquo;Eglise et les pauvres<\/strong><\/h2>\n<p>Chass\u00e9e par l&rsquo;exode rural, une population d\u00e9racin\u00e9e, s&#8217;empile dans les grandes villes et les cit\u00e9s industrielles, en qu\u00eate de salaires de mis\u00e8re, logeant dans des taudis immondes, travaillant d\u00e8s l&rsquo;enfance, depuis l&rsquo;aube jusqu&rsquo;\u00e0 la nuit tombante. Les mouvements socialistes s&#8217;emparent des aspirations de la classe ouvri\u00e8re ; le Parti Ouvrier Fran\u00e7ais, en septembre 19oz, claironne que pour beaucoup et bien souvent, l&rsquo;anticl\u00e9ricalisme est une \u00abmanoeuvre de la classe capitaliste pour d\u00e9tourner les travailleurs de leur lutte contre la servitude \u00e9conomique&#8230; Depuis 25 ans, on nourrit ce pays avec des salmis de moines\u00bb.<\/p>\n<p>L&rsquo;Eglise, qui a perdu la classe ouvri\u00e8re au XIXe si\u00e8cle, a laiss\u00e9 se dresser un mur entre elle-m\u00eame et cette portion de l&rsquo;humanit\u00e9, dot\u00e9e d&rsquo;un impressionnant potentiel d&rsquo;\u00e9nergie lib\u00e9ratrice.<\/p>\n<p>L&rsquo;Eglise n&rsquo;a peut-\u00eatre jamais autant r\u00e9alis\u00e9 pour les pauvres, qu&rsquo;au moment de l&rsquo;av\u00e8nement du \u00abprol\u00e9tariat\u00bb. Seulement, il arrivait que ceux qui secouraient les pauvres charitablement, \u00e9taient les m\u00eames qui contribuaient, en maintenant l&rsquo;injustice, \u00e0 leur \u00e9crasement, tout en les ber\u00e7ant avec les consolations \u00e9ternelles. Le cri d&rsquo;Ozanam, ce \u00ab saint en redingote \u00bb, en 1848, n&rsquo;avait gu\u00e8re eu d&rsquo;\u00e9chos: \u00abVous avez \u00e9cras\u00e9 la r\u00e9volte ; il vous reste un ennemi que vous ne connaissez pas assez, dont vous n&rsquo;aimez pas qu&rsquo;on vous entretienne, et dont nous avons r\u00e9solu de vous parler aujourd&rsquo;hui: la Mis\u00e8re\u00bb<span id='easy-footnote-1-104683' class='easy-footnote-margin-adjust'><\/span><span class='easy-footnote'><a href='http:\/\/vincentians.com\/fr\/fernand-portal-x-ce-pauvre-quartier-devenu-notre-chez-nous\/#easy-footnote-bottom-1-104683' title='Lamennais, seconde mani\u00e8re, avait couch\u00e9, en 1834, ces mots br\u00fblants : \u00ab &amp;#8230;ce qui agite les peuples et les \u00e9meut si puissamment : il s&amp;rsquo;agit pour eux de substituer, dans les bases m\u00eame de la soci\u00e9t\u00e9, un principe \u00e0 un autre principe, l&amp;rsquo;\u00e9galit\u00e9 de la nature \u00e0 l&amp;rsquo;in\u00e9galit\u00e9 de la race, la libert\u00e9 de tous \u00e0 la domination native et absolue de quelques-uns. Et cela, qu&amp;rsquo;est-ce qu&amp;rsquo;autre chose que le christianisme s&amp;rsquo;\u00e9pandant au dehors de la soci\u00e9t\u00e9 purement religieuse et animant de sa vie puissante le monde politique, apr\u00e8s avoir perfectionn\u00e9 au del\u00e0 de toute mesure jadis esp\u00e9rable, le monde intellectuel et moral ? \u00bb &lt;em&gt;(Revue des Deux &lt;\/em&gt;&lt;em&gt;Mondes).&lt;\/em&gt;'><sup>1<\/sup><\/a><\/span>. Il \u00e9crivait \u00e0 son fr\u00e8re pr\u00eatre: \u00abJ&rsquo;ai toujours approuv\u00e9 et, maintenant, je suis heureux de partager ton penchant pour ces hommes laborieux ; pauvres, \u00e9trangers aux d\u00e9licatesses et aux politesses de ce qu&rsquo;on appelle les gens bien \u00e9lev\u00e9s. Si un plus grand nombre de chr\u00e9tiens et surtout d&rsquo;eccl\u00e9siastiques, s&rsquo;\u00e9taient occup\u00e9s des ouvriers depuis dix ans ! \u00bb. \u00ab Il faut que les cur\u00e9s renoncent \u00e0 leurs petites paroisses bourgeoises, troupeaux d&rsquo;\u00e9lite au milieu d&rsquo;une population qu&rsquo;ils ne connaissent pas. Il faut qu&rsquo;ils s&rsquo;occupent, non seulement des indigents, mais de toute cette classe pauvre qui, ne demande pas d&rsquo;aum\u00f4ne\u00bb.<\/p>\n<p>Des pr\u00eatres pauvres pour les paroisses pauvres, telle est la formule n\u00e9e de No\u00ebl ; en 1856, pour le P\u00e8re Chevrier, l&rsquo;ap\u00f4tre de la Guilloti\u00e8re, \u00e0 Lyon, fondateur du Prado, et en 1918, pour le P\u00e8re Anizan, l&rsquo;ap\u00f4tre de la banlieue de Charonne, fondateur des Fils de la Charit\u00e9.<\/p>\n<h2><strong>Mme Gallice et les Dames de l&rsquo;Union<\/strong><\/h2>\n<p>Le 19 Avril 1907, au s\u00e9minaire de St-Vincent, M. Portal re\u00e7oit une femme en deuil, veuve d&rsquo;Octave Gallice, n\u00e9gociant en vin de champagne. Elle avait r\u00e9solu, au Sacr\u00e9-Coeur de Montmartre, pour ne pas se renfermer dans sa douleur, de se d\u00e9vouer au prochain. Install\u00e9e d\u00e9j\u00e0<span id='easy-footnote-2-104683' class='easy-footnote-margin-adjust'><\/span><span class='easy-footnote'><a href='http:\/\/vincentians.com\/fr\/fernand-portal-x-ce-pauvre-quartier-devenu-notre-chez-nous\/#easy-footnote-bottom-2-104683' title='\u00ab Vous ne serez probablement pas \u00e9tonn\u00e9s si, pour caract\u00e9riser l&amp;rsquo;esprit de notre oeuvre&amp;#8230; je vous dis que nous voudrions travailler suivant l&amp;rsquo;esprit de Saint Vincent de Paul&amp;#8230; je m&amp;rsquo;efforce de vous modeler sur lui et j&amp;rsquo;enseigne autour de moi les maximes de mon ma\u00eetre Mais le choix de l&amp;rsquo;esprit qui doit animer cette oeuvre ne vient pas de moi. En toute justice, je dois dire qu&amp;rsquo;au moment o\u00f9 elle a \u00e9t\u00e9 con\u00e7ue, on s&amp;rsquo;est propos\u00e9 de la r\u00e9aliser dans cet esprit avant m\u00eame de la conna\u00eetre. L&amp;rsquo;orientation \u00e9tait sans doute vague, mais elle \u00e9tait donn\u00e9e et mon concours n&amp;rsquo;est venu que pour la pr\u00e9ciser et la consolider. S&amp;rsquo;il a servi \u00e0 quelque chose, c&amp;rsquo;est \u00e0 cela seulement \u00bb (Portal aux Dames de l&amp;rsquo;Union).'><sup>2<\/sup><\/a><\/span> dans le quartier mis\u00e9rable de Javel, o\u00f9 elle avait lou\u00e9 la maison d&rsquo;un ancien cordonnier, elle avait ouvert une petite garderie, inapte \u00e0 subvenir aux immenses besoins. Mme Gallice ne savait comment se d\u00e9terminer \u00e0 faire davantage.<\/p>\n<p>M. Portal, tout de suite, va se rendre compte<span id='easy-footnote-3-104683' class='easy-footnote-margin-adjust'><\/span><span class='easy-footnote'><a href='http:\/\/vincentians.com\/fr\/fernand-portal-x-ce-pauvre-quartier-devenu-notre-chez-nous\/#easy-footnote-bottom-3-104683' title='En cl\u00f4turant le Premier Congr\u00e8s national des \u0152uvres des Missions dioc\u00e9saines, en 1909, Mgr Fages, vicaire g\u00e9n\u00e9ral de Paris, s&amp;rsquo;interroge : \u00ab que faire pour p\u00e9n\u00e9trer dans les populations indiff\u00e9rentes ou hostiles ?&amp;#8230; Il faut prendre des initiatives nouvelles, parce qu&amp;rsquo;au\u00adjourd&amp;rsquo;hui notre grand mal, \u00e0 nous clerg\u00e9 fran\u00e7ais, c&amp;rsquo;est de n&amp;rsquo;\u00eatre pas en contact avec nos populations&amp;#8230; Il faut donc trouver des moyens nouveaux de contact \u00bb.'><sup>3<\/sup><\/a><\/span>; il est attir\u00e9 par le quartier, les enfants, les pauvres. L&rsquo;ann\u00e9e 1908 voit un autre local contenant jusqu&rsquo;\u00e0 13o enfants, en \u00e9tude surveill\u00e9e. Il faut encore agrandir. Une \u00e9cole m\u00e9nag\u00e8re du soir et le patronage des filles pour le jeudi et le dimanche sont pr\u00e9vus. On cherche des collaboratrices. S&rsquo;imposent des colonies de vacances pour les petites et pour les plus grandes. On d\u00e9m\u00e9nage heureusement au 112, rue de Lourmel, \u00e9quip\u00e9 pour abriter chaque apr\u00e8s-midi jusqu&rsquo;\u00e0 45o enfants. La maison menace de se fermer \u00e0 cause de la mauvaise sant\u00e9 de Mine Gallice ; mais l&rsquo;\u00e9nergie du P\u00e8re emporte \u00ab les h\u00e9sita\u00adtions \u00bb. \u00ab Il faut que les oeuvres de Dieu soient commenc\u00e9es dans la pauvret\u00e9. Ici, nous avons l&rsquo;extr\u00eame pauvret\u00e9 de sant\u00e9, la pauvret\u00e9 de sujets. Ces pauvret\u00e9s ne sont elles pas plus dures, plus \u00e9prouvantes que celles d&rsquo;argent? \u00bb. Les \u00e9preuves, \u00e0 la v\u00e9rit\u00e9, donnent le sceau de l&rsquo;authenticit\u00e9, \u00e0 une oeuvre qui d\u00e9bute par des difficult\u00e9s apparem\u00adment insupportables.<\/p>\n<p>Les femmes qui s&rsquo;occupent de rceuvre de Javel, le lazariste, voulant reprendre la veine vincentienne la plus originelle, les admet dans un genre d&rsquo;institut s\u00e9culier, sans barri\u00e8re ou s\u00e9paration habituelles. M. Vincent n&rsquo;avait-il pas dit aux premi\u00e8res Filles de la Charit\u00e9: vous aurez \u00ab pour monast\u00e8re la maison des malades, pour cellule, une chambre de louage; pour chapelle, l&rsquo;\u00e9glise paroissiale; pour clo\u00eetre, les rues de la ville ; pour cl\u00f4ture, l&rsquo;ob\u00e9issance; pour grille, la crainte de Dieu; et pour voile la modestie\u00bb ? Et les \u00abconstitutions\u00bb des Dames de Charit\u00e9 de Javel fondent une association, bas\u00e9e sur la vie commune, la vie int\u00e9rieure et la vie apostolique, conform\u00e9ment \u00e0 l&rsquo;\u00c9vangile, assur\u00e9ment exigeante mais \u00ab sans r\u00e9tr\u00e9cissement\u00bb<span id='easy-footnote-4-104683' class='easy-footnote-margin-adjust'><\/span><span class='easy-footnote'><a href='http:\/\/vincentians.com\/fr\/fernand-portal-x-ce-pauvre-quartier-devenu-notre-chez-nous\/#easy-footnote-bottom-4-104683' title='Les consignes sont d&amp;rsquo;un \u00e9quilibre remarquable ; ainsi celles sur la vie commune qui tient compte de la vie personnelle et est li\u00e9e \u00e0 la mission dans le monde : \u00ab La vie commune impose une m\u00eame mani\u00e8re de voir et d&amp;rsquo;agir sur bien des points. On doit \u00e9viter de se singu\u00adlariser dans le costume, dans le boire et le manger, et m\u00eame dans les exercices de pi\u00e9t\u00e9. Vivre de la vie de tout le monde, et comme tout le monde, doit \u00eatre la maxime de toute personne de la communaut\u00e9. Il ne peut y avoir ni ordre ni paix sans cela. Sous cette vie commune, comme sous un voile, chacune aura sa vie intellectuelle, qu&amp;rsquo;elle s&amp;rsquo;effor\u00adcera de rendre aussi intense que possible. S&amp;rsquo;il en \u00e9tait autrement, la vie commune aboutirait \u00e0 niveler les \u00e2mes dans la m\u00e9diocrit\u00e9. \u00bb'><sup>4<\/sup><\/a><\/span>.<\/p>\n<h2><strong>Avoir l&rsquo;intelligence du pauvre<\/strong><\/h2>\n<p>M. Portal, en bon disciple de St-Vincent-de-Paul, s&rsquo;aligne dans le sillage du courant \u00e9vang\u00e9lique des chercheurs des Pauvres comme de J\u00e9sus-Christ lui-m\u00eame : \u00ab consacrer sa vie \u00e0 J\u00e9sus-Christ dans la personne des pauvres \u00bb. \u00ab Quitter Dieu pour Dieu \u00bb \u2014 \u00abquitter l&rsquo;oraison et la messe pour le service des pauvres, c&rsquo;est aller \u00e0 Dieu\u00bb (Vincent de Paul). Un riche floril\u00e8ge en t\u00e9moigne:<\/p>\n<p>\u00abPar amour, Notre-Seigneur s&rsquo;est incarn\u00e9 ; mais de plus, il s&rsquo;est fait pauvre. Il s&rsquo;est fait peuple. Il n&rsquo;a pas seulement fait du bien au peuple, il s&rsquo;est incorpor\u00e9 \u00e0 lui. Vous devez vous incorporer au peuple, \u00eatre du peuple, partager ses peines, prendre ses int\u00e9r\u00eats, le servir\u00bb<span id='easy-footnote-5-104683' class='easy-footnote-margin-adjust'><\/span><span class='easy-footnote'><a href='http:\/\/vincentians.com\/fr\/fernand-portal-x-ce-pauvre-quartier-devenu-notre-chez-nous\/#easy-footnote-bottom-5-104683' title='La recommandation de L\u00e9on XIII : \u00ab aller au peuple \u00bb, s&amp;rsquo;est amplifi\u00e9e en e se faire peuple \u00bb, expression qui appara\u00eet, par exemple, dans plusieurs articles du &lt;em&gt;Monde &lt;\/em&gt;(1894-1896) et dans le \u00ab Journal de l&amp;rsquo;abb\u00e9 Calippe \u00bb publi\u00e9 dans la &lt;em&gt;D\u00e9mocratie Chr\u00e9tienne &lt;\/em&gt;(1902). S\u00fbrement, l&amp;rsquo;abb\u00e9 Portal, fid\u00e8le lecteur de ces p\u00e9riodiques, s&amp;rsquo;est impr\u00e9gn\u00e9 de ce langage presque courant dans la partie d\u00e9mocrate du catholicisme fran\u00e7ais : \u00ab Comme, dans les temps modernes, on s&amp;rsquo;est fait moine, ne va-t-on pas maintenant, comme aux temps anciens, se faire ouvrier ? \u00bb \u00ab Le salut, c&amp;rsquo;est dans le peuple qu&amp;rsquo;il faut le chercher&amp;#8230; et c&amp;rsquo;est dans le peuple qu&amp;rsquo;il nous viendra. Pense-t-on bien \u00e0 tout ce qu&amp;rsquo;il y a dans les masses d&amp;rsquo;\u00e9l\u00e9ments r\u00e9dempteurs ?&amp;#8230; \u00bb \u00ab les humbles, les pauvres, les petits : peut-\u00eatre n&amp;rsquo;est-ce qu&amp;rsquo;en se faisant l&amp;rsquo;un d&amp;rsquo;eux qu&amp;rsquo;on les sauve, peut-\u00eatre n&amp;rsquo;est-ce qu&amp;rsquo;en les imitant qu&amp;rsquo;on les dirige et qu&amp;rsquo;on donne \u00e0 leur vie un sens chr\u00e9tien. Oui sait si, apr\u00e8s qu&amp;rsquo;on aura longtemps parl\u00e9 d&amp;rsquo;aller au peuple, quelqu&amp;rsquo;un ne sortira pas des rangs pour tenter enfin de lui ressembler, et tout de bon, s&amp;rsquo;y mettra ? \u00bb &lt;em&gt;(Le Monde) &lt;\/em&gt;cf. E. Poule (Journal d&amp;rsquo;un pr\u00eatre d&amp;rsquo;apr\u00e8s-demain).'><sup>5<\/sup><\/a><\/span>.<\/p>\n<p>\u00abNotre-Seigneur s&rsquo;est an\u00e9anti. Depuis la Cr\u00e8che jusqu&rsquo;au Calvaire, jusqu&rsquo;\u00e0 l&rsquo;Eucharistie, ce sont d&rsquo;infinis abaissements pour venir jusqu&rsquo;\u00e0 nous, et mettre en notre \u00e2me la vie divine. C&rsquo;est le chemin que vous devez suivre pour arriver \u00e0 l&rsquo;\u00e2me du pauvre. A vos yeux, si vous croyez \u00e0 la parole de notre Ma\u00eetre, le pauvre repr\u00e9sente J\u00e9sus lui-m\u00eame. Avec quel respect et quelle humilit\u00e9 vous devez le traiter\u00bb<span id='easy-footnote-6-104683' class='easy-footnote-margin-adjust'><\/span><span class='easy-footnote'><a href='http:\/\/vincentians.com\/fr\/fernand-portal-x-ce-pauvre-quartier-devenu-notre-chez-nous\/#easy-footnote-bottom-6-104683' title='\u00abRappelez vous bien qu&amp;rsquo;il faut que vous repr\u00e9sentiez la Cr\u00e8che, le Calvaire, le Tabernacle : que ces trois signes doivent \u00eatre comme les stigmates qu&amp;rsquo;il faudra porter continuellement sur vous ; les derniers sur la terre, les serviteurs de tous&amp;#8230; Il n&amp;rsquo;y a que le St-Esprit qui puisse nous le faire comprendre&amp;#8230; Vous aurez tout si vous le recevez dans votre ordination&amp;#8230; j&amp;rsquo;aurai des enfants qui continueront l&amp;rsquo;oeuvre de Dieu sur la terre, l&amp;rsquo;oeuvre d&amp;rsquo;\u00e9vang\u00e9liser les pauvres, qui \u00e9tait la grande mission de J\u00e9sus-Christ sur la terre&amp;#8230; c&amp;rsquo;\u00e9tait celle de St Vincent de Paul, l&amp;rsquo;ap\u00f4tre de la charit\u00e9. \u00bb (P. Chevrier, lettres 1872).'><sup>6<\/sup><\/a><\/span>.<\/p>\n<p>\u00ab Il y a un g\u00e9nie de la charit\u00e9 comme il y a un g\u00e9nie de l&rsquo;intelli\u00adgence. Il n&rsquo;y faut pas seulement de la bont\u00e9, du d\u00e9vouement, des richesses ; il faut aussi l&rsquo;intelligence du pauvre, de ses besoins, de ses mis\u00e8res, de ses vertus et de ses vices, de la grandeur chr\u00e9tienne qu&rsquo;il repr\u00e9sente, et des tristes d\u00e9chets dont il est parfois le r\u00e9sidu. Il faut le redresser saris produire la r\u00e9volte. Et pour que l&rsquo;action soit continue, il faut l&rsquo;organiser. Vous connaissez assez la vie de Saint Vincent de Paul pour savoir qu&rsquo;en tout cela il est le ma\u00eetre incomparable. \u00bb<\/p>\n<p>\u00abAppel\u00e9es aupr\u00e8s d&rsquo;un mis\u00e9reux, soulagez d&rsquo;abord sa mis\u00e8re, sans demander s&rsquo;il croit ou s&rsquo;il ne croit pas, s&rsquo;il est protestant, juif ou catholique. Subvenez \u00e0 ses besoins d&rsquo;abord. Et puis, laissez vos gestes de charit\u00e9 et de d\u00e9vouement germer et produire leurs fruits. Laissez les \u00e2mes agir en libert\u00e9, et n&rsquo;imposez pas des pratiques religieuses en \u00e9change de quelque secours. Ce serait bien mal com\u00adprendre l&rsquo;action de Dieu et du Christ\u00bb.<\/p>\n<p>\u00ab Vous \u00eates des ouvri\u00e8res : ce mot indique le c\u00f4t\u00e9 p\u00e9nible qu&rsquo;il peut y avoir dans votre m\u00e9tier. L&rsquo;ouvrier doit faire effort pour travailler, et il le fait cependant pour gagner sa vie. Si vous comparez la vie de communaut\u00e9 \u00e0 celle du monde, vous verrez que la v\u00f4tre est privil\u00e9gi\u00e9e. Vous avez fait certains sacrifices en vous donnant \u00e0 Dieu ; mais au point de vue de la vie, pour beaucoup, elle est plus douce. Comparez-la \u00e0 celle remplie de soucis et d&rsquo;ennuis d&rsquo;une femme qui a sa famille \u00e0 soigner, ainsi que le souci du lendemain. M\u00eame dans la pratique de la pauvret\u00e9, vous ne manquerez de rien, et dans bien des familles bourgeoises, surtout \u00e0 l&rsquo;\u00e9poque actuelle, on manque souvent de quelque chose. Malgr\u00e9 tout, la mission d&rsquo;ouvri\u00e8re de Notre Seigneur comportera un vrai travail. A l&rsquo;heure actuelle, les ouvri\u00e8res n&rsquo;ont gu\u00e8re l&rsquo;amour-propre de leur travail, et c&rsquo;est la cons\u00e9quence du travail en usine ou en grand atelier. Autrefois, les ouvri\u00e8res avaient un certain esprit d&rsquo;initiative, chacune mettait du sien mat\u00e9riellement et intellectuellement. C&rsquo;est l\u00e0 ce qu&rsquo;il faut voir pour vous. Il ne suffit pas d&rsquo;accomplir votre travail ; il faut y mettre du v\u00f4tre, de votre \u00e2me, y mettre de l&rsquo;activit\u00e9. Si tout le monde \u00e9tait passif, on aurait un bien maigre r\u00e9sultat \u00bb<span id='easy-footnote-7-104683' class='easy-footnote-margin-adjust'><\/span><span class='easy-footnote'><a href='http:\/\/vincentians.com\/fr\/fernand-portal-x-ce-pauvre-quartier-devenu-notre-chez-nous\/#easy-footnote-bottom-7-104683' title='\u00abIl faut bien se rappeler que la pauvret\u00e9 volontaire et cher\u00adch\u00e9e ne vaut pas la pauvret\u00e9 effective du monde, des m\u00e8res de famille, des ouvriers sans travail, des pauvres sans nourriture et sans logement \u00bb (P. Chevrier).'><sup>7<\/sup><\/a><\/span>.<\/p>\n<p>Le sens des pauvres conduit au-del\u00e0 de ce qu&rsquo;on imagine. Il maintient en \u00e9veil la vie missionnaire. Il d\u00e9fend de s&rsquo;endormir et de se replier \u00e0 l&rsquo;int\u00e9rieur d&rsquo;une oeuvre parfaitement agenc\u00e9e. Les pauvres sont nos ma\u00eetres. Donc, il y a lieu de les suivre. Apr\u00e8s 1920, Javel s&rsquo;est transform\u00e9 : les bidonvilles reculent, les ouvriers sont moins nombreux, les commer\u00e7ants affluent, le quartier s&rsquo;organise, des paroisses s&rsquo;\u00e9difient. Kremlin-Bic\u00eatre<span id='easy-footnote-8-104683' class='easy-footnote-margin-adjust'><\/span><span class='easy-footnote'><a href='http:\/\/vincentians.com\/fr\/fernand-portal-x-ce-pauvre-quartier-devenu-notre-chez-nous\/#easy-footnote-bottom-8-104683' title='En septembre 1900, la municipalit\u00e9 de Kremlin-Bic\u00eatre avait \u00e9dict\u00e9 un arr\u00eat\u00e9 interdisant le port de la soutane sur le territoire de la commune. La pr\u00e9fecture devait l&amp;rsquo;annuler, deux mois apr\u00e8s.'><sup>8<\/sup><\/a><\/span> par contre est la \u00ab zone \u00bb mis\u00e9rable ; sera construit bient\u00f4t un dispensaire qui sera inaugur\u00e9 la veille de la mort du P\u00e8re Portal qui esp\u00e9rait que bient\u00f4t les Dames de Javel s&rsquo;installeraient en plein quartier des chiffonniers. Les pauvres attirent tr\u00e8s loin ceux qui suivent la loi de l&rsquo;Incarnation.<\/p>\n<p>\u00abEn r\u00e9alit\u00e9, disait le P\u00e8re, on peut dire que St Vincent de Paul se trouverait chez lui dans ce pauvre quartier devenu notre chez nous\u00bb.<\/p>\n","protected":false},"excerpt":{"rendered":"<p>L&rsquo;amiti\u00e9, la bont\u00e9 et la cordialit\u00e9, aliment\u00e9es \u00e0 l&rsquo;\u00c9vangile et \u00e0 St Vincent de Paul, marques du temp\u00e9rament de M. Portal, l&rsquo;am\u00e8nent \u00e0 une rencontre avec les pauvres. Son souci de confron\u00adter toute id\u00e9e avec &#8230; <a href=\"http:\/\/vincentians.com\/fr\/fernand-portal-x-ce-pauvre-quartier-devenu-notre-chez-nous\/\" class=\"more-link\">Read More<\/a><\/p>\n","protected":false},"author":4,"featured_media":189930,"comment_status":"open","ping_status":"open","sticky":false,"template":"","format":"standard","meta":{"jetpack_post_was_ever_published":false,"_jetpack_newsletter_access":"","_jetpack_dont_email_post_to_subs":false,"_jetpack_newsletter_tier_id":0,"_jetpack_memberships_contains_paywalled_content":false,"_jetpack_memberships_contains_paid_content":false,"footnotes":"","jetpack_publicize_message":"","jetpack_publicize_feature_enabled":true,"jetpack_social_post_already_shared":true,"jetpack_social_options":{"image_generator_settings":{"template":"highway","default_image_id":0,"font":"","enabled":false},"version":2}},"categories":[115],"tags":[],"class_list":["post-104683","post","type-post","status-publish","format-standard","has-post-thumbnail","hentry","category-biographies-lazaristes"],"yoast_head":"<!-- This site is optimized with the Yoast SEO plugin v26.3 - https:\/\/yoast.com\/wordpress\/plugins\/seo\/ -->\n<title>Fernand Portal (X) Ce pauvre quartier devenu notre chez nous - Nous Sommes Vincentiens<\/title>\n<meta name=\"robots\" content=\"index, follow, max-snippet:-1, max-image-preview:large, max-video-preview:-1\" \/>\n<link rel=\"canonical\" href=\"http:\/\/vincentians.com\/fr\/fernand-portal-x-ce-pauvre-quartier-devenu-notre-chez-nous\/\" \/>\n<meta property=\"og:locale\" content=\"fr_FR\" \/>\n<meta property=\"og:type\" content=\"article\" \/>\n<meta property=\"og:title\" content=\"Fernand Portal (X) Ce pauvre quartier devenu notre chez nous - Nous Sommes Vincentiens\" \/>\n<meta property=\"og:description\" content=\"L&rsquo;amiti\u00e9, la bont\u00e9 et la cordialit\u00e9, aliment\u00e9es \u00e0 l&rsquo;\u00c9vangile et \u00e0 St Vincent de Paul, marques du temp\u00e9rament de M. Portal, l&rsquo;am\u00e8nent \u00e0 une rencontre avec les pauvres. Son souci de confron\u00adter toute id\u00e9e avec ... Read More\" \/>\n<meta property=\"og:url\" content=\"http:\/\/vincentians.com\/fr\/fernand-portal-x-ce-pauvre-quartier-devenu-notre-chez-nous\/\" \/>\n<meta property=\"og:site_name\" content=\"Nous Sommes Vincentiens\" \/>\n<meta property=\"article:publisher\" content=\"https:\/\/www.facebook.com\/WeAreVincentians\/\" \/>\n<meta property=\"article:author\" content=\"https:\/\/www.facebook.com\/JavierChento\" \/>\n<meta property=\"article:published_time\" content=\"2012-11-21T07:07:35+00:00\" \/>\n<meta property=\"og:image\" content=\"https:\/\/i0.wp.com\/vincentians.com\/fr\/wp-content\/uploads\/sites\/10\/2016\/08\/bio-congregation-of-the-mission.jpg?fit=1200%2C630\" \/>\n\t<meta property=\"og:image:width\" content=\"1200\" \/>\n\t<meta property=\"og:image:height\" content=\"630\" \/>\n\t<meta property=\"og:image:type\" content=\"image\/jpeg\" \/>\n<meta name=\"author\" content=\"Francisco Javier Fern\u00e1ndez Chento\" \/>\n<meta name=\"twitter:card\" content=\"summary_large_image\" \/>\n<meta name=\"twitter:creator\" content=\"@https:\/\/twitter.com\/javierchento\" \/>\n<meta name=\"twitter:site\" content=\"@WeVincentians\" \/>\n<meta name=\"twitter:label1\" content=\"\u00c9crit par\" \/>\n\t<meta name=\"twitter:data1\" content=\"Francisco Javier Fern\u00e1ndez Chento\" \/>\n\t<meta name=\"twitter:label2\" content=\"Dur\u00e9e de lecture estim\u00e9e\" \/>\n\t<meta name=\"twitter:data2\" content=\"12 minutes\" \/>\n<script type=\"application\/ld+json\" class=\"yoast-schema-graph\">{\"@context\":\"https:\/\/schema.org\",\"@graph\":[{\"@type\":\"WebPage\",\"@id\":\"http:\/\/vincentians.com\/fr\/fernand-portal-x-ce-pauvre-quartier-devenu-notre-chez-nous\/\",\"url\":\"http:\/\/vincentians.com\/fr\/fernand-portal-x-ce-pauvre-quartier-devenu-notre-chez-nous\/\",\"name\":\"Fernand Portal (X) Ce pauvre quartier devenu notre chez nous - Nous Sommes Vincentiens\",\"isPartOf\":{\"@id\":\"http:\/\/vincentians.com\/fr\/#website\"},\"primaryImageOfPage\":{\"@id\":\"http:\/\/vincentians.com\/fr\/fernand-portal-x-ce-pauvre-quartier-devenu-notre-chez-nous\/#primaryimage\"},\"image\":{\"@id\":\"http:\/\/vincentians.com\/fr\/fernand-portal-x-ce-pauvre-quartier-devenu-notre-chez-nous\/#primaryimage\"},\"thumbnailUrl\":\"https:\/\/i0.wp.com\/vincentians.com\/fr\/wp-content\/uploads\/sites\/10\/2016\/08\/bio-congregation-of-the-mission.jpg?fit=1200%2C630\",\"datePublished\":\"2012-11-21T07:07:35+00:00\",\"author\":{\"@id\":\"http:\/\/vincentians.com\/fr\/#\/schema\/person\/9623ef4d9aa3b2dfb8c061f1499288f2\"},\"breadcrumb\":{\"@id\":\"http:\/\/vincentians.com\/fr\/fernand-portal-x-ce-pauvre-quartier-devenu-notre-chez-nous\/#breadcrumb\"},\"inLanguage\":\"fr-FR\",\"potentialAction\":[{\"@type\":\"ReadAction\",\"target\":[\"http:\/\/vincentians.com\/fr\/fernand-portal-x-ce-pauvre-quartier-devenu-notre-chez-nous\/\"]}]},{\"@type\":\"ImageObject\",\"inLanguage\":\"fr-FR\",\"@id\":\"http:\/\/vincentians.com\/fr\/fernand-portal-x-ce-pauvre-quartier-devenu-notre-chez-nous\/#primaryimage\",\"url\":\"https:\/\/i0.wp.com\/vincentians.com\/fr\/wp-content\/uploads\/sites\/10\/2016\/08\/bio-congregation-of-the-mission.jpg?fit=1200%2C630\",\"contentUrl\":\"https:\/\/i0.wp.com\/vincentians.com\/fr\/wp-content\/uploads\/sites\/10\/2016\/08\/bio-congregation-of-the-mission.jpg?fit=1200%2C630\",\"width\":1200,\"height\":630},{\"@type\":\"BreadcrumbList\",\"@id\":\"http:\/\/vincentians.com\/fr\/fernand-portal-x-ce-pauvre-quartier-devenu-notre-chez-nous\/#breadcrumb\",\"itemListElement\":[{\"@type\":\"ListItem\",\"position\":1,\"name\":\"Portada\",\"item\":\"http:\/\/vincentians.com\/fr\/\"},{\"@type\":\"ListItem\",\"position\":2,\"name\":\"Fernand Portal (X) Ce pauvre quartier devenu notre chez nous\"}]},{\"@type\":\"WebSite\",\"@id\":\"http:\/\/vincentians.com\/fr\/#website\",\"url\":\"http:\/\/vincentians.com\/fr\/\",\"name\":\"Nous Sommes Vincentiens\",\"description\":\"Know more to serve more\",\"potentialAction\":[{\"@type\":\"SearchAction\",\"target\":{\"@type\":\"EntryPoint\",\"urlTemplate\":\"http:\/\/vincentians.com\/fr\/?s={search_term_string}\"},\"query-input\":{\"@type\":\"PropertyValueSpecification\",\"valueRequired\":true,\"valueName\":\"search_term_string\"}}],\"inLanguage\":\"fr-FR\"},{\"@type\":\"Person\",\"@id\":\"http:\/\/vincentians.com\/fr\/#\/schema\/person\/9623ef4d9aa3b2dfb8c061f1499288f2\",\"name\":\"Francisco Javier Fern\u00e1ndez Chento\",\"image\":{\"@type\":\"ImageObject\",\"inLanguage\":\"fr-FR\",\"@id\":\"http:\/\/vincentians.com\/fr\/#\/schema\/person\/image\/\",\"url\":\"https:\/\/secure.gravatar.com\/avatar\/497d5cde87b4c3d097d0315953521681ba2cd523ee66e5077c3711f7021e65de?s=96&d=mm&r=g\",\"contentUrl\":\"https:\/\/secure.gravatar.com\/avatar\/497d5cde87b4c3d097d0315953521681ba2cd523ee66e5077c3711f7021e65de?s=96&d=mm&r=g\",\"caption\":\"Francisco Javier Fern\u00e1ndez Chento\"},\"description\":\"Director General y cofundador de La Red de Formaci\u00f3n Vicenciana. Javier es laico vicenciano, afiliado a la Congregaci\u00f3n de la Misi\u00f3n y miembro del Equipo de Misiones Populares de la provincia can\u00f3nica de Zaragoza (Espa\u00f1a) de la Congregaci\u00f3n de la Misi\u00f3n. Graduado en la Universidad Oberta de Catalunya con cuatro grados (Asistente de direcci\u00f3n, Gesti\u00f3n Administrativa, Recursos Humanos y Contabilidad Avanzada). Bil\u00edng\u00fce Espa\u00f1ol\/Ingl\u00e9s. gestiona y mantiene varias p\u00e1ginas web cristianas y vicencianas, incluida including La Red de Formaci\u00f3n Vicenciana, de la que es cofundador. Actualmente es responsable del \u00e1rea de Espa\u00f1ol de .famvin, la Red de Noticias de la Familia Vicenciana. Tambi\u00e9n es m\u00fasico cat\u00f3lico y ha editado varios discos. Es Director General y cofundador de Trovador, una reconocida compa\u00f1\u00eda discogr\u00e1fica critiana de Espa\u00f1a. Trabaja en las Tecnolog\u00edas de la Informaci\u00f3n, ofreciendo servicios de alojamiento, dise\u00f1o y mantenimiento Web, as\u00ed como asesoramiento, formaci\u00f3n y soluciones inform\u00e1ticas, gesti\u00f3n documental y digitalizaci\u00f3n de textos, edici\u00f3n y maquetaci\u00f3n de libros, revistas, flyers, etc.\",\"sameAs\":[\"http:\/\/chento.org\",\"https:\/\/www.facebook.com\/JavierChento\",\"https:\/\/x.com\/https:\/\/twitter.com\/javierchento\"],\"url\":\"http:\/\/vincentians.com\/fr\/author\/chento\/\"}]}<\/script>\n<!-- \/ Yoast SEO plugin. -->","yoast_head_json":{"title":"Fernand Portal (X) Ce pauvre quartier devenu notre chez nous - Nous Sommes Vincentiens","robots":{"index":"index","follow":"follow","max-snippet":"max-snippet:-1","max-image-preview":"max-image-preview:large","max-video-preview":"max-video-preview:-1"},"canonical":"http:\/\/vincentians.com\/fr\/fernand-portal-x-ce-pauvre-quartier-devenu-notre-chez-nous\/","og_locale":"fr_FR","og_type":"article","og_title":"Fernand Portal (X) Ce pauvre quartier devenu notre chez nous - Nous Sommes Vincentiens","og_description":"L&rsquo;amiti\u00e9, la bont\u00e9 et la cordialit\u00e9, aliment\u00e9es \u00e0 l&rsquo;\u00c9vangile et \u00e0 St Vincent de Paul, marques du temp\u00e9rament de M. Portal, l&rsquo;am\u00e8nent \u00e0 une rencontre avec les pauvres. Son souci de confron\u00adter toute id\u00e9e avec ... Read More","og_url":"http:\/\/vincentians.com\/fr\/fernand-portal-x-ce-pauvre-quartier-devenu-notre-chez-nous\/","og_site_name":"Nous Sommes Vincentiens","article_publisher":"https:\/\/www.facebook.com\/WeAreVincentians\/","article_author":"https:\/\/www.facebook.com\/JavierChento","article_published_time":"2012-11-21T07:07:35+00:00","og_image":[{"width":1200,"height":630,"url":"https:\/\/i0.wp.com\/vincentians.com\/fr\/wp-content\/uploads\/sites\/10\/2016\/08\/bio-congregation-of-the-mission.jpg?fit=1200%2C630","type":"image\/jpeg"}],"author":"Francisco Javier Fern\u00e1ndez Chento","twitter_card":"summary_large_image","twitter_creator":"@https:\/\/twitter.com\/javierchento","twitter_site":"@WeVincentians","twitter_misc":{"\u00c9crit par":"Francisco Javier Fern\u00e1ndez Chento","Dur\u00e9e de lecture estim\u00e9e":"12 minutes"},"schema":{"@context":"https:\/\/schema.org","@graph":[{"@type":"WebPage","@id":"http:\/\/vincentians.com\/fr\/fernand-portal-x-ce-pauvre-quartier-devenu-notre-chez-nous\/","url":"http:\/\/vincentians.com\/fr\/fernand-portal-x-ce-pauvre-quartier-devenu-notre-chez-nous\/","name":"Fernand Portal (X) Ce pauvre quartier devenu notre chez nous - Nous Sommes Vincentiens","isPartOf":{"@id":"http:\/\/vincentians.com\/fr\/#website"},"primaryImageOfPage":{"@id":"http:\/\/vincentians.com\/fr\/fernand-portal-x-ce-pauvre-quartier-devenu-notre-chez-nous\/#primaryimage"},"image":{"@id":"http:\/\/vincentians.com\/fr\/fernand-portal-x-ce-pauvre-quartier-devenu-notre-chez-nous\/#primaryimage"},"thumbnailUrl":"https:\/\/i0.wp.com\/vincentians.com\/fr\/wp-content\/uploads\/sites\/10\/2016\/08\/bio-congregation-of-the-mission.jpg?fit=1200%2C630","datePublished":"2012-11-21T07:07:35+00:00","author":{"@id":"http:\/\/vincentians.com\/fr\/#\/schema\/person\/9623ef4d9aa3b2dfb8c061f1499288f2"},"breadcrumb":{"@id":"http:\/\/vincentians.com\/fr\/fernand-portal-x-ce-pauvre-quartier-devenu-notre-chez-nous\/#breadcrumb"},"inLanguage":"fr-FR","potentialAction":[{"@type":"ReadAction","target":["http:\/\/vincentians.com\/fr\/fernand-portal-x-ce-pauvre-quartier-devenu-notre-chez-nous\/"]}]},{"@type":"ImageObject","inLanguage":"fr-FR","@id":"http:\/\/vincentians.com\/fr\/fernand-portal-x-ce-pauvre-quartier-devenu-notre-chez-nous\/#primaryimage","url":"https:\/\/i0.wp.com\/vincentians.com\/fr\/wp-content\/uploads\/sites\/10\/2016\/08\/bio-congregation-of-the-mission.jpg?fit=1200%2C630","contentUrl":"https:\/\/i0.wp.com\/vincentians.com\/fr\/wp-content\/uploads\/sites\/10\/2016\/08\/bio-congregation-of-the-mission.jpg?fit=1200%2C630","width":1200,"height":630},{"@type":"BreadcrumbList","@id":"http:\/\/vincentians.com\/fr\/fernand-portal-x-ce-pauvre-quartier-devenu-notre-chez-nous\/#breadcrumb","itemListElement":[{"@type":"ListItem","position":1,"name":"Portada","item":"http:\/\/vincentians.com\/fr\/"},{"@type":"ListItem","position":2,"name":"Fernand Portal (X) Ce pauvre quartier devenu notre chez nous"}]},{"@type":"WebSite","@id":"http:\/\/vincentians.com\/fr\/#website","url":"http:\/\/vincentians.com\/fr\/","name":"Nous Sommes Vincentiens","description":"Know more to serve more","potentialAction":[{"@type":"SearchAction","target":{"@type":"EntryPoint","urlTemplate":"http:\/\/vincentians.com\/fr\/?s={search_term_string}"},"query-input":{"@type":"PropertyValueSpecification","valueRequired":true,"valueName":"search_term_string"}}],"inLanguage":"fr-FR"},{"@type":"Person","@id":"http:\/\/vincentians.com\/fr\/#\/schema\/person\/9623ef4d9aa3b2dfb8c061f1499288f2","name":"Francisco Javier Fern\u00e1ndez Chento","image":{"@type":"ImageObject","inLanguage":"fr-FR","@id":"http:\/\/vincentians.com\/fr\/#\/schema\/person\/image\/","url":"https:\/\/secure.gravatar.com\/avatar\/497d5cde87b4c3d097d0315953521681ba2cd523ee66e5077c3711f7021e65de?s=96&d=mm&r=g","contentUrl":"https:\/\/secure.gravatar.com\/avatar\/497d5cde87b4c3d097d0315953521681ba2cd523ee66e5077c3711f7021e65de?s=96&d=mm&r=g","caption":"Francisco Javier Fern\u00e1ndez Chento"},"description":"Director General y cofundador de La Red de Formaci\u00f3n Vicenciana. Javier es laico vicenciano, afiliado a la Congregaci\u00f3n de la Misi\u00f3n y miembro del Equipo de Misiones Populares de la provincia can\u00f3nica de Zaragoza (Espa\u00f1a) de la Congregaci\u00f3n de la Misi\u00f3n. Graduado en la Universidad Oberta de Catalunya con cuatro grados (Asistente de direcci\u00f3n, Gesti\u00f3n Administrativa, Recursos Humanos y Contabilidad Avanzada). Bil\u00edng\u00fce Espa\u00f1ol\/Ingl\u00e9s. gestiona y mantiene varias p\u00e1ginas web cristianas y vicencianas, incluida including La Red de Formaci\u00f3n Vicenciana, de la que es cofundador. Actualmente es responsable del \u00e1rea de Espa\u00f1ol de .famvin, la Red de Noticias de la Familia Vicenciana. Tambi\u00e9n es m\u00fasico cat\u00f3lico y ha editado varios discos. Es Director General y cofundador de Trovador, una reconocida compa\u00f1\u00eda discogr\u00e1fica critiana de Espa\u00f1a. Trabaja en las Tecnolog\u00edas de la Informaci\u00f3n, ofreciendo servicios de alojamiento, dise\u00f1o y mantenimiento Web, as\u00ed como asesoramiento, formaci\u00f3n y soluciones inform\u00e1ticas, gesti\u00f3n documental y digitalizaci\u00f3n de textos, edici\u00f3n y maquetaci\u00f3n de libros, revistas, flyers, etc.","sameAs":["http:\/\/chento.org","https:\/\/www.facebook.com\/JavierChento","https:\/\/x.com\/https:\/\/twitter.com\/javierchento"],"url":"http:\/\/vincentians.com\/fr\/author\/chento\/"}]}},"jetpack_publicize_connections":[],"jetpack_featured_media_url":"https:\/\/i0.wp.com\/vincentians.com\/fr\/wp-content\/uploads\/sites\/10\/2016\/08\/bio-congregation-of-the-mission.jpg?fit=1200%2C630","jetpack_sharing_enabled":true,"jetpack_shortlink":"https:\/\/wp.me\/p7ETMP-rer","jetpack-related-posts":[{"id":74152,"url":"http:\/\/vincentians.com\/fr\/fernand-portal-fils-de-saint-vincent-de-paul\/","url_meta":{"origin":104683,"position":0},"title":"Fernand Portal, Fils de Saint Vincent de Paul","author":"Francisco Javier Fern\u00e1ndez Chento","date":"20\/02\/2015","format":false,"excerpt":"\u00abCelui que vous voyez devant vous est un pr\u00eatre fran\u00e7ais, humble fils de saint Vincent de Paul\u00bb. C'est ainsi que Fernand Portal se pr\u00e9sentait, le 13 juillet 1896, \u00e0 Londres, devant une assembl\u00e9e compos\u00e9e en majeure partie de pr\u00eatres anglicans. En mettant ainsi en avant sa carte d'identit\u00e9 vincentienne, recourait-il\u2026","rel":"","context":"Dans &quot;Biographies Lazaristes&quot;","block_context":{"text":"Biographies Lazaristes","link":"http:\/\/vincentians.com\/fr\/category\/biographies-lazaristes\/"},"img":{"alt_text":"","src":"https:\/\/i0.wp.com\/vincentians.com\/fr\/wp-content\/uploads\/sites\/10\/2016\/08\/bio-congregation-of-the-mission.jpg?fit=1200%2C630&resize=350%2C200","width":350,"height":200,"srcset":"https:\/\/i0.wp.com\/vincentians.com\/fr\/wp-content\/uploads\/sites\/10\/2016\/08\/bio-congregation-of-the-mission.jpg?fit=1200%2C630&resize=350%2C200 1x, https:\/\/i0.wp.com\/vincentians.com\/fr\/wp-content\/uploads\/sites\/10\/2016\/08\/bio-congregation-of-the-mission.jpg?fit=1200%2C630&resize=525%2C300 1.5x, https:\/\/i0.wp.com\/vincentians.com\/fr\/wp-content\/uploads\/sites\/10\/2016\/08\/bio-congregation-of-the-mission.jpg?fit=1200%2C630&resize=700%2C400 2x, https:\/\/i0.wp.com\/vincentians.com\/fr\/wp-content\/uploads\/sites\/10\/2016\/08\/bio-congregation-of-the-mission.jpg?fit=1200%2C630&resize=1050%2C600 3x"},"classes":[]},{"id":52038,"url":"http:\/\/vincentians.com\/fr\/saint-vincent-de-paul-et-sa-mission-sociale-ii-les-oeuvres-3\/","url_meta":{"origin":104683,"position":1},"title":"Saint Vincent De Paul Et Sa Mission Sociale. II &#8211; Les \u0152uvres (3)","author":"Francisco Javier Fern\u00e1ndez Chento","date":"23\/12\/2014","format":false,"excerpt":"LA S\u0152UR DE CHARIT\u00c9. \u2014 Mademoiselle Le Gras et Vincent de Paul. \u2014 Premiers rapports ; premi\u00e8res \u0153uvres. \u2014 Institution des Filles de la Charit\u00e9, servantes des pauvres. \u2014 Une nouvelle religieuse. \u2014 Conf\u00e9rences. \u2014 R\u00e8gles. \u2014 L\u2019H\u00f4tel de Rambouillet et l\u2019H\u00f4tel-Dieu. \u2014 Les Dames de la Charit\u00e9. Madame Goussault.\u2026","rel":"","context":"Dans &quot;Vincent de Paul&quot;","block_context":{"text":"Vincent de Paul","link":"http:\/\/vincentians.com\/fr\/category\/the-vincentian-family\/founders\/vincent-de-paul\/"},"img":{"alt_text":"","src":"https:\/\/i0.wp.com\/vincentians.com\/fr\/wp-content\/uploads\/sites\/10\/2016\/07\/vincent-et-sa-action-sociale.jpg?fit=1160%2C630&resize=350%2C200","width":350,"height":200,"srcset":"https:\/\/i0.wp.com\/vincentians.com\/fr\/wp-content\/uploads\/sites\/10\/2016\/07\/vincent-et-sa-action-sociale.jpg?fit=1160%2C630&resize=350%2C200 1x, https:\/\/i0.wp.com\/vincentians.com\/fr\/wp-content\/uploads\/sites\/10\/2016\/07\/vincent-et-sa-action-sociale.jpg?fit=1160%2C630&resize=525%2C300 1.5x, https:\/\/i0.wp.com\/vincentians.com\/fr\/wp-content\/uploads\/sites\/10\/2016\/07\/vincent-et-sa-action-sociale.jpg?fit=1160%2C630&resize=700%2C400 2x, https:\/\/i0.wp.com\/vincentians.com\/fr\/wp-content\/uploads\/sites\/10\/2016\/07\/vincent-et-sa-action-sociale.jpg?fit=1160%2C630&resize=1050%2C600 3x"},"classes":[]},{"id":38477,"url":"http:\/\/vincentians.com\/fr\/le-directeur-provincial-animateur-des-filles-de-la-charite\/","url_meta":{"origin":104683,"position":2},"title":"Le Directeur Provincial \u201canimateur\u201d des Filles de la Charit\u00e9","author":"Francisco Javier Fern\u00e1ndez Chento","date":"03\/10\/2012","format":false,"excerpt":"Dans les Constitutions des Filles de la Charit\u00e9, nous trouvons \u00e0 l\u2019article 3.38: le Directeur Provincial est un pr\u00eatre de la Congr\u00e9gation de la Mission, nomm\u00e9 par le Sup\u00e9rieur G\u00e9n\u00e9ral; \u201cil partage avec la Visitatrice et son Conseil la responsabilit\u00e9 de promouvoir l\u2019esprit vincentien dans la Province\u201d Missionnaire, le directeur\u2026","rel":"","context":"Dans &quot;Congr\u00e9gation de la Mission&quot;","block_context":{"text":"Congr\u00e9gation de la Mission","link":"http:\/\/vincentians.com\/fr\/category\/congregation-de-la-mission\/"},"img":{"alt_text":"","src":"https:\/\/i0.wp.com\/vincentiens.org\/wp-content\/uploads\/2011\/05\/filles_charite-228x300.jpg?resize=350%2C200","width":350,"height":200},"classes":[]},{"id":104692,"url":"http:\/\/vincentians.com\/fr\/fernand-portal-xiii-petite-source\/","url_meta":{"origin":104683,"position":3},"title":"Fernand Portal (XIII) Petite source","author":"Francisco Javier Fern\u00e1ndez Chento","date":"30\/11\/2012","format":false,"excerpt":"\u00ab ...Un sanctuaire qui soit une source d'amour de Dieu et de la pauvre humanit\u00e9, petite source, sans nul doute, mais elles sont si jolies, nos petites sources qui vont au lac du Bourget, et si pr\u00e9cieuses \u00bb. (Octobre 1919). C'est toute une exp\u00e9rience spirituelle, traduite en mots cris\u00adtallins par\u2026","rel":"","context":"Dans &quot;Biographies Lazaristes&quot;","block_context":{"text":"Biographies Lazaristes","link":"http:\/\/vincentians.com\/fr\/category\/biographies-lazaristes\/"},"img":{"alt_text":"","src":"https:\/\/i0.wp.com\/vincentians.com\/fr\/wp-content\/uploads\/sites\/10\/2016\/08\/bio-congregation-of-the-mission.jpg?fit=1200%2C630&resize=350%2C200","width":350,"height":200,"srcset":"https:\/\/i0.wp.com\/vincentians.com\/fr\/wp-content\/uploads\/sites\/10\/2016\/08\/bio-congregation-of-the-mission.jpg?fit=1200%2C630&resize=350%2C200 1x, https:\/\/i0.wp.com\/vincentians.com\/fr\/wp-content\/uploads\/sites\/10\/2016\/08\/bio-congregation-of-the-mission.jpg?fit=1200%2C630&resize=525%2C300 1.5x, https:\/\/i0.wp.com\/vincentians.com\/fr\/wp-content\/uploads\/sites\/10\/2016\/08\/bio-congregation-of-the-mission.jpg?fit=1200%2C630&resize=700%2C400 2x, https:\/\/i0.wp.com\/vincentians.com\/fr\/wp-content\/uploads\/sites\/10\/2016\/08\/bio-congregation-of-the-mission.jpg?fit=1200%2C630&resize=1050%2C600 3x"},"classes":[]},{"id":58834,"url":"http:\/\/vincentians.com\/fr\/les-origines-et-lenfance\/","url_meta":{"origin":104683,"position":4},"title":"Les Origines Et L&rsquo;Enfance","author":"Francisco Javier Fern\u00e1ndez Chento","date":"22\/12\/2012","format":false,"excerpt":"Pour \u00e9voquer cette \u00e9tape d\u00e9terminante de la vie de St Vincent, nous n'avons \u2014 vous le savez \u2014 que bien peu de documents. A cela, rien d'\u00e9tonnant puisque Vincent est n\u00e9 dans une humble famille et qu'il eut \u00e9t\u00e9 vraiment invraisemblable qu'un lettr\u00e9 quelconque ait pens\u00e9 consigner par \u00e9crit quelques\u2026","rel":"","context":"Dans &quot;Vincent de Paul&quot;","block_context":{"text":"Vincent de Paul","link":"http:\/\/vincentians.com\/fr\/category\/the-vincentian-family\/founders\/vincent-de-paul\/"},"img":{"alt_text":"","src":"https:\/\/i0.wp.com\/vincentiens.org\/wp-content\/uploads\/2012\/12\/San-Vicente-3-198x300.jpg?resize=350%2C200","width":350,"height":200},"classes":[]},{"id":52020,"url":"http:\/\/vincentians.com\/fr\/saint-vincent-de-paul-et-sa-mission-sociale-i-la-vocation-1\/","url_meta":{"origin":104683,"position":5},"title":"Saint Vincent De Paul Et Sa Mission Sociale. I &#8211; La vocation (1)","author":"Francisco Javier Fern\u00e1ndez Chento","date":"18\/12\/2014","format":false,"excerpt":"L\u2019HOMME ET L\u2019\u0152UVRE \u2014 Le seizi\u00e8me si\u00e8cle et le protestantisme en France. \u2014 Ravages caus\u00e9s par les guerres de religion. \u2014 Changements dans la soci\u00e9t\u00e9. \u2014 Accroissement de la mis\u00e8re. \u2014 L\u2019\u0153uvre nouvelle de la Charit\u00e9. \u2014 Saint Vincent de Paul. \u2014 Sa mission. \u2014 Naissance et premi\u00e8res ann\u00e9es. \u2014\u2026","rel":"","context":"Dans &quot;Vincent de Paul&quot;","block_context":{"text":"Vincent de Paul","link":"http:\/\/vincentians.com\/fr\/category\/the-vincentian-family\/founders\/vincent-de-paul\/"},"img":{"alt_text":"","src":"https:\/\/i0.wp.com\/vincentians.com\/fr\/wp-content\/uploads\/sites\/10\/2016\/07\/vincent-et-sa-action-sociale.jpg?fit=1160%2C630&resize=350%2C200","width":350,"height":200,"srcset":"https:\/\/i0.wp.com\/vincentians.com\/fr\/wp-content\/uploads\/sites\/10\/2016\/07\/vincent-et-sa-action-sociale.jpg?fit=1160%2C630&resize=350%2C200 1x, https:\/\/i0.wp.com\/vincentians.com\/fr\/wp-content\/uploads\/sites\/10\/2016\/07\/vincent-et-sa-action-sociale.jpg?fit=1160%2C630&resize=525%2C300 1.5x, https:\/\/i0.wp.com\/vincentians.com\/fr\/wp-content\/uploads\/sites\/10\/2016\/07\/vincent-et-sa-action-sociale.jpg?fit=1160%2C630&resize=700%2C400 2x, https:\/\/i0.wp.com\/vincentians.com\/fr\/wp-content\/uploads\/sites\/10\/2016\/07\/vincent-et-sa-action-sociale.jpg?fit=1160%2C630&resize=1050%2C600 3x"},"classes":[]}],"_links":{"self":[{"href":"http:\/\/vincentians.com\/fr\/wp-json\/wp\/v2\/posts\/104683","targetHints":{"allow":["GET"]}}],"collection":[{"href":"http:\/\/vincentians.com\/fr\/wp-json\/wp\/v2\/posts"}],"about":[{"href":"http:\/\/vincentians.com\/fr\/wp-json\/wp\/v2\/types\/post"}],"author":[{"embeddable":true,"href":"http:\/\/vincentians.com\/fr\/wp-json\/wp\/v2\/users\/4"}],"replies":[{"embeddable":true,"href":"http:\/\/vincentians.com\/fr\/wp-json\/wp\/v2\/comments?post=104683"}],"version-history":[{"count":0,"href":"http:\/\/vincentians.com\/fr\/wp-json\/wp\/v2\/posts\/104683\/revisions"}],"wp:featuredmedia":[{"embeddable":true,"href":"http:\/\/vincentians.com\/fr\/wp-json\/wp\/v2\/media\/189930"}],"wp:attachment":[{"href":"http:\/\/vincentians.com\/fr\/wp-json\/wp\/v2\/media?parent=104683"}],"wp:term":[{"taxonomy":"category","embeddable":true,"href":"http:\/\/vincentians.com\/fr\/wp-json\/wp\/v2\/categories?post=104683"},{"taxonomy":"post_tag","embeddable":true,"href":"http:\/\/vincentians.com\/fr\/wp-json\/wp\/v2\/tags?post=104683"}],"curies":[{"name":"wp","href":"https:\/\/api.w.org\/{rel}","templated":true}]}}