{"id":104314,"date":"2016-09-30T04:00:31","date_gmt":"2016-09-30T02:00:31","guid":{"rendered":"http:\/\/vincentiens.org\/?p=104314"},"modified":"2016-08-11T21:44:55","modified_gmt":"2016-08-11T19:44:55","slug":"frederic-ozanam-lettre-0023-a-auguste-materne","status":"publish","type":"post","link":"http:\/\/vincentians.com\/fr\/frederic-ozanam-lettre-0023-a-auguste-materne\/","title":{"rendered":"Fr\u00e9d\u00e9ric Ozanam, Lettre 0023. A Auguste Materne"},"content":{"rendered":"<p style=\"text-align: center;\"><em>Attitude du nouveau gouvernement vis-\u00e0-vis de la religion. Essai de d\u00e9finition de l&rsquo;\u00e9v\u00e9nement providentiel.<\/em><\/p>\n<p style=\"text-align: right;\"><em>Lyon, 29 novembre 1830.<\/em><\/p>\n<p>Mon cher ami,<\/p>\n<p>Qu&rsquo;elle m&rsquo;a fait de plaisir et de bien ta franche et touchante lettre. Je savais bien que, si quelquefois l&rsquo;enthousiasme t&rsquo;entra\u00eenait un peu loin, ta raison m\u00fbre et sage te ram\u00e8nerait toujours, je savais bien que, loin de t&rsquo;offenser en t&rsquo;\u00e9panchant mes sentimens, je ne saurais que te faire plaisir et te donner une preuve d&rsquo;amiti\u00e9 et toi, tu m&rsquo;en donnes une non moins grande par ta sinc\u00e8re profession.<\/p>\n<p>Je me r\u00e9jouis, \u00f4 mon ami, de ce que ta religion n&rsquo;est pas \u00e9branl\u00e9e; je me r\u00e9jouis de penser que nous traverserons ensemble ce d\u00e9sert de la vie, pour arriver \u00e0 la terre de promission, que nous nous servirons d&rsquo;appui l&rsquo;un \u00e0 l&rsquo;autre et que ni l&rsquo;un ni l&rsquo;autre ne fera le long de la route une chute grave.<\/p>\n<p>Oui, mon ami, la Religion s&rsquo;accorde avec la Libert\u00e9 : vois les Suisses, vois les Polonais, vois les Am\u00e9ricains du Sud! La Religion et la jeune France devraient se rapprocher, se r\u00e9unir, mais malheureusement je les vois se s\u00e9parer, se repousser mutuellement tous les jours par une malveil\u00adlance r\u00e9ciproque. D&rsquo;un c\u00f4t\u00e9, paroles et actions dangereuses, suspectes de la part du clerg\u00e9; du c\u00f4t\u00e9 de l&rsquo;autorit\u00e9, abn\u00e9gation du catholicisme comme religion de l&rsquo;Etat, injures publi\u00e9es contre la religion sans aucune r\u00e9pression de la part du gouvernement, suppression du traitement des cardinaux, contre la stipulation du Concordat, renversement scandaleux des croix de mission, d\u00e9nomination extraordinairement \u00e2cre de M. Pons de l&rsquo;H\u00e9rault, tout cela contribue \u00e0 augmenter le m\u00e9contentement mutuel. Au lieu d&rsquo;entrer dans une voie de conciliation et de se faire des concessions r\u00e9ciproques, on se chicane, on se vexe, on se harcelle, on dirait des ennemis en la pr\u00e9sence et la cause de cela? Le pr\u00e9jug\u00e9 commun que la religion catholique est la s\u0153ur du Despotisme, l&rsquo;ennemie de la Libert\u00e9.<\/p>\n<p>J&rsquo;adopte parfaitement tes id\u00e9es providentielles, mais je fais une distinction. Je regarde comme l\u00e9gitime tout ce qui est providentiel, comme providentiel tout ce qui est durable. Ainsi je regarde comme providentiel 89 parce qu&rsquo;il dure encore, parce qu&rsquo;il continue son action. Je regarde comme purement humain 93 qui n&rsquo;a dur\u00e9 qu&rsquo;un an. Je regarde comme providentiel et l\u00e9gitime le r\u00e8gne de Napol\u00e9on et comme humaine et ill\u00e9gitime sa domination de cent jours. C&rsquo;est pour cela encore qu&rsquo;aujour\u00add&rsquo;hui que tous les <em>jeunes <\/em>proclament la <em>glorieuse r\u00e9volution, <\/em>je t\u00e2che de me faire vieux et je regarde, j&rsquo;attends, j&rsquo;observe : dans dix ans d&rsquo;ici je te dirai ce qu&rsquo;elle a renferm\u00e9 de l\u00e9gitime et d&rsquo;ill\u00e9gitime, de providentiel et d&rsquo;humain. Et puis si je tiens encore \u00e0 la famille d\u00e9chue, au blanc drapeau des lys, c&rsquo;est, je l&rsquo;avoue, parce que je suis vieux, j&rsquo;ai beaucoup v\u00e9cu dans le pass\u00e9, je ne vois pas clair dans l&rsquo;avenir, je tiens aux souvenirs de la vieille France et c&rsquo;est avec douleur et respect que je salue l&rsquo;oriflamme qui s&rsquo;en va. A une autre fois une profession de foi politique plus d\u00e9taill\u00e9e, seulement je te d\u00e9clare que je crois personnellement Philippe beaucoup plus habile que Charles; je le crois m\u00eame bon, mais je crains son fils, etc&#8230;<\/p>\n<p>Mon cher ami, en te donnant un petit t\u00e9moignage d&rsquo;amiti\u00e9 qui \u00e9tait \u00e0 la veille de ton d\u00e9part pour Paris, loin de moi l&rsquo;id\u00e9e de te faire \u00e9prouver la moindre g\u00eane; je sais ce que c&rsquo;est que des finances basses, <em>non ignara mali. <\/em>Et puis des cadeaux ne sont pas des \u00e9changes, la surprise en fait tout le m\u00e9rite; tu sens que je serais bien f\u00e2ch\u00e9 de te faire faire banqueroute : re\u00e7ois donc mon petit Lamartine comme un petit pr\u00e9sent du c\u0153ur qui n&rsquo;attend de retour que du c\u0153ur aussi, et que je serai bien content si tu veux bien songer \u00e0 moi lorsque tu l&rsquo;ouvriras \u00e0 tes heures de m\u00e9ditations po\u00e9tiques.<\/p>\n<p>Ton ami :<\/p>\n<p>OZANAM.<\/p>\n<p><em>Original : Archives Laporte.<\/em><\/p>\n","protected":false},"excerpt":{"rendered":"<p>Attitude du nouveau gouvernement vis-\u00e0-vis de la religion. Essai de d\u00e9finition de l&rsquo;\u00e9v\u00e9nement providentiel. Lyon, 29 novembre 1830. Mon cher ami, Qu&rsquo;elle m&rsquo;a fait de plaisir et de bien ta franche et touchante lettre. Je &#8230; <a href=\"http:\/\/vincentians.com\/fr\/frederic-ozanam-lettre-0023-a-auguste-materne\/\" class=\"more-link\">Read More<\/a><\/p>\n","protected":false},"author":4,"featured_media":189776,"comment_status":"open","ping_status":"open","sticky":false,"template":"","format":"standard","meta":{"jetpack_post_was_ever_published":false,"_jetpack_newsletter_access":"","_jetpack_dont_email_post_to_subs":false,"_jetpack_newsletter_tier_id":0,"_jetpack_memberships_contains_paywalled_content":false,"_jetpack_memberships_contains_paid_content":false,"footnotes":"","jetpack_publicize_message":"","jetpack_publicize_feature_enabled":true,"jetpack_social_post_already_shared":true,"jetpack_social_options":{"image_generator_settings":{"template":"highway","default_image_id":0,"font":"","enabled":false},"version":2}},"categories":[117],"tags":[],"class_list":["post-104314","post","type-post","status-publish","format-standard","has-post-thumbnail","hentry","category-lettres-de-frederic-ozanam"],"yoast_head":"<!-- This site is optimized with the Yoast SEO plugin v26.3 - https:\/\/yoast.com\/wordpress\/plugins\/seo\/ -->\n<title>Fr\u00e9d\u00e9ric Ozanam, Lettre 0023. A Auguste Materne - Nous Sommes Vincentiens<\/title>\n<meta name=\"robots\" content=\"index, follow, max-snippet:-1, max-image-preview:large, max-video-preview:-1\" \/>\n<link rel=\"canonical\" href=\"http:\/\/vincentians.com\/fr\/frederic-ozanam-lettre-0023-a-auguste-materne\/\" \/>\n<meta property=\"og:locale\" content=\"fr_FR\" \/>\n<meta property=\"og:type\" content=\"article\" \/>\n<meta property=\"og:title\" content=\"Fr\u00e9d\u00e9ric Ozanam, Lettre 0023. A Auguste Materne - Nous Sommes Vincentiens\" \/>\n<meta property=\"og:description\" content=\"Attitude du nouveau gouvernement vis-\u00e0-vis de la religion. Essai de d\u00e9finition de l&rsquo;\u00e9v\u00e9nement providentiel. Lyon, 29 novembre 1830. Mon cher ami, Qu&rsquo;elle m&rsquo;a fait de plaisir et de bien ta franche et touchante lettre. Je ... Read More\" \/>\n<meta property=\"og:url\" content=\"http:\/\/vincentians.com\/fr\/frederic-ozanam-lettre-0023-a-auguste-materne\/\" \/>\n<meta property=\"og:site_name\" content=\"Nous Sommes Vincentiens\" \/>\n<meta property=\"article:publisher\" content=\"https:\/\/www.facebook.com\/WeAreVincentians\/\" \/>\n<meta property=\"article:author\" content=\"https:\/\/www.facebook.com\/JavierChento\" \/>\n<meta property=\"article:published_time\" content=\"2016-09-30T02:00:31+00:00\" \/>\n<meta property=\"og:image\" content=\"https:\/\/i0.wp.com\/vincentians.com\/fr\/wp-content\/uploads\/sites\/10\/2016\/07\/cartas-federico-ozanam.jpg?fit=1200%2C630\" \/>\n\t<meta property=\"og:image:width\" content=\"1200\" \/>\n\t<meta property=\"og:image:height\" content=\"630\" \/>\n\t<meta property=\"og:image:type\" content=\"image\/jpeg\" \/>\n<meta name=\"author\" content=\"Francisco Javier Fern\u00e1ndez Chento\" \/>\n<meta name=\"twitter:card\" content=\"summary_large_image\" \/>\n<meta name=\"twitter:creator\" content=\"@https:\/\/twitter.com\/javierchento\" \/>\n<meta name=\"twitter:site\" content=\"@WeVincentians\" \/>\n<meta name=\"twitter:label1\" content=\"\u00c9crit par\" \/>\n\t<meta name=\"twitter:data1\" content=\"Francisco Javier Fern\u00e1ndez Chento\" \/>\n\t<meta name=\"twitter:label2\" content=\"Dur\u00e9e de lecture estim\u00e9e\" \/>\n\t<meta name=\"twitter:data2\" content=\"3 minutes\" \/>\n<script type=\"application\/ld+json\" class=\"yoast-schema-graph\">{\"@context\":\"https:\/\/schema.org\",\"@graph\":[{\"@type\":\"WebPage\",\"@id\":\"http:\/\/vincentians.com\/fr\/frederic-ozanam-lettre-0023-a-auguste-materne\/\",\"url\":\"http:\/\/vincentians.com\/fr\/frederic-ozanam-lettre-0023-a-auguste-materne\/\",\"name\":\"Fr\u00e9d\u00e9ric Ozanam, Lettre 0023. A Auguste Materne - Nous Sommes Vincentiens\",\"isPartOf\":{\"@id\":\"http:\/\/vincentians.com\/fr\/#website\"},\"primaryImageOfPage\":{\"@id\":\"http:\/\/vincentians.com\/fr\/frederic-ozanam-lettre-0023-a-auguste-materne\/#primaryimage\"},\"image\":{\"@id\":\"http:\/\/vincentians.com\/fr\/frederic-ozanam-lettre-0023-a-auguste-materne\/#primaryimage\"},\"thumbnailUrl\":\"https:\/\/i0.wp.com\/vincentians.com\/fr\/wp-content\/uploads\/sites\/10\/2016\/07\/cartas-federico-ozanam.jpg?fit=1200%2C630\",\"datePublished\":\"2016-09-30T02:00:31+00:00\",\"author\":{\"@id\":\"http:\/\/vincentians.com\/fr\/#\/schema\/person\/9623ef4d9aa3b2dfb8c061f1499288f2\"},\"breadcrumb\":{\"@id\":\"http:\/\/vincentians.com\/fr\/frederic-ozanam-lettre-0023-a-auguste-materne\/#breadcrumb\"},\"inLanguage\":\"fr-FR\",\"potentialAction\":[{\"@type\":\"ReadAction\",\"target\":[\"http:\/\/vincentians.com\/fr\/frederic-ozanam-lettre-0023-a-auguste-materne\/\"]}]},{\"@type\":\"ImageObject\",\"inLanguage\":\"fr-FR\",\"@id\":\"http:\/\/vincentians.com\/fr\/frederic-ozanam-lettre-0023-a-auguste-materne\/#primaryimage\",\"url\":\"https:\/\/i0.wp.com\/vincentians.com\/fr\/wp-content\/uploads\/sites\/10\/2016\/07\/cartas-federico-ozanam.jpg?fit=1200%2C630\",\"contentUrl\":\"https:\/\/i0.wp.com\/vincentians.com\/fr\/wp-content\/uploads\/sites\/10\/2016\/07\/cartas-federico-ozanam.jpg?fit=1200%2C630\",\"width\":1200,\"height\":630},{\"@type\":\"BreadcrumbList\",\"@id\":\"http:\/\/vincentians.com\/fr\/frederic-ozanam-lettre-0023-a-auguste-materne\/#breadcrumb\",\"itemListElement\":[{\"@type\":\"ListItem\",\"position\":1,\"name\":\"Portada\",\"item\":\"http:\/\/vincentians.com\/fr\/\"},{\"@type\":\"ListItem\",\"position\":2,\"name\":\"Fr\u00e9d\u00e9ric Ozanam, Lettre 0023. A Auguste Materne\"}]},{\"@type\":\"WebSite\",\"@id\":\"http:\/\/vincentians.com\/fr\/#website\",\"url\":\"http:\/\/vincentians.com\/fr\/\",\"name\":\"Nous Sommes Vincentiens\",\"description\":\"Know more to serve more\",\"potentialAction\":[{\"@type\":\"SearchAction\",\"target\":{\"@type\":\"EntryPoint\",\"urlTemplate\":\"http:\/\/vincentians.com\/fr\/?s={search_term_string}\"},\"query-input\":{\"@type\":\"PropertyValueSpecification\",\"valueRequired\":true,\"valueName\":\"search_term_string\"}}],\"inLanguage\":\"fr-FR\"},{\"@type\":\"Person\",\"@id\":\"http:\/\/vincentians.com\/fr\/#\/schema\/person\/9623ef4d9aa3b2dfb8c061f1499288f2\",\"name\":\"Francisco Javier Fern\u00e1ndez Chento\",\"image\":{\"@type\":\"ImageObject\",\"inLanguage\":\"fr-FR\",\"@id\":\"http:\/\/vincentians.com\/fr\/#\/schema\/person\/image\/\",\"url\":\"https:\/\/secure.gravatar.com\/avatar\/497d5cde87b4c3d097d0315953521681ba2cd523ee66e5077c3711f7021e65de?s=96&d=mm&r=g\",\"contentUrl\":\"https:\/\/secure.gravatar.com\/avatar\/497d5cde87b4c3d097d0315953521681ba2cd523ee66e5077c3711f7021e65de?s=96&d=mm&r=g\",\"caption\":\"Francisco Javier Fern\u00e1ndez Chento\"},\"description\":\"Director General y cofundador de La Red de Formaci\u00f3n Vicenciana. Javier es laico vicenciano, afiliado a la Congregaci\u00f3n de la Misi\u00f3n y miembro del Equipo de Misiones Populares de la provincia can\u00f3nica de Zaragoza (Espa\u00f1a) de la Congregaci\u00f3n de la Misi\u00f3n. Graduado en la Universidad Oberta de Catalunya con cuatro grados (Asistente de direcci\u00f3n, Gesti\u00f3n Administrativa, Recursos Humanos y Contabilidad Avanzada). Bil\u00edng\u00fce Espa\u00f1ol\/Ingl\u00e9s. gestiona y mantiene varias p\u00e1ginas web cristianas y vicencianas, incluida including La Red de Formaci\u00f3n Vicenciana, de la que es cofundador. Actualmente es responsable del \u00e1rea de Espa\u00f1ol de .famvin, la Red de Noticias de la Familia Vicenciana. Tambi\u00e9n es m\u00fasico cat\u00f3lico y ha editado varios discos. Es Director General y cofundador de Trovador, una reconocida compa\u00f1\u00eda discogr\u00e1fica critiana de Espa\u00f1a. Trabaja en las Tecnolog\u00edas de la Informaci\u00f3n, ofreciendo servicios de alojamiento, dise\u00f1o y mantenimiento Web, as\u00ed como asesoramiento, formaci\u00f3n y soluciones inform\u00e1ticas, gesti\u00f3n documental y digitalizaci\u00f3n de textos, edici\u00f3n y maquetaci\u00f3n de libros, revistas, flyers, etc.\",\"sameAs\":[\"http:\/\/chento.org\",\"https:\/\/www.facebook.com\/JavierChento\",\"https:\/\/x.com\/https:\/\/twitter.com\/javierchento\"],\"url\":\"http:\/\/vincentians.com\/fr\/author\/chento\/\"}]}<\/script>\n<!-- \/ Yoast SEO plugin. -->","yoast_head_json":{"title":"Fr\u00e9d\u00e9ric Ozanam, Lettre 0023. A Auguste Materne - Nous Sommes Vincentiens","robots":{"index":"index","follow":"follow","max-snippet":"max-snippet:-1","max-image-preview":"max-image-preview:large","max-video-preview":"max-video-preview:-1"},"canonical":"http:\/\/vincentians.com\/fr\/frederic-ozanam-lettre-0023-a-auguste-materne\/","og_locale":"fr_FR","og_type":"article","og_title":"Fr\u00e9d\u00e9ric Ozanam, Lettre 0023. A Auguste Materne - Nous Sommes Vincentiens","og_description":"Attitude du nouveau gouvernement vis-\u00e0-vis de la religion. Essai de d\u00e9finition de l&rsquo;\u00e9v\u00e9nement providentiel. Lyon, 29 novembre 1830. Mon cher ami, Qu&rsquo;elle m&rsquo;a fait de plaisir et de bien ta franche et touchante lettre. Je ... Read More","og_url":"http:\/\/vincentians.com\/fr\/frederic-ozanam-lettre-0023-a-auguste-materne\/","og_site_name":"Nous Sommes Vincentiens","article_publisher":"https:\/\/www.facebook.com\/WeAreVincentians\/","article_author":"https:\/\/www.facebook.com\/JavierChento","article_published_time":"2016-09-30T02:00:31+00:00","og_image":[{"width":1200,"height":630,"url":"https:\/\/i0.wp.com\/vincentians.com\/fr\/wp-content\/uploads\/sites\/10\/2016\/07\/cartas-federico-ozanam.jpg?fit=1200%2C630","type":"image\/jpeg"}],"author":"Francisco Javier Fern\u00e1ndez Chento","twitter_card":"summary_large_image","twitter_creator":"@https:\/\/twitter.com\/javierchento","twitter_site":"@WeVincentians","twitter_misc":{"\u00c9crit par":"Francisco Javier Fern\u00e1ndez Chento","Dur\u00e9e de lecture estim\u00e9e":"3 minutes"},"schema":{"@context":"https:\/\/schema.org","@graph":[{"@type":"WebPage","@id":"http:\/\/vincentians.com\/fr\/frederic-ozanam-lettre-0023-a-auguste-materne\/","url":"http:\/\/vincentians.com\/fr\/frederic-ozanam-lettre-0023-a-auguste-materne\/","name":"Fr\u00e9d\u00e9ric Ozanam, Lettre 0023. A Auguste Materne - Nous Sommes Vincentiens","isPartOf":{"@id":"http:\/\/vincentians.com\/fr\/#website"},"primaryImageOfPage":{"@id":"http:\/\/vincentians.com\/fr\/frederic-ozanam-lettre-0023-a-auguste-materne\/#primaryimage"},"image":{"@id":"http:\/\/vincentians.com\/fr\/frederic-ozanam-lettre-0023-a-auguste-materne\/#primaryimage"},"thumbnailUrl":"https:\/\/i0.wp.com\/vincentians.com\/fr\/wp-content\/uploads\/sites\/10\/2016\/07\/cartas-federico-ozanam.jpg?fit=1200%2C630","datePublished":"2016-09-30T02:00:31+00:00","author":{"@id":"http:\/\/vincentians.com\/fr\/#\/schema\/person\/9623ef4d9aa3b2dfb8c061f1499288f2"},"breadcrumb":{"@id":"http:\/\/vincentians.com\/fr\/frederic-ozanam-lettre-0023-a-auguste-materne\/#breadcrumb"},"inLanguage":"fr-FR","potentialAction":[{"@type":"ReadAction","target":["http:\/\/vincentians.com\/fr\/frederic-ozanam-lettre-0023-a-auguste-materne\/"]}]},{"@type":"ImageObject","inLanguage":"fr-FR","@id":"http:\/\/vincentians.com\/fr\/frederic-ozanam-lettre-0023-a-auguste-materne\/#primaryimage","url":"https:\/\/i0.wp.com\/vincentians.com\/fr\/wp-content\/uploads\/sites\/10\/2016\/07\/cartas-federico-ozanam.jpg?fit=1200%2C630","contentUrl":"https:\/\/i0.wp.com\/vincentians.com\/fr\/wp-content\/uploads\/sites\/10\/2016\/07\/cartas-federico-ozanam.jpg?fit=1200%2C630","width":1200,"height":630},{"@type":"BreadcrumbList","@id":"http:\/\/vincentians.com\/fr\/frederic-ozanam-lettre-0023-a-auguste-materne\/#breadcrumb","itemListElement":[{"@type":"ListItem","position":1,"name":"Portada","item":"http:\/\/vincentians.com\/fr\/"},{"@type":"ListItem","position":2,"name":"Fr\u00e9d\u00e9ric Ozanam, Lettre 0023. A Auguste Materne"}]},{"@type":"WebSite","@id":"http:\/\/vincentians.com\/fr\/#website","url":"http:\/\/vincentians.com\/fr\/","name":"Nous Sommes Vincentiens","description":"Know more to serve more","potentialAction":[{"@type":"SearchAction","target":{"@type":"EntryPoint","urlTemplate":"http:\/\/vincentians.com\/fr\/?s={search_term_string}"},"query-input":{"@type":"PropertyValueSpecification","valueRequired":true,"valueName":"search_term_string"}}],"inLanguage":"fr-FR"},{"@type":"Person","@id":"http:\/\/vincentians.com\/fr\/#\/schema\/person\/9623ef4d9aa3b2dfb8c061f1499288f2","name":"Francisco Javier Fern\u00e1ndez Chento","image":{"@type":"ImageObject","inLanguage":"fr-FR","@id":"http:\/\/vincentians.com\/fr\/#\/schema\/person\/image\/","url":"https:\/\/secure.gravatar.com\/avatar\/497d5cde87b4c3d097d0315953521681ba2cd523ee66e5077c3711f7021e65de?s=96&d=mm&r=g","contentUrl":"https:\/\/secure.gravatar.com\/avatar\/497d5cde87b4c3d097d0315953521681ba2cd523ee66e5077c3711f7021e65de?s=96&d=mm&r=g","caption":"Francisco Javier Fern\u00e1ndez Chento"},"description":"Director General y cofundador de La Red de Formaci\u00f3n Vicenciana. Javier es laico vicenciano, afiliado a la Congregaci\u00f3n de la Misi\u00f3n y miembro del Equipo de Misiones Populares de la provincia can\u00f3nica de Zaragoza (Espa\u00f1a) de la Congregaci\u00f3n de la Misi\u00f3n. Graduado en la Universidad Oberta de Catalunya con cuatro grados (Asistente de direcci\u00f3n, Gesti\u00f3n Administrativa, Recursos Humanos y Contabilidad Avanzada). Bil\u00edng\u00fce Espa\u00f1ol\/Ingl\u00e9s. gestiona y mantiene varias p\u00e1ginas web cristianas y vicencianas, incluida including La Red de Formaci\u00f3n Vicenciana, de la que es cofundador. Actualmente es responsable del \u00e1rea de Espa\u00f1ol de .famvin, la Red de Noticias de la Familia Vicenciana. Tambi\u00e9n es m\u00fasico cat\u00f3lico y ha editado varios discos. Es Director General y cofundador de Trovador, una reconocida compa\u00f1\u00eda discogr\u00e1fica critiana de Espa\u00f1a. Trabaja en las Tecnolog\u00edas de la Informaci\u00f3n, ofreciendo servicios de alojamiento, dise\u00f1o y mantenimiento Web, as\u00ed como asesoramiento, formaci\u00f3n y soluciones inform\u00e1ticas, gesti\u00f3n documental y digitalizaci\u00f3n de textos, edici\u00f3n y maquetaci\u00f3n de libros, revistas, flyers, etc.","sameAs":["http:\/\/chento.org","https:\/\/www.facebook.com\/JavierChento","https:\/\/x.com\/https:\/\/twitter.com\/javierchento"],"url":"http:\/\/vincentians.com\/fr\/author\/chento\/"}]}},"jetpack_publicize_connections":[],"jetpack_featured_media_url":"https:\/\/i0.wp.com\/vincentians.com\/fr\/wp-content\/uploads\/sites\/10\/2016\/07\/cartas-federico-ozanam.jpg?fit=1200%2C630","jetpack_sharing_enabled":true,"jetpack_shortlink":"https:\/\/wp.me\/p7ETMP-r8u","jetpack-related-posts":[{"id":98069,"url":"http:\/\/vincentians.com\/fr\/ozanam-et-assise-genese-dun-regard-romantique-sur-le-moyen-age\/","url_meta":{"origin":104314,"position":0},"title":"Ozanam et Assise. Gen\u00e8se d\u2019un regard romantique sur le Moyen Age","author":"Francisco Javier Fern\u00e1ndez Chento","date":"08\/10\/2013","format":false,"excerpt":"\u00a0\u00ab ITALIE. Doit se voir imm\u00e9diatement apr\u00e8s le mariage. \u2013 Donne bien des d\u00e9ceptions, n\u2019est pas si belle qu\u2019on dit . \u00bb Bien des bourgeois du XIXe si\u00e8cle fran\u00e7ais n\u2019ont pas fait mentir Flaubert o\u00f9 l\u2019on aura reconnu un des lieux communs qu\u2019il se pla\u00eet \u00e0 r\u00e9unir dans son Dictionnaire\u2026","rel":"","context":"Dans &quot;Fr\u00e9d\u00e9ric Ozanam&quot;","block_context":{"text":"Fr\u00e9d\u00e9ric Ozanam","link":"http:\/\/vincentians.com\/fr\/category\/the-vincentian-family\/founders\/frederic-ozanam\/"},"img":{"alt_text":"","src":"https:\/\/i0.wp.com\/vincentiens.org\/wp-content\/uploads\/2012\/11\/ozanam-240x300.jpg?resize=350%2C200","width":350,"height":200},"classes":[]},{"id":104276,"url":"http:\/\/vincentians.com\/fr\/frederic-ozanam-lettre-0004-a-son-pere\/","url_meta":{"origin":104314,"position":1},"title":"Fr\u00e9d\u00e9ric Ozanam, Lettre 0004. A son P\u00e8re","author":"Francisco Javier Fern\u00e1ndez Chento","date":"17\/08\/2016","format":false,"excerpt":"V\u0153ux de f\u00eate. Promesse de sagesse et de travail. Lyon, 23 juillet 1821. Cher Papa, Je viens vous souhaiter votre f\u00eate et vous pr\u00e9senter mon petit bouquet. Ce n'est pas pour la m\u00eame raison que ces gens qui viennent de donner tout \u00e0 l'heure une s\u00e9r\u00e9nade au mar\u00e9chal-ferrant et au\u2026","rel":"","context":"Dans &quot;Lettres de Fr\u00e9d\u00e9ric Ozanam&quot;","block_context":{"text":"Lettres de Fr\u00e9d\u00e9ric Ozanam","link":"http:\/\/vincentians.com\/fr\/category\/lettres-de-frederic-ozanam\/"},"img":{"alt_text":"","src":"https:\/\/i0.wp.com\/vincentians.com\/fr\/wp-content\/uploads\/sites\/10\/2016\/07\/cartas-federico-ozanam.jpg?fit=1200%2C630&resize=350%2C200","width":350,"height":200,"srcset":"https:\/\/i0.wp.com\/vincentians.com\/fr\/wp-content\/uploads\/sites\/10\/2016\/07\/cartas-federico-ozanam.jpg?fit=1200%2C630&resize=350%2C200 1x, https:\/\/i0.wp.com\/vincentians.com\/fr\/wp-content\/uploads\/sites\/10\/2016\/07\/cartas-federico-ozanam.jpg?fit=1200%2C630&resize=525%2C300 1.5x, https:\/\/i0.wp.com\/vincentians.com\/fr\/wp-content\/uploads\/sites\/10\/2016\/07\/cartas-federico-ozanam.jpg?fit=1200%2C630&resize=700%2C400 2x, https:\/\/i0.wp.com\/vincentians.com\/fr\/wp-content\/uploads\/sites\/10\/2016\/07\/cartas-federico-ozanam.jpg?fit=1200%2C630&resize=1050%2C600 3x"},"classes":[]},{"id":104309,"url":"http:\/\/vincentians.com\/fr\/frederic-ozanam-lettre-0013-a-auguste-materne\/","url_meta":{"origin":104314,"position":2},"title":"Fr\u00e9d\u00e9ric Ozanam, Lettre 0013. A Auguste Materne","author":"Francisco Javier Fern\u00e1ndez Chento","date":"07\/09\/2016","format":false,"excerpt":"Joie d'une amiti\u00e9 r\u00e9ciproque. Bienfaits d'une foi commune. Lyon, ce 8 juin 1830, soir. Mon cher ami, Que de bien m'a fait ta lettre que je viens de recevoir. Que je suis content! Si tu savais comme il m'en a co\u00fbt\u00e9 pour t'\u00e9crire ma derni\u00e8re lettre. Dieu! me disais-je, s'il\u2026","rel":"","context":"Dans &quot;Lettres de Fr\u00e9d\u00e9ric Ozanam&quot;","block_context":{"text":"Lettres de Fr\u00e9d\u00e9ric Ozanam","link":"http:\/\/vincentians.com\/fr\/category\/lettres-de-frederic-ozanam\/"},"img":{"alt_text":"","src":"https:\/\/i0.wp.com\/vincentians.com\/fr\/wp-content\/uploads\/sites\/10\/2016\/07\/cartas-federico-ozanam.jpg?fit=1200%2C630&resize=350%2C200","width":350,"height":200,"srcset":"https:\/\/i0.wp.com\/vincentians.com\/fr\/wp-content\/uploads\/sites\/10\/2016\/07\/cartas-federico-ozanam.jpg?fit=1200%2C630&resize=350%2C200 1x, https:\/\/i0.wp.com\/vincentians.com\/fr\/wp-content\/uploads\/sites\/10\/2016\/07\/cartas-federico-ozanam.jpg?fit=1200%2C630&resize=525%2C300 1.5x, https:\/\/i0.wp.com\/vincentians.com\/fr\/wp-content\/uploads\/sites\/10\/2016\/07\/cartas-federico-ozanam.jpg?fit=1200%2C630&resize=700%2C400 2x, https:\/\/i0.wp.com\/vincentians.com\/fr\/wp-content\/uploads\/sites\/10\/2016\/07\/cartas-federico-ozanam.jpg?fit=1200%2C630&resize=1050%2C600 3x"},"classes":[]},{"id":104396,"url":"http:\/\/vincentians.com\/fr\/frederic-ozanam-lettre-0033-a-auguste-materne\/","url_meta":{"origin":104314,"position":3},"title":"Fr\u00e9d\u00e9ric Ozanam, Lettre 0033. A Auguste Materne","author":"Francisco Javier Fern\u00e1ndez Chento","date":"25\/10\/2016","format":false,"excerpt":"Consolations et encouragements. Ils trouveront dans leur prochaine r\u00e9union une aide pour r\u00e9soudre leurs difficult\u00e9s. Cuires, pr\u00e8s Lyon, 17 septembre 1831. Mon cher Materne, Lorsque tu partis de Lyon, mes efforts pour te voir et t'embrasser furent inutiles; je ne sais quelle fatalit\u00e9 s'interposa entre nous, et je fus r\u00e9duit\u2026","rel":"","context":"Dans &quot;Lettres de Fr\u00e9d\u00e9ric Ozanam&quot;","block_context":{"text":"Lettres de Fr\u00e9d\u00e9ric Ozanam","link":"http:\/\/vincentians.com\/fr\/category\/lettres-de-frederic-ozanam\/"},"img":{"alt_text":"","src":"https:\/\/i0.wp.com\/vincentians.com\/fr\/wp-content\/uploads\/sites\/10\/2016\/07\/cartas-federico-ozanam.jpg?fit=1200%2C630&resize=350%2C200","width":350,"height":200,"srcset":"https:\/\/i0.wp.com\/vincentians.com\/fr\/wp-content\/uploads\/sites\/10\/2016\/07\/cartas-federico-ozanam.jpg?fit=1200%2C630&resize=350%2C200 1x, https:\/\/i0.wp.com\/vincentians.com\/fr\/wp-content\/uploads\/sites\/10\/2016\/07\/cartas-federico-ozanam.jpg?fit=1200%2C630&resize=525%2C300 1.5x, https:\/\/i0.wp.com\/vincentians.com\/fr\/wp-content\/uploads\/sites\/10\/2016\/07\/cartas-federico-ozanam.jpg?fit=1200%2C630&resize=700%2C400 2x, https:\/\/i0.wp.com\/vincentians.com\/fr\/wp-content\/uploads\/sites\/10\/2016\/07\/cartas-federico-ozanam.jpg?fit=1200%2C630&resize=1050%2C600 3x"},"classes":[]},{"id":104299,"url":"http:\/\/vincentians.com\/fr\/frederic-ozanam-lettre-0028-a-auguste-materne\/","url_meta":{"origin":104314,"position":4},"title":"Fr\u00e9d\u00e9ric Ozanam, Lettre 0028. A Auguste Materne","author":"Francisco Javier Fern\u00e1ndez Chento","date":"12\/10\/2016","format":false,"excerpt":"Regrets d'Ozanam, de voir son ami, malgr\u00e9 leur id\u00e9al commun, critiquer le clerg\u00e9 et d\u00e9fendre des th\u00e9ories r\u00e9publicaines. [Samedi] 19 mars 1831. Mon cher Materne, Moi aussi j'ai lu avec \u00e9motion ta r\u00e9ponse si prompte, si amicale, et \u00e0 pr\u00e9sent une foule d'id\u00e9es se pressent dans mon \u00e2me. Comment les\u2026","rel":"","context":"Dans &quot;Lettres de Fr\u00e9d\u00e9ric Ozanam&quot;","block_context":{"text":"Lettres de Fr\u00e9d\u00e9ric Ozanam","link":"http:\/\/vincentians.com\/fr\/category\/lettres-de-frederic-ozanam\/"},"img":{"alt_text":"","src":"https:\/\/i0.wp.com\/vincentians.com\/fr\/wp-content\/uploads\/sites\/10\/2016\/07\/cartas-federico-ozanam.jpg?fit=1200%2C630&resize=350%2C200","width":350,"height":200,"srcset":"https:\/\/i0.wp.com\/vincentians.com\/fr\/wp-content\/uploads\/sites\/10\/2016\/07\/cartas-federico-ozanam.jpg?fit=1200%2C630&resize=350%2C200 1x, https:\/\/i0.wp.com\/vincentians.com\/fr\/wp-content\/uploads\/sites\/10\/2016\/07\/cartas-federico-ozanam.jpg?fit=1200%2C630&resize=525%2C300 1.5x, https:\/\/i0.wp.com\/vincentians.com\/fr\/wp-content\/uploads\/sites\/10\/2016\/07\/cartas-federico-ozanam.jpg?fit=1200%2C630&resize=700%2C400 2x, https:\/\/i0.wp.com\/vincentians.com\/fr\/wp-content\/uploads\/sites\/10\/2016\/07\/cartas-federico-ozanam.jpg?fit=1200%2C630&resize=1050%2C600 3x"},"classes":[]},{"id":104274,"url":"http:\/\/vincentians.com\/fr\/frederic-ozanam-lettre-0002-a-son-pere\/","url_meta":{"origin":104314,"position":5},"title":"Fr\u00e9d\u00e9ric Ozanam, Lettre 0002. A son P\u00e8re","author":"Francisco Javier Fern\u00e1ndez Chento","date":"12\/08\/2016","format":false,"excerpt":"Lyon, 17 janvier 1820. Cher Papa, Je voudrais que le jour de Saint-Antoine f\u00fbt un jour de plaisir puisque c'est ta f\u00eate, je ne sais comment faire pour la bien c\u00e9l\u00e9brer, je ne peux te donner que beaucoup de baisers et le r\u00e9p\u00e9ter mille et mille fois: je te souhaite\u2026","rel":"","context":"Dans &quot;Lettres de Fr\u00e9d\u00e9ric Ozanam&quot;","block_context":{"text":"Lettres de Fr\u00e9d\u00e9ric Ozanam","link":"http:\/\/vincentians.com\/fr\/category\/lettres-de-frederic-ozanam\/"},"img":{"alt_text":"","src":"https:\/\/i0.wp.com\/vincentians.com\/fr\/wp-content\/uploads\/sites\/10\/2016\/07\/cartas-federico-ozanam.jpg?fit=1200%2C630&resize=350%2C200","width":350,"height":200,"srcset":"https:\/\/i0.wp.com\/vincentians.com\/fr\/wp-content\/uploads\/sites\/10\/2016\/07\/cartas-federico-ozanam.jpg?fit=1200%2C630&resize=350%2C200 1x, https:\/\/i0.wp.com\/vincentians.com\/fr\/wp-content\/uploads\/sites\/10\/2016\/07\/cartas-federico-ozanam.jpg?fit=1200%2C630&resize=525%2C300 1.5x, https:\/\/i0.wp.com\/vincentians.com\/fr\/wp-content\/uploads\/sites\/10\/2016\/07\/cartas-federico-ozanam.jpg?fit=1200%2C630&resize=700%2C400 2x, https:\/\/i0.wp.com\/vincentians.com\/fr\/wp-content\/uploads\/sites\/10\/2016\/07\/cartas-federico-ozanam.jpg?fit=1200%2C630&resize=1050%2C600 3x"},"classes":[]}],"_links":{"self":[{"href":"http:\/\/vincentians.com\/fr\/wp-json\/wp\/v2\/posts\/104314","targetHints":{"allow":["GET"]}}],"collection":[{"href":"http:\/\/vincentians.com\/fr\/wp-json\/wp\/v2\/posts"}],"about":[{"href":"http:\/\/vincentians.com\/fr\/wp-json\/wp\/v2\/types\/post"}],"author":[{"embeddable":true,"href":"http:\/\/vincentians.com\/fr\/wp-json\/wp\/v2\/users\/4"}],"replies":[{"embeddable":true,"href":"http:\/\/vincentians.com\/fr\/wp-json\/wp\/v2\/comments?post=104314"}],"version-history":[{"count":0,"href":"http:\/\/vincentians.com\/fr\/wp-json\/wp\/v2\/posts\/104314\/revisions"}],"wp:featuredmedia":[{"embeddable":true,"href":"http:\/\/vincentians.com\/fr\/wp-json\/wp\/v2\/media\/189776"}],"wp:attachment":[{"href":"http:\/\/vincentians.com\/fr\/wp-json\/wp\/v2\/media?parent=104314"}],"wp:term":[{"taxonomy":"category","embeddable":true,"href":"http:\/\/vincentians.com\/fr\/wp-json\/wp\/v2\/categories?post=104314"},{"taxonomy":"post_tag","embeddable":true,"href":"http:\/\/vincentians.com\/fr\/wp-json\/wp\/v2\/tags?post=104314"}],"curies":[{"name":"wp","href":"https:\/\/api.w.org\/{rel}","templated":true}]}}