{"id":104312,"date":"2016-09-27T04:00:31","date_gmt":"2016-09-27T02:00:31","guid":{"rendered":"http:\/\/vincentiens.org\/?p=104312"},"modified":"2016-08-11T21:43:25","modified_gmt":"2016-08-11T19:43:25","slug":"frederic-ozanam-lettre-0021-a-auguste-materne","status":"publish","type":"post","link":"http:\/\/vincentians.com\/fr\/frederic-ozanam-lettre-0021-a-auguste-materne\/","title":{"rendered":"Fr\u00e9d\u00e9ric Ozanam, Lettre 0021. A Auguste Materne"},"content":{"rendered":"<p style=\"text-align: center;\"><em>Protestation contre les soul\u00e8vements r\u00e9volutionnaires. Attachement \u00e0 la royaut\u00e9 l\u00e9gitime.<\/em><\/p>\n<p style=\"text-align: right;\"><em>Lyon, ao\u00fbt 1830.<\/em><\/p>\n<p>Mon cher ami,<\/p>\n<p>Je souffre horriblement et je n&rsquo;ai pas encore pu te le dire. Je suis all\u00e9 chez toi ce matin, tu n&rsquo;y \u00e9tais pas; je suis retourn\u00e9 tout \u00e0 l&rsquo;heure jusqu&rsquo;au pied de ton escalier et je n&rsquo;ai pas os\u00e9 monter de peur de te d\u00e9ranger toi ou tes parents. Cependant mon pauvre c\u0153ur est trop malade; il faut qu&rsquo;il s&rsquo;\u00e9panche dans le c\u0153ur d&rsquo;un ami.<\/p>\n<p>Je viens de recevoir de Paris une lettre de mon fr\u00e8re, qui nous apprend qu&rsquo;il a \u00e9t\u00e9 oblig\u00e9 de se d\u00e9guiser et de quitter l&rsquo;habit eccl\u00e9siastique, qu&rsquo;il a pass\u00e9 deux jours dans des transes mortelles, qu&rsquo;il ne sait pas encore s&rsquo;il doit rester dans les environs de Paris ou s&rsquo;approcher de Lyon; cependant, nous dit-il, le calme commence \u00e0 se r\u00e9tablir, mais momen\u00adtan\u00e9ment. Ma pauvre m\u00e8re s&rsquo;inqui\u00e8te, se d\u00e9sole et moi je dois la consoler; il faut renfermer dans mon c\u0153ur le chagrin qui me d\u00e9vore! O mon ami!<\/p>\n<p>J&rsquo;ai vu au pied de chez toi une proclamation annon\u00e7ant que Charles X ne peut plus r\u00e9gner, que le peuple met le duc d&rsquo;Orl\u00e9ans sur le tr\u00f4ne, en lui imposant une Constitution! Et quel est donc l&rsquo;article de la charte qui permet au peuple de d\u00e9poser, de nommer? Depuis quand la personne du roi n&rsquo;est-elle plus inviolable et sacr\u00e9e? Comment ose-t-on proclamer de telles monstruosit\u00e9s, au nom de la charte? Je fr\u00e9mis d&rsquo;indignation.<\/p>\n<p>Des ministres se rendent criminels; la charte les rend responsables, on devait se contenter de d\u00e9sob\u00e9ir \u00e0 leurs ordonnances ill\u00e9gitimes et \u00e0 leur demander compte de leur conduite et, au lieu de cela, on prend les armes, on abat les fleurs de lys, les drapeaux tricolores sont arbor\u00e9s et l&rsquo;on crie : \u00abNous ne voulons plus de Charles X. \u00bb Nous ne voulons plus! Et depuis quand la volont\u00e9 de quelques forcen\u00e9s a-t-elle une force morale? On m&rsquo;objectera la majorit\u00e9 du peuple, mais la majorit\u00e9 est royaliste constitu\u00adtionnelle et non r\u00e9publicaine, d&rsquo;ailleurs la majorit\u00e9 d&rsquo;une nation ne s&rsquo;\u00e9gare-t-elle jamais? Ne s&rsquo;\u00e9garait-elle pas le jour qu&rsquo;elle applaudissait au coup qui venait de trancher la t\u00eate au meilleur des rois?<\/p>\n<p>De quel droit des banquiers, des membres de l&rsquo;extr\u00eame gauche s&rsquo;appellent-ils gouvernement? Elus par 40 d\u00e9put\u00e9s au lieu de 400, peuvent-ils repr\u00e9senter la nation fran\u00e7aise? Et d&rsquo;ailleurs, quand la Chambre serait rassembl\u00e9e tout enti\u00e8re, de quel droit traiterait-elle sans le concours du roi et des pairs?<\/p>\n<p>Au sein de notre ville, quatre m\u00e9decins et quelques n\u00e9gocians pr\u00e9tendent organiser un gouvernement<span id='easy-footnote-1-104312' class='easy-footnote-margin-adjust'><\/span><span class='easy-footnote'><a href='http:\/\/vincentians.com\/fr\/frederic-ozanam-lettre-0021-a-auguste-materne\/#easy-footnote-bottom-1-104312' title='Sur la r\u00e9volution \u00e0 Lyon, V. Mornand, Une Semaine de. R\u00e9volution \u00e0 Lyon en 1830 (Lyon, 1831, in-8&lt;sup&gt;0&lt;\/sup&gt;). Les quatre m\u00e9decins sont les docteurs Trolliet, Gillibert, Terme et Prunelle. Le premier a publi\u00e9 des Lettres historiques sur la R\u00e9volution de Lyon (Lyon, 1830, in-8&lt;sup&gt;0&lt;\/sup&gt;).'><sup>1<\/sup><\/a><\/span> et donner des ordres et qui donc les a \u00e9lus? O\u00f9 sont leurs titres? Leur titre, c&rsquo;est l&rsquo;ambition et le myst\u00e8re du comit\u00e9 directeur est r\u00e9v\u00e9l\u00e9 : j&rsquo;y crois aujourd&rsquo;hui. Cinq cens gardes nationaux vont demander au maire ses pouvoirs et le menacent d&rsquo;un rendement de compte : quel est l&rsquo;article de la charte qui les autorise? Et pourtant voil\u00e0 qu&rsquo;ils crient : \u00abVive la Charte!\u00a0\u00bb Mon cher ami, je t&rsquo;ai exprim\u00e9 mes sentimens avec chaleur et avec toute la franchise de l&rsquo;amiti\u00e9; les voici en r\u00e9sum\u00e9 :<\/p>\n<p>Je veux le roi Charles X.<br \/>\nJe veux la Charte constitutionnelle.<br \/>\nJe veux la mise en accusation des ministres.<br \/>\nJe renie le gouvernement provisoire.<br \/>\nJe renie le duc d&rsquo;Orl\u00e9ans pour roi.<br \/>\nJe d\u00e9teste tous les actes ill\u00e9gaux qui se sont commis.<br \/>\nJe d\u00e9sapprouve la commission lyonnaise.<br \/>\nJ&rsquo;estime la garde nationale, mais je lui souhaite de meilleurs chefs.<br \/>\nJe suis et serai toujours le sujet fid\u00e8le du roi l\u00e9gitime Charles X.<br \/>\nJe suis et serai toujours ton ami.<\/p>\n<p>Ton intime ami :<\/p>\n<p>FR\u00c9D\u00c9RIC.<\/p>\n<p>Si tu voulais venir me voir un petit moment apr\u00e8s ton d\u00een\u00e9, tu me procurerais un grand plaisir.<\/p>\n<p><em>Original : Archives Laporte.<\/em><\/p>\n","protected":false},"excerpt":{"rendered":"<p>Protestation contre les soul\u00e8vements r\u00e9volutionnaires. Attachement \u00e0 la royaut\u00e9 l\u00e9gitime. Lyon, ao\u00fbt 1830. Mon cher ami, Je souffre horriblement et je n&rsquo;ai pas encore pu te le dire. Je suis all\u00e9 chez toi ce matin, &#8230; <a href=\"http:\/\/vincentians.com\/fr\/frederic-ozanam-lettre-0021-a-auguste-materne\/\" class=\"more-link\">Read More<\/a><\/p>\n","protected":false},"author":4,"featured_media":189776,"comment_status":"open","ping_status":"open","sticky":false,"template":"","format":"standard","meta":{"jetpack_post_was_ever_published":false,"_jetpack_newsletter_access":"","_jetpack_dont_email_post_to_subs":false,"_jetpack_newsletter_tier_id":0,"_jetpack_memberships_contains_paywalled_content":false,"_jetpack_memberships_contains_paid_content":false,"footnotes":"","jetpack_publicize_message":"","jetpack_publicize_feature_enabled":true,"jetpack_social_post_already_shared":true,"jetpack_social_options":{"image_generator_settings":{"template":"highway","default_image_id":0,"font":"","enabled":false},"version":2}},"categories":[117],"tags":[],"class_list":["post-104312","post","type-post","status-publish","format-standard","has-post-thumbnail","hentry","category-lettres-de-frederic-ozanam"],"yoast_head":"<!-- This site is optimized with the Yoast SEO plugin v26.3 - https:\/\/yoast.com\/wordpress\/plugins\/seo\/ -->\n<title>Fr\u00e9d\u00e9ric Ozanam, Lettre 0021. A Auguste Materne - Nous Sommes Vincentiens<\/title>\n<meta name=\"robots\" content=\"index, follow, max-snippet:-1, max-image-preview:large, max-video-preview:-1\" \/>\n<link rel=\"canonical\" href=\"http:\/\/vincentians.com\/fr\/frederic-ozanam-lettre-0021-a-auguste-materne\/\" \/>\n<meta property=\"og:locale\" content=\"fr_FR\" \/>\n<meta property=\"og:type\" content=\"article\" \/>\n<meta property=\"og:title\" content=\"Fr\u00e9d\u00e9ric Ozanam, Lettre 0021. A Auguste Materne - Nous Sommes Vincentiens\" \/>\n<meta property=\"og:description\" content=\"Protestation contre les soul\u00e8vements r\u00e9volutionnaires. Attachement \u00e0 la royaut\u00e9 l\u00e9gitime. Lyon, ao\u00fbt 1830. Mon cher ami, Je souffre horriblement et je n&rsquo;ai pas encore pu te le dire. Je suis all\u00e9 chez toi ce matin, ... Read More\" \/>\n<meta property=\"og:url\" content=\"http:\/\/vincentians.com\/fr\/frederic-ozanam-lettre-0021-a-auguste-materne\/\" \/>\n<meta property=\"og:site_name\" content=\"Nous Sommes Vincentiens\" \/>\n<meta property=\"article:publisher\" content=\"https:\/\/www.facebook.com\/WeAreVincentians\/\" \/>\n<meta property=\"article:author\" content=\"https:\/\/www.facebook.com\/JavierChento\" \/>\n<meta property=\"article:published_time\" content=\"2016-09-27T02:00:31+00:00\" \/>\n<meta property=\"og:image\" content=\"https:\/\/i0.wp.com\/vincentians.com\/fr\/wp-content\/uploads\/sites\/10\/2016\/07\/cartas-federico-ozanam.jpg?fit=1200%2C630\" \/>\n\t<meta property=\"og:image:width\" content=\"1200\" \/>\n\t<meta property=\"og:image:height\" content=\"630\" \/>\n\t<meta property=\"og:image:type\" content=\"image\/jpeg\" \/>\n<meta name=\"author\" content=\"Francisco Javier Fern\u00e1ndez Chento\" \/>\n<meta name=\"twitter:card\" content=\"summary_large_image\" \/>\n<meta name=\"twitter:creator\" content=\"@https:\/\/twitter.com\/javierchento\" \/>\n<meta name=\"twitter:site\" content=\"@WeVincentians\" \/>\n<meta name=\"twitter:label1\" content=\"\u00c9crit par\" \/>\n\t<meta name=\"twitter:data1\" content=\"Francisco Javier Fern\u00e1ndez Chento\" \/>\n\t<meta name=\"twitter:label2\" content=\"Dur\u00e9e de lecture estim\u00e9e\" \/>\n\t<meta name=\"twitter:data2\" content=\"4 minutes\" \/>\n<script type=\"application\/ld+json\" class=\"yoast-schema-graph\">{\"@context\":\"https:\/\/schema.org\",\"@graph\":[{\"@type\":\"WebPage\",\"@id\":\"http:\/\/vincentians.com\/fr\/frederic-ozanam-lettre-0021-a-auguste-materne\/\",\"url\":\"http:\/\/vincentians.com\/fr\/frederic-ozanam-lettre-0021-a-auguste-materne\/\",\"name\":\"Fr\u00e9d\u00e9ric Ozanam, Lettre 0021. A Auguste Materne - Nous Sommes Vincentiens\",\"isPartOf\":{\"@id\":\"http:\/\/vincentians.com\/fr\/#website\"},\"primaryImageOfPage\":{\"@id\":\"http:\/\/vincentians.com\/fr\/frederic-ozanam-lettre-0021-a-auguste-materne\/#primaryimage\"},\"image\":{\"@id\":\"http:\/\/vincentians.com\/fr\/frederic-ozanam-lettre-0021-a-auguste-materne\/#primaryimage\"},\"thumbnailUrl\":\"https:\/\/i0.wp.com\/vincentians.com\/fr\/wp-content\/uploads\/sites\/10\/2016\/07\/cartas-federico-ozanam.jpg?fit=1200%2C630\",\"datePublished\":\"2016-09-27T02:00:31+00:00\",\"author\":{\"@id\":\"http:\/\/vincentians.com\/fr\/#\/schema\/person\/9623ef4d9aa3b2dfb8c061f1499288f2\"},\"breadcrumb\":{\"@id\":\"http:\/\/vincentians.com\/fr\/frederic-ozanam-lettre-0021-a-auguste-materne\/#breadcrumb\"},\"inLanguage\":\"fr-FR\",\"potentialAction\":[{\"@type\":\"ReadAction\",\"target\":[\"http:\/\/vincentians.com\/fr\/frederic-ozanam-lettre-0021-a-auguste-materne\/\"]}]},{\"@type\":\"ImageObject\",\"inLanguage\":\"fr-FR\",\"@id\":\"http:\/\/vincentians.com\/fr\/frederic-ozanam-lettre-0021-a-auguste-materne\/#primaryimage\",\"url\":\"https:\/\/i0.wp.com\/vincentians.com\/fr\/wp-content\/uploads\/sites\/10\/2016\/07\/cartas-federico-ozanam.jpg?fit=1200%2C630\",\"contentUrl\":\"https:\/\/i0.wp.com\/vincentians.com\/fr\/wp-content\/uploads\/sites\/10\/2016\/07\/cartas-federico-ozanam.jpg?fit=1200%2C630\",\"width\":1200,\"height\":630},{\"@type\":\"BreadcrumbList\",\"@id\":\"http:\/\/vincentians.com\/fr\/frederic-ozanam-lettre-0021-a-auguste-materne\/#breadcrumb\",\"itemListElement\":[{\"@type\":\"ListItem\",\"position\":1,\"name\":\"Portada\",\"item\":\"http:\/\/vincentians.com\/fr\/\"},{\"@type\":\"ListItem\",\"position\":2,\"name\":\"Fr\u00e9d\u00e9ric Ozanam, Lettre 0021. A Auguste Materne\"}]},{\"@type\":\"WebSite\",\"@id\":\"http:\/\/vincentians.com\/fr\/#website\",\"url\":\"http:\/\/vincentians.com\/fr\/\",\"name\":\"Nous Sommes Vincentiens\",\"description\":\"Know more to serve more\",\"potentialAction\":[{\"@type\":\"SearchAction\",\"target\":{\"@type\":\"EntryPoint\",\"urlTemplate\":\"http:\/\/vincentians.com\/fr\/?s={search_term_string}\"},\"query-input\":{\"@type\":\"PropertyValueSpecification\",\"valueRequired\":true,\"valueName\":\"search_term_string\"}}],\"inLanguage\":\"fr-FR\"},{\"@type\":\"Person\",\"@id\":\"http:\/\/vincentians.com\/fr\/#\/schema\/person\/9623ef4d9aa3b2dfb8c061f1499288f2\",\"name\":\"Francisco Javier Fern\u00e1ndez Chento\",\"image\":{\"@type\":\"ImageObject\",\"inLanguage\":\"fr-FR\",\"@id\":\"http:\/\/vincentians.com\/fr\/#\/schema\/person\/image\/\",\"url\":\"https:\/\/secure.gravatar.com\/avatar\/497d5cde87b4c3d097d0315953521681ba2cd523ee66e5077c3711f7021e65de?s=96&d=mm&r=g\",\"contentUrl\":\"https:\/\/secure.gravatar.com\/avatar\/497d5cde87b4c3d097d0315953521681ba2cd523ee66e5077c3711f7021e65de?s=96&d=mm&r=g\",\"caption\":\"Francisco Javier Fern\u00e1ndez Chento\"},\"description\":\"Director General y cofundador de La Red de Formaci\u00f3n Vicenciana. Javier es laico vicenciano, afiliado a la Congregaci\u00f3n de la Misi\u00f3n y miembro del Equipo de Misiones Populares de la provincia can\u00f3nica de Zaragoza (Espa\u00f1a) de la Congregaci\u00f3n de la Misi\u00f3n. Graduado en la Universidad Oberta de Catalunya con cuatro grados (Asistente de direcci\u00f3n, Gesti\u00f3n Administrativa, Recursos Humanos y Contabilidad Avanzada). Bil\u00edng\u00fce Espa\u00f1ol\/Ingl\u00e9s. gestiona y mantiene varias p\u00e1ginas web cristianas y vicencianas, incluida including La Red de Formaci\u00f3n Vicenciana, de la que es cofundador. Actualmente es responsable del \u00e1rea de Espa\u00f1ol de .famvin, la Red de Noticias de la Familia Vicenciana. Tambi\u00e9n es m\u00fasico cat\u00f3lico y ha editado varios discos. Es Director General y cofundador de Trovador, una reconocida compa\u00f1\u00eda discogr\u00e1fica critiana de Espa\u00f1a. Trabaja en las Tecnolog\u00edas de la Informaci\u00f3n, ofreciendo servicios de alojamiento, dise\u00f1o y mantenimiento Web, as\u00ed como asesoramiento, formaci\u00f3n y soluciones inform\u00e1ticas, gesti\u00f3n documental y digitalizaci\u00f3n de textos, edici\u00f3n y maquetaci\u00f3n de libros, revistas, flyers, etc.\",\"sameAs\":[\"http:\/\/chento.org\",\"https:\/\/www.facebook.com\/JavierChento\",\"https:\/\/x.com\/https:\/\/twitter.com\/javierchento\"],\"url\":\"http:\/\/vincentians.com\/fr\/author\/chento\/\"}]}<\/script>\n<!-- \/ Yoast SEO plugin. -->","yoast_head_json":{"title":"Fr\u00e9d\u00e9ric Ozanam, Lettre 0021. A Auguste Materne - Nous Sommes Vincentiens","robots":{"index":"index","follow":"follow","max-snippet":"max-snippet:-1","max-image-preview":"max-image-preview:large","max-video-preview":"max-video-preview:-1"},"canonical":"http:\/\/vincentians.com\/fr\/frederic-ozanam-lettre-0021-a-auguste-materne\/","og_locale":"fr_FR","og_type":"article","og_title":"Fr\u00e9d\u00e9ric Ozanam, Lettre 0021. A Auguste Materne - Nous Sommes Vincentiens","og_description":"Protestation contre les soul\u00e8vements r\u00e9volutionnaires. Attachement \u00e0 la royaut\u00e9 l\u00e9gitime. Lyon, ao\u00fbt 1830. Mon cher ami, Je souffre horriblement et je n&rsquo;ai pas encore pu te le dire. Je suis all\u00e9 chez toi ce matin, ... Read More","og_url":"http:\/\/vincentians.com\/fr\/frederic-ozanam-lettre-0021-a-auguste-materne\/","og_site_name":"Nous Sommes Vincentiens","article_publisher":"https:\/\/www.facebook.com\/WeAreVincentians\/","article_author":"https:\/\/www.facebook.com\/JavierChento","article_published_time":"2016-09-27T02:00:31+00:00","og_image":[{"width":1200,"height":630,"url":"https:\/\/i0.wp.com\/vincentians.com\/fr\/wp-content\/uploads\/sites\/10\/2016\/07\/cartas-federico-ozanam.jpg?fit=1200%2C630","type":"image\/jpeg"}],"author":"Francisco Javier Fern\u00e1ndez Chento","twitter_card":"summary_large_image","twitter_creator":"@https:\/\/twitter.com\/javierchento","twitter_site":"@WeVincentians","twitter_misc":{"\u00c9crit par":"Francisco Javier Fern\u00e1ndez Chento","Dur\u00e9e de lecture estim\u00e9e":"4 minutes"},"schema":{"@context":"https:\/\/schema.org","@graph":[{"@type":"WebPage","@id":"http:\/\/vincentians.com\/fr\/frederic-ozanam-lettre-0021-a-auguste-materne\/","url":"http:\/\/vincentians.com\/fr\/frederic-ozanam-lettre-0021-a-auguste-materne\/","name":"Fr\u00e9d\u00e9ric Ozanam, Lettre 0021. A Auguste Materne - Nous Sommes Vincentiens","isPartOf":{"@id":"http:\/\/vincentians.com\/fr\/#website"},"primaryImageOfPage":{"@id":"http:\/\/vincentians.com\/fr\/frederic-ozanam-lettre-0021-a-auguste-materne\/#primaryimage"},"image":{"@id":"http:\/\/vincentians.com\/fr\/frederic-ozanam-lettre-0021-a-auguste-materne\/#primaryimage"},"thumbnailUrl":"https:\/\/i0.wp.com\/vincentians.com\/fr\/wp-content\/uploads\/sites\/10\/2016\/07\/cartas-federico-ozanam.jpg?fit=1200%2C630","datePublished":"2016-09-27T02:00:31+00:00","author":{"@id":"http:\/\/vincentians.com\/fr\/#\/schema\/person\/9623ef4d9aa3b2dfb8c061f1499288f2"},"breadcrumb":{"@id":"http:\/\/vincentians.com\/fr\/frederic-ozanam-lettre-0021-a-auguste-materne\/#breadcrumb"},"inLanguage":"fr-FR","potentialAction":[{"@type":"ReadAction","target":["http:\/\/vincentians.com\/fr\/frederic-ozanam-lettre-0021-a-auguste-materne\/"]}]},{"@type":"ImageObject","inLanguage":"fr-FR","@id":"http:\/\/vincentians.com\/fr\/frederic-ozanam-lettre-0021-a-auguste-materne\/#primaryimage","url":"https:\/\/i0.wp.com\/vincentians.com\/fr\/wp-content\/uploads\/sites\/10\/2016\/07\/cartas-federico-ozanam.jpg?fit=1200%2C630","contentUrl":"https:\/\/i0.wp.com\/vincentians.com\/fr\/wp-content\/uploads\/sites\/10\/2016\/07\/cartas-federico-ozanam.jpg?fit=1200%2C630","width":1200,"height":630},{"@type":"BreadcrumbList","@id":"http:\/\/vincentians.com\/fr\/frederic-ozanam-lettre-0021-a-auguste-materne\/#breadcrumb","itemListElement":[{"@type":"ListItem","position":1,"name":"Portada","item":"http:\/\/vincentians.com\/fr\/"},{"@type":"ListItem","position":2,"name":"Fr\u00e9d\u00e9ric Ozanam, Lettre 0021. A Auguste Materne"}]},{"@type":"WebSite","@id":"http:\/\/vincentians.com\/fr\/#website","url":"http:\/\/vincentians.com\/fr\/","name":"Nous Sommes Vincentiens","description":"Know more to serve more","potentialAction":[{"@type":"SearchAction","target":{"@type":"EntryPoint","urlTemplate":"http:\/\/vincentians.com\/fr\/?s={search_term_string}"},"query-input":{"@type":"PropertyValueSpecification","valueRequired":true,"valueName":"search_term_string"}}],"inLanguage":"fr-FR"},{"@type":"Person","@id":"http:\/\/vincentians.com\/fr\/#\/schema\/person\/9623ef4d9aa3b2dfb8c061f1499288f2","name":"Francisco Javier Fern\u00e1ndez Chento","image":{"@type":"ImageObject","inLanguage":"fr-FR","@id":"http:\/\/vincentians.com\/fr\/#\/schema\/person\/image\/","url":"https:\/\/secure.gravatar.com\/avatar\/497d5cde87b4c3d097d0315953521681ba2cd523ee66e5077c3711f7021e65de?s=96&d=mm&r=g","contentUrl":"https:\/\/secure.gravatar.com\/avatar\/497d5cde87b4c3d097d0315953521681ba2cd523ee66e5077c3711f7021e65de?s=96&d=mm&r=g","caption":"Francisco Javier Fern\u00e1ndez Chento"},"description":"Director General y cofundador de La Red de Formaci\u00f3n Vicenciana. Javier es laico vicenciano, afiliado a la Congregaci\u00f3n de la Misi\u00f3n y miembro del Equipo de Misiones Populares de la provincia can\u00f3nica de Zaragoza (Espa\u00f1a) de la Congregaci\u00f3n de la Misi\u00f3n. Graduado en la Universidad Oberta de Catalunya con cuatro grados (Asistente de direcci\u00f3n, Gesti\u00f3n Administrativa, Recursos Humanos y Contabilidad Avanzada). Bil\u00edng\u00fce Espa\u00f1ol\/Ingl\u00e9s. gestiona y mantiene varias p\u00e1ginas web cristianas y vicencianas, incluida including La Red de Formaci\u00f3n Vicenciana, de la que es cofundador. Actualmente es responsable del \u00e1rea de Espa\u00f1ol de .famvin, la Red de Noticias de la Familia Vicenciana. Tambi\u00e9n es m\u00fasico cat\u00f3lico y ha editado varios discos. Es Director General y cofundador de Trovador, una reconocida compa\u00f1\u00eda discogr\u00e1fica critiana de Espa\u00f1a. Trabaja en las Tecnolog\u00edas de la Informaci\u00f3n, ofreciendo servicios de alojamiento, dise\u00f1o y mantenimiento Web, as\u00ed como asesoramiento, formaci\u00f3n y soluciones inform\u00e1ticas, gesti\u00f3n documental y digitalizaci\u00f3n de textos, edici\u00f3n y maquetaci\u00f3n de libros, revistas, flyers, etc.","sameAs":["http:\/\/chento.org","https:\/\/www.facebook.com\/JavierChento","https:\/\/x.com\/https:\/\/twitter.com\/javierchento"],"url":"http:\/\/vincentians.com\/fr\/author\/chento\/"}]}},"jetpack_publicize_connections":[],"jetpack_featured_media_url":"https:\/\/i0.wp.com\/vincentians.com\/fr\/wp-content\/uploads\/sites\/10\/2016\/07\/cartas-federico-ozanam.jpg?fit=1200%2C630","jetpack_sharing_enabled":true,"jetpack_shortlink":"https:\/\/wp.me\/p7ETMP-r8s","jetpack-related-posts":[{"id":98069,"url":"http:\/\/vincentians.com\/fr\/ozanam-et-assise-genese-dun-regard-romantique-sur-le-moyen-age\/","url_meta":{"origin":104312,"position":0},"title":"Ozanam et Assise. Gen\u00e8se d\u2019un regard romantique sur le Moyen Age","author":"Francisco Javier Fern\u00e1ndez Chento","date":"08\/10\/2013","format":false,"excerpt":"\u00a0\u00ab ITALIE. Doit se voir imm\u00e9diatement apr\u00e8s le mariage. \u2013 Donne bien des d\u00e9ceptions, n\u2019est pas si belle qu\u2019on dit . \u00bb Bien des bourgeois du XIXe si\u00e8cle fran\u00e7ais n\u2019ont pas fait mentir Flaubert o\u00f9 l\u2019on aura reconnu un des lieux communs qu\u2019il se pla\u00eet \u00e0 r\u00e9unir dans son Dictionnaire\u2026","rel":"","context":"Dans &quot;Fr\u00e9d\u00e9ric Ozanam&quot;","block_context":{"text":"Fr\u00e9d\u00e9ric Ozanam","link":"http:\/\/vincentians.com\/fr\/category\/the-vincentian-family\/founders\/frederic-ozanam\/"},"img":{"alt_text":"","src":"https:\/\/i0.wp.com\/vincentiens.org\/wp-content\/uploads\/2012\/11\/ozanam-240x300.jpg?resize=350%2C200","width":350,"height":200},"classes":[]},{"id":105056,"url":"http:\/\/vincentians.com\/fr\/frederic-ozanam-lettre-0035-a-auguste-materne\/","url_meta":{"origin":104312,"position":1},"title":"Fr\u00e9d\u00e9ric Ozanam, Lettre 0035. A Auguste Materne","author":"Francisco Javier Fern\u00e1ndez Chento","date":"28\/10\/2016","format":false,"excerpt":"Ne pas se laisser abattre par des doutes qui peuvent n'\u00eatre qu'une \u00e9tape vers une foi plus profonde. Cuires, pr\u00e8s Lyon, 7 octobre 1831. Mon bon ami, J'ai re\u00e7u hier ta seconde lettre et je m'empresse de te r\u00e9pondre. Je me suis acquitt\u00e9 de ta commission pour Fortoul; je lui\u2026","rel":"","context":"Dans &quot;Lettres de Fr\u00e9d\u00e9ric Ozanam&quot;","block_context":{"text":"Lettres de Fr\u00e9d\u00e9ric Ozanam","link":"http:\/\/vincentians.com\/fr\/category\/lettres-de-frederic-ozanam\/"},"img":{"alt_text":"","src":"https:\/\/i0.wp.com\/vincentians.com\/fr\/wp-content\/uploads\/sites\/10\/2016\/07\/cartas-federico-ozanam.jpg?fit=1200%2C630&resize=350%2C200","width":350,"height":200,"srcset":"https:\/\/i0.wp.com\/vincentians.com\/fr\/wp-content\/uploads\/sites\/10\/2016\/07\/cartas-federico-ozanam.jpg?fit=1200%2C630&resize=350%2C200 1x, https:\/\/i0.wp.com\/vincentians.com\/fr\/wp-content\/uploads\/sites\/10\/2016\/07\/cartas-federico-ozanam.jpg?fit=1200%2C630&resize=525%2C300 1.5x, https:\/\/i0.wp.com\/vincentians.com\/fr\/wp-content\/uploads\/sites\/10\/2016\/07\/cartas-federico-ozanam.jpg?fit=1200%2C630&resize=700%2C400 2x, https:\/\/i0.wp.com\/vincentians.com\/fr\/wp-content\/uploads\/sites\/10\/2016\/07\/cartas-federico-ozanam.jpg?fit=1200%2C630&resize=1050%2C600 3x"},"classes":[]},{"id":104268,"url":"http:\/\/vincentians.com\/fr\/frederic-ozanam-lettre-0001-a-son-pere%e2%80%8b\/","url_meta":{"origin":104312,"position":2},"title":"Fr\u00e9d\u00e9ric Ozanam, Lettre 0001. A son P\u00e8re\u200b","author":"Francisco Javier Fern\u00e1ndez Chento","date":"10\/08\/2016","format":false,"excerpt":"Lyon, 24 juin 1819. Cher Papa, Puisque Fr\u00e9d\u00e9ric commenc\u00e9 \u00e0 griffonner, il veut employer les pr\u00e9mices de sa plume \u00e0 f\u00eater son petit papa, \u00e0 la saint Jean; l'ann\u00e9e pass\u00e9e le vent emporta le compliment que je te dis, mais cette fois-ci, ce papier en prison dans ton portefeuille ne\u2026","rel":"","context":"Dans &quot;Lettres de Fr\u00e9d\u00e9ric Ozanam&quot;","block_context":{"text":"Lettres de Fr\u00e9d\u00e9ric Ozanam","link":"http:\/\/vincentians.com\/fr\/category\/lettres-de-frederic-ozanam\/"},"img":{"alt_text":"","src":"https:\/\/i0.wp.com\/vincentians.com\/fr\/wp-content\/uploads\/sites\/10\/2016\/07\/cartas-federico-ozanam.jpg?fit=1200%2C630&resize=350%2C200","width":350,"height":200,"srcset":"https:\/\/i0.wp.com\/vincentians.com\/fr\/wp-content\/uploads\/sites\/10\/2016\/07\/cartas-federico-ozanam.jpg?fit=1200%2C630&resize=350%2C200 1x, https:\/\/i0.wp.com\/vincentians.com\/fr\/wp-content\/uploads\/sites\/10\/2016\/07\/cartas-federico-ozanam.jpg?fit=1200%2C630&resize=525%2C300 1.5x, https:\/\/i0.wp.com\/vincentians.com\/fr\/wp-content\/uploads\/sites\/10\/2016\/07\/cartas-federico-ozanam.jpg?fit=1200%2C630&resize=700%2C400 2x, https:\/\/i0.wp.com\/vincentians.com\/fr\/wp-content\/uploads\/sites\/10\/2016\/07\/cartas-federico-ozanam.jpg?fit=1200%2C630&resize=1050%2C600 3x"},"classes":[]},{"id":104394,"url":"http:\/\/vincentians.com\/fr\/frederic-ozanam-lettre-0031-a-auguste-materne\/","url_meta":{"origin":104312,"position":3},"title":"Fr\u00e9d\u00e9ric Ozanam, Lettre 0031. A Auguste Materne","author":"Francisco Javier Fern\u00e1ndez Chento","date":"19\/10\/2016","format":false,"excerpt":"Consolation et t\u00e9moignages d'amiti\u00e9 en face du malheur qui vient de frapper son ami. [Lyon,] 27 ao\u00fbt 1831. Mon bien excellent ami, La nouvelle de ton malheur m'a frapp\u00e9 comme un coup de foudre! Mon \u00e2me a \u00e9t\u00e9 bris\u00e9e de douleur en apprenant que la famille de mon ami, une\u2026","rel":"","context":"Dans &quot;Lettres de Fr\u00e9d\u00e9ric Ozanam&quot;","block_context":{"text":"Lettres de Fr\u00e9d\u00e9ric Ozanam","link":"http:\/\/vincentians.com\/fr\/category\/lettres-de-frederic-ozanam\/"},"img":{"alt_text":"","src":"https:\/\/i0.wp.com\/vincentians.com\/fr\/wp-content\/uploads\/sites\/10\/2016\/07\/cartas-federico-ozanam.jpg?fit=1200%2C630&resize=350%2C200","width":350,"height":200,"srcset":"https:\/\/i0.wp.com\/vincentians.com\/fr\/wp-content\/uploads\/sites\/10\/2016\/07\/cartas-federico-ozanam.jpg?fit=1200%2C630&resize=350%2C200 1x, https:\/\/i0.wp.com\/vincentians.com\/fr\/wp-content\/uploads\/sites\/10\/2016\/07\/cartas-federico-ozanam.jpg?fit=1200%2C630&resize=525%2C300 1.5x, https:\/\/i0.wp.com\/vincentians.com\/fr\/wp-content\/uploads\/sites\/10\/2016\/07\/cartas-federico-ozanam.jpg?fit=1200%2C630&resize=700%2C400 2x, https:\/\/i0.wp.com\/vincentians.com\/fr\/wp-content\/uploads\/sites\/10\/2016\/07\/cartas-federico-ozanam.jpg?fit=1200%2C630&resize=1050%2C600 3x"},"classes":[]},{"id":104396,"url":"http:\/\/vincentians.com\/fr\/frederic-ozanam-lettre-0033-a-auguste-materne\/","url_meta":{"origin":104312,"position":4},"title":"Fr\u00e9d\u00e9ric Ozanam, Lettre 0033. A Auguste Materne","author":"Francisco Javier Fern\u00e1ndez Chento","date":"25\/10\/2016","format":false,"excerpt":"Consolations et encouragements. Ils trouveront dans leur prochaine r\u00e9union une aide pour r\u00e9soudre leurs difficult\u00e9s. Cuires, pr\u00e8s Lyon, 17 septembre 1831. Mon cher Materne, Lorsque tu partis de Lyon, mes efforts pour te voir et t'embrasser furent inutiles; je ne sais quelle fatalit\u00e9 s'interposa entre nous, et je fus r\u00e9duit\u2026","rel":"","context":"Dans &quot;Lettres de Fr\u00e9d\u00e9ric Ozanam&quot;","block_context":{"text":"Lettres de Fr\u00e9d\u00e9ric Ozanam","link":"http:\/\/vincentians.com\/fr\/category\/lettres-de-frederic-ozanam\/"},"img":{"alt_text":"","src":"https:\/\/i0.wp.com\/vincentians.com\/fr\/wp-content\/uploads\/sites\/10\/2016\/07\/cartas-federico-ozanam.jpg?fit=1200%2C630&resize=350%2C200","width":350,"height":200,"srcset":"https:\/\/i0.wp.com\/vincentians.com\/fr\/wp-content\/uploads\/sites\/10\/2016\/07\/cartas-federico-ozanam.jpg?fit=1200%2C630&resize=350%2C200 1x, https:\/\/i0.wp.com\/vincentians.com\/fr\/wp-content\/uploads\/sites\/10\/2016\/07\/cartas-federico-ozanam.jpg?fit=1200%2C630&resize=525%2C300 1.5x, https:\/\/i0.wp.com\/vincentians.com\/fr\/wp-content\/uploads\/sites\/10\/2016\/07\/cartas-federico-ozanam.jpg?fit=1200%2C630&resize=700%2C400 2x, https:\/\/i0.wp.com\/vincentians.com\/fr\/wp-content\/uploads\/sites\/10\/2016\/07\/cartas-federico-ozanam.jpg?fit=1200%2C630&resize=1050%2C600 3x"},"classes":[]},{"id":104295,"url":"http:\/\/vincentians.com\/fr\/frederic-ozanam-lettre-0016-a-auguste-materne\/","url_meta":{"origin":104312,"position":5},"title":"Fr\u00e9d\u00e9ric Ozanam, Lettre 0016. A Auguste Materne","author":"Francisco Javier Fern\u00e1ndez Chento","date":"14\/09\/2016","format":false,"excerpt":"Emulation r\u00e9ciproque dans le pass\u00e9. R\u00f4le de l'imagination dans son propre caract\u00e8re. Lyon, 12 juin 1830. Mon cher ami, Nos deux lettres se sont crois\u00e9es; quand j'ai eu la tienne, il \u00e9tait trop tard pour pouvoir t'envoyer ton cahier. Mais le voici bien et d\u00fbment empaquet\u00e9. Tu as peut-\u00eatre trouv\u00e9\u2026","rel":"","context":"Dans &quot;Lettres de Fr\u00e9d\u00e9ric Ozanam&quot;","block_context":{"text":"Lettres de Fr\u00e9d\u00e9ric Ozanam","link":"http:\/\/vincentians.com\/fr\/category\/lettres-de-frederic-ozanam\/"},"img":{"alt_text":"","src":"https:\/\/i0.wp.com\/vincentians.com\/fr\/wp-content\/uploads\/sites\/10\/2016\/07\/cartas-federico-ozanam.jpg?fit=1200%2C630&resize=350%2C200","width":350,"height":200,"srcset":"https:\/\/i0.wp.com\/vincentians.com\/fr\/wp-content\/uploads\/sites\/10\/2016\/07\/cartas-federico-ozanam.jpg?fit=1200%2C630&resize=350%2C200 1x, https:\/\/i0.wp.com\/vincentians.com\/fr\/wp-content\/uploads\/sites\/10\/2016\/07\/cartas-federico-ozanam.jpg?fit=1200%2C630&resize=525%2C300 1.5x, https:\/\/i0.wp.com\/vincentians.com\/fr\/wp-content\/uploads\/sites\/10\/2016\/07\/cartas-federico-ozanam.jpg?fit=1200%2C630&resize=700%2C400 2x, https:\/\/i0.wp.com\/vincentians.com\/fr\/wp-content\/uploads\/sites\/10\/2016\/07\/cartas-federico-ozanam.jpg?fit=1200%2C630&resize=1050%2C600 3x"},"classes":[]}],"_links":{"self":[{"href":"http:\/\/vincentians.com\/fr\/wp-json\/wp\/v2\/posts\/104312","targetHints":{"allow":["GET"]}}],"collection":[{"href":"http:\/\/vincentians.com\/fr\/wp-json\/wp\/v2\/posts"}],"about":[{"href":"http:\/\/vincentians.com\/fr\/wp-json\/wp\/v2\/types\/post"}],"author":[{"embeddable":true,"href":"http:\/\/vincentians.com\/fr\/wp-json\/wp\/v2\/users\/4"}],"replies":[{"embeddable":true,"href":"http:\/\/vincentians.com\/fr\/wp-json\/wp\/v2\/comments?post=104312"}],"version-history":[{"count":0,"href":"http:\/\/vincentians.com\/fr\/wp-json\/wp\/v2\/posts\/104312\/revisions"}],"wp:featuredmedia":[{"embeddable":true,"href":"http:\/\/vincentians.com\/fr\/wp-json\/wp\/v2\/media\/189776"}],"wp:attachment":[{"href":"http:\/\/vincentians.com\/fr\/wp-json\/wp\/v2\/media?parent=104312"}],"wp:term":[{"taxonomy":"category","embeddable":true,"href":"http:\/\/vincentians.com\/fr\/wp-json\/wp\/v2\/categories?post=104312"},{"taxonomy":"post_tag","embeddable":true,"href":"http:\/\/vincentians.com\/fr\/wp-json\/wp\/v2\/tags?post=104312"}],"curies":[{"name":"wp","href":"https:\/\/api.w.org\/{rel}","templated":true}]}}