{"id":104298,"date":"2016-08-31T04:00:31","date_gmt":"2016-08-31T02:00:31","guid":{"rendered":"http:\/\/vincentiens.org\/?p=104298"},"modified":"2016-08-11T21:40:13","modified_gmt":"2016-08-11T19:40:13","slug":"frederic-ozanam-lettre-0010-a-auguste-materne","status":"publish","type":"post","link":"http:\/\/vincentians.com\/fr\/frederic-ozanam-lettre-0010-a-auguste-materne\/","title":{"rendered":"Fr\u00e9d\u00e9ric Ozanam, Lettre 0010. A Auguste Materne"},"content":{"rendered":"<p style=\"text-align: center;\"><em>Critique d&rsquo;une ode latine adress\u00e9e \u00e0 Ozanam par Materne.<\/em><\/p>\n<p style=\"text-align: right;\"><em>Lyon, <\/em><em>1830 (?).<\/em><\/p>\n<p><em>Pulchre! Bene! Recte! <\/em>Ainsi dit le Flatteur dans Horace; ainsi dit aussi Ozanam \u00e0 Materne. Mais Ozanam n&rsquo;est pas flatteur, mais Ozanam est sinc\u00e8re, mais Ozanam parle comme un ami \u00e0 son ami. Il sera donc <em>censor amicus. <\/em>Cependant avant tout il est oblig\u00e9 de dire que ton ode lui a fait beaucoup de plaisir.<\/p>\n<p>1<sup>re<\/sup> strophe. 1\u00b0 Je n&rsquo;aime pas beaucoup [ces] <em>Nigrescat, <\/em>mal plac\u00e9s, l&rsquo;un \u00e0 la fin d&rsquo;un vers, l&rsquo;autre \u00e0 la c\u00e9sure : cette consonnance me d\u00e9pla\u00eet. Je ne sais pas si elle ne te d\u00e9plairait pas aussi : lis les deux vers \u00e0 haute voix, je m&rsquo;en rapporte \u00e0 ton oreille d\u00e9licate. 2\u00b0 Je vois que dans les deux derniers vers on ne voit pas le sujet de la phrase. Il est absent \u00e0 l&rsquo;appel du grammairien. Je crois donc qu&rsquo;au lieu de <em>Eheu <\/em>(exclamation peut-\u00eatre un peu trop forte) tu devrais mettre <em>campi.<\/em><\/p>\n<p>2<sup>e<\/sup> strophe. 1\u00b0 <em>Spissa <\/em>et <em>languet <\/em>ne font pas antith\u00e8se, il faudrait <em>rarescit. <\/em>2\u00b0 Je n&rsquo;aime pas la rime <em>ingratum, esculentum. <\/em>3\u00b0 l&rsquo;\u00e9lision<span id='easy-footnote-1-104298' class='easy-footnote-margin-adjust'><\/span><span class='easy-footnote'><a href='http:\/\/vincentians.com\/fr\/frederic-ozanam-lettre-0010-a-auguste-materne\/#easy-footnote-bottom-1-104298' title='Mot illisible.'><sup>1<\/sup><\/a><\/span>&#8230; <em>esculentum <\/em>quoique admissible, rendrait \u00e0 la strophe un grand service en disparaissant : le vers serait bien plus harmonieux. 4<sup>\u00b0<\/sup> J&rsquo;ignore si <em>esculentum<\/em> est bien po\u00e9tique. Je ne le condamne pas : je doute. 5\u00b0 Les deux derniers vers me paraissent bien obscurs, l&rsquo;hyperbole un peu outr\u00e9e.<\/p>\n<p>3<sup>e<\/sup> strophe. <em>tondus, inclusus, <\/em>etc. Ces deux <em>us <\/em>de suite me d\u00e9plaisent quelque peu. Je n&rsquo;aime pas non plus <em>Boatu <\/em>rejet\u00e9 \u00e0 la fin du second vers, o\u00f9 on ne l&rsquo;attend plus. Cependant on pourrait l&rsquo;y laisser parce qu&rsquo;il fait image. Les deux derniers vers sont fort jolis.<\/p>\n<p>4<sup>e<\/sup> strophe. La v\u00e9rit\u00e9 doit r\u00e9gner jusque dans la po\u00e9sie. Or cette strophe flatteuse en a menti. <em>Ergo &#8230; <\/em>Mais passons au m\u00e9rite litt\u00e9raire. Je ne condamnerai pas le <em>qu\u00e6so <\/em>qui para\u00eet un peu cheville, le reste est parfait. La petite phrase incidente est d&rsquo;une grande d\u00e9licatesse. Tu t&rsquo;entends bien en flatterie.<\/p>\n<p>5<sup>e<\/sup> strophe. On ne voit pas de suite ce que signifie <em>timore flaccum et maronem. <\/em>Je te reprocherai aussi les deux \u00e9lisions de second vers, surtout celle de la c\u00e9sure, quoique admissible \u00e0 la rigueur. Il vaudrait peut-\u00eatre mieux qu&rsquo;elles n&rsquo;y fussent pas; du reste cette strophe est toute horatienne.<\/p>\n<p>6<sup>e<\/sup> strophe. <em>Vel <\/em>au 3<sup>e<\/sup> vers est mal plac\u00e9. <em>Anne moreris <\/em>a l&rsquo;air cheville. Le petit vers adonique dans mes id\u00e9es doit \u00eatre le couronnement de la phrase. J&rsquo;admire ici ton adresse \u00e0 rendre les choses les plus communes.<\/p>\n<p>M\u00eame remarque sur la 7<sup>e<\/sup>. Seulement <em>aut <\/em>est mal plac\u00e9 apr\u00e8s <em>vitis.<\/em><\/p>\n<p>8<sup>e<\/sup> strophe. Je chicanerai sur le <em>Pareas <\/em>qui cheville ton vers. Pourquoi <em>Pareas? <\/em>Je ne veux pas te tuer, ce terme est trop fort. J&rsquo;aime assez ton <em>frustum vituli tenellum <\/em>et ton <em>ceres alba.<\/em><\/p>\n<p>9<sup>e<\/sup> strophe. Je n&rsquo;aime pas les \u00e9lisions. Je voudrais <em>neu <\/em>au lieu de <em>non. <\/em>Je crois que ce serait plus latin.<\/p>\n<p>Je crois du reste que ton ode sera excellente avec quelques petits changements; elle est bien horatienne. D&rsquo;ailleurs mes conseils n&#8217;emportent pas avec eux l&rsquo;obligation de les suivre. Chacun a son jugement propre. La critique est un secours et pas une entrave, on en profite sans s&rsquo;y astreindre. Ce serait bien mal fait \u00e0 moi de me piquer de ce que tu ne te soumettrais pas \u00e0 mes d\u00e9cisions : <em>sententia Ozanami non est motivum infallibile judicandi. <\/em>Adieu.<\/p>\n<p>Ton condisciple et ami,<\/p>\n<p style=\"text-align: right;\">A.-F. OZANAM.<\/p>\n<p>P. S. \u2014 Si je t&rsquo;ai fait si longtems attendre cette lettre, c&rsquo;est pour une raison que tu sauras ce soir ou demain. J&rsquo;aurai quelque chose \u00e0 te remettre. Je voulais tout donner \u00e0 la fois.<\/p>\n<p><em>Au dos : Pour M. Auguste Louis Materne; l&rsquo;Illustrissime seigneur.<\/em><br \/>\n<em>Original: Archives Laporte.<\/em><\/p>\n","protected":false},"excerpt":{"rendered":"<p>Critique d&rsquo;une ode latine adress\u00e9e \u00e0 Ozanam par Materne. Lyon, 1830 (?). Pulchre! Bene! Recte! Ainsi dit le Flatteur dans Horace; ainsi dit aussi Ozanam \u00e0 Materne. Mais Ozanam n&rsquo;est pas flatteur, mais Ozanam est &#8230; <a href=\"http:\/\/vincentians.com\/fr\/frederic-ozanam-lettre-0010-a-auguste-materne\/\" class=\"more-link\">Read More<\/a><\/p>\n","protected":false},"author":4,"featured_media":189776,"comment_status":"open","ping_status":"open","sticky":false,"template":"","format":"standard","meta":{"jetpack_post_was_ever_published":false,"_jetpack_newsletter_access":"","_jetpack_dont_email_post_to_subs":false,"_jetpack_newsletter_tier_id":0,"_jetpack_memberships_contains_paywalled_content":false,"_jetpack_memberships_contains_paid_content":false,"footnotes":"","jetpack_publicize_message":"","jetpack_publicize_feature_enabled":true,"jetpack_social_post_already_shared":true,"jetpack_social_options":{"image_generator_settings":{"template":"highway","default_image_id":0,"font":"","enabled":false},"version":2}},"categories":[117],"tags":[],"class_list":["post-104298","post","type-post","status-publish","format-standard","has-post-thumbnail","hentry","category-lettres-de-frederic-ozanam"],"yoast_head":"<!-- This site is optimized with the Yoast SEO plugin v26.3 - https:\/\/yoast.com\/wordpress\/plugins\/seo\/ -->\n<title>Fr\u00e9d\u00e9ric Ozanam, Lettre 0010. A Auguste Materne - Nous Sommes Vincentiens<\/title>\n<meta name=\"robots\" content=\"index, follow, max-snippet:-1, max-image-preview:large, max-video-preview:-1\" \/>\n<link rel=\"canonical\" href=\"http:\/\/vincentians.com\/fr\/frederic-ozanam-lettre-0010-a-auguste-materne\/\" \/>\n<meta property=\"og:locale\" content=\"fr_FR\" \/>\n<meta property=\"og:type\" content=\"article\" \/>\n<meta property=\"og:title\" content=\"Fr\u00e9d\u00e9ric Ozanam, Lettre 0010. A Auguste Materne - Nous Sommes Vincentiens\" \/>\n<meta property=\"og:description\" content=\"Critique d&rsquo;une ode latine adress\u00e9e \u00e0 Ozanam par Materne. Lyon, 1830 (?). Pulchre! Bene! Recte! Ainsi dit le Flatteur dans Horace; ainsi dit aussi Ozanam \u00e0 Materne. Mais Ozanam n&rsquo;est pas flatteur, mais Ozanam est ... Read More\" \/>\n<meta property=\"og:url\" content=\"http:\/\/vincentians.com\/fr\/frederic-ozanam-lettre-0010-a-auguste-materne\/\" \/>\n<meta property=\"og:site_name\" content=\"Nous Sommes Vincentiens\" \/>\n<meta property=\"article:publisher\" content=\"https:\/\/www.facebook.com\/WeAreVincentians\/\" \/>\n<meta property=\"article:author\" content=\"https:\/\/www.facebook.com\/JavierChento\" \/>\n<meta property=\"article:published_time\" content=\"2016-08-31T02:00:31+00:00\" \/>\n<meta property=\"og:image\" content=\"https:\/\/i0.wp.com\/vincentians.com\/fr\/wp-content\/uploads\/sites\/10\/2016\/07\/cartas-federico-ozanam.jpg?fit=1200%2C630\" \/>\n\t<meta property=\"og:image:width\" content=\"1200\" \/>\n\t<meta property=\"og:image:height\" content=\"630\" \/>\n\t<meta property=\"og:image:type\" content=\"image\/jpeg\" \/>\n<meta name=\"author\" content=\"Francisco Javier Fern\u00e1ndez Chento\" \/>\n<meta name=\"twitter:card\" content=\"summary_large_image\" \/>\n<meta name=\"twitter:creator\" content=\"@https:\/\/twitter.com\/javierchento\" \/>\n<meta name=\"twitter:site\" content=\"@WeVincentians\" \/>\n<meta name=\"twitter:label1\" content=\"\u00c9crit par\" \/>\n\t<meta name=\"twitter:data1\" content=\"Francisco Javier Fern\u00e1ndez Chento\" \/>\n\t<meta name=\"twitter:label2\" content=\"Dur\u00e9e de lecture estim\u00e9e\" \/>\n\t<meta name=\"twitter:data2\" content=\"3 minutes\" \/>\n<script type=\"application\/ld+json\" class=\"yoast-schema-graph\">{\"@context\":\"https:\/\/schema.org\",\"@graph\":[{\"@type\":\"WebPage\",\"@id\":\"http:\/\/vincentians.com\/fr\/frederic-ozanam-lettre-0010-a-auguste-materne\/\",\"url\":\"http:\/\/vincentians.com\/fr\/frederic-ozanam-lettre-0010-a-auguste-materne\/\",\"name\":\"Fr\u00e9d\u00e9ric Ozanam, Lettre 0010. A Auguste Materne - Nous Sommes Vincentiens\",\"isPartOf\":{\"@id\":\"http:\/\/vincentians.com\/fr\/#website\"},\"primaryImageOfPage\":{\"@id\":\"http:\/\/vincentians.com\/fr\/frederic-ozanam-lettre-0010-a-auguste-materne\/#primaryimage\"},\"image\":{\"@id\":\"http:\/\/vincentians.com\/fr\/frederic-ozanam-lettre-0010-a-auguste-materne\/#primaryimage\"},\"thumbnailUrl\":\"https:\/\/i0.wp.com\/vincentians.com\/fr\/wp-content\/uploads\/sites\/10\/2016\/07\/cartas-federico-ozanam.jpg?fit=1200%2C630\",\"datePublished\":\"2016-08-31T02:00:31+00:00\",\"author\":{\"@id\":\"http:\/\/vincentians.com\/fr\/#\/schema\/person\/9623ef4d9aa3b2dfb8c061f1499288f2\"},\"breadcrumb\":{\"@id\":\"http:\/\/vincentians.com\/fr\/frederic-ozanam-lettre-0010-a-auguste-materne\/#breadcrumb\"},\"inLanguage\":\"fr-FR\",\"potentialAction\":[{\"@type\":\"ReadAction\",\"target\":[\"http:\/\/vincentians.com\/fr\/frederic-ozanam-lettre-0010-a-auguste-materne\/\"]}]},{\"@type\":\"ImageObject\",\"inLanguage\":\"fr-FR\",\"@id\":\"http:\/\/vincentians.com\/fr\/frederic-ozanam-lettre-0010-a-auguste-materne\/#primaryimage\",\"url\":\"https:\/\/i0.wp.com\/vincentians.com\/fr\/wp-content\/uploads\/sites\/10\/2016\/07\/cartas-federico-ozanam.jpg?fit=1200%2C630\",\"contentUrl\":\"https:\/\/i0.wp.com\/vincentians.com\/fr\/wp-content\/uploads\/sites\/10\/2016\/07\/cartas-federico-ozanam.jpg?fit=1200%2C630\",\"width\":1200,\"height\":630},{\"@type\":\"BreadcrumbList\",\"@id\":\"http:\/\/vincentians.com\/fr\/frederic-ozanam-lettre-0010-a-auguste-materne\/#breadcrumb\",\"itemListElement\":[{\"@type\":\"ListItem\",\"position\":1,\"name\":\"Portada\",\"item\":\"http:\/\/vincentians.com\/fr\/\"},{\"@type\":\"ListItem\",\"position\":2,\"name\":\"Fr\u00e9d\u00e9ric Ozanam, Lettre 0010. A Auguste Materne\"}]},{\"@type\":\"WebSite\",\"@id\":\"http:\/\/vincentians.com\/fr\/#website\",\"url\":\"http:\/\/vincentians.com\/fr\/\",\"name\":\"Nous Sommes Vincentiens\",\"description\":\"Know more to serve more\",\"potentialAction\":[{\"@type\":\"SearchAction\",\"target\":{\"@type\":\"EntryPoint\",\"urlTemplate\":\"http:\/\/vincentians.com\/fr\/?s={search_term_string}\"},\"query-input\":{\"@type\":\"PropertyValueSpecification\",\"valueRequired\":true,\"valueName\":\"search_term_string\"}}],\"inLanguage\":\"fr-FR\"},{\"@type\":\"Person\",\"@id\":\"http:\/\/vincentians.com\/fr\/#\/schema\/person\/9623ef4d9aa3b2dfb8c061f1499288f2\",\"name\":\"Francisco Javier Fern\u00e1ndez Chento\",\"image\":{\"@type\":\"ImageObject\",\"inLanguage\":\"fr-FR\",\"@id\":\"http:\/\/vincentians.com\/fr\/#\/schema\/person\/image\/\",\"url\":\"https:\/\/secure.gravatar.com\/avatar\/497d5cde87b4c3d097d0315953521681ba2cd523ee66e5077c3711f7021e65de?s=96&d=mm&r=g\",\"contentUrl\":\"https:\/\/secure.gravatar.com\/avatar\/497d5cde87b4c3d097d0315953521681ba2cd523ee66e5077c3711f7021e65de?s=96&d=mm&r=g\",\"caption\":\"Francisco Javier Fern\u00e1ndez Chento\"},\"description\":\"Director General y cofundador de La Red de Formaci\u00f3n Vicenciana. Javier es laico vicenciano, afiliado a la Congregaci\u00f3n de la Misi\u00f3n y miembro del Equipo de Misiones Populares de la provincia can\u00f3nica de Zaragoza (Espa\u00f1a) de la Congregaci\u00f3n de la Misi\u00f3n. Graduado en la Universidad Oberta de Catalunya con cuatro grados (Asistente de direcci\u00f3n, Gesti\u00f3n Administrativa, Recursos Humanos y Contabilidad Avanzada). Bil\u00edng\u00fce Espa\u00f1ol\/Ingl\u00e9s. gestiona y mantiene varias p\u00e1ginas web cristianas y vicencianas, incluida including La Red de Formaci\u00f3n Vicenciana, de la que es cofundador. Actualmente es responsable del \u00e1rea de Espa\u00f1ol de .famvin, la Red de Noticias de la Familia Vicenciana. Tambi\u00e9n es m\u00fasico cat\u00f3lico y ha editado varios discos. Es Director General y cofundador de Trovador, una reconocida compa\u00f1\u00eda discogr\u00e1fica critiana de Espa\u00f1a. Trabaja en las Tecnolog\u00edas de la Informaci\u00f3n, ofreciendo servicios de alojamiento, dise\u00f1o y mantenimiento Web, as\u00ed como asesoramiento, formaci\u00f3n y soluciones inform\u00e1ticas, gesti\u00f3n documental y digitalizaci\u00f3n de textos, edici\u00f3n y maquetaci\u00f3n de libros, revistas, flyers, etc.\",\"sameAs\":[\"http:\/\/chento.org\",\"https:\/\/www.facebook.com\/JavierChento\",\"https:\/\/x.com\/https:\/\/twitter.com\/javierchento\"],\"url\":\"http:\/\/vincentians.com\/fr\/author\/chento\/\"}]}<\/script>\n<!-- \/ Yoast SEO plugin. -->","yoast_head_json":{"title":"Fr\u00e9d\u00e9ric Ozanam, Lettre 0010. A Auguste Materne - Nous Sommes Vincentiens","robots":{"index":"index","follow":"follow","max-snippet":"max-snippet:-1","max-image-preview":"max-image-preview:large","max-video-preview":"max-video-preview:-1"},"canonical":"http:\/\/vincentians.com\/fr\/frederic-ozanam-lettre-0010-a-auguste-materne\/","og_locale":"fr_FR","og_type":"article","og_title":"Fr\u00e9d\u00e9ric Ozanam, Lettre 0010. A Auguste Materne - Nous Sommes Vincentiens","og_description":"Critique d&rsquo;une ode latine adress\u00e9e \u00e0 Ozanam par Materne. Lyon, 1830 (?). Pulchre! Bene! Recte! Ainsi dit le Flatteur dans Horace; ainsi dit aussi Ozanam \u00e0 Materne. Mais Ozanam n&rsquo;est pas flatteur, mais Ozanam est ... Read More","og_url":"http:\/\/vincentians.com\/fr\/frederic-ozanam-lettre-0010-a-auguste-materne\/","og_site_name":"Nous Sommes Vincentiens","article_publisher":"https:\/\/www.facebook.com\/WeAreVincentians\/","article_author":"https:\/\/www.facebook.com\/JavierChento","article_published_time":"2016-08-31T02:00:31+00:00","og_image":[{"width":1200,"height":630,"url":"https:\/\/i0.wp.com\/vincentians.com\/fr\/wp-content\/uploads\/sites\/10\/2016\/07\/cartas-federico-ozanam.jpg?fit=1200%2C630","type":"image\/jpeg"}],"author":"Francisco Javier Fern\u00e1ndez Chento","twitter_card":"summary_large_image","twitter_creator":"@https:\/\/twitter.com\/javierchento","twitter_site":"@WeVincentians","twitter_misc":{"\u00c9crit par":"Francisco Javier Fern\u00e1ndez Chento","Dur\u00e9e de lecture estim\u00e9e":"3 minutes"},"schema":{"@context":"https:\/\/schema.org","@graph":[{"@type":"WebPage","@id":"http:\/\/vincentians.com\/fr\/frederic-ozanam-lettre-0010-a-auguste-materne\/","url":"http:\/\/vincentians.com\/fr\/frederic-ozanam-lettre-0010-a-auguste-materne\/","name":"Fr\u00e9d\u00e9ric Ozanam, Lettre 0010. A Auguste Materne - Nous Sommes Vincentiens","isPartOf":{"@id":"http:\/\/vincentians.com\/fr\/#website"},"primaryImageOfPage":{"@id":"http:\/\/vincentians.com\/fr\/frederic-ozanam-lettre-0010-a-auguste-materne\/#primaryimage"},"image":{"@id":"http:\/\/vincentians.com\/fr\/frederic-ozanam-lettre-0010-a-auguste-materne\/#primaryimage"},"thumbnailUrl":"https:\/\/i0.wp.com\/vincentians.com\/fr\/wp-content\/uploads\/sites\/10\/2016\/07\/cartas-federico-ozanam.jpg?fit=1200%2C630","datePublished":"2016-08-31T02:00:31+00:00","author":{"@id":"http:\/\/vincentians.com\/fr\/#\/schema\/person\/9623ef4d9aa3b2dfb8c061f1499288f2"},"breadcrumb":{"@id":"http:\/\/vincentians.com\/fr\/frederic-ozanam-lettre-0010-a-auguste-materne\/#breadcrumb"},"inLanguage":"fr-FR","potentialAction":[{"@type":"ReadAction","target":["http:\/\/vincentians.com\/fr\/frederic-ozanam-lettre-0010-a-auguste-materne\/"]}]},{"@type":"ImageObject","inLanguage":"fr-FR","@id":"http:\/\/vincentians.com\/fr\/frederic-ozanam-lettre-0010-a-auguste-materne\/#primaryimage","url":"https:\/\/i0.wp.com\/vincentians.com\/fr\/wp-content\/uploads\/sites\/10\/2016\/07\/cartas-federico-ozanam.jpg?fit=1200%2C630","contentUrl":"https:\/\/i0.wp.com\/vincentians.com\/fr\/wp-content\/uploads\/sites\/10\/2016\/07\/cartas-federico-ozanam.jpg?fit=1200%2C630","width":1200,"height":630},{"@type":"BreadcrumbList","@id":"http:\/\/vincentians.com\/fr\/frederic-ozanam-lettre-0010-a-auguste-materne\/#breadcrumb","itemListElement":[{"@type":"ListItem","position":1,"name":"Portada","item":"http:\/\/vincentians.com\/fr\/"},{"@type":"ListItem","position":2,"name":"Fr\u00e9d\u00e9ric Ozanam, Lettre 0010. A Auguste Materne"}]},{"@type":"WebSite","@id":"http:\/\/vincentians.com\/fr\/#website","url":"http:\/\/vincentians.com\/fr\/","name":"Nous Sommes Vincentiens","description":"Know more to serve more","potentialAction":[{"@type":"SearchAction","target":{"@type":"EntryPoint","urlTemplate":"http:\/\/vincentians.com\/fr\/?s={search_term_string}"},"query-input":{"@type":"PropertyValueSpecification","valueRequired":true,"valueName":"search_term_string"}}],"inLanguage":"fr-FR"},{"@type":"Person","@id":"http:\/\/vincentians.com\/fr\/#\/schema\/person\/9623ef4d9aa3b2dfb8c061f1499288f2","name":"Francisco Javier Fern\u00e1ndez Chento","image":{"@type":"ImageObject","inLanguage":"fr-FR","@id":"http:\/\/vincentians.com\/fr\/#\/schema\/person\/image\/","url":"https:\/\/secure.gravatar.com\/avatar\/497d5cde87b4c3d097d0315953521681ba2cd523ee66e5077c3711f7021e65de?s=96&d=mm&r=g","contentUrl":"https:\/\/secure.gravatar.com\/avatar\/497d5cde87b4c3d097d0315953521681ba2cd523ee66e5077c3711f7021e65de?s=96&d=mm&r=g","caption":"Francisco Javier Fern\u00e1ndez Chento"},"description":"Director General y cofundador de La Red de Formaci\u00f3n Vicenciana. Javier es laico vicenciano, afiliado a la Congregaci\u00f3n de la Misi\u00f3n y miembro del Equipo de Misiones Populares de la provincia can\u00f3nica de Zaragoza (Espa\u00f1a) de la Congregaci\u00f3n de la Misi\u00f3n. Graduado en la Universidad Oberta de Catalunya con cuatro grados (Asistente de direcci\u00f3n, Gesti\u00f3n Administrativa, Recursos Humanos y Contabilidad Avanzada). Bil\u00edng\u00fce Espa\u00f1ol\/Ingl\u00e9s. gestiona y mantiene varias p\u00e1ginas web cristianas y vicencianas, incluida including La Red de Formaci\u00f3n Vicenciana, de la que es cofundador. Actualmente es responsable del \u00e1rea de Espa\u00f1ol de .famvin, la Red de Noticias de la Familia Vicenciana. Tambi\u00e9n es m\u00fasico cat\u00f3lico y ha editado varios discos. Es Director General y cofundador de Trovador, una reconocida compa\u00f1\u00eda discogr\u00e1fica critiana de Espa\u00f1a. Trabaja en las Tecnolog\u00edas de la Informaci\u00f3n, ofreciendo servicios de alojamiento, dise\u00f1o y mantenimiento Web, as\u00ed como asesoramiento, formaci\u00f3n y soluciones inform\u00e1ticas, gesti\u00f3n documental y digitalizaci\u00f3n de textos, edici\u00f3n y maquetaci\u00f3n de libros, revistas, flyers, etc.","sameAs":["http:\/\/chento.org","https:\/\/www.facebook.com\/JavierChento","https:\/\/x.com\/https:\/\/twitter.com\/javierchento"],"url":"http:\/\/vincentians.com\/fr\/author\/chento\/"}]}},"jetpack_publicize_connections":[],"jetpack_featured_media_url":"https:\/\/i0.wp.com\/vincentians.com\/fr\/wp-content\/uploads\/sites\/10\/2016\/07\/cartas-federico-ozanam.jpg?fit=1200%2C630","jetpack_sharing_enabled":true,"jetpack_shortlink":"https:\/\/wp.me\/p7ETMP-r8e","jetpack-related-posts":[{"id":98069,"url":"http:\/\/vincentians.com\/fr\/ozanam-et-assise-genese-dun-regard-romantique-sur-le-moyen-age\/","url_meta":{"origin":104298,"position":0},"title":"Ozanam et Assise. Gen\u00e8se d\u2019un regard romantique sur le Moyen Age","author":"Francisco Javier Fern\u00e1ndez Chento","date":"08\/10\/2013","format":false,"excerpt":"\u00a0\u00ab ITALIE. Doit se voir imm\u00e9diatement apr\u00e8s le mariage. \u2013 Donne bien des d\u00e9ceptions, n\u2019est pas si belle qu\u2019on dit . \u00bb Bien des bourgeois du XIXe si\u00e8cle fran\u00e7ais n\u2019ont pas fait mentir Flaubert o\u00f9 l\u2019on aura reconnu un des lieux communs qu\u2019il se pla\u00eet \u00e0 r\u00e9unir dans son Dictionnaire\u2026","rel":"","context":"Dans &quot;Fr\u00e9d\u00e9ric Ozanam&quot;","block_context":{"text":"Fr\u00e9d\u00e9ric Ozanam","link":"http:\/\/vincentians.com\/fr\/category\/the-vincentian-family\/founders\/frederic-ozanam\/"},"img":{"alt_text":"","src":"https:\/\/i0.wp.com\/vincentiens.org\/wp-content\/uploads\/2012\/11\/ozanam-240x300.jpg?resize=350%2C200","width":350,"height":200},"classes":[]},{"id":104395,"url":"http:\/\/vincentians.com\/fr\/frederic-ozanam-lettre-0030-a-auguste-materne\/","url_meta":{"origin":104298,"position":1},"title":"Fr\u00e9d\u00e9ric Ozanam, Lettre 0030. A Auguste Materne","author":"Francisco Javier Fern\u00e1ndez Chento","date":"18\/10\/2016","format":false,"excerpt":"Compte-rendu sur la marche de ses travaux. Lyon, 7 juin 1831. Mon cher ami, J'ai re\u00e7u ton aimable lettre et je m'empresse d'y r\u00e9pondre. Je n'\u00e9tais nullement f\u00e2ch\u00e9 contre toi car je pensais bien que d'excel\u00adlentes raisons te retenaient sans doute, mais je trouvais que nous \u00e9tions tous deux bien\u2026","rel":"","context":"Dans &quot;Lettres de Fr\u00e9d\u00e9ric Ozanam&quot;","block_context":{"text":"Lettres de Fr\u00e9d\u00e9ric Ozanam","link":"http:\/\/vincentians.com\/fr\/category\/lettres-de-frederic-ozanam\/"},"img":{"alt_text":"","src":"https:\/\/i0.wp.com\/vincentians.com\/fr\/wp-content\/uploads\/sites\/10\/2016\/07\/cartas-federico-ozanam.jpg?fit=1200%2C630&resize=350%2C200","width":350,"height":200,"srcset":"https:\/\/i0.wp.com\/vincentians.com\/fr\/wp-content\/uploads\/sites\/10\/2016\/07\/cartas-federico-ozanam.jpg?fit=1200%2C630&resize=350%2C200 1x, https:\/\/i0.wp.com\/vincentians.com\/fr\/wp-content\/uploads\/sites\/10\/2016\/07\/cartas-federico-ozanam.jpg?fit=1200%2C630&resize=525%2C300 1.5x, https:\/\/i0.wp.com\/vincentians.com\/fr\/wp-content\/uploads\/sites\/10\/2016\/07\/cartas-federico-ozanam.jpg?fit=1200%2C630&resize=700%2C400 2x, https:\/\/i0.wp.com\/vincentians.com\/fr\/wp-content\/uploads\/sites\/10\/2016\/07\/cartas-federico-ozanam.jpg?fit=1200%2C630&resize=1050%2C600 3x"},"classes":[]},{"id":104307,"url":"http:\/\/vincentians.com\/fr\/frederic-ozanam-lettre-0017-a-auguste-materne\/","url_meta":{"origin":104298,"position":2},"title":"Fr\u00e9d\u00e9ric Ozanam, Lettre 0017. A Auguste Materne","author":"Francisco Javier Fern\u00e1ndez Chento","date":"16\/09\/2016","format":false,"excerpt":"Il encourage Materne \u00e0 choisir la carri\u00e8re d'avocat. Force de l'amiti\u00e9 chr\u00e9tienne. Lyon, 14 juin 1830. Mon cher Materne, J'ai re\u00e7u ta derni\u00e8re lettre et tes raisons en faveur du commerce m'ont paru, sinon convaincantes, du moins tr\u00e8s fortes. Je suis n\u00e9anmoins toujours du m\u00eame avis. Ton petit plaidoyer prouve\u2026","rel":"","context":"Dans &quot;Lettres de Fr\u00e9d\u00e9ric Ozanam&quot;","block_context":{"text":"Lettres de Fr\u00e9d\u00e9ric Ozanam","link":"http:\/\/vincentians.com\/fr\/category\/lettres-de-frederic-ozanam\/"},"img":{"alt_text":"","src":"https:\/\/i0.wp.com\/vincentians.com\/fr\/wp-content\/uploads\/sites\/10\/2016\/07\/cartas-federico-ozanam.jpg?fit=1200%2C630&resize=350%2C200","width":350,"height":200,"srcset":"https:\/\/i0.wp.com\/vincentians.com\/fr\/wp-content\/uploads\/sites\/10\/2016\/07\/cartas-federico-ozanam.jpg?fit=1200%2C630&resize=350%2C200 1x, https:\/\/i0.wp.com\/vincentians.com\/fr\/wp-content\/uploads\/sites\/10\/2016\/07\/cartas-federico-ozanam.jpg?fit=1200%2C630&resize=525%2C300 1.5x, https:\/\/i0.wp.com\/vincentians.com\/fr\/wp-content\/uploads\/sites\/10\/2016\/07\/cartas-federico-ozanam.jpg?fit=1200%2C630&resize=700%2C400 2x, https:\/\/i0.wp.com\/vincentians.com\/fr\/wp-content\/uploads\/sites\/10\/2016\/07\/cartas-federico-ozanam.jpg?fit=1200%2C630&resize=1050%2C600 3x"},"classes":[]},{"id":104394,"url":"http:\/\/vincentians.com\/fr\/frederic-ozanam-lettre-0031-a-auguste-materne\/","url_meta":{"origin":104298,"position":3},"title":"Fr\u00e9d\u00e9ric Ozanam, Lettre 0031. A Auguste Materne","author":"Francisco Javier Fern\u00e1ndez Chento","date":"19\/10\/2016","format":false,"excerpt":"Consolation et t\u00e9moignages d'amiti\u00e9 en face du malheur qui vient de frapper son ami. [Lyon,] 27 ao\u00fbt 1831. Mon bien excellent ami, La nouvelle de ton malheur m'a frapp\u00e9 comme un coup de foudre! Mon \u00e2me a \u00e9t\u00e9 bris\u00e9e de douleur en apprenant que la famille de mon ami, une\u2026","rel":"","context":"Dans &quot;Lettres de Fr\u00e9d\u00e9ric Ozanam&quot;","block_context":{"text":"Lettres de Fr\u00e9d\u00e9ric Ozanam","link":"http:\/\/vincentians.com\/fr\/category\/lettres-de-frederic-ozanam\/"},"img":{"alt_text":"","src":"https:\/\/i0.wp.com\/vincentians.com\/fr\/wp-content\/uploads\/sites\/10\/2016\/07\/cartas-federico-ozanam.jpg?fit=1200%2C630&resize=350%2C200","width":350,"height":200,"srcset":"https:\/\/i0.wp.com\/vincentians.com\/fr\/wp-content\/uploads\/sites\/10\/2016\/07\/cartas-federico-ozanam.jpg?fit=1200%2C630&resize=350%2C200 1x, https:\/\/i0.wp.com\/vincentians.com\/fr\/wp-content\/uploads\/sites\/10\/2016\/07\/cartas-federico-ozanam.jpg?fit=1200%2C630&resize=525%2C300 1.5x, https:\/\/i0.wp.com\/vincentians.com\/fr\/wp-content\/uploads\/sites\/10\/2016\/07\/cartas-federico-ozanam.jpg?fit=1200%2C630&resize=700%2C400 2x, https:\/\/i0.wp.com\/vincentians.com\/fr\/wp-content\/uploads\/sites\/10\/2016\/07\/cartas-federico-ozanam.jpg?fit=1200%2C630&resize=1050%2C600 3x"},"classes":[]},{"id":104315,"url":"http:\/\/vincentians.com\/fr\/frederic-ozanam-lettre-0008-a-auguste-materne\/","url_meta":{"origin":104298,"position":4},"title":"Fr\u00e9d\u00e9ric Ozanam, Lettre 0008. A Auguste Materne","author":"Francisco Javier Fern\u00e1ndez Chento","date":"26\/08\/2016","format":false,"excerpt":"Envoi d'un po\u00e8me et demande de critiques. De notre s\u00e9jour de Cuires, le 15 octobre 1829. \u00ab Toujours des lettres! quelle correspondance! Ce bavard d'Ozanam a la langue si longue que, ne pouvant causer avec ses amis absents, il veut toujours les ennuyer de ses assommants propos! \u00bb Ainsi disait\u2026","rel":"","context":"Dans &quot;Lettres de Fr\u00e9d\u00e9ric Ozanam&quot;","block_context":{"text":"Lettres de Fr\u00e9d\u00e9ric Ozanam","link":"http:\/\/vincentians.com\/fr\/category\/lettres-de-frederic-ozanam\/"},"img":{"alt_text":"","src":"https:\/\/i0.wp.com\/vincentians.com\/fr\/wp-content\/uploads\/sites\/10\/2016\/07\/cartas-federico-ozanam.jpg?fit=1200%2C630&resize=350%2C200","width":350,"height":200,"srcset":"https:\/\/i0.wp.com\/vincentians.com\/fr\/wp-content\/uploads\/sites\/10\/2016\/07\/cartas-federico-ozanam.jpg?fit=1200%2C630&resize=350%2C200 1x, https:\/\/i0.wp.com\/vincentians.com\/fr\/wp-content\/uploads\/sites\/10\/2016\/07\/cartas-federico-ozanam.jpg?fit=1200%2C630&resize=525%2C300 1.5x, https:\/\/i0.wp.com\/vincentians.com\/fr\/wp-content\/uploads\/sites\/10\/2016\/07\/cartas-federico-ozanam.jpg?fit=1200%2C630&resize=700%2C400 2x, https:\/\/i0.wp.com\/vincentians.com\/fr\/wp-content\/uploads\/sites\/10\/2016\/07\/cartas-federico-ozanam.jpg?fit=1200%2C630&resize=1050%2C600 3x"},"classes":[]},{"id":105056,"url":"http:\/\/vincentians.com\/fr\/frederic-ozanam-lettre-0035-a-auguste-materne\/","url_meta":{"origin":104298,"position":5},"title":"Fr\u00e9d\u00e9ric Ozanam, Lettre 0035. A Auguste Materne","author":"Francisco Javier Fern\u00e1ndez Chento","date":"28\/10\/2016","format":false,"excerpt":"Ne pas se laisser abattre par des doutes qui peuvent n'\u00eatre qu'une \u00e9tape vers une foi plus profonde. Cuires, pr\u00e8s Lyon, 7 octobre 1831. Mon bon ami, J'ai re\u00e7u hier ta seconde lettre et je m'empresse de te r\u00e9pondre. Je me suis acquitt\u00e9 de ta commission pour Fortoul; je lui\u2026","rel":"","context":"Dans &quot;Lettres de Fr\u00e9d\u00e9ric Ozanam&quot;","block_context":{"text":"Lettres de Fr\u00e9d\u00e9ric Ozanam","link":"http:\/\/vincentians.com\/fr\/category\/lettres-de-frederic-ozanam\/"},"img":{"alt_text":"","src":"https:\/\/i0.wp.com\/vincentians.com\/fr\/wp-content\/uploads\/sites\/10\/2016\/07\/cartas-federico-ozanam.jpg?fit=1200%2C630&resize=350%2C200","width":350,"height":200,"srcset":"https:\/\/i0.wp.com\/vincentians.com\/fr\/wp-content\/uploads\/sites\/10\/2016\/07\/cartas-federico-ozanam.jpg?fit=1200%2C630&resize=350%2C200 1x, https:\/\/i0.wp.com\/vincentians.com\/fr\/wp-content\/uploads\/sites\/10\/2016\/07\/cartas-federico-ozanam.jpg?fit=1200%2C630&resize=525%2C300 1.5x, https:\/\/i0.wp.com\/vincentians.com\/fr\/wp-content\/uploads\/sites\/10\/2016\/07\/cartas-federico-ozanam.jpg?fit=1200%2C630&resize=700%2C400 2x, https:\/\/i0.wp.com\/vincentians.com\/fr\/wp-content\/uploads\/sites\/10\/2016\/07\/cartas-federico-ozanam.jpg?fit=1200%2C630&resize=1050%2C600 3x"},"classes":[]}],"_links":{"self":[{"href":"http:\/\/vincentians.com\/fr\/wp-json\/wp\/v2\/posts\/104298","targetHints":{"allow":["GET"]}}],"collection":[{"href":"http:\/\/vincentians.com\/fr\/wp-json\/wp\/v2\/posts"}],"about":[{"href":"http:\/\/vincentians.com\/fr\/wp-json\/wp\/v2\/types\/post"}],"author":[{"embeddable":true,"href":"http:\/\/vincentians.com\/fr\/wp-json\/wp\/v2\/users\/4"}],"replies":[{"embeddable":true,"href":"http:\/\/vincentians.com\/fr\/wp-json\/wp\/v2\/comments?post=104298"}],"version-history":[{"count":0,"href":"http:\/\/vincentians.com\/fr\/wp-json\/wp\/v2\/posts\/104298\/revisions"}],"wp:featuredmedia":[{"embeddable":true,"href":"http:\/\/vincentians.com\/fr\/wp-json\/wp\/v2\/media\/189776"}],"wp:attachment":[{"href":"http:\/\/vincentians.com\/fr\/wp-json\/wp\/v2\/media?parent=104298"}],"wp:term":[{"taxonomy":"category","embeddable":true,"href":"http:\/\/vincentians.com\/fr\/wp-json\/wp\/v2\/categories?post=104298"},{"taxonomy":"post_tag","embeddable":true,"href":"http:\/\/vincentians.com\/fr\/wp-json\/wp\/v2\/tags?post=104298"}],"curies":[{"name":"wp","href":"https:\/\/api.w.org\/{rel}","templated":true}]}}