{"id":104203,"date":"2012-11-06T08:26:26","date_gmt":"2012-11-06T07:26:26","guid":{"rendered":"http:\/\/vincentiens.org\/?p=104203"},"modified":"2012-11-06T08:26:26","modified_gmt":"2012-11-06T07:26:26","slug":"fernand-portal-v-la-brisure-du-premier-rapprochement","status":"publish","type":"post","link":"http:\/\/vincentians.com\/fr\/fernand-portal-v-la-brisure-du-premier-rapprochement\/","title":{"rendered":"Fernand Portal (V) La brisure du premier rapprochement"},"content":{"rendered":"<h2><strong>Le meeting de Londres<\/strong><\/h2>\n<p>Le ciel s&rsquo;obscurcit brusquement. En Mars 1896 une commission \u00ab exclusivement \u00bb catholique se r\u00e9unit \u00e0 Rome. Au rythme de trois s\u00e9ances par semaine, elle travaillera durant deux mois. La partie s&rsquo;annonce serr\u00e9e : des \u00ab portaliens \u00bb Gasparri, Duchesne, de Augus\u00adtinis et Scannel se trouvent face aux partisans de Vaughan, Dom Gasquet, Moyes et David. L&rsquo;intransigeant Mgr Merry del Val qui s&rsquo;affirme de plus en plus brillamment en Curie, est secr\u00e9taire. L&rsquo;\u00e9tablissement de cette Commission est d\u00e9j\u00e0 un mauvais point, aux yeux des artisans de l&rsquo;union. \u00ab C&rsquo;\u00e9tait la ruine de notre plan \u00bb dira Portal.<\/p>\n<p>Le Cardinal Rampolla assure \u00e0 l&rsquo;inquiet Lord Halifax que rien n&rsquo;est \u00ab arr\u00eat\u00e9 d&rsquo;avance \u00bb et qu&rsquo;il ne s&rsquo;agit \u00ab d&rsquo;aucune d\u00e9cision imm\u00e9diate \u00bb. L&rsquo;Abb\u00e9 Portal s&rsquo;\u00e9tablit \u00e0 Rome pour se rendre compte non sans \u00ab souffrance intime \u00bb de la marche des op\u00e9rations, et quelquefois fait le va-et-vient Paris, Londres, Rome. Les deux amis n&rsquo;ont pas tard\u00e9 \u00e0 d\u00e9p\u00eacher au Vatican, en vue de consultations pr\u00e9visibles, les anglicans Lacey et Puller, que Duchesne et Gasparri pr\u00e9sentent \u00e0 la Secr\u00e9tairerie d&rsquo;Etat, et qui occasionneront dans les milieux pontificaux une na\u00efve curiosit\u00e9. Gladstone, vieillard aussi v\u00e9n\u00e9rable que L\u00e9on XIII, entre en lice en faisant publier dans la presse anglaise et en les communiquant au Saint-Si\u00e8ge, des r\u00e9flexions sur une possible r\u00e9conciliation entre Rome et Cantorb\u00e9ry.<\/p>\n<p>Le 29 Juin sort l&rsquo;encyclique <em>Satis Cognitum <\/em>sur l&rsquo;Unit\u00e9 de l&rsquo;\u00c9glise<span id='easy-footnote-1-104203' class='easy-footnote-margin-adjust'><\/span><span class='easy-footnote'><a href='http:\/\/vincentians.com\/fr\/fernand-portal-v-la-brisure-du-premier-rapprochement\/#easy-footnote-bottom-1-104203' title='Cette lettre papale, selon Portal, homme expert en relations et en renseignements, semble jaillir de la plume du Cardinal Mazella, pr\u00e9sident de la Commission romaine pour l&amp;rsquo;\u00e9tude des Ordres anglicans, qui, passant \u00e0 la direction du Saint-Office, pr\u00e9parera la condamnation de ces ordres et par le fait m\u00eame, de la campagne suscit\u00e9e par l&amp;rsquo;Abb\u00e9 Portal et Lord Halifax. \u00ab Il y a eu lutte, et c&amp;rsquo;est le pot de fer, le Saint- Office, qui l&amp;rsquo;a emport\u00e9 \u00bb \u00e9crira l&amp;rsquo;Abb\u00e9 \u00e0 Lord Halifax.'><sup>1<\/sup><\/a><\/span>. En Angleterre, son effet est d&rsquo;autant plus malheureux que le Cardinal Vaughan, dans le <em>Times, <\/em>en donne un commentaire abrupt et tronqu\u00e9, en d\u00e9finissant la r\u00e9union comme une reddition pure et simple, \u00e0 Rome. Si Lord Halifax est \u00ab d\u00e9sesp\u00e9r\u00e9 \u00bb, l&rsquo;abb\u00e9 Portal ne tient pas \u00e0 \u00ab donner pr\u00e9texte \u00e0 un recul \u00bb :<\/p>\n<p><strong><a href=\"https:\/\/i0.wp.com\/vincentiens.org\/wp-content\/uploads\/2012\/10\/Portal-A5.jpg\"><img data-recalc-dims=\"1\" loading=\"lazy\" decoding=\"async\" class=\"alignleft size-full wp-image-104204\" title=\"Portal-A\" src=\"https:\/\/i0.wp.com\/vincentiens.org\/wp-content\/uploads\/2012\/10\/Portal-A5.jpg?resize=250%2C287\" alt=\"\" width=\"250\" height=\"287\" \/><\/a><\/strong>\u2014 \u00abNe vous d\u00e9couragez pas, \u00e9crit-il \u00e0 son ami, r\u00e9unissez un meeting, j&rsquo;y viendrai et j&rsquo;y parlerai. Ce que je dirai pourra \u00eatre publi\u00e9 sur les toits ; mais les circonstances donneront \u00e0 mes paroles un caract\u00e8re qui en fera toute l&rsquo;importance \u00bb.<\/p>\n<p>Alors, \u00e0 Londres, le 14 Juillet 1896, l&rsquo;Abb\u00e9 Portal prononce un discours qui arrache les applaudissements d&rsquo;un fervent auditoire de pr\u00eatres et de la\u00efcs anglicans, \u00ab venus de tous les points de l&rsquo;Angleterre \u00bb :<\/p>\n<p>\u00ab Celui que vous voyez devant vous est un pr\u00eatre fran\u00e7ais, humble fils de St-Vincent-de-Paul&#8230; Et encore, je suis pr\u00eatre de la Sainte Eglise Catholique et Romaine, cette Eglise si ch\u00e8re \u00e0 tous ses propres fils, et \u00e0 laquelle je suis attach\u00e9 par tous les fibres de mon \u00eatre&#8230; Une action d&rsquo;ensemble d&rsquo;\u00c9glise \u00e0 Eglise nous semble pr\u00e9f\u00e9rable&#8230; La r\u00e9union en corps est possible. Elle est n\u00e9cessaire pour aider au rapprochement des grands centres religieux form\u00e9s par l&rsquo;Angleterre, la Russie et Rome&#8230;<\/p>\n<p>&#8230;Dire qu&rsquo;on a voulu ainsi donner un coup mortel aux esp\u00e9rances de ceux qui s&rsquo;efforcent de r\u00e9aliser la r\u00e9union en corps, c&rsquo;est attribuer \u00e0 L\u00e9on XM quelque chose qui n&rsquo;est pas digne de lui&#8230;<\/p>\n<p>&#8230;Nous n&rsquo;avons pas commenc\u00e9 cette oeuvre parce que nous croyions qu&rsquo;elle \u00e9tait d&rsquo;un accomplissement facile, mais parce que nous croyions que c&rsquo;\u00e9tait la volont\u00e9 de Dieu. Et pour la m\u00eame et unique raison, nous continuerons la lutte&#8230; \u00bb.<\/p>\n<h2><strong>Si on bl\u00e2me l&rsquo;abb\u00e9 Portal&#8230;<\/strong><\/h2>\n<p>D\u00e8s son retour \u00e0 Paris, M. Portal est convoqu\u00e9 \u00e0 l&rsquo;archev\u00each\u00e9. Le Cardinal Richard<span id='easy-footnote-2-104203' class='easy-footnote-margin-adjust'><\/span><span class='easy-footnote'><a href='http:\/\/vincentians.com\/fr\/fernand-portal-v-la-brisure-du-premier-rapprochement\/#easy-footnote-bottom-2-104203' title='\u00abLe cardinal Richard a \u00e9t\u00e9 tr\u00e8s bon. Il me conseillait presque d&amp;rsquo;aller \u00e0 Rome. La situation, connue vous le voyez, est tr\u00e8s grave. Il ne faut pourtant pas perdre la t\u00eate. Il y a \u00e0 Rome tant de combinaisons qu&amp;rsquo;il ne faut jamais d\u00e9sesp\u00e9rer \u00bb. Lettre de Portal \u00e0 Lord Halifax.'><sup>2<\/sup><\/a><\/span>, averti dare-dare par l&rsquo;\u00e9v\u00eaque d&rsquo;Autun, le Cardinal Perraud qui se trouvait en ce moment \u00e0 Rome, fait part \u00e0 l&rsquo;int\u00e9ress\u00e9 des insuffisances de ses paroles sur les pr\u00e9rogatives du Pape et des suspicions qui p\u00e8sent sur sa Revue. \u00c9videmment, le <em>Tablet, <\/em>toujours manipul\u00e9 par le Cardinal Vaughan, s&rsquo;\u00e9tait charg\u00e9 de travestir la v\u00e9rit\u00e9. L&rsquo;ami Tavernier qui avait suivi \u00e0 Londres, reproduira <em>in extenso <\/em>dans <em>l&rsquo;Univers <\/em>et dans la <em>Revue, <\/em>la conf\u00e9rence de Portal.<\/p>\n<p>Lord Halifax est perdu : \u00ab Si cela devait \u00eatre le dernier mot, \u00e9crit-il \u00e0 l&rsquo;Abb\u00e9 Portal, il n&rsquo;y a pas un seul de mes compatriotes qui ne serait pr\u00eat \u00e0 pendre quiconque lui parlerait de Rome et d&rsquo;union avec elle \u00bb. Il \u00e9change avec le cardinal Rampolla un courrier pressant : \u00ab Si en ce moment on brise l&rsquo;Abb\u00e9 Portal&#8230; si Rome bl\u00e2me tous ceux en Angleterre qui d\u00e9sirent l&rsquo;union n&rsquo;auront qu&rsquo;\u00e0 s&rsquo;arr\u00eater et attendre des temps meilleurs \u00bb. Le secr\u00e9taire d&rsquo;\u00c9tat pr\u00e9cise qu&rsquo;il n&rsquo;y a qu&rsquo;\u00ab avertissements \u00bb.<\/p>\n<p>Portal abandonne la Direction de la Revue \u00e0 Lev\u00e9. Fatigu\u00e9, il part dans les Pyr\u00e9n\u00e9es. Les attaques du <em>Tablet <\/em>visent \u00e0 \u00ab \u00e9trangler la Revue et imposer silence \u00e0 l&rsquo;Abb\u00e9 Portal \u00bb (Lord Halifax au <em>Guardian).<\/em><\/p>\n<p>Est connu le programme de la future assembl\u00e9e de la Communion Anglicane \u00e0 Lambeth, lequel a trait \u00e0 l&rsquo;union avec l&rsquo;Orient et avec Rome : \u00ab Un peu d&rsquo;intelligence et de bonne volont\u00e9 de la part de Rome, le Pape aurait tout enlev\u00e9. Et maintenant ! \u00bb Lord Halifax n&rsquo;\u00e9tait pas seul \u00e0 le regretter, lui qui disait souvent : \u00ab Il faut fiagner les coeurs des hommes avant leurs t\u00eates \u00bb&#8230;.<\/p>\n<h2><strong>Le dernier mot<\/strong><\/h2>\n<p><em>Apostolicoe cuite, <\/em>18 Septembre 1896, sonne le glas de l&rsquo;oeuvre Portal-Halifax. Le <em>Times, <\/em>atrocement, nargue \u00ab M. Gladstone et ses amis \u00bb \u00ab de simples bannis \u00bb.<\/p>\n<p>Des pleurs tombent et des coeurs saignent.<\/p>\n<p>\u00ab Notre pens\u00e9e premi\u00e8re a \u00e9t\u00e9 pour vous, pour nos amis d&rsquo;Angleterre<span id='easy-footnote-3-104203' class='easy-footnote-margin-adjust'><\/span><span class='easy-footnote'><a href='http:\/\/vincentians.com\/fr\/fernand-portal-v-la-brisure-du-premier-rapprochement\/#easy-footnote-bottom-3-104203' title='Les amis anglicans, Birkbeck, Creighton, \u00e9v\u00eaque de Peterbo\u00adrough, le nouvel archev\u00eaque de Cantorb\u00e9ry&amp;#8230; sont irr\u00e9m\u00e9diablement d\u00e9\u00e7us. L&amp;rsquo;archev\u00eaque d&amp;rsquo;York et le doyen de Christ-Church restent sereins : \u00ab Un d\u00e9lai n&amp;rsquo;est pas un refus, ce peut \u00eatre le proc\u00e9d\u00e9 de Dieu pour donner plus que nous ne savons demander : si nos d\u00e9sirs heurtaient sa bont\u00e9, ils la r\u00e9tr\u00e9ciraient aussi \u00bb (le doyen).'><sup>3<\/sup><\/a><\/span> Puller, Lacey, etc&#8230; Pauvres amis qui avez \u00e9t\u00e9 si bons, si g\u00e9n\u00e9reux, si loyaux&#8230; Je ne parle avec personne. Le coup est si profond, d&rsquo;ailleurs, et la douleur si forte que je ne ressens plus rien. Que Notre-Seigneur ait piti\u00e9 de nous !.. Je vous dois mes meilleures joies, mon cher ami : travailler et souffrir pour l&rsquo;\u00c9glise. Je vous donne ce que j&rsquo;ai de meilleur en mon \u00e2me d&rsquo;affection et d&rsquo;inalt\u00e9rable d\u00e9vouement. Je ressens votre grande douleur et je souffre plus \u00e0 cause de vous qu&rsquo;\u00e0 cause de moi \u00bb (Portal \u00e0 Lord Halifax).<\/p>\n<p>\u00ab La <em>Revue Anglo-Romaine <\/em>suspend sa publication \u00bb tels sont les premiers mots du 51e et dernier num\u00e9ro. L&rsquo;\u00e9ditorial sign\u00e9 la R\u00e9daction, est de l&rsquo;Abb\u00e9 Portal. Laconiquement et pacifiquement, il fait le bilan du \u00ab grand dessein \u00bb de la Revue qui a \u00ab soulev\u00e9 bien des travaux historiques et th\u00e9ologiques, et tourn\u00e9 des \u00e2mes vers un grand id\u00e9al \u00bb. Et il renvoie, non sans \u00e9motion, \u00e0 la lettre <em>Ad <\/em><em>Anglos, <\/em>dont il cite les passages les plus \u00ab g\u00e9n\u00e9reux \u00bb :<\/p>\n<p>\u00ab Nos pens\u00e9es se tournent avec beaucoup d&rsquo;amour et d&rsquo;espoir vers le peuple anglais&#8230; Vous tous donc qui \u00eates en Angleterre, quelle que soit la communion ou l&rsquo;institution \u00e0 laquelle vous appar\u00adtenez, nous vous invitons \u00e0 poursuivre ce saint but de ramener l&rsquo;Union&#8230; S&rsquo;il se pr\u00e9sente quelques difficult\u00e9s, elles ne sont pas de nature \u00e0 arr\u00eater notre z\u00e8le apostolique ni \u00e0 faire obstacle \u00e0 notre \u00e9nergie&#8230; Dans les entreprises grandes et p\u00e9nibles, pourvu qu&rsquo;on s&rsquo;y consacre avec une volont\u00e9 ardente et droite, Dieu se tient au c\u00f4t\u00e9 de l&rsquo;homme&#8230; \u00bb<\/p>\n<h2><strong>Le mouvement n&rsquo;est pas \u00e9trangl\u00e9<\/strong><\/h2>\n<p>L&rsquo;Eglise d&rsquo;Angleterre se ressaisit. En guise de r\u00e9probation de la Bulle <em>Apostolicae Curae, <\/em>elle proteste en confessant sa Foi \u00e0 propos du \u00ab Sacrifice eucharistique \u00bb qui n&rsquo;est pas \u00ab la pure comm\u00e9moration du sacrifice de la Croix \u00bb. \u00ab Nous perp\u00e9tuons \u2014 affirme l&rsquo;\u00e9piscopat \u2014 la m\u00e9moire du pr\u00e9cieux sang du Christ, qui est notre avocat pr\u00e8s du P\u00e8re et la propitiation pour nos p\u00e9ch\u00e9s, conform\u00e9ment \u00e0 son commandement, jusqu&rsquo;\u00e0 ce qu&rsquo;il revienne&#8230; \u00bb. Ces formulations constituent la plus belle r\u00e9ponse de Cantorb\u00e9ry \u00e0 Rome.<\/p>\n<p>\u00ab La fin d&rsquo;un beau r\u00eave \u00bb pense Portal. Non, r\u00e9pond Lord Halifax : \u00ab Nous avons essay\u00e9 de faire ce que Dieu, je crois, nous avait inspir\u00e9. Nous avons \u00e9chou\u00e9 pour le moment ; mais si Dieu le veut sa volont\u00e9 s&rsquo;accomplira et s&rsquo;il nous permet d&rsquo;\u00eatre bris\u00e9s, c&rsquo;est bien qu&rsquo;il veut faire les choses lui-m\u00eame. Ce n&rsquo;est pas un r\u00eave&#8230; La chose est aussi certaine que jamais. Il y a des amertumes qui valent toutes les joies de la terre, et je pr\u00e9f\u00e8re mille et mille fois souffrir avec vous dans une telle cause que de triompher avec le monde entier&#8230; Les peines sont d\u00e9j\u00e0 \u00e0 moiti\u00e9 soulag\u00e9es quand on souffre ensemble, seulement je sais bien que si nous souffrons, vous souffrez encore davantage, et c&rsquo;est cette pens\u00e9e qui me fait le plus de mal \u00bb (Lord Halifax).<\/p>\n<p>Avec fiert\u00e9, Lord Halifax se console<span id='easy-footnote-4-104203' class='easy-footnote-margin-adjust'><\/span><span class='easy-footnote'><a href='http:\/\/vincentians.com\/fr\/fernand-portal-v-la-brisure-du-premier-rapprochement\/#easy-footnote-bottom-4-104203' title='L.H. est amer : \u00ab Toute la sympathie qu&amp;rsquo;on avait pour L\u00e9on XIII a disparu d&amp;rsquo;un coup. Il nous dirait \u00e0 ce moment les choses les plus aimables qu&amp;rsquo;on ne lui r\u00e9pondrait pas&amp;#8230; Ce qui me fait le plus de peine, c&amp;rsquo;est que je ne puis pas excuser L\u00e9on XIII. Il a commenc\u00e9 par vouloir une chose, il a fini par la rendre impossible. C&amp;rsquo;est sa politique \u00e0 lui qu&amp;rsquo;il a bris\u00e9e de ses propres mains \u00bb Mais L H n&amp;rsquo;oubliera jamais le visage lumineux du grand pape. Assez rapidement, des influences en cour de Rome (Lorin, Tavernier, Von H\u00fcgel&amp;#8230;), les outrances de l&amp;rsquo;entourage du Cardinal Vaughan et une nette inclination de l&amp;rsquo;angli\u00adcanisme vers les Russes et les Vieux-Catholiques, inciteront Rome, sinon \u00e0 tourner la page &lt;em&gt;d&amp;rsquo; Apostolicae Curae, &lt;\/em&gt;du moins \u00e0 la froisser. D&amp;rsquo;ailleurs le Cardinal Rampolla s&amp;rsquo;est ing\u00e9ni\u00e9 \u00e0 rester \u00e9vasif et m\u00eame \u00e0 att\u00e9nuer les coups du Saint-Office. \u00abPour nous, l&amp;rsquo;essentiel en ce moment est de m\u00e9nager le Cardinal Rampolla et surtout d&amp;rsquo;\u00e9viter toute d\u00e9marche qui pourrait lui susciter des tracasseries \u00bb (L.H. \u00e0 Portal 17 ao\u00fbt 1897). En 1912, para\u00eetra le volumineux &lt;em&gt;L\u00e9on XIII et les Ordinations anglicanes, &lt;\/em&gt;tout \u00e0 la louange du Pape dont \u00ab l&amp;rsquo;\u00e9toile \u00bb h\u00e9raldique, selon ce \u00ab paladin de l&amp;rsquo;union \u00bb qu&amp;rsquo;\u00e9tait Lord Halifax, avait brill\u00e9 dans le ciel d&amp;rsquo;Angleterre.'><sup>4<\/sup><\/a><\/span>, du fait d&rsquo;une certaine position de force : \u00ab tout le monde est devenu plus catholique et moins romain. Nous autres, moi par exemple, nous ne sommes plus suspects \u00bb.<\/p>\n<p>Il reste \u00e0 l&rsquo;abb\u00e9 l&rsquo;accueil fraternel que lui r\u00e9serve le s\u00e9minaire de Ch\u00e2lons-sur-Marne o\u00f9 il demeure un an, en attendant de prendre, avec tous les encouragements de l&rsquo;\u00e9v\u00eaque, Mgr Chapon, esprit fort \u00e9clair\u00e9, la direction du S\u00e9minaire de Nice, jusqu&rsquo;en 1899. Il lui reste aussi la recommandation du Cardinal Rampolla : \u00ab continuer \u00e0 entretenir de bons rapports avec les anglicans \u00bb.<\/p>\n<p>Il reste toujours les nombreux amis&#8230; L&rsquo;abb\u00e9 a besoin des d\u00e9clarations d&rsquo;amiti\u00e9 de Lord Halifax car Rome lui intime de r\u00e9sider provisoirement en dehors de Paris, et m\u00eame serait port\u00e9e \u2014 ce qui stup\u00e9fie son ami \u2014 \u00e0 lui faire signer une d\u00e9claration de soumission \u00e0 la Bulle <em>Apostolicae Curae. <\/em>Lord Halifax annonce sa venue, en guise de cadeaux du Nouvel An 1897, et il formule des voeux on ne peut plus heureux : \u00ab Je crois de plus en plus que le mouvement n&rsquo;est pas \u00e9trangl\u00e9. Il a subi un rude choc mais la pierre est lanc\u00e9e&#8230; Le silence pour le moment ; la situation le demande mais un peu plus tard nous commencerons de nouveau et de plus fort&#8230; \u00bb \u00ab Enfin, mon cher ami, tout passe hors l&rsquo;amour et l&rsquo;amiti\u00e9 ; un de ces jours on verra que nous avions raison. Et pour le moment je mets tout de c\u00f4t\u00e9 et je me rappelle seulement votre amiti\u00e9 et tous les bons amis que je vous dois \u00e0 Paris et ailleurs \u00bb (mars 1897). th\u00e9ologie positive ne doit rien ignorer des grands travaux allemands et anglais et il poussait les jeunes \u00e0 \u00e9tudier \u00e0 fond les langues vivantes \u00bb (abb\u00e9 Gratieux).<\/p>\n","protected":false},"excerpt":{"rendered":"<p>Le meeting de Londres Le ciel s&rsquo;obscurcit brusquement. En Mars 1896 une commission \u00ab exclusivement \u00bb catholique se r\u00e9unit \u00e0 Rome. Au rythme de trois s\u00e9ances par semaine, elle travaillera durant deux mois. La partie &#8230; <a href=\"http:\/\/vincentians.com\/fr\/fernand-portal-v-la-brisure-du-premier-rapprochement\/\" class=\"more-link\">Read More<\/a><\/p>\n","protected":false},"author":4,"featured_media":189930,"comment_status":"open","ping_status":"open","sticky":false,"template":"","format":"standard","meta":{"jetpack_post_was_ever_published":false,"_jetpack_newsletter_access":"","_jetpack_dont_email_post_to_subs":false,"_jetpack_newsletter_tier_id":0,"_jetpack_memberships_contains_paywalled_content":false,"_jetpack_memberships_contains_paid_content":false,"footnotes":"","jetpack_publicize_message":"","jetpack_publicize_feature_enabled":true,"jetpack_social_post_already_shared":true,"jetpack_social_options":{"image_generator_settings":{"template":"highway","default_image_id":0,"font":"","enabled":false},"version":2}},"categories":[115],"tags":[],"class_list":["post-104203","post","type-post","status-publish","format-standard","has-post-thumbnail","hentry","category-biographies-lazaristes"],"yoast_head":"<!-- This site is optimized with the Yoast SEO plugin v26.3 - https:\/\/yoast.com\/wordpress\/plugins\/seo\/ -->\n<title>Fernand Portal (V) La brisure du premier rapprochement - Nous Sommes Vincentiens<\/title>\n<meta name=\"robots\" content=\"index, follow, max-snippet:-1, max-image-preview:large, max-video-preview:-1\" \/>\n<link rel=\"canonical\" href=\"https:\/\/vincentians.com\/fr\/fernand-portal-v-la-brisure-du-premier-rapprochement\/\" \/>\n<meta property=\"og:locale\" content=\"fr_FR\" \/>\n<meta property=\"og:type\" content=\"article\" \/>\n<meta property=\"og:title\" content=\"Fernand Portal (V) La brisure du premier rapprochement - Nous Sommes Vincentiens\" \/>\n<meta property=\"og:description\" content=\"Le meeting de Londres Le ciel s&rsquo;obscurcit brusquement. En Mars 1896 une commission \u00ab exclusivement \u00bb catholique se r\u00e9unit \u00e0 Rome. Au rythme de trois s\u00e9ances par semaine, elle travaillera durant deux mois. La partie ... Read More\" \/>\n<meta property=\"og:url\" content=\"https:\/\/vincentians.com\/fr\/fernand-portal-v-la-brisure-du-premier-rapprochement\/\" \/>\n<meta property=\"og:site_name\" content=\"Nous Sommes Vincentiens\" \/>\n<meta property=\"article:publisher\" content=\"https:\/\/www.facebook.com\/WeAreVincentians\/\" \/>\n<meta property=\"article:author\" content=\"https:\/\/www.facebook.com\/JavierChento\" \/>\n<meta property=\"article:published_time\" content=\"2012-11-06T07:26:26+00:00\" \/>\n<meta property=\"og:image\" content=\"https:\/\/i0.wp.com\/vincentians.com\/fr\/wp-content\/uploads\/sites\/10\/2016\/08\/bio-congregation-of-the-mission.jpg?fit=1200%2C630&ssl=1\" \/>\n\t<meta property=\"og:image:width\" content=\"1200\" \/>\n\t<meta property=\"og:image:height\" content=\"630\" \/>\n\t<meta property=\"og:image:type\" content=\"image\/jpeg\" \/>\n<meta name=\"author\" content=\"Francisco Javier Fern\u00e1ndez Chento\" \/>\n<meta name=\"twitter:card\" content=\"summary_large_image\" \/>\n<meta name=\"twitter:creator\" content=\"@https:\/\/twitter.com\/javierchento\" \/>\n<meta name=\"twitter:site\" content=\"@WeVincentians\" \/>\n<meta name=\"twitter:label1\" content=\"\u00c9crit par\" \/>\n\t<meta name=\"twitter:data1\" content=\"Francisco Javier Fern\u00e1ndez Chento\" \/>\n\t<meta name=\"twitter:label2\" content=\"Dur\u00e9e de lecture estim\u00e9e\" \/>\n\t<meta name=\"twitter:data2\" content=\"10 minutes\" \/>\n<script type=\"application\/ld+json\" class=\"yoast-schema-graph\">{\"@context\":\"https:\/\/schema.org\",\"@graph\":[{\"@type\":\"WebPage\",\"@id\":\"https:\/\/vincentians.com\/fr\/fernand-portal-v-la-brisure-du-premier-rapprochement\/\",\"url\":\"https:\/\/vincentians.com\/fr\/fernand-portal-v-la-brisure-du-premier-rapprochement\/\",\"name\":\"Fernand Portal (V) La brisure du premier rapprochement - Nous Sommes Vincentiens\",\"isPartOf\":{\"@id\":\"http:\/\/vincentians.com\/fr\/#website\"},\"primaryImageOfPage\":{\"@id\":\"https:\/\/vincentians.com\/fr\/fernand-portal-v-la-brisure-du-premier-rapprochement\/#primaryimage\"},\"image\":{\"@id\":\"https:\/\/vincentians.com\/fr\/fernand-portal-v-la-brisure-du-premier-rapprochement\/#primaryimage\"},\"thumbnailUrl\":\"https:\/\/i0.wp.com\/vincentians.com\/fr\/wp-content\/uploads\/sites\/10\/2016\/08\/bio-congregation-of-the-mission.jpg?fit=1200%2C630\",\"datePublished\":\"2012-11-06T07:26:26+00:00\",\"author\":{\"@id\":\"http:\/\/vincentians.com\/fr\/#\/schema\/person\/9623ef4d9aa3b2dfb8c061f1499288f2\"},\"breadcrumb\":{\"@id\":\"https:\/\/vincentians.com\/fr\/fernand-portal-v-la-brisure-du-premier-rapprochement\/#breadcrumb\"},\"inLanguage\":\"fr-FR\",\"potentialAction\":[{\"@type\":\"ReadAction\",\"target\":[\"https:\/\/vincentians.com\/fr\/fernand-portal-v-la-brisure-du-premier-rapprochement\/\"]}]},{\"@type\":\"ImageObject\",\"inLanguage\":\"fr-FR\",\"@id\":\"https:\/\/vincentians.com\/fr\/fernand-portal-v-la-brisure-du-premier-rapprochement\/#primaryimage\",\"url\":\"https:\/\/i0.wp.com\/vincentians.com\/fr\/wp-content\/uploads\/sites\/10\/2016\/08\/bio-congregation-of-the-mission.jpg?fit=1200%2C630\",\"contentUrl\":\"https:\/\/i0.wp.com\/vincentians.com\/fr\/wp-content\/uploads\/sites\/10\/2016\/08\/bio-congregation-of-the-mission.jpg?fit=1200%2C630\",\"width\":1200,\"height\":630},{\"@type\":\"BreadcrumbList\",\"@id\":\"https:\/\/vincentians.com\/fr\/fernand-portal-v-la-brisure-du-premier-rapprochement\/#breadcrumb\",\"itemListElement\":[{\"@type\":\"ListItem\",\"position\":1,\"name\":\"Portada\",\"item\":\"http:\/\/vincentians.com\/fr\/\"},{\"@type\":\"ListItem\",\"position\":2,\"name\":\"Fernand Portal (V) La brisure du premier rapprochement\"}]},{\"@type\":\"WebSite\",\"@id\":\"http:\/\/vincentians.com\/fr\/#website\",\"url\":\"http:\/\/vincentians.com\/fr\/\",\"name\":\"Nous Sommes Vincentiens\",\"description\":\"Know more to serve more\",\"potentialAction\":[{\"@type\":\"SearchAction\",\"target\":{\"@type\":\"EntryPoint\",\"urlTemplate\":\"http:\/\/vincentians.com\/fr\/?s={search_term_string}\"},\"query-input\":{\"@type\":\"PropertyValueSpecification\",\"valueRequired\":true,\"valueName\":\"search_term_string\"}}],\"inLanguage\":\"fr-FR\"},{\"@type\":\"Person\",\"@id\":\"http:\/\/vincentians.com\/fr\/#\/schema\/person\/9623ef4d9aa3b2dfb8c061f1499288f2\",\"name\":\"Francisco Javier Fern\u00e1ndez Chento\",\"image\":{\"@type\":\"ImageObject\",\"inLanguage\":\"fr-FR\",\"@id\":\"http:\/\/vincentians.com\/fr\/#\/schema\/person\/image\/\",\"url\":\"https:\/\/secure.gravatar.com\/avatar\/497d5cde87b4c3d097d0315953521681ba2cd523ee66e5077c3711f7021e65de?s=96&d=mm&r=g\",\"contentUrl\":\"https:\/\/secure.gravatar.com\/avatar\/497d5cde87b4c3d097d0315953521681ba2cd523ee66e5077c3711f7021e65de?s=96&d=mm&r=g\",\"caption\":\"Francisco Javier Fern\u00e1ndez Chento\"},\"description\":\"Director General y cofundador de La Red de Formaci\u00f3n Vicenciana. Javier es laico vicenciano, afiliado a la Congregaci\u00f3n de la Misi\u00f3n y miembro del Equipo de Misiones Populares de la provincia can\u00f3nica de Zaragoza (Espa\u00f1a) de la Congregaci\u00f3n de la Misi\u00f3n. Graduado en la Universidad Oberta de Catalunya con cuatro grados (Asistente de direcci\u00f3n, Gesti\u00f3n Administrativa, Recursos Humanos y Contabilidad Avanzada). Bil\u00edng\u00fce Espa\u00f1ol\/Ingl\u00e9s. gestiona y mantiene varias p\u00e1ginas web cristianas y vicencianas, incluida including La Red de Formaci\u00f3n Vicenciana, de la que es cofundador. Actualmente es responsable del \u00e1rea de Espa\u00f1ol de .famvin, la Red de Noticias de la Familia Vicenciana. Tambi\u00e9n es m\u00fasico cat\u00f3lico y ha editado varios discos. Es Director General y cofundador de Trovador, una reconocida compa\u00f1\u00eda discogr\u00e1fica critiana de Espa\u00f1a. Trabaja en las Tecnolog\u00edas de la Informaci\u00f3n, ofreciendo servicios de alojamiento, dise\u00f1o y mantenimiento Web, as\u00ed como asesoramiento, formaci\u00f3n y soluciones inform\u00e1ticas, gesti\u00f3n documental y digitalizaci\u00f3n de textos, edici\u00f3n y maquetaci\u00f3n de libros, revistas, flyers, etc.\",\"sameAs\":[\"http:\/\/chento.org\",\"https:\/\/www.facebook.com\/JavierChento\",\"https:\/\/x.com\/https:\/\/twitter.com\/javierchento\"],\"url\":\"http:\/\/vincentians.com\/fr\/author\/chento\/\"}]}<\/script>\n<!-- \/ Yoast SEO plugin. -->","yoast_head_json":{"title":"Fernand Portal (V) La brisure du premier rapprochement - Nous Sommes Vincentiens","robots":{"index":"index","follow":"follow","max-snippet":"max-snippet:-1","max-image-preview":"max-image-preview:large","max-video-preview":"max-video-preview:-1"},"canonical":"https:\/\/vincentians.com\/fr\/fernand-portal-v-la-brisure-du-premier-rapprochement\/","og_locale":"fr_FR","og_type":"article","og_title":"Fernand Portal (V) La brisure du premier rapprochement - Nous Sommes Vincentiens","og_description":"Le meeting de Londres Le ciel s&rsquo;obscurcit brusquement. En Mars 1896 une commission \u00ab exclusivement \u00bb catholique se r\u00e9unit \u00e0 Rome. Au rythme de trois s\u00e9ances par semaine, elle travaillera durant deux mois. La partie ... Read More","og_url":"https:\/\/vincentians.com\/fr\/fernand-portal-v-la-brisure-du-premier-rapprochement\/","og_site_name":"Nous Sommes Vincentiens","article_publisher":"https:\/\/www.facebook.com\/WeAreVincentians\/","article_author":"https:\/\/www.facebook.com\/JavierChento","article_published_time":"2012-11-06T07:26:26+00:00","og_image":[{"width":1200,"height":630,"url":"https:\/\/i0.wp.com\/vincentians.com\/fr\/wp-content\/uploads\/sites\/10\/2016\/08\/bio-congregation-of-the-mission.jpg?fit=1200%2C630&ssl=1","type":"image\/jpeg"}],"author":"Francisco Javier Fern\u00e1ndez Chento","twitter_card":"summary_large_image","twitter_creator":"@https:\/\/twitter.com\/javierchento","twitter_site":"@WeVincentians","twitter_misc":{"\u00c9crit par":"Francisco Javier Fern\u00e1ndez Chento","Dur\u00e9e de lecture estim\u00e9e":"10 minutes"},"schema":{"@context":"https:\/\/schema.org","@graph":[{"@type":"WebPage","@id":"https:\/\/vincentians.com\/fr\/fernand-portal-v-la-brisure-du-premier-rapprochement\/","url":"https:\/\/vincentians.com\/fr\/fernand-portal-v-la-brisure-du-premier-rapprochement\/","name":"Fernand Portal (V) La brisure du premier rapprochement - Nous Sommes Vincentiens","isPartOf":{"@id":"http:\/\/vincentians.com\/fr\/#website"},"primaryImageOfPage":{"@id":"https:\/\/vincentians.com\/fr\/fernand-portal-v-la-brisure-du-premier-rapprochement\/#primaryimage"},"image":{"@id":"https:\/\/vincentians.com\/fr\/fernand-portal-v-la-brisure-du-premier-rapprochement\/#primaryimage"},"thumbnailUrl":"https:\/\/i0.wp.com\/vincentians.com\/fr\/wp-content\/uploads\/sites\/10\/2016\/08\/bio-congregation-of-the-mission.jpg?fit=1200%2C630","datePublished":"2012-11-06T07:26:26+00:00","author":{"@id":"http:\/\/vincentians.com\/fr\/#\/schema\/person\/9623ef4d9aa3b2dfb8c061f1499288f2"},"breadcrumb":{"@id":"https:\/\/vincentians.com\/fr\/fernand-portal-v-la-brisure-du-premier-rapprochement\/#breadcrumb"},"inLanguage":"fr-FR","potentialAction":[{"@type":"ReadAction","target":["https:\/\/vincentians.com\/fr\/fernand-portal-v-la-brisure-du-premier-rapprochement\/"]}]},{"@type":"ImageObject","inLanguage":"fr-FR","@id":"https:\/\/vincentians.com\/fr\/fernand-portal-v-la-brisure-du-premier-rapprochement\/#primaryimage","url":"https:\/\/i0.wp.com\/vincentians.com\/fr\/wp-content\/uploads\/sites\/10\/2016\/08\/bio-congregation-of-the-mission.jpg?fit=1200%2C630","contentUrl":"https:\/\/i0.wp.com\/vincentians.com\/fr\/wp-content\/uploads\/sites\/10\/2016\/08\/bio-congregation-of-the-mission.jpg?fit=1200%2C630","width":1200,"height":630},{"@type":"BreadcrumbList","@id":"https:\/\/vincentians.com\/fr\/fernand-portal-v-la-brisure-du-premier-rapprochement\/#breadcrumb","itemListElement":[{"@type":"ListItem","position":1,"name":"Portada","item":"http:\/\/vincentians.com\/fr\/"},{"@type":"ListItem","position":2,"name":"Fernand Portal (V) La brisure du premier rapprochement"}]},{"@type":"WebSite","@id":"http:\/\/vincentians.com\/fr\/#website","url":"http:\/\/vincentians.com\/fr\/","name":"Nous Sommes Vincentiens","description":"Know more to serve more","potentialAction":[{"@type":"SearchAction","target":{"@type":"EntryPoint","urlTemplate":"http:\/\/vincentians.com\/fr\/?s={search_term_string}"},"query-input":{"@type":"PropertyValueSpecification","valueRequired":true,"valueName":"search_term_string"}}],"inLanguage":"fr-FR"},{"@type":"Person","@id":"http:\/\/vincentians.com\/fr\/#\/schema\/person\/9623ef4d9aa3b2dfb8c061f1499288f2","name":"Francisco Javier Fern\u00e1ndez Chento","image":{"@type":"ImageObject","inLanguage":"fr-FR","@id":"http:\/\/vincentians.com\/fr\/#\/schema\/person\/image\/","url":"https:\/\/secure.gravatar.com\/avatar\/497d5cde87b4c3d097d0315953521681ba2cd523ee66e5077c3711f7021e65de?s=96&d=mm&r=g","contentUrl":"https:\/\/secure.gravatar.com\/avatar\/497d5cde87b4c3d097d0315953521681ba2cd523ee66e5077c3711f7021e65de?s=96&d=mm&r=g","caption":"Francisco Javier Fern\u00e1ndez Chento"},"description":"Director General y cofundador de La Red de Formaci\u00f3n Vicenciana. Javier es laico vicenciano, afiliado a la Congregaci\u00f3n de la Misi\u00f3n y miembro del Equipo de Misiones Populares de la provincia can\u00f3nica de Zaragoza (Espa\u00f1a) de la Congregaci\u00f3n de la Misi\u00f3n. Graduado en la Universidad Oberta de Catalunya con cuatro grados (Asistente de direcci\u00f3n, Gesti\u00f3n Administrativa, Recursos Humanos y Contabilidad Avanzada). Bil\u00edng\u00fce Espa\u00f1ol\/Ingl\u00e9s. gestiona y mantiene varias p\u00e1ginas web cristianas y vicencianas, incluida including La Red de Formaci\u00f3n Vicenciana, de la que es cofundador. Actualmente es responsable del \u00e1rea de Espa\u00f1ol de .famvin, la Red de Noticias de la Familia Vicenciana. Tambi\u00e9n es m\u00fasico cat\u00f3lico y ha editado varios discos. Es Director General y cofundador de Trovador, una reconocida compa\u00f1\u00eda discogr\u00e1fica critiana de Espa\u00f1a. Trabaja en las Tecnolog\u00edas de la Informaci\u00f3n, ofreciendo servicios de alojamiento, dise\u00f1o y mantenimiento Web, as\u00ed como asesoramiento, formaci\u00f3n y soluciones inform\u00e1ticas, gesti\u00f3n documental y digitalizaci\u00f3n de textos, edici\u00f3n y maquetaci\u00f3n de libros, revistas, flyers, etc.","sameAs":["http:\/\/chento.org","https:\/\/www.facebook.com\/JavierChento","https:\/\/x.com\/https:\/\/twitter.com\/javierchento"],"url":"http:\/\/vincentians.com\/fr\/author\/chento\/"}]}},"jetpack_publicize_connections":[],"jetpack_featured_media_url":"https:\/\/i0.wp.com\/vincentians.com\/fr\/wp-content\/uploads\/sites\/10\/2016\/08\/bio-congregation-of-the-mission.jpg?fit=1200%2C630","jetpack_sharing_enabled":true,"jetpack_shortlink":"https:\/\/wp.me\/p7ETMP-r6H","jetpack-related-posts":[{"id":74152,"url":"http:\/\/vincentians.com\/fr\/fernand-portal-fils-de-saint-vincent-de-paul\/","url_meta":{"origin":104203,"position":0},"title":"Fernand Portal, Fils de Saint Vincent de Paul","author":"Francisco Javier Fern\u00e1ndez Chento","date":"20\/02\/2015","format":false,"excerpt":"\u00abCelui que vous voyez devant vous est un pr\u00eatre fran\u00e7ais, humble fils de saint Vincent de Paul\u00bb. C'est ainsi que Fernand Portal se pr\u00e9sentait, le 13 juillet 1896, \u00e0 Londres, devant une assembl\u00e9e compos\u00e9e en majeure partie de pr\u00eatres anglicans. En mettant ainsi en avant sa carte d'identit\u00e9 vincentienne, recourait-il\u2026","rel":"","context":"Dans &quot;Biographies Lazaristes&quot;","block_context":{"text":"Biographies Lazaristes","link":"http:\/\/vincentians.com\/fr\/category\/biographies-lazaristes\/"},"img":{"alt_text":"","src":"https:\/\/i0.wp.com\/vincentians.com\/fr\/wp-content\/uploads\/sites\/10\/2016\/08\/bio-congregation-of-the-mission.jpg?fit=1200%2C630&resize=350%2C200","width":350,"height":200,"srcset":"https:\/\/i0.wp.com\/vincentians.com\/fr\/wp-content\/uploads\/sites\/10\/2016\/08\/bio-congregation-of-the-mission.jpg?fit=1200%2C630&resize=350%2C200 1x, https:\/\/i0.wp.com\/vincentians.com\/fr\/wp-content\/uploads\/sites\/10\/2016\/08\/bio-congregation-of-the-mission.jpg?fit=1200%2C630&resize=525%2C300 1.5x, https:\/\/i0.wp.com\/vincentians.com\/fr\/wp-content\/uploads\/sites\/10\/2016\/08\/bio-congregation-of-the-mission.jpg?fit=1200%2C630&resize=700%2C400 2x, https:\/\/i0.wp.com\/vincentians.com\/fr\/wp-content\/uploads\/sites\/10\/2016\/08\/bio-congregation-of-the-mission.jpg?fit=1200%2C630&resize=1050%2C600 3x"},"classes":[]},{"id":104200,"url":"http:\/\/vincentians.com\/fr\/fernand-portal-iv-la-mobilisation-de-rome-et-de-cantorbery\/","url_meta":{"origin":104203,"position":1},"title":"Fernand Portal (IV) La mobilisation de Rome et de Cantorb\u00e9ry","author":"Francisco Javier Fern\u00e1ndez Chento","date":"03\/11\/2012","format":false,"excerpt":"A l'oeuvre donc ! 1VIad\u00e8re est une gr\u00e2ce. \u00ab C'est le point de jonction \u00bb affirmera Portal \u00e0 la fin de sa vie. La devise de Lord Halifax \u00ab j'aime mon choix \u00bb s'applique \u00e0 son \u00e9l\u00e8ve, car lorsque chacun retournera chez soi c'est \u00ab l'abb\u00e9\u00bb qui activera les op\u00e9rations\u2026","rel":"","context":"Dans &quot;Biographies Lazaristes&quot;","block_context":{"text":"Biographies Lazaristes","link":"http:\/\/vincentians.com\/fr\/category\/biographies-lazaristes\/"},"img":{"alt_text":"","src":"https:\/\/i0.wp.com\/vincentians.com\/fr\/wp-content\/uploads\/sites\/10\/2016\/08\/bio-congregation-of-the-mission.jpg?fit=1200%2C630&resize=350%2C200","width":350,"height":200,"srcset":"https:\/\/i0.wp.com\/vincentians.com\/fr\/wp-content\/uploads\/sites\/10\/2016\/08\/bio-congregation-of-the-mission.jpg?fit=1200%2C630&resize=350%2C200 1x, https:\/\/i0.wp.com\/vincentians.com\/fr\/wp-content\/uploads\/sites\/10\/2016\/08\/bio-congregation-of-the-mission.jpg?fit=1200%2C630&resize=525%2C300 1.5x, https:\/\/i0.wp.com\/vincentians.com\/fr\/wp-content\/uploads\/sites\/10\/2016\/08\/bio-congregation-of-the-mission.jpg?fit=1200%2C630&resize=700%2C400 2x, https:\/\/i0.wp.com\/vincentians.com\/fr\/wp-content\/uploads\/sites\/10\/2016\/08\/bio-congregation-of-the-mission.jpg?fit=1200%2C630&resize=1050%2C600 3x"},"classes":[]},{"id":190341,"url":"http:\/\/vincentians.com\/fr\/ephemerides-18-mars\/","url_meta":{"origin":104203,"position":2},"title":"Eph\u00e9m\u00e9rides : 18 mars","author":"Francisco Javier Fern\u00e1ndez Chento","date":"18\/03\/2017","format":false,"excerpt":"1654. Sainte Louise se r\u00e9jouit de la bonne sant\u00e9 des Soeurs d'Angers et leur \u00e9crit\u00a0: \"Comme vous tenez vos forces de la main de Dieu, je vous prie de les employer aussi avec plaisir et joie pour son amour dans le Service des autres. Encouragez-vous l'une l'autre et que les\u2026","rel":"","context":"Dans &quot;\u00c9ph\u00e9m\u00e9rides vincentiens&quot;","block_context":{"text":"\u00c9ph\u00e9m\u00e9rides vincentiens","link":"http:\/\/vincentians.com\/fr\/category\/ephemerides-vincentiens\/"},"img":{"alt_text":"","src":"https:\/\/i0.wp.com\/vincentians.com\/fr\/wp-content\/uploads\/sites\/10\/2016\/07\/ephemerides-fb.jpg?fit=1200%2C630&resize=350%2C200","width":350,"height":200,"srcset":"https:\/\/i0.wp.com\/vincentians.com\/fr\/wp-content\/uploads\/sites\/10\/2016\/07\/ephemerides-fb.jpg?fit=1200%2C630&resize=350%2C200 1x, https:\/\/i0.wp.com\/vincentians.com\/fr\/wp-content\/uploads\/sites\/10\/2016\/07\/ephemerides-fb.jpg?fit=1200%2C630&resize=525%2C300 1.5x, https:\/\/i0.wp.com\/vincentians.com\/fr\/wp-content\/uploads\/sites\/10\/2016\/07\/ephemerides-fb.jpg?fit=1200%2C630&resize=700%2C400 2x, https:\/\/i0.wp.com\/vincentians.com\/fr\/wp-content\/uploads\/sites\/10\/2016\/07\/ephemerides-fb.jpg?fit=1200%2C630&resize=1050%2C600 3x"},"classes":[]},{"id":190576,"url":"http:\/\/vincentians.com\/fr\/ephemerides-19-juin\/","url_meta":{"origin":104203,"position":3},"title":"Eph\u00e9m\u00e9rides: 19 juin","author":"Francisco Javier Fern\u00e1ndez Chento","date":"19\/06\/2017","format":false,"excerpt":"1926. \u00c0 Paris, rue de Lourmel, dans la maison des \u00abDames de l'Union\u00bb, dont il est le fondateur, M. Fernand Portal meurt \u00e0 l'\u00e2ge de soixante-et-onze ans. Quand, \u00e0 dix-neuf ans, il entra dans la Petite Compagnie, il r\u00eavait d'aller en Chine. Mais il \u00e9tait sujet \u00e0 des h\u00e9moptysies qui,\u2026","rel":"","context":"Dans &quot;\u00c9ph\u00e9m\u00e9rides vincentiens&quot;","block_context":{"text":"\u00c9ph\u00e9m\u00e9rides vincentiens","link":"http:\/\/vincentians.com\/fr\/category\/ephemerides-vincentiens\/"},"img":{"alt_text":"","src":"https:\/\/i0.wp.com\/vincentians.com\/fr\/wp-content\/uploads\/sites\/10\/2016\/07\/ephemerides-fb.jpg?fit=1200%2C630&resize=350%2C200","width":350,"height":200,"srcset":"https:\/\/i0.wp.com\/vincentians.com\/fr\/wp-content\/uploads\/sites\/10\/2016\/07\/ephemerides-fb.jpg?fit=1200%2C630&resize=350%2C200 1x, https:\/\/i0.wp.com\/vincentians.com\/fr\/wp-content\/uploads\/sites\/10\/2016\/07\/ephemerides-fb.jpg?fit=1200%2C630&resize=525%2C300 1.5x, https:\/\/i0.wp.com\/vincentians.com\/fr\/wp-content\/uploads\/sites\/10\/2016\/07\/ephemerides-fb.jpg?fit=1200%2C630&resize=700%2C400 2x, https:\/\/i0.wp.com\/vincentians.com\/fr\/wp-content\/uploads\/sites\/10\/2016\/07\/ephemerides-fb.jpg?fit=1200%2C630&resize=1050%2C600 3x"},"classes":[]},{"id":104197,"url":"http:\/\/vincentians.com\/fr\/fernand-portal-iii-la-campagne-contre-les-guerres-religieuses\/","url_meta":{"origin":104203,"position":4},"title":"Fernand Portal (III) La campagne contre les guerres religieuses","author":"Francisco Javier Fern\u00e1ndez Chento","date":"31\/10\/2012","format":false,"excerpt":"Un petit village des C\u00e9vennes Quand Portal, le 19 Novembre 1925, quelques mois avant sa mort, donne \u00e0 Louvain, devant un auditoire d'\u00e9tudiants, sa conf\u00e9\u00adrence sur le r\u00f4le de l'Amiti\u00e9 dans l'Union des Eglises, il rappelle son petit village natal, Laroque, pr\u00e8s de Ganges, \u00ab petit village des C\u00e9vennes, sur\u2026","rel":"","context":"Dans &quot;Biographies Lazaristes&quot;","block_context":{"text":"Biographies Lazaristes","link":"http:\/\/vincentians.com\/fr\/category\/biographies-lazaristes\/"},"img":{"alt_text":"","src":"https:\/\/i0.wp.com\/vincentians.com\/fr\/wp-content\/uploads\/sites\/10\/2016\/08\/bio-congregation-of-the-mission.jpg?fit=1200%2C630&resize=350%2C200","width":350,"height":200,"srcset":"https:\/\/i0.wp.com\/vincentians.com\/fr\/wp-content\/uploads\/sites\/10\/2016\/08\/bio-congregation-of-the-mission.jpg?fit=1200%2C630&resize=350%2C200 1x, https:\/\/i0.wp.com\/vincentians.com\/fr\/wp-content\/uploads\/sites\/10\/2016\/08\/bio-congregation-of-the-mission.jpg?fit=1200%2C630&resize=525%2C300 1.5x, https:\/\/i0.wp.com\/vincentians.com\/fr\/wp-content\/uploads\/sites\/10\/2016\/08\/bio-congregation-of-the-mission.jpg?fit=1200%2C630&resize=700%2C400 2x, https:\/\/i0.wp.com\/vincentians.com\/fr\/wp-content\/uploads\/sites\/10\/2016\/08\/bio-congregation-of-the-mission.jpg?fit=1200%2C630&resize=1050%2C600 3x"},"classes":[]},{"id":104889,"url":"http:\/\/vincentians.com\/fr\/fernand-portal-xvi-loeuvre-est-finie\/","url_meta":{"origin":104203,"position":5},"title":"Fernand Portal (XVI) L&rsquo;\u0153uvre est finie","author":"Francisco Javier Fern\u00e1ndez Chento","date":"12\/12\/2012","format":false,"excerpt":"Portal tra\u00eene une sant\u00e9 de plus en plus pr\u00e9caire. Les obs\u00e8ques du Cardinal Mercier l'ont harass\u00e9. Jusqu'en avril, il se repose aux Corbi\u00e8res. Une photographie, prise pendant cette p\u00e9riode d'inactivit\u00e9, montre un groupe connu : Lord Halifax, deux pr\u00eatres anglicans, Hemmer et Portal. Ce dernier montre son air souriant sur\u2026","rel":"","context":"Dans &quot;Biographies Lazaristes&quot;","block_context":{"text":"Biographies Lazaristes","link":"http:\/\/vincentians.com\/fr\/category\/biographies-lazaristes\/"},"img":{"alt_text":"","src":"https:\/\/i0.wp.com\/vincentians.com\/fr\/wp-content\/uploads\/sites\/10\/2016\/08\/bio-congregation-of-the-mission.jpg?fit=1200%2C630&resize=350%2C200","width":350,"height":200,"srcset":"https:\/\/i0.wp.com\/vincentians.com\/fr\/wp-content\/uploads\/sites\/10\/2016\/08\/bio-congregation-of-the-mission.jpg?fit=1200%2C630&resize=350%2C200 1x, https:\/\/i0.wp.com\/vincentians.com\/fr\/wp-content\/uploads\/sites\/10\/2016\/08\/bio-congregation-of-the-mission.jpg?fit=1200%2C630&resize=525%2C300 1.5x, https:\/\/i0.wp.com\/vincentians.com\/fr\/wp-content\/uploads\/sites\/10\/2016\/08\/bio-congregation-of-the-mission.jpg?fit=1200%2C630&resize=700%2C400 2x, https:\/\/i0.wp.com\/vincentians.com\/fr\/wp-content\/uploads\/sites\/10\/2016\/08\/bio-congregation-of-the-mission.jpg?fit=1200%2C630&resize=1050%2C600 3x"},"classes":[]}],"_links":{"self":[{"href":"http:\/\/vincentians.com\/fr\/wp-json\/wp\/v2\/posts\/104203","targetHints":{"allow":["GET"]}}],"collection":[{"href":"http:\/\/vincentians.com\/fr\/wp-json\/wp\/v2\/posts"}],"about":[{"href":"http:\/\/vincentians.com\/fr\/wp-json\/wp\/v2\/types\/post"}],"author":[{"embeddable":true,"href":"http:\/\/vincentians.com\/fr\/wp-json\/wp\/v2\/users\/4"}],"replies":[{"embeddable":true,"href":"http:\/\/vincentians.com\/fr\/wp-json\/wp\/v2\/comments?post=104203"}],"version-history":[{"count":0,"href":"http:\/\/vincentians.com\/fr\/wp-json\/wp\/v2\/posts\/104203\/revisions"}],"wp:featuredmedia":[{"embeddable":true,"href":"http:\/\/vincentians.com\/fr\/wp-json\/wp\/v2\/media\/189930"}],"wp:attachment":[{"href":"http:\/\/vincentians.com\/fr\/wp-json\/wp\/v2\/media?parent=104203"}],"wp:term":[{"taxonomy":"category","embeddable":true,"href":"http:\/\/vincentians.com\/fr\/wp-json\/wp\/v2\/categories?post=104203"},{"taxonomy":"post_tag","embeddable":true,"href":"http:\/\/vincentians.com\/fr\/wp-json\/wp\/v2\/tags?post=104203"}],"curies":[{"name":"wp","href":"https:\/\/api.w.org\/{rel}","templated":true}]}}