{"id":104197,"date":"2012-10-31T06:15:06","date_gmt":"2012-10-31T05:15:06","guid":{"rendered":"http:\/\/vincentiens.org\/?p=104197"},"modified":"2012-10-31T06:15:06","modified_gmt":"2012-10-31T05:15:06","slug":"fernand-portal-iii-la-campagne-contre-les-guerres-religieuses","status":"publish","type":"post","link":"http:\/\/vincentians.com\/fr\/fernand-portal-iii-la-campagne-contre-les-guerres-religieuses\/","title":{"rendered":"Fernand Portal (III) La campagne contre les guerres religieuses"},"content":{"rendered":"<h2><strong>Un petit village des C\u00e9vennes<\/strong><\/h2>\n<p>Quand Portal, le 19 Novembre 1925, quelques mois avant sa mort, donne \u00e0 Louvain, devant un auditoire d&rsquo;\u00e9tudiants, sa conf\u00e9\u00adrence sur le r\u00f4le de l&rsquo;Amiti\u00e9 dans l&rsquo;Union des Eglises, il rappelle son petit village natal, Laroque, pr\u00e8s de Ganges, \u00ab petit village des C\u00e9vennes, sur les bords de l&rsquo;H\u00e9rault \u00bb<span id='easy-footnote-1-104197' class='easy-footnote-margin-adjust'><\/span><span class='easy-footnote'><a href='http:\/\/vincentians.com\/fr\/fernand-portal-iii-la-campagne-contre-les-guerres-religieuses\/#easy-footnote-bottom-1-104197' title='&lt;em&gt;&lt;\/em&gt;\u00abCe petit village s&amp;rsquo;appelle Laroque. Il est domin\u00e9 par un \u00e9norme rocher en forme de tour qui lui a donn\u00e9 son nom et d&amp;rsquo;o\u00f9 lui est venue sa belle devise \u00ab &lt;em&gt;Adversis duro \u00bb. &lt;\/em&gt;Par un soleil \u00e9clatant comme par la temp\u00eate, qu&amp;rsquo;il pleuve ou qu&amp;rsquo;il vente, le grand rocher dure toujours. On dit que les habitants participent de sa nature, en vertu de l&amp;rsquo;influence du milieu, sans doute\u00bb (abb\u00e9 Portal).'><sup>1<\/sup><\/a><\/span>.<\/p>\n<p>Dans ces basses C\u00e9vennes, terres \u00e0 la fois agr\u00e9ables et rudes, on vivait surtout de la \u00ab fabrique \u00bb traditionnelle des bas de soie, \u00e0 partir de l&rsquo;\u00e9levage des vers \u00e0 soie<span id='easy-footnote-2-104197' class='easy-footnote-margin-adjust'><\/span><span class='easy-footnote'><a href='http:\/\/vincentians.com\/fr\/fernand-portal-iii-la-campagne-contre-les-guerres-religieuses\/#easy-footnote-bottom-2-104197' title='&lt;em&gt;&lt;\/em&gt;Dans la r\u00e9gion de Ganges se fabriquait le bas de luxe. La cour d&amp;rsquo;Angleterre s&amp;rsquo;y approvisionnait'><sup>2<\/sup><\/a><\/span>. Apr\u00e8s la parution du nylon, avec le progr\u00e8s technique perfectionn\u00e9 et la gigantesque concurrence, cette industrie textile a p\u00e9riclit\u00e9. Une r\u00e9gion, \u00e0 la main-d&rsquo;oeuvre experte, est devenue un lieu de ch\u00f4mage, un point de d\u00e9part pour l&rsquo;exode des habitants et un refuge pour des gens d&rsquo;ailleurs, parce qu&rsquo;une politique nationale centralisatrice ne trouve pas sa rentabilit\u00e9 imm\u00e9diate \u00e0 maintenir l&rsquo;activit\u00e9 d&rsquo;un arri\u00e8re-pays, o\u00f9 les conditions de vie pourraient se pr\u00e9senter \u00e0 taille humaine.<\/p>\n<p>Ce pays marqu\u00e9 par la souffrance et l&rsquo;oppression ne s&rsquo;est jamais laiss\u00e9 abattre par le destin. Les campagnes aust\u00e8res et accident\u00e9es r\u00e9sonnent encore des \u00ab psaumes et sabres \u00e9tincelants, r\u00e9veillant le jour \u00bb (J.-P. Chabrol), brandis au cours des guerres fratricides entre catholiques et protestants, guerres que l&rsquo;histoire n&rsquo;a aucune vergogne de qualifier, de \u00abreligion . Ces sanglantes \u00e9quip\u00e9es ont trac\u00e9 pour des si\u00e8cles la blessure de divisions confessionnelles et politiques.<\/p>\n<p><strong><a href=\"https:\/\/i0.wp.com\/vincentiens.org\/wp-content\/uploads\/2012\/10\/Portal-A3.jpg\"><img data-recalc-dims=\"1\" loading=\"lazy\" decoding=\"async\" class=\"alignleft size-full wp-image-104198\" title=\"Portal-A\" src=\"https:\/\/i0.wp.com\/vincentiens.org\/wp-content\/uploads\/2012\/10\/Portal-A3.jpg?resize=250%2C287\" alt=\"\" width=\"250\" height=\"287\" \/><\/a><\/strong>Alors que Ganges et Cazilhac se livraient \u00e0 la bataille, Laroque s&rsquo;en sortait indemne, gr\u00e2ce \u00e0 un prieur, un seigneur et un castel, tous trois imprenables. L&rsquo;\u00e9glise paroissiale<span id='easy-footnote-3-104197' class='easy-footnote-margin-adjust'><\/span><span class='easy-footnote'><a href='http:\/\/vincentians.com\/fr\/fernand-portal-iii-la-campagne-contre-les-guerres-religieuses\/#easy-footnote-bottom-3-104197' title='&lt;em&gt;cf. &lt;\/em&gt;Paroisse de Laroque-Aynier &amp;#8211; Chan. Segondy (Imprimerie de la Charit\u00e9).'><sup>3<\/sup><\/a><\/span> avait bien subi quelques d\u00e9pr\u00e9dations mais les crues de la rivi\u00e8re se montr\u00e8rent plus d\u00e9sastreuses que les \u00ab camisards \u00bb. Tout cela a achev\u00e9 de modeler des caract\u00e8res ind\u00e9pendants et tremp\u00e9s, mais sans pr\u00e9tention aucune.<\/p>\n<p>Si Laroque n&rsquo;a pour ainsi dire pas de protestants, les Laroquois ont quand m\u00eame v\u00e9cu dans une contr\u00e9e baignant dans une atmos\u00adph\u00e8re d&rsquo;opposition souvent farouche entre \u00ab papistes \u00bb et \u00ab parpail\u00adlots\u00bb<span id='easy-footnote-4-104197' class='easy-footnote-margin-adjust'><\/span><span class='easy-footnote'><a href='http:\/\/vincentians.com\/fr\/fernand-portal-iii-la-campagne-contre-les-guerres-religieuses\/#easy-footnote-bottom-4-104197' title='&lt;em&gt;&lt;\/em&gt;Cette d\u00e9nomination (parpaiho = papillon) s&amp;rsquo;attacherait aux camisards combattant en bras de chemise pour se reconna\u00eetre entre eux \u00ab parce qu&amp;rsquo;ils voletaient joyeusement vers les b\u00fbchers, comme les papillons de nuit viennent se br\u00fbler aux chandelles \u00bb (J.-P. Chabrol).'><sup>4<\/sup><\/a><\/span>.<\/p>\n<p>Du 11 au 15 Septembre 1899 se tient \u00e0 Montpellier un congr\u00e8s des oeuvres ouvri\u00e8res et, pr\u00e9cis\u00e9ment, le prieur de Laroque, l&rsquo;Abb\u00e9 Manissier prononce un violent rapport sur l&rsquo;Action du Protestan\u00adtisme en France et sur les moyens de le combattre \u2014 le titre en dit d\u00e9j\u00e0 long \u2014 stigmatisant \u00ab ce terrible triumvirat \u00bb que constituent le Protestantisme, la Juiverie et la Franc-Ma\u00e7onnerie, les confondant dans une m\u00eame infiltration universelle de la\u00efcisme, d&rsquo;anticl\u00e9ricalisme et d&rsquo;immoralisme.<\/p>\n<p>Il arrivera naturellement \u00e0 l&rsquo;abb\u00e9 Portal de regarder l&rsquo;angli\u00adcanisme avec d&rsquo;autant plus de sympathie qu&rsquo;il tendra \u00e0 se d\u00e9tacher de la R\u00e9forme.<\/p>\n<p>C&rsquo;est donc d&rsquo;un endroit forg\u00e9 par la vigueur et l&rsquo;\u00e2pret\u00e9 des luttes que s&rsquo;est lev\u00e9e, d&rsquo;une fa\u00e7on inattendue, une vocation vou\u00e9e au rapprochement des hommes<\/p>\n<h2><strong>J&rsquo;avais tout \u00e0 apprendre<\/strong><\/h2>\n<p>Le noble anglican et l&rsquo;humble pr\u00eatre catholique \u00e9taient faits pour s&rsquo;entendre. Portal correspond aux aspirations \u00abanglo-catho\u00adligues \u00bb de Lord Halifax, tandis qu&rsquo;il se familiarise avec le temp\u00e9ra\u00adment \u00ab anglican\u00bb.<\/p>\n<p>Son interlocuteur lui d\u00e9couvre le Prayer Book et les Trente-Neuf articles, l&rsquo;Ordinal, les canons eccl\u00e9siastiques&#8230;, lui pr\u00e9sente le mouvement d&rsquo;Oxford avec la voie exceptionnelle suivie par Newman, et la position en faveur de l&rsquo;union en corps (corporate union) remuant la Haute Eglise, et dont Pusey, dans son <em>Eirenicon, <\/em>avait d\u00e9crit les \u00e9tapes et les modalit\u00e9s&#8230; Le fier anglican, tout d\u00e9vou\u00e9 \u00e0 l&rsquo;union, ne peut s&#8217;emp\u00eacher d&rsquo;\u00e9gratigner les catholiques anglais<span id='easy-footnote-5-104197' class='easy-footnote-margin-adjust'><\/span><span class='easy-footnote'><a href='http:\/\/vincentians.com\/fr\/fernand-portal-iii-la-campagne-contre-les-guerres-religieuses\/#easy-footnote-bottom-5-104197' title='&lt;em&gt;&lt;\/em&gt;\u00abIls ignorent l&amp;rsquo;anglicanisme autant que l&amp;rsquo;ignorent les fran\u00e7ais \u00bb dira l&amp;rsquo;abb\u00e9 Morel &lt;em&gt;cf. infra. &lt;\/em&gt;Quant \u00e0 Vaughan, il a \u00e9t\u00e9 form\u00e9 \u00e0 l&amp;rsquo;\u00e9cole du Cardinal Manning, ce converti acharn\u00e9, redoutant \u00able vieux ton anglican, patristique, litt\u00e9raire, d&amp;rsquo;Oxford, transplant\u00e9 dans l&amp;rsquo;Eglise \u00bb par Newman Dans la correspondance Halifax-Portal, le caract\u00e8re \u00abtr\u00e8s impulsif et pas tr\u00e8s intelligent \u00bb du Cardinal Vaughan n&amp;rsquo;est jamais m\u00e9nag\u00e9 comme d&amp;rsquo;ailleurs l&amp;rsquo;archev\u00eaque de Westminster ne sut jamais m\u00e9nager, m\u00eame publiquement, les deux amis: des \u00abr\u00eaveurs\u00bb, des importuns, des imposteurs!'><sup>5<\/sup><\/a><\/span> et l&rsquo;imposant Cardinal Vaughan, partisans de conversions individuelles \u00e0 Rome et d&rsquo;une soumission sans condition<span id='easy-footnote-6-104197' class='easy-footnote-margin-adjust'><\/span><span class='easy-footnote'><a href='http:\/\/vincentians.com\/fr\/fernand-portal-iii-la-campagne-contre-les-guerres-religieuses\/#easy-footnote-bottom-6-104197' title='&lt;em&gt;&lt;\/em&gt;\u00abC&amp;rsquo;est une sottise de nous dire tout court qu&amp;rsquo;il faut nous soumettre soit comme individus, soit comme Eglise. Evidemment il y a, dans un certain sens, des choses auxquelles nous aurons \u00e0 nous soumettre mais il aurait bien pu l&amp;rsquo;exprimer autrement. \u00abSe soun).ettr n&amp;rsquo;est pas un mot qui sonne bien dans les oreilles de qui que&amp;rsquo;c\u00e9, surtout dans les oreilles d&amp;rsquo;un anglais \u00bb. Lord Halifax \u00e0 Portal \u2014 Septembre, 1894.'><sup>6<\/sup><\/a><\/span> au Souverain Pontife.<\/p>\n<p>De toutes fa\u00e7ons, Vatican I avait gel\u00e9 les rapports entre l&rsquo;Eglise et les hommes, entre l&rsquo;Eglise de Rome et les autres Eglises. Comment en d\u00e9pit de la mentalit\u00e9 autoritariste pr\u00e9\u00e9minente dans le catholi\u00adcisme, entreprendre une action \u00ab avec de la bonne volont\u00e9 des deux c\u00f4t\u00e9s&#8230; pour pr\u00e9parer la voie \u00e0 une meilleur compr\u00e9hension, en vue d&rsquo;une \u00e9ventuelle r\u00e9conciliation&#8230; \u00bb ? Lord Halifax \u00e9tait pr\u00eat \u00e0 tout essayer, malgr\u00e9 les difficult\u00e9s ind\u00e9niables<span id='easy-footnote-7-104197' class='easy-footnote-margin-adjust'><\/span><span class='easy-footnote'><a href='http:\/\/vincentians.com\/fr\/fernand-portal-iii-la-campagne-contre-les-guerres-religieuses\/#easy-footnote-bottom-7-104197' title='&lt;em&gt;&lt;\/em&gt;\u00abQuel malheur pour nous tous ! \u00bb \u00e9crira Lord Halifax \u00e0 Portal, en visant la d\u00e9finition du dogme de l&amp;rsquo;infaillibilit\u00e9 papale. Pusey en avait \u00e9t\u00e9 d\u00e9sesp\u00e9r\u00e9. Newman n&amp;rsquo;aurait jamais cru que les r\u00e9clamations infaillibilistes, exprim\u00e9es intempestivement par la hi\u00e9rarchie catholique anglaise, soient accept\u00e9es ; il adh\u00e9rera n\u00e9anmoins \u00e0 la d\u00e9finition dont la formulation et les explications qui l&amp;rsquo;entoureront, lui para\u00eetront plus mod\u00e9r\u00e9es que les exclamations d&amp;rsquo;aveugles partisans comme Manning, Ward&amp;#8230; en Angleterre.'><sup>7<\/sup><\/a><\/span>. L&rsquo;Eglise anglicane n&rsquo;\u00e9tait-elle pas la communion-charni\u00e8re, l&rsquo;\u00e9glise-pont par excellence, parce que partie prenante de la R\u00e9forme et du Catholi\u00adcisme, autant Basse Eglise qu&rsquo;Haute Eglise, cette \u00ab via media \u00bb que Newman avait su exploiter, \u00e0 la suite du grand th\u00e9ologien d&rsquo;Oxford du XVIe si\u00e8cle, Richard Hooker ?<\/p>\n<p>Les \u00ab tractariens \u00bb souhaitaient une inter-communion entre l&rsquo;orthodoxie, l&rsquo;anglicanisme et le catholicisme (\u00ab les trois branches \u00bb). Portal, par le biais des anglicans conna\u00eetra l&rsquo;\u00e9glise orientale, surtout l&rsquo;\u00e2me russe \u00ab pr\u00e9sente durant tout le XIXe si\u00e8cle, \u00e0 ce qui s&rsquo;est fait sous le signe de l&rsquo;unit\u00e9 \u00bb (O. Rousseau). Les oxfordiens avaient nou\u00e9 d&rsquo;\u00e9troits rapports avec le grand historien de Munich, Dollinger, v\u00e9ritable p\u00f4le d&rsquo;attraction en Europe des aspirations chr\u00e9tiennes les plus vigoureuses et, en m\u00eame temps, avec les Vieux-Catholiques, ayant fait dissidence apr\u00e8s le Concile de 1870. Toutes sortes de passerelles \u00ab unionistes \u00bb \u2014 bien avant les essais d&rsquo;ententes politiques internationales entre Moscou, Londres, Rome et Paris \u2014 se sont d\u00e9j\u00e0 dress\u00e9es. Le premier livre indiqu\u00e9 par Lord Halifax \u00e0 Portal, sera \u00a0\u00bb l&rsquo;Eglise Latine et le Protestantisme au point de vue de l&rsquo;Eglise d&rsquo;Orient \u00ab\u00a0, de Khomiakov<\/p>\n<p>\u00ab Je n&rsquo;avais sur l&rsquo;Eglise anglicane que des notions tr\u00e8s vagues&#8230; De ce c\u00f4t\u00e9 l\u00e0, j&rsquo;avais tout \u00e0 apprendre. Lord Halifax devait \u00eatre pour moi un ma\u00eetre incomparable \u00bb, avoue Portal.<\/p>\n<h2><strong>Les quelques \u00e9tudes que j&rsquo;avais faites<\/strong><\/h2>\n<p>Portal note que \u00ab les quelques \u00e9tudes \u00bb qu&rsquo;il avait faites \u00ab le mettaient \u00e0 m\u00eame de pouvoir causer \u00bb avec Lord Halifax. Il enseignait le dogme \u00e0 Cahors mais, ajoute-t-il, \u00ab mes lectures avaient \u00e9t\u00e9 long\u00adtemps dirig\u00e9es du c\u00f4t\u00e9 de l&rsquo;histoire \u00bb, et plus particuli\u00e8rement \u00ab l&rsquo;histoire de l&rsquo;Eglise de France dont la physionomie propre m&rsquo;avait beaucoup frapp\u00e9. Dans les derni\u00e8res ann\u00e9es, j&rsquo;avais suivi avec attention ce qui avait paru sur les principaux personnages du XIXe si\u00e8cle et sur tout notre mouvement catholique qui caract\u00e9rise cette \u00e9poque. Ces lectures m&rsquo;avaient donn\u00e9 un profond amour pour l&rsquo;Eglise, et un tr\u00e8s ardent d\u00e9sir de la servir&#8230; \u00bb<\/p>\n<p>Bien que se trouvant en pays inconnu \u00bb, il n&rsquo;est pas enti\u00e8rement d\u00e9pays\u00e9. Le contact avec l&rsquo;histoire le soumet \u00e0 une eccl\u00e9siologie vivante<span id='easy-footnote-8-104197' class='easy-footnote-margin-adjust'><\/span><span class='easy-footnote'><a href='http:\/\/vincentians.com\/fr\/fernand-portal-iii-la-campagne-contre-les-guerres-religieuses\/#easy-footnote-bottom-8-104197' title='&lt;em&gt;&lt;\/em&gt;L&amp;rsquo;\u00e9tude de l&amp;rsquo;Eglise, \u00ab on peut la suivre l&amp;rsquo;histoire \u00e0 la main \u00bb (Mohler). Ceux qui ont r\u00e9agi contre \u00ab l&amp;rsquo;hi\u00e9rarchologie \u00bb (P. Congar) ambiante comme Mohler, Dollinger, Newman investigateurs des P\u00e8res grecs et latins, et plus ou moins influenc\u00e9s par les philosophies allemandes, sont des th\u00e9ologiens de l&amp;rsquo;histoire. Il est frappant que quelques heures avant la premi\u00e8re entrevue avec le Cardinal Rampolla, Portal se trouve au &lt;em&gt;Moniteur &lt;\/em&gt;de Rome dont le r\u00e9dacteur lui ouvre \u00ab certains p\u00e8res grecs et latins \u00bb \u00e0 propos des ordinations anglicanes.&lt;\/p&gt;\n&lt;p&gt;Le P. Congar \u00e9crit : \u00ab l&amp;rsquo;enseignement de l&amp;rsquo;Histoire Eccl\u00e9siastique existait \u00e0 peine dans les s\u00e9minaires (fran\u00e7ais) au milieu du XIXe si\u00e8cle encore. Cette circonstance nous para\u00eet avoir \u00e9t\u00e9 aussi importante pour saper les bases m\u00eames d&amp;rsquo;un possible gallicanisme que l&amp;rsquo;\u00e9limination de la royaut\u00e9 des Bourbons \u00bb (l&amp;rsquo;eccl\u00e9siologie au XIXe si\u00e8cle p. 98, &lt;em&gt;unam sanctam). &lt;\/em&gt;De plus, la place du \u00ab peuple de Dieu \u00bb et du la\u00efcat, une v\u00e9ritable foi dans le peuple des petites gens, font corps avec les vues dynamiques sur le d\u00e9veloppement de l&amp;rsquo;Eglise, au coeur d&amp;rsquo;un dessein historique (Mohler, Lamennais, les tractariens, Khomiakov). L&amp;rsquo;Eglise devient autant le Peuple de la Pentec\u00f4te que le Peuple de l&amp;rsquo;Incarnation : les crit\u00e8res de la Vie et de l&amp;rsquo;Amour y sont primordiaux.'><sup>8<\/sup><\/a><\/span> qui tient compte des origines \u00e9vang\u00e9liques comme des d\u00e9veloppements dynamiques de l&rsquo;Eglise, qui pr\u00e9sente un organisme en croissance et non une soci\u00e9t\u00e9 constitutionnellement fig\u00e9e, qui donne place plut\u00f4t \u00e0 l&rsquo;aspect communionnel qu&rsquo;\u00e0 l&rsquo;aspect hi\u00e9rar\u00adchique, qui se d\u00e9fie des formules abstraites et juridiques pour mieux se porter sur le langage de l&rsquo;exp\u00e9rience vitale. L&rsquo;Abb\u00e9 Portal n&rsquo;appartient \u00e0 aucune \u00e9cole d\u00e9termin\u00e9e Il pressent et d\u00e9couvre les portes \u00e0 maintenir ouvertes. Le courant missionnaire de la R\u00e9forme catholique du XVIIe comme l&rsquo;\u00e9lan du catholicisme lib\u00e9ral et social du XIXe le captivent. Il n&rsquo;y a chez lui aucune fermeture. Et ce qui est \u00ab souffle \u00bb de dynamisme<span id='easy-footnote-9-104197' class='easy-footnote-margin-adjust'><\/span><span class='easy-footnote'><a href='http:\/\/vincentians.com\/fr\/fernand-portal-iii-la-campagne-contre-les-guerres-religieuses\/#easy-footnote-bottom-9-104197' title='&lt;em&gt;&lt;\/em&gt;\u00abCe que l&amp;rsquo;abb\u00e9 et moi nous maintenions, c&amp;rsquo;\u00e9tait que les grands mouvements \u00e9taient g\u00e9n\u00e9ralement le r\u00e9sultat d&amp;rsquo;une action d\u00e9termin\u00e9e de la part de minorit\u00e9s r\u00e9solues, et que toute la question de r\u00e9union se ramenait \u00e0 ceci : Pouvions-nous ou ne pouvions-nous pas, des \u00e9l\u00e9ments actuellement existant dans l&amp;rsquo;Eglise d&amp;rsquo;Angleterre, et avec les forces \u00e0 notre disposition, cr\u00e9er un mouvement de r\u00e9union avec le Saint-Si\u00e8ge de r\u00e9elle importance?\u00bb'><sup>9<\/sup><\/a><\/span> ne le laisse jamais indiff\u00e9rent. Aussi comprend-t-il les pouss\u00e9es qui agitent la Communion Anglicane. Il vibrera \u00e9galement aux aspira\u00adtions du mouvement slavophile orthodoxe. Et des courants moder\u00adnistes, il retiendra les intuitions fondamentales. Avec son ami il flaire les \u00ab signes des temps \u00bb. Il ne recherche pas une unit\u00e9 en soi mais pour le monde qui d&rsquo;ailleurs s&rsquo;\u00e9tablit insensiblement dans l&rsquo;union, m\u00eame \u00e0 l&rsquo;occasion de bouleversements. Le XIXe s&rsquo;achevant est bien comme toutes les fins de si\u00e8cle, une sorte de volcan en sursis. \u00ab Je crois que le moment d&rsquo;agir est venu. De toutes parts, cette id\u00e9e d&rsquo;unit\u00e9 s&#8217;empare des esprits. C&rsquo;est le vent qui souffle ou plut\u00f4t qui commence \u00e0 s&rsquo;\u00e9lever doucement. Il faut en profiter&#8230;\u00bb<span id='easy-footnote-10-104197' class='easy-footnote-margin-adjust'><\/span><span class='easy-footnote'><a href='http:\/\/vincentians.com\/fr\/fernand-portal-iii-la-campagne-contre-les-guerres-religieuses\/#easy-footnote-bottom-10-104197' title='&lt;em&gt;\u00ab&lt;\/em&gt;On dirait, n&amp;rsquo;est-ce pas, que le monde se pr\u00e9pare pour quelque \u00e9v\u00e9nement pareil. Tous les hommes, tous les pays se rapprochent par l&amp;rsquo;extension de la presse, les chemins de fer, le t\u00e9l\u00e9graphe, par la mani\u00e8re dont tout le monde se pr\u00e9cipite \u00e0 l&amp;rsquo;\u00e9tranger, les divisions s&amp;rsquo;effacent, on commence \u00e0 se conna\u00eetre ; c&amp;rsquo;est la moiti\u00e9 et plus de la moiti\u00e9 du chemin accompli. Il me semble aussi que toutes ces questions sociales qui se font sentir partout, m\u00eame ces gr\u00e8ves internationales, travaillent dans le m\u00eame sens&amp;#8230; Il se pourrait bien aussi que de grands troubles ext\u00e9rieurs fussent les moyens par lesquels, dans le dessein de Dieu, ce rapprochement se fera&amp;#8230; \u00bb L. H. \u00e0 Portal (Juillet, 1894).'><sup>10<\/sup><\/a><\/span>.<\/p>\n","protected":false},"excerpt":{"rendered":"<p>Un petit village des C\u00e9vennes Quand Portal, le 19 Novembre 1925, quelques mois avant sa mort, donne \u00e0 Louvain, devant un auditoire d&rsquo;\u00e9tudiants, sa conf\u00e9\u00adrence sur le r\u00f4le de l&rsquo;Amiti\u00e9 dans l&rsquo;Union des Eglises, il &#8230; <a href=\"http:\/\/vincentians.com\/fr\/fernand-portal-iii-la-campagne-contre-les-guerres-religieuses\/\" class=\"more-link\">Read More<\/a><\/p>\n","protected":false},"author":4,"featured_media":189930,"comment_status":"open","ping_status":"open","sticky":false,"template":"","format":"standard","meta":{"jetpack_post_was_ever_published":false,"_jetpack_newsletter_access":"","_jetpack_dont_email_post_to_subs":false,"_jetpack_newsletter_tier_id":0,"_jetpack_memberships_contains_paywalled_content":false,"_jetpack_memberships_contains_paid_content":false,"footnotes":"","jetpack_publicize_message":"","jetpack_publicize_feature_enabled":true,"jetpack_social_post_already_shared":true,"jetpack_social_options":{"image_generator_settings":{"template":"highway","default_image_id":0,"font":"","enabled":false},"version":2}},"categories":[115],"tags":[],"class_list":["post-104197","post","type-post","status-publish","format-standard","has-post-thumbnail","hentry","category-biographies-lazaristes"],"yoast_head":"<!-- This site is optimized with the Yoast SEO plugin v26.3 - https:\/\/yoast.com\/wordpress\/plugins\/seo\/ -->\n<title>Fernand Portal (III) La campagne contre les guerres religieuses - Nous Sommes Vincentiens<\/title>\n<meta name=\"robots\" content=\"index, follow, max-snippet:-1, max-image-preview:large, max-video-preview:-1\" \/>\n<link rel=\"canonical\" href=\"https:\/\/vincentians.com\/fr\/fernand-portal-iii-la-campagne-contre-les-guerres-religieuses\/\" \/>\n<meta property=\"og:locale\" content=\"fr_FR\" \/>\n<meta property=\"og:type\" content=\"article\" \/>\n<meta property=\"og:title\" content=\"Fernand Portal (III) La campagne contre les guerres religieuses - Nous Sommes Vincentiens\" \/>\n<meta property=\"og:description\" content=\"Un petit village des C\u00e9vennes Quand Portal, le 19 Novembre 1925, quelques mois avant sa mort, donne \u00e0 Louvain, devant un auditoire d&rsquo;\u00e9tudiants, sa conf\u00e9\u00adrence sur le r\u00f4le de l&rsquo;Amiti\u00e9 dans l&rsquo;Union des Eglises, il ... Read More\" \/>\n<meta property=\"og:url\" content=\"https:\/\/vincentians.com\/fr\/fernand-portal-iii-la-campagne-contre-les-guerres-religieuses\/\" \/>\n<meta property=\"og:site_name\" content=\"Nous Sommes Vincentiens\" \/>\n<meta property=\"article:publisher\" content=\"https:\/\/www.facebook.com\/WeAreVincentians\/\" \/>\n<meta property=\"article:author\" content=\"https:\/\/www.facebook.com\/JavierChento\" \/>\n<meta property=\"article:published_time\" content=\"2012-10-31T05:15:06+00:00\" \/>\n<meta property=\"og:image\" content=\"https:\/\/i0.wp.com\/vincentians.com\/fr\/wp-content\/uploads\/sites\/10\/2016\/08\/bio-congregation-of-the-mission.jpg?fit=1200%2C630&ssl=1\" \/>\n\t<meta property=\"og:image:width\" content=\"1200\" \/>\n\t<meta property=\"og:image:height\" content=\"630\" \/>\n\t<meta property=\"og:image:type\" content=\"image\/jpeg\" \/>\n<meta name=\"author\" content=\"Francisco Javier Fern\u00e1ndez Chento\" \/>\n<meta name=\"twitter:card\" content=\"summary_large_image\" \/>\n<meta name=\"twitter:creator\" content=\"@https:\/\/twitter.com\/javierchento\" \/>\n<meta name=\"twitter:site\" content=\"@WeVincentians\" \/>\n<meta name=\"twitter:label1\" content=\"\u00c9crit par\" \/>\n\t<meta name=\"twitter:data1\" content=\"Francisco Javier Fern\u00e1ndez Chento\" \/>\n\t<meta name=\"twitter:label2\" content=\"Dur\u00e9e de lecture estim\u00e9e\" \/>\n\t<meta name=\"twitter:data2\" content=\"10 minutes\" \/>\n<script type=\"application\/ld+json\" class=\"yoast-schema-graph\">{\"@context\":\"https:\/\/schema.org\",\"@graph\":[{\"@type\":\"WebPage\",\"@id\":\"https:\/\/vincentians.com\/fr\/fernand-portal-iii-la-campagne-contre-les-guerres-religieuses\/\",\"url\":\"https:\/\/vincentians.com\/fr\/fernand-portal-iii-la-campagne-contre-les-guerres-religieuses\/\",\"name\":\"Fernand Portal (III) La campagne contre les guerres religieuses - Nous Sommes Vincentiens\",\"isPartOf\":{\"@id\":\"http:\/\/vincentians.com\/fr\/#website\"},\"primaryImageOfPage\":{\"@id\":\"https:\/\/vincentians.com\/fr\/fernand-portal-iii-la-campagne-contre-les-guerres-religieuses\/#primaryimage\"},\"image\":{\"@id\":\"https:\/\/vincentians.com\/fr\/fernand-portal-iii-la-campagne-contre-les-guerres-religieuses\/#primaryimage\"},\"thumbnailUrl\":\"https:\/\/i0.wp.com\/vincentians.com\/fr\/wp-content\/uploads\/sites\/10\/2016\/08\/bio-congregation-of-the-mission.jpg?fit=1200%2C630\",\"datePublished\":\"2012-10-31T05:15:06+00:00\",\"author\":{\"@id\":\"http:\/\/vincentians.com\/fr\/#\/schema\/person\/9623ef4d9aa3b2dfb8c061f1499288f2\"},\"breadcrumb\":{\"@id\":\"https:\/\/vincentians.com\/fr\/fernand-portal-iii-la-campagne-contre-les-guerres-religieuses\/#breadcrumb\"},\"inLanguage\":\"fr-FR\",\"potentialAction\":[{\"@type\":\"ReadAction\",\"target\":[\"https:\/\/vincentians.com\/fr\/fernand-portal-iii-la-campagne-contre-les-guerres-religieuses\/\"]}]},{\"@type\":\"ImageObject\",\"inLanguage\":\"fr-FR\",\"@id\":\"https:\/\/vincentians.com\/fr\/fernand-portal-iii-la-campagne-contre-les-guerres-religieuses\/#primaryimage\",\"url\":\"https:\/\/i0.wp.com\/vincentians.com\/fr\/wp-content\/uploads\/sites\/10\/2016\/08\/bio-congregation-of-the-mission.jpg?fit=1200%2C630\",\"contentUrl\":\"https:\/\/i0.wp.com\/vincentians.com\/fr\/wp-content\/uploads\/sites\/10\/2016\/08\/bio-congregation-of-the-mission.jpg?fit=1200%2C630\",\"width\":1200,\"height\":630},{\"@type\":\"BreadcrumbList\",\"@id\":\"https:\/\/vincentians.com\/fr\/fernand-portal-iii-la-campagne-contre-les-guerres-religieuses\/#breadcrumb\",\"itemListElement\":[{\"@type\":\"ListItem\",\"position\":1,\"name\":\"Portada\",\"item\":\"http:\/\/vincentians.com\/fr\/\"},{\"@type\":\"ListItem\",\"position\":2,\"name\":\"Fernand Portal (III) La campagne contre les guerres religieuses\"}]},{\"@type\":\"WebSite\",\"@id\":\"http:\/\/vincentians.com\/fr\/#website\",\"url\":\"http:\/\/vincentians.com\/fr\/\",\"name\":\"Nous Sommes Vincentiens\",\"description\":\"Know more to serve more\",\"potentialAction\":[{\"@type\":\"SearchAction\",\"target\":{\"@type\":\"EntryPoint\",\"urlTemplate\":\"http:\/\/vincentians.com\/fr\/?s={search_term_string}\"},\"query-input\":{\"@type\":\"PropertyValueSpecification\",\"valueRequired\":true,\"valueName\":\"search_term_string\"}}],\"inLanguage\":\"fr-FR\"},{\"@type\":\"Person\",\"@id\":\"http:\/\/vincentians.com\/fr\/#\/schema\/person\/9623ef4d9aa3b2dfb8c061f1499288f2\",\"name\":\"Francisco Javier Fern\u00e1ndez Chento\",\"image\":{\"@type\":\"ImageObject\",\"inLanguage\":\"fr-FR\",\"@id\":\"http:\/\/vincentians.com\/fr\/#\/schema\/person\/image\/\",\"url\":\"https:\/\/secure.gravatar.com\/avatar\/497d5cde87b4c3d097d0315953521681ba2cd523ee66e5077c3711f7021e65de?s=96&d=mm&r=g\",\"contentUrl\":\"https:\/\/secure.gravatar.com\/avatar\/497d5cde87b4c3d097d0315953521681ba2cd523ee66e5077c3711f7021e65de?s=96&d=mm&r=g\",\"caption\":\"Francisco Javier Fern\u00e1ndez Chento\"},\"description\":\"Director General y cofundador de La Red de Formaci\u00f3n Vicenciana. Javier es laico vicenciano, afiliado a la Congregaci\u00f3n de la Misi\u00f3n y miembro del Equipo de Misiones Populares de la provincia can\u00f3nica de Zaragoza (Espa\u00f1a) de la Congregaci\u00f3n de la Misi\u00f3n. Graduado en la Universidad Oberta de Catalunya con cuatro grados (Asistente de direcci\u00f3n, Gesti\u00f3n Administrativa, Recursos Humanos y Contabilidad Avanzada). Bil\u00edng\u00fce Espa\u00f1ol\/Ingl\u00e9s. gestiona y mantiene varias p\u00e1ginas web cristianas y vicencianas, incluida including La Red de Formaci\u00f3n Vicenciana, de la que es cofundador. Actualmente es responsable del \u00e1rea de Espa\u00f1ol de .famvin, la Red de Noticias de la Familia Vicenciana. Tambi\u00e9n es m\u00fasico cat\u00f3lico y ha editado varios discos. Es Director General y cofundador de Trovador, una reconocida compa\u00f1\u00eda discogr\u00e1fica critiana de Espa\u00f1a. Trabaja en las Tecnolog\u00edas de la Informaci\u00f3n, ofreciendo servicios de alojamiento, dise\u00f1o y mantenimiento Web, as\u00ed como asesoramiento, formaci\u00f3n y soluciones inform\u00e1ticas, gesti\u00f3n documental y digitalizaci\u00f3n de textos, edici\u00f3n y maquetaci\u00f3n de libros, revistas, flyers, etc.\",\"sameAs\":[\"http:\/\/chento.org\",\"https:\/\/www.facebook.com\/JavierChento\",\"https:\/\/x.com\/https:\/\/twitter.com\/javierchento\"],\"url\":\"http:\/\/vincentians.com\/fr\/author\/chento\/\"}]}<\/script>\n<!-- \/ Yoast SEO plugin. -->","yoast_head_json":{"title":"Fernand Portal (III) La campagne contre les guerres religieuses - Nous Sommes Vincentiens","robots":{"index":"index","follow":"follow","max-snippet":"max-snippet:-1","max-image-preview":"max-image-preview:large","max-video-preview":"max-video-preview:-1"},"canonical":"https:\/\/vincentians.com\/fr\/fernand-portal-iii-la-campagne-contre-les-guerres-religieuses\/","og_locale":"fr_FR","og_type":"article","og_title":"Fernand Portal (III) La campagne contre les guerres religieuses - Nous Sommes Vincentiens","og_description":"Un petit village des C\u00e9vennes Quand Portal, le 19 Novembre 1925, quelques mois avant sa mort, donne \u00e0 Louvain, devant un auditoire d&rsquo;\u00e9tudiants, sa conf\u00e9\u00adrence sur le r\u00f4le de l&rsquo;Amiti\u00e9 dans l&rsquo;Union des Eglises, il ... Read More","og_url":"https:\/\/vincentians.com\/fr\/fernand-portal-iii-la-campagne-contre-les-guerres-religieuses\/","og_site_name":"Nous Sommes Vincentiens","article_publisher":"https:\/\/www.facebook.com\/WeAreVincentians\/","article_author":"https:\/\/www.facebook.com\/JavierChento","article_published_time":"2012-10-31T05:15:06+00:00","og_image":[{"width":1200,"height":630,"url":"https:\/\/i0.wp.com\/vincentians.com\/fr\/wp-content\/uploads\/sites\/10\/2016\/08\/bio-congregation-of-the-mission.jpg?fit=1200%2C630&ssl=1","type":"image\/jpeg"}],"author":"Francisco Javier Fern\u00e1ndez Chento","twitter_card":"summary_large_image","twitter_creator":"@https:\/\/twitter.com\/javierchento","twitter_site":"@WeVincentians","twitter_misc":{"\u00c9crit par":"Francisco Javier Fern\u00e1ndez Chento","Dur\u00e9e de lecture estim\u00e9e":"10 minutes"},"schema":{"@context":"https:\/\/schema.org","@graph":[{"@type":"WebPage","@id":"https:\/\/vincentians.com\/fr\/fernand-portal-iii-la-campagne-contre-les-guerres-religieuses\/","url":"https:\/\/vincentians.com\/fr\/fernand-portal-iii-la-campagne-contre-les-guerres-religieuses\/","name":"Fernand Portal (III) La campagne contre les guerres religieuses - Nous Sommes Vincentiens","isPartOf":{"@id":"http:\/\/vincentians.com\/fr\/#website"},"primaryImageOfPage":{"@id":"https:\/\/vincentians.com\/fr\/fernand-portal-iii-la-campagne-contre-les-guerres-religieuses\/#primaryimage"},"image":{"@id":"https:\/\/vincentians.com\/fr\/fernand-portal-iii-la-campagne-contre-les-guerres-religieuses\/#primaryimage"},"thumbnailUrl":"https:\/\/i0.wp.com\/vincentians.com\/fr\/wp-content\/uploads\/sites\/10\/2016\/08\/bio-congregation-of-the-mission.jpg?fit=1200%2C630","datePublished":"2012-10-31T05:15:06+00:00","author":{"@id":"http:\/\/vincentians.com\/fr\/#\/schema\/person\/9623ef4d9aa3b2dfb8c061f1499288f2"},"breadcrumb":{"@id":"https:\/\/vincentians.com\/fr\/fernand-portal-iii-la-campagne-contre-les-guerres-religieuses\/#breadcrumb"},"inLanguage":"fr-FR","potentialAction":[{"@type":"ReadAction","target":["https:\/\/vincentians.com\/fr\/fernand-portal-iii-la-campagne-contre-les-guerres-religieuses\/"]}]},{"@type":"ImageObject","inLanguage":"fr-FR","@id":"https:\/\/vincentians.com\/fr\/fernand-portal-iii-la-campagne-contre-les-guerres-religieuses\/#primaryimage","url":"https:\/\/i0.wp.com\/vincentians.com\/fr\/wp-content\/uploads\/sites\/10\/2016\/08\/bio-congregation-of-the-mission.jpg?fit=1200%2C630","contentUrl":"https:\/\/i0.wp.com\/vincentians.com\/fr\/wp-content\/uploads\/sites\/10\/2016\/08\/bio-congregation-of-the-mission.jpg?fit=1200%2C630","width":1200,"height":630},{"@type":"BreadcrumbList","@id":"https:\/\/vincentians.com\/fr\/fernand-portal-iii-la-campagne-contre-les-guerres-religieuses\/#breadcrumb","itemListElement":[{"@type":"ListItem","position":1,"name":"Portada","item":"http:\/\/vincentians.com\/fr\/"},{"@type":"ListItem","position":2,"name":"Fernand Portal (III) La campagne contre les guerres religieuses"}]},{"@type":"WebSite","@id":"http:\/\/vincentians.com\/fr\/#website","url":"http:\/\/vincentians.com\/fr\/","name":"Nous Sommes Vincentiens","description":"Know more to serve more","potentialAction":[{"@type":"SearchAction","target":{"@type":"EntryPoint","urlTemplate":"http:\/\/vincentians.com\/fr\/?s={search_term_string}"},"query-input":{"@type":"PropertyValueSpecification","valueRequired":true,"valueName":"search_term_string"}}],"inLanguage":"fr-FR"},{"@type":"Person","@id":"http:\/\/vincentians.com\/fr\/#\/schema\/person\/9623ef4d9aa3b2dfb8c061f1499288f2","name":"Francisco Javier Fern\u00e1ndez Chento","image":{"@type":"ImageObject","inLanguage":"fr-FR","@id":"http:\/\/vincentians.com\/fr\/#\/schema\/person\/image\/","url":"https:\/\/secure.gravatar.com\/avatar\/497d5cde87b4c3d097d0315953521681ba2cd523ee66e5077c3711f7021e65de?s=96&d=mm&r=g","contentUrl":"https:\/\/secure.gravatar.com\/avatar\/497d5cde87b4c3d097d0315953521681ba2cd523ee66e5077c3711f7021e65de?s=96&d=mm&r=g","caption":"Francisco Javier Fern\u00e1ndez Chento"},"description":"Director General y cofundador de La Red de Formaci\u00f3n Vicenciana. Javier es laico vicenciano, afiliado a la Congregaci\u00f3n de la Misi\u00f3n y miembro del Equipo de Misiones Populares de la provincia can\u00f3nica de Zaragoza (Espa\u00f1a) de la Congregaci\u00f3n de la Misi\u00f3n. Graduado en la Universidad Oberta de Catalunya con cuatro grados (Asistente de direcci\u00f3n, Gesti\u00f3n Administrativa, Recursos Humanos y Contabilidad Avanzada). Bil\u00edng\u00fce Espa\u00f1ol\/Ingl\u00e9s. gestiona y mantiene varias p\u00e1ginas web cristianas y vicencianas, incluida including La Red de Formaci\u00f3n Vicenciana, de la que es cofundador. Actualmente es responsable del \u00e1rea de Espa\u00f1ol de .famvin, la Red de Noticias de la Familia Vicenciana. Tambi\u00e9n es m\u00fasico cat\u00f3lico y ha editado varios discos. Es Director General y cofundador de Trovador, una reconocida compa\u00f1\u00eda discogr\u00e1fica critiana de Espa\u00f1a. Trabaja en las Tecnolog\u00edas de la Informaci\u00f3n, ofreciendo servicios de alojamiento, dise\u00f1o y mantenimiento Web, as\u00ed como asesoramiento, formaci\u00f3n y soluciones inform\u00e1ticas, gesti\u00f3n documental y digitalizaci\u00f3n de textos, edici\u00f3n y maquetaci\u00f3n de libros, revistas, flyers, etc.","sameAs":["http:\/\/chento.org","https:\/\/www.facebook.com\/JavierChento","https:\/\/x.com\/https:\/\/twitter.com\/javierchento"],"url":"http:\/\/vincentians.com\/fr\/author\/chento\/"}]}},"jetpack_publicize_connections":[],"jetpack_featured_media_url":"https:\/\/i0.wp.com\/vincentians.com\/fr\/wp-content\/uploads\/sites\/10\/2016\/08\/bio-congregation-of-the-mission.jpg?fit=1200%2C630","jetpack_sharing_enabled":true,"jetpack_shortlink":"https:\/\/wp.me\/p7ETMP-r6B","jetpack-related-posts":[{"id":103861,"url":"http:\/\/vincentians.com\/fr\/fernand-portal-i-dand-nos-cevennes\/","url_meta":{"origin":104197,"position":0},"title":"Fernand Portal (I) Dand nos C\u00e9vennes","author":"Francisco Javier Fern\u00e1ndez Chento","date":"16\/10\/2012","format":false,"excerpt":"Tout sert pour nous conduire Fernand Etienne Portal est n\u00e9 \u00e1 Laroque (H\u00e9rault), la veille de l'Assomption, en l'an 1855, \u00ab d'une famille tr\u00e8s modeste \u00bb (son p\u00e8re est cordonnier). Pierre Portal et Louise Lafabrier sont ses parents. Il est baptis\u00e9 le surlendemain: la grand-m\u00e8re maternelle, sa marraine, Veuve Lafabrier,\u2026","rel":"","context":"Dans &quot;Biographies Lazaristes&quot;","block_context":{"text":"Biographies Lazaristes","link":"http:\/\/vincentians.com\/fr\/category\/biographies-lazaristes\/"},"img":{"alt_text":"","src":"https:\/\/i0.wp.com\/vincentians.com\/fr\/wp-content\/uploads\/sites\/10\/2016\/08\/bio-congregation-of-the-mission.jpg?fit=1200%2C630&resize=350%2C200","width":350,"height":200,"srcset":"https:\/\/i0.wp.com\/vincentians.com\/fr\/wp-content\/uploads\/sites\/10\/2016\/08\/bio-congregation-of-the-mission.jpg?fit=1200%2C630&resize=350%2C200 1x, https:\/\/i0.wp.com\/vincentians.com\/fr\/wp-content\/uploads\/sites\/10\/2016\/08\/bio-congregation-of-the-mission.jpg?fit=1200%2C630&resize=525%2C300 1.5x, https:\/\/i0.wp.com\/vincentians.com\/fr\/wp-content\/uploads\/sites\/10\/2016\/08\/bio-congregation-of-the-mission.jpg?fit=1200%2C630&resize=700%2C400 2x, https:\/\/i0.wp.com\/vincentians.com\/fr\/wp-content\/uploads\/sites\/10\/2016\/08\/bio-congregation-of-the-mission.jpg?fit=1200%2C630&resize=1050%2C600 3x"},"classes":[]},{"id":190191,"url":"http:\/\/vincentians.com\/fr\/ephemerides-01-octobre\/","url_meta":{"origin":104197,"position":1},"title":"Eph\u00e9m\u00e9rides : 01 octobre","author":"Francisco Javier Fern\u00e1ndez Chento","date":"01\/10\/2016","format":false,"excerpt":"1636. Saint Vincent d\u00e9signe Barbe Angiboust et Louise Ganset pour fonder la Maison de Charit\u00e9 de Richelieu\u00a0: \u201cMon Dieu, Mademoiselle, \u00e9crit-il, quel bonheur \u00e0 ces bonnes filles de s\u2019en aller au lieu o\u00f9 elles vont continuer la charit\u00e9 que Notre-Seigneur exer\u00e7ait sur la terre\u00a0!\u2026 Qu\u2019elles s\u2019en iront la t\u00eate lev\u00e9e\u2026","rel":"","context":"Dans &quot;\u00c9ph\u00e9m\u00e9rides vincentiens&quot;","block_context":{"text":"\u00c9ph\u00e9m\u00e9rides vincentiens","link":"http:\/\/vincentians.com\/fr\/category\/ephemerides-vincentiens\/"},"img":{"alt_text":"","src":"https:\/\/i0.wp.com\/vincentians.com\/fr\/wp-content\/uploads\/sites\/10\/2016\/07\/ephemerides-fb.jpg?fit=1200%2C630&resize=350%2C200","width":350,"height":200,"srcset":"https:\/\/i0.wp.com\/vincentians.com\/fr\/wp-content\/uploads\/sites\/10\/2016\/07\/ephemerides-fb.jpg?fit=1200%2C630&resize=350%2C200 1x, https:\/\/i0.wp.com\/vincentians.com\/fr\/wp-content\/uploads\/sites\/10\/2016\/07\/ephemerides-fb.jpg?fit=1200%2C630&resize=525%2C300 1.5x, https:\/\/i0.wp.com\/vincentians.com\/fr\/wp-content\/uploads\/sites\/10\/2016\/07\/ephemerides-fb.jpg?fit=1200%2C630&resize=700%2C400 2x, https:\/\/i0.wp.com\/vincentians.com\/fr\/wp-content\/uploads\/sites\/10\/2016\/07\/ephemerides-fb.jpg?fit=1200%2C630&resize=1050%2C600 3x"},"classes":[]},{"id":74152,"url":"http:\/\/vincentians.com\/fr\/fernand-portal-fils-de-saint-vincent-de-paul\/","url_meta":{"origin":104197,"position":2},"title":"Fernand Portal, Fils de Saint Vincent de Paul","author":"Francisco Javier Fern\u00e1ndez Chento","date":"20\/02\/2015","format":false,"excerpt":"\u00abCelui que vous voyez devant vous est un pr\u00eatre fran\u00e7ais, humble fils de saint Vincent de Paul\u00bb. C'est ainsi que Fernand Portal se pr\u00e9sentait, le 13 juillet 1896, \u00e0 Londres, devant une assembl\u00e9e compos\u00e9e en majeure partie de pr\u00eatres anglicans. En mettant ainsi en avant sa carte d'identit\u00e9 vincentienne, recourait-il\u2026","rel":"","context":"Dans &quot;Biographies Lazaristes&quot;","block_context":{"text":"Biographies Lazaristes","link":"http:\/\/vincentians.com\/fr\/category\/biographies-lazaristes\/"},"img":{"alt_text":"","src":"https:\/\/i0.wp.com\/vincentians.com\/fr\/wp-content\/uploads\/sites\/10\/2016\/08\/bio-congregation-of-the-mission.jpg?fit=1200%2C630&resize=350%2C200","width":350,"height":200,"srcset":"https:\/\/i0.wp.com\/vincentians.com\/fr\/wp-content\/uploads\/sites\/10\/2016\/08\/bio-congregation-of-the-mission.jpg?fit=1200%2C630&resize=350%2C200 1x, https:\/\/i0.wp.com\/vincentians.com\/fr\/wp-content\/uploads\/sites\/10\/2016\/08\/bio-congregation-of-the-mission.jpg?fit=1200%2C630&resize=525%2C300 1.5x, https:\/\/i0.wp.com\/vincentians.com\/fr\/wp-content\/uploads\/sites\/10\/2016\/08\/bio-congregation-of-the-mission.jpg?fit=1200%2C630&resize=700%2C400 2x, https:\/\/i0.wp.com\/vincentians.com\/fr\/wp-content\/uploads\/sites\/10\/2016\/08\/bio-congregation-of-the-mission.jpg?fit=1200%2C630&resize=1050%2C600 3x"},"classes":[]},{"id":104886,"url":"http:\/\/vincentians.com\/fr\/fernand-portal-xv-la-derniere-communion-du-cardinal-mercier\/","url_meta":{"origin":104197,"position":3},"title":"Fernand Portal (XV) La derni\u00e8re Communion du Cardinal Mercier","author":"Francisco Javier Fern\u00e1ndez Chento","date":"09\/12\/2012","format":false,"excerpt":"Le cardinal Mercier est le premier du trio \u00e0 vivre sa mort. Sa fin, par certains aspects, a l'allure d'une messe pontificale solennelle : la dignit\u00e9 n'en exclut pas moins la sobri\u00e9t\u00e9. Sa fatigue empire, apr\u00e8s le voyage \u00e0 Paris, le 26 Novembre 1925, o\u00f9 il avait pris la parole,\u2026","rel":"","context":"Dans &quot;Biographies Lazaristes&quot;","block_context":{"text":"Biographies Lazaristes","link":"http:\/\/vincentians.com\/fr\/category\/biographies-lazaristes\/"},"img":{"alt_text":"","src":"https:\/\/i0.wp.com\/vincentians.com\/fr\/wp-content\/uploads\/sites\/10\/2016\/08\/bio-congregation-of-the-mission.jpg?fit=1200%2C630&resize=350%2C200","width":350,"height":200,"srcset":"https:\/\/i0.wp.com\/vincentians.com\/fr\/wp-content\/uploads\/sites\/10\/2016\/08\/bio-congregation-of-the-mission.jpg?fit=1200%2C630&resize=350%2C200 1x, https:\/\/i0.wp.com\/vincentians.com\/fr\/wp-content\/uploads\/sites\/10\/2016\/08\/bio-congregation-of-the-mission.jpg?fit=1200%2C630&resize=525%2C300 1.5x, https:\/\/i0.wp.com\/vincentians.com\/fr\/wp-content\/uploads\/sites\/10\/2016\/08\/bio-congregation-of-the-mission.jpg?fit=1200%2C630&resize=700%2C400 2x, https:\/\/i0.wp.com\/vincentians.com\/fr\/wp-content\/uploads\/sites\/10\/2016\/08\/bio-congregation-of-the-mission.jpg?fit=1200%2C630&resize=1050%2C600 3x"},"classes":[]},{"id":104203,"url":"http:\/\/vincentians.com\/fr\/fernand-portal-v-la-brisure-du-premier-rapprochement\/","url_meta":{"origin":104197,"position":4},"title":"Fernand Portal (V) La brisure du premier rapprochement","author":"Francisco Javier Fern\u00e1ndez Chento","date":"06\/11\/2012","format":false,"excerpt":"Le meeting de Londres Le ciel s'obscurcit brusquement. En Mars 1896 une commission \u00ab exclusivement \u00bb catholique se r\u00e9unit \u00e0 Rome. Au rythme de trois s\u00e9ances par semaine, elle travaillera durant deux mois. La partie s'annonce serr\u00e9e : des \u00ab portaliens \u00bb Gasparri, Duchesne, de Augus\u00adtinis et Scannel se trouvent\u2026","rel":"","context":"Dans &quot;Biographies Lazaristes&quot;","block_context":{"text":"Biographies Lazaristes","link":"http:\/\/vincentians.com\/fr\/category\/biographies-lazaristes\/"},"img":{"alt_text":"","src":"https:\/\/i0.wp.com\/vincentians.com\/fr\/wp-content\/uploads\/sites\/10\/2016\/08\/bio-congregation-of-the-mission.jpg?fit=1200%2C630&resize=350%2C200","width":350,"height":200,"srcset":"https:\/\/i0.wp.com\/vincentians.com\/fr\/wp-content\/uploads\/sites\/10\/2016\/08\/bio-congregation-of-the-mission.jpg?fit=1200%2C630&resize=350%2C200 1x, https:\/\/i0.wp.com\/vincentians.com\/fr\/wp-content\/uploads\/sites\/10\/2016\/08\/bio-congregation-of-the-mission.jpg?fit=1200%2C630&resize=525%2C300 1.5x, https:\/\/i0.wp.com\/vincentians.com\/fr\/wp-content\/uploads\/sites\/10\/2016\/08\/bio-congregation-of-the-mission.jpg?fit=1200%2C630&resize=700%2C400 2x, https:\/\/i0.wp.com\/vincentians.com\/fr\/wp-content\/uploads\/sites\/10\/2016\/08\/bio-congregation-of-the-mission.jpg?fit=1200%2C630&resize=1050%2C600 3x"},"classes":[]},{"id":104892,"url":"http:\/\/vincentians.com\/fr\/fernand-portal-xvii-justice-est-rendue-par-lord-halifax\/","url_meta":{"origin":104197,"position":5},"title":"Fernand Portal (XVII) Justice est rendue par Lord Halifax","author":"Francisco Javier Fern\u00e1ndez Chento","date":"16\/12\/2012","format":false,"excerpt":"Les 5e Conversations de Malines, report\u00e9es aux \u00fc et 12 octobre 1926, ont \u00ab un peu de la d\u00e9primante atmosph\u00e8re d'une liquidation \u00bb (Gratieux). Le coeur n'y est plus. On exp\u00e9die quelques affaires de proc\u00e9dure. On \u00e9labore principalement le rapport catholique et le rapport anglican d'un bilan : le r\u00e9sultat\u2026","rel":"","context":"Dans &quot;Biographies Lazaristes&quot;","block_context":{"text":"Biographies Lazaristes","link":"http:\/\/vincentians.com\/fr\/category\/biographies-lazaristes\/"},"img":{"alt_text":"","src":"https:\/\/i0.wp.com\/vincentians.com\/fr\/wp-content\/uploads\/sites\/10\/2016\/08\/bio-congregation-of-the-mission.jpg?fit=1200%2C630&resize=350%2C200","width":350,"height":200,"srcset":"https:\/\/i0.wp.com\/vincentians.com\/fr\/wp-content\/uploads\/sites\/10\/2016\/08\/bio-congregation-of-the-mission.jpg?fit=1200%2C630&resize=350%2C200 1x, https:\/\/i0.wp.com\/vincentians.com\/fr\/wp-content\/uploads\/sites\/10\/2016\/08\/bio-congregation-of-the-mission.jpg?fit=1200%2C630&resize=525%2C300 1.5x, https:\/\/i0.wp.com\/vincentians.com\/fr\/wp-content\/uploads\/sites\/10\/2016\/08\/bio-congregation-of-the-mission.jpg?fit=1200%2C630&resize=700%2C400 2x, https:\/\/i0.wp.com\/vincentians.com\/fr\/wp-content\/uploads\/sites\/10\/2016\/08\/bio-congregation-of-the-mission.jpg?fit=1200%2C630&resize=1050%2C600 3x"},"classes":[]}],"_links":{"self":[{"href":"http:\/\/vincentians.com\/fr\/wp-json\/wp\/v2\/posts\/104197","targetHints":{"allow":["GET"]}}],"collection":[{"href":"http:\/\/vincentians.com\/fr\/wp-json\/wp\/v2\/posts"}],"about":[{"href":"http:\/\/vincentians.com\/fr\/wp-json\/wp\/v2\/types\/post"}],"author":[{"embeddable":true,"href":"http:\/\/vincentians.com\/fr\/wp-json\/wp\/v2\/users\/4"}],"replies":[{"embeddable":true,"href":"http:\/\/vincentians.com\/fr\/wp-json\/wp\/v2\/comments?post=104197"}],"version-history":[{"count":0,"href":"http:\/\/vincentians.com\/fr\/wp-json\/wp\/v2\/posts\/104197\/revisions"}],"wp:featuredmedia":[{"embeddable":true,"href":"http:\/\/vincentians.com\/fr\/wp-json\/wp\/v2\/media\/189930"}],"wp:attachment":[{"href":"http:\/\/vincentians.com\/fr\/wp-json\/wp\/v2\/media?parent=104197"}],"wp:term":[{"taxonomy":"category","embeddable":true,"href":"http:\/\/vincentians.com\/fr\/wp-json\/wp\/v2\/categories?post=104197"},{"taxonomy":"post_tag","embeddable":true,"href":"http:\/\/vincentians.com\/fr\/wp-json\/wp\/v2\/tags?post=104197"}],"curies":[{"name":"wp","href":"https:\/\/api.w.org\/{rel}","templated":true}]}}