{"id":104149,"date":"2016-11-16T00:01:17","date_gmt":"2016-11-15T23:01:17","guid":{"rendered":"http:\/\/vincentiens.org\/?p=104149"},"modified":"2016-08-08T19:07:23","modified_gmt":"2016-08-08T17:07:23","slug":"ephemerides-16-novembre","status":"publish","type":"post","link":"http:\/\/vincentians.com\/fr\/ephemerides-16-novembre\/","title":{"rendered":"Eph\u00e9m\u00e9rides: 16 novembre"},"content":{"rendered":"<p><strong>1654<\/strong>. Marie Joly qui est enfin arriv\u00e9e \u00e0 Paris (cf. 9 octobre 1654) ne peut r\u00e9sister \u00e0 la tentation qui la tenaille. Apr\u00e8s le repas, elle prend ses affaires et sans rien dire, quitte la Maison M\u00e8re. Avant de monter dans le coche, elle s\u2019interroge sur son comportement. Le remords est plus fort que la tentation. Elle fait demi-tour et rentre \u00e0 la Maison M\u00e8re. (C)<\/p>\n<p><strong>1658<\/strong>. Sainte Louise \u00e9crit \u00e0 saint Vincent au sujet d\u2019une S\u0153ur d\u00e9sign\u00e9e comme S\u0153ur Servante\u00a0: \u201cJe crois, mon Tr\u00e8s Honor\u00e9 P\u00e8re, qu\u2019il est bien n\u00e9cessaire que votre Charit\u00e9 parle \u00e0 notre S\u0153ur Etiennette qui doit aller \u00e0 Angers pour lui faire conna\u00eetre les dispositions qu\u2019elle doit avoir pour l\u2019emploi qu\u2019elle y aura\u00a0: \u00e0 ce qu\u2019elle donne acc\u00e8s facile aux S\u0153urs qui d\u00e9sireront lui parler\u00a0; qu\u2019elle soit secr\u00e8te pour tout ce qui lui sera communiqu\u00e9\u00a0; qu\u2019elle d\u00e9tourne tant qu\u2019elle pourra les tendresses d\u2019esprit et de corps qui ne vont qu\u2019\u00e0 la recherche des satisfactions\u00a0; qu\u2019elle tienne la main \u00e0 l\u2019exactitude des r\u00e8gles, sans faire tort au service des pauvres, et qu\u2019elle soit gaie \u00e0 l\u2019ext\u00e9rieur\u00a0; qu\u2019elle donne cr\u00e9ance \u00e0 ces messieurs, et tout le reste que vous savez tout autrement que moi qui ne fais rien qui vaille.\u201d<\/p>\n<p><strong>1793<\/strong>. Mort de M. Bailly, emprisonn\u00e9 pour la Foi \u00e0 Amiens. (R)<\/p>\n<p><strong>1841<\/strong>. Au Pellerin, petite paroisse du dioc\u00e8se de Nantes, naissance d\u2019Emile Coitoux\u2026 Un jour, l\u2019\u00e9v\u00eaque de Nantes, Mgr Fournier, convoque en son palais \u00e9piscopal l\u2019un de ses pr\u00eatres. Celui-ci a trente-trois ans\u00a0; apr\u00e8s avoir \u00e9t\u00e9 vicaire \u00e0 Montoiro, pr\u00e8s Saint-Nazaire, il remplit actuellement les m\u00eames fonctions \u00e0 la cath\u00e9drale. \u201cM. Coitoux, dit Mgr Fournier, j\u2019ai besoin d\u2019un sup\u00e9rieur qui puisse sortir mon petit s\u00e9minaire de Gu\u00e9rande, de la crise qu\u2019il traverse. C\u2019est vous que je nomme \u00e0 ce poste\u201d \u2014 \u201cMonseigneur, je refuse\u201d, d\u00e9clare tout de go l\u2019abb\u00e9 qui est bien connu pour ses r\u00e9parties tranchantes. Et comme l\u2019\u00e9v\u00eaque insiste, M. Coitoux ajoute\u00a0: \u201cMonseigneur, j\u2019ai entendu l\u2019appel de Dieu et je me propose d\u2019entrer chez les Lazaristes, d\u00e8s que mon p\u00e8re sera mort.\u201d \u2014 \u201cEh bien, \u00e0 ce moment-l\u00e0, d\u00e9clare Mgr Fournier, je vous rendrai votre libert\u00e9. Mais, pour l\u2019heure, vous \u00eates sup\u00e9rieur de Gu\u00e9rande.\u201d Sept ans plus tard. Dans le m\u00eame d\u00e9cor, les deux m\u00eames personnages se retrouvent. L\u2019abb\u00e9 Coitoux a remis le s\u00e9minaire de Gu\u00e9rande dans la bonne voie, et son p\u00e8re vient de mourir. Tout en d\u00e9posant sur le bureau \u00e9piscopal ses registres et sa caisse, le sup\u00e9rieur articule tranquillement\u00a0: \u201cMonseigneur, d\u00e8s la semaine prochaine, je me rends \u00e0 la Maison-M\u00e8re des Lazaristes.\u201d \u201cMais j\u2019ai besoin de vous, s\u2019\u00e9crie Mgr Fournier, et je ne vous donnerai pas la permission de partir\u00a0!\u201d \u2014 \u201cMonseigneur, r\u00e9torque M. Coitoux, qui est tout aussi Breton que son pr\u00e9lat, vous avez donn\u00e9 votre parole et un \u00e9v\u00eaque n\u2019a qu\u2019une parole.\u201d\u2026 Dans ces deux sc\u00e8nes, M. Coitoux est tout entier\u00a0: nettet\u00e9 du verbe qui d\u00e9note une pens\u00e9e sans bavure\u00a0; \u00e9nergie qui sait, envers et contre tout, tenir une r\u00e9solution, quand il la sait agr\u00e9able \u00e0 Dieu\u00a0; d\u00e9sir de saintet\u00e9. Les s\u00e9minaristes de Cambrai, et surtout ceux d\u2019Albi et de Dax b\u00e9n\u00e9ficieront de ses extraordinaires qualit\u00e9s et de la pl\u00e9nitude de son \u00e9lan dans la vertu, en m\u00eame temps que de son lumineux enseignement de moraliste. De 1887 \u00e0 1903, Albi a le privil\u00e8ge de le poss\u00e9der. D\u2019une m\u00eame main, il pousse \u00e0 la croissance l\u2019\u00e2me de ses clercs albigeois et il agrandit les b\u00e2timents du s\u00e9minaire, selon ses propres plans, et sans qu\u2019il en co\u00fbte un centime au dioc\u00e8se. Lorsque Combes, \u2014 qui se pr\u00e9nommait Emile, lui aussi, et qui avait \u00e9t\u00e9 cong\u00e9di\u00e9 du s\u00e9minaire d\u2019Albi, \u2014 l\u2019obligea \u00e0 quitter \u201cson\u201d s\u00e9minaire, M. Emile Coitoux \u2014 malgr\u00e9 ses soixante-deux ans \u2014 s\u2019offrit au P\u00e8re Fiat pour travailler n\u2019importe o\u00f9, et m\u00eame \u00e0 l\u2019\u00e9tranger, \u201csans condition\u201d. Notre-Dame du Pouy le garda, pour le plus grand bien spirituel et intellectuel de ses \u00e9tudiants, et puis, des p\u00e9nitents qui assi\u00e9g\u00e8rent le confessionnal, son dernier champ d\u2019action. \u00c9nergique jusqu\u2019au bout, M. Coitoux refusa tout soulagement \u00e0 ses souffrances, avant de franchir, l\u2019\u00e2me pleine de m\u00e9rites, le seuil de l\u2019\u00e9ternit\u00e9, le 9 novembre 1922 (1).<\/p>\n<dl>\n<dd>l) Annales, t. 88, pp. 147-162\u00a0; t. 102, pp. 71-73\u00a0; 342-351.<\/dd>\n<\/dl>\n","protected":false},"excerpt":{"rendered":"<p>1654. Marie Joly qui est enfin arriv\u00e9e \u00e0 Paris (cf. 9 octobre 1654) ne peut r\u00e9sister \u00e0 la tentation qui la tenaille. Apr\u00e8s le repas, elle prend ses affaires et sans rien dire, quitte la &#8230; <a href=\"http:\/\/vincentians.com\/fr\/ephemerides-16-novembre\/\" class=\"more-link\">Read More<\/a><\/p>\n","protected":false},"author":4,"featured_media":149897,"comment_status":"open","ping_status":"open","sticky":false,"template":"","format":"standard","meta":{"jetpack_post_was_ever_published":false,"_jetpack_newsletter_access":"","_jetpack_dont_email_post_to_subs":false,"_jetpack_newsletter_tier_id":0,"_jetpack_memberships_contains_paywalled_content":false,"_jetpack_memberships_contains_paid_content":false,"footnotes":"","jetpack_publicize_message":"","jetpack_publicize_feature_enabled":true,"jetpack_social_post_already_shared":true,"jetpack_social_options":{"image_generator_settings":{"template":"highway","default_image_id":0,"font":"","enabled":false},"version":2}},"categories":[119],"tags":[],"class_list":["post-104149","post","type-post","status-publish","format-standard","has-post-thumbnail","hentry","category-ephemerides-vincentiens"],"yoast_head":"<!-- This site is optimized with the Yoast SEO plugin v26.3 - https:\/\/yoast.com\/wordpress\/plugins\/seo\/ -->\n<title>Eph\u00e9m\u00e9rides: 16 novembre - Nous Sommes Vincentiens<\/title>\n<meta name=\"robots\" content=\"index, follow, max-snippet:-1, max-image-preview:large, max-video-preview:-1\" \/>\n<link rel=\"canonical\" href=\"https:\/\/vincentians.com\/fr\/ephemerides-16-novembre\/\" \/>\n<meta property=\"og:locale\" content=\"fr_FR\" \/>\n<meta property=\"og:type\" content=\"article\" \/>\n<meta property=\"og:title\" content=\"Eph\u00e9m\u00e9rides: 16 novembre - Nous Sommes Vincentiens\" \/>\n<meta property=\"og:description\" content=\"1654. Marie Joly qui est enfin arriv\u00e9e \u00e0 Paris (cf. 9 octobre 1654) ne peut r\u00e9sister \u00e0 la tentation qui la tenaille. Apr\u00e8s le repas, elle prend ses affaires et sans rien dire, quitte la ... Read More\" \/>\n<meta property=\"og:url\" content=\"https:\/\/vincentians.com\/fr\/ephemerides-16-novembre\/\" \/>\n<meta property=\"og:site_name\" content=\"Nous Sommes Vincentiens\" \/>\n<meta property=\"article:publisher\" content=\"https:\/\/www.facebook.com\/WeAreVincentians\/\" \/>\n<meta property=\"article:author\" content=\"https:\/\/www.facebook.com\/JavierChento\" \/>\n<meta property=\"article:published_time\" content=\"2016-11-15T23:01:17+00:00\" \/>\n<meta property=\"og:image\" content=\"https:\/\/i0.wp.com\/vincentians.com\/fr\/wp-content\/uploads\/sites\/10\/2016\/07\/ephemerides-fb.jpg?fit=1200%2C630&ssl=1\" \/>\n\t<meta property=\"og:image:width\" content=\"1200\" \/>\n\t<meta property=\"og:image:height\" content=\"630\" \/>\n\t<meta property=\"og:image:type\" content=\"image\/jpeg\" \/>\n<meta name=\"author\" content=\"Francisco Javier Fern\u00e1ndez Chento\" \/>\n<meta name=\"twitter:card\" content=\"summary_large_image\" \/>\n<meta name=\"twitter:creator\" content=\"@https:\/\/twitter.com\/javierchento\" \/>\n<meta name=\"twitter:site\" content=\"@WeVincentians\" \/>\n<meta name=\"twitter:label1\" content=\"\u00c9crit par\" \/>\n\t<meta name=\"twitter:data1\" content=\"Francisco Javier Fern\u00e1ndez Chento\" \/>\n\t<meta name=\"twitter:label2\" content=\"Dur\u00e9e de lecture estim\u00e9e\" \/>\n\t<meta name=\"twitter:data2\" content=\"4 minutes\" \/>\n<script type=\"application\/ld+json\" class=\"yoast-schema-graph\">{\"@context\":\"https:\/\/schema.org\",\"@graph\":[{\"@type\":\"WebPage\",\"@id\":\"https:\/\/vincentians.com\/fr\/ephemerides-16-novembre\/\",\"url\":\"https:\/\/vincentians.com\/fr\/ephemerides-16-novembre\/\",\"name\":\"Eph\u00e9m\u00e9rides: 16 novembre - Nous Sommes Vincentiens\",\"isPartOf\":{\"@id\":\"https:\/\/vincentians.com\/fr\/#website\"},\"primaryImageOfPage\":{\"@id\":\"https:\/\/vincentians.com\/fr\/ephemerides-16-novembre\/#primaryimage\"},\"image\":{\"@id\":\"https:\/\/vincentians.com\/fr\/ephemerides-16-novembre\/#primaryimage\"},\"thumbnailUrl\":\"https:\/\/i0.wp.com\/vincentians.com\/fr\/wp-content\/uploads\/sites\/10\/2016\/07\/ephemerides-fb.jpg?fit=1200%2C630\",\"datePublished\":\"2016-11-15T23:01:17+00:00\",\"author\":{\"@id\":\"https:\/\/vincentians.com\/fr\/#\/schema\/person\/9623ef4d9aa3b2dfb8c061f1499288f2\"},\"breadcrumb\":{\"@id\":\"https:\/\/vincentians.com\/fr\/ephemerides-16-novembre\/#breadcrumb\"},\"inLanguage\":\"fr-FR\",\"potentialAction\":[{\"@type\":\"ReadAction\",\"target\":[\"https:\/\/vincentians.com\/fr\/ephemerides-16-novembre\/\"]}]},{\"@type\":\"ImageObject\",\"inLanguage\":\"fr-FR\",\"@id\":\"https:\/\/vincentians.com\/fr\/ephemerides-16-novembre\/#primaryimage\",\"url\":\"https:\/\/i0.wp.com\/vincentians.com\/fr\/wp-content\/uploads\/sites\/10\/2016\/07\/ephemerides-fb.jpg?fit=1200%2C630\",\"contentUrl\":\"https:\/\/i0.wp.com\/vincentians.com\/fr\/wp-content\/uploads\/sites\/10\/2016\/07\/ephemerides-fb.jpg?fit=1200%2C630\",\"width\":1200,\"height\":630},{\"@type\":\"BreadcrumbList\",\"@id\":\"https:\/\/vincentians.com\/fr\/ephemerides-16-novembre\/#breadcrumb\",\"itemListElement\":[{\"@type\":\"ListItem\",\"position\":1,\"name\":\"Portada\",\"item\":\"https:\/\/vincentians.com\/fr\/\"},{\"@type\":\"ListItem\",\"position\":2,\"name\":\"Eph\u00e9m\u00e9rides: 16 novembre\"}]},{\"@type\":\"WebSite\",\"@id\":\"https:\/\/vincentians.com\/fr\/#website\",\"url\":\"https:\/\/vincentians.com\/fr\/\",\"name\":\"Nous Sommes Vincentiens\",\"description\":\"Know more to serve more\",\"potentialAction\":[{\"@type\":\"SearchAction\",\"target\":{\"@type\":\"EntryPoint\",\"urlTemplate\":\"https:\/\/vincentians.com\/fr\/?s={search_term_string}\"},\"query-input\":{\"@type\":\"PropertyValueSpecification\",\"valueRequired\":true,\"valueName\":\"search_term_string\"}}],\"inLanguage\":\"fr-FR\"},{\"@type\":\"Person\",\"@id\":\"https:\/\/vincentians.com\/fr\/#\/schema\/person\/9623ef4d9aa3b2dfb8c061f1499288f2\",\"name\":\"Francisco Javier Fern\u00e1ndez Chento\",\"image\":{\"@type\":\"ImageObject\",\"inLanguage\":\"fr-FR\",\"@id\":\"https:\/\/vincentians.com\/fr\/#\/schema\/person\/image\/\",\"url\":\"https:\/\/secure.gravatar.com\/avatar\/497d5cde87b4c3d097d0315953521681ba2cd523ee66e5077c3711f7021e65de?s=96&d=mm&r=g\",\"contentUrl\":\"https:\/\/secure.gravatar.com\/avatar\/497d5cde87b4c3d097d0315953521681ba2cd523ee66e5077c3711f7021e65de?s=96&d=mm&r=g\",\"caption\":\"Francisco Javier Fern\u00e1ndez Chento\"},\"description\":\"Director General y cofundador de La Red de Formaci\u00f3n Vicenciana. Javier es laico vicenciano, afiliado a la Congregaci\u00f3n de la Misi\u00f3n y miembro del Equipo de Misiones Populares de la provincia can\u00f3nica de Zaragoza (Espa\u00f1a) de la Congregaci\u00f3n de la Misi\u00f3n. Graduado en la Universidad Oberta de Catalunya con cuatro grados (Asistente de direcci\u00f3n, Gesti\u00f3n Administrativa, Recursos Humanos y Contabilidad Avanzada). Bil\u00edng\u00fce Espa\u00f1ol\/Ingl\u00e9s. gestiona y mantiene varias p\u00e1ginas web cristianas y vicencianas, incluida including La Red de Formaci\u00f3n Vicenciana, de la que es cofundador. Actualmente es responsable del \u00e1rea de Espa\u00f1ol de .famvin, la Red de Noticias de la Familia Vicenciana. Tambi\u00e9n es m\u00fasico cat\u00f3lico y ha editado varios discos. Es Director General y cofundador de Trovador, una reconocida compa\u00f1\u00eda discogr\u00e1fica critiana de Espa\u00f1a. Trabaja en las Tecnolog\u00edas de la Informaci\u00f3n, ofreciendo servicios de alojamiento, dise\u00f1o y mantenimiento Web, as\u00ed como asesoramiento, formaci\u00f3n y soluciones inform\u00e1ticas, gesti\u00f3n documental y digitalizaci\u00f3n de textos, edici\u00f3n y maquetaci\u00f3n de libros, revistas, flyers, etc.\",\"sameAs\":[\"http:\/\/chento.org\",\"https:\/\/www.facebook.com\/JavierChento\",\"https:\/\/x.com\/https:\/\/twitter.com\/javierchento\"],\"url\":\"http:\/\/vincentians.com\/fr\/author\/chento\/\"}]}<\/script>\n<!-- \/ Yoast SEO plugin. -->","yoast_head_json":{"title":"Eph\u00e9m\u00e9rides: 16 novembre - Nous Sommes Vincentiens","robots":{"index":"index","follow":"follow","max-snippet":"max-snippet:-1","max-image-preview":"max-image-preview:large","max-video-preview":"max-video-preview:-1"},"canonical":"https:\/\/vincentians.com\/fr\/ephemerides-16-novembre\/","og_locale":"fr_FR","og_type":"article","og_title":"Eph\u00e9m\u00e9rides: 16 novembre - Nous Sommes Vincentiens","og_description":"1654. Marie Joly qui est enfin arriv\u00e9e \u00e0 Paris (cf. 9 octobre 1654) ne peut r\u00e9sister \u00e0 la tentation qui la tenaille. Apr\u00e8s le repas, elle prend ses affaires et sans rien dire, quitte la ... Read More","og_url":"https:\/\/vincentians.com\/fr\/ephemerides-16-novembre\/","og_site_name":"Nous Sommes Vincentiens","article_publisher":"https:\/\/www.facebook.com\/WeAreVincentians\/","article_author":"https:\/\/www.facebook.com\/JavierChento","article_published_time":"2016-11-15T23:01:17+00:00","og_image":[{"width":1200,"height":630,"url":"https:\/\/i0.wp.com\/vincentians.com\/fr\/wp-content\/uploads\/sites\/10\/2016\/07\/ephemerides-fb.jpg?fit=1200%2C630&ssl=1","type":"image\/jpeg"}],"author":"Francisco Javier Fern\u00e1ndez Chento","twitter_card":"summary_large_image","twitter_creator":"@https:\/\/twitter.com\/javierchento","twitter_site":"@WeVincentians","twitter_misc":{"\u00c9crit par":"Francisco Javier Fern\u00e1ndez Chento","Dur\u00e9e de lecture estim\u00e9e":"4 minutes"},"schema":{"@context":"https:\/\/schema.org","@graph":[{"@type":"WebPage","@id":"https:\/\/vincentians.com\/fr\/ephemerides-16-novembre\/","url":"https:\/\/vincentians.com\/fr\/ephemerides-16-novembre\/","name":"Eph\u00e9m\u00e9rides: 16 novembre - Nous Sommes Vincentiens","isPartOf":{"@id":"https:\/\/vincentians.com\/fr\/#website"},"primaryImageOfPage":{"@id":"https:\/\/vincentians.com\/fr\/ephemerides-16-novembre\/#primaryimage"},"image":{"@id":"https:\/\/vincentians.com\/fr\/ephemerides-16-novembre\/#primaryimage"},"thumbnailUrl":"https:\/\/i0.wp.com\/vincentians.com\/fr\/wp-content\/uploads\/sites\/10\/2016\/07\/ephemerides-fb.jpg?fit=1200%2C630","datePublished":"2016-11-15T23:01:17+00:00","author":{"@id":"https:\/\/vincentians.com\/fr\/#\/schema\/person\/9623ef4d9aa3b2dfb8c061f1499288f2"},"breadcrumb":{"@id":"https:\/\/vincentians.com\/fr\/ephemerides-16-novembre\/#breadcrumb"},"inLanguage":"fr-FR","potentialAction":[{"@type":"ReadAction","target":["https:\/\/vincentians.com\/fr\/ephemerides-16-novembre\/"]}]},{"@type":"ImageObject","inLanguage":"fr-FR","@id":"https:\/\/vincentians.com\/fr\/ephemerides-16-novembre\/#primaryimage","url":"https:\/\/i0.wp.com\/vincentians.com\/fr\/wp-content\/uploads\/sites\/10\/2016\/07\/ephemerides-fb.jpg?fit=1200%2C630","contentUrl":"https:\/\/i0.wp.com\/vincentians.com\/fr\/wp-content\/uploads\/sites\/10\/2016\/07\/ephemerides-fb.jpg?fit=1200%2C630","width":1200,"height":630},{"@type":"BreadcrumbList","@id":"https:\/\/vincentians.com\/fr\/ephemerides-16-novembre\/#breadcrumb","itemListElement":[{"@type":"ListItem","position":1,"name":"Portada","item":"https:\/\/vincentians.com\/fr\/"},{"@type":"ListItem","position":2,"name":"Eph\u00e9m\u00e9rides: 16 novembre"}]},{"@type":"WebSite","@id":"https:\/\/vincentians.com\/fr\/#website","url":"https:\/\/vincentians.com\/fr\/","name":"Nous Sommes Vincentiens","description":"Know more to serve more","potentialAction":[{"@type":"SearchAction","target":{"@type":"EntryPoint","urlTemplate":"https:\/\/vincentians.com\/fr\/?s={search_term_string}"},"query-input":{"@type":"PropertyValueSpecification","valueRequired":true,"valueName":"search_term_string"}}],"inLanguage":"fr-FR"},{"@type":"Person","@id":"https:\/\/vincentians.com\/fr\/#\/schema\/person\/9623ef4d9aa3b2dfb8c061f1499288f2","name":"Francisco Javier Fern\u00e1ndez Chento","image":{"@type":"ImageObject","inLanguage":"fr-FR","@id":"https:\/\/vincentians.com\/fr\/#\/schema\/person\/image\/","url":"https:\/\/secure.gravatar.com\/avatar\/497d5cde87b4c3d097d0315953521681ba2cd523ee66e5077c3711f7021e65de?s=96&d=mm&r=g","contentUrl":"https:\/\/secure.gravatar.com\/avatar\/497d5cde87b4c3d097d0315953521681ba2cd523ee66e5077c3711f7021e65de?s=96&d=mm&r=g","caption":"Francisco Javier Fern\u00e1ndez Chento"},"description":"Director General y cofundador de La Red de Formaci\u00f3n Vicenciana. Javier es laico vicenciano, afiliado a la Congregaci\u00f3n de la Misi\u00f3n y miembro del Equipo de Misiones Populares de la provincia can\u00f3nica de Zaragoza (Espa\u00f1a) de la Congregaci\u00f3n de la Misi\u00f3n. Graduado en la Universidad Oberta de Catalunya con cuatro grados (Asistente de direcci\u00f3n, Gesti\u00f3n Administrativa, Recursos Humanos y Contabilidad Avanzada). Bil\u00edng\u00fce Espa\u00f1ol\/Ingl\u00e9s. gestiona y mantiene varias p\u00e1ginas web cristianas y vicencianas, incluida including La Red de Formaci\u00f3n Vicenciana, de la que es cofundador. Actualmente es responsable del \u00e1rea de Espa\u00f1ol de .famvin, la Red de Noticias de la Familia Vicenciana. Tambi\u00e9n es m\u00fasico cat\u00f3lico y ha editado varios discos. Es Director General y cofundador de Trovador, una reconocida compa\u00f1\u00eda discogr\u00e1fica critiana de Espa\u00f1a. Trabaja en las Tecnolog\u00edas de la Informaci\u00f3n, ofreciendo servicios de alojamiento, dise\u00f1o y mantenimiento Web, as\u00ed como asesoramiento, formaci\u00f3n y soluciones inform\u00e1ticas, gesti\u00f3n documental y digitalizaci\u00f3n de textos, edici\u00f3n y maquetaci\u00f3n de libros, revistas, flyers, etc.","sameAs":["http:\/\/chento.org","https:\/\/www.facebook.com\/JavierChento","https:\/\/x.com\/https:\/\/twitter.com\/javierchento"],"url":"http:\/\/vincentians.com\/fr\/author\/chento\/"}]}},"jetpack_publicize_connections":[],"jetpack_featured_media_url":"https:\/\/i0.wp.com\/vincentians.com\/fr\/wp-content\/uploads\/sites\/10\/2016\/07\/ephemerides-fb.jpg?fit=1200%2C630","jetpack_sharing_enabled":true,"jetpack_shortlink":"https:\/\/wp.me\/p7ETMP-r5P","jetpack-related-posts":[{"id":180862,"url":"http:\/\/vincentians.com\/fr\/ephemerides-21-fevrier\/","url_meta":{"origin":104149,"position":0},"title":"Eph\u00e9m\u00e9rides: 21 f\u00e9vrier","author":"Francisco Javier Fern\u00e1ndez Chento","date":"21\/02\/2017","format":false,"excerpt":"En 1631, Jean-Fran\u00e7ois de Gondi, archev\u00eaque de Paris, publie un mandement aux termes duquel tous les clercs qui voudraient recevoir les ordres sacr\u00e9s sont tenus de \u00abse pr\u00e9senter quinze jours auparavant pour \u00eatre interrog\u00e9s et instruits gratuitement de leurs obligations et des fonctions de leurs ordres\u00bb. Apr\u00e8s quelques objections, saint\u2026","rel":"","context":"Dans &quot;\u00c9ph\u00e9m\u00e9rides vincentiens&quot;","block_context":{"text":"\u00c9ph\u00e9m\u00e9rides vincentiens","link":"http:\/\/vincentians.com\/fr\/category\/ephemerides-vincentiens\/"},"img":{"alt_text":"","src":"https:\/\/i0.wp.com\/vincentians.com\/fr\/wp-content\/uploads\/sites\/10\/2016\/07\/ephemerides-fb.jpg?fit=1200%2C630&resize=350%2C200","width":350,"height":200,"srcset":"https:\/\/i0.wp.com\/vincentians.com\/fr\/wp-content\/uploads\/sites\/10\/2016\/07\/ephemerides-fb.jpg?fit=1200%2C630&resize=350%2C200 1x, https:\/\/i0.wp.com\/vincentians.com\/fr\/wp-content\/uploads\/sites\/10\/2016\/07\/ephemerides-fb.jpg?fit=1200%2C630&resize=525%2C300 1.5x, https:\/\/i0.wp.com\/vincentians.com\/fr\/wp-content\/uploads\/sites\/10\/2016\/07\/ephemerides-fb.jpg?fit=1200%2C630&resize=700%2C400 2x, https:\/\/i0.wp.com\/vincentians.com\/fr\/wp-content\/uploads\/sites\/10\/2016\/07\/ephemerides-fb.jpg?fit=1200%2C630&resize=1050%2C600 3x"},"classes":[]},{"id":104133,"url":"http:\/\/vincentians.com\/fr\/ephemerides-6-novembre\/","url_meta":{"origin":104149,"position":1},"title":"Eph\u00e9m\u00e9rides: 6 novembre","author":"Francisco Javier Fern\u00e1ndez Chento","date":"06\/11\/2016","format":false,"excerpt":"1640. D\u00e9part des premi\u00e8res Filles de la Charit\u00e9 pour l\u2019h\u00f4pital de Sedan. Un autre groupe partira en 1654\u00a0: \u201cVoyons leur dit saint Vincent, voyons ce que vous devez faire pour que Dieu soit honor\u00e9. Je crois, mes Soeurs, qu\u2019il ne faut autre chose que la pratique des vertus qui composent\u2026","rel":"","context":"Dans &quot;\u00c9ph\u00e9m\u00e9rides vincentiens&quot;","block_context":{"text":"\u00c9ph\u00e9m\u00e9rides vincentiens","link":"http:\/\/vincentians.com\/fr\/category\/ephemerides-vincentiens\/"},"img":{"alt_text":"","src":"https:\/\/i0.wp.com\/vincentians.com\/fr\/wp-content\/uploads\/sites\/10\/2016\/07\/ephemerides-fb.jpg?fit=1200%2C630&resize=350%2C200","width":350,"height":200,"srcset":"https:\/\/i0.wp.com\/vincentians.com\/fr\/wp-content\/uploads\/sites\/10\/2016\/07\/ephemerides-fb.jpg?fit=1200%2C630&resize=350%2C200 1x, https:\/\/i0.wp.com\/vincentians.com\/fr\/wp-content\/uploads\/sites\/10\/2016\/07\/ephemerides-fb.jpg?fit=1200%2C630&resize=525%2C300 1.5x, https:\/\/i0.wp.com\/vincentians.com\/fr\/wp-content\/uploads\/sites\/10\/2016\/07\/ephemerides-fb.jpg?fit=1200%2C630&resize=700%2C400 2x, https:\/\/i0.wp.com\/vincentians.com\/fr\/wp-content\/uploads\/sites\/10\/2016\/07\/ephemerides-fb.jpg?fit=1200%2C630&resize=1050%2C600 3x"},"classes":[]},{"id":104517,"url":"http:\/\/vincentians.com\/fr\/louise-de-marillac-lettre-0043-a-ma-soeur-barbe\/","url_meta":{"origin":104149,"position":2},"title":"Louise de Marillac, Lettre 0043: \u00e0 ma S\u0153ur Barbe","author":"Francisco Javier Fern\u00e1ndez Chento","date":"16\/08\/2016","format":false,"excerpt":"Fille de la Charit\u00e9, servante des Pauvres Malades, de la Paroisse Saint-Paul (\u00e0 Paris) (vers 1636). Ma Tr\u00e8s Ch\u00e8re S\u0153ur, Je suis bien en soin de la maladie de notre ch\u00e8re S\u0153ur que je salue de tout mon c\u0153ur, aux pieds de J\u00e9sus-Christ, souvent la conviant, par son saint amour,\u2026","rel":"","context":"Dans &quot;\u00c9crits de Louise de Marillac&quot;","block_context":{"text":"\u00c9crits de Louise de Marillac","link":"http:\/\/vincentians.com\/fr\/category\/ecrits-de-louise-de-marillac\/"},"img":{"alt_text":"","src":"https:\/\/i0.wp.com\/vincentians.com\/fr\/wp-content\/uploads\/sites\/10\/2016\/07\/cartas-luisa-de-marillac.jpg?fit=1200%2C630&resize=350%2C200","width":350,"height":200,"srcset":"https:\/\/i0.wp.com\/vincentians.com\/fr\/wp-content\/uploads\/sites\/10\/2016\/07\/cartas-luisa-de-marillac.jpg?fit=1200%2C630&resize=350%2C200 1x, https:\/\/i0.wp.com\/vincentians.com\/fr\/wp-content\/uploads\/sites\/10\/2016\/07\/cartas-luisa-de-marillac.jpg?fit=1200%2C630&resize=525%2C300 1.5x, https:\/\/i0.wp.com\/vincentians.com\/fr\/wp-content\/uploads\/sites\/10\/2016\/07\/cartas-luisa-de-marillac.jpg?fit=1200%2C630&resize=700%2C400 2x, https:\/\/i0.wp.com\/vincentians.com\/fr\/wp-content\/uploads\/sites\/10\/2016\/07\/cartas-luisa-de-marillac.jpg?fit=1200%2C630&resize=1050%2C600 3x"},"classes":[]},{"id":190171,"url":"http:\/\/vincentians.com\/fr\/ephemerides-11-septembre\/","url_meta":{"origin":104149,"position":3},"title":"Eph\u00e9m\u00e9rides : 11 septembre","author":"Francisco Javier Fern\u00e1ndez Chento","date":"11\/09\/2016","format":false,"excerpt":"1685. Monsieur Louis de Noailles, \u00e9v\u00eaque de Ch\u00e2lons sur Marne signe avec M\u00e8re Mathurine Gu\u00e9rin et les trois offici\u00e8res le contrat d\u2019\u00e9tablissement de deux S\u0153urs \u00e0 Etoges pour assister les pauvres malades et instruire les petites filles pauvres. Les rentes ont \u00e9t\u00e9 constitu\u00e9es par Monsieur d\u2019Anglure de Savigny. (C) 1702.\u2026","rel":"","context":"Dans &quot;\u00c9ph\u00e9m\u00e9rides vincentiens&quot;","block_context":{"text":"\u00c9ph\u00e9m\u00e9rides vincentiens","link":"http:\/\/vincentians.com\/fr\/category\/ephemerides-vincentiens\/"},"img":{"alt_text":"","src":"https:\/\/i0.wp.com\/vincentians.com\/fr\/wp-content\/uploads\/sites\/10\/2016\/07\/ephemerides-fb.jpg?fit=1200%2C630&resize=350%2C200","width":350,"height":200,"srcset":"https:\/\/i0.wp.com\/vincentians.com\/fr\/wp-content\/uploads\/sites\/10\/2016\/07\/ephemerides-fb.jpg?fit=1200%2C630&resize=350%2C200 1x, https:\/\/i0.wp.com\/vincentians.com\/fr\/wp-content\/uploads\/sites\/10\/2016\/07\/ephemerides-fb.jpg?fit=1200%2C630&resize=525%2C300 1.5x, https:\/\/i0.wp.com\/vincentians.com\/fr\/wp-content\/uploads\/sites\/10\/2016\/07\/ephemerides-fb.jpg?fit=1200%2C630&resize=700%2C400 2x, https:\/\/i0.wp.com\/vincentians.com\/fr\/wp-content\/uploads\/sites\/10\/2016\/07\/ephemerides-fb.jpg?fit=1200%2C630&resize=1050%2C600 3x"},"classes":[]},{"id":104126,"url":"http:\/\/vincentians.com\/fr\/ephemerides-21-novembre\/","url_meta":{"origin":104149,"position":4},"title":"Eph\u00e9m\u00e9rides: 21 novembre","author":"Francisco Javier Fern\u00e1ndez Chento","date":"21\/11\/2016","format":false,"excerpt":"1672. M\u00e8re Mathurine Gu\u00e9rin \u00e9crit \u00e0 l\u2019Ev\u00eaque de Cahors le remerciant d\u2019avoir permis le retrait des trois S\u0153urs de l\u2019h\u00f4pital Saint Jacques de sa ville \u00e9piscopale. Les trois S\u0153urs y ont longtemps souffert. (C) 1700. La f\u00eate de la Pr\u00e9sentation de la Vierge Marie oriente le sujet de la Conf\u00e9rence.\u2026","rel":"","context":"Dans &quot;\u00c9ph\u00e9m\u00e9rides vincentiens&quot;","block_context":{"text":"\u00c9ph\u00e9m\u00e9rides vincentiens","link":"http:\/\/vincentians.com\/fr\/category\/ephemerides-vincentiens\/"},"img":{"alt_text":"","src":"https:\/\/i0.wp.com\/vincentians.com\/fr\/wp-content\/uploads\/sites\/10\/2016\/07\/ephemerides-fb.jpg?fit=1200%2C630&resize=350%2C200","width":350,"height":200,"srcset":"https:\/\/i0.wp.com\/vincentians.com\/fr\/wp-content\/uploads\/sites\/10\/2016\/07\/ephemerides-fb.jpg?fit=1200%2C630&resize=350%2C200 1x, https:\/\/i0.wp.com\/vincentians.com\/fr\/wp-content\/uploads\/sites\/10\/2016\/07\/ephemerides-fb.jpg?fit=1200%2C630&resize=525%2C300 1.5x, https:\/\/i0.wp.com\/vincentians.com\/fr\/wp-content\/uploads\/sites\/10\/2016\/07\/ephemerides-fb.jpg?fit=1200%2C630&resize=700%2C400 2x, https:\/\/i0.wp.com\/vincentians.com\/fr\/wp-content\/uploads\/sites\/10\/2016\/07\/ephemerides-fb.jpg?fit=1200%2C630&resize=1050%2C600 3x"},"classes":[]},{"id":189314,"url":"http:\/\/vincentians.com\/fr\/ephemerides-27-juilliet\/","url_meta":{"origin":104149,"position":5},"title":"Eph\u00e9m\u00e9rides: 27 juilliet","author":"Francisco Javier Fern\u00e1ndez Chento","date":"27\/07\/2017","format":false,"excerpt":"1656. \u00abOn s\u2019assembla \u00e0 Saint-Lazare pour quelques n\u00e9cessit\u00e9s de la Compagnie, \u00e9crit Mathurine Gu\u00e9rin\u00a0: Monsieur Vincent, Monsieur Portail, Mademoiselle Le Gras et quatre ou cinq S\u0153urs. I1 s\u2019agissait de savoir si l\u2019on devait ou non garder une S\u0153ur dans la Compagnie. Apr\u00e8s le d\u00e9bat, Monsieur Vincent dit en conclusion\u00a0: \u201cIl\u2026","rel":"","context":"Dans &quot;\u00c9ph\u00e9m\u00e9rides vincentiens&quot;","block_context":{"text":"\u00c9ph\u00e9m\u00e9rides vincentiens","link":"http:\/\/vincentians.com\/fr\/category\/ephemerides-vincentiens\/"},"img":{"alt_text":"","src":"https:\/\/i0.wp.com\/vincentians.com\/fr\/wp-content\/uploads\/sites\/10\/2016\/07\/ephemerides-fb.jpg?fit=1200%2C630&resize=350%2C200","width":350,"height":200,"srcset":"https:\/\/i0.wp.com\/vincentians.com\/fr\/wp-content\/uploads\/sites\/10\/2016\/07\/ephemerides-fb.jpg?fit=1200%2C630&resize=350%2C200 1x, https:\/\/i0.wp.com\/vincentians.com\/fr\/wp-content\/uploads\/sites\/10\/2016\/07\/ephemerides-fb.jpg?fit=1200%2C630&resize=525%2C300 1.5x, https:\/\/i0.wp.com\/vincentians.com\/fr\/wp-content\/uploads\/sites\/10\/2016\/07\/ephemerides-fb.jpg?fit=1200%2C630&resize=700%2C400 2x, https:\/\/i0.wp.com\/vincentians.com\/fr\/wp-content\/uploads\/sites\/10\/2016\/07\/ephemerides-fb.jpg?fit=1200%2C630&resize=1050%2C600 3x"},"classes":[]}],"_links":{"self":[{"href":"http:\/\/vincentians.com\/fr\/wp-json\/wp\/v2\/posts\/104149","targetHints":{"allow":["GET"]}}],"collection":[{"href":"http:\/\/vincentians.com\/fr\/wp-json\/wp\/v2\/posts"}],"about":[{"href":"http:\/\/vincentians.com\/fr\/wp-json\/wp\/v2\/types\/post"}],"author":[{"embeddable":true,"href":"http:\/\/vincentians.com\/fr\/wp-json\/wp\/v2\/users\/4"}],"replies":[{"embeddable":true,"href":"http:\/\/vincentians.com\/fr\/wp-json\/wp\/v2\/comments?post=104149"}],"version-history":[{"count":0,"href":"http:\/\/vincentians.com\/fr\/wp-json\/wp\/v2\/posts\/104149\/revisions"}],"wp:featuredmedia":[{"embeddable":true,"href":"http:\/\/vincentians.com\/fr\/wp-json\/wp\/v2\/media\/149897"}],"wp:attachment":[{"href":"http:\/\/vincentians.com\/fr\/wp-json\/wp\/v2\/media?parent=104149"}],"wp:term":[{"taxonomy":"category","embeddable":true,"href":"http:\/\/vincentians.com\/fr\/wp-json\/wp\/v2\/categories?post=104149"},{"taxonomy":"post_tag","embeddable":true,"href":"http:\/\/vincentians.com\/fr\/wp-json\/wp\/v2\/tags?post=104149"}],"curies":[{"name":"wp","href":"https:\/\/api.w.org\/{rel}","templated":true}]}}