{"id":104134,"date":"2016-11-05T00:01:17","date_gmt":"2016-11-04T23:01:17","guid":{"rendered":"http:\/\/vincentiens.org\/?p=104134"},"modified":"2016-08-08T19:05:41","modified_gmt":"2016-08-08T17:05:41","slug":"ephemerides-5-novembre","status":"publish","type":"post","link":"http:\/\/vincentians.com\/fr\/ephemerides-5-novembre\/","title":{"rendered":"Eph\u00e9m\u00e9rides: 5 novembre"},"content":{"rendered":"<p><strong>1650<\/strong>. Sainte Louise \u00e9crit \u00e0 S\u0153ur Jeanne de la Croix \u00e0 Serqueux\u00a0: \u201cOh\u00a0! que j\u2019ai trouv\u00e9 de consolation dans la d\u00e9solation de votre lettre. Oh\u00a0! qu\u2019il est vrai que les \u00e2mes que cherchent Dieu le trouvent partout, mais particuli\u00e8rement dans les Pauvres\u201d. Elle lui annonce\u00a0: \u201cIl partit la semaine pass\u00e9e quatre de nos S\u0153urs pour aller servir les pauvres bless\u00e9s et malades de Ch\u00e2lons\u201d. (R)<\/p>\n<p><strong>1688<\/strong>. Le procureur des magistrats de la ville de Pau et des administrateurs de l\u2019h\u00f4pital signe avec M\u00e8re Mathurine Gu\u00e9rin, les S\u0153urs offici\u00e8res et Monsieur Edme Jolly, le contrat d\u2019\u00e9tablissement de trois S\u0153urs \u00e0 l\u2019h\u00f4pital de Pau. Le voyage est long. A Bordeaux, c\u2019est l\u2019embarquement sur la Garonne. Une violente temp\u00eate s\u2019\u00e9l\u00e8ve. Les trois S\u0153urs Jeanne Gauvin, Marguerite Lhommois et Marguerite Mill\u00e9 invoquent Vincent de Paul et Louise de Marillac\u00a0: imm\u00e9diatement le calme revient. Les marins crient au miracle. (C)<\/p>\n<p><strong>1693<\/strong>. \u00c0 B\u00e9ziers, devant notaire, Fran\u00e7oise d\u2019Arnault, native de cette ville, au nom de la Compagnie des Filles de la Charit\u00e9, signe le contrat d\u2019\u00e9tablissement des deux S\u0153urs pour les malades de la ville. Fran\u00e7oise d\u2019Arnault et Perrine Goupil sont parties de Paris d\u00e8s le 19 juin 1692. (C)<\/p>\n<p><strong>1758<\/strong>. De Paris, deux Filles de la Charit\u00e9 s\u2019en vont s\u2019installer \u00e0 Cahors o\u00f9 les r\u00e9clame depuis quatre ans l\u2019\u00e9v\u00eaque, Alain de Solminihac. Avant de les laisser partir Monsieur Vincent leur a fait quelques recommandations pratiques qui l\u2019ont amen\u00e9 \u00e0 tracer un portrait peu flatteur des habitants de Cahors\u00a0: \u201cVous allez combattre le d\u00e9mon de ce pays qui est l\u2019orgueil\u2026 -Vous y verrez des personnes qui sont presque toujours en col\u00e8re, qui s\u2019emportent \u00e0 la moindre occasion\u2026 Ce sont des esprits suffisants qui aiment beaucoup \u00e0 parier.\u201d Il faut esp\u00e9rer que depuis trois cents ans la charit\u00e9 des Filles de Monsieur Vincent a rendu les Cadurciens plus sympathiques. D\u00e8s leur arriv\u00e9e, les deux S\u0153urs, Adrienne Plouvier et Louise Boucher, trouveront un travail surabondant Alain de Solminihac avait offert un h\u00f4pital et un orphelinat Monsieur Vincent n\u2019a accept\u00e9 que l\u2019orphelinat pour lequel il a r\u00e9dig\u00e9 un r\u00e8glement particulier. En fait les Soeurs devront, en plus de cette \u0153uvre, se charger de visiter les pauvres \u00e0 domicile (1).<\/p>\n<p><strong>1824<\/strong>. Les restes de sainte Louise sont transf\u00e9r\u00e9s rue du Bac. (R)<\/p>\n<p><strong>1910<\/strong>. \u00c0 l\u2019h\u00f4pital de Shanghai, Mgr Paul-L\u00e9on Ferrant, vicaire apostolique du Kiangsi septentrional, meurt des suites d\u2019une op\u00e9ration, \u00e0 l\u2019\u00e2ge de cinquante et un ans. N\u00e9 \u00e0 Werwicq, dans le dioc\u00e8se de Cambrai, le 2 juillet 1859, il a \u00e9t\u00e9, aussit\u00f4t apr\u00e8s l\u2019ordination sacerdotale qu\u2019il re\u00e7ut \u00e0 la Maison-M\u00e8re en 1884, envoy\u00e9 en Chine. Quatorze ans plus tard, sa charge de directeur de s\u00e9minaire, aux \u00eeles Tchousan, puis \u00e0 Hang-tch\u00e9ou, ayant mis en relief ses qualit\u00e9s d\u2019amabilit\u00e9 et de r\u00e9gularit\u00e9, il est demand\u00e9 comme coadjuteur par le v\u00e9n\u00e9rable Mgr Bray, alors \u00e2g\u00e9 de soixante-treize ans. Mgr Ferrant inaugura son administration personnelle du Kiangsi septentrional en 1905. \u00c0 cette \u00e9poque, il avait d\u00e9j\u00e0 connu les ravages des Boxeurs\u00a0; en 1906, il dut enregistrer le pillage et les meurtres qui d\u00e9sol\u00e8rent la mission de Nan-tchang. Mais il ne se d\u00e9monta pas, et six ans apr\u00e8s, l\u2019ann\u00e9e de sa mort, il pouvait, au terme de sa derni\u00e8re tourn\u00e9e pastorale, constater que le vicariat \u00e9tait en plein essor. Il y avait contribu\u00e9 par sa compr\u00e9hension aigu\u00eb des besoins de son troupeau et par son activit\u00e9 personnelle (2).<\/p>\n<p><strong>1946<\/strong>. \u00c0 Paris, mort de Fr\u00e8re Alphonse Hoefer. Fr\u00e8re Alphonse\u00a0! Avec sa barbiche, dont la coupe lui donnait une allure de grenadier du Second Empire, avec son accent tudesque et sa langue bien d\u00e9li\u00e9e, Fr\u00e8re Alphonse a laiss\u00e9 des images pittoresques dans le souvenir des anciens \u00e9l\u00e8ves de Cuvry et des \u00e9tudiants de Dax. Il eut le bonheur et l\u2019honneur d\u2019\u00eatre, d\u00e8s 1897, de l\u2019\u00e9quipe des d\u00e9fricheurs de Madagascar. \u00c0 ses talents de menuisier, unis \u00e0 ceux du Fr\u00e8re Renaudin, la Mission doit des constructions qui ont r\u00e9sist\u00e9 au temps, et parmi elles, la cath\u00e9drale en bois de Fort-Dauphin.<\/p>\n<p>&nbsp;<\/p>\n<dl>\n<dd>1) Coste, 1, 523-524.<\/dd>\n<dd>2) Annales, t. 76, pp. 62-64.<\/dd>\n<\/dl>\n","protected":false},"excerpt":{"rendered":"<p>1650. Sainte Louise \u00e9crit \u00e0 S\u0153ur Jeanne de la Croix \u00e0 Serqueux\u00a0: \u201cOh\u00a0! que j\u2019ai trouv\u00e9 de consolation dans la d\u00e9solation de votre lettre. Oh\u00a0! qu\u2019il est vrai que les \u00e2mes que cherchent Dieu le &#8230; <a href=\"http:\/\/vincentians.com\/fr\/ephemerides-5-novembre\/\" class=\"more-link\">Read More<\/a><\/p>\n","protected":false},"author":4,"featured_media":149897,"comment_status":"open","ping_status":"open","sticky":false,"template":"","format":"standard","meta":{"jetpack_post_was_ever_published":false,"_jetpack_newsletter_access":"","_jetpack_dont_email_post_to_subs":false,"_jetpack_newsletter_tier_id":0,"_jetpack_memberships_contains_paywalled_content":false,"_jetpack_memberships_contains_paid_content":false,"footnotes":"","jetpack_publicize_message":"","jetpack_publicize_feature_enabled":true,"jetpack_social_post_already_shared":true,"jetpack_social_options":{"image_generator_settings":{"template":"highway","default_image_id":0,"font":"","enabled":false},"version":2}},"categories":[119],"tags":[],"class_list":["post-104134","post","type-post","status-publish","format-standard","has-post-thumbnail","hentry","category-ephemerides-vincentiens"],"yoast_head":"<!-- This site is optimized with the Yoast SEO plugin v26.3 - https:\/\/yoast.com\/wordpress\/plugins\/seo\/ -->\n<title>Eph\u00e9m\u00e9rides: 5 novembre - Nous Sommes Vincentiens<\/title>\n<meta name=\"robots\" content=\"index, follow, max-snippet:-1, max-image-preview:large, max-video-preview:-1\" \/>\n<link rel=\"canonical\" href=\"http:\/\/vincentians.com\/fr\/ephemerides-5-novembre\/\" \/>\n<meta property=\"og:locale\" content=\"fr_FR\" \/>\n<meta property=\"og:type\" content=\"article\" \/>\n<meta property=\"og:title\" content=\"Eph\u00e9m\u00e9rides: 5 novembre - Nous Sommes Vincentiens\" \/>\n<meta property=\"og:description\" content=\"1650. Sainte Louise \u00e9crit \u00e0 S\u0153ur Jeanne de la Croix \u00e0 Serqueux\u00a0: \u201cOh\u00a0! que j\u2019ai trouv\u00e9 de consolation dans la d\u00e9solation de votre lettre. Oh\u00a0! qu\u2019il est vrai que les \u00e2mes que cherchent Dieu le ... Read More\" \/>\n<meta property=\"og:url\" content=\"http:\/\/vincentians.com\/fr\/ephemerides-5-novembre\/\" \/>\n<meta property=\"og:site_name\" content=\"Nous Sommes Vincentiens\" \/>\n<meta property=\"article:publisher\" content=\"https:\/\/www.facebook.com\/WeAreVincentians\/\" \/>\n<meta property=\"article:author\" content=\"https:\/\/www.facebook.com\/JavierChento\" \/>\n<meta property=\"article:published_time\" content=\"2016-11-04T23:01:17+00:00\" \/>\n<meta property=\"og:image\" content=\"https:\/\/i0.wp.com\/vincentians.com\/fr\/wp-content\/uploads\/sites\/10\/2016\/07\/ephemerides-fb.jpg?fit=1200%2C630\" \/>\n\t<meta property=\"og:image:width\" content=\"1200\" \/>\n\t<meta property=\"og:image:height\" content=\"630\" \/>\n\t<meta property=\"og:image:type\" content=\"image\/jpeg\" \/>\n<meta name=\"author\" content=\"Francisco Javier Fern\u00e1ndez Chento\" \/>\n<meta name=\"twitter:card\" content=\"summary_large_image\" \/>\n<meta name=\"twitter:creator\" content=\"@https:\/\/twitter.com\/javierchento\" \/>\n<meta name=\"twitter:site\" content=\"@WeVincentians\" \/>\n<meta name=\"twitter:label1\" content=\"\u00c9crit par\" \/>\n\t<meta name=\"twitter:data1\" content=\"Francisco Javier Fern\u00e1ndez Chento\" \/>\n\t<meta name=\"twitter:label2\" content=\"Dur\u00e9e de lecture estim\u00e9e\" \/>\n\t<meta name=\"twitter:data2\" content=\"4 minutes\" \/>\n<script type=\"application\/ld+json\" class=\"yoast-schema-graph\">{\"@context\":\"https:\/\/schema.org\",\"@graph\":[{\"@type\":\"WebPage\",\"@id\":\"http:\/\/vincentians.com\/fr\/ephemerides-5-novembre\/\",\"url\":\"http:\/\/vincentians.com\/fr\/ephemerides-5-novembre\/\",\"name\":\"Eph\u00e9m\u00e9rides: 5 novembre - Nous Sommes Vincentiens\",\"isPartOf\":{\"@id\":\"http:\/\/vincentians.com\/fr\/#website\"},\"primaryImageOfPage\":{\"@id\":\"http:\/\/vincentians.com\/fr\/ephemerides-5-novembre\/#primaryimage\"},\"image\":{\"@id\":\"http:\/\/vincentians.com\/fr\/ephemerides-5-novembre\/#primaryimage\"},\"thumbnailUrl\":\"https:\/\/i0.wp.com\/vincentians.com\/fr\/wp-content\/uploads\/sites\/10\/2016\/07\/ephemerides-fb.jpg?fit=1200%2C630\",\"datePublished\":\"2016-11-04T23:01:17+00:00\",\"author\":{\"@id\":\"http:\/\/vincentians.com\/fr\/#\/schema\/person\/9623ef4d9aa3b2dfb8c061f1499288f2\"},\"breadcrumb\":{\"@id\":\"http:\/\/vincentians.com\/fr\/ephemerides-5-novembre\/#breadcrumb\"},\"inLanguage\":\"fr-FR\",\"potentialAction\":[{\"@type\":\"ReadAction\",\"target\":[\"http:\/\/vincentians.com\/fr\/ephemerides-5-novembre\/\"]}]},{\"@type\":\"ImageObject\",\"inLanguage\":\"fr-FR\",\"@id\":\"http:\/\/vincentians.com\/fr\/ephemerides-5-novembre\/#primaryimage\",\"url\":\"https:\/\/i0.wp.com\/vincentians.com\/fr\/wp-content\/uploads\/sites\/10\/2016\/07\/ephemerides-fb.jpg?fit=1200%2C630\",\"contentUrl\":\"https:\/\/i0.wp.com\/vincentians.com\/fr\/wp-content\/uploads\/sites\/10\/2016\/07\/ephemerides-fb.jpg?fit=1200%2C630\",\"width\":1200,\"height\":630},{\"@type\":\"BreadcrumbList\",\"@id\":\"http:\/\/vincentians.com\/fr\/ephemerides-5-novembre\/#breadcrumb\",\"itemListElement\":[{\"@type\":\"ListItem\",\"position\":1,\"name\":\"Portada\",\"item\":\"http:\/\/vincentians.com\/fr\/\"},{\"@type\":\"ListItem\",\"position\":2,\"name\":\"Eph\u00e9m\u00e9rides: 5 novembre\"}]},{\"@type\":\"WebSite\",\"@id\":\"http:\/\/vincentians.com\/fr\/#website\",\"url\":\"http:\/\/vincentians.com\/fr\/\",\"name\":\"Nous Sommes Vincentiens\",\"description\":\"Know more to serve more\",\"potentialAction\":[{\"@type\":\"SearchAction\",\"target\":{\"@type\":\"EntryPoint\",\"urlTemplate\":\"http:\/\/vincentians.com\/fr\/?s={search_term_string}\"},\"query-input\":{\"@type\":\"PropertyValueSpecification\",\"valueRequired\":true,\"valueName\":\"search_term_string\"}}],\"inLanguage\":\"fr-FR\"},{\"@type\":\"Person\",\"@id\":\"http:\/\/vincentians.com\/fr\/#\/schema\/person\/9623ef4d9aa3b2dfb8c061f1499288f2\",\"name\":\"Francisco Javier Fern\u00e1ndez Chento\",\"image\":{\"@type\":\"ImageObject\",\"inLanguage\":\"fr-FR\",\"@id\":\"http:\/\/vincentians.com\/fr\/#\/schema\/person\/image\/\",\"url\":\"https:\/\/secure.gravatar.com\/avatar\/497d5cde87b4c3d097d0315953521681ba2cd523ee66e5077c3711f7021e65de?s=96&d=mm&r=g\",\"contentUrl\":\"https:\/\/secure.gravatar.com\/avatar\/497d5cde87b4c3d097d0315953521681ba2cd523ee66e5077c3711f7021e65de?s=96&d=mm&r=g\",\"caption\":\"Francisco Javier Fern\u00e1ndez Chento\"},\"description\":\"Director General y cofundador de La Red de Formaci\u00f3n Vicenciana. Javier es laico vicenciano, afiliado a la Congregaci\u00f3n de la Misi\u00f3n y miembro del Equipo de Misiones Populares de la provincia can\u00f3nica de Zaragoza (Espa\u00f1a) de la Congregaci\u00f3n de la Misi\u00f3n. Graduado en la Universidad Oberta de Catalunya con cuatro grados (Asistente de direcci\u00f3n, Gesti\u00f3n Administrativa, Recursos Humanos y Contabilidad Avanzada). Bil\u00edng\u00fce Espa\u00f1ol\/Ingl\u00e9s. gestiona y mantiene varias p\u00e1ginas web cristianas y vicencianas, incluida including La Red de Formaci\u00f3n Vicenciana, de la que es cofundador. Actualmente es responsable del \u00e1rea de Espa\u00f1ol de .famvin, la Red de Noticias de la Familia Vicenciana. Tambi\u00e9n es m\u00fasico cat\u00f3lico y ha editado varios discos. Es Director General y cofundador de Trovador, una reconocida compa\u00f1\u00eda discogr\u00e1fica critiana de Espa\u00f1a. Trabaja en las Tecnolog\u00edas de la Informaci\u00f3n, ofreciendo servicios de alojamiento, dise\u00f1o y mantenimiento Web, as\u00ed como asesoramiento, formaci\u00f3n y soluciones inform\u00e1ticas, gesti\u00f3n documental y digitalizaci\u00f3n de textos, edici\u00f3n y maquetaci\u00f3n de libros, revistas, flyers, etc.\",\"sameAs\":[\"http:\/\/chento.org\",\"https:\/\/www.facebook.com\/JavierChento\",\"https:\/\/x.com\/https:\/\/twitter.com\/javierchento\"],\"url\":\"http:\/\/vincentians.com\/fr\/author\/chento\/\"}]}<\/script>\n<!-- \/ Yoast SEO plugin. -->","yoast_head_json":{"title":"Eph\u00e9m\u00e9rides: 5 novembre - Nous Sommes Vincentiens","robots":{"index":"index","follow":"follow","max-snippet":"max-snippet:-1","max-image-preview":"max-image-preview:large","max-video-preview":"max-video-preview:-1"},"canonical":"http:\/\/vincentians.com\/fr\/ephemerides-5-novembre\/","og_locale":"fr_FR","og_type":"article","og_title":"Eph\u00e9m\u00e9rides: 5 novembre - Nous Sommes Vincentiens","og_description":"1650. Sainte Louise \u00e9crit \u00e0 S\u0153ur Jeanne de la Croix \u00e0 Serqueux\u00a0: \u201cOh\u00a0! que j\u2019ai trouv\u00e9 de consolation dans la d\u00e9solation de votre lettre. Oh\u00a0! qu\u2019il est vrai que les \u00e2mes que cherchent Dieu le ... Read More","og_url":"http:\/\/vincentians.com\/fr\/ephemerides-5-novembre\/","og_site_name":"Nous Sommes Vincentiens","article_publisher":"https:\/\/www.facebook.com\/WeAreVincentians\/","article_author":"https:\/\/www.facebook.com\/JavierChento","article_published_time":"2016-11-04T23:01:17+00:00","og_image":[{"width":1200,"height":630,"url":"https:\/\/i0.wp.com\/vincentians.com\/fr\/wp-content\/uploads\/sites\/10\/2016\/07\/ephemerides-fb.jpg?fit=1200%2C630","type":"image\/jpeg"}],"author":"Francisco Javier Fern\u00e1ndez Chento","twitter_card":"summary_large_image","twitter_creator":"@https:\/\/twitter.com\/javierchento","twitter_site":"@WeVincentians","twitter_misc":{"\u00c9crit par":"Francisco Javier Fern\u00e1ndez Chento","Dur\u00e9e de lecture estim\u00e9e":"4 minutes"},"schema":{"@context":"https:\/\/schema.org","@graph":[{"@type":"WebPage","@id":"http:\/\/vincentians.com\/fr\/ephemerides-5-novembre\/","url":"http:\/\/vincentians.com\/fr\/ephemerides-5-novembre\/","name":"Eph\u00e9m\u00e9rides: 5 novembre - Nous Sommes Vincentiens","isPartOf":{"@id":"http:\/\/vincentians.com\/fr\/#website"},"primaryImageOfPage":{"@id":"http:\/\/vincentians.com\/fr\/ephemerides-5-novembre\/#primaryimage"},"image":{"@id":"http:\/\/vincentians.com\/fr\/ephemerides-5-novembre\/#primaryimage"},"thumbnailUrl":"https:\/\/i0.wp.com\/vincentians.com\/fr\/wp-content\/uploads\/sites\/10\/2016\/07\/ephemerides-fb.jpg?fit=1200%2C630","datePublished":"2016-11-04T23:01:17+00:00","author":{"@id":"http:\/\/vincentians.com\/fr\/#\/schema\/person\/9623ef4d9aa3b2dfb8c061f1499288f2"},"breadcrumb":{"@id":"http:\/\/vincentians.com\/fr\/ephemerides-5-novembre\/#breadcrumb"},"inLanguage":"fr-FR","potentialAction":[{"@type":"ReadAction","target":["http:\/\/vincentians.com\/fr\/ephemerides-5-novembre\/"]}]},{"@type":"ImageObject","inLanguage":"fr-FR","@id":"http:\/\/vincentians.com\/fr\/ephemerides-5-novembre\/#primaryimage","url":"https:\/\/i0.wp.com\/vincentians.com\/fr\/wp-content\/uploads\/sites\/10\/2016\/07\/ephemerides-fb.jpg?fit=1200%2C630","contentUrl":"https:\/\/i0.wp.com\/vincentians.com\/fr\/wp-content\/uploads\/sites\/10\/2016\/07\/ephemerides-fb.jpg?fit=1200%2C630","width":1200,"height":630},{"@type":"BreadcrumbList","@id":"http:\/\/vincentians.com\/fr\/ephemerides-5-novembre\/#breadcrumb","itemListElement":[{"@type":"ListItem","position":1,"name":"Portada","item":"http:\/\/vincentians.com\/fr\/"},{"@type":"ListItem","position":2,"name":"Eph\u00e9m\u00e9rides: 5 novembre"}]},{"@type":"WebSite","@id":"http:\/\/vincentians.com\/fr\/#website","url":"http:\/\/vincentians.com\/fr\/","name":"Nous Sommes Vincentiens","description":"Know more to serve more","potentialAction":[{"@type":"SearchAction","target":{"@type":"EntryPoint","urlTemplate":"http:\/\/vincentians.com\/fr\/?s={search_term_string}"},"query-input":{"@type":"PropertyValueSpecification","valueRequired":true,"valueName":"search_term_string"}}],"inLanguage":"fr-FR"},{"@type":"Person","@id":"http:\/\/vincentians.com\/fr\/#\/schema\/person\/9623ef4d9aa3b2dfb8c061f1499288f2","name":"Francisco Javier Fern\u00e1ndez Chento","image":{"@type":"ImageObject","inLanguage":"fr-FR","@id":"http:\/\/vincentians.com\/fr\/#\/schema\/person\/image\/","url":"https:\/\/secure.gravatar.com\/avatar\/497d5cde87b4c3d097d0315953521681ba2cd523ee66e5077c3711f7021e65de?s=96&d=mm&r=g","contentUrl":"https:\/\/secure.gravatar.com\/avatar\/497d5cde87b4c3d097d0315953521681ba2cd523ee66e5077c3711f7021e65de?s=96&d=mm&r=g","caption":"Francisco Javier Fern\u00e1ndez Chento"},"description":"Director General y cofundador de La Red de Formaci\u00f3n Vicenciana. Javier es laico vicenciano, afiliado a la Congregaci\u00f3n de la Misi\u00f3n y miembro del Equipo de Misiones Populares de la provincia can\u00f3nica de Zaragoza (Espa\u00f1a) de la Congregaci\u00f3n de la Misi\u00f3n. Graduado en la Universidad Oberta de Catalunya con cuatro grados (Asistente de direcci\u00f3n, Gesti\u00f3n Administrativa, Recursos Humanos y Contabilidad Avanzada). Bil\u00edng\u00fce Espa\u00f1ol\/Ingl\u00e9s. gestiona y mantiene varias p\u00e1ginas web cristianas y vicencianas, incluida including La Red de Formaci\u00f3n Vicenciana, de la que es cofundador. Actualmente es responsable del \u00e1rea de Espa\u00f1ol de .famvin, la Red de Noticias de la Familia Vicenciana. Tambi\u00e9n es m\u00fasico cat\u00f3lico y ha editado varios discos. Es Director General y cofundador de Trovador, una reconocida compa\u00f1\u00eda discogr\u00e1fica critiana de Espa\u00f1a. Trabaja en las Tecnolog\u00edas de la Informaci\u00f3n, ofreciendo servicios de alojamiento, dise\u00f1o y mantenimiento Web, as\u00ed como asesoramiento, formaci\u00f3n y soluciones inform\u00e1ticas, gesti\u00f3n documental y digitalizaci\u00f3n de textos, edici\u00f3n y maquetaci\u00f3n de libros, revistas, flyers, etc.","sameAs":["http:\/\/chento.org","https:\/\/www.facebook.com\/JavierChento","https:\/\/x.com\/https:\/\/twitter.com\/javierchento"],"url":"http:\/\/vincentians.com\/fr\/author\/chento\/"}]}},"jetpack_publicize_connections":[],"jetpack_featured_media_url":"https:\/\/i0.wp.com\/vincentians.com\/fr\/wp-content\/uploads\/sites\/10\/2016\/07\/ephemerides-fb.jpg?fit=1200%2C630","jetpack_sharing_enabled":true,"jetpack_shortlink":"https:\/\/wp.me\/p7ETMP-r5A","jetpack-related-posts":[{"id":103884,"url":"http:\/\/vincentians.com\/fr\/ephemerides-21-octobre\/","url_meta":{"origin":104134,"position":0},"title":"Eph\u00e9m\u00e9rides: 21 octobre","author":"Francisco Javier Fern\u00e1ndez Chento","date":"21\/10\/2016","format":false,"excerpt":"1639. Louise de Marillac propose aux deux S\u0153urs de Richelieu une profonde r\u00e9vision de vie. Depuis un an, elles soignent les pauvres et \u00e9duquent les petites filles, mais elles m\u00e8nent une vie tr\u00e8s ind\u00e9pendante l'une de l'autre. Louise de Marillac les invite \u00e0 r\u00e9fl\u00e9chir \u00e0 la mission re\u00e7ue, mission commune\u2026","rel":"","context":"Dans &quot;\u00c9ph\u00e9m\u00e9rides vincentiens&quot;","block_context":{"text":"\u00c9ph\u00e9m\u00e9rides vincentiens","link":"http:\/\/vincentians.com\/fr\/category\/ephemerides-vincentiens\/"},"img":{"alt_text":"","src":"https:\/\/i0.wp.com\/vincentians.com\/fr\/wp-content\/uploads\/sites\/10\/2016\/07\/ephemerides-fb.jpg?fit=1200%2C630&resize=350%2C200","width":350,"height":200,"srcset":"https:\/\/i0.wp.com\/vincentians.com\/fr\/wp-content\/uploads\/sites\/10\/2016\/07\/ephemerides-fb.jpg?fit=1200%2C630&resize=350%2C200 1x, https:\/\/i0.wp.com\/vincentians.com\/fr\/wp-content\/uploads\/sites\/10\/2016\/07\/ephemerides-fb.jpg?fit=1200%2C630&resize=525%2C300 1.5x, https:\/\/i0.wp.com\/vincentians.com\/fr\/wp-content\/uploads\/sites\/10\/2016\/07\/ephemerides-fb.jpg?fit=1200%2C630&resize=700%2C400 2x, https:\/\/i0.wp.com\/vincentians.com\/fr\/wp-content\/uploads\/sites\/10\/2016\/07\/ephemerides-fb.jpg?fit=1200%2C630&resize=1050%2C600 3x"},"classes":[]},{"id":42953,"url":"http:\/\/vincentians.com\/fr\/marguerite-rutan-une-intrepide-fille-de-saint-vincent\/","url_meta":{"origin":104134,"position":1},"title":"Marguerite Rutan, une intr\u00e9pide fille de Saint Vincent","author":"Francisco Javier Fern\u00e1ndez Chento","date":"14\/11\/2013","format":false,"excerpt":"Le 19 juin 2011, plus de deux cents ans apr\u00e8s sa\u00a0d\u00e9capitation, s\u0153ur Marguerite Rutan,\u00a0premi\u00e8re sup\u00e9rieure de l'h\u00f4pital, sera\u00a0b\u00e9atifi\u00e9e par l'\u00e9missaire du pape dans les\u00a0ar\u00e8nes de la ville. Sous l'\u00e9gide de Mgr\u00a0Breton, un comit\u00e9 permanent et 15 \u00ab\u00a0animateurs de chantiers \u00bb pr\u00e9parent la\u00a0b\u00e9atification de s\u0153ur Marguerite Rutan. Il fut un temps\u2026","rel":"","context":"Dans &quot;Marguerite Rutan&quot;","block_context":{"text":"Marguerite Rutan","link":"http:\/\/vincentians.com\/fr\/category\/marguerite-rutan\/"},"img":{"alt_text":"","src":"https:\/\/i0.wp.com\/vincentiens.org\/wp-content\/uploads\/2012\/10\/rutan1-143x300.jpg?resize=350%2C200","width":350,"height":200},"classes":[]},{"id":190400,"url":"http:\/\/vincentians.com\/fr\/ephemerides-09-avril\/","url_meta":{"origin":104134,"position":2},"title":"Eph\u00e9m\u00e9rides : 09 avril","author":"Francisco Javier Fern\u00e1ndez Chento","date":"09\/04\/2017","format":false,"excerpt":"1651. \u00c0 Paris , mort d'Adrien Le Bon, de l'Ordre des Chanoines r\u00e9guliers de Saint-Augustin et prieur de Saint-Lazare. Quand il vit que ce grand bienfaiteur de la petite Compagnie allait quitter cette terre, Monsieur Vincent r\u00e9unit autour du lit du malade tous les missionnaires de la maison et r\u00e9cita\u2026","rel":"","context":"Dans &quot;\u00c9ph\u00e9m\u00e9rides vincentiens&quot;","block_context":{"text":"\u00c9ph\u00e9m\u00e9rides vincentiens","link":"http:\/\/vincentians.com\/fr\/category\/ephemerides-vincentiens\/"},"img":{"alt_text":"","src":"https:\/\/i0.wp.com\/vincentians.com\/fr\/wp-content\/uploads\/sites\/10\/2016\/07\/ephemerides-fb.jpg?fit=1200%2C630&resize=350%2C200","width":350,"height":200,"srcset":"https:\/\/i0.wp.com\/vincentians.com\/fr\/wp-content\/uploads\/sites\/10\/2016\/07\/ephemerides-fb.jpg?fit=1200%2C630&resize=350%2C200 1x, https:\/\/i0.wp.com\/vincentians.com\/fr\/wp-content\/uploads\/sites\/10\/2016\/07\/ephemerides-fb.jpg?fit=1200%2C630&resize=525%2C300 1.5x, https:\/\/i0.wp.com\/vincentians.com\/fr\/wp-content\/uploads\/sites\/10\/2016\/07\/ephemerides-fb.jpg?fit=1200%2C630&resize=700%2C400 2x, https:\/\/i0.wp.com\/vincentians.com\/fr\/wp-content\/uploads\/sites\/10\/2016\/07\/ephemerides-fb.jpg?fit=1200%2C630&resize=1050%2C600 3x"},"classes":[]},{"id":190228,"url":"http:\/\/vincentians.com\/fr\/ephemerides-07-octobre\/","url_meta":{"origin":104134,"position":3},"title":"Eph\u00e9m\u00e9rides : 07 octobre","author":"Francisco Javier Fern\u00e1ndez Chento","date":"07\/10\/2016","format":false,"excerpt":"1658. Sainte Louise \u00e9crit \u00e0 S\u0153ur Henriette Gesseaume, Fille de la Charit\u00e9, Servante des Pauvres Malades et Bless\u00e9s \u00e0 Calais lui recommandant d\u2019\u00eatre tr\u00e8s prudente et d\u00e9sint\u00e9ress\u00e9e dans ce service\u00a0: \u201cIl faut essayer de ne point donner sujet de parler des conduites de nos S\u0153urs qui doivent toujours \u00eatre dans\u2026","rel":"","context":"Dans &quot;\u00c9ph\u00e9m\u00e9rides vincentiens&quot;","block_context":{"text":"\u00c9ph\u00e9m\u00e9rides vincentiens","link":"http:\/\/vincentians.com\/fr\/category\/ephemerides-vincentiens\/"},"img":{"alt_text":"","src":"https:\/\/i0.wp.com\/vincentians.com\/fr\/wp-content\/uploads\/sites\/10\/2016\/07\/ephemerides-fb.jpg?fit=1200%2C630&resize=350%2C200","width":350,"height":200,"srcset":"https:\/\/i0.wp.com\/vincentians.com\/fr\/wp-content\/uploads\/sites\/10\/2016\/07\/ephemerides-fb.jpg?fit=1200%2C630&resize=350%2C200 1x, https:\/\/i0.wp.com\/vincentians.com\/fr\/wp-content\/uploads\/sites\/10\/2016\/07\/ephemerides-fb.jpg?fit=1200%2C630&resize=525%2C300 1.5x, https:\/\/i0.wp.com\/vincentians.com\/fr\/wp-content\/uploads\/sites\/10\/2016\/07\/ephemerides-fb.jpg?fit=1200%2C630&resize=700%2C400 2x, https:\/\/i0.wp.com\/vincentians.com\/fr\/wp-content\/uploads\/sites\/10\/2016\/07\/ephemerides-fb.jpg?fit=1200%2C630&resize=1050%2C600 3x"},"classes":[]},{"id":104137,"url":"http:\/\/vincentians.com\/fr\/ephemerides-2-novembre\/","url_meta":{"origin":104134,"position":4},"title":"Eph\u00e9m\u00e9rides: 2 novembre","author":"Francisco Javier Fern\u00e1ndez Chento","date":"02\/11\/2016","format":false,"excerpt":"1651. \u00c0 Varsovie, c\u2019est dans les d\u00e9buts de novembre qu\u2019arrive la premi\u00e8re \u00e9quipe missionnaire envoy\u00e9e par Monsieur Vincent lui-m\u00eame. Il r\u00e9pond de la sorte \u00e0 une lettre de la reine Louise-Marie de Gonzague qui l\u2019a suppli\u00e9 de donner quelques-uns de ses fils \u00e0 la Pologne. Avant son mariage avec le\u2026","rel":"","context":"Dans &quot;\u00c9ph\u00e9m\u00e9rides vincentiens&quot;","block_context":{"text":"\u00c9ph\u00e9m\u00e9rides vincentiens","link":"http:\/\/vincentians.com\/fr\/category\/ephemerides-vincentiens\/"},"img":{"alt_text":"","src":"https:\/\/i0.wp.com\/vincentians.com\/fr\/wp-content\/uploads\/sites\/10\/2016\/07\/ephemerides-fb.jpg?fit=1200%2C630&resize=350%2C200","width":350,"height":200,"srcset":"https:\/\/i0.wp.com\/vincentians.com\/fr\/wp-content\/uploads\/sites\/10\/2016\/07\/ephemerides-fb.jpg?fit=1200%2C630&resize=350%2C200 1x, https:\/\/i0.wp.com\/vincentians.com\/fr\/wp-content\/uploads\/sites\/10\/2016\/07\/ephemerides-fb.jpg?fit=1200%2C630&resize=525%2C300 1.5x, https:\/\/i0.wp.com\/vincentians.com\/fr\/wp-content\/uploads\/sites\/10\/2016\/07\/ephemerides-fb.jpg?fit=1200%2C630&resize=700%2C400 2x, https:\/\/i0.wp.com\/vincentians.com\/fr\/wp-content\/uploads\/sites\/10\/2016\/07\/ephemerides-fb.jpg?fit=1200%2C630&resize=1050%2C600 3x"},"classes":[]},{"id":189316,"url":"http:\/\/vincentians.com\/fr\/ephemerides-26-juilliet\/","url_meta":{"origin":104134,"position":5},"title":"Eph\u00e9m\u00e9rides: 26 juilliet","author":"Francisco Javier Fern\u00e1ndez Chento","date":"26\/07\/2017","format":false,"excerpt":"1646. Louise de Marillac part de Paris pour aller conduire six S\u0153urs \u00e0 l\u2019h\u00f4pital de Nantes\u00a0: Elisabeth Martin la S\u0153ur Servante, Claude Carr\u00e9, l\u2019assistante, Marguerite Noret, Catherine Bagard, Perrette de Sedan, Antoinette Duhamel. Sont aussi du voyage Elisabeth Turgis qui rejoint en cours de route la petite communaut\u00e9 de Richelieu,\u2026","rel":"","context":"Dans &quot;\u00c9ph\u00e9m\u00e9rides vincentiens&quot;","block_context":{"text":"\u00c9ph\u00e9m\u00e9rides vincentiens","link":"http:\/\/vincentians.com\/fr\/category\/ephemerides-vincentiens\/"},"img":{"alt_text":"","src":"https:\/\/i0.wp.com\/vincentians.com\/fr\/wp-content\/uploads\/sites\/10\/2016\/07\/ephemerides-fb.jpg?fit=1200%2C630&resize=350%2C200","width":350,"height":200,"srcset":"https:\/\/i0.wp.com\/vincentians.com\/fr\/wp-content\/uploads\/sites\/10\/2016\/07\/ephemerides-fb.jpg?fit=1200%2C630&resize=350%2C200 1x, https:\/\/i0.wp.com\/vincentians.com\/fr\/wp-content\/uploads\/sites\/10\/2016\/07\/ephemerides-fb.jpg?fit=1200%2C630&resize=525%2C300 1.5x, https:\/\/i0.wp.com\/vincentians.com\/fr\/wp-content\/uploads\/sites\/10\/2016\/07\/ephemerides-fb.jpg?fit=1200%2C630&resize=700%2C400 2x, https:\/\/i0.wp.com\/vincentians.com\/fr\/wp-content\/uploads\/sites\/10\/2016\/07\/ephemerides-fb.jpg?fit=1200%2C630&resize=1050%2C600 3x"},"classes":[]}],"_links":{"self":[{"href":"http:\/\/vincentians.com\/fr\/wp-json\/wp\/v2\/posts\/104134","targetHints":{"allow":["GET"]}}],"collection":[{"href":"http:\/\/vincentians.com\/fr\/wp-json\/wp\/v2\/posts"}],"about":[{"href":"http:\/\/vincentians.com\/fr\/wp-json\/wp\/v2\/types\/post"}],"author":[{"embeddable":true,"href":"http:\/\/vincentians.com\/fr\/wp-json\/wp\/v2\/users\/4"}],"replies":[{"embeddable":true,"href":"http:\/\/vincentians.com\/fr\/wp-json\/wp\/v2\/comments?post=104134"}],"version-history":[{"count":0,"href":"http:\/\/vincentians.com\/fr\/wp-json\/wp\/v2\/posts\/104134\/revisions"}],"wp:featuredmedia":[{"embeddable":true,"href":"http:\/\/vincentians.com\/fr\/wp-json\/wp\/v2\/media\/149897"}],"wp:attachment":[{"href":"http:\/\/vincentians.com\/fr\/wp-json\/wp\/v2\/media?parent=104134"}],"wp:term":[{"taxonomy":"category","embeddable":true,"href":"http:\/\/vincentians.com\/fr\/wp-json\/wp\/v2\/categories?post=104134"},{"taxonomy":"post_tag","embeddable":true,"href":"http:\/\/vincentians.com\/fr\/wp-json\/wp\/v2\/tags?post=104134"}],"curies":[{"name":"wp","href":"https:\/\/api.w.org\/{rel}","templated":true}]}}