{"id":103889,"date":"2016-10-25T00:01:17","date_gmt":"2016-10-24T22:01:17","guid":{"rendered":"http:\/\/vincentiens.org\/?p=103889"},"modified":"2016-08-08T19:03:32","modified_gmt":"2016-08-08T17:03:32","slug":"ephemerides-25-octobre","status":"publish","type":"post","link":"http:\/\/vincentians.com\/fr\/ephemerides-25-octobre\/","title":{"rendered":"Eph\u00e9m\u00e9rides: 25 octobre"},"content":{"rendered":"<p><strong>1674<\/strong>. \u00c0 Versailles, les Pr\u00eatres de la Mission commencent la mission qui va se d\u00e9rouler jusqu\u2019au 18 novembre. Six pr\u00eatres et un fr\u00e8re ont pris possession de la cure royale l\u2019avant-veille. Et pour la dur\u00e9e de la Mission, M. Jolly leur a adjoint MM. Lebas et de Marthe. Les exercices se donnent dans l\u2019\u00e9glise Saint-Julien\u00a0: elle S\u2019\u00e9levait sur l\u2019emplacement de l\u2019actuel h\u00f4pital militaire et avait \u00e9t\u00e9 r\u00e9par\u00e9e et agrandie au d\u00e9but du XVe si\u00e8cle. Mais comme il l\u2019a fait, lors de la pr\u00e9c\u00e9dente mission de 1671, Louis XIV va constater que l\u2019\u00e9glise est trop petite pour contenir la foule, et, construction d\u2019un nouvel \u00e9difice religieux. Quand commence la mission, le premier Cur\u00e9 lazariste de Versailles, Nicolas Thibault, jusqu\u2019alors cur\u00e9 de Richelieu, n\u2019est pas encore sur place\u00a0: il n\u2019arrivera que le 10 novembre (1).<\/p>\n<p><strong>1715<\/strong>. La M\u00e8re Jeanne Chevreau assist\u00e9e des trois S\u0153urs offici\u00e8res donne, devant notaires, procuration \u00e0 S\u0153ur Antoinette Miette, S\u0153ur Servante \u00e0 l\u2019H\u00f4tel Dieu de la F\u00e8re, pour signer avec les Administrateurs l\u2019\u00e9tablissement d\u2019une quatri\u00e8me S\u0153ur dans cet h\u00f4pital. (C)<\/p>\n<p><strong>1786<\/strong>. \u00c0 Paris, Pierre-Ren\u00e9 Rogue, pr\u00eatre depuis quatre ans, est re\u00e7u au s\u00e9minaire interne (2).<\/p>\n<p><strong>1794<\/strong>. Arriv\u00e9e dans les prisons de Bordeaux de neuf Lazaristes, victimes de la R\u00e9volution. (R)<\/p>\n<p><strong>1939<\/strong>. \u00c0 Bernay, dans l&rsquo;Eure, dans sa r\u00e9sidence normande, M. Georges Goyau, secr\u00e9taire perp\u00e9tuel de l\u2019Acad\u00e9mie fran\u00e7aise, meurt \u00e0 l\u2019\u00e2ge de soixante-dix ans. Il a \u00e9t\u00e9 un tr\u00e8s grand bienfaiteur spirituel de la famille vincentienne. Et la petite Compagnie peut \u00eatre fi\u00e8re d\u2019avoir eu dans le c\u0153ur et dans l\u2019\u0153uvre de cet historien une place particuli\u00e8re. Non seulement sa plume infatigable a donn\u00e9 aux colonnes du Figaro plusieurs articles sur saint Vincent, sainte Louise de Marillac et sur leurs \u0153uvres\u00a0; mais, en 1938, il a enrichi la collection les Grands Ordres monastiques et Instituts religieux d\u2019un ouvrage de deux cent soixante pages intitul\u00e9 la Congr\u00e9gation de la Mission des Lazaristes. Document\u00e9 \u00e0 bonne source puisqu\u2019il se r\u00e9f\u00e9ra \u00e0 M. Coste, auquel il a d\u2019ailleurs d\u00e9di\u00e9 son travail, Georges Goyau a trac\u00e9 l\u00e0 une belle fresque vincentienne, accessible au grand public. Il a bross\u00e9 ce tableau avec son talent d\u2019\u00e9crivain, et aussi avec tout son c\u0153ur d\u2019ap\u00f4tre. Car c\u2019est au service d\u2019un authentique rayonnement chr\u00e9tien qu\u2019il voua tout son art et tout son labeur, comme le prouvent sa monumentale Histoire religieuse de la Nation fran\u00e7aise, cath\u00e9drale \u00e0 la gloire de la geste chr\u00e9tienne sur notre sol, et son Histoire des Missions, fruit des cours qu\u2019il donna \u00e0 l\u2019Institut Catholique de Paris, pour ne citer que les principaux parmi la soixantaine de volumes laiss\u00e9s par lui. Le rayonnement litt\u00e9raire et historique de Georges Goyau se doublait de celui de sa personnalit\u00e9\u00a0: avec sa fine barbiche et la limpidit\u00e9 de ses yeux bleus, ce petit homme, maigre, asc\u00e9tique, et chez qui, semblait-il, il n\u2019y avait que juste assez de mati\u00e8re pour supporter l\u2019\u00e2me, ce savant dont la serviabilit\u00e9 \u00e9tait immense, a donn\u00e9 \u00e0 tous ceux qui ont eu le bonheur de l\u2019approcher, l\u2019impression et la conviction qu\u2019avec Georges Goyau un reflet de saintet\u00e9 passait dans le monde (3).<\/p>\n<p><strong>1954<\/strong>. Au Congr\u00e8s Mariologique international, communication par M. Bugnini sur \u201cla M\u00e9daille dans le culte et dans la liturgie\u201d. La M\u00e9daille est un r\u00e9sum\u00e9 des principaux dogmes de notre Foi\u00a0: l\u2019Immacul\u00e9e-Conception\u00a0; l\u2019Incarnation\u00a0; la R\u00e9demption. Elle parle de l\u2019intercession de Marie pour nous, pauvres p\u00e9cheurs. (R)<\/p>\n<dl>\n<dd>1) Circulaires, t. I, pp. 161-164\u00a0: Annales. t. 84, pp. 1129-1130\u00a0: Bulletin de la Commission des Antiquit\u00e9s et des Arts (Seine-et-Oise), vol. I, pp. 62-64.<\/dd>\n<dd>2) Annales, t. 99. p. 498.<\/dd>\n<dd>3) Annales, t. 105, pp. 79-84\u00a0; t. 103, p. 633.<\/dd>\n<\/dl>\n","protected":false},"excerpt":{"rendered":"<p>1674. \u00c0 Versailles, les Pr\u00eatres de la Mission commencent la mission qui va se d\u00e9rouler jusqu\u2019au 18 novembre. Six pr\u00eatres et un fr\u00e8re ont pris possession de la cure royale l\u2019avant-veille. Et pour la dur\u00e9e &#8230; <a href=\"http:\/\/vincentians.com\/fr\/ephemerides-25-octobre\/\" class=\"more-link\">Read More<\/a><\/p>\n","protected":false},"author":4,"featured_media":149897,"comment_status":"open","ping_status":"open","sticky":false,"template":"","format":"standard","meta":{"jetpack_post_was_ever_published":false,"_jetpack_newsletter_access":"","_jetpack_dont_email_post_to_subs":false,"_jetpack_newsletter_tier_id":0,"_jetpack_memberships_contains_paywalled_content":false,"_jetpack_memberships_contains_paid_content":false,"footnotes":"","jetpack_publicize_message":"","jetpack_publicize_feature_enabled":true,"jetpack_social_post_already_shared":true,"jetpack_social_options":{"image_generator_settings":{"template":"highway","default_image_id":0,"font":"","enabled":false},"version":2}},"categories":[119],"tags":[],"class_list":["post-103889","post","type-post","status-publish","format-standard","has-post-thumbnail","hentry","category-ephemerides-vincentiens"],"yoast_head":"<!-- This site is optimized with the Yoast SEO plugin v26.3 - https:\/\/yoast.com\/wordpress\/plugins\/seo\/ -->\n<title>Eph\u00e9m\u00e9rides: 25 octobre - Nous Sommes Vincentiens<\/title>\n<meta name=\"robots\" content=\"index, follow, max-snippet:-1, max-image-preview:large, max-video-preview:-1\" \/>\n<link rel=\"canonical\" href=\"https:\/\/vincentians.com\/fr\/ephemerides-25-octobre\/\" \/>\n<meta property=\"og:locale\" content=\"fr_FR\" \/>\n<meta property=\"og:type\" content=\"article\" \/>\n<meta property=\"og:title\" content=\"Eph\u00e9m\u00e9rides: 25 octobre - Nous Sommes Vincentiens\" \/>\n<meta property=\"og:description\" content=\"1674. \u00c0 Versailles, les Pr\u00eatres de la Mission commencent la mission qui va se d\u00e9rouler jusqu\u2019au 18 novembre. Six pr\u00eatres et un fr\u00e8re ont pris possession de la cure royale l\u2019avant-veille. Et pour la dur\u00e9e ... Read More\" \/>\n<meta property=\"og:url\" content=\"https:\/\/vincentians.com\/fr\/ephemerides-25-octobre\/\" \/>\n<meta property=\"og:site_name\" content=\"Nous Sommes Vincentiens\" \/>\n<meta property=\"article:publisher\" content=\"https:\/\/www.facebook.com\/WeAreVincentians\/\" \/>\n<meta property=\"article:author\" content=\"https:\/\/www.facebook.com\/JavierChento\" \/>\n<meta property=\"article:published_time\" content=\"2016-10-24T22:01:17+00:00\" \/>\n<meta property=\"og:image\" content=\"https:\/\/i0.wp.com\/vincentians.com\/fr\/wp-content\/uploads\/sites\/10\/2016\/07\/ephemerides-fb.jpg?fit=1200%2C630&ssl=1\" \/>\n\t<meta property=\"og:image:width\" content=\"1200\" \/>\n\t<meta property=\"og:image:height\" content=\"630\" \/>\n\t<meta property=\"og:image:type\" content=\"image\/jpeg\" \/>\n<meta name=\"author\" content=\"Francisco Javier Fern\u00e1ndez Chento\" \/>\n<meta name=\"twitter:card\" content=\"summary_large_image\" \/>\n<meta name=\"twitter:creator\" content=\"@https:\/\/twitter.com\/javierchento\" \/>\n<meta name=\"twitter:site\" content=\"@WeVincentians\" \/>\n<meta name=\"twitter:label1\" content=\"\u00c9crit par\" \/>\n\t<meta name=\"twitter:data1\" content=\"Francisco Javier Fern\u00e1ndez Chento\" \/>\n\t<meta name=\"twitter:label2\" content=\"Dur\u00e9e de lecture estim\u00e9e\" \/>\n\t<meta name=\"twitter:data2\" content=\"3 minutes\" \/>\n<script type=\"application\/ld+json\" class=\"yoast-schema-graph\">{\"@context\":\"https:\/\/schema.org\",\"@graph\":[{\"@type\":\"WebPage\",\"@id\":\"https:\/\/vincentians.com\/fr\/ephemerides-25-octobre\/\",\"url\":\"https:\/\/vincentians.com\/fr\/ephemerides-25-octobre\/\",\"name\":\"Eph\u00e9m\u00e9rides: 25 octobre - Nous Sommes Vincentiens\",\"isPartOf\":{\"@id\":\"https:\/\/vincentians.com\/fr\/#website\"},\"primaryImageOfPage\":{\"@id\":\"https:\/\/vincentians.com\/fr\/ephemerides-25-octobre\/#primaryimage\"},\"image\":{\"@id\":\"https:\/\/vincentians.com\/fr\/ephemerides-25-octobre\/#primaryimage\"},\"thumbnailUrl\":\"https:\/\/i0.wp.com\/vincentians.com\/fr\/wp-content\/uploads\/sites\/10\/2016\/07\/ephemerides-fb.jpg?fit=1200%2C630\",\"datePublished\":\"2016-10-24T22:01:17+00:00\",\"author\":{\"@id\":\"https:\/\/vincentians.com\/fr\/#\/schema\/person\/9623ef4d9aa3b2dfb8c061f1499288f2\"},\"breadcrumb\":{\"@id\":\"https:\/\/vincentians.com\/fr\/ephemerides-25-octobre\/#breadcrumb\"},\"inLanguage\":\"fr-FR\",\"potentialAction\":[{\"@type\":\"ReadAction\",\"target\":[\"https:\/\/vincentians.com\/fr\/ephemerides-25-octobre\/\"]}]},{\"@type\":\"ImageObject\",\"inLanguage\":\"fr-FR\",\"@id\":\"https:\/\/vincentians.com\/fr\/ephemerides-25-octobre\/#primaryimage\",\"url\":\"https:\/\/i0.wp.com\/vincentians.com\/fr\/wp-content\/uploads\/sites\/10\/2016\/07\/ephemerides-fb.jpg?fit=1200%2C630\",\"contentUrl\":\"https:\/\/i0.wp.com\/vincentians.com\/fr\/wp-content\/uploads\/sites\/10\/2016\/07\/ephemerides-fb.jpg?fit=1200%2C630\",\"width\":1200,\"height\":630},{\"@type\":\"BreadcrumbList\",\"@id\":\"https:\/\/vincentians.com\/fr\/ephemerides-25-octobre\/#breadcrumb\",\"itemListElement\":[{\"@type\":\"ListItem\",\"position\":1,\"name\":\"Portada\",\"item\":\"https:\/\/vincentians.com\/fr\/\"},{\"@type\":\"ListItem\",\"position\":2,\"name\":\"Eph\u00e9m\u00e9rides: 25 octobre\"}]},{\"@type\":\"WebSite\",\"@id\":\"https:\/\/vincentians.com\/fr\/#website\",\"url\":\"https:\/\/vincentians.com\/fr\/\",\"name\":\"Nous Sommes Vincentiens\",\"description\":\"Know more to serve more\",\"potentialAction\":[{\"@type\":\"SearchAction\",\"target\":{\"@type\":\"EntryPoint\",\"urlTemplate\":\"https:\/\/vincentians.com\/fr\/?s={search_term_string}\"},\"query-input\":{\"@type\":\"PropertyValueSpecification\",\"valueRequired\":true,\"valueName\":\"search_term_string\"}}],\"inLanguage\":\"fr-FR\"},{\"@type\":\"Person\",\"@id\":\"https:\/\/vincentians.com\/fr\/#\/schema\/person\/9623ef4d9aa3b2dfb8c061f1499288f2\",\"name\":\"Francisco Javier Fern\u00e1ndez Chento\",\"image\":{\"@type\":\"ImageObject\",\"inLanguage\":\"fr-FR\",\"@id\":\"https:\/\/vincentians.com\/fr\/#\/schema\/person\/image\/\",\"url\":\"https:\/\/secure.gravatar.com\/avatar\/497d5cde87b4c3d097d0315953521681ba2cd523ee66e5077c3711f7021e65de?s=96&d=mm&r=g\",\"contentUrl\":\"https:\/\/secure.gravatar.com\/avatar\/497d5cde87b4c3d097d0315953521681ba2cd523ee66e5077c3711f7021e65de?s=96&d=mm&r=g\",\"caption\":\"Francisco Javier Fern\u00e1ndez Chento\"},\"description\":\"Director General y cofundador de La Red de Formaci\u00f3n Vicenciana. Javier es laico vicenciano, afiliado a la Congregaci\u00f3n de la Misi\u00f3n y miembro del Equipo de Misiones Populares de la provincia can\u00f3nica de Zaragoza (Espa\u00f1a) de la Congregaci\u00f3n de la Misi\u00f3n. Graduado en la Universidad Oberta de Catalunya con cuatro grados (Asistente de direcci\u00f3n, Gesti\u00f3n Administrativa, Recursos Humanos y Contabilidad Avanzada). Bil\u00edng\u00fce Espa\u00f1ol\/Ingl\u00e9s. gestiona y mantiene varias p\u00e1ginas web cristianas y vicencianas, incluida including La Red de Formaci\u00f3n Vicenciana, de la que es cofundador. Actualmente es responsable del \u00e1rea de Espa\u00f1ol de .famvin, la Red de Noticias de la Familia Vicenciana. Tambi\u00e9n es m\u00fasico cat\u00f3lico y ha editado varios discos. Es Director General y cofundador de Trovador, una reconocida compa\u00f1\u00eda discogr\u00e1fica critiana de Espa\u00f1a. Trabaja en las Tecnolog\u00edas de la Informaci\u00f3n, ofreciendo servicios de alojamiento, dise\u00f1o y mantenimiento Web, as\u00ed como asesoramiento, formaci\u00f3n y soluciones inform\u00e1ticas, gesti\u00f3n documental y digitalizaci\u00f3n de textos, edici\u00f3n y maquetaci\u00f3n de libros, revistas, flyers, etc.\",\"sameAs\":[\"http:\/\/chento.org\",\"https:\/\/www.facebook.com\/JavierChento\",\"https:\/\/x.com\/https:\/\/twitter.com\/javierchento\"],\"url\":\"http:\/\/vincentians.com\/fr\/author\/chento\/\"}]}<\/script>\n<!-- \/ Yoast SEO plugin. -->","yoast_head_json":{"title":"Eph\u00e9m\u00e9rides: 25 octobre - Nous Sommes Vincentiens","robots":{"index":"index","follow":"follow","max-snippet":"max-snippet:-1","max-image-preview":"max-image-preview:large","max-video-preview":"max-video-preview:-1"},"canonical":"https:\/\/vincentians.com\/fr\/ephemerides-25-octobre\/","og_locale":"fr_FR","og_type":"article","og_title":"Eph\u00e9m\u00e9rides: 25 octobre - Nous Sommes Vincentiens","og_description":"1674. \u00c0 Versailles, les Pr\u00eatres de la Mission commencent la mission qui va se d\u00e9rouler jusqu\u2019au 18 novembre. Six pr\u00eatres et un fr\u00e8re ont pris possession de la cure royale l\u2019avant-veille. Et pour la dur\u00e9e ... Read More","og_url":"https:\/\/vincentians.com\/fr\/ephemerides-25-octobre\/","og_site_name":"Nous Sommes Vincentiens","article_publisher":"https:\/\/www.facebook.com\/WeAreVincentians\/","article_author":"https:\/\/www.facebook.com\/JavierChento","article_published_time":"2016-10-24T22:01:17+00:00","og_image":[{"width":1200,"height":630,"url":"https:\/\/i0.wp.com\/vincentians.com\/fr\/wp-content\/uploads\/sites\/10\/2016\/07\/ephemerides-fb.jpg?fit=1200%2C630&ssl=1","type":"image\/jpeg"}],"author":"Francisco Javier Fern\u00e1ndez Chento","twitter_card":"summary_large_image","twitter_creator":"@https:\/\/twitter.com\/javierchento","twitter_site":"@WeVincentians","twitter_misc":{"\u00c9crit par":"Francisco Javier Fern\u00e1ndez Chento","Dur\u00e9e de lecture estim\u00e9e":"3 minutes"},"schema":{"@context":"https:\/\/schema.org","@graph":[{"@type":"WebPage","@id":"https:\/\/vincentians.com\/fr\/ephemerides-25-octobre\/","url":"https:\/\/vincentians.com\/fr\/ephemerides-25-octobre\/","name":"Eph\u00e9m\u00e9rides: 25 octobre - Nous Sommes Vincentiens","isPartOf":{"@id":"https:\/\/vincentians.com\/fr\/#website"},"primaryImageOfPage":{"@id":"https:\/\/vincentians.com\/fr\/ephemerides-25-octobre\/#primaryimage"},"image":{"@id":"https:\/\/vincentians.com\/fr\/ephemerides-25-octobre\/#primaryimage"},"thumbnailUrl":"https:\/\/i0.wp.com\/vincentians.com\/fr\/wp-content\/uploads\/sites\/10\/2016\/07\/ephemerides-fb.jpg?fit=1200%2C630","datePublished":"2016-10-24T22:01:17+00:00","author":{"@id":"https:\/\/vincentians.com\/fr\/#\/schema\/person\/9623ef4d9aa3b2dfb8c061f1499288f2"},"breadcrumb":{"@id":"https:\/\/vincentians.com\/fr\/ephemerides-25-octobre\/#breadcrumb"},"inLanguage":"fr-FR","potentialAction":[{"@type":"ReadAction","target":["https:\/\/vincentians.com\/fr\/ephemerides-25-octobre\/"]}]},{"@type":"ImageObject","inLanguage":"fr-FR","@id":"https:\/\/vincentians.com\/fr\/ephemerides-25-octobre\/#primaryimage","url":"https:\/\/i0.wp.com\/vincentians.com\/fr\/wp-content\/uploads\/sites\/10\/2016\/07\/ephemerides-fb.jpg?fit=1200%2C630","contentUrl":"https:\/\/i0.wp.com\/vincentians.com\/fr\/wp-content\/uploads\/sites\/10\/2016\/07\/ephemerides-fb.jpg?fit=1200%2C630","width":1200,"height":630},{"@type":"BreadcrumbList","@id":"https:\/\/vincentians.com\/fr\/ephemerides-25-octobre\/#breadcrumb","itemListElement":[{"@type":"ListItem","position":1,"name":"Portada","item":"https:\/\/vincentians.com\/fr\/"},{"@type":"ListItem","position":2,"name":"Eph\u00e9m\u00e9rides: 25 octobre"}]},{"@type":"WebSite","@id":"https:\/\/vincentians.com\/fr\/#website","url":"https:\/\/vincentians.com\/fr\/","name":"Nous Sommes Vincentiens","description":"Know more to serve more","potentialAction":[{"@type":"SearchAction","target":{"@type":"EntryPoint","urlTemplate":"https:\/\/vincentians.com\/fr\/?s={search_term_string}"},"query-input":{"@type":"PropertyValueSpecification","valueRequired":true,"valueName":"search_term_string"}}],"inLanguage":"fr-FR"},{"@type":"Person","@id":"https:\/\/vincentians.com\/fr\/#\/schema\/person\/9623ef4d9aa3b2dfb8c061f1499288f2","name":"Francisco Javier Fern\u00e1ndez Chento","image":{"@type":"ImageObject","inLanguage":"fr-FR","@id":"https:\/\/vincentians.com\/fr\/#\/schema\/person\/image\/","url":"https:\/\/secure.gravatar.com\/avatar\/497d5cde87b4c3d097d0315953521681ba2cd523ee66e5077c3711f7021e65de?s=96&d=mm&r=g","contentUrl":"https:\/\/secure.gravatar.com\/avatar\/497d5cde87b4c3d097d0315953521681ba2cd523ee66e5077c3711f7021e65de?s=96&d=mm&r=g","caption":"Francisco Javier Fern\u00e1ndez Chento"},"description":"Director General y cofundador de La Red de Formaci\u00f3n Vicenciana. Javier es laico vicenciano, afiliado a la Congregaci\u00f3n de la Misi\u00f3n y miembro del Equipo de Misiones Populares de la provincia can\u00f3nica de Zaragoza (Espa\u00f1a) de la Congregaci\u00f3n de la Misi\u00f3n. Graduado en la Universidad Oberta de Catalunya con cuatro grados (Asistente de direcci\u00f3n, Gesti\u00f3n Administrativa, Recursos Humanos y Contabilidad Avanzada). Bil\u00edng\u00fce Espa\u00f1ol\/Ingl\u00e9s. gestiona y mantiene varias p\u00e1ginas web cristianas y vicencianas, incluida including La Red de Formaci\u00f3n Vicenciana, de la que es cofundador. Actualmente es responsable del \u00e1rea de Espa\u00f1ol de .famvin, la Red de Noticias de la Familia Vicenciana. Tambi\u00e9n es m\u00fasico cat\u00f3lico y ha editado varios discos. Es Director General y cofundador de Trovador, una reconocida compa\u00f1\u00eda discogr\u00e1fica critiana de Espa\u00f1a. Trabaja en las Tecnolog\u00edas de la Informaci\u00f3n, ofreciendo servicios de alojamiento, dise\u00f1o y mantenimiento Web, as\u00ed como asesoramiento, formaci\u00f3n y soluciones inform\u00e1ticas, gesti\u00f3n documental y digitalizaci\u00f3n de textos, edici\u00f3n y maquetaci\u00f3n de libros, revistas, flyers, etc.","sameAs":["http:\/\/chento.org","https:\/\/www.facebook.com\/JavierChento","https:\/\/x.com\/https:\/\/twitter.com\/javierchento"],"url":"http:\/\/vincentians.com\/fr\/author\/chento\/"}]}},"jetpack_publicize_connections":[],"jetpack_featured_media_url":"https:\/\/i0.wp.com\/vincentians.com\/fr\/wp-content\/uploads\/sites\/10\/2016\/07\/ephemerides-fb.jpg?fit=1200%2C630","jetpack_sharing_enabled":true,"jetpack_shortlink":"https:\/\/wp.me\/p7ETMP-r1D","jetpack-related-posts":[{"id":190064,"url":"http:\/\/vincentians.com\/fr\/ephemerides-11-aout\/","url_meta":{"origin":103889,"position":0},"title":"Eph\u00e9m\u00e9rides: 11 ao\u00fbt","author":"Francisco Javier Fern\u00e1ndez Chento","date":"11\/08\/2016","format":false,"excerpt":"1676. Par contrat sign\u00e9 devant notaires avec M\u00e8re Mathurine Gu\u00e9rin et les trois offici\u00e8res en charge, Madame Elisabeth d\u2019Orl\u00e9ans, duchesse d\u2019Alen\u00e7on, \u00e9tablit trois S\u0153urs \u00e0 l\u2019H\u00f4tel-Dieu d\u2019Alen\u00e7on. Les S\u0153urs seront consid\u00e9r\u00e9es comme filles de la maison et non comme mercenaires. Des rentes sont \u00e9tablies pour leur entretien. (C) 1700. Monsieur\u2026","rel":"","context":"Dans &quot;\u00c9ph\u00e9m\u00e9rides vincentiens&quot;","block_context":{"text":"\u00c9ph\u00e9m\u00e9rides vincentiens","link":"http:\/\/vincentians.com\/fr\/category\/ephemerides-vincentiens\/"},"img":{"alt_text":"","src":"https:\/\/i0.wp.com\/vincentians.com\/fr\/wp-content\/uploads\/sites\/10\/2016\/07\/ephemerides-fb.jpg?fit=1200%2C630&resize=350%2C200","width":350,"height":200,"srcset":"https:\/\/i0.wp.com\/vincentians.com\/fr\/wp-content\/uploads\/sites\/10\/2016\/07\/ephemerides-fb.jpg?fit=1200%2C630&resize=350%2C200 1x, https:\/\/i0.wp.com\/vincentians.com\/fr\/wp-content\/uploads\/sites\/10\/2016\/07\/ephemerides-fb.jpg?fit=1200%2C630&resize=525%2C300 1.5x, https:\/\/i0.wp.com\/vincentians.com\/fr\/wp-content\/uploads\/sites\/10\/2016\/07\/ephemerides-fb.jpg?fit=1200%2C630&resize=700%2C400 2x, https:\/\/i0.wp.com\/vincentians.com\/fr\/wp-content\/uploads\/sites\/10\/2016\/07\/ephemerides-fb.jpg?fit=1200%2C630&resize=1050%2C600 3x"},"classes":[]},{"id":189325,"url":"http:\/\/vincentians.com\/fr\/ephemerides-22-juilliet\/","url_meta":{"origin":103889,"position":1},"title":"Eph\u00e9m\u00e9rides: 22 juilliet","author":"Francisco Javier Fern\u00e1ndez Chento","date":"22\/07\/2017","format":false,"excerpt":"1640. Monsieur Vincent soumet \u00e0 Monsieur Lambert une demande de Louise de Marillac. \"Mademoiselle Le Gras d\u00e9sirerait que vous allassiez faire un tour \u00e0 Angers pour visiter ses filles\". La lettre pr\u00e9cise les diff\u00e9rents \u00e9l\u00e9ments de la visite\u00a0: \"Vous leur pourrez parler \u00e0 chacune en particulier, et puis leur faire\u2026","rel":"","context":"Dans &quot;\u00c9ph\u00e9m\u00e9rides vincentiens&quot;","block_context":{"text":"\u00c9ph\u00e9m\u00e9rides vincentiens","link":"http:\/\/vincentians.com\/fr\/category\/ephemerides-vincentiens\/"},"img":{"alt_text":"","src":"https:\/\/i0.wp.com\/vincentians.com\/fr\/wp-content\/uploads\/sites\/10\/2016\/07\/ephemerides-fb.jpg?fit=1200%2C630&resize=350%2C200","width":350,"height":200,"srcset":"https:\/\/i0.wp.com\/vincentians.com\/fr\/wp-content\/uploads\/sites\/10\/2016\/07\/ephemerides-fb.jpg?fit=1200%2C630&resize=350%2C200 1x, https:\/\/i0.wp.com\/vincentians.com\/fr\/wp-content\/uploads\/sites\/10\/2016\/07\/ephemerides-fb.jpg?fit=1200%2C630&resize=525%2C300 1.5x, https:\/\/i0.wp.com\/vincentians.com\/fr\/wp-content\/uploads\/sites\/10\/2016\/07\/ephemerides-fb.jpg?fit=1200%2C630&resize=700%2C400 2x, https:\/\/i0.wp.com\/vincentians.com\/fr\/wp-content\/uploads\/sites\/10\/2016\/07\/ephemerides-fb.jpg?fit=1200%2C630&resize=1050%2C600 3x"},"classes":[]},{"id":190564,"url":"http:\/\/vincentians.com\/fr\/ephemerides-07-juin\/","url_meta":{"origin":103889,"position":2},"title":"Eph\u00e9m\u00e9rides: 07 juin","author":"Francisco Javier Fern\u00e1ndez Chento","date":"07\/06\/2017","format":false,"excerpt":"1627. \u00c0 Paris, l'approbation de la Congr\u00e9gation de la Mission par le roi ayant d\u00e9plu aux cur\u00e9s de la capitale, ceux-ci chargent leur syndic, Etienne Le Tonnelier, cur\u00e9 de Saint-Eustache, de pr\u00e9senter leurs revendications au Parlement, avant l'ent\u00e9rinement des Lettres royales. Les cur\u00e9s parisiens demandaient des garanties contre les empi\u00e8tements\u2026","rel":"","context":"Dans &quot;\u00c9ph\u00e9m\u00e9rides vincentiens&quot;","block_context":{"text":"\u00c9ph\u00e9m\u00e9rides vincentiens","link":"http:\/\/vincentians.com\/fr\/category\/ephemerides-vincentiens\/"},"img":{"alt_text":"","src":"https:\/\/i0.wp.com\/vincentians.com\/fr\/wp-content\/uploads\/sites\/10\/2016\/07\/ephemerides-fb.jpg?fit=1200%2C630&resize=350%2C200","width":350,"height":200,"srcset":"https:\/\/i0.wp.com\/vincentians.com\/fr\/wp-content\/uploads\/sites\/10\/2016\/07\/ephemerides-fb.jpg?fit=1200%2C630&resize=350%2C200 1x, https:\/\/i0.wp.com\/vincentians.com\/fr\/wp-content\/uploads\/sites\/10\/2016\/07\/ephemerides-fb.jpg?fit=1200%2C630&resize=525%2C300 1.5x, https:\/\/i0.wp.com\/vincentians.com\/fr\/wp-content\/uploads\/sites\/10\/2016\/07\/ephemerides-fb.jpg?fit=1200%2C630&resize=700%2C400 2x, https:\/\/i0.wp.com\/vincentians.com\/fr\/wp-content\/uploads\/sites\/10\/2016\/07\/ephemerides-fb.jpg?fit=1200%2C630&resize=1050%2C600 3x"},"classes":[]},{"id":103892,"url":"http:\/\/vincentians.com\/fr\/ephemerides-30-octobre\/","url_meta":{"origin":103889,"position":3},"title":"Eph\u00e9m\u00e9rides: 30 octobre","author":"Francisco Javier Fern\u00e1ndez Chento","date":"30\/10\/2016","format":false,"excerpt":"1647. Au cours du Conseil, deux probl\u00e8mes importants au XVII\u00e8me si\u00e8cle sont \u00e9tudi\u00e9s. Peut-on accepter les petits gar\u00e7ons dans les petites \u00e9coles des Filles de la Charit\u00e9\u00a0? Les directives royales et \u00e9piscopales s\u2019opposent \u00e0 toute mixit\u00e9 dans les \u00e9coles. Malgr\u00e9 les raisons avanc\u00e9es par Louise de Marillac, Monsieur Vincent s\u2019en\u2026","rel":"","context":"Dans &quot;\u00c9ph\u00e9m\u00e9rides vincentiens&quot;","block_context":{"text":"\u00c9ph\u00e9m\u00e9rides vincentiens","link":"http:\/\/vincentians.com\/fr\/category\/ephemerides-vincentiens\/"},"img":{"alt_text":"","src":"https:\/\/i0.wp.com\/vincentians.com\/fr\/wp-content\/uploads\/sites\/10\/2016\/07\/ephemerides-fb.jpg?fit=1200%2C630&resize=350%2C200","width":350,"height":200,"srcset":"https:\/\/i0.wp.com\/vincentians.com\/fr\/wp-content\/uploads\/sites\/10\/2016\/07\/ephemerides-fb.jpg?fit=1200%2C630&resize=350%2C200 1x, https:\/\/i0.wp.com\/vincentians.com\/fr\/wp-content\/uploads\/sites\/10\/2016\/07\/ephemerides-fb.jpg?fit=1200%2C630&resize=525%2C300 1.5x, https:\/\/i0.wp.com\/vincentians.com\/fr\/wp-content\/uploads\/sites\/10\/2016\/07\/ephemerides-fb.jpg?fit=1200%2C630&resize=700%2C400 2x, https:\/\/i0.wp.com\/vincentians.com\/fr\/wp-content\/uploads\/sites\/10\/2016\/07\/ephemerides-fb.jpg?fit=1200%2C630&resize=1050%2C600 3x"},"classes":[]},{"id":190174,"url":"http:\/\/vincentians.com\/fr\/ephemerides-14-septembre\/","url_meta":{"origin":103889,"position":4},"title":"Eph\u00e9m\u00e9rides : 14 septembre","author":"Francisco Javier Fern\u00e1ndez Chento","date":"14\/09\/2016","format":false,"excerpt":"1628. \u00c0 Beauvais, Monsieur Vincent proc\u00e8de \u00e0 l\u2019examen des Ordinands\u00a0; il s\u2019y livrera encore pendant les deux jours suivants. La retraite commencera le dimanche 17. Notre bienheureux P\u00e8re y fera l\u2019explication des commandements de Dieu. D\u2019autres entretiens seront assur\u00e9s par. Louis Messier et J\u00e9r\u00f4me Duchesne, tous deux docteurs de Sorbonne.\u2026","rel":"","context":"Dans &quot;\u00c9ph\u00e9m\u00e9rides vincentiens&quot;","block_context":{"text":"\u00c9ph\u00e9m\u00e9rides vincentiens","link":"http:\/\/vincentians.com\/fr\/category\/ephemerides-vincentiens\/"},"img":{"alt_text":"","src":"https:\/\/i0.wp.com\/vincentians.com\/fr\/wp-content\/uploads\/sites\/10\/2016\/07\/ephemerides-fb.jpg?fit=1200%2C630&resize=350%2C200","width":350,"height":200,"srcset":"https:\/\/i0.wp.com\/vincentians.com\/fr\/wp-content\/uploads\/sites\/10\/2016\/07\/ephemerides-fb.jpg?fit=1200%2C630&resize=350%2C200 1x, https:\/\/i0.wp.com\/vincentians.com\/fr\/wp-content\/uploads\/sites\/10\/2016\/07\/ephemerides-fb.jpg?fit=1200%2C630&resize=525%2C300 1.5x, https:\/\/i0.wp.com\/vincentians.com\/fr\/wp-content\/uploads\/sites\/10\/2016\/07\/ephemerides-fb.jpg?fit=1200%2C630&resize=700%2C400 2x, https:\/\/i0.wp.com\/vincentians.com\/fr\/wp-content\/uploads\/sites\/10\/2016\/07\/ephemerides-fb.jpg?fit=1200%2C630&resize=1050%2C600 3x"},"classes":[]},{"id":104858,"url":"http:\/\/vincentians.com\/fr\/ephemerides-8-decembre\/","url_meta":{"origin":103889,"position":5},"title":"Eph\u00e9m\u00e9rides: 8 d\u00e9cembre","author":"Francisco Javier Fern\u00e1ndez Chento","date":"08\/12\/2016","format":false,"excerpt":"1617. \u00c0 Ch\u00e2tillon-les-Dombes dont il est le cur\u00e9, Monsieur Vincent proc\u00e8de solennellement \u00e0 l\u2019\u00e9rection de la premi\u00e8re Confr\u00e9rie de la Charit\u00e9. Les r\u00e8glements en ont \u00e9t\u00e9 approuv\u00e9s, le 24 novembre pr\u00e9c\u00e9dent, par Thomas de Mescatin-la-Faye, grand vicaire de l\u2019archev\u00eaque de Lyon. Aujourd\u2019hui, \u00e0 son peuple, r\u00e9uni en la chapelle de\u2026","rel":"","context":"Dans &quot;\u00c9ph\u00e9m\u00e9rides vincentiens&quot;","block_context":{"text":"\u00c9ph\u00e9m\u00e9rides vincentiens","link":"http:\/\/vincentians.com\/fr\/category\/ephemerides-vincentiens\/"},"img":{"alt_text":"","src":"https:\/\/i0.wp.com\/vincentians.com\/fr\/wp-content\/uploads\/sites\/10\/2016\/07\/ephemerides-fb.jpg?fit=1200%2C630&resize=350%2C200","width":350,"height":200,"srcset":"https:\/\/i0.wp.com\/vincentians.com\/fr\/wp-content\/uploads\/sites\/10\/2016\/07\/ephemerides-fb.jpg?fit=1200%2C630&resize=350%2C200 1x, https:\/\/i0.wp.com\/vincentians.com\/fr\/wp-content\/uploads\/sites\/10\/2016\/07\/ephemerides-fb.jpg?fit=1200%2C630&resize=525%2C300 1.5x, https:\/\/i0.wp.com\/vincentians.com\/fr\/wp-content\/uploads\/sites\/10\/2016\/07\/ephemerides-fb.jpg?fit=1200%2C630&resize=700%2C400 2x, https:\/\/i0.wp.com\/vincentians.com\/fr\/wp-content\/uploads\/sites\/10\/2016\/07\/ephemerides-fb.jpg?fit=1200%2C630&resize=1050%2C600 3x"},"classes":[]}],"_links":{"self":[{"href":"http:\/\/vincentians.com\/fr\/wp-json\/wp\/v2\/posts\/103889","targetHints":{"allow":["GET"]}}],"collection":[{"href":"http:\/\/vincentians.com\/fr\/wp-json\/wp\/v2\/posts"}],"about":[{"href":"http:\/\/vincentians.com\/fr\/wp-json\/wp\/v2\/types\/post"}],"author":[{"embeddable":true,"href":"http:\/\/vincentians.com\/fr\/wp-json\/wp\/v2\/users\/4"}],"replies":[{"embeddable":true,"href":"http:\/\/vincentians.com\/fr\/wp-json\/wp\/v2\/comments?post=103889"}],"version-history":[{"count":0,"href":"http:\/\/vincentians.com\/fr\/wp-json\/wp\/v2\/posts\/103889\/revisions"}],"wp:featuredmedia":[{"embeddable":true,"href":"http:\/\/vincentians.com\/fr\/wp-json\/wp\/v2\/media\/149897"}],"wp:attachment":[{"href":"http:\/\/vincentians.com\/fr\/wp-json\/wp\/v2\/media?parent=103889"}],"wp:term":[{"taxonomy":"category","embeddable":true,"href":"http:\/\/vincentians.com\/fr\/wp-json\/wp\/v2\/categories?post=103889"},{"taxonomy":"post_tag","embeddable":true,"href":"http:\/\/vincentians.com\/fr\/wp-json\/wp\/v2\/tags?post=103889"}],"curies":[{"name":"wp","href":"https:\/\/api.w.org\/{rel}","templated":true}]}}