{"id":103883,"date":"2016-10-20T00:01:17","date_gmt":"2016-10-19T22:01:17","guid":{"rendered":"http:\/\/vincentiens.org\/?p=103883"},"modified":"2016-08-08T19:02:45","modified_gmt":"2016-08-08T17:02:45","slug":"ephemerides-20-octobre","status":"publish","type":"post","link":"http:\/\/vincentians.com\/fr\/ephemerides-20-octobre\/","title":{"rendered":"Eph\u00e9m\u00e9rides: 20 octobre"},"content":{"rendered":"<p><strong>1622<\/strong>. \u00c0 Rome, le pape Gr\u00e9goire XV, signe la bulle \u00abUniversi orbis\u00bb qui \u00e9l\u00e8ve l\u2019\u00e9v\u00each\u00e9 de Paris au rang d\u2019archev\u00each\u00e9 et lui donne pour suffragants les dioc\u00e8ses de Chartres, Meaux et Orl\u00e9ans. Le premier titulaire du nouvel archev\u00each\u00e9 est Jean-Fran\u00e7ois de Gondi qui sera sacr\u00e9 le 19 f\u00e9vrier de l\u2019ann\u00e9e suivante. Il est le fr\u00e8re de Philippe-Emmanuel, le g\u00e9n\u00e9ral des gal\u00e8res, et l\u2019oncle de Pierre de Gondi, dont Monsieur Vincent est le pr\u00e9cepteur, et l\u2019oncle aussi du fameux cardinal de Retz. Pendant les trente-deux ans de son \u00e9piscopat, le premier archev\u00eaque de Paris se montrera plein de bienveillance pour les cr\u00e9ations de Monsieur Vincent. Sans avoir \u00e0 prendre des initiatives incompatibles avec son peu de hardiesse apostolique, Jean-Fran\u00e7ois de Gondi a \u00e9t\u00e9 l\u2019archev\u00eaque de l\u2019\u00e2ge d\u2019or du catholicisme parisien\u00a0: c\u2019est \u00e0 l\u2019\u00e9poque de sa juridiction que rayonne le Carmel fond\u00e9 par Mme Acarie, et que se d\u00e9veloppent l\u2019Oratoire de B\u00e9rulle, les Pr\u00eatres de Jean-Jacques Olier, alors cur\u00e9 de Saint-Sulpice, et les \u0153uvres de Monsieur Vincent qui font d\u00e9boucher sur le r\u00e9el le grand courant mystique du XVIIe si\u00e8cle naissant\u2026 Quel riche bilan le premier archev\u00eaque de Paris a pu pr\u00e9senter au Juge souverain qui, en \u00e9change, a d\u00fb lui pardonner son trop vif amour pour la vie \u00e0 grand train qu\u2019il avait trouv\u00e9 dans son patrimoine ancestral. Il fut d\u2019ailleurs, au temps de la Fronde, l\u2019un des premiers \u00e0 donner l\u2019exemple des restrictions dans le luxe. Au moment de son \u00e9l\u00e9vation au rang de m\u00e9tropole, Paris comptait soixante-cinq paroisses r\u00e9parties en deux archipr\u00eatr\u00e9s, celui de La Madeleine pour le Nord de la ville, et celui de Saint-S\u00e9verin pour le Sud. Le nouvel archidioc\u00e8se avait environ cinq mille kilom\u00e8tres carr\u00e9s de superficie qui englobaient quatre cent cinquante paroisses (1).<\/p>\n<p><strong>1625<\/strong>. \u00c0 Paris, c\u2019est aux environs de ce jour que Monsieur Vincent quitte l\u2019h\u00f4tel des Gondi, situ\u00e9 rue Pav\u00e9e, et va s\u2019installer pr\u00e8s de la porte Saint-Victor, au Coll\u00e8ge des Bons-Enfants, dont il a \u00e9t\u00e9 nomm\u00e9 principal le VI mars 16211 (2).<\/p>\n<p><strong>1710<\/strong>. Le duc et la duchesse de La Rochefoucauld et la Compagnie des Filles de la Charit\u00e9 signent devant notaires \u00e0 Paris un contrat stipulant l\u2019envoi de deux S\u0153urs pour le soin des malades et l\u2019instruction des petites filles \u00e0 Belesta au sud de Carcassonne. (C)<\/p>\n<p><strong>1723<\/strong>. \u00c0 Paris, mort de S\u0153ur Laboue, 7 \u00e8me Sup\u00e9rieure de la Compagnie (1697-1703) qui travailla avec M. Pierron comme Sup\u00e9rieur G\u00e9neral et M. H\u00e9nin comme Directeur. C\u2019est sous son g\u00e9n\u00e9ralat que les S\u0153urs re\u00e7urent le premier cat\u00e9chisme des V\u0153ux compos\u00e9 par H. H\u00e9nin en 1701. (R)<\/p>\n<p><strong>1751<\/strong>. \u00c0 Cahors o\u00f9 il vient d\u2019accomplir ses deux ans de S\u00e9minaire, F\u00e9lix Cayla de la Garde, qui sera le dixi\u00e8me sup\u00e9rieur g\u00e9n\u00e9ral de la Mission, prononce les saints V\u0153ux. Il a, \u00e0 ce moment, dix-sept ans et a re\u00e7u une tr\u00e8s bonne \u00e9ducation au coll\u00e8ge de Cahors tenu par les J\u00e9suites. C\u2019est M. Jacquier, alors visiteur d\u2019Aquitaine, qui a admis dans la petite Compagnie le jeune homme destin\u00e9 \u00e0 \u00eatre son successeur imm\u00e9diat dans le gouvernement de la double famille de saint Vincent (3).<\/p>\n<p><strong>1785<\/strong>. La M\u00e8re Ren\u00e9e Dubois et les trois offici\u00e8res rencontrent \u00e0 Paris Monsieur Turnel qui a re\u00e7u procuration des administrateurs de l\u2019h\u00f4pital d\u2019Avallon pour signer le contrat d\u2019\u00e9tablissement de cinq S\u0153urs qui auront la charge du soin des malades et de la pharmacie de l\u2019h\u00f4pital . Les S\u0153urs partent d\u00e9but novembre. (C)<\/p>\n<p><strong>1865<\/strong>. La Visitatrice de la Province de Varsovie envoie aux S\u0153urs de Lithuanie et de Pologne une importante circulaire selon le d\u00e9sir de M. Etienne\u00a0: une dure pers\u00e9cution religieuse s\u00e9vit alors dans son pays. (R)<\/p>\n<p><strong>1930<\/strong>. \u00c0 Sainte-Marthe du Vatican, mort de S\u0153ur Marie Maurice qui a \u00e9t\u00e9 Sup\u00e9rieure de la Compagnie de 1912 \u00e0 1918, et qui trouva \u00e0 la t\u00eate de la Compagnie M. Villette, puis M. Louwick et, comme Directeur, M. Meugniot. (R)<\/p>\n<dl>\n<dd>1) Annales, t. 87, p. 554\u00a0; Jean\u00a0: Les \u00c9v\u00eaques de France, p. 284\u00a0; G. d\u2019Avenel\u00a0: Les \u00c9v\u00eaques et Archev\u00eaques de Paris, t. I, p. 268\u00a0; Mgr Rupp\u00a0: Histoire de l\u2019\u00c9glise de Paris, pp. 164-188.<\/dd>\n<dd>2) Coste, I, p. 178<\/dd>\n<dd>3) Circulaires, t. II, p. 190.<\/dd>\n<\/dl>\n","protected":false},"excerpt":{"rendered":"<p>1622. \u00c0 Rome, le pape Gr\u00e9goire XV, signe la bulle \u00abUniversi orbis\u00bb qui \u00e9l\u00e8ve l\u2019\u00e9v\u00each\u00e9 de Paris au rang d\u2019archev\u00each\u00e9 et lui donne pour suffragants les dioc\u00e8ses de Chartres, Meaux et Orl\u00e9ans. Le premier titulaire &#8230; <a href=\"http:\/\/vincentians.com\/fr\/ephemerides-20-octobre\/\" class=\"more-link\">Read More<\/a><\/p>\n","protected":false},"author":4,"featured_media":149897,"comment_status":"open","ping_status":"open","sticky":false,"template":"","format":"standard","meta":{"jetpack_post_was_ever_published":false,"_jetpack_newsletter_access":"","_jetpack_dont_email_post_to_subs":false,"_jetpack_newsletter_tier_id":0,"_jetpack_memberships_contains_paywalled_content":false,"_jetpack_memberships_contains_paid_content":false,"footnotes":"","jetpack_publicize_message":"","jetpack_publicize_feature_enabled":true,"jetpack_social_post_already_shared":true,"jetpack_social_options":{"image_generator_settings":{"template":"highway","default_image_id":0,"font":"","enabled":false},"version":2}},"categories":[119],"tags":[],"class_list":["post-103883","post","type-post","status-publish","format-standard","has-post-thumbnail","hentry","category-ephemerides-vincentiens"],"yoast_head":"<!-- This site is optimized with the Yoast SEO plugin v26.3 - https:\/\/yoast.com\/wordpress\/plugins\/seo\/ -->\n<title>Eph\u00e9m\u00e9rides: 20 octobre - Nous Sommes Vincentiens<\/title>\n<meta name=\"robots\" content=\"index, follow, max-snippet:-1, max-image-preview:large, max-video-preview:-1\" \/>\n<link rel=\"canonical\" href=\"http:\/\/vincentians.com\/fr\/ephemerides-20-octobre\/\" \/>\n<meta property=\"og:locale\" content=\"fr_FR\" \/>\n<meta property=\"og:type\" content=\"article\" \/>\n<meta property=\"og:title\" content=\"Eph\u00e9m\u00e9rides: 20 octobre - Nous Sommes Vincentiens\" \/>\n<meta property=\"og:description\" content=\"1622. \u00c0 Rome, le pape Gr\u00e9goire XV, signe la bulle \u00abUniversi orbis\u00bb qui \u00e9l\u00e8ve l\u2019\u00e9v\u00each\u00e9 de Paris au rang d\u2019archev\u00each\u00e9 et lui donne pour suffragants les dioc\u00e8ses de Chartres, Meaux et Orl\u00e9ans. Le premier titulaire ... Read More\" \/>\n<meta property=\"og:url\" content=\"http:\/\/vincentians.com\/fr\/ephemerides-20-octobre\/\" \/>\n<meta property=\"og:site_name\" content=\"Nous Sommes Vincentiens\" \/>\n<meta property=\"article:publisher\" content=\"https:\/\/www.facebook.com\/WeAreVincentians\/\" \/>\n<meta property=\"article:author\" content=\"https:\/\/www.facebook.com\/JavierChento\" \/>\n<meta property=\"article:published_time\" content=\"2016-10-19T22:01:17+00:00\" \/>\n<meta property=\"og:image\" content=\"https:\/\/i0.wp.com\/vincentians.com\/fr\/wp-content\/uploads\/sites\/10\/2016\/07\/ephemerides-fb.jpg?fit=1200%2C630\" \/>\n\t<meta property=\"og:image:width\" content=\"1200\" \/>\n\t<meta property=\"og:image:height\" content=\"630\" \/>\n\t<meta property=\"og:image:type\" content=\"image\/jpeg\" \/>\n<meta name=\"author\" content=\"Francisco Javier Fern\u00e1ndez Chento\" \/>\n<meta name=\"twitter:card\" content=\"summary_large_image\" \/>\n<meta name=\"twitter:creator\" content=\"@https:\/\/twitter.com\/javierchento\" \/>\n<meta name=\"twitter:site\" content=\"@WeVincentians\" \/>\n<meta name=\"twitter:label1\" content=\"\u00c9crit par\" \/>\n\t<meta name=\"twitter:data1\" content=\"Francisco Javier Fern\u00e1ndez Chento\" \/>\n\t<meta name=\"twitter:label2\" content=\"Dur\u00e9e de lecture estim\u00e9e\" \/>\n\t<meta name=\"twitter:data2\" content=\"4 minutes\" \/>\n<script type=\"application\/ld+json\" class=\"yoast-schema-graph\">{\"@context\":\"https:\/\/schema.org\",\"@graph\":[{\"@type\":\"WebPage\",\"@id\":\"http:\/\/vincentians.com\/fr\/ephemerides-20-octobre\/\",\"url\":\"http:\/\/vincentians.com\/fr\/ephemerides-20-octobre\/\",\"name\":\"Eph\u00e9m\u00e9rides: 20 octobre - Nous Sommes Vincentiens\",\"isPartOf\":{\"@id\":\"http:\/\/vincentians.com\/fr\/#website\"},\"primaryImageOfPage\":{\"@id\":\"http:\/\/vincentians.com\/fr\/ephemerides-20-octobre\/#primaryimage\"},\"image\":{\"@id\":\"http:\/\/vincentians.com\/fr\/ephemerides-20-octobre\/#primaryimage\"},\"thumbnailUrl\":\"https:\/\/i0.wp.com\/vincentians.com\/fr\/wp-content\/uploads\/sites\/10\/2016\/07\/ephemerides-fb.jpg?fit=1200%2C630\",\"datePublished\":\"2016-10-19T22:01:17+00:00\",\"author\":{\"@id\":\"http:\/\/vincentians.com\/fr\/#\/schema\/person\/9623ef4d9aa3b2dfb8c061f1499288f2\"},\"breadcrumb\":{\"@id\":\"http:\/\/vincentians.com\/fr\/ephemerides-20-octobre\/#breadcrumb\"},\"inLanguage\":\"fr-FR\",\"potentialAction\":[{\"@type\":\"ReadAction\",\"target\":[\"http:\/\/vincentians.com\/fr\/ephemerides-20-octobre\/\"]}]},{\"@type\":\"ImageObject\",\"inLanguage\":\"fr-FR\",\"@id\":\"http:\/\/vincentians.com\/fr\/ephemerides-20-octobre\/#primaryimage\",\"url\":\"https:\/\/i0.wp.com\/vincentians.com\/fr\/wp-content\/uploads\/sites\/10\/2016\/07\/ephemerides-fb.jpg?fit=1200%2C630\",\"contentUrl\":\"https:\/\/i0.wp.com\/vincentians.com\/fr\/wp-content\/uploads\/sites\/10\/2016\/07\/ephemerides-fb.jpg?fit=1200%2C630\",\"width\":1200,\"height\":630},{\"@type\":\"BreadcrumbList\",\"@id\":\"http:\/\/vincentians.com\/fr\/ephemerides-20-octobre\/#breadcrumb\",\"itemListElement\":[{\"@type\":\"ListItem\",\"position\":1,\"name\":\"Portada\",\"item\":\"http:\/\/vincentians.com\/fr\/\"},{\"@type\":\"ListItem\",\"position\":2,\"name\":\"Eph\u00e9m\u00e9rides: 20 octobre\"}]},{\"@type\":\"WebSite\",\"@id\":\"http:\/\/vincentians.com\/fr\/#website\",\"url\":\"http:\/\/vincentians.com\/fr\/\",\"name\":\"Nous Sommes Vincentiens\",\"description\":\"Know more to serve more\",\"potentialAction\":[{\"@type\":\"SearchAction\",\"target\":{\"@type\":\"EntryPoint\",\"urlTemplate\":\"http:\/\/vincentians.com\/fr\/?s={search_term_string}\"},\"query-input\":{\"@type\":\"PropertyValueSpecification\",\"valueRequired\":true,\"valueName\":\"search_term_string\"}}],\"inLanguage\":\"fr-FR\"},{\"@type\":\"Person\",\"@id\":\"http:\/\/vincentians.com\/fr\/#\/schema\/person\/9623ef4d9aa3b2dfb8c061f1499288f2\",\"name\":\"Francisco Javier Fern\u00e1ndez Chento\",\"image\":{\"@type\":\"ImageObject\",\"inLanguage\":\"fr-FR\",\"@id\":\"http:\/\/vincentians.com\/fr\/#\/schema\/person\/image\/\",\"url\":\"https:\/\/secure.gravatar.com\/avatar\/497d5cde87b4c3d097d0315953521681ba2cd523ee66e5077c3711f7021e65de?s=96&d=mm&r=g\",\"contentUrl\":\"https:\/\/secure.gravatar.com\/avatar\/497d5cde87b4c3d097d0315953521681ba2cd523ee66e5077c3711f7021e65de?s=96&d=mm&r=g\",\"caption\":\"Francisco Javier Fern\u00e1ndez Chento\"},\"description\":\"Director General y cofundador de La Red de Formaci\u00f3n Vicenciana. Javier es laico vicenciano, afiliado a la Congregaci\u00f3n de la Misi\u00f3n y miembro del Equipo de Misiones Populares de la provincia can\u00f3nica de Zaragoza (Espa\u00f1a) de la Congregaci\u00f3n de la Misi\u00f3n. Graduado en la Universidad Oberta de Catalunya con cuatro grados (Asistente de direcci\u00f3n, Gesti\u00f3n Administrativa, Recursos Humanos y Contabilidad Avanzada). Bil\u00edng\u00fce Espa\u00f1ol\/Ingl\u00e9s. gestiona y mantiene varias p\u00e1ginas web cristianas y vicencianas, incluida including La Red de Formaci\u00f3n Vicenciana, de la que es cofundador. Actualmente es responsable del \u00e1rea de Espa\u00f1ol de .famvin, la Red de Noticias de la Familia Vicenciana. Tambi\u00e9n es m\u00fasico cat\u00f3lico y ha editado varios discos. Es Director General y cofundador de Trovador, una reconocida compa\u00f1\u00eda discogr\u00e1fica critiana de Espa\u00f1a. Trabaja en las Tecnolog\u00edas de la Informaci\u00f3n, ofreciendo servicios de alojamiento, dise\u00f1o y mantenimiento Web, as\u00ed como asesoramiento, formaci\u00f3n y soluciones inform\u00e1ticas, gesti\u00f3n documental y digitalizaci\u00f3n de textos, edici\u00f3n y maquetaci\u00f3n de libros, revistas, flyers, etc.\",\"sameAs\":[\"http:\/\/chento.org\",\"https:\/\/www.facebook.com\/JavierChento\",\"https:\/\/x.com\/https:\/\/twitter.com\/javierchento\"],\"url\":\"http:\/\/vincentians.com\/fr\/author\/chento\/\"}]}<\/script>\n<!-- \/ Yoast SEO plugin. -->","yoast_head_json":{"title":"Eph\u00e9m\u00e9rides: 20 octobre - Nous Sommes Vincentiens","robots":{"index":"index","follow":"follow","max-snippet":"max-snippet:-1","max-image-preview":"max-image-preview:large","max-video-preview":"max-video-preview:-1"},"canonical":"http:\/\/vincentians.com\/fr\/ephemerides-20-octobre\/","og_locale":"fr_FR","og_type":"article","og_title":"Eph\u00e9m\u00e9rides: 20 octobre - Nous Sommes Vincentiens","og_description":"1622. \u00c0 Rome, le pape Gr\u00e9goire XV, signe la bulle \u00abUniversi orbis\u00bb qui \u00e9l\u00e8ve l\u2019\u00e9v\u00each\u00e9 de Paris au rang d\u2019archev\u00each\u00e9 et lui donne pour suffragants les dioc\u00e8ses de Chartres, Meaux et Orl\u00e9ans. Le premier titulaire ... Read More","og_url":"http:\/\/vincentians.com\/fr\/ephemerides-20-octobre\/","og_site_name":"Nous Sommes Vincentiens","article_publisher":"https:\/\/www.facebook.com\/WeAreVincentians\/","article_author":"https:\/\/www.facebook.com\/JavierChento","article_published_time":"2016-10-19T22:01:17+00:00","og_image":[{"width":1200,"height":630,"url":"https:\/\/i0.wp.com\/vincentians.com\/fr\/wp-content\/uploads\/sites\/10\/2016\/07\/ephemerides-fb.jpg?fit=1200%2C630","type":"image\/jpeg"}],"author":"Francisco Javier Fern\u00e1ndez Chento","twitter_card":"summary_large_image","twitter_creator":"@https:\/\/twitter.com\/javierchento","twitter_site":"@WeVincentians","twitter_misc":{"\u00c9crit par":"Francisco Javier Fern\u00e1ndez Chento","Dur\u00e9e de lecture estim\u00e9e":"4 minutes"},"schema":{"@context":"https:\/\/schema.org","@graph":[{"@type":"WebPage","@id":"http:\/\/vincentians.com\/fr\/ephemerides-20-octobre\/","url":"http:\/\/vincentians.com\/fr\/ephemerides-20-octobre\/","name":"Eph\u00e9m\u00e9rides: 20 octobre - Nous Sommes Vincentiens","isPartOf":{"@id":"http:\/\/vincentians.com\/fr\/#website"},"primaryImageOfPage":{"@id":"http:\/\/vincentians.com\/fr\/ephemerides-20-octobre\/#primaryimage"},"image":{"@id":"http:\/\/vincentians.com\/fr\/ephemerides-20-octobre\/#primaryimage"},"thumbnailUrl":"https:\/\/i0.wp.com\/vincentians.com\/fr\/wp-content\/uploads\/sites\/10\/2016\/07\/ephemerides-fb.jpg?fit=1200%2C630","datePublished":"2016-10-19T22:01:17+00:00","author":{"@id":"http:\/\/vincentians.com\/fr\/#\/schema\/person\/9623ef4d9aa3b2dfb8c061f1499288f2"},"breadcrumb":{"@id":"http:\/\/vincentians.com\/fr\/ephemerides-20-octobre\/#breadcrumb"},"inLanguage":"fr-FR","potentialAction":[{"@type":"ReadAction","target":["http:\/\/vincentians.com\/fr\/ephemerides-20-octobre\/"]}]},{"@type":"ImageObject","inLanguage":"fr-FR","@id":"http:\/\/vincentians.com\/fr\/ephemerides-20-octobre\/#primaryimage","url":"https:\/\/i0.wp.com\/vincentians.com\/fr\/wp-content\/uploads\/sites\/10\/2016\/07\/ephemerides-fb.jpg?fit=1200%2C630","contentUrl":"https:\/\/i0.wp.com\/vincentians.com\/fr\/wp-content\/uploads\/sites\/10\/2016\/07\/ephemerides-fb.jpg?fit=1200%2C630","width":1200,"height":630},{"@type":"BreadcrumbList","@id":"http:\/\/vincentians.com\/fr\/ephemerides-20-octobre\/#breadcrumb","itemListElement":[{"@type":"ListItem","position":1,"name":"Portada","item":"http:\/\/vincentians.com\/fr\/"},{"@type":"ListItem","position":2,"name":"Eph\u00e9m\u00e9rides: 20 octobre"}]},{"@type":"WebSite","@id":"http:\/\/vincentians.com\/fr\/#website","url":"http:\/\/vincentians.com\/fr\/","name":"Nous Sommes Vincentiens","description":"Know more to serve more","potentialAction":[{"@type":"SearchAction","target":{"@type":"EntryPoint","urlTemplate":"http:\/\/vincentians.com\/fr\/?s={search_term_string}"},"query-input":{"@type":"PropertyValueSpecification","valueRequired":true,"valueName":"search_term_string"}}],"inLanguage":"fr-FR"},{"@type":"Person","@id":"http:\/\/vincentians.com\/fr\/#\/schema\/person\/9623ef4d9aa3b2dfb8c061f1499288f2","name":"Francisco Javier Fern\u00e1ndez Chento","image":{"@type":"ImageObject","inLanguage":"fr-FR","@id":"http:\/\/vincentians.com\/fr\/#\/schema\/person\/image\/","url":"https:\/\/secure.gravatar.com\/avatar\/497d5cde87b4c3d097d0315953521681ba2cd523ee66e5077c3711f7021e65de?s=96&d=mm&r=g","contentUrl":"https:\/\/secure.gravatar.com\/avatar\/497d5cde87b4c3d097d0315953521681ba2cd523ee66e5077c3711f7021e65de?s=96&d=mm&r=g","caption":"Francisco Javier Fern\u00e1ndez Chento"},"description":"Director General y cofundador de La Red de Formaci\u00f3n Vicenciana. Javier es laico vicenciano, afiliado a la Congregaci\u00f3n de la Misi\u00f3n y miembro del Equipo de Misiones Populares de la provincia can\u00f3nica de Zaragoza (Espa\u00f1a) de la Congregaci\u00f3n de la Misi\u00f3n. Graduado en la Universidad Oberta de Catalunya con cuatro grados (Asistente de direcci\u00f3n, Gesti\u00f3n Administrativa, Recursos Humanos y Contabilidad Avanzada). Bil\u00edng\u00fce Espa\u00f1ol\/Ingl\u00e9s. gestiona y mantiene varias p\u00e1ginas web cristianas y vicencianas, incluida including La Red de Formaci\u00f3n Vicenciana, de la que es cofundador. Actualmente es responsable del \u00e1rea de Espa\u00f1ol de .famvin, la Red de Noticias de la Familia Vicenciana. Tambi\u00e9n es m\u00fasico cat\u00f3lico y ha editado varios discos. Es Director General y cofundador de Trovador, una reconocida compa\u00f1\u00eda discogr\u00e1fica critiana de Espa\u00f1a. Trabaja en las Tecnolog\u00edas de la Informaci\u00f3n, ofreciendo servicios de alojamiento, dise\u00f1o y mantenimiento Web, as\u00ed como asesoramiento, formaci\u00f3n y soluciones inform\u00e1ticas, gesti\u00f3n documental y digitalizaci\u00f3n de textos, edici\u00f3n y maquetaci\u00f3n de libros, revistas, flyers, etc.","sameAs":["http:\/\/chento.org","https:\/\/www.facebook.com\/JavierChento","https:\/\/x.com\/https:\/\/twitter.com\/javierchento"],"url":"http:\/\/vincentians.com\/fr\/author\/chento\/"}]}},"jetpack_publicize_connections":[],"jetpack_featured_media_url":"https:\/\/i0.wp.com\/vincentians.com\/fr\/wp-content\/uploads\/sites\/10\/2016\/07\/ephemerides-fb.jpg?fit=1200%2C630","jetpack_sharing_enabled":true,"jetpack_shortlink":"https:\/\/wp.me\/p7ETMP-r1x","jetpack-related-posts":[{"id":105521,"url":"http:\/\/vincentians.com\/fr\/ephemerides-12-janvier\/","url_meta":{"origin":103883,"position":0},"title":"Eph\u00e9m\u00e9rides: 12 janvier","author":"Francisco Javier Fern\u00e1ndez Chento","date":"12\/01\/2017","format":false,"excerpt":"1633. \u00c0 Rome. le Pape Urbain VIII signe la Bulle \u00abSalvatoris Nostri\u00bb qui approuve la Congr\u00e9gation de la Mission. Les efforts pers\u00e9v\u00e9rants de Monsieur Vincent sont donc r\u00e9compens\u00e9s, et largement\u00a0!... Apr\u00e8s l'autorisation \u00e9piscopale donn\u00e9e par Jean-Fran\u00e7ois de Gondi, le 24 avril 1626\u00a0; apr\u00e8s les lettres patentes, d\u00e9livr\u00e9es par le roi\u2026","rel":"","context":"Dans &quot;\u00c9ph\u00e9m\u00e9rides vincentiens&quot;","block_context":{"text":"\u00c9ph\u00e9m\u00e9rides vincentiens","link":"http:\/\/vincentians.com\/fr\/category\/ephemerides-vincentiens\/"},"img":{"alt_text":"","src":"https:\/\/i0.wp.com\/vincentians.com\/fr\/wp-content\/uploads\/sites\/10\/2016\/07\/ephemerides-fb.jpg?fit=1200%2C630&resize=350%2C200","width":350,"height":200,"srcset":"https:\/\/i0.wp.com\/vincentians.com\/fr\/wp-content\/uploads\/sites\/10\/2016\/07\/ephemerides-fb.jpg?fit=1200%2C630&resize=350%2C200 1x, https:\/\/i0.wp.com\/vincentians.com\/fr\/wp-content\/uploads\/sites\/10\/2016\/07\/ephemerides-fb.jpg?fit=1200%2C630&resize=525%2C300 1.5x, https:\/\/i0.wp.com\/vincentians.com\/fr\/wp-content\/uploads\/sites\/10\/2016\/07\/ephemerides-fb.jpg?fit=1200%2C630&resize=700%2C400 2x, https:\/\/i0.wp.com\/vincentians.com\/fr\/wp-content\/uploads\/sites\/10\/2016\/07\/ephemerides-fb.jpg?fit=1200%2C630&resize=1050%2C600 3x"},"classes":[]},{"id":190569,"url":"http:\/\/vincentians.com\/fr\/ephemerides-23-juin\/","url_meta":{"origin":103883,"position":1},"title":"Eph\u00e9m\u00e9rides: 23 juin","author":"Francisco Javier Fern\u00e1ndez Chento","date":"23\/06\/2017","format":false,"excerpt":"1604. \u00c0 l'\u00e2ge de 24 ans, Fran\u00e7oise-Marguerite de Silly \u00e9pousait le G\u00e9n\u00e9ral des Gal\u00e8res, Philippe-Enimanuel de Gondi\u00a0; et les fils qui naquirent de leur union furent la raison des premi\u00e8res relations de Monsieur Vincent avec Mme de Gondi. Cette m\u00e8re selon le c\u0153ur de Dieu disait\u00a0: \u00abJe souhaite bien plus\u2026","rel":"","context":"Dans &quot;\u00c9ph\u00e9m\u00e9rides vincentiens&quot;","block_context":{"text":"\u00c9ph\u00e9m\u00e9rides vincentiens","link":"http:\/\/vincentians.com\/fr\/category\/ephemerides-vincentiens\/"},"img":{"alt_text":"","src":"https:\/\/i0.wp.com\/vincentians.com\/fr\/wp-content\/uploads\/sites\/10\/2016\/07\/ephemerides-fb.jpg?fit=1200%2C630&resize=350%2C200","width":350,"height":200,"srcset":"https:\/\/i0.wp.com\/vincentians.com\/fr\/wp-content\/uploads\/sites\/10\/2016\/07\/ephemerides-fb.jpg?fit=1200%2C630&resize=350%2C200 1x, https:\/\/i0.wp.com\/vincentians.com\/fr\/wp-content\/uploads\/sites\/10\/2016\/07\/ephemerides-fb.jpg?fit=1200%2C630&resize=525%2C300 1.5x, https:\/\/i0.wp.com\/vincentians.com\/fr\/wp-content\/uploads\/sites\/10\/2016\/07\/ephemerides-fb.jpg?fit=1200%2C630&resize=700%2C400 2x, https:\/\/i0.wp.com\/vincentians.com\/fr\/wp-content\/uploads\/sites\/10\/2016\/07\/ephemerides-fb.jpg?fit=1200%2C630&resize=1050%2C600 3x"},"classes":[]},{"id":105529,"url":"http:\/\/vincentians.com\/fr\/ephemerides-18-janvier\/","url_meta":{"origin":103883,"position":2},"title":"Eph\u00e9m\u00e9rides: 18 janvier","author":"Francisco Javier Fern\u00e1ndez Chento","date":"18\/01\/2017","format":false,"excerpt":"1655. \u00c0 Rome , Jean-Fran\u00e7ois-Paul de Gondi, cardinal de Retz, archev\u00eaque de Paris, signe l'acte d'approbation de la Compagnie des Filles de la Charit\u00e9. Cinq ans plus t\u00f4t, alors qu'il n'\u00e9tait que le coadjuteur de son oncle, Jean-Fran\u00e7ois-Paul de Gondi a \u00e9rig\u00e9 la m\u00eame Compagnie en confr\u00e9rie. Or, un passage\u2026","rel":"","context":"Dans &quot;\u00c9ph\u00e9m\u00e9rides vincentiens&quot;","block_context":{"text":"\u00c9ph\u00e9m\u00e9rides vincentiens","link":"http:\/\/vincentians.com\/fr\/category\/ephemerides-vincentiens\/"},"img":{"alt_text":"","src":"https:\/\/i0.wp.com\/vincentians.com\/fr\/wp-content\/uploads\/sites\/10\/2016\/07\/ephemerides-fb.jpg?fit=1200%2C630&resize=350%2C200","width":350,"height":200,"srcset":"https:\/\/i0.wp.com\/vincentians.com\/fr\/wp-content\/uploads\/sites\/10\/2016\/07\/ephemerides-fb.jpg?fit=1200%2C630&resize=350%2C200 1x, https:\/\/i0.wp.com\/vincentians.com\/fr\/wp-content\/uploads\/sites\/10\/2016\/07\/ephemerides-fb.jpg?fit=1200%2C630&resize=525%2C300 1.5x, https:\/\/i0.wp.com\/vincentians.com\/fr\/wp-content\/uploads\/sites\/10\/2016\/07\/ephemerides-fb.jpg?fit=1200%2C630&resize=700%2C400 2x, https:\/\/i0.wp.com\/vincentians.com\/fr\/wp-content\/uploads\/sites\/10\/2016\/07\/ephemerides-fb.jpg?fit=1200%2C630&resize=1050%2C600 3x"},"classes":[]},{"id":107802,"url":"http:\/\/vincentians.com\/fr\/ephemerides-25-janvier\/","url_meta":{"origin":103883,"position":3},"title":"Eph\u00e9m\u00e9rides: 25 janvier","author":"Francisco Javier Fern\u00e1ndez Chento","date":"25\/01\/2017","format":false,"excerpt":"En 1617, \u00e0 Folleville , au dioc\u00e8se d'Amiens, Monsieur Vincent pr\u00eache ce qu'il a lui-m\u00eame appel\u00e9 \u00able premier sermon de la mission , et le succ\u00e8s que Dieu lui donna le jour de la Conversion de saint Paul: ce que Dieu ne fit pas sans dessein en un tel jour.\u00bb.\u2026","rel":"","context":"Dans &quot;\u00c9ph\u00e9m\u00e9rides vincentiens&quot;","block_context":{"text":"\u00c9ph\u00e9m\u00e9rides vincentiens","link":"http:\/\/vincentians.com\/fr\/category\/ephemerides-vincentiens\/"},"img":{"alt_text":"","src":"https:\/\/i0.wp.com\/vincentians.com\/fr\/wp-content\/uploads\/sites\/10\/2016\/07\/ephemerides-fb.jpg?fit=1200%2C630&resize=350%2C200","width":350,"height":200,"srcset":"https:\/\/i0.wp.com\/vincentians.com\/fr\/wp-content\/uploads\/sites\/10\/2016\/07\/ephemerides-fb.jpg?fit=1200%2C630&resize=350%2C200 1x, https:\/\/i0.wp.com\/vincentians.com\/fr\/wp-content\/uploads\/sites\/10\/2016\/07\/ephemerides-fb.jpg?fit=1200%2C630&resize=525%2C300 1.5x, https:\/\/i0.wp.com\/vincentians.com\/fr\/wp-content\/uploads\/sites\/10\/2016\/07\/ephemerides-fb.jpg?fit=1200%2C630&resize=700%2C400 2x, https:\/\/i0.wp.com\/vincentians.com\/fr\/wp-content\/uploads\/sites\/10\/2016\/07\/ephemerides-fb.jpg?fit=1200%2C630&resize=1050%2C600 3x"},"classes":[]},{"id":190574,"url":"http:\/\/vincentians.com\/fr\/ephemerides-27-juin\/","url_meta":{"origin":103883,"position":4},"title":"Eph\u00e9m\u00e9rides: 27 juin","author":"Francisco Javier Fern\u00e1ndez Chento","date":"27\/06\/2017","format":false,"excerpt":"1625. \u00c0 Marseille, au G\u00e9n\u00e9ral des gal\u00e8res que sa fonction a retenu en cette ville, Monsieur Vincent vient annoncer la mort de Mme de Gondi. Malgr\u00e9 les d\u00e9licats m\u00e9nagements avec lesquels notre bienheureux P\u00e8re s'acquitte de ce p\u00e9nible devoir, la douleur de M. de Gondi demeure si sensible qu'elle ach\u00e8ve\u2026","rel":"","context":"Dans &quot;\u00c9ph\u00e9m\u00e9rides vincentiens&quot;","block_context":{"text":"\u00c9ph\u00e9m\u00e9rides vincentiens","link":"http:\/\/vincentians.com\/fr\/category\/ephemerides-vincentiens\/"},"img":{"alt_text":"","src":"https:\/\/i0.wp.com\/vincentians.com\/fr\/wp-content\/uploads\/sites\/10\/2016\/07\/ephemerides-fb.jpg?fit=1200%2C630&resize=350%2C200","width":350,"height":200,"srcset":"https:\/\/i0.wp.com\/vincentians.com\/fr\/wp-content\/uploads\/sites\/10\/2016\/07\/ephemerides-fb.jpg?fit=1200%2C630&resize=350%2C200 1x, https:\/\/i0.wp.com\/vincentians.com\/fr\/wp-content\/uploads\/sites\/10\/2016\/07\/ephemerides-fb.jpg?fit=1200%2C630&resize=525%2C300 1.5x, https:\/\/i0.wp.com\/vincentians.com\/fr\/wp-content\/uploads\/sites\/10\/2016\/07\/ephemerides-fb.jpg?fit=1200%2C630&resize=700%2C400 2x, https:\/\/i0.wp.com\/vincentians.com\/fr\/wp-content\/uploads\/sites\/10\/2016\/07\/ephemerides-fb.jpg?fit=1200%2C630&resize=1050%2C600 3x"},"classes":[]},{"id":190182,"url":"http:\/\/vincentians.com\/fr\/ephemerides-22-septembre\/","url_meta":{"origin":103883,"position":5},"title":"Eph\u00e9m\u00e9rides : 22 septembre","author":"Francisco Javier Fern\u00e1ndez Chento","date":"22\/09\/2016","format":false,"excerpt":"1623. \u00c0 Paris, l\u2019archev\u00eaque Jean-Fran\u00e7ois de Gondi, donne \u00e0 Monsieur Vincent l\u2019autorisation d\u2019\u00e9tablir la Confr\u00e9rie de la Charit\u00e9 \u00e0 Clichy, dont il est devenu le cur\u00e9 onze ails auparavant. Apr\u00e8s un an de r\u00e9sidence effective, il a d\u00fb, \u00e0 son grand regret et sur les conseils de M. de B\u00e9rulle,\u2026","rel":"","context":"Dans &quot;\u00c9ph\u00e9m\u00e9rides vincentiens&quot;","block_context":{"text":"\u00c9ph\u00e9m\u00e9rides vincentiens","link":"http:\/\/vincentians.com\/fr\/category\/ephemerides-vincentiens\/"},"img":{"alt_text":"","src":"https:\/\/i0.wp.com\/vincentians.com\/fr\/wp-content\/uploads\/sites\/10\/2016\/07\/ephemerides-fb.jpg?fit=1200%2C630&resize=350%2C200","width":350,"height":200,"srcset":"https:\/\/i0.wp.com\/vincentians.com\/fr\/wp-content\/uploads\/sites\/10\/2016\/07\/ephemerides-fb.jpg?fit=1200%2C630&resize=350%2C200 1x, https:\/\/i0.wp.com\/vincentians.com\/fr\/wp-content\/uploads\/sites\/10\/2016\/07\/ephemerides-fb.jpg?fit=1200%2C630&resize=525%2C300 1.5x, https:\/\/i0.wp.com\/vincentians.com\/fr\/wp-content\/uploads\/sites\/10\/2016\/07\/ephemerides-fb.jpg?fit=1200%2C630&resize=700%2C400 2x, https:\/\/i0.wp.com\/vincentians.com\/fr\/wp-content\/uploads\/sites\/10\/2016\/07\/ephemerides-fb.jpg?fit=1200%2C630&resize=1050%2C600 3x"},"classes":[]}],"_links":{"self":[{"href":"http:\/\/vincentians.com\/fr\/wp-json\/wp\/v2\/posts\/103883","targetHints":{"allow":["GET"]}}],"collection":[{"href":"http:\/\/vincentians.com\/fr\/wp-json\/wp\/v2\/posts"}],"about":[{"href":"http:\/\/vincentians.com\/fr\/wp-json\/wp\/v2\/types\/post"}],"author":[{"embeddable":true,"href":"http:\/\/vincentians.com\/fr\/wp-json\/wp\/v2\/users\/4"}],"replies":[{"embeddable":true,"href":"http:\/\/vincentians.com\/fr\/wp-json\/wp\/v2\/comments?post=103883"}],"version-history":[{"count":0,"href":"http:\/\/vincentians.com\/fr\/wp-json\/wp\/v2\/posts\/103883\/revisions"}],"wp:featuredmedia":[{"embeddable":true,"href":"http:\/\/vincentians.com\/fr\/wp-json\/wp\/v2\/media\/149897"}],"wp:attachment":[{"href":"http:\/\/vincentians.com\/fr\/wp-json\/wp\/v2\/media?parent=103883"}],"wp:term":[{"taxonomy":"category","embeddable":true,"href":"http:\/\/vincentians.com\/fr\/wp-json\/wp\/v2\/categories?post=103883"},{"taxonomy":"post_tag","embeddable":true,"href":"http:\/\/vincentians.com\/fr\/wp-json\/wp\/v2\/tags?post=103883"}],"curies":[{"name":"wp","href":"https:\/\/api.w.org\/{rel}","templated":true}]}}